{"id":26432,"date":"2012-10-04T00:00:00","date_gmt":"2012-10-03T22:00:00","guid":{"rendered":"https:\/\/ayuntamiento.coriaenimagenes.com\/el-alcalde-y-el-consejero-de-fomento-firman-el-convenio-del-plan-especial\/"},"modified":"2024-02-28T13:23:21","modified_gmt":"2024-02-28T12:23:21","slug":"el-alcalde-y-el-consejero-de-fomento-firman-el-convenio-del-plan-especial","status":"publish","type":"post","link":"https:\/\/coria.org\/ayuntamiento\/index.php\/2012\/10\/04\/el-alcalde-y-el-consejero-de-fomento-firman-el-convenio-del-plan-especial\/","title":{"rendered":"El Alcalde y el Consejero de Fomento firman el convenio del Plan Especial"},"content":{"rendered":"\nAdem\u00e1s el Consejero ha adelantado que el tramo de la autov\u00eda EX-A1 El Bat\u00e1n &#8211; Coria se inaugurar\u00e1 el 23 de octubre\n\n\n<figure class=\"wp-block-post-featured-image\"><img loading=\"lazy\" decoding=\"async\" width=\"960\" height=\"540\" src=\"https:\/\/coria.org\/ayuntamiento\/wp-content\/uploads\/2012\/10\/8052948461_e27fc2ea62_o.jpg\" class=\"attachment-post-thumbnail size-post-thumbnail wp-post-image\" alt=\"\" style=\"object-fit:cover;\" srcset=\"https:\/\/coria.org\/ayuntamiento\/wp-content\/uploads\/2012\/10\/8052948461_e27fc2ea62_o.jpg 960w, https:\/\/coria.org\/ayuntamiento\/wp-content\/uploads\/2012\/10\/8052948461_e27fc2ea62_o-300x169.jpg 300w, https:\/\/coria.org\/ayuntamiento\/wp-content\/uploads\/2012\/10\/8052948461_e27fc2ea62_o-768x432.jpg 768w\" sizes=\"auto, (max-width: 960px) 100vw, 960px\" \/><\/figure>\n\n\n<p>Durante la ma\u00f1ana de hoy, en el Ayuntamiento de Coria, ha tenido lugar la rueda de prensa y firma del convenio del Plan Especial del Casco Hist\u00f3rico, entre el Consejero de Fomento, V\u00edctor del Moral, y el Alcalde de Coria, Jos\u00e9 Manuel Garc\u00eda Ballestero. <\/p>\n\n\n\n<p>Adem\u00e1s de ello, el Consejero ha adelantado que Coria estar\u00e1 comunicada por autov\u00eda con Madrid a partir del 23 de octubre., d\u00eda en el que el Presidente del Gobierno de Extremadura, Jos\u00e9 Antonio Monago Terraza, junto al alcalde de la ciudad, Jos\u00e9 Manuel Garc\u00eda Ballestero, inaugurar\u00e1n el tramo de la EX-A1 El Bat\u00e1n &#8211; Coria.<\/p>\n\n\n\n<p>Seg\u00fan ha explicado del Moral se proceder\u00e1 a la apertura del tramo completo a excepci\u00f3n de un kil\u00f3metro afectado por movimientos y deslizamientos de tierra que han impedido la continuaci\u00f3n de las obras. <\/p>\n\n\n\n<p>Ante esta noticias, el alcalde de la ciudad, Jos\u00e9 Manuel Garc\u00eda Ballestero, ha dicho que \u00abla medida va a influir positivamente en el desarrollo de la comarca lo que propiciar\u00e1 un aumento de visitantes a nuestra zona\u00bb. <\/p>\n\n\n\n<figure class=\"wp-block-image alignleft size-full is-resized\"><a href=\"https:\/\/youtu.be\/tlkw8MbFRCo\" target=\"_blank\" rel=\"noreferrer noopener\"><img loading=\"lazy\" decoding=\"async\" width=\"1024\" height=\"576\" src=\"https:\/\/coria.org\/ayuntamiento\/wp-content\/uploads\/2023\/04\/youplanespecial12.jpg\" alt=\"\" class=\"wp-image-51680\" style=\"width:512px;height:288px\" srcset=\"https:\/\/coria.org\/ayuntamiento\/wp-content\/uploads\/2023\/04\/youplanespecial12.jpg 1024w, https:\/\/coria.org\/ayuntamiento\/wp-content\/uploads\/2023\/04\/youplanespecial12-300x169.jpg 300w, https:\/\/coria.org\/ayuntamiento\/wp-content\/uploads\/2023\/04\/youplanespecial12-768x432.jpg 768w\" sizes=\"auto, (max-width: 1024px) 100vw, 1024px\" \/><\/a><\/figure>\n\n\n\n<p>Adem\u00e1s de esta buena noticia para la Ciudad de Coria, el Consejero de Fomento y el primer edil han firmado el convenio del Plan Especial del Casco Hist\u00f3rico.<\/p>\n\n\n\n<p>Este convenio cuenta con una asignaci\u00f3n econ\u00f3mica de 44.000 euros, que se invertir\u00e1n en dos partidas, una de 22.000 euros para este a\u00f1o 2012 y el resto en 2013. Con este acuerdo, los t\u00e9cnicos del Ayuntamiento y del \u00c1rea de Rehabilitaci\u00f3n Integral (ARI) podr\u00e1n elaborar el trabajo necesario y responder a las demandas de la sociedad, mientras que a su vez se conserva el patrimonio de la Ciudad Antigua. <\/p>\n\n\n\n<p>Con este acuerdo ya firmado, Garc\u00eda Ballestero ha afirmado que \u00abeste nuevo plan ayudar\u00e1 a la reactivaci\u00f3n de la econom\u00eda, adem\u00e1s de que se podr\u00e1n terminar las obras que est\u00e1n paralizadas, con lo cual se crear\u00e1 empleo en nuestra ciudad\u00bb.<\/p>\n","protected":false},"excerpt":{"rendered":"<p>Adem\u00e1s el Consejero ha adelantado que el tramo de la autov\u00eda EX-A1 El Bat\u00e1n &#8211; Coria se inaugurar\u00e1 el 23 de octubre Durante la ma\u00f1ana de hoy, en el Ayuntamiento de Coria, ha tenido lugar la rueda de prensa y firma del convenio del Plan Especial del Casco Hist\u00f3rico, entre el Consejero de Fomento, V\u00edctor [&hellip;]<\/p>\n","protected":false},"author":2,"featured_media":34477,"comment_status":"closed","ping_status":"closed","sticky":false,"template":"","format":"standard","meta":{"_uag_custom_page_level_css":"","footnotes":""},"categories":[2],"tags":[1487],"class_list":["post-26432","post","type-post","status-publish","format-standard","has-post-thumbnail","hentry","category-noticias","tag-plan-especial"],"yoast_head":"<!-- This site is optimized with the Yoast SEO plugin v27.4 - https:\/\/yoast.com\/product\/yoast-seo-wordpress\/ -->\n<title>El Alcalde y el Consejero de Fomento firman el convenio del Plan Especial - Ayuntamiento de Coria<\/title>\n<meta name=\"robots\" content=\"index, follow, max-snippet:-1, max-image-preview:large, max-video-preview:-1\" \/>\n<link rel=\"canonical\" href=\"https:\/\/coria.org\/ayuntamiento\/index.php\/2012\/10\/04\/el-alcalde-y-el-consejero-de-fomento-firman-el-convenio-del-plan-especial\/\" \/>\n<meta property=\"og:locale\" content=\"es_ES\" \/>\n<meta property=\"og:type\" content=\"article\" \/>\n<meta property=\"og:title\" content=\"El Alcalde y el Consejero de Fomento firman el convenio del Plan Especial - Ayuntamiento de Coria\" \/>\n<meta property=\"og:description\" content=\"Adem\u00e1s el Consejero ha adelantado que el tramo de la autov\u00eda EX-A1 El Bat\u00e1n &#8211; Coria se inaugurar\u00e1 el 23 de octubre Durante la ma\u00f1ana de hoy, en el Ayuntamiento de Coria, ha tenido lugar la rueda de prensa y firma del convenio del Plan Especial del Casco Hist\u00f3rico, entre el Consejero de Fomento, V\u00edctor [&hellip;]\" \/>\n<meta property=\"og:url\" content=\"https:\/\/coria.org\/ayuntamiento\/index.php\/2012\/10\/04\/el-alcalde-y-el-consejero-de-fomento-firman-el-convenio-del-plan-especial\/\" \/>\n<meta property=\"og:site_name\" content=\"Ayuntamiento de Coria\" \/>\n<meta property=\"article:publisher\" content=\"https:\/\/www.facebook.com\/Ayuntamiento.de.Coria\" \/>\n<meta property=\"article:published_time\" content=\"2012-10-03T22:00:00+00:00\" \/>\n<meta property=\"article:modified_time\" content=\"2024-02-28T12:23:21+00:00\" \/>\n<meta property=\"og:image\" content=\"https:\/\/coria.org\/ayuntamiento\/wp-content\/uploads\/2012\/10\/8052948461_e27fc2ea62_o.jpg\" \/>\n\t<meta property=\"og:image:width\" content=\"960\" \/>\n\t<meta property=\"og:image:height\" content=\"540\" \/>\n\t<meta property=\"og:image:type\" content=\"image\/jpeg\" \/>\n<meta name=\"author\" content=\"ayuntamiento\" \/>\n<meta name=\"twitter:card\" content=\"summary_large_image\" \/>\n<meta name=\"twitter:creator\" content=\"@Ayto_de_Coria\" \/>\n<meta name=\"twitter:site\" content=\"@Ayto_de_Coria\" \/>\n<meta name=\"twitter:label1\" content=\"Escrito por\" \/>\n\t<meta name=\"twitter:data1\" content=\"ayuntamiento\" \/>\n\t<meta name=\"twitter:label2\" content=\"Tiempo de lectura\" \/>\n\t<meta name=\"twitter:data2\" content=\"2 minutos\" \/>\n<script type=\"application\/ld+json\" class=\"yoast-schema-graph\">{\"@context\":\"https:\\\/\\\/schema.org\",\"@graph\":[{\"@type\":\"Article\",\"@id\":\"https:\\\/\\\/coria.org\\\/ayuntamiento\\\/index.php\\\/2012\\\/10\\\/04\\\/el-alcalde-y-el-consejero-de-fomento-firman-el-convenio-del-plan-especial\\\/#article\",\"isPartOf\":{\"@id\":\"https:\\\/\\\/coria.org\\\/ayuntamiento\\\/index.php\\\/2012\\\/10\\\/04\\\/el-alcalde-y-el-consejero-de-fomento-firman-el-convenio-del-plan-especial\\\/\"},\"author\":{\"name\":\"ayuntamiento\",\"@id\":\"https:\\\/\\\/coria.org\\\/ayuntamiento\\\/#\\\/schema\\\/person\\\/8bd589f0e13e8ae5aa06def7a599d622\"},\"headline\":\"El Alcalde y el Consejero de Fomento firman el convenio del Plan Especial\",\"datePublished\":\"2012-10-03T22:00:00+00:00\",\"dateModified\":\"2024-02-28T12:23:21+00:00\",\"mainEntityOfPage\":{\"@id\":\"https:\\\/\\\/coria.org\\\/ayuntamiento\\\/index.php\\\/2012\\\/10\\\/04\\\/el-alcalde-y-el-consejero-de-fomento-firman-el-convenio-del-plan-especial\\\/\"},\"wordCount\":368,\"publisher\":{\"@id\":\"https:\\\/\\\/coria.org\\\/ayuntamiento\\\/#organization\"},\"image\":{\"@id\":\"https:\\\/\\\/coria.org\\\/ayuntamiento\\\/index.php\\\/2012\\\/10\\\/04\\\/el-alcalde-y-el-consejero-de-fomento-firman-el-convenio-del-plan-especial\\\/#primaryimage\"},\"thumbnailUrl\":\"https:\\\/\\\/coria.org\\\/ayuntamiento\\\/wp-content\\\/uploads\\\/2012\\\/10\\\/8052948461_e27fc2ea62_o.jpg\",\"keywords\":[\"plan especial\"],\"articleSection\":[\"Noticias\"],\"inLanguage\":\"es\"},{\"@type\":\"WebPage\",\"@id\":\"https:\\\/\\\/coria.org\\\/ayuntamiento\\\/index.php\\\/2012\\\/10\\\/04\\\/el-alcalde-y-el-consejero-de-fomento-firman-el-convenio-del-plan-especial\\\/\",\"url\":\"https:\\\/\\\/coria.org\\\/ayuntamiento\\\/index.php\\\/2012\\\/10\\\/04\\\/el-alcalde-y-el-consejero-de-fomento-firman-el-convenio-del-plan-especial\\\/\",\"name\":\"El Alcalde y el Consejero de Fomento firman el convenio del Plan Especial - Ayuntamiento de Coria\",\"isPartOf\":{\"@id\":\"https:\\\/\\\/coria.org\\\/ayuntamiento\\\/#website\"},\"primaryImageOfPage\":{\"@id\":\"https:\\\/\\\/coria.org\\\/ayuntamiento\\\/index.php\\\/2012\\\/10\\\/04\\\/el-alcalde-y-el-consejero-de-fomento-firman-el-convenio-del-plan-especial\\\/#primaryimage\"},\"image\":{\"@id\":\"https:\\\/\\\/coria.org\\\/ayuntamiento\\\/index.php\\\/2012\\\/10\\\/04\\\/el-alcalde-y-el-consejero-de-fomento-firman-el-convenio-del-plan-especial\\\/#primaryimage\"},\"thumbnailUrl\":\"https:\\\/\\\/coria.org\\\/ayuntamiento\\\/wp-content\\\/uploads\\\/2012\\\/10\\\/8052948461_e27fc2ea62_o.jpg\",\"datePublished\":\"2012-10-03T22:00:00+00:00\",\"dateModified\":\"2024-02-28T12:23:21+00:00\",\"breadcrumb\":{\"@id\":\"https:\\\/\\\/coria.org\\\/ayuntamiento\\\/index.php\\\/2012\\\/10\\\/04\\\/el-alcalde-y-el-consejero-de-fomento-firman-el-convenio-del-plan-especial\\\/#breadcrumb\"},\"inLanguage\":\"es\",\"potentialAction\":[{\"@type\":\"ReadAction\",\"target\":[\"https:\\\/\\\/coria.org\\\/ayuntamiento\\\/index.php\\\/2012\\\/10\\\/04\\\/el-alcalde-y-el-consejero-de-fomento-firman-el-convenio-del-plan-especial\\\/\"]}]},{\"@type\":\"ImageObject\",\"inLanguage\":\"es\",\"@id\":\"https:\\\/\\\/coria.org\\\/ayuntamiento\\\/index.php\\\/2012\\\/10\\\/04\\\/el-alcalde-y-el-consejero-de-fomento-firman-el-convenio-del-plan-especial\\\/#primaryimage\",\"url\":\"https:\\\/\\\/coria.org\\\/ayuntamiento\\\/wp-content\\\/uploads\\\/2012\\\/10\\\/8052948461_e27fc2ea62_o.jpg\",\"contentUrl\":\"https:\\\/\\\/coria.org\\\/ayuntamiento\\\/wp-content\\\/uploads\\\/2012\\\/10\\\/8052948461_e27fc2ea62_o.jpg\",\"width\":960,\"height\":540},{\"@type\":\"BreadcrumbList\",\"@id\":\"https:\\\/\\\/coria.org\\\/ayuntamiento\\\/index.php\\\/2012\\\/10\\\/04\\\/el-alcalde-y-el-consejero-de-fomento-firman-el-convenio-del-plan-especial\\\/#breadcrumb\",\"itemListElement\":[{\"@type\":\"ListItem\",\"position\":1,\"name\":\"Inicio\",\"item\":\"https:\\\/\\\/coria.org\\\/ayuntamiento\\\/\"},{\"@type\":\"ListItem\",\"position\":2,\"name\":\"El Alcalde y el Consejero de Fomento firman el convenio del Plan Especial\"}]},{\"@type\":\"WebSite\",\"@id\":\"https:\\\/\\\/coria.org\\\/ayuntamiento\\\/#website\",\"url\":\"https:\\\/\\\/coria.org\\\/ayuntamiento\\\/\",\"name\":\"Ayuntamiento de Coria\",\"description\":\"Web oficial del Ayuntamiento de Coria\",\"publisher\":{\"@id\":\"https:\\\/\\\/coria.org\\\/ayuntamiento\\\/#organization\"},\"alternateName\":\"Web Oficial del Ayuntamiento de Coria\",\"potentialAction\":[{\"@type\":\"SearchAction\",\"target\":{\"@type\":\"EntryPoint\",\"urlTemplate\":\"https:\\\/\\\/coria.org\\\/ayuntamiento\\\/?s={search_term_string}\"},\"query-input\":{\"@type\":\"PropertyValueSpecification\",\"valueRequired\":true,\"valueName\":\"search_term_string\"}}],\"inLanguage\":\"es\"},{\"@type\":\"Organization\",\"@id\":\"https:\\\/\\\/coria.org\\\/ayuntamiento\\\/#organization\",\"name\":\"Ayuntamiento de Coria\",\"alternateName\":\"Ayto de Coria\",\"url\":\"https:\\\/\\\/coria.org\\\/ayuntamiento\\\/\",\"logo\":{\"@type\":\"ImageObject\",\"inLanguage\":\"es\",\"@id\":\"https:\\\/\\\/coria.org\\\/ayuntamiento\\\/#\\\/schema\\\/logo\\\/image\\\/\",\"url\":\"https:\\\/\\\/coria.org\\\/ayuntamiento\\\/wp-content\\\/uploads\\\/2020\\\/12\\\/escudo-ayuntamiento-coria.png\",\"contentUrl\":\"https:\\\/\\\/coria.org\\\/ayuntamiento\\\/wp-content\\\/uploads\\\/2020\\\/12\\\/escudo-ayuntamiento-coria.png\",\"width\":511,\"height\":240,\"caption\":\"Ayuntamiento de Coria\"},\"image\":{\"@id\":\"https:\\\/\\\/coria.org\\\/ayuntamiento\\\/#\\\/schema\\\/logo\\\/image\\\/\"},\"sameAs\":[\"https:\\\/\\\/www.facebook.com\\\/Ayuntamiento.de.Coria\",\"https:\\\/\\\/x.com\\\/Ayto_de_Coria\",\"https:\\\/\\\/www.instagram.com\\\/coria.ayuntamiento\\\/\",\"https:\\\/\\\/www.youtube.com\\\/user\\\/AYUNTAMIENTOCORIA\"]},{\"@type\":\"Person\",\"@id\":\"https:\\\/\\\/coria.org\\\/ayuntamiento\\\/#\\\/schema\\\/person\\\/8bd589f0e13e8ae5aa06def7a599d622\",\"name\":\"ayuntamiento\",\"image\":{\"@type\":\"ImageObject\",\"inLanguage\":\"es\",\"@id\":\"https:\\\/\\\/secure.gravatar.com\\\/avatar\\\/966e5ed73cad334adda5c87f49f2547f7082f7292c1b627cbb548744383b391c?s=96&d=mm&r=g\",\"url\":\"https:\\\/\\\/secure.gravatar.com\\\/avatar\\\/966e5ed73cad334adda5c87f49f2547f7082f7292c1b627cbb548744383b391c?s=96&d=mm&r=g\",\"contentUrl\":\"https:\\\/\\\/secure.gravatar.com\\\/avatar\\\/966e5ed73cad334adda5c87f49f2547f7082f7292c1b627cbb548744383b391c?s=96&d=mm&r=g\",\"caption\":\"ayuntamiento\"}}]}<\/script>\n<!-- \/ Yoast SEO plugin. -->","yoast_head_json":{"title":"El Alcalde y el Consejero de Fomento firman el convenio del Plan Especial - Ayuntamiento de Coria","robots":{"index":"index","follow":"follow","max-snippet":"max-snippet:-1","max-image-preview":"max-image-preview:large","max-video-preview":"max-video-preview:-1"},"canonical":"https:\/\/coria.org\/ayuntamiento\/index.php\/2012\/10\/04\/el-alcalde-y-el-consejero-de-fomento-firman-el-convenio-del-plan-especial\/","og_locale":"es_ES","og_type":"article","og_title":"El Alcalde y el Consejero de Fomento firman el convenio del Plan Especial - Ayuntamiento de Coria","og_description":"Adem\u00e1s el Consejero ha adelantado que el tramo de la autov\u00eda EX-A1 El Bat\u00e1n &#8211; Coria se inaugurar\u00e1 el 23 de octubre Durante la ma\u00f1ana de hoy, en el Ayuntamiento de Coria, ha tenido lugar la rueda de prensa y firma del convenio del Plan Especial del Casco Hist\u00f3rico, entre el Consejero de Fomento, V\u00edctor [&hellip;]","og_url":"https:\/\/coria.org\/ayuntamiento\/index.php\/2012\/10\/04\/el-alcalde-y-el-consejero-de-fomento-firman-el-convenio-del-plan-especial\/","og_site_name":"Ayuntamiento de Coria","article_publisher":"https:\/\/www.facebook.com\/Ayuntamiento.de.Coria","article_published_time":"2012-10-03T22:00:00+00:00","article_modified_time":"2024-02-28T12:23:21+00:00","og_image":[{"width":960,"height":540,"url":"https:\/\/coria.org\/ayuntamiento\/wp-content\/uploads\/2012\/10\/8052948461_e27fc2ea62_o.jpg","type":"image\/jpeg"}],"author":"ayuntamiento","twitter_card":"summary_large_image","twitter_creator":"@Ayto_de_Coria","twitter_site":"@Ayto_de_Coria","twitter_misc":{"Escrito por":"ayuntamiento","Tiempo de lectura":"2 minutos"},"schema":{"@context":"https:\/\/schema.org","@graph":[{"@type":"Article","@id":"https:\/\/coria.org\/ayuntamiento\/index.php\/2012\/10\/04\/el-alcalde-y-el-consejero-de-fomento-firman-el-convenio-del-plan-especial\/#article","isPartOf":{"@id":"https:\/\/coria.org\/ayuntamiento\/index.php\/2012\/10\/04\/el-alcalde-y-el-consejero-de-fomento-firman-el-convenio-del-plan-especial\/"},"author":{"name":"ayuntamiento","@id":"https:\/\/coria.org\/ayuntamiento\/#\/schema\/person\/8bd589f0e13e8ae5aa06def7a599d622"},"headline":"El Alcalde y el Consejero de Fomento firman el convenio del Plan Especial","datePublished":"2012-10-03T22:00:00+00:00","dateModified":"2024-02-28T12:23:21+00:00","mainEntityOfPage":{"@id":"https:\/\/coria.org\/ayuntamiento\/index.php\/2012\/10\/04\/el-alcalde-y-el-consejero-de-fomento-firman-el-convenio-del-plan-especial\/"},"wordCount":368,"publisher":{"@id":"https:\/\/coria.org\/ayuntamiento\/#organization"},"image":{"@id":"https:\/\/coria.org\/ayuntamiento\/index.php\/2012\/10\/04\/el-alcalde-y-el-consejero-de-fomento-firman-el-convenio-del-plan-especial\/#primaryimage"},"thumbnailUrl":"https:\/\/coria.org\/ayuntamiento\/wp-content\/uploads\/2012\/10\/8052948461_e27fc2ea62_o.jpg","keywords":["plan especial"],"articleSection":["Noticias"],"inLanguage":"es"},{"@type":"WebPage","@id":"https:\/\/coria.org\/ayuntamiento\/index.php\/2012\/10\/04\/el-alcalde-y-el-consejero-de-fomento-firman-el-convenio-del-plan-especial\/","url":"https:\/\/coria.org\/ayuntamiento\/index.php\/2012\/10\/04\/el-alcalde-y-el-consejero-de-fomento-firman-el-convenio-del-plan-especial\/","name":"El Alcalde y el Consejero de Fomento firman el convenio del Plan Especial - Ayuntamiento de Coria","isPartOf":{"@id":"https:\/\/coria.org\/ayuntamiento\/#website"},"primaryImageOfPage":{"@id":"https:\/\/coria.org\/ayuntamiento\/index.php\/2012\/10\/04\/el-alcalde-y-el-consejero-de-fomento-firman-el-convenio-del-plan-especial\/#primaryimage"},"image":{"@id":"https:\/\/coria.org\/ayuntamiento\/index.php\/2012\/10\/04\/el-alcalde-y-el-consejero-de-fomento-firman-el-convenio-del-plan-especial\/#primaryimage"},"thumbnailUrl":"https:\/\/coria.org\/ayuntamiento\/wp-content\/uploads\/2012\/10\/8052948461_e27fc2ea62_o.jpg","datePublished":"2012-10-03T22:00:00+00:00","dateModified":"2024-02-28T12:23:21+00:00","breadcrumb":{"@id":"https:\/\/coria.org\/ayuntamiento\/index.php\/2012\/10\/04\/el-alcalde-y-el-consejero-de-fomento-firman-el-convenio-del-plan-especial\/#breadcrumb"},"inLanguage":"es","potentialAction":[{"@type":"ReadAction","target":["https:\/\/coria.org\/ayuntamiento\/index.php\/2012\/10\/04\/el-alcalde-y-el-consejero-de-fomento-firman-el-convenio-del-plan-especial\/"]}]},{"@type":"ImageObject","inLanguage":"es","@id":"https:\/\/coria.org\/ayuntamiento\/index.php\/2012\/10\/04\/el-alcalde-y-el-consejero-de-fomento-firman-el-convenio-del-plan-especial\/#primaryimage","url":"https:\/\/coria.org\/ayuntamiento\/wp-content\/uploads\/2012\/10\/8052948461_e27fc2ea62_o.jpg","contentUrl":"https:\/\/coria.org\/ayuntamiento\/wp-content\/uploads\/2012\/10\/8052948461_e27fc2ea62_o.jpg","width":960,"height":540},{"@type":"BreadcrumbList","@id":"https:\/\/coria.org\/ayuntamiento\/index.php\/2012\/10\/04\/el-alcalde-y-el-consejero-de-fomento-firman-el-convenio-del-plan-especial\/#breadcrumb","itemListElement":[{"@type":"ListItem","position":1,"name":"Inicio","item":"https:\/\/coria.org\/ayuntamiento\/"},{"@type":"ListItem","position":2,"name":"El Alcalde y el Consejero de Fomento firman el convenio del Plan Especial"}]},{"@type":"WebSite","@id":"https:\/\/coria.org\/ayuntamiento\/#website","url":"https:\/\/coria.org\/ayuntamiento\/","name":"Ayuntamiento de Coria","description":"Web oficial del Ayuntamiento de Coria","publisher":{"@id":"https:\/\/coria.org\/ayuntamiento\/#organization"},"alternateName":"Web Oficial del Ayuntamiento de Coria","potentialAction":[{"@type":"SearchAction","target":{"@type":"EntryPoint","urlTemplate":"https:\/\/coria.org\/ayuntamiento\/?s={search_term_string}"},"query-input":{"@type":"PropertyValueSpecification","valueRequired":true,"valueName":"search_term_string"}}],"inLanguage":"es"},{"@type":"Organization","@id":"https:\/\/coria.org\/ayuntamiento\/#organization","name":"Ayuntamiento de Coria","alternateName":"Ayto de Coria","url":"https:\/\/coria.org\/ayuntamiento\/","logo":{"@type":"ImageObject","inLanguage":"es","@id":"https:\/\/coria.org\/ayuntamiento\/#\/schema\/logo\/image\/","url":"https:\/\/coria.org\/ayuntamiento\/wp-content\/uploads\/2020\/12\/escudo-ayuntamiento-coria.png","contentUrl":"https:\/\/coria.org\/ayuntamiento\/wp-content\/uploads\/2020\/12\/escudo-ayuntamiento-coria.png","width":511,"height":240,"caption":"Ayuntamiento de Coria"},"image":{"@id":"https:\/\/coria.org\/ayuntamiento\/#\/schema\/logo\/image\/"},"sameAs":["https:\/\/www.facebook.com\/Ayuntamiento.de.Coria","https:\/\/x.com\/Ayto_de_Coria","https:\/\/www.instagram.com\/coria.ayuntamiento\/","https:\/\/www.youtube.com\/user\/AYUNTAMIENTOCORIA"]},{"@type":"Person","@id":"https:\/\/coria.org\/ayuntamiento\/#\/schema\/person\/8bd589f0e13e8ae5aa06def7a599d622","name":"ayuntamiento","image":{"@type":"ImageObject","inLanguage":"es","@id":"https:\/\/secure.gravatar.com\/avatar\/966e5ed73cad334adda5c87f49f2547f7082f7292c1b627cbb548744383b391c?s=96&d=mm&r=g","url":"https:\/\/secure.gravatar.com\/avatar\/966e5ed73cad334adda5c87f49f2547f7082f7292c1b627cbb548744383b391c?s=96&d=mm&r=g","contentUrl":"https:\/\/secure.gravatar.com\/avatar\/966e5ed73cad334adda5c87f49f2547f7082f7292c1b627cbb548744383b391c?s=96&d=mm&r=g","caption":"ayuntamiento"}}]}},"uagb_featured_image_src":{"full":["https:\/\/coria.org\/ayuntamiento\/wp-content\/uploads\/2012\/10\/8052948461_e27fc2ea62_o.jpg",960,540,false],"thumbnail":["https:\/\/coria.org\/ayuntamiento\/wp-content\/uploads\/2012\/10\/8052948461_e27fc2ea62_o-150x150.jpg",150,150,true],"medium":["https:\/\/coria.org\/ayuntamiento\/wp-content\/uploads\/2012\/10\/8052948461_e27fc2ea62_o-300x169.jpg",300,169,true],"medium_large":["https:\/\/coria.org\/ayuntamiento\/wp-content\/uploads\/2012\/10\/8052948461_e27fc2ea62_o-768x432.jpg",768,432,true],"large":["https:\/\/coria.org\/ayuntamiento\/wp-content\/uploads\/2012\/10\/8052948461_e27fc2ea62_o.jpg",960,540,false],"thumblist":["https:\/\/coria.org\/ayuntamiento\/wp-content\/uploads\/2012\/10\/8052948461_e27fc2ea62_o.jpg",300,169,false],"thumbrelated":["https:\/\/coria.org\/ayuntamiento\/wp-content\/uploads\/2012\/10\/8052948461_e27fc2ea62_o.jpg",500,281,false],"meccarouselthumb":["https:\/\/coria.org\/ayuntamiento\/wp-content\/uploads\/2012\/10\/8052948461_e27fc2ea62_o.jpg",474,267,false],"gridsquare":["https:\/\/coria.org\/ayuntamiento\/wp-content\/uploads\/2012\/10\/8052948461_e27fc2ea62_o.jpg",391,220,false],"tileview":["https:\/\/coria.org\/ayuntamiento\/wp-content\/uploads\/2012\/10\/8052948461_e27fc2ea62_o.jpg",300,169,false],"1536x1536":["https:\/\/coria.org\/ayuntamiento\/wp-content\/uploads\/2012\/10\/8052948461_e27fc2ea62_o.jpg",960,540,false],"2048x2048":["https:\/\/coria.org\/ayuntamiento\/wp-content\/uploads\/2012\/10\/8052948461_e27fc2ea62_o.jpg",960,540,false]},"uagb_author_info":{"display_name":"ayuntamiento","author_link":"https:\/\/coria.org\/ayuntamiento\/index.php\/author\/ayuntamiento\/"},"uagb_comment_info":0,"uagb_excerpt":"Adem\u00e1s el Consejero ha adelantado que el tramo de la autov\u00eda EX-A1 El Bat\u00e1n &#8211; Coria se inaugurar\u00e1 el 23 de octubre Durante la ma\u00f1ana de hoy, en el Ayuntamiento de Coria, ha tenido lugar la rueda de prensa y firma del convenio del Plan Especial del Casco Hist\u00f3rico, entre el Consejero de Fomento, V\u00edctor&hellip;","_links":{"self":[{"href":"https:\/\/coria.org\/ayuntamiento\/index.php\/wp-json\/wp\/v2\/posts\/26432","targetHints":{"allow":["GET"]}}],"collection":[{"href":"https:\/\/coria.org\/ayuntamiento\/index.php\/wp-json\/wp\/v2\/posts"}],"about":[{"href":"https:\/\/coria.org\/ayuntamiento\/index.php\/wp-json\/wp\/v2\/types\/post"}],"author":[{"embeddable":true,"href":"https:\/\/coria.org\/ayuntamiento\/index.php\/wp-json\/wp\/v2\/users\/2"}],"replies":[{"embeddable":true,"href":"https:\/\/coria.org\/ayuntamiento\/index.php\/wp-json\/wp\/v2\/comments?post=26432"}],"version-history":[{"count":0,"href":"https:\/\/coria.org\/ayuntamiento\/index.php\/wp-json\/wp\/v2\/posts\/26432\/revisions"}],"wp:featuredmedia":[{"embeddable":true,"href":"https:\/\/coria.org\/ayuntamiento\/index.php\/wp-json\/wp\/v2\/media\/34477"}],"wp:attachment":[{"href":"https:\/\/coria.org\/ayuntamiento\/index.php\/wp-json\/wp\/v2\/media?parent=26432"}],"wp:term":[{"taxonomy":"category","embeddable":true,"href":"https:\/\/coria.org\/ayuntamiento\/index.php\/wp-json\/wp\/v2\/categories?post=26432"},{"taxonomy":"post_tag","embeddable":true,"href":"https:\/\/coria.org\/ayuntamiento\/index.php\/wp-json\/wp\/v2\/tags?post=26432"}],"curies":[{"name":"wp","href":"https:\/\/api.w.org\/{rel}","templated":true}]}}