{"id":26412,"date":"2012-11-06T00:00:00","date_gmt":"2012-11-05T23:00:00","guid":{"rendered":"https:\/\/ayuntamiento.coriaenimagenes.com\/carrera-de-relevos-peregrinacion-por-parte-del-cefot-de-caceres-hasta-coria\/"},"modified":"2023-09-18T12:43:25","modified_gmt":"2023-09-18T10:43:25","slug":"carrera-de-relevos-peregrinacion-por-parte-del-cefot-de-caceres-hasta-coria","status":"publish","type":"post","link":"https:\/\/coria.org\/ayuntamiento\/index.php\/2012\/11\/06\/carrera-de-relevos-peregrinacion-por-parte-del-cefot-de-caceres-hasta-coria\/","title":{"rendered":"Carrera de relevos &#8211; peregrinaci\u00f3n por parte del CEFOT de C\u00e1ceres hasta Coria"},"content":{"rendered":"\n<p><b>El Alcalde de Coria muestra su apoyo incondicional al CEFOT de C\u00e1ceres por la gran labor, trayectoria y tradici\u00f3n que tiene C\u00e1ceres capital y en toda la provincial<\/b><\/p>\n\n<figure class=\"wp-block-post-featured-image\"><img loading=\"lazy\" decoding=\"async\" width=\"720\" height=\"540\" src=\"https:\/\/coria.org\/ayuntamiento\/wp-content\/uploads\/2012\/11\/8160337634_3106328581_o.jpg\" class=\"attachment-post-thumbnail size-post-thumbnail wp-post-image\" alt=\"\" style=\"object-fit:cover;\" srcset=\"https:\/\/coria.org\/ayuntamiento\/wp-content\/uploads\/2012\/11\/8160337634_3106328581_o.jpg 720w, https:\/\/coria.org\/ayuntamiento\/wp-content\/uploads\/2012\/11\/8160337634_3106328581_o-300x225.jpg 300w\" sizes=\"auto, (max-width: 720px) 100vw, 720px\" \/><\/figure>\n\n<p><span style=\"font-family: verdana,arial,helvetica,sans-serif; font-size: small;\">Durante la ma\u00f1ana de hoy, en el Ayuntamiento de Coria, ha tenido lugar la rueda de prensa para presentar el programa de actos a celebrar el d\u00eda 8 de noviembre en Coria por parte del CEFOT de C\u00e1ceres. <\/span><\/p>\n\n\n<p><span style=\"font-family: verdana,arial,helvetica,sans-serif; font-size: small;\">En la rueda de prensa estuvieron presentes el Alcalde de la Ciudad, Jos\u00e9 Manuel Garc\u00eda Ballestero, el Coronel Jefe del CEFOT de C\u00e1ceres, Enrique Mart\u00edn Bernardi, el Teniente Coronel Segundo Jefe del CEFOT, Agust\u00edn Margallo Mora\u00f1o, el Suboficial Mayor del CEFOT y el Jefe de Estudios.<\/span><\/p>\n\n\n<p><span style=\"font-family: verdana,arial,helvetica,sans-serif; font-size: small;\">El acto, como ha explicado Garc\u00eda Ballestero, consistir\u00e1 en una carrera de relevos &#8211; peregrinaci\u00f3n por parte del CEFOT de C\u00e1ceres, con motivo del A\u00f1o Jubilar de Coria y \u00abdel apoyo del Ayuntamiento de Coria, de la ciudad de <br \/>Coria y de su Alcalde al CEFOT de C\u00e1ceres, un apoyo incondicional por la gran trayectoria, la gran labor y sobre todo por la tradici\u00f3n que tiene el CEFOT en C\u00e1ceres capital y en toda la provincia\u00bb. <\/span><\/p>\n\n\n<p><span style=\"font-family: verdana,arial,helvetica,sans-serif; font-size: small;\">Los actos se desarrollar\u00e1n el jueves d\u00eda 8, comenzando la carrera desde el CEFOT a las 07.00 horas de la ma\u00f1ana, llegando a la ciudad de Coria, aproximadamente, a las 14.30 horas. Pasar\u00e1 por Portezuelo y Torrejoncillo hasta llegar a Coria. A la llegada a Coria, en el puente de Hierro se unir\u00e1n al \u00faltimo relevo un grupo de ni\u00f1os de los diversos colegios de la localidad acompa\u00f1\u00e1ndolos hasta la plaza de la Catedral, donde ser\u00e1n recibidos por el Coronel del CEFOT y el resto de Mandos. <\/span><\/p>\n\n\n<p><span style=\"font-family: verdana,arial,helvetica,sans-serif; font-size: small;\">A las 18.00 horas habr\u00e1 una misa en la Catedral de Coria, oficiada por Monse\u00f1or D. Francisco Cerro Chaves, Obispo de la Di\u00f3cesis y al t\u00e9rmino de \u00e9sta, sobre las 19.15 horas comenzar\u00e1 el acto de Arriada de Bandera y homenaje a los que dieron su vida por Espa\u00f1a, en la plaza de la Catedral, quedando invitado todo el p\u00fablico que desee asistir. <\/span><\/p>\n\n\n<p><span style=\"font-family: verdana,arial,helvetica,sans-serif; font-size: small;\">Para finalizar la jornada, se celebrar\u00e1 una cena (tipo rancho militar) en las instalaciones del Pabell\u00f3n Polideportivo Municipal.<\/span><\/p>\n\n\n<p><span style=\"font-family: verdana,arial,helvetica,sans-serif; font-size: small;\">El Alcalde de Coria, Jos\u00e9 Manuel Garc\u00eda Ballestero, ha querido expresar su satisfacci\u00f3n como alcalde de que este colectivo se encuentre con nosotros en Coria, \u00ablos recibimos con las puertas abiertas ya que estamos muy contentos de que pasen esta jornada en nuestra ciudad\u00bb. Desde aqu\u00ed tambi\u00e9n ha querido pedirle a todos los habitantes de Coria y de la comarca a que asistan y participen en estos actos. Para finalizar \u00abquiero expresar una vez m\u00e1s el apoyo de esta ciudad, del Alcalde y del Equipo de Gobierno, al CEFOT de C\u00e1ceres, para que siga abierto y funcionando y sigan desarrollando el trabajo tan profesional como han hecho siempre\u00bb.<\/span><\/p>\n\n\n<p><span style=\"font-family: verdana,arial,helvetica,sans-serif; font-size: small;\">Por su parte el Coronel Jefe del CEFOT, Enrique Mart\u00edn Bernardi, ha destacado que esta actividad est\u00e1 enmarcada dentro de XX edici\u00f3n del Aula Militar de Cultura, que consta de una serie de actividades de nivel cultural que se realiza desde el a\u00f1o 91cuando el CEFOT era CIRCENTRO. Los fines del aula son, entre otros, contribuir al conocimiento y divulgaci\u00f3n de la cultura de Defensa, entendida como una disposici\u00f3n de comprender la importancia de la defensa, que es tarea de todos, pero que especialmente se conf\u00eda a las Fuerzas Armadas; estudiar y dar a conocer la importancia hist\u00f3rica de Extremadura como puente hist\u00f3rico entre Europa y Am\u00e9rica y los hechos que pongan de manifiesto una vinculaci\u00f3n de Extremadura con la historia de Espa\u00f1a, \u00aby Coria, por supuesto tiene mucha historia, y conmemorar determinadas efem\u00e9rides tanto civiles como militares\u00bb. Para ello se desarrollaran una serie de actividades como conferencias, exposiciones, conciertos de m\u00fasica en C\u00e1ceres.<\/span><\/p>\n\n\n<p><span style=\"font-family: verdana,arial,helvetica,sans-serif; font-size: small;\">Esta marcha que va a tener lugar en Coria, se ha podido celebrar \u00abgracias al apoyo de la Di\u00f3cesis y sobre todo al apoyo del Ayuntamiento de Coria\u00bb.<\/span><\/p>\n\n\n<p><span style=\"font-family: verdana,arial,helvetica,sans-serif; font-size: small;\">Los detalles de la carrera fueron especificados por el Coronel que explic\u00f3 que la carrera constar\u00e1 de 75 km, entre la N 630 t la EX 109, siendo en total 15 patrullas que recorrer\u00e1n una media de 5 km cada una con una relevaci\u00f3n de continuidad, contando con el apoyo de la Guardia Civil de Tr\u00e1fico y los propios medios del CEFOT. En total correr\u00e1n unos 105 militares, aunque teniendo en cuenta el personal que organiza y controla la prueba y el personal log\u00edstico, el total de personas que participan en este acto asciende a 150 personas entre hombres y mujeres del CEFOT. <\/span><\/p>\n\n\n<p><span style=\"font-family: verdana,arial,helvetica,sans-serif; font-size: small;\">Por \u00faltimo, el Coronel ha querido \u00abagradecer al Alcalde de Coria por todo el apoyo que nos ha prestado en todo momento\u00bb.<\/span><\/p>\n","protected":false},"excerpt":{"rendered":"<p>El Alcalde de Coria muestra su apoyo incondicional al CEFOT de C\u00e1ceres por la gran labor, trayectoria y tradici\u00f3n que tiene C\u00e1ceres capital y en toda la provincial Durante la ma\u00f1ana de hoy, en el Ayuntamiento de Coria, ha tenido lugar la rueda de prensa para presentar el programa de actos a celebrar el d\u00eda [&hellip;]<\/p>\n","protected":false},"author":2,"featured_media":34461,"comment_status":"closed","ping_status":"closed","sticky":false,"template":"","format":"standard","meta":{"_uag_custom_page_level_css":"","footnotes":""},"categories":[2],"tags":[255,1448],"class_list":["post-26412","post","type-post","status-publish","format-standard","has-post-thumbnail","hentry","category-noticias","tag-carrera","tag-cefot"],"yoast_head":"<!-- This site is optimized with the Yoast SEO plugin v27.4 - https:\/\/yoast.com\/product\/yoast-seo-wordpress\/ -->\n<title>Carrera de relevos - peregrinaci\u00f3n por parte del CEFOT de C\u00e1ceres hasta Coria - Ayuntamiento de Coria<\/title>\n<meta name=\"robots\" content=\"index, follow, max-snippet:-1, max-image-preview:large, max-video-preview:-1\" \/>\n<link rel=\"canonical\" href=\"https:\/\/coria.org\/ayuntamiento\/index.php\/2012\/11\/06\/carrera-de-relevos-peregrinacion-por-parte-del-cefot-de-caceres-hasta-coria\/\" \/>\n<meta property=\"og:locale\" content=\"es_ES\" \/>\n<meta property=\"og:type\" content=\"article\" \/>\n<meta property=\"og:title\" content=\"Carrera de relevos - peregrinaci\u00f3n por parte del CEFOT de C\u00e1ceres hasta Coria - Ayuntamiento de Coria\" \/>\n<meta property=\"og:description\" content=\"El Alcalde de Coria muestra su apoyo incondicional al CEFOT de C\u00e1ceres por la gran labor, trayectoria y tradici\u00f3n que tiene C\u00e1ceres capital y en toda la provincial Durante la ma\u00f1ana de hoy, en el Ayuntamiento de Coria, ha tenido lugar la rueda de prensa para presentar el programa de actos a celebrar el d\u00eda [&hellip;]\" \/>\n<meta property=\"og:url\" content=\"https:\/\/coria.org\/ayuntamiento\/index.php\/2012\/11\/06\/carrera-de-relevos-peregrinacion-por-parte-del-cefot-de-caceres-hasta-coria\/\" \/>\n<meta property=\"og:site_name\" content=\"Ayuntamiento de Coria\" \/>\n<meta property=\"article:publisher\" content=\"https:\/\/www.facebook.com\/Ayuntamiento.de.Coria\" \/>\n<meta property=\"article:published_time\" content=\"2012-11-05T23:00:00+00:00\" \/>\n<meta property=\"article:modified_time\" content=\"2023-09-18T10:43:25+00:00\" \/>\n<meta property=\"og:image\" content=\"https:\/\/coria.org\/ayuntamiento\/wp-content\/uploads\/2012\/11\/8160337634_3106328581_o.jpg\" \/>\n\t<meta property=\"og:image:width\" content=\"720\" \/>\n\t<meta property=\"og:image:height\" content=\"540\" \/>\n\t<meta property=\"og:image:type\" content=\"image\/jpeg\" \/>\n<meta name=\"author\" content=\"ayuntamiento\" \/>\n<meta name=\"twitter:card\" content=\"summary_large_image\" \/>\n<meta name=\"twitter:creator\" content=\"@Ayto_de_Coria\" \/>\n<meta name=\"twitter:site\" content=\"@Ayto_de_Coria\" \/>\n<meta name=\"twitter:label1\" content=\"Escrito por\" \/>\n\t<meta name=\"twitter:data1\" content=\"ayuntamiento\" \/>\n\t<meta name=\"twitter:label2\" content=\"Tiempo de lectura\" \/>\n\t<meta name=\"twitter:data2\" content=\"4 minutos\" \/>\n<script type=\"application\/ld+json\" class=\"yoast-schema-graph\">{\"@context\":\"https:\\\/\\\/schema.org\",\"@graph\":[{\"@type\":\"Article\",\"@id\":\"https:\\\/\\\/coria.org\\\/ayuntamiento\\\/index.php\\\/2012\\\/11\\\/06\\\/carrera-de-relevos-peregrinacion-por-parte-del-cefot-de-caceres-hasta-coria\\\/#article\",\"isPartOf\":{\"@id\":\"https:\\\/\\\/coria.org\\\/ayuntamiento\\\/index.php\\\/2012\\\/11\\\/06\\\/carrera-de-relevos-peregrinacion-por-parte-del-cefot-de-caceres-hasta-coria\\\/\"},\"author\":{\"name\":\"ayuntamiento\",\"@id\":\"https:\\\/\\\/coria.org\\\/ayuntamiento\\\/#\\\/schema\\\/person\\\/8bd589f0e13e8ae5aa06def7a599d622\"},\"headline\":\"Carrera de relevos &#8211; peregrinaci\u00f3n por parte del CEFOT de C\u00e1ceres hasta Coria\",\"datePublished\":\"2012-11-05T23:00:00+00:00\",\"dateModified\":\"2023-09-18T10:43:25+00:00\",\"mainEntityOfPage\":{\"@id\":\"https:\\\/\\\/coria.org\\\/ayuntamiento\\\/index.php\\\/2012\\\/11\\\/06\\\/carrera-de-relevos-peregrinacion-por-parte-del-cefot-de-caceres-hasta-coria\\\/\"},\"wordCount\":829,\"publisher\":{\"@id\":\"https:\\\/\\\/coria.org\\\/ayuntamiento\\\/#organization\"},\"image\":{\"@id\":\"https:\\\/\\\/coria.org\\\/ayuntamiento\\\/index.php\\\/2012\\\/11\\\/06\\\/carrera-de-relevos-peregrinacion-por-parte-del-cefot-de-caceres-hasta-coria\\\/#primaryimage\"},\"thumbnailUrl\":\"https:\\\/\\\/coria.org\\\/ayuntamiento\\\/wp-content\\\/uploads\\\/2012\\\/11\\\/8160337634_3106328581_o.jpg\",\"keywords\":[\"carrera\",\"cefot\"],\"articleSection\":[\"Noticias\"],\"inLanguage\":\"es\"},{\"@type\":\"WebPage\",\"@id\":\"https:\\\/\\\/coria.org\\\/ayuntamiento\\\/index.php\\\/2012\\\/11\\\/06\\\/carrera-de-relevos-peregrinacion-por-parte-del-cefot-de-caceres-hasta-coria\\\/\",\"url\":\"https:\\\/\\\/coria.org\\\/ayuntamiento\\\/index.php\\\/2012\\\/11\\\/06\\\/carrera-de-relevos-peregrinacion-por-parte-del-cefot-de-caceres-hasta-coria\\\/\",\"name\":\"Carrera de relevos - peregrinaci\u00f3n por parte del CEFOT de C\u00e1ceres hasta Coria - Ayuntamiento de Coria\",\"isPartOf\":{\"@id\":\"https:\\\/\\\/coria.org\\\/ayuntamiento\\\/#website\"},\"primaryImageOfPage\":{\"@id\":\"https:\\\/\\\/coria.org\\\/ayuntamiento\\\/index.php\\\/2012\\\/11\\\/06\\\/carrera-de-relevos-peregrinacion-por-parte-del-cefot-de-caceres-hasta-coria\\\/#primaryimage\"},\"image\":{\"@id\":\"https:\\\/\\\/coria.org\\\/ayuntamiento\\\/index.php\\\/2012\\\/11\\\/06\\\/carrera-de-relevos-peregrinacion-por-parte-del-cefot-de-caceres-hasta-coria\\\/#primaryimage\"},\"thumbnailUrl\":\"https:\\\/\\\/coria.org\\\/ayuntamiento\\\/wp-content\\\/uploads\\\/2012\\\/11\\\/8160337634_3106328581_o.jpg\",\"datePublished\":\"2012-11-05T23:00:00+00:00\",\"dateModified\":\"2023-09-18T10:43:25+00:00\",\"breadcrumb\":{\"@id\":\"https:\\\/\\\/coria.org\\\/ayuntamiento\\\/index.php\\\/2012\\\/11\\\/06\\\/carrera-de-relevos-peregrinacion-por-parte-del-cefot-de-caceres-hasta-coria\\\/#breadcrumb\"},\"inLanguage\":\"es\",\"potentialAction\":[{\"@type\":\"ReadAction\",\"target\":[\"https:\\\/\\\/coria.org\\\/ayuntamiento\\\/index.php\\\/2012\\\/11\\\/06\\\/carrera-de-relevos-peregrinacion-por-parte-del-cefot-de-caceres-hasta-coria\\\/\"]}]},{\"@type\":\"ImageObject\",\"inLanguage\":\"es\",\"@id\":\"https:\\\/\\\/coria.org\\\/ayuntamiento\\\/index.php\\\/2012\\\/11\\\/06\\\/carrera-de-relevos-peregrinacion-por-parte-del-cefot-de-caceres-hasta-coria\\\/#primaryimage\",\"url\":\"https:\\\/\\\/coria.org\\\/ayuntamiento\\\/wp-content\\\/uploads\\\/2012\\\/11\\\/8160337634_3106328581_o.jpg\",\"contentUrl\":\"https:\\\/\\\/coria.org\\\/ayuntamiento\\\/wp-content\\\/uploads\\\/2012\\\/11\\\/8160337634_3106328581_o.jpg\",\"width\":720,\"height\":540},{\"@type\":\"BreadcrumbList\",\"@id\":\"https:\\\/\\\/coria.org\\\/ayuntamiento\\\/index.php\\\/2012\\\/11\\\/06\\\/carrera-de-relevos-peregrinacion-por-parte-del-cefot-de-caceres-hasta-coria\\\/#breadcrumb\",\"itemListElement\":[{\"@type\":\"ListItem\",\"position\":1,\"name\":\"Inicio\",\"item\":\"https:\\\/\\\/coria.org\\\/ayuntamiento\\\/\"},{\"@type\":\"ListItem\",\"position\":2,\"name\":\"Carrera de relevos &#8211; peregrinaci\u00f3n por parte del CEFOT de C\u00e1ceres hasta Coria\"}]},{\"@type\":\"WebSite\",\"@id\":\"https:\\\/\\\/coria.org\\\/ayuntamiento\\\/#website\",\"url\":\"https:\\\/\\\/coria.org\\\/ayuntamiento\\\/\",\"name\":\"Ayuntamiento de Coria\",\"description\":\"Web oficial del Ayuntamiento de Coria\",\"publisher\":{\"@id\":\"https:\\\/\\\/coria.org\\\/ayuntamiento\\\/#organization\"},\"alternateName\":\"Web Oficial del Ayuntamiento de Coria\",\"potentialAction\":[{\"@type\":\"SearchAction\",\"target\":{\"@type\":\"EntryPoint\",\"urlTemplate\":\"https:\\\/\\\/coria.org\\\/ayuntamiento\\\/?s={search_term_string}\"},\"query-input\":{\"@type\":\"PropertyValueSpecification\",\"valueRequired\":true,\"valueName\":\"search_term_string\"}}],\"inLanguage\":\"es\"},{\"@type\":\"Organization\",\"@id\":\"https:\\\/\\\/coria.org\\\/ayuntamiento\\\/#organization\",\"name\":\"Ayuntamiento de Coria\",\"alternateName\":\"Ayto de Coria\",\"url\":\"https:\\\/\\\/coria.org\\\/ayuntamiento\\\/\",\"logo\":{\"@type\":\"ImageObject\",\"inLanguage\":\"es\",\"@id\":\"https:\\\/\\\/coria.org\\\/ayuntamiento\\\/#\\\/schema\\\/logo\\\/image\\\/\",\"url\":\"https:\\\/\\\/coria.org\\\/ayuntamiento\\\/wp-content\\\/uploads\\\/2020\\\/12\\\/escudo-ayuntamiento-coria.png\",\"contentUrl\":\"https:\\\/\\\/coria.org\\\/ayuntamiento\\\/wp-content\\\/uploads\\\/2020\\\/12\\\/escudo-ayuntamiento-coria.png\",\"width\":511,\"height\":240,\"caption\":\"Ayuntamiento de Coria\"},\"image\":{\"@id\":\"https:\\\/\\\/coria.org\\\/ayuntamiento\\\/#\\\/schema\\\/logo\\\/image\\\/\"},\"sameAs\":[\"https:\\\/\\\/www.facebook.com\\\/Ayuntamiento.de.Coria\",\"https:\\\/\\\/x.com\\\/Ayto_de_Coria\",\"https:\\\/\\\/www.instagram.com\\\/coria.ayuntamiento\\\/\",\"https:\\\/\\\/www.youtube.com\\\/user\\\/AYUNTAMIENTOCORIA\"]},{\"@type\":\"Person\",\"@id\":\"https:\\\/\\\/coria.org\\\/ayuntamiento\\\/#\\\/schema\\\/person\\\/8bd589f0e13e8ae5aa06def7a599d622\",\"name\":\"ayuntamiento\",\"image\":{\"@type\":\"ImageObject\",\"inLanguage\":\"es\",\"@id\":\"https:\\\/\\\/secure.gravatar.com\\\/avatar\\\/966e5ed73cad334adda5c87f49f2547f7082f7292c1b627cbb548744383b391c?s=96&d=mm&r=g\",\"url\":\"https:\\\/\\\/secure.gravatar.com\\\/avatar\\\/966e5ed73cad334adda5c87f49f2547f7082f7292c1b627cbb548744383b391c?s=96&d=mm&r=g\",\"contentUrl\":\"https:\\\/\\\/secure.gravatar.com\\\/avatar\\\/966e5ed73cad334adda5c87f49f2547f7082f7292c1b627cbb548744383b391c?s=96&d=mm&r=g\",\"caption\":\"ayuntamiento\"}}]}<\/script>\n<!-- \/ Yoast SEO plugin. -->","yoast_head_json":{"title":"Carrera de relevos - peregrinaci\u00f3n por parte del CEFOT de C\u00e1ceres hasta Coria - Ayuntamiento de Coria","robots":{"index":"index","follow":"follow","max-snippet":"max-snippet:-1","max-image-preview":"max-image-preview:large","max-video-preview":"max-video-preview:-1"},"canonical":"https:\/\/coria.org\/ayuntamiento\/index.php\/2012\/11\/06\/carrera-de-relevos-peregrinacion-por-parte-del-cefot-de-caceres-hasta-coria\/","og_locale":"es_ES","og_type":"article","og_title":"Carrera de relevos - peregrinaci\u00f3n por parte del CEFOT de C\u00e1ceres hasta Coria - Ayuntamiento de Coria","og_description":"El Alcalde de Coria muestra su apoyo incondicional al CEFOT de C\u00e1ceres por la gran labor, trayectoria y tradici\u00f3n que tiene C\u00e1ceres capital y en toda la provincial Durante la ma\u00f1ana de hoy, en el Ayuntamiento de Coria, ha tenido lugar la rueda de prensa para presentar el programa de actos a celebrar el d\u00eda [&hellip;]","og_url":"https:\/\/coria.org\/ayuntamiento\/index.php\/2012\/11\/06\/carrera-de-relevos-peregrinacion-por-parte-del-cefot-de-caceres-hasta-coria\/","og_site_name":"Ayuntamiento de Coria","article_publisher":"https:\/\/www.facebook.com\/Ayuntamiento.de.Coria","article_published_time":"2012-11-05T23:00:00+00:00","article_modified_time":"2023-09-18T10:43:25+00:00","og_image":[{"width":720,"height":540,"url":"https:\/\/coria.org\/ayuntamiento\/wp-content\/uploads\/2012\/11\/8160337634_3106328581_o.jpg","type":"image\/jpeg"}],"author":"ayuntamiento","twitter_card":"summary_large_image","twitter_creator":"@Ayto_de_Coria","twitter_site":"@Ayto_de_Coria","twitter_misc":{"Escrito por":"ayuntamiento","Tiempo de lectura":"4 minutos"},"schema":{"@context":"https:\/\/schema.org","@graph":[{"@type":"Article","@id":"https:\/\/coria.org\/ayuntamiento\/index.php\/2012\/11\/06\/carrera-de-relevos-peregrinacion-por-parte-del-cefot-de-caceres-hasta-coria\/#article","isPartOf":{"@id":"https:\/\/coria.org\/ayuntamiento\/index.php\/2012\/11\/06\/carrera-de-relevos-peregrinacion-por-parte-del-cefot-de-caceres-hasta-coria\/"},"author":{"name":"ayuntamiento","@id":"https:\/\/coria.org\/ayuntamiento\/#\/schema\/person\/8bd589f0e13e8ae5aa06def7a599d622"},"headline":"Carrera de relevos &#8211; peregrinaci\u00f3n por parte del CEFOT de C\u00e1ceres hasta Coria","datePublished":"2012-11-05T23:00:00+00:00","dateModified":"2023-09-18T10:43:25+00:00","mainEntityOfPage":{"@id":"https:\/\/coria.org\/ayuntamiento\/index.php\/2012\/11\/06\/carrera-de-relevos-peregrinacion-por-parte-del-cefot-de-caceres-hasta-coria\/"},"wordCount":829,"publisher":{"@id":"https:\/\/coria.org\/ayuntamiento\/#organization"},"image":{"@id":"https:\/\/coria.org\/ayuntamiento\/index.php\/2012\/11\/06\/carrera-de-relevos-peregrinacion-por-parte-del-cefot-de-caceres-hasta-coria\/#primaryimage"},"thumbnailUrl":"https:\/\/coria.org\/ayuntamiento\/wp-content\/uploads\/2012\/11\/8160337634_3106328581_o.jpg","keywords":["carrera","cefot"],"articleSection":["Noticias"],"inLanguage":"es"},{"@type":"WebPage","@id":"https:\/\/coria.org\/ayuntamiento\/index.php\/2012\/11\/06\/carrera-de-relevos-peregrinacion-por-parte-del-cefot-de-caceres-hasta-coria\/","url":"https:\/\/coria.org\/ayuntamiento\/index.php\/2012\/11\/06\/carrera-de-relevos-peregrinacion-por-parte-del-cefot-de-caceres-hasta-coria\/","name":"Carrera de relevos - peregrinaci\u00f3n por parte del CEFOT de C\u00e1ceres hasta Coria - Ayuntamiento de Coria","isPartOf":{"@id":"https:\/\/coria.org\/ayuntamiento\/#website"},"primaryImageOfPage":{"@id":"https:\/\/coria.org\/ayuntamiento\/index.php\/2012\/11\/06\/carrera-de-relevos-peregrinacion-por-parte-del-cefot-de-caceres-hasta-coria\/#primaryimage"},"image":{"@id":"https:\/\/coria.org\/ayuntamiento\/index.php\/2012\/11\/06\/carrera-de-relevos-peregrinacion-por-parte-del-cefot-de-caceres-hasta-coria\/#primaryimage"},"thumbnailUrl":"https:\/\/coria.org\/ayuntamiento\/wp-content\/uploads\/2012\/11\/8160337634_3106328581_o.jpg","datePublished":"2012-11-05T23:00:00+00:00","dateModified":"2023-09-18T10:43:25+00:00","breadcrumb":{"@id":"https:\/\/coria.org\/ayuntamiento\/index.php\/2012\/11\/06\/carrera-de-relevos-peregrinacion-por-parte-del-cefot-de-caceres-hasta-coria\/#breadcrumb"},"inLanguage":"es","potentialAction":[{"@type":"ReadAction","target":["https:\/\/coria.org\/ayuntamiento\/index.php\/2012\/11\/06\/carrera-de-relevos-peregrinacion-por-parte-del-cefot-de-caceres-hasta-coria\/"]}]},{"@type":"ImageObject","inLanguage":"es","@id":"https:\/\/coria.org\/ayuntamiento\/index.php\/2012\/11\/06\/carrera-de-relevos-peregrinacion-por-parte-del-cefot-de-caceres-hasta-coria\/#primaryimage","url":"https:\/\/coria.org\/ayuntamiento\/wp-content\/uploads\/2012\/11\/8160337634_3106328581_o.jpg","contentUrl":"https:\/\/coria.org\/ayuntamiento\/wp-content\/uploads\/2012\/11\/8160337634_3106328581_o.jpg","width":720,"height":540},{"@type":"BreadcrumbList","@id":"https:\/\/coria.org\/ayuntamiento\/index.php\/2012\/11\/06\/carrera-de-relevos-peregrinacion-por-parte-del-cefot-de-caceres-hasta-coria\/#breadcrumb","itemListElement":[{"@type":"ListItem","position":1,"name":"Inicio","item":"https:\/\/coria.org\/ayuntamiento\/"},{"@type":"ListItem","position":2,"name":"Carrera de relevos &#8211; peregrinaci\u00f3n por parte del CEFOT de C\u00e1ceres hasta Coria"}]},{"@type":"WebSite","@id":"https:\/\/coria.org\/ayuntamiento\/#website","url":"https:\/\/coria.org\/ayuntamiento\/","name":"Ayuntamiento de Coria","description":"Web oficial del Ayuntamiento de Coria","publisher":{"@id":"https:\/\/coria.org\/ayuntamiento\/#organization"},"alternateName":"Web Oficial del Ayuntamiento de Coria","potentialAction":[{"@type":"SearchAction","target":{"@type":"EntryPoint","urlTemplate":"https:\/\/coria.org\/ayuntamiento\/?s={search_term_string}"},"query-input":{"@type":"PropertyValueSpecification","valueRequired":true,"valueName":"search_term_string"}}],"inLanguage":"es"},{"@type":"Organization","@id":"https:\/\/coria.org\/ayuntamiento\/#organization","name":"Ayuntamiento de Coria","alternateName":"Ayto de Coria","url":"https:\/\/coria.org\/ayuntamiento\/","logo":{"@type":"ImageObject","inLanguage":"es","@id":"https:\/\/coria.org\/ayuntamiento\/#\/schema\/logo\/image\/","url":"https:\/\/coria.org\/ayuntamiento\/wp-content\/uploads\/2020\/12\/escudo-ayuntamiento-coria.png","contentUrl":"https:\/\/coria.org\/ayuntamiento\/wp-content\/uploads\/2020\/12\/escudo-ayuntamiento-coria.png","width":511,"height":240,"caption":"Ayuntamiento de Coria"},"image":{"@id":"https:\/\/coria.org\/ayuntamiento\/#\/schema\/logo\/image\/"},"sameAs":["https:\/\/www.facebook.com\/Ayuntamiento.de.Coria","https:\/\/x.com\/Ayto_de_Coria","https:\/\/www.instagram.com\/coria.ayuntamiento\/","https:\/\/www.youtube.com\/user\/AYUNTAMIENTOCORIA"]},{"@type":"Person","@id":"https:\/\/coria.org\/ayuntamiento\/#\/schema\/person\/8bd589f0e13e8ae5aa06def7a599d622","name":"ayuntamiento","image":{"@type":"ImageObject","inLanguage":"es","@id":"https:\/\/secure.gravatar.com\/avatar\/966e5ed73cad334adda5c87f49f2547f7082f7292c1b627cbb548744383b391c?s=96&d=mm&r=g","url":"https:\/\/secure.gravatar.com\/avatar\/966e5ed73cad334adda5c87f49f2547f7082f7292c1b627cbb548744383b391c?s=96&d=mm&r=g","contentUrl":"https:\/\/secure.gravatar.com\/avatar\/966e5ed73cad334adda5c87f49f2547f7082f7292c1b627cbb548744383b391c?s=96&d=mm&r=g","caption":"ayuntamiento"}}]}},"uagb_featured_image_src":{"full":["https:\/\/coria.org\/ayuntamiento\/wp-content\/uploads\/2012\/11\/8160337634_3106328581_o.jpg",720,540,false],"thumbnail":["https:\/\/coria.org\/ayuntamiento\/wp-content\/uploads\/2012\/11\/8160337634_3106328581_o-150x150.jpg",150,150,true],"medium":["https:\/\/coria.org\/ayuntamiento\/wp-content\/uploads\/2012\/11\/8160337634_3106328581_o-300x225.jpg",300,225,true],"medium_large":["https:\/\/coria.org\/ayuntamiento\/wp-content\/uploads\/2012\/11\/8160337634_3106328581_o.jpg",720,540,false],"large":["https:\/\/coria.org\/ayuntamiento\/wp-content\/uploads\/2012\/11\/8160337634_3106328581_o.jpg",720,540,false],"thumblist":["https:\/\/coria.org\/ayuntamiento\/wp-content\/uploads\/2012\/11\/8160337634_3106328581_o.jpg",300,225,false],"thumbrelated":["https:\/\/coria.org\/ayuntamiento\/wp-content\/uploads\/2012\/11\/8160337634_3106328581_o.jpg",500,375,false],"meccarouselthumb":["https:\/\/coria.org\/ayuntamiento\/wp-content\/uploads\/2012\/11\/8160337634_3106328581_o.jpg",432,324,false],"gridsquare":["https:\/\/coria.org\/ayuntamiento\/wp-content\/uploads\/2012\/11\/8160337634_3106328581_o.jpg",347,260,false],"tileview":["https:\/\/coria.org\/ayuntamiento\/wp-content\/uploads\/2012\/11\/8160337634_3106328581_o.jpg",300,225,false],"1536x1536":["https:\/\/coria.org\/ayuntamiento\/wp-content\/uploads\/2012\/11\/8160337634_3106328581_o.jpg",720,540,false],"2048x2048":["https:\/\/coria.org\/ayuntamiento\/wp-content\/uploads\/2012\/11\/8160337634_3106328581_o.jpg",720,540,false]},"uagb_author_info":{"display_name":"ayuntamiento","author_link":"https:\/\/coria.org\/ayuntamiento\/index.php\/author\/ayuntamiento\/"},"uagb_comment_info":0,"uagb_excerpt":"El Alcalde de Coria muestra su apoyo incondicional al CEFOT de C\u00e1ceres por la gran labor, trayectoria y tradici\u00f3n que tiene C\u00e1ceres capital y en toda la provincial Durante la ma\u00f1ana de hoy, en el Ayuntamiento de Coria, ha tenido lugar la rueda de prensa para presentar el programa de actos a celebrar el d\u00eda&hellip;","_links":{"self":[{"href":"https:\/\/coria.org\/ayuntamiento\/index.php\/wp-json\/wp\/v2\/posts\/26412","targetHints":{"allow":["GET"]}}],"collection":[{"href":"https:\/\/coria.org\/ayuntamiento\/index.php\/wp-json\/wp\/v2\/posts"}],"about":[{"href":"https:\/\/coria.org\/ayuntamiento\/index.php\/wp-json\/wp\/v2\/types\/post"}],"author":[{"embeddable":true,"href":"https:\/\/coria.org\/ayuntamiento\/index.php\/wp-json\/wp\/v2\/users\/2"}],"replies":[{"embeddable":true,"href":"https:\/\/coria.org\/ayuntamiento\/index.php\/wp-json\/wp\/v2\/comments?post=26412"}],"version-history":[{"count":0,"href":"https:\/\/coria.org\/ayuntamiento\/index.php\/wp-json\/wp\/v2\/posts\/26412\/revisions"}],"wp:featuredmedia":[{"embeddable":true,"href":"https:\/\/coria.org\/ayuntamiento\/index.php\/wp-json\/wp\/v2\/media\/34461"}],"wp:attachment":[{"href":"https:\/\/coria.org\/ayuntamiento\/index.php\/wp-json\/wp\/v2\/media?parent=26412"}],"wp:term":[{"taxonomy":"category","embeddable":true,"href":"https:\/\/coria.org\/ayuntamiento\/index.php\/wp-json\/wp\/v2\/categories?post=26412"},{"taxonomy":"post_tag","embeddable":true,"href":"https:\/\/coria.org\/ayuntamiento\/index.php\/wp-json\/wp\/v2\/tags?post=26412"}],"curies":[{"name":"wp","href":"https:\/\/api.w.org\/{rel}","templated":true}]}}