{"id":26411,"date":"2012-11-06T00:00:00","date_gmt":"2012-11-05T23:00:00","guid":{"rendered":"https:\/\/ayuntamiento.coriaenimagenes.com\/segundo-plazo-de-pago-de-la-matricula-de-los-cursos-de-idiomas-del-ilm\/"},"modified":"2023-09-18T12:43:25","modified_gmt":"2023-09-18T10:43:25","slug":"segundo-plazo-de-pago-de-la-matricula-de-los-cursos-de-idiomas-del-ilm","status":"publish","type":"post","link":"https:\/\/coria.org\/ayuntamiento\/index.php\/2012\/11\/06\/segundo-plazo-de-pago-de-la-matricula-de-los-cursos-de-idiomas-del-ilm\/","title":{"rendered":"Segundo plazo de pago de la matr\u00edcula de los Cursos de Idiomas del ILM"},"content":{"rendered":"\n<p><b>El Ayuntamiento de Coria informa que el segundo pago de matr\u00edcula (modalidad de pago fraccionado) para el alumnado del ILM sede Coria, ser\u00e1 del 5 al 16 de noviembre de 2012.<\/b><\/p>\n\n\n\n<p>Para ello, el alumnado deber\u00e1 descargarse el bolet\u00edn y entregarlo personalmente junto con el justificante bancario en la Oficina Municipal de Juventud de Coria en horario de 09:00 a 14:00 horas.<\/p>\n\n\n\n<p>Documento: <a title=\"boletin\" rel=\"noopener\" href=\"https:\/\/www.coria.org\/doc\/doc133.pdf\" target=\"_blank\">Bolet\u00edn de Matr\u00edcula<\/a><\/p>\n","protected":false},"excerpt":{"rendered":"<p>El Ayuntamiento de Coria informa que el segundo pago de matr\u00edcula (modalidad de pago fraccionado) para el alumnado del ILM sede Coria, ser\u00e1 del 5 al 16 de noviembre de 2012. Para ello, el alumnado deber\u00e1 descargarse el bolet\u00edn y entregarlo personalmente junto con el justificante bancario en la Oficina Municipal de Juventud de Coria [&hellip;]<\/p>\n","protected":false},"author":2,"featured_media":0,"comment_status":"closed","ping_status":"closed","sticky":false,"template":"","format":"standard","meta":{"_uag_custom_page_level_css":"","footnotes":""},"categories":[2],"tags":[1469],"class_list":["post-26411","post","type-post","status-publish","format-standard","hentry","category-noticias","tag-ilm"],"yoast_head":"<!-- This site is optimized with the Yoast SEO plugin v27.4 - https:\/\/yoast.com\/product\/yoast-seo-wordpress\/ -->\n<title>Segundo plazo de pago de la matr\u00edcula de los Cursos de Idiomas del ILM - Ayuntamiento de Coria<\/title>\n<meta name=\"robots\" content=\"index, follow, max-snippet:-1, max-image-preview:large, max-video-preview:-1\" \/>\n<link rel=\"canonical\" href=\"https:\/\/coria.org\/ayuntamiento\/index.php\/2012\/11\/06\/segundo-plazo-de-pago-de-la-matricula-de-los-cursos-de-idiomas-del-ilm\/\" \/>\n<meta property=\"og:locale\" content=\"es_ES\" \/>\n<meta property=\"og:type\" content=\"article\" \/>\n<meta property=\"og:title\" content=\"Segundo plazo de pago de la matr\u00edcula de los Cursos de Idiomas del ILM - Ayuntamiento de Coria\" \/>\n<meta property=\"og:description\" content=\"El Ayuntamiento de Coria informa que el segundo pago de matr\u00edcula (modalidad de pago fraccionado) para el alumnado del ILM sede Coria, ser\u00e1 del 5 al 16 de noviembre de 2012. Para ello, el alumnado deber\u00e1 descargarse el bolet\u00edn y entregarlo personalmente junto con el justificante bancario en la Oficina Municipal de Juventud de Coria [&hellip;]\" \/>\n<meta property=\"og:url\" content=\"https:\/\/coria.org\/ayuntamiento\/index.php\/2012\/11\/06\/segundo-plazo-de-pago-de-la-matricula-de-los-cursos-de-idiomas-del-ilm\/\" \/>\n<meta property=\"og:site_name\" content=\"Ayuntamiento de Coria\" \/>\n<meta property=\"article:publisher\" content=\"https:\/\/www.facebook.com\/Ayuntamiento.de.Coria\" \/>\n<meta property=\"article:published_time\" content=\"2012-11-05T23:00:00+00:00\" \/>\n<meta property=\"article:modified_time\" content=\"2023-09-18T10:43:25+00:00\" \/>\n<meta name=\"author\" content=\"ayuntamiento\" \/>\n<meta name=\"twitter:card\" content=\"summary_large_image\" \/>\n<meta name=\"twitter:creator\" content=\"@Ayto_de_Coria\" \/>\n<meta name=\"twitter:site\" content=\"@Ayto_de_Coria\" \/>\n<meta name=\"twitter:label1\" content=\"Escrito por\" \/>\n\t<meta name=\"twitter:data1\" content=\"ayuntamiento\" \/>\n<script type=\"application\/ld+json\" class=\"yoast-schema-graph\">{\"@context\":\"https:\\\/\\\/schema.org\",\"@graph\":[{\"@type\":\"Article\",\"@id\":\"https:\\\/\\\/coria.org\\\/ayuntamiento\\\/index.php\\\/2012\\\/11\\\/06\\\/segundo-plazo-de-pago-de-la-matricula-de-los-cursos-de-idiomas-del-ilm\\\/#article\",\"isPartOf\":{\"@id\":\"https:\\\/\\\/coria.org\\\/ayuntamiento\\\/index.php\\\/2012\\\/11\\\/06\\\/segundo-plazo-de-pago-de-la-matricula-de-los-cursos-de-idiomas-del-ilm\\\/\"},\"author\":{\"name\":\"ayuntamiento\",\"@id\":\"https:\\\/\\\/coria.org\\\/ayuntamiento\\\/#\\\/schema\\\/person\\\/8bd589f0e13e8ae5aa06def7a599d622\"},\"headline\":\"Segundo plazo de pago de la matr\u00edcula de los Cursos de Idiomas del ILM\",\"datePublished\":\"2012-11-05T23:00:00+00:00\",\"dateModified\":\"2023-09-18T10:43:25+00:00\",\"mainEntityOfPage\":{\"@id\":\"https:\\\/\\\/coria.org\\\/ayuntamiento\\\/index.php\\\/2012\\\/11\\\/06\\\/segundo-plazo-de-pago-de-la-matricula-de-los-cursos-de-idiomas-del-ilm\\\/\"},\"wordCount\":80,\"publisher\":{\"@id\":\"https:\\\/\\\/coria.org\\\/ayuntamiento\\\/#organization\"},\"keywords\":[\"ilm\"],\"articleSection\":[\"Noticias\"],\"inLanguage\":\"es\"},{\"@type\":\"WebPage\",\"@id\":\"https:\\\/\\\/coria.org\\\/ayuntamiento\\\/index.php\\\/2012\\\/11\\\/06\\\/segundo-plazo-de-pago-de-la-matricula-de-los-cursos-de-idiomas-del-ilm\\\/\",\"url\":\"https:\\\/\\\/coria.org\\\/ayuntamiento\\\/index.php\\\/2012\\\/11\\\/06\\\/segundo-plazo-de-pago-de-la-matricula-de-los-cursos-de-idiomas-del-ilm\\\/\",\"name\":\"Segundo plazo de pago de la matr\u00edcula de los Cursos de Idiomas del ILM - Ayuntamiento de Coria\",\"isPartOf\":{\"@id\":\"https:\\\/\\\/coria.org\\\/ayuntamiento\\\/#website\"},\"datePublished\":\"2012-11-05T23:00:00+00:00\",\"dateModified\":\"2023-09-18T10:43:25+00:00\",\"breadcrumb\":{\"@id\":\"https:\\\/\\\/coria.org\\\/ayuntamiento\\\/index.php\\\/2012\\\/11\\\/06\\\/segundo-plazo-de-pago-de-la-matricula-de-los-cursos-de-idiomas-del-ilm\\\/#breadcrumb\"},\"inLanguage\":\"es\",\"potentialAction\":[{\"@type\":\"ReadAction\",\"target\":[\"https:\\\/\\\/coria.org\\\/ayuntamiento\\\/index.php\\\/2012\\\/11\\\/06\\\/segundo-plazo-de-pago-de-la-matricula-de-los-cursos-de-idiomas-del-ilm\\\/\"]}]},{\"@type\":\"BreadcrumbList\",\"@id\":\"https:\\\/\\\/coria.org\\\/ayuntamiento\\\/index.php\\\/2012\\\/11\\\/06\\\/segundo-plazo-de-pago-de-la-matricula-de-los-cursos-de-idiomas-del-ilm\\\/#breadcrumb\",\"itemListElement\":[{\"@type\":\"ListItem\",\"position\":1,\"name\":\"Inicio\",\"item\":\"https:\\\/\\\/coria.org\\\/ayuntamiento\\\/\"},{\"@type\":\"ListItem\",\"position\":2,\"name\":\"Segundo plazo de pago de la matr\u00edcula de los Cursos de Idiomas del ILM\"}]},{\"@type\":\"WebSite\",\"@id\":\"https:\\\/\\\/coria.org\\\/ayuntamiento\\\/#website\",\"url\":\"https:\\\/\\\/coria.org\\\/ayuntamiento\\\/\",\"name\":\"Ayuntamiento de Coria\",\"description\":\"Web oficial del Ayuntamiento de Coria\",\"publisher\":{\"@id\":\"https:\\\/\\\/coria.org\\\/ayuntamiento\\\/#organization\"},\"alternateName\":\"Web Oficial del Ayuntamiento de Coria\",\"potentialAction\":[{\"@type\":\"SearchAction\",\"target\":{\"@type\":\"EntryPoint\",\"urlTemplate\":\"https:\\\/\\\/coria.org\\\/ayuntamiento\\\/?s={search_term_string}\"},\"query-input\":{\"@type\":\"PropertyValueSpecification\",\"valueRequired\":true,\"valueName\":\"search_term_string\"}}],\"inLanguage\":\"es\"},{\"@type\":\"Organization\",\"@id\":\"https:\\\/\\\/coria.org\\\/ayuntamiento\\\/#organization\",\"name\":\"Ayuntamiento de Coria\",\"alternateName\":\"Ayto de Coria\",\"url\":\"https:\\\/\\\/coria.org\\\/ayuntamiento\\\/\",\"logo\":{\"@type\":\"ImageObject\",\"inLanguage\":\"es\",\"@id\":\"https:\\\/\\\/coria.org\\\/ayuntamiento\\\/#\\\/schema\\\/logo\\\/image\\\/\",\"url\":\"https:\\\/\\\/coria.org\\\/ayuntamiento\\\/wp-content\\\/uploads\\\/2020\\\/12\\\/escudo-ayuntamiento-coria.png\",\"contentUrl\":\"https:\\\/\\\/coria.org\\\/ayuntamiento\\\/wp-content\\\/uploads\\\/2020\\\/12\\\/escudo-ayuntamiento-coria.png\",\"width\":511,\"height\":240,\"caption\":\"Ayuntamiento de Coria\"},\"image\":{\"@id\":\"https:\\\/\\\/coria.org\\\/ayuntamiento\\\/#\\\/schema\\\/logo\\\/image\\\/\"},\"sameAs\":[\"https:\\\/\\\/www.facebook.com\\\/Ayuntamiento.de.Coria\",\"https:\\\/\\\/x.com\\\/Ayto_de_Coria\",\"https:\\\/\\\/www.instagram.com\\\/coria.ayuntamiento\\\/\",\"https:\\\/\\\/www.youtube.com\\\/user\\\/AYUNTAMIENTOCORIA\"]},{\"@type\":\"Person\",\"@id\":\"https:\\\/\\\/coria.org\\\/ayuntamiento\\\/#\\\/schema\\\/person\\\/8bd589f0e13e8ae5aa06def7a599d622\",\"name\":\"ayuntamiento\",\"image\":{\"@type\":\"ImageObject\",\"inLanguage\":\"es\",\"@id\":\"https:\\\/\\\/secure.gravatar.com\\\/avatar\\\/966e5ed73cad334adda5c87f49f2547f7082f7292c1b627cbb548744383b391c?s=96&d=mm&r=g\",\"url\":\"https:\\\/\\\/secure.gravatar.com\\\/avatar\\\/966e5ed73cad334adda5c87f49f2547f7082f7292c1b627cbb548744383b391c?s=96&d=mm&r=g\",\"contentUrl\":\"https:\\\/\\\/secure.gravatar.com\\\/avatar\\\/966e5ed73cad334adda5c87f49f2547f7082f7292c1b627cbb548744383b391c?s=96&d=mm&r=g\",\"caption\":\"ayuntamiento\"}}]}<\/script>\n<!-- \/ Yoast SEO plugin. -->","yoast_head_json":{"title":"Segundo plazo de pago de la matr\u00edcula de los Cursos de Idiomas del ILM - Ayuntamiento de Coria","robots":{"index":"index","follow":"follow","max-snippet":"max-snippet:-1","max-image-preview":"max-image-preview:large","max-video-preview":"max-video-preview:-1"},"canonical":"https:\/\/coria.org\/ayuntamiento\/index.php\/2012\/11\/06\/segundo-plazo-de-pago-de-la-matricula-de-los-cursos-de-idiomas-del-ilm\/","og_locale":"es_ES","og_type":"article","og_title":"Segundo plazo de pago de la matr\u00edcula de los Cursos de Idiomas del ILM - Ayuntamiento de Coria","og_description":"El Ayuntamiento de Coria informa que el segundo pago de matr\u00edcula (modalidad de pago fraccionado) para el alumnado del ILM sede Coria, ser\u00e1 del 5 al 16 de noviembre de 2012. Para ello, el alumnado deber\u00e1 descargarse el bolet\u00edn y entregarlo personalmente junto con el justificante bancario en la Oficina Municipal de Juventud de Coria [&hellip;]","og_url":"https:\/\/coria.org\/ayuntamiento\/index.php\/2012\/11\/06\/segundo-plazo-de-pago-de-la-matricula-de-los-cursos-de-idiomas-del-ilm\/","og_site_name":"Ayuntamiento de Coria","article_publisher":"https:\/\/www.facebook.com\/Ayuntamiento.de.Coria","article_published_time":"2012-11-05T23:00:00+00:00","article_modified_time":"2023-09-18T10:43:25+00:00","author":"ayuntamiento","twitter_card":"summary_large_image","twitter_creator":"@Ayto_de_Coria","twitter_site":"@Ayto_de_Coria","twitter_misc":{"Escrito por":"ayuntamiento"},"schema":{"@context":"https:\/\/schema.org","@graph":[{"@type":"Article","@id":"https:\/\/coria.org\/ayuntamiento\/index.php\/2012\/11\/06\/segundo-plazo-de-pago-de-la-matricula-de-los-cursos-de-idiomas-del-ilm\/#article","isPartOf":{"@id":"https:\/\/coria.org\/ayuntamiento\/index.php\/2012\/11\/06\/segundo-plazo-de-pago-de-la-matricula-de-los-cursos-de-idiomas-del-ilm\/"},"author":{"name":"ayuntamiento","@id":"https:\/\/coria.org\/ayuntamiento\/#\/schema\/person\/8bd589f0e13e8ae5aa06def7a599d622"},"headline":"Segundo plazo de pago de la matr\u00edcula de los Cursos de Idiomas del ILM","datePublished":"2012-11-05T23:00:00+00:00","dateModified":"2023-09-18T10:43:25+00:00","mainEntityOfPage":{"@id":"https:\/\/coria.org\/ayuntamiento\/index.php\/2012\/11\/06\/segundo-plazo-de-pago-de-la-matricula-de-los-cursos-de-idiomas-del-ilm\/"},"wordCount":80,"publisher":{"@id":"https:\/\/coria.org\/ayuntamiento\/#organization"},"keywords":["ilm"],"articleSection":["Noticias"],"inLanguage":"es"},{"@type":"WebPage","@id":"https:\/\/coria.org\/ayuntamiento\/index.php\/2012\/11\/06\/segundo-plazo-de-pago-de-la-matricula-de-los-cursos-de-idiomas-del-ilm\/","url":"https:\/\/coria.org\/ayuntamiento\/index.php\/2012\/11\/06\/segundo-plazo-de-pago-de-la-matricula-de-los-cursos-de-idiomas-del-ilm\/","name":"Segundo plazo de pago de la matr\u00edcula de los Cursos de Idiomas del ILM - Ayuntamiento de Coria","isPartOf":{"@id":"https:\/\/coria.org\/ayuntamiento\/#website"},"datePublished":"2012-11-05T23:00:00+00:00","dateModified":"2023-09-18T10:43:25+00:00","breadcrumb":{"@id":"https:\/\/coria.org\/ayuntamiento\/index.php\/2012\/11\/06\/segundo-plazo-de-pago-de-la-matricula-de-los-cursos-de-idiomas-del-ilm\/#breadcrumb"},"inLanguage":"es","potentialAction":[{"@type":"ReadAction","target":["https:\/\/coria.org\/ayuntamiento\/index.php\/2012\/11\/06\/segundo-plazo-de-pago-de-la-matricula-de-los-cursos-de-idiomas-del-ilm\/"]}]},{"@type":"BreadcrumbList","@id":"https:\/\/coria.org\/ayuntamiento\/index.php\/2012\/11\/06\/segundo-plazo-de-pago-de-la-matricula-de-los-cursos-de-idiomas-del-ilm\/#breadcrumb","itemListElement":[{"@type":"ListItem","position":1,"name":"Inicio","item":"https:\/\/coria.org\/ayuntamiento\/"},{"@type":"ListItem","position":2,"name":"Segundo plazo de pago de la matr\u00edcula de los Cursos de Idiomas del ILM"}]},{"@type":"WebSite","@id":"https:\/\/coria.org\/ayuntamiento\/#website","url":"https:\/\/coria.org\/ayuntamiento\/","name":"Ayuntamiento de Coria","description":"Web oficial del Ayuntamiento de Coria","publisher":{"@id":"https:\/\/coria.org\/ayuntamiento\/#organization"},"alternateName":"Web Oficial del Ayuntamiento de Coria","potentialAction":[{"@type":"SearchAction","target":{"@type":"EntryPoint","urlTemplate":"https:\/\/coria.org\/ayuntamiento\/?s={search_term_string}"},"query-input":{"@type":"PropertyValueSpecification","valueRequired":true,"valueName":"search_term_string"}}],"inLanguage":"es"},{"@type":"Organization","@id":"https:\/\/coria.org\/ayuntamiento\/#organization","name":"Ayuntamiento de Coria","alternateName":"Ayto de Coria","url":"https:\/\/coria.org\/ayuntamiento\/","logo":{"@type":"ImageObject","inLanguage":"es","@id":"https:\/\/coria.org\/ayuntamiento\/#\/schema\/logo\/image\/","url":"https:\/\/coria.org\/ayuntamiento\/wp-content\/uploads\/2020\/12\/escudo-ayuntamiento-coria.png","contentUrl":"https:\/\/coria.org\/ayuntamiento\/wp-content\/uploads\/2020\/12\/escudo-ayuntamiento-coria.png","width":511,"height":240,"caption":"Ayuntamiento de Coria"},"image":{"@id":"https:\/\/coria.org\/ayuntamiento\/#\/schema\/logo\/image\/"},"sameAs":["https:\/\/www.facebook.com\/Ayuntamiento.de.Coria","https:\/\/x.com\/Ayto_de_Coria","https:\/\/www.instagram.com\/coria.ayuntamiento\/","https:\/\/www.youtube.com\/user\/AYUNTAMIENTOCORIA"]},{"@type":"Person","@id":"https:\/\/coria.org\/ayuntamiento\/#\/schema\/person\/8bd589f0e13e8ae5aa06def7a599d622","name":"ayuntamiento","image":{"@type":"ImageObject","inLanguage":"es","@id":"https:\/\/secure.gravatar.com\/avatar\/966e5ed73cad334adda5c87f49f2547f7082f7292c1b627cbb548744383b391c?s=96&d=mm&r=g","url":"https:\/\/secure.gravatar.com\/avatar\/966e5ed73cad334adda5c87f49f2547f7082f7292c1b627cbb548744383b391c?s=96&d=mm&r=g","contentUrl":"https:\/\/secure.gravatar.com\/avatar\/966e5ed73cad334adda5c87f49f2547f7082f7292c1b627cbb548744383b391c?s=96&d=mm&r=g","caption":"ayuntamiento"}}]}},"uagb_featured_image_src":{"full":false,"thumbnail":false,"medium":false,"medium_large":false,"large":false,"thumblist":false,"thumbrelated":false,"meccarouselthumb":false,"gridsquare":false,"tileview":false,"1536x1536":false,"2048x2048":false},"uagb_author_info":{"display_name":"ayuntamiento","author_link":"https:\/\/coria.org\/ayuntamiento\/index.php\/author\/ayuntamiento\/"},"uagb_comment_info":0,"uagb_excerpt":"El Ayuntamiento de Coria informa que el segundo pago de matr\u00edcula (modalidad de pago fraccionado) para el alumnado del ILM sede Coria, ser\u00e1 del 5 al 16 de noviembre de 2012. Para ello, el alumnado deber\u00e1 descargarse el bolet\u00edn y entregarlo personalmente junto con el justificante bancario en la Oficina Municipal de Juventud de Coria&hellip;","_links":{"self":[{"href":"https:\/\/coria.org\/ayuntamiento\/index.php\/wp-json\/wp\/v2\/posts\/26411","targetHints":{"allow":["GET"]}}],"collection":[{"href":"https:\/\/coria.org\/ayuntamiento\/index.php\/wp-json\/wp\/v2\/posts"}],"about":[{"href":"https:\/\/coria.org\/ayuntamiento\/index.php\/wp-json\/wp\/v2\/types\/post"}],"author":[{"embeddable":true,"href":"https:\/\/coria.org\/ayuntamiento\/index.php\/wp-json\/wp\/v2\/users\/2"}],"replies":[{"embeddable":true,"href":"https:\/\/coria.org\/ayuntamiento\/index.php\/wp-json\/wp\/v2\/comments?post=26411"}],"version-history":[{"count":0,"href":"https:\/\/coria.org\/ayuntamiento\/index.php\/wp-json\/wp\/v2\/posts\/26411\/revisions"}],"wp:attachment":[{"href":"https:\/\/coria.org\/ayuntamiento\/index.php\/wp-json\/wp\/v2\/media?parent=26411"}],"wp:term":[{"taxonomy":"category","embeddable":true,"href":"https:\/\/coria.org\/ayuntamiento\/index.php\/wp-json\/wp\/v2\/categories?post=26411"},{"taxonomy":"post_tag","embeddable":true,"href":"https:\/\/coria.org\/ayuntamiento\/index.php\/wp-json\/wp\/v2\/tags?post=26411"}],"curies":[{"name":"wp","href":"https:\/\/api.w.org\/{rel}","templated":true}]}}