{"id":26384,"date":"2012-12-03T00:00:00","date_gmt":"2012-12-02T23:00:00","guid":{"rendered":"https:\/\/ayuntamiento.coriaenimagenes.com\/roban-en-coria-parte-de-la-cesta-de-navidad-sorteada-por-proteccion-civil\/"},"modified":"2023-09-18T12:43:23","modified_gmt":"2023-09-18T10:43:23","slug":"roban-en-coria-parte-de-la-cesta-de-navidad-sorteada-por-proteccion-civil","status":"publish","type":"post","link":"https:\/\/coria.org\/ayuntamiento\/index.php\/2012\/12\/03\/roban-en-coria-parte-de-la-cesta-de-navidad-sorteada-por-proteccion-civil\/","title":{"rendered":"Roban en Coria parte de la Cesta de Navidad sorteada por Protecci\u00f3n Civil"},"content":{"rendered":"\n<p><b>Los ladrones se llevaron parte de esta cesta destinada a fines ben\u00e9ficos <\/b><\/p>\n\n\n\n<p>El escaparate ubicado en una de las zonas principales de la ciudad, concretamente en la avenida Virgen de Argeme, ha sido objeto de robo durante la madrugada del pasado s\u00e1bado. <\/p>\n\n\n\n<p>El lugar afectado, concretamente el n\u00famero 15 de dicha avenida, tiene expuesta una cesta con diversos productos que iban destinados a un fin solidario, puesto que formaban parte de una campa\u00f1a promovida por la Agrupaci\u00f3n de Protecci\u00f3n Civil de Coria en la que se sortea una gran cesta navide\u00f1a para recaudar fondos con el fin de comprar juguetes que luego ir\u00e1n destinados a familias con escasos recursos econ\u00f3micos.<\/p>\n\n\n\n<p>Felipe Llanos, el coordinador de la agrupaci\u00f3n, ha explicado que la cerradura de la puerta estaba forzada, por lo que se siente muy dolido ya que han robado objetos que van destinados a una buena causa. \u00abSe han llevado cajas de dulces, garrafas de aceite, zumos y dos paletas de jam\u00f3n\u00bb, seg\u00fan ha confirmado Llanos, todo esto valorado en unos 200 euros que se repondr\u00e1n con los fondos recaudados de las papeletas vendidas hasta el momento.<\/p>\n\n\n\n<p>A\u00fan as\u00ed, ha querido explicar que desde la Agrupaci\u00f3n de Protecci\u00f3n Civil de Coria la campa\u00f1a sigue en marcha, la cesta se rifar\u00e1 el 14 de diciembre, como estaba previsto, y la compra de juguetes se har\u00e1 efectiva, ya que \u00ablos ni\u00f1os son los que menos culpa tienen y tienen derecho a disfrutar de estas fechas tan especiales con sus regalos, aunque quiz\u00e1s el n\u00famero de juguetes que podr\u00e1 adquirirse ser\u00e1 inferior al previsto al principio\u00bb, afirm\u00f3.<\/p>\n\n\n\n<p>Igualmente ha querido resaltar, que el d\u00eda 7 de diciembre, durante la II Coria Shopping Night, se encontrar\u00e1n ubicados en la plaza de la Casa de Cultura caracterizados de duendes para recoger todos los juguetes que los ciudadanos quieran donar.<\/p>\n","protected":false},"excerpt":{"rendered":"<p>Los ladrones se llevaron parte de esta cesta destinada a fines ben\u00e9ficos El escaparate ubicado en una de las zonas principales de la ciudad, concretamente en la avenida Virgen de Argeme, ha sido objeto de robo durante la madrugada del pasado s\u00e1bado. El lugar afectado, concretamente el n\u00famero 15 de dicha avenida, tiene expuesta una [&hellip;]<\/p>\n","protected":false},"author":2,"featured_media":0,"comment_status":"closed","ping_status":"closed","sticky":false,"template":"","format":"standard","meta":{"_uag_custom_page_level_css":"","footnotes":""},"categories":[2],"tags":[1017,1494],"class_list":["post-26384","post","type-post","status-publish","format-standard","hentry","category-noticias","tag-proteccion-civil","tag-robo"],"yoast_head":"<!-- This site is optimized with the Yoast SEO plugin v27.4 - https:\/\/yoast.com\/product\/yoast-seo-wordpress\/ -->\n<title>Roban en Coria parte de la Cesta de Navidad sorteada por Protecci\u00f3n Civil - Ayuntamiento de Coria<\/title>\n<meta name=\"robots\" content=\"index, follow, max-snippet:-1, max-image-preview:large, max-video-preview:-1\" \/>\n<link rel=\"canonical\" href=\"https:\/\/coria.org\/ayuntamiento\/index.php\/2012\/12\/03\/roban-en-coria-parte-de-la-cesta-de-navidad-sorteada-por-proteccion-civil\/\" \/>\n<meta property=\"og:locale\" content=\"es_ES\" \/>\n<meta property=\"og:type\" content=\"article\" \/>\n<meta property=\"og:title\" content=\"Roban en Coria parte de la Cesta de Navidad sorteada por Protecci\u00f3n Civil - Ayuntamiento de Coria\" \/>\n<meta property=\"og:description\" content=\"Los ladrones se llevaron parte de esta cesta destinada a fines ben\u00e9ficos El escaparate ubicado en una de las zonas principales de la ciudad, concretamente en la avenida Virgen de Argeme, ha sido objeto de robo durante la madrugada del pasado s\u00e1bado. El lugar afectado, concretamente el n\u00famero 15 de dicha avenida, tiene expuesta una [&hellip;]\" \/>\n<meta property=\"og:url\" content=\"https:\/\/coria.org\/ayuntamiento\/index.php\/2012\/12\/03\/roban-en-coria-parte-de-la-cesta-de-navidad-sorteada-por-proteccion-civil\/\" \/>\n<meta property=\"og:site_name\" content=\"Ayuntamiento de Coria\" \/>\n<meta property=\"article:publisher\" content=\"https:\/\/www.facebook.com\/Ayuntamiento.de.Coria\" \/>\n<meta property=\"article:published_time\" content=\"2012-12-02T23:00:00+00:00\" \/>\n<meta property=\"article:modified_time\" content=\"2023-09-18T10:43:23+00:00\" \/>\n<meta name=\"author\" content=\"ayuntamiento\" \/>\n<meta name=\"twitter:card\" content=\"summary_large_image\" \/>\n<meta name=\"twitter:creator\" content=\"@Ayto_de_Coria\" \/>\n<meta name=\"twitter:site\" content=\"@Ayto_de_Coria\" \/>\n<meta name=\"twitter:label1\" content=\"Escrito por\" \/>\n\t<meta name=\"twitter:data1\" content=\"ayuntamiento\" \/>\n\t<meta name=\"twitter:label2\" content=\"Tiempo de lectura\" \/>\n\t<meta name=\"twitter:data2\" content=\"2 minutos\" \/>\n<script type=\"application\/ld+json\" class=\"yoast-schema-graph\">{\"@context\":\"https:\\\/\\\/schema.org\",\"@graph\":[{\"@type\":\"Article\",\"@id\":\"https:\\\/\\\/coria.org\\\/ayuntamiento\\\/index.php\\\/2012\\\/12\\\/03\\\/roban-en-coria-parte-de-la-cesta-de-navidad-sorteada-por-proteccion-civil\\\/#article\",\"isPartOf\":{\"@id\":\"https:\\\/\\\/coria.org\\\/ayuntamiento\\\/index.php\\\/2012\\\/12\\\/03\\\/roban-en-coria-parte-de-la-cesta-de-navidad-sorteada-por-proteccion-civil\\\/\"},\"author\":{\"name\":\"ayuntamiento\",\"@id\":\"https:\\\/\\\/coria.org\\\/ayuntamiento\\\/#\\\/schema\\\/person\\\/8bd589f0e13e8ae5aa06def7a599d622\"},\"headline\":\"Roban en Coria parte de la Cesta de Navidad sorteada por Protecci\u00f3n Civil\",\"datePublished\":\"2012-12-02T23:00:00+00:00\",\"dateModified\":\"2023-09-18T10:43:23+00:00\",\"mainEntityOfPage\":{\"@id\":\"https:\\\/\\\/coria.org\\\/ayuntamiento\\\/index.php\\\/2012\\\/12\\\/03\\\/roban-en-coria-parte-de-la-cesta-de-navidad-sorteada-por-proteccion-civil\\\/\"},\"wordCount\":335,\"publisher\":{\"@id\":\"https:\\\/\\\/coria.org\\\/ayuntamiento\\\/#organization\"},\"keywords\":[\"proteccion civil\",\"robo\"],\"articleSection\":[\"Noticias\"],\"inLanguage\":\"es\"},{\"@type\":\"WebPage\",\"@id\":\"https:\\\/\\\/coria.org\\\/ayuntamiento\\\/index.php\\\/2012\\\/12\\\/03\\\/roban-en-coria-parte-de-la-cesta-de-navidad-sorteada-por-proteccion-civil\\\/\",\"url\":\"https:\\\/\\\/coria.org\\\/ayuntamiento\\\/index.php\\\/2012\\\/12\\\/03\\\/roban-en-coria-parte-de-la-cesta-de-navidad-sorteada-por-proteccion-civil\\\/\",\"name\":\"Roban en Coria parte de la Cesta de Navidad sorteada por Protecci\u00f3n Civil - Ayuntamiento de Coria\",\"isPartOf\":{\"@id\":\"https:\\\/\\\/coria.org\\\/ayuntamiento\\\/#website\"},\"datePublished\":\"2012-12-02T23:00:00+00:00\",\"dateModified\":\"2023-09-18T10:43:23+00:00\",\"breadcrumb\":{\"@id\":\"https:\\\/\\\/coria.org\\\/ayuntamiento\\\/index.php\\\/2012\\\/12\\\/03\\\/roban-en-coria-parte-de-la-cesta-de-navidad-sorteada-por-proteccion-civil\\\/#breadcrumb\"},\"inLanguage\":\"es\",\"potentialAction\":[{\"@type\":\"ReadAction\",\"target\":[\"https:\\\/\\\/coria.org\\\/ayuntamiento\\\/index.php\\\/2012\\\/12\\\/03\\\/roban-en-coria-parte-de-la-cesta-de-navidad-sorteada-por-proteccion-civil\\\/\"]}]},{\"@type\":\"BreadcrumbList\",\"@id\":\"https:\\\/\\\/coria.org\\\/ayuntamiento\\\/index.php\\\/2012\\\/12\\\/03\\\/roban-en-coria-parte-de-la-cesta-de-navidad-sorteada-por-proteccion-civil\\\/#breadcrumb\",\"itemListElement\":[{\"@type\":\"ListItem\",\"position\":1,\"name\":\"Inicio\",\"item\":\"https:\\\/\\\/coria.org\\\/ayuntamiento\\\/\"},{\"@type\":\"ListItem\",\"position\":2,\"name\":\"Roban en Coria parte de la Cesta de Navidad sorteada por Protecci\u00f3n Civil\"}]},{\"@type\":\"WebSite\",\"@id\":\"https:\\\/\\\/coria.org\\\/ayuntamiento\\\/#website\",\"url\":\"https:\\\/\\\/coria.org\\\/ayuntamiento\\\/\",\"name\":\"Ayuntamiento de Coria\",\"description\":\"Web oficial del Ayuntamiento de Coria\",\"publisher\":{\"@id\":\"https:\\\/\\\/coria.org\\\/ayuntamiento\\\/#organization\"},\"alternateName\":\"Web Oficial del Ayuntamiento de Coria\",\"potentialAction\":[{\"@type\":\"SearchAction\",\"target\":{\"@type\":\"EntryPoint\",\"urlTemplate\":\"https:\\\/\\\/coria.org\\\/ayuntamiento\\\/?s={search_term_string}\"},\"query-input\":{\"@type\":\"PropertyValueSpecification\",\"valueRequired\":true,\"valueName\":\"search_term_string\"}}],\"inLanguage\":\"es\"},{\"@type\":\"Organization\",\"@id\":\"https:\\\/\\\/coria.org\\\/ayuntamiento\\\/#organization\",\"name\":\"Ayuntamiento de Coria\",\"alternateName\":\"Ayto de Coria\",\"url\":\"https:\\\/\\\/coria.org\\\/ayuntamiento\\\/\",\"logo\":{\"@type\":\"ImageObject\",\"inLanguage\":\"es\",\"@id\":\"https:\\\/\\\/coria.org\\\/ayuntamiento\\\/#\\\/schema\\\/logo\\\/image\\\/\",\"url\":\"https:\\\/\\\/coria.org\\\/ayuntamiento\\\/wp-content\\\/uploads\\\/2020\\\/12\\\/escudo-ayuntamiento-coria.png\",\"contentUrl\":\"https:\\\/\\\/coria.org\\\/ayuntamiento\\\/wp-content\\\/uploads\\\/2020\\\/12\\\/escudo-ayuntamiento-coria.png\",\"width\":511,\"height\":240,\"caption\":\"Ayuntamiento de Coria\"},\"image\":{\"@id\":\"https:\\\/\\\/coria.org\\\/ayuntamiento\\\/#\\\/schema\\\/logo\\\/image\\\/\"},\"sameAs\":[\"https:\\\/\\\/www.facebook.com\\\/Ayuntamiento.de.Coria\",\"https:\\\/\\\/x.com\\\/Ayto_de_Coria\",\"https:\\\/\\\/www.instagram.com\\\/coria.ayuntamiento\\\/\",\"https:\\\/\\\/www.youtube.com\\\/user\\\/AYUNTAMIENTOCORIA\"]},{\"@type\":\"Person\",\"@id\":\"https:\\\/\\\/coria.org\\\/ayuntamiento\\\/#\\\/schema\\\/person\\\/8bd589f0e13e8ae5aa06def7a599d622\",\"name\":\"ayuntamiento\",\"image\":{\"@type\":\"ImageObject\",\"inLanguage\":\"es\",\"@id\":\"https:\\\/\\\/secure.gravatar.com\\\/avatar\\\/966e5ed73cad334adda5c87f49f2547f7082f7292c1b627cbb548744383b391c?s=96&d=mm&r=g\",\"url\":\"https:\\\/\\\/secure.gravatar.com\\\/avatar\\\/966e5ed73cad334adda5c87f49f2547f7082f7292c1b627cbb548744383b391c?s=96&d=mm&r=g\",\"contentUrl\":\"https:\\\/\\\/secure.gravatar.com\\\/avatar\\\/966e5ed73cad334adda5c87f49f2547f7082f7292c1b627cbb548744383b391c?s=96&d=mm&r=g\",\"caption\":\"ayuntamiento\"}}]}<\/script>\n<!-- \/ Yoast SEO plugin. -->","yoast_head_json":{"title":"Roban en Coria parte de la Cesta de Navidad sorteada por Protecci\u00f3n Civil - Ayuntamiento de Coria","robots":{"index":"index","follow":"follow","max-snippet":"max-snippet:-1","max-image-preview":"max-image-preview:large","max-video-preview":"max-video-preview:-1"},"canonical":"https:\/\/coria.org\/ayuntamiento\/index.php\/2012\/12\/03\/roban-en-coria-parte-de-la-cesta-de-navidad-sorteada-por-proteccion-civil\/","og_locale":"es_ES","og_type":"article","og_title":"Roban en Coria parte de la Cesta de Navidad sorteada por Protecci\u00f3n Civil - Ayuntamiento de Coria","og_description":"Los ladrones se llevaron parte de esta cesta destinada a fines ben\u00e9ficos El escaparate ubicado en una de las zonas principales de la ciudad, concretamente en la avenida Virgen de Argeme, ha sido objeto de robo durante la madrugada del pasado s\u00e1bado. El lugar afectado, concretamente el n\u00famero 15 de dicha avenida, tiene expuesta una [&hellip;]","og_url":"https:\/\/coria.org\/ayuntamiento\/index.php\/2012\/12\/03\/roban-en-coria-parte-de-la-cesta-de-navidad-sorteada-por-proteccion-civil\/","og_site_name":"Ayuntamiento de Coria","article_publisher":"https:\/\/www.facebook.com\/Ayuntamiento.de.Coria","article_published_time":"2012-12-02T23:00:00+00:00","article_modified_time":"2023-09-18T10:43:23+00:00","author":"ayuntamiento","twitter_card":"summary_large_image","twitter_creator":"@Ayto_de_Coria","twitter_site":"@Ayto_de_Coria","twitter_misc":{"Escrito por":"ayuntamiento","Tiempo de lectura":"2 minutos"},"schema":{"@context":"https:\/\/schema.org","@graph":[{"@type":"Article","@id":"https:\/\/coria.org\/ayuntamiento\/index.php\/2012\/12\/03\/roban-en-coria-parte-de-la-cesta-de-navidad-sorteada-por-proteccion-civil\/#article","isPartOf":{"@id":"https:\/\/coria.org\/ayuntamiento\/index.php\/2012\/12\/03\/roban-en-coria-parte-de-la-cesta-de-navidad-sorteada-por-proteccion-civil\/"},"author":{"name":"ayuntamiento","@id":"https:\/\/coria.org\/ayuntamiento\/#\/schema\/person\/8bd589f0e13e8ae5aa06def7a599d622"},"headline":"Roban en Coria parte de la Cesta de Navidad sorteada por Protecci\u00f3n Civil","datePublished":"2012-12-02T23:00:00+00:00","dateModified":"2023-09-18T10:43:23+00:00","mainEntityOfPage":{"@id":"https:\/\/coria.org\/ayuntamiento\/index.php\/2012\/12\/03\/roban-en-coria-parte-de-la-cesta-de-navidad-sorteada-por-proteccion-civil\/"},"wordCount":335,"publisher":{"@id":"https:\/\/coria.org\/ayuntamiento\/#organization"},"keywords":["proteccion civil","robo"],"articleSection":["Noticias"],"inLanguage":"es"},{"@type":"WebPage","@id":"https:\/\/coria.org\/ayuntamiento\/index.php\/2012\/12\/03\/roban-en-coria-parte-de-la-cesta-de-navidad-sorteada-por-proteccion-civil\/","url":"https:\/\/coria.org\/ayuntamiento\/index.php\/2012\/12\/03\/roban-en-coria-parte-de-la-cesta-de-navidad-sorteada-por-proteccion-civil\/","name":"Roban en Coria parte de la Cesta de Navidad sorteada por Protecci\u00f3n Civil - Ayuntamiento de Coria","isPartOf":{"@id":"https:\/\/coria.org\/ayuntamiento\/#website"},"datePublished":"2012-12-02T23:00:00+00:00","dateModified":"2023-09-18T10:43:23+00:00","breadcrumb":{"@id":"https:\/\/coria.org\/ayuntamiento\/index.php\/2012\/12\/03\/roban-en-coria-parte-de-la-cesta-de-navidad-sorteada-por-proteccion-civil\/#breadcrumb"},"inLanguage":"es","potentialAction":[{"@type":"ReadAction","target":["https:\/\/coria.org\/ayuntamiento\/index.php\/2012\/12\/03\/roban-en-coria-parte-de-la-cesta-de-navidad-sorteada-por-proteccion-civil\/"]}]},{"@type":"BreadcrumbList","@id":"https:\/\/coria.org\/ayuntamiento\/index.php\/2012\/12\/03\/roban-en-coria-parte-de-la-cesta-de-navidad-sorteada-por-proteccion-civil\/#breadcrumb","itemListElement":[{"@type":"ListItem","position":1,"name":"Inicio","item":"https:\/\/coria.org\/ayuntamiento\/"},{"@type":"ListItem","position":2,"name":"Roban en Coria parte de la Cesta de Navidad sorteada por Protecci\u00f3n Civil"}]},{"@type":"WebSite","@id":"https:\/\/coria.org\/ayuntamiento\/#website","url":"https:\/\/coria.org\/ayuntamiento\/","name":"Ayuntamiento de Coria","description":"Web oficial del Ayuntamiento de Coria","publisher":{"@id":"https:\/\/coria.org\/ayuntamiento\/#organization"},"alternateName":"Web Oficial del Ayuntamiento de Coria","potentialAction":[{"@type":"SearchAction","target":{"@type":"EntryPoint","urlTemplate":"https:\/\/coria.org\/ayuntamiento\/?s={search_term_string}"},"query-input":{"@type":"PropertyValueSpecification","valueRequired":true,"valueName":"search_term_string"}}],"inLanguage":"es"},{"@type":"Organization","@id":"https:\/\/coria.org\/ayuntamiento\/#organization","name":"Ayuntamiento de Coria","alternateName":"Ayto de Coria","url":"https:\/\/coria.org\/ayuntamiento\/","logo":{"@type":"ImageObject","inLanguage":"es","@id":"https:\/\/coria.org\/ayuntamiento\/#\/schema\/logo\/image\/","url":"https:\/\/coria.org\/ayuntamiento\/wp-content\/uploads\/2020\/12\/escudo-ayuntamiento-coria.png","contentUrl":"https:\/\/coria.org\/ayuntamiento\/wp-content\/uploads\/2020\/12\/escudo-ayuntamiento-coria.png","width":511,"height":240,"caption":"Ayuntamiento de Coria"},"image":{"@id":"https:\/\/coria.org\/ayuntamiento\/#\/schema\/logo\/image\/"},"sameAs":["https:\/\/www.facebook.com\/Ayuntamiento.de.Coria","https:\/\/x.com\/Ayto_de_Coria","https:\/\/www.instagram.com\/coria.ayuntamiento\/","https:\/\/www.youtube.com\/user\/AYUNTAMIENTOCORIA"]},{"@type":"Person","@id":"https:\/\/coria.org\/ayuntamiento\/#\/schema\/person\/8bd589f0e13e8ae5aa06def7a599d622","name":"ayuntamiento","image":{"@type":"ImageObject","inLanguage":"es","@id":"https:\/\/secure.gravatar.com\/avatar\/966e5ed73cad334adda5c87f49f2547f7082f7292c1b627cbb548744383b391c?s=96&d=mm&r=g","url":"https:\/\/secure.gravatar.com\/avatar\/966e5ed73cad334adda5c87f49f2547f7082f7292c1b627cbb548744383b391c?s=96&d=mm&r=g","contentUrl":"https:\/\/secure.gravatar.com\/avatar\/966e5ed73cad334adda5c87f49f2547f7082f7292c1b627cbb548744383b391c?s=96&d=mm&r=g","caption":"ayuntamiento"}}]}},"uagb_featured_image_src":{"full":false,"thumbnail":false,"medium":false,"medium_large":false,"large":false,"thumblist":false,"thumbrelated":false,"meccarouselthumb":false,"gridsquare":false,"tileview":false,"1536x1536":false,"2048x2048":false},"uagb_author_info":{"display_name":"ayuntamiento","author_link":"https:\/\/coria.org\/ayuntamiento\/index.php\/author\/ayuntamiento\/"},"uagb_comment_info":0,"uagb_excerpt":"Los ladrones se llevaron parte de esta cesta destinada a fines ben\u00e9ficos El escaparate ubicado en una de las zonas principales de la ciudad, concretamente en la avenida Virgen de Argeme, ha sido objeto de robo durante la madrugada del pasado s\u00e1bado. El lugar afectado, concretamente el n\u00famero 15 de dicha avenida, tiene expuesta una&hellip;","_links":{"self":[{"href":"https:\/\/coria.org\/ayuntamiento\/index.php\/wp-json\/wp\/v2\/posts\/26384","targetHints":{"allow":["GET"]}}],"collection":[{"href":"https:\/\/coria.org\/ayuntamiento\/index.php\/wp-json\/wp\/v2\/posts"}],"about":[{"href":"https:\/\/coria.org\/ayuntamiento\/index.php\/wp-json\/wp\/v2\/types\/post"}],"author":[{"embeddable":true,"href":"https:\/\/coria.org\/ayuntamiento\/index.php\/wp-json\/wp\/v2\/users\/2"}],"replies":[{"embeddable":true,"href":"https:\/\/coria.org\/ayuntamiento\/index.php\/wp-json\/wp\/v2\/comments?post=26384"}],"version-history":[{"count":0,"href":"https:\/\/coria.org\/ayuntamiento\/index.php\/wp-json\/wp\/v2\/posts\/26384\/revisions"}],"wp:attachment":[{"href":"https:\/\/coria.org\/ayuntamiento\/index.php\/wp-json\/wp\/v2\/media?parent=26384"}],"wp:term":[{"taxonomy":"category","embeddable":true,"href":"https:\/\/coria.org\/ayuntamiento\/index.php\/wp-json\/wp\/v2\/categories?post=26384"},{"taxonomy":"post_tag","embeddable":true,"href":"https:\/\/coria.org\/ayuntamiento\/index.php\/wp-json\/wp\/v2\/tags?post=26384"}],"curies":[{"name":"wp","href":"https:\/\/api.w.org\/{rel}","templated":true}]}}