{"id":26279,"date":"2013-04-18T00:00:00","date_gmt":"2013-04-17T22:00:00","guid":{"rendered":"https:\/\/ayuntamiento.coriaenimagenes.com\/la-v-feria-del-vehiculo-de-ocasion-se-celebrara-este-fin-de-semana-en-coria\/"},"modified":"2024-02-27T08:27:39","modified_gmt":"2024-02-27T07:27:39","slug":"la-v-feria-del-vehiculo-de-ocasion-se-celebrara-este-fin-de-semana-en-coria","status":"publish","type":"post","link":"https:\/\/coria.org\/ayuntamiento\/index.php\/2013\/04\/18\/la-v-feria-del-vehiculo-de-ocasion-se-celebrara-este-fin-de-semana-en-coria\/","title":{"rendered":"La V Feria del Veh\u00edculo de Ocasi\u00f3n se celebrar\u00e1 este fin de semana en Coria"},"content":{"rendered":"\n<p>El alcalde ha presentado junto a la Asociaci\u00f3n de Empresarios de Coria y Comarca (Asecoc) la programaci\u00f3n<\/p>\n\n\n<figure class=\"wp-block-post-featured-image\"><img loading=\"lazy\" decoding=\"async\" width=\"1024\" height=\"576\" src=\"https:\/\/coria.org\/ayuntamiento\/wp-content\/uploads\/2013\/04\/8660926408_2c3a75f4e5_o.jpg\" class=\"attachment-post-thumbnail size-post-thumbnail wp-post-image\" alt=\"\" style=\"object-fit:cover;\" srcset=\"https:\/\/coria.org\/ayuntamiento\/wp-content\/uploads\/2013\/04\/8660926408_2c3a75f4e5_o.jpg 1024w, https:\/\/coria.org\/ayuntamiento\/wp-content\/uploads\/2013\/04\/8660926408_2c3a75f4e5_o-300x169.jpg 300w, https:\/\/coria.org\/ayuntamiento\/wp-content\/uploads\/2013\/04\/8660926408_2c3a75f4e5_o-768x432.jpg 768w\" sizes=\"auto, (max-width: 1024px) 100vw, 1024px\" \/><\/figure>\n\n\n<p>El alcalde ha presentado junto a la Asociaci\u00f3n de Empresarios de Coria y Comarca (Asecoc) la programaci\u00f3n<\/p>\n\n\n\n<p>Esta ma\u00f1ana se ha presentado la Feria del Veh\u00edculo de Ocasi\u00f3n, que tendr\u00e1 lugar los d\u00edas 19, 20 y 21 de abril, en las instalaciones Municipales de Merco, y que reunir\u00e1 m\u00e1s de 150 veh\u00edculos.El alcalde ha destacado, por parte del Ayuntamiento, \u00abque esta es una feria que est\u00e1 ya muy consolidada y que tiene que estarlo a\u00fan m\u00e1s\u00bb. La incidencia que tiene el sector automovil\u00edstico en la ciudad de Coria y en toda nuestra comarca es muy importante, tanto con los empresarios como con la venta de veh\u00edculos, ya que son muchas las empresas que hay en nuestra zona dedicadas a la venta de coches, adem\u00e1s, indirectamente, este sector reporta un beneficio muy importante.<\/p>\n\n\n\n<p>El motivo de apoyo a este sector, como ha explicado Garc\u00eda Ballestero, es \u00abprimero por la riqueza que genera en la peque\u00f1a y media empresa y en los aut\u00f3nomos y tambi\u00e9n por la riqueza indirecta que genera en el sector servicio de la ciudad y en el propio Ayuntamiento\u00bb.<\/p>\n\n\n\n<p>El alcalde para finalizar, ha querido invitar a todo el mundo y desear todo tipo de \u00e9xitos a los empresarios, \u00abque salga todo muy bien y desear que haya muy buenas ventas, muchos contactos para futuras ventas y que Coria sea este fin de semana el punto de encuentro para el sector del autom\u00f3vil de segunda mano del norte de la provincia de C\u00e1ceres. Adem\u00e1s quiero felicitar al presidente de la Asociaci\u00f3n por el magn\u00edfico trabajo que ha realizado\u00bb.<\/p>\n\n\n\n<figure class=\"wp-block-image alignleft size-full is-resized\"><a href=\"https:\/\/youtu.be\/2ATB9YNcquw?si=cJiwvbWfEUlFXrOm\" target=\"_blank\" rel=\"noreferrer noopener\"><img loading=\"lazy\" decoding=\"async\" width=\"1024\" height=\"576\" src=\"https:\/\/coria.org\/ayuntamiento\/wp-content\/uploads\/2023\/05\/youvehi13-1.jpg\" alt=\"\" class=\"wp-image-42891\" style=\"width:553px;height:auto\" srcset=\"https:\/\/coria.org\/ayuntamiento\/wp-content\/uploads\/2023\/05\/youvehi13-1.jpg 1024w, https:\/\/coria.org\/ayuntamiento\/wp-content\/uploads\/2023\/05\/youvehi13-1-300x169.jpg 300w, https:\/\/coria.org\/ayuntamiento\/wp-content\/uploads\/2023\/05\/youvehi13-1-768x432.jpg 768w\" sizes=\"auto, (max-width: 1024px) 100vw, 1024px\" \/><\/a><\/figure>\n\n\n\n<p>Por su parte el presidente de la Asociaci\u00f3n de Empresarios de Coria y Comarca (Asecoc), Jer\u00f3nimo Sanguilinda, ha agradecido al Ayuntamiento \u00abel apoyo incondicional que nos ha mostrado en esta V edici\u00f3n de la Feria, ya que es un gran apoyo, tanto en infraestructuras como a nivel personal\u00bb.<\/p>\n\n\n\n<p>Como ha explicado el presidente de la asociaci\u00f3n, \u00ablos verdaderos protagonistas son los empresarios que vamos a estar all\u00ed, no en vano hay que pensar que este tipo de eventos conlleva mucho tiempo y mucho dinero\u00bb.<\/p>\n\n\n\n<p>En las instalaciones Municipales de Merco se va a generar en un espacio donde va a tener encuentro la demanda y la oferta, y por el momento que est\u00e1 atravesando este sector viene muy bien la potenciaci\u00f3n de estas ferias.<\/p>\n\n\n\n<p>En la feria participar\u00e1n doce empresas locales, entre ellas dos autoescuelas que amenizar\u00e1n el fin de semana con demostraciones sobre la seguridad vial, adem\u00e1s de algunos concursos.<\/p>\n\n\n\n<p>Para finalizar, Sanguilinda explic\u00f3 que este a\u00f1o se realizar\u00e1 una subasta f\u00edsica permanente, donde se podr\u00e1 pujar por cada uno de los veh\u00edculos expuestos y beneficiarse de grandes descuentos.<\/p>\n","protected":false},"excerpt":{"rendered":"<p>El alcalde ha presentado junto a la Asociaci\u00f3n de Empresarios de Coria y Comarca (Asecoc) la programaci\u00f3n El alcalde ha presentado junto a la Asociaci\u00f3n de Empresarios de Coria y Comarca (Asecoc) la programaci\u00f3n Esta ma\u00f1ana se ha presentado la Feria del Veh\u00edculo de Ocasi\u00f3n, que tendr\u00e1 lugar los d\u00edas 19, 20 y 21 de [&hellip;]<\/p>\n","protected":false},"author":2,"featured_media":34351,"comment_status":"closed","ping_status":"closed","sticky":false,"template":"","format":"standard","meta":{"_uag_custom_page_level_css":"","footnotes":""},"categories":[2],"tags":[1462],"class_list":["post-26279","post","type-post","status-publish","format-standard","has-post-thumbnail","hentry","category-noticias","tag-feria-del-vehiculo"],"yoast_head":"<!-- This site is optimized with the Yoast SEO plugin v27.5 - https:\/\/yoast.com\/product\/yoast-seo-wordpress\/ -->\n<title>La V Feria del Veh\u00edculo de Ocasi\u00f3n se celebrar\u00e1 este fin de semana en Coria - Ayuntamiento de Coria<\/title>\n<meta name=\"robots\" content=\"index, follow, max-snippet:-1, max-image-preview:large, max-video-preview:-1\" \/>\n<link rel=\"canonical\" href=\"https:\/\/coria.org\/ayuntamiento\/index.php\/2013\/04\/18\/la-v-feria-del-vehiculo-de-ocasion-se-celebrara-este-fin-de-semana-en-coria\/\" \/>\n<meta property=\"og:locale\" content=\"es_ES\" \/>\n<meta property=\"og:type\" content=\"article\" \/>\n<meta property=\"og:title\" content=\"La V Feria del Veh\u00edculo de Ocasi\u00f3n se celebrar\u00e1 este fin de semana en Coria - Ayuntamiento de Coria\" \/>\n<meta property=\"og:description\" content=\"El alcalde ha presentado junto a la Asociaci\u00f3n de Empresarios de Coria y Comarca (Asecoc) la programaci\u00f3n El alcalde ha presentado junto a la Asociaci\u00f3n de Empresarios de Coria y Comarca (Asecoc) la programaci\u00f3n Esta ma\u00f1ana se ha presentado la Feria del Veh\u00edculo de Ocasi\u00f3n, que tendr\u00e1 lugar los d\u00edas 19, 20 y 21 de [&hellip;]\" \/>\n<meta property=\"og:url\" content=\"https:\/\/coria.org\/ayuntamiento\/index.php\/2013\/04\/18\/la-v-feria-del-vehiculo-de-ocasion-se-celebrara-este-fin-de-semana-en-coria\/\" \/>\n<meta property=\"og:site_name\" content=\"Ayuntamiento de Coria\" \/>\n<meta property=\"article:publisher\" content=\"https:\/\/www.facebook.com\/Ayuntamiento.de.Coria\" \/>\n<meta property=\"article:published_time\" content=\"2013-04-17T22:00:00+00:00\" \/>\n<meta property=\"article:modified_time\" content=\"2024-02-27T07:27:39+00:00\" \/>\n<meta property=\"og:image\" content=\"https:\/\/coria.org\/ayuntamiento\/wp-content\/uploads\/2013\/04\/8660926408_2c3a75f4e5_o.jpg\" \/>\n\t<meta property=\"og:image:width\" content=\"1024\" \/>\n\t<meta property=\"og:image:height\" content=\"576\" \/>\n\t<meta property=\"og:image:type\" content=\"image\/jpeg\" \/>\n<meta name=\"author\" content=\"ayuntamiento\" \/>\n<meta name=\"twitter:card\" content=\"summary_large_image\" \/>\n<meta name=\"twitter:creator\" content=\"@Ayto_de_Coria\" \/>\n<meta name=\"twitter:site\" content=\"@Ayto_de_Coria\" \/>\n<meta name=\"twitter:label1\" content=\"Escrito por\" \/>\n\t<meta name=\"twitter:data1\" content=\"ayuntamiento\" \/>\n\t<meta name=\"twitter:label2\" content=\"Tiempo de lectura\" \/>\n\t<meta name=\"twitter:data2\" content=\"2 minutos\" \/>\n<script type=\"application\/ld+json\" class=\"yoast-schema-graph\">{\"@context\":\"https:\\\/\\\/schema.org\",\"@graph\":[{\"@type\":\"Article\",\"@id\":\"https:\\\/\\\/coria.org\\\/ayuntamiento\\\/index.php\\\/2013\\\/04\\\/18\\\/la-v-feria-del-vehiculo-de-ocasion-se-celebrara-este-fin-de-semana-en-coria\\\/#article\",\"isPartOf\":{\"@id\":\"https:\\\/\\\/coria.org\\\/ayuntamiento\\\/index.php\\\/2013\\\/04\\\/18\\\/la-v-feria-del-vehiculo-de-ocasion-se-celebrara-este-fin-de-semana-en-coria\\\/\"},\"author\":{\"name\":\"ayuntamiento\",\"@id\":\"https:\\\/\\\/coria.org\\\/ayuntamiento\\\/#\\\/schema\\\/person\\\/8bd589f0e13e8ae5aa06def7a599d622\"},\"headline\":\"La V Feria del Veh\u00edculo de Ocasi\u00f3n se celebrar\u00e1 este fin de semana en Coria\",\"datePublished\":\"2013-04-17T22:00:00+00:00\",\"dateModified\":\"2024-02-27T07:27:39+00:00\",\"mainEntityOfPage\":{\"@id\":\"https:\\\/\\\/coria.org\\\/ayuntamiento\\\/index.php\\\/2013\\\/04\\\/18\\\/la-v-feria-del-vehiculo-de-ocasion-se-celebrara-este-fin-de-semana-en-coria\\\/\"},\"wordCount\":506,\"publisher\":{\"@id\":\"https:\\\/\\\/coria.org\\\/ayuntamiento\\\/#organization\"},\"image\":{\"@id\":\"https:\\\/\\\/coria.org\\\/ayuntamiento\\\/index.php\\\/2013\\\/04\\\/18\\\/la-v-feria-del-vehiculo-de-ocasion-se-celebrara-este-fin-de-semana-en-coria\\\/#primaryimage\"},\"thumbnailUrl\":\"https:\\\/\\\/coria.org\\\/ayuntamiento\\\/wp-content\\\/uploads\\\/2013\\\/04\\\/8660926408_2c3a75f4e5_o.jpg\",\"keywords\":[\"feria del vehiculo\"],\"articleSection\":[\"Noticias\"],\"inLanguage\":\"es\"},{\"@type\":\"WebPage\",\"@id\":\"https:\\\/\\\/coria.org\\\/ayuntamiento\\\/index.php\\\/2013\\\/04\\\/18\\\/la-v-feria-del-vehiculo-de-ocasion-se-celebrara-este-fin-de-semana-en-coria\\\/\",\"url\":\"https:\\\/\\\/coria.org\\\/ayuntamiento\\\/index.php\\\/2013\\\/04\\\/18\\\/la-v-feria-del-vehiculo-de-ocasion-se-celebrara-este-fin-de-semana-en-coria\\\/\",\"name\":\"La V Feria del Veh\u00edculo de Ocasi\u00f3n se celebrar\u00e1 este fin de semana en Coria - Ayuntamiento de Coria\",\"isPartOf\":{\"@id\":\"https:\\\/\\\/coria.org\\\/ayuntamiento\\\/#website\"},\"primaryImageOfPage\":{\"@id\":\"https:\\\/\\\/coria.org\\\/ayuntamiento\\\/index.php\\\/2013\\\/04\\\/18\\\/la-v-feria-del-vehiculo-de-ocasion-se-celebrara-este-fin-de-semana-en-coria\\\/#primaryimage\"},\"image\":{\"@id\":\"https:\\\/\\\/coria.org\\\/ayuntamiento\\\/index.php\\\/2013\\\/04\\\/18\\\/la-v-feria-del-vehiculo-de-ocasion-se-celebrara-este-fin-de-semana-en-coria\\\/#primaryimage\"},\"thumbnailUrl\":\"https:\\\/\\\/coria.org\\\/ayuntamiento\\\/wp-content\\\/uploads\\\/2013\\\/04\\\/8660926408_2c3a75f4e5_o.jpg\",\"datePublished\":\"2013-04-17T22:00:00+00:00\",\"dateModified\":\"2024-02-27T07:27:39+00:00\",\"breadcrumb\":{\"@id\":\"https:\\\/\\\/coria.org\\\/ayuntamiento\\\/index.php\\\/2013\\\/04\\\/18\\\/la-v-feria-del-vehiculo-de-ocasion-se-celebrara-este-fin-de-semana-en-coria\\\/#breadcrumb\"},\"inLanguage\":\"es\",\"potentialAction\":[{\"@type\":\"ReadAction\",\"target\":[\"https:\\\/\\\/coria.org\\\/ayuntamiento\\\/index.php\\\/2013\\\/04\\\/18\\\/la-v-feria-del-vehiculo-de-ocasion-se-celebrara-este-fin-de-semana-en-coria\\\/\"]}]},{\"@type\":\"ImageObject\",\"inLanguage\":\"es\",\"@id\":\"https:\\\/\\\/coria.org\\\/ayuntamiento\\\/index.php\\\/2013\\\/04\\\/18\\\/la-v-feria-del-vehiculo-de-ocasion-se-celebrara-este-fin-de-semana-en-coria\\\/#primaryimage\",\"url\":\"https:\\\/\\\/coria.org\\\/ayuntamiento\\\/wp-content\\\/uploads\\\/2013\\\/04\\\/8660926408_2c3a75f4e5_o.jpg\",\"contentUrl\":\"https:\\\/\\\/coria.org\\\/ayuntamiento\\\/wp-content\\\/uploads\\\/2013\\\/04\\\/8660926408_2c3a75f4e5_o.jpg\",\"width\":1024,\"height\":576},{\"@type\":\"BreadcrumbList\",\"@id\":\"https:\\\/\\\/coria.org\\\/ayuntamiento\\\/index.php\\\/2013\\\/04\\\/18\\\/la-v-feria-del-vehiculo-de-ocasion-se-celebrara-este-fin-de-semana-en-coria\\\/#breadcrumb\",\"itemListElement\":[{\"@type\":\"ListItem\",\"position\":1,\"name\":\"Inicio\",\"item\":\"https:\\\/\\\/coria.org\\\/ayuntamiento\\\/\"},{\"@type\":\"ListItem\",\"position\":2,\"name\":\"La V Feria del Veh\u00edculo de Ocasi\u00f3n se celebrar\u00e1 este fin de semana en Coria\"}]},{\"@type\":\"WebSite\",\"@id\":\"https:\\\/\\\/coria.org\\\/ayuntamiento\\\/#website\",\"url\":\"https:\\\/\\\/coria.org\\\/ayuntamiento\\\/\",\"name\":\"Ayuntamiento de Coria\",\"description\":\"Web oficial del Ayuntamiento de Coria\",\"publisher\":{\"@id\":\"https:\\\/\\\/coria.org\\\/ayuntamiento\\\/#organization\"},\"alternateName\":\"Web Oficial del Ayuntamiento de Coria\",\"potentialAction\":[{\"@type\":\"SearchAction\",\"target\":{\"@type\":\"EntryPoint\",\"urlTemplate\":\"https:\\\/\\\/coria.org\\\/ayuntamiento\\\/?s={search_term_string}\"},\"query-input\":{\"@type\":\"PropertyValueSpecification\",\"valueRequired\":true,\"valueName\":\"search_term_string\"}}],\"inLanguage\":\"es\"},{\"@type\":\"Organization\",\"@id\":\"https:\\\/\\\/coria.org\\\/ayuntamiento\\\/#organization\",\"name\":\"Ayuntamiento de Coria\",\"alternateName\":\"Ayto de Coria\",\"url\":\"https:\\\/\\\/coria.org\\\/ayuntamiento\\\/\",\"logo\":{\"@type\":\"ImageObject\",\"inLanguage\":\"es\",\"@id\":\"https:\\\/\\\/coria.org\\\/ayuntamiento\\\/#\\\/schema\\\/logo\\\/image\\\/\",\"url\":\"https:\\\/\\\/coria.org\\\/ayuntamiento\\\/wp-content\\\/uploads\\\/2020\\\/12\\\/escudo-ayuntamiento-coria.png\",\"contentUrl\":\"https:\\\/\\\/coria.org\\\/ayuntamiento\\\/wp-content\\\/uploads\\\/2020\\\/12\\\/escudo-ayuntamiento-coria.png\",\"width\":511,\"height\":240,\"caption\":\"Ayuntamiento de Coria\"},\"image\":{\"@id\":\"https:\\\/\\\/coria.org\\\/ayuntamiento\\\/#\\\/schema\\\/logo\\\/image\\\/\"},\"sameAs\":[\"https:\\\/\\\/www.facebook.com\\\/Ayuntamiento.de.Coria\",\"https:\\\/\\\/x.com\\\/Ayto_de_Coria\",\"https:\\\/\\\/www.instagram.com\\\/coria.ayuntamiento\\\/\",\"https:\\\/\\\/www.youtube.com\\\/user\\\/AYUNTAMIENTOCORIA\"]},{\"@type\":\"Person\",\"@id\":\"https:\\\/\\\/coria.org\\\/ayuntamiento\\\/#\\\/schema\\\/person\\\/8bd589f0e13e8ae5aa06def7a599d622\",\"name\":\"ayuntamiento\",\"image\":{\"@type\":\"ImageObject\",\"inLanguage\":\"es\",\"@id\":\"https:\\\/\\\/secure.gravatar.com\\\/avatar\\\/966e5ed73cad334adda5c87f49f2547f7082f7292c1b627cbb548744383b391c?s=96&d=mm&r=g\",\"url\":\"https:\\\/\\\/secure.gravatar.com\\\/avatar\\\/966e5ed73cad334adda5c87f49f2547f7082f7292c1b627cbb548744383b391c?s=96&d=mm&r=g\",\"contentUrl\":\"https:\\\/\\\/secure.gravatar.com\\\/avatar\\\/966e5ed73cad334adda5c87f49f2547f7082f7292c1b627cbb548744383b391c?s=96&d=mm&r=g\",\"caption\":\"ayuntamiento\"}}]}<\/script>\n<!-- \/ Yoast SEO plugin. -->","yoast_head_json":{"title":"La V Feria del Veh\u00edculo de Ocasi\u00f3n se celebrar\u00e1 este fin de semana en Coria - Ayuntamiento de Coria","robots":{"index":"index","follow":"follow","max-snippet":"max-snippet:-1","max-image-preview":"max-image-preview:large","max-video-preview":"max-video-preview:-1"},"canonical":"https:\/\/coria.org\/ayuntamiento\/index.php\/2013\/04\/18\/la-v-feria-del-vehiculo-de-ocasion-se-celebrara-este-fin-de-semana-en-coria\/","og_locale":"es_ES","og_type":"article","og_title":"La V Feria del Veh\u00edculo de Ocasi\u00f3n se celebrar\u00e1 este fin de semana en Coria - Ayuntamiento de Coria","og_description":"El alcalde ha presentado junto a la Asociaci\u00f3n de Empresarios de Coria y Comarca (Asecoc) la programaci\u00f3n El alcalde ha presentado junto a la Asociaci\u00f3n de Empresarios de Coria y Comarca (Asecoc) la programaci\u00f3n Esta ma\u00f1ana se ha presentado la Feria del Veh\u00edculo de Ocasi\u00f3n, que tendr\u00e1 lugar los d\u00edas 19, 20 y 21 de [&hellip;]","og_url":"https:\/\/coria.org\/ayuntamiento\/index.php\/2013\/04\/18\/la-v-feria-del-vehiculo-de-ocasion-se-celebrara-este-fin-de-semana-en-coria\/","og_site_name":"Ayuntamiento de Coria","article_publisher":"https:\/\/www.facebook.com\/Ayuntamiento.de.Coria","article_published_time":"2013-04-17T22:00:00+00:00","article_modified_time":"2024-02-27T07:27:39+00:00","og_image":[{"width":1024,"height":576,"url":"https:\/\/coria.org\/ayuntamiento\/wp-content\/uploads\/2013\/04\/8660926408_2c3a75f4e5_o.jpg","type":"image\/jpeg"}],"author":"ayuntamiento","twitter_card":"summary_large_image","twitter_creator":"@Ayto_de_Coria","twitter_site":"@Ayto_de_Coria","twitter_misc":{"Escrito por":"ayuntamiento","Tiempo de lectura":"2 minutos"},"schema":{"@context":"https:\/\/schema.org","@graph":[{"@type":"Article","@id":"https:\/\/coria.org\/ayuntamiento\/index.php\/2013\/04\/18\/la-v-feria-del-vehiculo-de-ocasion-se-celebrara-este-fin-de-semana-en-coria\/#article","isPartOf":{"@id":"https:\/\/coria.org\/ayuntamiento\/index.php\/2013\/04\/18\/la-v-feria-del-vehiculo-de-ocasion-se-celebrara-este-fin-de-semana-en-coria\/"},"author":{"name":"ayuntamiento","@id":"https:\/\/coria.org\/ayuntamiento\/#\/schema\/person\/8bd589f0e13e8ae5aa06def7a599d622"},"headline":"La V Feria del Veh\u00edculo de Ocasi\u00f3n se celebrar\u00e1 este fin de semana en Coria","datePublished":"2013-04-17T22:00:00+00:00","dateModified":"2024-02-27T07:27:39+00:00","mainEntityOfPage":{"@id":"https:\/\/coria.org\/ayuntamiento\/index.php\/2013\/04\/18\/la-v-feria-del-vehiculo-de-ocasion-se-celebrara-este-fin-de-semana-en-coria\/"},"wordCount":506,"publisher":{"@id":"https:\/\/coria.org\/ayuntamiento\/#organization"},"image":{"@id":"https:\/\/coria.org\/ayuntamiento\/index.php\/2013\/04\/18\/la-v-feria-del-vehiculo-de-ocasion-se-celebrara-este-fin-de-semana-en-coria\/#primaryimage"},"thumbnailUrl":"https:\/\/coria.org\/ayuntamiento\/wp-content\/uploads\/2013\/04\/8660926408_2c3a75f4e5_o.jpg","keywords":["feria del vehiculo"],"articleSection":["Noticias"],"inLanguage":"es"},{"@type":"WebPage","@id":"https:\/\/coria.org\/ayuntamiento\/index.php\/2013\/04\/18\/la-v-feria-del-vehiculo-de-ocasion-se-celebrara-este-fin-de-semana-en-coria\/","url":"https:\/\/coria.org\/ayuntamiento\/index.php\/2013\/04\/18\/la-v-feria-del-vehiculo-de-ocasion-se-celebrara-este-fin-de-semana-en-coria\/","name":"La V Feria del Veh\u00edculo de Ocasi\u00f3n se celebrar\u00e1 este fin de semana en Coria - Ayuntamiento de Coria","isPartOf":{"@id":"https:\/\/coria.org\/ayuntamiento\/#website"},"primaryImageOfPage":{"@id":"https:\/\/coria.org\/ayuntamiento\/index.php\/2013\/04\/18\/la-v-feria-del-vehiculo-de-ocasion-se-celebrara-este-fin-de-semana-en-coria\/#primaryimage"},"image":{"@id":"https:\/\/coria.org\/ayuntamiento\/index.php\/2013\/04\/18\/la-v-feria-del-vehiculo-de-ocasion-se-celebrara-este-fin-de-semana-en-coria\/#primaryimage"},"thumbnailUrl":"https:\/\/coria.org\/ayuntamiento\/wp-content\/uploads\/2013\/04\/8660926408_2c3a75f4e5_o.jpg","datePublished":"2013-04-17T22:00:00+00:00","dateModified":"2024-02-27T07:27:39+00:00","breadcrumb":{"@id":"https:\/\/coria.org\/ayuntamiento\/index.php\/2013\/04\/18\/la-v-feria-del-vehiculo-de-ocasion-se-celebrara-este-fin-de-semana-en-coria\/#breadcrumb"},"inLanguage":"es","potentialAction":[{"@type":"ReadAction","target":["https:\/\/coria.org\/ayuntamiento\/index.php\/2013\/04\/18\/la-v-feria-del-vehiculo-de-ocasion-se-celebrara-este-fin-de-semana-en-coria\/"]}]},{"@type":"ImageObject","inLanguage":"es","@id":"https:\/\/coria.org\/ayuntamiento\/index.php\/2013\/04\/18\/la-v-feria-del-vehiculo-de-ocasion-se-celebrara-este-fin-de-semana-en-coria\/#primaryimage","url":"https:\/\/coria.org\/ayuntamiento\/wp-content\/uploads\/2013\/04\/8660926408_2c3a75f4e5_o.jpg","contentUrl":"https:\/\/coria.org\/ayuntamiento\/wp-content\/uploads\/2013\/04\/8660926408_2c3a75f4e5_o.jpg","width":1024,"height":576},{"@type":"BreadcrumbList","@id":"https:\/\/coria.org\/ayuntamiento\/index.php\/2013\/04\/18\/la-v-feria-del-vehiculo-de-ocasion-se-celebrara-este-fin-de-semana-en-coria\/#breadcrumb","itemListElement":[{"@type":"ListItem","position":1,"name":"Inicio","item":"https:\/\/coria.org\/ayuntamiento\/"},{"@type":"ListItem","position":2,"name":"La V Feria del Veh\u00edculo de Ocasi\u00f3n se celebrar\u00e1 este fin de semana en Coria"}]},{"@type":"WebSite","@id":"https:\/\/coria.org\/ayuntamiento\/#website","url":"https:\/\/coria.org\/ayuntamiento\/","name":"Ayuntamiento de Coria","description":"Web oficial del Ayuntamiento de Coria","publisher":{"@id":"https:\/\/coria.org\/ayuntamiento\/#organization"},"alternateName":"Web Oficial del Ayuntamiento de Coria","potentialAction":[{"@type":"SearchAction","target":{"@type":"EntryPoint","urlTemplate":"https:\/\/coria.org\/ayuntamiento\/?s={search_term_string}"},"query-input":{"@type":"PropertyValueSpecification","valueRequired":true,"valueName":"search_term_string"}}],"inLanguage":"es"},{"@type":"Organization","@id":"https:\/\/coria.org\/ayuntamiento\/#organization","name":"Ayuntamiento de Coria","alternateName":"Ayto de Coria","url":"https:\/\/coria.org\/ayuntamiento\/","logo":{"@type":"ImageObject","inLanguage":"es","@id":"https:\/\/coria.org\/ayuntamiento\/#\/schema\/logo\/image\/","url":"https:\/\/coria.org\/ayuntamiento\/wp-content\/uploads\/2020\/12\/escudo-ayuntamiento-coria.png","contentUrl":"https:\/\/coria.org\/ayuntamiento\/wp-content\/uploads\/2020\/12\/escudo-ayuntamiento-coria.png","width":511,"height":240,"caption":"Ayuntamiento de Coria"},"image":{"@id":"https:\/\/coria.org\/ayuntamiento\/#\/schema\/logo\/image\/"},"sameAs":["https:\/\/www.facebook.com\/Ayuntamiento.de.Coria","https:\/\/x.com\/Ayto_de_Coria","https:\/\/www.instagram.com\/coria.ayuntamiento\/","https:\/\/www.youtube.com\/user\/AYUNTAMIENTOCORIA"]},{"@type":"Person","@id":"https:\/\/coria.org\/ayuntamiento\/#\/schema\/person\/8bd589f0e13e8ae5aa06def7a599d622","name":"ayuntamiento","image":{"@type":"ImageObject","inLanguage":"es","@id":"https:\/\/secure.gravatar.com\/avatar\/966e5ed73cad334adda5c87f49f2547f7082f7292c1b627cbb548744383b391c?s=96&d=mm&r=g","url":"https:\/\/secure.gravatar.com\/avatar\/966e5ed73cad334adda5c87f49f2547f7082f7292c1b627cbb548744383b391c?s=96&d=mm&r=g","contentUrl":"https:\/\/secure.gravatar.com\/avatar\/966e5ed73cad334adda5c87f49f2547f7082f7292c1b627cbb548744383b391c?s=96&d=mm&r=g","caption":"ayuntamiento"}}]}},"uagb_featured_image_src":{"full":["https:\/\/coria.org\/ayuntamiento\/wp-content\/uploads\/2013\/04\/8660926408_2c3a75f4e5_o.jpg",1024,576,false],"thumbnail":["https:\/\/coria.org\/ayuntamiento\/wp-content\/uploads\/2013\/04\/8660926408_2c3a75f4e5_o-150x150.jpg",150,150,true],"medium":["https:\/\/coria.org\/ayuntamiento\/wp-content\/uploads\/2013\/04\/8660926408_2c3a75f4e5_o-300x169.jpg",300,169,true],"medium_large":["https:\/\/coria.org\/ayuntamiento\/wp-content\/uploads\/2013\/04\/8660926408_2c3a75f4e5_o-768x432.jpg",768,432,true],"large":["https:\/\/coria.org\/ayuntamiento\/wp-content\/uploads\/2013\/04\/8660926408_2c3a75f4e5_o.jpg",1024,576,false],"thumblist":["https:\/\/coria.org\/ayuntamiento\/wp-content\/uploads\/2013\/04\/8660926408_2c3a75f4e5_o.jpg",300,169,false],"thumbrelated":["https:\/\/coria.org\/ayuntamiento\/wp-content\/uploads\/2013\/04\/8660926408_2c3a75f4e5_o.jpg",500,281,false],"meccarouselthumb":["https:\/\/coria.org\/ayuntamiento\/wp-content\/uploads\/2013\/04\/8660926408_2c3a75f4e5_o.jpg",474,267,false],"gridsquare":["https:\/\/coria.org\/ayuntamiento\/wp-content\/uploads\/2013\/04\/8660926408_2c3a75f4e5_o.jpg",391,220,false],"tileview":["https:\/\/coria.org\/ayuntamiento\/wp-content\/uploads\/2013\/04\/8660926408_2c3a75f4e5_o.jpg",300,169,false],"1536x1536":["https:\/\/coria.org\/ayuntamiento\/wp-content\/uploads\/2013\/04\/8660926408_2c3a75f4e5_o.jpg",1024,576,false],"2048x2048":["https:\/\/coria.org\/ayuntamiento\/wp-content\/uploads\/2013\/04\/8660926408_2c3a75f4e5_o.jpg",1024,576,false]},"uagb_author_info":{"display_name":"ayuntamiento","author_link":"https:\/\/coria.org\/ayuntamiento\/index.php\/author\/ayuntamiento\/"},"uagb_comment_info":0,"uagb_excerpt":"El alcalde ha presentado junto a la Asociaci\u00f3n de Empresarios de Coria y Comarca (Asecoc) la programaci\u00f3n El alcalde ha presentado junto a la Asociaci\u00f3n de Empresarios de Coria y Comarca (Asecoc) la programaci\u00f3n Esta ma\u00f1ana se ha presentado la Feria del Veh\u00edculo de Ocasi\u00f3n, que tendr\u00e1 lugar los d\u00edas 19, 20 y 21 de&hellip;","_links":{"self":[{"href":"https:\/\/coria.org\/ayuntamiento\/index.php\/wp-json\/wp\/v2\/posts\/26279","targetHints":{"allow":["GET"]}}],"collection":[{"href":"https:\/\/coria.org\/ayuntamiento\/index.php\/wp-json\/wp\/v2\/posts"}],"about":[{"href":"https:\/\/coria.org\/ayuntamiento\/index.php\/wp-json\/wp\/v2\/types\/post"}],"author":[{"embeddable":true,"href":"https:\/\/coria.org\/ayuntamiento\/index.php\/wp-json\/wp\/v2\/users\/2"}],"replies":[{"embeddable":true,"href":"https:\/\/coria.org\/ayuntamiento\/index.php\/wp-json\/wp\/v2\/comments?post=26279"}],"version-history":[{"count":0,"href":"https:\/\/coria.org\/ayuntamiento\/index.php\/wp-json\/wp\/v2\/posts\/26279\/revisions"}],"wp:featuredmedia":[{"embeddable":true,"href":"https:\/\/coria.org\/ayuntamiento\/index.php\/wp-json\/wp\/v2\/media\/34351"}],"wp:attachment":[{"href":"https:\/\/coria.org\/ayuntamiento\/index.php\/wp-json\/wp\/v2\/media?parent=26279"}],"wp:term":[{"taxonomy":"category","embeddable":true,"href":"https:\/\/coria.org\/ayuntamiento\/index.php\/wp-json\/wp\/v2\/categories?post=26279"},{"taxonomy":"post_tag","embeddable":true,"href":"https:\/\/coria.org\/ayuntamiento\/index.php\/wp-json\/wp\/v2\/tags?post=26279"}],"curies":[{"name":"wp","href":"https:\/\/api.w.org\/{rel}","templated":true}]}}