{"id":26256,"date":"2013-05-08T00:00:00","date_gmt":"2013-05-07T22:00:00","guid":{"rendered":"https:\/\/ayuntamiento.coriaenimagenes.com\/enrique-barrasa-visita-junto-al-alcalde-de-coria-las-instalaciones-de-cidacos\/"},"modified":"2023-09-18T12:41:56","modified_gmt":"2023-09-18T10:41:56","slug":"enrique-barrasa-visita-junto-al-alcalde-de-coria-las-instalaciones-de-cidacos","status":"publish","type":"post","link":"https:\/\/coria.org\/ayuntamiento\/index.php\/2013\/05\/08\/enrique-barrasa-visita-junto-al-alcalde-de-coria-las-instalaciones-de-cidacos\/","title":{"rendered":"Enrique Barrasa visita, junto al Alcalde de Coria, las instalaciones de CIDACOS"},"content":{"rendered":"\n<p><b>El Director General de Inversiones, Enrique Barrasa, visita las instalaciones de la empresa cauriense Cidacos junto al alcalde de la ciudad y el director de \u00e9sta<\/b><\/p>\n\n\n<figure class=\"wp-block-post-featured-image\"><img loading=\"lazy\" decoding=\"async\" width=\"960\" height=\"540\" src=\"https:\/\/coria.org\/ayuntamiento\/wp-content\/uploads\/2013\/05\/FOTO.jpg\" class=\"attachment-post-thumbnail size-post-thumbnail wp-post-image\" alt=\"\" style=\"object-fit:cover;\" srcset=\"https:\/\/coria.org\/ayuntamiento\/wp-content\/uploads\/2013\/05\/FOTO.jpg 960w, https:\/\/coria.org\/ayuntamiento\/wp-content\/uploads\/2013\/05\/FOTO-300x169.jpg 300w, https:\/\/coria.org\/ayuntamiento\/wp-content\/uploads\/2013\/05\/FOTO-768x432.jpg 768w\" sizes=\"auto, (max-width: 960px) 100vw, 960px\" \/><\/figure>\n\n\n<p>Esta ma\u00f1ana, el Director General de Inversiones y Acci\u00f3n Exterior, Enrique Barrasa, ha visitado la empresa Cidacos en Coria junto al Alcalde de la ciudad, Jos\u00e9 Manuel Garc\u00eda Ballestero, y el director de la factor\u00eda, V\u00edctor Garc\u00eda Ag\u00fcero.<\/p>\n\n\n\n<p>El Director General de Inversiones ha declarado que esta visita se enmarca en \u00abel inter\u00e9s que tenemos desde el Gobierno de Extremadura en conocer de primera mano cu\u00e1l es la situaci\u00f3n de las empresas que ya est\u00e1n instaladas en nuestra comunidad aut\u00f3noma, en este caso Cidacos, empresa de referencia a nivel nacional en el sector de alimentaci\u00f3n\u00bb y que cuenta aqu\u00ed en la Ciudad de Coria con unas muy importantes instalaciones, que adem\u00e1s est\u00e1n en un proceso de expansi\u00f3n. <\/p>\n\n\n\n<p>Por este motivo se han reunido con el responsable de la compa\u00f1\u00eda y junto al alcalde de Coria han visitado la f\u00e1brica, para ver en que situaci\u00f3n est\u00e1 y ver los proyectos de futuro, para ponerse a disposici\u00f3n de la empresa \u00abpara todo aquello que podamos desarrollar desde el Gobierno de Extremadura, para facilitarles as\u00ed su presencia en Extremadura y concretamente en Coria, sobre todo en un sector tan importante como es el del tomate para nuestra regi\u00f3n\u00bb.<\/p>\n\n\n\n<p>Barrasa ha subrayado que Coria y su entorno es un lugar ideal para la atracci\u00f3n de inversiones, adem\u00e1s de por sus condiciones medioambientales, por su posici\u00f3n estrat\u00e9gica y cercan\u00eda a la frontera con Portugal, con todo lo que eso conlleva en materia transfronteriza. <\/p>\n\n\n\n<p>Respecto al PIR que va ha suponer una inversi\u00f3n, aproximadamente, de siete millones de euros en mantenimiento e incluso para ampliar la plantilla, V\u00edctor Garc\u00eda, director la empresa, ha declarado que la parte productiva ya est\u00e1 en marcha, \u00aby estamos en la \u00faltima fase de legalizaci\u00f3n de la parcela que tenemos, por lo que esperamos que para finales de este a\u00f1o el proyecto est\u00e9 finalizado\u00bb. Este proyecto va ha suponer una ampliaci\u00f3n importante del mercado que tiene Cidacos ahora mismo en Espa\u00f1a y sobre todo enmarcado dentro de la pol\u00edtica exterior, adem\u00e1s de aumentar la capacidad de trabajo \u00abque es lo que queremos aqu\u00ed en Coria para poder dar m\u00e1s empleo\u00bb. Este proyecto est\u00e1 impulsado desde Mercadona, ya que sin ellos no se podr\u00eda llegar a hacer un proyecto de esta envergadura, por lo que se cuenta con su apoyo.<\/p>\n\n\n\n<p>Garc\u00eda Ballestero, alcalde de Coria, por su parte ha declarado que \u00abeste proyecto es muy importante para Coria, ya lo he agradecido en varias ocasiones y lo sigo agradeciendo. Tambi\u00e9n decir que ese PIR va por muy buen camino y que esperemos que sea una realidad para que comience esa ampliaci\u00f3n tan necesaria tanto para Cidacos como para la Ciudad\u00bb. <\/p>\n\n\n\n<p>Para finalizar el alcalde ha agradecido a Enrique Barrasa su visita a la Ciudad de Coria, \u00abya que de esta manera puede conocer de primera mano las cosas que se hacen en Coria, lo que aporta Coria tambi\u00e9n al conjunto de la comunidad Aut\u00f3noma y tambi\u00e9n lo que podemos aportar en un futuro\u00bb. <\/p>\n\n\n\n<p>Despu\u00e9s de estas declaraciones han visitado las instalaciones de la factor\u00eda y al finalizar \u00e9stas, el director de Inversiones y el Alcalde se han reunido en el Ayuntamiento de Coria para hablar, no solamente del presente, sino tambi\u00e9n del futuro de esas y otras inversiones en la Ciudad,entre ellas, han tratado el futuro de las instalaciones de Cetarsa.&nbsp;<\/p>\n","protected":false},"excerpt":{"rendered":"<p>El Director General de Inversiones, Enrique Barrasa, visita las instalaciones de la empresa cauriense Cidacos junto al alcalde de la ciudad y el director de \u00e9sta Esta ma\u00f1ana, el Director General de Inversiones y Acci\u00f3n Exterior, Enrique Barrasa, ha visitado la empresa Cidacos en Coria junto al Alcalde de la ciudad, Jos\u00e9 Manuel Garc\u00eda Ballestero, [&hellip;]<\/p>\n","protected":false},"author":2,"featured_media":31625,"comment_status":"closed","ping_status":"closed","sticky":false,"template":"","format":"standard","meta":{"_uag_custom_page_level_css":"","footnotes":""},"categories":[2],"tags":[1450],"class_list":["post-26256","post","type-post","status-publish","format-standard","has-post-thumbnail","hentry","category-noticias","tag-cidacos"],"yoast_head":"<!-- This site is optimized with the Yoast SEO plugin v27.4 - https:\/\/yoast.com\/product\/yoast-seo-wordpress\/ -->\n<title>Enrique Barrasa visita, junto al Alcalde de Coria, las instalaciones de CIDACOS - Ayuntamiento de Coria<\/title>\n<meta name=\"robots\" content=\"index, follow, max-snippet:-1, max-image-preview:large, max-video-preview:-1\" \/>\n<link rel=\"canonical\" href=\"https:\/\/coria.org\/ayuntamiento\/index.php\/2013\/05\/08\/enrique-barrasa-visita-junto-al-alcalde-de-coria-las-instalaciones-de-cidacos\/\" \/>\n<meta property=\"og:locale\" content=\"es_ES\" \/>\n<meta property=\"og:type\" content=\"article\" \/>\n<meta property=\"og:title\" content=\"Enrique Barrasa visita, junto al Alcalde de Coria, las instalaciones de CIDACOS - Ayuntamiento de Coria\" \/>\n<meta property=\"og:description\" content=\"El Director General de Inversiones, Enrique Barrasa, visita las instalaciones de la empresa cauriense Cidacos junto al alcalde de la ciudad y el director de \u00e9sta Esta ma\u00f1ana, el Director General de Inversiones y Acci\u00f3n Exterior, Enrique Barrasa, ha visitado la empresa Cidacos en Coria junto al Alcalde de la ciudad, Jos\u00e9 Manuel Garc\u00eda Ballestero, [&hellip;]\" \/>\n<meta property=\"og:url\" content=\"https:\/\/coria.org\/ayuntamiento\/index.php\/2013\/05\/08\/enrique-barrasa-visita-junto-al-alcalde-de-coria-las-instalaciones-de-cidacos\/\" \/>\n<meta property=\"og:site_name\" content=\"Ayuntamiento de Coria\" \/>\n<meta property=\"article:publisher\" content=\"https:\/\/www.facebook.com\/Ayuntamiento.de.Coria\" \/>\n<meta property=\"article:published_time\" content=\"2013-05-07T22:00:00+00:00\" \/>\n<meta property=\"article:modified_time\" content=\"2023-09-18T10:41:56+00:00\" \/>\n<meta property=\"og:image\" content=\"https:\/\/coria.org\/ayuntamiento\/wp-content\/uploads\/2013\/05\/FOTO.jpg\" \/>\n\t<meta property=\"og:image:width\" content=\"960\" \/>\n\t<meta property=\"og:image:height\" content=\"540\" \/>\n\t<meta property=\"og:image:type\" content=\"image\/jpeg\" \/>\n<meta name=\"author\" content=\"ayuntamiento\" \/>\n<meta name=\"twitter:card\" content=\"summary_large_image\" \/>\n<meta name=\"twitter:creator\" content=\"@Ayto_de_Coria\" \/>\n<meta name=\"twitter:site\" content=\"@Ayto_de_Coria\" \/>\n<meta name=\"twitter:label1\" content=\"Escrito por\" \/>\n\t<meta name=\"twitter:data1\" content=\"ayuntamiento\" \/>\n\t<meta name=\"twitter:label2\" content=\"Tiempo de lectura\" \/>\n\t<meta name=\"twitter:data2\" content=\"3 minutos\" \/>\n<script type=\"application\/ld+json\" class=\"yoast-schema-graph\">{\"@context\":\"https:\\\/\\\/schema.org\",\"@graph\":[{\"@type\":\"Article\",\"@id\":\"https:\\\/\\\/coria.org\\\/ayuntamiento\\\/index.php\\\/2013\\\/05\\\/08\\\/enrique-barrasa-visita-junto-al-alcalde-de-coria-las-instalaciones-de-cidacos\\\/#article\",\"isPartOf\":{\"@id\":\"https:\\\/\\\/coria.org\\\/ayuntamiento\\\/index.php\\\/2013\\\/05\\\/08\\\/enrique-barrasa-visita-junto-al-alcalde-de-coria-las-instalaciones-de-cidacos\\\/\"},\"author\":{\"name\":\"ayuntamiento\",\"@id\":\"https:\\\/\\\/coria.org\\\/ayuntamiento\\\/#\\\/schema\\\/person\\\/8bd589f0e13e8ae5aa06def7a599d622\"},\"headline\":\"Enrique Barrasa visita, junto al Alcalde de Coria, las instalaciones de CIDACOS\",\"datePublished\":\"2013-05-07T22:00:00+00:00\",\"dateModified\":\"2023-09-18T10:41:56+00:00\",\"mainEntityOfPage\":{\"@id\":\"https:\\\/\\\/coria.org\\\/ayuntamiento\\\/index.php\\\/2013\\\/05\\\/08\\\/enrique-barrasa-visita-junto-al-alcalde-de-coria-las-instalaciones-de-cidacos\\\/\"},\"wordCount\":635,\"publisher\":{\"@id\":\"https:\\\/\\\/coria.org\\\/ayuntamiento\\\/#organization\"},\"image\":{\"@id\":\"https:\\\/\\\/coria.org\\\/ayuntamiento\\\/index.php\\\/2013\\\/05\\\/08\\\/enrique-barrasa-visita-junto-al-alcalde-de-coria-las-instalaciones-de-cidacos\\\/#primaryimage\"},\"thumbnailUrl\":\"https:\\\/\\\/coria.org\\\/ayuntamiento\\\/wp-content\\\/uploads\\\/2013\\\/05\\\/FOTO.jpg\",\"keywords\":[\"cidacos\"],\"articleSection\":[\"Noticias\"],\"inLanguage\":\"es\"},{\"@type\":\"WebPage\",\"@id\":\"https:\\\/\\\/coria.org\\\/ayuntamiento\\\/index.php\\\/2013\\\/05\\\/08\\\/enrique-barrasa-visita-junto-al-alcalde-de-coria-las-instalaciones-de-cidacos\\\/\",\"url\":\"https:\\\/\\\/coria.org\\\/ayuntamiento\\\/index.php\\\/2013\\\/05\\\/08\\\/enrique-barrasa-visita-junto-al-alcalde-de-coria-las-instalaciones-de-cidacos\\\/\",\"name\":\"Enrique Barrasa visita, junto al Alcalde de Coria, las instalaciones de CIDACOS - Ayuntamiento de Coria\",\"isPartOf\":{\"@id\":\"https:\\\/\\\/coria.org\\\/ayuntamiento\\\/#website\"},\"primaryImageOfPage\":{\"@id\":\"https:\\\/\\\/coria.org\\\/ayuntamiento\\\/index.php\\\/2013\\\/05\\\/08\\\/enrique-barrasa-visita-junto-al-alcalde-de-coria-las-instalaciones-de-cidacos\\\/#primaryimage\"},\"image\":{\"@id\":\"https:\\\/\\\/coria.org\\\/ayuntamiento\\\/index.php\\\/2013\\\/05\\\/08\\\/enrique-barrasa-visita-junto-al-alcalde-de-coria-las-instalaciones-de-cidacos\\\/#primaryimage\"},\"thumbnailUrl\":\"https:\\\/\\\/coria.org\\\/ayuntamiento\\\/wp-content\\\/uploads\\\/2013\\\/05\\\/FOTO.jpg\",\"datePublished\":\"2013-05-07T22:00:00+00:00\",\"dateModified\":\"2023-09-18T10:41:56+00:00\",\"breadcrumb\":{\"@id\":\"https:\\\/\\\/coria.org\\\/ayuntamiento\\\/index.php\\\/2013\\\/05\\\/08\\\/enrique-barrasa-visita-junto-al-alcalde-de-coria-las-instalaciones-de-cidacos\\\/#breadcrumb\"},\"inLanguage\":\"es\",\"potentialAction\":[{\"@type\":\"ReadAction\",\"target\":[\"https:\\\/\\\/coria.org\\\/ayuntamiento\\\/index.php\\\/2013\\\/05\\\/08\\\/enrique-barrasa-visita-junto-al-alcalde-de-coria-las-instalaciones-de-cidacos\\\/\"]}]},{\"@type\":\"ImageObject\",\"inLanguage\":\"es\",\"@id\":\"https:\\\/\\\/coria.org\\\/ayuntamiento\\\/index.php\\\/2013\\\/05\\\/08\\\/enrique-barrasa-visita-junto-al-alcalde-de-coria-las-instalaciones-de-cidacos\\\/#primaryimage\",\"url\":\"https:\\\/\\\/coria.org\\\/ayuntamiento\\\/wp-content\\\/uploads\\\/2013\\\/05\\\/FOTO.jpg\",\"contentUrl\":\"https:\\\/\\\/coria.org\\\/ayuntamiento\\\/wp-content\\\/uploads\\\/2013\\\/05\\\/FOTO.jpg\",\"width\":960,\"height\":540},{\"@type\":\"BreadcrumbList\",\"@id\":\"https:\\\/\\\/coria.org\\\/ayuntamiento\\\/index.php\\\/2013\\\/05\\\/08\\\/enrique-barrasa-visita-junto-al-alcalde-de-coria-las-instalaciones-de-cidacos\\\/#breadcrumb\",\"itemListElement\":[{\"@type\":\"ListItem\",\"position\":1,\"name\":\"Inicio\",\"item\":\"https:\\\/\\\/coria.org\\\/ayuntamiento\\\/\"},{\"@type\":\"ListItem\",\"position\":2,\"name\":\"Enrique Barrasa visita, junto al Alcalde de Coria, las instalaciones de CIDACOS\"}]},{\"@type\":\"WebSite\",\"@id\":\"https:\\\/\\\/coria.org\\\/ayuntamiento\\\/#website\",\"url\":\"https:\\\/\\\/coria.org\\\/ayuntamiento\\\/\",\"name\":\"Ayuntamiento de Coria\",\"description\":\"Web oficial del Ayuntamiento de Coria\",\"publisher\":{\"@id\":\"https:\\\/\\\/coria.org\\\/ayuntamiento\\\/#organization\"},\"alternateName\":\"Web Oficial del Ayuntamiento de Coria\",\"potentialAction\":[{\"@type\":\"SearchAction\",\"target\":{\"@type\":\"EntryPoint\",\"urlTemplate\":\"https:\\\/\\\/coria.org\\\/ayuntamiento\\\/?s={search_term_string}\"},\"query-input\":{\"@type\":\"PropertyValueSpecification\",\"valueRequired\":true,\"valueName\":\"search_term_string\"}}],\"inLanguage\":\"es\"},{\"@type\":\"Organization\",\"@id\":\"https:\\\/\\\/coria.org\\\/ayuntamiento\\\/#organization\",\"name\":\"Ayuntamiento de Coria\",\"alternateName\":\"Ayto de Coria\",\"url\":\"https:\\\/\\\/coria.org\\\/ayuntamiento\\\/\",\"logo\":{\"@type\":\"ImageObject\",\"inLanguage\":\"es\",\"@id\":\"https:\\\/\\\/coria.org\\\/ayuntamiento\\\/#\\\/schema\\\/logo\\\/image\\\/\",\"url\":\"https:\\\/\\\/coria.org\\\/ayuntamiento\\\/wp-content\\\/uploads\\\/2020\\\/12\\\/escudo-ayuntamiento-coria.png\",\"contentUrl\":\"https:\\\/\\\/coria.org\\\/ayuntamiento\\\/wp-content\\\/uploads\\\/2020\\\/12\\\/escudo-ayuntamiento-coria.png\",\"width\":511,\"height\":240,\"caption\":\"Ayuntamiento de Coria\"},\"image\":{\"@id\":\"https:\\\/\\\/coria.org\\\/ayuntamiento\\\/#\\\/schema\\\/logo\\\/image\\\/\"},\"sameAs\":[\"https:\\\/\\\/www.facebook.com\\\/Ayuntamiento.de.Coria\",\"https:\\\/\\\/x.com\\\/Ayto_de_Coria\",\"https:\\\/\\\/www.instagram.com\\\/coria.ayuntamiento\\\/\",\"https:\\\/\\\/www.youtube.com\\\/user\\\/AYUNTAMIENTOCORIA\"]},{\"@type\":\"Person\",\"@id\":\"https:\\\/\\\/coria.org\\\/ayuntamiento\\\/#\\\/schema\\\/person\\\/8bd589f0e13e8ae5aa06def7a599d622\",\"name\":\"ayuntamiento\",\"image\":{\"@type\":\"ImageObject\",\"inLanguage\":\"es\",\"@id\":\"https:\\\/\\\/secure.gravatar.com\\\/avatar\\\/966e5ed73cad334adda5c87f49f2547f7082f7292c1b627cbb548744383b391c?s=96&d=mm&r=g\",\"url\":\"https:\\\/\\\/secure.gravatar.com\\\/avatar\\\/966e5ed73cad334adda5c87f49f2547f7082f7292c1b627cbb548744383b391c?s=96&d=mm&r=g\",\"contentUrl\":\"https:\\\/\\\/secure.gravatar.com\\\/avatar\\\/966e5ed73cad334adda5c87f49f2547f7082f7292c1b627cbb548744383b391c?s=96&d=mm&r=g\",\"caption\":\"ayuntamiento\"}}]}<\/script>\n<!-- \/ Yoast SEO plugin. -->","yoast_head_json":{"title":"Enrique Barrasa visita, junto al Alcalde de Coria, las instalaciones de CIDACOS - Ayuntamiento de Coria","robots":{"index":"index","follow":"follow","max-snippet":"max-snippet:-1","max-image-preview":"max-image-preview:large","max-video-preview":"max-video-preview:-1"},"canonical":"https:\/\/coria.org\/ayuntamiento\/index.php\/2013\/05\/08\/enrique-barrasa-visita-junto-al-alcalde-de-coria-las-instalaciones-de-cidacos\/","og_locale":"es_ES","og_type":"article","og_title":"Enrique Barrasa visita, junto al Alcalde de Coria, las instalaciones de CIDACOS - Ayuntamiento de Coria","og_description":"El Director General de Inversiones, Enrique Barrasa, visita las instalaciones de la empresa cauriense Cidacos junto al alcalde de la ciudad y el director de \u00e9sta Esta ma\u00f1ana, el Director General de Inversiones y Acci\u00f3n Exterior, Enrique Barrasa, ha visitado la empresa Cidacos en Coria junto al Alcalde de la ciudad, Jos\u00e9 Manuel Garc\u00eda Ballestero, [&hellip;]","og_url":"https:\/\/coria.org\/ayuntamiento\/index.php\/2013\/05\/08\/enrique-barrasa-visita-junto-al-alcalde-de-coria-las-instalaciones-de-cidacos\/","og_site_name":"Ayuntamiento de Coria","article_publisher":"https:\/\/www.facebook.com\/Ayuntamiento.de.Coria","article_published_time":"2013-05-07T22:00:00+00:00","article_modified_time":"2023-09-18T10:41:56+00:00","og_image":[{"width":960,"height":540,"url":"https:\/\/coria.org\/ayuntamiento\/wp-content\/uploads\/2013\/05\/FOTO.jpg","type":"image\/jpeg"}],"author":"ayuntamiento","twitter_card":"summary_large_image","twitter_creator":"@Ayto_de_Coria","twitter_site":"@Ayto_de_Coria","twitter_misc":{"Escrito por":"ayuntamiento","Tiempo de lectura":"3 minutos"},"schema":{"@context":"https:\/\/schema.org","@graph":[{"@type":"Article","@id":"https:\/\/coria.org\/ayuntamiento\/index.php\/2013\/05\/08\/enrique-barrasa-visita-junto-al-alcalde-de-coria-las-instalaciones-de-cidacos\/#article","isPartOf":{"@id":"https:\/\/coria.org\/ayuntamiento\/index.php\/2013\/05\/08\/enrique-barrasa-visita-junto-al-alcalde-de-coria-las-instalaciones-de-cidacos\/"},"author":{"name":"ayuntamiento","@id":"https:\/\/coria.org\/ayuntamiento\/#\/schema\/person\/8bd589f0e13e8ae5aa06def7a599d622"},"headline":"Enrique Barrasa visita, junto al Alcalde de Coria, las instalaciones de CIDACOS","datePublished":"2013-05-07T22:00:00+00:00","dateModified":"2023-09-18T10:41:56+00:00","mainEntityOfPage":{"@id":"https:\/\/coria.org\/ayuntamiento\/index.php\/2013\/05\/08\/enrique-barrasa-visita-junto-al-alcalde-de-coria-las-instalaciones-de-cidacos\/"},"wordCount":635,"publisher":{"@id":"https:\/\/coria.org\/ayuntamiento\/#organization"},"image":{"@id":"https:\/\/coria.org\/ayuntamiento\/index.php\/2013\/05\/08\/enrique-barrasa-visita-junto-al-alcalde-de-coria-las-instalaciones-de-cidacos\/#primaryimage"},"thumbnailUrl":"https:\/\/coria.org\/ayuntamiento\/wp-content\/uploads\/2013\/05\/FOTO.jpg","keywords":["cidacos"],"articleSection":["Noticias"],"inLanguage":"es"},{"@type":"WebPage","@id":"https:\/\/coria.org\/ayuntamiento\/index.php\/2013\/05\/08\/enrique-barrasa-visita-junto-al-alcalde-de-coria-las-instalaciones-de-cidacos\/","url":"https:\/\/coria.org\/ayuntamiento\/index.php\/2013\/05\/08\/enrique-barrasa-visita-junto-al-alcalde-de-coria-las-instalaciones-de-cidacos\/","name":"Enrique Barrasa visita, junto al Alcalde de Coria, las instalaciones de CIDACOS - Ayuntamiento de Coria","isPartOf":{"@id":"https:\/\/coria.org\/ayuntamiento\/#website"},"primaryImageOfPage":{"@id":"https:\/\/coria.org\/ayuntamiento\/index.php\/2013\/05\/08\/enrique-barrasa-visita-junto-al-alcalde-de-coria-las-instalaciones-de-cidacos\/#primaryimage"},"image":{"@id":"https:\/\/coria.org\/ayuntamiento\/index.php\/2013\/05\/08\/enrique-barrasa-visita-junto-al-alcalde-de-coria-las-instalaciones-de-cidacos\/#primaryimage"},"thumbnailUrl":"https:\/\/coria.org\/ayuntamiento\/wp-content\/uploads\/2013\/05\/FOTO.jpg","datePublished":"2013-05-07T22:00:00+00:00","dateModified":"2023-09-18T10:41:56+00:00","breadcrumb":{"@id":"https:\/\/coria.org\/ayuntamiento\/index.php\/2013\/05\/08\/enrique-barrasa-visita-junto-al-alcalde-de-coria-las-instalaciones-de-cidacos\/#breadcrumb"},"inLanguage":"es","potentialAction":[{"@type":"ReadAction","target":["https:\/\/coria.org\/ayuntamiento\/index.php\/2013\/05\/08\/enrique-barrasa-visita-junto-al-alcalde-de-coria-las-instalaciones-de-cidacos\/"]}]},{"@type":"ImageObject","inLanguage":"es","@id":"https:\/\/coria.org\/ayuntamiento\/index.php\/2013\/05\/08\/enrique-barrasa-visita-junto-al-alcalde-de-coria-las-instalaciones-de-cidacos\/#primaryimage","url":"https:\/\/coria.org\/ayuntamiento\/wp-content\/uploads\/2013\/05\/FOTO.jpg","contentUrl":"https:\/\/coria.org\/ayuntamiento\/wp-content\/uploads\/2013\/05\/FOTO.jpg","width":960,"height":540},{"@type":"BreadcrumbList","@id":"https:\/\/coria.org\/ayuntamiento\/index.php\/2013\/05\/08\/enrique-barrasa-visita-junto-al-alcalde-de-coria-las-instalaciones-de-cidacos\/#breadcrumb","itemListElement":[{"@type":"ListItem","position":1,"name":"Inicio","item":"https:\/\/coria.org\/ayuntamiento\/"},{"@type":"ListItem","position":2,"name":"Enrique Barrasa visita, junto al Alcalde de Coria, las instalaciones de CIDACOS"}]},{"@type":"WebSite","@id":"https:\/\/coria.org\/ayuntamiento\/#website","url":"https:\/\/coria.org\/ayuntamiento\/","name":"Ayuntamiento de Coria","description":"Web oficial del Ayuntamiento de Coria","publisher":{"@id":"https:\/\/coria.org\/ayuntamiento\/#organization"},"alternateName":"Web Oficial del Ayuntamiento de Coria","potentialAction":[{"@type":"SearchAction","target":{"@type":"EntryPoint","urlTemplate":"https:\/\/coria.org\/ayuntamiento\/?s={search_term_string}"},"query-input":{"@type":"PropertyValueSpecification","valueRequired":true,"valueName":"search_term_string"}}],"inLanguage":"es"},{"@type":"Organization","@id":"https:\/\/coria.org\/ayuntamiento\/#organization","name":"Ayuntamiento de Coria","alternateName":"Ayto de Coria","url":"https:\/\/coria.org\/ayuntamiento\/","logo":{"@type":"ImageObject","inLanguage":"es","@id":"https:\/\/coria.org\/ayuntamiento\/#\/schema\/logo\/image\/","url":"https:\/\/coria.org\/ayuntamiento\/wp-content\/uploads\/2020\/12\/escudo-ayuntamiento-coria.png","contentUrl":"https:\/\/coria.org\/ayuntamiento\/wp-content\/uploads\/2020\/12\/escudo-ayuntamiento-coria.png","width":511,"height":240,"caption":"Ayuntamiento de Coria"},"image":{"@id":"https:\/\/coria.org\/ayuntamiento\/#\/schema\/logo\/image\/"},"sameAs":["https:\/\/www.facebook.com\/Ayuntamiento.de.Coria","https:\/\/x.com\/Ayto_de_Coria","https:\/\/www.instagram.com\/coria.ayuntamiento\/","https:\/\/www.youtube.com\/user\/AYUNTAMIENTOCORIA"]},{"@type":"Person","@id":"https:\/\/coria.org\/ayuntamiento\/#\/schema\/person\/8bd589f0e13e8ae5aa06def7a599d622","name":"ayuntamiento","image":{"@type":"ImageObject","inLanguage":"es","@id":"https:\/\/secure.gravatar.com\/avatar\/966e5ed73cad334adda5c87f49f2547f7082f7292c1b627cbb548744383b391c?s=96&d=mm&r=g","url":"https:\/\/secure.gravatar.com\/avatar\/966e5ed73cad334adda5c87f49f2547f7082f7292c1b627cbb548744383b391c?s=96&d=mm&r=g","contentUrl":"https:\/\/secure.gravatar.com\/avatar\/966e5ed73cad334adda5c87f49f2547f7082f7292c1b627cbb548744383b391c?s=96&d=mm&r=g","caption":"ayuntamiento"}}]}},"uagb_featured_image_src":{"full":["https:\/\/coria.org\/ayuntamiento\/wp-content\/uploads\/2013\/05\/FOTO.jpg",960,540,false],"thumbnail":["https:\/\/coria.org\/ayuntamiento\/wp-content\/uploads\/2013\/05\/FOTO-150x150.jpg",150,150,true],"medium":["https:\/\/coria.org\/ayuntamiento\/wp-content\/uploads\/2013\/05\/FOTO-300x169.jpg",300,169,true],"medium_large":["https:\/\/coria.org\/ayuntamiento\/wp-content\/uploads\/2013\/05\/FOTO-768x432.jpg",768,432,true],"large":["https:\/\/coria.org\/ayuntamiento\/wp-content\/uploads\/2013\/05\/FOTO.jpg",960,540,false],"thumblist":["https:\/\/coria.org\/ayuntamiento\/wp-content\/uploads\/2013\/05\/FOTO.jpg",300,169,false],"thumbrelated":["https:\/\/coria.org\/ayuntamiento\/wp-content\/uploads\/2013\/05\/FOTO.jpg",500,281,false],"meccarouselthumb":["https:\/\/coria.org\/ayuntamiento\/wp-content\/uploads\/2013\/05\/FOTO.jpg",474,267,false],"gridsquare":["https:\/\/coria.org\/ayuntamiento\/wp-content\/uploads\/2013\/05\/FOTO.jpg",391,220,false],"tileview":["https:\/\/coria.org\/ayuntamiento\/wp-content\/uploads\/2013\/05\/FOTO.jpg",300,169,false],"1536x1536":["https:\/\/coria.org\/ayuntamiento\/wp-content\/uploads\/2013\/05\/FOTO.jpg",960,540,false],"2048x2048":["https:\/\/coria.org\/ayuntamiento\/wp-content\/uploads\/2013\/05\/FOTO.jpg",960,540,false]},"uagb_author_info":{"display_name":"ayuntamiento","author_link":"https:\/\/coria.org\/ayuntamiento\/index.php\/author\/ayuntamiento\/"},"uagb_comment_info":0,"uagb_excerpt":"El Director General de Inversiones, Enrique Barrasa, visita las instalaciones de la empresa cauriense Cidacos junto al alcalde de la ciudad y el director de \u00e9sta Esta ma\u00f1ana, el Director General de Inversiones y Acci\u00f3n Exterior, Enrique Barrasa, ha visitado la empresa Cidacos en Coria junto al Alcalde de la ciudad, Jos\u00e9 Manuel Garc\u00eda Ballestero,&hellip;","_links":{"self":[{"href":"https:\/\/coria.org\/ayuntamiento\/index.php\/wp-json\/wp\/v2\/posts\/26256","targetHints":{"allow":["GET"]}}],"collection":[{"href":"https:\/\/coria.org\/ayuntamiento\/index.php\/wp-json\/wp\/v2\/posts"}],"about":[{"href":"https:\/\/coria.org\/ayuntamiento\/index.php\/wp-json\/wp\/v2\/types\/post"}],"author":[{"embeddable":true,"href":"https:\/\/coria.org\/ayuntamiento\/index.php\/wp-json\/wp\/v2\/users\/2"}],"replies":[{"embeddable":true,"href":"https:\/\/coria.org\/ayuntamiento\/index.php\/wp-json\/wp\/v2\/comments?post=26256"}],"version-history":[{"count":0,"href":"https:\/\/coria.org\/ayuntamiento\/index.php\/wp-json\/wp\/v2\/posts\/26256\/revisions"}],"wp:featuredmedia":[{"embeddable":true,"href":"https:\/\/coria.org\/ayuntamiento\/index.php\/wp-json\/wp\/v2\/media\/31625"}],"wp:attachment":[{"href":"https:\/\/coria.org\/ayuntamiento\/index.php\/wp-json\/wp\/v2\/media?parent=26256"}],"wp:term":[{"taxonomy":"category","embeddable":true,"href":"https:\/\/coria.org\/ayuntamiento\/index.php\/wp-json\/wp\/v2\/categories?post=26256"},{"taxonomy":"post_tag","embeddable":true,"href":"https:\/\/coria.org\/ayuntamiento\/index.php\/wp-json\/wp\/v2\/tags?post=26256"}],"curies":[{"name":"wp","href":"https:\/\/api.w.org\/{rel}","templated":true}]}}