{"id":26244,"date":"2013-05-23T00:00:00","date_gmt":"2013-05-22T22:00:00","guid":{"rendered":"https:\/\/ayuntamiento.coriaenimagenes.com\/el-camino-mozarabe-pasa-por-coria\/"},"modified":"2023-09-18T12:41:55","modified_gmt":"2023-09-18T10:41:55","slug":"el-camino-mozarabe-pasa-por-coria","status":"publish","type":"post","link":"https:\/\/coria.org\/ayuntamiento\/index.php\/2013\/05\/23\/el-camino-mozarabe-pasa-por-coria\/","title":{"rendered":"\u00abEl Camino moz\u00e1rabe\u00bb pasa por Coria"},"content":{"rendered":"\n<p><b>La presentaci\u00f3n del libro tendr\u00e1 lugar en la Casa de la Cultura de Coria el martes 28 de mayo a las 20:00 horas<\/b><\/p>\n\n\n\n<figure class=\"wp-block-image alignleft size-full\"><img decoding=\"async\" src=\"https:\/\/coria.org\/ayuntamiento\/wp-content\/uploads\/2023\/05\/camino-mozarabe-1.png\" alt=\"\" class=\"wp-image-43282\"\/><\/figure>\n\n\n\n<p>El escritor extreme\u00f1o Jes\u00fas S\u00e1nchez Adalid presentar\u00e1 en Coria el pr\u00f3ximo d\u00eda 28 su \u00faltimo \u00e9xito, la novela \u00abEl camino moz\u00e1rabe\u00bb, a todos los amantes de la buena lectura, en la I Jornada de Lectura Extreme\u00f1a en el aula, actividad ofrecida por el Centro de Profesores y Recursos de Coria, en colaboraci\u00f3n con el Excmo. Ayuntamiento de Coria, como colof\u00f3n a un curso lectivo lleno de actividades de indiscutible calidad.<\/p>\n\n\n\n<p>Jes\u00fas S\u00e1nchez Adalid (Sierra de Fuentes, 1962), doctor en Derecho y licenciado en filosof\u00eda y teolog\u00eda, es actualmente sacerdote y colaborador de revistas como National Geographic y Ciencia y Vida, entre otras.<\/p>\n\n\n\n<p>De amplia producci\u00f3n en novela hist\u00f3rica, fue finalista del Premio Felipe Trigo en 1998 con \u00abLa fuente del Atenor\u00bb, y ha sido galardonado en 2007 con el Premio Fernando Lara de Novela, por su obra \u00abEl alma de la ciudad\u00bb. En 2009 recibe la Medalla de Extremadura y el 2012 el Premio de Novela Hist\u00f3rica Alfonso X el Sabio por \u00abAlcazaba\u00bb. Con \u00abEl moz\u00e1rabe\u00bb su \u00e9xito traspasa fronteras, code\u00e1ndose con otras grandes obras del g\u00e9nero, como \u00abLos pilares de la tierra\u00bb.<\/p>\n\n\n\n<p>Todas sus novelas son ricas en detalles y descripciones fieles a la realidad de la \u00e9poca en la que est\u00e1n ambientadas. Los personajes, la flora y fauna, los lugares y costumbres (la gastronom\u00eda, los usos ling\u00fc\u00edsticos, las vestimentas, etc.) envuelven al lector y los trasladan a una trama que se desarrolla, en muchos casos, en los bellos parajes de su amada Extremadura.<\/p>\n\n\n\n<p>\u00abEl camino moz\u00e1rabe\u00bb no pod\u00eda ser menos y nos lleva, con una narraci\u00f3n pausada y exquisita repleta de batallas \u00e9picas y hechos hist\u00f3ricos narrados con una intensidad sobrecogedora, a la Edad Media desde las intrigas de la C\u00f3rdoba del Califato al antiguo Reino de Gallaecia en un apasionante viaje por la v\u00eda que un\u00eda Sur y Norte peninsulares: el Camino Moz\u00e1rabe. <\/p>\n\n\n\n<p>Pero sin duda su caracter\u00edstica definitoria, es la humanidad de sus personajes, su exhaustiva reflexi\u00f3n acerca de las relaciones humanas y de los conflictos internos del ser en busca de la verdad, el amor o el poder. <\/p>\n\n\n\n<p>Esta mezcla de condiciones, de culturas, razas y pueblos que interaccionan, se fusionan y se temen y atraen por igual, nos hace adem\u00e1s reflexionar acerca de la situaci\u00f3n actual en la que vivimos, siendo un alegato hacia el hermanamiento de culturas en pro de un inter\u00e9s com\u00fan, que es el progreso de la comunidad.<\/p>\n\n\n\n<p>La presentaci\u00f3n del libro tendr\u00e1 lugar en la Casa de la Cultura de Coria el martes 28 de mayo a las 20:00 horas. La entrada es libre.<\/p>\n","protected":false},"excerpt":{"rendered":"<p>La presentaci\u00f3n del libro tendr\u00e1 lugar en la Casa de la Cultura de Coria el martes 28 de mayo a las 20:00 horas El escritor extreme\u00f1o Jes\u00fas S\u00e1nchez Adalid presentar\u00e1 en Coria el pr\u00f3ximo d\u00eda 28 su \u00faltimo \u00e9xito, la novela \u00abEl camino moz\u00e1rabe\u00bb, a todos los amantes de la buena lectura, en la I [&hellip;]<\/p>\n","protected":false},"author":2,"featured_media":0,"comment_status":"closed","ping_status":"closed","sticky":false,"template":"","format":"standard","meta":{"_uag_custom_page_level_css":"","footnotes":""},"categories":[2],"tags":[1442],"class_list":["post-26244","post","type-post","status-publish","format-standard","hentry","category-noticias","tag-camino-mozarabe"],"yoast_head":"<!-- This site is optimized with the Yoast SEO plugin v27.4 - https:\/\/yoast.com\/product\/yoast-seo-wordpress\/ -->\n<title>&quot;El Camino moz\u00e1rabe&quot; pasa por Coria - Ayuntamiento de Coria<\/title>\n<meta name=\"robots\" content=\"index, follow, max-snippet:-1, max-image-preview:large, max-video-preview:-1\" \/>\n<link rel=\"canonical\" href=\"https:\/\/coria.org\/ayuntamiento\/index.php\/2013\/05\/23\/el-camino-mozarabe-pasa-por-coria\/\" \/>\n<meta property=\"og:locale\" content=\"es_ES\" \/>\n<meta property=\"og:type\" content=\"article\" \/>\n<meta property=\"og:title\" content=\"&quot;El Camino moz\u00e1rabe&quot; pasa por Coria - Ayuntamiento de Coria\" \/>\n<meta property=\"og:description\" content=\"La presentaci\u00f3n del libro tendr\u00e1 lugar en la Casa de la Cultura de Coria el martes 28 de mayo a las 20:00 horas El escritor extreme\u00f1o Jes\u00fas S\u00e1nchez Adalid presentar\u00e1 en Coria el pr\u00f3ximo d\u00eda 28 su \u00faltimo \u00e9xito, la novela \u00abEl camino moz\u00e1rabe\u00bb, a todos los amantes de la buena lectura, en la I [&hellip;]\" \/>\n<meta property=\"og:url\" content=\"https:\/\/coria.org\/ayuntamiento\/index.php\/2013\/05\/23\/el-camino-mozarabe-pasa-por-coria\/\" \/>\n<meta property=\"og:site_name\" content=\"Ayuntamiento de Coria\" \/>\n<meta property=\"article:publisher\" content=\"https:\/\/www.facebook.com\/Ayuntamiento.de.Coria\" \/>\n<meta property=\"article:published_time\" content=\"2013-05-22T22:00:00+00:00\" \/>\n<meta property=\"article:modified_time\" content=\"2023-09-18T10:41:55+00:00\" \/>\n<meta property=\"og:image\" content=\"https:\/\/coria.org\/ayuntamiento\/wp-content\/uploads\/2023\/05\/camino-mozarabe-1.png\" \/>\n<meta name=\"author\" content=\"ayuntamiento\" \/>\n<meta name=\"twitter:card\" content=\"summary_large_image\" \/>\n<meta name=\"twitter:creator\" content=\"@Ayto_de_Coria\" \/>\n<meta name=\"twitter:site\" content=\"@Ayto_de_Coria\" \/>\n<meta name=\"twitter:label1\" content=\"Escrito por\" \/>\n\t<meta name=\"twitter:data1\" content=\"ayuntamiento\" \/>\n\t<meta name=\"twitter:label2\" content=\"Tiempo de lectura\" \/>\n\t<meta name=\"twitter:data2\" content=\"2 minutos\" \/>\n<script type=\"application\/ld+json\" class=\"yoast-schema-graph\">{\"@context\":\"https:\\\/\\\/schema.org\",\"@graph\":[{\"@type\":\"Article\",\"@id\":\"https:\\\/\\\/coria.org\\\/ayuntamiento\\\/index.php\\\/2013\\\/05\\\/23\\\/el-camino-mozarabe-pasa-por-coria\\\/#article\",\"isPartOf\":{\"@id\":\"https:\\\/\\\/coria.org\\\/ayuntamiento\\\/index.php\\\/2013\\\/05\\\/23\\\/el-camino-mozarabe-pasa-por-coria\\\/\"},\"author\":{\"name\":\"ayuntamiento\",\"@id\":\"https:\\\/\\\/coria.org\\\/ayuntamiento\\\/#\\\/schema\\\/person\\\/8bd589f0e13e8ae5aa06def7a599d622\"},\"headline\":\"\u00abEl Camino moz\u00e1rabe\u00bb pasa por Coria\",\"datePublished\":\"2013-05-22T22:00:00+00:00\",\"dateModified\":\"2023-09-18T10:41:55+00:00\",\"mainEntityOfPage\":{\"@id\":\"https:\\\/\\\/coria.org\\\/ayuntamiento\\\/index.php\\\/2013\\\/05\\\/23\\\/el-camino-mozarabe-pasa-por-coria\\\/\"},\"wordCount\":482,\"publisher\":{\"@id\":\"https:\\\/\\\/coria.org\\\/ayuntamiento\\\/#organization\"},\"image\":{\"@id\":\"https:\\\/\\\/coria.org\\\/ayuntamiento\\\/index.php\\\/2013\\\/05\\\/23\\\/el-camino-mozarabe-pasa-por-coria\\\/#primaryimage\"},\"thumbnailUrl\":\"https:\\\/\\\/coria.org\\\/ayuntamiento\\\/wp-content\\\/uploads\\\/2023\\\/05\\\/camino-mozarabe-1.png\",\"keywords\":[\"camino mozarabe\"],\"articleSection\":[\"Noticias\"],\"inLanguage\":\"es\"},{\"@type\":\"WebPage\",\"@id\":\"https:\\\/\\\/coria.org\\\/ayuntamiento\\\/index.php\\\/2013\\\/05\\\/23\\\/el-camino-mozarabe-pasa-por-coria\\\/\",\"url\":\"https:\\\/\\\/coria.org\\\/ayuntamiento\\\/index.php\\\/2013\\\/05\\\/23\\\/el-camino-mozarabe-pasa-por-coria\\\/\",\"name\":\"\\\"El Camino moz\u00e1rabe\\\" pasa por Coria - Ayuntamiento de Coria\",\"isPartOf\":{\"@id\":\"https:\\\/\\\/coria.org\\\/ayuntamiento\\\/#website\"},\"primaryImageOfPage\":{\"@id\":\"https:\\\/\\\/coria.org\\\/ayuntamiento\\\/index.php\\\/2013\\\/05\\\/23\\\/el-camino-mozarabe-pasa-por-coria\\\/#primaryimage\"},\"image\":{\"@id\":\"https:\\\/\\\/coria.org\\\/ayuntamiento\\\/index.php\\\/2013\\\/05\\\/23\\\/el-camino-mozarabe-pasa-por-coria\\\/#primaryimage\"},\"thumbnailUrl\":\"https:\\\/\\\/coria.org\\\/ayuntamiento\\\/wp-content\\\/uploads\\\/2023\\\/05\\\/camino-mozarabe-1.png\",\"datePublished\":\"2013-05-22T22:00:00+00:00\",\"dateModified\":\"2023-09-18T10:41:55+00:00\",\"breadcrumb\":{\"@id\":\"https:\\\/\\\/coria.org\\\/ayuntamiento\\\/index.php\\\/2013\\\/05\\\/23\\\/el-camino-mozarabe-pasa-por-coria\\\/#breadcrumb\"},\"inLanguage\":\"es\",\"potentialAction\":[{\"@type\":\"ReadAction\",\"target\":[\"https:\\\/\\\/coria.org\\\/ayuntamiento\\\/index.php\\\/2013\\\/05\\\/23\\\/el-camino-mozarabe-pasa-por-coria\\\/\"]}]},{\"@type\":\"ImageObject\",\"inLanguage\":\"es\",\"@id\":\"https:\\\/\\\/coria.org\\\/ayuntamiento\\\/index.php\\\/2013\\\/05\\\/23\\\/el-camino-mozarabe-pasa-por-coria\\\/#primaryimage\",\"url\":\"\",\"contentUrl\":\"\"},{\"@type\":\"BreadcrumbList\",\"@id\":\"https:\\\/\\\/coria.org\\\/ayuntamiento\\\/index.php\\\/2013\\\/05\\\/23\\\/el-camino-mozarabe-pasa-por-coria\\\/#breadcrumb\",\"itemListElement\":[{\"@type\":\"ListItem\",\"position\":1,\"name\":\"Inicio\",\"item\":\"https:\\\/\\\/coria.org\\\/ayuntamiento\\\/\"},{\"@type\":\"ListItem\",\"position\":2,\"name\":\"\u00abEl Camino moz\u00e1rabe\u00bb pasa por Coria\"}]},{\"@type\":\"WebSite\",\"@id\":\"https:\\\/\\\/coria.org\\\/ayuntamiento\\\/#website\",\"url\":\"https:\\\/\\\/coria.org\\\/ayuntamiento\\\/\",\"name\":\"Ayuntamiento de Coria\",\"description\":\"Web oficial del Ayuntamiento de Coria\",\"publisher\":{\"@id\":\"https:\\\/\\\/coria.org\\\/ayuntamiento\\\/#organization\"},\"alternateName\":\"Web Oficial del Ayuntamiento de Coria\",\"potentialAction\":[{\"@type\":\"SearchAction\",\"target\":{\"@type\":\"EntryPoint\",\"urlTemplate\":\"https:\\\/\\\/coria.org\\\/ayuntamiento\\\/?s={search_term_string}\"},\"query-input\":{\"@type\":\"PropertyValueSpecification\",\"valueRequired\":true,\"valueName\":\"search_term_string\"}}],\"inLanguage\":\"es\"},{\"@type\":\"Organization\",\"@id\":\"https:\\\/\\\/coria.org\\\/ayuntamiento\\\/#organization\",\"name\":\"Ayuntamiento de Coria\",\"alternateName\":\"Ayto de Coria\",\"url\":\"https:\\\/\\\/coria.org\\\/ayuntamiento\\\/\",\"logo\":{\"@type\":\"ImageObject\",\"inLanguage\":\"es\",\"@id\":\"https:\\\/\\\/coria.org\\\/ayuntamiento\\\/#\\\/schema\\\/logo\\\/image\\\/\",\"url\":\"https:\\\/\\\/coria.org\\\/ayuntamiento\\\/wp-content\\\/uploads\\\/2020\\\/12\\\/escudo-ayuntamiento-coria.png\",\"contentUrl\":\"https:\\\/\\\/coria.org\\\/ayuntamiento\\\/wp-content\\\/uploads\\\/2020\\\/12\\\/escudo-ayuntamiento-coria.png\",\"width\":511,\"height\":240,\"caption\":\"Ayuntamiento de Coria\"},\"image\":{\"@id\":\"https:\\\/\\\/coria.org\\\/ayuntamiento\\\/#\\\/schema\\\/logo\\\/image\\\/\"},\"sameAs\":[\"https:\\\/\\\/www.facebook.com\\\/Ayuntamiento.de.Coria\",\"https:\\\/\\\/x.com\\\/Ayto_de_Coria\",\"https:\\\/\\\/www.instagram.com\\\/coria.ayuntamiento\\\/\",\"https:\\\/\\\/www.youtube.com\\\/user\\\/AYUNTAMIENTOCORIA\"]},{\"@type\":\"Person\",\"@id\":\"https:\\\/\\\/coria.org\\\/ayuntamiento\\\/#\\\/schema\\\/person\\\/8bd589f0e13e8ae5aa06def7a599d622\",\"name\":\"ayuntamiento\",\"image\":{\"@type\":\"ImageObject\",\"inLanguage\":\"es\",\"@id\":\"https:\\\/\\\/secure.gravatar.com\\\/avatar\\\/966e5ed73cad334adda5c87f49f2547f7082f7292c1b627cbb548744383b391c?s=96&d=mm&r=g\",\"url\":\"https:\\\/\\\/secure.gravatar.com\\\/avatar\\\/966e5ed73cad334adda5c87f49f2547f7082f7292c1b627cbb548744383b391c?s=96&d=mm&r=g\",\"contentUrl\":\"https:\\\/\\\/secure.gravatar.com\\\/avatar\\\/966e5ed73cad334adda5c87f49f2547f7082f7292c1b627cbb548744383b391c?s=96&d=mm&r=g\",\"caption\":\"ayuntamiento\"}}]}<\/script>\n<!-- \/ Yoast SEO plugin. -->","yoast_head_json":{"title":"\"El Camino moz\u00e1rabe\" pasa por Coria - Ayuntamiento de Coria","robots":{"index":"index","follow":"follow","max-snippet":"max-snippet:-1","max-image-preview":"max-image-preview:large","max-video-preview":"max-video-preview:-1"},"canonical":"https:\/\/coria.org\/ayuntamiento\/index.php\/2013\/05\/23\/el-camino-mozarabe-pasa-por-coria\/","og_locale":"es_ES","og_type":"article","og_title":"\"El Camino moz\u00e1rabe\" pasa por Coria - Ayuntamiento de Coria","og_description":"La presentaci\u00f3n del libro tendr\u00e1 lugar en la Casa de la Cultura de Coria el martes 28 de mayo a las 20:00 horas El escritor extreme\u00f1o Jes\u00fas S\u00e1nchez Adalid presentar\u00e1 en Coria el pr\u00f3ximo d\u00eda 28 su \u00faltimo \u00e9xito, la novela \u00abEl camino moz\u00e1rabe\u00bb, a todos los amantes de la buena lectura, en la I [&hellip;]","og_url":"https:\/\/coria.org\/ayuntamiento\/index.php\/2013\/05\/23\/el-camino-mozarabe-pasa-por-coria\/","og_site_name":"Ayuntamiento de Coria","article_publisher":"https:\/\/www.facebook.com\/Ayuntamiento.de.Coria","article_published_time":"2013-05-22T22:00:00+00:00","article_modified_time":"2023-09-18T10:41:55+00:00","og_image":[{"url":"https:\/\/coria.org\/ayuntamiento\/wp-content\/uploads\/2023\/05\/camino-mozarabe-1.png","type":"","width":"","height":""}],"author":"ayuntamiento","twitter_card":"summary_large_image","twitter_creator":"@Ayto_de_Coria","twitter_site":"@Ayto_de_Coria","twitter_misc":{"Escrito por":"ayuntamiento","Tiempo de lectura":"2 minutos"},"schema":{"@context":"https:\/\/schema.org","@graph":[{"@type":"Article","@id":"https:\/\/coria.org\/ayuntamiento\/index.php\/2013\/05\/23\/el-camino-mozarabe-pasa-por-coria\/#article","isPartOf":{"@id":"https:\/\/coria.org\/ayuntamiento\/index.php\/2013\/05\/23\/el-camino-mozarabe-pasa-por-coria\/"},"author":{"name":"ayuntamiento","@id":"https:\/\/coria.org\/ayuntamiento\/#\/schema\/person\/8bd589f0e13e8ae5aa06def7a599d622"},"headline":"\u00abEl Camino moz\u00e1rabe\u00bb pasa por Coria","datePublished":"2013-05-22T22:00:00+00:00","dateModified":"2023-09-18T10:41:55+00:00","mainEntityOfPage":{"@id":"https:\/\/coria.org\/ayuntamiento\/index.php\/2013\/05\/23\/el-camino-mozarabe-pasa-por-coria\/"},"wordCount":482,"publisher":{"@id":"https:\/\/coria.org\/ayuntamiento\/#organization"},"image":{"@id":"https:\/\/coria.org\/ayuntamiento\/index.php\/2013\/05\/23\/el-camino-mozarabe-pasa-por-coria\/#primaryimage"},"thumbnailUrl":"https:\/\/coria.org\/ayuntamiento\/wp-content\/uploads\/2023\/05\/camino-mozarabe-1.png","keywords":["camino mozarabe"],"articleSection":["Noticias"],"inLanguage":"es"},{"@type":"WebPage","@id":"https:\/\/coria.org\/ayuntamiento\/index.php\/2013\/05\/23\/el-camino-mozarabe-pasa-por-coria\/","url":"https:\/\/coria.org\/ayuntamiento\/index.php\/2013\/05\/23\/el-camino-mozarabe-pasa-por-coria\/","name":"\"El Camino moz\u00e1rabe\" pasa por Coria - Ayuntamiento de Coria","isPartOf":{"@id":"https:\/\/coria.org\/ayuntamiento\/#website"},"primaryImageOfPage":{"@id":"https:\/\/coria.org\/ayuntamiento\/index.php\/2013\/05\/23\/el-camino-mozarabe-pasa-por-coria\/#primaryimage"},"image":{"@id":"https:\/\/coria.org\/ayuntamiento\/index.php\/2013\/05\/23\/el-camino-mozarabe-pasa-por-coria\/#primaryimage"},"thumbnailUrl":"https:\/\/coria.org\/ayuntamiento\/wp-content\/uploads\/2023\/05\/camino-mozarabe-1.png","datePublished":"2013-05-22T22:00:00+00:00","dateModified":"2023-09-18T10:41:55+00:00","breadcrumb":{"@id":"https:\/\/coria.org\/ayuntamiento\/index.php\/2013\/05\/23\/el-camino-mozarabe-pasa-por-coria\/#breadcrumb"},"inLanguage":"es","potentialAction":[{"@type":"ReadAction","target":["https:\/\/coria.org\/ayuntamiento\/index.php\/2013\/05\/23\/el-camino-mozarabe-pasa-por-coria\/"]}]},{"@type":"ImageObject","inLanguage":"es","@id":"https:\/\/coria.org\/ayuntamiento\/index.php\/2013\/05\/23\/el-camino-mozarabe-pasa-por-coria\/#primaryimage","url":"","contentUrl":""},{"@type":"BreadcrumbList","@id":"https:\/\/coria.org\/ayuntamiento\/index.php\/2013\/05\/23\/el-camino-mozarabe-pasa-por-coria\/#breadcrumb","itemListElement":[{"@type":"ListItem","position":1,"name":"Inicio","item":"https:\/\/coria.org\/ayuntamiento\/"},{"@type":"ListItem","position":2,"name":"\u00abEl Camino moz\u00e1rabe\u00bb pasa por Coria"}]},{"@type":"WebSite","@id":"https:\/\/coria.org\/ayuntamiento\/#website","url":"https:\/\/coria.org\/ayuntamiento\/","name":"Ayuntamiento de Coria","description":"Web oficial del Ayuntamiento de Coria","publisher":{"@id":"https:\/\/coria.org\/ayuntamiento\/#organization"},"alternateName":"Web Oficial del Ayuntamiento de Coria","potentialAction":[{"@type":"SearchAction","target":{"@type":"EntryPoint","urlTemplate":"https:\/\/coria.org\/ayuntamiento\/?s={search_term_string}"},"query-input":{"@type":"PropertyValueSpecification","valueRequired":true,"valueName":"search_term_string"}}],"inLanguage":"es"},{"@type":"Organization","@id":"https:\/\/coria.org\/ayuntamiento\/#organization","name":"Ayuntamiento de Coria","alternateName":"Ayto de Coria","url":"https:\/\/coria.org\/ayuntamiento\/","logo":{"@type":"ImageObject","inLanguage":"es","@id":"https:\/\/coria.org\/ayuntamiento\/#\/schema\/logo\/image\/","url":"https:\/\/coria.org\/ayuntamiento\/wp-content\/uploads\/2020\/12\/escudo-ayuntamiento-coria.png","contentUrl":"https:\/\/coria.org\/ayuntamiento\/wp-content\/uploads\/2020\/12\/escudo-ayuntamiento-coria.png","width":511,"height":240,"caption":"Ayuntamiento de Coria"},"image":{"@id":"https:\/\/coria.org\/ayuntamiento\/#\/schema\/logo\/image\/"},"sameAs":["https:\/\/www.facebook.com\/Ayuntamiento.de.Coria","https:\/\/x.com\/Ayto_de_Coria","https:\/\/www.instagram.com\/coria.ayuntamiento\/","https:\/\/www.youtube.com\/user\/AYUNTAMIENTOCORIA"]},{"@type":"Person","@id":"https:\/\/coria.org\/ayuntamiento\/#\/schema\/person\/8bd589f0e13e8ae5aa06def7a599d622","name":"ayuntamiento","image":{"@type":"ImageObject","inLanguage":"es","@id":"https:\/\/secure.gravatar.com\/avatar\/966e5ed73cad334adda5c87f49f2547f7082f7292c1b627cbb548744383b391c?s=96&d=mm&r=g","url":"https:\/\/secure.gravatar.com\/avatar\/966e5ed73cad334adda5c87f49f2547f7082f7292c1b627cbb548744383b391c?s=96&d=mm&r=g","contentUrl":"https:\/\/secure.gravatar.com\/avatar\/966e5ed73cad334adda5c87f49f2547f7082f7292c1b627cbb548744383b391c?s=96&d=mm&r=g","caption":"ayuntamiento"}}]}},"uagb_featured_image_src":{"full":false,"thumbnail":false,"medium":false,"medium_large":false,"large":false,"thumblist":false,"thumbrelated":false,"meccarouselthumb":false,"gridsquare":false,"tileview":false,"1536x1536":false,"2048x2048":false},"uagb_author_info":{"display_name":"ayuntamiento","author_link":"https:\/\/coria.org\/ayuntamiento\/index.php\/author\/ayuntamiento\/"},"uagb_comment_info":0,"uagb_excerpt":"La presentaci\u00f3n del libro tendr\u00e1 lugar en la Casa de la Cultura de Coria el martes 28 de mayo a las 20:00 horas El escritor extreme\u00f1o Jes\u00fas S\u00e1nchez Adalid presentar\u00e1 en Coria el pr\u00f3ximo d\u00eda 28 su \u00faltimo \u00e9xito, la novela \u00abEl camino moz\u00e1rabe\u00bb, a todos los amantes de la buena lectura, en la I&hellip;","_links":{"self":[{"href":"https:\/\/coria.org\/ayuntamiento\/index.php\/wp-json\/wp\/v2\/posts\/26244","targetHints":{"allow":["GET"]}}],"collection":[{"href":"https:\/\/coria.org\/ayuntamiento\/index.php\/wp-json\/wp\/v2\/posts"}],"about":[{"href":"https:\/\/coria.org\/ayuntamiento\/index.php\/wp-json\/wp\/v2\/types\/post"}],"author":[{"embeddable":true,"href":"https:\/\/coria.org\/ayuntamiento\/index.php\/wp-json\/wp\/v2\/users\/2"}],"replies":[{"embeddable":true,"href":"https:\/\/coria.org\/ayuntamiento\/index.php\/wp-json\/wp\/v2\/comments?post=26244"}],"version-history":[{"count":0,"href":"https:\/\/coria.org\/ayuntamiento\/index.php\/wp-json\/wp\/v2\/posts\/26244\/revisions"}],"wp:attachment":[{"href":"https:\/\/coria.org\/ayuntamiento\/index.php\/wp-json\/wp\/v2\/media?parent=26244"}],"wp:term":[{"taxonomy":"category","embeddable":true,"href":"https:\/\/coria.org\/ayuntamiento\/index.php\/wp-json\/wp\/v2\/categories?post=26244"},{"taxonomy":"post_tag","embeddable":true,"href":"https:\/\/coria.org\/ayuntamiento\/index.php\/wp-json\/wp\/v2\/tags?post=26244"}],"curies":[{"name":"wp","href":"https:\/\/api.w.org\/{rel}","templated":true}]}}