{"id":26147,"date":"2013-09-30T00:00:00","date_gmt":"2013-09-30T00:00:00","guid":{"rendered":"https:\/\/ayuntamiento.coriaenimagenes.com\/aplicacion-de-un-sistema-de-audio-guia-para-moviles-dentro-del-circuito-turistico-por-tierras-rayanas\/"},"modified":"2023-09-18T12:41:43","modified_gmt":"2023-09-18T10:41:43","slug":"aplicacion-de-un-sistema-de-audio-guia-para-moviles-dentro-del-circuito-turistico-por-tierras-rayanas","status":"publish","type":"post","link":"https:\/\/coria.org\/ayuntamiento\/index.php\/2013\/09\/30\/aplicacion-de-un-sistema-de-audio-guia-para-moviles-dentro-del-circuito-turistico-por-tierras-rayanas\/","title":{"rendered":"Aplicaci\u00f3n de un sistema de audiogu\u00eda para m\u00f3viles dentro del circuito tur\u00edstico Por Tierras Rayanas"},"content":{"rendered":"\n<p><b>El objetivo de este proyecto es conseguir que la visita a este itinerario tur\u00edstico sea amena, pr\u00e1ctica, funcional e interesante para aquellos que nos visiten <\/b><\/p>\n\n<figure class=\"wp-block-post-featured-image\"><img loading=\"lazy\" decoding=\"async\" width=\"720\" height=\"405\" src=\"https:\/\/coria.org\/ayuntamiento\/wp-content\/uploads\/2013\/09\/FOTO-30-SEPT.jpg\" class=\"attachment-post-thumbnail size-post-thumbnail wp-post-image\" alt=\"\" style=\"object-fit:cover;\" srcset=\"https:\/\/coria.org\/ayuntamiento\/wp-content\/uploads\/2013\/09\/FOTO-30-SEPT.jpg 720w, https:\/\/coria.org\/ayuntamiento\/wp-content\/uploads\/2013\/09\/FOTO-30-SEPT-300x169.jpg 300w\" sizes=\"auto, (max-width: 720px) 100vw, 720px\" \/><\/figure>\n\n<p><span style=\"font-family: verdana,arial,helvetica,sans-serif; font-size: small;\">Esta ma\u00f1ana, el Alcalde-Presidente del Excmo. Ayuntamiento de Coria, Jos\u00e9 Manuel Garc\u00eda Ballestero, junto a la concejal de Turismo y Cultura, Almudena Domingo Pirrongelli, el t\u00e9cnico de Turismo, Jos\u00e9 Manuel Bueno, y el responsable de la empresa WORDLNET 21 SL de Madrid, Dan Peinador-Garc\u00eda, han presentado este atractivo proyecto.<\/span><\/p>\n\n\n<p><span style=\"font-family: verdana,arial,helvetica,sans-serif; font-size: small;\">El objetivo del proyecto es, por una parte la puesta en valor de su extenso patrimonio cultural y natural y por otra, la promoci\u00f3n conjunta del mismo dentro del \u00e1mbito tur\u00edstico.<\/span><\/p>\n\n\n<p><span style=\"font-family: verdana,arial,helvetica,sans-serif; font-size: small;\">\u00abCon esta novedosa aplicaci\u00f3n de audio gu\u00eda para m\u00f3viles y smartphone, desde el Ayuntamiento de Coria pretendemos ofrecer al visitante una soluci\u00f3n tecnol\u00f3gica informativa dentro del mercado tur\u00edstico, con el objetivo de dar calidad y de ser espejo y punto de partida de numerosas visitas a cada uno de los doce municipios que componen esta red tur\u00edstica\u00bb, seg\u00fan ha explicado el Alcalde.<\/span><\/p>\n\n\n<p><span style=\"font-family: verdana,arial,helvetica,sans-serif; font-size: small;\">Se ha valorado mucho el que la aplicaci\u00f3n pueda descargarse en la totalidad actual de las plataformas para distintos sistemas de smartphones, con el objetivo de alcanzar m\u00e1s del 90 \u00f3 95% del parque de terminales m\u00f3viles del mercado.<\/span><\/p>\n\n\n<p><span style=\"font-family: verdana,arial,helvetica,sans-serif; font-size: small;\">Del mismo modo, todos los recursos tur\u00edsticos disponibles dentro de cada municipio estar\u00e1n incluidos en una base de datos multi-lenguaje, disponible en seis idiomas: alem\u00e1n, ingl\u00e9s, portugu\u00e9s, espa\u00f1ol, italiano y franc\u00e9s.<\/span><\/p>\n\n\n<p><span style=\"font-family: verdana,arial,helvetica,sans-serif; font-size: small;\">Por su parte, los usuarios, a trav\u00e9s del navegador de sus terminales m\u00f3viles, podr\u00e1n acceder a descargar todos los contenidos tur\u00edsticos alojados en la aplicaci\u00f3n dise\u00f1ada por medio de puntos de descarga Wi-Fi que estar\u00e1n instalados en las Oficinas de Turismo del Circuito Tur\u00edstico Por Tierras Rayanas, sin coste alguna, salvo los gastos aplicados por las operadoras de telefon\u00eda m\u00f3vil seg\u00fan la pol\u00edtica de precios actuales.<\/span><\/p>\n\n\n<p><span style=\"font-family: verdana,arial,helvetica,sans-serif; font-size: small;\">As\u00ed, con el desarrollo e implantaci\u00f3n de esta novedosa aplicaci\u00f3n tecnol\u00f3gica y de innovaci\u00f3n, el Ayuntamiento de Coria, como beneficiario principal y jefe de filas del Proyecto Circuito Tur\u00edstico Por Tierras Rayanas, \u00abpretende favorecer la modernizaci\u00f3n, la din\u00e1mica y el crecimiento del sector tur\u00edstico dentro de la propia ciudad de Coria y de este itinerario Tur\u00edstico Rayano\u00bb.<\/span><\/p>\n\n\n<p><span style=\"font-family: verdana,arial,helvetica,sans-serif; font-size: small;\">En definitiva, desde el Ayuntamiento de Coria, junto con el resto de Consistorios y C\u00e2maras Municipales que configuran este partenariado tur\u00edstico, se persigue el hecho de hacer desaparecer el denominado efecto frontera, recalcando que las ciudades hist\u00f3ricas que lo componen no est\u00e1n en el extremo de nada, sino en el centro neur\u00e1lgico de los mercados emisores hispano-lusos.<\/span><\/p>\n\n\n<p><iframe loading=\"lazy\" src=\"http:\/\/www.youtube.com\/embed\/Vvt-hCb6MUM\" width=\"480\" height=\"360\" frameborder=\"0\"><\/iframe><\/p>\n","protected":false},"excerpt":{"rendered":"<p>El objetivo de este proyecto es conseguir que la visita a este itinerario tur\u00edstico sea amena, pr\u00e1ctica, funcional e interesante para aquellos que nos visiten Esta ma\u00f1ana, el Alcalde-Presidente del Excmo. Ayuntamiento de Coria, Jos\u00e9 Manuel Garc\u00eda Ballestero, junto a la concejal de Turismo y Cultura, Almudena Domingo Pirrongelli, el t\u00e9cnico de Turismo, Jos\u00e9 Manuel [&hellip;]<\/p>\n","protected":false},"author":2,"featured_media":31546,"comment_status":"closed","ping_status":"closed","sticky":false,"template":"","format":"standard","meta":{"_uag_custom_page_level_css":"","footnotes":""},"categories":[2],"tags":[989],"class_list":["post-26147","post","type-post","status-publish","format-standard","has-post-thumbnail","hentry","category-noticias","tag-por-tierras-rayanas"],"yoast_head":"<!-- This site is optimized with the Yoast SEO plugin v27.4 - https:\/\/yoast.com\/product\/yoast-seo-wordpress\/ -->\n<title>Aplicaci\u00f3n de un sistema de audiogu\u00eda para m\u00f3viles dentro del circuito tur\u00edstico Por Tierras Rayanas - Ayuntamiento de Coria<\/title>\n<meta name=\"robots\" content=\"index, follow, max-snippet:-1, max-image-preview:large, max-video-preview:-1\" \/>\n<link rel=\"canonical\" href=\"https:\/\/coria.org\/ayuntamiento\/index.php\/2013\/09\/30\/aplicacion-de-un-sistema-de-audio-guia-para-moviles-dentro-del-circuito-turistico-por-tierras-rayanas\/\" \/>\n<meta property=\"og:locale\" content=\"es_ES\" \/>\n<meta property=\"og:type\" content=\"article\" \/>\n<meta property=\"og:title\" content=\"Aplicaci\u00f3n de un sistema de audiogu\u00eda para m\u00f3viles dentro del circuito tur\u00edstico Por Tierras Rayanas - Ayuntamiento de Coria\" \/>\n<meta property=\"og:description\" content=\"El objetivo de este proyecto es conseguir que la visita a este itinerario tur\u00edstico sea amena, pr\u00e1ctica, funcional e interesante para aquellos que nos visiten Esta ma\u00f1ana, el Alcalde-Presidente del Excmo. Ayuntamiento de Coria, Jos\u00e9 Manuel Garc\u00eda Ballestero, junto a la concejal de Turismo y Cultura, Almudena Domingo Pirrongelli, el t\u00e9cnico de Turismo, Jos\u00e9 Manuel [&hellip;]\" \/>\n<meta property=\"og:url\" content=\"https:\/\/coria.org\/ayuntamiento\/index.php\/2013\/09\/30\/aplicacion-de-un-sistema-de-audio-guia-para-moviles-dentro-del-circuito-turistico-por-tierras-rayanas\/\" \/>\n<meta property=\"og:site_name\" content=\"Ayuntamiento de Coria\" \/>\n<meta property=\"article:publisher\" content=\"https:\/\/www.facebook.com\/Ayuntamiento.de.Coria\" \/>\n<meta property=\"article:published_time\" content=\"2013-09-30T00:00:00+00:00\" \/>\n<meta property=\"article:modified_time\" content=\"2023-09-18T10:41:43+00:00\" \/>\n<meta property=\"og:image\" content=\"https:\/\/coria.org\/ayuntamiento\/wp-content\/uploads\/2013\/09\/FOTO-30-SEPT.jpg\" \/>\n\t<meta property=\"og:image:width\" content=\"720\" \/>\n\t<meta property=\"og:image:height\" content=\"405\" \/>\n\t<meta property=\"og:image:type\" content=\"image\/jpeg\" \/>\n<meta name=\"author\" content=\"ayuntamiento\" \/>\n<meta name=\"twitter:card\" content=\"summary_large_image\" \/>\n<meta name=\"twitter:creator\" content=\"@Ayto_de_Coria\" \/>\n<meta name=\"twitter:site\" content=\"@Ayto_de_Coria\" \/>\n<meta name=\"twitter:label1\" content=\"Escrito por\" \/>\n\t<meta name=\"twitter:data1\" content=\"ayuntamiento\" \/>\n\t<meta name=\"twitter:label2\" content=\"Tiempo de lectura\" \/>\n\t<meta name=\"twitter:data2\" content=\"2 minutos\" \/>\n<script type=\"application\/ld+json\" class=\"yoast-schema-graph\">{\"@context\":\"https:\\\/\\\/schema.org\",\"@graph\":[{\"@type\":\"Article\",\"@id\":\"https:\\\/\\\/coria.org\\\/ayuntamiento\\\/index.php\\\/2013\\\/09\\\/30\\\/aplicacion-de-un-sistema-de-audio-guia-para-moviles-dentro-del-circuito-turistico-por-tierras-rayanas\\\/#article\",\"isPartOf\":{\"@id\":\"https:\\\/\\\/coria.org\\\/ayuntamiento\\\/index.php\\\/2013\\\/09\\\/30\\\/aplicacion-de-un-sistema-de-audio-guia-para-moviles-dentro-del-circuito-turistico-por-tierras-rayanas\\\/\"},\"author\":{\"name\":\"ayuntamiento\",\"@id\":\"https:\\\/\\\/coria.org\\\/ayuntamiento\\\/#\\\/schema\\\/person\\\/8bd589f0e13e8ae5aa06def7a599d622\"},\"headline\":\"Aplicaci\u00f3n de un sistema de audiogu\u00eda para m\u00f3viles dentro del circuito tur\u00edstico Por Tierras Rayanas\",\"datePublished\":\"2013-09-30T00:00:00+00:00\",\"dateModified\":\"2023-09-18T10:41:43+00:00\",\"mainEntityOfPage\":{\"@id\":\"https:\\\/\\\/coria.org\\\/ayuntamiento\\\/index.php\\\/2013\\\/09\\\/30\\\/aplicacion-de-un-sistema-de-audio-guia-para-moviles-dentro-del-circuito-turistico-por-tierras-rayanas\\\/\"},\"wordCount\":484,\"publisher\":{\"@id\":\"https:\\\/\\\/coria.org\\\/ayuntamiento\\\/#organization\"},\"image\":{\"@id\":\"https:\\\/\\\/coria.org\\\/ayuntamiento\\\/index.php\\\/2013\\\/09\\\/30\\\/aplicacion-de-un-sistema-de-audio-guia-para-moviles-dentro-del-circuito-turistico-por-tierras-rayanas\\\/#primaryimage\"},\"thumbnailUrl\":\"https:\\\/\\\/coria.org\\\/ayuntamiento\\\/wp-content\\\/uploads\\\/2013\\\/09\\\/FOTO-30-SEPT.jpg\",\"keywords\":[\"por tierras rayanas\"],\"articleSection\":[\"Noticias\"],\"inLanguage\":\"es\"},{\"@type\":\"WebPage\",\"@id\":\"https:\\\/\\\/coria.org\\\/ayuntamiento\\\/index.php\\\/2013\\\/09\\\/30\\\/aplicacion-de-un-sistema-de-audio-guia-para-moviles-dentro-del-circuito-turistico-por-tierras-rayanas\\\/\",\"url\":\"https:\\\/\\\/coria.org\\\/ayuntamiento\\\/index.php\\\/2013\\\/09\\\/30\\\/aplicacion-de-un-sistema-de-audio-guia-para-moviles-dentro-del-circuito-turistico-por-tierras-rayanas\\\/\",\"name\":\"Aplicaci\u00f3n de un sistema de audiogu\u00eda para m\u00f3viles dentro del circuito tur\u00edstico Por Tierras Rayanas - Ayuntamiento de Coria\",\"isPartOf\":{\"@id\":\"https:\\\/\\\/coria.org\\\/ayuntamiento\\\/#website\"},\"primaryImageOfPage\":{\"@id\":\"https:\\\/\\\/coria.org\\\/ayuntamiento\\\/index.php\\\/2013\\\/09\\\/30\\\/aplicacion-de-un-sistema-de-audio-guia-para-moviles-dentro-del-circuito-turistico-por-tierras-rayanas\\\/#primaryimage\"},\"image\":{\"@id\":\"https:\\\/\\\/coria.org\\\/ayuntamiento\\\/index.php\\\/2013\\\/09\\\/30\\\/aplicacion-de-un-sistema-de-audio-guia-para-moviles-dentro-del-circuito-turistico-por-tierras-rayanas\\\/#primaryimage\"},\"thumbnailUrl\":\"https:\\\/\\\/coria.org\\\/ayuntamiento\\\/wp-content\\\/uploads\\\/2013\\\/09\\\/FOTO-30-SEPT.jpg\",\"datePublished\":\"2013-09-30T00:00:00+00:00\",\"dateModified\":\"2023-09-18T10:41:43+00:00\",\"breadcrumb\":{\"@id\":\"https:\\\/\\\/coria.org\\\/ayuntamiento\\\/index.php\\\/2013\\\/09\\\/30\\\/aplicacion-de-un-sistema-de-audio-guia-para-moviles-dentro-del-circuito-turistico-por-tierras-rayanas\\\/#breadcrumb\"},\"inLanguage\":\"es\",\"potentialAction\":[{\"@type\":\"ReadAction\",\"target\":[\"https:\\\/\\\/coria.org\\\/ayuntamiento\\\/index.php\\\/2013\\\/09\\\/30\\\/aplicacion-de-un-sistema-de-audio-guia-para-moviles-dentro-del-circuito-turistico-por-tierras-rayanas\\\/\"]}]},{\"@type\":\"ImageObject\",\"inLanguage\":\"es\",\"@id\":\"https:\\\/\\\/coria.org\\\/ayuntamiento\\\/index.php\\\/2013\\\/09\\\/30\\\/aplicacion-de-un-sistema-de-audio-guia-para-moviles-dentro-del-circuito-turistico-por-tierras-rayanas\\\/#primaryimage\",\"url\":\"https:\\\/\\\/coria.org\\\/ayuntamiento\\\/wp-content\\\/uploads\\\/2013\\\/09\\\/FOTO-30-SEPT.jpg\",\"contentUrl\":\"https:\\\/\\\/coria.org\\\/ayuntamiento\\\/wp-content\\\/uploads\\\/2013\\\/09\\\/FOTO-30-SEPT.jpg\",\"width\":720,\"height\":405},{\"@type\":\"BreadcrumbList\",\"@id\":\"https:\\\/\\\/coria.org\\\/ayuntamiento\\\/index.php\\\/2013\\\/09\\\/30\\\/aplicacion-de-un-sistema-de-audio-guia-para-moviles-dentro-del-circuito-turistico-por-tierras-rayanas\\\/#breadcrumb\",\"itemListElement\":[{\"@type\":\"ListItem\",\"position\":1,\"name\":\"Inicio\",\"item\":\"https:\\\/\\\/coria.org\\\/ayuntamiento\\\/\"},{\"@type\":\"ListItem\",\"position\":2,\"name\":\"Aplicaci\u00f3n de un sistema de audiogu\u00eda para m\u00f3viles dentro del circuito tur\u00edstico Por Tierras Rayanas\"}]},{\"@type\":\"WebSite\",\"@id\":\"https:\\\/\\\/coria.org\\\/ayuntamiento\\\/#website\",\"url\":\"https:\\\/\\\/coria.org\\\/ayuntamiento\\\/\",\"name\":\"Ayuntamiento de Coria\",\"description\":\"Web oficial del Ayuntamiento de Coria\",\"publisher\":{\"@id\":\"https:\\\/\\\/coria.org\\\/ayuntamiento\\\/#organization\"},\"alternateName\":\"Web Oficial del Ayuntamiento de Coria\",\"potentialAction\":[{\"@type\":\"SearchAction\",\"target\":{\"@type\":\"EntryPoint\",\"urlTemplate\":\"https:\\\/\\\/coria.org\\\/ayuntamiento\\\/?s={search_term_string}\"},\"query-input\":{\"@type\":\"PropertyValueSpecification\",\"valueRequired\":true,\"valueName\":\"search_term_string\"}}],\"inLanguage\":\"es\"},{\"@type\":\"Organization\",\"@id\":\"https:\\\/\\\/coria.org\\\/ayuntamiento\\\/#organization\",\"name\":\"Ayuntamiento de Coria\",\"alternateName\":\"Ayto de Coria\",\"url\":\"https:\\\/\\\/coria.org\\\/ayuntamiento\\\/\",\"logo\":{\"@type\":\"ImageObject\",\"inLanguage\":\"es\",\"@id\":\"https:\\\/\\\/coria.org\\\/ayuntamiento\\\/#\\\/schema\\\/logo\\\/image\\\/\",\"url\":\"https:\\\/\\\/coria.org\\\/ayuntamiento\\\/wp-content\\\/uploads\\\/2020\\\/12\\\/escudo-ayuntamiento-coria.png\",\"contentUrl\":\"https:\\\/\\\/coria.org\\\/ayuntamiento\\\/wp-content\\\/uploads\\\/2020\\\/12\\\/escudo-ayuntamiento-coria.png\",\"width\":511,\"height\":240,\"caption\":\"Ayuntamiento de Coria\"},\"image\":{\"@id\":\"https:\\\/\\\/coria.org\\\/ayuntamiento\\\/#\\\/schema\\\/logo\\\/image\\\/\"},\"sameAs\":[\"https:\\\/\\\/www.facebook.com\\\/Ayuntamiento.de.Coria\",\"https:\\\/\\\/x.com\\\/Ayto_de_Coria\",\"https:\\\/\\\/www.instagram.com\\\/coria.ayuntamiento\\\/\",\"https:\\\/\\\/www.youtube.com\\\/user\\\/AYUNTAMIENTOCORIA\"]},{\"@type\":\"Person\",\"@id\":\"https:\\\/\\\/coria.org\\\/ayuntamiento\\\/#\\\/schema\\\/person\\\/8bd589f0e13e8ae5aa06def7a599d622\",\"name\":\"ayuntamiento\",\"image\":{\"@type\":\"ImageObject\",\"inLanguage\":\"es\",\"@id\":\"https:\\\/\\\/secure.gravatar.com\\\/avatar\\\/966e5ed73cad334adda5c87f49f2547f7082f7292c1b627cbb548744383b391c?s=96&d=mm&r=g\",\"url\":\"https:\\\/\\\/secure.gravatar.com\\\/avatar\\\/966e5ed73cad334adda5c87f49f2547f7082f7292c1b627cbb548744383b391c?s=96&d=mm&r=g\",\"contentUrl\":\"https:\\\/\\\/secure.gravatar.com\\\/avatar\\\/966e5ed73cad334adda5c87f49f2547f7082f7292c1b627cbb548744383b391c?s=96&d=mm&r=g\",\"caption\":\"ayuntamiento\"}}]}<\/script>\n<!-- \/ Yoast SEO plugin. -->","yoast_head_json":{"title":"Aplicaci\u00f3n de un sistema de audiogu\u00eda para m\u00f3viles dentro del circuito tur\u00edstico Por Tierras Rayanas - Ayuntamiento de Coria","robots":{"index":"index","follow":"follow","max-snippet":"max-snippet:-1","max-image-preview":"max-image-preview:large","max-video-preview":"max-video-preview:-1"},"canonical":"https:\/\/coria.org\/ayuntamiento\/index.php\/2013\/09\/30\/aplicacion-de-un-sistema-de-audio-guia-para-moviles-dentro-del-circuito-turistico-por-tierras-rayanas\/","og_locale":"es_ES","og_type":"article","og_title":"Aplicaci\u00f3n de un sistema de audiogu\u00eda para m\u00f3viles dentro del circuito tur\u00edstico Por Tierras Rayanas - Ayuntamiento de Coria","og_description":"El objetivo de este proyecto es conseguir que la visita a este itinerario tur\u00edstico sea amena, pr\u00e1ctica, funcional e interesante para aquellos que nos visiten Esta ma\u00f1ana, el Alcalde-Presidente del Excmo. Ayuntamiento de Coria, Jos\u00e9 Manuel Garc\u00eda Ballestero, junto a la concejal de Turismo y Cultura, Almudena Domingo Pirrongelli, el t\u00e9cnico de Turismo, Jos\u00e9 Manuel [&hellip;]","og_url":"https:\/\/coria.org\/ayuntamiento\/index.php\/2013\/09\/30\/aplicacion-de-un-sistema-de-audio-guia-para-moviles-dentro-del-circuito-turistico-por-tierras-rayanas\/","og_site_name":"Ayuntamiento de Coria","article_publisher":"https:\/\/www.facebook.com\/Ayuntamiento.de.Coria","article_published_time":"2013-09-30T00:00:00+00:00","article_modified_time":"2023-09-18T10:41:43+00:00","og_image":[{"width":720,"height":405,"url":"https:\/\/coria.org\/ayuntamiento\/wp-content\/uploads\/2013\/09\/FOTO-30-SEPT.jpg","type":"image\/jpeg"}],"author":"ayuntamiento","twitter_card":"summary_large_image","twitter_creator":"@Ayto_de_Coria","twitter_site":"@Ayto_de_Coria","twitter_misc":{"Escrito por":"ayuntamiento","Tiempo de lectura":"2 minutos"},"schema":{"@context":"https:\/\/schema.org","@graph":[{"@type":"Article","@id":"https:\/\/coria.org\/ayuntamiento\/index.php\/2013\/09\/30\/aplicacion-de-un-sistema-de-audio-guia-para-moviles-dentro-del-circuito-turistico-por-tierras-rayanas\/#article","isPartOf":{"@id":"https:\/\/coria.org\/ayuntamiento\/index.php\/2013\/09\/30\/aplicacion-de-un-sistema-de-audio-guia-para-moviles-dentro-del-circuito-turistico-por-tierras-rayanas\/"},"author":{"name":"ayuntamiento","@id":"https:\/\/coria.org\/ayuntamiento\/#\/schema\/person\/8bd589f0e13e8ae5aa06def7a599d622"},"headline":"Aplicaci\u00f3n de un sistema de audiogu\u00eda para m\u00f3viles dentro del circuito tur\u00edstico Por Tierras Rayanas","datePublished":"2013-09-30T00:00:00+00:00","dateModified":"2023-09-18T10:41:43+00:00","mainEntityOfPage":{"@id":"https:\/\/coria.org\/ayuntamiento\/index.php\/2013\/09\/30\/aplicacion-de-un-sistema-de-audio-guia-para-moviles-dentro-del-circuito-turistico-por-tierras-rayanas\/"},"wordCount":484,"publisher":{"@id":"https:\/\/coria.org\/ayuntamiento\/#organization"},"image":{"@id":"https:\/\/coria.org\/ayuntamiento\/index.php\/2013\/09\/30\/aplicacion-de-un-sistema-de-audio-guia-para-moviles-dentro-del-circuito-turistico-por-tierras-rayanas\/#primaryimage"},"thumbnailUrl":"https:\/\/coria.org\/ayuntamiento\/wp-content\/uploads\/2013\/09\/FOTO-30-SEPT.jpg","keywords":["por tierras rayanas"],"articleSection":["Noticias"],"inLanguage":"es"},{"@type":"WebPage","@id":"https:\/\/coria.org\/ayuntamiento\/index.php\/2013\/09\/30\/aplicacion-de-un-sistema-de-audio-guia-para-moviles-dentro-del-circuito-turistico-por-tierras-rayanas\/","url":"https:\/\/coria.org\/ayuntamiento\/index.php\/2013\/09\/30\/aplicacion-de-un-sistema-de-audio-guia-para-moviles-dentro-del-circuito-turistico-por-tierras-rayanas\/","name":"Aplicaci\u00f3n de un sistema de audiogu\u00eda para m\u00f3viles dentro del circuito tur\u00edstico Por Tierras Rayanas - Ayuntamiento de Coria","isPartOf":{"@id":"https:\/\/coria.org\/ayuntamiento\/#website"},"primaryImageOfPage":{"@id":"https:\/\/coria.org\/ayuntamiento\/index.php\/2013\/09\/30\/aplicacion-de-un-sistema-de-audio-guia-para-moviles-dentro-del-circuito-turistico-por-tierras-rayanas\/#primaryimage"},"image":{"@id":"https:\/\/coria.org\/ayuntamiento\/index.php\/2013\/09\/30\/aplicacion-de-un-sistema-de-audio-guia-para-moviles-dentro-del-circuito-turistico-por-tierras-rayanas\/#primaryimage"},"thumbnailUrl":"https:\/\/coria.org\/ayuntamiento\/wp-content\/uploads\/2013\/09\/FOTO-30-SEPT.jpg","datePublished":"2013-09-30T00:00:00+00:00","dateModified":"2023-09-18T10:41:43+00:00","breadcrumb":{"@id":"https:\/\/coria.org\/ayuntamiento\/index.php\/2013\/09\/30\/aplicacion-de-un-sistema-de-audio-guia-para-moviles-dentro-del-circuito-turistico-por-tierras-rayanas\/#breadcrumb"},"inLanguage":"es","potentialAction":[{"@type":"ReadAction","target":["https:\/\/coria.org\/ayuntamiento\/index.php\/2013\/09\/30\/aplicacion-de-un-sistema-de-audio-guia-para-moviles-dentro-del-circuito-turistico-por-tierras-rayanas\/"]}]},{"@type":"ImageObject","inLanguage":"es","@id":"https:\/\/coria.org\/ayuntamiento\/index.php\/2013\/09\/30\/aplicacion-de-un-sistema-de-audio-guia-para-moviles-dentro-del-circuito-turistico-por-tierras-rayanas\/#primaryimage","url":"https:\/\/coria.org\/ayuntamiento\/wp-content\/uploads\/2013\/09\/FOTO-30-SEPT.jpg","contentUrl":"https:\/\/coria.org\/ayuntamiento\/wp-content\/uploads\/2013\/09\/FOTO-30-SEPT.jpg","width":720,"height":405},{"@type":"BreadcrumbList","@id":"https:\/\/coria.org\/ayuntamiento\/index.php\/2013\/09\/30\/aplicacion-de-un-sistema-de-audio-guia-para-moviles-dentro-del-circuito-turistico-por-tierras-rayanas\/#breadcrumb","itemListElement":[{"@type":"ListItem","position":1,"name":"Inicio","item":"https:\/\/coria.org\/ayuntamiento\/"},{"@type":"ListItem","position":2,"name":"Aplicaci\u00f3n de un sistema de audiogu\u00eda para m\u00f3viles dentro del circuito tur\u00edstico Por Tierras Rayanas"}]},{"@type":"WebSite","@id":"https:\/\/coria.org\/ayuntamiento\/#website","url":"https:\/\/coria.org\/ayuntamiento\/","name":"Ayuntamiento de Coria","description":"Web oficial del Ayuntamiento de Coria","publisher":{"@id":"https:\/\/coria.org\/ayuntamiento\/#organization"},"alternateName":"Web Oficial del Ayuntamiento de Coria","potentialAction":[{"@type":"SearchAction","target":{"@type":"EntryPoint","urlTemplate":"https:\/\/coria.org\/ayuntamiento\/?s={search_term_string}"},"query-input":{"@type":"PropertyValueSpecification","valueRequired":true,"valueName":"search_term_string"}}],"inLanguage":"es"},{"@type":"Organization","@id":"https:\/\/coria.org\/ayuntamiento\/#organization","name":"Ayuntamiento de Coria","alternateName":"Ayto de Coria","url":"https:\/\/coria.org\/ayuntamiento\/","logo":{"@type":"ImageObject","inLanguage":"es","@id":"https:\/\/coria.org\/ayuntamiento\/#\/schema\/logo\/image\/","url":"https:\/\/coria.org\/ayuntamiento\/wp-content\/uploads\/2020\/12\/escudo-ayuntamiento-coria.png","contentUrl":"https:\/\/coria.org\/ayuntamiento\/wp-content\/uploads\/2020\/12\/escudo-ayuntamiento-coria.png","width":511,"height":240,"caption":"Ayuntamiento de Coria"},"image":{"@id":"https:\/\/coria.org\/ayuntamiento\/#\/schema\/logo\/image\/"},"sameAs":["https:\/\/www.facebook.com\/Ayuntamiento.de.Coria","https:\/\/x.com\/Ayto_de_Coria","https:\/\/www.instagram.com\/coria.ayuntamiento\/","https:\/\/www.youtube.com\/user\/AYUNTAMIENTOCORIA"]},{"@type":"Person","@id":"https:\/\/coria.org\/ayuntamiento\/#\/schema\/person\/8bd589f0e13e8ae5aa06def7a599d622","name":"ayuntamiento","image":{"@type":"ImageObject","inLanguage":"es","@id":"https:\/\/secure.gravatar.com\/avatar\/966e5ed73cad334adda5c87f49f2547f7082f7292c1b627cbb548744383b391c?s=96&d=mm&r=g","url":"https:\/\/secure.gravatar.com\/avatar\/966e5ed73cad334adda5c87f49f2547f7082f7292c1b627cbb548744383b391c?s=96&d=mm&r=g","contentUrl":"https:\/\/secure.gravatar.com\/avatar\/966e5ed73cad334adda5c87f49f2547f7082f7292c1b627cbb548744383b391c?s=96&d=mm&r=g","caption":"ayuntamiento"}}]}},"uagb_featured_image_src":{"full":["https:\/\/coria.org\/ayuntamiento\/wp-content\/uploads\/2013\/09\/FOTO-30-SEPT.jpg",720,405,false],"thumbnail":["https:\/\/coria.org\/ayuntamiento\/wp-content\/uploads\/2013\/09\/FOTO-30-SEPT-150x150.jpg",150,150,true],"medium":["https:\/\/coria.org\/ayuntamiento\/wp-content\/uploads\/2013\/09\/FOTO-30-SEPT-300x169.jpg",300,169,true],"medium_large":["https:\/\/coria.org\/ayuntamiento\/wp-content\/uploads\/2013\/09\/FOTO-30-SEPT.jpg",720,405,false],"large":["https:\/\/coria.org\/ayuntamiento\/wp-content\/uploads\/2013\/09\/FOTO-30-SEPT.jpg",720,405,false],"thumblist":["https:\/\/coria.org\/ayuntamiento\/wp-content\/uploads\/2013\/09\/FOTO-30-SEPT.jpg",300,169,false],"thumbrelated":["https:\/\/coria.org\/ayuntamiento\/wp-content\/uploads\/2013\/09\/FOTO-30-SEPT.jpg",500,281,false],"meccarouselthumb":["https:\/\/coria.org\/ayuntamiento\/wp-content\/uploads\/2013\/09\/FOTO-30-SEPT.jpg",474,267,false],"gridsquare":["https:\/\/coria.org\/ayuntamiento\/wp-content\/uploads\/2013\/09\/FOTO-30-SEPT.jpg",391,220,false],"tileview":["https:\/\/coria.org\/ayuntamiento\/wp-content\/uploads\/2013\/09\/FOTO-30-SEPT.jpg",300,169,false],"1536x1536":["https:\/\/coria.org\/ayuntamiento\/wp-content\/uploads\/2013\/09\/FOTO-30-SEPT.jpg",720,405,false],"2048x2048":["https:\/\/coria.org\/ayuntamiento\/wp-content\/uploads\/2013\/09\/FOTO-30-SEPT.jpg",720,405,false]},"uagb_author_info":{"display_name":"ayuntamiento","author_link":"https:\/\/coria.org\/ayuntamiento\/index.php\/author\/ayuntamiento\/"},"uagb_comment_info":0,"uagb_excerpt":"El objetivo de este proyecto es conseguir que la visita a este itinerario tur\u00edstico sea amena, pr\u00e1ctica, funcional e interesante para aquellos que nos visiten Esta ma\u00f1ana, el Alcalde-Presidente del Excmo. Ayuntamiento de Coria, Jos\u00e9 Manuel Garc\u00eda Ballestero, junto a la concejal de Turismo y Cultura, Almudena Domingo Pirrongelli, el t\u00e9cnico de Turismo, Jos\u00e9 Manuel&hellip;","_links":{"self":[{"href":"https:\/\/coria.org\/ayuntamiento\/index.php\/wp-json\/wp\/v2\/posts\/26147","targetHints":{"allow":["GET"]}}],"collection":[{"href":"https:\/\/coria.org\/ayuntamiento\/index.php\/wp-json\/wp\/v2\/posts"}],"about":[{"href":"https:\/\/coria.org\/ayuntamiento\/index.php\/wp-json\/wp\/v2\/types\/post"}],"author":[{"embeddable":true,"href":"https:\/\/coria.org\/ayuntamiento\/index.php\/wp-json\/wp\/v2\/users\/2"}],"replies":[{"embeddable":true,"href":"https:\/\/coria.org\/ayuntamiento\/index.php\/wp-json\/wp\/v2\/comments?post=26147"}],"version-history":[{"count":0,"href":"https:\/\/coria.org\/ayuntamiento\/index.php\/wp-json\/wp\/v2\/posts\/26147\/revisions"}],"wp:featuredmedia":[{"embeddable":true,"href":"https:\/\/coria.org\/ayuntamiento\/index.php\/wp-json\/wp\/v2\/media\/31546"}],"wp:attachment":[{"href":"https:\/\/coria.org\/ayuntamiento\/index.php\/wp-json\/wp\/v2\/media?parent=26147"}],"wp:term":[{"taxonomy":"category","embeddable":true,"href":"https:\/\/coria.org\/ayuntamiento\/index.php\/wp-json\/wp\/v2\/categories?post=26147"},{"taxonomy":"post_tag","embeddable":true,"href":"https:\/\/coria.org\/ayuntamiento\/index.php\/wp-json\/wp\/v2\/tags?post=26147"}],"curies":[{"name":"wp","href":"https:\/\/api.w.org\/{rel}","templated":true}]}}