{"id":26144,"date":"2013-10-03T00:00:00","date_gmt":"2013-10-03T00:00:00","guid":{"rendered":"https:\/\/ayuntamiento.coriaenimagenes.com\/abierto-el-plazo-de-admision-de-solicitudes-para-la-adjudicacion-de-una-vivienda\/"},"modified":"2023-09-18T12:41:42","modified_gmt":"2023-09-18T10:41:42","slug":"abierto-el-plazo-de-admision-de-solicitudes-para-la-adjudicacion-de-una-vivienda","status":"publish","type":"post","link":"https:\/\/coria.org\/ayuntamiento\/index.php\/2013\/10\/03\/abierto-el-plazo-de-admision-de-solicitudes-para-la-adjudicacion-de-una-vivienda\/","title":{"rendered":"ABIERTO EL PLAZO DE ADMISI\u00d3N DE SOLICITUDES PARA LA ADJUDICACI\u00d3N DE UNA VIVIENDA"},"content":{"rendered":"<p><b>DESDE HOY D\u00cdA 3 DE OCTUBRE HASTA EL D\u00cdA 4 DE NOVIEMBRE DE 2013, AMBOS INCLUSIVE, QUEDA ABIERTO EL PLAZO DE ADMISI\u00d3N DE SOLICITUDES PARA LA ADJUDICACI\u00d3N DE UNA VIVIENDA DE PROMOCI\u00d3N P\u00daBLICA VANCANTE EN CORIA SITA EN LA AVDA. ALFONSO VII, N\u00ba-19-BLOQUE-D-31, MEDIANTE CONCURSO POR VALORACI\u00d3N<\/p>\n<p><\/b><\/p>\n<p>DICHA VIVIENDA SE ADJUDICAR\u00c1 EN R\u00c9GIMEN DE ARRENDAMIENTO.<\/p>\n<p>LAS SOLICITUDES SE PRESENTAR\u00c1N EN EL AYUNTAMIENTO DE CORIA HASTA LA FECHA INDICADA ANTERIORMENTE, DEBIENDO HACERSE EN EL MODELO OFICIAL Y ADJUNTANDO LA DOCUMENTACI\u00d3N CORRESPONDIENTE EN HORARIO DE ATENCI\u00d3N AL P\u00daBLICO.<\/p>\n<p align=\"center\">CORIA, 3 DE OCTUBRE DE 2013<br \/>EL ALCALDE,<\/p>\n<p align=\"center\">Fdo.: Jos\u00e9 Manuel GARC\u00cdA BALLESTERO<\/p>\n","protected":false},"excerpt":{"rendered":"<p>DESDE HOY D\u00cdA 3 DE OCTUBRE HASTA EL D\u00cdA 4 DE NOVIEMBRE DE 2013, AMBOS INCLUSIVE, QUEDA ABIERTO EL PLAZO DE ADMISI\u00d3N DE SOLICITUDES PARA LA ADJUDICACI\u00d3N DE UNA VIVIENDA DE PROMOCI\u00d3N P\u00daBLICA VANCANTE EN CORIA SITA EN LA AVDA. ALFONSO VII, N\u00ba-19-BLOQUE-D-31, MEDIANTE CONCURSO POR VALORACI\u00d3N DICHA VIVIENDA SE ADJUDICAR\u00c1 EN R\u00c9GIMEN DE ARRENDAMIENTO. [&hellip;]<\/p>\n","protected":false},"author":2,"featured_media":0,"comment_status":"closed","ping_status":"closed","sticky":false,"template":"","format":"standard","meta":{"_uag_custom_page_level_css":"","footnotes":""},"categories":[2],"tags":[1323],"class_list":["post-26144","post","type-post","status-publish","format-standard","hentry","category-noticias","tag-vivienda"],"yoast_head":"<!-- This site is optimized with the Yoast SEO plugin v27.4 - https:\/\/yoast.com\/product\/yoast-seo-wordpress\/ -->\n<title>ABIERTO EL PLAZO DE ADMISI\u00d3N DE SOLICITUDES PARA LA ADJUDICACI\u00d3N DE UNA VIVIENDA - Ayuntamiento de Coria<\/title>\n<meta name=\"robots\" content=\"index, follow, max-snippet:-1, max-image-preview:large, max-video-preview:-1\" \/>\n<link rel=\"canonical\" href=\"https:\/\/coria.org\/ayuntamiento\/index.php\/2013\/10\/03\/abierto-el-plazo-de-admision-de-solicitudes-para-la-adjudicacion-de-una-vivienda\/\" \/>\n<meta property=\"og:locale\" content=\"es_ES\" \/>\n<meta property=\"og:type\" content=\"article\" \/>\n<meta property=\"og:title\" content=\"ABIERTO EL PLAZO DE ADMISI\u00d3N DE SOLICITUDES PARA LA ADJUDICACI\u00d3N DE UNA VIVIENDA - Ayuntamiento de Coria\" \/>\n<meta property=\"og:description\" content=\"DESDE HOY D\u00cdA 3 DE OCTUBRE HASTA EL D\u00cdA 4 DE NOVIEMBRE DE 2013, AMBOS INCLUSIVE, QUEDA ABIERTO EL PLAZO DE ADMISI\u00d3N DE SOLICITUDES PARA LA ADJUDICACI\u00d3N DE UNA VIVIENDA DE PROMOCI\u00d3N P\u00daBLICA VANCANTE EN CORIA SITA EN LA AVDA. ALFONSO VII, N\u00ba-19-BLOQUE-D-31, MEDIANTE CONCURSO POR VALORACI\u00d3N DICHA VIVIENDA SE ADJUDICAR\u00c1 EN R\u00c9GIMEN DE ARRENDAMIENTO. [&hellip;]\" \/>\n<meta property=\"og:url\" content=\"https:\/\/coria.org\/ayuntamiento\/index.php\/2013\/10\/03\/abierto-el-plazo-de-admision-de-solicitudes-para-la-adjudicacion-de-una-vivienda\/\" \/>\n<meta property=\"og:site_name\" content=\"Ayuntamiento de Coria\" \/>\n<meta property=\"article:publisher\" content=\"https:\/\/www.facebook.com\/Ayuntamiento.de.Coria\" \/>\n<meta property=\"article:published_time\" content=\"2013-10-03T00:00:00+00:00\" \/>\n<meta property=\"article:modified_time\" content=\"2023-09-18T10:41:42+00:00\" \/>\n<meta name=\"author\" content=\"ayuntamiento\" \/>\n<meta name=\"twitter:card\" content=\"summary_large_image\" \/>\n<meta name=\"twitter:creator\" content=\"@Ayto_de_Coria\" \/>\n<meta name=\"twitter:site\" content=\"@Ayto_de_Coria\" \/>\n<meta name=\"twitter:label1\" content=\"Escrito por\" \/>\n\t<meta name=\"twitter:data1\" content=\"ayuntamiento\" \/>\n\t<meta name=\"twitter:label2\" content=\"Tiempo de lectura\" \/>\n\t<meta name=\"twitter:data2\" content=\"1 minuto\" \/>\n<script type=\"application\/ld+json\" class=\"yoast-schema-graph\">{\"@context\":\"https:\\\/\\\/schema.org\",\"@graph\":[{\"@type\":\"Article\",\"@id\":\"https:\\\/\\\/coria.org\\\/ayuntamiento\\\/index.php\\\/2013\\\/10\\\/03\\\/abierto-el-plazo-de-admision-de-solicitudes-para-la-adjudicacion-de-una-vivienda\\\/#article\",\"isPartOf\":{\"@id\":\"https:\\\/\\\/coria.org\\\/ayuntamiento\\\/index.php\\\/2013\\\/10\\\/03\\\/abierto-el-plazo-de-admision-de-solicitudes-para-la-adjudicacion-de-una-vivienda\\\/\"},\"author\":{\"name\":\"ayuntamiento\",\"@id\":\"https:\\\/\\\/coria.org\\\/ayuntamiento\\\/#\\\/schema\\\/person\\\/8bd589f0e13e8ae5aa06def7a599d622\"},\"headline\":\"ABIERTO EL PLAZO DE ADMISI\u00d3N DE SOLICITUDES PARA LA ADJUDICACI\u00d3N DE UNA VIVIENDA\",\"datePublished\":\"2013-10-03T00:00:00+00:00\",\"dateModified\":\"2023-09-18T10:41:42+00:00\",\"mainEntityOfPage\":{\"@id\":\"https:\\\/\\\/coria.org\\\/ayuntamiento\\\/index.php\\\/2013\\\/10\\\/03\\\/abierto-el-plazo-de-admision-de-solicitudes-para-la-adjudicacion-de-una-vivienda\\\/\"},\"wordCount\":124,\"publisher\":{\"@id\":\"https:\\\/\\\/coria.org\\\/ayuntamiento\\\/#organization\"},\"keywords\":[\"vivienda\"],\"articleSection\":[\"Noticias\"],\"inLanguage\":\"es\"},{\"@type\":\"WebPage\",\"@id\":\"https:\\\/\\\/coria.org\\\/ayuntamiento\\\/index.php\\\/2013\\\/10\\\/03\\\/abierto-el-plazo-de-admision-de-solicitudes-para-la-adjudicacion-de-una-vivienda\\\/\",\"url\":\"https:\\\/\\\/coria.org\\\/ayuntamiento\\\/index.php\\\/2013\\\/10\\\/03\\\/abierto-el-plazo-de-admision-de-solicitudes-para-la-adjudicacion-de-una-vivienda\\\/\",\"name\":\"ABIERTO EL PLAZO DE ADMISI\u00d3N DE SOLICITUDES PARA LA ADJUDICACI\u00d3N DE UNA VIVIENDA - Ayuntamiento de Coria\",\"isPartOf\":{\"@id\":\"https:\\\/\\\/coria.org\\\/ayuntamiento\\\/#website\"},\"datePublished\":\"2013-10-03T00:00:00+00:00\",\"dateModified\":\"2023-09-18T10:41:42+00:00\",\"breadcrumb\":{\"@id\":\"https:\\\/\\\/coria.org\\\/ayuntamiento\\\/index.php\\\/2013\\\/10\\\/03\\\/abierto-el-plazo-de-admision-de-solicitudes-para-la-adjudicacion-de-una-vivienda\\\/#breadcrumb\"},\"inLanguage\":\"es\",\"potentialAction\":[{\"@type\":\"ReadAction\",\"target\":[\"https:\\\/\\\/coria.org\\\/ayuntamiento\\\/index.php\\\/2013\\\/10\\\/03\\\/abierto-el-plazo-de-admision-de-solicitudes-para-la-adjudicacion-de-una-vivienda\\\/\"]}]},{\"@type\":\"BreadcrumbList\",\"@id\":\"https:\\\/\\\/coria.org\\\/ayuntamiento\\\/index.php\\\/2013\\\/10\\\/03\\\/abierto-el-plazo-de-admision-de-solicitudes-para-la-adjudicacion-de-una-vivienda\\\/#breadcrumb\",\"itemListElement\":[{\"@type\":\"ListItem\",\"position\":1,\"name\":\"Inicio\",\"item\":\"https:\\\/\\\/coria.org\\\/ayuntamiento\\\/\"},{\"@type\":\"ListItem\",\"position\":2,\"name\":\"ABIERTO EL PLAZO DE ADMISI\u00d3N DE SOLICITUDES PARA LA ADJUDICACI\u00d3N DE UNA VIVIENDA\"}]},{\"@type\":\"WebSite\",\"@id\":\"https:\\\/\\\/coria.org\\\/ayuntamiento\\\/#website\",\"url\":\"https:\\\/\\\/coria.org\\\/ayuntamiento\\\/\",\"name\":\"Ayuntamiento de Coria\",\"description\":\"Web oficial del Ayuntamiento de Coria\",\"publisher\":{\"@id\":\"https:\\\/\\\/coria.org\\\/ayuntamiento\\\/#organization\"},\"alternateName\":\"Web Oficial del Ayuntamiento de Coria\",\"potentialAction\":[{\"@type\":\"SearchAction\",\"target\":{\"@type\":\"EntryPoint\",\"urlTemplate\":\"https:\\\/\\\/coria.org\\\/ayuntamiento\\\/?s={search_term_string}\"},\"query-input\":{\"@type\":\"PropertyValueSpecification\",\"valueRequired\":true,\"valueName\":\"search_term_string\"}}],\"inLanguage\":\"es\"},{\"@type\":\"Organization\",\"@id\":\"https:\\\/\\\/coria.org\\\/ayuntamiento\\\/#organization\",\"name\":\"Ayuntamiento de Coria\",\"alternateName\":\"Ayto de Coria\",\"url\":\"https:\\\/\\\/coria.org\\\/ayuntamiento\\\/\",\"logo\":{\"@type\":\"ImageObject\",\"inLanguage\":\"es\",\"@id\":\"https:\\\/\\\/coria.org\\\/ayuntamiento\\\/#\\\/schema\\\/logo\\\/image\\\/\",\"url\":\"https:\\\/\\\/coria.org\\\/ayuntamiento\\\/wp-content\\\/uploads\\\/2020\\\/12\\\/escudo-ayuntamiento-coria.png\",\"contentUrl\":\"https:\\\/\\\/coria.org\\\/ayuntamiento\\\/wp-content\\\/uploads\\\/2020\\\/12\\\/escudo-ayuntamiento-coria.png\",\"width\":511,\"height\":240,\"caption\":\"Ayuntamiento de Coria\"},\"image\":{\"@id\":\"https:\\\/\\\/coria.org\\\/ayuntamiento\\\/#\\\/schema\\\/logo\\\/image\\\/\"},\"sameAs\":[\"https:\\\/\\\/www.facebook.com\\\/Ayuntamiento.de.Coria\",\"https:\\\/\\\/x.com\\\/Ayto_de_Coria\",\"https:\\\/\\\/www.instagram.com\\\/coria.ayuntamiento\\\/\",\"https:\\\/\\\/www.youtube.com\\\/user\\\/AYUNTAMIENTOCORIA\"]},{\"@type\":\"Person\",\"@id\":\"https:\\\/\\\/coria.org\\\/ayuntamiento\\\/#\\\/schema\\\/person\\\/8bd589f0e13e8ae5aa06def7a599d622\",\"name\":\"ayuntamiento\",\"image\":{\"@type\":\"ImageObject\",\"inLanguage\":\"es\",\"@id\":\"https:\\\/\\\/secure.gravatar.com\\\/avatar\\\/966e5ed73cad334adda5c87f49f2547f7082f7292c1b627cbb548744383b391c?s=96&d=mm&r=g\",\"url\":\"https:\\\/\\\/secure.gravatar.com\\\/avatar\\\/966e5ed73cad334adda5c87f49f2547f7082f7292c1b627cbb548744383b391c?s=96&d=mm&r=g\",\"contentUrl\":\"https:\\\/\\\/secure.gravatar.com\\\/avatar\\\/966e5ed73cad334adda5c87f49f2547f7082f7292c1b627cbb548744383b391c?s=96&d=mm&r=g\",\"caption\":\"ayuntamiento\"}}]}<\/script>\n<!-- \/ Yoast SEO plugin. -->","yoast_head_json":{"title":"ABIERTO EL PLAZO DE ADMISI\u00d3N DE SOLICITUDES PARA LA ADJUDICACI\u00d3N DE UNA VIVIENDA - Ayuntamiento de Coria","robots":{"index":"index","follow":"follow","max-snippet":"max-snippet:-1","max-image-preview":"max-image-preview:large","max-video-preview":"max-video-preview:-1"},"canonical":"https:\/\/coria.org\/ayuntamiento\/index.php\/2013\/10\/03\/abierto-el-plazo-de-admision-de-solicitudes-para-la-adjudicacion-de-una-vivienda\/","og_locale":"es_ES","og_type":"article","og_title":"ABIERTO EL PLAZO DE ADMISI\u00d3N DE SOLICITUDES PARA LA ADJUDICACI\u00d3N DE UNA VIVIENDA - Ayuntamiento de Coria","og_description":"DESDE HOY D\u00cdA 3 DE OCTUBRE HASTA EL D\u00cdA 4 DE NOVIEMBRE DE 2013, AMBOS INCLUSIVE, QUEDA ABIERTO EL PLAZO DE ADMISI\u00d3N DE SOLICITUDES PARA LA ADJUDICACI\u00d3N DE UNA VIVIENDA DE PROMOCI\u00d3N P\u00daBLICA VANCANTE EN CORIA SITA EN LA AVDA. ALFONSO VII, N\u00ba-19-BLOQUE-D-31, MEDIANTE CONCURSO POR VALORACI\u00d3N DICHA VIVIENDA SE ADJUDICAR\u00c1 EN R\u00c9GIMEN DE ARRENDAMIENTO. [&hellip;]","og_url":"https:\/\/coria.org\/ayuntamiento\/index.php\/2013\/10\/03\/abierto-el-plazo-de-admision-de-solicitudes-para-la-adjudicacion-de-una-vivienda\/","og_site_name":"Ayuntamiento de Coria","article_publisher":"https:\/\/www.facebook.com\/Ayuntamiento.de.Coria","article_published_time":"2013-10-03T00:00:00+00:00","article_modified_time":"2023-09-18T10:41:42+00:00","author":"ayuntamiento","twitter_card":"summary_large_image","twitter_creator":"@Ayto_de_Coria","twitter_site":"@Ayto_de_Coria","twitter_misc":{"Escrito por":"ayuntamiento","Tiempo de lectura":"1 minuto"},"schema":{"@context":"https:\/\/schema.org","@graph":[{"@type":"Article","@id":"https:\/\/coria.org\/ayuntamiento\/index.php\/2013\/10\/03\/abierto-el-plazo-de-admision-de-solicitudes-para-la-adjudicacion-de-una-vivienda\/#article","isPartOf":{"@id":"https:\/\/coria.org\/ayuntamiento\/index.php\/2013\/10\/03\/abierto-el-plazo-de-admision-de-solicitudes-para-la-adjudicacion-de-una-vivienda\/"},"author":{"name":"ayuntamiento","@id":"https:\/\/coria.org\/ayuntamiento\/#\/schema\/person\/8bd589f0e13e8ae5aa06def7a599d622"},"headline":"ABIERTO EL PLAZO DE ADMISI\u00d3N DE SOLICITUDES PARA LA ADJUDICACI\u00d3N DE UNA VIVIENDA","datePublished":"2013-10-03T00:00:00+00:00","dateModified":"2023-09-18T10:41:42+00:00","mainEntityOfPage":{"@id":"https:\/\/coria.org\/ayuntamiento\/index.php\/2013\/10\/03\/abierto-el-plazo-de-admision-de-solicitudes-para-la-adjudicacion-de-una-vivienda\/"},"wordCount":124,"publisher":{"@id":"https:\/\/coria.org\/ayuntamiento\/#organization"},"keywords":["vivienda"],"articleSection":["Noticias"],"inLanguage":"es"},{"@type":"WebPage","@id":"https:\/\/coria.org\/ayuntamiento\/index.php\/2013\/10\/03\/abierto-el-plazo-de-admision-de-solicitudes-para-la-adjudicacion-de-una-vivienda\/","url":"https:\/\/coria.org\/ayuntamiento\/index.php\/2013\/10\/03\/abierto-el-plazo-de-admision-de-solicitudes-para-la-adjudicacion-de-una-vivienda\/","name":"ABIERTO EL PLAZO DE ADMISI\u00d3N DE SOLICITUDES PARA LA ADJUDICACI\u00d3N DE UNA VIVIENDA - Ayuntamiento de Coria","isPartOf":{"@id":"https:\/\/coria.org\/ayuntamiento\/#website"},"datePublished":"2013-10-03T00:00:00+00:00","dateModified":"2023-09-18T10:41:42+00:00","breadcrumb":{"@id":"https:\/\/coria.org\/ayuntamiento\/index.php\/2013\/10\/03\/abierto-el-plazo-de-admision-de-solicitudes-para-la-adjudicacion-de-una-vivienda\/#breadcrumb"},"inLanguage":"es","potentialAction":[{"@type":"ReadAction","target":["https:\/\/coria.org\/ayuntamiento\/index.php\/2013\/10\/03\/abierto-el-plazo-de-admision-de-solicitudes-para-la-adjudicacion-de-una-vivienda\/"]}]},{"@type":"BreadcrumbList","@id":"https:\/\/coria.org\/ayuntamiento\/index.php\/2013\/10\/03\/abierto-el-plazo-de-admision-de-solicitudes-para-la-adjudicacion-de-una-vivienda\/#breadcrumb","itemListElement":[{"@type":"ListItem","position":1,"name":"Inicio","item":"https:\/\/coria.org\/ayuntamiento\/"},{"@type":"ListItem","position":2,"name":"ABIERTO EL PLAZO DE ADMISI\u00d3N DE SOLICITUDES PARA LA ADJUDICACI\u00d3N DE UNA VIVIENDA"}]},{"@type":"WebSite","@id":"https:\/\/coria.org\/ayuntamiento\/#website","url":"https:\/\/coria.org\/ayuntamiento\/","name":"Ayuntamiento de Coria","description":"Web oficial del Ayuntamiento de Coria","publisher":{"@id":"https:\/\/coria.org\/ayuntamiento\/#organization"},"alternateName":"Web Oficial del Ayuntamiento de Coria","potentialAction":[{"@type":"SearchAction","target":{"@type":"EntryPoint","urlTemplate":"https:\/\/coria.org\/ayuntamiento\/?s={search_term_string}"},"query-input":{"@type":"PropertyValueSpecification","valueRequired":true,"valueName":"search_term_string"}}],"inLanguage":"es"},{"@type":"Organization","@id":"https:\/\/coria.org\/ayuntamiento\/#organization","name":"Ayuntamiento de Coria","alternateName":"Ayto de Coria","url":"https:\/\/coria.org\/ayuntamiento\/","logo":{"@type":"ImageObject","inLanguage":"es","@id":"https:\/\/coria.org\/ayuntamiento\/#\/schema\/logo\/image\/","url":"https:\/\/coria.org\/ayuntamiento\/wp-content\/uploads\/2020\/12\/escudo-ayuntamiento-coria.png","contentUrl":"https:\/\/coria.org\/ayuntamiento\/wp-content\/uploads\/2020\/12\/escudo-ayuntamiento-coria.png","width":511,"height":240,"caption":"Ayuntamiento de Coria"},"image":{"@id":"https:\/\/coria.org\/ayuntamiento\/#\/schema\/logo\/image\/"},"sameAs":["https:\/\/www.facebook.com\/Ayuntamiento.de.Coria","https:\/\/x.com\/Ayto_de_Coria","https:\/\/www.instagram.com\/coria.ayuntamiento\/","https:\/\/www.youtube.com\/user\/AYUNTAMIENTOCORIA"]},{"@type":"Person","@id":"https:\/\/coria.org\/ayuntamiento\/#\/schema\/person\/8bd589f0e13e8ae5aa06def7a599d622","name":"ayuntamiento","image":{"@type":"ImageObject","inLanguage":"es","@id":"https:\/\/secure.gravatar.com\/avatar\/966e5ed73cad334adda5c87f49f2547f7082f7292c1b627cbb548744383b391c?s=96&d=mm&r=g","url":"https:\/\/secure.gravatar.com\/avatar\/966e5ed73cad334adda5c87f49f2547f7082f7292c1b627cbb548744383b391c?s=96&d=mm&r=g","contentUrl":"https:\/\/secure.gravatar.com\/avatar\/966e5ed73cad334adda5c87f49f2547f7082f7292c1b627cbb548744383b391c?s=96&d=mm&r=g","caption":"ayuntamiento"}}]}},"uagb_featured_image_src":{"full":false,"thumbnail":false,"medium":false,"medium_large":false,"large":false,"thumblist":false,"thumbrelated":false,"meccarouselthumb":false,"gridsquare":false,"tileview":false,"1536x1536":false,"2048x2048":false},"uagb_author_info":{"display_name":"ayuntamiento","author_link":"https:\/\/coria.org\/ayuntamiento\/index.php\/author\/ayuntamiento\/"},"uagb_comment_info":0,"uagb_excerpt":"DESDE HOY D\u00cdA 3 DE OCTUBRE HASTA EL D\u00cdA 4 DE NOVIEMBRE DE 2013, AMBOS INCLUSIVE, QUEDA ABIERTO EL PLAZO DE ADMISI\u00d3N DE SOLICITUDES PARA LA ADJUDICACI\u00d3N DE UNA VIVIENDA DE PROMOCI\u00d3N P\u00daBLICA VANCANTE EN CORIA SITA EN LA AVDA. ALFONSO VII, N\u00ba-19-BLOQUE-D-31, MEDIANTE CONCURSO POR VALORACI\u00d3N DICHA VIVIENDA SE ADJUDICAR\u00c1 EN R\u00c9GIMEN DE ARRENDAMIENTO.&hellip;","_links":{"self":[{"href":"https:\/\/coria.org\/ayuntamiento\/index.php\/wp-json\/wp\/v2\/posts\/26144","targetHints":{"allow":["GET"]}}],"collection":[{"href":"https:\/\/coria.org\/ayuntamiento\/index.php\/wp-json\/wp\/v2\/posts"}],"about":[{"href":"https:\/\/coria.org\/ayuntamiento\/index.php\/wp-json\/wp\/v2\/types\/post"}],"author":[{"embeddable":true,"href":"https:\/\/coria.org\/ayuntamiento\/index.php\/wp-json\/wp\/v2\/users\/2"}],"replies":[{"embeddable":true,"href":"https:\/\/coria.org\/ayuntamiento\/index.php\/wp-json\/wp\/v2\/comments?post=26144"}],"version-history":[{"count":0,"href":"https:\/\/coria.org\/ayuntamiento\/index.php\/wp-json\/wp\/v2\/posts\/26144\/revisions"}],"wp:attachment":[{"href":"https:\/\/coria.org\/ayuntamiento\/index.php\/wp-json\/wp\/v2\/media?parent=26144"}],"wp:term":[{"taxonomy":"category","embeddable":true,"href":"https:\/\/coria.org\/ayuntamiento\/index.php\/wp-json\/wp\/v2\/categories?post=26144"},{"taxonomy":"post_tag","embeddable":true,"href":"https:\/\/coria.org\/ayuntamiento\/index.php\/wp-json\/wp\/v2\/tags?post=26144"}],"curies":[{"name":"wp","href":"https:\/\/api.w.org\/{rel}","templated":true}]}}