{"id":26118,"date":"2013-11-04T00:00:00","date_gmt":"2013-11-04T00:00:00","guid":{"rendered":"https:\/\/ayuntamiento.coriaenimagenes.com\/sones-y-musica-para-dar-voz-al-voluntariado\/"},"modified":"2023-09-18T12:41:37","modified_gmt":"2023-09-18T10:41:37","slug":"sones-y-musica-para-dar-voz-al-voluntariado","status":"publish","type":"post","link":"https:\/\/coria.org\/ayuntamiento\/index.php\/2013\/11\/04\/sones-y-musica-para-dar-voz-al-voluntariado\/","title":{"rendered":"SONES Y M\u00daSICA PARA DAR VOZ AL VOLUNTARIADO"},"content":{"rendered":"<p><b>El Viernes d\u00eda 8 de Noviembre en la Casa de la Cultura de Coria. \u0095\tLa Federaci\u00f3n Plataforma del Voluntariado de la Provincia de C\u00e1ceres, en colaboraci\u00f3n con el Excmo. Ayto de Coria, presentan la tercera edici\u00f3n de \u00abSONES VOLUNTARIOS\u00bb, una gala musical donde el voluntariado de la regi\u00f3n es el protagonista.<\/p>\n<p><\/b><\/p>\n<p><font size=\"2\" face=\"verdana,arial,helvetica,sans-serif\"><img decoding=\"async\" alt=\"cartel\" align=\"right\" src=\"https:\/\/dl.dropboxusercontent.com\/u\/19431826\/imagenes\/cartelSV2013A4.jpg\" \/>Varias Entidades Sociales, cuatro grupos musicales, la compa\u00f1\u00eda teatral Zteatro y un equipo de voluntarios y voluntarias pondr\u00e1n en marcha el Viernes 8 de Noviembre, en la Casa de la Cultura de Coria, la tercera edici\u00f3n de la Gala musical \u00abSones Voluntarios\u00bb, que en ediciones anteriores ha recalado en C\u00e1ceres y en Trujillo.<br \/>El evento es una iniciativa de la Federaci\u00f3n Plataforma del Voluntariado de la Provincia de C\u00e1ceres; una organizaci\u00f3n formada por m\u00e1s de cuarenta Entidades Sociales de la Provincia que trabaja en la gesti\u00f3n y promoci\u00f3n del voluntariado, y que en esta ocasi\u00f3n ha colaborado estrechamente con el Excmo. Ayto de Coria para celebrar la tercera edici\u00f3n de esta gala musical.<\/p>\n<p>\u00abSones Voluntarios\u00bb es un formato cuyo objetivo es dar voz a las Entidades Sociales que funcionan gracias a acciones voluntarias y a grupos de personas que dedican su tiempo al desarrollo de su comunidad y de su entorno. As\u00ed como reconocer la labor de las personas que, gracias a su esp\u00edritu voluntario, permiten una mejora en la calidad de vida de diferentes colectivos sociales.<\/p>\n<p>El Excmo. Ayto de Coria, a trav\u00e9s de la Oficina de Juventud, ha hecho llegar a todas las Entidades y Organizaciones relacionadas con el Voluntariado la posibilidad de formar parte de esta gala y tener un espacio para mostrar al p\u00fablico sus objetivos y su trabajo en el \u00e1mbito social a la que cada una pertenece.<\/p>\n<p>El cartel de esta edici\u00f3n se compone de cuatro grupos musicales de la regi\u00f3n: Alberto Moreno, Perico de la Paula y Mario Holgado (C\u00e1ceres), que abrir\u00e1n la Gala con Flamenco. El Folk estar\u00e1 cargo de \u00abEnverea\u00bb (Plasencia). La velada seguir\u00e1 con \u00abEl Gran Quelonio\u00bb (M\u00e9rida), tocando surf instrumental. Y cerrar\u00e1n el cartel el grupo local \u00abAmenoSKuarto\u00bb. La gala ser\u00e1 conducida por la compa\u00f1\u00eda teatral Cauriense Zteatro. La organizaci\u00f3n destaca que todos los participantes y colaboradores que hacen posible el evento participan de forma desinteresada, demostrando as\u00ed su compromiso social.<\/p>\n<p>\u00abSones Voluntarios\u00bb comenzar\u00e1 a las 20:30 horas en la Casa de la Cultura de Coria, con una entrada de 3 euros que se destinar\u00e1 integramente a sufragar los gastos del evento.<\/p>\n<p>Para m\u00e1s informaci\u00f3n sobre la organizaci\u00f3n y participantes:<br \/><\/font><a href=\"http:\/\/www.enverea.es\/\"><font size=\"2\" face=\"verdana,arial,helvetica,sans-serif\">http:\/\/www.enverea.es\/<\/font><\/a><br \/><a href=\"http:\/\/elgranquelonio.bandcamp.com\/\"><font size=\"2\" face=\"verdana,arial,helvetica,sans-serif\">http:\/\/elgranquelonio.bandcamp.com\/<\/font><\/a><br \/><a href=\"http:\/\/amenoskuarto.com\/\"><font size=\"2\" face=\"verdana,arial,helvetica,sans-serif\">http:\/\/amenoskuarto.com\/<\/font><\/a><br \/><a href=\"http:\/\/platavolcaceres.wordpress.com\/\"><font size=\"2\" face=\"verdana,arial,helvetica,sans-serif\">http:\/\/platavolcaceres.wordpress.com\/<\/font><\/a><\/p><\/p>\n","protected":false},"excerpt":{"rendered":"<p>El Viernes d\u00eda 8 de Noviembre en la Casa de la Cultura de Coria. \u0095 La Federaci\u00f3n Plataforma del Voluntariado de la Provincia de C\u00e1ceres, en colaboraci\u00f3n con el Excmo. Ayto de Coria, presentan la tercera edici\u00f3n de \u00abSONES VOLUNTARIOS\u00bb, una gala musical donde el voluntariado de la regi\u00f3n es el protagonista. Varias Entidades Sociales, [&hellip;]<\/p>\n","protected":false},"author":2,"featured_media":0,"comment_status":"closed","ping_status":"closed","sticky":false,"template":"","format":"standard","meta":{"_uag_custom_page_level_css":"","footnotes":""},"categories":[2],"tags":[1328],"class_list":["post-26118","post","type-post","status-publish","format-standard","hentry","category-noticias","tag-voluntariado"],"yoast_head":"<!-- This site is optimized with the Yoast SEO plugin v27.4 - https:\/\/yoast.com\/product\/yoast-seo-wordpress\/ -->\n<title>SONES Y M\u00daSICA PARA DAR VOZ AL VOLUNTARIADO - Ayuntamiento de Coria<\/title>\n<meta name=\"robots\" content=\"index, follow, max-snippet:-1, max-image-preview:large, max-video-preview:-1\" \/>\n<link rel=\"canonical\" href=\"https:\/\/coria.org\/ayuntamiento\/index.php\/2013\/11\/04\/sones-y-musica-para-dar-voz-al-voluntariado\/\" \/>\n<meta property=\"og:locale\" content=\"es_ES\" \/>\n<meta property=\"og:type\" content=\"article\" \/>\n<meta property=\"og:title\" content=\"SONES Y M\u00daSICA PARA DAR VOZ AL VOLUNTARIADO - Ayuntamiento de Coria\" \/>\n<meta property=\"og:description\" content=\"El Viernes d\u00eda 8 de Noviembre en la Casa de la Cultura de Coria. \u0095 La Federaci\u00f3n Plataforma del Voluntariado de la Provincia de C\u00e1ceres, en colaboraci\u00f3n con el Excmo. Ayto de Coria, presentan la tercera edici\u00f3n de \u00abSONES VOLUNTARIOS\u00bb, una gala musical donde el voluntariado de la regi\u00f3n es el protagonista. Varias Entidades Sociales, [&hellip;]\" \/>\n<meta property=\"og:url\" content=\"https:\/\/coria.org\/ayuntamiento\/index.php\/2013\/11\/04\/sones-y-musica-para-dar-voz-al-voluntariado\/\" \/>\n<meta property=\"og:site_name\" content=\"Ayuntamiento de Coria\" \/>\n<meta property=\"article:publisher\" content=\"https:\/\/www.facebook.com\/Ayuntamiento.de.Coria\" \/>\n<meta property=\"article:published_time\" content=\"2013-11-04T00:00:00+00:00\" \/>\n<meta property=\"article:modified_time\" content=\"2023-09-18T10:41:37+00:00\" \/>\n<meta property=\"og:image\" content=\"https:\/\/dl.dropboxusercontent.com\/u\/19431826\/imagenes\/cartelSV2013A4.jpg\" \/>\n<meta name=\"author\" content=\"ayuntamiento\" \/>\n<meta name=\"twitter:card\" content=\"summary_large_image\" \/>\n<meta name=\"twitter:creator\" content=\"@Ayto_de_Coria\" \/>\n<meta name=\"twitter:site\" content=\"@Ayto_de_Coria\" \/>\n<meta name=\"twitter:label1\" content=\"Escrito por\" \/>\n\t<meta name=\"twitter:data1\" content=\"ayuntamiento\" \/>\n\t<meta name=\"twitter:label2\" content=\"Tiempo de lectura\" \/>\n\t<meta name=\"twitter:data2\" content=\"2 minutos\" \/>\n<script type=\"application\/ld+json\" class=\"yoast-schema-graph\">{\"@context\":\"https:\\\/\\\/schema.org\",\"@graph\":[{\"@type\":\"Article\",\"@id\":\"https:\\\/\\\/coria.org\\\/ayuntamiento\\\/index.php\\\/2013\\\/11\\\/04\\\/sones-y-musica-para-dar-voz-al-voluntariado\\\/#article\",\"isPartOf\":{\"@id\":\"https:\\\/\\\/coria.org\\\/ayuntamiento\\\/index.php\\\/2013\\\/11\\\/04\\\/sones-y-musica-para-dar-voz-al-voluntariado\\\/\"},\"author\":{\"name\":\"ayuntamiento\",\"@id\":\"https:\\\/\\\/coria.org\\\/ayuntamiento\\\/#\\\/schema\\\/person\\\/8bd589f0e13e8ae5aa06def7a599d622\"},\"headline\":\"SONES Y M\u00daSICA PARA DAR VOZ AL VOLUNTARIADO\",\"datePublished\":\"2013-11-04T00:00:00+00:00\",\"dateModified\":\"2023-09-18T10:41:37+00:00\",\"mainEntityOfPage\":{\"@id\":\"https:\\\/\\\/coria.org\\\/ayuntamiento\\\/index.php\\\/2013\\\/11\\\/04\\\/sones-y-musica-para-dar-voz-al-voluntariado\\\/\"},\"wordCount\":464,\"publisher\":{\"@id\":\"https:\\\/\\\/coria.org\\\/ayuntamiento\\\/#organization\"},\"image\":{\"@id\":\"https:\\\/\\\/coria.org\\\/ayuntamiento\\\/index.php\\\/2013\\\/11\\\/04\\\/sones-y-musica-para-dar-voz-al-voluntariado\\\/#primaryimage\"},\"thumbnailUrl\":\"https:\\\/\\\/dl.dropboxusercontent.com\\\/u\\\/19431826\\\/imagenes\\\/cartelSV2013A4.jpg\",\"keywords\":[\"voluntariado\"],\"articleSection\":[\"Noticias\"],\"inLanguage\":\"es\"},{\"@type\":\"WebPage\",\"@id\":\"https:\\\/\\\/coria.org\\\/ayuntamiento\\\/index.php\\\/2013\\\/11\\\/04\\\/sones-y-musica-para-dar-voz-al-voluntariado\\\/\",\"url\":\"https:\\\/\\\/coria.org\\\/ayuntamiento\\\/index.php\\\/2013\\\/11\\\/04\\\/sones-y-musica-para-dar-voz-al-voluntariado\\\/\",\"name\":\"SONES Y M\u00daSICA PARA DAR VOZ AL VOLUNTARIADO - Ayuntamiento de Coria\",\"isPartOf\":{\"@id\":\"https:\\\/\\\/coria.org\\\/ayuntamiento\\\/#website\"},\"primaryImageOfPage\":{\"@id\":\"https:\\\/\\\/coria.org\\\/ayuntamiento\\\/index.php\\\/2013\\\/11\\\/04\\\/sones-y-musica-para-dar-voz-al-voluntariado\\\/#primaryimage\"},\"image\":{\"@id\":\"https:\\\/\\\/coria.org\\\/ayuntamiento\\\/index.php\\\/2013\\\/11\\\/04\\\/sones-y-musica-para-dar-voz-al-voluntariado\\\/#primaryimage\"},\"thumbnailUrl\":\"https:\\\/\\\/dl.dropboxusercontent.com\\\/u\\\/19431826\\\/imagenes\\\/cartelSV2013A4.jpg\",\"datePublished\":\"2013-11-04T00:00:00+00:00\",\"dateModified\":\"2023-09-18T10:41:37+00:00\",\"breadcrumb\":{\"@id\":\"https:\\\/\\\/coria.org\\\/ayuntamiento\\\/index.php\\\/2013\\\/11\\\/04\\\/sones-y-musica-para-dar-voz-al-voluntariado\\\/#breadcrumb\"},\"inLanguage\":\"es\",\"potentialAction\":[{\"@type\":\"ReadAction\",\"target\":[\"https:\\\/\\\/coria.org\\\/ayuntamiento\\\/index.php\\\/2013\\\/11\\\/04\\\/sones-y-musica-para-dar-voz-al-voluntariado\\\/\"]}]},{\"@type\":\"ImageObject\",\"inLanguage\":\"es\",\"@id\":\"https:\\\/\\\/coria.org\\\/ayuntamiento\\\/index.php\\\/2013\\\/11\\\/04\\\/sones-y-musica-para-dar-voz-al-voluntariado\\\/#primaryimage\",\"url\":\"https:\\\/\\\/dl.dropboxusercontent.com\\\/u\\\/19431826\\\/imagenes\\\/cartelSV2013A4.jpg\",\"contentUrl\":\"https:\\\/\\\/dl.dropboxusercontent.com\\\/u\\\/19431826\\\/imagenes\\\/cartelSV2013A4.jpg\"},{\"@type\":\"BreadcrumbList\",\"@id\":\"https:\\\/\\\/coria.org\\\/ayuntamiento\\\/index.php\\\/2013\\\/11\\\/04\\\/sones-y-musica-para-dar-voz-al-voluntariado\\\/#breadcrumb\",\"itemListElement\":[{\"@type\":\"ListItem\",\"position\":1,\"name\":\"Inicio\",\"item\":\"https:\\\/\\\/coria.org\\\/ayuntamiento\\\/\"},{\"@type\":\"ListItem\",\"position\":2,\"name\":\"SONES Y M\u00daSICA PARA DAR VOZ AL VOLUNTARIADO\"}]},{\"@type\":\"WebSite\",\"@id\":\"https:\\\/\\\/coria.org\\\/ayuntamiento\\\/#website\",\"url\":\"https:\\\/\\\/coria.org\\\/ayuntamiento\\\/\",\"name\":\"Ayuntamiento de Coria\",\"description\":\"Web oficial del Ayuntamiento de Coria\",\"publisher\":{\"@id\":\"https:\\\/\\\/coria.org\\\/ayuntamiento\\\/#organization\"},\"alternateName\":\"Web Oficial del Ayuntamiento de Coria\",\"potentialAction\":[{\"@type\":\"SearchAction\",\"target\":{\"@type\":\"EntryPoint\",\"urlTemplate\":\"https:\\\/\\\/coria.org\\\/ayuntamiento\\\/?s={search_term_string}\"},\"query-input\":{\"@type\":\"PropertyValueSpecification\",\"valueRequired\":true,\"valueName\":\"search_term_string\"}}],\"inLanguage\":\"es\"},{\"@type\":\"Organization\",\"@id\":\"https:\\\/\\\/coria.org\\\/ayuntamiento\\\/#organization\",\"name\":\"Ayuntamiento de Coria\",\"alternateName\":\"Ayto de Coria\",\"url\":\"https:\\\/\\\/coria.org\\\/ayuntamiento\\\/\",\"logo\":{\"@type\":\"ImageObject\",\"inLanguage\":\"es\",\"@id\":\"https:\\\/\\\/coria.org\\\/ayuntamiento\\\/#\\\/schema\\\/logo\\\/image\\\/\",\"url\":\"https:\\\/\\\/coria.org\\\/ayuntamiento\\\/wp-content\\\/uploads\\\/2020\\\/12\\\/escudo-ayuntamiento-coria.png\",\"contentUrl\":\"https:\\\/\\\/coria.org\\\/ayuntamiento\\\/wp-content\\\/uploads\\\/2020\\\/12\\\/escudo-ayuntamiento-coria.png\",\"width\":511,\"height\":240,\"caption\":\"Ayuntamiento de Coria\"},\"image\":{\"@id\":\"https:\\\/\\\/coria.org\\\/ayuntamiento\\\/#\\\/schema\\\/logo\\\/image\\\/\"},\"sameAs\":[\"https:\\\/\\\/www.facebook.com\\\/Ayuntamiento.de.Coria\",\"https:\\\/\\\/x.com\\\/Ayto_de_Coria\",\"https:\\\/\\\/www.instagram.com\\\/coria.ayuntamiento\\\/\",\"https:\\\/\\\/www.youtube.com\\\/user\\\/AYUNTAMIENTOCORIA\"]},{\"@type\":\"Person\",\"@id\":\"https:\\\/\\\/coria.org\\\/ayuntamiento\\\/#\\\/schema\\\/person\\\/8bd589f0e13e8ae5aa06def7a599d622\",\"name\":\"ayuntamiento\",\"image\":{\"@type\":\"ImageObject\",\"inLanguage\":\"es\",\"@id\":\"https:\\\/\\\/secure.gravatar.com\\\/avatar\\\/966e5ed73cad334adda5c87f49f2547f7082f7292c1b627cbb548744383b391c?s=96&d=mm&r=g\",\"url\":\"https:\\\/\\\/secure.gravatar.com\\\/avatar\\\/966e5ed73cad334adda5c87f49f2547f7082f7292c1b627cbb548744383b391c?s=96&d=mm&r=g\",\"contentUrl\":\"https:\\\/\\\/secure.gravatar.com\\\/avatar\\\/966e5ed73cad334adda5c87f49f2547f7082f7292c1b627cbb548744383b391c?s=96&d=mm&r=g\",\"caption\":\"ayuntamiento\"}}]}<\/script>\n<!-- \/ Yoast SEO plugin. -->","yoast_head_json":{"title":"SONES Y M\u00daSICA PARA DAR VOZ AL VOLUNTARIADO - Ayuntamiento de Coria","robots":{"index":"index","follow":"follow","max-snippet":"max-snippet:-1","max-image-preview":"max-image-preview:large","max-video-preview":"max-video-preview:-1"},"canonical":"https:\/\/coria.org\/ayuntamiento\/index.php\/2013\/11\/04\/sones-y-musica-para-dar-voz-al-voluntariado\/","og_locale":"es_ES","og_type":"article","og_title":"SONES Y M\u00daSICA PARA DAR VOZ AL VOLUNTARIADO - Ayuntamiento de Coria","og_description":"El Viernes d\u00eda 8 de Noviembre en la Casa de la Cultura de Coria. \u0095 La Federaci\u00f3n Plataforma del Voluntariado de la Provincia de C\u00e1ceres, en colaboraci\u00f3n con el Excmo. Ayto de Coria, presentan la tercera edici\u00f3n de \u00abSONES VOLUNTARIOS\u00bb, una gala musical donde el voluntariado de la regi\u00f3n es el protagonista. Varias Entidades Sociales, [&hellip;]","og_url":"https:\/\/coria.org\/ayuntamiento\/index.php\/2013\/11\/04\/sones-y-musica-para-dar-voz-al-voluntariado\/","og_site_name":"Ayuntamiento de Coria","article_publisher":"https:\/\/www.facebook.com\/Ayuntamiento.de.Coria","article_published_time":"2013-11-04T00:00:00+00:00","article_modified_time":"2023-09-18T10:41:37+00:00","og_image":[{"url":"https:\/\/dl.dropboxusercontent.com\/u\/19431826\/imagenes\/cartelSV2013A4.jpg","type":"","width":"","height":""}],"author":"ayuntamiento","twitter_card":"summary_large_image","twitter_creator":"@Ayto_de_Coria","twitter_site":"@Ayto_de_Coria","twitter_misc":{"Escrito por":"ayuntamiento","Tiempo de lectura":"2 minutos"},"schema":{"@context":"https:\/\/schema.org","@graph":[{"@type":"Article","@id":"https:\/\/coria.org\/ayuntamiento\/index.php\/2013\/11\/04\/sones-y-musica-para-dar-voz-al-voluntariado\/#article","isPartOf":{"@id":"https:\/\/coria.org\/ayuntamiento\/index.php\/2013\/11\/04\/sones-y-musica-para-dar-voz-al-voluntariado\/"},"author":{"name":"ayuntamiento","@id":"https:\/\/coria.org\/ayuntamiento\/#\/schema\/person\/8bd589f0e13e8ae5aa06def7a599d622"},"headline":"SONES Y M\u00daSICA PARA DAR VOZ AL VOLUNTARIADO","datePublished":"2013-11-04T00:00:00+00:00","dateModified":"2023-09-18T10:41:37+00:00","mainEntityOfPage":{"@id":"https:\/\/coria.org\/ayuntamiento\/index.php\/2013\/11\/04\/sones-y-musica-para-dar-voz-al-voluntariado\/"},"wordCount":464,"publisher":{"@id":"https:\/\/coria.org\/ayuntamiento\/#organization"},"image":{"@id":"https:\/\/coria.org\/ayuntamiento\/index.php\/2013\/11\/04\/sones-y-musica-para-dar-voz-al-voluntariado\/#primaryimage"},"thumbnailUrl":"https:\/\/dl.dropboxusercontent.com\/u\/19431826\/imagenes\/cartelSV2013A4.jpg","keywords":["voluntariado"],"articleSection":["Noticias"],"inLanguage":"es"},{"@type":"WebPage","@id":"https:\/\/coria.org\/ayuntamiento\/index.php\/2013\/11\/04\/sones-y-musica-para-dar-voz-al-voluntariado\/","url":"https:\/\/coria.org\/ayuntamiento\/index.php\/2013\/11\/04\/sones-y-musica-para-dar-voz-al-voluntariado\/","name":"SONES Y M\u00daSICA PARA DAR VOZ AL VOLUNTARIADO - Ayuntamiento de Coria","isPartOf":{"@id":"https:\/\/coria.org\/ayuntamiento\/#website"},"primaryImageOfPage":{"@id":"https:\/\/coria.org\/ayuntamiento\/index.php\/2013\/11\/04\/sones-y-musica-para-dar-voz-al-voluntariado\/#primaryimage"},"image":{"@id":"https:\/\/coria.org\/ayuntamiento\/index.php\/2013\/11\/04\/sones-y-musica-para-dar-voz-al-voluntariado\/#primaryimage"},"thumbnailUrl":"https:\/\/dl.dropboxusercontent.com\/u\/19431826\/imagenes\/cartelSV2013A4.jpg","datePublished":"2013-11-04T00:00:00+00:00","dateModified":"2023-09-18T10:41:37+00:00","breadcrumb":{"@id":"https:\/\/coria.org\/ayuntamiento\/index.php\/2013\/11\/04\/sones-y-musica-para-dar-voz-al-voluntariado\/#breadcrumb"},"inLanguage":"es","potentialAction":[{"@type":"ReadAction","target":["https:\/\/coria.org\/ayuntamiento\/index.php\/2013\/11\/04\/sones-y-musica-para-dar-voz-al-voluntariado\/"]}]},{"@type":"ImageObject","inLanguage":"es","@id":"https:\/\/coria.org\/ayuntamiento\/index.php\/2013\/11\/04\/sones-y-musica-para-dar-voz-al-voluntariado\/#primaryimage","url":"https:\/\/dl.dropboxusercontent.com\/u\/19431826\/imagenes\/cartelSV2013A4.jpg","contentUrl":"https:\/\/dl.dropboxusercontent.com\/u\/19431826\/imagenes\/cartelSV2013A4.jpg"},{"@type":"BreadcrumbList","@id":"https:\/\/coria.org\/ayuntamiento\/index.php\/2013\/11\/04\/sones-y-musica-para-dar-voz-al-voluntariado\/#breadcrumb","itemListElement":[{"@type":"ListItem","position":1,"name":"Inicio","item":"https:\/\/coria.org\/ayuntamiento\/"},{"@type":"ListItem","position":2,"name":"SONES Y M\u00daSICA PARA DAR VOZ AL VOLUNTARIADO"}]},{"@type":"WebSite","@id":"https:\/\/coria.org\/ayuntamiento\/#website","url":"https:\/\/coria.org\/ayuntamiento\/","name":"Ayuntamiento de Coria","description":"Web oficial del Ayuntamiento de Coria","publisher":{"@id":"https:\/\/coria.org\/ayuntamiento\/#organization"},"alternateName":"Web Oficial del Ayuntamiento de Coria","potentialAction":[{"@type":"SearchAction","target":{"@type":"EntryPoint","urlTemplate":"https:\/\/coria.org\/ayuntamiento\/?s={search_term_string}"},"query-input":{"@type":"PropertyValueSpecification","valueRequired":true,"valueName":"search_term_string"}}],"inLanguage":"es"},{"@type":"Organization","@id":"https:\/\/coria.org\/ayuntamiento\/#organization","name":"Ayuntamiento de Coria","alternateName":"Ayto de Coria","url":"https:\/\/coria.org\/ayuntamiento\/","logo":{"@type":"ImageObject","inLanguage":"es","@id":"https:\/\/coria.org\/ayuntamiento\/#\/schema\/logo\/image\/","url":"https:\/\/coria.org\/ayuntamiento\/wp-content\/uploads\/2020\/12\/escudo-ayuntamiento-coria.png","contentUrl":"https:\/\/coria.org\/ayuntamiento\/wp-content\/uploads\/2020\/12\/escudo-ayuntamiento-coria.png","width":511,"height":240,"caption":"Ayuntamiento de Coria"},"image":{"@id":"https:\/\/coria.org\/ayuntamiento\/#\/schema\/logo\/image\/"},"sameAs":["https:\/\/www.facebook.com\/Ayuntamiento.de.Coria","https:\/\/x.com\/Ayto_de_Coria","https:\/\/www.instagram.com\/coria.ayuntamiento\/","https:\/\/www.youtube.com\/user\/AYUNTAMIENTOCORIA"]},{"@type":"Person","@id":"https:\/\/coria.org\/ayuntamiento\/#\/schema\/person\/8bd589f0e13e8ae5aa06def7a599d622","name":"ayuntamiento","image":{"@type":"ImageObject","inLanguage":"es","@id":"https:\/\/secure.gravatar.com\/avatar\/966e5ed73cad334adda5c87f49f2547f7082f7292c1b627cbb548744383b391c?s=96&d=mm&r=g","url":"https:\/\/secure.gravatar.com\/avatar\/966e5ed73cad334adda5c87f49f2547f7082f7292c1b627cbb548744383b391c?s=96&d=mm&r=g","contentUrl":"https:\/\/secure.gravatar.com\/avatar\/966e5ed73cad334adda5c87f49f2547f7082f7292c1b627cbb548744383b391c?s=96&d=mm&r=g","caption":"ayuntamiento"}}]}},"uagb_featured_image_src":{"full":false,"thumbnail":false,"medium":false,"medium_large":false,"large":false,"thumblist":false,"thumbrelated":false,"meccarouselthumb":false,"gridsquare":false,"tileview":false,"1536x1536":false,"2048x2048":false},"uagb_author_info":{"display_name":"ayuntamiento","author_link":"https:\/\/coria.org\/ayuntamiento\/index.php\/author\/ayuntamiento\/"},"uagb_comment_info":0,"uagb_excerpt":"El Viernes d\u00eda 8 de Noviembre en la Casa de la Cultura de Coria. \u0095 La Federaci\u00f3n Plataforma del Voluntariado de la Provincia de C\u00e1ceres, en colaboraci\u00f3n con el Excmo. Ayto de Coria, presentan la tercera edici\u00f3n de \u00abSONES VOLUNTARIOS\u00bb, una gala musical donde el voluntariado de la regi\u00f3n es el protagonista. Varias Entidades Sociales,&hellip;","_links":{"self":[{"href":"https:\/\/coria.org\/ayuntamiento\/index.php\/wp-json\/wp\/v2\/posts\/26118","targetHints":{"allow":["GET"]}}],"collection":[{"href":"https:\/\/coria.org\/ayuntamiento\/index.php\/wp-json\/wp\/v2\/posts"}],"about":[{"href":"https:\/\/coria.org\/ayuntamiento\/index.php\/wp-json\/wp\/v2\/types\/post"}],"author":[{"embeddable":true,"href":"https:\/\/coria.org\/ayuntamiento\/index.php\/wp-json\/wp\/v2\/users\/2"}],"replies":[{"embeddable":true,"href":"https:\/\/coria.org\/ayuntamiento\/index.php\/wp-json\/wp\/v2\/comments?post=26118"}],"version-history":[{"count":0,"href":"https:\/\/coria.org\/ayuntamiento\/index.php\/wp-json\/wp\/v2\/posts\/26118\/revisions"}],"wp:attachment":[{"href":"https:\/\/coria.org\/ayuntamiento\/index.php\/wp-json\/wp\/v2\/media?parent=26118"}],"wp:term":[{"taxonomy":"category","embeddable":true,"href":"https:\/\/coria.org\/ayuntamiento\/index.php\/wp-json\/wp\/v2\/categories?post=26118"},{"taxonomy":"post_tag","embeddable":true,"href":"https:\/\/coria.org\/ayuntamiento\/index.php\/wp-json\/wp\/v2\/tags?post=26118"}],"curies":[{"name":"wp","href":"https:\/\/api.w.org\/{rel}","templated":true}]}}