{"id":26117,"date":"2013-11-05T00:00:00","date_gmt":"2013-11-04T23:00:00","guid":{"rendered":"https:\/\/ayuntamiento.coriaenimagenes.com\/coria-comercio-y-vida-campana-navidad-2013\/"},"modified":"2023-11-16T11:24:44","modified_gmt":"2023-11-16T10:24:44","slug":"coria-comercio-y-vida-campana-navidad-2013","status":"publish","type":"post","link":"https:\/\/coria.org\/ayuntamiento\/index.php\/2013\/11\/05\/coria-comercio-y-vida-campana-navidad-2013\/","title":{"rendered":"Coria, Comercio y Vida &#8211; Campa\u00f1a Navidad 2013"},"content":{"rendered":"\n<p><b>Con motivo de la campa\u00f1a Navidad 2013, y con el fin de seguir impulsando y promocionando el comercio local como en ediciones anteriores, se est\u00e1n llevando a cabo reuniones de trabajo a trav\u00e9s de la comisi\u00f3n organizadora creada a tal efecto.<\/b><\/p>\n\n\n\n<p>Dado que todo ello supone un volumen de trabajo importante se precisa que aquellos comercios locales que est\u00e9n interesados en participar en la misma se pronuncien en este sentido, para lo cual se hace necesario cumplimentar la ficha de participaci\u00f3n que se adjunta en el presente mail, tal como se ha establecido en la comisi\u00f3n organizadora.<\/p>\n\n\n\n<p>Dicha ficha de participaci\u00f3n habr\u00e1 de recepcionarse en el ayuntamiento, en Registro General, antes del martes 12 de noviembre, quedando excluidos por tanto aquellos comercios que no se inscriban en plazo o lo hagan fuera de \u00e9ste; se da tambi\u00e9n la opci\u00f3n de remitirlo v\u00eda mail a <a href=\"mailto:agente_desarrollo@coria.org\">agente_desarrollo@coria.org<\/a> respetando de igual modo el 12 de noviembre como fecha l\u00edmite para el env\u00edo de dicho documento.<\/p>\n\n\n\n<p>Documento Adjunto: <a title=\"Ficha de Inscripci\u00f3n\" rel=\"noopener\" href=\"https:\/\/dl.dropboxusercontent.com\/u\/19431826\/Ficha%20inscripci%C3%B3n%20Navidad%202013.doc\" target=\"_blank\">Ficha de Inscripci\u00f3n<\/a><\/p>\n","protected":false},"excerpt":{"rendered":"<p>Con motivo de la campa\u00f1a Navidad 2013, y con el fin de seguir impulsando y promocionando el comercio local como en ediciones anteriores, se est\u00e1n llevando a cabo reuniones de trabajo a trav\u00e9s de la comisi\u00f3n organizadora creada a tal efecto. Dado que todo ello supone un volumen de trabajo importante se precisa que aquellos [&hellip;]<\/p>\n","protected":false},"author":2,"featured_media":0,"comment_status":"closed","ping_status":"closed","sticky":false,"template":"","format":"standard","meta":{"_uag_custom_page_level_css":"","footnotes":""},"categories":[2],"tags":[1369,7],"class_list":["post-26117","post","type-post","status-publish","format-standard","hentry","category-noticias","tag-comercio-y-vida","tag-navidad"],"yoast_head":"<!-- This site is optimized with the Yoast SEO plugin v27.4 - https:\/\/yoast.com\/product\/yoast-seo-wordpress\/ -->\n<title>Coria, Comercio y Vida - Campa\u00f1a Navidad 2013 - Ayuntamiento de Coria<\/title>\n<meta name=\"robots\" content=\"index, follow, max-snippet:-1, max-image-preview:large, max-video-preview:-1\" \/>\n<link rel=\"canonical\" href=\"https:\/\/coria.org\/ayuntamiento\/index.php\/2013\/11\/05\/coria-comercio-y-vida-campana-navidad-2013\/\" \/>\n<meta property=\"og:locale\" content=\"es_ES\" \/>\n<meta property=\"og:type\" content=\"article\" \/>\n<meta property=\"og:title\" content=\"Coria, Comercio y Vida - Campa\u00f1a Navidad 2013 - Ayuntamiento de Coria\" \/>\n<meta property=\"og:description\" content=\"Con motivo de la campa\u00f1a Navidad 2013, y con el fin de seguir impulsando y promocionando el comercio local como en ediciones anteriores, se est\u00e1n llevando a cabo reuniones de trabajo a trav\u00e9s de la comisi\u00f3n organizadora creada a tal efecto. Dado que todo ello supone un volumen de trabajo importante se precisa que aquellos [&hellip;]\" \/>\n<meta property=\"og:url\" content=\"https:\/\/coria.org\/ayuntamiento\/index.php\/2013\/11\/05\/coria-comercio-y-vida-campana-navidad-2013\/\" \/>\n<meta property=\"og:site_name\" content=\"Ayuntamiento de Coria\" \/>\n<meta property=\"article:publisher\" content=\"https:\/\/www.facebook.com\/Ayuntamiento.de.Coria\" \/>\n<meta property=\"article:published_time\" content=\"2013-11-04T23:00:00+00:00\" \/>\n<meta property=\"article:modified_time\" content=\"2023-11-16T10:24:44+00:00\" \/>\n<meta name=\"author\" content=\"ayuntamiento\" \/>\n<meta name=\"twitter:card\" content=\"summary_large_image\" \/>\n<meta name=\"twitter:creator\" content=\"@Ayto_de_Coria\" \/>\n<meta name=\"twitter:site\" content=\"@Ayto_de_Coria\" \/>\n<meta name=\"twitter:label1\" content=\"Escrito por\" \/>\n\t<meta name=\"twitter:data1\" content=\"ayuntamiento\" \/>\n\t<meta name=\"twitter:label2\" content=\"Tiempo de lectura\" \/>\n\t<meta name=\"twitter:data2\" content=\"1 minuto\" \/>\n<script type=\"application\/ld+json\" class=\"yoast-schema-graph\">{\"@context\":\"https:\\\/\\\/schema.org\",\"@graph\":[{\"@type\":\"Article\",\"@id\":\"https:\\\/\\\/coria.org\\\/ayuntamiento\\\/index.php\\\/2013\\\/11\\\/05\\\/coria-comercio-y-vida-campana-navidad-2013\\\/#article\",\"isPartOf\":{\"@id\":\"https:\\\/\\\/coria.org\\\/ayuntamiento\\\/index.php\\\/2013\\\/11\\\/05\\\/coria-comercio-y-vida-campana-navidad-2013\\\/\"},\"author\":{\"name\":\"ayuntamiento\",\"@id\":\"https:\\\/\\\/coria.org\\\/ayuntamiento\\\/#\\\/schema\\\/person\\\/8bd589f0e13e8ae5aa06def7a599d622\"},\"headline\":\"Coria, Comercio y Vida &#8211; Campa\u00f1a Navidad 2013\",\"datePublished\":\"2013-11-04T23:00:00+00:00\",\"dateModified\":\"2023-11-16T10:24:44+00:00\",\"mainEntityOfPage\":{\"@id\":\"https:\\\/\\\/coria.org\\\/ayuntamiento\\\/index.php\\\/2013\\\/11\\\/05\\\/coria-comercio-y-vida-campana-navidad-2013\\\/\"},\"wordCount\":189,\"publisher\":{\"@id\":\"https:\\\/\\\/coria.org\\\/ayuntamiento\\\/#organization\"},\"keywords\":[\"comercio y vida\",\"navidad\"],\"articleSection\":[\"Noticias\"],\"inLanguage\":\"es\"},{\"@type\":\"WebPage\",\"@id\":\"https:\\\/\\\/coria.org\\\/ayuntamiento\\\/index.php\\\/2013\\\/11\\\/05\\\/coria-comercio-y-vida-campana-navidad-2013\\\/\",\"url\":\"https:\\\/\\\/coria.org\\\/ayuntamiento\\\/index.php\\\/2013\\\/11\\\/05\\\/coria-comercio-y-vida-campana-navidad-2013\\\/\",\"name\":\"Coria, Comercio y Vida - Campa\u00f1a Navidad 2013 - Ayuntamiento de Coria\",\"isPartOf\":{\"@id\":\"https:\\\/\\\/coria.org\\\/ayuntamiento\\\/#website\"},\"datePublished\":\"2013-11-04T23:00:00+00:00\",\"dateModified\":\"2023-11-16T10:24:44+00:00\",\"breadcrumb\":{\"@id\":\"https:\\\/\\\/coria.org\\\/ayuntamiento\\\/index.php\\\/2013\\\/11\\\/05\\\/coria-comercio-y-vida-campana-navidad-2013\\\/#breadcrumb\"},\"inLanguage\":\"es\",\"potentialAction\":[{\"@type\":\"ReadAction\",\"target\":[\"https:\\\/\\\/coria.org\\\/ayuntamiento\\\/index.php\\\/2013\\\/11\\\/05\\\/coria-comercio-y-vida-campana-navidad-2013\\\/\"]}]},{\"@type\":\"BreadcrumbList\",\"@id\":\"https:\\\/\\\/coria.org\\\/ayuntamiento\\\/index.php\\\/2013\\\/11\\\/05\\\/coria-comercio-y-vida-campana-navidad-2013\\\/#breadcrumb\",\"itemListElement\":[{\"@type\":\"ListItem\",\"position\":1,\"name\":\"Inicio\",\"item\":\"https:\\\/\\\/coria.org\\\/ayuntamiento\\\/\"},{\"@type\":\"ListItem\",\"position\":2,\"name\":\"Coria, Comercio y Vida &#8211; Campa\u00f1a Navidad 2013\"}]},{\"@type\":\"WebSite\",\"@id\":\"https:\\\/\\\/coria.org\\\/ayuntamiento\\\/#website\",\"url\":\"https:\\\/\\\/coria.org\\\/ayuntamiento\\\/\",\"name\":\"Ayuntamiento de Coria\",\"description\":\"Web oficial del Ayuntamiento de Coria\",\"publisher\":{\"@id\":\"https:\\\/\\\/coria.org\\\/ayuntamiento\\\/#organization\"},\"alternateName\":\"Web Oficial del Ayuntamiento de Coria\",\"potentialAction\":[{\"@type\":\"SearchAction\",\"target\":{\"@type\":\"EntryPoint\",\"urlTemplate\":\"https:\\\/\\\/coria.org\\\/ayuntamiento\\\/?s={search_term_string}\"},\"query-input\":{\"@type\":\"PropertyValueSpecification\",\"valueRequired\":true,\"valueName\":\"search_term_string\"}}],\"inLanguage\":\"es\"},{\"@type\":\"Organization\",\"@id\":\"https:\\\/\\\/coria.org\\\/ayuntamiento\\\/#organization\",\"name\":\"Ayuntamiento de Coria\",\"alternateName\":\"Ayto de Coria\",\"url\":\"https:\\\/\\\/coria.org\\\/ayuntamiento\\\/\",\"logo\":{\"@type\":\"ImageObject\",\"inLanguage\":\"es\",\"@id\":\"https:\\\/\\\/coria.org\\\/ayuntamiento\\\/#\\\/schema\\\/logo\\\/image\\\/\",\"url\":\"https:\\\/\\\/coria.org\\\/ayuntamiento\\\/wp-content\\\/uploads\\\/2020\\\/12\\\/escudo-ayuntamiento-coria.png\",\"contentUrl\":\"https:\\\/\\\/coria.org\\\/ayuntamiento\\\/wp-content\\\/uploads\\\/2020\\\/12\\\/escudo-ayuntamiento-coria.png\",\"width\":511,\"height\":240,\"caption\":\"Ayuntamiento de Coria\"},\"image\":{\"@id\":\"https:\\\/\\\/coria.org\\\/ayuntamiento\\\/#\\\/schema\\\/logo\\\/image\\\/\"},\"sameAs\":[\"https:\\\/\\\/www.facebook.com\\\/Ayuntamiento.de.Coria\",\"https:\\\/\\\/x.com\\\/Ayto_de_Coria\",\"https:\\\/\\\/www.instagram.com\\\/coria.ayuntamiento\\\/\",\"https:\\\/\\\/www.youtube.com\\\/user\\\/AYUNTAMIENTOCORIA\"]},{\"@type\":\"Person\",\"@id\":\"https:\\\/\\\/coria.org\\\/ayuntamiento\\\/#\\\/schema\\\/person\\\/8bd589f0e13e8ae5aa06def7a599d622\",\"name\":\"ayuntamiento\",\"image\":{\"@type\":\"ImageObject\",\"inLanguage\":\"es\",\"@id\":\"https:\\\/\\\/secure.gravatar.com\\\/avatar\\\/966e5ed73cad334adda5c87f49f2547f7082f7292c1b627cbb548744383b391c?s=96&d=mm&r=g\",\"url\":\"https:\\\/\\\/secure.gravatar.com\\\/avatar\\\/966e5ed73cad334adda5c87f49f2547f7082f7292c1b627cbb548744383b391c?s=96&d=mm&r=g\",\"contentUrl\":\"https:\\\/\\\/secure.gravatar.com\\\/avatar\\\/966e5ed73cad334adda5c87f49f2547f7082f7292c1b627cbb548744383b391c?s=96&d=mm&r=g\",\"caption\":\"ayuntamiento\"}}]}<\/script>\n<!-- \/ Yoast SEO plugin. -->","yoast_head_json":{"title":"Coria, Comercio y Vida - Campa\u00f1a Navidad 2013 - Ayuntamiento de Coria","robots":{"index":"index","follow":"follow","max-snippet":"max-snippet:-1","max-image-preview":"max-image-preview:large","max-video-preview":"max-video-preview:-1"},"canonical":"https:\/\/coria.org\/ayuntamiento\/index.php\/2013\/11\/05\/coria-comercio-y-vida-campana-navidad-2013\/","og_locale":"es_ES","og_type":"article","og_title":"Coria, Comercio y Vida - Campa\u00f1a Navidad 2013 - Ayuntamiento de Coria","og_description":"Con motivo de la campa\u00f1a Navidad 2013, y con el fin de seguir impulsando y promocionando el comercio local como en ediciones anteriores, se est\u00e1n llevando a cabo reuniones de trabajo a trav\u00e9s de la comisi\u00f3n organizadora creada a tal efecto. Dado que todo ello supone un volumen de trabajo importante se precisa que aquellos [&hellip;]","og_url":"https:\/\/coria.org\/ayuntamiento\/index.php\/2013\/11\/05\/coria-comercio-y-vida-campana-navidad-2013\/","og_site_name":"Ayuntamiento de Coria","article_publisher":"https:\/\/www.facebook.com\/Ayuntamiento.de.Coria","article_published_time":"2013-11-04T23:00:00+00:00","article_modified_time":"2023-11-16T10:24:44+00:00","author":"ayuntamiento","twitter_card":"summary_large_image","twitter_creator":"@Ayto_de_Coria","twitter_site":"@Ayto_de_Coria","twitter_misc":{"Escrito por":"ayuntamiento","Tiempo de lectura":"1 minuto"},"schema":{"@context":"https:\/\/schema.org","@graph":[{"@type":"Article","@id":"https:\/\/coria.org\/ayuntamiento\/index.php\/2013\/11\/05\/coria-comercio-y-vida-campana-navidad-2013\/#article","isPartOf":{"@id":"https:\/\/coria.org\/ayuntamiento\/index.php\/2013\/11\/05\/coria-comercio-y-vida-campana-navidad-2013\/"},"author":{"name":"ayuntamiento","@id":"https:\/\/coria.org\/ayuntamiento\/#\/schema\/person\/8bd589f0e13e8ae5aa06def7a599d622"},"headline":"Coria, Comercio y Vida &#8211; Campa\u00f1a Navidad 2013","datePublished":"2013-11-04T23:00:00+00:00","dateModified":"2023-11-16T10:24:44+00:00","mainEntityOfPage":{"@id":"https:\/\/coria.org\/ayuntamiento\/index.php\/2013\/11\/05\/coria-comercio-y-vida-campana-navidad-2013\/"},"wordCount":189,"publisher":{"@id":"https:\/\/coria.org\/ayuntamiento\/#organization"},"keywords":["comercio y vida","navidad"],"articleSection":["Noticias"],"inLanguage":"es"},{"@type":"WebPage","@id":"https:\/\/coria.org\/ayuntamiento\/index.php\/2013\/11\/05\/coria-comercio-y-vida-campana-navidad-2013\/","url":"https:\/\/coria.org\/ayuntamiento\/index.php\/2013\/11\/05\/coria-comercio-y-vida-campana-navidad-2013\/","name":"Coria, Comercio y Vida - Campa\u00f1a Navidad 2013 - Ayuntamiento de Coria","isPartOf":{"@id":"https:\/\/coria.org\/ayuntamiento\/#website"},"datePublished":"2013-11-04T23:00:00+00:00","dateModified":"2023-11-16T10:24:44+00:00","breadcrumb":{"@id":"https:\/\/coria.org\/ayuntamiento\/index.php\/2013\/11\/05\/coria-comercio-y-vida-campana-navidad-2013\/#breadcrumb"},"inLanguage":"es","potentialAction":[{"@type":"ReadAction","target":["https:\/\/coria.org\/ayuntamiento\/index.php\/2013\/11\/05\/coria-comercio-y-vida-campana-navidad-2013\/"]}]},{"@type":"BreadcrumbList","@id":"https:\/\/coria.org\/ayuntamiento\/index.php\/2013\/11\/05\/coria-comercio-y-vida-campana-navidad-2013\/#breadcrumb","itemListElement":[{"@type":"ListItem","position":1,"name":"Inicio","item":"https:\/\/coria.org\/ayuntamiento\/"},{"@type":"ListItem","position":2,"name":"Coria, Comercio y Vida &#8211; Campa\u00f1a Navidad 2013"}]},{"@type":"WebSite","@id":"https:\/\/coria.org\/ayuntamiento\/#website","url":"https:\/\/coria.org\/ayuntamiento\/","name":"Ayuntamiento de Coria","description":"Web oficial del Ayuntamiento de Coria","publisher":{"@id":"https:\/\/coria.org\/ayuntamiento\/#organization"},"alternateName":"Web Oficial del Ayuntamiento de Coria","potentialAction":[{"@type":"SearchAction","target":{"@type":"EntryPoint","urlTemplate":"https:\/\/coria.org\/ayuntamiento\/?s={search_term_string}"},"query-input":{"@type":"PropertyValueSpecification","valueRequired":true,"valueName":"search_term_string"}}],"inLanguage":"es"},{"@type":"Organization","@id":"https:\/\/coria.org\/ayuntamiento\/#organization","name":"Ayuntamiento de Coria","alternateName":"Ayto de Coria","url":"https:\/\/coria.org\/ayuntamiento\/","logo":{"@type":"ImageObject","inLanguage":"es","@id":"https:\/\/coria.org\/ayuntamiento\/#\/schema\/logo\/image\/","url":"https:\/\/coria.org\/ayuntamiento\/wp-content\/uploads\/2020\/12\/escudo-ayuntamiento-coria.png","contentUrl":"https:\/\/coria.org\/ayuntamiento\/wp-content\/uploads\/2020\/12\/escudo-ayuntamiento-coria.png","width":511,"height":240,"caption":"Ayuntamiento de Coria"},"image":{"@id":"https:\/\/coria.org\/ayuntamiento\/#\/schema\/logo\/image\/"},"sameAs":["https:\/\/www.facebook.com\/Ayuntamiento.de.Coria","https:\/\/x.com\/Ayto_de_Coria","https:\/\/www.instagram.com\/coria.ayuntamiento\/","https:\/\/www.youtube.com\/user\/AYUNTAMIENTOCORIA"]},{"@type":"Person","@id":"https:\/\/coria.org\/ayuntamiento\/#\/schema\/person\/8bd589f0e13e8ae5aa06def7a599d622","name":"ayuntamiento","image":{"@type":"ImageObject","inLanguage":"es","@id":"https:\/\/secure.gravatar.com\/avatar\/966e5ed73cad334adda5c87f49f2547f7082f7292c1b627cbb548744383b391c?s=96&d=mm&r=g","url":"https:\/\/secure.gravatar.com\/avatar\/966e5ed73cad334adda5c87f49f2547f7082f7292c1b627cbb548744383b391c?s=96&d=mm&r=g","contentUrl":"https:\/\/secure.gravatar.com\/avatar\/966e5ed73cad334adda5c87f49f2547f7082f7292c1b627cbb548744383b391c?s=96&d=mm&r=g","caption":"ayuntamiento"}}]}},"uagb_featured_image_src":{"full":false,"thumbnail":false,"medium":false,"medium_large":false,"large":false,"thumblist":false,"thumbrelated":false,"meccarouselthumb":false,"gridsquare":false,"tileview":false,"1536x1536":false,"2048x2048":false},"uagb_author_info":{"display_name":"ayuntamiento","author_link":"https:\/\/coria.org\/ayuntamiento\/index.php\/author\/ayuntamiento\/"},"uagb_comment_info":0,"uagb_excerpt":"Con motivo de la campa\u00f1a Navidad 2013, y con el fin de seguir impulsando y promocionando el comercio local como en ediciones anteriores, se est\u00e1n llevando a cabo reuniones de trabajo a trav\u00e9s de la comisi\u00f3n organizadora creada a tal efecto. Dado que todo ello supone un volumen de trabajo importante se precisa que aquellos&hellip;","_links":{"self":[{"href":"https:\/\/coria.org\/ayuntamiento\/index.php\/wp-json\/wp\/v2\/posts\/26117","targetHints":{"allow":["GET"]}}],"collection":[{"href":"https:\/\/coria.org\/ayuntamiento\/index.php\/wp-json\/wp\/v2\/posts"}],"about":[{"href":"https:\/\/coria.org\/ayuntamiento\/index.php\/wp-json\/wp\/v2\/types\/post"}],"author":[{"embeddable":true,"href":"https:\/\/coria.org\/ayuntamiento\/index.php\/wp-json\/wp\/v2\/users\/2"}],"replies":[{"embeddable":true,"href":"https:\/\/coria.org\/ayuntamiento\/index.php\/wp-json\/wp\/v2\/comments?post=26117"}],"version-history":[{"count":0,"href":"https:\/\/coria.org\/ayuntamiento\/index.php\/wp-json\/wp\/v2\/posts\/26117\/revisions"}],"wp:attachment":[{"href":"https:\/\/coria.org\/ayuntamiento\/index.php\/wp-json\/wp\/v2\/media?parent=26117"}],"wp:term":[{"taxonomy":"category","embeddable":true,"href":"https:\/\/coria.org\/ayuntamiento\/index.php\/wp-json\/wp\/v2\/categories?post=26117"},{"taxonomy":"post_tag","embeddable":true,"href":"https:\/\/coria.org\/ayuntamiento\/index.php\/wp-json\/wp\/v2\/tags?post=26117"}],"curies":[{"name":"wp","href":"https:\/\/api.w.org\/{rel}","templated":true}]}}