{"id":26116,"date":"2013-11-07T00:00:00","date_gmt":"2013-11-07T00:00:00","guid":{"rendered":"https:\/\/ayuntamiento.coriaenimagenes.com\/el-ayuntamiento-de-coria-invertira-125-000-euros-para-remodelar-la-plaza-de-la-paz\/"},"modified":"2023-09-18T12:41:37","modified_gmt":"2023-09-18T10:41:37","slug":"el-ayuntamiento-de-coria-invertira-125-000-euros-para-remodelar-la-plaza-de-la-paz","status":"publish","type":"post","link":"https:\/\/coria.org\/ayuntamiento\/index.php\/2013\/11\/07\/el-ayuntamiento-de-coria-invertira-125-000-euros-para-remodelar-la-plaza-de-la-paz\/","title":{"rendered":"El Ayuntamiento de Coria invertir\u00e1 125.000 euros para remodelar la Plaza de la Paz"},"content":{"rendered":"\n<p><b>El Alcalde de Coria ha presentado, de manera oficial, el proyecto de remodelaci\u00f3n de la Plaza<\/b><\/p>\n\n<figure class=\"wp-block-post-featured-image\"><img loading=\"lazy\" decoding=\"async\" width=\"2560\" height=\"1920\" src=\"https:\/\/coria.org\/ayuntamiento\/wp-content\/uploads\/2013\/11\/DSC04441-scaled.jpg\" class=\"attachment-post-thumbnail size-post-thumbnail wp-post-image\" alt=\"\" style=\"object-fit:cover;\" srcset=\"https:\/\/coria.org\/ayuntamiento\/wp-content\/uploads\/2013\/11\/DSC04441-scaled.jpg 2560w, https:\/\/coria.org\/ayuntamiento\/wp-content\/uploads\/2013\/11\/DSC04441-300x225.jpg 300w, https:\/\/coria.org\/ayuntamiento\/wp-content\/uploads\/2013\/11\/DSC04441-1024x768.jpg 1024w, https:\/\/coria.org\/ayuntamiento\/wp-content\/uploads\/2013\/11\/DSC04441-768x576.jpg 768w, https:\/\/coria.org\/ayuntamiento\/wp-content\/uploads\/2013\/11\/DSC04441-1536x1152.jpg 1536w, https:\/\/coria.org\/ayuntamiento\/wp-content\/uploads\/2013\/11\/DSC04441-2048x1536.jpg 2048w\" sizes=\"auto, (max-width: 2560px) 100vw, 2560px\" \/><\/figure>\n\n<p><span style=\"font-family: verdana,arial,helvetica,sans-serif; font-size: small;\">En rueda de prensa, el primer edil, Jos\u00e9 Manuel Garc\u00eda Ballestero, junto a la concejal de Turismo y Cultura, Almudena Domingo, y el concejal de Obras, Juan Jos\u00e9 Alc\u00f3n, han presentado el proyecto de remodelaci\u00f3n de la Plaza de la Paz.<\/span><\/p>\n\n\n<p><span style=\"font-family: verdana,arial,helvetica,sans-serif; font-size: small;\">Seg\u00fan ha explicado Garc\u00eda Ballestero, ser\u00e1 una reforma integral de toda la plaza, que afectar\u00e1 a su dise\u00f1o y accesibilidad, en la cual se invertir\u00e1n cerca de 125.000 por parte de la Excma. Diputaci\u00f3n de C\u00e1ceres.<\/span><\/p>\n\n\n<p><span style=\"font-family: verdana,arial,helvetica,sans-serif; font-size: small;\">Los trabajos de reforma conllevar\u00e1n importantes cambios en los viales que la rodean, ya que si ahora se permite el paso del tr\u00e1fico rodado, dichos viales pasar\u00e1n a ser una zona peatonal casi en su totalidad, quedando la calle Vel\u00e1zquez como v\u00eda de entrada y salida. <\/span><\/p>\n\n\n<p><span style=\"font-family: verdana,arial,helvetica,sans-serif; font-size: small;\">Garc\u00eda Ballestero declar\u00f3 que la plaza es una zona c\u00e9ntrica, \u00abpero no cumple, en estos momentos, con ninguno de los est\u00e1ndares de accesibilidad ni de seguridad\u00bb. <\/span><\/p>\n\n\n<p><span style=\"font-family: verdana,arial,helvetica,sans-serif; font-size: small;\">Seg\u00fan el proyecto toda la plaza se va a construir al mismo nivel de la calle y se va a mantener la fuente central. Adem\u00e1s contar\u00e1 con una zona de juegos infantiles, instalar bancos de piedra y una zona abierta para celebrar conciertos y espect\u00e1culos. Tambi\u00e9n se modificar\u00e1 la barandilla cercana a la avenida, adem\u00e1s de construir rampas de accesibilidad.<\/span><\/p>\n\n\n<p><span style=\"font-family: verdana,arial,helvetica,sans-serif; font-size: small;\">El alcalde declar\u00f3 que estas obras se enmarcan dentro de un plan de restauraci\u00f3n estructural de toda la zona que comenzar\u00e1 con la rehabilitaci\u00f3n de dicha plaza y posteriormente se acometer\u00e1n tambi\u00e9n mejoras de accesibilidad en las escaleras de la plaza del Pil\u00f3n, que da acceso al casco hist\u00f3rico.<\/span><\/p>\n\n\n<p><span style=\"font-family: verdana,arial,helvetica,sans-serif; font-size: small;\">Sobre la fecha de inicio de las obras, el alcalde matiz\u00f3 que eso depender\u00e1 de los t\u00e9cnicos, aunque a\u00f1adi\u00f3 que ser\u00e1 pronto puesto que la partida presupuestada est\u00e1 incluida en el ejercicio 2013 por lo que como requisito se exige que la obra debe estar finalizada antes de marzo del a\u00f1o que viene. Adem\u00e1s, mientras duren las obras, el mercadillo semanal, puesto que un gran n\u00famero de vendedores ambulantes ocupan la plaza de la Paz, se trasladar\u00e1 a la plaza de Granadilla, un espacio que se encuentra tambi\u00e9n dentro del mismo barrio.<\/span><\/p>\n\n\n<p><span style=\"font-family: verdana,arial,helvetica,sans-serif; font-size: small;\">Para finalizar, el primer edil ha manifestado que \u00abcon esta remodelaci\u00f3n se consigue mejorar las condiciones de la Plaza, hacerla m\u00e1s accesible y que sea un punto de encuentro y recreo para los caurienses\u00bb. <\/span><\/p>\n\n\n<p><span style=\"font-family: Verdana; font-size: small;\"><strong>Video Rueda de Prensa<\/strong><\/span><\/p>\n\n\n<p><iframe loading=\"lazy\" src=\"http:\/\/www.youtube.com\/embed\/6dTXXll9o4A\" width=\"640\" height=\"360\" frameborder=\"0\"><\/iframe><\/p>\n","protected":false},"excerpt":{"rendered":"<p>El Alcalde de Coria ha presentado, de manera oficial, el proyecto de remodelaci\u00f3n de la Plaza En rueda de prensa, el primer edil, Jos\u00e9 Manuel Garc\u00eda Ballestero, junto a la concejal de Turismo y Cultura, Almudena Domingo, y el concejal de Obras, Juan Jos\u00e9 Alc\u00f3n, han presentado el proyecto de remodelaci\u00f3n de la Plaza de [&hellip;]<\/p>\n","protected":false},"author":2,"featured_media":31519,"comment_status":"closed","ping_status":"closed","sticky":false,"template":"","format":"standard","meta":{"_uag_custom_page_level_css":"","footnotes":""},"categories":[2],"tags":[1539],"class_list":["post-26116","post","type-post","status-publish","format-standard","has-post-thumbnail","hentry","category-noticias","tag-plaza-de-la-paz"],"yoast_head":"<!-- This site is optimized with the Yoast SEO plugin v27.4 - https:\/\/yoast.com\/product\/yoast-seo-wordpress\/ -->\n<title>El Ayuntamiento de Coria invertir\u00e1 125.000 euros para remodelar la Plaza de la Paz - Ayuntamiento de Coria<\/title>\n<meta name=\"robots\" content=\"index, follow, max-snippet:-1, max-image-preview:large, max-video-preview:-1\" \/>\n<link rel=\"canonical\" href=\"https:\/\/coria.org\/ayuntamiento\/index.php\/2013\/11\/07\/el-ayuntamiento-de-coria-invertira-125-000-euros-para-remodelar-la-plaza-de-la-paz\/\" \/>\n<meta property=\"og:locale\" content=\"es_ES\" \/>\n<meta property=\"og:type\" content=\"article\" \/>\n<meta property=\"og:title\" content=\"El Ayuntamiento de Coria invertir\u00e1 125.000 euros para remodelar la Plaza de la Paz - Ayuntamiento de Coria\" \/>\n<meta property=\"og:description\" content=\"El Alcalde de Coria ha presentado, de manera oficial, el proyecto de remodelaci\u00f3n de la Plaza En rueda de prensa, el primer edil, Jos\u00e9 Manuel Garc\u00eda Ballestero, junto a la concejal de Turismo y Cultura, Almudena Domingo, y el concejal de Obras, Juan Jos\u00e9 Alc\u00f3n, han presentado el proyecto de remodelaci\u00f3n de la Plaza de [&hellip;]\" \/>\n<meta property=\"og:url\" content=\"https:\/\/coria.org\/ayuntamiento\/index.php\/2013\/11\/07\/el-ayuntamiento-de-coria-invertira-125-000-euros-para-remodelar-la-plaza-de-la-paz\/\" \/>\n<meta property=\"og:site_name\" content=\"Ayuntamiento de Coria\" \/>\n<meta property=\"article:publisher\" content=\"https:\/\/www.facebook.com\/Ayuntamiento.de.Coria\" \/>\n<meta property=\"article:published_time\" content=\"2013-11-07T00:00:00+00:00\" \/>\n<meta property=\"article:modified_time\" content=\"2023-09-18T10:41:37+00:00\" \/>\n<meta property=\"og:image\" content=\"https:\/\/coria.org\/ayuntamiento\/wp-content\/uploads\/2013\/11\/DSC04441-scaled.jpg\" \/>\n\t<meta property=\"og:image:width\" content=\"2560\" \/>\n\t<meta property=\"og:image:height\" content=\"1920\" \/>\n\t<meta property=\"og:image:type\" content=\"image\/jpeg\" \/>\n<meta name=\"author\" content=\"ayuntamiento\" \/>\n<meta name=\"twitter:card\" content=\"summary_large_image\" \/>\n<meta name=\"twitter:creator\" content=\"@Ayto_de_Coria\" \/>\n<meta name=\"twitter:site\" content=\"@Ayto_de_Coria\" \/>\n<meta name=\"twitter:label1\" content=\"Escrito por\" \/>\n\t<meta name=\"twitter:data1\" content=\"ayuntamiento\" \/>\n\t<meta name=\"twitter:label2\" content=\"Tiempo de lectura\" \/>\n\t<meta name=\"twitter:data2\" content=\"2 minutos\" \/>\n<script type=\"application\/ld+json\" class=\"yoast-schema-graph\">{\"@context\":\"https:\\\/\\\/schema.org\",\"@graph\":[{\"@type\":\"Article\",\"@id\":\"https:\\\/\\\/coria.org\\\/ayuntamiento\\\/index.php\\\/2013\\\/11\\\/07\\\/el-ayuntamiento-de-coria-invertira-125-000-euros-para-remodelar-la-plaza-de-la-paz\\\/#article\",\"isPartOf\":{\"@id\":\"https:\\\/\\\/coria.org\\\/ayuntamiento\\\/index.php\\\/2013\\\/11\\\/07\\\/el-ayuntamiento-de-coria-invertira-125-000-euros-para-remodelar-la-plaza-de-la-paz\\\/\"},\"author\":{\"name\":\"ayuntamiento\",\"@id\":\"https:\\\/\\\/coria.org\\\/ayuntamiento\\\/#\\\/schema\\\/person\\\/8bd589f0e13e8ae5aa06def7a599d622\"},\"headline\":\"El Ayuntamiento de Coria invertir\u00e1 125.000 euros para remodelar la Plaza de la Paz\",\"datePublished\":\"2013-11-07T00:00:00+00:00\",\"dateModified\":\"2023-09-18T10:41:37+00:00\",\"mainEntityOfPage\":{\"@id\":\"https:\\\/\\\/coria.org\\\/ayuntamiento\\\/index.php\\\/2013\\\/11\\\/07\\\/el-ayuntamiento-de-coria-invertira-125-000-euros-para-remodelar-la-plaza-de-la-paz\\\/\"},\"wordCount\":452,\"publisher\":{\"@id\":\"https:\\\/\\\/coria.org\\\/ayuntamiento\\\/#organization\"},\"image\":{\"@id\":\"https:\\\/\\\/coria.org\\\/ayuntamiento\\\/index.php\\\/2013\\\/11\\\/07\\\/el-ayuntamiento-de-coria-invertira-125-000-euros-para-remodelar-la-plaza-de-la-paz\\\/#primaryimage\"},\"thumbnailUrl\":\"https:\\\/\\\/coria.org\\\/ayuntamiento\\\/wp-content\\\/uploads\\\/2013\\\/11\\\/DSC04441-scaled.jpg\",\"keywords\":[\"plaza de la paz\"],\"articleSection\":[\"Noticias\"],\"inLanguage\":\"es\"},{\"@type\":\"WebPage\",\"@id\":\"https:\\\/\\\/coria.org\\\/ayuntamiento\\\/index.php\\\/2013\\\/11\\\/07\\\/el-ayuntamiento-de-coria-invertira-125-000-euros-para-remodelar-la-plaza-de-la-paz\\\/\",\"url\":\"https:\\\/\\\/coria.org\\\/ayuntamiento\\\/index.php\\\/2013\\\/11\\\/07\\\/el-ayuntamiento-de-coria-invertira-125-000-euros-para-remodelar-la-plaza-de-la-paz\\\/\",\"name\":\"El Ayuntamiento de Coria invertir\u00e1 125.000 euros para remodelar la Plaza de la Paz - Ayuntamiento de Coria\",\"isPartOf\":{\"@id\":\"https:\\\/\\\/coria.org\\\/ayuntamiento\\\/#website\"},\"primaryImageOfPage\":{\"@id\":\"https:\\\/\\\/coria.org\\\/ayuntamiento\\\/index.php\\\/2013\\\/11\\\/07\\\/el-ayuntamiento-de-coria-invertira-125-000-euros-para-remodelar-la-plaza-de-la-paz\\\/#primaryimage\"},\"image\":{\"@id\":\"https:\\\/\\\/coria.org\\\/ayuntamiento\\\/index.php\\\/2013\\\/11\\\/07\\\/el-ayuntamiento-de-coria-invertira-125-000-euros-para-remodelar-la-plaza-de-la-paz\\\/#primaryimage\"},\"thumbnailUrl\":\"https:\\\/\\\/coria.org\\\/ayuntamiento\\\/wp-content\\\/uploads\\\/2013\\\/11\\\/DSC04441-scaled.jpg\",\"datePublished\":\"2013-11-07T00:00:00+00:00\",\"dateModified\":\"2023-09-18T10:41:37+00:00\",\"breadcrumb\":{\"@id\":\"https:\\\/\\\/coria.org\\\/ayuntamiento\\\/index.php\\\/2013\\\/11\\\/07\\\/el-ayuntamiento-de-coria-invertira-125-000-euros-para-remodelar-la-plaza-de-la-paz\\\/#breadcrumb\"},\"inLanguage\":\"es\",\"potentialAction\":[{\"@type\":\"ReadAction\",\"target\":[\"https:\\\/\\\/coria.org\\\/ayuntamiento\\\/index.php\\\/2013\\\/11\\\/07\\\/el-ayuntamiento-de-coria-invertira-125-000-euros-para-remodelar-la-plaza-de-la-paz\\\/\"]}]},{\"@type\":\"ImageObject\",\"inLanguage\":\"es\",\"@id\":\"https:\\\/\\\/coria.org\\\/ayuntamiento\\\/index.php\\\/2013\\\/11\\\/07\\\/el-ayuntamiento-de-coria-invertira-125-000-euros-para-remodelar-la-plaza-de-la-paz\\\/#primaryimage\",\"url\":\"https:\\\/\\\/coria.org\\\/ayuntamiento\\\/wp-content\\\/uploads\\\/2013\\\/11\\\/DSC04441-scaled.jpg\",\"contentUrl\":\"https:\\\/\\\/coria.org\\\/ayuntamiento\\\/wp-content\\\/uploads\\\/2013\\\/11\\\/DSC04441-scaled.jpg\",\"width\":2560,\"height\":1920},{\"@type\":\"BreadcrumbList\",\"@id\":\"https:\\\/\\\/coria.org\\\/ayuntamiento\\\/index.php\\\/2013\\\/11\\\/07\\\/el-ayuntamiento-de-coria-invertira-125-000-euros-para-remodelar-la-plaza-de-la-paz\\\/#breadcrumb\",\"itemListElement\":[{\"@type\":\"ListItem\",\"position\":1,\"name\":\"Inicio\",\"item\":\"https:\\\/\\\/coria.org\\\/ayuntamiento\\\/\"},{\"@type\":\"ListItem\",\"position\":2,\"name\":\"El Ayuntamiento de Coria invertir\u00e1 125.000 euros para remodelar la Plaza de la Paz\"}]},{\"@type\":\"WebSite\",\"@id\":\"https:\\\/\\\/coria.org\\\/ayuntamiento\\\/#website\",\"url\":\"https:\\\/\\\/coria.org\\\/ayuntamiento\\\/\",\"name\":\"Ayuntamiento de Coria\",\"description\":\"Web oficial del Ayuntamiento de Coria\",\"publisher\":{\"@id\":\"https:\\\/\\\/coria.org\\\/ayuntamiento\\\/#organization\"},\"alternateName\":\"Web Oficial del Ayuntamiento de Coria\",\"potentialAction\":[{\"@type\":\"SearchAction\",\"target\":{\"@type\":\"EntryPoint\",\"urlTemplate\":\"https:\\\/\\\/coria.org\\\/ayuntamiento\\\/?s={search_term_string}\"},\"query-input\":{\"@type\":\"PropertyValueSpecification\",\"valueRequired\":true,\"valueName\":\"search_term_string\"}}],\"inLanguage\":\"es\"},{\"@type\":\"Organization\",\"@id\":\"https:\\\/\\\/coria.org\\\/ayuntamiento\\\/#organization\",\"name\":\"Ayuntamiento de Coria\",\"alternateName\":\"Ayto de Coria\",\"url\":\"https:\\\/\\\/coria.org\\\/ayuntamiento\\\/\",\"logo\":{\"@type\":\"ImageObject\",\"inLanguage\":\"es\",\"@id\":\"https:\\\/\\\/coria.org\\\/ayuntamiento\\\/#\\\/schema\\\/logo\\\/image\\\/\",\"url\":\"https:\\\/\\\/coria.org\\\/ayuntamiento\\\/wp-content\\\/uploads\\\/2020\\\/12\\\/escudo-ayuntamiento-coria.png\",\"contentUrl\":\"https:\\\/\\\/coria.org\\\/ayuntamiento\\\/wp-content\\\/uploads\\\/2020\\\/12\\\/escudo-ayuntamiento-coria.png\",\"width\":511,\"height\":240,\"caption\":\"Ayuntamiento de Coria\"},\"image\":{\"@id\":\"https:\\\/\\\/coria.org\\\/ayuntamiento\\\/#\\\/schema\\\/logo\\\/image\\\/\"},\"sameAs\":[\"https:\\\/\\\/www.facebook.com\\\/Ayuntamiento.de.Coria\",\"https:\\\/\\\/x.com\\\/Ayto_de_Coria\",\"https:\\\/\\\/www.instagram.com\\\/coria.ayuntamiento\\\/\",\"https:\\\/\\\/www.youtube.com\\\/user\\\/AYUNTAMIENTOCORIA\"]},{\"@type\":\"Person\",\"@id\":\"https:\\\/\\\/coria.org\\\/ayuntamiento\\\/#\\\/schema\\\/person\\\/8bd589f0e13e8ae5aa06def7a599d622\",\"name\":\"ayuntamiento\",\"image\":{\"@type\":\"ImageObject\",\"inLanguage\":\"es\",\"@id\":\"https:\\\/\\\/secure.gravatar.com\\\/avatar\\\/966e5ed73cad334adda5c87f49f2547f7082f7292c1b627cbb548744383b391c?s=96&d=mm&r=g\",\"url\":\"https:\\\/\\\/secure.gravatar.com\\\/avatar\\\/966e5ed73cad334adda5c87f49f2547f7082f7292c1b627cbb548744383b391c?s=96&d=mm&r=g\",\"contentUrl\":\"https:\\\/\\\/secure.gravatar.com\\\/avatar\\\/966e5ed73cad334adda5c87f49f2547f7082f7292c1b627cbb548744383b391c?s=96&d=mm&r=g\",\"caption\":\"ayuntamiento\"}}]}<\/script>\n<!-- \/ Yoast SEO plugin. -->","yoast_head_json":{"title":"El Ayuntamiento de Coria invertir\u00e1 125.000 euros para remodelar la Plaza de la Paz - Ayuntamiento de Coria","robots":{"index":"index","follow":"follow","max-snippet":"max-snippet:-1","max-image-preview":"max-image-preview:large","max-video-preview":"max-video-preview:-1"},"canonical":"https:\/\/coria.org\/ayuntamiento\/index.php\/2013\/11\/07\/el-ayuntamiento-de-coria-invertira-125-000-euros-para-remodelar-la-plaza-de-la-paz\/","og_locale":"es_ES","og_type":"article","og_title":"El Ayuntamiento de Coria invertir\u00e1 125.000 euros para remodelar la Plaza de la Paz - Ayuntamiento de Coria","og_description":"El Alcalde de Coria ha presentado, de manera oficial, el proyecto de remodelaci\u00f3n de la Plaza En rueda de prensa, el primer edil, Jos\u00e9 Manuel Garc\u00eda Ballestero, junto a la concejal de Turismo y Cultura, Almudena Domingo, y el concejal de Obras, Juan Jos\u00e9 Alc\u00f3n, han presentado el proyecto de remodelaci\u00f3n de la Plaza de [&hellip;]","og_url":"https:\/\/coria.org\/ayuntamiento\/index.php\/2013\/11\/07\/el-ayuntamiento-de-coria-invertira-125-000-euros-para-remodelar-la-plaza-de-la-paz\/","og_site_name":"Ayuntamiento de Coria","article_publisher":"https:\/\/www.facebook.com\/Ayuntamiento.de.Coria","article_published_time":"2013-11-07T00:00:00+00:00","article_modified_time":"2023-09-18T10:41:37+00:00","og_image":[{"width":2560,"height":1920,"url":"https:\/\/coria.org\/ayuntamiento\/wp-content\/uploads\/2013\/11\/DSC04441-scaled.jpg","type":"image\/jpeg"}],"author":"ayuntamiento","twitter_card":"summary_large_image","twitter_creator":"@Ayto_de_Coria","twitter_site":"@Ayto_de_Coria","twitter_misc":{"Escrito por":"ayuntamiento","Tiempo de lectura":"2 minutos"},"schema":{"@context":"https:\/\/schema.org","@graph":[{"@type":"Article","@id":"https:\/\/coria.org\/ayuntamiento\/index.php\/2013\/11\/07\/el-ayuntamiento-de-coria-invertira-125-000-euros-para-remodelar-la-plaza-de-la-paz\/#article","isPartOf":{"@id":"https:\/\/coria.org\/ayuntamiento\/index.php\/2013\/11\/07\/el-ayuntamiento-de-coria-invertira-125-000-euros-para-remodelar-la-plaza-de-la-paz\/"},"author":{"name":"ayuntamiento","@id":"https:\/\/coria.org\/ayuntamiento\/#\/schema\/person\/8bd589f0e13e8ae5aa06def7a599d622"},"headline":"El Ayuntamiento de Coria invertir\u00e1 125.000 euros para remodelar la Plaza de la Paz","datePublished":"2013-11-07T00:00:00+00:00","dateModified":"2023-09-18T10:41:37+00:00","mainEntityOfPage":{"@id":"https:\/\/coria.org\/ayuntamiento\/index.php\/2013\/11\/07\/el-ayuntamiento-de-coria-invertira-125-000-euros-para-remodelar-la-plaza-de-la-paz\/"},"wordCount":452,"publisher":{"@id":"https:\/\/coria.org\/ayuntamiento\/#organization"},"image":{"@id":"https:\/\/coria.org\/ayuntamiento\/index.php\/2013\/11\/07\/el-ayuntamiento-de-coria-invertira-125-000-euros-para-remodelar-la-plaza-de-la-paz\/#primaryimage"},"thumbnailUrl":"https:\/\/coria.org\/ayuntamiento\/wp-content\/uploads\/2013\/11\/DSC04441-scaled.jpg","keywords":["plaza de la paz"],"articleSection":["Noticias"],"inLanguage":"es"},{"@type":"WebPage","@id":"https:\/\/coria.org\/ayuntamiento\/index.php\/2013\/11\/07\/el-ayuntamiento-de-coria-invertira-125-000-euros-para-remodelar-la-plaza-de-la-paz\/","url":"https:\/\/coria.org\/ayuntamiento\/index.php\/2013\/11\/07\/el-ayuntamiento-de-coria-invertira-125-000-euros-para-remodelar-la-plaza-de-la-paz\/","name":"El Ayuntamiento de Coria invertir\u00e1 125.000 euros para remodelar la Plaza de la Paz - Ayuntamiento de Coria","isPartOf":{"@id":"https:\/\/coria.org\/ayuntamiento\/#website"},"primaryImageOfPage":{"@id":"https:\/\/coria.org\/ayuntamiento\/index.php\/2013\/11\/07\/el-ayuntamiento-de-coria-invertira-125-000-euros-para-remodelar-la-plaza-de-la-paz\/#primaryimage"},"image":{"@id":"https:\/\/coria.org\/ayuntamiento\/index.php\/2013\/11\/07\/el-ayuntamiento-de-coria-invertira-125-000-euros-para-remodelar-la-plaza-de-la-paz\/#primaryimage"},"thumbnailUrl":"https:\/\/coria.org\/ayuntamiento\/wp-content\/uploads\/2013\/11\/DSC04441-scaled.jpg","datePublished":"2013-11-07T00:00:00+00:00","dateModified":"2023-09-18T10:41:37+00:00","breadcrumb":{"@id":"https:\/\/coria.org\/ayuntamiento\/index.php\/2013\/11\/07\/el-ayuntamiento-de-coria-invertira-125-000-euros-para-remodelar-la-plaza-de-la-paz\/#breadcrumb"},"inLanguage":"es","potentialAction":[{"@type":"ReadAction","target":["https:\/\/coria.org\/ayuntamiento\/index.php\/2013\/11\/07\/el-ayuntamiento-de-coria-invertira-125-000-euros-para-remodelar-la-plaza-de-la-paz\/"]}]},{"@type":"ImageObject","inLanguage":"es","@id":"https:\/\/coria.org\/ayuntamiento\/index.php\/2013\/11\/07\/el-ayuntamiento-de-coria-invertira-125-000-euros-para-remodelar-la-plaza-de-la-paz\/#primaryimage","url":"https:\/\/coria.org\/ayuntamiento\/wp-content\/uploads\/2013\/11\/DSC04441-scaled.jpg","contentUrl":"https:\/\/coria.org\/ayuntamiento\/wp-content\/uploads\/2013\/11\/DSC04441-scaled.jpg","width":2560,"height":1920},{"@type":"BreadcrumbList","@id":"https:\/\/coria.org\/ayuntamiento\/index.php\/2013\/11\/07\/el-ayuntamiento-de-coria-invertira-125-000-euros-para-remodelar-la-plaza-de-la-paz\/#breadcrumb","itemListElement":[{"@type":"ListItem","position":1,"name":"Inicio","item":"https:\/\/coria.org\/ayuntamiento\/"},{"@type":"ListItem","position":2,"name":"El Ayuntamiento de Coria invertir\u00e1 125.000 euros para remodelar la Plaza de la Paz"}]},{"@type":"WebSite","@id":"https:\/\/coria.org\/ayuntamiento\/#website","url":"https:\/\/coria.org\/ayuntamiento\/","name":"Ayuntamiento de Coria","description":"Web oficial del Ayuntamiento de Coria","publisher":{"@id":"https:\/\/coria.org\/ayuntamiento\/#organization"},"alternateName":"Web Oficial del Ayuntamiento de Coria","potentialAction":[{"@type":"SearchAction","target":{"@type":"EntryPoint","urlTemplate":"https:\/\/coria.org\/ayuntamiento\/?s={search_term_string}"},"query-input":{"@type":"PropertyValueSpecification","valueRequired":true,"valueName":"search_term_string"}}],"inLanguage":"es"},{"@type":"Organization","@id":"https:\/\/coria.org\/ayuntamiento\/#organization","name":"Ayuntamiento de Coria","alternateName":"Ayto de Coria","url":"https:\/\/coria.org\/ayuntamiento\/","logo":{"@type":"ImageObject","inLanguage":"es","@id":"https:\/\/coria.org\/ayuntamiento\/#\/schema\/logo\/image\/","url":"https:\/\/coria.org\/ayuntamiento\/wp-content\/uploads\/2020\/12\/escudo-ayuntamiento-coria.png","contentUrl":"https:\/\/coria.org\/ayuntamiento\/wp-content\/uploads\/2020\/12\/escudo-ayuntamiento-coria.png","width":511,"height":240,"caption":"Ayuntamiento de Coria"},"image":{"@id":"https:\/\/coria.org\/ayuntamiento\/#\/schema\/logo\/image\/"},"sameAs":["https:\/\/www.facebook.com\/Ayuntamiento.de.Coria","https:\/\/x.com\/Ayto_de_Coria","https:\/\/www.instagram.com\/coria.ayuntamiento\/","https:\/\/www.youtube.com\/user\/AYUNTAMIENTOCORIA"]},{"@type":"Person","@id":"https:\/\/coria.org\/ayuntamiento\/#\/schema\/person\/8bd589f0e13e8ae5aa06def7a599d622","name":"ayuntamiento","image":{"@type":"ImageObject","inLanguage":"es","@id":"https:\/\/secure.gravatar.com\/avatar\/966e5ed73cad334adda5c87f49f2547f7082f7292c1b627cbb548744383b391c?s=96&d=mm&r=g","url":"https:\/\/secure.gravatar.com\/avatar\/966e5ed73cad334adda5c87f49f2547f7082f7292c1b627cbb548744383b391c?s=96&d=mm&r=g","contentUrl":"https:\/\/secure.gravatar.com\/avatar\/966e5ed73cad334adda5c87f49f2547f7082f7292c1b627cbb548744383b391c?s=96&d=mm&r=g","caption":"ayuntamiento"}}]}},"uagb_featured_image_src":{"full":["https:\/\/coria.org\/ayuntamiento\/wp-content\/uploads\/2013\/11\/DSC04441-scaled.jpg",2560,1920,false],"thumbnail":["https:\/\/coria.org\/ayuntamiento\/wp-content\/uploads\/2013\/11\/DSC04441-150x150.jpg",150,150,true],"medium":["https:\/\/coria.org\/ayuntamiento\/wp-content\/uploads\/2013\/11\/DSC04441-300x225.jpg",300,225,true],"medium_large":["https:\/\/coria.org\/ayuntamiento\/wp-content\/uploads\/2013\/11\/DSC04441-768x576.jpg",768,576,true],"large":["https:\/\/coria.org\/ayuntamiento\/wp-content\/uploads\/2013\/11\/DSC04441-1024x768.jpg",1024,768,true],"thumblist":["https:\/\/coria.org\/ayuntamiento\/wp-content\/uploads\/2013\/11\/DSC04441-scaled.jpg",300,225,false],"thumbrelated":["https:\/\/coria.org\/ayuntamiento\/wp-content\/uploads\/2013\/11\/DSC04441-scaled.jpg",500,375,false],"meccarouselthumb":["https:\/\/coria.org\/ayuntamiento\/wp-content\/uploads\/2013\/11\/DSC04441-scaled.jpg",432,324,false],"gridsquare":["https:\/\/coria.org\/ayuntamiento\/wp-content\/uploads\/2013\/11\/DSC04441-scaled.jpg",347,260,false],"tileview":["https:\/\/coria.org\/ayuntamiento\/wp-content\/uploads\/2013\/11\/DSC04441-scaled.jpg",300,225,false],"1536x1536":["https:\/\/coria.org\/ayuntamiento\/wp-content\/uploads\/2013\/11\/DSC04441-1536x1152.jpg",1536,1152,true],"2048x2048":["https:\/\/coria.org\/ayuntamiento\/wp-content\/uploads\/2013\/11\/DSC04441-2048x1536.jpg",2048,1536,true]},"uagb_author_info":{"display_name":"ayuntamiento","author_link":"https:\/\/coria.org\/ayuntamiento\/index.php\/author\/ayuntamiento\/"},"uagb_comment_info":0,"uagb_excerpt":"El Alcalde de Coria ha presentado, de manera oficial, el proyecto de remodelaci\u00f3n de la Plaza En rueda de prensa, el primer edil, Jos\u00e9 Manuel Garc\u00eda Ballestero, junto a la concejal de Turismo y Cultura, Almudena Domingo, y el concejal de Obras, Juan Jos\u00e9 Alc\u00f3n, han presentado el proyecto de remodelaci\u00f3n de la Plaza de&hellip;","_links":{"self":[{"href":"https:\/\/coria.org\/ayuntamiento\/index.php\/wp-json\/wp\/v2\/posts\/26116","targetHints":{"allow":["GET"]}}],"collection":[{"href":"https:\/\/coria.org\/ayuntamiento\/index.php\/wp-json\/wp\/v2\/posts"}],"about":[{"href":"https:\/\/coria.org\/ayuntamiento\/index.php\/wp-json\/wp\/v2\/types\/post"}],"author":[{"embeddable":true,"href":"https:\/\/coria.org\/ayuntamiento\/index.php\/wp-json\/wp\/v2\/users\/2"}],"replies":[{"embeddable":true,"href":"https:\/\/coria.org\/ayuntamiento\/index.php\/wp-json\/wp\/v2\/comments?post=26116"}],"version-history":[{"count":0,"href":"https:\/\/coria.org\/ayuntamiento\/index.php\/wp-json\/wp\/v2\/posts\/26116\/revisions"}],"wp:featuredmedia":[{"embeddable":true,"href":"https:\/\/coria.org\/ayuntamiento\/index.php\/wp-json\/wp\/v2\/media\/31519"}],"wp:attachment":[{"href":"https:\/\/coria.org\/ayuntamiento\/index.php\/wp-json\/wp\/v2\/media?parent=26116"}],"wp:term":[{"taxonomy":"category","embeddable":true,"href":"https:\/\/coria.org\/ayuntamiento\/index.php\/wp-json\/wp\/v2\/categories?post=26116"},{"taxonomy":"post_tag","embeddable":true,"href":"https:\/\/coria.org\/ayuntamiento\/index.php\/wp-json\/wp\/v2\/tags?post=26116"}],"curies":[{"name":"wp","href":"https:\/\/api.w.org\/{rel}","templated":true}]}}