{"id":26092,"date":"2013-11-29T00:00:00","date_gmt":"2013-11-29T00:00:00","guid":{"rendered":"https:\/\/ayuntamiento.coriaenimagenes.com\/la-obra-social-la-caixa-destina-4-000-euros-a-la-insercion-social-para-personas-en-situacion-de-exclusion-social-a-traves-del-ayuntamiento-de-coria\/"},"modified":"2023-09-18T12:41:34","modified_gmt":"2023-09-18T10:41:34","slug":"la-obra-social-la-caixa-destina-4-000-euros-a-la-insercion-social-para-personas-en-situacion-de-exclusion-social-a-traves-del-ayuntamiento-de-coria","status":"publish","type":"post","link":"https:\/\/coria.org\/ayuntamiento\/index.php\/2013\/11\/29\/la-obra-social-la-caixa-destina-4-000-euros-a-la-insercion-social-para-personas-en-situacion-de-exclusion-social-a-traves-del-ayuntamiento-de-coria\/","title":{"rendered":"La obra social La Caixadestina 4.000 euros a la inserci\u00f3n social para personas en situaci\u00f3n de exclusi\u00f3n social a trav\u00e9s del Ayuntamiento de Coria"},"content":{"rendered":"\n<p><b>El Alcalde de Coria, Jos\u00e9 Manuel Garc\u00eda Ballestero, junto a la Concejal de Asuntos Sociales, Amparo Ech\u00e1varri, y la Directora de la oficina de La Caixa de Coria, Nieves Moreno R\u00edos, han firmado un convenio de colaboraci\u00f3n para impulsar el desarrollo del programa de ayudas a la inserci\u00f3n social de personas en situaci\u00f3n de exclusi\u00f3n.<\/b><\/p>\n\n<figure class=\"wp-block-post-featured-image\"><img loading=\"lazy\" decoding=\"async\" width=\"960\" height=\"540\" src=\"https:\/\/coria.org\/ayuntamiento\/wp-content\/uploads\/2013\/11\/foto.jpg\" class=\"attachment-post-thumbnail size-post-thumbnail wp-post-image\" alt=\"\" style=\"object-fit:cover;\" srcset=\"https:\/\/coria.org\/ayuntamiento\/wp-content\/uploads\/2013\/11\/foto.jpg 960w, https:\/\/coria.org\/ayuntamiento\/wp-content\/uploads\/2013\/11\/foto-300x169.jpg 300w, https:\/\/coria.org\/ayuntamiento\/wp-content\/uploads\/2013\/11\/foto-768x432.jpg 768w\" sizes=\"auto, (max-width: 960px) 100vw, 960px\" \/><\/figure>\n\n<p><span style=\"font-family: verdana,arial,helvetica,sans-serif; font-size: small;\">El objetivo de este proyecto es facilitar alimentos b\u00e1sicos y productos de primera necesidad a 80 familias desfavorecidas de Coriay en cuya selecci\u00f3n est\u00e1n participando tanto asistentes sociales del Ayuntamiento, como entidades locales que trabajan de manera continua con estas familias, como es la entidad de Caritas.<\/span><\/p>\n\n\n<p><span style=\"font-family: verdana,arial,helvetica,sans-serif; font-size: small;\">El fin de este convenio es favorecer la inserci\u00f3n social a trav\u00e9s del apoyo econ\u00f3mico y acompa\u00f1amiento t\u00e9cnico de los usuarios y usuarias. Adem\u00e1s, las ayudas se materializar\u00e1n en prestaciones b\u00e1sicas; aprovisionamiento de alimentos o suministros b\u00e1sicos; y para ayudas en la adquisici\u00f3n de medicamentos por prescripci\u00f3n facultativa cuyo coste no est\u00e9 cubierto por el sistema sanitario.<\/span><\/p>\n\n\n<p><span style=\"font-family: verdana,arial,helvetica,sans-serif; font-size: small;\">El primer edil, Garc\u00eda Ballestero, ha agradecido a La Caixa esta aportaci\u00f3n, y ha dicho que, \u00abson momentos muy dif\u00edciles los que est\u00e1n pasando muchas familias de Coria, desde el Ayuntamiento y La Caixa somos sensibles a esto, y por ello, vamos a aportar estos recursos y aminorar la exclusi\u00f3n social de estas familias\u00bb.<\/span><\/p>\n\n\n<p><span style=\"font-family: verdana,arial,helvetica,sans-serif; font-size: small;\">Por su parte, la Directora de la Caixa, Nieves Moreno, ha manifestado que \u00abes un placer colaborar con el Ayuntamiento en este proyecto, desde La Caixa estamos continuamente sensibiliz\u00e1ndonos con las personas m\u00e1s desfavorecidas\u00bb.<\/span><\/p>\n\n\n<p><span style=\"font-family: verdana,arial,helvetica,sans-serif; font-size: small;\">Para finalizar, Amparo Ech\u00e1varri, ha manifestado sentirse muy agradecida con la Obra Social \u00abLa Caixa\u00bb, \u00abcon este proyecto espero que de alguna manera pueda suplir la carencia que hoy, much\u00edsimas familias de Coria, est\u00e1n inmersas\u00bb.<br \/>Los alimentos se repartir\u00e1n a las familias entre el inicio y mediados del mes de diciembre.<br \/><\/span><\/p>\n","protected":false},"excerpt":{"rendered":"<p>El Alcalde de Coria, Jos\u00e9 Manuel Garc\u00eda Ballestero, junto a la Concejal de Asuntos Sociales, Amparo Ech\u00e1varri, y la Directora de la oficina de La Caixa de Coria, Nieves Moreno R\u00edos, han firmado un convenio de colaboraci\u00f3n para impulsar el desarrollo del programa de ayudas a la inserci\u00f3n social de personas en situaci\u00f3n de exclusi\u00f3n. [&hellip;]<\/p>\n","protected":false},"author":2,"featured_media":31483,"comment_status":"closed","ping_status":"closed","sticky":false,"template":"","format":"standard","meta":{"_uag_custom_page_level_css":"","footnotes":""},"categories":[2],"tags":[3,4],"class_list":["post-26092","post","type-post","status-publish","format-standard","has-post-thumbnail","hentry","category-noticias","tag-coria","tag-extremadura"],"yoast_head":"<!-- This site is optimized with the Yoast SEO plugin v27.4 - https:\/\/yoast.com\/product\/yoast-seo-wordpress\/ -->\n<title>La obra social La Caixadestina 4.000 euros a la inserci\u00f3n social para personas en situaci\u00f3n de exclusi\u00f3n social a trav\u00e9s del Ayuntamiento de Coria - Ayuntamiento de Coria<\/title>\n<meta name=\"robots\" content=\"index, follow, max-snippet:-1, max-image-preview:large, max-video-preview:-1\" \/>\n<link rel=\"canonical\" href=\"https:\/\/coria.org\/ayuntamiento\/index.php\/2013\/11\/29\/la-obra-social-la-caixa-destina-4-000-euros-a-la-insercion-social-para-personas-en-situacion-de-exclusion-social-a-traves-del-ayuntamiento-de-coria\/\" \/>\n<meta property=\"og:locale\" content=\"es_ES\" \/>\n<meta property=\"og:type\" content=\"article\" \/>\n<meta property=\"og:title\" content=\"La obra social La Caixadestina 4.000 euros a la inserci\u00f3n social para personas en situaci\u00f3n de exclusi\u00f3n social a trav\u00e9s del Ayuntamiento de Coria - Ayuntamiento de Coria\" \/>\n<meta property=\"og:description\" content=\"El Alcalde de Coria, Jos\u00e9 Manuel Garc\u00eda Ballestero, junto a la Concejal de Asuntos Sociales, Amparo Ech\u00e1varri, y la Directora de la oficina de La Caixa de Coria, Nieves Moreno R\u00edos, han firmado un convenio de colaboraci\u00f3n para impulsar el desarrollo del programa de ayudas a la inserci\u00f3n social de personas en situaci\u00f3n de exclusi\u00f3n. [&hellip;]\" \/>\n<meta property=\"og:url\" content=\"https:\/\/coria.org\/ayuntamiento\/index.php\/2013\/11\/29\/la-obra-social-la-caixa-destina-4-000-euros-a-la-insercion-social-para-personas-en-situacion-de-exclusion-social-a-traves-del-ayuntamiento-de-coria\/\" \/>\n<meta property=\"og:site_name\" content=\"Ayuntamiento de Coria\" \/>\n<meta property=\"article:publisher\" content=\"https:\/\/www.facebook.com\/Ayuntamiento.de.Coria\" \/>\n<meta property=\"article:published_time\" content=\"2013-11-29T00:00:00+00:00\" \/>\n<meta property=\"article:modified_time\" content=\"2023-09-18T10:41:34+00:00\" \/>\n<meta property=\"og:image\" content=\"https:\/\/coria.org\/ayuntamiento\/wp-content\/uploads\/2013\/11\/foto.jpg\" \/>\n\t<meta property=\"og:image:width\" content=\"960\" \/>\n\t<meta property=\"og:image:height\" content=\"540\" \/>\n\t<meta property=\"og:image:type\" content=\"image\/jpeg\" \/>\n<meta name=\"author\" content=\"ayuntamiento\" \/>\n<meta name=\"twitter:card\" content=\"summary_large_image\" \/>\n<meta name=\"twitter:creator\" content=\"@Ayto_de_Coria\" \/>\n<meta name=\"twitter:site\" content=\"@Ayto_de_Coria\" \/>\n<meta name=\"twitter:label1\" content=\"Escrito por\" \/>\n\t<meta name=\"twitter:data1\" content=\"ayuntamiento\" \/>\n\t<meta name=\"twitter:label2\" content=\"Tiempo de lectura\" \/>\n\t<meta name=\"twitter:data2\" content=\"2 minutos\" \/>\n<script type=\"application\/ld+json\" class=\"yoast-schema-graph\">{\"@context\":\"https:\\\/\\\/schema.org\",\"@graph\":[{\"@type\":\"Article\",\"@id\":\"https:\\\/\\\/coria.org\\\/ayuntamiento\\\/index.php\\\/2013\\\/11\\\/29\\\/la-obra-social-la-caixa-destina-4-000-euros-a-la-insercion-social-para-personas-en-situacion-de-exclusion-social-a-traves-del-ayuntamiento-de-coria\\\/#article\",\"isPartOf\":{\"@id\":\"https:\\\/\\\/coria.org\\\/ayuntamiento\\\/index.php\\\/2013\\\/11\\\/29\\\/la-obra-social-la-caixa-destina-4-000-euros-a-la-insercion-social-para-personas-en-situacion-de-exclusion-social-a-traves-del-ayuntamiento-de-coria\\\/\"},\"author\":{\"name\":\"ayuntamiento\",\"@id\":\"https:\\\/\\\/coria.org\\\/ayuntamiento\\\/#\\\/schema\\\/person\\\/8bd589f0e13e8ae5aa06def7a599d622\"},\"headline\":\"La obra social La Caixadestina 4.000 euros a la inserci\u00f3n social para personas en situaci\u00f3n de exclusi\u00f3n social a trav\u00e9s del Ayuntamiento de Coria\",\"datePublished\":\"2013-11-29T00:00:00+00:00\",\"dateModified\":\"2023-09-18T10:41:34+00:00\",\"mainEntityOfPage\":{\"@id\":\"https:\\\/\\\/coria.org\\\/ayuntamiento\\\/index.php\\\/2013\\\/11\\\/29\\\/la-obra-social-la-caixa-destina-4-000-euros-a-la-insercion-social-para-personas-en-situacion-de-exclusion-social-a-traves-del-ayuntamiento-de-coria\\\/\"},\"wordCount\":356,\"publisher\":{\"@id\":\"https:\\\/\\\/coria.org\\\/ayuntamiento\\\/#organization\"},\"image\":{\"@id\":\"https:\\\/\\\/coria.org\\\/ayuntamiento\\\/index.php\\\/2013\\\/11\\\/29\\\/la-obra-social-la-caixa-destina-4-000-euros-a-la-insercion-social-para-personas-en-situacion-de-exclusion-social-a-traves-del-ayuntamiento-de-coria\\\/#primaryimage\"},\"thumbnailUrl\":\"https:\\\/\\\/coria.org\\\/ayuntamiento\\\/wp-content\\\/uploads\\\/2013\\\/11\\\/foto.jpg\",\"keywords\":[\"coria\",\"extremadura\"],\"articleSection\":[\"Noticias\"],\"inLanguage\":\"es\"},{\"@type\":\"WebPage\",\"@id\":\"https:\\\/\\\/coria.org\\\/ayuntamiento\\\/index.php\\\/2013\\\/11\\\/29\\\/la-obra-social-la-caixa-destina-4-000-euros-a-la-insercion-social-para-personas-en-situacion-de-exclusion-social-a-traves-del-ayuntamiento-de-coria\\\/\",\"url\":\"https:\\\/\\\/coria.org\\\/ayuntamiento\\\/index.php\\\/2013\\\/11\\\/29\\\/la-obra-social-la-caixa-destina-4-000-euros-a-la-insercion-social-para-personas-en-situacion-de-exclusion-social-a-traves-del-ayuntamiento-de-coria\\\/\",\"name\":\"La obra social La Caixadestina 4.000 euros a la inserci\u00f3n social para personas en situaci\u00f3n de exclusi\u00f3n social a trav\u00e9s del Ayuntamiento de Coria - Ayuntamiento de Coria\",\"isPartOf\":{\"@id\":\"https:\\\/\\\/coria.org\\\/ayuntamiento\\\/#website\"},\"primaryImageOfPage\":{\"@id\":\"https:\\\/\\\/coria.org\\\/ayuntamiento\\\/index.php\\\/2013\\\/11\\\/29\\\/la-obra-social-la-caixa-destina-4-000-euros-a-la-insercion-social-para-personas-en-situacion-de-exclusion-social-a-traves-del-ayuntamiento-de-coria\\\/#primaryimage\"},\"image\":{\"@id\":\"https:\\\/\\\/coria.org\\\/ayuntamiento\\\/index.php\\\/2013\\\/11\\\/29\\\/la-obra-social-la-caixa-destina-4-000-euros-a-la-insercion-social-para-personas-en-situacion-de-exclusion-social-a-traves-del-ayuntamiento-de-coria\\\/#primaryimage\"},\"thumbnailUrl\":\"https:\\\/\\\/coria.org\\\/ayuntamiento\\\/wp-content\\\/uploads\\\/2013\\\/11\\\/foto.jpg\",\"datePublished\":\"2013-11-29T00:00:00+00:00\",\"dateModified\":\"2023-09-18T10:41:34+00:00\",\"breadcrumb\":{\"@id\":\"https:\\\/\\\/coria.org\\\/ayuntamiento\\\/index.php\\\/2013\\\/11\\\/29\\\/la-obra-social-la-caixa-destina-4-000-euros-a-la-insercion-social-para-personas-en-situacion-de-exclusion-social-a-traves-del-ayuntamiento-de-coria\\\/#breadcrumb\"},\"inLanguage\":\"es\",\"potentialAction\":[{\"@type\":\"ReadAction\",\"target\":[\"https:\\\/\\\/coria.org\\\/ayuntamiento\\\/index.php\\\/2013\\\/11\\\/29\\\/la-obra-social-la-caixa-destina-4-000-euros-a-la-insercion-social-para-personas-en-situacion-de-exclusion-social-a-traves-del-ayuntamiento-de-coria\\\/\"]}]},{\"@type\":\"ImageObject\",\"inLanguage\":\"es\",\"@id\":\"https:\\\/\\\/coria.org\\\/ayuntamiento\\\/index.php\\\/2013\\\/11\\\/29\\\/la-obra-social-la-caixa-destina-4-000-euros-a-la-insercion-social-para-personas-en-situacion-de-exclusion-social-a-traves-del-ayuntamiento-de-coria\\\/#primaryimage\",\"url\":\"https:\\\/\\\/coria.org\\\/ayuntamiento\\\/wp-content\\\/uploads\\\/2013\\\/11\\\/foto.jpg\",\"contentUrl\":\"https:\\\/\\\/coria.org\\\/ayuntamiento\\\/wp-content\\\/uploads\\\/2013\\\/11\\\/foto.jpg\",\"width\":960,\"height\":540},{\"@type\":\"BreadcrumbList\",\"@id\":\"https:\\\/\\\/coria.org\\\/ayuntamiento\\\/index.php\\\/2013\\\/11\\\/29\\\/la-obra-social-la-caixa-destina-4-000-euros-a-la-insercion-social-para-personas-en-situacion-de-exclusion-social-a-traves-del-ayuntamiento-de-coria\\\/#breadcrumb\",\"itemListElement\":[{\"@type\":\"ListItem\",\"position\":1,\"name\":\"Inicio\",\"item\":\"https:\\\/\\\/coria.org\\\/ayuntamiento\\\/\"},{\"@type\":\"ListItem\",\"position\":2,\"name\":\"La obra social La Caixadestina 4.000 euros a la inserci\u00f3n social para personas en situaci\u00f3n de exclusi\u00f3n social a trav\u00e9s del Ayuntamiento de Coria\"}]},{\"@type\":\"WebSite\",\"@id\":\"https:\\\/\\\/coria.org\\\/ayuntamiento\\\/#website\",\"url\":\"https:\\\/\\\/coria.org\\\/ayuntamiento\\\/\",\"name\":\"Ayuntamiento de Coria\",\"description\":\"Web oficial del Ayuntamiento de Coria\",\"publisher\":{\"@id\":\"https:\\\/\\\/coria.org\\\/ayuntamiento\\\/#organization\"},\"alternateName\":\"Web Oficial del Ayuntamiento de Coria\",\"potentialAction\":[{\"@type\":\"SearchAction\",\"target\":{\"@type\":\"EntryPoint\",\"urlTemplate\":\"https:\\\/\\\/coria.org\\\/ayuntamiento\\\/?s={search_term_string}\"},\"query-input\":{\"@type\":\"PropertyValueSpecification\",\"valueRequired\":true,\"valueName\":\"search_term_string\"}}],\"inLanguage\":\"es\"},{\"@type\":\"Organization\",\"@id\":\"https:\\\/\\\/coria.org\\\/ayuntamiento\\\/#organization\",\"name\":\"Ayuntamiento de Coria\",\"alternateName\":\"Ayto de Coria\",\"url\":\"https:\\\/\\\/coria.org\\\/ayuntamiento\\\/\",\"logo\":{\"@type\":\"ImageObject\",\"inLanguage\":\"es\",\"@id\":\"https:\\\/\\\/coria.org\\\/ayuntamiento\\\/#\\\/schema\\\/logo\\\/image\\\/\",\"url\":\"https:\\\/\\\/coria.org\\\/ayuntamiento\\\/wp-content\\\/uploads\\\/2020\\\/12\\\/escudo-ayuntamiento-coria.png\",\"contentUrl\":\"https:\\\/\\\/coria.org\\\/ayuntamiento\\\/wp-content\\\/uploads\\\/2020\\\/12\\\/escudo-ayuntamiento-coria.png\",\"width\":511,\"height\":240,\"caption\":\"Ayuntamiento de Coria\"},\"image\":{\"@id\":\"https:\\\/\\\/coria.org\\\/ayuntamiento\\\/#\\\/schema\\\/logo\\\/image\\\/\"},\"sameAs\":[\"https:\\\/\\\/www.facebook.com\\\/Ayuntamiento.de.Coria\",\"https:\\\/\\\/x.com\\\/Ayto_de_Coria\",\"https:\\\/\\\/www.instagram.com\\\/coria.ayuntamiento\\\/\",\"https:\\\/\\\/www.youtube.com\\\/user\\\/AYUNTAMIENTOCORIA\"]},{\"@type\":\"Person\",\"@id\":\"https:\\\/\\\/coria.org\\\/ayuntamiento\\\/#\\\/schema\\\/person\\\/8bd589f0e13e8ae5aa06def7a599d622\",\"name\":\"ayuntamiento\",\"image\":{\"@type\":\"ImageObject\",\"inLanguage\":\"es\",\"@id\":\"https:\\\/\\\/secure.gravatar.com\\\/avatar\\\/966e5ed73cad334adda5c87f49f2547f7082f7292c1b627cbb548744383b391c?s=96&d=mm&r=g\",\"url\":\"https:\\\/\\\/secure.gravatar.com\\\/avatar\\\/966e5ed73cad334adda5c87f49f2547f7082f7292c1b627cbb548744383b391c?s=96&d=mm&r=g\",\"contentUrl\":\"https:\\\/\\\/secure.gravatar.com\\\/avatar\\\/966e5ed73cad334adda5c87f49f2547f7082f7292c1b627cbb548744383b391c?s=96&d=mm&r=g\",\"caption\":\"ayuntamiento\"}}]}<\/script>\n<!-- \/ Yoast SEO plugin. -->","yoast_head_json":{"title":"La obra social La Caixadestina 4.000 euros a la inserci\u00f3n social para personas en situaci\u00f3n de exclusi\u00f3n social a trav\u00e9s del Ayuntamiento de Coria - Ayuntamiento de Coria","robots":{"index":"index","follow":"follow","max-snippet":"max-snippet:-1","max-image-preview":"max-image-preview:large","max-video-preview":"max-video-preview:-1"},"canonical":"https:\/\/coria.org\/ayuntamiento\/index.php\/2013\/11\/29\/la-obra-social-la-caixa-destina-4-000-euros-a-la-insercion-social-para-personas-en-situacion-de-exclusion-social-a-traves-del-ayuntamiento-de-coria\/","og_locale":"es_ES","og_type":"article","og_title":"La obra social La Caixadestina 4.000 euros a la inserci\u00f3n social para personas en situaci\u00f3n de exclusi\u00f3n social a trav\u00e9s del Ayuntamiento de Coria - Ayuntamiento de Coria","og_description":"El Alcalde de Coria, Jos\u00e9 Manuel Garc\u00eda Ballestero, junto a la Concejal de Asuntos Sociales, Amparo Ech\u00e1varri, y la Directora de la oficina de La Caixa de Coria, Nieves Moreno R\u00edos, han firmado un convenio de colaboraci\u00f3n para impulsar el desarrollo del programa de ayudas a la inserci\u00f3n social de personas en situaci\u00f3n de exclusi\u00f3n. [&hellip;]","og_url":"https:\/\/coria.org\/ayuntamiento\/index.php\/2013\/11\/29\/la-obra-social-la-caixa-destina-4-000-euros-a-la-insercion-social-para-personas-en-situacion-de-exclusion-social-a-traves-del-ayuntamiento-de-coria\/","og_site_name":"Ayuntamiento de Coria","article_publisher":"https:\/\/www.facebook.com\/Ayuntamiento.de.Coria","article_published_time":"2013-11-29T00:00:00+00:00","article_modified_time":"2023-09-18T10:41:34+00:00","og_image":[{"width":960,"height":540,"url":"https:\/\/coria.org\/ayuntamiento\/wp-content\/uploads\/2013\/11\/foto.jpg","type":"image\/jpeg"}],"author":"ayuntamiento","twitter_card":"summary_large_image","twitter_creator":"@Ayto_de_Coria","twitter_site":"@Ayto_de_Coria","twitter_misc":{"Escrito por":"ayuntamiento","Tiempo de lectura":"2 minutos"},"schema":{"@context":"https:\/\/schema.org","@graph":[{"@type":"Article","@id":"https:\/\/coria.org\/ayuntamiento\/index.php\/2013\/11\/29\/la-obra-social-la-caixa-destina-4-000-euros-a-la-insercion-social-para-personas-en-situacion-de-exclusion-social-a-traves-del-ayuntamiento-de-coria\/#article","isPartOf":{"@id":"https:\/\/coria.org\/ayuntamiento\/index.php\/2013\/11\/29\/la-obra-social-la-caixa-destina-4-000-euros-a-la-insercion-social-para-personas-en-situacion-de-exclusion-social-a-traves-del-ayuntamiento-de-coria\/"},"author":{"name":"ayuntamiento","@id":"https:\/\/coria.org\/ayuntamiento\/#\/schema\/person\/8bd589f0e13e8ae5aa06def7a599d622"},"headline":"La obra social La Caixadestina 4.000 euros a la inserci\u00f3n social para personas en situaci\u00f3n de exclusi\u00f3n social a trav\u00e9s del Ayuntamiento de Coria","datePublished":"2013-11-29T00:00:00+00:00","dateModified":"2023-09-18T10:41:34+00:00","mainEntityOfPage":{"@id":"https:\/\/coria.org\/ayuntamiento\/index.php\/2013\/11\/29\/la-obra-social-la-caixa-destina-4-000-euros-a-la-insercion-social-para-personas-en-situacion-de-exclusion-social-a-traves-del-ayuntamiento-de-coria\/"},"wordCount":356,"publisher":{"@id":"https:\/\/coria.org\/ayuntamiento\/#organization"},"image":{"@id":"https:\/\/coria.org\/ayuntamiento\/index.php\/2013\/11\/29\/la-obra-social-la-caixa-destina-4-000-euros-a-la-insercion-social-para-personas-en-situacion-de-exclusion-social-a-traves-del-ayuntamiento-de-coria\/#primaryimage"},"thumbnailUrl":"https:\/\/coria.org\/ayuntamiento\/wp-content\/uploads\/2013\/11\/foto.jpg","keywords":["coria","extremadura"],"articleSection":["Noticias"],"inLanguage":"es"},{"@type":"WebPage","@id":"https:\/\/coria.org\/ayuntamiento\/index.php\/2013\/11\/29\/la-obra-social-la-caixa-destina-4-000-euros-a-la-insercion-social-para-personas-en-situacion-de-exclusion-social-a-traves-del-ayuntamiento-de-coria\/","url":"https:\/\/coria.org\/ayuntamiento\/index.php\/2013\/11\/29\/la-obra-social-la-caixa-destina-4-000-euros-a-la-insercion-social-para-personas-en-situacion-de-exclusion-social-a-traves-del-ayuntamiento-de-coria\/","name":"La obra social La Caixadestina 4.000 euros a la inserci\u00f3n social para personas en situaci\u00f3n de exclusi\u00f3n social a trav\u00e9s del Ayuntamiento de Coria - Ayuntamiento de Coria","isPartOf":{"@id":"https:\/\/coria.org\/ayuntamiento\/#website"},"primaryImageOfPage":{"@id":"https:\/\/coria.org\/ayuntamiento\/index.php\/2013\/11\/29\/la-obra-social-la-caixa-destina-4-000-euros-a-la-insercion-social-para-personas-en-situacion-de-exclusion-social-a-traves-del-ayuntamiento-de-coria\/#primaryimage"},"image":{"@id":"https:\/\/coria.org\/ayuntamiento\/index.php\/2013\/11\/29\/la-obra-social-la-caixa-destina-4-000-euros-a-la-insercion-social-para-personas-en-situacion-de-exclusion-social-a-traves-del-ayuntamiento-de-coria\/#primaryimage"},"thumbnailUrl":"https:\/\/coria.org\/ayuntamiento\/wp-content\/uploads\/2013\/11\/foto.jpg","datePublished":"2013-11-29T00:00:00+00:00","dateModified":"2023-09-18T10:41:34+00:00","breadcrumb":{"@id":"https:\/\/coria.org\/ayuntamiento\/index.php\/2013\/11\/29\/la-obra-social-la-caixa-destina-4-000-euros-a-la-insercion-social-para-personas-en-situacion-de-exclusion-social-a-traves-del-ayuntamiento-de-coria\/#breadcrumb"},"inLanguage":"es","potentialAction":[{"@type":"ReadAction","target":["https:\/\/coria.org\/ayuntamiento\/index.php\/2013\/11\/29\/la-obra-social-la-caixa-destina-4-000-euros-a-la-insercion-social-para-personas-en-situacion-de-exclusion-social-a-traves-del-ayuntamiento-de-coria\/"]}]},{"@type":"ImageObject","inLanguage":"es","@id":"https:\/\/coria.org\/ayuntamiento\/index.php\/2013\/11\/29\/la-obra-social-la-caixa-destina-4-000-euros-a-la-insercion-social-para-personas-en-situacion-de-exclusion-social-a-traves-del-ayuntamiento-de-coria\/#primaryimage","url":"https:\/\/coria.org\/ayuntamiento\/wp-content\/uploads\/2013\/11\/foto.jpg","contentUrl":"https:\/\/coria.org\/ayuntamiento\/wp-content\/uploads\/2013\/11\/foto.jpg","width":960,"height":540},{"@type":"BreadcrumbList","@id":"https:\/\/coria.org\/ayuntamiento\/index.php\/2013\/11\/29\/la-obra-social-la-caixa-destina-4-000-euros-a-la-insercion-social-para-personas-en-situacion-de-exclusion-social-a-traves-del-ayuntamiento-de-coria\/#breadcrumb","itemListElement":[{"@type":"ListItem","position":1,"name":"Inicio","item":"https:\/\/coria.org\/ayuntamiento\/"},{"@type":"ListItem","position":2,"name":"La obra social La Caixadestina 4.000 euros a la inserci\u00f3n social para personas en situaci\u00f3n de exclusi\u00f3n social a trav\u00e9s del Ayuntamiento de Coria"}]},{"@type":"WebSite","@id":"https:\/\/coria.org\/ayuntamiento\/#website","url":"https:\/\/coria.org\/ayuntamiento\/","name":"Ayuntamiento de Coria","description":"Web oficial del Ayuntamiento de Coria","publisher":{"@id":"https:\/\/coria.org\/ayuntamiento\/#organization"},"alternateName":"Web Oficial del Ayuntamiento de Coria","potentialAction":[{"@type":"SearchAction","target":{"@type":"EntryPoint","urlTemplate":"https:\/\/coria.org\/ayuntamiento\/?s={search_term_string}"},"query-input":{"@type":"PropertyValueSpecification","valueRequired":true,"valueName":"search_term_string"}}],"inLanguage":"es"},{"@type":"Organization","@id":"https:\/\/coria.org\/ayuntamiento\/#organization","name":"Ayuntamiento de Coria","alternateName":"Ayto de Coria","url":"https:\/\/coria.org\/ayuntamiento\/","logo":{"@type":"ImageObject","inLanguage":"es","@id":"https:\/\/coria.org\/ayuntamiento\/#\/schema\/logo\/image\/","url":"https:\/\/coria.org\/ayuntamiento\/wp-content\/uploads\/2020\/12\/escudo-ayuntamiento-coria.png","contentUrl":"https:\/\/coria.org\/ayuntamiento\/wp-content\/uploads\/2020\/12\/escudo-ayuntamiento-coria.png","width":511,"height":240,"caption":"Ayuntamiento de Coria"},"image":{"@id":"https:\/\/coria.org\/ayuntamiento\/#\/schema\/logo\/image\/"},"sameAs":["https:\/\/www.facebook.com\/Ayuntamiento.de.Coria","https:\/\/x.com\/Ayto_de_Coria","https:\/\/www.instagram.com\/coria.ayuntamiento\/","https:\/\/www.youtube.com\/user\/AYUNTAMIENTOCORIA"]},{"@type":"Person","@id":"https:\/\/coria.org\/ayuntamiento\/#\/schema\/person\/8bd589f0e13e8ae5aa06def7a599d622","name":"ayuntamiento","image":{"@type":"ImageObject","inLanguage":"es","@id":"https:\/\/secure.gravatar.com\/avatar\/966e5ed73cad334adda5c87f49f2547f7082f7292c1b627cbb548744383b391c?s=96&d=mm&r=g","url":"https:\/\/secure.gravatar.com\/avatar\/966e5ed73cad334adda5c87f49f2547f7082f7292c1b627cbb548744383b391c?s=96&d=mm&r=g","contentUrl":"https:\/\/secure.gravatar.com\/avatar\/966e5ed73cad334adda5c87f49f2547f7082f7292c1b627cbb548744383b391c?s=96&d=mm&r=g","caption":"ayuntamiento"}}]}},"uagb_featured_image_src":{"full":["https:\/\/coria.org\/ayuntamiento\/wp-content\/uploads\/2013\/11\/foto.jpg",960,540,false],"thumbnail":["https:\/\/coria.org\/ayuntamiento\/wp-content\/uploads\/2013\/11\/foto-150x150.jpg",150,150,true],"medium":["https:\/\/coria.org\/ayuntamiento\/wp-content\/uploads\/2013\/11\/foto-300x169.jpg",300,169,true],"medium_large":["https:\/\/coria.org\/ayuntamiento\/wp-content\/uploads\/2013\/11\/foto-768x432.jpg",768,432,true],"large":["https:\/\/coria.org\/ayuntamiento\/wp-content\/uploads\/2013\/11\/foto.jpg",960,540,false],"thumblist":["https:\/\/coria.org\/ayuntamiento\/wp-content\/uploads\/2013\/11\/foto.jpg",300,169,false],"thumbrelated":["https:\/\/coria.org\/ayuntamiento\/wp-content\/uploads\/2013\/11\/foto.jpg",500,281,false],"meccarouselthumb":["https:\/\/coria.org\/ayuntamiento\/wp-content\/uploads\/2013\/11\/foto.jpg",474,267,false],"gridsquare":["https:\/\/coria.org\/ayuntamiento\/wp-content\/uploads\/2013\/11\/foto.jpg",391,220,false],"tileview":["https:\/\/coria.org\/ayuntamiento\/wp-content\/uploads\/2013\/11\/foto.jpg",300,169,false],"1536x1536":["https:\/\/coria.org\/ayuntamiento\/wp-content\/uploads\/2013\/11\/foto.jpg",960,540,false],"2048x2048":["https:\/\/coria.org\/ayuntamiento\/wp-content\/uploads\/2013\/11\/foto.jpg",960,540,false]},"uagb_author_info":{"display_name":"ayuntamiento","author_link":"https:\/\/coria.org\/ayuntamiento\/index.php\/author\/ayuntamiento\/"},"uagb_comment_info":0,"uagb_excerpt":"El Alcalde de Coria, Jos\u00e9 Manuel Garc\u00eda Ballestero, junto a la Concejal de Asuntos Sociales, Amparo Ech\u00e1varri, y la Directora de la oficina de La Caixa de Coria, Nieves Moreno R\u00edos, han firmado un convenio de colaboraci\u00f3n para impulsar el desarrollo del programa de ayudas a la inserci\u00f3n social de personas en situaci\u00f3n de exclusi\u00f3n.&hellip;","_links":{"self":[{"href":"https:\/\/coria.org\/ayuntamiento\/index.php\/wp-json\/wp\/v2\/posts\/26092","targetHints":{"allow":["GET"]}}],"collection":[{"href":"https:\/\/coria.org\/ayuntamiento\/index.php\/wp-json\/wp\/v2\/posts"}],"about":[{"href":"https:\/\/coria.org\/ayuntamiento\/index.php\/wp-json\/wp\/v2\/types\/post"}],"author":[{"embeddable":true,"href":"https:\/\/coria.org\/ayuntamiento\/index.php\/wp-json\/wp\/v2\/users\/2"}],"replies":[{"embeddable":true,"href":"https:\/\/coria.org\/ayuntamiento\/index.php\/wp-json\/wp\/v2\/comments?post=26092"}],"version-history":[{"count":0,"href":"https:\/\/coria.org\/ayuntamiento\/index.php\/wp-json\/wp\/v2\/posts\/26092\/revisions"}],"wp:featuredmedia":[{"embeddable":true,"href":"https:\/\/coria.org\/ayuntamiento\/index.php\/wp-json\/wp\/v2\/media\/31483"}],"wp:attachment":[{"href":"https:\/\/coria.org\/ayuntamiento\/index.php\/wp-json\/wp\/v2\/media?parent=26092"}],"wp:term":[{"taxonomy":"category","embeddable":true,"href":"https:\/\/coria.org\/ayuntamiento\/index.php\/wp-json\/wp\/v2\/categories?post=26092"},{"taxonomy":"post_tag","embeddable":true,"href":"https:\/\/coria.org\/ayuntamiento\/index.php\/wp-json\/wp\/v2\/tags?post=26092"}],"curies":[{"name":"wp","href":"https:\/\/api.w.org\/{rel}","templated":true}]}}