{"id":26091,"date":"2013-11-29T00:00:00","date_gmt":"2013-11-29T00:00:00","guid":{"rendered":"https:\/\/ayuntamiento.coriaenimagenes.com\/el-circuito-turistico-por-tierras-rayanas-se-promociona-en-la-xvii-edicion-de-intur-de-valladolid\/"},"modified":"2023-09-18T12:41:34","modified_gmt":"2023-09-18T10:41:34","slug":"el-circuito-turistico-por-tierras-rayanas-se-promociona-en-la-xvii-edicion-de-intur-de-valladolid","status":"publish","type":"post","link":"https:\/\/coria.org\/ayuntamiento\/index.php\/2013\/11\/29\/el-circuito-turistico-por-tierras-rayanas-se-promociona-en-la-xvii-edicion-de-intur-de-valladolid\/","title":{"rendered":"El Circuito Tur\u00edstico Por Tierras Rayanas se promociona en la XVII edici\u00f3n de INTUR de Valladolid"},"content":{"rendered":"\n<p><b>Del 21 al 24 de noviembre de 2013 se ha celebrado en Valladolid la decimos\u00e9ptima edici\u00f3n de INTUR, la feria de turismo de interior m\u00e1s importante de cuantas se celebran en Espa\u00f1a y en la que han estado presentes diez comunidades aut\u00f3nomas, incluida Extremadura, ciudades, comarcas, provincias, regiones internacionales, empresas privadas y colectivos profesionales de turismo, superando este a\u00f1o los 45.000 visitantes entre profesionales y p\u00fablico en general o consumidores finales.<\/b><\/p>\n\n<figure class=\"wp-block-post-featured-image\"><img loading=\"lazy\" decoding=\"async\" width=\"2560\" height=\"1920\" src=\"https:\/\/coria.org\/ayuntamiento\/wp-content\/uploads\/2013\/11\/11116523896_8beeb08315_o-scaled.jpg\" class=\"attachment-post-thumbnail size-post-thumbnail wp-post-image\" alt=\"\" style=\"object-fit:cover;\" srcset=\"https:\/\/coria.org\/ayuntamiento\/wp-content\/uploads\/2013\/11\/11116523896_8beeb08315_o-scaled.jpg 2560w, https:\/\/coria.org\/ayuntamiento\/wp-content\/uploads\/2013\/11\/11116523896_8beeb08315_o-300x225.jpg 300w, https:\/\/coria.org\/ayuntamiento\/wp-content\/uploads\/2013\/11\/11116523896_8beeb08315_o-1024x768.jpg 1024w, https:\/\/coria.org\/ayuntamiento\/wp-content\/uploads\/2013\/11\/11116523896_8beeb08315_o-768x576.jpg 768w, https:\/\/coria.org\/ayuntamiento\/wp-content\/uploads\/2013\/11\/11116523896_8beeb08315_o-1536x1152.jpg 1536w, https:\/\/coria.org\/ayuntamiento\/wp-content\/uploads\/2013\/11\/11116523896_8beeb08315_o-2048x1536.jpg 2048w\" sizes=\"auto, (max-width: 2560px) 100vw, 2560px\" \/><\/figure>\n\n<p><span style=\"font-family: verdana,arial,helvetica,sans-serif; font-size: small;\">Una edici\u00f3n que ha contando con la presencia del Ministro de Industria, Energ\u00eda y Turismo, Jos\u00e9 Manuel Soria, en la clausura del I Congreso Internacional de Turismo de Interior del que se extrae que Espa\u00f1a no es s\u00f3lo turismo de sol y playa, si no que el turismo de interior es un reclamo para millones de visitantes con un futuro prometedor por delante.<\/span><\/p>\n\n\n<p><span style=\"font-family: verdana,arial,helvetica,sans-serif; font-size: small;\">En este sentido, contando con la colaboraci\u00f3n de la Direcci\u00f3n General de Turismo del Gobierno de Extremadura, a trav\u00e9s de la Sociedad de Gesti\u00f3n P\u00fablica (GPEX), el partenariado tur\u00edstico del Proyecto Circuito Tur\u00edstico Por Tierras Rayanas, liderado por el Ayuntamiento de Coria como beneficiario principal del mismo, ha promocionado este nuevo e interesante itinerario tur\u00edstico por medio de la tirada gratuita de la Revista Turismo Rural que, durante este mes de noviembre, dedica su monogr\u00e1fico de 120 p\u00e1ginas a estos 12 municipios rayanos bajo el t\u00edtulo: \u00abPor Tierras Rayanas, Legendarios Pueblos de Frontera\u00bb.<\/span><\/p>\n\n\n<p><span style=\"font-family: verdana,arial,helvetica,sans-serif; font-size: small;\">Una obra, con una tirada de 25.000 ejemplares, que ha sido divulgada en el Stand o Expositor de Extremadura Turismo (Pabell\u00f3n 2, Stand P220), la cual puede tambi\u00e9n adquirirse en cualquier kiosko o establecimiento de venta de prensa de todo el pa\u00eds, en una \u00fanica distribuci\u00f3n (mes de noviembre), con la que se pretende dar a conocer a sus lectores cada uno de los atractivos tur\u00edsticos que albergan estos longevos doce cascos hist\u00f3ricos cargados de historia, arte, cultura, naturaleza, gastronom\u00eda, etnograf\u00eda, eventos deportivos y culturales, caso de la propia Ciudad de Coria, al objeto de atraer su atenci\u00f3n y seducir el \u00e1nimo y el inter\u00e9s por realizar su visita.<\/span><\/p>\n\n\n<p><span style=\"font-family: verdana,arial,helvetica,sans-serif; font-size: small;\">Un monogr\u00e1fico que est\u00e1 ilustrado con impactantes im\u00e1genes fotogr\u00e1ficas, seleccionadas como presentaci\u00f3n de los lugares de inter\u00e9s que representan la esencia del destino: patrimonio, naturaleza, etnograf\u00eda, gastronom\u00eda, turismo&#8230;, en el que existe un apartado o calendario con la rese\u00f1a de las ferias, fiestas y acontecimientos culturales m\u00e1s importantes, como las Fiestas de San Juan, el Festival Internacional de Guitarra o el Descenso del R\u00edo Alag\u00f3n. Del mismo modo, en el apartado de librer\u00eda, se hace una rese\u00f1a de una gu\u00eda de viajes, de alojamientos, de restaurantes y de otros recursos relacionados con el destino promocionado en cuesti\u00f3n.<\/span><\/p>\n\n\n<p><span style=\"font-family: verdana,arial,helvetica,sans-serif; font-size: small;\">Finalmente, con esta publicaci\u00f3n, coordinada por el Departamento de Turismo del Ayuntamiento de Coria en colaboraci\u00f3n y sufrago por la C\u00e2mara Municipal de Campo Maior por medio del Programa Operativo de Cooperaci\u00f3n Transfronteriza Espa\u00f1a-Portugal (POCTEP) a trav\u00e9s de los fondos FEDER dentro del Proyecto Circuito Tur\u00edstico Por Tierras Rayanas, les proponemos descubrir la historia de los pueblos que conforman el territorio rayano. Doce lugares que comparten una historia com\u00fan que ha ido dejando sus huellas en muchos de sus rincones a la espera, en silencio, de que el ansioso viajero los visite para escuchar lo que cuentan sus piedras.<\/span><\/p>\n","protected":false},"excerpt":{"rendered":"<p>Del 21 al 24 de noviembre de 2013 se ha celebrado en Valladolid la decimos\u00e9ptima edici\u00f3n de INTUR, la feria de turismo de interior m\u00e1s importante de cuantas se celebran en Espa\u00f1a y en la que han estado presentes diez comunidades aut\u00f3nomas, incluida Extremadura, ciudades, comarcas, provincias, regiones internacionales, empresas privadas y colectivos profesionales de [&hellip;]<\/p>\n","protected":false},"author":2,"featured_media":31480,"comment_status":"closed","ping_status":"closed","sticky":false,"template":"","format":"standard","meta":{"_uag_custom_page_level_css":"","footnotes":""},"categories":[2],"tags":[3,4],"class_list":["post-26091","post","type-post","status-publish","format-standard","has-post-thumbnail","hentry","category-noticias","tag-coria","tag-extremadura"],"yoast_head":"<!-- This site is optimized with the Yoast SEO plugin v27.4 - https:\/\/yoast.com\/product\/yoast-seo-wordpress\/ -->\n<title>El Circuito Tur\u00edstico Por Tierras Rayanas se promociona en la XVII edici\u00f3n de INTUR de Valladolid - Ayuntamiento de Coria<\/title>\n<meta name=\"robots\" content=\"index, follow, max-snippet:-1, max-image-preview:large, max-video-preview:-1\" \/>\n<link rel=\"canonical\" href=\"https:\/\/coria.org\/ayuntamiento\/index.php\/2013\/11\/29\/el-circuito-turistico-por-tierras-rayanas-se-promociona-en-la-xvii-edicion-de-intur-de-valladolid\/\" \/>\n<meta property=\"og:locale\" content=\"es_ES\" \/>\n<meta property=\"og:type\" content=\"article\" \/>\n<meta property=\"og:title\" content=\"El Circuito Tur\u00edstico Por Tierras Rayanas se promociona en la XVII edici\u00f3n de INTUR de Valladolid - Ayuntamiento de Coria\" \/>\n<meta property=\"og:description\" content=\"Del 21 al 24 de noviembre de 2013 se ha celebrado en Valladolid la decimos\u00e9ptima edici\u00f3n de INTUR, la feria de turismo de interior m\u00e1s importante de cuantas se celebran en Espa\u00f1a y en la que han estado presentes diez comunidades aut\u00f3nomas, incluida Extremadura, ciudades, comarcas, provincias, regiones internacionales, empresas privadas y colectivos profesionales de [&hellip;]\" \/>\n<meta property=\"og:url\" content=\"https:\/\/coria.org\/ayuntamiento\/index.php\/2013\/11\/29\/el-circuito-turistico-por-tierras-rayanas-se-promociona-en-la-xvii-edicion-de-intur-de-valladolid\/\" \/>\n<meta property=\"og:site_name\" content=\"Ayuntamiento de Coria\" \/>\n<meta property=\"article:publisher\" content=\"https:\/\/www.facebook.com\/Ayuntamiento.de.Coria\" \/>\n<meta property=\"article:published_time\" content=\"2013-11-29T00:00:00+00:00\" \/>\n<meta property=\"article:modified_time\" content=\"2023-09-18T10:41:34+00:00\" \/>\n<meta property=\"og:image\" content=\"https:\/\/coria.org\/ayuntamiento\/wp-content\/uploads\/2013\/11\/11116523896_8beeb08315_o-scaled.jpg\" \/>\n\t<meta property=\"og:image:width\" content=\"2560\" \/>\n\t<meta property=\"og:image:height\" content=\"1920\" \/>\n\t<meta property=\"og:image:type\" content=\"image\/jpeg\" \/>\n<meta name=\"author\" content=\"ayuntamiento\" \/>\n<meta name=\"twitter:card\" content=\"summary_large_image\" \/>\n<meta name=\"twitter:creator\" content=\"@Ayto_de_Coria\" \/>\n<meta name=\"twitter:site\" content=\"@Ayto_de_Coria\" \/>\n<meta name=\"twitter:label1\" content=\"Escrito por\" \/>\n\t<meta name=\"twitter:data1\" content=\"ayuntamiento\" \/>\n\t<meta name=\"twitter:label2\" content=\"Tiempo de lectura\" \/>\n\t<meta name=\"twitter:data2\" content=\"3 minutos\" \/>\n<script type=\"application\/ld+json\" class=\"yoast-schema-graph\">{\"@context\":\"https:\\\/\\\/schema.org\",\"@graph\":[{\"@type\":\"Article\",\"@id\":\"https:\\\/\\\/coria.org\\\/ayuntamiento\\\/index.php\\\/2013\\\/11\\\/29\\\/el-circuito-turistico-por-tierras-rayanas-se-promociona-en-la-xvii-edicion-de-intur-de-valladolid\\\/#article\",\"isPartOf\":{\"@id\":\"https:\\\/\\\/coria.org\\\/ayuntamiento\\\/index.php\\\/2013\\\/11\\\/29\\\/el-circuito-turistico-por-tierras-rayanas-se-promociona-en-la-xvii-edicion-de-intur-de-valladolid\\\/\"},\"author\":{\"name\":\"ayuntamiento\",\"@id\":\"https:\\\/\\\/coria.org\\\/ayuntamiento\\\/#\\\/schema\\\/person\\\/8bd589f0e13e8ae5aa06def7a599d622\"},\"headline\":\"El Circuito Tur\u00edstico Por Tierras Rayanas se promociona en la XVII edici\u00f3n de INTUR de Valladolid\",\"datePublished\":\"2013-11-29T00:00:00+00:00\",\"dateModified\":\"2023-09-18T10:41:34+00:00\",\"mainEntityOfPage\":{\"@id\":\"https:\\\/\\\/coria.org\\\/ayuntamiento\\\/index.php\\\/2013\\\/11\\\/29\\\/el-circuito-turistico-por-tierras-rayanas-se-promociona-en-la-xvii-edicion-de-intur-de-valladolid\\\/\"},\"wordCount\":597,\"publisher\":{\"@id\":\"https:\\\/\\\/coria.org\\\/ayuntamiento\\\/#organization\"},\"image\":{\"@id\":\"https:\\\/\\\/coria.org\\\/ayuntamiento\\\/index.php\\\/2013\\\/11\\\/29\\\/el-circuito-turistico-por-tierras-rayanas-se-promociona-en-la-xvii-edicion-de-intur-de-valladolid\\\/#primaryimage\"},\"thumbnailUrl\":\"https:\\\/\\\/coria.org\\\/ayuntamiento\\\/wp-content\\\/uploads\\\/2013\\\/11\\\/11116523896_8beeb08315_o-scaled.jpg\",\"keywords\":[\"coria\",\"extremadura\"],\"articleSection\":[\"Noticias\"],\"inLanguage\":\"es\"},{\"@type\":\"WebPage\",\"@id\":\"https:\\\/\\\/coria.org\\\/ayuntamiento\\\/index.php\\\/2013\\\/11\\\/29\\\/el-circuito-turistico-por-tierras-rayanas-se-promociona-en-la-xvii-edicion-de-intur-de-valladolid\\\/\",\"url\":\"https:\\\/\\\/coria.org\\\/ayuntamiento\\\/index.php\\\/2013\\\/11\\\/29\\\/el-circuito-turistico-por-tierras-rayanas-se-promociona-en-la-xvii-edicion-de-intur-de-valladolid\\\/\",\"name\":\"El Circuito Tur\u00edstico Por Tierras Rayanas se promociona en la XVII edici\u00f3n de INTUR de Valladolid - Ayuntamiento de Coria\",\"isPartOf\":{\"@id\":\"https:\\\/\\\/coria.org\\\/ayuntamiento\\\/#website\"},\"primaryImageOfPage\":{\"@id\":\"https:\\\/\\\/coria.org\\\/ayuntamiento\\\/index.php\\\/2013\\\/11\\\/29\\\/el-circuito-turistico-por-tierras-rayanas-se-promociona-en-la-xvii-edicion-de-intur-de-valladolid\\\/#primaryimage\"},\"image\":{\"@id\":\"https:\\\/\\\/coria.org\\\/ayuntamiento\\\/index.php\\\/2013\\\/11\\\/29\\\/el-circuito-turistico-por-tierras-rayanas-se-promociona-en-la-xvii-edicion-de-intur-de-valladolid\\\/#primaryimage\"},\"thumbnailUrl\":\"https:\\\/\\\/coria.org\\\/ayuntamiento\\\/wp-content\\\/uploads\\\/2013\\\/11\\\/11116523896_8beeb08315_o-scaled.jpg\",\"datePublished\":\"2013-11-29T00:00:00+00:00\",\"dateModified\":\"2023-09-18T10:41:34+00:00\",\"breadcrumb\":{\"@id\":\"https:\\\/\\\/coria.org\\\/ayuntamiento\\\/index.php\\\/2013\\\/11\\\/29\\\/el-circuito-turistico-por-tierras-rayanas-se-promociona-en-la-xvii-edicion-de-intur-de-valladolid\\\/#breadcrumb\"},\"inLanguage\":\"es\",\"potentialAction\":[{\"@type\":\"ReadAction\",\"target\":[\"https:\\\/\\\/coria.org\\\/ayuntamiento\\\/index.php\\\/2013\\\/11\\\/29\\\/el-circuito-turistico-por-tierras-rayanas-se-promociona-en-la-xvii-edicion-de-intur-de-valladolid\\\/\"]}]},{\"@type\":\"ImageObject\",\"inLanguage\":\"es\",\"@id\":\"https:\\\/\\\/coria.org\\\/ayuntamiento\\\/index.php\\\/2013\\\/11\\\/29\\\/el-circuito-turistico-por-tierras-rayanas-se-promociona-en-la-xvii-edicion-de-intur-de-valladolid\\\/#primaryimage\",\"url\":\"https:\\\/\\\/coria.org\\\/ayuntamiento\\\/wp-content\\\/uploads\\\/2013\\\/11\\\/11116523896_8beeb08315_o-scaled.jpg\",\"contentUrl\":\"https:\\\/\\\/coria.org\\\/ayuntamiento\\\/wp-content\\\/uploads\\\/2013\\\/11\\\/11116523896_8beeb08315_o-scaled.jpg\",\"width\":2560,\"height\":1920},{\"@type\":\"BreadcrumbList\",\"@id\":\"https:\\\/\\\/coria.org\\\/ayuntamiento\\\/index.php\\\/2013\\\/11\\\/29\\\/el-circuito-turistico-por-tierras-rayanas-se-promociona-en-la-xvii-edicion-de-intur-de-valladolid\\\/#breadcrumb\",\"itemListElement\":[{\"@type\":\"ListItem\",\"position\":1,\"name\":\"Inicio\",\"item\":\"https:\\\/\\\/coria.org\\\/ayuntamiento\\\/\"},{\"@type\":\"ListItem\",\"position\":2,\"name\":\"El Circuito Tur\u00edstico Por Tierras Rayanas se promociona en la XVII edici\u00f3n de INTUR de Valladolid\"}]},{\"@type\":\"WebSite\",\"@id\":\"https:\\\/\\\/coria.org\\\/ayuntamiento\\\/#website\",\"url\":\"https:\\\/\\\/coria.org\\\/ayuntamiento\\\/\",\"name\":\"Ayuntamiento de Coria\",\"description\":\"Web oficial del Ayuntamiento de Coria\",\"publisher\":{\"@id\":\"https:\\\/\\\/coria.org\\\/ayuntamiento\\\/#organization\"},\"alternateName\":\"Web Oficial del Ayuntamiento de Coria\",\"potentialAction\":[{\"@type\":\"SearchAction\",\"target\":{\"@type\":\"EntryPoint\",\"urlTemplate\":\"https:\\\/\\\/coria.org\\\/ayuntamiento\\\/?s={search_term_string}\"},\"query-input\":{\"@type\":\"PropertyValueSpecification\",\"valueRequired\":true,\"valueName\":\"search_term_string\"}}],\"inLanguage\":\"es\"},{\"@type\":\"Organization\",\"@id\":\"https:\\\/\\\/coria.org\\\/ayuntamiento\\\/#organization\",\"name\":\"Ayuntamiento de Coria\",\"alternateName\":\"Ayto de Coria\",\"url\":\"https:\\\/\\\/coria.org\\\/ayuntamiento\\\/\",\"logo\":{\"@type\":\"ImageObject\",\"inLanguage\":\"es\",\"@id\":\"https:\\\/\\\/coria.org\\\/ayuntamiento\\\/#\\\/schema\\\/logo\\\/image\\\/\",\"url\":\"https:\\\/\\\/coria.org\\\/ayuntamiento\\\/wp-content\\\/uploads\\\/2020\\\/12\\\/escudo-ayuntamiento-coria.png\",\"contentUrl\":\"https:\\\/\\\/coria.org\\\/ayuntamiento\\\/wp-content\\\/uploads\\\/2020\\\/12\\\/escudo-ayuntamiento-coria.png\",\"width\":511,\"height\":240,\"caption\":\"Ayuntamiento de Coria\"},\"image\":{\"@id\":\"https:\\\/\\\/coria.org\\\/ayuntamiento\\\/#\\\/schema\\\/logo\\\/image\\\/\"},\"sameAs\":[\"https:\\\/\\\/www.facebook.com\\\/Ayuntamiento.de.Coria\",\"https:\\\/\\\/x.com\\\/Ayto_de_Coria\",\"https:\\\/\\\/www.instagram.com\\\/coria.ayuntamiento\\\/\",\"https:\\\/\\\/www.youtube.com\\\/user\\\/AYUNTAMIENTOCORIA\"]},{\"@type\":\"Person\",\"@id\":\"https:\\\/\\\/coria.org\\\/ayuntamiento\\\/#\\\/schema\\\/person\\\/8bd589f0e13e8ae5aa06def7a599d622\",\"name\":\"ayuntamiento\",\"image\":{\"@type\":\"ImageObject\",\"inLanguage\":\"es\",\"@id\":\"https:\\\/\\\/secure.gravatar.com\\\/avatar\\\/966e5ed73cad334adda5c87f49f2547f7082f7292c1b627cbb548744383b391c?s=96&d=mm&r=g\",\"url\":\"https:\\\/\\\/secure.gravatar.com\\\/avatar\\\/966e5ed73cad334adda5c87f49f2547f7082f7292c1b627cbb548744383b391c?s=96&d=mm&r=g\",\"contentUrl\":\"https:\\\/\\\/secure.gravatar.com\\\/avatar\\\/966e5ed73cad334adda5c87f49f2547f7082f7292c1b627cbb548744383b391c?s=96&d=mm&r=g\",\"caption\":\"ayuntamiento\"}}]}<\/script>\n<!-- \/ Yoast SEO plugin. -->","yoast_head_json":{"title":"El Circuito Tur\u00edstico Por Tierras Rayanas se promociona en la XVII edici\u00f3n de INTUR de Valladolid - Ayuntamiento de Coria","robots":{"index":"index","follow":"follow","max-snippet":"max-snippet:-1","max-image-preview":"max-image-preview:large","max-video-preview":"max-video-preview:-1"},"canonical":"https:\/\/coria.org\/ayuntamiento\/index.php\/2013\/11\/29\/el-circuito-turistico-por-tierras-rayanas-se-promociona-en-la-xvii-edicion-de-intur-de-valladolid\/","og_locale":"es_ES","og_type":"article","og_title":"El Circuito Tur\u00edstico Por Tierras Rayanas se promociona en la XVII edici\u00f3n de INTUR de Valladolid - Ayuntamiento de Coria","og_description":"Del 21 al 24 de noviembre de 2013 se ha celebrado en Valladolid la decimos\u00e9ptima edici\u00f3n de INTUR, la feria de turismo de interior m\u00e1s importante de cuantas se celebran en Espa\u00f1a y en la que han estado presentes diez comunidades aut\u00f3nomas, incluida Extremadura, ciudades, comarcas, provincias, regiones internacionales, empresas privadas y colectivos profesionales de [&hellip;]","og_url":"https:\/\/coria.org\/ayuntamiento\/index.php\/2013\/11\/29\/el-circuito-turistico-por-tierras-rayanas-se-promociona-en-la-xvii-edicion-de-intur-de-valladolid\/","og_site_name":"Ayuntamiento de Coria","article_publisher":"https:\/\/www.facebook.com\/Ayuntamiento.de.Coria","article_published_time":"2013-11-29T00:00:00+00:00","article_modified_time":"2023-09-18T10:41:34+00:00","og_image":[{"width":2560,"height":1920,"url":"https:\/\/coria.org\/ayuntamiento\/wp-content\/uploads\/2013\/11\/11116523896_8beeb08315_o-scaled.jpg","type":"image\/jpeg"}],"author":"ayuntamiento","twitter_card":"summary_large_image","twitter_creator":"@Ayto_de_Coria","twitter_site":"@Ayto_de_Coria","twitter_misc":{"Escrito por":"ayuntamiento","Tiempo de lectura":"3 minutos"},"schema":{"@context":"https:\/\/schema.org","@graph":[{"@type":"Article","@id":"https:\/\/coria.org\/ayuntamiento\/index.php\/2013\/11\/29\/el-circuito-turistico-por-tierras-rayanas-se-promociona-en-la-xvii-edicion-de-intur-de-valladolid\/#article","isPartOf":{"@id":"https:\/\/coria.org\/ayuntamiento\/index.php\/2013\/11\/29\/el-circuito-turistico-por-tierras-rayanas-se-promociona-en-la-xvii-edicion-de-intur-de-valladolid\/"},"author":{"name":"ayuntamiento","@id":"https:\/\/coria.org\/ayuntamiento\/#\/schema\/person\/8bd589f0e13e8ae5aa06def7a599d622"},"headline":"El Circuito Tur\u00edstico Por Tierras Rayanas se promociona en la XVII edici\u00f3n de INTUR de Valladolid","datePublished":"2013-11-29T00:00:00+00:00","dateModified":"2023-09-18T10:41:34+00:00","mainEntityOfPage":{"@id":"https:\/\/coria.org\/ayuntamiento\/index.php\/2013\/11\/29\/el-circuito-turistico-por-tierras-rayanas-se-promociona-en-la-xvii-edicion-de-intur-de-valladolid\/"},"wordCount":597,"publisher":{"@id":"https:\/\/coria.org\/ayuntamiento\/#organization"},"image":{"@id":"https:\/\/coria.org\/ayuntamiento\/index.php\/2013\/11\/29\/el-circuito-turistico-por-tierras-rayanas-se-promociona-en-la-xvii-edicion-de-intur-de-valladolid\/#primaryimage"},"thumbnailUrl":"https:\/\/coria.org\/ayuntamiento\/wp-content\/uploads\/2013\/11\/11116523896_8beeb08315_o-scaled.jpg","keywords":["coria","extremadura"],"articleSection":["Noticias"],"inLanguage":"es"},{"@type":"WebPage","@id":"https:\/\/coria.org\/ayuntamiento\/index.php\/2013\/11\/29\/el-circuito-turistico-por-tierras-rayanas-se-promociona-en-la-xvii-edicion-de-intur-de-valladolid\/","url":"https:\/\/coria.org\/ayuntamiento\/index.php\/2013\/11\/29\/el-circuito-turistico-por-tierras-rayanas-se-promociona-en-la-xvii-edicion-de-intur-de-valladolid\/","name":"El Circuito Tur\u00edstico Por Tierras Rayanas se promociona en la XVII edici\u00f3n de INTUR de Valladolid - Ayuntamiento de Coria","isPartOf":{"@id":"https:\/\/coria.org\/ayuntamiento\/#website"},"primaryImageOfPage":{"@id":"https:\/\/coria.org\/ayuntamiento\/index.php\/2013\/11\/29\/el-circuito-turistico-por-tierras-rayanas-se-promociona-en-la-xvii-edicion-de-intur-de-valladolid\/#primaryimage"},"image":{"@id":"https:\/\/coria.org\/ayuntamiento\/index.php\/2013\/11\/29\/el-circuito-turistico-por-tierras-rayanas-se-promociona-en-la-xvii-edicion-de-intur-de-valladolid\/#primaryimage"},"thumbnailUrl":"https:\/\/coria.org\/ayuntamiento\/wp-content\/uploads\/2013\/11\/11116523896_8beeb08315_o-scaled.jpg","datePublished":"2013-11-29T00:00:00+00:00","dateModified":"2023-09-18T10:41:34+00:00","breadcrumb":{"@id":"https:\/\/coria.org\/ayuntamiento\/index.php\/2013\/11\/29\/el-circuito-turistico-por-tierras-rayanas-se-promociona-en-la-xvii-edicion-de-intur-de-valladolid\/#breadcrumb"},"inLanguage":"es","potentialAction":[{"@type":"ReadAction","target":["https:\/\/coria.org\/ayuntamiento\/index.php\/2013\/11\/29\/el-circuito-turistico-por-tierras-rayanas-se-promociona-en-la-xvii-edicion-de-intur-de-valladolid\/"]}]},{"@type":"ImageObject","inLanguage":"es","@id":"https:\/\/coria.org\/ayuntamiento\/index.php\/2013\/11\/29\/el-circuito-turistico-por-tierras-rayanas-se-promociona-en-la-xvii-edicion-de-intur-de-valladolid\/#primaryimage","url":"https:\/\/coria.org\/ayuntamiento\/wp-content\/uploads\/2013\/11\/11116523896_8beeb08315_o-scaled.jpg","contentUrl":"https:\/\/coria.org\/ayuntamiento\/wp-content\/uploads\/2013\/11\/11116523896_8beeb08315_o-scaled.jpg","width":2560,"height":1920},{"@type":"BreadcrumbList","@id":"https:\/\/coria.org\/ayuntamiento\/index.php\/2013\/11\/29\/el-circuito-turistico-por-tierras-rayanas-se-promociona-en-la-xvii-edicion-de-intur-de-valladolid\/#breadcrumb","itemListElement":[{"@type":"ListItem","position":1,"name":"Inicio","item":"https:\/\/coria.org\/ayuntamiento\/"},{"@type":"ListItem","position":2,"name":"El Circuito Tur\u00edstico Por Tierras Rayanas se promociona en la XVII edici\u00f3n de INTUR de Valladolid"}]},{"@type":"WebSite","@id":"https:\/\/coria.org\/ayuntamiento\/#website","url":"https:\/\/coria.org\/ayuntamiento\/","name":"Ayuntamiento de Coria","description":"Web oficial del Ayuntamiento de Coria","publisher":{"@id":"https:\/\/coria.org\/ayuntamiento\/#organization"},"alternateName":"Web Oficial del Ayuntamiento de Coria","potentialAction":[{"@type":"SearchAction","target":{"@type":"EntryPoint","urlTemplate":"https:\/\/coria.org\/ayuntamiento\/?s={search_term_string}"},"query-input":{"@type":"PropertyValueSpecification","valueRequired":true,"valueName":"search_term_string"}}],"inLanguage":"es"},{"@type":"Organization","@id":"https:\/\/coria.org\/ayuntamiento\/#organization","name":"Ayuntamiento de Coria","alternateName":"Ayto de Coria","url":"https:\/\/coria.org\/ayuntamiento\/","logo":{"@type":"ImageObject","inLanguage":"es","@id":"https:\/\/coria.org\/ayuntamiento\/#\/schema\/logo\/image\/","url":"https:\/\/coria.org\/ayuntamiento\/wp-content\/uploads\/2020\/12\/escudo-ayuntamiento-coria.png","contentUrl":"https:\/\/coria.org\/ayuntamiento\/wp-content\/uploads\/2020\/12\/escudo-ayuntamiento-coria.png","width":511,"height":240,"caption":"Ayuntamiento de Coria"},"image":{"@id":"https:\/\/coria.org\/ayuntamiento\/#\/schema\/logo\/image\/"},"sameAs":["https:\/\/www.facebook.com\/Ayuntamiento.de.Coria","https:\/\/x.com\/Ayto_de_Coria","https:\/\/www.instagram.com\/coria.ayuntamiento\/","https:\/\/www.youtube.com\/user\/AYUNTAMIENTOCORIA"]},{"@type":"Person","@id":"https:\/\/coria.org\/ayuntamiento\/#\/schema\/person\/8bd589f0e13e8ae5aa06def7a599d622","name":"ayuntamiento","image":{"@type":"ImageObject","inLanguage":"es","@id":"https:\/\/secure.gravatar.com\/avatar\/966e5ed73cad334adda5c87f49f2547f7082f7292c1b627cbb548744383b391c?s=96&d=mm&r=g","url":"https:\/\/secure.gravatar.com\/avatar\/966e5ed73cad334adda5c87f49f2547f7082f7292c1b627cbb548744383b391c?s=96&d=mm&r=g","contentUrl":"https:\/\/secure.gravatar.com\/avatar\/966e5ed73cad334adda5c87f49f2547f7082f7292c1b627cbb548744383b391c?s=96&d=mm&r=g","caption":"ayuntamiento"}}]}},"uagb_featured_image_src":{"full":["https:\/\/coria.org\/ayuntamiento\/wp-content\/uploads\/2013\/11\/11116523896_8beeb08315_o-scaled.jpg",2560,1920,false],"thumbnail":["https:\/\/coria.org\/ayuntamiento\/wp-content\/uploads\/2013\/11\/11116523896_8beeb08315_o-150x150.jpg",150,150,true],"medium":["https:\/\/coria.org\/ayuntamiento\/wp-content\/uploads\/2013\/11\/11116523896_8beeb08315_o-300x225.jpg",300,225,true],"medium_large":["https:\/\/coria.org\/ayuntamiento\/wp-content\/uploads\/2013\/11\/11116523896_8beeb08315_o-768x576.jpg",768,576,true],"large":["https:\/\/coria.org\/ayuntamiento\/wp-content\/uploads\/2013\/11\/11116523896_8beeb08315_o-1024x768.jpg",1024,768,true],"thumblist":["https:\/\/coria.org\/ayuntamiento\/wp-content\/uploads\/2013\/11\/11116523896_8beeb08315_o-scaled.jpg",300,225,false],"thumbrelated":["https:\/\/coria.org\/ayuntamiento\/wp-content\/uploads\/2013\/11\/11116523896_8beeb08315_o-scaled.jpg",500,375,false],"meccarouselthumb":["https:\/\/coria.org\/ayuntamiento\/wp-content\/uploads\/2013\/11\/11116523896_8beeb08315_o-scaled.jpg",432,324,false],"gridsquare":["https:\/\/coria.org\/ayuntamiento\/wp-content\/uploads\/2013\/11\/11116523896_8beeb08315_o-scaled.jpg",347,260,false],"tileview":["https:\/\/coria.org\/ayuntamiento\/wp-content\/uploads\/2013\/11\/11116523896_8beeb08315_o-scaled.jpg",300,225,false],"1536x1536":["https:\/\/coria.org\/ayuntamiento\/wp-content\/uploads\/2013\/11\/11116523896_8beeb08315_o-1536x1152.jpg",1536,1152,true],"2048x2048":["https:\/\/coria.org\/ayuntamiento\/wp-content\/uploads\/2013\/11\/11116523896_8beeb08315_o-2048x1536.jpg",2048,1536,true]},"uagb_author_info":{"display_name":"ayuntamiento","author_link":"https:\/\/coria.org\/ayuntamiento\/index.php\/author\/ayuntamiento\/"},"uagb_comment_info":0,"uagb_excerpt":"Del 21 al 24 de noviembre de 2013 se ha celebrado en Valladolid la decimos\u00e9ptima edici\u00f3n de INTUR, la feria de turismo de interior m\u00e1s importante de cuantas se celebran en Espa\u00f1a y en la que han estado presentes diez comunidades aut\u00f3nomas, incluida Extremadura, ciudades, comarcas, provincias, regiones internacionales, empresas privadas y colectivos profesionales de&hellip;","_links":{"self":[{"href":"https:\/\/coria.org\/ayuntamiento\/index.php\/wp-json\/wp\/v2\/posts\/26091","targetHints":{"allow":["GET"]}}],"collection":[{"href":"https:\/\/coria.org\/ayuntamiento\/index.php\/wp-json\/wp\/v2\/posts"}],"about":[{"href":"https:\/\/coria.org\/ayuntamiento\/index.php\/wp-json\/wp\/v2\/types\/post"}],"author":[{"embeddable":true,"href":"https:\/\/coria.org\/ayuntamiento\/index.php\/wp-json\/wp\/v2\/users\/2"}],"replies":[{"embeddable":true,"href":"https:\/\/coria.org\/ayuntamiento\/index.php\/wp-json\/wp\/v2\/comments?post=26091"}],"version-history":[{"count":0,"href":"https:\/\/coria.org\/ayuntamiento\/index.php\/wp-json\/wp\/v2\/posts\/26091\/revisions"}],"wp:featuredmedia":[{"embeddable":true,"href":"https:\/\/coria.org\/ayuntamiento\/index.php\/wp-json\/wp\/v2\/media\/31480"}],"wp:attachment":[{"href":"https:\/\/coria.org\/ayuntamiento\/index.php\/wp-json\/wp\/v2\/media?parent=26091"}],"wp:term":[{"taxonomy":"category","embeddable":true,"href":"https:\/\/coria.org\/ayuntamiento\/index.php\/wp-json\/wp\/v2\/categories?post=26091"},{"taxonomy":"post_tag","embeddable":true,"href":"https:\/\/coria.org\/ayuntamiento\/index.php\/wp-json\/wp\/v2\/tags?post=26091"}],"curies":[{"name":"wp","href":"https:\/\/api.w.org\/{rel}","templated":true}]}}