{"id":26061,"date":"2014-01-20T00:00:00","date_gmt":"2014-01-20T00:00:00","guid":{"rendered":"https:\/\/ayuntamiento.coriaenimagenes.com\/programa-de-cursos-y-talleres-2014-de-la-universidad-popular-de-coria\/"},"modified":"2025-06-17T12:55:43","modified_gmt":"2025-06-17T10:55:43","slug":"programa-de-cursos-y-talleres-2014-de-la-universidad-popular-de-coria","status":"publish","type":"post","link":"https:\/\/coria.org\/ayuntamiento\/index.php\/2014\/01\/20\/programa-de-cursos-y-talleres-2014-de-la-universidad-popular-de-coria\/","title":{"rendered":"Programa de Cursos y Talleres 2014 de la Universidad Popular de Coria"},"content":{"rendered":"\n<p>A partir del mes del mes de Febrero se van a poner en marcha una serie de nuevos cursos y talleres, que la Universidad Popular de Coria oferta a la poblaci\u00f3n mayor de 16 a\u00f1os.<\/p>\n\n\n\n<figure class=\"wp-block-image alignleft size-full\"><img loading=\"lazy\" decoding=\"async\" width=\"399\" height=\"570\" src=\"https:\/\/coria.org\/ayuntamiento\/wp-content\/uploads\/2014\/01\/2014_Diptico_UP.webp\" alt=\"\" class=\"wp-image-64854\"\/><\/figure>\n\n\n\n<p>Algunos son continuaci\u00f3n de los ya iniciados en Octubre, que finalizan en este mes de Enero y demandan una segunda fase para profundizar en la formaci\u00f3n, como son el curso de Lengua de Signos o el de Cocina. Otros como el de Educaci\u00f3n Canina, Corte y Confecci\u00f3n, Animaci\u00f3n Infantil y Juvenil, \u00c1rabe, Atenci\u00f3n a personas con discapacidad o Comics y Caricaturas se pondr\u00e1n en marcha ahora, si son solicitados por un m\u00ednimo de 15 personas. Todos se editan en formato de 40 horas a realizar en clases de 2 horas y dos d\u00edas a la semana.<br>La cuota para estos cursos es de 40\u20ac.<\/p>\n\n\n\n<p>Los talleres son m\u00e1s breves, entre 8 y 20 horas, y se imparten de manera gratuita con un objetivo claro de participaci\u00f3n y cooperaci\u00f3n ciudadana. Se dirigen a las asociaciones y a las personas interesadas. Ser\u00e1n tambi\u00e9n por las tardes.<br>Entre \u00e9stos talleres vamos a poner en marcha el de Recursos Tur\u00edsticos \u00abCoria Maravillosa\u00bb, a realizar las tardes de los jueves del mes de Febrero y dirigido a dar a conocer valores patrimoniales de la Ciudad tan interesantes como la Muralla, el Jard\u00edn Bot\u00e1nico, el Puente de Hierro o el Mantel de la Sagrada Cena que se conserva en la Catedral. El taller tiene el objetivo de ir profundizando en el conocimiento de las riquezas que guarda la ciudad, empezando por estas cuatro pero abierto a continuar con otras propuestas.<\/p>\n\n\n\n<p>M\u00e1s informaci\u00f3n sobre los curso y los talleres, as\u00ed como las inscripciones se pueden obtener en la Oficina de Juventud del Ayuntamiento de Coria y en el tel\u00e9fono 927508000, ext. 313 \u00f3 262 o en el correo juventud@coria.org<\/p>\n","protected":false},"excerpt":{"rendered":"<p>A partir del mes del mes de Febrero se van a poner en marcha una serie de nuevos cursos y talleres, que la Universidad Popular de Coria oferta a la poblaci\u00f3n mayor de 16 a\u00f1os. Algunos son continuaci\u00f3n de los ya iniciados en Octubre, que finalizan en este mes de Enero y demandan una segunda [&hellip;]<\/p>\n","protected":false},"author":2,"featured_media":64854,"comment_status":"closed","ping_status":"closed","sticky":false,"template":"","format":"standard","meta":{"_uag_custom_page_level_css":"","footnotes":""},"categories":[2],"tags":[1278],"class_list":["post-26061","post","type-post","status-publish","format-standard","has-post-thumbnail","hentry","category-noticias","tag-universidad-popular"],"yoast_head":"<!-- This site is optimized with the Yoast SEO plugin v27.4 - https:\/\/yoast.com\/product\/yoast-seo-wordpress\/ -->\n<title>Programa de Cursos y Talleres 2014 de la Universidad Popular de Coria - Ayuntamiento de Coria<\/title>\n<meta name=\"description\" content=\"A partir del mes del mes de Febrero se van a poner en marcha una serie de nuevos cursos y talleres, que la Universidad Popular de Coria oferta a la poblaci\u00f3n mayor de 16 a\u00f1os.\" \/>\n<meta name=\"robots\" content=\"index, follow, max-snippet:-1, max-image-preview:large, max-video-preview:-1\" \/>\n<link rel=\"canonical\" href=\"https:\/\/coria.org\/ayuntamiento\/index.php\/2014\/01\/20\/programa-de-cursos-y-talleres-2014-de-la-universidad-popular-de-coria\/\" \/>\n<meta property=\"og:locale\" content=\"es_ES\" \/>\n<meta property=\"og:type\" content=\"article\" \/>\n<meta property=\"og:title\" content=\"Programa de Cursos y Talleres 2014 de la Universidad Popular de Coria - Ayuntamiento de Coria\" \/>\n<meta property=\"og:description\" content=\"A partir del mes del mes de Febrero se van a poner en marcha una serie de nuevos cursos y talleres, que la Universidad Popular de Coria oferta a la poblaci\u00f3n mayor de 16 a\u00f1os.\" \/>\n<meta property=\"og:url\" content=\"https:\/\/coria.org\/ayuntamiento\/index.php\/2014\/01\/20\/programa-de-cursos-y-talleres-2014-de-la-universidad-popular-de-coria\/\" \/>\n<meta property=\"og:site_name\" content=\"Ayuntamiento de Coria\" \/>\n<meta property=\"article:publisher\" content=\"https:\/\/www.facebook.com\/Ayuntamiento.de.Coria\" \/>\n<meta property=\"article:published_time\" content=\"2014-01-20T00:00:00+00:00\" \/>\n<meta property=\"article:modified_time\" content=\"2025-06-17T10:55:43+00:00\" \/>\n<meta property=\"og:image\" content=\"https:\/\/coria.org\/ayuntamiento\/wp-content\/uploads\/2014\/01\/2014_Diptico_UP.webp\" \/>\n\t<meta property=\"og:image:width\" content=\"399\" \/>\n\t<meta property=\"og:image:height\" content=\"570\" \/>\n\t<meta property=\"og:image:type\" content=\"image\/webp\" \/>\n<meta name=\"author\" content=\"ayuntamiento\" \/>\n<meta name=\"twitter:card\" content=\"summary_large_image\" \/>\n<meta name=\"twitter:creator\" content=\"@Ayto_de_Coria\" \/>\n<meta name=\"twitter:site\" content=\"@Ayto_de_Coria\" \/>\n<meta name=\"twitter:label1\" content=\"Escrito por\" \/>\n\t<meta name=\"twitter:data1\" content=\"ayuntamiento\" \/>\n\t<meta name=\"twitter:label2\" content=\"Tiempo de lectura\" \/>\n\t<meta name=\"twitter:data2\" content=\"2 minutos\" \/>\n<script type=\"application\/ld+json\" class=\"yoast-schema-graph\">{\"@context\":\"https:\\\/\\\/schema.org\",\"@graph\":[{\"@type\":\"Article\",\"@id\":\"https:\\\/\\\/coria.org\\\/ayuntamiento\\\/index.php\\\/2014\\\/01\\\/20\\\/programa-de-cursos-y-talleres-2014-de-la-universidad-popular-de-coria\\\/#article\",\"isPartOf\":{\"@id\":\"https:\\\/\\\/coria.org\\\/ayuntamiento\\\/index.php\\\/2014\\\/01\\\/20\\\/programa-de-cursos-y-talleres-2014-de-la-universidad-popular-de-coria\\\/\"},\"author\":{\"name\":\"ayuntamiento\",\"@id\":\"https:\\\/\\\/coria.org\\\/ayuntamiento\\\/#\\\/schema\\\/person\\\/8bd589f0e13e8ae5aa06def7a599d622\"},\"headline\":\"Programa de Cursos y Talleres 2014 de la Universidad Popular de Coria\",\"datePublished\":\"2014-01-20T00:00:00+00:00\",\"dateModified\":\"2025-06-17T10:55:43+00:00\",\"mainEntityOfPage\":{\"@id\":\"https:\\\/\\\/coria.org\\\/ayuntamiento\\\/index.php\\\/2014\\\/01\\\/20\\\/programa-de-cursos-y-talleres-2014-de-la-universidad-popular-de-coria\\\/\"},\"wordCount\":331,\"publisher\":{\"@id\":\"https:\\\/\\\/coria.org\\\/ayuntamiento\\\/#organization\"},\"image\":{\"@id\":\"https:\\\/\\\/coria.org\\\/ayuntamiento\\\/index.php\\\/2014\\\/01\\\/20\\\/programa-de-cursos-y-talleres-2014-de-la-universidad-popular-de-coria\\\/#primaryimage\"},\"thumbnailUrl\":\"https:\\\/\\\/coria.org\\\/ayuntamiento\\\/wp-content\\\/uploads\\\/2014\\\/01\\\/2014_Diptico_UP.webp\",\"keywords\":[\"universidad popular\"],\"articleSection\":[\"Noticias\"],\"inLanguage\":\"es\"},{\"@type\":\"WebPage\",\"@id\":\"https:\\\/\\\/coria.org\\\/ayuntamiento\\\/index.php\\\/2014\\\/01\\\/20\\\/programa-de-cursos-y-talleres-2014-de-la-universidad-popular-de-coria\\\/\",\"url\":\"https:\\\/\\\/coria.org\\\/ayuntamiento\\\/index.php\\\/2014\\\/01\\\/20\\\/programa-de-cursos-y-talleres-2014-de-la-universidad-popular-de-coria\\\/\",\"name\":\"Programa de Cursos y Talleres 2014 de la Universidad Popular de Coria - Ayuntamiento de Coria\",\"isPartOf\":{\"@id\":\"https:\\\/\\\/coria.org\\\/ayuntamiento\\\/#website\"},\"primaryImageOfPage\":{\"@id\":\"https:\\\/\\\/coria.org\\\/ayuntamiento\\\/index.php\\\/2014\\\/01\\\/20\\\/programa-de-cursos-y-talleres-2014-de-la-universidad-popular-de-coria\\\/#primaryimage\"},\"image\":{\"@id\":\"https:\\\/\\\/coria.org\\\/ayuntamiento\\\/index.php\\\/2014\\\/01\\\/20\\\/programa-de-cursos-y-talleres-2014-de-la-universidad-popular-de-coria\\\/#primaryimage\"},\"thumbnailUrl\":\"https:\\\/\\\/coria.org\\\/ayuntamiento\\\/wp-content\\\/uploads\\\/2014\\\/01\\\/2014_Diptico_UP.webp\",\"datePublished\":\"2014-01-20T00:00:00+00:00\",\"dateModified\":\"2025-06-17T10:55:43+00:00\",\"description\":\"A partir del mes del mes de Febrero se van a poner en marcha una serie de nuevos cursos y talleres, que la Universidad Popular de Coria oferta a la poblaci\u00f3n mayor de 16 a\u00f1os.\",\"breadcrumb\":{\"@id\":\"https:\\\/\\\/coria.org\\\/ayuntamiento\\\/index.php\\\/2014\\\/01\\\/20\\\/programa-de-cursos-y-talleres-2014-de-la-universidad-popular-de-coria\\\/#breadcrumb\"},\"inLanguage\":\"es\",\"potentialAction\":[{\"@type\":\"ReadAction\",\"target\":[\"https:\\\/\\\/coria.org\\\/ayuntamiento\\\/index.php\\\/2014\\\/01\\\/20\\\/programa-de-cursos-y-talleres-2014-de-la-universidad-popular-de-coria\\\/\"]}]},{\"@type\":\"ImageObject\",\"inLanguage\":\"es\",\"@id\":\"https:\\\/\\\/coria.org\\\/ayuntamiento\\\/index.php\\\/2014\\\/01\\\/20\\\/programa-de-cursos-y-talleres-2014-de-la-universidad-popular-de-coria\\\/#primaryimage\",\"url\":\"https:\\\/\\\/coria.org\\\/ayuntamiento\\\/wp-content\\\/uploads\\\/2014\\\/01\\\/2014_Diptico_UP.webp\",\"contentUrl\":\"https:\\\/\\\/coria.org\\\/ayuntamiento\\\/wp-content\\\/uploads\\\/2014\\\/01\\\/2014_Diptico_UP.webp\",\"width\":399,\"height\":570},{\"@type\":\"BreadcrumbList\",\"@id\":\"https:\\\/\\\/coria.org\\\/ayuntamiento\\\/index.php\\\/2014\\\/01\\\/20\\\/programa-de-cursos-y-talleres-2014-de-la-universidad-popular-de-coria\\\/#breadcrumb\",\"itemListElement\":[{\"@type\":\"ListItem\",\"position\":1,\"name\":\"Inicio\",\"item\":\"https:\\\/\\\/coria.org\\\/ayuntamiento\\\/\"},{\"@type\":\"ListItem\",\"position\":2,\"name\":\"Programa de Cursos y Talleres 2014 de la Universidad Popular de Coria\"}]},{\"@type\":\"WebSite\",\"@id\":\"https:\\\/\\\/coria.org\\\/ayuntamiento\\\/#website\",\"url\":\"https:\\\/\\\/coria.org\\\/ayuntamiento\\\/\",\"name\":\"Ayuntamiento de Coria\",\"description\":\"Web oficial del Ayuntamiento de Coria\",\"publisher\":{\"@id\":\"https:\\\/\\\/coria.org\\\/ayuntamiento\\\/#organization\"},\"alternateName\":\"Web Oficial del Ayuntamiento de Coria\",\"potentialAction\":[{\"@type\":\"SearchAction\",\"target\":{\"@type\":\"EntryPoint\",\"urlTemplate\":\"https:\\\/\\\/coria.org\\\/ayuntamiento\\\/?s={search_term_string}\"},\"query-input\":{\"@type\":\"PropertyValueSpecification\",\"valueRequired\":true,\"valueName\":\"search_term_string\"}}],\"inLanguage\":\"es\"},{\"@type\":\"Organization\",\"@id\":\"https:\\\/\\\/coria.org\\\/ayuntamiento\\\/#organization\",\"name\":\"Ayuntamiento de Coria\",\"alternateName\":\"Ayto de Coria\",\"url\":\"https:\\\/\\\/coria.org\\\/ayuntamiento\\\/\",\"logo\":{\"@type\":\"ImageObject\",\"inLanguage\":\"es\",\"@id\":\"https:\\\/\\\/coria.org\\\/ayuntamiento\\\/#\\\/schema\\\/logo\\\/image\\\/\",\"url\":\"https:\\\/\\\/coria.org\\\/ayuntamiento\\\/wp-content\\\/uploads\\\/2020\\\/12\\\/escudo-ayuntamiento-coria.png\",\"contentUrl\":\"https:\\\/\\\/coria.org\\\/ayuntamiento\\\/wp-content\\\/uploads\\\/2020\\\/12\\\/escudo-ayuntamiento-coria.png\",\"width\":511,\"height\":240,\"caption\":\"Ayuntamiento de Coria\"},\"image\":{\"@id\":\"https:\\\/\\\/coria.org\\\/ayuntamiento\\\/#\\\/schema\\\/logo\\\/image\\\/\"},\"sameAs\":[\"https:\\\/\\\/www.facebook.com\\\/Ayuntamiento.de.Coria\",\"https:\\\/\\\/x.com\\\/Ayto_de_Coria\",\"https:\\\/\\\/www.instagram.com\\\/coria.ayuntamiento\\\/\",\"https:\\\/\\\/www.youtube.com\\\/user\\\/AYUNTAMIENTOCORIA\"]},{\"@type\":\"Person\",\"@id\":\"https:\\\/\\\/coria.org\\\/ayuntamiento\\\/#\\\/schema\\\/person\\\/8bd589f0e13e8ae5aa06def7a599d622\",\"name\":\"ayuntamiento\",\"image\":{\"@type\":\"ImageObject\",\"inLanguage\":\"es\",\"@id\":\"https:\\\/\\\/secure.gravatar.com\\\/avatar\\\/966e5ed73cad334adda5c87f49f2547f7082f7292c1b627cbb548744383b391c?s=96&d=mm&r=g\",\"url\":\"https:\\\/\\\/secure.gravatar.com\\\/avatar\\\/966e5ed73cad334adda5c87f49f2547f7082f7292c1b627cbb548744383b391c?s=96&d=mm&r=g\",\"contentUrl\":\"https:\\\/\\\/secure.gravatar.com\\\/avatar\\\/966e5ed73cad334adda5c87f49f2547f7082f7292c1b627cbb548744383b391c?s=96&d=mm&r=g\",\"caption\":\"ayuntamiento\"}}]}<\/script>\n<!-- \/ Yoast SEO plugin. -->","yoast_head_json":{"title":"Programa de Cursos y Talleres 2014 de la Universidad Popular de Coria - Ayuntamiento de Coria","description":"A partir del mes del mes de Febrero se van a poner en marcha una serie de nuevos cursos y talleres, que la Universidad Popular de Coria oferta a la poblaci\u00f3n mayor de 16 a\u00f1os.","robots":{"index":"index","follow":"follow","max-snippet":"max-snippet:-1","max-image-preview":"max-image-preview:large","max-video-preview":"max-video-preview:-1"},"canonical":"https:\/\/coria.org\/ayuntamiento\/index.php\/2014\/01\/20\/programa-de-cursos-y-talleres-2014-de-la-universidad-popular-de-coria\/","og_locale":"es_ES","og_type":"article","og_title":"Programa de Cursos y Talleres 2014 de la Universidad Popular de Coria - Ayuntamiento de Coria","og_description":"A partir del mes del mes de Febrero se van a poner en marcha una serie de nuevos cursos y talleres, que la Universidad Popular de Coria oferta a la poblaci\u00f3n mayor de 16 a\u00f1os.","og_url":"https:\/\/coria.org\/ayuntamiento\/index.php\/2014\/01\/20\/programa-de-cursos-y-talleres-2014-de-la-universidad-popular-de-coria\/","og_site_name":"Ayuntamiento de Coria","article_publisher":"https:\/\/www.facebook.com\/Ayuntamiento.de.Coria","article_published_time":"2014-01-20T00:00:00+00:00","article_modified_time":"2025-06-17T10:55:43+00:00","og_image":[{"width":399,"height":570,"url":"https:\/\/coria.org\/ayuntamiento\/wp-content\/uploads\/2014\/01\/2014_Diptico_UP.webp","type":"image\/webp"}],"author":"ayuntamiento","twitter_card":"summary_large_image","twitter_creator":"@Ayto_de_Coria","twitter_site":"@Ayto_de_Coria","twitter_misc":{"Escrito por":"ayuntamiento","Tiempo de lectura":"2 minutos"},"schema":{"@context":"https:\/\/schema.org","@graph":[{"@type":"Article","@id":"https:\/\/coria.org\/ayuntamiento\/index.php\/2014\/01\/20\/programa-de-cursos-y-talleres-2014-de-la-universidad-popular-de-coria\/#article","isPartOf":{"@id":"https:\/\/coria.org\/ayuntamiento\/index.php\/2014\/01\/20\/programa-de-cursos-y-talleres-2014-de-la-universidad-popular-de-coria\/"},"author":{"name":"ayuntamiento","@id":"https:\/\/coria.org\/ayuntamiento\/#\/schema\/person\/8bd589f0e13e8ae5aa06def7a599d622"},"headline":"Programa de Cursos y Talleres 2014 de la Universidad Popular de Coria","datePublished":"2014-01-20T00:00:00+00:00","dateModified":"2025-06-17T10:55:43+00:00","mainEntityOfPage":{"@id":"https:\/\/coria.org\/ayuntamiento\/index.php\/2014\/01\/20\/programa-de-cursos-y-talleres-2014-de-la-universidad-popular-de-coria\/"},"wordCount":331,"publisher":{"@id":"https:\/\/coria.org\/ayuntamiento\/#organization"},"image":{"@id":"https:\/\/coria.org\/ayuntamiento\/index.php\/2014\/01\/20\/programa-de-cursos-y-talleres-2014-de-la-universidad-popular-de-coria\/#primaryimage"},"thumbnailUrl":"https:\/\/coria.org\/ayuntamiento\/wp-content\/uploads\/2014\/01\/2014_Diptico_UP.webp","keywords":["universidad popular"],"articleSection":["Noticias"],"inLanguage":"es"},{"@type":"WebPage","@id":"https:\/\/coria.org\/ayuntamiento\/index.php\/2014\/01\/20\/programa-de-cursos-y-talleres-2014-de-la-universidad-popular-de-coria\/","url":"https:\/\/coria.org\/ayuntamiento\/index.php\/2014\/01\/20\/programa-de-cursos-y-talleres-2014-de-la-universidad-popular-de-coria\/","name":"Programa de Cursos y Talleres 2014 de la Universidad Popular de Coria - Ayuntamiento de Coria","isPartOf":{"@id":"https:\/\/coria.org\/ayuntamiento\/#website"},"primaryImageOfPage":{"@id":"https:\/\/coria.org\/ayuntamiento\/index.php\/2014\/01\/20\/programa-de-cursos-y-talleres-2014-de-la-universidad-popular-de-coria\/#primaryimage"},"image":{"@id":"https:\/\/coria.org\/ayuntamiento\/index.php\/2014\/01\/20\/programa-de-cursos-y-talleres-2014-de-la-universidad-popular-de-coria\/#primaryimage"},"thumbnailUrl":"https:\/\/coria.org\/ayuntamiento\/wp-content\/uploads\/2014\/01\/2014_Diptico_UP.webp","datePublished":"2014-01-20T00:00:00+00:00","dateModified":"2025-06-17T10:55:43+00:00","description":"A partir del mes del mes de Febrero se van a poner en marcha una serie de nuevos cursos y talleres, que la Universidad Popular de Coria oferta a la poblaci\u00f3n mayor de 16 a\u00f1os.","breadcrumb":{"@id":"https:\/\/coria.org\/ayuntamiento\/index.php\/2014\/01\/20\/programa-de-cursos-y-talleres-2014-de-la-universidad-popular-de-coria\/#breadcrumb"},"inLanguage":"es","potentialAction":[{"@type":"ReadAction","target":["https:\/\/coria.org\/ayuntamiento\/index.php\/2014\/01\/20\/programa-de-cursos-y-talleres-2014-de-la-universidad-popular-de-coria\/"]}]},{"@type":"ImageObject","inLanguage":"es","@id":"https:\/\/coria.org\/ayuntamiento\/index.php\/2014\/01\/20\/programa-de-cursos-y-talleres-2014-de-la-universidad-popular-de-coria\/#primaryimage","url":"https:\/\/coria.org\/ayuntamiento\/wp-content\/uploads\/2014\/01\/2014_Diptico_UP.webp","contentUrl":"https:\/\/coria.org\/ayuntamiento\/wp-content\/uploads\/2014\/01\/2014_Diptico_UP.webp","width":399,"height":570},{"@type":"BreadcrumbList","@id":"https:\/\/coria.org\/ayuntamiento\/index.php\/2014\/01\/20\/programa-de-cursos-y-talleres-2014-de-la-universidad-popular-de-coria\/#breadcrumb","itemListElement":[{"@type":"ListItem","position":1,"name":"Inicio","item":"https:\/\/coria.org\/ayuntamiento\/"},{"@type":"ListItem","position":2,"name":"Programa de Cursos y Talleres 2014 de la Universidad Popular de Coria"}]},{"@type":"WebSite","@id":"https:\/\/coria.org\/ayuntamiento\/#website","url":"https:\/\/coria.org\/ayuntamiento\/","name":"Ayuntamiento de Coria","description":"Web oficial del Ayuntamiento de Coria","publisher":{"@id":"https:\/\/coria.org\/ayuntamiento\/#organization"},"alternateName":"Web Oficial del Ayuntamiento de Coria","potentialAction":[{"@type":"SearchAction","target":{"@type":"EntryPoint","urlTemplate":"https:\/\/coria.org\/ayuntamiento\/?s={search_term_string}"},"query-input":{"@type":"PropertyValueSpecification","valueRequired":true,"valueName":"search_term_string"}}],"inLanguage":"es"},{"@type":"Organization","@id":"https:\/\/coria.org\/ayuntamiento\/#organization","name":"Ayuntamiento de Coria","alternateName":"Ayto de Coria","url":"https:\/\/coria.org\/ayuntamiento\/","logo":{"@type":"ImageObject","inLanguage":"es","@id":"https:\/\/coria.org\/ayuntamiento\/#\/schema\/logo\/image\/","url":"https:\/\/coria.org\/ayuntamiento\/wp-content\/uploads\/2020\/12\/escudo-ayuntamiento-coria.png","contentUrl":"https:\/\/coria.org\/ayuntamiento\/wp-content\/uploads\/2020\/12\/escudo-ayuntamiento-coria.png","width":511,"height":240,"caption":"Ayuntamiento de Coria"},"image":{"@id":"https:\/\/coria.org\/ayuntamiento\/#\/schema\/logo\/image\/"},"sameAs":["https:\/\/www.facebook.com\/Ayuntamiento.de.Coria","https:\/\/x.com\/Ayto_de_Coria","https:\/\/www.instagram.com\/coria.ayuntamiento\/","https:\/\/www.youtube.com\/user\/AYUNTAMIENTOCORIA"]},{"@type":"Person","@id":"https:\/\/coria.org\/ayuntamiento\/#\/schema\/person\/8bd589f0e13e8ae5aa06def7a599d622","name":"ayuntamiento","image":{"@type":"ImageObject","inLanguage":"es","@id":"https:\/\/secure.gravatar.com\/avatar\/966e5ed73cad334adda5c87f49f2547f7082f7292c1b627cbb548744383b391c?s=96&d=mm&r=g","url":"https:\/\/secure.gravatar.com\/avatar\/966e5ed73cad334adda5c87f49f2547f7082f7292c1b627cbb548744383b391c?s=96&d=mm&r=g","contentUrl":"https:\/\/secure.gravatar.com\/avatar\/966e5ed73cad334adda5c87f49f2547f7082f7292c1b627cbb548744383b391c?s=96&d=mm&r=g","caption":"ayuntamiento"}}]}},"uagb_featured_image_src":{"full":["https:\/\/coria.org\/ayuntamiento\/wp-content\/uploads\/2014\/01\/2014_Diptico_UP.webp",399,570,false],"thumbnail":["https:\/\/coria.org\/ayuntamiento\/wp-content\/uploads\/2014\/01\/2014_Diptico_UP-150x150.webp",150,150,true],"medium":["https:\/\/coria.org\/ayuntamiento\/wp-content\/uploads\/2014\/01\/2014_Diptico_UP.webp",399,570,false],"medium_large":["https:\/\/coria.org\/ayuntamiento\/wp-content\/uploads\/2014\/01\/2014_Diptico_UP.webp",399,570,false],"large":["https:\/\/coria.org\/ayuntamiento\/wp-content\/uploads\/2014\/01\/2014_Diptico_UP.webp",399,570,false],"thumblist":["https:\/\/coria.org\/ayuntamiento\/wp-content\/uploads\/2014\/01\/2014_Diptico_UP-300x300.webp",300,300,true],"thumbrelated":["https:\/\/coria.org\/ayuntamiento\/wp-content\/uploads\/2014\/01\/2014_Diptico_UP-399x500.webp",399,500,true],"meccarouselthumb":["https:\/\/coria.org\/ayuntamiento\/wp-content\/uploads\/2014\/01\/2014_Diptico_UP-399x324.webp",399,324,true],"gridsquare":["https:\/\/coria.org\/ayuntamiento\/wp-content\/uploads\/2014\/01\/2014_Diptico_UP-391x260.webp",391,260,true],"tileview":["https:\/\/coria.org\/ayuntamiento\/wp-content\/uploads\/2014\/01\/2014_Diptico_UP-300x400.webp",300,400,true],"1536x1536":["https:\/\/coria.org\/ayuntamiento\/wp-content\/uploads\/2014\/01\/2014_Diptico_UP.webp",399,570,false],"2048x2048":["https:\/\/coria.org\/ayuntamiento\/wp-content\/uploads\/2014\/01\/2014_Diptico_UP.webp",399,570,false]},"uagb_author_info":{"display_name":"ayuntamiento","author_link":"https:\/\/coria.org\/ayuntamiento\/index.php\/author\/ayuntamiento\/"},"uagb_comment_info":0,"uagb_excerpt":"A partir del mes del mes de Febrero se van a poner en marcha una serie de nuevos cursos y talleres, que la Universidad Popular de Coria oferta a la poblaci\u00f3n mayor de 16 a\u00f1os. Algunos son continuaci\u00f3n de los ya iniciados en Octubre, que finalizan en este mes de Enero y demandan una segunda&hellip;","_links":{"self":[{"href":"https:\/\/coria.org\/ayuntamiento\/index.php\/wp-json\/wp\/v2\/posts\/26061","targetHints":{"allow":["GET"]}}],"collection":[{"href":"https:\/\/coria.org\/ayuntamiento\/index.php\/wp-json\/wp\/v2\/posts"}],"about":[{"href":"https:\/\/coria.org\/ayuntamiento\/index.php\/wp-json\/wp\/v2\/types\/post"}],"author":[{"embeddable":true,"href":"https:\/\/coria.org\/ayuntamiento\/index.php\/wp-json\/wp\/v2\/users\/2"}],"replies":[{"embeddable":true,"href":"https:\/\/coria.org\/ayuntamiento\/index.php\/wp-json\/wp\/v2\/comments?post=26061"}],"version-history":[{"count":0,"href":"https:\/\/coria.org\/ayuntamiento\/index.php\/wp-json\/wp\/v2\/posts\/26061\/revisions"}],"wp:featuredmedia":[{"embeddable":true,"href":"https:\/\/coria.org\/ayuntamiento\/index.php\/wp-json\/wp\/v2\/media\/64854"}],"wp:attachment":[{"href":"https:\/\/coria.org\/ayuntamiento\/index.php\/wp-json\/wp\/v2\/media?parent=26061"}],"wp:term":[{"taxonomy":"category","embeddable":true,"href":"https:\/\/coria.org\/ayuntamiento\/index.php\/wp-json\/wp\/v2\/categories?post=26061"},{"taxonomy":"post_tag","embeddable":true,"href":"https:\/\/coria.org\/ayuntamiento\/index.php\/wp-json\/wp\/v2\/tags?post=26061"}],"curies":[{"name":"wp","href":"https:\/\/api.w.org\/{rel}","templated":true}]}}