{"id":26030,"date":"2014-02-14T00:00:00","date_gmt":"2014-02-14T00:00:00","guid":{"rendered":"https:\/\/ayuntamiento.coriaenimagenes.com\/validacion-telematica-para-la-matricula-de-los-cursos-del-ilm\/"},"modified":"2025-06-16T13:55:45","modified_gmt":"2025-06-16T11:55:45","slug":"validacion-telematica-para-la-matricula-de-los-cursos-del-ilm","status":"publish","type":"post","link":"https:\/\/coria.org\/ayuntamiento\/index.php\/2014\/02\/14\/validacion-telematica-para-la-matricula-de-los-cursos-del-ilm\/","title":{"rendered":"Validaci\u00f3n Telem\u00e1tica para la matr\u00edcula de los Cursos del  ILM"},"content":{"rendered":"\n<p>\u00a0Desde el Instituto de Lenguas Modernas, nos comunican que todos los alumnos matriculados en el curso 2013\/2014 , OBLIGATORIAMENTE tienen que validar su matr\u00edcula mediante v\u00eda telem\u00e1tica desde el 17 al 28 de febrero de 2014 a trav\u00e9s de la web del Centro www.unex.es\/ilm.<\/p>\n\n\n<figure class=\"wp-block-post-featured-image\"><img loading=\"lazy\" decoding=\"async\" width=\"768\" height=\"349\" src=\"https:\/\/coria.org\/ayuntamiento\/wp-content\/uploads\/2014\/03\/ilmedificio.webp\" class=\"attachment-post-thumbnail size-post-thumbnail wp-post-image\" alt=\"\" style=\"object-fit:cover;\" \/><\/figure>\n\n\n<p>Las indicaciones que deben seguir est\u00e1n publicadas en el siguiente enlace:<\/p>\n\n\n\n<p>http:\/\/www.unex.es\/organizacion\/organos-unipersonales\/vicerrectorados\/viceext\/estructura\/instituto-de-lenguas-modernas-uex\/alumnado\/automatricula-curso-2013-14<\/p>\n\n\n\n<p>Este requisito es imprescindible para ser evaluado. Con esta medida el ILM se incorporar\u00e1 al sistema telem\u00e1tico de la UEx, esto nos reportar\u00e1 mayor rapidez y eficacia para todos. De esta forma, se podr\u00e1 beneficiar de todo cuanto facilita el Portal de Servicios de la UEx.<\/p>\n","protected":false},"excerpt":{"rendered":"<p>\u00a0Desde el Instituto de Lenguas Modernas, nos comunican que todos los alumnos matriculados en el curso 2013\/2014 , OBLIGATORIAMENTE tienen que validar su matr\u00edcula mediante v\u00eda telem\u00e1tica desde el 17 al 28 de febrero de 2014 a trav\u00e9s de la web del Centro www.unex.es\/ilm. Las indicaciones que deben seguir est\u00e1n publicadas en el siguiente enlace: [&hellip;]<\/p>\n","protected":false},"author":2,"featured_media":63440,"comment_status":"closed","ping_status":"closed","sticky":false,"template":"","format":"standard","meta":{"_uag_custom_page_level_css":"","footnotes":""},"categories":[2],"tags":[1469],"class_list":["post-26030","post","type-post","status-publish","format-standard","has-post-thumbnail","hentry","category-noticias","tag-ilm"],"yoast_head":"<!-- This site is optimized with the Yoast SEO plugin v27.4 - https:\/\/yoast.com\/product\/yoast-seo-wordpress\/ -->\n<title>Validaci\u00f3n Telem\u00e1tica para la matr\u00edcula de los Cursos del ILM - Ayuntamiento de Coria<\/title>\n<meta name=\"description\" content=\"Desde el Instituto de Lenguas Modernas, nos comunican que todos los alumnos matriculados en el curso 2013\/2014 , OBLIGATORIAMENTE tienen que validar su matr\u00edcula mediante v\u00eda telem\u00e1tica desde el 17 al 28 de febrero de 2014 a trav\u00e9s de la web del Centro www.unex.es\/ilm.\" \/>\n<meta name=\"robots\" content=\"index, follow, max-snippet:-1, max-image-preview:large, max-video-preview:-1\" \/>\n<link rel=\"canonical\" href=\"https:\/\/coria.org\/ayuntamiento\/index.php\/2014\/02\/14\/validacion-telematica-para-la-matricula-de-los-cursos-del-ilm\/\" \/>\n<meta property=\"og:locale\" content=\"es_ES\" \/>\n<meta property=\"og:type\" content=\"article\" \/>\n<meta property=\"og:title\" content=\"Validaci\u00f3n Telem\u00e1tica para la matr\u00edcula de los Cursos del ILM - Ayuntamiento de Coria\" \/>\n<meta property=\"og:description\" content=\"Desde el Instituto de Lenguas Modernas, nos comunican que todos los alumnos matriculados en el curso 2013\/2014 , OBLIGATORIAMENTE tienen que validar su matr\u00edcula mediante v\u00eda telem\u00e1tica desde el 17 al 28 de febrero de 2014 a trav\u00e9s de la web del Centro www.unex.es\/ilm.\" \/>\n<meta property=\"og:url\" content=\"https:\/\/coria.org\/ayuntamiento\/index.php\/2014\/02\/14\/validacion-telematica-para-la-matricula-de-los-cursos-del-ilm\/\" \/>\n<meta property=\"og:site_name\" content=\"Ayuntamiento de Coria\" \/>\n<meta property=\"article:publisher\" content=\"https:\/\/www.facebook.com\/Ayuntamiento.de.Coria\" \/>\n<meta property=\"article:published_time\" content=\"2014-02-14T00:00:00+00:00\" \/>\n<meta property=\"article:modified_time\" content=\"2025-06-16T11:55:45+00:00\" \/>\n<meta property=\"og:image\" content=\"https:\/\/coria.org\/ayuntamiento\/wp-content\/uploads\/2014\/03\/ilmedificio.webp\" \/>\n\t<meta property=\"og:image:width\" content=\"768\" \/>\n\t<meta property=\"og:image:height\" content=\"349\" \/>\n\t<meta property=\"og:image:type\" content=\"image\/webp\" \/>\n<meta name=\"author\" content=\"ayuntamiento\" \/>\n<meta name=\"twitter:card\" content=\"summary_large_image\" \/>\n<meta name=\"twitter:creator\" content=\"@Ayto_de_Coria\" \/>\n<meta name=\"twitter:site\" content=\"@Ayto_de_Coria\" \/>\n<meta name=\"twitter:label1\" content=\"Escrito por\" \/>\n\t<meta name=\"twitter:data1\" content=\"ayuntamiento\" \/>\n\t<meta name=\"twitter:label2\" content=\"Tiempo de lectura\" \/>\n\t<meta name=\"twitter:data2\" content=\"1 minuto\" \/>\n<script type=\"application\/ld+json\" class=\"yoast-schema-graph\">{\"@context\":\"https:\\\/\\\/schema.org\",\"@graph\":[{\"@type\":\"Article\",\"@id\":\"https:\\\/\\\/coria.org\\\/ayuntamiento\\\/index.php\\\/2014\\\/02\\\/14\\\/validacion-telematica-para-la-matricula-de-los-cursos-del-ilm\\\/#article\",\"isPartOf\":{\"@id\":\"https:\\\/\\\/coria.org\\\/ayuntamiento\\\/index.php\\\/2014\\\/02\\\/14\\\/validacion-telematica-para-la-matricula-de-los-cursos-del-ilm\\\/\"},\"author\":{\"name\":\"ayuntamiento\",\"@id\":\"https:\\\/\\\/coria.org\\\/ayuntamiento\\\/#\\\/schema\\\/person\\\/8bd589f0e13e8ae5aa06def7a599d622\"},\"headline\":\"Validaci\u00f3n Telem\u00e1tica para la matr\u00edcula de los Cursos del ILM\",\"datePublished\":\"2014-02-14T00:00:00+00:00\",\"dateModified\":\"2025-06-16T11:55:45+00:00\",\"mainEntityOfPage\":{\"@id\":\"https:\\\/\\\/coria.org\\\/ayuntamiento\\\/index.php\\\/2014\\\/02\\\/14\\\/validacion-telematica-para-la-matricula-de-los-cursos-del-ilm\\\/\"},\"wordCount\":131,\"publisher\":{\"@id\":\"https:\\\/\\\/coria.org\\\/ayuntamiento\\\/#organization\"},\"image\":{\"@id\":\"https:\\\/\\\/coria.org\\\/ayuntamiento\\\/index.php\\\/2014\\\/02\\\/14\\\/validacion-telematica-para-la-matricula-de-los-cursos-del-ilm\\\/#primaryimage\"},\"thumbnailUrl\":\"https:\\\/\\\/coria.org\\\/ayuntamiento\\\/wp-content\\\/uploads\\\/2014\\\/03\\\/ilmedificio.webp\",\"keywords\":[\"ilm\"],\"articleSection\":[\"Noticias\"],\"inLanguage\":\"es\"},{\"@type\":\"WebPage\",\"@id\":\"https:\\\/\\\/coria.org\\\/ayuntamiento\\\/index.php\\\/2014\\\/02\\\/14\\\/validacion-telematica-para-la-matricula-de-los-cursos-del-ilm\\\/\",\"url\":\"https:\\\/\\\/coria.org\\\/ayuntamiento\\\/index.php\\\/2014\\\/02\\\/14\\\/validacion-telematica-para-la-matricula-de-los-cursos-del-ilm\\\/\",\"name\":\"Validaci\u00f3n Telem\u00e1tica para la matr\u00edcula de los Cursos del ILM - Ayuntamiento de Coria\",\"isPartOf\":{\"@id\":\"https:\\\/\\\/coria.org\\\/ayuntamiento\\\/#website\"},\"primaryImageOfPage\":{\"@id\":\"https:\\\/\\\/coria.org\\\/ayuntamiento\\\/index.php\\\/2014\\\/02\\\/14\\\/validacion-telematica-para-la-matricula-de-los-cursos-del-ilm\\\/#primaryimage\"},\"image\":{\"@id\":\"https:\\\/\\\/coria.org\\\/ayuntamiento\\\/index.php\\\/2014\\\/02\\\/14\\\/validacion-telematica-para-la-matricula-de-los-cursos-del-ilm\\\/#primaryimage\"},\"thumbnailUrl\":\"https:\\\/\\\/coria.org\\\/ayuntamiento\\\/wp-content\\\/uploads\\\/2014\\\/03\\\/ilmedificio.webp\",\"datePublished\":\"2014-02-14T00:00:00+00:00\",\"dateModified\":\"2025-06-16T11:55:45+00:00\",\"description\":\"Desde el Instituto de Lenguas Modernas, nos comunican que todos los alumnos matriculados en el curso 2013\\\/2014 , OBLIGATORIAMENTE tienen que validar su matr\u00edcula mediante v\u00eda telem\u00e1tica desde el 17 al 28 de febrero de 2014 a trav\u00e9s de la web del Centro www.unex.es\\\/ilm.\",\"breadcrumb\":{\"@id\":\"https:\\\/\\\/coria.org\\\/ayuntamiento\\\/index.php\\\/2014\\\/02\\\/14\\\/validacion-telematica-para-la-matricula-de-los-cursos-del-ilm\\\/#breadcrumb\"},\"inLanguage\":\"es\",\"potentialAction\":[{\"@type\":\"ReadAction\",\"target\":[\"https:\\\/\\\/coria.org\\\/ayuntamiento\\\/index.php\\\/2014\\\/02\\\/14\\\/validacion-telematica-para-la-matricula-de-los-cursos-del-ilm\\\/\"]}]},{\"@type\":\"ImageObject\",\"inLanguage\":\"es\",\"@id\":\"https:\\\/\\\/coria.org\\\/ayuntamiento\\\/index.php\\\/2014\\\/02\\\/14\\\/validacion-telematica-para-la-matricula-de-los-cursos-del-ilm\\\/#primaryimage\",\"url\":\"https:\\\/\\\/coria.org\\\/ayuntamiento\\\/wp-content\\\/uploads\\\/2014\\\/03\\\/ilmedificio.webp\",\"contentUrl\":\"https:\\\/\\\/coria.org\\\/ayuntamiento\\\/wp-content\\\/uploads\\\/2014\\\/03\\\/ilmedificio.webp\",\"width\":768,\"height\":349},{\"@type\":\"BreadcrumbList\",\"@id\":\"https:\\\/\\\/coria.org\\\/ayuntamiento\\\/index.php\\\/2014\\\/02\\\/14\\\/validacion-telematica-para-la-matricula-de-los-cursos-del-ilm\\\/#breadcrumb\",\"itemListElement\":[{\"@type\":\"ListItem\",\"position\":1,\"name\":\"Inicio\",\"item\":\"https:\\\/\\\/coria.org\\\/ayuntamiento\\\/\"},{\"@type\":\"ListItem\",\"position\":2,\"name\":\"Validaci\u00f3n Telem\u00e1tica para la matr\u00edcula de los Cursos del ILM\"}]},{\"@type\":\"WebSite\",\"@id\":\"https:\\\/\\\/coria.org\\\/ayuntamiento\\\/#website\",\"url\":\"https:\\\/\\\/coria.org\\\/ayuntamiento\\\/\",\"name\":\"Ayuntamiento de Coria\",\"description\":\"Web oficial del Ayuntamiento de Coria\",\"publisher\":{\"@id\":\"https:\\\/\\\/coria.org\\\/ayuntamiento\\\/#organization\"},\"alternateName\":\"Web Oficial del Ayuntamiento de Coria\",\"potentialAction\":[{\"@type\":\"SearchAction\",\"target\":{\"@type\":\"EntryPoint\",\"urlTemplate\":\"https:\\\/\\\/coria.org\\\/ayuntamiento\\\/?s={search_term_string}\"},\"query-input\":{\"@type\":\"PropertyValueSpecification\",\"valueRequired\":true,\"valueName\":\"search_term_string\"}}],\"inLanguage\":\"es\"},{\"@type\":\"Organization\",\"@id\":\"https:\\\/\\\/coria.org\\\/ayuntamiento\\\/#organization\",\"name\":\"Ayuntamiento de Coria\",\"alternateName\":\"Ayto de Coria\",\"url\":\"https:\\\/\\\/coria.org\\\/ayuntamiento\\\/\",\"logo\":{\"@type\":\"ImageObject\",\"inLanguage\":\"es\",\"@id\":\"https:\\\/\\\/coria.org\\\/ayuntamiento\\\/#\\\/schema\\\/logo\\\/image\\\/\",\"url\":\"https:\\\/\\\/coria.org\\\/ayuntamiento\\\/wp-content\\\/uploads\\\/2020\\\/12\\\/escudo-ayuntamiento-coria.png\",\"contentUrl\":\"https:\\\/\\\/coria.org\\\/ayuntamiento\\\/wp-content\\\/uploads\\\/2020\\\/12\\\/escudo-ayuntamiento-coria.png\",\"width\":511,\"height\":240,\"caption\":\"Ayuntamiento de Coria\"},\"image\":{\"@id\":\"https:\\\/\\\/coria.org\\\/ayuntamiento\\\/#\\\/schema\\\/logo\\\/image\\\/\"},\"sameAs\":[\"https:\\\/\\\/www.facebook.com\\\/Ayuntamiento.de.Coria\",\"https:\\\/\\\/x.com\\\/Ayto_de_Coria\",\"https:\\\/\\\/www.instagram.com\\\/coria.ayuntamiento\\\/\",\"https:\\\/\\\/www.youtube.com\\\/user\\\/AYUNTAMIENTOCORIA\"]},{\"@type\":\"Person\",\"@id\":\"https:\\\/\\\/coria.org\\\/ayuntamiento\\\/#\\\/schema\\\/person\\\/8bd589f0e13e8ae5aa06def7a599d622\",\"name\":\"ayuntamiento\",\"image\":{\"@type\":\"ImageObject\",\"inLanguage\":\"es\",\"@id\":\"https:\\\/\\\/secure.gravatar.com\\\/avatar\\\/966e5ed73cad334adda5c87f49f2547f7082f7292c1b627cbb548744383b391c?s=96&d=mm&r=g\",\"url\":\"https:\\\/\\\/secure.gravatar.com\\\/avatar\\\/966e5ed73cad334adda5c87f49f2547f7082f7292c1b627cbb548744383b391c?s=96&d=mm&r=g\",\"contentUrl\":\"https:\\\/\\\/secure.gravatar.com\\\/avatar\\\/966e5ed73cad334adda5c87f49f2547f7082f7292c1b627cbb548744383b391c?s=96&d=mm&r=g\",\"caption\":\"ayuntamiento\"}}]}<\/script>\n<!-- \/ Yoast SEO plugin. -->","yoast_head_json":{"title":"Validaci\u00f3n Telem\u00e1tica para la matr\u00edcula de los Cursos del ILM - Ayuntamiento de Coria","description":"Desde el Instituto de Lenguas Modernas, nos comunican que todos los alumnos matriculados en el curso 2013\/2014 , OBLIGATORIAMENTE tienen que validar su matr\u00edcula mediante v\u00eda telem\u00e1tica desde el 17 al 28 de febrero de 2014 a trav\u00e9s de la web del Centro www.unex.es\/ilm.","robots":{"index":"index","follow":"follow","max-snippet":"max-snippet:-1","max-image-preview":"max-image-preview:large","max-video-preview":"max-video-preview:-1"},"canonical":"https:\/\/coria.org\/ayuntamiento\/index.php\/2014\/02\/14\/validacion-telematica-para-la-matricula-de-los-cursos-del-ilm\/","og_locale":"es_ES","og_type":"article","og_title":"Validaci\u00f3n Telem\u00e1tica para la matr\u00edcula de los Cursos del ILM - Ayuntamiento de Coria","og_description":"Desde el Instituto de Lenguas Modernas, nos comunican que todos los alumnos matriculados en el curso 2013\/2014 , OBLIGATORIAMENTE tienen que validar su matr\u00edcula mediante v\u00eda telem\u00e1tica desde el 17 al 28 de febrero de 2014 a trav\u00e9s de la web del Centro www.unex.es\/ilm.","og_url":"https:\/\/coria.org\/ayuntamiento\/index.php\/2014\/02\/14\/validacion-telematica-para-la-matricula-de-los-cursos-del-ilm\/","og_site_name":"Ayuntamiento de Coria","article_publisher":"https:\/\/www.facebook.com\/Ayuntamiento.de.Coria","article_published_time":"2014-02-14T00:00:00+00:00","article_modified_time":"2025-06-16T11:55:45+00:00","og_image":[{"width":768,"height":349,"url":"https:\/\/coria.org\/ayuntamiento\/wp-content\/uploads\/2014\/03\/ilmedificio.webp","type":"image\/webp"}],"author":"ayuntamiento","twitter_card":"summary_large_image","twitter_creator":"@Ayto_de_Coria","twitter_site":"@Ayto_de_Coria","twitter_misc":{"Escrito por":"ayuntamiento","Tiempo de lectura":"1 minuto"},"schema":{"@context":"https:\/\/schema.org","@graph":[{"@type":"Article","@id":"https:\/\/coria.org\/ayuntamiento\/index.php\/2014\/02\/14\/validacion-telematica-para-la-matricula-de-los-cursos-del-ilm\/#article","isPartOf":{"@id":"https:\/\/coria.org\/ayuntamiento\/index.php\/2014\/02\/14\/validacion-telematica-para-la-matricula-de-los-cursos-del-ilm\/"},"author":{"name":"ayuntamiento","@id":"https:\/\/coria.org\/ayuntamiento\/#\/schema\/person\/8bd589f0e13e8ae5aa06def7a599d622"},"headline":"Validaci\u00f3n Telem\u00e1tica para la matr\u00edcula de los Cursos del ILM","datePublished":"2014-02-14T00:00:00+00:00","dateModified":"2025-06-16T11:55:45+00:00","mainEntityOfPage":{"@id":"https:\/\/coria.org\/ayuntamiento\/index.php\/2014\/02\/14\/validacion-telematica-para-la-matricula-de-los-cursos-del-ilm\/"},"wordCount":131,"publisher":{"@id":"https:\/\/coria.org\/ayuntamiento\/#organization"},"image":{"@id":"https:\/\/coria.org\/ayuntamiento\/index.php\/2014\/02\/14\/validacion-telematica-para-la-matricula-de-los-cursos-del-ilm\/#primaryimage"},"thumbnailUrl":"https:\/\/coria.org\/ayuntamiento\/wp-content\/uploads\/2014\/03\/ilmedificio.webp","keywords":["ilm"],"articleSection":["Noticias"],"inLanguage":"es"},{"@type":"WebPage","@id":"https:\/\/coria.org\/ayuntamiento\/index.php\/2014\/02\/14\/validacion-telematica-para-la-matricula-de-los-cursos-del-ilm\/","url":"https:\/\/coria.org\/ayuntamiento\/index.php\/2014\/02\/14\/validacion-telematica-para-la-matricula-de-los-cursos-del-ilm\/","name":"Validaci\u00f3n Telem\u00e1tica para la matr\u00edcula de los Cursos del ILM - Ayuntamiento de Coria","isPartOf":{"@id":"https:\/\/coria.org\/ayuntamiento\/#website"},"primaryImageOfPage":{"@id":"https:\/\/coria.org\/ayuntamiento\/index.php\/2014\/02\/14\/validacion-telematica-para-la-matricula-de-los-cursos-del-ilm\/#primaryimage"},"image":{"@id":"https:\/\/coria.org\/ayuntamiento\/index.php\/2014\/02\/14\/validacion-telematica-para-la-matricula-de-los-cursos-del-ilm\/#primaryimage"},"thumbnailUrl":"https:\/\/coria.org\/ayuntamiento\/wp-content\/uploads\/2014\/03\/ilmedificio.webp","datePublished":"2014-02-14T00:00:00+00:00","dateModified":"2025-06-16T11:55:45+00:00","description":"Desde el Instituto de Lenguas Modernas, nos comunican que todos los alumnos matriculados en el curso 2013\/2014 , OBLIGATORIAMENTE tienen que validar su matr\u00edcula mediante v\u00eda telem\u00e1tica desde el 17 al 28 de febrero de 2014 a trav\u00e9s de la web del Centro www.unex.es\/ilm.","breadcrumb":{"@id":"https:\/\/coria.org\/ayuntamiento\/index.php\/2014\/02\/14\/validacion-telematica-para-la-matricula-de-los-cursos-del-ilm\/#breadcrumb"},"inLanguage":"es","potentialAction":[{"@type":"ReadAction","target":["https:\/\/coria.org\/ayuntamiento\/index.php\/2014\/02\/14\/validacion-telematica-para-la-matricula-de-los-cursos-del-ilm\/"]}]},{"@type":"ImageObject","inLanguage":"es","@id":"https:\/\/coria.org\/ayuntamiento\/index.php\/2014\/02\/14\/validacion-telematica-para-la-matricula-de-los-cursos-del-ilm\/#primaryimage","url":"https:\/\/coria.org\/ayuntamiento\/wp-content\/uploads\/2014\/03\/ilmedificio.webp","contentUrl":"https:\/\/coria.org\/ayuntamiento\/wp-content\/uploads\/2014\/03\/ilmedificio.webp","width":768,"height":349},{"@type":"BreadcrumbList","@id":"https:\/\/coria.org\/ayuntamiento\/index.php\/2014\/02\/14\/validacion-telematica-para-la-matricula-de-los-cursos-del-ilm\/#breadcrumb","itemListElement":[{"@type":"ListItem","position":1,"name":"Inicio","item":"https:\/\/coria.org\/ayuntamiento\/"},{"@type":"ListItem","position":2,"name":"Validaci\u00f3n Telem\u00e1tica para la matr\u00edcula de los Cursos del ILM"}]},{"@type":"WebSite","@id":"https:\/\/coria.org\/ayuntamiento\/#website","url":"https:\/\/coria.org\/ayuntamiento\/","name":"Ayuntamiento de Coria","description":"Web oficial del Ayuntamiento de Coria","publisher":{"@id":"https:\/\/coria.org\/ayuntamiento\/#organization"},"alternateName":"Web Oficial del Ayuntamiento de Coria","potentialAction":[{"@type":"SearchAction","target":{"@type":"EntryPoint","urlTemplate":"https:\/\/coria.org\/ayuntamiento\/?s={search_term_string}"},"query-input":{"@type":"PropertyValueSpecification","valueRequired":true,"valueName":"search_term_string"}}],"inLanguage":"es"},{"@type":"Organization","@id":"https:\/\/coria.org\/ayuntamiento\/#organization","name":"Ayuntamiento de Coria","alternateName":"Ayto de Coria","url":"https:\/\/coria.org\/ayuntamiento\/","logo":{"@type":"ImageObject","inLanguage":"es","@id":"https:\/\/coria.org\/ayuntamiento\/#\/schema\/logo\/image\/","url":"https:\/\/coria.org\/ayuntamiento\/wp-content\/uploads\/2020\/12\/escudo-ayuntamiento-coria.png","contentUrl":"https:\/\/coria.org\/ayuntamiento\/wp-content\/uploads\/2020\/12\/escudo-ayuntamiento-coria.png","width":511,"height":240,"caption":"Ayuntamiento de Coria"},"image":{"@id":"https:\/\/coria.org\/ayuntamiento\/#\/schema\/logo\/image\/"},"sameAs":["https:\/\/www.facebook.com\/Ayuntamiento.de.Coria","https:\/\/x.com\/Ayto_de_Coria","https:\/\/www.instagram.com\/coria.ayuntamiento\/","https:\/\/www.youtube.com\/user\/AYUNTAMIENTOCORIA"]},{"@type":"Person","@id":"https:\/\/coria.org\/ayuntamiento\/#\/schema\/person\/8bd589f0e13e8ae5aa06def7a599d622","name":"ayuntamiento","image":{"@type":"ImageObject","inLanguage":"es","@id":"https:\/\/secure.gravatar.com\/avatar\/966e5ed73cad334adda5c87f49f2547f7082f7292c1b627cbb548744383b391c?s=96&d=mm&r=g","url":"https:\/\/secure.gravatar.com\/avatar\/966e5ed73cad334adda5c87f49f2547f7082f7292c1b627cbb548744383b391c?s=96&d=mm&r=g","contentUrl":"https:\/\/secure.gravatar.com\/avatar\/966e5ed73cad334adda5c87f49f2547f7082f7292c1b627cbb548744383b391c?s=96&d=mm&r=g","caption":"ayuntamiento"}}]}},"uagb_featured_image_src":{"full":["https:\/\/coria.org\/ayuntamiento\/wp-content\/uploads\/2014\/03\/ilmedificio.webp",768,349,false],"thumbnail":["https:\/\/coria.org\/ayuntamiento\/wp-content\/uploads\/2014\/03\/ilmedificio-150x150.webp",150,150,true],"medium":["https:\/\/coria.org\/ayuntamiento\/wp-content\/uploads\/2014\/03\/ilmedificio.webp",768,349,false],"medium_large":["https:\/\/coria.org\/ayuntamiento\/wp-content\/uploads\/2014\/03\/ilmedificio.webp",768,349,false],"large":["https:\/\/coria.org\/ayuntamiento\/wp-content\/uploads\/2014\/03\/ilmedificio.webp",768,349,false],"thumblist":["https:\/\/coria.org\/ayuntamiento\/wp-content\/uploads\/2014\/03\/ilmedificio-300x300.webp",300,300,true],"thumbrelated":["https:\/\/coria.org\/ayuntamiento\/wp-content\/uploads\/2014\/03\/ilmedificio-500x349.webp",500,349,true],"meccarouselthumb":["https:\/\/coria.org\/ayuntamiento\/wp-content\/uploads\/2014\/03\/ilmedificio-474x324.webp",474,324,true],"gridsquare":["https:\/\/coria.org\/ayuntamiento\/wp-content\/uploads\/2014\/03\/ilmedificio-391x260.webp",391,260,true],"tileview":["https:\/\/coria.org\/ayuntamiento\/wp-content\/uploads\/2014\/03\/ilmedificio-300x349.webp",300,349,true],"1536x1536":["https:\/\/coria.org\/ayuntamiento\/wp-content\/uploads\/2014\/03\/ilmedificio.webp",768,349,false],"2048x2048":["https:\/\/coria.org\/ayuntamiento\/wp-content\/uploads\/2014\/03\/ilmedificio.webp",768,349,false]},"uagb_author_info":{"display_name":"ayuntamiento","author_link":"https:\/\/coria.org\/ayuntamiento\/index.php\/author\/ayuntamiento\/"},"uagb_comment_info":0,"uagb_excerpt":"\u00a0Desde el Instituto de Lenguas Modernas, nos comunican que todos los alumnos matriculados en el curso 2013\/2014 , OBLIGATORIAMENTE tienen que validar su matr\u00edcula mediante v\u00eda telem\u00e1tica desde el 17 al 28 de febrero de 2014 a trav\u00e9s de la web del Centro www.unex.es\/ilm. Las indicaciones que deben seguir est\u00e1n publicadas en el siguiente enlace:&hellip;","_links":{"self":[{"href":"https:\/\/coria.org\/ayuntamiento\/index.php\/wp-json\/wp\/v2\/posts\/26030","targetHints":{"allow":["GET"]}}],"collection":[{"href":"https:\/\/coria.org\/ayuntamiento\/index.php\/wp-json\/wp\/v2\/posts"}],"about":[{"href":"https:\/\/coria.org\/ayuntamiento\/index.php\/wp-json\/wp\/v2\/types\/post"}],"author":[{"embeddable":true,"href":"https:\/\/coria.org\/ayuntamiento\/index.php\/wp-json\/wp\/v2\/users\/2"}],"replies":[{"embeddable":true,"href":"https:\/\/coria.org\/ayuntamiento\/index.php\/wp-json\/wp\/v2\/comments?post=26030"}],"version-history":[{"count":0,"href":"https:\/\/coria.org\/ayuntamiento\/index.php\/wp-json\/wp\/v2\/posts\/26030\/revisions"}],"wp:featuredmedia":[{"embeddable":true,"href":"https:\/\/coria.org\/ayuntamiento\/index.php\/wp-json\/wp\/v2\/media\/63440"}],"wp:attachment":[{"href":"https:\/\/coria.org\/ayuntamiento\/index.php\/wp-json\/wp\/v2\/media?parent=26030"}],"wp:term":[{"taxonomy":"category","embeddable":true,"href":"https:\/\/coria.org\/ayuntamiento\/index.php\/wp-json\/wp\/v2\/categories?post=26030"},{"taxonomy":"post_tag","embeddable":true,"href":"https:\/\/coria.org\/ayuntamiento\/index.php\/wp-json\/wp\/v2\/tags?post=26030"}],"curies":[{"name":"wp","href":"https:\/\/api.w.org\/{rel}","templated":true}]}}