{"id":25981,"date":"2014-04-09T00:00:00","date_gmt":"2014-04-09T00:00:00","guid":{"rendered":"https:\/\/ayuntamiento.coriaenimagenes.com\/procesion-de-maria-santisima-del-amor-hermoso-2\/"},"modified":"2024-11-18T11:33:37","modified_gmt":"2024-11-18T10:33:37","slug":"procesion-de-maria-santisima-del-amor-hermoso-2","status":"publish","type":"post","link":"https:\/\/coria.org\/ayuntamiento\/index.php\/2014\/04\/09\/procesion-de-maria-santisima-del-amor-hermoso-2\/","title":{"rendered":"Procesi\u00f3n de Mar\u00eda Sant\u00edsima del Amor Hermoso"},"content":{"rendered":"\n<p>Con motivo de la Procesi\u00f3n de Mar\u00eda Sant\u00edsima del Amor Hermoso, que se celebrar\u00e1 en la noche del DOMINGO, se ruega a los vecinos que retiren todos los veh\u00edculos de las siguientes calles, antes de las 9 de la noche<\/p>\n\n\n<figure class=\"wp-block-post-featured-image\"><img loading=\"lazy\" decoding=\"async\" width=\"850\" height=\"567\" src=\"https:\/\/coria.org\/ayuntamiento\/wp-content\/uploads\/2022\/04\/13736845425_aae87c9f8a_o-1.jpg\" class=\"attachment-post-thumbnail size-post-thumbnail wp-post-image\" alt=\"\" style=\"object-fit:cover;\" srcset=\"https:\/\/coria.org\/ayuntamiento\/wp-content\/uploads\/2022\/04\/13736845425_aae87c9f8a_o-1.jpg 850w, https:\/\/coria.org\/ayuntamiento\/wp-content\/uploads\/2022\/04\/13736845425_aae87c9f8a_o-1-300x200.jpg 300w, https:\/\/coria.org\/ayuntamiento\/wp-content\/uploads\/2022\/04\/13736845425_aae87c9f8a_o-1-768x512.jpg 768w\" sizes=\"auto, (max-width: 850px) 100vw, 850px\" \/><\/figure>\n\n\n<p>C.\/ DE LA IGLESIA<br>C.\/ SOL<br>PLAZUELA DEL CARMEN<br>C.\/ C\u00c1CERES<br>C.\/ GOBERNADOR<br>C.\/ MERCADILLO<br>C.\/ ALCALDE FRANCISCO LOMO<br>C.\/AGUA<br>C.\/ GUIJO<br>C.\/ CARRETAS<br>PLAZA DEL MENTIDERO<br>C.\/ ENCIERRO<br>C.\/ HORNO<br>PLAZA DE ESPA\u00d1A<\/p>\n\n\n\n<p class=\"has-text-align-center\">Coria, a 7 de abril de 2014<\/p>\n\n\n\n<p class=\"has-text-align-center\">EL ALCALDE<\/p>\n\n\n\n<p class=\"has-text-align-center\">Fdo.: Jos\u00e9 Manuel Garc\u00eda Ballestero<\/p>\n","protected":false},"excerpt":{"rendered":"<p>Con motivo de la Procesi\u00f3n de Mar\u00eda Sant\u00edsima del Amor Hermoso, que se celebrar\u00e1 en la noche del DOMINGO, se ruega a los vecinos que retiren todos los veh\u00edculos de las siguientes calles, antes de las 9 de la noche C.\/ DE LA IGLESIAC.\/ SOLPLAZUELA DEL CARMENC.\/ C\u00c1CERESC.\/ GOBERNADORC.\/ MERCADILLOC.\/ ALCALDE FRANCISCO LOMOC.\/AGUAC.\/ GUIJOC.\/ CARRETASPLAZA [&hellip;]<\/p>\n","protected":false},"author":2,"featured_media":31322,"comment_status":"closed","ping_status":"closed","sticky":false,"template":"","format":"standard","meta":{"_uag_custom_page_level_css":"","footnotes":""},"categories":[2],"tags":[1154],"class_list":["post-25981","post","type-post","status-publish","format-standard","has-post-thumbnail","hentry","category-noticias","tag-semana-santa"],"yoast_head":"<!-- This site is optimized with the Yoast SEO plugin v27.4 - https:\/\/yoast.com\/product\/yoast-seo-wordpress\/ -->\n<title>Procesi\u00f3n de Mar\u00eda Sant\u00edsima del Amor Hermoso - Ayuntamiento de Coria<\/title>\n<meta name=\"description\" content=\"Con motivo de la Procesi\u00f3n de Mar\u00eda Sant\u00edsima del Amor Hermoso, que se celebrar\u00e1 en la noche del DOMINGO, se ruega a los vecinos que retiren todos los veh\u00edculos de las siguientes calles, antes de las 9 de la noche\" \/>\n<meta name=\"robots\" content=\"index, follow, max-snippet:-1, max-image-preview:large, max-video-preview:-1\" \/>\n<link rel=\"canonical\" href=\"https:\/\/coria.org\/ayuntamiento\/index.php\/2014\/04\/09\/procesion-de-maria-santisima-del-amor-hermoso-2\/\" \/>\n<meta property=\"og:locale\" content=\"es_ES\" \/>\n<meta property=\"og:type\" content=\"article\" \/>\n<meta property=\"og:title\" content=\"Procesi\u00f3n de Mar\u00eda Sant\u00edsima del Amor Hermoso\" \/>\n<meta property=\"og:description\" content=\"Con motivo de la Procesi\u00f3n de Mar\u00eda Sant\u00edsima del Amor Hermoso, que se celebrar\u00e1 en la noche del DOMINGO, se ruega a los vecinos que retiren todos los veh\u00edculos de las siguientes calles, antes de las 9 de la noche\" \/>\n<meta property=\"og:url\" content=\"https:\/\/coria.org\/ayuntamiento\/index.php\/2014\/04\/09\/procesion-de-maria-santisima-del-amor-hermoso-2\/\" \/>\n<meta property=\"og:site_name\" content=\"Ayuntamiento de Coria\" \/>\n<meta property=\"article:publisher\" content=\"https:\/\/www.facebook.com\/Ayuntamiento.de.Coria\" \/>\n<meta property=\"article:published_time\" content=\"2014-04-09T00:00:00+00:00\" \/>\n<meta property=\"article:modified_time\" content=\"2024-11-18T10:33:37+00:00\" \/>\n<meta property=\"og:image\" content=\"https:\/\/coria.org\/ayuntamiento\/wp-content\/uploads\/2022\/04\/13736845425_aae87c9f8a_o-1.jpg\" \/>\n\t<meta property=\"og:image:width\" content=\"850\" \/>\n\t<meta property=\"og:image:height\" content=\"567\" \/>\n\t<meta property=\"og:image:type\" content=\"image\/jpeg\" \/>\n<meta name=\"author\" content=\"ayuntamiento\" \/>\n<meta name=\"twitter:card\" content=\"summary_large_image\" \/>\n<meta name=\"twitter:creator\" content=\"@Ayto_de_Coria\" \/>\n<meta name=\"twitter:site\" content=\"@Ayto_de_Coria\" \/>\n<meta name=\"twitter:label1\" content=\"Escrito por\" \/>\n\t<meta name=\"twitter:data1\" content=\"ayuntamiento\" \/>\n\t<meta name=\"twitter:label2\" content=\"Tiempo de lectura\" \/>\n\t<meta name=\"twitter:data2\" content=\"1 minuto\" \/>\n<script type=\"application\/ld+json\" class=\"yoast-schema-graph\">{\"@context\":\"https:\\\/\\\/schema.org\",\"@graph\":[{\"@type\":\"Article\",\"@id\":\"https:\\\/\\\/coria.org\\\/ayuntamiento\\\/index.php\\\/2014\\\/04\\\/09\\\/procesion-de-maria-santisima-del-amor-hermoso-2\\\/#article\",\"isPartOf\":{\"@id\":\"https:\\\/\\\/coria.org\\\/ayuntamiento\\\/index.php\\\/2014\\\/04\\\/09\\\/procesion-de-maria-santisima-del-amor-hermoso-2\\\/\"},\"author\":{\"name\":\"ayuntamiento\",\"@id\":\"https:\\\/\\\/coria.org\\\/ayuntamiento\\\/#\\\/schema\\\/person\\\/8bd589f0e13e8ae5aa06def7a599d622\"},\"headline\":\"Procesi\u00f3n de Mar\u00eda Sant\u00edsima del Amor Hermoso\",\"datePublished\":\"2014-04-09T00:00:00+00:00\",\"dateModified\":\"2024-11-18T10:33:37+00:00\",\"mainEntityOfPage\":{\"@id\":\"https:\\\/\\\/coria.org\\\/ayuntamiento\\\/index.php\\\/2014\\\/04\\\/09\\\/procesion-de-maria-santisima-del-amor-hermoso-2\\\/\"},\"wordCount\":90,\"publisher\":{\"@id\":\"https:\\\/\\\/coria.org\\\/ayuntamiento\\\/#organization\"},\"image\":{\"@id\":\"https:\\\/\\\/coria.org\\\/ayuntamiento\\\/index.php\\\/2014\\\/04\\\/09\\\/procesion-de-maria-santisima-del-amor-hermoso-2\\\/#primaryimage\"},\"thumbnailUrl\":\"https:\\\/\\\/coria.org\\\/ayuntamiento\\\/wp-content\\\/uploads\\\/2022\\\/04\\\/13736845425_aae87c9f8a_o-1.jpg\",\"keywords\":[\"semana santa\"],\"articleSection\":[\"Noticias\"],\"inLanguage\":\"es\"},{\"@type\":\"WebPage\",\"@id\":\"https:\\\/\\\/coria.org\\\/ayuntamiento\\\/index.php\\\/2014\\\/04\\\/09\\\/procesion-de-maria-santisima-del-amor-hermoso-2\\\/\",\"url\":\"https:\\\/\\\/coria.org\\\/ayuntamiento\\\/index.php\\\/2014\\\/04\\\/09\\\/procesion-de-maria-santisima-del-amor-hermoso-2\\\/\",\"name\":\"Procesi\u00f3n de Mar\u00eda Sant\u00edsima del Amor Hermoso - Ayuntamiento de Coria\",\"isPartOf\":{\"@id\":\"https:\\\/\\\/coria.org\\\/ayuntamiento\\\/#website\"},\"primaryImageOfPage\":{\"@id\":\"https:\\\/\\\/coria.org\\\/ayuntamiento\\\/index.php\\\/2014\\\/04\\\/09\\\/procesion-de-maria-santisima-del-amor-hermoso-2\\\/#primaryimage\"},\"image\":{\"@id\":\"https:\\\/\\\/coria.org\\\/ayuntamiento\\\/index.php\\\/2014\\\/04\\\/09\\\/procesion-de-maria-santisima-del-amor-hermoso-2\\\/#primaryimage\"},\"thumbnailUrl\":\"https:\\\/\\\/coria.org\\\/ayuntamiento\\\/wp-content\\\/uploads\\\/2022\\\/04\\\/13736845425_aae87c9f8a_o-1.jpg\",\"datePublished\":\"2014-04-09T00:00:00+00:00\",\"dateModified\":\"2024-11-18T10:33:37+00:00\",\"description\":\"Con motivo de la Procesi\u00f3n de Mar\u00eda Sant\u00edsima del Amor Hermoso, que se celebrar\u00e1 en la noche del DOMINGO, se ruega a los vecinos que retiren todos los veh\u00edculos de las siguientes calles, antes de las 9 de la noche\",\"breadcrumb\":{\"@id\":\"https:\\\/\\\/coria.org\\\/ayuntamiento\\\/index.php\\\/2014\\\/04\\\/09\\\/procesion-de-maria-santisima-del-amor-hermoso-2\\\/#breadcrumb\"},\"inLanguage\":\"es\",\"potentialAction\":[{\"@type\":\"ReadAction\",\"target\":[\"https:\\\/\\\/coria.org\\\/ayuntamiento\\\/index.php\\\/2014\\\/04\\\/09\\\/procesion-de-maria-santisima-del-amor-hermoso-2\\\/\"]}]},{\"@type\":\"ImageObject\",\"inLanguage\":\"es\",\"@id\":\"https:\\\/\\\/coria.org\\\/ayuntamiento\\\/index.php\\\/2014\\\/04\\\/09\\\/procesion-de-maria-santisima-del-amor-hermoso-2\\\/#primaryimage\",\"url\":\"https:\\\/\\\/coria.org\\\/ayuntamiento\\\/wp-content\\\/uploads\\\/2022\\\/04\\\/13736845425_aae87c9f8a_o-1.jpg\",\"contentUrl\":\"https:\\\/\\\/coria.org\\\/ayuntamiento\\\/wp-content\\\/uploads\\\/2022\\\/04\\\/13736845425_aae87c9f8a_o-1.jpg\",\"width\":850,\"height\":567},{\"@type\":\"BreadcrumbList\",\"@id\":\"https:\\\/\\\/coria.org\\\/ayuntamiento\\\/index.php\\\/2014\\\/04\\\/09\\\/procesion-de-maria-santisima-del-amor-hermoso-2\\\/#breadcrumb\",\"itemListElement\":[{\"@type\":\"ListItem\",\"position\":1,\"name\":\"Inicio\",\"item\":\"https:\\\/\\\/coria.org\\\/ayuntamiento\\\/\"},{\"@type\":\"ListItem\",\"position\":2,\"name\":\"Procesi\u00f3n de Mar\u00eda Sant\u00edsima del Amor Hermoso\"}]},{\"@type\":\"WebSite\",\"@id\":\"https:\\\/\\\/coria.org\\\/ayuntamiento\\\/#website\",\"url\":\"https:\\\/\\\/coria.org\\\/ayuntamiento\\\/\",\"name\":\"Ayuntamiento de Coria\",\"description\":\"Web oficial del Ayuntamiento de Coria\",\"publisher\":{\"@id\":\"https:\\\/\\\/coria.org\\\/ayuntamiento\\\/#organization\"},\"alternateName\":\"Web Oficial del Ayuntamiento de Coria\",\"potentialAction\":[{\"@type\":\"SearchAction\",\"target\":{\"@type\":\"EntryPoint\",\"urlTemplate\":\"https:\\\/\\\/coria.org\\\/ayuntamiento\\\/?s={search_term_string}\"},\"query-input\":{\"@type\":\"PropertyValueSpecification\",\"valueRequired\":true,\"valueName\":\"search_term_string\"}}],\"inLanguage\":\"es\"},{\"@type\":\"Organization\",\"@id\":\"https:\\\/\\\/coria.org\\\/ayuntamiento\\\/#organization\",\"name\":\"Ayuntamiento de Coria\",\"alternateName\":\"Ayto de Coria\",\"url\":\"https:\\\/\\\/coria.org\\\/ayuntamiento\\\/\",\"logo\":{\"@type\":\"ImageObject\",\"inLanguage\":\"es\",\"@id\":\"https:\\\/\\\/coria.org\\\/ayuntamiento\\\/#\\\/schema\\\/logo\\\/image\\\/\",\"url\":\"https:\\\/\\\/coria.org\\\/ayuntamiento\\\/wp-content\\\/uploads\\\/2020\\\/12\\\/escudo-ayuntamiento-coria.png\",\"contentUrl\":\"https:\\\/\\\/coria.org\\\/ayuntamiento\\\/wp-content\\\/uploads\\\/2020\\\/12\\\/escudo-ayuntamiento-coria.png\",\"width\":511,\"height\":240,\"caption\":\"Ayuntamiento de Coria\"},\"image\":{\"@id\":\"https:\\\/\\\/coria.org\\\/ayuntamiento\\\/#\\\/schema\\\/logo\\\/image\\\/\"},\"sameAs\":[\"https:\\\/\\\/www.facebook.com\\\/Ayuntamiento.de.Coria\",\"https:\\\/\\\/x.com\\\/Ayto_de_Coria\",\"https:\\\/\\\/www.instagram.com\\\/coria.ayuntamiento\\\/\",\"https:\\\/\\\/www.youtube.com\\\/user\\\/AYUNTAMIENTOCORIA\"]},{\"@type\":\"Person\",\"@id\":\"https:\\\/\\\/coria.org\\\/ayuntamiento\\\/#\\\/schema\\\/person\\\/8bd589f0e13e8ae5aa06def7a599d622\",\"name\":\"ayuntamiento\",\"image\":{\"@type\":\"ImageObject\",\"inLanguage\":\"es\",\"@id\":\"https:\\\/\\\/secure.gravatar.com\\\/avatar\\\/966e5ed73cad334adda5c87f49f2547f7082f7292c1b627cbb548744383b391c?s=96&d=mm&r=g\",\"url\":\"https:\\\/\\\/secure.gravatar.com\\\/avatar\\\/966e5ed73cad334adda5c87f49f2547f7082f7292c1b627cbb548744383b391c?s=96&d=mm&r=g\",\"contentUrl\":\"https:\\\/\\\/secure.gravatar.com\\\/avatar\\\/966e5ed73cad334adda5c87f49f2547f7082f7292c1b627cbb548744383b391c?s=96&d=mm&r=g\",\"caption\":\"ayuntamiento\"}}]}<\/script>\n<!-- \/ Yoast SEO plugin. -->","yoast_head_json":{"title":"Procesi\u00f3n de Mar\u00eda Sant\u00edsima del Amor Hermoso - Ayuntamiento de Coria","description":"Con motivo de la Procesi\u00f3n de Mar\u00eda Sant\u00edsima del Amor Hermoso, que se celebrar\u00e1 en la noche del DOMINGO, se ruega a los vecinos que retiren todos los veh\u00edculos de las siguientes calles, antes de las 9 de la noche","robots":{"index":"index","follow":"follow","max-snippet":"max-snippet:-1","max-image-preview":"max-image-preview:large","max-video-preview":"max-video-preview:-1"},"canonical":"https:\/\/coria.org\/ayuntamiento\/index.php\/2014\/04\/09\/procesion-de-maria-santisima-del-amor-hermoso-2\/","og_locale":"es_ES","og_type":"article","og_title":"Procesi\u00f3n de Mar\u00eda Sant\u00edsima del Amor Hermoso","og_description":"Con motivo de la Procesi\u00f3n de Mar\u00eda Sant\u00edsima del Amor Hermoso, que se celebrar\u00e1 en la noche del DOMINGO, se ruega a los vecinos que retiren todos los veh\u00edculos de las siguientes calles, antes de las 9 de la noche","og_url":"https:\/\/coria.org\/ayuntamiento\/index.php\/2014\/04\/09\/procesion-de-maria-santisima-del-amor-hermoso-2\/","og_site_name":"Ayuntamiento de Coria","article_publisher":"https:\/\/www.facebook.com\/Ayuntamiento.de.Coria","article_published_time":"2014-04-09T00:00:00+00:00","article_modified_time":"2024-11-18T10:33:37+00:00","og_image":[{"width":850,"height":567,"url":"https:\/\/coria.org\/ayuntamiento\/wp-content\/uploads\/2022\/04\/13736845425_aae87c9f8a_o-1.jpg","type":"image\/jpeg"}],"author":"ayuntamiento","twitter_card":"summary_large_image","twitter_creator":"@Ayto_de_Coria","twitter_site":"@Ayto_de_Coria","twitter_misc":{"Escrito por":"ayuntamiento","Tiempo de lectura":"1 minuto"},"schema":{"@context":"https:\/\/schema.org","@graph":[{"@type":"Article","@id":"https:\/\/coria.org\/ayuntamiento\/index.php\/2014\/04\/09\/procesion-de-maria-santisima-del-amor-hermoso-2\/#article","isPartOf":{"@id":"https:\/\/coria.org\/ayuntamiento\/index.php\/2014\/04\/09\/procesion-de-maria-santisima-del-amor-hermoso-2\/"},"author":{"name":"ayuntamiento","@id":"https:\/\/coria.org\/ayuntamiento\/#\/schema\/person\/8bd589f0e13e8ae5aa06def7a599d622"},"headline":"Procesi\u00f3n de Mar\u00eda Sant\u00edsima del Amor Hermoso","datePublished":"2014-04-09T00:00:00+00:00","dateModified":"2024-11-18T10:33:37+00:00","mainEntityOfPage":{"@id":"https:\/\/coria.org\/ayuntamiento\/index.php\/2014\/04\/09\/procesion-de-maria-santisima-del-amor-hermoso-2\/"},"wordCount":90,"publisher":{"@id":"https:\/\/coria.org\/ayuntamiento\/#organization"},"image":{"@id":"https:\/\/coria.org\/ayuntamiento\/index.php\/2014\/04\/09\/procesion-de-maria-santisima-del-amor-hermoso-2\/#primaryimage"},"thumbnailUrl":"https:\/\/coria.org\/ayuntamiento\/wp-content\/uploads\/2022\/04\/13736845425_aae87c9f8a_o-1.jpg","keywords":["semana santa"],"articleSection":["Noticias"],"inLanguage":"es"},{"@type":"WebPage","@id":"https:\/\/coria.org\/ayuntamiento\/index.php\/2014\/04\/09\/procesion-de-maria-santisima-del-amor-hermoso-2\/","url":"https:\/\/coria.org\/ayuntamiento\/index.php\/2014\/04\/09\/procesion-de-maria-santisima-del-amor-hermoso-2\/","name":"Procesi\u00f3n de Mar\u00eda Sant\u00edsima del Amor Hermoso - Ayuntamiento de Coria","isPartOf":{"@id":"https:\/\/coria.org\/ayuntamiento\/#website"},"primaryImageOfPage":{"@id":"https:\/\/coria.org\/ayuntamiento\/index.php\/2014\/04\/09\/procesion-de-maria-santisima-del-amor-hermoso-2\/#primaryimage"},"image":{"@id":"https:\/\/coria.org\/ayuntamiento\/index.php\/2014\/04\/09\/procesion-de-maria-santisima-del-amor-hermoso-2\/#primaryimage"},"thumbnailUrl":"https:\/\/coria.org\/ayuntamiento\/wp-content\/uploads\/2022\/04\/13736845425_aae87c9f8a_o-1.jpg","datePublished":"2014-04-09T00:00:00+00:00","dateModified":"2024-11-18T10:33:37+00:00","description":"Con motivo de la Procesi\u00f3n de Mar\u00eda Sant\u00edsima del Amor Hermoso, que se celebrar\u00e1 en la noche del DOMINGO, se ruega a los vecinos que retiren todos los veh\u00edculos de las siguientes calles, antes de las 9 de la noche","breadcrumb":{"@id":"https:\/\/coria.org\/ayuntamiento\/index.php\/2014\/04\/09\/procesion-de-maria-santisima-del-amor-hermoso-2\/#breadcrumb"},"inLanguage":"es","potentialAction":[{"@type":"ReadAction","target":["https:\/\/coria.org\/ayuntamiento\/index.php\/2014\/04\/09\/procesion-de-maria-santisima-del-amor-hermoso-2\/"]}]},{"@type":"ImageObject","inLanguage":"es","@id":"https:\/\/coria.org\/ayuntamiento\/index.php\/2014\/04\/09\/procesion-de-maria-santisima-del-amor-hermoso-2\/#primaryimage","url":"https:\/\/coria.org\/ayuntamiento\/wp-content\/uploads\/2022\/04\/13736845425_aae87c9f8a_o-1.jpg","contentUrl":"https:\/\/coria.org\/ayuntamiento\/wp-content\/uploads\/2022\/04\/13736845425_aae87c9f8a_o-1.jpg","width":850,"height":567},{"@type":"BreadcrumbList","@id":"https:\/\/coria.org\/ayuntamiento\/index.php\/2014\/04\/09\/procesion-de-maria-santisima-del-amor-hermoso-2\/#breadcrumb","itemListElement":[{"@type":"ListItem","position":1,"name":"Inicio","item":"https:\/\/coria.org\/ayuntamiento\/"},{"@type":"ListItem","position":2,"name":"Procesi\u00f3n de Mar\u00eda Sant\u00edsima del Amor Hermoso"}]},{"@type":"WebSite","@id":"https:\/\/coria.org\/ayuntamiento\/#website","url":"https:\/\/coria.org\/ayuntamiento\/","name":"Ayuntamiento de Coria","description":"Web oficial del Ayuntamiento de Coria","publisher":{"@id":"https:\/\/coria.org\/ayuntamiento\/#organization"},"alternateName":"Web Oficial del Ayuntamiento de Coria","potentialAction":[{"@type":"SearchAction","target":{"@type":"EntryPoint","urlTemplate":"https:\/\/coria.org\/ayuntamiento\/?s={search_term_string}"},"query-input":{"@type":"PropertyValueSpecification","valueRequired":true,"valueName":"search_term_string"}}],"inLanguage":"es"},{"@type":"Organization","@id":"https:\/\/coria.org\/ayuntamiento\/#organization","name":"Ayuntamiento de Coria","alternateName":"Ayto de Coria","url":"https:\/\/coria.org\/ayuntamiento\/","logo":{"@type":"ImageObject","inLanguage":"es","@id":"https:\/\/coria.org\/ayuntamiento\/#\/schema\/logo\/image\/","url":"https:\/\/coria.org\/ayuntamiento\/wp-content\/uploads\/2020\/12\/escudo-ayuntamiento-coria.png","contentUrl":"https:\/\/coria.org\/ayuntamiento\/wp-content\/uploads\/2020\/12\/escudo-ayuntamiento-coria.png","width":511,"height":240,"caption":"Ayuntamiento de Coria"},"image":{"@id":"https:\/\/coria.org\/ayuntamiento\/#\/schema\/logo\/image\/"},"sameAs":["https:\/\/www.facebook.com\/Ayuntamiento.de.Coria","https:\/\/x.com\/Ayto_de_Coria","https:\/\/www.instagram.com\/coria.ayuntamiento\/","https:\/\/www.youtube.com\/user\/AYUNTAMIENTOCORIA"]},{"@type":"Person","@id":"https:\/\/coria.org\/ayuntamiento\/#\/schema\/person\/8bd589f0e13e8ae5aa06def7a599d622","name":"ayuntamiento","image":{"@type":"ImageObject","inLanguage":"es","@id":"https:\/\/secure.gravatar.com\/avatar\/966e5ed73cad334adda5c87f49f2547f7082f7292c1b627cbb548744383b391c?s=96&d=mm&r=g","url":"https:\/\/secure.gravatar.com\/avatar\/966e5ed73cad334adda5c87f49f2547f7082f7292c1b627cbb548744383b391c?s=96&d=mm&r=g","contentUrl":"https:\/\/secure.gravatar.com\/avatar\/966e5ed73cad334adda5c87f49f2547f7082f7292c1b627cbb548744383b391c?s=96&d=mm&r=g","caption":"ayuntamiento"}}]}},"uagb_featured_image_src":{"full":["https:\/\/coria.org\/ayuntamiento\/wp-content\/uploads\/2022\/04\/13736845425_aae87c9f8a_o-1.jpg",850,567,false],"thumbnail":["https:\/\/coria.org\/ayuntamiento\/wp-content\/uploads\/2022\/04\/13736845425_aae87c9f8a_o-1-150x150.jpg",150,150,true],"medium":["https:\/\/coria.org\/ayuntamiento\/wp-content\/uploads\/2022\/04\/13736845425_aae87c9f8a_o-1-300x200.jpg",300,200,true],"medium_large":["https:\/\/coria.org\/ayuntamiento\/wp-content\/uploads\/2022\/04\/13736845425_aae87c9f8a_o-1-768x512.jpg",768,512,true],"large":["https:\/\/coria.org\/ayuntamiento\/wp-content\/uploads\/2022\/04\/13736845425_aae87c9f8a_o-1.jpg",850,567,false],"thumblist":["https:\/\/coria.org\/ayuntamiento\/wp-content\/uploads\/2022\/04\/13736845425_aae87c9f8a_o-1.jpg",300,200,false],"thumbrelated":["https:\/\/coria.org\/ayuntamiento\/wp-content\/uploads\/2022\/04\/13736845425_aae87c9f8a_o-1.jpg",500,334,false],"meccarouselthumb":["https:\/\/coria.org\/ayuntamiento\/wp-content\/uploads\/2022\/04\/13736845425_aae87c9f8a_o-1.jpg",474,316,false],"gridsquare":["https:\/\/coria.org\/ayuntamiento\/wp-content\/uploads\/2022\/04\/13736845425_aae87c9f8a_o-1.jpg",391,260,false],"tileview":["https:\/\/coria.org\/ayuntamiento\/wp-content\/uploads\/2022\/04\/13736845425_aae87c9f8a_o-1.jpg",300,200,false],"1536x1536":["https:\/\/coria.org\/ayuntamiento\/wp-content\/uploads\/2022\/04\/13736845425_aae87c9f8a_o-1.jpg",850,567,false],"2048x2048":["https:\/\/coria.org\/ayuntamiento\/wp-content\/uploads\/2022\/04\/13736845425_aae87c9f8a_o-1.jpg",850,567,false]},"uagb_author_info":{"display_name":"ayuntamiento","author_link":"https:\/\/coria.org\/ayuntamiento\/index.php\/author\/ayuntamiento\/"},"uagb_comment_info":0,"uagb_excerpt":"Con motivo de la Procesi\u00f3n de Mar\u00eda Sant\u00edsima del Amor Hermoso, que se celebrar\u00e1 en la noche del DOMINGO, se ruega a los vecinos que retiren todos los veh\u00edculos de las siguientes calles, antes de las 9 de la noche C.\/ DE LA IGLESIAC.\/ SOLPLAZUELA DEL CARMENC.\/ C\u00c1CERESC.\/ GOBERNADORC.\/ MERCADILLOC.\/ ALCALDE FRANCISCO LOMOC.\/AGUAC.\/ GUIJOC.\/ CARRETASPLAZA&hellip;","_links":{"self":[{"href":"https:\/\/coria.org\/ayuntamiento\/index.php\/wp-json\/wp\/v2\/posts\/25981","targetHints":{"allow":["GET"]}}],"collection":[{"href":"https:\/\/coria.org\/ayuntamiento\/index.php\/wp-json\/wp\/v2\/posts"}],"about":[{"href":"https:\/\/coria.org\/ayuntamiento\/index.php\/wp-json\/wp\/v2\/types\/post"}],"author":[{"embeddable":true,"href":"https:\/\/coria.org\/ayuntamiento\/index.php\/wp-json\/wp\/v2\/users\/2"}],"replies":[{"embeddable":true,"href":"https:\/\/coria.org\/ayuntamiento\/index.php\/wp-json\/wp\/v2\/comments?post=25981"}],"version-history":[{"count":0,"href":"https:\/\/coria.org\/ayuntamiento\/index.php\/wp-json\/wp\/v2\/posts\/25981\/revisions"}],"wp:featuredmedia":[{"embeddable":true,"href":"https:\/\/coria.org\/ayuntamiento\/index.php\/wp-json\/wp\/v2\/media\/31322"}],"wp:attachment":[{"href":"https:\/\/coria.org\/ayuntamiento\/index.php\/wp-json\/wp\/v2\/media?parent=25981"}],"wp:term":[{"taxonomy":"category","embeddable":true,"href":"https:\/\/coria.org\/ayuntamiento\/index.php\/wp-json\/wp\/v2\/categories?post=25981"},{"taxonomy":"post_tag","embeddable":true,"href":"https:\/\/coria.org\/ayuntamiento\/index.php\/wp-json\/wp\/v2\/tags?post=25981"}],"curies":[{"name":"wp","href":"https:\/\/api.w.org\/{rel}","templated":true}]}}