{"id":25921,"date":"2014-06-09T00:00:00","date_gmt":"2014-06-09T00:00:00","guid":{"rendered":"https:\/\/ayuntamiento.coriaenimagenes.com\/la-subdelegada-del-gobierno-jeronima-sayagues-preside-la-junta-local-de-seguridad-de-san-juan-2014\/"},"modified":"2023-09-18T12:40:00","modified_gmt":"2023-09-18T10:40:00","slug":"la-subdelegada-del-gobierno-jeronima-sayagues-preside-la-junta-local-de-seguridad-de-san-juan-2014","status":"publish","type":"post","link":"https:\/\/coria.org\/ayuntamiento\/index.php\/2014\/06\/09\/la-subdelegada-del-gobierno-jeronima-sayagues-preside-la-junta-local-de-seguridad-de-san-juan-2014\/","title":{"rendered":"La Subdelegada del Gobierno, Jer\u00f3nima Sayagu\u00e9s, preside la Junta Local de Seguridad de San Juan 2014"},"content":{"rendered":"\n<p><b>Durante los festejos, un total de 200 agentes velar\u00e1n por la seguridad ciudadana durante la celebraci\u00f3n de la Fiesta de San Juan <\/b><\/p>\n\n<figure class=\"wp-block-post-featured-image\"><img loading=\"lazy\" decoding=\"async\" width=\"960\" height=\"540\" src=\"https:\/\/coria.org\/ayuntamiento\/wp-content\/uploads\/2014\/06\/14196133268_019d4a2f6d_o.jpg\" class=\"attachment-post-thumbnail size-post-thumbnail wp-post-image\" alt=\"\" style=\"object-fit:cover;\" srcset=\"https:\/\/coria.org\/ayuntamiento\/wp-content\/uploads\/2014\/06\/14196133268_019d4a2f6d_o.jpg 960w, https:\/\/coria.org\/ayuntamiento\/wp-content\/uploads\/2014\/06\/14196133268_019d4a2f6d_o-300x169.jpg 300w, https:\/\/coria.org\/ayuntamiento\/wp-content\/uploads\/2014\/06\/14196133268_019d4a2f6d_o-768x432.jpg 768w\" sizes=\"auto, (max-width: 960px) 100vw, 960px\" \/><\/figure>\n\n<p><span style=\"font-family: verdana,arial,helvetica,sans-serif; font-size: small;\">Esta ma\u00f1ana se ha celebrado en el Ayuntamiento de Coria la Junta Local de Seguridad, presidida por la Subdelegada del Gobierno en C\u00e1ceres, Jer\u00f3nima Sayagu\u00e9s Prieto y el Alcalde de la localidad, Jos\u00e9 Manuel Garc\u00eda Ballestero.<\/span><\/p>\n\n\n<p><span style=\"font-family: verdana,arial,helvetica,sans-serif; font-size: small;\">Junto a ellos han asistido el Teniente Coronel jefe de la Guardia Civil de C\u00e1ceres, Laureano Mart\u00edn, el Capit\u00e1n de la Guardia Civil, Francisco Gago Contreras, el Subinspector de la Polic\u00eda Local, Joaqu\u00edn Barrio Go\u00f1i, el Concejal de Seguridad, Juan Manuel Guti\u00e9rrez, entre otras autoridades.<\/span><\/p>\n\n\n<p><span style=\"font-family: verdana,arial,helvetica,sans-serif; font-size: small;\">Los Sanjuanes han centrado la reuni\u00f3n hoy de la Junta Local de Seguridad del municipio, en la que se ha acordado la actuaci\u00f3n conjunta de Guardia Civil y Polic\u00eda Local para velar por la seguridad durante su celebraci\u00f3n, en la que 200 agentes velar\u00e1n por la seguridad ciudadana durante la celebraci\u00f3n de la Fiesta de San Juan de Coria, declarada de Inter\u00e9s Tur\u00edstico Nacional, y que, del 23 al 29 de junio, incluye una veintena de espect\u00e1culos populares taurinos en el entramado urbano de la localidad<\/span><\/p>\n\n\n<p><span style=\"font-family: verdana,arial,helvetica,sans-serif; font-size: small;\">Esta fiesta concentra un gran n\u00famero de festejos taurinos, de ah\u00ed que la coordinaci\u00f3n entre las distintas fuerzas de seguridad y emergencias sea vital para un desarrollo normal de la misma.<\/span><\/p>\n\n\n<p><span style=\"font-family: verdana,arial,helvetica,sans-serif; font-size: small;\">El alcalde de la localidad, Garc\u00eda Ballestero, explica que a pesar de analizarse los dispositivos de seguridad para estas fiestas, \u00ablos siete d\u00edas m\u00e1s seguros de Coria son, precisamente, los d\u00edas de celebraci\u00f3n de los Sanjuanes porque se extreman todos los detalles\u00bb.<\/span><\/p>\n\n\n<p><span style=\"font-family: verdana,arial,helvetica,sans-serif; font-size: small;\">\u00abLa plaza de toros de Coria tiene 60.000 metros cuadrados, que es lo que tiene el Casco Antiguo de la Ciudad, de ah\u00ed que todo tenga que estar muy bien coordinado de cara a la seguridad ciudadana\u00bb, subraya el primer edil.<\/span><\/p>\n\n\n<p><span style=\"font-family: verdana,arial,helvetica,sans-serif; font-size: small;\">Garc\u00eda Ballestero anuncia, como novedad este a\u00f1o, \u00abla posibilidad de cortar al tr\u00e1fico rodado la traves\u00eda principal de la ciudad durante la celebraci\u00f3n de los encierros para as\u00ed poder aumentar todav\u00eda m\u00e1s la seguridad de los festejos\u00bb.<\/span><\/p>\n\n\n<p><span style=\"font-family: verdana,arial,helvetica,sans-serif; font-size: small;\">La subdelegada del Gobierno en C\u00e1ceres, Jer\u00f3nima Sayagu\u00e9s, destaca que la provincia de C\u00e1ceres es la m\u00e1s segura de Espa\u00f1a y agrega que \u00abaunque todav\u00eda se pueden mejorar algunas cosas el nivel que hemos alcanzado es tal que a este paso no vamos a necesitar ni a las fuerzas de seguridad\u00bb.<\/span><\/p>\n\n\n<p><span style=\"font-family: verdana,arial,helvetica,sans-serif; font-size: small;\">Por su parte, el jefe de la Guardia Civil en C\u00e1ceres indica que el dispositivo de seguridad \u00abest\u00e1 preparado para que la celebraci\u00f3n de una tradici\u00f3n tan arraigada en Coria contin\u00fae con estos altos niveles de seguridad que ha conseguido hasta la fecha, o incluso mejorarlos\u00bb. Por ello, el Teniente Coronel jefe de la Guardia Civil de C\u00e1ceres, Laureano Mart\u00edn, anuncia que durante San Juan se van a incrementar los servicios de apoyo a la compa\u00f1\u00eda de Coria desde C\u00e1ceres y Plasencia, contando con la participaci\u00f3n de m\u00e1s 200 efectivos. <\/span><\/p>\n\n\n<p><br \/><iframe loading=\"lazy\" src=\"http:\/\/www.youtube.com\/embed\/W4wSFt-Di2c\" width=\"640\" height=\"480\" frameborder=\"0\"><\/iframe><\/p>\n","protected":false},"excerpt":{"rendered":"<p>Durante los festejos, un total de 200 agentes velar\u00e1n por la seguridad ciudadana durante la celebraci\u00f3n de la Fiesta de San Juan Esta ma\u00f1ana se ha celebrado en el Ayuntamiento de Coria la Junta Local de Seguridad, presidida por la Subdelegada del Gobierno en C\u00e1ceres, Jer\u00f3nima Sayagu\u00e9s Prieto y el Alcalde de la localidad, Jos\u00e9 [&hellip;]<\/p>\n","protected":false},"author":2,"featured_media":31193,"comment_status":"closed","ping_status":"closed","sticky":false,"template":"","format":"standard","meta":{"_uag_custom_page_level_css":"","footnotes":""},"categories":[2],"tags":[3,4],"class_list":["post-25921","post","type-post","status-publish","format-standard","has-post-thumbnail","hentry","category-noticias","tag-coria","tag-extremadura"],"yoast_head":"<!-- This site is optimized with the Yoast SEO plugin v27.4 - https:\/\/yoast.com\/product\/yoast-seo-wordpress\/ -->\n<title>La Subdelegada del Gobierno, Jer\u00f3nima Sayagu\u00e9s, preside la Junta Local de Seguridad de San Juan 2014 - Ayuntamiento de Coria<\/title>\n<meta name=\"robots\" content=\"index, follow, max-snippet:-1, max-image-preview:large, max-video-preview:-1\" \/>\n<link rel=\"canonical\" href=\"https:\/\/coria.org\/ayuntamiento\/index.php\/2014\/06\/09\/la-subdelegada-del-gobierno-jeronima-sayagues-preside-la-junta-local-de-seguridad-de-san-juan-2014\/\" \/>\n<meta property=\"og:locale\" content=\"es_ES\" \/>\n<meta property=\"og:type\" content=\"article\" \/>\n<meta property=\"og:title\" content=\"La Subdelegada del Gobierno, Jer\u00f3nima Sayagu\u00e9s, preside la Junta Local de Seguridad de San Juan 2014 - Ayuntamiento de Coria\" \/>\n<meta property=\"og:description\" content=\"Durante los festejos, un total de 200 agentes velar\u00e1n por la seguridad ciudadana durante la celebraci\u00f3n de la Fiesta de San Juan Esta ma\u00f1ana se ha celebrado en el Ayuntamiento de Coria la Junta Local de Seguridad, presidida por la Subdelegada del Gobierno en C\u00e1ceres, Jer\u00f3nima Sayagu\u00e9s Prieto y el Alcalde de la localidad, Jos\u00e9 [&hellip;]\" \/>\n<meta property=\"og:url\" content=\"https:\/\/coria.org\/ayuntamiento\/index.php\/2014\/06\/09\/la-subdelegada-del-gobierno-jeronima-sayagues-preside-la-junta-local-de-seguridad-de-san-juan-2014\/\" \/>\n<meta property=\"og:site_name\" content=\"Ayuntamiento de Coria\" \/>\n<meta property=\"article:publisher\" content=\"https:\/\/www.facebook.com\/Ayuntamiento.de.Coria\" \/>\n<meta property=\"article:published_time\" content=\"2014-06-09T00:00:00+00:00\" \/>\n<meta property=\"article:modified_time\" content=\"2023-09-18T10:40:00+00:00\" \/>\n<meta property=\"og:image\" content=\"https:\/\/coria.org\/ayuntamiento\/wp-content\/uploads\/2014\/06\/14196133268_019d4a2f6d_o.jpg\" \/>\n\t<meta property=\"og:image:width\" content=\"960\" \/>\n\t<meta property=\"og:image:height\" content=\"540\" \/>\n\t<meta property=\"og:image:type\" content=\"image\/jpeg\" \/>\n<meta name=\"author\" content=\"ayuntamiento\" \/>\n<meta name=\"twitter:card\" content=\"summary_large_image\" \/>\n<meta name=\"twitter:creator\" content=\"@Ayto_de_Coria\" \/>\n<meta name=\"twitter:site\" content=\"@Ayto_de_Coria\" \/>\n<meta name=\"twitter:label1\" content=\"Escrito por\" \/>\n\t<meta name=\"twitter:data1\" content=\"ayuntamiento\" \/>\n\t<meta name=\"twitter:label2\" content=\"Tiempo de lectura\" \/>\n\t<meta name=\"twitter:data2\" content=\"3 minutos\" \/>\n<script type=\"application\/ld+json\" class=\"yoast-schema-graph\">{\"@context\":\"https:\\\/\\\/schema.org\",\"@graph\":[{\"@type\":\"Article\",\"@id\":\"https:\\\/\\\/coria.org\\\/ayuntamiento\\\/index.php\\\/2014\\\/06\\\/09\\\/la-subdelegada-del-gobierno-jeronima-sayagues-preside-la-junta-local-de-seguridad-de-san-juan-2014\\\/#article\",\"isPartOf\":{\"@id\":\"https:\\\/\\\/coria.org\\\/ayuntamiento\\\/index.php\\\/2014\\\/06\\\/09\\\/la-subdelegada-del-gobierno-jeronima-sayagues-preside-la-junta-local-de-seguridad-de-san-juan-2014\\\/\"},\"author\":{\"name\":\"ayuntamiento\",\"@id\":\"https:\\\/\\\/coria.org\\\/ayuntamiento\\\/#\\\/schema\\\/person\\\/8bd589f0e13e8ae5aa06def7a599d622\"},\"headline\":\"La Subdelegada del Gobierno, Jer\u00f3nima Sayagu\u00e9s, preside la Junta Local de Seguridad de San Juan 2014\",\"datePublished\":\"2014-06-09T00:00:00+00:00\",\"dateModified\":\"2023-09-18T10:40:00+00:00\",\"mainEntityOfPage\":{\"@id\":\"https:\\\/\\\/coria.org\\\/ayuntamiento\\\/index.php\\\/2014\\\/06\\\/09\\\/la-subdelegada-del-gobierno-jeronima-sayagues-preside-la-junta-local-de-seguridad-de-san-juan-2014\\\/\"},\"wordCount\":546,\"publisher\":{\"@id\":\"https:\\\/\\\/coria.org\\\/ayuntamiento\\\/#organization\"},\"image\":{\"@id\":\"https:\\\/\\\/coria.org\\\/ayuntamiento\\\/index.php\\\/2014\\\/06\\\/09\\\/la-subdelegada-del-gobierno-jeronima-sayagues-preside-la-junta-local-de-seguridad-de-san-juan-2014\\\/#primaryimage\"},\"thumbnailUrl\":\"https:\\\/\\\/coria.org\\\/ayuntamiento\\\/wp-content\\\/uploads\\\/2014\\\/06\\\/14196133268_019d4a2f6d_o.jpg\",\"keywords\":[\"coria\",\"extremadura\"],\"articleSection\":[\"Noticias\"],\"inLanguage\":\"es\"},{\"@type\":\"WebPage\",\"@id\":\"https:\\\/\\\/coria.org\\\/ayuntamiento\\\/index.php\\\/2014\\\/06\\\/09\\\/la-subdelegada-del-gobierno-jeronima-sayagues-preside-la-junta-local-de-seguridad-de-san-juan-2014\\\/\",\"url\":\"https:\\\/\\\/coria.org\\\/ayuntamiento\\\/index.php\\\/2014\\\/06\\\/09\\\/la-subdelegada-del-gobierno-jeronima-sayagues-preside-la-junta-local-de-seguridad-de-san-juan-2014\\\/\",\"name\":\"La Subdelegada del Gobierno, Jer\u00f3nima Sayagu\u00e9s, preside la Junta Local de Seguridad de San Juan 2014 - Ayuntamiento de Coria\",\"isPartOf\":{\"@id\":\"https:\\\/\\\/coria.org\\\/ayuntamiento\\\/#website\"},\"primaryImageOfPage\":{\"@id\":\"https:\\\/\\\/coria.org\\\/ayuntamiento\\\/index.php\\\/2014\\\/06\\\/09\\\/la-subdelegada-del-gobierno-jeronima-sayagues-preside-la-junta-local-de-seguridad-de-san-juan-2014\\\/#primaryimage\"},\"image\":{\"@id\":\"https:\\\/\\\/coria.org\\\/ayuntamiento\\\/index.php\\\/2014\\\/06\\\/09\\\/la-subdelegada-del-gobierno-jeronima-sayagues-preside-la-junta-local-de-seguridad-de-san-juan-2014\\\/#primaryimage\"},\"thumbnailUrl\":\"https:\\\/\\\/coria.org\\\/ayuntamiento\\\/wp-content\\\/uploads\\\/2014\\\/06\\\/14196133268_019d4a2f6d_o.jpg\",\"datePublished\":\"2014-06-09T00:00:00+00:00\",\"dateModified\":\"2023-09-18T10:40:00+00:00\",\"breadcrumb\":{\"@id\":\"https:\\\/\\\/coria.org\\\/ayuntamiento\\\/index.php\\\/2014\\\/06\\\/09\\\/la-subdelegada-del-gobierno-jeronima-sayagues-preside-la-junta-local-de-seguridad-de-san-juan-2014\\\/#breadcrumb\"},\"inLanguage\":\"es\",\"potentialAction\":[{\"@type\":\"ReadAction\",\"target\":[\"https:\\\/\\\/coria.org\\\/ayuntamiento\\\/index.php\\\/2014\\\/06\\\/09\\\/la-subdelegada-del-gobierno-jeronima-sayagues-preside-la-junta-local-de-seguridad-de-san-juan-2014\\\/\"]}]},{\"@type\":\"ImageObject\",\"inLanguage\":\"es\",\"@id\":\"https:\\\/\\\/coria.org\\\/ayuntamiento\\\/index.php\\\/2014\\\/06\\\/09\\\/la-subdelegada-del-gobierno-jeronima-sayagues-preside-la-junta-local-de-seguridad-de-san-juan-2014\\\/#primaryimage\",\"url\":\"https:\\\/\\\/coria.org\\\/ayuntamiento\\\/wp-content\\\/uploads\\\/2014\\\/06\\\/14196133268_019d4a2f6d_o.jpg\",\"contentUrl\":\"https:\\\/\\\/coria.org\\\/ayuntamiento\\\/wp-content\\\/uploads\\\/2014\\\/06\\\/14196133268_019d4a2f6d_o.jpg\",\"width\":960,\"height\":540},{\"@type\":\"BreadcrumbList\",\"@id\":\"https:\\\/\\\/coria.org\\\/ayuntamiento\\\/index.php\\\/2014\\\/06\\\/09\\\/la-subdelegada-del-gobierno-jeronima-sayagues-preside-la-junta-local-de-seguridad-de-san-juan-2014\\\/#breadcrumb\",\"itemListElement\":[{\"@type\":\"ListItem\",\"position\":1,\"name\":\"Inicio\",\"item\":\"https:\\\/\\\/coria.org\\\/ayuntamiento\\\/\"},{\"@type\":\"ListItem\",\"position\":2,\"name\":\"La Subdelegada del Gobierno, Jer\u00f3nima Sayagu\u00e9s, preside la Junta Local de Seguridad de San Juan 2014\"}]},{\"@type\":\"WebSite\",\"@id\":\"https:\\\/\\\/coria.org\\\/ayuntamiento\\\/#website\",\"url\":\"https:\\\/\\\/coria.org\\\/ayuntamiento\\\/\",\"name\":\"Ayuntamiento de Coria\",\"description\":\"Web oficial del Ayuntamiento de Coria\",\"publisher\":{\"@id\":\"https:\\\/\\\/coria.org\\\/ayuntamiento\\\/#organization\"},\"alternateName\":\"Web Oficial del Ayuntamiento de Coria\",\"potentialAction\":[{\"@type\":\"SearchAction\",\"target\":{\"@type\":\"EntryPoint\",\"urlTemplate\":\"https:\\\/\\\/coria.org\\\/ayuntamiento\\\/?s={search_term_string}\"},\"query-input\":{\"@type\":\"PropertyValueSpecification\",\"valueRequired\":true,\"valueName\":\"search_term_string\"}}],\"inLanguage\":\"es\"},{\"@type\":\"Organization\",\"@id\":\"https:\\\/\\\/coria.org\\\/ayuntamiento\\\/#organization\",\"name\":\"Ayuntamiento de Coria\",\"alternateName\":\"Ayto de Coria\",\"url\":\"https:\\\/\\\/coria.org\\\/ayuntamiento\\\/\",\"logo\":{\"@type\":\"ImageObject\",\"inLanguage\":\"es\",\"@id\":\"https:\\\/\\\/coria.org\\\/ayuntamiento\\\/#\\\/schema\\\/logo\\\/image\\\/\",\"url\":\"https:\\\/\\\/coria.org\\\/ayuntamiento\\\/wp-content\\\/uploads\\\/2020\\\/12\\\/escudo-ayuntamiento-coria.png\",\"contentUrl\":\"https:\\\/\\\/coria.org\\\/ayuntamiento\\\/wp-content\\\/uploads\\\/2020\\\/12\\\/escudo-ayuntamiento-coria.png\",\"width\":511,\"height\":240,\"caption\":\"Ayuntamiento de Coria\"},\"image\":{\"@id\":\"https:\\\/\\\/coria.org\\\/ayuntamiento\\\/#\\\/schema\\\/logo\\\/image\\\/\"},\"sameAs\":[\"https:\\\/\\\/www.facebook.com\\\/Ayuntamiento.de.Coria\",\"https:\\\/\\\/x.com\\\/Ayto_de_Coria\",\"https:\\\/\\\/www.instagram.com\\\/coria.ayuntamiento\\\/\",\"https:\\\/\\\/www.youtube.com\\\/user\\\/AYUNTAMIENTOCORIA\"]},{\"@type\":\"Person\",\"@id\":\"https:\\\/\\\/coria.org\\\/ayuntamiento\\\/#\\\/schema\\\/person\\\/8bd589f0e13e8ae5aa06def7a599d622\",\"name\":\"ayuntamiento\",\"image\":{\"@type\":\"ImageObject\",\"inLanguage\":\"es\",\"@id\":\"https:\\\/\\\/secure.gravatar.com\\\/avatar\\\/966e5ed73cad334adda5c87f49f2547f7082f7292c1b627cbb548744383b391c?s=96&d=mm&r=g\",\"url\":\"https:\\\/\\\/secure.gravatar.com\\\/avatar\\\/966e5ed73cad334adda5c87f49f2547f7082f7292c1b627cbb548744383b391c?s=96&d=mm&r=g\",\"contentUrl\":\"https:\\\/\\\/secure.gravatar.com\\\/avatar\\\/966e5ed73cad334adda5c87f49f2547f7082f7292c1b627cbb548744383b391c?s=96&d=mm&r=g\",\"caption\":\"ayuntamiento\"}}]}<\/script>\n<!-- \/ Yoast SEO plugin. -->","yoast_head_json":{"title":"La Subdelegada del Gobierno, Jer\u00f3nima Sayagu\u00e9s, preside la Junta Local de Seguridad de San Juan 2014 - Ayuntamiento de Coria","robots":{"index":"index","follow":"follow","max-snippet":"max-snippet:-1","max-image-preview":"max-image-preview:large","max-video-preview":"max-video-preview:-1"},"canonical":"https:\/\/coria.org\/ayuntamiento\/index.php\/2014\/06\/09\/la-subdelegada-del-gobierno-jeronima-sayagues-preside-la-junta-local-de-seguridad-de-san-juan-2014\/","og_locale":"es_ES","og_type":"article","og_title":"La Subdelegada del Gobierno, Jer\u00f3nima Sayagu\u00e9s, preside la Junta Local de Seguridad de San Juan 2014 - Ayuntamiento de Coria","og_description":"Durante los festejos, un total de 200 agentes velar\u00e1n por la seguridad ciudadana durante la celebraci\u00f3n de la Fiesta de San Juan Esta ma\u00f1ana se ha celebrado en el Ayuntamiento de Coria la Junta Local de Seguridad, presidida por la Subdelegada del Gobierno en C\u00e1ceres, Jer\u00f3nima Sayagu\u00e9s Prieto y el Alcalde de la localidad, Jos\u00e9 [&hellip;]","og_url":"https:\/\/coria.org\/ayuntamiento\/index.php\/2014\/06\/09\/la-subdelegada-del-gobierno-jeronima-sayagues-preside-la-junta-local-de-seguridad-de-san-juan-2014\/","og_site_name":"Ayuntamiento de Coria","article_publisher":"https:\/\/www.facebook.com\/Ayuntamiento.de.Coria","article_published_time":"2014-06-09T00:00:00+00:00","article_modified_time":"2023-09-18T10:40:00+00:00","og_image":[{"width":960,"height":540,"url":"https:\/\/coria.org\/ayuntamiento\/wp-content\/uploads\/2014\/06\/14196133268_019d4a2f6d_o.jpg","type":"image\/jpeg"}],"author":"ayuntamiento","twitter_card":"summary_large_image","twitter_creator":"@Ayto_de_Coria","twitter_site":"@Ayto_de_Coria","twitter_misc":{"Escrito por":"ayuntamiento","Tiempo de lectura":"3 minutos"},"schema":{"@context":"https:\/\/schema.org","@graph":[{"@type":"Article","@id":"https:\/\/coria.org\/ayuntamiento\/index.php\/2014\/06\/09\/la-subdelegada-del-gobierno-jeronima-sayagues-preside-la-junta-local-de-seguridad-de-san-juan-2014\/#article","isPartOf":{"@id":"https:\/\/coria.org\/ayuntamiento\/index.php\/2014\/06\/09\/la-subdelegada-del-gobierno-jeronima-sayagues-preside-la-junta-local-de-seguridad-de-san-juan-2014\/"},"author":{"name":"ayuntamiento","@id":"https:\/\/coria.org\/ayuntamiento\/#\/schema\/person\/8bd589f0e13e8ae5aa06def7a599d622"},"headline":"La Subdelegada del Gobierno, Jer\u00f3nima Sayagu\u00e9s, preside la Junta Local de Seguridad de San Juan 2014","datePublished":"2014-06-09T00:00:00+00:00","dateModified":"2023-09-18T10:40:00+00:00","mainEntityOfPage":{"@id":"https:\/\/coria.org\/ayuntamiento\/index.php\/2014\/06\/09\/la-subdelegada-del-gobierno-jeronima-sayagues-preside-la-junta-local-de-seguridad-de-san-juan-2014\/"},"wordCount":546,"publisher":{"@id":"https:\/\/coria.org\/ayuntamiento\/#organization"},"image":{"@id":"https:\/\/coria.org\/ayuntamiento\/index.php\/2014\/06\/09\/la-subdelegada-del-gobierno-jeronima-sayagues-preside-la-junta-local-de-seguridad-de-san-juan-2014\/#primaryimage"},"thumbnailUrl":"https:\/\/coria.org\/ayuntamiento\/wp-content\/uploads\/2014\/06\/14196133268_019d4a2f6d_o.jpg","keywords":["coria","extremadura"],"articleSection":["Noticias"],"inLanguage":"es"},{"@type":"WebPage","@id":"https:\/\/coria.org\/ayuntamiento\/index.php\/2014\/06\/09\/la-subdelegada-del-gobierno-jeronima-sayagues-preside-la-junta-local-de-seguridad-de-san-juan-2014\/","url":"https:\/\/coria.org\/ayuntamiento\/index.php\/2014\/06\/09\/la-subdelegada-del-gobierno-jeronima-sayagues-preside-la-junta-local-de-seguridad-de-san-juan-2014\/","name":"La Subdelegada del Gobierno, Jer\u00f3nima Sayagu\u00e9s, preside la Junta Local de Seguridad de San Juan 2014 - Ayuntamiento de Coria","isPartOf":{"@id":"https:\/\/coria.org\/ayuntamiento\/#website"},"primaryImageOfPage":{"@id":"https:\/\/coria.org\/ayuntamiento\/index.php\/2014\/06\/09\/la-subdelegada-del-gobierno-jeronima-sayagues-preside-la-junta-local-de-seguridad-de-san-juan-2014\/#primaryimage"},"image":{"@id":"https:\/\/coria.org\/ayuntamiento\/index.php\/2014\/06\/09\/la-subdelegada-del-gobierno-jeronima-sayagues-preside-la-junta-local-de-seguridad-de-san-juan-2014\/#primaryimage"},"thumbnailUrl":"https:\/\/coria.org\/ayuntamiento\/wp-content\/uploads\/2014\/06\/14196133268_019d4a2f6d_o.jpg","datePublished":"2014-06-09T00:00:00+00:00","dateModified":"2023-09-18T10:40:00+00:00","breadcrumb":{"@id":"https:\/\/coria.org\/ayuntamiento\/index.php\/2014\/06\/09\/la-subdelegada-del-gobierno-jeronima-sayagues-preside-la-junta-local-de-seguridad-de-san-juan-2014\/#breadcrumb"},"inLanguage":"es","potentialAction":[{"@type":"ReadAction","target":["https:\/\/coria.org\/ayuntamiento\/index.php\/2014\/06\/09\/la-subdelegada-del-gobierno-jeronima-sayagues-preside-la-junta-local-de-seguridad-de-san-juan-2014\/"]}]},{"@type":"ImageObject","inLanguage":"es","@id":"https:\/\/coria.org\/ayuntamiento\/index.php\/2014\/06\/09\/la-subdelegada-del-gobierno-jeronima-sayagues-preside-la-junta-local-de-seguridad-de-san-juan-2014\/#primaryimage","url":"https:\/\/coria.org\/ayuntamiento\/wp-content\/uploads\/2014\/06\/14196133268_019d4a2f6d_o.jpg","contentUrl":"https:\/\/coria.org\/ayuntamiento\/wp-content\/uploads\/2014\/06\/14196133268_019d4a2f6d_o.jpg","width":960,"height":540},{"@type":"BreadcrumbList","@id":"https:\/\/coria.org\/ayuntamiento\/index.php\/2014\/06\/09\/la-subdelegada-del-gobierno-jeronima-sayagues-preside-la-junta-local-de-seguridad-de-san-juan-2014\/#breadcrumb","itemListElement":[{"@type":"ListItem","position":1,"name":"Inicio","item":"https:\/\/coria.org\/ayuntamiento\/"},{"@type":"ListItem","position":2,"name":"La Subdelegada del Gobierno, Jer\u00f3nima Sayagu\u00e9s, preside la Junta Local de Seguridad de San Juan 2014"}]},{"@type":"WebSite","@id":"https:\/\/coria.org\/ayuntamiento\/#website","url":"https:\/\/coria.org\/ayuntamiento\/","name":"Ayuntamiento de Coria","description":"Web oficial del Ayuntamiento de Coria","publisher":{"@id":"https:\/\/coria.org\/ayuntamiento\/#organization"},"alternateName":"Web Oficial del Ayuntamiento de Coria","potentialAction":[{"@type":"SearchAction","target":{"@type":"EntryPoint","urlTemplate":"https:\/\/coria.org\/ayuntamiento\/?s={search_term_string}"},"query-input":{"@type":"PropertyValueSpecification","valueRequired":true,"valueName":"search_term_string"}}],"inLanguage":"es"},{"@type":"Organization","@id":"https:\/\/coria.org\/ayuntamiento\/#organization","name":"Ayuntamiento de Coria","alternateName":"Ayto de Coria","url":"https:\/\/coria.org\/ayuntamiento\/","logo":{"@type":"ImageObject","inLanguage":"es","@id":"https:\/\/coria.org\/ayuntamiento\/#\/schema\/logo\/image\/","url":"https:\/\/coria.org\/ayuntamiento\/wp-content\/uploads\/2020\/12\/escudo-ayuntamiento-coria.png","contentUrl":"https:\/\/coria.org\/ayuntamiento\/wp-content\/uploads\/2020\/12\/escudo-ayuntamiento-coria.png","width":511,"height":240,"caption":"Ayuntamiento de Coria"},"image":{"@id":"https:\/\/coria.org\/ayuntamiento\/#\/schema\/logo\/image\/"},"sameAs":["https:\/\/www.facebook.com\/Ayuntamiento.de.Coria","https:\/\/x.com\/Ayto_de_Coria","https:\/\/www.instagram.com\/coria.ayuntamiento\/","https:\/\/www.youtube.com\/user\/AYUNTAMIENTOCORIA"]},{"@type":"Person","@id":"https:\/\/coria.org\/ayuntamiento\/#\/schema\/person\/8bd589f0e13e8ae5aa06def7a599d622","name":"ayuntamiento","image":{"@type":"ImageObject","inLanguage":"es","@id":"https:\/\/secure.gravatar.com\/avatar\/966e5ed73cad334adda5c87f49f2547f7082f7292c1b627cbb548744383b391c?s=96&d=mm&r=g","url":"https:\/\/secure.gravatar.com\/avatar\/966e5ed73cad334adda5c87f49f2547f7082f7292c1b627cbb548744383b391c?s=96&d=mm&r=g","contentUrl":"https:\/\/secure.gravatar.com\/avatar\/966e5ed73cad334adda5c87f49f2547f7082f7292c1b627cbb548744383b391c?s=96&d=mm&r=g","caption":"ayuntamiento"}}]}},"uagb_featured_image_src":{"full":["https:\/\/coria.org\/ayuntamiento\/wp-content\/uploads\/2014\/06\/14196133268_019d4a2f6d_o.jpg",960,540,false],"thumbnail":["https:\/\/coria.org\/ayuntamiento\/wp-content\/uploads\/2014\/06\/14196133268_019d4a2f6d_o-150x150.jpg",150,150,true],"medium":["https:\/\/coria.org\/ayuntamiento\/wp-content\/uploads\/2014\/06\/14196133268_019d4a2f6d_o-300x169.jpg",300,169,true],"medium_large":["https:\/\/coria.org\/ayuntamiento\/wp-content\/uploads\/2014\/06\/14196133268_019d4a2f6d_o-768x432.jpg",768,432,true],"large":["https:\/\/coria.org\/ayuntamiento\/wp-content\/uploads\/2014\/06\/14196133268_019d4a2f6d_o.jpg",960,540,false],"thumblist":["https:\/\/coria.org\/ayuntamiento\/wp-content\/uploads\/2014\/06\/14196133268_019d4a2f6d_o.jpg",300,169,false],"thumbrelated":["https:\/\/coria.org\/ayuntamiento\/wp-content\/uploads\/2014\/06\/14196133268_019d4a2f6d_o.jpg",500,281,false],"meccarouselthumb":["https:\/\/coria.org\/ayuntamiento\/wp-content\/uploads\/2014\/06\/14196133268_019d4a2f6d_o.jpg",474,267,false],"gridsquare":["https:\/\/coria.org\/ayuntamiento\/wp-content\/uploads\/2014\/06\/14196133268_019d4a2f6d_o.jpg",391,220,false],"tileview":["https:\/\/coria.org\/ayuntamiento\/wp-content\/uploads\/2014\/06\/14196133268_019d4a2f6d_o.jpg",300,169,false],"1536x1536":["https:\/\/coria.org\/ayuntamiento\/wp-content\/uploads\/2014\/06\/14196133268_019d4a2f6d_o.jpg",960,540,false],"2048x2048":["https:\/\/coria.org\/ayuntamiento\/wp-content\/uploads\/2014\/06\/14196133268_019d4a2f6d_o.jpg",960,540,false]},"uagb_author_info":{"display_name":"ayuntamiento","author_link":"https:\/\/coria.org\/ayuntamiento\/index.php\/author\/ayuntamiento\/"},"uagb_comment_info":0,"uagb_excerpt":"Durante los festejos, un total de 200 agentes velar\u00e1n por la seguridad ciudadana durante la celebraci\u00f3n de la Fiesta de San Juan Esta ma\u00f1ana se ha celebrado en el Ayuntamiento de Coria la Junta Local de Seguridad, presidida por la Subdelegada del Gobierno en C\u00e1ceres, Jer\u00f3nima Sayagu\u00e9s Prieto y el Alcalde de la localidad, Jos\u00e9&hellip;","_links":{"self":[{"href":"https:\/\/coria.org\/ayuntamiento\/index.php\/wp-json\/wp\/v2\/posts\/25921","targetHints":{"allow":["GET"]}}],"collection":[{"href":"https:\/\/coria.org\/ayuntamiento\/index.php\/wp-json\/wp\/v2\/posts"}],"about":[{"href":"https:\/\/coria.org\/ayuntamiento\/index.php\/wp-json\/wp\/v2\/types\/post"}],"author":[{"embeddable":true,"href":"https:\/\/coria.org\/ayuntamiento\/index.php\/wp-json\/wp\/v2\/users\/2"}],"replies":[{"embeddable":true,"href":"https:\/\/coria.org\/ayuntamiento\/index.php\/wp-json\/wp\/v2\/comments?post=25921"}],"version-history":[{"count":0,"href":"https:\/\/coria.org\/ayuntamiento\/index.php\/wp-json\/wp\/v2\/posts\/25921\/revisions"}],"wp:featuredmedia":[{"embeddable":true,"href":"https:\/\/coria.org\/ayuntamiento\/index.php\/wp-json\/wp\/v2\/media\/31193"}],"wp:attachment":[{"href":"https:\/\/coria.org\/ayuntamiento\/index.php\/wp-json\/wp\/v2\/media?parent=25921"}],"wp:term":[{"taxonomy":"category","embeddable":true,"href":"https:\/\/coria.org\/ayuntamiento\/index.php\/wp-json\/wp\/v2\/categories?post=25921"},{"taxonomy":"post_tag","embeddable":true,"href":"https:\/\/coria.org\/ayuntamiento\/index.php\/wp-json\/wp\/v2\/tags?post=25921"}],"curies":[{"name":"wp","href":"https:\/\/api.w.org\/{rel}","templated":true}]}}