{"id":25918,"date":"2014-06-11T00:00:00","date_gmt":"2014-06-11T00:00:00","guid":{"rendered":"https:\/\/ayuntamiento.coriaenimagenes.com\/bando-bares-en-en-el-recinto-de-la-plaza-de-toros-durante-san-juan-2014\/"},"modified":"2024-11-07T11:10:23","modified_gmt":"2024-11-07T10:10:23","slug":"bando-bares-en-en-el-recinto-de-la-plaza-de-toros-durante-san-juan-2014","status":"publish","type":"post","link":"https:\/\/coria.org\/ayuntamiento\/index.php\/2014\/06\/11\/bando-bares-en-en-el-recinto-de-la-plaza-de-toros-durante-san-juan-2014\/","title":{"rendered":"Bando &#8211; Bares en el Recinto de la Plaza de Toros durante San Juan 2014"},"content":{"rendered":"\n<p>El coso taurino instalado en la plaza de Espa\u00f1a durante las fiestas de San Juan no cuenta con aseos suficientes y dentro del mismo no existe ning\u00fan establecimiento en el que el numeroso p\u00fablico que ocupa los tablados, pueda adquirir bebidas refrescantes sin abandonar dicho recinto. Estas necesidades vienen siendo atendidas por bares que, con car\u00e1cter eventual, se vienen instalando en locales con acceso desde los distintos tablados y jaulas. No obstante, es necesario que dichos establecimientos eventuales re\u00fanan unas m\u00ednimas condiciones sanitarias y de seguridad, por lo que este Ayuntamiento ha determinado:<\/p>\n\n\n\n<figure class=\"wp-block-image alignleft size-full is-resized\"><img loading=\"lazy\" decoding=\"async\" width=\"1024\" height=\"577\" src=\"https:\/\/coria.org\/ayuntamiento\/wp-content\/uploads\/2022\/02\/image-175.jpeg\" alt=\"\" class=\"wp-image-28059\" style=\"width:533px;height:auto\" srcset=\"https:\/\/coria.org\/ayuntamiento\/wp-content\/uploads\/2022\/02\/image-175.jpeg 1024w, https:\/\/coria.org\/ayuntamiento\/wp-content\/uploads\/2022\/02\/image-175-300x169.jpeg 300w, https:\/\/coria.org\/ayuntamiento\/wp-content\/uploads\/2022\/02\/image-175-768x433.jpeg 768w\" sizes=\"auto, (max-width: 1024px) 100vw, 1024px\" \/><\/figure>\n\n\n\n<p>Que durante las Fiestas de San Juan 2014 no se autorizar\u00e1 la instalaci\u00f3n de bares eventuales en locales distintos a los situados en la Plaza de Espa\u00f1a, los cuales deber\u00e1n cumplir los siguientes requisitos:<\/p>\n\n\n\n<ol class=\"wp-block-list\">\n<li>Disponer el edificio de agua corriente y aseos independientes para se\u00f1oras y caballeros con acceso directo desde la zona de p\u00fablico, ventilaci\u00f3n natural o forzada, puerta con condena interior y alicatado hasta dos metros.<\/li>\n\n\n\n<li>Su horario de apertura ser\u00e1 desde una hora antes de cada festejo y terminar\u00e1 media hora despu\u00e9s de finalizar los mismos.<\/li>\n\n\n\n<li>Colocaci\u00f3n de barrotes met\u00e1licos en la puerta de acceso al edificio.<\/li>\n\n\n\n<li>Disponer de Seguro de Responsabilidad Civil de la actividad.<\/li>\n<\/ol>\n\n\n\n<p>Las solicitudes firmadas por el titular vendr\u00e1n acompa\u00f1adas de: <\/p>\n\n\n\n<ol class=\"wp-block-list\">\n<li>Justificante de estar dado de alta en el Censo de la Agencia Tributaria en el ep\u00edgrafe correspondiente a la actividad.<\/li>\n\n\n\n<li>Certificado de adecuaci\u00f3n estructural del edificio firmado por t\u00e9cnico competente, o informe ratificando el anterior, siempre que no hayan transcurrido m\u00e1s de cinco a\u00f1os.<\/li>\n\n\n\n<li>Bolet\u00edn de enganche de energ\u00eda el\u00e9ctrica firmado por instalador autorizado y sellado por Industria (Aquellos que ya lo presentaron el a\u00f1o pasado exhibir\u00e1n un bolet\u00edn de reconocimiento peri\u00f3dico).<\/li>\n\n\n\n<li>Copia de p\u00f3liza de seguro de Responsabilidad Civil y el recibo de pago del periodo cubierto.<\/li>\n\n\n\n<li>Abono de las tasas municipales correspondientes a los establecimientos festivos eventuales.<\/li>\n<\/ol>\n\n\n\n<p class=\"has-text-align-center\">Coria, 9 de junio de 2014<br>EL ALCALDE &#8211; PRESIDENTE,<\/p>\n\n\n\n<p class=\"has-text-align-center\">Fdo: Jos\u00e9 Manuel Garc\u00eda Ballestero.<\/p>\n","protected":false},"excerpt":{"rendered":"<p>El coso taurino instalado en la plaza de Espa\u00f1a durante las fiestas de San Juan no cuenta con aseos suficientes y dentro del mismo no existe ning\u00fan establecimiento en el que el numeroso p\u00fablico que ocupa los tablados, pueda adquirir bebidas refrescantes sin abandonar dicho recinto. Estas necesidades vienen siendo atendidas por bares que, con [&hellip;]<\/p>\n","protected":false},"author":2,"featured_media":28059,"comment_status":"closed","ping_status":"closed","sticky":false,"template":"","format":"standard","meta":{"_uag_custom_page_level_css":"","footnotes":""},"categories":[2],"tags":[1742,1129],"class_list":["post-25918","post","type-post","status-publish","format-standard","has-post-thumbnail","hentry","category-noticias","tag-bandos","tag-san-juan"],"yoast_head":"<!-- This site is optimized with the Yoast SEO plugin v27.4 - https:\/\/yoast.com\/product\/yoast-seo-wordpress\/ -->\n<title>Bando - Bares en el Recinto de la Plaza de Toros durante San Juan 2014 - Ayuntamiento de Coria<\/title>\n<meta name=\"description\" content=\"El coso taurino instalado en la plaza de Espa\u00f1a durante las fiestas de San Juan no cuenta con aseos suficientes y dentro del mismo no existe ning\u00fan establecimiento en el que el numeroso p\u00fablico que ocupa los tablados, pueda adquirir bebidas refrescantes sin abandonar dicho recinto. Estas necesidades vienen siendo atendidas por bares que, con car\u00e1cter eventual, se vienen instalando en locales con acceso desde los distintos tablados y jaulas. No obstante, es necesario que dichos establecimientos eventuales re\u00fanan unas m\u00ednimas condiciones sanitarias y de seguridad, por lo que este Ayuntamiento ha determinado:\" \/>\n<meta name=\"robots\" content=\"index, follow, max-snippet:-1, max-image-preview:large, max-video-preview:-1\" \/>\n<link rel=\"canonical\" href=\"https:\/\/coria.org\/ayuntamiento\/index.php\/2014\/06\/11\/bando-bares-en-en-el-recinto-de-la-plaza-de-toros-durante-san-juan-2014\/\" \/>\n<meta property=\"og:locale\" content=\"es_ES\" \/>\n<meta property=\"og:type\" content=\"article\" \/>\n<meta property=\"og:title\" content=\"Bando \u2013 Bares en el Recinto de la Plaza de Toros durante San Juan 2014\" \/>\n<meta property=\"og:description\" content=\"El coso taurino instalado en la plaza de Espa\u00f1a durante las fiestas de San Juan no cuenta con aseos suficientes y dentro del mismo no existe ning\u00fan establecimiento en el que el numeroso p\u00fablico que ocupa los tablados, pueda adquirir bebidas refrescantes sin abandonar dicho recinto. Estas necesidades vienen siendo atendidas por bares que, con car\u00e1cter eventual, se vienen instalando en locales con acceso desde los distintos tablados y jaulas. No obstante, es necesario que dichos establecimientos eventuales re\u00fanan unas m\u00ednimas condiciones sanitarias y de seguridad, por lo que este Ayuntamiento ha determinado:\" \/>\n<meta property=\"og:url\" content=\"https:\/\/coria.org\/ayuntamiento\/index.php\/2014\/06\/11\/bando-bares-en-en-el-recinto-de-la-plaza-de-toros-durante-san-juan-2014\/\" \/>\n<meta property=\"og:site_name\" content=\"Ayuntamiento de Coria\" \/>\n<meta property=\"article:publisher\" content=\"https:\/\/www.facebook.com\/Ayuntamiento.de.Coria\" \/>\n<meta property=\"article:published_time\" content=\"2014-06-11T00:00:00+00:00\" \/>\n<meta property=\"article:modified_time\" content=\"2024-11-07T10:10:23+00:00\" \/>\n<meta property=\"og:image\" content=\"https:\/\/coria.org\/ayuntamiento\/wp-content\/uploads\/2022\/02\/image-175.jpeg\" \/>\n\t<meta property=\"og:image:width\" content=\"1024\" \/>\n\t<meta property=\"og:image:height\" content=\"577\" \/>\n\t<meta property=\"og:image:type\" content=\"image\/jpeg\" \/>\n<meta name=\"author\" content=\"ayuntamiento\" \/>\n<meta name=\"twitter:card\" content=\"summary_large_image\" \/>\n<meta name=\"twitter:creator\" content=\"@Ayto_de_Coria\" \/>\n<meta name=\"twitter:site\" content=\"@Ayto_de_Coria\" \/>\n<meta name=\"twitter:label1\" content=\"Escrito por\" \/>\n\t<meta name=\"twitter:data1\" content=\"ayuntamiento\" \/>\n\t<meta name=\"twitter:label2\" content=\"Tiempo de lectura\" \/>\n\t<meta name=\"twitter:data2\" content=\"2 minutos\" \/>\n<script type=\"application\/ld+json\" class=\"yoast-schema-graph\">{\"@context\":\"https:\\\/\\\/schema.org\",\"@graph\":[{\"@type\":\"Article\",\"@id\":\"https:\\\/\\\/coria.org\\\/ayuntamiento\\\/index.php\\\/2014\\\/06\\\/11\\\/bando-bares-en-en-el-recinto-de-la-plaza-de-toros-durante-san-juan-2014\\\/#article\",\"isPartOf\":{\"@id\":\"https:\\\/\\\/coria.org\\\/ayuntamiento\\\/index.php\\\/2014\\\/06\\\/11\\\/bando-bares-en-en-el-recinto-de-la-plaza-de-toros-durante-san-juan-2014\\\/\"},\"author\":{\"name\":\"ayuntamiento\",\"@id\":\"https:\\\/\\\/coria.org\\\/ayuntamiento\\\/#\\\/schema\\\/person\\\/8bd589f0e13e8ae5aa06def7a599d622\"},\"headline\":\"Bando &#8211; Bares en el Recinto de la Plaza de Toros durante San Juan 2014\",\"datePublished\":\"2014-06-11T00:00:00+00:00\",\"dateModified\":\"2024-11-07T10:10:23+00:00\",\"mainEntityOfPage\":{\"@id\":\"https:\\\/\\\/coria.org\\\/ayuntamiento\\\/index.php\\\/2014\\\/06\\\/11\\\/bando-bares-en-en-el-recinto-de-la-plaza-de-toros-durante-san-juan-2014\\\/\"},\"wordCount\":367,\"publisher\":{\"@id\":\"https:\\\/\\\/coria.org\\\/ayuntamiento\\\/#organization\"},\"image\":{\"@id\":\"https:\\\/\\\/coria.org\\\/ayuntamiento\\\/index.php\\\/2014\\\/06\\\/11\\\/bando-bares-en-en-el-recinto-de-la-plaza-de-toros-durante-san-juan-2014\\\/#primaryimage\"},\"thumbnailUrl\":\"https:\\\/\\\/coria.org\\\/ayuntamiento\\\/wp-content\\\/uploads\\\/2022\\\/02\\\/image-175.jpeg\",\"keywords\":[\"bandos\",\"san juan\"],\"articleSection\":[\"Noticias\"],\"inLanguage\":\"es\"},{\"@type\":\"WebPage\",\"@id\":\"https:\\\/\\\/coria.org\\\/ayuntamiento\\\/index.php\\\/2014\\\/06\\\/11\\\/bando-bares-en-en-el-recinto-de-la-plaza-de-toros-durante-san-juan-2014\\\/\",\"url\":\"https:\\\/\\\/coria.org\\\/ayuntamiento\\\/index.php\\\/2014\\\/06\\\/11\\\/bando-bares-en-en-el-recinto-de-la-plaza-de-toros-durante-san-juan-2014\\\/\",\"name\":\"Bando - Bares en el Recinto de la Plaza de Toros durante San Juan 2014 - Ayuntamiento de Coria\",\"isPartOf\":{\"@id\":\"https:\\\/\\\/coria.org\\\/ayuntamiento\\\/#website\"},\"primaryImageOfPage\":{\"@id\":\"https:\\\/\\\/coria.org\\\/ayuntamiento\\\/index.php\\\/2014\\\/06\\\/11\\\/bando-bares-en-en-el-recinto-de-la-plaza-de-toros-durante-san-juan-2014\\\/#primaryimage\"},\"image\":{\"@id\":\"https:\\\/\\\/coria.org\\\/ayuntamiento\\\/index.php\\\/2014\\\/06\\\/11\\\/bando-bares-en-en-el-recinto-de-la-plaza-de-toros-durante-san-juan-2014\\\/#primaryimage\"},\"thumbnailUrl\":\"https:\\\/\\\/coria.org\\\/ayuntamiento\\\/wp-content\\\/uploads\\\/2022\\\/02\\\/image-175.jpeg\",\"datePublished\":\"2014-06-11T00:00:00+00:00\",\"dateModified\":\"2024-11-07T10:10:23+00:00\",\"description\":\"El coso taurino instalado en la plaza de Espa\u00f1a durante las fiestas de San Juan no cuenta con aseos suficientes y dentro del mismo no existe ning\u00fan establecimiento en el que el numeroso p\u00fablico que ocupa los tablados, pueda adquirir bebidas refrescantes sin abandonar dicho recinto. Estas necesidades vienen siendo atendidas por bares que, con car\u00e1cter eventual, se vienen instalando en locales con acceso desde los distintos tablados y jaulas. No obstante, es necesario que dichos establecimientos eventuales re\u00fanan unas m\u00ednimas condiciones sanitarias y de seguridad, por lo que este Ayuntamiento ha determinado:\",\"breadcrumb\":{\"@id\":\"https:\\\/\\\/coria.org\\\/ayuntamiento\\\/index.php\\\/2014\\\/06\\\/11\\\/bando-bares-en-en-el-recinto-de-la-plaza-de-toros-durante-san-juan-2014\\\/#breadcrumb\"},\"inLanguage\":\"es\",\"potentialAction\":[{\"@type\":\"ReadAction\",\"target\":[\"https:\\\/\\\/coria.org\\\/ayuntamiento\\\/index.php\\\/2014\\\/06\\\/11\\\/bando-bares-en-en-el-recinto-de-la-plaza-de-toros-durante-san-juan-2014\\\/\"]}]},{\"@type\":\"ImageObject\",\"inLanguage\":\"es\",\"@id\":\"https:\\\/\\\/coria.org\\\/ayuntamiento\\\/index.php\\\/2014\\\/06\\\/11\\\/bando-bares-en-en-el-recinto-de-la-plaza-de-toros-durante-san-juan-2014\\\/#primaryimage\",\"url\":\"https:\\\/\\\/coria.org\\\/ayuntamiento\\\/wp-content\\\/uploads\\\/2022\\\/02\\\/image-175.jpeg\",\"contentUrl\":\"https:\\\/\\\/coria.org\\\/ayuntamiento\\\/wp-content\\\/uploads\\\/2022\\\/02\\\/image-175.jpeg\",\"width\":1024,\"height\":577},{\"@type\":\"BreadcrumbList\",\"@id\":\"https:\\\/\\\/coria.org\\\/ayuntamiento\\\/index.php\\\/2014\\\/06\\\/11\\\/bando-bares-en-en-el-recinto-de-la-plaza-de-toros-durante-san-juan-2014\\\/#breadcrumb\",\"itemListElement\":[{\"@type\":\"ListItem\",\"position\":1,\"name\":\"Inicio\",\"item\":\"https:\\\/\\\/coria.org\\\/ayuntamiento\\\/\"},{\"@type\":\"ListItem\",\"position\":2,\"name\":\"Bando &#8211; Bares en el Recinto de la Plaza de Toros durante San Juan 2014\"}]},{\"@type\":\"WebSite\",\"@id\":\"https:\\\/\\\/coria.org\\\/ayuntamiento\\\/#website\",\"url\":\"https:\\\/\\\/coria.org\\\/ayuntamiento\\\/\",\"name\":\"Ayuntamiento de Coria\",\"description\":\"Web oficial del Ayuntamiento de Coria\",\"publisher\":{\"@id\":\"https:\\\/\\\/coria.org\\\/ayuntamiento\\\/#organization\"},\"alternateName\":\"Web Oficial del Ayuntamiento de Coria\",\"potentialAction\":[{\"@type\":\"SearchAction\",\"target\":{\"@type\":\"EntryPoint\",\"urlTemplate\":\"https:\\\/\\\/coria.org\\\/ayuntamiento\\\/?s={search_term_string}\"},\"query-input\":{\"@type\":\"PropertyValueSpecification\",\"valueRequired\":true,\"valueName\":\"search_term_string\"}}],\"inLanguage\":\"es\"},{\"@type\":\"Organization\",\"@id\":\"https:\\\/\\\/coria.org\\\/ayuntamiento\\\/#organization\",\"name\":\"Ayuntamiento de Coria\",\"alternateName\":\"Ayto de Coria\",\"url\":\"https:\\\/\\\/coria.org\\\/ayuntamiento\\\/\",\"logo\":{\"@type\":\"ImageObject\",\"inLanguage\":\"es\",\"@id\":\"https:\\\/\\\/coria.org\\\/ayuntamiento\\\/#\\\/schema\\\/logo\\\/image\\\/\",\"url\":\"https:\\\/\\\/coria.org\\\/ayuntamiento\\\/wp-content\\\/uploads\\\/2020\\\/12\\\/escudo-ayuntamiento-coria.png\",\"contentUrl\":\"https:\\\/\\\/coria.org\\\/ayuntamiento\\\/wp-content\\\/uploads\\\/2020\\\/12\\\/escudo-ayuntamiento-coria.png\",\"width\":511,\"height\":240,\"caption\":\"Ayuntamiento de Coria\"},\"image\":{\"@id\":\"https:\\\/\\\/coria.org\\\/ayuntamiento\\\/#\\\/schema\\\/logo\\\/image\\\/\"},\"sameAs\":[\"https:\\\/\\\/www.facebook.com\\\/Ayuntamiento.de.Coria\",\"https:\\\/\\\/x.com\\\/Ayto_de_Coria\",\"https:\\\/\\\/www.instagram.com\\\/coria.ayuntamiento\\\/\",\"https:\\\/\\\/www.youtube.com\\\/user\\\/AYUNTAMIENTOCORIA\"]},{\"@type\":\"Person\",\"@id\":\"https:\\\/\\\/coria.org\\\/ayuntamiento\\\/#\\\/schema\\\/person\\\/8bd589f0e13e8ae5aa06def7a599d622\",\"name\":\"ayuntamiento\",\"image\":{\"@type\":\"ImageObject\",\"inLanguage\":\"es\",\"@id\":\"https:\\\/\\\/secure.gravatar.com\\\/avatar\\\/966e5ed73cad334adda5c87f49f2547f7082f7292c1b627cbb548744383b391c?s=96&d=mm&r=g\",\"url\":\"https:\\\/\\\/secure.gravatar.com\\\/avatar\\\/966e5ed73cad334adda5c87f49f2547f7082f7292c1b627cbb548744383b391c?s=96&d=mm&r=g\",\"contentUrl\":\"https:\\\/\\\/secure.gravatar.com\\\/avatar\\\/966e5ed73cad334adda5c87f49f2547f7082f7292c1b627cbb548744383b391c?s=96&d=mm&r=g\",\"caption\":\"ayuntamiento\"}}]}<\/script>\n<!-- \/ Yoast SEO plugin. -->","yoast_head_json":{"title":"Bando - Bares en el Recinto de la Plaza de Toros durante San Juan 2014 - Ayuntamiento de Coria","description":"El coso taurino instalado en la plaza de Espa\u00f1a durante las fiestas de San Juan no cuenta con aseos suficientes y dentro del mismo no existe ning\u00fan establecimiento en el que el numeroso p\u00fablico que ocupa los tablados, pueda adquirir bebidas refrescantes sin abandonar dicho recinto. Estas necesidades vienen siendo atendidas por bares que, con car\u00e1cter eventual, se vienen instalando en locales con acceso desde los distintos tablados y jaulas. No obstante, es necesario que dichos establecimientos eventuales re\u00fanan unas m\u00ednimas condiciones sanitarias y de seguridad, por lo que este Ayuntamiento ha determinado:","robots":{"index":"index","follow":"follow","max-snippet":"max-snippet:-1","max-image-preview":"max-image-preview:large","max-video-preview":"max-video-preview:-1"},"canonical":"https:\/\/coria.org\/ayuntamiento\/index.php\/2014\/06\/11\/bando-bares-en-en-el-recinto-de-la-plaza-de-toros-durante-san-juan-2014\/","og_locale":"es_ES","og_type":"article","og_title":"Bando \u2013 Bares en el Recinto de la Plaza de Toros durante San Juan 2014","og_description":"El coso taurino instalado en la plaza de Espa\u00f1a durante las fiestas de San Juan no cuenta con aseos suficientes y dentro del mismo no existe ning\u00fan establecimiento en el que el numeroso p\u00fablico que ocupa los tablados, pueda adquirir bebidas refrescantes sin abandonar dicho recinto. Estas necesidades vienen siendo atendidas por bares que, con car\u00e1cter eventual, se vienen instalando en locales con acceso desde los distintos tablados y jaulas. No obstante, es necesario que dichos establecimientos eventuales re\u00fanan unas m\u00ednimas condiciones sanitarias y de seguridad, por lo que este Ayuntamiento ha determinado:","og_url":"https:\/\/coria.org\/ayuntamiento\/index.php\/2014\/06\/11\/bando-bares-en-en-el-recinto-de-la-plaza-de-toros-durante-san-juan-2014\/","og_site_name":"Ayuntamiento de Coria","article_publisher":"https:\/\/www.facebook.com\/Ayuntamiento.de.Coria","article_published_time":"2014-06-11T00:00:00+00:00","article_modified_time":"2024-11-07T10:10:23+00:00","og_image":[{"width":1024,"height":577,"url":"https:\/\/coria.org\/ayuntamiento\/wp-content\/uploads\/2022\/02\/image-175.jpeg","type":"image\/jpeg"}],"author":"ayuntamiento","twitter_card":"summary_large_image","twitter_creator":"@Ayto_de_Coria","twitter_site":"@Ayto_de_Coria","twitter_misc":{"Escrito por":"ayuntamiento","Tiempo de lectura":"2 minutos"},"schema":{"@context":"https:\/\/schema.org","@graph":[{"@type":"Article","@id":"https:\/\/coria.org\/ayuntamiento\/index.php\/2014\/06\/11\/bando-bares-en-en-el-recinto-de-la-plaza-de-toros-durante-san-juan-2014\/#article","isPartOf":{"@id":"https:\/\/coria.org\/ayuntamiento\/index.php\/2014\/06\/11\/bando-bares-en-en-el-recinto-de-la-plaza-de-toros-durante-san-juan-2014\/"},"author":{"name":"ayuntamiento","@id":"https:\/\/coria.org\/ayuntamiento\/#\/schema\/person\/8bd589f0e13e8ae5aa06def7a599d622"},"headline":"Bando &#8211; Bares en el Recinto de la Plaza de Toros durante San Juan 2014","datePublished":"2014-06-11T00:00:00+00:00","dateModified":"2024-11-07T10:10:23+00:00","mainEntityOfPage":{"@id":"https:\/\/coria.org\/ayuntamiento\/index.php\/2014\/06\/11\/bando-bares-en-en-el-recinto-de-la-plaza-de-toros-durante-san-juan-2014\/"},"wordCount":367,"publisher":{"@id":"https:\/\/coria.org\/ayuntamiento\/#organization"},"image":{"@id":"https:\/\/coria.org\/ayuntamiento\/index.php\/2014\/06\/11\/bando-bares-en-en-el-recinto-de-la-plaza-de-toros-durante-san-juan-2014\/#primaryimage"},"thumbnailUrl":"https:\/\/coria.org\/ayuntamiento\/wp-content\/uploads\/2022\/02\/image-175.jpeg","keywords":["bandos","san juan"],"articleSection":["Noticias"],"inLanguage":"es"},{"@type":"WebPage","@id":"https:\/\/coria.org\/ayuntamiento\/index.php\/2014\/06\/11\/bando-bares-en-en-el-recinto-de-la-plaza-de-toros-durante-san-juan-2014\/","url":"https:\/\/coria.org\/ayuntamiento\/index.php\/2014\/06\/11\/bando-bares-en-en-el-recinto-de-la-plaza-de-toros-durante-san-juan-2014\/","name":"Bando - Bares en el Recinto de la Plaza de Toros durante San Juan 2014 - Ayuntamiento de Coria","isPartOf":{"@id":"https:\/\/coria.org\/ayuntamiento\/#website"},"primaryImageOfPage":{"@id":"https:\/\/coria.org\/ayuntamiento\/index.php\/2014\/06\/11\/bando-bares-en-en-el-recinto-de-la-plaza-de-toros-durante-san-juan-2014\/#primaryimage"},"image":{"@id":"https:\/\/coria.org\/ayuntamiento\/index.php\/2014\/06\/11\/bando-bares-en-en-el-recinto-de-la-plaza-de-toros-durante-san-juan-2014\/#primaryimage"},"thumbnailUrl":"https:\/\/coria.org\/ayuntamiento\/wp-content\/uploads\/2022\/02\/image-175.jpeg","datePublished":"2014-06-11T00:00:00+00:00","dateModified":"2024-11-07T10:10:23+00:00","description":"El coso taurino instalado en la plaza de Espa\u00f1a durante las fiestas de San Juan no cuenta con aseos suficientes y dentro del mismo no existe ning\u00fan establecimiento en el que el numeroso p\u00fablico que ocupa los tablados, pueda adquirir bebidas refrescantes sin abandonar dicho recinto. Estas necesidades vienen siendo atendidas por bares que, con car\u00e1cter eventual, se vienen instalando en locales con acceso desde los distintos tablados y jaulas. No obstante, es necesario que dichos establecimientos eventuales re\u00fanan unas m\u00ednimas condiciones sanitarias y de seguridad, por lo que este Ayuntamiento ha determinado:","breadcrumb":{"@id":"https:\/\/coria.org\/ayuntamiento\/index.php\/2014\/06\/11\/bando-bares-en-en-el-recinto-de-la-plaza-de-toros-durante-san-juan-2014\/#breadcrumb"},"inLanguage":"es","potentialAction":[{"@type":"ReadAction","target":["https:\/\/coria.org\/ayuntamiento\/index.php\/2014\/06\/11\/bando-bares-en-en-el-recinto-de-la-plaza-de-toros-durante-san-juan-2014\/"]}]},{"@type":"ImageObject","inLanguage":"es","@id":"https:\/\/coria.org\/ayuntamiento\/index.php\/2014\/06\/11\/bando-bares-en-en-el-recinto-de-la-plaza-de-toros-durante-san-juan-2014\/#primaryimage","url":"https:\/\/coria.org\/ayuntamiento\/wp-content\/uploads\/2022\/02\/image-175.jpeg","contentUrl":"https:\/\/coria.org\/ayuntamiento\/wp-content\/uploads\/2022\/02\/image-175.jpeg","width":1024,"height":577},{"@type":"BreadcrumbList","@id":"https:\/\/coria.org\/ayuntamiento\/index.php\/2014\/06\/11\/bando-bares-en-en-el-recinto-de-la-plaza-de-toros-durante-san-juan-2014\/#breadcrumb","itemListElement":[{"@type":"ListItem","position":1,"name":"Inicio","item":"https:\/\/coria.org\/ayuntamiento\/"},{"@type":"ListItem","position":2,"name":"Bando &#8211; Bares en el Recinto de la Plaza de Toros durante San Juan 2014"}]},{"@type":"WebSite","@id":"https:\/\/coria.org\/ayuntamiento\/#website","url":"https:\/\/coria.org\/ayuntamiento\/","name":"Ayuntamiento de Coria","description":"Web oficial del Ayuntamiento de Coria","publisher":{"@id":"https:\/\/coria.org\/ayuntamiento\/#organization"},"alternateName":"Web Oficial del Ayuntamiento de Coria","potentialAction":[{"@type":"SearchAction","target":{"@type":"EntryPoint","urlTemplate":"https:\/\/coria.org\/ayuntamiento\/?s={search_term_string}"},"query-input":{"@type":"PropertyValueSpecification","valueRequired":true,"valueName":"search_term_string"}}],"inLanguage":"es"},{"@type":"Organization","@id":"https:\/\/coria.org\/ayuntamiento\/#organization","name":"Ayuntamiento de Coria","alternateName":"Ayto de Coria","url":"https:\/\/coria.org\/ayuntamiento\/","logo":{"@type":"ImageObject","inLanguage":"es","@id":"https:\/\/coria.org\/ayuntamiento\/#\/schema\/logo\/image\/","url":"https:\/\/coria.org\/ayuntamiento\/wp-content\/uploads\/2020\/12\/escudo-ayuntamiento-coria.png","contentUrl":"https:\/\/coria.org\/ayuntamiento\/wp-content\/uploads\/2020\/12\/escudo-ayuntamiento-coria.png","width":511,"height":240,"caption":"Ayuntamiento de Coria"},"image":{"@id":"https:\/\/coria.org\/ayuntamiento\/#\/schema\/logo\/image\/"},"sameAs":["https:\/\/www.facebook.com\/Ayuntamiento.de.Coria","https:\/\/x.com\/Ayto_de_Coria","https:\/\/www.instagram.com\/coria.ayuntamiento\/","https:\/\/www.youtube.com\/user\/AYUNTAMIENTOCORIA"]},{"@type":"Person","@id":"https:\/\/coria.org\/ayuntamiento\/#\/schema\/person\/8bd589f0e13e8ae5aa06def7a599d622","name":"ayuntamiento","image":{"@type":"ImageObject","inLanguage":"es","@id":"https:\/\/secure.gravatar.com\/avatar\/966e5ed73cad334adda5c87f49f2547f7082f7292c1b627cbb548744383b391c?s=96&d=mm&r=g","url":"https:\/\/secure.gravatar.com\/avatar\/966e5ed73cad334adda5c87f49f2547f7082f7292c1b627cbb548744383b391c?s=96&d=mm&r=g","contentUrl":"https:\/\/secure.gravatar.com\/avatar\/966e5ed73cad334adda5c87f49f2547f7082f7292c1b627cbb548744383b391c?s=96&d=mm&r=g","caption":"ayuntamiento"}}]}},"uagb_featured_image_src":{"full":["https:\/\/coria.org\/ayuntamiento\/wp-content\/uploads\/2022\/02\/image-175.jpeg",1024,577,false],"thumbnail":["https:\/\/coria.org\/ayuntamiento\/wp-content\/uploads\/2022\/02\/image-175-150x150.jpeg",150,150,true],"medium":["https:\/\/coria.org\/ayuntamiento\/wp-content\/uploads\/2022\/02\/image-175-300x169.jpeg",300,169,true],"medium_large":["https:\/\/coria.org\/ayuntamiento\/wp-content\/uploads\/2022\/02\/image-175-768x433.jpeg",768,433,true],"large":["https:\/\/coria.org\/ayuntamiento\/wp-content\/uploads\/2022\/02\/image-175.jpeg",1024,577,false],"thumblist":["https:\/\/coria.org\/ayuntamiento\/wp-content\/uploads\/2022\/02\/image-175.jpeg",300,169,false],"thumbrelated":["https:\/\/coria.org\/ayuntamiento\/wp-content\/uploads\/2022\/02\/image-175.jpeg",500,282,false],"meccarouselthumb":["https:\/\/coria.org\/ayuntamiento\/wp-content\/uploads\/2022\/02\/image-175.jpeg",474,267,false],"gridsquare":["https:\/\/coria.org\/ayuntamiento\/wp-content\/uploads\/2022\/02\/image-175.jpeg",391,220,false],"tileview":["https:\/\/coria.org\/ayuntamiento\/wp-content\/uploads\/2022\/02\/image-175.jpeg",300,169,false],"1536x1536":["https:\/\/coria.org\/ayuntamiento\/wp-content\/uploads\/2022\/02\/image-175.jpeg",1024,577,false],"2048x2048":["https:\/\/coria.org\/ayuntamiento\/wp-content\/uploads\/2022\/02\/image-175.jpeg",1024,577,false]},"uagb_author_info":{"display_name":"ayuntamiento","author_link":"https:\/\/coria.org\/ayuntamiento\/index.php\/author\/ayuntamiento\/"},"uagb_comment_info":0,"uagb_excerpt":"El coso taurino instalado en la plaza de Espa\u00f1a durante las fiestas de San Juan no cuenta con aseos suficientes y dentro del mismo no existe ning\u00fan establecimiento en el que el numeroso p\u00fablico que ocupa los tablados, pueda adquirir bebidas refrescantes sin abandonar dicho recinto. Estas necesidades vienen siendo atendidas por bares que, con&hellip;","_links":{"self":[{"href":"https:\/\/coria.org\/ayuntamiento\/index.php\/wp-json\/wp\/v2\/posts\/25918","targetHints":{"allow":["GET"]}}],"collection":[{"href":"https:\/\/coria.org\/ayuntamiento\/index.php\/wp-json\/wp\/v2\/posts"}],"about":[{"href":"https:\/\/coria.org\/ayuntamiento\/index.php\/wp-json\/wp\/v2\/types\/post"}],"author":[{"embeddable":true,"href":"https:\/\/coria.org\/ayuntamiento\/index.php\/wp-json\/wp\/v2\/users\/2"}],"replies":[{"embeddable":true,"href":"https:\/\/coria.org\/ayuntamiento\/index.php\/wp-json\/wp\/v2\/comments?post=25918"}],"version-history":[{"count":0,"href":"https:\/\/coria.org\/ayuntamiento\/index.php\/wp-json\/wp\/v2\/posts\/25918\/revisions"}],"wp:featuredmedia":[{"embeddable":true,"href":"https:\/\/coria.org\/ayuntamiento\/index.php\/wp-json\/wp\/v2\/media\/28059"}],"wp:attachment":[{"href":"https:\/\/coria.org\/ayuntamiento\/index.php\/wp-json\/wp\/v2\/media?parent=25918"}],"wp:term":[{"taxonomy":"category","embeddable":true,"href":"https:\/\/coria.org\/ayuntamiento\/index.php\/wp-json\/wp\/v2\/categories?post=25918"},{"taxonomy":"post_tag","embeddable":true,"href":"https:\/\/coria.org\/ayuntamiento\/index.php\/wp-json\/wp\/v2\/tags?post=25918"}],"curies":[{"name":"wp","href":"https:\/\/api.w.org\/{rel}","templated":true}]}}