{"id":25913,"date":"2014-06-16T00:00:00","date_gmt":"2014-06-16T00:00:00","guid":{"rendered":"https:\/\/ayuntamiento.coriaenimagenes.com\/bando-recordatorio-de-algunas-previsiones-de-seguridad-para-penas-y-bares-fiestas-de-san-juan-2014\/"},"modified":"2024-11-07T10:48:26","modified_gmt":"2024-11-07T09:48:26","slug":"bando-recordatorio-de-algunas-previsiones-de-seguridad-para-penas-y-bares-fiestas-de-san-juan-2014","status":"publish","type":"post","link":"https:\/\/coria.org\/ayuntamiento\/index.php\/2014\/06\/16\/bando-recordatorio-de-algunas-previsiones-de-seguridad-para-penas-y-bares-fiestas-de-san-juan-2014\/","title":{"rendered":"Bando &#8211; Recordatorio de algunas previsiones de seguridad para Pe\u00f1as y Bares. Fiestas de San Juan 2014"},"content":{"rendered":"\n<p>Se recuerda a todos que la Ordenanza reguladora de los festejos taurinos tradicionales de las fiestas de San Juan de la ciudad de Coria recoge, entre otras medidas de seguridad, algunas que afectan directamente a al funcionamiento de las pe\u00f1as y bares que es necesario cumplir:<\/p>\n\n\n\n<figure class=\"wp-block-image alignleft size-full is-resized\"><img loading=\"lazy\" decoding=\"async\" width=\"1024\" height=\"576\" src=\"https:\/\/coria.org\/ayuntamiento\/wp-content\/uploads\/2022\/02\/image-168.jpeg\" alt=\"\" class=\"wp-image-28041\" style=\"width:551px;height:auto\" srcset=\"https:\/\/coria.org\/ayuntamiento\/wp-content\/uploads\/2022\/02\/image-168.jpeg 1024w, https:\/\/coria.org\/ayuntamiento\/wp-content\/uploads\/2022\/02\/image-168-300x169.jpeg 300w, https:\/\/coria.org\/ayuntamiento\/wp-content\/uploads\/2022\/02\/image-168-768x432.jpeg 768w\" sizes=\"auto, (max-width: 1024px) 100vw, 1024px\" \/><\/figure>\n\n\n\n<p>1. Que debido al riesgo que supone, las pe\u00f1as y los establecimientos de hosteler\u00eda situados en los recintos taurinos tienen prohibido servir las bebidas en vasos o botellas de vidrio y los participantes en las fiestas portar dichos envases por el interior de dichos recintos, consider\u00e1ndose adem\u00e1s muy grave arrojarlos al suelo o romperlos porque tal conducta puede producir lesiones a los asistentes a los festejos. (Art. 64.1 de la Ordenanza)<\/p>\n\n\n\n<p>2. Que los establecimientos de hosteler\u00eda situados en las salidas de emergencias deben poner especial cuidado en no invadir las l\u00edneas marcadas con los elementos del mobiliario de las terrazas o las sombrillas, para no entorpecer el paso de los servicios de emergencias durante la celebraci\u00f3n de los festejos, consider\u00e1ndose grave tal falta. (Art. 82.h)<\/p>\n\n\n\n<p>3. Que con motivo de los festejos taurinos tradicionales, es necesario sacar los contenedores de basura fuera de los recintos taurinos, por lo que est\u00e1 prohibido, tanto para los particulares como para las pe\u00f1as o bares, depositar las basuras dentro de tales recintos, por el peligro que pueden suponer para los corredores y animales si son embestidas y esparcidas por los toros, adem\u00e1s de la mala imagen que supone para nuestra ciudad y en especial para la fiesta. ( Art. 64.2 de la Ordenanza) <\/p>\n\n\n\n<p>Las infracciones a tan elementales normas de convivencia y seguridad pueden ser sancionadas con multas de hasta 3.000 \u20ac, que ser\u00eda deseable no tener que imponer, por lo que pido a todos la m\u00e1xima colaboraci\u00f3n para evitar peligros y molestias innecesarias a vecinos y visitantes, en beneficio de unas fiestas m\u00e1s dignas y seguras.<\/p>\n\n\n\n<p class=\"has-text-align-center\">Coria a 16 de junio de 2014<br>EL ALCALDE,<\/p>\n\n\n\n<p class=\"has-text-align-center\">Fdo.: Jos\u00e9 Manuel Garc\u00eda Ballestero.<\/p>\n","protected":false},"excerpt":{"rendered":"<p>Se recuerda a todos que la Ordenanza reguladora de los festejos taurinos tradicionales de las fiestas de San Juan de la ciudad de Coria recoge, entre otras medidas de seguridad, algunas que afectan directamente a al funcionamiento de las pe\u00f1as y bares que es necesario cumplir: 1. Que debido al riesgo que supone, las pe\u00f1as [&hellip;]<\/p>\n","protected":false},"author":2,"featured_media":28041,"comment_status":"closed","ping_status":"closed","sticky":false,"template":"","format":"standard","meta":{"_uag_custom_page_level_css":"","footnotes":""},"categories":[2],"tags":[179,1129],"class_list":["post-25913","post","type-post","status-publish","format-standard","has-post-thumbnail","hentry","category-noticias","tag-bando","tag-san-juan"],"yoast_head":"<!-- This site is optimized with the Yoast SEO plugin v27.4 - https:\/\/yoast.com\/product\/yoast-seo-wordpress\/ -->\n<title>Bando - Recordatorio de algunas previsiones de seguridad para Pe\u00f1as y Bares. Fiestas de San Juan 2014 - Ayuntamiento de Coria<\/title>\n<meta name=\"description\" content=\"Se recuerda a todos que la Ordenanza reguladora de los festejos taurinos tradicionales de las fiestas de San Juan de la ciudad de Coria recoge, entre otras medidas de seguridad, algunas que afectan directamente a al funcionamiento de las pe\u00f1as y bares que es necesario cumplir:\" \/>\n<meta name=\"robots\" content=\"index, follow, max-snippet:-1, max-image-preview:large, max-video-preview:-1\" \/>\n<link rel=\"canonical\" href=\"https:\/\/coria.org\/ayuntamiento\/index.php\/2014\/06\/16\/bando-recordatorio-de-algunas-previsiones-de-seguridad-para-penas-y-bares-fiestas-de-san-juan-2014\/\" \/>\n<meta property=\"og:locale\" content=\"es_ES\" \/>\n<meta property=\"og:type\" content=\"article\" \/>\n<meta property=\"og:title\" content=\"Bando \u2013 Recordatorio de algunas previsiones de seguridad para Pe\u00f1as y Bares. Fiestas de San Juan 2014\" \/>\n<meta property=\"og:description\" content=\"Se recuerda a todos que la Ordenanza reguladora de los festejos taurinos tradicionales de las fiestas de San Juan de la ciudad de Coria recoge, entre otras medidas de seguridad, algunas que afectan directamente a al funcionamiento de las pe\u00f1as y bares que es necesario cumplir:\" \/>\n<meta property=\"og:url\" content=\"https:\/\/coria.org\/ayuntamiento\/index.php\/2014\/06\/16\/bando-recordatorio-de-algunas-previsiones-de-seguridad-para-penas-y-bares-fiestas-de-san-juan-2014\/\" \/>\n<meta property=\"og:site_name\" content=\"Ayuntamiento de Coria\" \/>\n<meta property=\"article:publisher\" content=\"https:\/\/www.facebook.com\/Ayuntamiento.de.Coria\" \/>\n<meta property=\"article:published_time\" content=\"2014-06-16T00:00:00+00:00\" \/>\n<meta property=\"article:modified_time\" content=\"2024-11-07T09:48:26+00:00\" \/>\n<meta property=\"og:image\" content=\"https:\/\/coria.org\/ayuntamiento\/wp-content\/uploads\/2022\/02\/image-168.jpeg\" \/>\n\t<meta property=\"og:image:width\" content=\"1024\" \/>\n\t<meta property=\"og:image:height\" content=\"576\" \/>\n\t<meta property=\"og:image:type\" content=\"image\/jpeg\" \/>\n<meta name=\"author\" content=\"ayuntamiento\" \/>\n<meta name=\"twitter:card\" content=\"summary_large_image\" \/>\n<meta name=\"twitter:creator\" content=\"@Ayto_de_Coria\" \/>\n<meta name=\"twitter:site\" content=\"@Ayto_de_Coria\" \/>\n<meta name=\"twitter:label1\" content=\"Escrito por\" \/>\n\t<meta name=\"twitter:data1\" content=\"ayuntamiento\" \/>\n\t<meta name=\"twitter:label2\" content=\"Tiempo de lectura\" \/>\n\t<meta name=\"twitter:data2\" content=\"2 minutos\" \/>\n<script type=\"application\/ld+json\" class=\"yoast-schema-graph\">{\"@context\":\"https:\\\/\\\/schema.org\",\"@graph\":[{\"@type\":\"Article\",\"@id\":\"https:\\\/\\\/coria.org\\\/ayuntamiento\\\/index.php\\\/2014\\\/06\\\/16\\\/bando-recordatorio-de-algunas-previsiones-de-seguridad-para-penas-y-bares-fiestas-de-san-juan-2014\\\/#article\",\"isPartOf\":{\"@id\":\"https:\\\/\\\/coria.org\\\/ayuntamiento\\\/index.php\\\/2014\\\/06\\\/16\\\/bando-recordatorio-de-algunas-previsiones-de-seguridad-para-penas-y-bares-fiestas-de-san-juan-2014\\\/\"},\"author\":{\"name\":\"ayuntamiento\",\"@id\":\"https:\\\/\\\/coria.org\\\/ayuntamiento\\\/#\\\/schema\\\/person\\\/8bd589f0e13e8ae5aa06def7a599d622\"},\"headline\":\"Bando &#8211; Recordatorio de algunas previsiones de seguridad para Pe\u00f1as y Bares. Fiestas de San Juan 2014\",\"datePublished\":\"2014-06-16T00:00:00+00:00\",\"dateModified\":\"2024-11-07T09:48:26+00:00\",\"mainEntityOfPage\":{\"@id\":\"https:\\\/\\\/coria.org\\\/ayuntamiento\\\/index.php\\\/2014\\\/06\\\/16\\\/bando-recordatorio-de-algunas-previsiones-de-seguridad-para-penas-y-bares-fiestas-de-san-juan-2014\\\/\"},\"wordCount\":347,\"publisher\":{\"@id\":\"https:\\\/\\\/coria.org\\\/ayuntamiento\\\/#organization\"},\"image\":{\"@id\":\"https:\\\/\\\/coria.org\\\/ayuntamiento\\\/index.php\\\/2014\\\/06\\\/16\\\/bando-recordatorio-de-algunas-previsiones-de-seguridad-para-penas-y-bares-fiestas-de-san-juan-2014\\\/#primaryimage\"},\"thumbnailUrl\":\"https:\\\/\\\/coria.org\\\/ayuntamiento\\\/wp-content\\\/uploads\\\/2022\\\/02\\\/image-168.jpeg\",\"keywords\":[\"bando\",\"san juan\"],\"articleSection\":[\"Noticias\"],\"inLanguage\":\"es\"},{\"@type\":\"WebPage\",\"@id\":\"https:\\\/\\\/coria.org\\\/ayuntamiento\\\/index.php\\\/2014\\\/06\\\/16\\\/bando-recordatorio-de-algunas-previsiones-de-seguridad-para-penas-y-bares-fiestas-de-san-juan-2014\\\/\",\"url\":\"https:\\\/\\\/coria.org\\\/ayuntamiento\\\/index.php\\\/2014\\\/06\\\/16\\\/bando-recordatorio-de-algunas-previsiones-de-seguridad-para-penas-y-bares-fiestas-de-san-juan-2014\\\/\",\"name\":\"Bando - Recordatorio de algunas previsiones de seguridad para Pe\u00f1as y Bares. Fiestas de San Juan 2014 - Ayuntamiento de Coria\",\"isPartOf\":{\"@id\":\"https:\\\/\\\/coria.org\\\/ayuntamiento\\\/#website\"},\"primaryImageOfPage\":{\"@id\":\"https:\\\/\\\/coria.org\\\/ayuntamiento\\\/index.php\\\/2014\\\/06\\\/16\\\/bando-recordatorio-de-algunas-previsiones-de-seguridad-para-penas-y-bares-fiestas-de-san-juan-2014\\\/#primaryimage\"},\"image\":{\"@id\":\"https:\\\/\\\/coria.org\\\/ayuntamiento\\\/index.php\\\/2014\\\/06\\\/16\\\/bando-recordatorio-de-algunas-previsiones-de-seguridad-para-penas-y-bares-fiestas-de-san-juan-2014\\\/#primaryimage\"},\"thumbnailUrl\":\"https:\\\/\\\/coria.org\\\/ayuntamiento\\\/wp-content\\\/uploads\\\/2022\\\/02\\\/image-168.jpeg\",\"datePublished\":\"2014-06-16T00:00:00+00:00\",\"dateModified\":\"2024-11-07T09:48:26+00:00\",\"description\":\"Se recuerda a todos que la Ordenanza reguladora de los festejos taurinos tradicionales de las fiestas de San Juan de la ciudad de Coria recoge, entre otras medidas de seguridad, algunas que afectan directamente a al funcionamiento de las pe\u00f1as y bares que es necesario cumplir:\",\"breadcrumb\":{\"@id\":\"https:\\\/\\\/coria.org\\\/ayuntamiento\\\/index.php\\\/2014\\\/06\\\/16\\\/bando-recordatorio-de-algunas-previsiones-de-seguridad-para-penas-y-bares-fiestas-de-san-juan-2014\\\/#breadcrumb\"},\"inLanguage\":\"es\",\"potentialAction\":[{\"@type\":\"ReadAction\",\"target\":[\"https:\\\/\\\/coria.org\\\/ayuntamiento\\\/index.php\\\/2014\\\/06\\\/16\\\/bando-recordatorio-de-algunas-previsiones-de-seguridad-para-penas-y-bares-fiestas-de-san-juan-2014\\\/\"]}]},{\"@type\":\"ImageObject\",\"inLanguage\":\"es\",\"@id\":\"https:\\\/\\\/coria.org\\\/ayuntamiento\\\/index.php\\\/2014\\\/06\\\/16\\\/bando-recordatorio-de-algunas-previsiones-de-seguridad-para-penas-y-bares-fiestas-de-san-juan-2014\\\/#primaryimage\",\"url\":\"https:\\\/\\\/coria.org\\\/ayuntamiento\\\/wp-content\\\/uploads\\\/2022\\\/02\\\/image-168.jpeg\",\"contentUrl\":\"https:\\\/\\\/coria.org\\\/ayuntamiento\\\/wp-content\\\/uploads\\\/2022\\\/02\\\/image-168.jpeg\",\"width\":1024,\"height\":576},{\"@type\":\"BreadcrumbList\",\"@id\":\"https:\\\/\\\/coria.org\\\/ayuntamiento\\\/index.php\\\/2014\\\/06\\\/16\\\/bando-recordatorio-de-algunas-previsiones-de-seguridad-para-penas-y-bares-fiestas-de-san-juan-2014\\\/#breadcrumb\",\"itemListElement\":[{\"@type\":\"ListItem\",\"position\":1,\"name\":\"Inicio\",\"item\":\"https:\\\/\\\/coria.org\\\/ayuntamiento\\\/\"},{\"@type\":\"ListItem\",\"position\":2,\"name\":\"Bando &#8211; Recordatorio de algunas previsiones de seguridad para Pe\u00f1as y Bares. Fiestas de San Juan 2014\"}]},{\"@type\":\"WebSite\",\"@id\":\"https:\\\/\\\/coria.org\\\/ayuntamiento\\\/#website\",\"url\":\"https:\\\/\\\/coria.org\\\/ayuntamiento\\\/\",\"name\":\"Ayuntamiento de Coria\",\"description\":\"Web oficial del Ayuntamiento de Coria\",\"publisher\":{\"@id\":\"https:\\\/\\\/coria.org\\\/ayuntamiento\\\/#organization\"},\"alternateName\":\"Web Oficial del Ayuntamiento de Coria\",\"potentialAction\":[{\"@type\":\"SearchAction\",\"target\":{\"@type\":\"EntryPoint\",\"urlTemplate\":\"https:\\\/\\\/coria.org\\\/ayuntamiento\\\/?s={search_term_string}\"},\"query-input\":{\"@type\":\"PropertyValueSpecification\",\"valueRequired\":true,\"valueName\":\"search_term_string\"}}],\"inLanguage\":\"es\"},{\"@type\":\"Organization\",\"@id\":\"https:\\\/\\\/coria.org\\\/ayuntamiento\\\/#organization\",\"name\":\"Ayuntamiento de Coria\",\"alternateName\":\"Ayto de Coria\",\"url\":\"https:\\\/\\\/coria.org\\\/ayuntamiento\\\/\",\"logo\":{\"@type\":\"ImageObject\",\"inLanguage\":\"es\",\"@id\":\"https:\\\/\\\/coria.org\\\/ayuntamiento\\\/#\\\/schema\\\/logo\\\/image\\\/\",\"url\":\"https:\\\/\\\/coria.org\\\/ayuntamiento\\\/wp-content\\\/uploads\\\/2020\\\/12\\\/escudo-ayuntamiento-coria.png\",\"contentUrl\":\"https:\\\/\\\/coria.org\\\/ayuntamiento\\\/wp-content\\\/uploads\\\/2020\\\/12\\\/escudo-ayuntamiento-coria.png\",\"width\":511,\"height\":240,\"caption\":\"Ayuntamiento de Coria\"},\"image\":{\"@id\":\"https:\\\/\\\/coria.org\\\/ayuntamiento\\\/#\\\/schema\\\/logo\\\/image\\\/\"},\"sameAs\":[\"https:\\\/\\\/www.facebook.com\\\/Ayuntamiento.de.Coria\",\"https:\\\/\\\/x.com\\\/Ayto_de_Coria\",\"https:\\\/\\\/www.instagram.com\\\/coria.ayuntamiento\\\/\",\"https:\\\/\\\/www.youtube.com\\\/user\\\/AYUNTAMIENTOCORIA\"]},{\"@type\":\"Person\",\"@id\":\"https:\\\/\\\/coria.org\\\/ayuntamiento\\\/#\\\/schema\\\/person\\\/8bd589f0e13e8ae5aa06def7a599d622\",\"name\":\"ayuntamiento\",\"image\":{\"@type\":\"ImageObject\",\"inLanguage\":\"es\",\"@id\":\"https:\\\/\\\/secure.gravatar.com\\\/avatar\\\/966e5ed73cad334adda5c87f49f2547f7082f7292c1b627cbb548744383b391c?s=96&d=mm&r=g\",\"url\":\"https:\\\/\\\/secure.gravatar.com\\\/avatar\\\/966e5ed73cad334adda5c87f49f2547f7082f7292c1b627cbb548744383b391c?s=96&d=mm&r=g\",\"contentUrl\":\"https:\\\/\\\/secure.gravatar.com\\\/avatar\\\/966e5ed73cad334adda5c87f49f2547f7082f7292c1b627cbb548744383b391c?s=96&d=mm&r=g\",\"caption\":\"ayuntamiento\"}}]}<\/script>\n<!-- \/ Yoast SEO plugin. -->","yoast_head_json":{"title":"Bando - Recordatorio de algunas previsiones de seguridad para Pe\u00f1as y Bares. Fiestas de San Juan 2014 - Ayuntamiento de Coria","description":"Se recuerda a todos que la Ordenanza reguladora de los festejos taurinos tradicionales de las fiestas de San Juan de la ciudad de Coria recoge, entre otras medidas de seguridad, algunas que afectan directamente a al funcionamiento de las pe\u00f1as y bares que es necesario cumplir:","robots":{"index":"index","follow":"follow","max-snippet":"max-snippet:-1","max-image-preview":"max-image-preview:large","max-video-preview":"max-video-preview:-1"},"canonical":"https:\/\/coria.org\/ayuntamiento\/index.php\/2014\/06\/16\/bando-recordatorio-de-algunas-previsiones-de-seguridad-para-penas-y-bares-fiestas-de-san-juan-2014\/","og_locale":"es_ES","og_type":"article","og_title":"Bando \u2013 Recordatorio de algunas previsiones de seguridad para Pe\u00f1as y Bares. Fiestas de San Juan 2014","og_description":"Se recuerda a todos que la Ordenanza reguladora de los festejos taurinos tradicionales de las fiestas de San Juan de la ciudad de Coria recoge, entre otras medidas de seguridad, algunas que afectan directamente a al funcionamiento de las pe\u00f1as y bares que es necesario cumplir:","og_url":"https:\/\/coria.org\/ayuntamiento\/index.php\/2014\/06\/16\/bando-recordatorio-de-algunas-previsiones-de-seguridad-para-penas-y-bares-fiestas-de-san-juan-2014\/","og_site_name":"Ayuntamiento de Coria","article_publisher":"https:\/\/www.facebook.com\/Ayuntamiento.de.Coria","article_published_time":"2014-06-16T00:00:00+00:00","article_modified_time":"2024-11-07T09:48:26+00:00","og_image":[{"width":1024,"height":576,"url":"https:\/\/coria.org\/ayuntamiento\/wp-content\/uploads\/2022\/02\/image-168.jpeg","type":"image\/jpeg"}],"author":"ayuntamiento","twitter_card":"summary_large_image","twitter_creator":"@Ayto_de_Coria","twitter_site":"@Ayto_de_Coria","twitter_misc":{"Escrito por":"ayuntamiento","Tiempo de lectura":"2 minutos"},"schema":{"@context":"https:\/\/schema.org","@graph":[{"@type":"Article","@id":"https:\/\/coria.org\/ayuntamiento\/index.php\/2014\/06\/16\/bando-recordatorio-de-algunas-previsiones-de-seguridad-para-penas-y-bares-fiestas-de-san-juan-2014\/#article","isPartOf":{"@id":"https:\/\/coria.org\/ayuntamiento\/index.php\/2014\/06\/16\/bando-recordatorio-de-algunas-previsiones-de-seguridad-para-penas-y-bares-fiestas-de-san-juan-2014\/"},"author":{"name":"ayuntamiento","@id":"https:\/\/coria.org\/ayuntamiento\/#\/schema\/person\/8bd589f0e13e8ae5aa06def7a599d622"},"headline":"Bando &#8211; Recordatorio de algunas previsiones de seguridad para Pe\u00f1as y Bares. Fiestas de San Juan 2014","datePublished":"2014-06-16T00:00:00+00:00","dateModified":"2024-11-07T09:48:26+00:00","mainEntityOfPage":{"@id":"https:\/\/coria.org\/ayuntamiento\/index.php\/2014\/06\/16\/bando-recordatorio-de-algunas-previsiones-de-seguridad-para-penas-y-bares-fiestas-de-san-juan-2014\/"},"wordCount":347,"publisher":{"@id":"https:\/\/coria.org\/ayuntamiento\/#organization"},"image":{"@id":"https:\/\/coria.org\/ayuntamiento\/index.php\/2014\/06\/16\/bando-recordatorio-de-algunas-previsiones-de-seguridad-para-penas-y-bares-fiestas-de-san-juan-2014\/#primaryimage"},"thumbnailUrl":"https:\/\/coria.org\/ayuntamiento\/wp-content\/uploads\/2022\/02\/image-168.jpeg","keywords":["bando","san juan"],"articleSection":["Noticias"],"inLanguage":"es"},{"@type":"WebPage","@id":"https:\/\/coria.org\/ayuntamiento\/index.php\/2014\/06\/16\/bando-recordatorio-de-algunas-previsiones-de-seguridad-para-penas-y-bares-fiestas-de-san-juan-2014\/","url":"https:\/\/coria.org\/ayuntamiento\/index.php\/2014\/06\/16\/bando-recordatorio-de-algunas-previsiones-de-seguridad-para-penas-y-bares-fiestas-de-san-juan-2014\/","name":"Bando - Recordatorio de algunas previsiones de seguridad para Pe\u00f1as y Bares. Fiestas de San Juan 2014 - Ayuntamiento de Coria","isPartOf":{"@id":"https:\/\/coria.org\/ayuntamiento\/#website"},"primaryImageOfPage":{"@id":"https:\/\/coria.org\/ayuntamiento\/index.php\/2014\/06\/16\/bando-recordatorio-de-algunas-previsiones-de-seguridad-para-penas-y-bares-fiestas-de-san-juan-2014\/#primaryimage"},"image":{"@id":"https:\/\/coria.org\/ayuntamiento\/index.php\/2014\/06\/16\/bando-recordatorio-de-algunas-previsiones-de-seguridad-para-penas-y-bares-fiestas-de-san-juan-2014\/#primaryimage"},"thumbnailUrl":"https:\/\/coria.org\/ayuntamiento\/wp-content\/uploads\/2022\/02\/image-168.jpeg","datePublished":"2014-06-16T00:00:00+00:00","dateModified":"2024-11-07T09:48:26+00:00","description":"Se recuerda a todos que la Ordenanza reguladora de los festejos taurinos tradicionales de las fiestas de San Juan de la ciudad de Coria recoge, entre otras medidas de seguridad, algunas que afectan directamente a al funcionamiento de las pe\u00f1as y bares que es necesario cumplir:","breadcrumb":{"@id":"https:\/\/coria.org\/ayuntamiento\/index.php\/2014\/06\/16\/bando-recordatorio-de-algunas-previsiones-de-seguridad-para-penas-y-bares-fiestas-de-san-juan-2014\/#breadcrumb"},"inLanguage":"es","potentialAction":[{"@type":"ReadAction","target":["https:\/\/coria.org\/ayuntamiento\/index.php\/2014\/06\/16\/bando-recordatorio-de-algunas-previsiones-de-seguridad-para-penas-y-bares-fiestas-de-san-juan-2014\/"]}]},{"@type":"ImageObject","inLanguage":"es","@id":"https:\/\/coria.org\/ayuntamiento\/index.php\/2014\/06\/16\/bando-recordatorio-de-algunas-previsiones-de-seguridad-para-penas-y-bares-fiestas-de-san-juan-2014\/#primaryimage","url":"https:\/\/coria.org\/ayuntamiento\/wp-content\/uploads\/2022\/02\/image-168.jpeg","contentUrl":"https:\/\/coria.org\/ayuntamiento\/wp-content\/uploads\/2022\/02\/image-168.jpeg","width":1024,"height":576},{"@type":"BreadcrumbList","@id":"https:\/\/coria.org\/ayuntamiento\/index.php\/2014\/06\/16\/bando-recordatorio-de-algunas-previsiones-de-seguridad-para-penas-y-bares-fiestas-de-san-juan-2014\/#breadcrumb","itemListElement":[{"@type":"ListItem","position":1,"name":"Inicio","item":"https:\/\/coria.org\/ayuntamiento\/"},{"@type":"ListItem","position":2,"name":"Bando &#8211; Recordatorio de algunas previsiones de seguridad para Pe\u00f1as y Bares. Fiestas de San Juan 2014"}]},{"@type":"WebSite","@id":"https:\/\/coria.org\/ayuntamiento\/#website","url":"https:\/\/coria.org\/ayuntamiento\/","name":"Ayuntamiento de Coria","description":"Web oficial del Ayuntamiento de Coria","publisher":{"@id":"https:\/\/coria.org\/ayuntamiento\/#organization"},"alternateName":"Web Oficial del Ayuntamiento de Coria","potentialAction":[{"@type":"SearchAction","target":{"@type":"EntryPoint","urlTemplate":"https:\/\/coria.org\/ayuntamiento\/?s={search_term_string}"},"query-input":{"@type":"PropertyValueSpecification","valueRequired":true,"valueName":"search_term_string"}}],"inLanguage":"es"},{"@type":"Organization","@id":"https:\/\/coria.org\/ayuntamiento\/#organization","name":"Ayuntamiento de Coria","alternateName":"Ayto de Coria","url":"https:\/\/coria.org\/ayuntamiento\/","logo":{"@type":"ImageObject","inLanguage":"es","@id":"https:\/\/coria.org\/ayuntamiento\/#\/schema\/logo\/image\/","url":"https:\/\/coria.org\/ayuntamiento\/wp-content\/uploads\/2020\/12\/escudo-ayuntamiento-coria.png","contentUrl":"https:\/\/coria.org\/ayuntamiento\/wp-content\/uploads\/2020\/12\/escudo-ayuntamiento-coria.png","width":511,"height":240,"caption":"Ayuntamiento de Coria"},"image":{"@id":"https:\/\/coria.org\/ayuntamiento\/#\/schema\/logo\/image\/"},"sameAs":["https:\/\/www.facebook.com\/Ayuntamiento.de.Coria","https:\/\/x.com\/Ayto_de_Coria","https:\/\/www.instagram.com\/coria.ayuntamiento\/","https:\/\/www.youtube.com\/user\/AYUNTAMIENTOCORIA"]},{"@type":"Person","@id":"https:\/\/coria.org\/ayuntamiento\/#\/schema\/person\/8bd589f0e13e8ae5aa06def7a599d622","name":"ayuntamiento","image":{"@type":"ImageObject","inLanguage":"es","@id":"https:\/\/secure.gravatar.com\/avatar\/966e5ed73cad334adda5c87f49f2547f7082f7292c1b627cbb548744383b391c?s=96&d=mm&r=g","url":"https:\/\/secure.gravatar.com\/avatar\/966e5ed73cad334adda5c87f49f2547f7082f7292c1b627cbb548744383b391c?s=96&d=mm&r=g","contentUrl":"https:\/\/secure.gravatar.com\/avatar\/966e5ed73cad334adda5c87f49f2547f7082f7292c1b627cbb548744383b391c?s=96&d=mm&r=g","caption":"ayuntamiento"}}]}},"uagb_featured_image_src":{"full":["https:\/\/coria.org\/ayuntamiento\/wp-content\/uploads\/2022\/02\/image-168.jpeg",1024,576,false],"thumbnail":["https:\/\/coria.org\/ayuntamiento\/wp-content\/uploads\/2022\/02\/image-168-150x150.jpeg",150,150,true],"medium":["https:\/\/coria.org\/ayuntamiento\/wp-content\/uploads\/2022\/02\/image-168-300x169.jpeg",300,169,true],"medium_large":["https:\/\/coria.org\/ayuntamiento\/wp-content\/uploads\/2022\/02\/image-168-768x432.jpeg",768,432,true],"large":["https:\/\/coria.org\/ayuntamiento\/wp-content\/uploads\/2022\/02\/image-168.jpeg",1024,576,false],"thumblist":["https:\/\/coria.org\/ayuntamiento\/wp-content\/uploads\/2022\/02\/image-168.jpeg",300,169,false],"thumbrelated":["https:\/\/coria.org\/ayuntamiento\/wp-content\/uploads\/2022\/02\/image-168.jpeg",500,281,false],"meccarouselthumb":["https:\/\/coria.org\/ayuntamiento\/wp-content\/uploads\/2022\/02\/image-168.jpeg",474,267,false],"gridsquare":["https:\/\/coria.org\/ayuntamiento\/wp-content\/uploads\/2022\/02\/image-168.jpeg",391,220,false],"tileview":["https:\/\/coria.org\/ayuntamiento\/wp-content\/uploads\/2022\/02\/image-168.jpeg",300,169,false],"1536x1536":["https:\/\/coria.org\/ayuntamiento\/wp-content\/uploads\/2022\/02\/image-168.jpeg",1024,576,false],"2048x2048":["https:\/\/coria.org\/ayuntamiento\/wp-content\/uploads\/2022\/02\/image-168.jpeg",1024,576,false]},"uagb_author_info":{"display_name":"ayuntamiento","author_link":"https:\/\/coria.org\/ayuntamiento\/index.php\/author\/ayuntamiento\/"},"uagb_comment_info":0,"uagb_excerpt":"Se recuerda a todos que la Ordenanza reguladora de los festejos taurinos tradicionales de las fiestas de San Juan de la ciudad de Coria recoge, entre otras medidas de seguridad, algunas que afectan directamente a al funcionamiento de las pe\u00f1as y bares que es necesario cumplir: 1. Que debido al riesgo que supone, las pe\u00f1as&hellip;","_links":{"self":[{"href":"https:\/\/coria.org\/ayuntamiento\/index.php\/wp-json\/wp\/v2\/posts\/25913","targetHints":{"allow":["GET"]}}],"collection":[{"href":"https:\/\/coria.org\/ayuntamiento\/index.php\/wp-json\/wp\/v2\/posts"}],"about":[{"href":"https:\/\/coria.org\/ayuntamiento\/index.php\/wp-json\/wp\/v2\/types\/post"}],"author":[{"embeddable":true,"href":"https:\/\/coria.org\/ayuntamiento\/index.php\/wp-json\/wp\/v2\/users\/2"}],"replies":[{"embeddable":true,"href":"https:\/\/coria.org\/ayuntamiento\/index.php\/wp-json\/wp\/v2\/comments?post=25913"}],"version-history":[{"count":0,"href":"https:\/\/coria.org\/ayuntamiento\/index.php\/wp-json\/wp\/v2\/posts\/25913\/revisions"}],"wp:featuredmedia":[{"embeddable":true,"href":"https:\/\/coria.org\/ayuntamiento\/index.php\/wp-json\/wp\/v2\/media\/28041"}],"wp:attachment":[{"href":"https:\/\/coria.org\/ayuntamiento\/index.php\/wp-json\/wp\/v2\/media?parent=25913"}],"wp:term":[{"taxonomy":"category","embeddable":true,"href":"https:\/\/coria.org\/ayuntamiento\/index.php\/wp-json\/wp\/v2\/categories?post=25913"},{"taxonomy":"post_tag","embeddable":true,"href":"https:\/\/coria.org\/ayuntamiento\/index.php\/wp-json\/wp\/v2\/tags?post=25913"}],"curies":[{"name":"wp","href":"https:\/\/api.w.org\/{rel}","templated":true}]}}