{"id":25907,"date":"2014-06-19T00:00:00","date_gmt":"2014-06-19T00:00:00","guid":{"rendered":"https:\/\/ayuntamiento.coriaenimagenes.com\/comienza-la-rehabilitacion-de-las-24-viviendas-de-los-camineros-de-coria\/"},"modified":"2023-09-18T12:39:58","modified_gmt":"2023-09-18T10:39:58","slug":"comienza-la-rehabilitacion-de-las-24-viviendas-de-los-camineros-de-coria","status":"publish","type":"post","link":"https:\/\/coria.org\/ayuntamiento\/index.php\/2014\/06\/19\/comienza-la-rehabilitacion-de-las-24-viviendas-de-los-camineros-de-coria\/","title":{"rendered":"Comienza la rehabilitaci\u00f3n de las 24 viviendas de Los Camineros de Coria"},"content":{"rendered":"\n<p><b>La Consejer\u00eda de Fomento, Vivienda, Ordenaci\u00f3n del Territorio y Turismo ha formalizado con la UTE Sehuca-Injupe el contrato de rehabilitaci\u00f3n de las 24 antiguas casas de \u00abLos camineros\u00bb de Coria, que se reconvertir\u00e1n en viviendas sociales. <\/b><\/p>\n\n<figure class=\"wp-block-post-featured-image\"><img loading=\"lazy\" decoding=\"async\" width=\"2304\" height=\"1536\" src=\"https:\/\/coria.org\/ayuntamiento\/wp-content\/uploads\/2014\/06\/14272154967_48b66faab0_o.jpg\" class=\"attachment-post-thumbnail size-post-thumbnail wp-post-image\" alt=\"\" style=\"object-fit:cover;\" srcset=\"https:\/\/coria.org\/ayuntamiento\/wp-content\/uploads\/2014\/06\/14272154967_48b66faab0_o.jpg 2304w, https:\/\/coria.org\/ayuntamiento\/wp-content\/uploads\/2014\/06\/14272154967_48b66faab0_o-300x200.jpg 300w, https:\/\/coria.org\/ayuntamiento\/wp-content\/uploads\/2014\/06\/14272154967_48b66faab0_o-1024x683.jpg 1024w, https:\/\/coria.org\/ayuntamiento\/wp-content\/uploads\/2014\/06\/14272154967_48b66faab0_o-768x512.jpg 768w, https:\/\/coria.org\/ayuntamiento\/wp-content\/uploads\/2014\/06\/14272154967_48b66faab0_o-1536x1024.jpg 1536w, https:\/\/coria.org\/ayuntamiento\/wp-content\/uploads\/2014\/06\/14272154967_48b66faab0_o-2048x1365.jpg 2048w, https:\/\/coria.org\/ayuntamiento\/wp-content\/uploads\/2014\/06\/14272154967_48b66faab0_o-1200x800.jpg 1200w\" sizes=\"auto, (max-width: 2304px) 100vw, 2304px\" \/><\/figure>\n\n<p><span style=\"font-family: verdana,arial,helvetica,sans-serif; font-size: small;\">El presupuesto de adjudicaci\u00f3n asciende a 783.844 euros. El plazo de ejecuci\u00f3n de la obra es de diez meses. <\/span><\/p>\n\n\n<p><span style=\"font-family: verdana,arial,helvetica,sans-serif; font-size: small;\">Una vez finalizadas las labores de reforma, estas viviendas de promoci\u00f3n p\u00fablica se entregar\u00e1n a las familias m\u00e1s necesitadas del municipio, seleccionadas por un sistema de baremaci\u00f3n. <\/span><\/p>\n\n\n<p><span style=\"font-family: verdana,arial,helvetica,sans-serif; font-size: small;\">La rehabilitaci\u00f3n integral de este grupo de viviendas del Parque Conservaci\u00f3n de Carreteras de Coria fue un compromiso adquirido en 2013 por el consejero de Fomento, V\u00edctor del Moral, con el alcalde cauriense, Jos\u00e9 Manuel Garc\u00eda Ballestero.<\/span><\/p>\n\n\n<p><span style=\"font-family: verdana,arial,helvetica,sans-serif; font-size: small;\">Las actuaciones consistir\u00e1n en la reparaci\u00f3n de desperfectos existentes en el interior de los inmuebles, la adaptaci\u00f3n de estos a la normativa vigente de exigencias m\u00ednimas de habitabilidad, la mejora de su eficiencia energ\u00e9tica y la instalaci\u00f3n de ascensores para que cumplan la normativa de accesibilidad.<\/span><\/p>\n\n\n<p><span style=\"font-family: verdana,arial,helvetica,sans-serif; font-size: small;\">Este proyecto de recuperaci\u00f3n integral de los edificios de los camineros se enmarca en la pol\u00edtica de fomento e impulso de la rehabilitaci\u00f3n de viviendas en los cascos urbanos de los municipios que est\u00e1 desarrollando el Gobierno de Extremadura.<\/span><\/p>\n\n\n<p><span style=\"font-family: verdana,arial,helvetica,sans-serif; font-size: small;\">El objetivo es dar prioridad a las reformas de edificios en los centros de las ciudades y pueblos para destinarlos a viviendas sociales, en lugar de apostar por la construcci\u00f3n viviendas nuevas en las afueras, combatiendo as\u00ed la despoblaci\u00f3n de los cascos hist\u00f3ricos y evitando los costes extra en mantenimiento (alumbrado p\u00fablico, recogida de basuras, mantenimiento de calles\u0085) que supone edificar en los extrarradios.<\/span><\/p>\n","protected":false},"excerpt":{"rendered":"<p>La Consejer\u00eda de Fomento, Vivienda, Ordenaci\u00f3n del Territorio y Turismo ha formalizado con la UTE Sehuca-Injupe el contrato de rehabilitaci\u00f3n de las 24 antiguas casas de \u00abLos camineros\u00bb de Coria, que se reconvertir\u00e1n en viviendas sociales. El presupuesto de adjudicaci\u00f3n asciende a 783.844 euros. El plazo de ejecuci\u00f3n de la obra es de diez meses. [&hellip;]<\/p>\n","protected":false},"author":2,"featured_media":31163,"comment_status":"closed","ping_status":"closed","sticky":false,"template":"","format":"standard","meta":{"_uag_custom_page_level_css":"","footnotes":""},"categories":[2],"tags":[3,4],"class_list":["post-25907","post","type-post","status-publish","format-standard","has-post-thumbnail","hentry","category-noticias","tag-coria","tag-extremadura"],"yoast_head":"<!-- This site is optimized with the Yoast SEO plugin v27.4 - https:\/\/yoast.com\/product\/yoast-seo-wordpress\/ -->\n<title>Comienza la rehabilitaci\u00f3n de las 24 viviendas de Los Camineros de Coria - Ayuntamiento de Coria<\/title>\n<meta name=\"robots\" content=\"index, follow, max-snippet:-1, max-image-preview:large, max-video-preview:-1\" \/>\n<link rel=\"canonical\" href=\"https:\/\/coria.org\/ayuntamiento\/index.php\/2014\/06\/19\/comienza-la-rehabilitacion-de-las-24-viviendas-de-los-camineros-de-coria\/\" \/>\n<meta property=\"og:locale\" content=\"es_ES\" \/>\n<meta property=\"og:type\" content=\"article\" \/>\n<meta property=\"og:title\" content=\"Comienza la rehabilitaci\u00f3n de las 24 viviendas de Los Camineros de Coria - Ayuntamiento de Coria\" \/>\n<meta property=\"og:description\" content=\"La Consejer\u00eda de Fomento, Vivienda, Ordenaci\u00f3n del Territorio y Turismo ha formalizado con la UTE Sehuca-Injupe el contrato de rehabilitaci\u00f3n de las 24 antiguas casas de \u00abLos camineros\u00bb de Coria, que se reconvertir\u00e1n en viviendas sociales. El presupuesto de adjudicaci\u00f3n asciende a 783.844 euros. El plazo de ejecuci\u00f3n de la obra es de diez meses. [&hellip;]\" \/>\n<meta property=\"og:url\" content=\"https:\/\/coria.org\/ayuntamiento\/index.php\/2014\/06\/19\/comienza-la-rehabilitacion-de-las-24-viviendas-de-los-camineros-de-coria\/\" \/>\n<meta property=\"og:site_name\" content=\"Ayuntamiento de Coria\" \/>\n<meta property=\"article:publisher\" content=\"https:\/\/www.facebook.com\/Ayuntamiento.de.Coria\" \/>\n<meta property=\"article:published_time\" content=\"2014-06-19T00:00:00+00:00\" \/>\n<meta property=\"article:modified_time\" content=\"2023-09-18T10:39:58+00:00\" \/>\n<meta property=\"og:image\" content=\"https:\/\/coria.org\/ayuntamiento\/wp-content\/uploads\/2014\/06\/14272154967_48b66faab0_o-1024x683.jpg\" \/>\n\t<meta property=\"og:image:width\" content=\"1024\" \/>\n\t<meta property=\"og:image:height\" content=\"683\" \/>\n\t<meta property=\"og:image:type\" content=\"image\/jpeg\" \/>\n<meta name=\"author\" content=\"ayuntamiento\" \/>\n<meta name=\"twitter:card\" content=\"summary_large_image\" \/>\n<meta name=\"twitter:creator\" content=\"@Ayto_de_Coria\" \/>\n<meta name=\"twitter:site\" content=\"@Ayto_de_Coria\" \/>\n<meta name=\"twitter:label1\" content=\"Escrito por\" \/>\n\t<meta name=\"twitter:data1\" content=\"ayuntamiento\" \/>\n\t<meta name=\"twitter:label2\" content=\"Tiempo de lectura\" \/>\n\t<meta name=\"twitter:data2\" content=\"1 minuto\" \/>\n<script type=\"application\/ld+json\" class=\"yoast-schema-graph\">{\"@context\":\"https:\\\/\\\/schema.org\",\"@graph\":[{\"@type\":\"Article\",\"@id\":\"https:\\\/\\\/coria.org\\\/ayuntamiento\\\/index.php\\\/2014\\\/06\\\/19\\\/comienza-la-rehabilitacion-de-las-24-viviendas-de-los-camineros-de-coria\\\/#article\",\"isPartOf\":{\"@id\":\"https:\\\/\\\/coria.org\\\/ayuntamiento\\\/index.php\\\/2014\\\/06\\\/19\\\/comienza-la-rehabilitacion-de-las-24-viviendas-de-los-camineros-de-coria\\\/\"},\"author\":{\"name\":\"ayuntamiento\",\"@id\":\"https:\\\/\\\/coria.org\\\/ayuntamiento\\\/#\\\/schema\\\/person\\\/8bd589f0e13e8ae5aa06def7a599d622\"},\"headline\":\"Comienza la rehabilitaci\u00f3n de las 24 viviendas de Los Camineros de Coria\",\"datePublished\":\"2014-06-19T00:00:00+00:00\",\"dateModified\":\"2023-09-18T10:39:58+00:00\",\"mainEntityOfPage\":{\"@id\":\"https:\\\/\\\/coria.org\\\/ayuntamiento\\\/index.php\\\/2014\\\/06\\\/19\\\/comienza-la-rehabilitacion-de-las-24-viviendas-de-los-camineros-de-coria\\\/\"},\"wordCount\":305,\"publisher\":{\"@id\":\"https:\\\/\\\/coria.org\\\/ayuntamiento\\\/#organization\"},\"image\":{\"@id\":\"https:\\\/\\\/coria.org\\\/ayuntamiento\\\/index.php\\\/2014\\\/06\\\/19\\\/comienza-la-rehabilitacion-de-las-24-viviendas-de-los-camineros-de-coria\\\/#primaryimage\"},\"thumbnailUrl\":\"https:\\\/\\\/coria.org\\\/ayuntamiento\\\/wp-content\\\/uploads\\\/2014\\\/06\\\/14272154967_48b66faab0_o.jpg\",\"keywords\":[\"coria\",\"extremadura\"],\"articleSection\":[\"Noticias\"],\"inLanguage\":\"es\"},{\"@type\":\"WebPage\",\"@id\":\"https:\\\/\\\/coria.org\\\/ayuntamiento\\\/index.php\\\/2014\\\/06\\\/19\\\/comienza-la-rehabilitacion-de-las-24-viviendas-de-los-camineros-de-coria\\\/\",\"url\":\"https:\\\/\\\/coria.org\\\/ayuntamiento\\\/index.php\\\/2014\\\/06\\\/19\\\/comienza-la-rehabilitacion-de-las-24-viviendas-de-los-camineros-de-coria\\\/\",\"name\":\"Comienza la rehabilitaci\u00f3n de las 24 viviendas de Los Camineros de Coria - Ayuntamiento de Coria\",\"isPartOf\":{\"@id\":\"https:\\\/\\\/coria.org\\\/ayuntamiento\\\/#website\"},\"primaryImageOfPage\":{\"@id\":\"https:\\\/\\\/coria.org\\\/ayuntamiento\\\/index.php\\\/2014\\\/06\\\/19\\\/comienza-la-rehabilitacion-de-las-24-viviendas-de-los-camineros-de-coria\\\/#primaryimage\"},\"image\":{\"@id\":\"https:\\\/\\\/coria.org\\\/ayuntamiento\\\/index.php\\\/2014\\\/06\\\/19\\\/comienza-la-rehabilitacion-de-las-24-viviendas-de-los-camineros-de-coria\\\/#primaryimage\"},\"thumbnailUrl\":\"https:\\\/\\\/coria.org\\\/ayuntamiento\\\/wp-content\\\/uploads\\\/2014\\\/06\\\/14272154967_48b66faab0_o.jpg\",\"datePublished\":\"2014-06-19T00:00:00+00:00\",\"dateModified\":\"2023-09-18T10:39:58+00:00\",\"breadcrumb\":{\"@id\":\"https:\\\/\\\/coria.org\\\/ayuntamiento\\\/index.php\\\/2014\\\/06\\\/19\\\/comienza-la-rehabilitacion-de-las-24-viviendas-de-los-camineros-de-coria\\\/#breadcrumb\"},\"inLanguage\":\"es\",\"potentialAction\":[{\"@type\":\"ReadAction\",\"target\":[\"https:\\\/\\\/coria.org\\\/ayuntamiento\\\/index.php\\\/2014\\\/06\\\/19\\\/comienza-la-rehabilitacion-de-las-24-viviendas-de-los-camineros-de-coria\\\/\"]}]},{\"@type\":\"ImageObject\",\"inLanguage\":\"es\",\"@id\":\"https:\\\/\\\/coria.org\\\/ayuntamiento\\\/index.php\\\/2014\\\/06\\\/19\\\/comienza-la-rehabilitacion-de-las-24-viviendas-de-los-camineros-de-coria\\\/#primaryimage\",\"url\":\"https:\\\/\\\/coria.org\\\/ayuntamiento\\\/wp-content\\\/uploads\\\/2014\\\/06\\\/14272154967_48b66faab0_o.jpg\",\"contentUrl\":\"https:\\\/\\\/coria.org\\\/ayuntamiento\\\/wp-content\\\/uploads\\\/2014\\\/06\\\/14272154967_48b66faab0_o.jpg\",\"width\":2304,\"height\":1536},{\"@type\":\"BreadcrumbList\",\"@id\":\"https:\\\/\\\/coria.org\\\/ayuntamiento\\\/index.php\\\/2014\\\/06\\\/19\\\/comienza-la-rehabilitacion-de-las-24-viviendas-de-los-camineros-de-coria\\\/#breadcrumb\",\"itemListElement\":[{\"@type\":\"ListItem\",\"position\":1,\"name\":\"Inicio\",\"item\":\"https:\\\/\\\/coria.org\\\/ayuntamiento\\\/\"},{\"@type\":\"ListItem\",\"position\":2,\"name\":\"Comienza la rehabilitaci\u00f3n de las 24 viviendas de Los Camineros de Coria\"}]},{\"@type\":\"WebSite\",\"@id\":\"https:\\\/\\\/coria.org\\\/ayuntamiento\\\/#website\",\"url\":\"https:\\\/\\\/coria.org\\\/ayuntamiento\\\/\",\"name\":\"Ayuntamiento de Coria\",\"description\":\"Web oficial del Ayuntamiento de Coria\",\"publisher\":{\"@id\":\"https:\\\/\\\/coria.org\\\/ayuntamiento\\\/#organization\"},\"alternateName\":\"Web Oficial del Ayuntamiento de Coria\",\"potentialAction\":[{\"@type\":\"SearchAction\",\"target\":{\"@type\":\"EntryPoint\",\"urlTemplate\":\"https:\\\/\\\/coria.org\\\/ayuntamiento\\\/?s={search_term_string}\"},\"query-input\":{\"@type\":\"PropertyValueSpecification\",\"valueRequired\":true,\"valueName\":\"search_term_string\"}}],\"inLanguage\":\"es\"},{\"@type\":\"Organization\",\"@id\":\"https:\\\/\\\/coria.org\\\/ayuntamiento\\\/#organization\",\"name\":\"Ayuntamiento de Coria\",\"alternateName\":\"Ayto de Coria\",\"url\":\"https:\\\/\\\/coria.org\\\/ayuntamiento\\\/\",\"logo\":{\"@type\":\"ImageObject\",\"inLanguage\":\"es\",\"@id\":\"https:\\\/\\\/coria.org\\\/ayuntamiento\\\/#\\\/schema\\\/logo\\\/image\\\/\",\"url\":\"https:\\\/\\\/coria.org\\\/ayuntamiento\\\/wp-content\\\/uploads\\\/2020\\\/12\\\/escudo-ayuntamiento-coria.png\",\"contentUrl\":\"https:\\\/\\\/coria.org\\\/ayuntamiento\\\/wp-content\\\/uploads\\\/2020\\\/12\\\/escudo-ayuntamiento-coria.png\",\"width\":511,\"height\":240,\"caption\":\"Ayuntamiento de Coria\"},\"image\":{\"@id\":\"https:\\\/\\\/coria.org\\\/ayuntamiento\\\/#\\\/schema\\\/logo\\\/image\\\/\"},\"sameAs\":[\"https:\\\/\\\/www.facebook.com\\\/Ayuntamiento.de.Coria\",\"https:\\\/\\\/x.com\\\/Ayto_de_Coria\",\"https:\\\/\\\/www.instagram.com\\\/coria.ayuntamiento\\\/\",\"https:\\\/\\\/www.youtube.com\\\/user\\\/AYUNTAMIENTOCORIA\"]},{\"@type\":\"Person\",\"@id\":\"https:\\\/\\\/coria.org\\\/ayuntamiento\\\/#\\\/schema\\\/person\\\/8bd589f0e13e8ae5aa06def7a599d622\",\"name\":\"ayuntamiento\",\"image\":{\"@type\":\"ImageObject\",\"inLanguage\":\"es\",\"@id\":\"https:\\\/\\\/secure.gravatar.com\\\/avatar\\\/966e5ed73cad334adda5c87f49f2547f7082f7292c1b627cbb548744383b391c?s=96&d=mm&r=g\",\"url\":\"https:\\\/\\\/secure.gravatar.com\\\/avatar\\\/966e5ed73cad334adda5c87f49f2547f7082f7292c1b627cbb548744383b391c?s=96&d=mm&r=g\",\"contentUrl\":\"https:\\\/\\\/secure.gravatar.com\\\/avatar\\\/966e5ed73cad334adda5c87f49f2547f7082f7292c1b627cbb548744383b391c?s=96&d=mm&r=g\",\"caption\":\"ayuntamiento\"}}]}<\/script>\n<!-- \/ Yoast SEO plugin. -->","yoast_head_json":{"title":"Comienza la rehabilitaci\u00f3n de las 24 viviendas de Los Camineros de Coria - Ayuntamiento de Coria","robots":{"index":"index","follow":"follow","max-snippet":"max-snippet:-1","max-image-preview":"max-image-preview:large","max-video-preview":"max-video-preview:-1"},"canonical":"https:\/\/coria.org\/ayuntamiento\/index.php\/2014\/06\/19\/comienza-la-rehabilitacion-de-las-24-viviendas-de-los-camineros-de-coria\/","og_locale":"es_ES","og_type":"article","og_title":"Comienza la rehabilitaci\u00f3n de las 24 viviendas de Los Camineros de Coria - Ayuntamiento de Coria","og_description":"La Consejer\u00eda de Fomento, Vivienda, Ordenaci\u00f3n del Territorio y Turismo ha formalizado con la UTE Sehuca-Injupe el contrato de rehabilitaci\u00f3n de las 24 antiguas casas de \u00abLos camineros\u00bb de Coria, que se reconvertir\u00e1n en viviendas sociales. El presupuesto de adjudicaci\u00f3n asciende a 783.844 euros. El plazo de ejecuci\u00f3n de la obra es de diez meses. [&hellip;]","og_url":"https:\/\/coria.org\/ayuntamiento\/index.php\/2014\/06\/19\/comienza-la-rehabilitacion-de-las-24-viviendas-de-los-camineros-de-coria\/","og_site_name":"Ayuntamiento de Coria","article_publisher":"https:\/\/www.facebook.com\/Ayuntamiento.de.Coria","article_published_time":"2014-06-19T00:00:00+00:00","article_modified_time":"2023-09-18T10:39:58+00:00","og_image":[{"width":1024,"height":683,"url":"https:\/\/coria.org\/ayuntamiento\/wp-content\/uploads\/2014\/06\/14272154967_48b66faab0_o-1024x683.jpg","type":"image\/jpeg"}],"author":"ayuntamiento","twitter_card":"summary_large_image","twitter_creator":"@Ayto_de_Coria","twitter_site":"@Ayto_de_Coria","twitter_misc":{"Escrito por":"ayuntamiento","Tiempo de lectura":"1 minuto"},"schema":{"@context":"https:\/\/schema.org","@graph":[{"@type":"Article","@id":"https:\/\/coria.org\/ayuntamiento\/index.php\/2014\/06\/19\/comienza-la-rehabilitacion-de-las-24-viviendas-de-los-camineros-de-coria\/#article","isPartOf":{"@id":"https:\/\/coria.org\/ayuntamiento\/index.php\/2014\/06\/19\/comienza-la-rehabilitacion-de-las-24-viviendas-de-los-camineros-de-coria\/"},"author":{"name":"ayuntamiento","@id":"https:\/\/coria.org\/ayuntamiento\/#\/schema\/person\/8bd589f0e13e8ae5aa06def7a599d622"},"headline":"Comienza la rehabilitaci\u00f3n de las 24 viviendas de Los Camineros de Coria","datePublished":"2014-06-19T00:00:00+00:00","dateModified":"2023-09-18T10:39:58+00:00","mainEntityOfPage":{"@id":"https:\/\/coria.org\/ayuntamiento\/index.php\/2014\/06\/19\/comienza-la-rehabilitacion-de-las-24-viviendas-de-los-camineros-de-coria\/"},"wordCount":305,"publisher":{"@id":"https:\/\/coria.org\/ayuntamiento\/#organization"},"image":{"@id":"https:\/\/coria.org\/ayuntamiento\/index.php\/2014\/06\/19\/comienza-la-rehabilitacion-de-las-24-viviendas-de-los-camineros-de-coria\/#primaryimage"},"thumbnailUrl":"https:\/\/coria.org\/ayuntamiento\/wp-content\/uploads\/2014\/06\/14272154967_48b66faab0_o.jpg","keywords":["coria","extremadura"],"articleSection":["Noticias"],"inLanguage":"es"},{"@type":"WebPage","@id":"https:\/\/coria.org\/ayuntamiento\/index.php\/2014\/06\/19\/comienza-la-rehabilitacion-de-las-24-viviendas-de-los-camineros-de-coria\/","url":"https:\/\/coria.org\/ayuntamiento\/index.php\/2014\/06\/19\/comienza-la-rehabilitacion-de-las-24-viviendas-de-los-camineros-de-coria\/","name":"Comienza la rehabilitaci\u00f3n de las 24 viviendas de Los Camineros de Coria - Ayuntamiento de Coria","isPartOf":{"@id":"https:\/\/coria.org\/ayuntamiento\/#website"},"primaryImageOfPage":{"@id":"https:\/\/coria.org\/ayuntamiento\/index.php\/2014\/06\/19\/comienza-la-rehabilitacion-de-las-24-viviendas-de-los-camineros-de-coria\/#primaryimage"},"image":{"@id":"https:\/\/coria.org\/ayuntamiento\/index.php\/2014\/06\/19\/comienza-la-rehabilitacion-de-las-24-viviendas-de-los-camineros-de-coria\/#primaryimage"},"thumbnailUrl":"https:\/\/coria.org\/ayuntamiento\/wp-content\/uploads\/2014\/06\/14272154967_48b66faab0_o.jpg","datePublished":"2014-06-19T00:00:00+00:00","dateModified":"2023-09-18T10:39:58+00:00","breadcrumb":{"@id":"https:\/\/coria.org\/ayuntamiento\/index.php\/2014\/06\/19\/comienza-la-rehabilitacion-de-las-24-viviendas-de-los-camineros-de-coria\/#breadcrumb"},"inLanguage":"es","potentialAction":[{"@type":"ReadAction","target":["https:\/\/coria.org\/ayuntamiento\/index.php\/2014\/06\/19\/comienza-la-rehabilitacion-de-las-24-viviendas-de-los-camineros-de-coria\/"]}]},{"@type":"ImageObject","inLanguage":"es","@id":"https:\/\/coria.org\/ayuntamiento\/index.php\/2014\/06\/19\/comienza-la-rehabilitacion-de-las-24-viviendas-de-los-camineros-de-coria\/#primaryimage","url":"https:\/\/coria.org\/ayuntamiento\/wp-content\/uploads\/2014\/06\/14272154967_48b66faab0_o.jpg","contentUrl":"https:\/\/coria.org\/ayuntamiento\/wp-content\/uploads\/2014\/06\/14272154967_48b66faab0_o.jpg","width":2304,"height":1536},{"@type":"BreadcrumbList","@id":"https:\/\/coria.org\/ayuntamiento\/index.php\/2014\/06\/19\/comienza-la-rehabilitacion-de-las-24-viviendas-de-los-camineros-de-coria\/#breadcrumb","itemListElement":[{"@type":"ListItem","position":1,"name":"Inicio","item":"https:\/\/coria.org\/ayuntamiento\/"},{"@type":"ListItem","position":2,"name":"Comienza la rehabilitaci\u00f3n de las 24 viviendas de Los Camineros de Coria"}]},{"@type":"WebSite","@id":"https:\/\/coria.org\/ayuntamiento\/#website","url":"https:\/\/coria.org\/ayuntamiento\/","name":"Ayuntamiento de Coria","description":"Web oficial del Ayuntamiento de Coria","publisher":{"@id":"https:\/\/coria.org\/ayuntamiento\/#organization"},"alternateName":"Web Oficial del Ayuntamiento de Coria","potentialAction":[{"@type":"SearchAction","target":{"@type":"EntryPoint","urlTemplate":"https:\/\/coria.org\/ayuntamiento\/?s={search_term_string}"},"query-input":{"@type":"PropertyValueSpecification","valueRequired":true,"valueName":"search_term_string"}}],"inLanguage":"es"},{"@type":"Organization","@id":"https:\/\/coria.org\/ayuntamiento\/#organization","name":"Ayuntamiento de Coria","alternateName":"Ayto de Coria","url":"https:\/\/coria.org\/ayuntamiento\/","logo":{"@type":"ImageObject","inLanguage":"es","@id":"https:\/\/coria.org\/ayuntamiento\/#\/schema\/logo\/image\/","url":"https:\/\/coria.org\/ayuntamiento\/wp-content\/uploads\/2020\/12\/escudo-ayuntamiento-coria.png","contentUrl":"https:\/\/coria.org\/ayuntamiento\/wp-content\/uploads\/2020\/12\/escudo-ayuntamiento-coria.png","width":511,"height":240,"caption":"Ayuntamiento de Coria"},"image":{"@id":"https:\/\/coria.org\/ayuntamiento\/#\/schema\/logo\/image\/"},"sameAs":["https:\/\/www.facebook.com\/Ayuntamiento.de.Coria","https:\/\/x.com\/Ayto_de_Coria","https:\/\/www.instagram.com\/coria.ayuntamiento\/","https:\/\/www.youtube.com\/user\/AYUNTAMIENTOCORIA"]},{"@type":"Person","@id":"https:\/\/coria.org\/ayuntamiento\/#\/schema\/person\/8bd589f0e13e8ae5aa06def7a599d622","name":"ayuntamiento","image":{"@type":"ImageObject","inLanguage":"es","@id":"https:\/\/secure.gravatar.com\/avatar\/966e5ed73cad334adda5c87f49f2547f7082f7292c1b627cbb548744383b391c?s=96&d=mm&r=g","url":"https:\/\/secure.gravatar.com\/avatar\/966e5ed73cad334adda5c87f49f2547f7082f7292c1b627cbb548744383b391c?s=96&d=mm&r=g","contentUrl":"https:\/\/secure.gravatar.com\/avatar\/966e5ed73cad334adda5c87f49f2547f7082f7292c1b627cbb548744383b391c?s=96&d=mm&r=g","caption":"ayuntamiento"}}]}},"uagb_featured_image_src":{"full":["https:\/\/coria.org\/ayuntamiento\/wp-content\/uploads\/2014\/06\/14272154967_48b66faab0_o.jpg",2304,1536,false],"thumbnail":["https:\/\/coria.org\/ayuntamiento\/wp-content\/uploads\/2014\/06\/14272154967_48b66faab0_o-150x150.jpg",150,150,true],"medium":["https:\/\/coria.org\/ayuntamiento\/wp-content\/uploads\/2014\/06\/14272154967_48b66faab0_o-300x200.jpg",300,200,true],"medium_large":["https:\/\/coria.org\/ayuntamiento\/wp-content\/uploads\/2014\/06\/14272154967_48b66faab0_o-768x512.jpg",768,512,true],"large":["https:\/\/coria.org\/ayuntamiento\/wp-content\/uploads\/2014\/06\/14272154967_48b66faab0_o-1024x683.jpg",1024,683,true],"thumblist":["https:\/\/coria.org\/ayuntamiento\/wp-content\/uploads\/2014\/06\/14272154967_48b66faab0_o.jpg",300,200,false],"thumbrelated":["https:\/\/coria.org\/ayuntamiento\/wp-content\/uploads\/2014\/06\/14272154967_48b66faab0_o.jpg",500,333,false],"meccarouselthumb":["https:\/\/coria.org\/ayuntamiento\/wp-content\/uploads\/2014\/06\/14272154967_48b66faab0_o.jpg",474,316,false],"gridsquare":["https:\/\/coria.org\/ayuntamiento\/wp-content\/uploads\/2014\/06\/14272154967_48b66faab0_o.jpg",391,260,false],"tileview":["https:\/\/coria.org\/ayuntamiento\/wp-content\/uploads\/2014\/06\/14272154967_48b66faab0_o.jpg",300,200,false],"1536x1536":["https:\/\/coria.org\/ayuntamiento\/wp-content\/uploads\/2014\/06\/14272154967_48b66faab0_o-1536x1024.jpg",1536,1024,true],"2048x2048":["https:\/\/coria.org\/ayuntamiento\/wp-content\/uploads\/2014\/06\/14272154967_48b66faab0_o-2048x1365.jpg",2048,1365,true]},"uagb_author_info":{"display_name":"ayuntamiento","author_link":"https:\/\/coria.org\/ayuntamiento\/index.php\/author\/ayuntamiento\/"},"uagb_comment_info":0,"uagb_excerpt":"La Consejer\u00eda de Fomento, Vivienda, Ordenaci\u00f3n del Territorio y Turismo ha formalizado con la UTE Sehuca-Injupe el contrato de rehabilitaci\u00f3n de las 24 antiguas casas de \u00abLos camineros\u00bb de Coria, que se reconvertir\u00e1n en viviendas sociales. El presupuesto de adjudicaci\u00f3n asciende a 783.844 euros. El plazo de ejecuci\u00f3n de la obra es de diez meses.&hellip;","_links":{"self":[{"href":"https:\/\/coria.org\/ayuntamiento\/index.php\/wp-json\/wp\/v2\/posts\/25907","targetHints":{"allow":["GET"]}}],"collection":[{"href":"https:\/\/coria.org\/ayuntamiento\/index.php\/wp-json\/wp\/v2\/posts"}],"about":[{"href":"https:\/\/coria.org\/ayuntamiento\/index.php\/wp-json\/wp\/v2\/types\/post"}],"author":[{"embeddable":true,"href":"https:\/\/coria.org\/ayuntamiento\/index.php\/wp-json\/wp\/v2\/users\/2"}],"replies":[{"embeddable":true,"href":"https:\/\/coria.org\/ayuntamiento\/index.php\/wp-json\/wp\/v2\/comments?post=25907"}],"version-history":[{"count":0,"href":"https:\/\/coria.org\/ayuntamiento\/index.php\/wp-json\/wp\/v2\/posts\/25907\/revisions"}],"wp:featuredmedia":[{"embeddable":true,"href":"https:\/\/coria.org\/ayuntamiento\/index.php\/wp-json\/wp\/v2\/media\/31163"}],"wp:attachment":[{"href":"https:\/\/coria.org\/ayuntamiento\/index.php\/wp-json\/wp\/v2\/media?parent=25907"}],"wp:term":[{"taxonomy":"category","embeddable":true,"href":"https:\/\/coria.org\/ayuntamiento\/index.php\/wp-json\/wp\/v2\/categories?post=25907"},{"taxonomy":"post_tag","embeddable":true,"href":"https:\/\/coria.org\/ayuntamiento\/index.php\/wp-json\/wp\/v2\/tags?post=25907"}],"curies":[{"name":"wp","href":"https:\/\/api.w.org\/{rel}","templated":true}]}}