{"id":25848,"date":"2014-08-27T00:00:00","date_gmt":"2014-08-27T00:00:00","guid":{"rendered":"https:\/\/ayuntamiento.coriaenimagenes.com\/del-5-al-7-de-septiembre-se-celebrara-la-xii-concentracion-pena-motera-esperando\/"},"modified":"2023-09-18T12:39:49","modified_gmt":"2023-09-18T10:39:49","slug":"del-5-al-7-de-septiembre-se-celebrara-la-xii-concentracion-pena-motera-esperando","status":"publish","type":"post","link":"https:\/\/coria.org\/ayuntamiento\/index.php\/2014\/08\/27\/del-5-al-7-de-septiembre-se-celebrara-la-xii-concentracion-pena-motera-esperando\/","title":{"rendered":"Del 5 al 7 de septiembre se celebrar\u00e1 la XII Concentraci\u00f3n &#8211; Pe\u00f1a Motera Esperando"},"content":{"rendered":"\n<p><b>La Pe\u00f1a Motera Esperando organiza la doceava edici\u00f3n de la concentraci\u00f3n motera, en colaboraci\u00f3n con el Ayuntamiento de Coria. La Programaci\u00f3n del evento cuenta con rutas, actuaciones musicales,comidas, regalos y sorteos entre otras actividades.<\/b><\/p>\n\n\n<p><span style=\"font-family: verdana,arial,helvetica,sans-serif; font-size: small;\"><strong><u>PROGRAMACI\u00d3N<\/u><\/strong> <\/span><\/p>\n\n\n<figure class=\"wp-block-image size-full\"><img loading=\"lazy\" decoding=\"async\" width=\"473\" height=\"665\" src=\"https:\/\/coria.org\/ayuntamiento\/wp-content\/uploads\/2022\/03\/15027935996_24d3c0c58c_o.jpg\" alt=\"\" class=\"wp-image-31060\" srcset=\"https:\/\/coria.org\/ayuntamiento\/wp-content\/uploads\/2022\/03\/15027935996_24d3c0c58c_o.jpg 473w, https:\/\/coria.org\/ayuntamiento\/wp-content\/uploads\/2022\/03\/15027935996_24d3c0c58c_o-213x300.jpg 213w\" sizes=\"auto, (max-width: 473px) 100vw, 473px\" \/><\/figure>\n\n\n<p><span style=\"font-family: verdana,arial,helvetica,sans-serif; font-size: small;\"><strong>Viernes 5 de Septiembre<\/strong><\/span><\/p>\n\n\n<p><span style=\"font-family: verdana,arial,helvetica,sans-serif; font-size: small;\">18h30 <strong>Apertura de Inscripciones. <\/strong><\/span><span style=\"font-family: verdana,arial,helvetica,sans-serif; font-size: small;\">Bolsa de Bienvenida y Ca\u00f1a.<\/span><\/p>\n\n\n<p><span style=\"font-family: verdana,arial,helvetica,sans-serif; font-size: small;\">22h00<strong>Actuaci\u00f3n de Diana Mart\u00edn.<\/strong>Lugar: PLaza del Norte.<\/span><\/p>\n\n\n<p><span style=\"font-family: verdana,arial,helvetica,sans-serif; font-size: small;\">24h00 <strong>Concierto Manolo &amp; C\u00eda.<\/strong> Tributo a El \u00daltimo de la Fila. Lugar: PLaza del Norte.<\/span><\/p>\n\n\n<p><span style=\"font-family: verdana,arial,helvetica,sans-serif; font-size: small;\"><strong>S\u00e1bado 6 de Septiembre<\/strong><\/span><\/p>\n\n\n<p><span style=\"font-family: verdana,arial,helvetica,sans-serif; font-size: small;\">09h30 <strong>Apertura de Inscripciones.<\/strong>Bolsa de Bienvenida y Ca\u00f1a.<\/span><\/p>\n\n\n<p><span style=\"font-family: verdana,arial,helvetica,sans-serif; font-size: small;\">10h30<strong>Ruta Coria-Moraleja-Hu\u00e9laga-Coria.<\/strong>Salida: Plaza del Norte.<\/span><\/p>\n\n\n<p><span style=\"font-family: verdana,arial,helvetica,sans-serif; font-size: small;\"><strong>Comida en la Plaza del Norte.<\/strong><\/span><\/p>\n\n\n<p><span style=\"font-family: verdana,arial,helvetica,sans-serif; font-size: small;\">18h30 <strong>Apertura de Inscripciones.<\/strong><\/span><\/p>\n\n\n<p><span style=\"font-family: verdana,arial,helvetica,sans-serif; font-size: small;\"><strong>Ruta Bar\u00edtima por los Bares de la Ciudad.<\/strong><\/span><\/p>\n\n\n<p><span style=\"font-family: verdana,arial,helvetica,sans-serif; font-size: small;\"><strong>Cena.<\/strong> Hotel Restaurante Sumaiya El Palacio.<\/span><\/p>\n\n\n<p><span style=\"font-family: verdana,arial,helvetica,sans-serif; font-size: small;\">23h30<strong>Concierto de Covers Music Box.<\/strong>Lugar: PLaza del Norte.<\/span><\/p>\n\n\n<p><span style=\"font-family: verdana,arial,helvetica,sans-serif; font-size: small;\"><strong>Domingo 7 de Septiembre<\/strong><\/span><\/p>\n\n\n<p><span style=\"font-family: verdana,arial,helvetica,sans-serif; font-size: small;\">09h30 <strong>Apertura de Inscripciones.<\/strong><\/span><\/p>\n\n\n<p><span style=\"font-family: verdana,arial,helvetica,sans-serif; font-size: small;\"><strong>Desayuno<\/strong> en la Plaza del Norte.<\/span><\/p>\n\n\n<p><span style=\"font-family: verdana,arial,helvetica,sans-serif; font-size: small;\">10h30<strong>Ruta Coria-Montehermoso-Pozuelo de Zarz\u00f3n-Casas de Don G\u00f3mez-Coria.<\/strong>Salida: Plaza del Norte.<\/span><\/p>\n\n\n<p><span style=\"font-family: verdana,arial,helvetica,sans-serif; font-size: small;\"><strong>Comida<\/strong>. Restaurante San Critobal.<br \/><\/span><\/p>\n\n\n<p><span style=\"font-family: verdana,arial,helvetica,sans-serif; font-size: small;\"><strong>Regalos y Sorteos.<\/strong><\/span><\/p>\n\n\n<p><span style=\"font-family: verdana,arial,helvetica,sans-serif; font-size: small;\">M\u00e1s informaci\u00f3n e Inscripciones en el Blog: <\/span><a href=\"http:\/\/pmesperando.blogspot.com.es\/\"><span style=\"font-family: verdana,arial,helvetica,sans-serif; font-size: small;\">http:\/\/pmesperando.blogspot.com.es<\/span><\/a><span style=\"font-family: verdana,arial,helvetica,sans-serif; font-size: small;\">, tel\u00e9fono: 689 876 018 o email: <\/span><a href=\"mailto:pmesperando@yahoo.es\"><span style=\"font-family: verdana,arial,helvetica,sans-serif; font-size: small;\">pmesperando@yahoo.es<\/span><\/a><\/p>\n","protected":false},"excerpt":{"rendered":"<p>La Pe\u00f1a Motera Esperando organiza la doceava edici\u00f3n de la concentraci\u00f3n motera, en colaboraci\u00f3n con el Ayuntamiento de Coria. La Programaci\u00f3n del evento cuenta con rutas, actuaciones musicales,comidas, regalos y sorteos entre otras actividades. PROGRAMACI\u00d3N Viernes 5 de Septiembre 18h30 Apertura de Inscripciones. Bolsa de Bienvenida y Ca\u00f1a. 22h00Actuaci\u00f3n de Diana Mart\u00edn.Lugar: PLaza del Norte. [&hellip;]<\/p>\n","protected":false},"author":2,"featured_media":0,"comment_status":"closed","ping_status":"closed","sticky":false,"template":"","format":"standard","meta":{"_uag_custom_page_level_css":"","footnotes":""},"categories":[2],"tags":[3,4],"class_list":["post-25848","post","type-post","status-publish","format-standard","hentry","category-noticias","tag-coria","tag-extremadura"],"yoast_head":"<!-- This site is optimized with the Yoast SEO plugin v27.4 - https:\/\/yoast.com\/product\/yoast-seo-wordpress\/ -->\n<title>Del 5 al 7 de septiembre se celebrar\u00e1 la XII Concentraci\u00f3n - Pe\u00f1a Motera Esperando - Ayuntamiento de Coria<\/title>\n<meta name=\"robots\" content=\"index, follow, max-snippet:-1, max-image-preview:large, max-video-preview:-1\" \/>\n<link rel=\"canonical\" href=\"https:\/\/coria.org\/ayuntamiento\/index.php\/2014\/08\/27\/del-5-al-7-de-septiembre-se-celebrara-la-xii-concentracion-pena-motera-esperando\/\" \/>\n<meta property=\"og:locale\" content=\"es_ES\" \/>\n<meta property=\"og:type\" content=\"article\" \/>\n<meta property=\"og:title\" content=\"Del 5 al 7 de septiembre se celebrar\u00e1 la XII Concentraci\u00f3n - Pe\u00f1a Motera Esperando - Ayuntamiento de Coria\" \/>\n<meta property=\"og:description\" content=\"La Pe\u00f1a Motera Esperando organiza la doceava edici\u00f3n de la concentraci\u00f3n motera, en colaboraci\u00f3n con el Ayuntamiento de Coria. La Programaci\u00f3n del evento cuenta con rutas, actuaciones musicales,comidas, regalos y sorteos entre otras actividades. PROGRAMACI\u00d3N Viernes 5 de Septiembre 18h30 Apertura de Inscripciones. Bolsa de Bienvenida y Ca\u00f1a. 22h00Actuaci\u00f3n de Diana Mart\u00edn.Lugar: PLaza del Norte. [&hellip;]\" \/>\n<meta property=\"og:url\" content=\"https:\/\/coria.org\/ayuntamiento\/index.php\/2014\/08\/27\/del-5-al-7-de-septiembre-se-celebrara-la-xii-concentracion-pena-motera-esperando\/\" \/>\n<meta property=\"og:site_name\" content=\"Ayuntamiento de Coria\" \/>\n<meta property=\"article:publisher\" content=\"https:\/\/www.facebook.com\/Ayuntamiento.de.Coria\" \/>\n<meta property=\"article:published_time\" content=\"2014-08-27T00:00:00+00:00\" \/>\n<meta property=\"article:modified_time\" content=\"2023-09-18T10:39:49+00:00\" \/>\n<meta property=\"og:image\" content=\"https:\/\/coria.org\/ayuntamiento\/wp-content\/uploads\/2022\/03\/15027935996_24d3c0c58c_o.jpg\" \/>\n<meta name=\"author\" content=\"ayuntamiento\" \/>\n<meta name=\"twitter:card\" content=\"summary_large_image\" \/>\n<meta name=\"twitter:creator\" content=\"@Ayto_de_Coria\" \/>\n<meta name=\"twitter:site\" content=\"@Ayto_de_Coria\" \/>\n<meta name=\"twitter:label1\" content=\"Escrito por\" \/>\n\t<meta name=\"twitter:data1\" content=\"ayuntamiento\" \/>\n\t<meta name=\"twitter:label2\" content=\"Tiempo de lectura\" \/>\n\t<meta name=\"twitter:data2\" content=\"1 minuto\" \/>\n<script type=\"application\/ld+json\" class=\"yoast-schema-graph\">{\"@context\":\"https:\\\/\\\/schema.org\",\"@graph\":[{\"@type\":\"Article\",\"@id\":\"https:\\\/\\\/coria.org\\\/ayuntamiento\\\/index.php\\\/2014\\\/08\\\/27\\\/del-5-al-7-de-septiembre-se-celebrara-la-xii-concentracion-pena-motera-esperando\\\/#article\",\"isPartOf\":{\"@id\":\"https:\\\/\\\/coria.org\\\/ayuntamiento\\\/index.php\\\/2014\\\/08\\\/27\\\/del-5-al-7-de-septiembre-se-celebrara-la-xii-concentracion-pena-motera-esperando\\\/\"},\"author\":{\"name\":\"ayuntamiento\",\"@id\":\"https:\\\/\\\/coria.org\\\/ayuntamiento\\\/#\\\/schema\\\/person\\\/8bd589f0e13e8ae5aa06def7a599d622\"},\"headline\":\"Del 5 al 7 de septiembre se celebrar\u00e1 la XII Concentraci\u00f3n &#8211; Pe\u00f1a Motera Esperando\",\"datePublished\":\"2014-08-27T00:00:00+00:00\",\"dateModified\":\"2023-09-18T10:39:49+00:00\",\"mainEntityOfPage\":{\"@id\":\"https:\\\/\\\/coria.org\\\/ayuntamiento\\\/index.php\\\/2014\\\/08\\\/27\\\/del-5-al-7-de-septiembre-se-celebrara-la-xii-concentracion-pena-motera-esperando\\\/\"},\"wordCount\":210,\"publisher\":{\"@id\":\"https:\\\/\\\/coria.org\\\/ayuntamiento\\\/#organization\"},\"image\":{\"@id\":\"https:\\\/\\\/coria.org\\\/ayuntamiento\\\/index.php\\\/2014\\\/08\\\/27\\\/del-5-al-7-de-septiembre-se-celebrara-la-xii-concentracion-pena-motera-esperando\\\/#primaryimage\"},\"thumbnailUrl\":\"https:\\\/\\\/coria.org\\\/ayuntamiento\\\/wp-content\\\/uploads\\\/2022\\\/03\\\/15027935996_24d3c0c58c_o.jpg\",\"keywords\":[\"coria\",\"extremadura\"],\"articleSection\":[\"Noticias\"],\"inLanguage\":\"es\"},{\"@type\":\"WebPage\",\"@id\":\"https:\\\/\\\/coria.org\\\/ayuntamiento\\\/index.php\\\/2014\\\/08\\\/27\\\/del-5-al-7-de-septiembre-se-celebrara-la-xii-concentracion-pena-motera-esperando\\\/\",\"url\":\"https:\\\/\\\/coria.org\\\/ayuntamiento\\\/index.php\\\/2014\\\/08\\\/27\\\/del-5-al-7-de-septiembre-se-celebrara-la-xii-concentracion-pena-motera-esperando\\\/\",\"name\":\"Del 5 al 7 de septiembre se celebrar\u00e1 la XII Concentraci\u00f3n - Pe\u00f1a Motera Esperando - Ayuntamiento de Coria\",\"isPartOf\":{\"@id\":\"https:\\\/\\\/coria.org\\\/ayuntamiento\\\/#website\"},\"primaryImageOfPage\":{\"@id\":\"https:\\\/\\\/coria.org\\\/ayuntamiento\\\/index.php\\\/2014\\\/08\\\/27\\\/del-5-al-7-de-septiembre-se-celebrara-la-xii-concentracion-pena-motera-esperando\\\/#primaryimage\"},\"image\":{\"@id\":\"https:\\\/\\\/coria.org\\\/ayuntamiento\\\/index.php\\\/2014\\\/08\\\/27\\\/del-5-al-7-de-septiembre-se-celebrara-la-xii-concentracion-pena-motera-esperando\\\/#primaryimage\"},\"thumbnailUrl\":\"https:\\\/\\\/coria.org\\\/ayuntamiento\\\/wp-content\\\/uploads\\\/2022\\\/03\\\/15027935996_24d3c0c58c_o.jpg\",\"datePublished\":\"2014-08-27T00:00:00+00:00\",\"dateModified\":\"2023-09-18T10:39:49+00:00\",\"breadcrumb\":{\"@id\":\"https:\\\/\\\/coria.org\\\/ayuntamiento\\\/index.php\\\/2014\\\/08\\\/27\\\/del-5-al-7-de-septiembre-se-celebrara-la-xii-concentracion-pena-motera-esperando\\\/#breadcrumb\"},\"inLanguage\":\"es\",\"potentialAction\":[{\"@type\":\"ReadAction\",\"target\":[\"https:\\\/\\\/coria.org\\\/ayuntamiento\\\/index.php\\\/2014\\\/08\\\/27\\\/del-5-al-7-de-septiembre-se-celebrara-la-xii-concentracion-pena-motera-esperando\\\/\"]}]},{\"@type\":\"ImageObject\",\"inLanguage\":\"es\",\"@id\":\"https:\\\/\\\/coria.org\\\/ayuntamiento\\\/index.php\\\/2014\\\/08\\\/27\\\/del-5-al-7-de-septiembre-se-celebrara-la-xii-concentracion-pena-motera-esperando\\\/#primaryimage\",\"url\":\"https:\\\/\\\/coria.org\\\/ayuntamiento\\\/wp-content\\\/uploads\\\/2022\\\/03\\\/15027935996_24d3c0c58c_o.jpg\",\"contentUrl\":\"https:\\\/\\\/coria.org\\\/ayuntamiento\\\/wp-content\\\/uploads\\\/2022\\\/03\\\/15027935996_24d3c0c58c_o.jpg\",\"width\":473,\"height\":665},{\"@type\":\"BreadcrumbList\",\"@id\":\"https:\\\/\\\/coria.org\\\/ayuntamiento\\\/index.php\\\/2014\\\/08\\\/27\\\/del-5-al-7-de-septiembre-se-celebrara-la-xii-concentracion-pena-motera-esperando\\\/#breadcrumb\",\"itemListElement\":[{\"@type\":\"ListItem\",\"position\":1,\"name\":\"Inicio\",\"item\":\"https:\\\/\\\/coria.org\\\/ayuntamiento\\\/\"},{\"@type\":\"ListItem\",\"position\":2,\"name\":\"Del 5 al 7 de septiembre se celebrar\u00e1 la XII Concentraci\u00f3n &#8211; Pe\u00f1a Motera Esperando\"}]},{\"@type\":\"WebSite\",\"@id\":\"https:\\\/\\\/coria.org\\\/ayuntamiento\\\/#website\",\"url\":\"https:\\\/\\\/coria.org\\\/ayuntamiento\\\/\",\"name\":\"Ayuntamiento de Coria\",\"description\":\"Web oficial del Ayuntamiento de Coria\",\"publisher\":{\"@id\":\"https:\\\/\\\/coria.org\\\/ayuntamiento\\\/#organization\"},\"alternateName\":\"Web Oficial del Ayuntamiento de Coria\",\"potentialAction\":[{\"@type\":\"SearchAction\",\"target\":{\"@type\":\"EntryPoint\",\"urlTemplate\":\"https:\\\/\\\/coria.org\\\/ayuntamiento\\\/?s={search_term_string}\"},\"query-input\":{\"@type\":\"PropertyValueSpecification\",\"valueRequired\":true,\"valueName\":\"search_term_string\"}}],\"inLanguage\":\"es\"},{\"@type\":\"Organization\",\"@id\":\"https:\\\/\\\/coria.org\\\/ayuntamiento\\\/#organization\",\"name\":\"Ayuntamiento de Coria\",\"alternateName\":\"Ayto de Coria\",\"url\":\"https:\\\/\\\/coria.org\\\/ayuntamiento\\\/\",\"logo\":{\"@type\":\"ImageObject\",\"inLanguage\":\"es\",\"@id\":\"https:\\\/\\\/coria.org\\\/ayuntamiento\\\/#\\\/schema\\\/logo\\\/image\\\/\",\"url\":\"https:\\\/\\\/coria.org\\\/ayuntamiento\\\/wp-content\\\/uploads\\\/2020\\\/12\\\/escudo-ayuntamiento-coria.png\",\"contentUrl\":\"https:\\\/\\\/coria.org\\\/ayuntamiento\\\/wp-content\\\/uploads\\\/2020\\\/12\\\/escudo-ayuntamiento-coria.png\",\"width\":511,\"height\":240,\"caption\":\"Ayuntamiento de Coria\"},\"image\":{\"@id\":\"https:\\\/\\\/coria.org\\\/ayuntamiento\\\/#\\\/schema\\\/logo\\\/image\\\/\"},\"sameAs\":[\"https:\\\/\\\/www.facebook.com\\\/Ayuntamiento.de.Coria\",\"https:\\\/\\\/x.com\\\/Ayto_de_Coria\",\"https:\\\/\\\/www.instagram.com\\\/coria.ayuntamiento\\\/\",\"https:\\\/\\\/www.youtube.com\\\/user\\\/AYUNTAMIENTOCORIA\"]},{\"@type\":\"Person\",\"@id\":\"https:\\\/\\\/coria.org\\\/ayuntamiento\\\/#\\\/schema\\\/person\\\/8bd589f0e13e8ae5aa06def7a599d622\",\"name\":\"ayuntamiento\",\"image\":{\"@type\":\"ImageObject\",\"inLanguage\":\"es\",\"@id\":\"https:\\\/\\\/secure.gravatar.com\\\/avatar\\\/966e5ed73cad334adda5c87f49f2547f7082f7292c1b627cbb548744383b391c?s=96&d=mm&r=g\",\"url\":\"https:\\\/\\\/secure.gravatar.com\\\/avatar\\\/966e5ed73cad334adda5c87f49f2547f7082f7292c1b627cbb548744383b391c?s=96&d=mm&r=g\",\"contentUrl\":\"https:\\\/\\\/secure.gravatar.com\\\/avatar\\\/966e5ed73cad334adda5c87f49f2547f7082f7292c1b627cbb548744383b391c?s=96&d=mm&r=g\",\"caption\":\"ayuntamiento\"}}]}<\/script>\n<!-- \/ Yoast SEO plugin. -->","yoast_head_json":{"title":"Del 5 al 7 de septiembre se celebrar\u00e1 la XII Concentraci\u00f3n - Pe\u00f1a Motera Esperando - Ayuntamiento de Coria","robots":{"index":"index","follow":"follow","max-snippet":"max-snippet:-1","max-image-preview":"max-image-preview:large","max-video-preview":"max-video-preview:-1"},"canonical":"https:\/\/coria.org\/ayuntamiento\/index.php\/2014\/08\/27\/del-5-al-7-de-septiembre-se-celebrara-la-xii-concentracion-pena-motera-esperando\/","og_locale":"es_ES","og_type":"article","og_title":"Del 5 al 7 de septiembre se celebrar\u00e1 la XII Concentraci\u00f3n - Pe\u00f1a Motera Esperando - Ayuntamiento de Coria","og_description":"La Pe\u00f1a Motera Esperando organiza la doceava edici\u00f3n de la concentraci\u00f3n motera, en colaboraci\u00f3n con el Ayuntamiento de Coria. La Programaci\u00f3n del evento cuenta con rutas, actuaciones musicales,comidas, regalos y sorteos entre otras actividades. PROGRAMACI\u00d3N Viernes 5 de Septiembre 18h30 Apertura de Inscripciones. Bolsa de Bienvenida y Ca\u00f1a. 22h00Actuaci\u00f3n de Diana Mart\u00edn.Lugar: PLaza del Norte. [&hellip;]","og_url":"https:\/\/coria.org\/ayuntamiento\/index.php\/2014\/08\/27\/del-5-al-7-de-septiembre-se-celebrara-la-xii-concentracion-pena-motera-esperando\/","og_site_name":"Ayuntamiento de Coria","article_publisher":"https:\/\/www.facebook.com\/Ayuntamiento.de.Coria","article_published_time":"2014-08-27T00:00:00+00:00","article_modified_time":"2023-09-18T10:39:49+00:00","og_image":[{"url":"https:\/\/coria.org\/ayuntamiento\/wp-content\/uploads\/2022\/03\/15027935996_24d3c0c58c_o.jpg","type":"","width":"","height":""}],"author":"ayuntamiento","twitter_card":"summary_large_image","twitter_creator":"@Ayto_de_Coria","twitter_site":"@Ayto_de_Coria","twitter_misc":{"Escrito por":"ayuntamiento","Tiempo de lectura":"1 minuto"},"schema":{"@context":"https:\/\/schema.org","@graph":[{"@type":"Article","@id":"https:\/\/coria.org\/ayuntamiento\/index.php\/2014\/08\/27\/del-5-al-7-de-septiembre-se-celebrara-la-xii-concentracion-pena-motera-esperando\/#article","isPartOf":{"@id":"https:\/\/coria.org\/ayuntamiento\/index.php\/2014\/08\/27\/del-5-al-7-de-septiembre-se-celebrara-la-xii-concentracion-pena-motera-esperando\/"},"author":{"name":"ayuntamiento","@id":"https:\/\/coria.org\/ayuntamiento\/#\/schema\/person\/8bd589f0e13e8ae5aa06def7a599d622"},"headline":"Del 5 al 7 de septiembre se celebrar\u00e1 la XII Concentraci\u00f3n &#8211; Pe\u00f1a Motera Esperando","datePublished":"2014-08-27T00:00:00+00:00","dateModified":"2023-09-18T10:39:49+00:00","mainEntityOfPage":{"@id":"https:\/\/coria.org\/ayuntamiento\/index.php\/2014\/08\/27\/del-5-al-7-de-septiembre-se-celebrara-la-xii-concentracion-pena-motera-esperando\/"},"wordCount":210,"publisher":{"@id":"https:\/\/coria.org\/ayuntamiento\/#organization"},"image":{"@id":"https:\/\/coria.org\/ayuntamiento\/index.php\/2014\/08\/27\/del-5-al-7-de-septiembre-se-celebrara-la-xii-concentracion-pena-motera-esperando\/#primaryimage"},"thumbnailUrl":"https:\/\/coria.org\/ayuntamiento\/wp-content\/uploads\/2022\/03\/15027935996_24d3c0c58c_o.jpg","keywords":["coria","extremadura"],"articleSection":["Noticias"],"inLanguage":"es"},{"@type":"WebPage","@id":"https:\/\/coria.org\/ayuntamiento\/index.php\/2014\/08\/27\/del-5-al-7-de-septiembre-se-celebrara-la-xii-concentracion-pena-motera-esperando\/","url":"https:\/\/coria.org\/ayuntamiento\/index.php\/2014\/08\/27\/del-5-al-7-de-septiembre-se-celebrara-la-xii-concentracion-pena-motera-esperando\/","name":"Del 5 al 7 de septiembre se celebrar\u00e1 la XII Concentraci\u00f3n - Pe\u00f1a Motera Esperando - Ayuntamiento de Coria","isPartOf":{"@id":"https:\/\/coria.org\/ayuntamiento\/#website"},"primaryImageOfPage":{"@id":"https:\/\/coria.org\/ayuntamiento\/index.php\/2014\/08\/27\/del-5-al-7-de-septiembre-se-celebrara-la-xii-concentracion-pena-motera-esperando\/#primaryimage"},"image":{"@id":"https:\/\/coria.org\/ayuntamiento\/index.php\/2014\/08\/27\/del-5-al-7-de-septiembre-se-celebrara-la-xii-concentracion-pena-motera-esperando\/#primaryimage"},"thumbnailUrl":"https:\/\/coria.org\/ayuntamiento\/wp-content\/uploads\/2022\/03\/15027935996_24d3c0c58c_o.jpg","datePublished":"2014-08-27T00:00:00+00:00","dateModified":"2023-09-18T10:39:49+00:00","breadcrumb":{"@id":"https:\/\/coria.org\/ayuntamiento\/index.php\/2014\/08\/27\/del-5-al-7-de-septiembre-se-celebrara-la-xii-concentracion-pena-motera-esperando\/#breadcrumb"},"inLanguage":"es","potentialAction":[{"@type":"ReadAction","target":["https:\/\/coria.org\/ayuntamiento\/index.php\/2014\/08\/27\/del-5-al-7-de-septiembre-se-celebrara-la-xii-concentracion-pena-motera-esperando\/"]}]},{"@type":"ImageObject","inLanguage":"es","@id":"https:\/\/coria.org\/ayuntamiento\/index.php\/2014\/08\/27\/del-5-al-7-de-septiembre-se-celebrara-la-xii-concentracion-pena-motera-esperando\/#primaryimage","url":"https:\/\/coria.org\/ayuntamiento\/wp-content\/uploads\/2022\/03\/15027935996_24d3c0c58c_o.jpg","contentUrl":"https:\/\/coria.org\/ayuntamiento\/wp-content\/uploads\/2022\/03\/15027935996_24d3c0c58c_o.jpg","width":473,"height":665},{"@type":"BreadcrumbList","@id":"https:\/\/coria.org\/ayuntamiento\/index.php\/2014\/08\/27\/del-5-al-7-de-septiembre-se-celebrara-la-xii-concentracion-pena-motera-esperando\/#breadcrumb","itemListElement":[{"@type":"ListItem","position":1,"name":"Inicio","item":"https:\/\/coria.org\/ayuntamiento\/"},{"@type":"ListItem","position":2,"name":"Del 5 al 7 de septiembre se celebrar\u00e1 la XII Concentraci\u00f3n &#8211; Pe\u00f1a Motera Esperando"}]},{"@type":"WebSite","@id":"https:\/\/coria.org\/ayuntamiento\/#website","url":"https:\/\/coria.org\/ayuntamiento\/","name":"Ayuntamiento de Coria","description":"Web oficial del Ayuntamiento de Coria","publisher":{"@id":"https:\/\/coria.org\/ayuntamiento\/#organization"},"alternateName":"Web Oficial del Ayuntamiento de Coria","potentialAction":[{"@type":"SearchAction","target":{"@type":"EntryPoint","urlTemplate":"https:\/\/coria.org\/ayuntamiento\/?s={search_term_string}"},"query-input":{"@type":"PropertyValueSpecification","valueRequired":true,"valueName":"search_term_string"}}],"inLanguage":"es"},{"@type":"Organization","@id":"https:\/\/coria.org\/ayuntamiento\/#organization","name":"Ayuntamiento de Coria","alternateName":"Ayto de Coria","url":"https:\/\/coria.org\/ayuntamiento\/","logo":{"@type":"ImageObject","inLanguage":"es","@id":"https:\/\/coria.org\/ayuntamiento\/#\/schema\/logo\/image\/","url":"https:\/\/coria.org\/ayuntamiento\/wp-content\/uploads\/2020\/12\/escudo-ayuntamiento-coria.png","contentUrl":"https:\/\/coria.org\/ayuntamiento\/wp-content\/uploads\/2020\/12\/escudo-ayuntamiento-coria.png","width":511,"height":240,"caption":"Ayuntamiento de Coria"},"image":{"@id":"https:\/\/coria.org\/ayuntamiento\/#\/schema\/logo\/image\/"},"sameAs":["https:\/\/www.facebook.com\/Ayuntamiento.de.Coria","https:\/\/x.com\/Ayto_de_Coria","https:\/\/www.instagram.com\/coria.ayuntamiento\/","https:\/\/www.youtube.com\/user\/AYUNTAMIENTOCORIA"]},{"@type":"Person","@id":"https:\/\/coria.org\/ayuntamiento\/#\/schema\/person\/8bd589f0e13e8ae5aa06def7a599d622","name":"ayuntamiento","image":{"@type":"ImageObject","inLanguage":"es","@id":"https:\/\/secure.gravatar.com\/avatar\/966e5ed73cad334adda5c87f49f2547f7082f7292c1b627cbb548744383b391c?s=96&d=mm&r=g","url":"https:\/\/secure.gravatar.com\/avatar\/966e5ed73cad334adda5c87f49f2547f7082f7292c1b627cbb548744383b391c?s=96&d=mm&r=g","contentUrl":"https:\/\/secure.gravatar.com\/avatar\/966e5ed73cad334adda5c87f49f2547f7082f7292c1b627cbb548744383b391c?s=96&d=mm&r=g","caption":"ayuntamiento"}}]}},"uagb_featured_image_src":{"full":false,"thumbnail":false,"medium":false,"medium_large":false,"large":false,"thumblist":false,"thumbrelated":false,"meccarouselthumb":false,"gridsquare":false,"tileview":false,"1536x1536":false,"2048x2048":false},"uagb_author_info":{"display_name":"ayuntamiento","author_link":"https:\/\/coria.org\/ayuntamiento\/index.php\/author\/ayuntamiento\/"},"uagb_comment_info":0,"uagb_excerpt":"La Pe\u00f1a Motera Esperando organiza la doceava edici\u00f3n de la concentraci\u00f3n motera, en colaboraci\u00f3n con el Ayuntamiento de Coria. La Programaci\u00f3n del evento cuenta con rutas, actuaciones musicales,comidas, regalos y sorteos entre otras actividades. PROGRAMACI\u00d3N Viernes 5 de Septiembre 18h30 Apertura de Inscripciones. Bolsa de Bienvenida y Ca\u00f1a. 22h00Actuaci\u00f3n de Diana Mart\u00edn.Lugar: PLaza del Norte.&hellip;","_links":{"self":[{"href":"https:\/\/coria.org\/ayuntamiento\/index.php\/wp-json\/wp\/v2\/posts\/25848","targetHints":{"allow":["GET"]}}],"collection":[{"href":"https:\/\/coria.org\/ayuntamiento\/index.php\/wp-json\/wp\/v2\/posts"}],"about":[{"href":"https:\/\/coria.org\/ayuntamiento\/index.php\/wp-json\/wp\/v2\/types\/post"}],"author":[{"embeddable":true,"href":"https:\/\/coria.org\/ayuntamiento\/index.php\/wp-json\/wp\/v2\/users\/2"}],"replies":[{"embeddable":true,"href":"https:\/\/coria.org\/ayuntamiento\/index.php\/wp-json\/wp\/v2\/comments?post=25848"}],"version-history":[{"count":0,"href":"https:\/\/coria.org\/ayuntamiento\/index.php\/wp-json\/wp\/v2\/posts\/25848\/revisions"}],"wp:attachment":[{"href":"https:\/\/coria.org\/ayuntamiento\/index.php\/wp-json\/wp\/v2\/media?parent=25848"}],"wp:term":[{"taxonomy":"category","embeddable":true,"href":"https:\/\/coria.org\/ayuntamiento\/index.php\/wp-json\/wp\/v2\/categories?post=25848"},{"taxonomy":"post_tag","embeddable":true,"href":"https:\/\/coria.org\/ayuntamiento\/index.php\/wp-json\/wp\/v2\/tags?post=25848"}],"curies":[{"name":"wp","href":"https:\/\/api.w.org\/{rel}","templated":true}]}}