{"id":25845,"date":"2014-08-29T00:00:00","date_gmt":"2014-08-29T00:00:00","guid":{"rendered":"https:\/\/ayuntamiento.coriaenimagenes.com\/convocatoria-de-pruebas-selectivas-para-la-contratacion-de-dos-monitores-a-tiempo-parcial\/"},"modified":"2023-09-18T12:39:49","modified_gmt":"2023-09-18T10:39:49","slug":"convocatoria-de-pruebas-selectivas-para-la-contratacion-de-dos-monitores-a-tiempo-parcial","status":"publish","type":"post","link":"https:\/\/coria.org\/ayuntamiento\/index.php\/2014\/08\/29\/convocatoria-de-pruebas-selectivas-para-la-contratacion-de-dos-monitores-a-tiempo-parcial\/","title":{"rendered":"Convocatoria de pruebas selectivas para la contrataci\u00f3n de dos monitores a tiempo parcial"},"content":{"rendered":"\n<p><b>Esta convocatoria del Ayuntamiento de Coria, consiste en la provisi\u00f3n temporal de dos plazas de monitores deportivos, para desarrollar un programa deportivo en Coria, Puebla de Argeme y Rinc\u00f3n del Obispo, mediante un contrato laboral a tiempo parcial, cuya duraci\u00f3n se extender\u00e1 por el tiempo de ejecuci\u00f3n del proyecto deportivo, que finalizar\u00e1 el 30 de septiembre de 2015.<\/b><\/p>\n\n<figure class=\"wp-block-post-featured-image\"><img loading=\"lazy\" decoding=\"async\" width=\"800\" height=\"600\" src=\"https:\/\/coria.org\/ayuntamiento\/wp-content\/uploads\/2014\/08\/clausura_800x600.jpg\" class=\"attachment-post-thumbnail size-post-thumbnail wp-post-image\" alt=\"\" style=\"object-fit:cover;\" srcset=\"https:\/\/coria.org\/ayuntamiento\/wp-content\/uploads\/2014\/08\/clausura_800x600.jpg 800w, https:\/\/coria.org\/ayuntamiento\/wp-content\/uploads\/2014\/08\/clausura_800x600-300x225.jpg 300w, https:\/\/coria.org\/ayuntamiento\/wp-content\/uploads\/2014\/08\/clausura_800x600-768x576.jpg 768w\" sizes=\"auto, (max-width: 800px) 100vw, 800px\" \/><\/figure>\n\n<p><span style=\"font-family: verdana,arial,helvetica,sans-serif; font-size: small;\">La duraci\u00f3n de la jornada laboral ser\u00e1 de de 24 horas semanales en horario flexible, adapt\u00e1ndose a las necesidades de las actividades deportivas a realizar los fines de semana y d\u00edas festivos.<\/span><\/p>\n\n\n<p><span style=\"font-family: verdana,arial,helvetica,sans-serif; font-size: small;\">Las instancias de esta convocatoria estar\u00e1n a disposici\u00f3n de los aspirantes en el Registro General y en la p\u00e1gina web de este Ayuntamiento, y se podr\u00e1n presentar en dicho Registro, o por cualquiera de los medios previstos en el art\u00edculo 38 de la Ley 30\/1992, de 26 de noviembre, de R\u00e9gimen Jur\u00eddico de las Administraciones P\u00fablicas y del Procedimiento Administrativo Com\u00fan, desde el d\u00eda 2 de septiembre de 2014 hasta las 14:00 horas del d\u00eda 12 de septiembre de 2014 (ambos inclusive), dentro del horario de oficina de 9 a 14 horas. En el caso de que la solicitud no se presente en el Registro General del Ayuntamiento, se deber\u00e1 remitir por fax, al n\u00famero 927.50.80.01, una copia de la solicitud enviada por ventanilla \u00fanica o por correo certificado, el mismo d\u00eda de su presentaci\u00f3n.<\/span><\/p>\n\n\n<p><span style=\"font-family: verdana,arial,helvetica,sans-serif; font-size: small;\">Puede consultar las Bases y las Instancias de la Convocatoria en el Apartado de Empleo P\u00fablico de la Web Municipal o en el enlace adjunto: <a title=\"Bases\" href=\"https:\/\/www.coria.org\/doc\/personal\/doc551.pdf\" target=\"_blank\" rel=\"noopener\">Bases para la contrataci\u00f3n de dos monitores deportivos a tiempo parcial<\/a> y <a title=\"Modelo\" href=\"https:\/\/www.coria.org\/doc\/personal\/doc552.pdf\" target=\"_blank\" rel=\"noopener\">Modelo de Solicitud Participaci\u00f3n<\/a>.<\/span><\/p>\n","protected":false},"excerpt":{"rendered":"<p>Esta convocatoria del Ayuntamiento de Coria, consiste en la provisi\u00f3n temporal de dos plazas de monitores deportivos, para desarrollar un programa deportivo en Coria, Puebla de Argeme y Rinc\u00f3n del Obispo, mediante un contrato laboral a tiempo parcial, cuya duraci\u00f3n se extender\u00e1 por el tiempo de ejecuci\u00f3n del proyecto deportivo, que finalizar\u00e1 el 30 de [&hellip;]<\/p>\n","protected":false},"author":2,"featured_media":31054,"comment_status":"closed","ping_status":"closed","sticky":false,"template":"","format":"standard","meta":{"_uag_custom_page_level_css":"","footnotes":""},"categories":[2],"tags":[3,4],"class_list":["post-25845","post","type-post","status-publish","format-standard","has-post-thumbnail","hentry","category-noticias","tag-coria","tag-extremadura"],"yoast_head":"<!-- This site is optimized with the Yoast SEO plugin v27.4 - https:\/\/yoast.com\/product\/yoast-seo-wordpress\/ -->\n<title>Convocatoria de pruebas selectivas para la contrataci\u00f3n de dos monitores a tiempo parcial - Ayuntamiento de Coria<\/title>\n<meta name=\"robots\" content=\"index, follow, max-snippet:-1, max-image-preview:large, max-video-preview:-1\" \/>\n<link rel=\"canonical\" href=\"https:\/\/coria.org\/ayuntamiento\/index.php\/2014\/08\/29\/convocatoria-de-pruebas-selectivas-para-la-contratacion-de-dos-monitores-a-tiempo-parcial\/\" \/>\n<meta property=\"og:locale\" content=\"es_ES\" \/>\n<meta property=\"og:type\" content=\"article\" \/>\n<meta property=\"og:title\" content=\"Convocatoria de pruebas selectivas para la contrataci\u00f3n de dos monitores a tiempo parcial - Ayuntamiento de Coria\" \/>\n<meta property=\"og:description\" content=\"Esta convocatoria del Ayuntamiento de Coria, consiste en la provisi\u00f3n temporal de dos plazas de monitores deportivos, para desarrollar un programa deportivo en Coria, Puebla de Argeme y Rinc\u00f3n del Obispo, mediante un contrato laboral a tiempo parcial, cuya duraci\u00f3n se extender\u00e1 por el tiempo de ejecuci\u00f3n del proyecto deportivo, que finalizar\u00e1 el 30 de [&hellip;]\" \/>\n<meta property=\"og:url\" content=\"https:\/\/coria.org\/ayuntamiento\/index.php\/2014\/08\/29\/convocatoria-de-pruebas-selectivas-para-la-contratacion-de-dos-monitores-a-tiempo-parcial\/\" \/>\n<meta property=\"og:site_name\" content=\"Ayuntamiento de Coria\" \/>\n<meta property=\"article:publisher\" content=\"https:\/\/www.facebook.com\/Ayuntamiento.de.Coria\" \/>\n<meta property=\"article:published_time\" content=\"2014-08-29T00:00:00+00:00\" \/>\n<meta property=\"article:modified_time\" content=\"2023-09-18T10:39:49+00:00\" \/>\n<meta property=\"og:image\" content=\"https:\/\/coria.org\/ayuntamiento\/wp-content\/uploads\/2014\/08\/clausura_800x600.jpg\" \/>\n\t<meta property=\"og:image:width\" content=\"800\" \/>\n\t<meta property=\"og:image:height\" content=\"600\" \/>\n\t<meta property=\"og:image:type\" content=\"image\/jpeg\" \/>\n<meta name=\"author\" content=\"ayuntamiento\" \/>\n<meta name=\"twitter:card\" content=\"summary_large_image\" \/>\n<meta name=\"twitter:creator\" content=\"@Ayto_de_Coria\" \/>\n<meta name=\"twitter:site\" content=\"@Ayto_de_Coria\" \/>\n<meta name=\"twitter:label1\" content=\"Escrito por\" \/>\n\t<meta name=\"twitter:data1\" content=\"ayuntamiento\" \/>\n\t<meta name=\"twitter:label2\" content=\"Tiempo de lectura\" \/>\n\t<meta name=\"twitter:data2\" content=\"1 minuto\" \/>\n<script type=\"application\/ld+json\" class=\"yoast-schema-graph\">{\"@context\":\"https:\\\/\\\/schema.org\",\"@graph\":[{\"@type\":\"Article\",\"@id\":\"https:\\\/\\\/coria.org\\\/ayuntamiento\\\/index.php\\\/2014\\\/08\\\/29\\\/convocatoria-de-pruebas-selectivas-para-la-contratacion-de-dos-monitores-a-tiempo-parcial\\\/#article\",\"isPartOf\":{\"@id\":\"https:\\\/\\\/coria.org\\\/ayuntamiento\\\/index.php\\\/2014\\\/08\\\/29\\\/convocatoria-de-pruebas-selectivas-para-la-contratacion-de-dos-monitores-a-tiempo-parcial\\\/\"},\"author\":{\"name\":\"ayuntamiento\",\"@id\":\"https:\\\/\\\/coria.org\\\/ayuntamiento\\\/#\\\/schema\\\/person\\\/8bd589f0e13e8ae5aa06def7a599d622\"},\"headline\":\"Convocatoria de pruebas selectivas para la contrataci\u00f3n de dos monitores a tiempo parcial\",\"datePublished\":\"2014-08-29T00:00:00+00:00\",\"dateModified\":\"2023-09-18T10:39:49+00:00\",\"mainEntityOfPage\":{\"@id\":\"https:\\\/\\\/coria.org\\\/ayuntamiento\\\/index.php\\\/2014\\\/08\\\/29\\\/convocatoria-de-pruebas-selectivas-para-la-contratacion-de-dos-monitores-a-tiempo-parcial\\\/\"},\"wordCount\":290,\"publisher\":{\"@id\":\"https:\\\/\\\/coria.org\\\/ayuntamiento\\\/#organization\"},\"image\":{\"@id\":\"https:\\\/\\\/coria.org\\\/ayuntamiento\\\/index.php\\\/2014\\\/08\\\/29\\\/convocatoria-de-pruebas-selectivas-para-la-contratacion-de-dos-monitores-a-tiempo-parcial\\\/#primaryimage\"},\"thumbnailUrl\":\"https:\\\/\\\/coria.org\\\/ayuntamiento\\\/wp-content\\\/uploads\\\/2014\\\/08\\\/clausura_800x600.jpg\",\"keywords\":[\"coria\",\"extremadura\"],\"articleSection\":[\"Noticias\"],\"inLanguage\":\"es\"},{\"@type\":\"WebPage\",\"@id\":\"https:\\\/\\\/coria.org\\\/ayuntamiento\\\/index.php\\\/2014\\\/08\\\/29\\\/convocatoria-de-pruebas-selectivas-para-la-contratacion-de-dos-monitores-a-tiempo-parcial\\\/\",\"url\":\"https:\\\/\\\/coria.org\\\/ayuntamiento\\\/index.php\\\/2014\\\/08\\\/29\\\/convocatoria-de-pruebas-selectivas-para-la-contratacion-de-dos-monitores-a-tiempo-parcial\\\/\",\"name\":\"Convocatoria de pruebas selectivas para la contrataci\u00f3n de dos monitores a tiempo parcial - Ayuntamiento de Coria\",\"isPartOf\":{\"@id\":\"https:\\\/\\\/coria.org\\\/ayuntamiento\\\/#website\"},\"primaryImageOfPage\":{\"@id\":\"https:\\\/\\\/coria.org\\\/ayuntamiento\\\/index.php\\\/2014\\\/08\\\/29\\\/convocatoria-de-pruebas-selectivas-para-la-contratacion-de-dos-monitores-a-tiempo-parcial\\\/#primaryimage\"},\"image\":{\"@id\":\"https:\\\/\\\/coria.org\\\/ayuntamiento\\\/index.php\\\/2014\\\/08\\\/29\\\/convocatoria-de-pruebas-selectivas-para-la-contratacion-de-dos-monitores-a-tiempo-parcial\\\/#primaryimage\"},\"thumbnailUrl\":\"https:\\\/\\\/coria.org\\\/ayuntamiento\\\/wp-content\\\/uploads\\\/2014\\\/08\\\/clausura_800x600.jpg\",\"datePublished\":\"2014-08-29T00:00:00+00:00\",\"dateModified\":\"2023-09-18T10:39:49+00:00\",\"breadcrumb\":{\"@id\":\"https:\\\/\\\/coria.org\\\/ayuntamiento\\\/index.php\\\/2014\\\/08\\\/29\\\/convocatoria-de-pruebas-selectivas-para-la-contratacion-de-dos-monitores-a-tiempo-parcial\\\/#breadcrumb\"},\"inLanguage\":\"es\",\"potentialAction\":[{\"@type\":\"ReadAction\",\"target\":[\"https:\\\/\\\/coria.org\\\/ayuntamiento\\\/index.php\\\/2014\\\/08\\\/29\\\/convocatoria-de-pruebas-selectivas-para-la-contratacion-de-dos-monitores-a-tiempo-parcial\\\/\"]}]},{\"@type\":\"ImageObject\",\"inLanguage\":\"es\",\"@id\":\"https:\\\/\\\/coria.org\\\/ayuntamiento\\\/index.php\\\/2014\\\/08\\\/29\\\/convocatoria-de-pruebas-selectivas-para-la-contratacion-de-dos-monitores-a-tiempo-parcial\\\/#primaryimage\",\"url\":\"https:\\\/\\\/coria.org\\\/ayuntamiento\\\/wp-content\\\/uploads\\\/2014\\\/08\\\/clausura_800x600.jpg\",\"contentUrl\":\"https:\\\/\\\/coria.org\\\/ayuntamiento\\\/wp-content\\\/uploads\\\/2014\\\/08\\\/clausura_800x600.jpg\",\"width\":800,\"height\":600},{\"@type\":\"BreadcrumbList\",\"@id\":\"https:\\\/\\\/coria.org\\\/ayuntamiento\\\/index.php\\\/2014\\\/08\\\/29\\\/convocatoria-de-pruebas-selectivas-para-la-contratacion-de-dos-monitores-a-tiempo-parcial\\\/#breadcrumb\",\"itemListElement\":[{\"@type\":\"ListItem\",\"position\":1,\"name\":\"Inicio\",\"item\":\"https:\\\/\\\/coria.org\\\/ayuntamiento\\\/\"},{\"@type\":\"ListItem\",\"position\":2,\"name\":\"Convocatoria de pruebas selectivas para la contrataci\u00f3n de dos monitores a tiempo parcial\"}]},{\"@type\":\"WebSite\",\"@id\":\"https:\\\/\\\/coria.org\\\/ayuntamiento\\\/#website\",\"url\":\"https:\\\/\\\/coria.org\\\/ayuntamiento\\\/\",\"name\":\"Ayuntamiento de Coria\",\"description\":\"Web oficial del Ayuntamiento de Coria\",\"publisher\":{\"@id\":\"https:\\\/\\\/coria.org\\\/ayuntamiento\\\/#organization\"},\"alternateName\":\"Web Oficial del Ayuntamiento de Coria\",\"potentialAction\":[{\"@type\":\"SearchAction\",\"target\":{\"@type\":\"EntryPoint\",\"urlTemplate\":\"https:\\\/\\\/coria.org\\\/ayuntamiento\\\/?s={search_term_string}\"},\"query-input\":{\"@type\":\"PropertyValueSpecification\",\"valueRequired\":true,\"valueName\":\"search_term_string\"}}],\"inLanguage\":\"es\"},{\"@type\":\"Organization\",\"@id\":\"https:\\\/\\\/coria.org\\\/ayuntamiento\\\/#organization\",\"name\":\"Ayuntamiento de Coria\",\"alternateName\":\"Ayto de Coria\",\"url\":\"https:\\\/\\\/coria.org\\\/ayuntamiento\\\/\",\"logo\":{\"@type\":\"ImageObject\",\"inLanguage\":\"es\",\"@id\":\"https:\\\/\\\/coria.org\\\/ayuntamiento\\\/#\\\/schema\\\/logo\\\/image\\\/\",\"url\":\"https:\\\/\\\/coria.org\\\/ayuntamiento\\\/wp-content\\\/uploads\\\/2020\\\/12\\\/escudo-ayuntamiento-coria.png\",\"contentUrl\":\"https:\\\/\\\/coria.org\\\/ayuntamiento\\\/wp-content\\\/uploads\\\/2020\\\/12\\\/escudo-ayuntamiento-coria.png\",\"width\":511,\"height\":240,\"caption\":\"Ayuntamiento de Coria\"},\"image\":{\"@id\":\"https:\\\/\\\/coria.org\\\/ayuntamiento\\\/#\\\/schema\\\/logo\\\/image\\\/\"},\"sameAs\":[\"https:\\\/\\\/www.facebook.com\\\/Ayuntamiento.de.Coria\",\"https:\\\/\\\/x.com\\\/Ayto_de_Coria\",\"https:\\\/\\\/www.instagram.com\\\/coria.ayuntamiento\\\/\",\"https:\\\/\\\/www.youtube.com\\\/user\\\/AYUNTAMIENTOCORIA\"]},{\"@type\":\"Person\",\"@id\":\"https:\\\/\\\/coria.org\\\/ayuntamiento\\\/#\\\/schema\\\/person\\\/8bd589f0e13e8ae5aa06def7a599d622\",\"name\":\"ayuntamiento\",\"image\":{\"@type\":\"ImageObject\",\"inLanguage\":\"es\",\"@id\":\"https:\\\/\\\/secure.gravatar.com\\\/avatar\\\/966e5ed73cad334adda5c87f49f2547f7082f7292c1b627cbb548744383b391c?s=96&d=mm&r=g\",\"url\":\"https:\\\/\\\/secure.gravatar.com\\\/avatar\\\/966e5ed73cad334adda5c87f49f2547f7082f7292c1b627cbb548744383b391c?s=96&d=mm&r=g\",\"contentUrl\":\"https:\\\/\\\/secure.gravatar.com\\\/avatar\\\/966e5ed73cad334adda5c87f49f2547f7082f7292c1b627cbb548744383b391c?s=96&d=mm&r=g\",\"caption\":\"ayuntamiento\"}}]}<\/script>\n<!-- \/ Yoast SEO plugin. -->","yoast_head_json":{"title":"Convocatoria de pruebas selectivas para la contrataci\u00f3n de dos monitores a tiempo parcial - Ayuntamiento de Coria","robots":{"index":"index","follow":"follow","max-snippet":"max-snippet:-1","max-image-preview":"max-image-preview:large","max-video-preview":"max-video-preview:-1"},"canonical":"https:\/\/coria.org\/ayuntamiento\/index.php\/2014\/08\/29\/convocatoria-de-pruebas-selectivas-para-la-contratacion-de-dos-monitores-a-tiempo-parcial\/","og_locale":"es_ES","og_type":"article","og_title":"Convocatoria de pruebas selectivas para la contrataci\u00f3n de dos monitores a tiempo parcial - Ayuntamiento de Coria","og_description":"Esta convocatoria del Ayuntamiento de Coria, consiste en la provisi\u00f3n temporal de dos plazas de monitores deportivos, para desarrollar un programa deportivo en Coria, Puebla de Argeme y Rinc\u00f3n del Obispo, mediante un contrato laboral a tiempo parcial, cuya duraci\u00f3n se extender\u00e1 por el tiempo de ejecuci\u00f3n del proyecto deportivo, que finalizar\u00e1 el 30 de [&hellip;]","og_url":"https:\/\/coria.org\/ayuntamiento\/index.php\/2014\/08\/29\/convocatoria-de-pruebas-selectivas-para-la-contratacion-de-dos-monitores-a-tiempo-parcial\/","og_site_name":"Ayuntamiento de Coria","article_publisher":"https:\/\/www.facebook.com\/Ayuntamiento.de.Coria","article_published_time":"2014-08-29T00:00:00+00:00","article_modified_time":"2023-09-18T10:39:49+00:00","og_image":[{"width":800,"height":600,"url":"https:\/\/coria.org\/ayuntamiento\/wp-content\/uploads\/2014\/08\/clausura_800x600.jpg","type":"image\/jpeg"}],"author":"ayuntamiento","twitter_card":"summary_large_image","twitter_creator":"@Ayto_de_Coria","twitter_site":"@Ayto_de_Coria","twitter_misc":{"Escrito por":"ayuntamiento","Tiempo de lectura":"1 minuto"},"schema":{"@context":"https:\/\/schema.org","@graph":[{"@type":"Article","@id":"https:\/\/coria.org\/ayuntamiento\/index.php\/2014\/08\/29\/convocatoria-de-pruebas-selectivas-para-la-contratacion-de-dos-monitores-a-tiempo-parcial\/#article","isPartOf":{"@id":"https:\/\/coria.org\/ayuntamiento\/index.php\/2014\/08\/29\/convocatoria-de-pruebas-selectivas-para-la-contratacion-de-dos-monitores-a-tiempo-parcial\/"},"author":{"name":"ayuntamiento","@id":"https:\/\/coria.org\/ayuntamiento\/#\/schema\/person\/8bd589f0e13e8ae5aa06def7a599d622"},"headline":"Convocatoria de pruebas selectivas para la contrataci\u00f3n de dos monitores a tiempo parcial","datePublished":"2014-08-29T00:00:00+00:00","dateModified":"2023-09-18T10:39:49+00:00","mainEntityOfPage":{"@id":"https:\/\/coria.org\/ayuntamiento\/index.php\/2014\/08\/29\/convocatoria-de-pruebas-selectivas-para-la-contratacion-de-dos-monitores-a-tiempo-parcial\/"},"wordCount":290,"publisher":{"@id":"https:\/\/coria.org\/ayuntamiento\/#organization"},"image":{"@id":"https:\/\/coria.org\/ayuntamiento\/index.php\/2014\/08\/29\/convocatoria-de-pruebas-selectivas-para-la-contratacion-de-dos-monitores-a-tiempo-parcial\/#primaryimage"},"thumbnailUrl":"https:\/\/coria.org\/ayuntamiento\/wp-content\/uploads\/2014\/08\/clausura_800x600.jpg","keywords":["coria","extremadura"],"articleSection":["Noticias"],"inLanguage":"es"},{"@type":"WebPage","@id":"https:\/\/coria.org\/ayuntamiento\/index.php\/2014\/08\/29\/convocatoria-de-pruebas-selectivas-para-la-contratacion-de-dos-monitores-a-tiempo-parcial\/","url":"https:\/\/coria.org\/ayuntamiento\/index.php\/2014\/08\/29\/convocatoria-de-pruebas-selectivas-para-la-contratacion-de-dos-monitores-a-tiempo-parcial\/","name":"Convocatoria de pruebas selectivas para la contrataci\u00f3n de dos monitores a tiempo parcial - Ayuntamiento de Coria","isPartOf":{"@id":"https:\/\/coria.org\/ayuntamiento\/#website"},"primaryImageOfPage":{"@id":"https:\/\/coria.org\/ayuntamiento\/index.php\/2014\/08\/29\/convocatoria-de-pruebas-selectivas-para-la-contratacion-de-dos-monitores-a-tiempo-parcial\/#primaryimage"},"image":{"@id":"https:\/\/coria.org\/ayuntamiento\/index.php\/2014\/08\/29\/convocatoria-de-pruebas-selectivas-para-la-contratacion-de-dos-monitores-a-tiempo-parcial\/#primaryimage"},"thumbnailUrl":"https:\/\/coria.org\/ayuntamiento\/wp-content\/uploads\/2014\/08\/clausura_800x600.jpg","datePublished":"2014-08-29T00:00:00+00:00","dateModified":"2023-09-18T10:39:49+00:00","breadcrumb":{"@id":"https:\/\/coria.org\/ayuntamiento\/index.php\/2014\/08\/29\/convocatoria-de-pruebas-selectivas-para-la-contratacion-de-dos-monitores-a-tiempo-parcial\/#breadcrumb"},"inLanguage":"es","potentialAction":[{"@type":"ReadAction","target":["https:\/\/coria.org\/ayuntamiento\/index.php\/2014\/08\/29\/convocatoria-de-pruebas-selectivas-para-la-contratacion-de-dos-monitores-a-tiempo-parcial\/"]}]},{"@type":"ImageObject","inLanguage":"es","@id":"https:\/\/coria.org\/ayuntamiento\/index.php\/2014\/08\/29\/convocatoria-de-pruebas-selectivas-para-la-contratacion-de-dos-monitores-a-tiempo-parcial\/#primaryimage","url":"https:\/\/coria.org\/ayuntamiento\/wp-content\/uploads\/2014\/08\/clausura_800x600.jpg","contentUrl":"https:\/\/coria.org\/ayuntamiento\/wp-content\/uploads\/2014\/08\/clausura_800x600.jpg","width":800,"height":600},{"@type":"BreadcrumbList","@id":"https:\/\/coria.org\/ayuntamiento\/index.php\/2014\/08\/29\/convocatoria-de-pruebas-selectivas-para-la-contratacion-de-dos-monitores-a-tiempo-parcial\/#breadcrumb","itemListElement":[{"@type":"ListItem","position":1,"name":"Inicio","item":"https:\/\/coria.org\/ayuntamiento\/"},{"@type":"ListItem","position":2,"name":"Convocatoria de pruebas selectivas para la contrataci\u00f3n de dos monitores a tiempo parcial"}]},{"@type":"WebSite","@id":"https:\/\/coria.org\/ayuntamiento\/#website","url":"https:\/\/coria.org\/ayuntamiento\/","name":"Ayuntamiento de Coria","description":"Web oficial del Ayuntamiento de Coria","publisher":{"@id":"https:\/\/coria.org\/ayuntamiento\/#organization"},"alternateName":"Web Oficial del Ayuntamiento de Coria","potentialAction":[{"@type":"SearchAction","target":{"@type":"EntryPoint","urlTemplate":"https:\/\/coria.org\/ayuntamiento\/?s={search_term_string}"},"query-input":{"@type":"PropertyValueSpecification","valueRequired":true,"valueName":"search_term_string"}}],"inLanguage":"es"},{"@type":"Organization","@id":"https:\/\/coria.org\/ayuntamiento\/#organization","name":"Ayuntamiento de Coria","alternateName":"Ayto de Coria","url":"https:\/\/coria.org\/ayuntamiento\/","logo":{"@type":"ImageObject","inLanguage":"es","@id":"https:\/\/coria.org\/ayuntamiento\/#\/schema\/logo\/image\/","url":"https:\/\/coria.org\/ayuntamiento\/wp-content\/uploads\/2020\/12\/escudo-ayuntamiento-coria.png","contentUrl":"https:\/\/coria.org\/ayuntamiento\/wp-content\/uploads\/2020\/12\/escudo-ayuntamiento-coria.png","width":511,"height":240,"caption":"Ayuntamiento de Coria"},"image":{"@id":"https:\/\/coria.org\/ayuntamiento\/#\/schema\/logo\/image\/"},"sameAs":["https:\/\/www.facebook.com\/Ayuntamiento.de.Coria","https:\/\/x.com\/Ayto_de_Coria","https:\/\/www.instagram.com\/coria.ayuntamiento\/","https:\/\/www.youtube.com\/user\/AYUNTAMIENTOCORIA"]},{"@type":"Person","@id":"https:\/\/coria.org\/ayuntamiento\/#\/schema\/person\/8bd589f0e13e8ae5aa06def7a599d622","name":"ayuntamiento","image":{"@type":"ImageObject","inLanguage":"es","@id":"https:\/\/secure.gravatar.com\/avatar\/966e5ed73cad334adda5c87f49f2547f7082f7292c1b627cbb548744383b391c?s=96&d=mm&r=g","url":"https:\/\/secure.gravatar.com\/avatar\/966e5ed73cad334adda5c87f49f2547f7082f7292c1b627cbb548744383b391c?s=96&d=mm&r=g","contentUrl":"https:\/\/secure.gravatar.com\/avatar\/966e5ed73cad334adda5c87f49f2547f7082f7292c1b627cbb548744383b391c?s=96&d=mm&r=g","caption":"ayuntamiento"}}]}},"uagb_featured_image_src":{"full":["https:\/\/coria.org\/ayuntamiento\/wp-content\/uploads\/2014\/08\/clausura_800x600.jpg",800,600,false],"thumbnail":["https:\/\/coria.org\/ayuntamiento\/wp-content\/uploads\/2014\/08\/clausura_800x600-150x150.jpg",150,150,true],"medium":["https:\/\/coria.org\/ayuntamiento\/wp-content\/uploads\/2014\/08\/clausura_800x600-300x225.jpg",300,225,true],"medium_large":["https:\/\/coria.org\/ayuntamiento\/wp-content\/uploads\/2014\/08\/clausura_800x600-768x576.jpg",768,576,true],"large":["https:\/\/coria.org\/ayuntamiento\/wp-content\/uploads\/2014\/08\/clausura_800x600.jpg",800,600,false],"thumblist":["https:\/\/coria.org\/ayuntamiento\/wp-content\/uploads\/2014\/08\/clausura_800x600.jpg",300,225,false],"thumbrelated":["https:\/\/coria.org\/ayuntamiento\/wp-content\/uploads\/2014\/08\/clausura_800x600.jpg",500,375,false],"meccarouselthumb":["https:\/\/coria.org\/ayuntamiento\/wp-content\/uploads\/2014\/08\/clausura_800x600.jpg",432,324,false],"gridsquare":["https:\/\/coria.org\/ayuntamiento\/wp-content\/uploads\/2014\/08\/clausura_800x600.jpg",347,260,false],"tileview":["https:\/\/coria.org\/ayuntamiento\/wp-content\/uploads\/2014\/08\/clausura_800x600.jpg",300,225,false],"1536x1536":["https:\/\/coria.org\/ayuntamiento\/wp-content\/uploads\/2014\/08\/clausura_800x600.jpg",800,600,false],"2048x2048":["https:\/\/coria.org\/ayuntamiento\/wp-content\/uploads\/2014\/08\/clausura_800x600.jpg",800,600,false]},"uagb_author_info":{"display_name":"ayuntamiento","author_link":"https:\/\/coria.org\/ayuntamiento\/index.php\/author\/ayuntamiento\/"},"uagb_comment_info":0,"uagb_excerpt":"Esta convocatoria del Ayuntamiento de Coria, consiste en la provisi\u00f3n temporal de dos plazas de monitores deportivos, para desarrollar un programa deportivo en Coria, Puebla de Argeme y Rinc\u00f3n del Obispo, mediante un contrato laboral a tiempo parcial, cuya duraci\u00f3n se extender\u00e1 por el tiempo de ejecuci\u00f3n del proyecto deportivo, que finalizar\u00e1 el 30 de&hellip;","_links":{"self":[{"href":"https:\/\/coria.org\/ayuntamiento\/index.php\/wp-json\/wp\/v2\/posts\/25845","targetHints":{"allow":["GET"]}}],"collection":[{"href":"https:\/\/coria.org\/ayuntamiento\/index.php\/wp-json\/wp\/v2\/posts"}],"about":[{"href":"https:\/\/coria.org\/ayuntamiento\/index.php\/wp-json\/wp\/v2\/types\/post"}],"author":[{"embeddable":true,"href":"https:\/\/coria.org\/ayuntamiento\/index.php\/wp-json\/wp\/v2\/users\/2"}],"replies":[{"embeddable":true,"href":"https:\/\/coria.org\/ayuntamiento\/index.php\/wp-json\/wp\/v2\/comments?post=25845"}],"version-history":[{"count":0,"href":"https:\/\/coria.org\/ayuntamiento\/index.php\/wp-json\/wp\/v2\/posts\/25845\/revisions"}],"wp:featuredmedia":[{"embeddable":true,"href":"https:\/\/coria.org\/ayuntamiento\/index.php\/wp-json\/wp\/v2\/media\/31054"}],"wp:attachment":[{"href":"https:\/\/coria.org\/ayuntamiento\/index.php\/wp-json\/wp\/v2\/media?parent=25845"}],"wp:term":[{"taxonomy":"category","embeddable":true,"href":"https:\/\/coria.org\/ayuntamiento\/index.php\/wp-json\/wp\/v2\/categories?post=25845"},{"taxonomy":"post_tag","embeddable":true,"href":"https:\/\/coria.org\/ayuntamiento\/index.php\/wp-json\/wp\/v2\/tags?post=25845"}],"curies":[{"name":"wp","href":"https:\/\/api.w.org\/{rel}","templated":true}]}}