{"id":25810,"date":"2014-10-21T00:00:00","date_gmt":"2014-10-21T00:00:00","guid":{"rendered":"https:\/\/ayuntamiento.coriaenimagenes.com\/jornada-sobre-la-sucesion-y-continudad-de-la-empresa-familiar\/"},"modified":"2024-10-28T08:37:51","modified_gmt":"2024-10-28T07:37:51","slug":"jornada-sobre-la-sucesion-y-continudad-de-la-empresa-familiar","status":"publish","type":"post","link":"https:\/\/coria.org\/ayuntamiento\/index.php\/2014\/10\/21\/jornada-sobre-la-sucesion-y-continudad-de-la-empresa-familiar\/","title":{"rendered":"Jornada sobre la Sucesi\u00f3n y Continuidad de la empresa familiar."},"content":{"rendered":"\n<p>El pr\u00f3ximo jueves 23 de octubre tendr\u00e1 lugar en Coria la jornada Sucesi\u00f3n y continuidad de la empresa familiar, para informar sobre la importancia de la planificaci\u00f3n del proceso de sucesi\u00f3n en la empresa familiar y ofrecer las claves para gestionar las sinergias entre la experiencia desarrollada por los fundadores y la ilusi\u00f3n de los sucesores.<\/p>\n\n\n\n<figure class=\"wp-block-image alignleft size-full\"><img loading=\"lazy\" decoding=\"async\" width=\"320\" height=\"341\" src=\"https:\/\/coria.org\/ayuntamiento\/wp-content\/uploads\/2014\/10\/plan-relevo-empresa.webp\" alt=\"\" class=\"wp-image-62929\"\/><\/figure>\n\n\n\n<p>Desde la Direcci\u00f3n General de Empresa se ha puesto en marcha el Plan de Relevo Generacional en la Empresa de Extremadura, formado por un conjunto de medidas y herramientas orientadas a conseguir procesos de relevo generacional planificados, ordenados y eficientes, con el objetivo de impulsar la transmisi\u00f3n exitosa de empresas en funcionamiento y fomentar el emprendimiento, promoviendo con todo ello la consolidaci\u00f3n del tejido empresarial de la regi\u00f3n extreme\u00f1a. <\/p>\n\n\n\n<p>Una de las actuaciones del Plan es la organizaci\u00f3n de jornadas formativas con expertos donde se tratar\u00e1n en profundidad aspectos cruciales de los procesos de relevo generacional, ofreciendo a los asistentes la posibilidad de un asesoramiento directo especializado. Se van a celebrar un total de 17 jornadas en modalidad presencial en cuatro \u00e1reas tem\u00e1ticas. <\/p>\n\n\n\n<p>El programa de la jornada, destinada a empresas familiares de la regi\u00f3n, es el siguiente:<\/p>\n\n\n\n<p>1.- Introducci\u00f3n. El plan de relevo generacional en la empresa de Extremadura.<br>2.- La importancia de la sucesi\u00f3n generacional en la continuidad de la empresa familiar.<br>3.- Aspectos jur\u00eddicos de la sucesi\u00f3n. Donaci\u00f3n y herencia.<br>4.- Planificaci\u00f3n de la sucesi\u00f3n. El Protocolo Familiar. Estructura habitual y contenido. Eficiencia jur\u00eddica.<br>5.- Gesti\u00f3n profesional en la empresa familiar.<\/p>\n\n\n\n<p>Horario: de 19:00 a 21:00 horas.<\/p>\n\n\n\n<p>Lugar de celebraci\u00f3n: Espacio para la Creaci\u00f3n Joven. Avda. Alfonso VII, s\/n (junto al Silo). 10800 &#8211; Coria (C\u00e1ceres)<\/p>\n\n\n\n<p>Tel\u00e9fono : 924005572<\/p>\n\n\n\n<p>Para inscribirse en la jornada hay que estar registrado en el portal de Activaci\u00f3n Empresarial, por lo que si Vd. no lo est\u00e1 contacte con Desarrollo Local del Ayuntamiento de Coria en el 927 50 80 00 ext. 320, o v\u00eda mail a trav\u00e9s de <a href=\"mailto:agente_desarrollo@coria.org\">agente_desarrollo@coria.org<\/a>, o bien en el tel\u00e9fono anteriormente indicado.<\/p>\n","protected":false},"excerpt":{"rendered":"<p>El pr\u00f3ximo jueves 23 de octubre tendr\u00e1 lugar en Coria la jornada Sucesi\u00f3n y continuidad de la empresa familiar, para informar sobre la importancia de la planificaci\u00f3n del proceso de sucesi\u00f3n en la empresa familiar y ofrecer las claves para gestionar las sinergias entre la experiencia desarrollada por los fundadores y la ilusi\u00f3n de los [&hellip;]<\/p>\n","protected":false},"author":2,"featured_media":62929,"comment_status":"closed","ping_status":"closed","sticky":false,"template":"","format":"standard","meta":{"_uag_custom_page_level_css":"","footnotes":""},"categories":[2],"tags":[483],"class_list":["post-25810","post","type-post","status-publish","format-standard","has-post-thumbnail","hentry","category-noticias","tag-empresa"],"yoast_head":"<!-- This site is optimized with the Yoast SEO plugin v27.4 - https:\/\/yoast.com\/product\/yoast-seo-wordpress\/ -->\n<title>Jornada sobre la Sucesi\u00f3n y Continuidad de la empresa familiar. - Ayuntamiento de Coria<\/title>\n<meta name=\"description\" content=\"El pr\u00f3ximo jueves 23 de octubre tendr\u00e1 lugar en Coria la jornada Sucesi\u00f3n y continuidad de la empresa familiar, para informar sobre la importancia de la planificaci\u00f3n del proceso de sucesi\u00f3n en la empresa familiar y ofrecer las claves para gestionar las sinergias entre la experiencia desarrollada por los fundadores y la ilusi\u00f3n de los sucesores.\" \/>\n<meta name=\"robots\" content=\"index, follow, max-snippet:-1, max-image-preview:large, max-video-preview:-1\" \/>\n<link rel=\"canonical\" href=\"https:\/\/coria.org\/ayuntamiento\/index.php\/2014\/10\/21\/jornada-sobre-la-sucesion-y-continudad-de-la-empresa-familiar\/\" \/>\n<meta property=\"og:locale\" content=\"es_ES\" \/>\n<meta property=\"og:type\" content=\"article\" \/>\n<meta property=\"og:title\" content=\"Jornada sobre la Sucesi\u00f3n y Continuidad de la empresa familiar. - Ayuntamiento de Coria\" \/>\n<meta property=\"og:description\" content=\"El pr\u00f3ximo jueves 23 de octubre tendr\u00e1 lugar en Coria la jornada Sucesi\u00f3n y continuidad de la empresa familiar, para informar sobre la importancia de la planificaci\u00f3n del proceso de sucesi\u00f3n en la empresa familiar y ofrecer las claves para gestionar las sinergias entre la experiencia desarrollada por los fundadores y la ilusi\u00f3n de los sucesores.\" \/>\n<meta property=\"og:url\" content=\"https:\/\/coria.org\/ayuntamiento\/index.php\/2014\/10\/21\/jornada-sobre-la-sucesion-y-continudad-de-la-empresa-familiar\/\" \/>\n<meta property=\"og:site_name\" content=\"Ayuntamiento de Coria\" \/>\n<meta property=\"article:publisher\" content=\"https:\/\/www.facebook.com\/Ayuntamiento.de.Coria\" \/>\n<meta property=\"article:published_time\" content=\"2014-10-21T00:00:00+00:00\" \/>\n<meta property=\"article:modified_time\" content=\"2024-10-28T07:37:51+00:00\" \/>\n<meta property=\"og:image\" content=\"https:\/\/coria.org\/ayuntamiento\/wp-content\/uploads\/2014\/10\/plan-relevo-empresa.webp\" \/>\n\t<meta property=\"og:image:width\" content=\"320\" \/>\n\t<meta property=\"og:image:height\" content=\"341\" \/>\n\t<meta property=\"og:image:type\" content=\"image\/webp\" \/>\n<meta name=\"author\" content=\"ayuntamiento\" \/>\n<meta name=\"twitter:card\" content=\"summary_large_image\" \/>\n<meta name=\"twitter:creator\" content=\"@Ayto_de_Coria\" \/>\n<meta name=\"twitter:site\" content=\"@Ayto_de_Coria\" \/>\n<meta name=\"twitter:label1\" content=\"Escrito por\" \/>\n\t<meta name=\"twitter:data1\" content=\"ayuntamiento\" \/>\n\t<meta name=\"twitter:label2\" content=\"Tiempo de lectura\" \/>\n\t<meta name=\"twitter:data2\" content=\"2 minutos\" \/>\n<script type=\"application\/ld+json\" class=\"yoast-schema-graph\">{\"@context\":\"https:\\\/\\\/schema.org\",\"@graph\":[{\"@type\":\"Article\",\"@id\":\"https:\\\/\\\/coria.org\\\/ayuntamiento\\\/index.php\\\/2014\\\/10\\\/21\\\/jornada-sobre-la-sucesion-y-continudad-de-la-empresa-familiar\\\/#article\",\"isPartOf\":{\"@id\":\"https:\\\/\\\/coria.org\\\/ayuntamiento\\\/index.php\\\/2014\\\/10\\\/21\\\/jornada-sobre-la-sucesion-y-continudad-de-la-empresa-familiar\\\/\"},\"author\":{\"name\":\"ayuntamiento\",\"@id\":\"https:\\\/\\\/coria.org\\\/ayuntamiento\\\/#\\\/schema\\\/person\\\/8bd589f0e13e8ae5aa06def7a599d622\"},\"headline\":\"Jornada sobre la Sucesi\u00f3n y Continuidad de la empresa familiar.\",\"datePublished\":\"2014-10-21T00:00:00+00:00\",\"dateModified\":\"2024-10-28T07:37:51+00:00\",\"mainEntityOfPage\":{\"@id\":\"https:\\\/\\\/coria.org\\\/ayuntamiento\\\/index.php\\\/2014\\\/10\\\/21\\\/jornada-sobre-la-sucesion-y-continudad-de-la-empresa-familiar\\\/\"},\"wordCount\":365,\"publisher\":{\"@id\":\"https:\\\/\\\/coria.org\\\/ayuntamiento\\\/#organization\"},\"image\":{\"@id\":\"https:\\\/\\\/coria.org\\\/ayuntamiento\\\/index.php\\\/2014\\\/10\\\/21\\\/jornada-sobre-la-sucesion-y-continudad-de-la-empresa-familiar\\\/#primaryimage\"},\"thumbnailUrl\":\"https:\\\/\\\/coria.org\\\/ayuntamiento\\\/wp-content\\\/uploads\\\/2014\\\/10\\\/plan-relevo-empresa.webp\",\"keywords\":[\"empresa\"],\"articleSection\":[\"Noticias\"],\"inLanguage\":\"es\"},{\"@type\":\"WebPage\",\"@id\":\"https:\\\/\\\/coria.org\\\/ayuntamiento\\\/index.php\\\/2014\\\/10\\\/21\\\/jornada-sobre-la-sucesion-y-continudad-de-la-empresa-familiar\\\/\",\"url\":\"https:\\\/\\\/coria.org\\\/ayuntamiento\\\/index.php\\\/2014\\\/10\\\/21\\\/jornada-sobre-la-sucesion-y-continudad-de-la-empresa-familiar\\\/\",\"name\":\"Jornada sobre la Sucesi\u00f3n y Continuidad de la empresa familiar. - Ayuntamiento de Coria\",\"isPartOf\":{\"@id\":\"https:\\\/\\\/coria.org\\\/ayuntamiento\\\/#website\"},\"primaryImageOfPage\":{\"@id\":\"https:\\\/\\\/coria.org\\\/ayuntamiento\\\/index.php\\\/2014\\\/10\\\/21\\\/jornada-sobre-la-sucesion-y-continudad-de-la-empresa-familiar\\\/#primaryimage\"},\"image\":{\"@id\":\"https:\\\/\\\/coria.org\\\/ayuntamiento\\\/index.php\\\/2014\\\/10\\\/21\\\/jornada-sobre-la-sucesion-y-continudad-de-la-empresa-familiar\\\/#primaryimage\"},\"thumbnailUrl\":\"https:\\\/\\\/coria.org\\\/ayuntamiento\\\/wp-content\\\/uploads\\\/2014\\\/10\\\/plan-relevo-empresa.webp\",\"datePublished\":\"2014-10-21T00:00:00+00:00\",\"dateModified\":\"2024-10-28T07:37:51+00:00\",\"description\":\"El pr\u00f3ximo jueves 23 de octubre tendr\u00e1 lugar en Coria la jornada Sucesi\u00f3n y continuidad de la empresa familiar, para informar sobre la importancia de la planificaci\u00f3n del proceso de sucesi\u00f3n en la empresa familiar y ofrecer las claves para gestionar las sinergias entre la experiencia desarrollada por los fundadores y la ilusi\u00f3n de los sucesores.\",\"breadcrumb\":{\"@id\":\"https:\\\/\\\/coria.org\\\/ayuntamiento\\\/index.php\\\/2014\\\/10\\\/21\\\/jornada-sobre-la-sucesion-y-continudad-de-la-empresa-familiar\\\/#breadcrumb\"},\"inLanguage\":\"es\",\"potentialAction\":[{\"@type\":\"ReadAction\",\"target\":[\"https:\\\/\\\/coria.org\\\/ayuntamiento\\\/index.php\\\/2014\\\/10\\\/21\\\/jornada-sobre-la-sucesion-y-continudad-de-la-empresa-familiar\\\/\"]}]},{\"@type\":\"ImageObject\",\"inLanguage\":\"es\",\"@id\":\"https:\\\/\\\/coria.org\\\/ayuntamiento\\\/index.php\\\/2014\\\/10\\\/21\\\/jornada-sobre-la-sucesion-y-continudad-de-la-empresa-familiar\\\/#primaryimage\",\"url\":\"https:\\\/\\\/coria.org\\\/ayuntamiento\\\/wp-content\\\/uploads\\\/2014\\\/10\\\/plan-relevo-empresa.webp\",\"contentUrl\":\"https:\\\/\\\/coria.org\\\/ayuntamiento\\\/wp-content\\\/uploads\\\/2014\\\/10\\\/plan-relevo-empresa.webp\",\"width\":320,\"height\":341},{\"@type\":\"BreadcrumbList\",\"@id\":\"https:\\\/\\\/coria.org\\\/ayuntamiento\\\/index.php\\\/2014\\\/10\\\/21\\\/jornada-sobre-la-sucesion-y-continudad-de-la-empresa-familiar\\\/#breadcrumb\",\"itemListElement\":[{\"@type\":\"ListItem\",\"position\":1,\"name\":\"Inicio\",\"item\":\"https:\\\/\\\/coria.org\\\/ayuntamiento\\\/\"},{\"@type\":\"ListItem\",\"position\":2,\"name\":\"Jornada sobre la Sucesi\u00f3n y Continuidad de la empresa familiar.\"}]},{\"@type\":\"WebSite\",\"@id\":\"https:\\\/\\\/coria.org\\\/ayuntamiento\\\/#website\",\"url\":\"https:\\\/\\\/coria.org\\\/ayuntamiento\\\/\",\"name\":\"Ayuntamiento de Coria\",\"description\":\"Web oficial del Ayuntamiento de Coria\",\"publisher\":{\"@id\":\"https:\\\/\\\/coria.org\\\/ayuntamiento\\\/#organization\"},\"alternateName\":\"Web Oficial del Ayuntamiento de Coria\",\"potentialAction\":[{\"@type\":\"SearchAction\",\"target\":{\"@type\":\"EntryPoint\",\"urlTemplate\":\"https:\\\/\\\/coria.org\\\/ayuntamiento\\\/?s={search_term_string}\"},\"query-input\":{\"@type\":\"PropertyValueSpecification\",\"valueRequired\":true,\"valueName\":\"search_term_string\"}}],\"inLanguage\":\"es\"},{\"@type\":\"Organization\",\"@id\":\"https:\\\/\\\/coria.org\\\/ayuntamiento\\\/#organization\",\"name\":\"Ayuntamiento de Coria\",\"alternateName\":\"Ayto de Coria\",\"url\":\"https:\\\/\\\/coria.org\\\/ayuntamiento\\\/\",\"logo\":{\"@type\":\"ImageObject\",\"inLanguage\":\"es\",\"@id\":\"https:\\\/\\\/coria.org\\\/ayuntamiento\\\/#\\\/schema\\\/logo\\\/image\\\/\",\"url\":\"https:\\\/\\\/coria.org\\\/ayuntamiento\\\/wp-content\\\/uploads\\\/2020\\\/12\\\/escudo-ayuntamiento-coria.png\",\"contentUrl\":\"https:\\\/\\\/coria.org\\\/ayuntamiento\\\/wp-content\\\/uploads\\\/2020\\\/12\\\/escudo-ayuntamiento-coria.png\",\"width\":511,\"height\":240,\"caption\":\"Ayuntamiento de Coria\"},\"image\":{\"@id\":\"https:\\\/\\\/coria.org\\\/ayuntamiento\\\/#\\\/schema\\\/logo\\\/image\\\/\"},\"sameAs\":[\"https:\\\/\\\/www.facebook.com\\\/Ayuntamiento.de.Coria\",\"https:\\\/\\\/x.com\\\/Ayto_de_Coria\",\"https:\\\/\\\/www.instagram.com\\\/coria.ayuntamiento\\\/\",\"https:\\\/\\\/www.youtube.com\\\/user\\\/AYUNTAMIENTOCORIA\"]},{\"@type\":\"Person\",\"@id\":\"https:\\\/\\\/coria.org\\\/ayuntamiento\\\/#\\\/schema\\\/person\\\/8bd589f0e13e8ae5aa06def7a599d622\",\"name\":\"ayuntamiento\",\"image\":{\"@type\":\"ImageObject\",\"inLanguage\":\"es\",\"@id\":\"https:\\\/\\\/secure.gravatar.com\\\/avatar\\\/966e5ed73cad334adda5c87f49f2547f7082f7292c1b627cbb548744383b391c?s=96&d=mm&r=g\",\"url\":\"https:\\\/\\\/secure.gravatar.com\\\/avatar\\\/966e5ed73cad334adda5c87f49f2547f7082f7292c1b627cbb548744383b391c?s=96&d=mm&r=g\",\"contentUrl\":\"https:\\\/\\\/secure.gravatar.com\\\/avatar\\\/966e5ed73cad334adda5c87f49f2547f7082f7292c1b627cbb548744383b391c?s=96&d=mm&r=g\",\"caption\":\"ayuntamiento\"}}]}<\/script>\n<!-- \/ Yoast SEO plugin. -->","yoast_head_json":{"title":"Jornada sobre la Sucesi\u00f3n y Continuidad de la empresa familiar. - Ayuntamiento de Coria","description":"El pr\u00f3ximo jueves 23 de octubre tendr\u00e1 lugar en Coria la jornada Sucesi\u00f3n y continuidad de la empresa familiar, para informar sobre la importancia de la planificaci\u00f3n del proceso de sucesi\u00f3n en la empresa familiar y ofrecer las claves para gestionar las sinergias entre la experiencia desarrollada por los fundadores y la ilusi\u00f3n de los sucesores.","robots":{"index":"index","follow":"follow","max-snippet":"max-snippet:-1","max-image-preview":"max-image-preview:large","max-video-preview":"max-video-preview:-1"},"canonical":"https:\/\/coria.org\/ayuntamiento\/index.php\/2014\/10\/21\/jornada-sobre-la-sucesion-y-continudad-de-la-empresa-familiar\/","og_locale":"es_ES","og_type":"article","og_title":"Jornada sobre la Sucesi\u00f3n y Continuidad de la empresa familiar. - Ayuntamiento de Coria","og_description":"El pr\u00f3ximo jueves 23 de octubre tendr\u00e1 lugar en Coria la jornada Sucesi\u00f3n y continuidad de la empresa familiar, para informar sobre la importancia de la planificaci\u00f3n del proceso de sucesi\u00f3n en la empresa familiar y ofrecer las claves para gestionar las sinergias entre la experiencia desarrollada por los fundadores y la ilusi\u00f3n de los sucesores.","og_url":"https:\/\/coria.org\/ayuntamiento\/index.php\/2014\/10\/21\/jornada-sobre-la-sucesion-y-continudad-de-la-empresa-familiar\/","og_site_name":"Ayuntamiento de Coria","article_publisher":"https:\/\/www.facebook.com\/Ayuntamiento.de.Coria","article_published_time":"2014-10-21T00:00:00+00:00","article_modified_time":"2024-10-28T07:37:51+00:00","og_image":[{"width":320,"height":341,"url":"https:\/\/coria.org\/ayuntamiento\/wp-content\/uploads\/2014\/10\/plan-relevo-empresa.webp","type":"image\/webp"}],"author":"ayuntamiento","twitter_card":"summary_large_image","twitter_creator":"@Ayto_de_Coria","twitter_site":"@Ayto_de_Coria","twitter_misc":{"Escrito por":"ayuntamiento","Tiempo de lectura":"2 minutos"},"schema":{"@context":"https:\/\/schema.org","@graph":[{"@type":"Article","@id":"https:\/\/coria.org\/ayuntamiento\/index.php\/2014\/10\/21\/jornada-sobre-la-sucesion-y-continudad-de-la-empresa-familiar\/#article","isPartOf":{"@id":"https:\/\/coria.org\/ayuntamiento\/index.php\/2014\/10\/21\/jornada-sobre-la-sucesion-y-continudad-de-la-empresa-familiar\/"},"author":{"name":"ayuntamiento","@id":"https:\/\/coria.org\/ayuntamiento\/#\/schema\/person\/8bd589f0e13e8ae5aa06def7a599d622"},"headline":"Jornada sobre la Sucesi\u00f3n y Continuidad de la empresa familiar.","datePublished":"2014-10-21T00:00:00+00:00","dateModified":"2024-10-28T07:37:51+00:00","mainEntityOfPage":{"@id":"https:\/\/coria.org\/ayuntamiento\/index.php\/2014\/10\/21\/jornada-sobre-la-sucesion-y-continudad-de-la-empresa-familiar\/"},"wordCount":365,"publisher":{"@id":"https:\/\/coria.org\/ayuntamiento\/#organization"},"image":{"@id":"https:\/\/coria.org\/ayuntamiento\/index.php\/2014\/10\/21\/jornada-sobre-la-sucesion-y-continudad-de-la-empresa-familiar\/#primaryimage"},"thumbnailUrl":"https:\/\/coria.org\/ayuntamiento\/wp-content\/uploads\/2014\/10\/plan-relevo-empresa.webp","keywords":["empresa"],"articleSection":["Noticias"],"inLanguage":"es"},{"@type":"WebPage","@id":"https:\/\/coria.org\/ayuntamiento\/index.php\/2014\/10\/21\/jornada-sobre-la-sucesion-y-continudad-de-la-empresa-familiar\/","url":"https:\/\/coria.org\/ayuntamiento\/index.php\/2014\/10\/21\/jornada-sobre-la-sucesion-y-continudad-de-la-empresa-familiar\/","name":"Jornada sobre la Sucesi\u00f3n y Continuidad de la empresa familiar. - Ayuntamiento de Coria","isPartOf":{"@id":"https:\/\/coria.org\/ayuntamiento\/#website"},"primaryImageOfPage":{"@id":"https:\/\/coria.org\/ayuntamiento\/index.php\/2014\/10\/21\/jornada-sobre-la-sucesion-y-continudad-de-la-empresa-familiar\/#primaryimage"},"image":{"@id":"https:\/\/coria.org\/ayuntamiento\/index.php\/2014\/10\/21\/jornada-sobre-la-sucesion-y-continudad-de-la-empresa-familiar\/#primaryimage"},"thumbnailUrl":"https:\/\/coria.org\/ayuntamiento\/wp-content\/uploads\/2014\/10\/plan-relevo-empresa.webp","datePublished":"2014-10-21T00:00:00+00:00","dateModified":"2024-10-28T07:37:51+00:00","description":"El pr\u00f3ximo jueves 23 de octubre tendr\u00e1 lugar en Coria la jornada Sucesi\u00f3n y continuidad de la empresa familiar, para informar sobre la importancia de la planificaci\u00f3n del proceso de sucesi\u00f3n en la empresa familiar y ofrecer las claves para gestionar las sinergias entre la experiencia desarrollada por los fundadores y la ilusi\u00f3n de los sucesores.","breadcrumb":{"@id":"https:\/\/coria.org\/ayuntamiento\/index.php\/2014\/10\/21\/jornada-sobre-la-sucesion-y-continudad-de-la-empresa-familiar\/#breadcrumb"},"inLanguage":"es","potentialAction":[{"@type":"ReadAction","target":["https:\/\/coria.org\/ayuntamiento\/index.php\/2014\/10\/21\/jornada-sobre-la-sucesion-y-continudad-de-la-empresa-familiar\/"]}]},{"@type":"ImageObject","inLanguage":"es","@id":"https:\/\/coria.org\/ayuntamiento\/index.php\/2014\/10\/21\/jornada-sobre-la-sucesion-y-continudad-de-la-empresa-familiar\/#primaryimage","url":"https:\/\/coria.org\/ayuntamiento\/wp-content\/uploads\/2014\/10\/plan-relevo-empresa.webp","contentUrl":"https:\/\/coria.org\/ayuntamiento\/wp-content\/uploads\/2014\/10\/plan-relevo-empresa.webp","width":320,"height":341},{"@type":"BreadcrumbList","@id":"https:\/\/coria.org\/ayuntamiento\/index.php\/2014\/10\/21\/jornada-sobre-la-sucesion-y-continudad-de-la-empresa-familiar\/#breadcrumb","itemListElement":[{"@type":"ListItem","position":1,"name":"Inicio","item":"https:\/\/coria.org\/ayuntamiento\/"},{"@type":"ListItem","position":2,"name":"Jornada sobre la Sucesi\u00f3n y Continuidad de la empresa familiar."}]},{"@type":"WebSite","@id":"https:\/\/coria.org\/ayuntamiento\/#website","url":"https:\/\/coria.org\/ayuntamiento\/","name":"Ayuntamiento de Coria","description":"Web oficial del Ayuntamiento de Coria","publisher":{"@id":"https:\/\/coria.org\/ayuntamiento\/#organization"},"alternateName":"Web Oficial del Ayuntamiento de Coria","potentialAction":[{"@type":"SearchAction","target":{"@type":"EntryPoint","urlTemplate":"https:\/\/coria.org\/ayuntamiento\/?s={search_term_string}"},"query-input":{"@type":"PropertyValueSpecification","valueRequired":true,"valueName":"search_term_string"}}],"inLanguage":"es"},{"@type":"Organization","@id":"https:\/\/coria.org\/ayuntamiento\/#organization","name":"Ayuntamiento de Coria","alternateName":"Ayto de Coria","url":"https:\/\/coria.org\/ayuntamiento\/","logo":{"@type":"ImageObject","inLanguage":"es","@id":"https:\/\/coria.org\/ayuntamiento\/#\/schema\/logo\/image\/","url":"https:\/\/coria.org\/ayuntamiento\/wp-content\/uploads\/2020\/12\/escudo-ayuntamiento-coria.png","contentUrl":"https:\/\/coria.org\/ayuntamiento\/wp-content\/uploads\/2020\/12\/escudo-ayuntamiento-coria.png","width":511,"height":240,"caption":"Ayuntamiento de Coria"},"image":{"@id":"https:\/\/coria.org\/ayuntamiento\/#\/schema\/logo\/image\/"},"sameAs":["https:\/\/www.facebook.com\/Ayuntamiento.de.Coria","https:\/\/x.com\/Ayto_de_Coria","https:\/\/www.instagram.com\/coria.ayuntamiento\/","https:\/\/www.youtube.com\/user\/AYUNTAMIENTOCORIA"]},{"@type":"Person","@id":"https:\/\/coria.org\/ayuntamiento\/#\/schema\/person\/8bd589f0e13e8ae5aa06def7a599d622","name":"ayuntamiento","image":{"@type":"ImageObject","inLanguage":"es","@id":"https:\/\/secure.gravatar.com\/avatar\/966e5ed73cad334adda5c87f49f2547f7082f7292c1b627cbb548744383b391c?s=96&d=mm&r=g","url":"https:\/\/secure.gravatar.com\/avatar\/966e5ed73cad334adda5c87f49f2547f7082f7292c1b627cbb548744383b391c?s=96&d=mm&r=g","contentUrl":"https:\/\/secure.gravatar.com\/avatar\/966e5ed73cad334adda5c87f49f2547f7082f7292c1b627cbb548744383b391c?s=96&d=mm&r=g","caption":"ayuntamiento"}}]}},"uagb_featured_image_src":{"full":["https:\/\/coria.org\/ayuntamiento\/wp-content\/uploads\/2014\/10\/plan-relevo-empresa.webp",320,341,false],"thumbnail":["https:\/\/coria.org\/ayuntamiento\/wp-content\/uploads\/2014\/10\/plan-relevo-empresa-150x150.webp",150,150,true],"medium":["https:\/\/coria.org\/ayuntamiento\/wp-content\/uploads\/2014\/10\/plan-relevo-empresa.webp",320,341,false],"medium_large":["https:\/\/coria.org\/ayuntamiento\/wp-content\/uploads\/2014\/10\/plan-relevo-empresa.webp",320,341,false],"large":["https:\/\/coria.org\/ayuntamiento\/wp-content\/uploads\/2014\/10\/plan-relevo-empresa.webp",320,341,false],"thumblist":["https:\/\/coria.org\/ayuntamiento\/wp-content\/uploads\/2014\/10\/plan-relevo-empresa-300x300.webp",300,300,true],"thumbrelated":["https:\/\/coria.org\/ayuntamiento\/wp-content\/uploads\/2014\/10\/plan-relevo-empresa.webp",320,341,false],"meccarouselthumb":["https:\/\/coria.org\/ayuntamiento\/wp-content\/uploads\/2014\/10\/plan-relevo-empresa-320x324.webp",320,324,true],"gridsquare":["https:\/\/coria.org\/ayuntamiento\/wp-content\/uploads\/2014\/10\/plan-relevo-empresa-320x260.webp",320,260,true],"tileview":["https:\/\/coria.org\/ayuntamiento\/wp-content\/uploads\/2014\/10\/plan-relevo-empresa-300x341.webp",300,341,true],"1536x1536":["https:\/\/coria.org\/ayuntamiento\/wp-content\/uploads\/2014\/10\/plan-relevo-empresa.webp",320,341,false],"2048x2048":["https:\/\/coria.org\/ayuntamiento\/wp-content\/uploads\/2014\/10\/plan-relevo-empresa.webp",320,341,false]},"uagb_author_info":{"display_name":"ayuntamiento","author_link":"https:\/\/coria.org\/ayuntamiento\/index.php\/author\/ayuntamiento\/"},"uagb_comment_info":0,"uagb_excerpt":"El pr\u00f3ximo jueves 23 de octubre tendr\u00e1 lugar en Coria la jornada Sucesi\u00f3n y continuidad de la empresa familiar, para informar sobre la importancia de la planificaci\u00f3n del proceso de sucesi\u00f3n en la empresa familiar y ofrecer las claves para gestionar las sinergias entre la experiencia desarrollada por los fundadores y la ilusi\u00f3n de los&hellip;","_links":{"self":[{"href":"https:\/\/coria.org\/ayuntamiento\/index.php\/wp-json\/wp\/v2\/posts\/25810","targetHints":{"allow":["GET"]}}],"collection":[{"href":"https:\/\/coria.org\/ayuntamiento\/index.php\/wp-json\/wp\/v2\/posts"}],"about":[{"href":"https:\/\/coria.org\/ayuntamiento\/index.php\/wp-json\/wp\/v2\/types\/post"}],"author":[{"embeddable":true,"href":"https:\/\/coria.org\/ayuntamiento\/index.php\/wp-json\/wp\/v2\/users\/2"}],"replies":[{"embeddable":true,"href":"https:\/\/coria.org\/ayuntamiento\/index.php\/wp-json\/wp\/v2\/comments?post=25810"}],"version-history":[{"count":0,"href":"https:\/\/coria.org\/ayuntamiento\/index.php\/wp-json\/wp\/v2\/posts\/25810\/revisions"}],"wp:featuredmedia":[{"embeddable":true,"href":"https:\/\/coria.org\/ayuntamiento\/index.php\/wp-json\/wp\/v2\/media\/62929"}],"wp:attachment":[{"href":"https:\/\/coria.org\/ayuntamiento\/index.php\/wp-json\/wp\/v2\/media?parent=25810"}],"wp:term":[{"taxonomy":"category","embeddable":true,"href":"https:\/\/coria.org\/ayuntamiento\/index.php\/wp-json\/wp\/v2\/categories?post=25810"},{"taxonomy":"post_tag","embeddable":true,"href":"https:\/\/coria.org\/ayuntamiento\/index.php\/wp-json\/wp\/v2\/tags?post=25810"}],"curies":[{"name":"wp","href":"https:\/\/api.w.org\/{rel}","templated":true}]}}