{"id":25809,"date":"2014-10-23T00:00:00","date_gmt":"2014-10-23T00:00:00","guid":{"rendered":"https:\/\/ayuntamiento.coriaenimagenes.com\/el-alcalde-de-coria-presenta-el-proyecto-de-remodelacion-del-mercado-de-abastos\/"},"modified":"2023-09-18T12:39:43","modified_gmt":"2023-09-18T10:39:43","slug":"el-alcalde-de-coria-presenta-el-proyecto-de-remodelacion-del-mercado-de-abastos","status":"publish","type":"post","link":"https:\/\/coria.org\/ayuntamiento\/index.php\/2014\/10\/23\/el-alcalde-de-coria-presenta-el-proyecto-de-remodelacion-del-mercado-de-abastos\/","title":{"rendered":"El Alcalde de Coria presenta el proyecto de remodelaci\u00f3n del Mercado de Abastos"},"content":{"rendered":"\n<p><b>El Mercado Municipal de Abastos de Coria cambia de formato y estrategias comerciales.<\/b><\/p>\n\n<figure class=\"wp-block-post-featured-image\"><img loading=\"lazy\" decoding=\"async\" width=\"1587\" height=\"1122\" src=\"https:\/\/coria.org\/ayuntamiento\/wp-content\/uploads\/2014\/10\/Estado-reformado.png\" class=\"attachment-post-thumbnail size-post-thumbnail wp-post-image\" alt=\"\" style=\"object-fit:cover;\" srcset=\"https:\/\/coria.org\/ayuntamiento\/wp-content\/uploads\/2014\/10\/Estado-reformado.png 1587w, https:\/\/coria.org\/ayuntamiento\/wp-content\/uploads\/2014\/10\/Estado-reformado-300x212.png 300w, https:\/\/coria.org\/ayuntamiento\/wp-content\/uploads\/2014\/10\/Estado-reformado-1024x724.png 1024w, https:\/\/coria.org\/ayuntamiento\/wp-content\/uploads\/2014\/10\/Estado-reformado-768x543.png 768w, https:\/\/coria.org\/ayuntamiento\/wp-content\/uploads\/2014\/10\/Estado-reformado-1536x1086.png 1536w\" sizes=\"auto, (max-width: 1587px) 100vw, 1587px\" \/><\/figure>\n\n<p><\/p>\n\n\n<p><span style=\"font-family: verdana,arial,helvetica,sans-serif; font-size: small;\">El alcalde de Coria, Jos\u00e9 Manuel Garc\u00eda Ballestero, ha presentado el proyecto de remodelaci\u00f3n del Mercado Municipal de Abastos de Coria, con la intenci\u00f3n de incorporar nuevas oportunidades a Coria.<\/span><\/p>\n\n\n<p><span style=\"font-family: verdana,arial,helvetica,sans-serif; font-size: small;\">El detalle de las obras lo ha definido el ayuntamiento, ya que es el que mejor conoce las necesidades de la localidad, lo que supondr\u00e1 \u00abponer en valor ese espacio, adem\u00e1s de crear oportunidades de negocio y generaci\u00f3n de empleo\u00bb, seg\u00fan manifest\u00f3 el primer edil.<\/span><\/p>\n\n\n<p><span style=\"font-family: verdana,arial,helvetica,sans-serif; font-size: small;\">Ser\u00e1 un mercado \u00abadaptado a los nuevos tiempos\u00bb y contar\u00e1 con quince puestos para ofrecer especialmente productos frescos, dando especial cabida a los producidos de Coria y comarca, degustaci\u00f3n de los mismos in situ, as\u00ed como de artesan\u00eda t\u00edpica de nuestros pueblos cercanos.<\/span><\/p>\n\n\n<p><span style=\"font-family: verdana,arial,helvetica,sans-serif; font-size: small;\">Un mercado municipal competitivo que supone un beneficio para los consumidores y los ciudadanos, facilitando el acceso a una mayor oferta de productos, donde comparar alternativas de compras y lo que supondr\u00e1 un ahorro importante en cuanto a tiempo y coste de desplazamiento.<\/span><\/p>\n\n\n<p><span style=\"font-family: verdana,arial,helvetica,sans-serif; font-size: small;\">Seg\u00fan dijo Garc\u00eda Ballestero, \u00abeste proyecto de reorientaci\u00f3n del mercado de Coria representa una apuesta por el desarrollo del concepto de experiencia de compra, que pasa por la remodelaci\u00f3n con criterios de accesibilidad, exterior e interior, las entradas, la disposici\u00f3n de las vitrinas, mezcla comercial de puestos y paradas, incorporaci\u00f3n de elementos de comunicaci\u00f3n visual y sonoro de los puntos de ventas, la se\u00f1al\u00e9tica y la comunicaci\u00f3n, los elementos de ambientaci\u00f3n, organizaci\u00f3n de eventos y la propia configuraci\u00f3n de los puestos de venta, adem\u00e1s de presencia en las redes sociales, muy importantes en los tiempos en los que estamos, ya que son un escaparate hacia los ciudadanos de Coria como a todos aquellos turistas que nos visiten\u00bb.<\/span><\/p>\n\n\n<p><span style=\"font-family: verdana,arial,helvetica,sans-serif; font-size: small;\">Este mercado ser\u00e1 un lugar de encuentro donde hacer la compra, degustar productos, adquirir la artesan\u00eda de nuestras comarcas y conocer sus t\u00e9cnicas de elaboraci\u00f3n, o simplemente pasear y tomar algo.<br \/><\/span><\/p>\n","protected":false},"excerpt":{"rendered":"<p>El Mercado Municipal de Abastos de Coria cambia de formato y estrategias comerciales. El alcalde de Coria, Jos\u00e9 Manuel Garc\u00eda Ballestero, ha presentado el proyecto de remodelaci\u00f3n del Mercado Municipal de Abastos de Coria, con la intenci\u00f3n de incorporar nuevas oportunidades a Coria. El detalle de las obras lo ha definido el ayuntamiento, ya que [&hellip;]<\/p>\n","protected":false},"author":2,"featured_media":30975,"comment_status":"closed","ping_status":"closed","sticky":false,"template":"","format":"standard","meta":{"_uag_custom_page_level_css":"","footnotes":""},"categories":[2],"tags":[3,4],"class_list":["post-25809","post","type-post","status-publish","format-standard","has-post-thumbnail","hentry","category-noticias","tag-coria","tag-extremadura"],"yoast_head":"<!-- This site is optimized with the Yoast SEO plugin v27.4 - https:\/\/yoast.com\/product\/yoast-seo-wordpress\/ -->\n<title>El Alcalde de Coria presenta el proyecto de remodelaci\u00f3n del Mercado de Abastos - Ayuntamiento de Coria<\/title>\n<meta name=\"robots\" content=\"index, follow, max-snippet:-1, max-image-preview:large, max-video-preview:-1\" \/>\n<link rel=\"canonical\" href=\"https:\/\/coria.org\/ayuntamiento\/index.php\/2014\/10\/23\/el-alcalde-de-coria-presenta-el-proyecto-de-remodelacion-del-mercado-de-abastos\/\" \/>\n<meta property=\"og:locale\" content=\"es_ES\" \/>\n<meta property=\"og:type\" content=\"article\" \/>\n<meta property=\"og:title\" content=\"El Alcalde de Coria presenta el proyecto de remodelaci\u00f3n del Mercado de Abastos - Ayuntamiento de Coria\" \/>\n<meta property=\"og:description\" content=\"El Mercado Municipal de Abastos de Coria cambia de formato y estrategias comerciales. El alcalde de Coria, Jos\u00e9 Manuel Garc\u00eda Ballestero, ha presentado el proyecto de remodelaci\u00f3n del Mercado Municipal de Abastos de Coria, con la intenci\u00f3n de incorporar nuevas oportunidades a Coria. El detalle de las obras lo ha definido el ayuntamiento, ya que [&hellip;]\" \/>\n<meta property=\"og:url\" content=\"https:\/\/coria.org\/ayuntamiento\/index.php\/2014\/10\/23\/el-alcalde-de-coria-presenta-el-proyecto-de-remodelacion-del-mercado-de-abastos\/\" \/>\n<meta property=\"og:site_name\" content=\"Ayuntamiento de Coria\" \/>\n<meta property=\"article:publisher\" content=\"https:\/\/www.facebook.com\/Ayuntamiento.de.Coria\" \/>\n<meta property=\"article:published_time\" content=\"2014-10-23T00:00:00+00:00\" \/>\n<meta property=\"article:modified_time\" content=\"2023-09-18T10:39:43+00:00\" \/>\n<meta property=\"og:image\" content=\"https:\/\/coria.org\/ayuntamiento\/wp-content\/uploads\/2014\/10\/Estado-reformado.png\" \/>\n\t<meta property=\"og:image:width\" content=\"1587\" \/>\n\t<meta property=\"og:image:height\" content=\"1122\" \/>\n\t<meta property=\"og:image:type\" content=\"image\/png\" \/>\n<meta name=\"author\" content=\"ayuntamiento\" \/>\n<meta name=\"twitter:card\" content=\"summary_large_image\" \/>\n<meta name=\"twitter:creator\" content=\"@Ayto_de_Coria\" \/>\n<meta name=\"twitter:site\" content=\"@Ayto_de_Coria\" \/>\n<meta name=\"twitter:label1\" content=\"Escrito por\" \/>\n\t<meta name=\"twitter:data1\" content=\"ayuntamiento\" \/>\n\t<meta name=\"twitter:label2\" content=\"Tiempo de lectura\" \/>\n\t<meta name=\"twitter:data2\" content=\"2 minutos\" \/>\n<script type=\"application\/ld+json\" class=\"yoast-schema-graph\">{\"@context\":\"https:\\\/\\\/schema.org\",\"@graph\":[{\"@type\":\"Article\",\"@id\":\"https:\\\/\\\/coria.org\\\/ayuntamiento\\\/index.php\\\/2014\\\/10\\\/23\\\/el-alcalde-de-coria-presenta-el-proyecto-de-remodelacion-del-mercado-de-abastos\\\/#article\",\"isPartOf\":{\"@id\":\"https:\\\/\\\/coria.org\\\/ayuntamiento\\\/index.php\\\/2014\\\/10\\\/23\\\/el-alcalde-de-coria-presenta-el-proyecto-de-remodelacion-del-mercado-de-abastos\\\/\"},\"author\":{\"name\":\"ayuntamiento\",\"@id\":\"https:\\\/\\\/coria.org\\\/ayuntamiento\\\/#\\\/schema\\\/person\\\/8bd589f0e13e8ae5aa06def7a599d622\"},\"headline\":\"El Alcalde de Coria presenta el proyecto de remodelaci\u00f3n del Mercado de Abastos\",\"datePublished\":\"2014-10-23T00:00:00+00:00\",\"dateModified\":\"2023-09-18T10:39:43+00:00\",\"mainEntityOfPage\":{\"@id\":\"https:\\\/\\\/coria.org\\\/ayuntamiento\\\/index.php\\\/2014\\\/10\\\/23\\\/el-alcalde-de-coria-presenta-el-proyecto-de-remodelacion-del-mercado-de-abastos\\\/\"},\"wordCount\":362,\"publisher\":{\"@id\":\"https:\\\/\\\/coria.org\\\/ayuntamiento\\\/#organization\"},\"image\":{\"@id\":\"https:\\\/\\\/coria.org\\\/ayuntamiento\\\/index.php\\\/2014\\\/10\\\/23\\\/el-alcalde-de-coria-presenta-el-proyecto-de-remodelacion-del-mercado-de-abastos\\\/#primaryimage\"},\"thumbnailUrl\":\"https:\\\/\\\/coria.org\\\/ayuntamiento\\\/wp-content\\\/uploads\\\/2014\\\/10\\\/Estado-reformado.png\",\"keywords\":[\"coria\",\"extremadura\"],\"articleSection\":[\"Noticias\"],\"inLanguage\":\"es\"},{\"@type\":\"WebPage\",\"@id\":\"https:\\\/\\\/coria.org\\\/ayuntamiento\\\/index.php\\\/2014\\\/10\\\/23\\\/el-alcalde-de-coria-presenta-el-proyecto-de-remodelacion-del-mercado-de-abastos\\\/\",\"url\":\"https:\\\/\\\/coria.org\\\/ayuntamiento\\\/index.php\\\/2014\\\/10\\\/23\\\/el-alcalde-de-coria-presenta-el-proyecto-de-remodelacion-del-mercado-de-abastos\\\/\",\"name\":\"El Alcalde de Coria presenta el proyecto de remodelaci\u00f3n del Mercado de Abastos - Ayuntamiento de Coria\",\"isPartOf\":{\"@id\":\"https:\\\/\\\/coria.org\\\/ayuntamiento\\\/#website\"},\"primaryImageOfPage\":{\"@id\":\"https:\\\/\\\/coria.org\\\/ayuntamiento\\\/index.php\\\/2014\\\/10\\\/23\\\/el-alcalde-de-coria-presenta-el-proyecto-de-remodelacion-del-mercado-de-abastos\\\/#primaryimage\"},\"image\":{\"@id\":\"https:\\\/\\\/coria.org\\\/ayuntamiento\\\/index.php\\\/2014\\\/10\\\/23\\\/el-alcalde-de-coria-presenta-el-proyecto-de-remodelacion-del-mercado-de-abastos\\\/#primaryimage\"},\"thumbnailUrl\":\"https:\\\/\\\/coria.org\\\/ayuntamiento\\\/wp-content\\\/uploads\\\/2014\\\/10\\\/Estado-reformado.png\",\"datePublished\":\"2014-10-23T00:00:00+00:00\",\"dateModified\":\"2023-09-18T10:39:43+00:00\",\"breadcrumb\":{\"@id\":\"https:\\\/\\\/coria.org\\\/ayuntamiento\\\/index.php\\\/2014\\\/10\\\/23\\\/el-alcalde-de-coria-presenta-el-proyecto-de-remodelacion-del-mercado-de-abastos\\\/#breadcrumb\"},\"inLanguage\":\"es\",\"potentialAction\":[{\"@type\":\"ReadAction\",\"target\":[\"https:\\\/\\\/coria.org\\\/ayuntamiento\\\/index.php\\\/2014\\\/10\\\/23\\\/el-alcalde-de-coria-presenta-el-proyecto-de-remodelacion-del-mercado-de-abastos\\\/\"]}]},{\"@type\":\"ImageObject\",\"inLanguage\":\"es\",\"@id\":\"https:\\\/\\\/coria.org\\\/ayuntamiento\\\/index.php\\\/2014\\\/10\\\/23\\\/el-alcalde-de-coria-presenta-el-proyecto-de-remodelacion-del-mercado-de-abastos\\\/#primaryimage\",\"url\":\"https:\\\/\\\/coria.org\\\/ayuntamiento\\\/wp-content\\\/uploads\\\/2014\\\/10\\\/Estado-reformado.png\",\"contentUrl\":\"https:\\\/\\\/coria.org\\\/ayuntamiento\\\/wp-content\\\/uploads\\\/2014\\\/10\\\/Estado-reformado.png\",\"width\":1587,\"height\":1122},{\"@type\":\"BreadcrumbList\",\"@id\":\"https:\\\/\\\/coria.org\\\/ayuntamiento\\\/index.php\\\/2014\\\/10\\\/23\\\/el-alcalde-de-coria-presenta-el-proyecto-de-remodelacion-del-mercado-de-abastos\\\/#breadcrumb\",\"itemListElement\":[{\"@type\":\"ListItem\",\"position\":1,\"name\":\"Inicio\",\"item\":\"https:\\\/\\\/coria.org\\\/ayuntamiento\\\/\"},{\"@type\":\"ListItem\",\"position\":2,\"name\":\"El Alcalde de Coria presenta el proyecto de remodelaci\u00f3n del Mercado de Abastos\"}]},{\"@type\":\"WebSite\",\"@id\":\"https:\\\/\\\/coria.org\\\/ayuntamiento\\\/#website\",\"url\":\"https:\\\/\\\/coria.org\\\/ayuntamiento\\\/\",\"name\":\"Ayuntamiento de Coria\",\"description\":\"Web oficial del Ayuntamiento de Coria\",\"publisher\":{\"@id\":\"https:\\\/\\\/coria.org\\\/ayuntamiento\\\/#organization\"},\"alternateName\":\"Web Oficial del Ayuntamiento de Coria\",\"potentialAction\":[{\"@type\":\"SearchAction\",\"target\":{\"@type\":\"EntryPoint\",\"urlTemplate\":\"https:\\\/\\\/coria.org\\\/ayuntamiento\\\/?s={search_term_string}\"},\"query-input\":{\"@type\":\"PropertyValueSpecification\",\"valueRequired\":true,\"valueName\":\"search_term_string\"}}],\"inLanguage\":\"es\"},{\"@type\":\"Organization\",\"@id\":\"https:\\\/\\\/coria.org\\\/ayuntamiento\\\/#organization\",\"name\":\"Ayuntamiento de Coria\",\"alternateName\":\"Ayto de Coria\",\"url\":\"https:\\\/\\\/coria.org\\\/ayuntamiento\\\/\",\"logo\":{\"@type\":\"ImageObject\",\"inLanguage\":\"es\",\"@id\":\"https:\\\/\\\/coria.org\\\/ayuntamiento\\\/#\\\/schema\\\/logo\\\/image\\\/\",\"url\":\"https:\\\/\\\/coria.org\\\/ayuntamiento\\\/wp-content\\\/uploads\\\/2020\\\/12\\\/escudo-ayuntamiento-coria.png\",\"contentUrl\":\"https:\\\/\\\/coria.org\\\/ayuntamiento\\\/wp-content\\\/uploads\\\/2020\\\/12\\\/escudo-ayuntamiento-coria.png\",\"width\":511,\"height\":240,\"caption\":\"Ayuntamiento de Coria\"},\"image\":{\"@id\":\"https:\\\/\\\/coria.org\\\/ayuntamiento\\\/#\\\/schema\\\/logo\\\/image\\\/\"},\"sameAs\":[\"https:\\\/\\\/www.facebook.com\\\/Ayuntamiento.de.Coria\",\"https:\\\/\\\/x.com\\\/Ayto_de_Coria\",\"https:\\\/\\\/www.instagram.com\\\/coria.ayuntamiento\\\/\",\"https:\\\/\\\/www.youtube.com\\\/user\\\/AYUNTAMIENTOCORIA\"]},{\"@type\":\"Person\",\"@id\":\"https:\\\/\\\/coria.org\\\/ayuntamiento\\\/#\\\/schema\\\/person\\\/8bd589f0e13e8ae5aa06def7a599d622\",\"name\":\"ayuntamiento\",\"image\":{\"@type\":\"ImageObject\",\"inLanguage\":\"es\",\"@id\":\"https:\\\/\\\/secure.gravatar.com\\\/avatar\\\/966e5ed73cad334adda5c87f49f2547f7082f7292c1b627cbb548744383b391c?s=96&d=mm&r=g\",\"url\":\"https:\\\/\\\/secure.gravatar.com\\\/avatar\\\/966e5ed73cad334adda5c87f49f2547f7082f7292c1b627cbb548744383b391c?s=96&d=mm&r=g\",\"contentUrl\":\"https:\\\/\\\/secure.gravatar.com\\\/avatar\\\/966e5ed73cad334adda5c87f49f2547f7082f7292c1b627cbb548744383b391c?s=96&d=mm&r=g\",\"caption\":\"ayuntamiento\"}}]}<\/script>\n<!-- \/ Yoast SEO plugin. -->","yoast_head_json":{"title":"El Alcalde de Coria presenta el proyecto de remodelaci\u00f3n del Mercado de Abastos - Ayuntamiento de Coria","robots":{"index":"index","follow":"follow","max-snippet":"max-snippet:-1","max-image-preview":"max-image-preview:large","max-video-preview":"max-video-preview:-1"},"canonical":"https:\/\/coria.org\/ayuntamiento\/index.php\/2014\/10\/23\/el-alcalde-de-coria-presenta-el-proyecto-de-remodelacion-del-mercado-de-abastos\/","og_locale":"es_ES","og_type":"article","og_title":"El Alcalde de Coria presenta el proyecto de remodelaci\u00f3n del Mercado de Abastos - Ayuntamiento de Coria","og_description":"El Mercado Municipal de Abastos de Coria cambia de formato y estrategias comerciales. El alcalde de Coria, Jos\u00e9 Manuel Garc\u00eda Ballestero, ha presentado el proyecto de remodelaci\u00f3n del Mercado Municipal de Abastos de Coria, con la intenci\u00f3n de incorporar nuevas oportunidades a Coria. El detalle de las obras lo ha definido el ayuntamiento, ya que [&hellip;]","og_url":"https:\/\/coria.org\/ayuntamiento\/index.php\/2014\/10\/23\/el-alcalde-de-coria-presenta-el-proyecto-de-remodelacion-del-mercado-de-abastos\/","og_site_name":"Ayuntamiento de Coria","article_publisher":"https:\/\/www.facebook.com\/Ayuntamiento.de.Coria","article_published_time":"2014-10-23T00:00:00+00:00","article_modified_time":"2023-09-18T10:39:43+00:00","og_image":[{"width":1587,"height":1122,"url":"https:\/\/coria.org\/ayuntamiento\/wp-content\/uploads\/2014\/10\/Estado-reformado.png","type":"image\/png"}],"author":"ayuntamiento","twitter_card":"summary_large_image","twitter_creator":"@Ayto_de_Coria","twitter_site":"@Ayto_de_Coria","twitter_misc":{"Escrito por":"ayuntamiento","Tiempo de lectura":"2 minutos"},"schema":{"@context":"https:\/\/schema.org","@graph":[{"@type":"Article","@id":"https:\/\/coria.org\/ayuntamiento\/index.php\/2014\/10\/23\/el-alcalde-de-coria-presenta-el-proyecto-de-remodelacion-del-mercado-de-abastos\/#article","isPartOf":{"@id":"https:\/\/coria.org\/ayuntamiento\/index.php\/2014\/10\/23\/el-alcalde-de-coria-presenta-el-proyecto-de-remodelacion-del-mercado-de-abastos\/"},"author":{"name":"ayuntamiento","@id":"https:\/\/coria.org\/ayuntamiento\/#\/schema\/person\/8bd589f0e13e8ae5aa06def7a599d622"},"headline":"El Alcalde de Coria presenta el proyecto de remodelaci\u00f3n del Mercado de Abastos","datePublished":"2014-10-23T00:00:00+00:00","dateModified":"2023-09-18T10:39:43+00:00","mainEntityOfPage":{"@id":"https:\/\/coria.org\/ayuntamiento\/index.php\/2014\/10\/23\/el-alcalde-de-coria-presenta-el-proyecto-de-remodelacion-del-mercado-de-abastos\/"},"wordCount":362,"publisher":{"@id":"https:\/\/coria.org\/ayuntamiento\/#organization"},"image":{"@id":"https:\/\/coria.org\/ayuntamiento\/index.php\/2014\/10\/23\/el-alcalde-de-coria-presenta-el-proyecto-de-remodelacion-del-mercado-de-abastos\/#primaryimage"},"thumbnailUrl":"https:\/\/coria.org\/ayuntamiento\/wp-content\/uploads\/2014\/10\/Estado-reformado.png","keywords":["coria","extremadura"],"articleSection":["Noticias"],"inLanguage":"es"},{"@type":"WebPage","@id":"https:\/\/coria.org\/ayuntamiento\/index.php\/2014\/10\/23\/el-alcalde-de-coria-presenta-el-proyecto-de-remodelacion-del-mercado-de-abastos\/","url":"https:\/\/coria.org\/ayuntamiento\/index.php\/2014\/10\/23\/el-alcalde-de-coria-presenta-el-proyecto-de-remodelacion-del-mercado-de-abastos\/","name":"El Alcalde de Coria presenta el proyecto de remodelaci\u00f3n del Mercado de Abastos - Ayuntamiento de Coria","isPartOf":{"@id":"https:\/\/coria.org\/ayuntamiento\/#website"},"primaryImageOfPage":{"@id":"https:\/\/coria.org\/ayuntamiento\/index.php\/2014\/10\/23\/el-alcalde-de-coria-presenta-el-proyecto-de-remodelacion-del-mercado-de-abastos\/#primaryimage"},"image":{"@id":"https:\/\/coria.org\/ayuntamiento\/index.php\/2014\/10\/23\/el-alcalde-de-coria-presenta-el-proyecto-de-remodelacion-del-mercado-de-abastos\/#primaryimage"},"thumbnailUrl":"https:\/\/coria.org\/ayuntamiento\/wp-content\/uploads\/2014\/10\/Estado-reformado.png","datePublished":"2014-10-23T00:00:00+00:00","dateModified":"2023-09-18T10:39:43+00:00","breadcrumb":{"@id":"https:\/\/coria.org\/ayuntamiento\/index.php\/2014\/10\/23\/el-alcalde-de-coria-presenta-el-proyecto-de-remodelacion-del-mercado-de-abastos\/#breadcrumb"},"inLanguage":"es","potentialAction":[{"@type":"ReadAction","target":["https:\/\/coria.org\/ayuntamiento\/index.php\/2014\/10\/23\/el-alcalde-de-coria-presenta-el-proyecto-de-remodelacion-del-mercado-de-abastos\/"]}]},{"@type":"ImageObject","inLanguage":"es","@id":"https:\/\/coria.org\/ayuntamiento\/index.php\/2014\/10\/23\/el-alcalde-de-coria-presenta-el-proyecto-de-remodelacion-del-mercado-de-abastos\/#primaryimage","url":"https:\/\/coria.org\/ayuntamiento\/wp-content\/uploads\/2014\/10\/Estado-reformado.png","contentUrl":"https:\/\/coria.org\/ayuntamiento\/wp-content\/uploads\/2014\/10\/Estado-reformado.png","width":1587,"height":1122},{"@type":"BreadcrumbList","@id":"https:\/\/coria.org\/ayuntamiento\/index.php\/2014\/10\/23\/el-alcalde-de-coria-presenta-el-proyecto-de-remodelacion-del-mercado-de-abastos\/#breadcrumb","itemListElement":[{"@type":"ListItem","position":1,"name":"Inicio","item":"https:\/\/coria.org\/ayuntamiento\/"},{"@type":"ListItem","position":2,"name":"El Alcalde de Coria presenta el proyecto de remodelaci\u00f3n del Mercado de Abastos"}]},{"@type":"WebSite","@id":"https:\/\/coria.org\/ayuntamiento\/#website","url":"https:\/\/coria.org\/ayuntamiento\/","name":"Ayuntamiento de Coria","description":"Web oficial del Ayuntamiento de Coria","publisher":{"@id":"https:\/\/coria.org\/ayuntamiento\/#organization"},"alternateName":"Web Oficial del Ayuntamiento de Coria","potentialAction":[{"@type":"SearchAction","target":{"@type":"EntryPoint","urlTemplate":"https:\/\/coria.org\/ayuntamiento\/?s={search_term_string}"},"query-input":{"@type":"PropertyValueSpecification","valueRequired":true,"valueName":"search_term_string"}}],"inLanguage":"es"},{"@type":"Organization","@id":"https:\/\/coria.org\/ayuntamiento\/#organization","name":"Ayuntamiento de Coria","alternateName":"Ayto de Coria","url":"https:\/\/coria.org\/ayuntamiento\/","logo":{"@type":"ImageObject","inLanguage":"es","@id":"https:\/\/coria.org\/ayuntamiento\/#\/schema\/logo\/image\/","url":"https:\/\/coria.org\/ayuntamiento\/wp-content\/uploads\/2020\/12\/escudo-ayuntamiento-coria.png","contentUrl":"https:\/\/coria.org\/ayuntamiento\/wp-content\/uploads\/2020\/12\/escudo-ayuntamiento-coria.png","width":511,"height":240,"caption":"Ayuntamiento de Coria"},"image":{"@id":"https:\/\/coria.org\/ayuntamiento\/#\/schema\/logo\/image\/"},"sameAs":["https:\/\/www.facebook.com\/Ayuntamiento.de.Coria","https:\/\/x.com\/Ayto_de_Coria","https:\/\/www.instagram.com\/coria.ayuntamiento\/","https:\/\/www.youtube.com\/user\/AYUNTAMIENTOCORIA"]},{"@type":"Person","@id":"https:\/\/coria.org\/ayuntamiento\/#\/schema\/person\/8bd589f0e13e8ae5aa06def7a599d622","name":"ayuntamiento","image":{"@type":"ImageObject","inLanguage":"es","@id":"https:\/\/secure.gravatar.com\/avatar\/966e5ed73cad334adda5c87f49f2547f7082f7292c1b627cbb548744383b391c?s=96&d=mm&r=g","url":"https:\/\/secure.gravatar.com\/avatar\/966e5ed73cad334adda5c87f49f2547f7082f7292c1b627cbb548744383b391c?s=96&d=mm&r=g","contentUrl":"https:\/\/secure.gravatar.com\/avatar\/966e5ed73cad334adda5c87f49f2547f7082f7292c1b627cbb548744383b391c?s=96&d=mm&r=g","caption":"ayuntamiento"}}]}},"uagb_featured_image_src":{"full":["https:\/\/coria.org\/ayuntamiento\/wp-content\/uploads\/2014\/10\/Estado-reformado.png",1587,1122,false],"thumbnail":["https:\/\/coria.org\/ayuntamiento\/wp-content\/uploads\/2014\/10\/Estado-reformado-150x150.png",150,150,true],"medium":["https:\/\/coria.org\/ayuntamiento\/wp-content\/uploads\/2014\/10\/Estado-reformado-300x212.png",300,212,true],"medium_large":["https:\/\/coria.org\/ayuntamiento\/wp-content\/uploads\/2014\/10\/Estado-reformado-768x543.png",768,543,true],"large":["https:\/\/coria.org\/ayuntamiento\/wp-content\/uploads\/2014\/10\/Estado-reformado-1024x724.png",1024,724,true],"thumblist":["https:\/\/coria.org\/ayuntamiento\/wp-content\/uploads\/2014\/10\/Estado-reformado.png",300,212,false],"thumbrelated":["https:\/\/coria.org\/ayuntamiento\/wp-content\/uploads\/2014\/10\/Estado-reformado.png",500,353,false],"meccarouselthumb":["https:\/\/coria.org\/ayuntamiento\/wp-content\/uploads\/2014\/10\/Estado-reformado.png",458,324,false],"gridsquare":["https:\/\/coria.org\/ayuntamiento\/wp-content\/uploads\/2014\/10\/Estado-reformado.png",368,260,false],"tileview":["https:\/\/coria.org\/ayuntamiento\/wp-content\/uploads\/2014\/10\/Estado-reformado.png",300,212,false],"1536x1536":["https:\/\/coria.org\/ayuntamiento\/wp-content\/uploads\/2014\/10\/Estado-reformado-1536x1086.png",1536,1086,true],"2048x2048":["https:\/\/coria.org\/ayuntamiento\/wp-content\/uploads\/2014\/10\/Estado-reformado.png",1587,1122,false]},"uagb_author_info":{"display_name":"ayuntamiento","author_link":"https:\/\/coria.org\/ayuntamiento\/index.php\/author\/ayuntamiento\/"},"uagb_comment_info":0,"uagb_excerpt":"El Mercado Municipal de Abastos de Coria cambia de formato y estrategias comerciales. El alcalde de Coria, Jos\u00e9 Manuel Garc\u00eda Ballestero, ha presentado el proyecto de remodelaci\u00f3n del Mercado Municipal de Abastos de Coria, con la intenci\u00f3n de incorporar nuevas oportunidades a Coria. El detalle de las obras lo ha definido el ayuntamiento, ya que&hellip;","_links":{"self":[{"href":"https:\/\/coria.org\/ayuntamiento\/index.php\/wp-json\/wp\/v2\/posts\/25809","targetHints":{"allow":["GET"]}}],"collection":[{"href":"https:\/\/coria.org\/ayuntamiento\/index.php\/wp-json\/wp\/v2\/posts"}],"about":[{"href":"https:\/\/coria.org\/ayuntamiento\/index.php\/wp-json\/wp\/v2\/types\/post"}],"author":[{"embeddable":true,"href":"https:\/\/coria.org\/ayuntamiento\/index.php\/wp-json\/wp\/v2\/users\/2"}],"replies":[{"embeddable":true,"href":"https:\/\/coria.org\/ayuntamiento\/index.php\/wp-json\/wp\/v2\/comments?post=25809"}],"version-history":[{"count":0,"href":"https:\/\/coria.org\/ayuntamiento\/index.php\/wp-json\/wp\/v2\/posts\/25809\/revisions"}],"wp:featuredmedia":[{"embeddable":true,"href":"https:\/\/coria.org\/ayuntamiento\/index.php\/wp-json\/wp\/v2\/media\/30975"}],"wp:attachment":[{"href":"https:\/\/coria.org\/ayuntamiento\/index.php\/wp-json\/wp\/v2\/media?parent=25809"}],"wp:term":[{"taxonomy":"category","embeddable":true,"href":"https:\/\/coria.org\/ayuntamiento\/index.php\/wp-json\/wp\/v2\/categories?post=25809"},{"taxonomy":"post_tag","embeddable":true,"href":"https:\/\/coria.org\/ayuntamiento\/index.php\/wp-json\/wp\/v2\/tags?post=25809"}],"curies":[{"name":"wp","href":"https:\/\/api.w.org\/{rel}","templated":true}]}}