{"id":25779,"date":"2014-12-09T00:00:00","date_gmt":"2014-12-09T00:00:00","guid":{"rendered":"https:\/\/ayuntamiento.coriaenimagenes.com\/comienza-la-campana-de-navidad-del-comercio-local\/"},"modified":"2023-11-16T11:24:43","modified_gmt":"2023-11-16T10:24:43","slug":"comienza-la-campana-de-navidad-del-comercio-local","status":"publish","type":"post","link":"https:\/\/coria.org\/ayuntamiento\/index.php\/2014\/12\/09\/comienza-la-campana-de-navidad-del-comercio-local\/","title":{"rendered":"Comienza la Campa\u00f1a de Navidad del Comercio Local"},"content":{"rendered":"\n<p><b>Almudena Domingo, Concejal de Comercio del Ayuntamiento de Coria, junto al edil Pablo Enciso y al vicepresidente de Asecoc, Mario Alc\u00f3n, presentaron por cuarto a\u00f1o consecutivo la campa\u00f1a de navidad del comercio local bajo el lema \u00abComercio de Coria, Tu mejor compra\u00bb<\/b><\/p>\n\n<figure class=\"wp-block-post-featured-image\"><img loading=\"lazy\" decoding=\"async\" width=\"497\" height=\"280\" src=\"https:\/\/coria.org\/ayuntamiento\/wp-content\/uploads\/2014\/12\/foto.jpg\" class=\"attachment-post-thumbnail size-post-thumbnail wp-post-image\" alt=\"\" style=\"object-fit:cover;\" srcset=\"https:\/\/coria.org\/ayuntamiento\/wp-content\/uploads\/2014\/12\/foto.jpg 497w, https:\/\/coria.org\/ayuntamiento\/wp-content\/uploads\/2014\/12\/foto-300x169.jpg 300w\" sizes=\"auto, (max-width: 497px) 100vw, 497px\" \/><\/figure>\n\n<p><span style=\"font-family: verdana,arial,helvetica,sans-serif; font-size: small;\">La concejal de Comercio explic\u00f3 que el acto consist\u00eda en presentar la pr\u00f3xima campa\u00f1a de navidad que en esta ocasi\u00f3n lleva por t\u00edtulo \u00abComercio de Coria, la mejor compra\u00bb y que est\u00e1 organizada por el Ayuntamiento de Coria con la colaboraci\u00f3n de Asecoc. En esta campa\u00f1a 2014, dijo la concejala, presentamos a la familia del comercio local con el padre Juan, la madre Argeme y la hija Memita que da imagen a todo el comercio local. Se trata, dijo, de una campa\u00f1a muy atractiva donde se est\u00e1 cuidando mucho la imagen de campa\u00f1a, motivo por el cual agradeci\u00f3 a la Asociaci\u00f3n de Empresarios de Coria y Comarca (Asecoc) por su gran colaboraci\u00f3n con el comercio de Coria y a la mejor compra en este caso y, sobre todo, al gran esfuerzo que est\u00e1n haciendo los 103 establecimientos comerciales que en esta ocasi\u00f3n participan en la campa\u00f1a de Navidad.<\/span><\/p>\n\n\n<p>Esta campa\u00f1a, dijo, se abri\u00f3 el pasado d\u00eda 1 de diciembre en que los establecimientos ya abrieron sus puertas y entregando las tradicionales papeletas del sorteo de 5.000 euros, que en esta ocasi\u00f3n el agraciado tendr\u00e1 que gastar en 24 horas y cuyo sorteo tendr\u00e1 lugar coincidiendo con el sorteo del Ni\u00f1o, y de no aparecer el n\u00famero en el plazo previsto, se volver\u00e1 a sortear en el Ayuntamiento de Coria. En esta campa\u00f1a s\u00f3lo habr\u00e1 un solo premio destin\u00e1ndose el resto del dinero aportado por los comercios para otras actividades navide\u00f1as, como por ejemplo el tren tur\u00edstico que habr\u00e1 circulando por la ciudad durante la noche de compras.<\/p>\n\n\n<p><span style=\"font-family: verdana,arial,helvetica,sans-serif; font-size: small;\">En esta ocasi\u00f3n la iluminaci\u00f3n cuenta con algunas novedades, como es el caso del traslado del \u00e1rbol de navidad de la plaza de la Solidaridad a la plaza de la Paz, puesto que en la plaza de la Casa de la Cultura se ha instalado un Nacimiento a tama\u00f1o natural iluminado. Se ha reciclado, dijo, esta campa\u00f1a en iluminaci\u00f3n de bajo consumo, y se han reciclado tambi\u00e9n 50 motivos navide\u00f1os que est\u00e1n instalados en algunas de las calles de la zona comercial.<\/span><\/p>\n\n\n<p><span style=\"font-family: verdana,arial,helvetica,sans-serif; font-size: small;\">En estos d\u00edas se contar\u00e1 con un amplio programa cultural y deportivo. La noche de compras tendr\u00e1 lugar el pr\u00f3ximo d\u00eda 12 y todo el que lo desee podr\u00e1 disfrutar del Tren Tur\u00edstico. Seguir\u00e1 el tradicional concierto de Navidad a cargo de la Escuela Municipal de M\u00fasica en la Catedral el d\u00eda 17 a las 20 horas, adem\u00e1s de hinchables para los ni\u00f1os el d\u00eda 22 en la plaza de Granadilla, d\u00eda 23 en la plaza de la Casa de la Cultura y el d\u00eda 29 en la plaza del Convento. El mismo d\u00eda 29 a partir de las 11 horas habr\u00e1 Gymkana y juegos populares en el Pabell\u00f3n Municipal. El d\u00eda 26 en la Casa de la Cultura a partir de las 18.30 horas se representar\u00e1 la obra infantil \u00abPinocho y medio\u00bb y el d\u00eda 27 ser\u00e1 \u00abLa noche de los deseos\u00bb. La programaci\u00f3n continuar\u00e1 el d\u00eda 31 con Nochevieja Infantil, el d\u00eda 2 de enero con Zoo-Safari, el d\u00eda 5 con la tradicional Cabalgata de Reyes, el d\u00eda 6 con el sorteo de los 5.000 euros y con el fin de campa\u00f1a el 7 de enero.<\/span><\/p>\n\n\n<p><span style=\"font-family: verdana,arial,helvetica,sans-serif; font-size: small;\">El acto finaliz\u00f3 con la proyecci\u00f3n de un v\u00eddeo de la campa\u00f1a y grabaci\u00f3n de un villancico por parte del comercio para felicitar la Navidad a toda la ciudadan\u00eda.<br \/><\/span><\/p>\n\n\n<p><iframe loading=\"lazy\" src=\"http:\/\/www.youtube.com\/embed\/82AMfVJrzy0\" width=\"640\" height=\"480\" frameborder=\"0\"><\/iframe><\/p>\n","protected":false},"excerpt":{"rendered":"<p>Almudena Domingo, Concejal de Comercio del Ayuntamiento de Coria, junto al edil Pablo Enciso y al vicepresidente de Asecoc, Mario Alc\u00f3n, presentaron por cuarto a\u00f1o consecutivo la campa\u00f1a de navidad del comercio local bajo el lema \u00abComercio de Coria, Tu mejor compra\u00bb La concejal de Comercio explic\u00f3 que el acto consist\u00eda en presentar la pr\u00f3xima [&hellip;]<\/p>\n","protected":false},"author":2,"featured_media":30893,"comment_status":"closed","ping_status":"closed","sticky":false,"template":"","format":"standard","meta":{"_uag_custom_page_level_css":"","footnotes":""},"categories":[2],"tags":[3,4],"class_list":["post-25779","post","type-post","status-publish","format-standard","has-post-thumbnail","hentry","category-noticias","tag-coria","tag-extremadura"],"yoast_head":"<!-- This site is optimized with the Yoast SEO plugin v27.4 - https:\/\/yoast.com\/product\/yoast-seo-wordpress\/ -->\n<title>Comienza la Campa\u00f1a de Navidad del Comercio Local - Ayuntamiento de Coria<\/title>\n<meta name=\"robots\" content=\"index, follow, max-snippet:-1, max-image-preview:large, max-video-preview:-1\" \/>\n<link rel=\"canonical\" href=\"https:\/\/coria.org\/ayuntamiento\/index.php\/2014\/12\/09\/comienza-la-campana-de-navidad-del-comercio-local\/\" \/>\n<meta property=\"og:locale\" content=\"es_ES\" \/>\n<meta property=\"og:type\" content=\"article\" \/>\n<meta property=\"og:title\" content=\"Comienza la Campa\u00f1a de Navidad del Comercio Local - Ayuntamiento de Coria\" \/>\n<meta property=\"og:description\" content=\"Almudena Domingo, Concejal de Comercio del Ayuntamiento de Coria, junto al edil Pablo Enciso y al vicepresidente de Asecoc, Mario Alc\u00f3n, presentaron por cuarto a\u00f1o consecutivo la campa\u00f1a de navidad del comercio local bajo el lema \u00abComercio de Coria, Tu mejor compra\u00bb La concejal de Comercio explic\u00f3 que el acto consist\u00eda en presentar la pr\u00f3xima [&hellip;]\" \/>\n<meta property=\"og:url\" content=\"https:\/\/coria.org\/ayuntamiento\/index.php\/2014\/12\/09\/comienza-la-campana-de-navidad-del-comercio-local\/\" \/>\n<meta property=\"og:site_name\" content=\"Ayuntamiento de Coria\" \/>\n<meta property=\"article:publisher\" content=\"https:\/\/www.facebook.com\/Ayuntamiento.de.Coria\" \/>\n<meta property=\"article:published_time\" content=\"2014-12-09T00:00:00+00:00\" \/>\n<meta property=\"article:modified_time\" content=\"2023-11-16T10:24:43+00:00\" \/>\n<meta property=\"og:image\" content=\"https:\/\/coria.org\/ayuntamiento\/wp-content\/uploads\/2014\/12\/foto.jpg\" \/>\n\t<meta property=\"og:image:width\" content=\"497\" \/>\n\t<meta property=\"og:image:height\" content=\"280\" \/>\n\t<meta property=\"og:image:type\" content=\"image\/jpeg\" \/>\n<meta name=\"author\" content=\"ayuntamiento\" \/>\n<meta name=\"twitter:card\" content=\"summary_large_image\" \/>\n<meta name=\"twitter:creator\" content=\"@Ayto_de_Coria\" \/>\n<meta name=\"twitter:site\" content=\"@Ayto_de_Coria\" \/>\n<meta name=\"twitter:label1\" content=\"Escrito por\" \/>\n\t<meta name=\"twitter:data1\" content=\"ayuntamiento\" \/>\n\t<meta name=\"twitter:label2\" content=\"Tiempo de lectura\" \/>\n\t<meta name=\"twitter:data2\" content=\"3 minutos\" \/>\n<script type=\"application\/ld+json\" class=\"yoast-schema-graph\">{\"@context\":\"https:\\\/\\\/schema.org\",\"@graph\":[{\"@type\":\"Article\",\"@id\":\"https:\\\/\\\/coria.org\\\/ayuntamiento\\\/index.php\\\/2014\\\/12\\\/09\\\/comienza-la-campana-de-navidad-del-comercio-local\\\/#article\",\"isPartOf\":{\"@id\":\"https:\\\/\\\/coria.org\\\/ayuntamiento\\\/index.php\\\/2014\\\/12\\\/09\\\/comienza-la-campana-de-navidad-del-comercio-local\\\/\"},\"author\":{\"name\":\"ayuntamiento\",\"@id\":\"https:\\\/\\\/coria.org\\\/ayuntamiento\\\/#\\\/schema\\\/person\\\/8bd589f0e13e8ae5aa06def7a599d622\"},\"headline\":\"Comienza la Campa\u00f1a de Navidad del Comercio Local\",\"datePublished\":\"2014-12-09T00:00:00+00:00\",\"dateModified\":\"2023-11-16T10:24:43+00:00\",\"mainEntityOfPage\":{\"@id\":\"https:\\\/\\\/coria.org\\\/ayuntamiento\\\/index.php\\\/2014\\\/12\\\/09\\\/comienza-la-campana-de-navidad-del-comercio-local\\\/\"},\"wordCount\":645,\"publisher\":{\"@id\":\"https:\\\/\\\/coria.org\\\/ayuntamiento\\\/#organization\"},\"image\":{\"@id\":\"https:\\\/\\\/coria.org\\\/ayuntamiento\\\/index.php\\\/2014\\\/12\\\/09\\\/comienza-la-campana-de-navidad-del-comercio-local\\\/#primaryimage\"},\"thumbnailUrl\":\"https:\\\/\\\/coria.org\\\/ayuntamiento\\\/wp-content\\\/uploads\\\/2014\\\/12\\\/foto.jpg\",\"keywords\":[\"coria\",\"extremadura\"],\"articleSection\":[\"Noticias\"],\"inLanguage\":\"es\"},{\"@type\":\"WebPage\",\"@id\":\"https:\\\/\\\/coria.org\\\/ayuntamiento\\\/index.php\\\/2014\\\/12\\\/09\\\/comienza-la-campana-de-navidad-del-comercio-local\\\/\",\"url\":\"https:\\\/\\\/coria.org\\\/ayuntamiento\\\/index.php\\\/2014\\\/12\\\/09\\\/comienza-la-campana-de-navidad-del-comercio-local\\\/\",\"name\":\"Comienza la Campa\u00f1a de Navidad del Comercio Local - Ayuntamiento de Coria\",\"isPartOf\":{\"@id\":\"https:\\\/\\\/coria.org\\\/ayuntamiento\\\/#website\"},\"primaryImageOfPage\":{\"@id\":\"https:\\\/\\\/coria.org\\\/ayuntamiento\\\/index.php\\\/2014\\\/12\\\/09\\\/comienza-la-campana-de-navidad-del-comercio-local\\\/#primaryimage\"},\"image\":{\"@id\":\"https:\\\/\\\/coria.org\\\/ayuntamiento\\\/index.php\\\/2014\\\/12\\\/09\\\/comienza-la-campana-de-navidad-del-comercio-local\\\/#primaryimage\"},\"thumbnailUrl\":\"https:\\\/\\\/coria.org\\\/ayuntamiento\\\/wp-content\\\/uploads\\\/2014\\\/12\\\/foto.jpg\",\"datePublished\":\"2014-12-09T00:00:00+00:00\",\"dateModified\":\"2023-11-16T10:24:43+00:00\",\"breadcrumb\":{\"@id\":\"https:\\\/\\\/coria.org\\\/ayuntamiento\\\/index.php\\\/2014\\\/12\\\/09\\\/comienza-la-campana-de-navidad-del-comercio-local\\\/#breadcrumb\"},\"inLanguage\":\"es\",\"potentialAction\":[{\"@type\":\"ReadAction\",\"target\":[\"https:\\\/\\\/coria.org\\\/ayuntamiento\\\/index.php\\\/2014\\\/12\\\/09\\\/comienza-la-campana-de-navidad-del-comercio-local\\\/\"]}]},{\"@type\":\"ImageObject\",\"inLanguage\":\"es\",\"@id\":\"https:\\\/\\\/coria.org\\\/ayuntamiento\\\/index.php\\\/2014\\\/12\\\/09\\\/comienza-la-campana-de-navidad-del-comercio-local\\\/#primaryimage\",\"url\":\"https:\\\/\\\/coria.org\\\/ayuntamiento\\\/wp-content\\\/uploads\\\/2014\\\/12\\\/foto.jpg\",\"contentUrl\":\"https:\\\/\\\/coria.org\\\/ayuntamiento\\\/wp-content\\\/uploads\\\/2014\\\/12\\\/foto.jpg\",\"width\":497,\"height\":280},{\"@type\":\"BreadcrumbList\",\"@id\":\"https:\\\/\\\/coria.org\\\/ayuntamiento\\\/index.php\\\/2014\\\/12\\\/09\\\/comienza-la-campana-de-navidad-del-comercio-local\\\/#breadcrumb\",\"itemListElement\":[{\"@type\":\"ListItem\",\"position\":1,\"name\":\"Inicio\",\"item\":\"https:\\\/\\\/coria.org\\\/ayuntamiento\\\/\"},{\"@type\":\"ListItem\",\"position\":2,\"name\":\"Comienza la Campa\u00f1a de Navidad del Comercio Local\"}]},{\"@type\":\"WebSite\",\"@id\":\"https:\\\/\\\/coria.org\\\/ayuntamiento\\\/#website\",\"url\":\"https:\\\/\\\/coria.org\\\/ayuntamiento\\\/\",\"name\":\"Ayuntamiento de Coria\",\"description\":\"Web oficial del Ayuntamiento de Coria\",\"publisher\":{\"@id\":\"https:\\\/\\\/coria.org\\\/ayuntamiento\\\/#organization\"},\"alternateName\":\"Web Oficial del Ayuntamiento de Coria\",\"potentialAction\":[{\"@type\":\"SearchAction\",\"target\":{\"@type\":\"EntryPoint\",\"urlTemplate\":\"https:\\\/\\\/coria.org\\\/ayuntamiento\\\/?s={search_term_string}\"},\"query-input\":{\"@type\":\"PropertyValueSpecification\",\"valueRequired\":true,\"valueName\":\"search_term_string\"}}],\"inLanguage\":\"es\"},{\"@type\":\"Organization\",\"@id\":\"https:\\\/\\\/coria.org\\\/ayuntamiento\\\/#organization\",\"name\":\"Ayuntamiento de Coria\",\"alternateName\":\"Ayto de Coria\",\"url\":\"https:\\\/\\\/coria.org\\\/ayuntamiento\\\/\",\"logo\":{\"@type\":\"ImageObject\",\"inLanguage\":\"es\",\"@id\":\"https:\\\/\\\/coria.org\\\/ayuntamiento\\\/#\\\/schema\\\/logo\\\/image\\\/\",\"url\":\"https:\\\/\\\/coria.org\\\/ayuntamiento\\\/wp-content\\\/uploads\\\/2020\\\/12\\\/escudo-ayuntamiento-coria.png\",\"contentUrl\":\"https:\\\/\\\/coria.org\\\/ayuntamiento\\\/wp-content\\\/uploads\\\/2020\\\/12\\\/escudo-ayuntamiento-coria.png\",\"width\":511,\"height\":240,\"caption\":\"Ayuntamiento de Coria\"},\"image\":{\"@id\":\"https:\\\/\\\/coria.org\\\/ayuntamiento\\\/#\\\/schema\\\/logo\\\/image\\\/\"},\"sameAs\":[\"https:\\\/\\\/www.facebook.com\\\/Ayuntamiento.de.Coria\",\"https:\\\/\\\/x.com\\\/Ayto_de_Coria\",\"https:\\\/\\\/www.instagram.com\\\/coria.ayuntamiento\\\/\",\"https:\\\/\\\/www.youtube.com\\\/user\\\/AYUNTAMIENTOCORIA\"]},{\"@type\":\"Person\",\"@id\":\"https:\\\/\\\/coria.org\\\/ayuntamiento\\\/#\\\/schema\\\/person\\\/8bd589f0e13e8ae5aa06def7a599d622\",\"name\":\"ayuntamiento\",\"image\":{\"@type\":\"ImageObject\",\"inLanguage\":\"es\",\"@id\":\"https:\\\/\\\/secure.gravatar.com\\\/avatar\\\/966e5ed73cad334adda5c87f49f2547f7082f7292c1b627cbb548744383b391c?s=96&d=mm&r=g\",\"url\":\"https:\\\/\\\/secure.gravatar.com\\\/avatar\\\/966e5ed73cad334adda5c87f49f2547f7082f7292c1b627cbb548744383b391c?s=96&d=mm&r=g\",\"contentUrl\":\"https:\\\/\\\/secure.gravatar.com\\\/avatar\\\/966e5ed73cad334adda5c87f49f2547f7082f7292c1b627cbb548744383b391c?s=96&d=mm&r=g\",\"caption\":\"ayuntamiento\"}}]}<\/script>\n<!-- \/ Yoast SEO plugin. -->","yoast_head_json":{"title":"Comienza la Campa\u00f1a de Navidad del Comercio Local - Ayuntamiento de Coria","robots":{"index":"index","follow":"follow","max-snippet":"max-snippet:-1","max-image-preview":"max-image-preview:large","max-video-preview":"max-video-preview:-1"},"canonical":"https:\/\/coria.org\/ayuntamiento\/index.php\/2014\/12\/09\/comienza-la-campana-de-navidad-del-comercio-local\/","og_locale":"es_ES","og_type":"article","og_title":"Comienza la Campa\u00f1a de Navidad del Comercio Local - Ayuntamiento de Coria","og_description":"Almudena Domingo, Concejal de Comercio del Ayuntamiento de Coria, junto al edil Pablo Enciso y al vicepresidente de Asecoc, Mario Alc\u00f3n, presentaron por cuarto a\u00f1o consecutivo la campa\u00f1a de navidad del comercio local bajo el lema \u00abComercio de Coria, Tu mejor compra\u00bb La concejal de Comercio explic\u00f3 que el acto consist\u00eda en presentar la pr\u00f3xima [&hellip;]","og_url":"https:\/\/coria.org\/ayuntamiento\/index.php\/2014\/12\/09\/comienza-la-campana-de-navidad-del-comercio-local\/","og_site_name":"Ayuntamiento de Coria","article_publisher":"https:\/\/www.facebook.com\/Ayuntamiento.de.Coria","article_published_time":"2014-12-09T00:00:00+00:00","article_modified_time":"2023-11-16T10:24:43+00:00","og_image":[{"width":497,"height":280,"url":"https:\/\/coria.org\/ayuntamiento\/wp-content\/uploads\/2014\/12\/foto.jpg","type":"image\/jpeg"}],"author":"ayuntamiento","twitter_card":"summary_large_image","twitter_creator":"@Ayto_de_Coria","twitter_site":"@Ayto_de_Coria","twitter_misc":{"Escrito por":"ayuntamiento","Tiempo de lectura":"3 minutos"},"schema":{"@context":"https:\/\/schema.org","@graph":[{"@type":"Article","@id":"https:\/\/coria.org\/ayuntamiento\/index.php\/2014\/12\/09\/comienza-la-campana-de-navidad-del-comercio-local\/#article","isPartOf":{"@id":"https:\/\/coria.org\/ayuntamiento\/index.php\/2014\/12\/09\/comienza-la-campana-de-navidad-del-comercio-local\/"},"author":{"name":"ayuntamiento","@id":"https:\/\/coria.org\/ayuntamiento\/#\/schema\/person\/8bd589f0e13e8ae5aa06def7a599d622"},"headline":"Comienza la Campa\u00f1a de Navidad del Comercio Local","datePublished":"2014-12-09T00:00:00+00:00","dateModified":"2023-11-16T10:24:43+00:00","mainEntityOfPage":{"@id":"https:\/\/coria.org\/ayuntamiento\/index.php\/2014\/12\/09\/comienza-la-campana-de-navidad-del-comercio-local\/"},"wordCount":645,"publisher":{"@id":"https:\/\/coria.org\/ayuntamiento\/#organization"},"image":{"@id":"https:\/\/coria.org\/ayuntamiento\/index.php\/2014\/12\/09\/comienza-la-campana-de-navidad-del-comercio-local\/#primaryimage"},"thumbnailUrl":"https:\/\/coria.org\/ayuntamiento\/wp-content\/uploads\/2014\/12\/foto.jpg","keywords":["coria","extremadura"],"articleSection":["Noticias"],"inLanguage":"es"},{"@type":"WebPage","@id":"https:\/\/coria.org\/ayuntamiento\/index.php\/2014\/12\/09\/comienza-la-campana-de-navidad-del-comercio-local\/","url":"https:\/\/coria.org\/ayuntamiento\/index.php\/2014\/12\/09\/comienza-la-campana-de-navidad-del-comercio-local\/","name":"Comienza la Campa\u00f1a de Navidad del Comercio Local - Ayuntamiento de Coria","isPartOf":{"@id":"https:\/\/coria.org\/ayuntamiento\/#website"},"primaryImageOfPage":{"@id":"https:\/\/coria.org\/ayuntamiento\/index.php\/2014\/12\/09\/comienza-la-campana-de-navidad-del-comercio-local\/#primaryimage"},"image":{"@id":"https:\/\/coria.org\/ayuntamiento\/index.php\/2014\/12\/09\/comienza-la-campana-de-navidad-del-comercio-local\/#primaryimage"},"thumbnailUrl":"https:\/\/coria.org\/ayuntamiento\/wp-content\/uploads\/2014\/12\/foto.jpg","datePublished":"2014-12-09T00:00:00+00:00","dateModified":"2023-11-16T10:24:43+00:00","breadcrumb":{"@id":"https:\/\/coria.org\/ayuntamiento\/index.php\/2014\/12\/09\/comienza-la-campana-de-navidad-del-comercio-local\/#breadcrumb"},"inLanguage":"es","potentialAction":[{"@type":"ReadAction","target":["https:\/\/coria.org\/ayuntamiento\/index.php\/2014\/12\/09\/comienza-la-campana-de-navidad-del-comercio-local\/"]}]},{"@type":"ImageObject","inLanguage":"es","@id":"https:\/\/coria.org\/ayuntamiento\/index.php\/2014\/12\/09\/comienza-la-campana-de-navidad-del-comercio-local\/#primaryimage","url":"https:\/\/coria.org\/ayuntamiento\/wp-content\/uploads\/2014\/12\/foto.jpg","contentUrl":"https:\/\/coria.org\/ayuntamiento\/wp-content\/uploads\/2014\/12\/foto.jpg","width":497,"height":280},{"@type":"BreadcrumbList","@id":"https:\/\/coria.org\/ayuntamiento\/index.php\/2014\/12\/09\/comienza-la-campana-de-navidad-del-comercio-local\/#breadcrumb","itemListElement":[{"@type":"ListItem","position":1,"name":"Inicio","item":"https:\/\/coria.org\/ayuntamiento\/"},{"@type":"ListItem","position":2,"name":"Comienza la Campa\u00f1a de Navidad del Comercio Local"}]},{"@type":"WebSite","@id":"https:\/\/coria.org\/ayuntamiento\/#website","url":"https:\/\/coria.org\/ayuntamiento\/","name":"Ayuntamiento de Coria","description":"Web oficial del Ayuntamiento de Coria","publisher":{"@id":"https:\/\/coria.org\/ayuntamiento\/#organization"},"alternateName":"Web Oficial del Ayuntamiento de Coria","potentialAction":[{"@type":"SearchAction","target":{"@type":"EntryPoint","urlTemplate":"https:\/\/coria.org\/ayuntamiento\/?s={search_term_string}"},"query-input":{"@type":"PropertyValueSpecification","valueRequired":true,"valueName":"search_term_string"}}],"inLanguage":"es"},{"@type":"Organization","@id":"https:\/\/coria.org\/ayuntamiento\/#organization","name":"Ayuntamiento de Coria","alternateName":"Ayto de Coria","url":"https:\/\/coria.org\/ayuntamiento\/","logo":{"@type":"ImageObject","inLanguage":"es","@id":"https:\/\/coria.org\/ayuntamiento\/#\/schema\/logo\/image\/","url":"https:\/\/coria.org\/ayuntamiento\/wp-content\/uploads\/2020\/12\/escudo-ayuntamiento-coria.png","contentUrl":"https:\/\/coria.org\/ayuntamiento\/wp-content\/uploads\/2020\/12\/escudo-ayuntamiento-coria.png","width":511,"height":240,"caption":"Ayuntamiento de Coria"},"image":{"@id":"https:\/\/coria.org\/ayuntamiento\/#\/schema\/logo\/image\/"},"sameAs":["https:\/\/www.facebook.com\/Ayuntamiento.de.Coria","https:\/\/x.com\/Ayto_de_Coria","https:\/\/www.instagram.com\/coria.ayuntamiento\/","https:\/\/www.youtube.com\/user\/AYUNTAMIENTOCORIA"]},{"@type":"Person","@id":"https:\/\/coria.org\/ayuntamiento\/#\/schema\/person\/8bd589f0e13e8ae5aa06def7a599d622","name":"ayuntamiento","image":{"@type":"ImageObject","inLanguage":"es","@id":"https:\/\/secure.gravatar.com\/avatar\/966e5ed73cad334adda5c87f49f2547f7082f7292c1b627cbb548744383b391c?s=96&d=mm&r=g","url":"https:\/\/secure.gravatar.com\/avatar\/966e5ed73cad334adda5c87f49f2547f7082f7292c1b627cbb548744383b391c?s=96&d=mm&r=g","contentUrl":"https:\/\/secure.gravatar.com\/avatar\/966e5ed73cad334adda5c87f49f2547f7082f7292c1b627cbb548744383b391c?s=96&d=mm&r=g","caption":"ayuntamiento"}}]}},"uagb_featured_image_src":{"full":["https:\/\/coria.org\/ayuntamiento\/wp-content\/uploads\/2014\/12\/foto.jpg",497,280,false],"thumbnail":["https:\/\/coria.org\/ayuntamiento\/wp-content\/uploads\/2014\/12\/foto-150x150.jpg",150,150,true],"medium":["https:\/\/coria.org\/ayuntamiento\/wp-content\/uploads\/2014\/12\/foto-300x169.jpg",300,169,true],"medium_large":["https:\/\/coria.org\/ayuntamiento\/wp-content\/uploads\/2014\/12\/foto.jpg",497,280,false],"large":["https:\/\/coria.org\/ayuntamiento\/wp-content\/uploads\/2014\/12\/foto.jpg",497,280,false],"thumblist":["https:\/\/coria.org\/ayuntamiento\/wp-content\/uploads\/2014\/12\/foto.jpg",300,169,false],"thumbrelated":["https:\/\/coria.org\/ayuntamiento\/wp-content\/uploads\/2014\/12\/foto.jpg",497,280,false],"meccarouselthumb":["https:\/\/coria.org\/ayuntamiento\/wp-content\/uploads\/2014\/12\/foto.jpg",474,267,false],"gridsquare":["https:\/\/coria.org\/ayuntamiento\/wp-content\/uploads\/2014\/12\/foto.jpg",391,220,false],"tileview":["https:\/\/coria.org\/ayuntamiento\/wp-content\/uploads\/2014\/12\/foto.jpg",300,169,false],"1536x1536":["https:\/\/coria.org\/ayuntamiento\/wp-content\/uploads\/2014\/12\/foto.jpg",497,280,false],"2048x2048":["https:\/\/coria.org\/ayuntamiento\/wp-content\/uploads\/2014\/12\/foto.jpg",497,280,false]},"uagb_author_info":{"display_name":"ayuntamiento","author_link":"https:\/\/coria.org\/ayuntamiento\/index.php\/author\/ayuntamiento\/"},"uagb_comment_info":0,"uagb_excerpt":"Almudena Domingo, Concejal de Comercio del Ayuntamiento de Coria, junto al edil Pablo Enciso y al vicepresidente de Asecoc, Mario Alc\u00f3n, presentaron por cuarto a\u00f1o consecutivo la campa\u00f1a de navidad del comercio local bajo el lema \u00abComercio de Coria, Tu mejor compra\u00bb La concejal de Comercio explic\u00f3 que el acto consist\u00eda en presentar la pr\u00f3xima&hellip;","_links":{"self":[{"href":"https:\/\/coria.org\/ayuntamiento\/index.php\/wp-json\/wp\/v2\/posts\/25779","targetHints":{"allow":["GET"]}}],"collection":[{"href":"https:\/\/coria.org\/ayuntamiento\/index.php\/wp-json\/wp\/v2\/posts"}],"about":[{"href":"https:\/\/coria.org\/ayuntamiento\/index.php\/wp-json\/wp\/v2\/types\/post"}],"author":[{"embeddable":true,"href":"https:\/\/coria.org\/ayuntamiento\/index.php\/wp-json\/wp\/v2\/users\/2"}],"replies":[{"embeddable":true,"href":"https:\/\/coria.org\/ayuntamiento\/index.php\/wp-json\/wp\/v2\/comments?post=25779"}],"version-history":[{"count":0,"href":"https:\/\/coria.org\/ayuntamiento\/index.php\/wp-json\/wp\/v2\/posts\/25779\/revisions"}],"wp:featuredmedia":[{"embeddable":true,"href":"https:\/\/coria.org\/ayuntamiento\/index.php\/wp-json\/wp\/v2\/media\/30893"}],"wp:attachment":[{"href":"https:\/\/coria.org\/ayuntamiento\/index.php\/wp-json\/wp\/v2\/media?parent=25779"}],"wp:term":[{"taxonomy":"category","embeddable":true,"href":"https:\/\/coria.org\/ayuntamiento\/index.php\/wp-json\/wp\/v2\/categories?post=25779"},{"taxonomy":"post_tag","embeddable":true,"href":"https:\/\/coria.org\/ayuntamiento\/index.php\/wp-json\/wp\/v2\/tags?post=25779"}],"curies":[{"name":"wp","href":"https:\/\/api.w.org\/{rel}","templated":true}]}}