{"id":25777,"date":"2014-12-11T00:00:00","date_gmt":"2014-12-11T00:00:00","guid":{"rendered":"https:\/\/ayuntamiento.coriaenimagenes.com\/la-vicepresidenta-del-gobex-y-el-alcalde-de-coria-inauguran-la-nueva-biblioteca\/"},"modified":"2023-09-18T12:39:37","modified_gmt":"2023-09-18T10:39:37","slug":"la-vicepresidenta-del-gobex-y-el-alcalde-de-coria-inauguran-la-nueva-biblioteca","status":"publish","type":"post","link":"https:\/\/coria.org\/ayuntamiento\/index.php\/2014\/12\/11\/la-vicepresidenta-del-gobex-y-el-alcalde-de-coria-inauguran-la-nueva-biblioteca\/","title":{"rendered":"La Vicepresidenta del Gobex y el Alcalde de Coria inauguran la nueva Biblioteca"},"content":{"rendered":"\n<p><b>La vicepresidenta, portavoz y consejera de Econom\u00eda, Competitividad e Innovaci\u00f3n, Cristina Teniente, ha inaugurado junto al Alcalde de Coria, Jos\u00e9 Manuel Garc\u00eda Ballestero, Marisol Nue\u00f1ez, bibliotecaria, la nueva biblioteca municipal de Coria, ubicada en el \u00abemblem\u00e1tico edificio\u00bb de La Alh\u00f3ndiga, que ha sido recuperado gracias al trabajo de j\u00f3venes alumnos participantes en el proyecto @prendizext desarrollado en esta localidad.<\/b><\/p>\n\n<figure class=\"wp-block-post-featured-image\"><img loading=\"lazy\" decoding=\"async\" width=\"2560\" height=\"1707\" src=\"https:\/\/coria.org\/ayuntamiento\/wp-content\/uploads\/2014\/12\/IMG_5434-scaled.jpg\" class=\"attachment-post-thumbnail size-post-thumbnail wp-post-image\" alt=\"\" style=\"object-fit:cover;\" srcset=\"https:\/\/coria.org\/ayuntamiento\/wp-content\/uploads\/2014\/12\/IMG_5434-scaled.jpg 2560w, https:\/\/coria.org\/ayuntamiento\/wp-content\/uploads\/2014\/12\/IMG_5434-300x200.jpg 300w, https:\/\/coria.org\/ayuntamiento\/wp-content\/uploads\/2014\/12\/IMG_5434-1024x683.jpg 1024w, https:\/\/coria.org\/ayuntamiento\/wp-content\/uploads\/2014\/12\/IMG_5434-768x512.jpg 768w, https:\/\/coria.org\/ayuntamiento\/wp-content\/uploads\/2014\/12\/IMG_5434-1536x1024.jpg 1536w, https:\/\/coria.org\/ayuntamiento\/wp-content\/uploads\/2014\/12\/IMG_5434-2048x1365.jpg 2048w, https:\/\/coria.org\/ayuntamiento\/wp-content\/uploads\/2014\/12\/IMG_5434-1200x800.jpg 1200w\" sizes=\"auto, (max-width: 2560px) 100vw, 2560px\" \/><\/figure>\n\n<p><\/p>\n\n\n<p><span style=\"font-family: verdana,arial,helvetica,sans-serif; font-size: small;\">La bibliotecaria Municipal, Marisol N\u00fa\u00f1ez, describi\u00f3 el nuevo edificio, rehabilitado recientemente para uso exclusivo de este servicio, que cuenta con dos plantas conectadas por un ascensor, y diferentes salas en las que se ofrecen los mismos servicios que en el espacio de la Casa de la Cultura, como pr\u00e9stamos de libros, acceso a internet, sala de estudio, zona infantil, y otros.<\/span><\/p>\n\n\n<p><span style=\"font-family: verdana,arial,helvetica,sans-serif; font-size: small;\">Seguidamente el alcalde de Coria, Jos\u00e9 Manuel Garc\u00eda Ballestero, manifest\u00f3 que lo m\u00e1s importante en este proyecto es que se ha recuperado un edificio hist\u00f3rico de la ciudad, como es la Alh\u00f3ndiga para ubicar en \u00e9l una nueva Biblioteca que hac\u00eda much\u00edsima falta en Coria ya que en las antiguas instalaciones se quedaba peque\u00f1a. <br \/><\/span><span style=\"font-family: verdana,arial,helvetica,sans-serif; font-size: small;\"><br \/> Creo que es un acierto, dijo, pues las comentarios son muy positivos y de esta forma no s\u00f3lo recuperamos el edificio y hacemos una Biblioteca Municipal acorde con la ciudad, sino que tambi\u00e9n estamos revitalizando al casco hist\u00f3rico. \u00abSe trata de una decisi\u00f3n que se tom\u00f3 a principio de legislatura, y han sido fundamentalmente los alumnos de los talleres de empleo los art\u00edfices de gran parte de esta obra, siendo una muestra muy palpable de para qu\u00e9 sirve el dinero p\u00fablico y en qu\u00e9 se emplea\u00bb. El nombre de la Biblioteca se le ha dado a al escritor Premio Cervantes, muy vinculado con Coria don Rafael S\u00e1nchez Ferlosio, y finaliz\u00f3 diciendo que este edificio ubicado en el coraz\u00f3n de la ciudad antigua, la revitaliza y la pone en valor.<\/span><\/p>\n\n\n<p>La vicepresidenta del Gobierno de Extremadura, Cristina Teniente ha destacado que la nueva Biblioteca Municipal \u0091Rafael S\u00e1nchez Ferlosio\u0092 nace como nuevo centro para la cultura, el ocio y el estudio en un espacio p\u00fablico \u00abperfectamente equipado y adaptado\u00bb para el uso y beneficio de todos los caurienses.<\/p>\n\n\n<p>Asimismo, ha subrayado la importancia de la recuperaci\u00f3n de espacios de referencia en las ciudades y pueblos, como el edificio de La Alh\u00f3ndiga, que prestaba ya servicios a la ciudadan\u00eda hace m\u00e1s de cinco siglos, cuando era una antigua alh\u00f3ndiga \u00e1rabe, ha recordado.<\/p>\n\n\n<p>Con el tiempo lleg\u00f3 a servir de sede administrativa del antiguo consistorio y tambi\u00e9n tuvo funciones educativas, y ahora ha sido restaurado e incorporado de nuevo a la vida p\u00fablica de Coria, fruto del \u00abbuen trabajo\u00bb de j\u00f3venes alumnos del taller de empleo @prendizext que han trabajado en este proyecto.<\/p>\n\n\n<p>El resultado de este trabajo \u00abbrilla con luz propia\u00bb en esta reci\u00e9n estrenada biblioteca municipal \u00abm\u00e1s moderna, funcional y equipada\u00bb, ha se\u00f1alado Teniente, recalcando que este nuevo espacio \u00abcobra m\u00e1s valor si cabe para el Gobierno de Extremadura, no s\u00f3lo por haber sido una inversi\u00f3n productiva en el presente, sino porque ya es patrimonio de los ciudadanos y de la cultura, y como tal, se convierte en una inversi\u00f3n de futuro\u00bb.<br \/>Los j\u00f3venes que han realizado los trabajos de rehabilitaci\u00f3n del edificio durante el proyecto @prendicext han aprovechado la oportunidad de acceder al mercado laboral, form\u00e1ndose en la especialidad de Construcci\u00f3n Accesible en Zonas Urbanas.<\/p>\n\n\n<p><span style=\"font-family: verdana,arial,helvetica,sans-serif; font-size: small;\">\u00abCumplimos por tanto con ese objetivo que estamos defendiendo desde el Gobierno extreme\u00f1o que es la formaci\u00f3n profesional para el empleo, combinada con la ejecuci\u00f3n de obras y servicios de utilidad p\u00fablica e inter\u00e9s social\u00bb, ha se\u00f1alado la vicepresidenta.<\/span><\/p>\n\n\n<p><iframe loading=\"lazy\" src=\"http:\/\/www.youtube.com\/embed\/t4pbluj9TVs\" width=\"640\" height=\"480\" frameborder=\"0\"><\/iframe><\/p>\n","protected":false},"excerpt":{"rendered":"<p>La vicepresidenta, portavoz y consejera de Econom\u00eda, Competitividad e Innovaci\u00f3n, Cristina Teniente, ha inaugurado junto al Alcalde de Coria, Jos\u00e9 Manuel Garc\u00eda Ballestero, Marisol Nue\u00f1ez, bibliotecaria, la nueva biblioteca municipal de Coria, ubicada en el \u00abemblem\u00e1tico edificio\u00bb de La Alh\u00f3ndiga, que ha sido recuperado gracias al trabajo de j\u00f3venes alumnos participantes en el proyecto @prendizext [&hellip;]<\/p>\n","protected":false},"author":2,"featured_media":30891,"comment_status":"closed","ping_status":"closed","sticky":false,"template":"","format":"standard","meta":{"_uag_custom_page_level_css":"","footnotes":""},"categories":[2],"tags":[3,4],"class_list":["post-25777","post","type-post","status-publish","format-standard","has-post-thumbnail","hentry","category-noticias","tag-coria","tag-extremadura"],"yoast_head":"<!-- This site is optimized with the Yoast SEO plugin v27.4 - https:\/\/yoast.com\/product\/yoast-seo-wordpress\/ -->\n<title>La Vicepresidenta del Gobex y el Alcalde de Coria inauguran la nueva Biblioteca - Ayuntamiento de Coria<\/title>\n<meta name=\"robots\" content=\"index, follow, max-snippet:-1, max-image-preview:large, max-video-preview:-1\" \/>\n<link rel=\"canonical\" href=\"https:\/\/coria.org\/ayuntamiento\/index.php\/2014\/12\/11\/la-vicepresidenta-del-gobex-y-el-alcalde-de-coria-inauguran-la-nueva-biblioteca\/\" \/>\n<meta property=\"og:locale\" content=\"es_ES\" \/>\n<meta property=\"og:type\" content=\"article\" \/>\n<meta property=\"og:title\" content=\"La Vicepresidenta del Gobex y el Alcalde de Coria inauguran la nueva Biblioteca - Ayuntamiento de Coria\" \/>\n<meta property=\"og:description\" content=\"La vicepresidenta, portavoz y consejera de Econom\u00eda, Competitividad e Innovaci\u00f3n, Cristina Teniente, ha inaugurado junto al Alcalde de Coria, Jos\u00e9 Manuel Garc\u00eda Ballestero, Marisol Nue\u00f1ez, bibliotecaria, la nueva biblioteca municipal de Coria, ubicada en el \u00abemblem\u00e1tico edificio\u00bb de La Alh\u00f3ndiga, que ha sido recuperado gracias al trabajo de j\u00f3venes alumnos participantes en el proyecto @prendizext [&hellip;]\" \/>\n<meta property=\"og:url\" content=\"https:\/\/coria.org\/ayuntamiento\/index.php\/2014\/12\/11\/la-vicepresidenta-del-gobex-y-el-alcalde-de-coria-inauguran-la-nueva-biblioteca\/\" \/>\n<meta property=\"og:site_name\" content=\"Ayuntamiento de Coria\" \/>\n<meta property=\"article:publisher\" content=\"https:\/\/www.facebook.com\/Ayuntamiento.de.Coria\" \/>\n<meta property=\"article:published_time\" content=\"2014-12-11T00:00:00+00:00\" \/>\n<meta property=\"article:modified_time\" content=\"2023-09-18T10:39:37+00:00\" \/>\n<meta property=\"og:image\" content=\"https:\/\/coria.org\/ayuntamiento\/wp-content\/uploads\/2014\/12\/IMG_5434-scaled.jpg\" \/>\n\t<meta property=\"og:image:width\" content=\"2560\" \/>\n\t<meta property=\"og:image:height\" content=\"1707\" \/>\n\t<meta property=\"og:image:type\" content=\"image\/jpeg\" \/>\n<meta name=\"author\" content=\"ayuntamiento\" \/>\n<meta name=\"twitter:card\" content=\"summary_large_image\" \/>\n<meta name=\"twitter:creator\" content=\"@Ayto_de_Coria\" \/>\n<meta name=\"twitter:site\" content=\"@Ayto_de_Coria\" \/>\n<meta name=\"twitter:label1\" content=\"Escrito por\" \/>\n\t<meta name=\"twitter:data1\" content=\"ayuntamiento\" \/>\n\t<meta name=\"twitter:label2\" content=\"Tiempo de lectura\" \/>\n\t<meta name=\"twitter:data2\" content=\"3 minutos\" \/>\n<script type=\"application\/ld+json\" class=\"yoast-schema-graph\">{\"@context\":\"https:\\\/\\\/schema.org\",\"@graph\":[{\"@type\":\"Article\",\"@id\":\"https:\\\/\\\/coria.org\\\/ayuntamiento\\\/index.php\\\/2014\\\/12\\\/11\\\/la-vicepresidenta-del-gobex-y-el-alcalde-de-coria-inauguran-la-nueva-biblioteca\\\/#article\",\"isPartOf\":{\"@id\":\"https:\\\/\\\/coria.org\\\/ayuntamiento\\\/index.php\\\/2014\\\/12\\\/11\\\/la-vicepresidenta-del-gobex-y-el-alcalde-de-coria-inauguran-la-nueva-biblioteca\\\/\"},\"author\":{\"name\":\"ayuntamiento\",\"@id\":\"https:\\\/\\\/coria.org\\\/ayuntamiento\\\/#\\\/schema\\\/person\\\/8bd589f0e13e8ae5aa06def7a599d622\"},\"headline\":\"La Vicepresidenta del Gobex y el Alcalde de Coria inauguran la nueva Biblioteca\",\"datePublished\":\"2014-12-11T00:00:00+00:00\",\"dateModified\":\"2023-09-18T10:39:37+00:00\",\"mainEntityOfPage\":{\"@id\":\"https:\\\/\\\/coria.org\\\/ayuntamiento\\\/index.php\\\/2014\\\/12\\\/11\\\/la-vicepresidenta-del-gobex-y-el-alcalde-de-coria-inauguran-la-nueva-biblioteca\\\/\"},\"wordCount\":651,\"publisher\":{\"@id\":\"https:\\\/\\\/coria.org\\\/ayuntamiento\\\/#organization\"},\"image\":{\"@id\":\"https:\\\/\\\/coria.org\\\/ayuntamiento\\\/index.php\\\/2014\\\/12\\\/11\\\/la-vicepresidenta-del-gobex-y-el-alcalde-de-coria-inauguran-la-nueva-biblioteca\\\/#primaryimage\"},\"thumbnailUrl\":\"https:\\\/\\\/coria.org\\\/ayuntamiento\\\/wp-content\\\/uploads\\\/2014\\\/12\\\/IMG_5434-scaled.jpg\",\"keywords\":[\"coria\",\"extremadura\"],\"articleSection\":[\"Noticias\"],\"inLanguage\":\"es\"},{\"@type\":\"WebPage\",\"@id\":\"https:\\\/\\\/coria.org\\\/ayuntamiento\\\/index.php\\\/2014\\\/12\\\/11\\\/la-vicepresidenta-del-gobex-y-el-alcalde-de-coria-inauguran-la-nueva-biblioteca\\\/\",\"url\":\"https:\\\/\\\/coria.org\\\/ayuntamiento\\\/index.php\\\/2014\\\/12\\\/11\\\/la-vicepresidenta-del-gobex-y-el-alcalde-de-coria-inauguran-la-nueva-biblioteca\\\/\",\"name\":\"La Vicepresidenta del Gobex y el Alcalde de Coria inauguran la nueva Biblioteca - Ayuntamiento de Coria\",\"isPartOf\":{\"@id\":\"https:\\\/\\\/coria.org\\\/ayuntamiento\\\/#website\"},\"primaryImageOfPage\":{\"@id\":\"https:\\\/\\\/coria.org\\\/ayuntamiento\\\/index.php\\\/2014\\\/12\\\/11\\\/la-vicepresidenta-del-gobex-y-el-alcalde-de-coria-inauguran-la-nueva-biblioteca\\\/#primaryimage\"},\"image\":{\"@id\":\"https:\\\/\\\/coria.org\\\/ayuntamiento\\\/index.php\\\/2014\\\/12\\\/11\\\/la-vicepresidenta-del-gobex-y-el-alcalde-de-coria-inauguran-la-nueva-biblioteca\\\/#primaryimage\"},\"thumbnailUrl\":\"https:\\\/\\\/coria.org\\\/ayuntamiento\\\/wp-content\\\/uploads\\\/2014\\\/12\\\/IMG_5434-scaled.jpg\",\"datePublished\":\"2014-12-11T00:00:00+00:00\",\"dateModified\":\"2023-09-18T10:39:37+00:00\",\"breadcrumb\":{\"@id\":\"https:\\\/\\\/coria.org\\\/ayuntamiento\\\/index.php\\\/2014\\\/12\\\/11\\\/la-vicepresidenta-del-gobex-y-el-alcalde-de-coria-inauguran-la-nueva-biblioteca\\\/#breadcrumb\"},\"inLanguage\":\"es\",\"potentialAction\":[{\"@type\":\"ReadAction\",\"target\":[\"https:\\\/\\\/coria.org\\\/ayuntamiento\\\/index.php\\\/2014\\\/12\\\/11\\\/la-vicepresidenta-del-gobex-y-el-alcalde-de-coria-inauguran-la-nueva-biblioteca\\\/\"]}]},{\"@type\":\"ImageObject\",\"inLanguage\":\"es\",\"@id\":\"https:\\\/\\\/coria.org\\\/ayuntamiento\\\/index.php\\\/2014\\\/12\\\/11\\\/la-vicepresidenta-del-gobex-y-el-alcalde-de-coria-inauguran-la-nueva-biblioteca\\\/#primaryimage\",\"url\":\"https:\\\/\\\/coria.org\\\/ayuntamiento\\\/wp-content\\\/uploads\\\/2014\\\/12\\\/IMG_5434-scaled.jpg\",\"contentUrl\":\"https:\\\/\\\/coria.org\\\/ayuntamiento\\\/wp-content\\\/uploads\\\/2014\\\/12\\\/IMG_5434-scaled.jpg\",\"width\":2560,\"height\":1707},{\"@type\":\"BreadcrumbList\",\"@id\":\"https:\\\/\\\/coria.org\\\/ayuntamiento\\\/index.php\\\/2014\\\/12\\\/11\\\/la-vicepresidenta-del-gobex-y-el-alcalde-de-coria-inauguran-la-nueva-biblioteca\\\/#breadcrumb\",\"itemListElement\":[{\"@type\":\"ListItem\",\"position\":1,\"name\":\"Inicio\",\"item\":\"https:\\\/\\\/coria.org\\\/ayuntamiento\\\/\"},{\"@type\":\"ListItem\",\"position\":2,\"name\":\"La Vicepresidenta del Gobex y el Alcalde de Coria inauguran la nueva Biblioteca\"}]},{\"@type\":\"WebSite\",\"@id\":\"https:\\\/\\\/coria.org\\\/ayuntamiento\\\/#website\",\"url\":\"https:\\\/\\\/coria.org\\\/ayuntamiento\\\/\",\"name\":\"Ayuntamiento de Coria\",\"description\":\"Web oficial del Ayuntamiento de Coria\",\"publisher\":{\"@id\":\"https:\\\/\\\/coria.org\\\/ayuntamiento\\\/#organization\"},\"alternateName\":\"Web Oficial del Ayuntamiento de Coria\",\"potentialAction\":[{\"@type\":\"SearchAction\",\"target\":{\"@type\":\"EntryPoint\",\"urlTemplate\":\"https:\\\/\\\/coria.org\\\/ayuntamiento\\\/?s={search_term_string}\"},\"query-input\":{\"@type\":\"PropertyValueSpecification\",\"valueRequired\":true,\"valueName\":\"search_term_string\"}}],\"inLanguage\":\"es\"},{\"@type\":\"Organization\",\"@id\":\"https:\\\/\\\/coria.org\\\/ayuntamiento\\\/#organization\",\"name\":\"Ayuntamiento de Coria\",\"alternateName\":\"Ayto de Coria\",\"url\":\"https:\\\/\\\/coria.org\\\/ayuntamiento\\\/\",\"logo\":{\"@type\":\"ImageObject\",\"inLanguage\":\"es\",\"@id\":\"https:\\\/\\\/coria.org\\\/ayuntamiento\\\/#\\\/schema\\\/logo\\\/image\\\/\",\"url\":\"https:\\\/\\\/coria.org\\\/ayuntamiento\\\/wp-content\\\/uploads\\\/2020\\\/12\\\/escudo-ayuntamiento-coria.png\",\"contentUrl\":\"https:\\\/\\\/coria.org\\\/ayuntamiento\\\/wp-content\\\/uploads\\\/2020\\\/12\\\/escudo-ayuntamiento-coria.png\",\"width\":511,\"height\":240,\"caption\":\"Ayuntamiento de Coria\"},\"image\":{\"@id\":\"https:\\\/\\\/coria.org\\\/ayuntamiento\\\/#\\\/schema\\\/logo\\\/image\\\/\"},\"sameAs\":[\"https:\\\/\\\/www.facebook.com\\\/Ayuntamiento.de.Coria\",\"https:\\\/\\\/x.com\\\/Ayto_de_Coria\",\"https:\\\/\\\/www.instagram.com\\\/coria.ayuntamiento\\\/\",\"https:\\\/\\\/www.youtube.com\\\/user\\\/AYUNTAMIENTOCORIA\"]},{\"@type\":\"Person\",\"@id\":\"https:\\\/\\\/coria.org\\\/ayuntamiento\\\/#\\\/schema\\\/person\\\/8bd589f0e13e8ae5aa06def7a599d622\",\"name\":\"ayuntamiento\",\"image\":{\"@type\":\"ImageObject\",\"inLanguage\":\"es\",\"@id\":\"https:\\\/\\\/secure.gravatar.com\\\/avatar\\\/966e5ed73cad334adda5c87f49f2547f7082f7292c1b627cbb548744383b391c?s=96&d=mm&r=g\",\"url\":\"https:\\\/\\\/secure.gravatar.com\\\/avatar\\\/966e5ed73cad334adda5c87f49f2547f7082f7292c1b627cbb548744383b391c?s=96&d=mm&r=g\",\"contentUrl\":\"https:\\\/\\\/secure.gravatar.com\\\/avatar\\\/966e5ed73cad334adda5c87f49f2547f7082f7292c1b627cbb548744383b391c?s=96&d=mm&r=g\",\"caption\":\"ayuntamiento\"}}]}<\/script>\n<!-- \/ Yoast SEO plugin. -->","yoast_head_json":{"title":"La Vicepresidenta del Gobex y el Alcalde de Coria inauguran la nueva Biblioteca - Ayuntamiento de Coria","robots":{"index":"index","follow":"follow","max-snippet":"max-snippet:-1","max-image-preview":"max-image-preview:large","max-video-preview":"max-video-preview:-1"},"canonical":"https:\/\/coria.org\/ayuntamiento\/index.php\/2014\/12\/11\/la-vicepresidenta-del-gobex-y-el-alcalde-de-coria-inauguran-la-nueva-biblioteca\/","og_locale":"es_ES","og_type":"article","og_title":"La Vicepresidenta del Gobex y el Alcalde de Coria inauguran la nueva Biblioteca - Ayuntamiento de Coria","og_description":"La vicepresidenta, portavoz y consejera de Econom\u00eda, Competitividad e Innovaci\u00f3n, Cristina Teniente, ha inaugurado junto al Alcalde de Coria, Jos\u00e9 Manuel Garc\u00eda Ballestero, Marisol Nue\u00f1ez, bibliotecaria, la nueva biblioteca municipal de Coria, ubicada en el \u00abemblem\u00e1tico edificio\u00bb de La Alh\u00f3ndiga, que ha sido recuperado gracias al trabajo de j\u00f3venes alumnos participantes en el proyecto @prendizext [&hellip;]","og_url":"https:\/\/coria.org\/ayuntamiento\/index.php\/2014\/12\/11\/la-vicepresidenta-del-gobex-y-el-alcalde-de-coria-inauguran-la-nueva-biblioteca\/","og_site_name":"Ayuntamiento de Coria","article_publisher":"https:\/\/www.facebook.com\/Ayuntamiento.de.Coria","article_published_time":"2014-12-11T00:00:00+00:00","article_modified_time":"2023-09-18T10:39:37+00:00","og_image":[{"width":2560,"height":1707,"url":"https:\/\/coria.org\/ayuntamiento\/wp-content\/uploads\/2014\/12\/IMG_5434-scaled.jpg","type":"image\/jpeg"}],"author":"ayuntamiento","twitter_card":"summary_large_image","twitter_creator":"@Ayto_de_Coria","twitter_site":"@Ayto_de_Coria","twitter_misc":{"Escrito por":"ayuntamiento","Tiempo de lectura":"3 minutos"},"schema":{"@context":"https:\/\/schema.org","@graph":[{"@type":"Article","@id":"https:\/\/coria.org\/ayuntamiento\/index.php\/2014\/12\/11\/la-vicepresidenta-del-gobex-y-el-alcalde-de-coria-inauguran-la-nueva-biblioteca\/#article","isPartOf":{"@id":"https:\/\/coria.org\/ayuntamiento\/index.php\/2014\/12\/11\/la-vicepresidenta-del-gobex-y-el-alcalde-de-coria-inauguran-la-nueva-biblioteca\/"},"author":{"name":"ayuntamiento","@id":"https:\/\/coria.org\/ayuntamiento\/#\/schema\/person\/8bd589f0e13e8ae5aa06def7a599d622"},"headline":"La Vicepresidenta del Gobex y el Alcalde de Coria inauguran la nueva Biblioteca","datePublished":"2014-12-11T00:00:00+00:00","dateModified":"2023-09-18T10:39:37+00:00","mainEntityOfPage":{"@id":"https:\/\/coria.org\/ayuntamiento\/index.php\/2014\/12\/11\/la-vicepresidenta-del-gobex-y-el-alcalde-de-coria-inauguran-la-nueva-biblioteca\/"},"wordCount":651,"publisher":{"@id":"https:\/\/coria.org\/ayuntamiento\/#organization"},"image":{"@id":"https:\/\/coria.org\/ayuntamiento\/index.php\/2014\/12\/11\/la-vicepresidenta-del-gobex-y-el-alcalde-de-coria-inauguran-la-nueva-biblioteca\/#primaryimage"},"thumbnailUrl":"https:\/\/coria.org\/ayuntamiento\/wp-content\/uploads\/2014\/12\/IMG_5434-scaled.jpg","keywords":["coria","extremadura"],"articleSection":["Noticias"],"inLanguage":"es"},{"@type":"WebPage","@id":"https:\/\/coria.org\/ayuntamiento\/index.php\/2014\/12\/11\/la-vicepresidenta-del-gobex-y-el-alcalde-de-coria-inauguran-la-nueva-biblioteca\/","url":"https:\/\/coria.org\/ayuntamiento\/index.php\/2014\/12\/11\/la-vicepresidenta-del-gobex-y-el-alcalde-de-coria-inauguran-la-nueva-biblioteca\/","name":"La Vicepresidenta del Gobex y el Alcalde de Coria inauguran la nueva Biblioteca - Ayuntamiento de Coria","isPartOf":{"@id":"https:\/\/coria.org\/ayuntamiento\/#website"},"primaryImageOfPage":{"@id":"https:\/\/coria.org\/ayuntamiento\/index.php\/2014\/12\/11\/la-vicepresidenta-del-gobex-y-el-alcalde-de-coria-inauguran-la-nueva-biblioteca\/#primaryimage"},"image":{"@id":"https:\/\/coria.org\/ayuntamiento\/index.php\/2014\/12\/11\/la-vicepresidenta-del-gobex-y-el-alcalde-de-coria-inauguran-la-nueva-biblioteca\/#primaryimage"},"thumbnailUrl":"https:\/\/coria.org\/ayuntamiento\/wp-content\/uploads\/2014\/12\/IMG_5434-scaled.jpg","datePublished":"2014-12-11T00:00:00+00:00","dateModified":"2023-09-18T10:39:37+00:00","breadcrumb":{"@id":"https:\/\/coria.org\/ayuntamiento\/index.php\/2014\/12\/11\/la-vicepresidenta-del-gobex-y-el-alcalde-de-coria-inauguran-la-nueva-biblioteca\/#breadcrumb"},"inLanguage":"es","potentialAction":[{"@type":"ReadAction","target":["https:\/\/coria.org\/ayuntamiento\/index.php\/2014\/12\/11\/la-vicepresidenta-del-gobex-y-el-alcalde-de-coria-inauguran-la-nueva-biblioteca\/"]}]},{"@type":"ImageObject","inLanguage":"es","@id":"https:\/\/coria.org\/ayuntamiento\/index.php\/2014\/12\/11\/la-vicepresidenta-del-gobex-y-el-alcalde-de-coria-inauguran-la-nueva-biblioteca\/#primaryimage","url":"https:\/\/coria.org\/ayuntamiento\/wp-content\/uploads\/2014\/12\/IMG_5434-scaled.jpg","contentUrl":"https:\/\/coria.org\/ayuntamiento\/wp-content\/uploads\/2014\/12\/IMG_5434-scaled.jpg","width":2560,"height":1707},{"@type":"BreadcrumbList","@id":"https:\/\/coria.org\/ayuntamiento\/index.php\/2014\/12\/11\/la-vicepresidenta-del-gobex-y-el-alcalde-de-coria-inauguran-la-nueva-biblioteca\/#breadcrumb","itemListElement":[{"@type":"ListItem","position":1,"name":"Inicio","item":"https:\/\/coria.org\/ayuntamiento\/"},{"@type":"ListItem","position":2,"name":"La Vicepresidenta del Gobex y el Alcalde de Coria inauguran la nueva Biblioteca"}]},{"@type":"WebSite","@id":"https:\/\/coria.org\/ayuntamiento\/#website","url":"https:\/\/coria.org\/ayuntamiento\/","name":"Ayuntamiento de Coria","description":"Web oficial del Ayuntamiento de Coria","publisher":{"@id":"https:\/\/coria.org\/ayuntamiento\/#organization"},"alternateName":"Web Oficial del Ayuntamiento de Coria","potentialAction":[{"@type":"SearchAction","target":{"@type":"EntryPoint","urlTemplate":"https:\/\/coria.org\/ayuntamiento\/?s={search_term_string}"},"query-input":{"@type":"PropertyValueSpecification","valueRequired":true,"valueName":"search_term_string"}}],"inLanguage":"es"},{"@type":"Organization","@id":"https:\/\/coria.org\/ayuntamiento\/#organization","name":"Ayuntamiento de Coria","alternateName":"Ayto de Coria","url":"https:\/\/coria.org\/ayuntamiento\/","logo":{"@type":"ImageObject","inLanguage":"es","@id":"https:\/\/coria.org\/ayuntamiento\/#\/schema\/logo\/image\/","url":"https:\/\/coria.org\/ayuntamiento\/wp-content\/uploads\/2020\/12\/escudo-ayuntamiento-coria.png","contentUrl":"https:\/\/coria.org\/ayuntamiento\/wp-content\/uploads\/2020\/12\/escudo-ayuntamiento-coria.png","width":511,"height":240,"caption":"Ayuntamiento de Coria"},"image":{"@id":"https:\/\/coria.org\/ayuntamiento\/#\/schema\/logo\/image\/"},"sameAs":["https:\/\/www.facebook.com\/Ayuntamiento.de.Coria","https:\/\/x.com\/Ayto_de_Coria","https:\/\/www.instagram.com\/coria.ayuntamiento\/","https:\/\/www.youtube.com\/user\/AYUNTAMIENTOCORIA"]},{"@type":"Person","@id":"https:\/\/coria.org\/ayuntamiento\/#\/schema\/person\/8bd589f0e13e8ae5aa06def7a599d622","name":"ayuntamiento","image":{"@type":"ImageObject","inLanguage":"es","@id":"https:\/\/secure.gravatar.com\/avatar\/966e5ed73cad334adda5c87f49f2547f7082f7292c1b627cbb548744383b391c?s=96&d=mm&r=g","url":"https:\/\/secure.gravatar.com\/avatar\/966e5ed73cad334adda5c87f49f2547f7082f7292c1b627cbb548744383b391c?s=96&d=mm&r=g","contentUrl":"https:\/\/secure.gravatar.com\/avatar\/966e5ed73cad334adda5c87f49f2547f7082f7292c1b627cbb548744383b391c?s=96&d=mm&r=g","caption":"ayuntamiento"}}]}},"uagb_featured_image_src":{"full":["https:\/\/coria.org\/ayuntamiento\/wp-content\/uploads\/2014\/12\/IMG_5434-scaled.jpg",2560,1707,false],"thumbnail":["https:\/\/coria.org\/ayuntamiento\/wp-content\/uploads\/2014\/12\/IMG_5434-150x150.jpg",150,150,true],"medium":["https:\/\/coria.org\/ayuntamiento\/wp-content\/uploads\/2014\/12\/IMG_5434-300x200.jpg",300,200,true],"medium_large":["https:\/\/coria.org\/ayuntamiento\/wp-content\/uploads\/2014\/12\/IMG_5434-768x512.jpg",768,512,true],"large":["https:\/\/coria.org\/ayuntamiento\/wp-content\/uploads\/2014\/12\/IMG_5434-1024x683.jpg",1024,683,true],"thumblist":["https:\/\/coria.org\/ayuntamiento\/wp-content\/uploads\/2014\/12\/IMG_5434-scaled.jpg",300,200,false],"thumbrelated":["https:\/\/coria.org\/ayuntamiento\/wp-content\/uploads\/2014\/12\/IMG_5434-scaled.jpg",500,333,false],"meccarouselthumb":["https:\/\/coria.org\/ayuntamiento\/wp-content\/uploads\/2014\/12\/IMG_5434-scaled.jpg",474,316,false],"gridsquare":["https:\/\/coria.org\/ayuntamiento\/wp-content\/uploads\/2014\/12\/IMG_5434-scaled.jpg",391,260,false],"tileview":["https:\/\/coria.org\/ayuntamiento\/wp-content\/uploads\/2014\/12\/IMG_5434-scaled.jpg",300,200,false],"1536x1536":["https:\/\/coria.org\/ayuntamiento\/wp-content\/uploads\/2014\/12\/IMG_5434-1536x1024.jpg",1536,1024,true],"2048x2048":["https:\/\/coria.org\/ayuntamiento\/wp-content\/uploads\/2014\/12\/IMG_5434-2048x1365.jpg",2048,1365,true]},"uagb_author_info":{"display_name":"ayuntamiento","author_link":"https:\/\/coria.org\/ayuntamiento\/index.php\/author\/ayuntamiento\/"},"uagb_comment_info":0,"uagb_excerpt":"La vicepresidenta, portavoz y consejera de Econom\u00eda, Competitividad e Innovaci\u00f3n, Cristina Teniente, ha inaugurado junto al Alcalde de Coria, Jos\u00e9 Manuel Garc\u00eda Ballestero, Marisol Nue\u00f1ez, bibliotecaria, la nueva biblioteca municipal de Coria, ubicada en el \u00abemblem\u00e1tico edificio\u00bb de La Alh\u00f3ndiga, que ha sido recuperado gracias al trabajo de j\u00f3venes alumnos participantes en el proyecto @prendizext&hellip;","_links":{"self":[{"href":"https:\/\/coria.org\/ayuntamiento\/index.php\/wp-json\/wp\/v2\/posts\/25777","targetHints":{"allow":["GET"]}}],"collection":[{"href":"https:\/\/coria.org\/ayuntamiento\/index.php\/wp-json\/wp\/v2\/posts"}],"about":[{"href":"https:\/\/coria.org\/ayuntamiento\/index.php\/wp-json\/wp\/v2\/types\/post"}],"author":[{"embeddable":true,"href":"https:\/\/coria.org\/ayuntamiento\/index.php\/wp-json\/wp\/v2\/users\/2"}],"replies":[{"embeddable":true,"href":"https:\/\/coria.org\/ayuntamiento\/index.php\/wp-json\/wp\/v2\/comments?post=25777"}],"version-history":[{"count":0,"href":"https:\/\/coria.org\/ayuntamiento\/index.php\/wp-json\/wp\/v2\/posts\/25777\/revisions"}],"wp:featuredmedia":[{"embeddable":true,"href":"https:\/\/coria.org\/ayuntamiento\/index.php\/wp-json\/wp\/v2\/media\/30891"}],"wp:attachment":[{"href":"https:\/\/coria.org\/ayuntamiento\/index.php\/wp-json\/wp\/v2\/media?parent=25777"}],"wp:term":[{"taxonomy":"category","embeddable":true,"href":"https:\/\/coria.org\/ayuntamiento\/index.php\/wp-json\/wp\/v2\/categories?post=25777"},{"taxonomy":"post_tag","embeddable":true,"href":"https:\/\/coria.org\/ayuntamiento\/index.php\/wp-json\/wp\/v2\/tags?post=25777"}],"curies":[{"name":"wp","href":"https:\/\/api.w.org\/{rel}","templated":true}]}}