{"id":25740,"date":"2015-02-06T00:00:00","date_gmt":"2015-02-06T00:00:00","guid":{"rendered":"https:\/\/ayuntamiento.coriaenimagenes.com\/aprendizext-coria-2014-continua-formando-a-jovenes\/"},"modified":"2023-09-18T12:39:30","modified_gmt":"2023-09-18T10:39:30","slug":"aprendizext-coria-2014-continua-formando-a-jovenes","status":"publish","type":"post","link":"https:\/\/coria.org\/ayuntamiento\/index.php\/2015\/02\/06\/aprendizext-coria-2014-continua-formando-a-jovenes\/","title":{"rendered":"Aprendizext Coria 2014 continua formando a J\u00f3venes"},"content":{"rendered":"\n<p><b>Desde que el pasado 1 de noviembre diera comienzo el Programa de Formaci\u00f3n Dual para el Empleo, con el objetivo de formar a 24 j\u00f3venes menores de 25 a\u00f1os de la localidad de Coria, son varios los trabajos que han estado realizando estos meses en los oficios de alba\u00f1iler\u00eda, jardiner\u00eda y electricidad.<\/b><\/p>\n\n<figure class=\"wp-block-post-featured-image\"><img loading=\"lazy\" decoding=\"async\" width=\"2560\" height=\"1920\" src=\"https:\/\/coria.org\/ayuntamiento\/wp-content\/uploads\/2015\/02\/SAM_2108-scaled.jpg\" class=\"attachment-post-thumbnail size-post-thumbnail wp-post-image\" alt=\"\" style=\"object-fit:cover;\" srcset=\"https:\/\/coria.org\/ayuntamiento\/wp-content\/uploads\/2015\/02\/SAM_2108-scaled.jpg 2560w, https:\/\/coria.org\/ayuntamiento\/wp-content\/uploads\/2015\/02\/SAM_2108-300x225.jpg 300w, https:\/\/coria.org\/ayuntamiento\/wp-content\/uploads\/2015\/02\/SAM_2108-1024x768.jpg 1024w, https:\/\/coria.org\/ayuntamiento\/wp-content\/uploads\/2015\/02\/SAM_2108-768x576.jpg 768w, https:\/\/coria.org\/ayuntamiento\/wp-content\/uploads\/2015\/02\/SAM_2108-1536x1152.jpg 1536w, https:\/\/coria.org\/ayuntamiento\/wp-content\/uploads\/2015\/02\/SAM_2108-2048x1536.jpg 2048w\" sizes=\"auto, (max-width: 2560px) 100vw, 2560px\" \/><\/figure>\n\n<p><\/p>\n\n\n<p><span style=\"font-family: verdana,arial,helvetica,sans-serif; font-size: small;\">Seg\u00fan explica su directora, Rosel\u00ed Bouza, el aprendizaje y la cualificaci\u00f3n se alternan con el trabajo efectivo en actividades de utilidad p\u00fablica y\/o social, complementando la formaci\u00f3n con la realizaci\u00f3n de pr\u00e1cticas no laborales en empresas, por ello es muy frecuente ver a estos j\u00f3venes en varios puntos de la ciudad realizando trabajos propios de cada una de su especialidad.<\/span><\/p>\n\n\n<p><span style=\"font-family: verdana,arial,helvetica,sans-serif; font-size: small;\">En alba\u00f1iler\u00eda, se est\u00e1n realizando varias obras, destacando la reforma de la vivienda del Silo que estaba en desuso desde hace a\u00f1os, por ello se est\u00e1n realizando las obras pertinentes para que pueda ser utilizada con las debidas condiciones higienico-sanitarias y adapt\u00e1ndola a la normativa vigente sobre accesibilidad, destin\u00e1ndose a la nueva sede de Caritas. <\/span><\/p>\n\n\n<p><span style=\"font-family: verdana,arial,helvetica,sans-serif; font-size: small;\">En la rama de electricidad, est\u00e1n colaborando con la empresa Emdecoria en diversos trabajos como por ejemplo la instalaci\u00f3n de fibra \u00f3ptica. Como principal objetivo, cabe destacar la dotaci\u00f3n a la zona monumental de iluminaci\u00f3n art\u00edstica que realce la importancia de sus edificios. <\/span><\/p>\n\n\n<p><span style=\"font-family: verdana,arial,helvetica,sans-serif; font-size: small;\">Y por \u00faltimo, en la rama de jardiner\u00eda, actualmente est\u00e1n realizando labores de poda en distintos colegios de la ciudad, as\u00ed como las labores previas para ajardinar el recinto de la vivienda del Silo. <\/span><\/p>\n\n\n<p><span style=\"font-family: verdana,arial,helvetica,sans-serif; font-size: small;\">El principal objetivo de esta especialidad es crear espacios verdes en la zona amurallada (Cantarranas, Mirador del Carmen, Mirador del Cubo) as\u00ed como mejorar los ya existentes en diferentes jardines de la ciudad aplicando criterios de xerojardiner\u00eda con la finalidad de reducir el consumo de agua para su mantenimiento.<\/span><\/p>\n\n\n<p><span style=\"font-family: verdana,arial,helvetica,sans-serif; font-size: small;\">Para finalizar, el Alcalde de la ciudad de Coria, Jos\u00e9 Manuel Garc\u00eda Ballestero, ha manifestado estar muy contento con el trabajo realizado por estos j\u00f3venes y sus monitores, ya que adem\u00e1s de estar form\u00e1ndose est\u00e1n realizando una gran labor por nuestra ciudad.<\/span><\/p>\n","protected":false},"excerpt":{"rendered":"<p>Desde que el pasado 1 de noviembre diera comienzo el Programa de Formaci\u00f3n Dual para el Empleo, con el objetivo de formar a 24 j\u00f3venes menores de 25 a\u00f1os de la localidad de Coria, son varios los trabajos que han estado realizando estos meses en los oficios de alba\u00f1iler\u00eda, jardiner\u00eda y electricidad. Seg\u00fan explica su [&hellip;]<\/p>\n","protected":false},"author":2,"featured_media":30807,"comment_status":"closed","ping_status":"closed","sticky":false,"template":"","format":"standard","meta":{"_uag_custom_page_level_css":"","footnotes":""},"categories":[2],"tags":[3,4],"class_list":["post-25740","post","type-post","status-publish","format-standard","has-post-thumbnail","hentry","category-noticias","tag-coria","tag-extremadura"],"yoast_head":"<!-- This site is optimized with the Yoast SEO plugin v27.4 - https:\/\/yoast.com\/product\/yoast-seo-wordpress\/ -->\n<title>Aprendizext Coria 2014 continua formando a J\u00f3venes - Ayuntamiento de Coria<\/title>\n<meta name=\"robots\" content=\"index, follow, max-snippet:-1, max-image-preview:large, max-video-preview:-1\" \/>\n<link rel=\"canonical\" href=\"https:\/\/coria.org\/ayuntamiento\/index.php\/2015\/02\/06\/aprendizext-coria-2014-continua-formando-a-jovenes\/\" \/>\n<meta property=\"og:locale\" content=\"es_ES\" \/>\n<meta property=\"og:type\" content=\"article\" \/>\n<meta property=\"og:title\" content=\"Aprendizext Coria 2014 continua formando a J\u00f3venes - Ayuntamiento de Coria\" \/>\n<meta property=\"og:description\" content=\"Desde que el pasado 1 de noviembre diera comienzo el Programa de Formaci\u00f3n Dual para el Empleo, con el objetivo de formar a 24 j\u00f3venes menores de 25 a\u00f1os de la localidad de Coria, son varios los trabajos que han estado realizando estos meses en los oficios de alba\u00f1iler\u00eda, jardiner\u00eda y electricidad. Seg\u00fan explica su [&hellip;]\" \/>\n<meta property=\"og:url\" content=\"https:\/\/coria.org\/ayuntamiento\/index.php\/2015\/02\/06\/aprendizext-coria-2014-continua-formando-a-jovenes\/\" \/>\n<meta property=\"og:site_name\" content=\"Ayuntamiento de Coria\" \/>\n<meta property=\"article:publisher\" content=\"https:\/\/www.facebook.com\/Ayuntamiento.de.Coria\" \/>\n<meta property=\"article:published_time\" content=\"2015-02-06T00:00:00+00:00\" \/>\n<meta property=\"article:modified_time\" content=\"2023-09-18T10:39:30+00:00\" \/>\n<meta property=\"og:image\" content=\"https:\/\/coria.org\/ayuntamiento\/wp-content\/uploads\/2015\/02\/SAM_2108-scaled.jpg\" \/>\n\t<meta property=\"og:image:width\" content=\"2560\" \/>\n\t<meta property=\"og:image:height\" content=\"1920\" \/>\n\t<meta property=\"og:image:type\" content=\"image\/jpeg\" \/>\n<meta name=\"author\" content=\"ayuntamiento\" \/>\n<meta name=\"twitter:card\" content=\"summary_large_image\" \/>\n<meta name=\"twitter:creator\" content=\"@Ayto_de_Coria\" \/>\n<meta name=\"twitter:site\" content=\"@Ayto_de_Coria\" \/>\n<meta name=\"twitter:label1\" content=\"Escrito por\" \/>\n\t<meta name=\"twitter:data1\" content=\"ayuntamiento\" \/>\n\t<meta name=\"twitter:label2\" content=\"Tiempo de lectura\" \/>\n\t<meta name=\"twitter:data2\" content=\"2 minutos\" \/>\n<script type=\"application\/ld+json\" class=\"yoast-schema-graph\">{\"@context\":\"https:\\\/\\\/schema.org\",\"@graph\":[{\"@type\":\"Article\",\"@id\":\"https:\\\/\\\/coria.org\\\/ayuntamiento\\\/index.php\\\/2015\\\/02\\\/06\\\/aprendizext-coria-2014-continua-formando-a-jovenes\\\/#article\",\"isPartOf\":{\"@id\":\"https:\\\/\\\/coria.org\\\/ayuntamiento\\\/index.php\\\/2015\\\/02\\\/06\\\/aprendizext-coria-2014-continua-formando-a-jovenes\\\/\"},\"author\":{\"name\":\"ayuntamiento\",\"@id\":\"https:\\\/\\\/coria.org\\\/ayuntamiento\\\/#\\\/schema\\\/person\\\/8bd589f0e13e8ae5aa06def7a599d622\"},\"headline\":\"Aprendizext Coria 2014 continua formando a J\u00f3venes\",\"datePublished\":\"2015-02-06T00:00:00+00:00\",\"dateModified\":\"2023-09-18T10:39:30+00:00\",\"mainEntityOfPage\":{\"@id\":\"https:\\\/\\\/coria.org\\\/ayuntamiento\\\/index.php\\\/2015\\\/02\\\/06\\\/aprendizext-coria-2014-continua-formando-a-jovenes\\\/\"},\"wordCount\":373,\"publisher\":{\"@id\":\"https:\\\/\\\/coria.org\\\/ayuntamiento\\\/#organization\"},\"image\":{\"@id\":\"https:\\\/\\\/coria.org\\\/ayuntamiento\\\/index.php\\\/2015\\\/02\\\/06\\\/aprendizext-coria-2014-continua-formando-a-jovenes\\\/#primaryimage\"},\"thumbnailUrl\":\"https:\\\/\\\/coria.org\\\/ayuntamiento\\\/wp-content\\\/uploads\\\/2015\\\/02\\\/SAM_2108-scaled.jpg\",\"keywords\":[\"coria\",\"extremadura\"],\"articleSection\":[\"Noticias\"],\"inLanguage\":\"es\"},{\"@type\":\"WebPage\",\"@id\":\"https:\\\/\\\/coria.org\\\/ayuntamiento\\\/index.php\\\/2015\\\/02\\\/06\\\/aprendizext-coria-2014-continua-formando-a-jovenes\\\/\",\"url\":\"https:\\\/\\\/coria.org\\\/ayuntamiento\\\/index.php\\\/2015\\\/02\\\/06\\\/aprendizext-coria-2014-continua-formando-a-jovenes\\\/\",\"name\":\"Aprendizext Coria 2014 continua formando a J\u00f3venes - Ayuntamiento de Coria\",\"isPartOf\":{\"@id\":\"https:\\\/\\\/coria.org\\\/ayuntamiento\\\/#website\"},\"primaryImageOfPage\":{\"@id\":\"https:\\\/\\\/coria.org\\\/ayuntamiento\\\/index.php\\\/2015\\\/02\\\/06\\\/aprendizext-coria-2014-continua-formando-a-jovenes\\\/#primaryimage\"},\"image\":{\"@id\":\"https:\\\/\\\/coria.org\\\/ayuntamiento\\\/index.php\\\/2015\\\/02\\\/06\\\/aprendizext-coria-2014-continua-formando-a-jovenes\\\/#primaryimage\"},\"thumbnailUrl\":\"https:\\\/\\\/coria.org\\\/ayuntamiento\\\/wp-content\\\/uploads\\\/2015\\\/02\\\/SAM_2108-scaled.jpg\",\"datePublished\":\"2015-02-06T00:00:00+00:00\",\"dateModified\":\"2023-09-18T10:39:30+00:00\",\"breadcrumb\":{\"@id\":\"https:\\\/\\\/coria.org\\\/ayuntamiento\\\/index.php\\\/2015\\\/02\\\/06\\\/aprendizext-coria-2014-continua-formando-a-jovenes\\\/#breadcrumb\"},\"inLanguage\":\"es\",\"potentialAction\":[{\"@type\":\"ReadAction\",\"target\":[\"https:\\\/\\\/coria.org\\\/ayuntamiento\\\/index.php\\\/2015\\\/02\\\/06\\\/aprendizext-coria-2014-continua-formando-a-jovenes\\\/\"]}]},{\"@type\":\"ImageObject\",\"inLanguage\":\"es\",\"@id\":\"https:\\\/\\\/coria.org\\\/ayuntamiento\\\/index.php\\\/2015\\\/02\\\/06\\\/aprendizext-coria-2014-continua-formando-a-jovenes\\\/#primaryimage\",\"url\":\"https:\\\/\\\/coria.org\\\/ayuntamiento\\\/wp-content\\\/uploads\\\/2015\\\/02\\\/SAM_2108-scaled.jpg\",\"contentUrl\":\"https:\\\/\\\/coria.org\\\/ayuntamiento\\\/wp-content\\\/uploads\\\/2015\\\/02\\\/SAM_2108-scaled.jpg\",\"width\":2560,\"height\":1920},{\"@type\":\"BreadcrumbList\",\"@id\":\"https:\\\/\\\/coria.org\\\/ayuntamiento\\\/index.php\\\/2015\\\/02\\\/06\\\/aprendizext-coria-2014-continua-formando-a-jovenes\\\/#breadcrumb\",\"itemListElement\":[{\"@type\":\"ListItem\",\"position\":1,\"name\":\"Inicio\",\"item\":\"https:\\\/\\\/coria.org\\\/ayuntamiento\\\/\"},{\"@type\":\"ListItem\",\"position\":2,\"name\":\"Aprendizext Coria 2014 continua formando a J\u00f3venes\"}]},{\"@type\":\"WebSite\",\"@id\":\"https:\\\/\\\/coria.org\\\/ayuntamiento\\\/#website\",\"url\":\"https:\\\/\\\/coria.org\\\/ayuntamiento\\\/\",\"name\":\"Ayuntamiento de Coria\",\"description\":\"Web oficial del Ayuntamiento de Coria\",\"publisher\":{\"@id\":\"https:\\\/\\\/coria.org\\\/ayuntamiento\\\/#organization\"},\"alternateName\":\"Web Oficial del Ayuntamiento de Coria\",\"potentialAction\":[{\"@type\":\"SearchAction\",\"target\":{\"@type\":\"EntryPoint\",\"urlTemplate\":\"https:\\\/\\\/coria.org\\\/ayuntamiento\\\/?s={search_term_string}\"},\"query-input\":{\"@type\":\"PropertyValueSpecification\",\"valueRequired\":true,\"valueName\":\"search_term_string\"}}],\"inLanguage\":\"es\"},{\"@type\":\"Organization\",\"@id\":\"https:\\\/\\\/coria.org\\\/ayuntamiento\\\/#organization\",\"name\":\"Ayuntamiento de Coria\",\"alternateName\":\"Ayto de Coria\",\"url\":\"https:\\\/\\\/coria.org\\\/ayuntamiento\\\/\",\"logo\":{\"@type\":\"ImageObject\",\"inLanguage\":\"es\",\"@id\":\"https:\\\/\\\/coria.org\\\/ayuntamiento\\\/#\\\/schema\\\/logo\\\/image\\\/\",\"url\":\"https:\\\/\\\/coria.org\\\/ayuntamiento\\\/wp-content\\\/uploads\\\/2020\\\/12\\\/escudo-ayuntamiento-coria.png\",\"contentUrl\":\"https:\\\/\\\/coria.org\\\/ayuntamiento\\\/wp-content\\\/uploads\\\/2020\\\/12\\\/escudo-ayuntamiento-coria.png\",\"width\":511,\"height\":240,\"caption\":\"Ayuntamiento de Coria\"},\"image\":{\"@id\":\"https:\\\/\\\/coria.org\\\/ayuntamiento\\\/#\\\/schema\\\/logo\\\/image\\\/\"},\"sameAs\":[\"https:\\\/\\\/www.facebook.com\\\/Ayuntamiento.de.Coria\",\"https:\\\/\\\/x.com\\\/Ayto_de_Coria\",\"https:\\\/\\\/www.instagram.com\\\/coria.ayuntamiento\\\/\",\"https:\\\/\\\/www.youtube.com\\\/user\\\/AYUNTAMIENTOCORIA\"]},{\"@type\":\"Person\",\"@id\":\"https:\\\/\\\/coria.org\\\/ayuntamiento\\\/#\\\/schema\\\/person\\\/8bd589f0e13e8ae5aa06def7a599d622\",\"name\":\"ayuntamiento\",\"image\":{\"@type\":\"ImageObject\",\"inLanguage\":\"es\",\"@id\":\"https:\\\/\\\/secure.gravatar.com\\\/avatar\\\/966e5ed73cad334adda5c87f49f2547f7082f7292c1b627cbb548744383b391c?s=96&d=mm&r=g\",\"url\":\"https:\\\/\\\/secure.gravatar.com\\\/avatar\\\/966e5ed73cad334adda5c87f49f2547f7082f7292c1b627cbb548744383b391c?s=96&d=mm&r=g\",\"contentUrl\":\"https:\\\/\\\/secure.gravatar.com\\\/avatar\\\/966e5ed73cad334adda5c87f49f2547f7082f7292c1b627cbb548744383b391c?s=96&d=mm&r=g\",\"caption\":\"ayuntamiento\"}}]}<\/script>\n<!-- \/ Yoast SEO plugin. -->","yoast_head_json":{"title":"Aprendizext Coria 2014 continua formando a J\u00f3venes - Ayuntamiento de Coria","robots":{"index":"index","follow":"follow","max-snippet":"max-snippet:-1","max-image-preview":"max-image-preview:large","max-video-preview":"max-video-preview:-1"},"canonical":"https:\/\/coria.org\/ayuntamiento\/index.php\/2015\/02\/06\/aprendizext-coria-2014-continua-formando-a-jovenes\/","og_locale":"es_ES","og_type":"article","og_title":"Aprendizext Coria 2014 continua formando a J\u00f3venes - Ayuntamiento de Coria","og_description":"Desde que el pasado 1 de noviembre diera comienzo el Programa de Formaci\u00f3n Dual para el Empleo, con el objetivo de formar a 24 j\u00f3venes menores de 25 a\u00f1os de la localidad de Coria, son varios los trabajos que han estado realizando estos meses en los oficios de alba\u00f1iler\u00eda, jardiner\u00eda y electricidad. Seg\u00fan explica su [&hellip;]","og_url":"https:\/\/coria.org\/ayuntamiento\/index.php\/2015\/02\/06\/aprendizext-coria-2014-continua-formando-a-jovenes\/","og_site_name":"Ayuntamiento de Coria","article_publisher":"https:\/\/www.facebook.com\/Ayuntamiento.de.Coria","article_published_time":"2015-02-06T00:00:00+00:00","article_modified_time":"2023-09-18T10:39:30+00:00","og_image":[{"width":2560,"height":1920,"url":"https:\/\/coria.org\/ayuntamiento\/wp-content\/uploads\/2015\/02\/SAM_2108-scaled.jpg","type":"image\/jpeg"}],"author":"ayuntamiento","twitter_card":"summary_large_image","twitter_creator":"@Ayto_de_Coria","twitter_site":"@Ayto_de_Coria","twitter_misc":{"Escrito por":"ayuntamiento","Tiempo de lectura":"2 minutos"},"schema":{"@context":"https:\/\/schema.org","@graph":[{"@type":"Article","@id":"https:\/\/coria.org\/ayuntamiento\/index.php\/2015\/02\/06\/aprendizext-coria-2014-continua-formando-a-jovenes\/#article","isPartOf":{"@id":"https:\/\/coria.org\/ayuntamiento\/index.php\/2015\/02\/06\/aprendizext-coria-2014-continua-formando-a-jovenes\/"},"author":{"name":"ayuntamiento","@id":"https:\/\/coria.org\/ayuntamiento\/#\/schema\/person\/8bd589f0e13e8ae5aa06def7a599d622"},"headline":"Aprendizext Coria 2014 continua formando a J\u00f3venes","datePublished":"2015-02-06T00:00:00+00:00","dateModified":"2023-09-18T10:39:30+00:00","mainEntityOfPage":{"@id":"https:\/\/coria.org\/ayuntamiento\/index.php\/2015\/02\/06\/aprendizext-coria-2014-continua-formando-a-jovenes\/"},"wordCount":373,"publisher":{"@id":"https:\/\/coria.org\/ayuntamiento\/#organization"},"image":{"@id":"https:\/\/coria.org\/ayuntamiento\/index.php\/2015\/02\/06\/aprendizext-coria-2014-continua-formando-a-jovenes\/#primaryimage"},"thumbnailUrl":"https:\/\/coria.org\/ayuntamiento\/wp-content\/uploads\/2015\/02\/SAM_2108-scaled.jpg","keywords":["coria","extremadura"],"articleSection":["Noticias"],"inLanguage":"es"},{"@type":"WebPage","@id":"https:\/\/coria.org\/ayuntamiento\/index.php\/2015\/02\/06\/aprendizext-coria-2014-continua-formando-a-jovenes\/","url":"https:\/\/coria.org\/ayuntamiento\/index.php\/2015\/02\/06\/aprendizext-coria-2014-continua-formando-a-jovenes\/","name":"Aprendizext Coria 2014 continua formando a J\u00f3venes - Ayuntamiento de Coria","isPartOf":{"@id":"https:\/\/coria.org\/ayuntamiento\/#website"},"primaryImageOfPage":{"@id":"https:\/\/coria.org\/ayuntamiento\/index.php\/2015\/02\/06\/aprendizext-coria-2014-continua-formando-a-jovenes\/#primaryimage"},"image":{"@id":"https:\/\/coria.org\/ayuntamiento\/index.php\/2015\/02\/06\/aprendizext-coria-2014-continua-formando-a-jovenes\/#primaryimage"},"thumbnailUrl":"https:\/\/coria.org\/ayuntamiento\/wp-content\/uploads\/2015\/02\/SAM_2108-scaled.jpg","datePublished":"2015-02-06T00:00:00+00:00","dateModified":"2023-09-18T10:39:30+00:00","breadcrumb":{"@id":"https:\/\/coria.org\/ayuntamiento\/index.php\/2015\/02\/06\/aprendizext-coria-2014-continua-formando-a-jovenes\/#breadcrumb"},"inLanguage":"es","potentialAction":[{"@type":"ReadAction","target":["https:\/\/coria.org\/ayuntamiento\/index.php\/2015\/02\/06\/aprendizext-coria-2014-continua-formando-a-jovenes\/"]}]},{"@type":"ImageObject","inLanguage":"es","@id":"https:\/\/coria.org\/ayuntamiento\/index.php\/2015\/02\/06\/aprendizext-coria-2014-continua-formando-a-jovenes\/#primaryimage","url":"https:\/\/coria.org\/ayuntamiento\/wp-content\/uploads\/2015\/02\/SAM_2108-scaled.jpg","contentUrl":"https:\/\/coria.org\/ayuntamiento\/wp-content\/uploads\/2015\/02\/SAM_2108-scaled.jpg","width":2560,"height":1920},{"@type":"BreadcrumbList","@id":"https:\/\/coria.org\/ayuntamiento\/index.php\/2015\/02\/06\/aprendizext-coria-2014-continua-formando-a-jovenes\/#breadcrumb","itemListElement":[{"@type":"ListItem","position":1,"name":"Inicio","item":"https:\/\/coria.org\/ayuntamiento\/"},{"@type":"ListItem","position":2,"name":"Aprendizext Coria 2014 continua formando a J\u00f3venes"}]},{"@type":"WebSite","@id":"https:\/\/coria.org\/ayuntamiento\/#website","url":"https:\/\/coria.org\/ayuntamiento\/","name":"Ayuntamiento de Coria","description":"Web oficial del Ayuntamiento de Coria","publisher":{"@id":"https:\/\/coria.org\/ayuntamiento\/#organization"},"alternateName":"Web Oficial del Ayuntamiento de Coria","potentialAction":[{"@type":"SearchAction","target":{"@type":"EntryPoint","urlTemplate":"https:\/\/coria.org\/ayuntamiento\/?s={search_term_string}"},"query-input":{"@type":"PropertyValueSpecification","valueRequired":true,"valueName":"search_term_string"}}],"inLanguage":"es"},{"@type":"Organization","@id":"https:\/\/coria.org\/ayuntamiento\/#organization","name":"Ayuntamiento de Coria","alternateName":"Ayto de Coria","url":"https:\/\/coria.org\/ayuntamiento\/","logo":{"@type":"ImageObject","inLanguage":"es","@id":"https:\/\/coria.org\/ayuntamiento\/#\/schema\/logo\/image\/","url":"https:\/\/coria.org\/ayuntamiento\/wp-content\/uploads\/2020\/12\/escudo-ayuntamiento-coria.png","contentUrl":"https:\/\/coria.org\/ayuntamiento\/wp-content\/uploads\/2020\/12\/escudo-ayuntamiento-coria.png","width":511,"height":240,"caption":"Ayuntamiento de Coria"},"image":{"@id":"https:\/\/coria.org\/ayuntamiento\/#\/schema\/logo\/image\/"},"sameAs":["https:\/\/www.facebook.com\/Ayuntamiento.de.Coria","https:\/\/x.com\/Ayto_de_Coria","https:\/\/www.instagram.com\/coria.ayuntamiento\/","https:\/\/www.youtube.com\/user\/AYUNTAMIENTOCORIA"]},{"@type":"Person","@id":"https:\/\/coria.org\/ayuntamiento\/#\/schema\/person\/8bd589f0e13e8ae5aa06def7a599d622","name":"ayuntamiento","image":{"@type":"ImageObject","inLanguage":"es","@id":"https:\/\/secure.gravatar.com\/avatar\/966e5ed73cad334adda5c87f49f2547f7082f7292c1b627cbb548744383b391c?s=96&d=mm&r=g","url":"https:\/\/secure.gravatar.com\/avatar\/966e5ed73cad334adda5c87f49f2547f7082f7292c1b627cbb548744383b391c?s=96&d=mm&r=g","contentUrl":"https:\/\/secure.gravatar.com\/avatar\/966e5ed73cad334adda5c87f49f2547f7082f7292c1b627cbb548744383b391c?s=96&d=mm&r=g","caption":"ayuntamiento"}}]}},"uagb_featured_image_src":{"full":["https:\/\/coria.org\/ayuntamiento\/wp-content\/uploads\/2015\/02\/SAM_2108-scaled.jpg",2560,1920,false],"thumbnail":["https:\/\/coria.org\/ayuntamiento\/wp-content\/uploads\/2015\/02\/SAM_2108-150x150.jpg",150,150,true],"medium":["https:\/\/coria.org\/ayuntamiento\/wp-content\/uploads\/2015\/02\/SAM_2108-300x225.jpg",300,225,true],"medium_large":["https:\/\/coria.org\/ayuntamiento\/wp-content\/uploads\/2015\/02\/SAM_2108-768x576.jpg",768,576,true],"large":["https:\/\/coria.org\/ayuntamiento\/wp-content\/uploads\/2015\/02\/SAM_2108-1024x768.jpg",1024,768,true],"thumblist":["https:\/\/coria.org\/ayuntamiento\/wp-content\/uploads\/2015\/02\/SAM_2108-scaled.jpg",300,225,false],"thumbrelated":["https:\/\/coria.org\/ayuntamiento\/wp-content\/uploads\/2015\/02\/SAM_2108-scaled.jpg",500,375,false],"meccarouselthumb":["https:\/\/coria.org\/ayuntamiento\/wp-content\/uploads\/2015\/02\/SAM_2108-scaled.jpg",432,324,false],"gridsquare":["https:\/\/coria.org\/ayuntamiento\/wp-content\/uploads\/2015\/02\/SAM_2108-scaled.jpg",347,260,false],"tileview":["https:\/\/coria.org\/ayuntamiento\/wp-content\/uploads\/2015\/02\/SAM_2108-scaled.jpg",300,225,false],"1536x1536":["https:\/\/coria.org\/ayuntamiento\/wp-content\/uploads\/2015\/02\/SAM_2108-1536x1152.jpg",1536,1152,true],"2048x2048":["https:\/\/coria.org\/ayuntamiento\/wp-content\/uploads\/2015\/02\/SAM_2108-2048x1536.jpg",2048,1536,true]},"uagb_author_info":{"display_name":"ayuntamiento","author_link":"https:\/\/coria.org\/ayuntamiento\/index.php\/author\/ayuntamiento\/"},"uagb_comment_info":0,"uagb_excerpt":"Desde que el pasado 1 de noviembre diera comienzo el Programa de Formaci\u00f3n Dual para el Empleo, con el objetivo de formar a 24 j\u00f3venes menores de 25 a\u00f1os de la localidad de Coria, son varios los trabajos que han estado realizando estos meses en los oficios de alba\u00f1iler\u00eda, jardiner\u00eda y electricidad. Seg\u00fan explica su&hellip;","_links":{"self":[{"href":"https:\/\/coria.org\/ayuntamiento\/index.php\/wp-json\/wp\/v2\/posts\/25740","targetHints":{"allow":["GET"]}}],"collection":[{"href":"https:\/\/coria.org\/ayuntamiento\/index.php\/wp-json\/wp\/v2\/posts"}],"about":[{"href":"https:\/\/coria.org\/ayuntamiento\/index.php\/wp-json\/wp\/v2\/types\/post"}],"author":[{"embeddable":true,"href":"https:\/\/coria.org\/ayuntamiento\/index.php\/wp-json\/wp\/v2\/users\/2"}],"replies":[{"embeddable":true,"href":"https:\/\/coria.org\/ayuntamiento\/index.php\/wp-json\/wp\/v2\/comments?post=25740"}],"version-history":[{"count":0,"href":"https:\/\/coria.org\/ayuntamiento\/index.php\/wp-json\/wp\/v2\/posts\/25740\/revisions"}],"wp:featuredmedia":[{"embeddable":true,"href":"https:\/\/coria.org\/ayuntamiento\/index.php\/wp-json\/wp\/v2\/media\/30807"}],"wp:attachment":[{"href":"https:\/\/coria.org\/ayuntamiento\/index.php\/wp-json\/wp\/v2\/media?parent=25740"}],"wp:term":[{"taxonomy":"category","embeddable":true,"href":"https:\/\/coria.org\/ayuntamiento\/index.php\/wp-json\/wp\/v2\/categories?post=25740"},{"taxonomy":"post_tag","embeddable":true,"href":"https:\/\/coria.org\/ayuntamiento\/index.php\/wp-json\/wp\/v2\/tags?post=25740"}],"curies":[{"name":"wp","href":"https:\/\/api.w.org\/{rel}","templated":true}]}}