{"id":25736,"date":"2015-12-02T00:00:00","date_gmt":"2015-12-02T00:00:00","guid":{"rendered":"https:\/\/ayuntamiento.coriaenimagenes.com\/la-consejeria-de-fomento-invierte-350-000-euros-en-la-mejora-del-deposito-de-agua-de-coria\/"},"modified":"2023-09-18T12:38:42","modified_gmt":"2023-09-18T10:38:42","slug":"la-consejeria-de-fomento-invierte-350-000-euros-en-la-mejora-del-deposito-de-agua-de-coria","status":"publish","type":"post","link":"https:\/\/coria.org\/ayuntamiento\/index.php\/2015\/12\/02\/la-consejeria-de-fomento-invierte-350-000-euros-en-la-mejora-del-deposito-de-agua-de-coria\/","title":{"rendered":"La Consejer\u00eda de Fomento invierte 350.000 euros en la mejora del Dep\u00f3sito de Agua de Coria"},"content":{"rendered":"\n<p><b>El consejero de Fomento, V\u00edctor del Moral, ha visitado Coria para reunirse con el alcalde, Jos\u00e9 Manuel Garc\u00eda Ballestero, y presentar las mejoras que su departamento va a realizar en la red de suministro de agua potable a la poblaci\u00f3n, con 350.000 euros de inversi\u00f3n.<\/b><\/p>\n\n<figure class=\"wp-block-post-featured-image\"><img loading=\"lazy\" decoding=\"async\" width=\"640\" height=\"426\" src=\"https:\/\/coria.org\/ayuntamiento\/wp-content\/uploads\/2022\/03\/image-111.jpeg\" class=\"attachment-post-thumbnail size-post-thumbnail wp-post-image\" alt=\"\" style=\"object-fit:cover;\" srcset=\"https:\/\/coria.org\/ayuntamiento\/wp-content\/uploads\/2022\/03\/image-111.jpeg 640w, https:\/\/coria.org\/ayuntamiento\/wp-content\/uploads\/2022\/03\/image-111-300x200.jpeg 300w\" sizes=\"auto, (max-width: 640px) 100vw, 640px\" \/><\/figure>\n\n<p><\/p>\n\n\n<p><span style=\"font-family: verdana,arial,helvetica,sans-serif; font-size: small;\">La actuaci\u00f3n consistir\u00e1 por un lado, en la reparaci\u00f3n e impermeabilizaci\u00f3n del dep\u00f3sito de agua, que tiene una antig\u00fcedad superior a los 40 a\u00f1os y presenta numerosas deficiencias, como grietas que provocan continuas fugas. Adem\u00e1s, la cubierta y la c\u00e1mara de llaves se encuentran en mal estado de conservaci\u00f3n y mantenimiento, por lo que tambi\u00e9n se actuar\u00e1 sobre ellas.<\/span><\/p>\n\n\n<p><span style=\"font-family: verdana,arial,helvetica,sans-serif; font-size: small;\">Por otra parte, se renovar\u00e1 un tramo de la red de transporte del agua desde el dep\u00f3sito regulador a la red de distribuci\u00f3n cauriense, con una longitud superior a los 300 metros. Tambi\u00e9n se instalar\u00e1n los elementos de valvuler\u00eda necesarios y se repondr\u00e1 el firme en las v\u00edas afectadas.<\/span><\/p>\n\n\n<p><span style=\"font-family: verdana,arial,helvetica,sans-serif; font-size: small;\">Del Moral y Garc\u00eda Ballestero han evaluado tambi\u00e9n el estado de la cesi\u00f3n de la traves\u00eda de Coria al ayuntamiento y las obras de reforma de las antiguas casas de los camineros para convertirlas en 24 viviendas de promoci\u00f3n p\u00fablica, una actuaci\u00f3n que se encuentra en su fase final con una inversi\u00f3n total de 944.390 euros.<\/span><\/p>\n\n\n<p><span style=\"font-family: verdana,arial,helvetica,sans-serif; font-size: small;\"><strong>ELIMINACI\u00d3N DE UN TRAMO DE CONCENTRACI\u00d3N DE ACCIDENTES<br \/><\/strong><\/span><span style=\"font-family: verdana,arial,helvetica,sans-serif; font-size: small;\"><br \/>El titular auton\u00f3mico de Infraestructuras termina su viaje a la comarca visitando las obras que se est\u00e1n ejecutando para mejorar la seguridad vial en el acceso a Coria por la EX-109, donde est\u00e1n en construcci\u00f3n dos glorietas y donde se&nbsp; desarrollar\u00e1n diversas actuaciones para tratar de eliminar este tramo de concentraci\u00f3n de accidentes. La inversi\u00f3n del Gobierno de Extremadura asciende a 991.623 euros.<\/span><\/p>\n\n\n<p><span style=\"font-family: verdana,arial,helvetica,sans-serif; font-size: small;\">Con esta obra se pretende eliminar los riesgos para la circulaci\u00f3n existentes entre los puntos kilom\u00e9tricos 21,900 y 22,900. En las cunetas existe abundante vegetaci\u00f3n y se ubican gran cantidad de accesos, la mayor parte de ellos sin se\u00f1alizaci\u00f3n apropiada, que dan servicio a las parcelas colindantes o a naves industriales que se sit\u00faan en ambas m\u00e1rgenes de la carretera. Adem\u00e1s existe una intersecci\u00f3n entre esta carretera y la que lleva a Rinc\u00f3n del Obispo.<\/span><\/p>\n\n\n<p><span style=\"font-family: verdana,arial,helvetica,sans-serif; font-size: small;\">El tramo est\u00e1 se\u00f1alizado con limitaciones de velocidad de 70 kil\u00f3metros por hora en ambos sentidos, pero se ha observado en los \u00faltimos a\u00f1os un reiterado incumplimiento, agravado por la alta intensidad de tr\u00e1fico (6.998 veh\u00edculos\/d\u00eda de media).<\/span><\/p>\n\n\n<p><span style=\"font-family: verdana,arial,helvetica,sans-serif; font-size: small;\">Para solucionar estos problemas se construir\u00e1 en el kil\u00f3metro 22,900 una glorieta que permitir\u00e1 los cambios de sentido, evitando los giros a la izquierda. Adem\u00e1s estar\u00e1 conectada con la v\u00eda de servicio de la margen izquierda de la v\u00eda.<\/span><\/p>\n\n\n<p><span style=\"font-family: verdana,arial,helvetica,sans-serif; font-size: small;\">En el punto 21,900, donde en la actualidad existe la intersecci\u00f3n con la carretera de Rinc\u00f3n del Obispo, se construir\u00e1 otra rotonda que permitir\u00e1, adem\u00e1s de los movimientos actuales, la incorporaci\u00f3n a sendas v\u00edas de servicio nuevas, una por cada margen. Con esta obra se conseguir\u00e1 que las incorporaciones a las fincas e instalaciones colindantes se producir\u00e1n en condiciones de seguridad adecuadas, eliminando los giros a la izquierda y las retenciones de tr\u00e1fico en la v\u00eda principal como consecuencia de dichos cambios de direcci\u00f3n.<\/span><\/p>\n\n\n<p><span style=\"font-family: verdana,arial,helvetica,sans-serif; font-size: small;\">Durante su visita a la comarca, Del Moral ha estado acompa\u00f1ado por la directora general de Carreteras y Obras Hidr\u00e1ulicas, Monta\u00f1a Jim\u00e9nez, y por el director general de Transportes, Miguel \u00c1ngel Rufo.<\/span><\/p>\n\n\n<p><iframe loading=\"lazy\" src=\"https:\/\/www.youtube.com\/embed\/E39asWvLISg\" width=\"480\" height=\"360\" frameborder=\"0\" allowfullscreen=\"allowfullscreen\"><\/iframe><\/p>\n","protected":false},"excerpt":{"rendered":"<p>El consejero de Fomento, V\u00edctor del Moral, ha visitado Coria para reunirse con el alcalde, Jos\u00e9 Manuel Garc\u00eda Ballestero, y presentar las mejoras que su departamento va a realizar en la red de suministro de agua potable a la poblaci\u00f3n, con 350.000 euros de inversi\u00f3n. La actuaci\u00f3n consistir\u00e1 por un lado, en la reparaci\u00f3n e [&hellip;]<\/p>\n","protected":false},"author":2,"featured_media":30212,"comment_status":"closed","ping_status":"closed","sticky":false,"template":"","format":"standard","meta":{"_uag_custom_page_level_css":"","footnotes":""},"categories":[2],"tags":[3,4],"class_list":["post-25736","post","type-post","status-publish","format-standard","has-post-thumbnail","hentry","category-noticias","tag-coria","tag-extremadura"],"yoast_head":"<!-- This site is optimized with the Yoast SEO plugin v27.4 - https:\/\/yoast.com\/product\/yoast-seo-wordpress\/ -->\n<title>La Consejer\u00eda de Fomento invierte 350.000 euros en la mejora del Dep\u00f3sito de Agua de Coria - Ayuntamiento de Coria<\/title>\n<meta name=\"robots\" content=\"index, follow, max-snippet:-1, max-image-preview:large, max-video-preview:-1\" \/>\n<link rel=\"canonical\" href=\"https:\/\/coria.org\/ayuntamiento\/index.php\/2015\/12\/02\/la-consejeria-de-fomento-invierte-350-000-euros-en-la-mejora-del-deposito-de-agua-de-coria\/\" \/>\n<meta property=\"og:locale\" content=\"es_ES\" \/>\n<meta property=\"og:type\" content=\"article\" \/>\n<meta property=\"og:title\" content=\"La Consejer\u00eda de Fomento invierte 350.000 euros en la mejora del Dep\u00f3sito de Agua de Coria - Ayuntamiento de Coria\" \/>\n<meta property=\"og:description\" content=\"El consejero de Fomento, V\u00edctor del Moral, ha visitado Coria para reunirse con el alcalde, Jos\u00e9 Manuel Garc\u00eda Ballestero, y presentar las mejoras que su departamento va a realizar en la red de suministro de agua potable a la poblaci\u00f3n, con 350.000 euros de inversi\u00f3n. La actuaci\u00f3n consistir\u00e1 por un lado, en la reparaci\u00f3n e [&hellip;]\" \/>\n<meta property=\"og:url\" content=\"https:\/\/coria.org\/ayuntamiento\/index.php\/2015\/12\/02\/la-consejeria-de-fomento-invierte-350-000-euros-en-la-mejora-del-deposito-de-agua-de-coria\/\" \/>\n<meta property=\"og:site_name\" content=\"Ayuntamiento de Coria\" \/>\n<meta property=\"article:publisher\" content=\"https:\/\/www.facebook.com\/Ayuntamiento.de.Coria\" \/>\n<meta property=\"article:published_time\" content=\"2015-12-02T00:00:00+00:00\" \/>\n<meta property=\"article:modified_time\" content=\"2023-09-18T10:38:42+00:00\" \/>\n<meta property=\"og:image\" content=\"https:\/\/coria.org\/ayuntamiento\/wp-content\/uploads\/2022\/03\/image-111.jpeg\" \/>\n\t<meta property=\"og:image:width\" content=\"640\" \/>\n\t<meta property=\"og:image:height\" content=\"426\" \/>\n\t<meta property=\"og:image:type\" content=\"image\/jpeg\" \/>\n<meta name=\"author\" content=\"ayuntamiento\" \/>\n<meta name=\"twitter:card\" content=\"summary_large_image\" \/>\n<meta name=\"twitter:creator\" content=\"@Ayto_de_Coria\" \/>\n<meta name=\"twitter:site\" content=\"@Ayto_de_Coria\" \/>\n<meta name=\"twitter:label1\" content=\"Escrito por\" \/>\n\t<meta name=\"twitter:data1\" content=\"ayuntamiento\" \/>\n\t<meta name=\"twitter:label2\" content=\"Tiempo de lectura\" \/>\n\t<meta name=\"twitter:data2\" content=\"3 minutos\" \/>\n<script type=\"application\/ld+json\" class=\"yoast-schema-graph\">{\"@context\":\"https:\\\/\\\/schema.org\",\"@graph\":[{\"@type\":\"Article\",\"@id\":\"https:\\\/\\\/coria.org\\\/ayuntamiento\\\/index.php\\\/2015\\\/12\\\/02\\\/la-consejeria-de-fomento-invierte-350-000-euros-en-la-mejora-del-deposito-de-agua-de-coria\\\/#article\",\"isPartOf\":{\"@id\":\"https:\\\/\\\/coria.org\\\/ayuntamiento\\\/index.php\\\/2015\\\/12\\\/02\\\/la-consejeria-de-fomento-invierte-350-000-euros-en-la-mejora-del-deposito-de-agua-de-coria\\\/\"},\"author\":{\"name\":\"ayuntamiento\",\"@id\":\"https:\\\/\\\/coria.org\\\/ayuntamiento\\\/#\\\/schema\\\/person\\\/8bd589f0e13e8ae5aa06def7a599d622\"},\"headline\":\"La Consejer\u00eda de Fomento invierte 350.000 euros en la mejora del Dep\u00f3sito de Agua de Coria\",\"datePublished\":\"2015-12-02T00:00:00+00:00\",\"dateModified\":\"2023-09-18T10:38:42+00:00\",\"mainEntityOfPage\":{\"@id\":\"https:\\\/\\\/coria.org\\\/ayuntamiento\\\/index.php\\\/2015\\\/12\\\/02\\\/la-consejeria-de-fomento-invierte-350-000-euros-en-la-mejora-del-deposito-de-agua-de-coria\\\/\"},\"wordCount\":625,\"publisher\":{\"@id\":\"https:\\\/\\\/coria.org\\\/ayuntamiento\\\/#organization\"},\"image\":{\"@id\":\"https:\\\/\\\/coria.org\\\/ayuntamiento\\\/index.php\\\/2015\\\/12\\\/02\\\/la-consejeria-de-fomento-invierte-350-000-euros-en-la-mejora-del-deposito-de-agua-de-coria\\\/#primaryimage\"},\"thumbnailUrl\":\"https:\\\/\\\/coria.org\\\/ayuntamiento\\\/wp-content\\\/uploads\\\/2022\\\/03\\\/image-111.jpeg\",\"keywords\":[\"coria\",\"extremadura\"],\"articleSection\":[\"Noticias\"],\"inLanguage\":\"es\"},{\"@type\":\"WebPage\",\"@id\":\"https:\\\/\\\/coria.org\\\/ayuntamiento\\\/index.php\\\/2015\\\/12\\\/02\\\/la-consejeria-de-fomento-invierte-350-000-euros-en-la-mejora-del-deposito-de-agua-de-coria\\\/\",\"url\":\"https:\\\/\\\/coria.org\\\/ayuntamiento\\\/index.php\\\/2015\\\/12\\\/02\\\/la-consejeria-de-fomento-invierte-350-000-euros-en-la-mejora-del-deposito-de-agua-de-coria\\\/\",\"name\":\"La Consejer\u00eda de Fomento invierte 350.000 euros en la mejora del Dep\u00f3sito de Agua de Coria - Ayuntamiento de Coria\",\"isPartOf\":{\"@id\":\"https:\\\/\\\/coria.org\\\/ayuntamiento\\\/#website\"},\"primaryImageOfPage\":{\"@id\":\"https:\\\/\\\/coria.org\\\/ayuntamiento\\\/index.php\\\/2015\\\/12\\\/02\\\/la-consejeria-de-fomento-invierte-350-000-euros-en-la-mejora-del-deposito-de-agua-de-coria\\\/#primaryimage\"},\"image\":{\"@id\":\"https:\\\/\\\/coria.org\\\/ayuntamiento\\\/index.php\\\/2015\\\/12\\\/02\\\/la-consejeria-de-fomento-invierte-350-000-euros-en-la-mejora-del-deposito-de-agua-de-coria\\\/#primaryimage\"},\"thumbnailUrl\":\"https:\\\/\\\/coria.org\\\/ayuntamiento\\\/wp-content\\\/uploads\\\/2022\\\/03\\\/image-111.jpeg\",\"datePublished\":\"2015-12-02T00:00:00+00:00\",\"dateModified\":\"2023-09-18T10:38:42+00:00\",\"breadcrumb\":{\"@id\":\"https:\\\/\\\/coria.org\\\/ayuntamiento\\\/index.php\\\/2015\\\/12\\\/02\\\/la-consejeria-de-fomento-invierte-350-000-euros-en-la-mejora-del-deposito-de-agua-de-coria\\\/#breadcrumb\"},\"inLanguage\":\"es\",\"potentialAction\":[{\"@type\":\"ReadAction\",\"target\":[\"https:\\\/\\\/coria.org\\\/ayuntamiento\\\/index.php\\\/2015\\\/12\\\/02\\\/la-consejeria-de-fomento-invierte-350-000-euros-en-la-mejora-del-deposito-de-agua-de-coria\\\/\"]}]},{\"@type\":\"ImageObject\",\"inLanguage\":\"es\",\"@id\":\"https:\\\/\\\/coria.org\\\/ayuntamiento\\\/index.php\\\/2015\\\/12\\\/02\\\/la-consejeria-de-fomento-invierte-350-000-euros-en-la-mejora-del-deposito-de-agua-de-coria\\\/#primaryimage\",\"url\":\"https:\\\/\\\/coria.org\\\/ayuntamiento\\\/wp-content\\\/uploads\\\/2022\\\/03\\\/image-111.jpeg\",\"contentUrl\":\"https:\\\/\\\/coria.org\\\/ayuntamiento\\\/wp-content\\\/uploads\\\/2022\\\/03\\\/image-111.jpeg\",\"width\":640,\"height\":426},{\"@type\":\"BreadcrumbList\",\"@id\":\"https:\\\/\\\/coria.org\\\/ayuntamiento\\\/index.php\\\/2015\\\/12\\\/02\\\/la-consejeria-de-fomento-invierte-350-000-euros-en-la-mejora-del-deposito-de-agua-de-coria\\\/#breadcrumb\",\"itemListElement\":[{\"@type\":\"ListItem\",\"position\":1,\"name\":\"Inicio\",\"item\":\"https:\\\/\\\/coria.org\\\/ayuntamiento\\\/\"},{\"@type\":\"ListItem\",\"position\":2,\"name\":\"La Consejer\u00eda de Fomento invierte 350.000 euros en la mejora del Dep\u00f3sito de Agua de Coria\"}]},{\"@type\":\"WebSite\",\"@id\":\"https:\\\/\\\/coria.org\\\/ayuntamiento\\\/#website\",\"url\":\"https:\\\/\\\/coria.org\\\/ayuntamiento\\\/\",\"name\":\"Ayuntamiento de Coria\",\"description\":\"Web oficial del Ayuntamiento de Coria\",\"publisher\":{\"@id\":\"https:\\\/\\\/coria.org\\\/ayuntamiento\\\/#organization\"},\"alternateName\":\"Web Oficial del Ayuntamiento de Coria\",\"potentialAction\":[{\"@type\":\"SearchAction\",\"target\":{\"@type\":\"EntryPoint\",\"urlTemplate\":\"https:\\\/\\\/coria.org\\\/ayuntamiento\\\/?s={search_term_string}\"},\"query-input\":{\"@type\":\"PropertyValueSpecification\",\"valueRequired\":true,\"valueName\":\"search_term_string\"}}],\"inLanguage\":\"es\"},{\"@type\":\"Organization\",\"@id\":\"https:\\\/\\\/coria.org\\\/ayuntamiento\\\/#organization\",\"name\":\"Ayuntamiento de Coria\",\"alternateName\":\"Ayto de Coria\",\"url\":\"https:\\\/\\\/coria.org\\\/ayuntamiento\\\/\",\"logo\":{\"@type\":\"ImageObject\",\"inLanguage\":\"es\",\"@id\":\"https:\\\/\\\/coria.org\\\/ayuntamiento\\\/#\\\/schema\\\/logo\\\/image\\\/\",\"url\":\"https:\\\/\\\/coria.org\\\/ayuntamiento\\\/wp-content\\\/uploads\\\/2020\\\/12\\\/escudo-ayuntamiento-coria.png\",\"contentUrl\":\"https:\\\/\\\/coria.org\\\/ayuntamiento\\\/wp-content\\\/uploads\\\/2020\\\/12\\\/escudo-ayuntamiento-coria.png\",\"width\":511,\"height\":240,\"caption\":\"Ayuntamiento de Coria\"},\"image\":{\"@id\":\"https:\\\/\\\/coria.org\\\/ayuntamiento\\\/#\\\/schema\\\/logo\\\/image\\\/\"},\"sameAs\":[\"https:\\\/\\\/www.facebook.com\\\/Ayuntamiento.de.Coria\",\"https:\\\/\\\/x.com\\\/Ayto_de_Coria\",\"https:\\\/\\\/www.instagram.com\\\/coria.ayuntamiento\\\/\",\"https:\\\/\\\/www.youtube.com\\\/user\\\/AYUNTAMIENTOCORIA\"]},{\"@type\":\"Person\",\"@id\":\"https:\\\/\\\/coria.org\\\/ayuntamiento\\\/#\\\/schema\\\/person\\\/8bd589f0e13e8ae5aa06def7a599d622\",\"name\":\"ayuntamiento\",\"image\":{\"@type\":\"ImageObject\",\"inLanguage\":\"es\",\"@id\":\"https:\\\/\\\/secure.gravatar.com\\\/avatar\\\/966e5ed73cad334adda5c87f49f2547f7082f7292c1b627cbb548744383b391c?s=96&d=mm&r=g\",\"url\":\"https:\\\/\\\/secure.gravatar.com\\\/avatar\\\/966e5ed73cad334adda5c87f49f2547f7082f7292c1b627cbb548744383b391c?s=96&d=mm&r=g\",\"contentUrl\":\"https:\\\/\\\/secure.gravatar.com\\\/avatar\\\/966e5ed73cad334adda5c87f49f2547f7082f7292c1b627cbb548744383b391c?s=96&d=mm&r=g\",\"caption\":\"ayuntamiento\"}}]}<\/script>\n<!-- \/ Yoast SEO plugin. -->","yoast_head_json":{"title":"La Consejer\u00eda de Fomento invierte 350.000 euros en la mejora del Dep\u00f3sito de Agua de Coria - Ayuntamiento de Coria","robots":{"index":"index","follow":"follow","max-snippet":"max-snippet:-1","max-image-preview":"max-image-preview:large","max-video-preview":"max-video-preview:-1"},"canonical":"https:\/\/coria.org\/ayuntamiento\/index.php\/2015\/12\/02\/la-consejeria-de-fomento-invierte-350-000-euros-en-la-mejora-del-deposito-de-agua-de-coria\/","og_locale":"es_ES","og_type":"article","og_title":"La Consejer\u00eda de Fomento invierte 350.000 euros en la mejora del Dep\u00f3sito de Agua de Coria - Ayuntamiento de Coria","og_description":"El consejero de Fomento, V\u00edctor del Moral, ha visitado Coria para reunirse con el alcalde, Jos\u00e9 Manuel Garc\u00eda Ballestero, y presentar las mejoras que su departamento va a realizar en la red de suministro de agua potable a la poblaci\u00f3n, con 350.000 euros de inversi\u00f3n. La actuaci\u00f3n consistir\u00e1 por un lado, en la reparaci\u00f3n e [&hellip;]","og_url":"https:\/\/coria.org\/ayuntamiento\/index.php\/2015\/12\/02\/la-consejeria-de-fomento-invierte-350-000-euros-en-la-mejora-del-deposito-de-agua-de-coria\/","og_site_name":"Ayuntamiento de Coria","article_publisher":"https:\/\/www.facebook.com\/Ayuntamiento.de.Coria","article_published_time":"2015-12-02T00:00:00+00:00","article_modified_time":"2023-09-18T10:38:42+00:00","og_image":[{"width":640,"height":426,"url":"https:\/\/coria.org\/ayuntamiento\/wp-content\/uploads\/2022\/03\/image-111.jpeg","type":"image\/jpeg"}],"author":"ayuntamiento","twitter_card":"summary_large_image","twitter_creator":"@Ayto_de_Coria","twitter_site":"@Ayto_de_Coria","twitter_misc":{"Escrito por":"ayuntamiento","Tiempo de lectura":"3 minutos"},"schema":{"@context":"https:\/\/schema.org","@graph":[{"@type":"Article","@id":"https:\/\/coria.org\/ayuntamiento\/index.php\/2015\/12\/02\/la-consejeria-de-fomento-invierte-350-000-euros-en-la-mejora-del-deposito-de-agua-de-coria\/#article","isPartOf":{"@id":"https:\/\/coria.org\/ayuntamiento\/index.php\/2015\/12\/02\/la-consejeria-de-fomento-invierte-350-000-euros-en-la-mejora-del-deposito-de-agua-de-coria\/"},"author":{"name":"ayuntamiento","@id":"https:\/\/coria.org\/ayuntamiento\/#\/schema\/person\/8bd589f0e13e8ae5aa06def7a599d622"},"headline":"La Consejer\u00eda de Fomento invierte 350.000 euros en la mejora del Dep\u00f3sito de Agua de Coria","datePublished":"2015-12-02T00:00:00+00:00","dateModified":"2023-09-18T10:38:42+00:00","mainEntityOfPage":{"@id":"https:\/\/coria.org\/ayuntamiento\/index.php\/2015\/12\/02\/la-consejeria-de-fomento-invierte-350-000-euros-en-la-mejora-del-deposito-de-agua-de-coria\/"},"wordCount":625,"publisher":{"@id":"https:\/\/coria.org\/ayuntamiento\/#organization"},"image":{"@id":"https:\/\/coria.org\/ayuntamiento\/index.php\/2015\/12\/02\/la-consejeria-de-fomento-invierte-350-000-euros-en-la-mejora-del-deposito-de-agua-de-coria\/#primaryimage"},"thumbnailUrl":"https:\/\/coria.org\/ayuntamiento\/wp-content\/uploads\/2022\/03\/image-111.jpeg","keywords":["coria","extremadura"],"articleSection":["Noticias"],"inLanguage":"es"},{"@type":"WebPage","@id":"https:\/\/coria.org\/ayuntamiento\/index.php\/2015\/12\/02\/la-consejeria-de-fomento-invierte-350-000-euros-en-la-mejora-del-deposito-de-agua-de-coria\/","url":"https:\/\/coria.org\/ayuntamiento\/index.php\/2015\/12\/02\/la-consejeria-de-fomento-invierte-350-000-euros-en-la-mejora-del-deposito-de-agua-de-coria\/","name":"La Consejer\u00eda de Fomento invierte 350.000 euros en la mejora del Dep\u00f3sito de Agua de Coria - Ayuntamiento de Coria","isPartOf":{"@id":"https:\/\/coria.org\/ayuntamiento\/#website"},"primaryImageOfPage":{"@id":"https:\/\/coria.org\/ayuntamiento\/index.php\/2015\/12\/02\/la-consejeria-de-fomento-invierte-350-000-euros-en-la-mejora-del-deposito-de-agua-de-coria\/#primaryimage"},"image":{"@id":"https:\/\/coria.org\/ayuntamiento\/index.php\/2015\/12\/02\/la-consejeria-de-fomento-invierte-350-000-euros-en-la-mejora-del-deposito-de-agua-de-coria\/#primaryimage"},"thumbnailUrl":"https:\/\/coria.org\/ayuntamiento\/wp-content\/uploads\/2022\/03\/image-111.jpeg","datePublished":"2015-12-02T00:00:00+00:00","dateModified":"2023-09-18T10:38:42+00:00","breadcrumb":{"@id":"https:\/\/coria.org\/ayuntamiento\/index.php\/2015\/12\/02\/la-consejeria-de-fomento-invierte-350-000-euros-en-la-mejora-del-deposito-de-agua-de-coria\/#breadcrumb"},"inLanguage":"es","potentialAction":[{"@type":"ReadAction","target":["https:\/\/coria.org\/ayuntamiento\/index.php\/2015\/12\/02\/la-consejeria-de-fomento-invierte-350-000-euros-en-la-mejora-del-deposito-de-agua-de-coria\/"]}]},{"@type":"ImageObject","inLanguage":"es","@id":"https:\/\/coria.org\/ayuntamiento\/index.php\/2015\/12\/02\/la-consejeria-de-fomento-invierte-350-000-euros-en-la-mejora-del-deposito-de-agua-de-coria\/#primaryimage","url":"https:\/\/coria.org\/ayuntamiento\/wp-content\/uploads\/2022\/03\/image-111.jpeg","contentUrl":"https:\/\/coria.org\/ayuntamiento\/wp-content\/uploads\/2022\/03\/image-111.jpeg","width":640,"height":426},{"@type":"BreadcrumbList","@id":"https:\/\/coria.org\/ayuntamiento\/index.php\/2015\/12\/02\/la-consejeria-de-fomento-invierte-350-000-euros-en-la-mejora-del-deposito-de-agua-de-coria\/#breadcrumb","itemListElement":[{"@type":"ListItem","position":1,"name":"Inicio","item":"https:\/\/coria.org\/ayuntamiento\/"},{"@type":"ListItem","position":2,"name":"La Consejer\u00eda de Fomento invierte 350.000 euros en la mejora del Dep\u00f3sito de Agua de Coria"}]},{"@type":"WebSite","@id":"https:\/\/coria.org\/ayuntamiento\/#website","url":"https:\/\/coria.org\/ayuntamiento\/","name":"Ayuntamiento de Coria","description":"Web oficial del Ayuntamiento de Coria","publisher":{"@id":"https:\/\/coria.org\/ayuntamiento\/#organization"},"alternateName":"Web Oficial del Ayuntamiento de Coria","potentialAction":[{"@type":"SearchAction","target":{"@type":"EntryPoint","urlTemplate":"https:\/\/coria.org\/ayuntamiento\/?s={search_term_string}"},"query-input":{"@type":"PropertyValueSpecification","valueRequired":true,"valueName":"search_term_string"}}],"inLanguage":"es"},{"@type":"Organization","@id":"https:\/\/coria.org\/ayuntamiento\/#organization","name":"Ayuntamiento de Coria","alternateName":"Ayto de Coria","url":"https:\/\/coria.org\/ayuntamiento\/","logo":{"@type":"ImageObject","inLanguage":"es","@id":"https:\/\/coria.org\/ayuntamiento\/#\/schema\/logo\/image\/","url":"https:\/\/coria.org\/ayuntamiento\/wp-content\/uploads\/2020\/12\/escudo-ayuntamiento-coria.png","contentUrl":"https:\/\/coria.org\/ayuntamiento\/wp-content\/uploads\/2020\/12\/escudo-ayuntamiento-coria.png","width":511,"height":240,"caption":"Ayuntamiento de Coria"},"image":{"@id":"https:\/\/coria.org\/ayuntamiento\/#\/schema\/logo\/image\/"},"sameAs":["https:\/\/www.facebook.com\/Ayuntamiento.de.Coria","https:\/\/x.com\/Ayto_de_Coria","https:\/\/www.instagram.com\/coria.ayuntamiento\/","https:\/\/www.youtube.com\/user\/AYUNTAMIENTOCORIA"]},{"@type":"Person","@id":"https:\/\/coria.org\/ayuntamiento\/#\/schema\/person\/8bd589f0e13e8ae5aa06def7a599d622","name":"ayuntamiento","image":{"@type":"ImageObject","inLanguage":"es","@id":"https:\/\/secure.gravatar.com\/avatar\/966e5ed73cad334adda5c87f49f2547f7082f7292c1b627cbb548744383b391c?s=96&d=mm&r=g","url":"https:\/\/secure.gravatar.com\/avatar\/966e5ed73cad334adda5c87f49f2547f7082f7292c1b627cbb548744383b391c?s=96&d=mm&r=g","contentUrl":"https:\/\/secure.gravatar.com\/avatar\/966e5ed73cad334adda5c87f49f2547f7082f7292c1b627cbb548744383b391c?s=96&d=mm&r=g","caption":"ayuntamiento"}}]}},"uagb_featured_image_src":{"full":["https:\/\/coria.org\/ayuntamiento\/wp-content\/uploads\/2022\/03\/image-111.jpeg",640,426,false],"thumbnail":["https:\/\/coria.org\/ayuntamiento\/wp-content\/uploads\/2022\/03\/image-111-150x150.jpeg",150,150,true],"medium":["https:\/\/coria.org\/ayuntamiento\/wp-content\/uploads\/2022\/03\/image-111-300x200.jpeg",300,200,true],"medium_large":["https:\/\/coria.org\/ayuntamiento\/wp-content\/uploads\/2022\/03\/image-111.jpeg",640,426,false],"large":["https:\/\/coria.org\/ayuntamiento\/wp-content\/uploads\/2022\/03\/image-111.jpeg",640,426,false],"thumblist":["https:\/\/coria.org\/ayuntamiento\/wp-content\/uploads\/2022\/03\/image-111.jpeg",300,200,false],"thumbrelated":["https:\/\/coria.org\/ayuntamiento\/wp-content\/uploads\/2022\/03\/image-111.jpeg",500,333,false],"meccarouselthumb":["https:\/\/coria.org\/ayuntamiento\/wp-content\/uploads\/2022\/03\/image-111.jpeg",474,316,false],"gridsquare":["https:\/\/coria.org\/ayuntamiento\/wp-content\/uploads\/2022\/03\/image-111.jpeg",391,260,false],"tileview":["https:\/\/coria.org\/ayuntamiento\/wp-content\/uploads\/2022\/03\/image-111.jpeg",300,200,false],"1536x1536":["https:\/\/coria.org\/ayuntamiento\/wp-content\/uploads\/2022\/03\/image-111.jpeg",640,426,false],"2048x2048":["https:\/\/coria.org\/ayuntamiento\/wp-content\/uploads\/2022\/03\/image-111.jpeg",640,426,false]},"uagb_author_info":{"display_name":"ayuntamiento","author_link":"https:\/\/coria.org\/ayuntamiento\/index.php\/author\/ayuntamiento\/"},"uagb_comment_info":0,"uagb_excerpt":"El consejero de Fomento, V\u00edctor del Moral, ha visitado Coria para reunirse con el alcalde, Jos\u00e9 Manuel Garc\u00eda Ballestero, y presentar las mejoras que su departamento va a realizar en la red de suministro de agua potable a la poblaci\u00f3n, con 350.000 euros de inversi\u00f3n. La actuaci\u00f3n consistir\u00e1 por un lado, en la reparaci\u00f3n e&hellip;","_links":{"self":[{"href":"https:\/\/coria.org\/ayuntamiento\/index.php\/wp-json\/wp\/v2\/posts\/25736","targetHints":{"allow":["GET"]}}],"collection":[{"href":"https:\/\/coria.org\/ayuntamiento\/index.php\/wp-json\/wp\/v2\/posts"}],"about":[{"href":"https:\/\/coria.org\/ayuntamiento\/index.php\/wp-json\/wp\/v2\/types\/post"}],"author":[{"embeddable":true,"href":"https:\/\/coria.org\/ayuntamiento\/index.php\/wp-json\/wp\/v2\/users\/2"}],"replies":[{"embeddable":true,"href":"https:\/\/coria.org\/ayuntamiento\/index.php\/wp-json\/wp\/v2\/comments?post=25736"}],"version-history":[{"count":0,"href":"https:\/\/coria.org\/ayuntamiento\/index.php\/wp-json\/wp\/v2\/posts\/25736\/revisions"}],"wp:featuredmedia":[{"embeddable":true,"href":"https:\/\/coria.org\/ayuntamiento\/index.php\/wp-json\/wp\/v2\/media\/30212"}],"wp:attachment":[{"href":"https:\/\/coria.org\/ayuntamiento\/index.php\/wp-json\/wp\/v2\/media?parent=25736"}],"wp:term":[{"taxonomy":"category","embeddable":true,"href":"https:\/\/coria.org\/ayuntamiento\/index.php\/wp-json\/wp\/v2\/categories?post=25736"},{"taxonomy":"post_tag","embeddable":true,"href":"https:\/\/coria.org\/ayuntamiento\/index.php\/wp-json\/wp\/v2\/tags?post=25736"}],"curies":[{"name":"wp","href":"https:\/\/api.w.org\/{rel}","templated":true}]}}