{"id":25724,"date":"2015-02-25T00:00:00","date_gmt":"2015-02-25T00:00:00","guid":{"rendered":"https:\/\/ayuntamiento.coriaenimagenes.com\/anuncio-apertura-plazo-de-admision-de-solicitudes-para-la-adjudicacion-de-20-viviendas-de-promocion-publica-en-coria\/"},"modified":"2024-10-10T11:10:08","modified_gmt":"2024-10-10T09:10:08","slug":"anuncio-apertura-plazo-de-admision-de-solicitudes-para-la-adjudicacion-de-20-viviendas-de-promocion-publica-en-coria","status":"publish","type":"post","link":"https:\/\/coria.org\/ayuntamiento\/index.php\/2015\/02\/25\/anuncio-apertura-plazo-de-admision-de-solicitudes-para-la-adjudicacion-de-20-viviendas-de-promocion-publica-en-coria\/","title":{"rendered":"Apertura Plazo de Admisi\u00f3n de Solicitudes para la adjudicaci\u00f3n de 20 Viviendas de Promoci\u00f3n P\u00fablica en Coria"},"content":{"rendered":"\n<p>DESDE HOY D\u00cdA 24 DE FEBRERO HASTA LAS 14:00 HORAS DEL D\u00cdA 31 DE MARZO, QUEDA ABIERTO EL PLAZO DE ADMISI\u00d3N DE SOLICITUDES PARA LA ADJUDICACI\u00d3N DE 20 VIVIENDAS DE PROMOCI\u00d3N P\u00daBLICA EN CORIA UBICADAS EN CAMINEROS, MEDIANTE CONCURSO POR VALORACI\u00d3N.<\/p>\n\n\n<figure class=\"wp-block-post-featured-image\"><img loading=\"lazy\" decoding=\"async\" width=\"960\" height=\"539\" src=\"https:\/\/coria.org\/ayuntamiento\/wp-content\/uploads\/2017\/03\/viviendas-camineros.jpg\" class=\"attachment-post-thumbnail size-post-thumbnail wp-post-image\" alt=\"\" style=\"object-fit:cover;\" srcset=\"https:\/\/coria.org\/ayuntamiento\/wp-content\/uploads\/2017\/03\/viviendas-camineros.jpg 960w, https:\/\/coria.org\/ayuntamiento\/wp-content\/uploads\/2017\/03\/viviendas-camineros-300x168.jpg 300w, https:\/\/coria.org\/ayuntamiento\/wp-content\/uploads\/2017\/03\/viviendas-camineros-768x431.jpg 768w\" sizes=\"auto, (max-width: 960px) 100vw, 960px\" \/><\/figure>\n\n\n<p>&nbsp;<\/p>\n\n\n\n<p><span style=\"font-family: verdana,arial,helvetica,sans-serif; font-size: large;\">ANUNCIO<\/span><\/p>\n\n\n\n<p>DESDE HOY D\u00cdA 24 DE FEBRERO HASTA LAS 14:00 HORAS DEL D\u00cdA 31 DE MARZO, QUEDA ABIERTO EL PLAZO DE ADMISI\u00d3N DE SOLICITUDES PARA LA ADJUDICACI\u00d3N DE 20 VIVIENDAS DE PROMOCI\u00d3N P\u00daBLICA EN CORIA UBICADAS EN CAMINEROS, MEDIANTE CONCURSO POR VALORACI\u00d3N.<\/p>\n\n\n\n<p>DICHAS VIVIENDA SE ADJUDICAR\u00c1N EN R\u00c9GIMEN DE ARRENDAMIENTO.<br>LAS SOLICITUDES SE PRESENTAR\u00c1N EN EL REGISTRO GENERAL DEL AYUNTAMIENTO DE CORIA HASTA LA FECHA Y HORA INDICADA ANTERIORMENTE, DEBIENDO HACERSE EN EL MODELO OFICIAL, ADJUNTANDO AL MISMO LA DOCUMENTACI\u00d3N CORRESPONDIENTE, EN HORARIO DE ATENCI\u00d3N AL P\u00daBLICO.<\/p>\n\n\n\n<p>&nbsp;&nbsp;&nbsp;CORIA, 24 DE FEBRERO DE 2015<br>&nbsp;&nbsp;&nbsp; &nbsp;&nbsp;&nbsp;&nbsp; EL ALCALDE,<\/p>\n\n\n\n<p>&nbsp;&nbsp;&nbsp;Fdo.: Jos\u00e9 Manuel GARC\u00cdA BALLESTERO<\/p>\n\n\n\n<p>&nbsp;<\/p>\n\n\n\n<p><strong>Nota<\/strong>: Los martes y jueves de 17:00 a 19:00 horas&nbsp; se habilitara un despacho el el Ayuntamiento para&nbsp; atender a todos los solicitantes de las viviendas sociales para resolver dudas y gestion de documentacion<\/p>\n","protected":false},"excerpt":{"rendered":"<p>DESDE HOY D\u00cdA 24 DE FEBRERO HASTA LAS 14:00 HORAS DEL D\u00cdA 31 DE MARZO, QUEDA ABIERTO EL PLAZO DE ADMISI\u00d3N DE SOLICITUDES PARA LA ADJUDICACI\u00d3N DE 20 VIVIENDAS DE PROMOCI\u00d3N P\u00daBLICA EN CORIA UBICADAS EN CAMINEROS, MEDIANTE CONCURSO POR VALORACI\u00d3N. &nbsp; ANUNCIO DESDE HOY D\u00cdA 24 DE FEBRERO HASTA LAS 14:00 HORAS DEL D\u00cdA [&hellip;]<\/p>\n","protected":false},"author":2,"featured_media":29036,"comment_status":"closed","ping_status":"closed","sticky":false,"template":"","format":"standard","meta":{"_uag_custom_page_level_css":"","footnotes":""},"categories":[2],"tags":[1323],"class_list":["post-25724","post","type-post","status-publish","format-standard","has-post-thumbnail","hentry","category-noticias","tag-vivienda"],"yoast_head":"<!-- This site is optimized with the Yoast SEO plugin v27.4 - https:\/\/yoast.com\/product\/yoast-seo-wordpress\/ -->\n<title>Apertura Plazo de Admisi\u00f3n de Solicitudes para la adjudicaci\u00f3n de 20 Viviendas de Promoci\u00f3n P\u00fablica en Coria - Ayuntamiento de Coria<\/title>\n<meta name=\"description\" content=\"DESDE HOY D\u00cdA 24 DE FEBRERO HASTA LAS 14:00 HORAS DEL D\u00cdA 31 DE MARZO, QUEDA ABIERTO EL PLAZO DE ADMISI\u00d3N DE SOLICITUDES PARA LA ADJUDICACI\u00d3N DE 20 VIVIENDAS DE PROMOCI\u00d3N P\u00daBLICA EN CORIA UBICADAS EN CAMINEROS, MEDIANTE CONCURSO POR VALORACI\u00d3N.\" \/>\n<meta name=\"robots\" content=\"index, follow, max-snippet:-1, max-image-preview:large, max-video-preview:-1\" \/>\n<link rel=\"canonical\" href=\"https:\/\/coria.org\/ayuntamiento\/index.php\/2015\/02\/25\/anuncio-apertura-plazo-de-admision-de-solicitudes-para-la-adjudicacion-de-20-viviendas-de-promocion-publica-en-coria\/\" \/>\n<meta property=\"og:locale\" content=\"es_ES\" \/>\n<meta property=\"og:type\" content=\"article\" \/>\n<meta property=\"og:title\" content=\"Apertura Plazo de Admisi\u00f3n de Solicitudes para la adjudicaci\u00f3n de 20 Viviendas de Promoci\u00f3n P\u00fablica en Coria - Ayuntamiento de Coria\" \/>\n<meta property=\"og:description\" content=\"DESDE HOY D\u00cdA 24 DE FEBRERO HASTA LAS 14:00 HORAS DEL D\u00cdA 31 DE MARZO, QUEDA ABIERTO EL PLAZO DE ADMISI\u00d3N DE SOLICITUDES PARA LA ADJUDICACI\u00d3N DE 20 VIVIENDAS DE PROMOCI\u00d3N P\u00daBLICA EN CORIA UBICADAS EN CAMINEROS, MEDIANTE CONCURSO POR VALORACI\u00d3N.\" \/>\n<meta property=\"og:url\" content=\"https:\/\/coria.org\/ayuntamiento\/index.php\/2015\/02\/25\/anuncio-apertura-plazo-de-admision-de-solicitudes-para-la-adjudicacion-de-20-viviendas-de-promocion-publica-en-coria\/\" \/>\n<meta property=\"og:site_name\" content=\"Ayuntamiento de Coria\" \/>\n<meta property=\"article:publisher\" content=\"https:\/\/www.facebook.com\/Ayuntamiento.de.Coria\" \/>\n<meta property=\"article:published_time\" content=\"2015-02-25T00:00:00+00:00\" \/>\n<meta property=\"article:modified_time\" content=\"2024-10-10T09:10:08+00:00\" \/>\n<meta property=\"og:image\" content=\"https:\/\/coria.org\/ayuntamiento\/wp-content\/uploads\/2017\/03\/viviendas-camineros.jpg\" \/>\n\t<meta property=\"og:image:width\" content=\"960\" \/>\n\t<meta property=\"og:image:height\" content=\"539\" \/>\n\t<meta property=\"og:image:type\" content=\"image\/jpeg\" \/>\n<meta name=\"author\" content=\"ayuntamiento\" \/>\n<meta name=\"twitter:card\" content=\"summary_large_image\" \/>\n<meta name=\"twitter:creator\" content=\"@Ayto_de_Coria\" \/>\n<meta name=\"twitter:site\" content=\"@Ayto_de_Coria\" \/>\n<meta name=\"twitter:label1\" content=\"Escrito por\" \/>\n\t<meta name=\"twitter:data1\" content=\"ayuntamiento\" \/>\n\t<meta name=\"twitter:label2\" content=\"Tiempo de lectura\" \/>\n\t<meta name=\"twitter:data2\" content=\"2 minutos\" \/>\n<script type=\"application\/ld+json\" class=\"yoast-schema-graph\">{\"@context\":\"https:\\\/\\\/schema.org\",\"@graph\":[{\"@type\":\"Article\",\"@id\":\"https:\\\/\\\/coria.org\\\/ayuntamiento\\\/index.php\\\/2015\\\/02\\\/25\\\/anuncio-apertura-plazo-de-admision-de-solicitudes-para-la-adjudicacion-de-20-viviendas-de-promocion-publica-en-coria\\\/#article\",\"isPartOf\":{\"@id\":\"https:\\\/\\\/coria.org\\\/ayuntamiento\\\/index.php\\\/2015\\\/02\\\/25\\\/anuncio-apertura-plazo-de-admision-de-solicitudes-para-la-adjudicacion-de-20-viviendas-de-promocion-publica-en-coria\\\/\"},\"author\":{\"name\":\"ayuntamiento\",\"@id\":\"https:\\\/\\\/coria.org\\\/ayuntamiento\\\/#\\\/schema\\\/person\\\/8bd589f0e13e8ae5aa06def7a599d622\"},\"headline\":\"Apertura Plazo de Admisi\u00f3n de Solicitudes para la adjudicaci\u00f3n de 20 Viviendas de Promoci\u00f3n P\u00fablica en Coria\",\"datePublished\":\"2015-02-25T00:00:00+00:00\",\"dateModified\":\"2024-10-10T09:10:08+00:00\",\"mainEntityOfPage\":{\"@id\":\"https:\\\/\\\/coria.org\\\/ayuntamiento\\\/index.php\\\/2015\\\/02\\\/25\\\/anuncio-apertura-plazo-de-admision-de-solicitudes-para-la-adjudicacion-de-20-viviendas-de-promocion-publica-en-coria\\\/\"},\"wordCount\":221,\"publisher\":{\"@id\":\"https:\\\/\\\/coria.org\\\/ayuntamiento\\\/#organization\"},\"image\":{\"@id\":\"https:\\\/\\\/coria.org\\\/ayuntamiento\\\/index.php\\\/2015\\\/02\\\/25\\\/anuncio-apertura-plazo-de-admision-de-solicitudes-para-la-adjudicacion-de-20-viviendas-de-promocion-publica-en-coria\\\/#primaryimage\"},\"thumbnailUrl\":\"https:\\\/\\\/coria.org\\\/ayuntamiento\\\/wp-content\\\/uploads\\\/2017\\\/03\\\/viviendas-camineros.jpg\",\"keywords\":[\"vivienda\"],\"articleSection\":[\"Noticias\"],\"inLanguage\":\"es\"},{\"@type\":\"WebPage\",\"@id\":\"https:\\\/\\\/coria.org\\\/ayuntamiento\\\/index.php\\\/2015\\\/02\\\/25\\\/anuncio-apertura-plazo-de-admision-de-solicitudes-para-la-adjudicacion-de-20-viviendas-de-promocion-publica-en-coria\\\/\",\"url\":\"https:\\\/\\\/coria.org\\\/ayuntamiento\\\/index.php\\\/2015\\\/02\\\/25\\\/anuncio-apertura-plazo-de-admision-de-solicitudes-para-la-adjudicacion-de-20-viviendas-de-promocion-publica-en-coria\\\/\",\"name\":\"Apertura Plazo de Admisi\u00f3n de Solicitudes para la adjudicaci\u00f3n de 20 Viviendas de Promoci\u00f3n P\u00fablica en Coria - Ayuntamiento de Coria\",\"isPartOf\":{\"@id\":\"https:\\\/\\\/coria.org\\\/ayuntamiento\\\/#website\"},\"primaryImageOfPage\":{\"@id\":\"https:\\\/\\\/coria.org\\\/ayuntamiento\\\/index.php\\\/2015\\\/02\\\/25\\\/anuncio-apertura-plazo-de-admision-de-solicitudes-para-la-adjudicacion-de-20-viviendas-de-promocion-publica-en-coria\\\/#primaryimage\"},\"image\":{\"@id\":\"https:\\\/\\\/coria.org\\\/ayuntamiento\\\/index.php\\\/2015\\\/02\\\/25\\\/anuncio-apertura-plazo-de-admision-de-solicitudes-para-la-adjudicacion-de-20-viviendas-de-promocion-publica-en-coria\\\/#primaryimage\"},\"thumbnailUrl\":\"https:\\\/\\\/coria.org\\\/ayuntamiento\\\/wp-content\\\/uploads\\\/2017\\\/03\\\/viviendas-camineros.jpg\",\"datePublished\":\"2015-02-25T00:00:00+00:00\",\"dateModified\":\"2024-10-10T09:10:08+00:00\",\"description\":\"DESDE HOY D\u00cdA 24 DE FEBRERO HASTA LAS 14:00 HORAS DEL D\u00cdA 31 DE MARZO, QUEDA ABIERTO EL PLAZO DE ADMISI\u00d3N DE SOLICITUDES PARA LA ADJUDICACI\u00d3N DE 20 VIVIENDAS DE PROMOCI\u00d3N P\u00daBLICA EN CORIA UBICADAS EN CAMINEROS, MEDIANTE CONCURSO POR VALORACI\u00d3N.\",\"breadcrumb\":{\"@id\":\"https:\\\/\\\/coria.org\\\/ayuntamiento\\\/index.php\\\/2015\\\/02\\\/25\\\/anuncio-apertura-plazo-de-admision-de-solicitudes-para-la-adjudicacion-de-20-viviendas-de-promocion-publica-en-coria\\\/#breadcrumb\"},\"inLanguage\":\"es\",\"potentialAction\":[{\"@type\":\"ReadAction\",\"target\":[\"https:\\\/\\\/coria.org\\\/ayuntamiento\\\/index.php\\\/2015\\\/02\\\/25\\\/anuncio-apertura-plazo-de-admision-de-solicitudes-para-la-adjudicacion-de-20-viviendas-de-promocion-publica-en-coria\\\/\"]}]},{\"@type\":\"ImageObject\",\"inLanguage\":\"es\",\"@id\":\"https:\\\/\\\/coria.org\\\/ayuntamiento\\\/index.php\\\/2015\\\/02\\\/25\\\/anuncio-apertura-plazo-de-admision-de-solicitudes-para-la-adjudicacion-de-20-viviendas-de-promocion-publica-en-coria\\\/#primaryimage\",\"url\":\"https:\\\/\\\/coria.org\\\/ayuntamiento\\\/wp-content\\\/uploads\\\/2017\\\/03\\\/viviendas-camineros.jpg\",\"contentUrl\":\"https:\\\/\\\/coria.org\\\/ayuntamiento\\\/wp-content\\\/uploads\\\/2017\\\/03\\\/viviendas-camineros.jpg\",\"width\":960,\"height\":539},{\"@type\":\"BreadcrumbList\",\"@id\":\"https:\\\/\\\/coria.org\\\/ayuntamiento\\\/index.php\\\/2015\\\/02\\\/25\\\/anuncio-apertura-plazo-de-admision-de-solicitudes-para-la-adjudicacion-de-20-viviendas-de-promocion-publica-en-coria\\\/#breadcrumb\",\"itemListElement\":[{\"@type\":\"ListItem\",\"position\":1,\"name\":\"Inicio\",\"item\":\"https:\\\/\\\/coria.org\\\/ayuntamiento\\\/\"},{\"@type\":\"ListItem\",\"position\":2,\"name\":\"Apertura Plazo de Admisi\u00f3n de Solicitudes para la adjudicaci\u00f3n de 20 Viviendas de Promoci\u00f3n P\u00fablica en Coria\"}]},{\"@type\":\"WebSite\",\"@id\":\"https:\\\/\\\/coria.org\\\/ayuntamiento\\\/#website\",\"url\":\"https:\\\/\\\/coria.org\\\/ayuntamiento\\\/\",\"name\":\"Ayuntamiento de Coria\",\"description\":\"Web oficial del Ayuntamiento de Coria\",\"publisher\":{\"@id\":\"https:\\\/\\\/coria.org\\\/ayuntamiento\\\/#organization\"},\"alternateName\":\"Web Oficial del Ayuntamiento de Coria\",\"potentialAction\":[{\"@type\":\"SearchAction\",\"target\":{\"@type\":\"EntryPoint\",\"urlTemplate\":\"https:\\\/\\\/coria.org\\\/ayuntamiento\\\/?s={search_term_string}\"},\"query-input\":{\"@type\":\"PropertyValueSpecification\",\"valueRequired\":true,\"valueName\":\"search_term_string\"}}],\"inLanguage\":\"es\"},{\"@type\":\"Organization\",\"@id\":\"https:\\\/\\\/coria.org\\\/ayuntamiento\\\/#organization\",\"name\":\"Ayuntamiento de Coria\",\"alternateName\":\"Ayto de Coria\",\"url\":\"https:\\\/\\\/coria.org\\\/ayuntamiento\\\/\",\"logo\":{\"@type\":\"ImageObject\",\"inLanguage\":\"es\",\"@id\":\"https:\\\/\\\/coria.org\\\/ayuntamiento\\\/#\\\/schema\\\/logo\\\/image\\\/\",\"url\":\"https:\\\/\\\/coria.org\\\/ayuntamiento\\\/wp-content\\\/uploads\\\/2020\\\/12\\\/escudo-ayuntamiento-coria.png\",\"contentUrl\":\"https:\\\/\\\/coria.org\\\/ayuntamiento\\\/wp-content\\\/uploads\\\/2020\\\/12\\\/escudo-ayuntamiento-coria.png\",\"width\":511,\"height\":240,\"caption\":\"Ayuntamiento de Coria\"},\"image\":{\"@id\":\"https:\\\/\\\/coria.org\\\/ayuntamiento\\\/#\\\/schema\\\/logo\\\/image\\\/\"},\"sameAs\":[\"https:\\\/\\\/www.facebook.com\\\/Ayuntamiento.de.Coria\",\"https:\\\/\\\/x.com\\\/Ayto_de_Coria\",\"https:\\\/\\\/www.instagram.com\\\/coria.ayuntamiento\\\/\",\"https:\\\/\\\/www.youtube.com\\\/user\\\/AYUNTAMIENTOCORIA\"]},{\"@type\":\"Person\",\"@id\":\"https:\\\/\\\/coria.org\\\/ayuntamiento\\\/#\\\/schema\\\/person\\\/8bd589f0e13e8ae5aa06def7a599d622\",\"name\":\"ayuntamiento\",\"image\":{\"@type\":\"ImageObject\",\"inLanguage\":\"es\",\"@id\":\"https:\\\/\\\/secure.gravatar.com\\\/avatar\\\/966e5ed73cad334adda5c87f49f2547f7082f7292c1b627cbb548744383b391c?s=96&d=mm&r=g\",\"url\":\"https:\\\/\\\/secure.gravatar.com\\\/avatar\\\/966e5ed73cad334adda5c87f49f2547f7082f7292c1b627cbb548744383b391c?s=96&d=mm&r=g\",\"contentUrl\":\"https:\\\/\\\/secure.gravatar.com\\\/avatar\\\/966e5ed73cad334adda5c87f49f2547f7082f7292c1b627cbb548744383b391c?s=96&d=mm&r=g\",\"caption\":\"ayuntamiento\"}}]}<\/script>\n<!-- \/ Yoast SEO plugin. -->","yoast_head_json":{"title":"Apertura Plazo de Admisi\u00f3n de Solicitudes para la adjudicaci\u00f3n de 20 Viviendas de Promoci\u00f3n P\u00fablica en Coria - Ayuntamiento de Coria","description":"DESDE HOY D\u00cdA 24 DE FEBRERO HASTA LAS 14:00 HORAS DEL D\u00cdA 31 DE MARZO, QUEDA ABIERTO EL PLAZO DE ADMISI\u00d3N DE SOLICITUDES PARA LA ADJUDICACI\u00d3N DE 20 VIVIENDAS DE PROMOCI\u00d3N P\u00daBLICA EN CORIA UBICADAS EN CAMINEROS, MEDIANTE CONCURSO POR VALORACI\u00d3N.","robots":{"index":"index","follow":"follow","max-snippet":"max-snippet:-1","max-image-preview":"max-image-preview:large","max-video-preview":"max-video-preview:-1"},"canonical":"https:\/\/coria.org\/ayuntamiento\/index.php\/2015\/02\/25\/anuncio-apertura-plazo-de-admision-de-solicitudes-para-la-adjudicacion-de-20-viviendas-de-promocion-publica-en-coria\/","og_locale":"es_ES","og_type":"article","og_title":"Apertura Plazo de Admisi\u00f3n de Solicitudes para la adjudicaci\u00f3n de 20 Viviendas de Promoci\u00f3n P\u00fablica en Coria - Ayuntamiento de Coria","og_description":"DESDE HOY D\u00cdA 24 DE FEBRERO HASTA LAS 14:00 HORAS DEL D\u00cdA 31 DE MARZO, QUEDA ABIERTO EL PLAZO DE ADMISI\u00d3N DE SOLICITUDES PARA LA ADJUDICACI\u00d3N DE 20 VIVIENDAS DE PROMOCI\u00d3N P\u00daBLICA EN CORIA UBICADAS EN CAMINEROS, MEDIANTE CONCURSO POR VALORACI\u00d3N.","og_url":"https:\/\/coria.org\/ayuntamiento\/index.php\/2015\/02\/25\/anuncio-apertura-plazo-de-admision-de-solicitudes-para-la-adjudicacion-de-20-viviendas-de-promocion-publica-en-coria\/","og_site_name":"Ayuntamiento de Coria","article_publisher":"https:\/\/www.facebook.com\/Ayuntamiento.de.Coria","article_published_time":"2015-02-25T00:00:00+00:00","article_modified_time":"2024-10-10T09:10:08+00:00","og_image":[{"width":960,"height":539,"url":"https:\/\/coria.org\/ayuntamiento\/wp-content\/uploads\/2017\/03\/viviendas-camineros.jpg","type":"image\/jpeg"}],"author":"ayuntamiento","twitter_card":"summary_large_image","twitter_creator":"@Ayto_de_Coria","twitter_site":"@Ayto_de_Coria","twitter_misc":{"Escrito por":"ayuntamiento","Tiempo de lectura":"2 minutos"},"schema":{"@context":"https:\/\/schema.org","@graph":[{"@type":"Article","@id":"https:\/\/coria.org\/ayuntamiento\/index.php\/2015\/02\/25\/anuncio-apertura-plazo-de-admision-de-solicitudes-para-la-adjudicacion-de-20-viviendas-de-promocion-publica-en-coria\/#article","isPartOf":{"@id":"https:\/\/coria.org\/ayuntamiento\/index.php\/2015\/02\/25\/anuncio-apertura-plazo-de-admision-de-solicitudes-para-la-adjudicacion-de-20-viviendas-de-promocion-publica-en-coria\/"},"author":{"name":"ayuntamiento","@id":"https:\/\/coria.org\/ayuntamiento\/#\/schema\/person\/8bd589f0e13e8ae5aa06def7a599d622"},"headline":"Apertura Plazo de Admisi\u00f3n de Solicitudes para la adjudicaci\u00f3n de 20 Viviendas de Promoci\u00f3n P\u00fablica en Coria","datePublished":"2015-02-25T00:00:00+00:00","dateModified":"2024-10-10T09:10:08+00:00","mainEntityOfPage":{"@id":"https:\/\/coria.org\/ayuntamiento\/index.php\/2015\/02\/25\/anuncio-apertura-plazo-de-admision-de-solicitudes-para-la-adjudicacion-de-20-viviendas-de-promocion-publica-en-coria\/"},"wordCount":221,"publisher":{"@id":"https:\/\/coria.org\/ayuntamiento\/#organization"},"image":{"@id":"https:\/\/coria.org\/ayuntamiento\/index.php\/2015\/02\/25\/anuncio-apertura-plazo-de-admision-de-solicitudes-para-la-adjudicacion-de-20-viviendas-de-promocion-publica-en-coria\/#primaryimage"},"thumbnailUrl":"https:\/\/coria.org\/ayuntamiento\/wp-content\/uploads\/2017\/03\/viviendas-camineros.jpg","keywords":["vivienda"],"articleSection":["Noticias"],"inLanguage":"es"},{"@type":"WebPage","@id":"https:\/\/coria.org\/ayuntamiento\/index.php\/2015\/02\/25\/anuncio-apertura-plazo-de-admision-de-solicitudes-para-la-adjudicacion-de-20-viviendas-de-promocion-publica-en-coria\/","url":"https:\/\/coria.org\/ayuntamiento\/index.php\/2015\/02\/25\/anuncio-apertura-plazo-de-admision-de-solicitudes-para-la-adjudicacion-de-20-viviendas-de-promocion-publica-en-coria\/","name":"Apertura Plazo de Admisi\u00f3n de Solicitudes para la adjudicaci\u00f3n de 20 Viviendas de Promoci\u00f3n P\u00fablica en Coria - Ayuntamiento de Coria","isPartOf":{"@id":"https:\/\/coria.org\/ayuntamiento\/#website"},"primaryImageOfPage":{"@id":"https:\/\/coria.org\/ayuntamiento\/index.php\/2015\/02\/25\/anuncio-apertura-plazo-de-admision-de-solicitudes-para-la-adjudicacion-de-20-viviendas-de-promocion-publica-en-coria\/#primaryimage"},"image":{"@id":"https:\/\/coria.org\/ayuntamiento\/index.php\/2015\/02\/25\/anuncio-apertura-plazo-de-admision-de-solicitudes-para-la-adjudicacion-de-20-viviendas-de-promocion-publica-en-coria\/#primaryimage"},"thumbnailUrl":"https:\/\/coria.org\/ayuntamiento\/wp-content\/uploads\/2017\/03\/viviendas-camineros.jpg","datePublished":"2015-02-25T00:00:00+00:00","dateModified":"2024-10-10T09:10:08+00:00","description":"DESDE HOY D\u00cdA 24 DE FEBRERO HASTA LAS 14:00 HORAS DEL D\u00cdA 31 DE MARZO, QUEDA ABIERTO EL PLAZO DE ADMISI\u00d3N DE SOLICITUDES PARA LA ADJUDICACI\u00d3N DE 20 VIVIENDAS DE PROMOCI\u00d3N P\u00daBLICA EN CORIA UBICADAS EN CAMINEROS, MEDIANTE CONCURSO POR VALORACI\u00d3N.","breadcrumb":{"@id":"https:\/\/coria.org\/ayuntamiento\/index.php\/2015\/02\/25\/anuncio-apertura-plazo-de-admision-de-solicitudes-para-la-adjudicacion-de-20-viviendas-de-promocion-publica-en-coria\/#breadcrumb"},"inLanguage":"es","potentialAction":[{"@type":"ReadAction","target":["https:\/\/coria.org\/ayuntamiento\/index.php\/2015\/02\/25\/anuncio-apertura-plazo-de-admision-de-solicitudes-para-la-adjudicacion-de-20-viviendas-de-promocion-publica-en-coria\/"]}]},{"@type":"ImageObject","inLanguage":"es","@id":"https:\/\/coria.org\/ayuntamiento\/index.php\/2015\/02\/25\/anuncio-apertura-plazo-de-admision-de-solicitudes-para-la-adjudicacion-de-20-viviendas-de-promocion-publica-en-coria\/#primaryimage","url":"https:\/\/coria.org\/ayuntamiento\/wp-content\/uploads\/2017\/03\/viviendas-camineros.jpg","contentUrl":"https:\/\/coria.org\/ayuntamiento\/wp-content\/uploads\/2017\/03\/viviendas-camineros.jpg","width":960,"height":539},{"@type":"BreadcrumbList","@id":"https:\/\/coria.org\/ayuntamiento\/index.php\/2015\/02\/25\/anuncio-apertura-plazo-de-admision-de-solicitudes-para-la-adjudicacion-de-20-viviendas-de-promocion-publica-en-coria\/#breadcrumb","itemListElement":[{"@type":"ListItem","position":1,"name":"Inicio","item":"https:\/\/coria.org\/ayuntamiento\/"},{"@type":"ListItem","position":2,"name":"Apertura Plazo de Admisi\u00f3n de Solicitudes para la adjudicaci\u00f3n de 20 Viviendas de Promoci\u00f3n P\u00fablica en Coria"}]},{"@type":"WebSite","@id":"https:\/\/coria.org\/ayuntamiento\/#website","url":"https:\/\/coria.org\/ayuntamiento\/","name":"Ayuntamiento de Coria","description":"Web oficial del Ayuntamiento de Coria","publisher":{"@id":"https:\/\/coria.org\/ayuntamiento\/#organization"},"alternateName":"Web Oficial del Ayuntamiento de Coria","potentialAction":[{"@type":"SearchAction","target":{"@type":"EntryPoint","urlTemplate":"https:\/\/coria.org\/ayuntamiento\/?s={search_term_string}"},"query-input":{"@type":"PropertyValueSpecification","valueRequired":true,"valueName":"search_term_string"}}],"inLanguage":"es"},{"@type":"Organization","@id":"https:\/\/coria.org\/ayuntamiento\/#organization","name":"Ayuntamiento de Coria","alternateName":"Ayto de Coria","url":"https:\/\/coria.org\/ayuntamiento\/","logo":{"@type":"ImageObject","inLanguage":"es","@id":"https:\/\/coria.org\/ayuntamiento\/#\/schema\/logo\/image\/","url":"https:\/\/coria.org\/ayuntamiento\/wp-content\/uploads\/2020\/12\/escudo-ayuntamiento-coria.png","contentUrl":"https:\/\/coria.org\/ayuntamiento\/wp-content\/uploads\/2020\/12\/escudo-ayuntamiento-coria.png","width":511,"height":240,"caption":"Ayuntamiento de Coria"},"image":{"@id":"https:\/\/coria.org\/ayuntamiento\/#\/schema\/logo\/image\/"},"sameAs":["https:\/\/www.facebook.com\/Ayuntamiento.de.Coria","https:\/\/x.com\/Ayto_de_Coria","https:\/\/www.instagram.com\/coria.ayuntamiento\/","https:\/\/www.youtube.com\/user\/AYUNTAMIENTOCORIA"]},{"@type":"Person","@id":"https:\/\/coria.org\/ayuntamiento\/#\/schema\/person\/8bd589f0e13e8ae5aa06def7a599d622","name":"ayuntamiento","image":{"@type":"ImageObject","inLanguage":"es","@id":"https:\/\/secure.gravatar.com\/avatar\/966e5ed73cad334adda5c87f49f2547f7082f7292c1b627cbb548744383b391c?s=96&d=mm&r=g","url":"https:\/\/secure.gravatar.com\/avatar\/966e5ed73cad334adda5c87f49f2547f7082f7292c1b627cbb548744383b391c?s=96&d=mm&r=g","contentUrl":"https:\/\/secure.gravatar.com\/avatar\/966e5ed73cad334adda5c87f49f2547f7082f7292c1b627cbb548744383b391c?s=96&d=mm&r=g","caption":"ayuntamiento"}}]}},"uagb_featured_image_src":{"full":["https:\/\/coria.org\/ayuntamiento\/wp-content\/uploads\/2017\/03\/viviendas-camineros.jpg",960,539,false],"thumbnail":["https:\/\/coria.org\/ayuntamiento\/wp-content\/uploads\/2017\/03\/viviendas-camineros-150x150.jpg",150,150,true],"medium":["https:\/\/coria.org\/ayuntamiento\/wp-content\/uploads\/2017\/03\/viviendas-camineros-300x168.jpg",300,168,true],"medium_large":["https:\/\/coria.org\/ayuntamiento\/wp-content\/uploads\/2017\/03\/viviendas-camineros-768x431.jpg",768,431,true],"large":["https:\/\/coria.org\/ayuntamiento\/wp-content\/uploads\/2017\/03\/viviendas-camineros.jpg",960,539,false],"thumblist":["https:\/\/coria.org\/ayuntamiento\/wp-content\/uploads\/2017\/03\/viviendas-camineros.jpg",300,168,false],"thumbrelated":["https:\/\/coria.org\/ayuntamiento\/wp-content\/uploads\/2017\/03\/viviendas-camineros.jpg",500,281,false],"meccarouselthumb":["https:\/\/coria.org\/ayuntamiento\/wp-content\/uploads\/2017\/03\/viviendas-camineros.jpg",474,266,false],"gridsquare":["https:\/\/coria.org\/ayuntamiento\/wp-content\/uploads\/2017\/03\/viviendas-camineros.jpg",391,220,false],"tileview":["https:\/\/coria.org\/ayuntamiento\/wp-content\/uploads\/2017\/03\/viviendas-camineros.jpg",300,168,false],"1536x1536":["https:\/\/coria.org\/ayuntamiento\/wp-content\/uploads\/2017\/03\/viviendas-camineros.jpg",960,539,false],"2048x2048":["https:\/\/coria.org\/ayuntamiento\/wp-content\/uploads\/2017\/03\/viviendas-camineros.jpg",960,539,false]},"uagb_author_info":{"display_name":"ayuntamiento","author_link":"https:\/\/coria.org\/ayuntamiento\/index.php\/author\/ayuntamiento\/"},"uagb_comment_info":0,"uagb_excerpt":"DESDE HOY D\u00cdA 24 DE FEBRERO HASTA LAS 14:00 HORAS DEL D\u00cdA 31 DE MARZO, QUEDA ABIERTO EL PLAZO DE ADMISI\u00d3N DE SOLICITUDES PARA LA ADJUDICACI\u00d3N DE 20 VIVIENDAS DE PROMOCI\u00d3N P\u00daBLICA EN CORIA UBICADAS EN CAMINEROS, MEDIANTE CONCURSO POR VALORACI\u00d3N. &nbsp; ANUNCIO DESDE HOY D\u00cdA 24 DE FEBRERO HASTA LAS 14:00 HORAS DEL D\u00cdA&hellip;","_links":{"self":[{"href":"https:\/\/coria.org\/ayuntamiento\/index.php\/wp-json\/wp\/v2\/posts\/25724","targetHints":{"allow":["GET"]}}],"collection":[{"href":"https:\/\/coria.org\/ayuntamiento\/index.php\/wp-json\/wp\/v2\/posts"}],"about":[{"href":"https:\/\/coria.org\/ayuntamiento\/index.php\/wp-json\/wp\/v2\/types\/post"}],"author":[{"embeddable":true,"href":"https:\/\/coria.org\/ayuntamiento\/index.php\/wp-json\/wp\/v2\/users\/2"}],"replies":[{"embeddable":true,"href":"https:\/\/coria.org\/ayuntamiento\/index.php\/wp-json\/wp\/v2\/comments?post=25724"}],"version-history":[{"count":0,"href":"https:\/\/coria.org\/ayuntamiento\/index.php\/wp-json\/wp\/v2\/posts\/25724\/revisions"}],"wp:featuredmedia":[{"embeddable":true,"href":"https:\/\/coria.org\/ayuntamiento\/index.php\/wp-json\/wp\/v2\/media\/29036"}],"wp:attachment":[{"href":"https:\/\/coria.org\/ayuntamiento\/index.php\/wp-json\/wp\/v2\/media?parent=25724"}],"wp:term":[{"taxonomy":"category","embeddable":true,"href":"https:\/\/coria.org\/ayuntamiento\/index.php\/wp-json\/wp\/v2\/categories?post=25724"},{"taxonomy":"post_tag","embeddable":true,"href":"https:\/\/coria.org\/ayuntamiento\/index.php\/wp-json\/wp\/v2\/tags?post=25724"}],"curies":[{"name":"wp","href":"https:\/\/api.w.org\/{rel}","templated":true}]}}