{"id":25708,"date":"2015-03-13T00:00:00","date_gmt":"2015-03-13T00:00:00","guid":{"rendered":"https:\/\/ayuntamiento.coriaenimagenes.com\/programa-de-la-ii-feria-internacional-del-toro-de-coria\/"},"modified":"2024-10-09T09:00:37","modified_gmt":"2024-10-09T07:00:37","slug":"programa-de-la-ii-feria-internacional-del-toro-de-coria","status":"publish","type":"post","link":"https:\/\/coria.org\/ayuntamiento\/index.php\/2015\/03\/13\/programa-de-la-ii-feria-internacional-del-toro-de-coria\/","title":{"rendered":"Programa de la II Feria Internacional del Toro de Coria"},"content":{"rendered":"\n<p>Esta feria, que se celebrar\u00e1 durante los d\u00edas 19 al 22 de marzo, cuenta con una amplia programaci\u00f3n taurina y cultural, donde el ayuntamiento de Coria colabora un a\u00f1o m\u00e1s con los organizadores aportando su granito de arena para que esta segunda edici\u00f3n sea un \u00e9xito al igual que el pasado a\u00f1o.<\/p>\n\n\n\n<figure class=\"wp-block-image alignleft size-full\"><img loading=\"lazy\" decoding=\"async\" width=\"320\" height=\"320\" src=\"https:\/\/coria.org\/ayuntamiento\/wp-content\/uploads\/2022\/03\/image-173.jpeg\" alt=\"\" class=\"wp-image-30724\" srcset=\"https:\/\/coria.org\/ayuntamiento\/wp-content\/uploads\/2022\/03\/image-173.jpeg 320w, https:\/\/coria.org\/ayuntamiento\/wp-content\/uploads\/2022\/03\/image-173-300x300.jpeg 300w, https:\/\/coria.org\/ayuntamiento\/wp-content\/uploads\/2022\/03\/image-173-150x150.jpeg 150w\" sizes=\"auto, (max-width: 320px) 100vw, 320px\" \/><\/figure>\n\n\n\n<p><strong><u>JUEVES 19 DE MARZO<\/u><\/strong><\/p>\n\n\n\n<p>11:00 h. <strong>Apertura de la Feria<\/strong>.<\/p>\n\n\n\n<p>11:30 h. <strong>Recibimiento de Alumnos de Colegios P\u00fablicos<\/strong>.<\/p>\n\n\n\n<p>12:00 h.<strong> Tentadero P\u00fablico Did\u00e1ctico<\/strong>. <\/p>\n\n\n\n<p>Se lidiaran 4 becerras.<br>Lugar: Plaza de Toros Port\u00e1til.<\/p>\n\n\n\n<p>16:30 h. <strong>Taller de Herraje y Guarnicioner\u00eda.<\/strong><\/p>\n\n\n\n<p>Organiza: Consejer\u00eda de Agricultura, Desarrollo Rural, Medio Ambiente y Energ\u00eda. GOBIERNO DE EXTREMADURA.<br>Lugar: Plaza de Toros Port\u00e1til.<\/p>\n\n\n\n<p>18:00 h. <strong>Presentaci\u00f3n del Coche Oficial de la Feria del Toro KIA SPORTAGE<\/strong> &#8211; Automociones Villar.<\/p>\n\n\n\n<p>Lugar: Carpa de Actos y Eventos.<\/p>\n\n\n\n<p>18:30 h. Pintura en Directo \u00ab<strong>Como pintar un Toro<\/strong>\u00ab.<\/p>\n\n\n\n<p>A cargo de D. Arturo P\u00e9rez Hern\u00e1ndez.<br>Lugar: Carpa de Actos y Eventos.<\/p>\n\n\n\n<p>19:30 h. Presentaci\u00f3n del Libro \u00ab<strong>Correspondencia de la Duquesa de Osuna con Pepe-Hillo y Pedro Romero<\/strong>\u00ab. <\/p>\n\n\n\n<p>Estudio y trasmisi\u00f3n por D\u00aa M\u00aa Isabel P\u00e9rez Hern\u00e1ndez.<br>Lugar: Carpa de Actos y Eventos.<\/p>\n\n\n\n<p>20:30 h. Presentaci\u00f3n &#8211; Degustaci\u00f3n de los Vinos \u00ab<strong>TORIV\u00cdN<\/strong>\u00ab(El Torito Bodeguero). De Bodegas Toribio.<br><\/p>\n\n\n\n<p>Lugar: Carpa Principal en Zona de Exposiciones.<\/p>\n\n\n\n<p>21:00 h. <strong>Exhibici\u00f3n de Corte Profesional de Jam\u00f3n<\/strong>, a cargo de los cortadores D. Roberto Valle Garc\u00eda y D. Ismael Mart\u00edn Torrescusa. Titulados por la Academia Oficial de Cortadores de Jam\u00f3n de Guijuelo.<\/p>\n\n\n\n<p>Lugar: Carpa principal en Zona de Exposiciones.<\/p>\n\n\n\n<p>22:00 h. <strong>Cierre de la Feria<\/strong>.<\/p>\n\n\n\n<p><strong><u>VIERNES 20 DE MARZO<\/u><\/strong><\/p>\n\n\n\n<p>11:00 h. <strong>Apertura de la Feria<\/strong>.<br><\/p>\n\n\n\n<p>12:30 h. <strong>Degustaci\u00f3n de Vino de Honor \u00abTORIV\u00cdN\u00bb.<\/strong> de Bodegas Toribio.<\/p>\n\n\n\n<p>Lugar: Carpa de Actos y Eventos.<\/p>\n\n\n\n<p>13:00 h. <strong>Inauguraci\u00f3n oficial de la II FERIA INTERNACIONAL DEL TORO<\/strong> a cargo del Matador de Toros D. C\u00e9sar Rinc\u00f3n (Figura del Toreo), intervenci\u00f3n de las autoridades asistentes: D. Jos\u00e9 Antonio Monago Terraza (Presidente del Gobierno de Extremadura) D. Laureano Le\u00f3n Rodriguez (Presidente de la Diputaci\u00f3n de C\u00e1ceres) y D. Jos\u00e9 Manuel Garc\u00eda Ballestero (Alcalde de Coria).<br><br>Lugar: Carpa de Actos y Eventos.<br><br><strong>Inauguraci\u00f3n Oficial del Recinto Ferial y recorrido por los Stand y Exposiciones<\/strong>.Exposici\u00f3n de Pintura, Escultura y Fotograf\u00eda \u00ab<strong>LA TAUROMAQUIA AL ALCANCE DE TODOS<\/strong>\u00ab<br><\/p>\n\n\n\n<p>Lugar: Carpa Principal Zona de Exposiciones.<\/p>\n\n\n\n<p>13:30 h. <strong>Presentaci\u00f3n BODEGAS BELMONTE<\/strong>.<br><\/p>\n\n\n\n<p>Lugar: Carpa Principal Zona de Exposiciones.<\/p>\n\n\n\n<p>17:30 a 20:00 h. MESA REDONDA:\u00bb<strong>EL TORO BRAVO: DEL CAMPO A LA PLAZA<\/strong>\u00ab. <\/p>\n\n\n\n<p>lntervenientes : D. Julio Tovar Andrada (Catedr\u00e1tico de Producci\u00f3n Animal de la Facultad Veterinaria de C\u00e1ceres) y D. Victorino Mart\u00edn Garc\u00eda (Ganadero y Veterinario). Moderado por D. Gabriel Sancho Caballero (Director del Centro de Formaci\u00f3n del Medio Rural de Moraleja). <br>Organiza: Consejer\u00eda de Agricultura. Desarrollo Rural. Medio Ambiente y Energ\u00eda. GOBIERNO DE EXTREMADURA.<br>Lugar: Carpa de Actos y Eventos.<\/p>\n\n\n\n<p>20:00 h. Presentaci\u00f3n de Actividades Derivadas de la Ganader\u00eda. <strong>D. VICTORINO MARTIN: Vino y Turismo<\/strong>.<\/p>\n\n\n\n<p>Lugar: Carpa Principal en Zona de Exposiciones.<\/p>\n\n\n\n<p>21:30 h. <strong>CONCURSO DE CANTE<\/strong> Flamenco Fusi\u00f3n-Pop \u00ab<strong>JOVENES PROMESAS<\/strong>\u00bb y Espect\u00e1culo Ecuestre Flamenco \u00ab<strong>EL ARTE DE ANDALUCIA A CABALLO<\/strong>\u00bb a cargo del afamado jinete D. Carmelo Cuevas (Titulado por la Real Escuela de Arte Ecuestre de Jerez. Campe\u00f3n del Sicab 2009 y Semifinalista del programa de Telecinco \u00abT\u00da SI QUE VALES\u00bb).<br><\/p>\n\n\n\n<p><blockquote dir=\"ltr\" style=\"margin-right: 0px;\"><p>Lugar: Carpa de Actos y Eventos.<br><\/p><p>22:00 h. <strong>Cierre de la Feria<\/strong>.<\/p><p><strong><u>SABADO 21 de MARZO<\/u><\/strong><\/p><p>11:00 h.<strong> Apertura de la Feria<\/strong>.<\/p><p>11:30 h. <strong>Presentaci\u00f3n Oficial de la Asociaci\u00f3n de Mayorales y Vaqueros.<\/strong><\/p><blockquote dir=\"ltr\" style=\"margin-right: 0px;\"><p><br>Lugar: Carpa de Actos y Eventos.<\/p><\/blockquote><p>12:30 h.<strong> Acto de Reconocimiento a la trayectoria del reconocido ganadero D. Victorino Mart\u00edn Andr\u00e9s.<\/strong><\/p><blockquote dir=\"ltr\" style=\"margin-right: 0px;\"><p>Lugar: Carpa de Actos y Eventos.<\/p><\/blockquote><p>17:00 h. <strong>FESTIVAL TAURINO CON PICADORES<\/strong>.<\/p><ul>\n<li><strong>DIEGO VENTURA (Rejoneador)<\/strong><\/li>\n<li><strong>ENRIQUE PONCE<\/strong><\/li>\n<li><strong>JAVIER CONDE<\/strong><\/li>\n<li><strong>JUAN MORA (sustituye a MIGUEL ABELL\u00c1N)<\/strong><\/li>\n<li><strong>EMILIO DE JUSTO<\/strong><\/li>\n<li><strong>ALEJANDRO FERMIN (Novillero)<br><\/strong><\/li>\n<\/ul><blockquote dir=\"ltr\" style=\"margin-right: 0px;\"><p>Lugar: Plaza de Toros Port\u00e1til.<\/p><\/blockquote><p>20:00 h. Actuaci\u00f3n de <strong>LOS POLVORONES DE F\u00c1BRICA \u00abCHIRIGOTAS\u00bb de C\u00e1diz<\/strong><\/p><blockquote dir=\"ltr\" style=\"margin-right: 0px;\"><p>Colabora: CAF\u00c9-CONCIERTO MEDIEVAL (Coria).<br>Lugar: Carpa Principal en Zona de Exposiciones.<\/p><\/blockquote><p>21:30 h. Retransmisi\u00f3n en directo por Canal Extremadura de un programa especial de la Feria. Presentado y dirigido por JUAN BAZAGA. \u00ab<strong>EXTREMADURA TIERRA DE TOROS<\/strong>\u00ab<\/p><blockquote dir=\"ltr\" style=\"margin-right: 0px;\"><p>Lugar: Carpa de Actos y Eventos.<\/p><\/blockquote><p>22:00 h. <strong>Cierre de la Feria<\/strong>.<\/p><p><strong>DOMINGO 22 DE MARZO<\/strong><\/p><p>11:00 h. Apertura de la Feria.<\/p><p>12:00 h. <strong>Tentadero P\u00fablico Did\u00e1ctico<\/strong> con 4 Hembras y 1 Macho con <strong>Exhibici\u00f3n de LOS RECORTADORES (ARTE EXTREME\u00d1O)<\/strong>.<\/p><blockquote dir=\"ltr\" style=\"margin-right: 0px;\"><p>Lugar: Plaza de Toros Port\u00e1til.<\/p><\/blockquote><p>16:30 h. <strong>Pasarelas de MODA TAURINA y FLAMENCA<\/strong>. <\/p><blockquote dir=\"ltr\" style=\"margin-right: 0px;\"><p>Con la intervenci\u00f3n del Artista Cauriense D. Mois\u00e9s Gariba con m\u00fasica en vivo durante los desfiles.<br>Lugar: Carpa de Actos y Eventos.<\/p><\/blockquote><p>18:00 h.<strong> ENCIERRO INFANTIL<\/strong> &#8211; Colabora: Automociones Villar. <\/p><blockquote dir=\"ltr\" style=\"margin-right: 0px;\"><p>Lugar: Desde el inico del Ferial hasta la Plaza de Toros Portatil.<\/p><\/blockquote><p>19:00 h. <strong>Toreo de Sal\u00f3n<\/strong>, a cargo de Alumnos de Escuelas Taurinas y Aficionados Pr\u00e1cticos.<\/p><blockquote dir=\"ltr\" style=\"margin-right: 0px;\"><p>Lugar: Plaza de Toros Port\u00e1til.<\/p><\/blockquote><p>20:00 h. <strong>Firma de aut\u00f3grafos por Figuras Relevantes del Mundo Taurino.<\/strong><\/p><blockquote dir=\"ltr\" style=\"margin-right: 0px;\"><p>Lugar: Carpa Principal en Zona de Exposiciones.<\/p><\/blockquote><p>22:00 h. <strong>Cierre y Clausura de la ll Feria Internacional del Toro.<\/strong><\/p><\/blockquote><\/p>\n","protected":false},"excerpt":{"rendered":"<p>Esta feria, que se celebrar\u00e1 durante los d\u00edas 19 al 22 de marzo, cuenta con una amplia programaci\u00f3n taurina y cultural, donde el ayuntamiento de Coria colabora un a\u00f1o m\u00e1s con los organizadores aportando su granito de arena para que esta segunda edici\u00f3n sea un \u00e9xito al igual que el pasado a\u00f1o. JUEVES 19 DE [&hellip;]<\/p>\n","protected":false},"author":2,"featured_media":30724,"comment_status":"closed","ping_status":"closed","sticky":false,"template":"","format":"standard","meta":{"_uag_custom_page_level_css":"","footnotes":""},"categories":[2],"tags":[3,4],"class_list":["post-25708","post","type-post","status-publish","format-standard","has-post-thumbnail","hentry","category-noticias","tag-coria","tag-extremadura"],"yoast_head":"<!-- This site is optimized with the Yoast SEO plugin v27.4 - https:\/\/yoast.com\/product\/yoast-seo-wordpress\/ -->\n<title>Programa de la II Feria Internacional del Toro de Coria - Ayuntamiento de Coria<\/title>\n<meta name=\"description\" content=\"Esta feria, que se celebrar\u00e1 durante los d\u00edas 19 al 22 de marzo, cuenta con una amplia programaci\u00f3n taurina y cultural, donde el ayuntamiento de Coria colabora un a\u00f1o m\u00e1s con los organizadores aportando su granito de arena para que esta segunda edici\u00f3n sea un \u00e9xito al igual que el pasado a\u00f1o.\" \/>\n<meta name=\"robots\" content=\"index, follow, max-snippet:-1, max-image-preview:large, max-video-preview:-1\" \/>\n<link rel=\"canonical\" href=\"https:\/\/coria.org\/ayuntamiento\/index.php\/2015\/03\/13\/programa-de-la-ii-feria-internacional-del-toro-de-coria\/\" \/>\n<meta property=\"og:locale\" content=\"es_ES\" \/>\n<meta property=\"og:type\" content=\"article\" \/>\n<meta property=\"og:title\" content=\"Programa de la II Feria Internacional del Toro de Coria - Ayuntamiento de Coria\" \/>\n<meta property=\"og:description\" content=\"Esta feria, que se celebrar\u00e1 durante los d\u00edas 19 al 22 de marzo, cuenta con una amplia programaci\u00f3n taurina y cultural, donde el ayuntamiento de Coria colabora un a\u00f1o m\u00e1s con los organizadores aportando su granito de arena para que esta segunda edici\u00f3n sea un \u00e9xito al igual que el pasado a\u00f1o.\" \/>\n<meta property=\"og:url\" content=\"https:\/\/coria.org\/ayuntamiento\/index.php\/2015\/03\/13\/programa-de-la-ii-feria-internacional-del-toro-de-coria\/\" \/>\n<meta property=\"og:site_name\" content=\"Ayuntamiento de Coria\" \/>\n<meta property=\"article:publisher\" content=\"https:\/\/www.facebook.com\/Ayuntamiento.de.Coria\" \/>\n<meta property=\"article:published_time\" content=\"2015-03-13T00:00:00+00:00\" \/>\n<meta property=\"article:modified_time\" content=\"2024-10-09T07:00:37+00:00\" \/>\n<meta property=\"og:image\" content=\"https:\/\/coria.org\/ayuntamiento\/wp-content\/uploads\/2022\/03\/image-173.jpeg\" \/>\n\t<meta property=\"og:image:width\" content=\"320\" \/>\n\t<meta property=\"og:image:height\" content=\"320\" \/>\n\t<meta property=\"og:image:type\" content=\"image\/jpeg\" \/>\n<meta name=\"author\" content=\"ayuntamiento\" \/>\n<meta name=\"twitter:card\" content=\"summary_large_image\" \/>\n<meta name=\"twitter:creator\" content=\"@Ayto_de_Coria\" \/>\n<meta name=\"twitter:site\" content=\"@Ayto_de_Coria\" \/>\n<meta name=\"twitter:label1\" content=\"Escrito por\" \/>\n\t<meta name=\"twitter:data1\" content=\"ayuntamiento\" \/>\n\t<meta name=\"twitter:label2\" content=\"Tiempo de lectura\" \/>\n\t<meta name=\"twitter:data2\" content=\"3 minutos\" \/>\n<script type=\"application\/ld+json\" class=\"yoast-schema-graph\">{\"@context\":\"https:\\\/\\\/schema.org\",\"@graph\":[{\"@type\":\"Article\",\"@id\":\"https:\\\/\\\/coria.org\\\/ayuntamiento\\\/index.php\\\/2015\\\/03\\\/13\\\/programa-de-la-ii-feria-internacional-del-toro-de-coria\\\/#article\",\"isPartOf\":{\"@id\":\"https:\\\/\\\/coria.org\\\/ayuntamiento\\\/index.php\\\/2015\\\/03\\\/13\\\/programa-de-la-ii-feria-internacional-del-toro-de-coria\\\/\"},\"author\":{\"name\":\"ayuntamiento\",\"@id\":\"https:\\\/\\\/coria.org\\\/ayuntamiento\\\/#\\\/schema\\\/person\\\/8bd589f0e13e8ae5aa06def7a599d622\"},\"headline\":\"Programa de la II Feria Internacional del Toro de Coria\",\"datePublished\":\"2015-03-13T00:00:00+00:00\",\"dateModified\":\"2024-10-09T07:00:37+00:00\",\"mainEntityOfPage\":{\"@id\":\"https:\\\/\\\/coria.org\\\/ayuntamiento\\\/index.php\\\/2015\\\/03\\\/13\\\/programa-de-la-ii-feria-internacional-del-toro-de-coria\\\/\"},\"wordCount\":856,\"publisher\":{\"@id\":\"https:\\\/\\\/coria.org\\\/ayuntamiento\\\/#organization\"},\"image\":{\"@id\":\"https:\\\/\\\/coria.org\\\/ayuntamiento\\\/index.php\\\/2015\\\/03\\\/13\\\/programa-de-la-ii-feria-internacional-del-toro-de-coria\\\/#primaryimage\"},\"thumbnailUrl\":\"https:\\\/\\\/coria.org\\\/ayuntamiento\\\/wp-content\\\/uploads\\\/2022\\\/03\\\/image-173.jpeg\",\"keywords\":[\"coria\",\"extremadura\"],\"articleSection\":[\"Noticias\"],\"inLanguage\":\"es\"},{\"@type\":\"WebPage\",\"@id\":\"https:\\\/\\\/coria.org\\\/ayuntamiento\\\/index.php\\\/2015\\\/03\\\/13\\\/programa-de-la-ii-feria-internacional-del-toro-de-coria\\\/\",\"url\":\"https:\\\/\\\/coria.org\\\/ayuntamiento\\\/index.php\\\/2015\\\/03\\\/13\\\/programa-de-la-ii-feria-internacional-del-toro-de-coria\\\/\",\"name\":\"Programa de la II Feria Internacional del Toro de Coria - Ayuntamiento de Coria\",\"isPartOf\":{\"@id\":\"https:\\\/\\\/coria.org\\\/ayuntamiento\\\/#website\"},\"primaryImageOfPage\":{\"@id\":\"https:\\\/\\\/coria.org\\\/ayuntamiento\\\/index.php\\\/2015\\\/03\\\/13\\\/programa-de-la-ii-feria-internacional-del-toro-de-coria\\\/#primaryimage\"},\"image\":{\"@id\":\"https:\\\/\\\/coria.org\\\/ayuntamiento\\\/index.php\\\/2015\\\/03\\\/13\\\/programa-de-la-ii-feria-internacional-del-toro-de-coria\\\/#primaryimage\"},\"thumbnailUrl\":\"https:\\\/\\\/coria.org\\\/ayuntamiento\\\/wp-content\\\/uploads\\\/2022\\\/03\\\/image-173.jpeg\",\"datePublished\":\"2015-03-13T00:00:00+00:00\",\"dateModified\":\"2024-10-09T07:00:37+00:00\",\"description\":\"Esta feria, que se celebrar\u00e1 durante los d\u00edas 19 al 22 de marzo, cuenta con una amplia programaci\u00f3n taurina y cultural, donde el ayuntamiento de Coria colabora un a\u00f1o m\u00e1s con los organizadores aportando su granito de arena para que esta segunda edici\u00f3n sea un \u00e9xito al igual que el pasado a\u00f1o.\",\"breadcrumb\":{\"@id\":\"https:\\\/\\\/coria.org\\\/ayuntamiento\\\/index.php\\\/2015\\\/03\\\/13\\\/programa-de-la-ii-feria-internacional-del-toro-de-coria\\\/#breadcrumb\"},\"inLanguage\":\"es\",\"potentialAction\":[{\"@type\":\"ReadAction\",\"target\":[\"https:\\\/\\\/coria.org\\\/ayuntamiento\\\/index.php\\\/2015\\\/03\\\/13\\\/programa-de-la-ii-feria-internacional-del-toro-de-coria\\\/\"]}]},{\"@type\":\"ImageObject\",\"inLanguage\":\"es\",\"@id\":\"https:\\\/\\\/coria.org\\\/ayuntamiento\\\/index.php\\\/2015\\\/03\\\/13\\\/programa-de-la-ii-feria-internacional-del-toro-de-coria\\\/#primaryimage\",\"url\":\"https:\\\/\\\/coria.org\\\/ayuntamiento\\\/wp-content\\\/uploads\\\/2022\\\/03\\\/image-173.jpeg\",\"contentUrl\":\"https:\\\/\\\/coria.org\\\/ayuntamiento\\\/wp-content\\\/uploads\\\/2022\\\/03\\\/image-173.jpeg\",\"width\":320,\"height\":320},{\"@type\":\"BreadcrumbList\",\"@id\":\"https:\\\/\\\/coria.org\\\/ayuntamiento\\\/index.php\\\/2015\\\/03\\\/13\\\/programa-de-la-ii-feria-internacional-del-toro-de-coria\\\/#breadcrumb\",\"itemListElement\":[{\"@type\":\"ListItem\",\"position\":1,\"name\":\"Inicio\",\"item\":\"https:\\\/\\\/coria.org\\\/ayuntamiento\\\/\"},{\"@type\":\"ListItem\",\"position\":2,\"name\":\"Programa de la II Feria Internacional del Toro de Coria\"}]},{\"@type\":\"WebSite\",\"@id\":\"https:\\\/\\\/coria.org\\\/ayuntamiento\\\/#website\",\"url\":\"https:\\\/\\\/coria.org\\\/ayuntamiento\\\/\",\"name\":\"Ayuntamiento de Coria\",\"description\":\"Web oficial del Ayuntamiento de Coria\",\"publisher\":{\"@id\":\"https:\\\/\\\/coria.org\\\/ayuntamiento\\\/#organization\"},\"alternateName\":\"Web Oficial del Ayuntamiento de Coria\",\"potentialAction\":[{\"@type\":\"SearchAction\",\"target\":{\"@type\":\"EntryPoint\",\"urlTemplate\":\"https:\\\/\\\/coria.org\\\/ayuntamiento\\\/?s={search_term_string}\"},\"query-input\":{\"@type\":\"PropertyValueSpecification\",\"valueRequired\":true,\"valueName\":\"search_term_string\"}}],\"inLanguage\":\"es\"},{\"@type\":\"Organization\",\"@id\":\"https:\\\/\\\/coria.org\\\/ayuntamiento\\\/#organization\",\"name\":\"Ayuntamiento de Coria\",\"alternateName\":\"Ayto de Coria\",\"url\":\"https:\\\/\\\/coria.org\\\/ayuntamiento\\\/\",\"logo\":{\"@type\":\"ImageObject\",\"inLanguage\":\"es\",\"@id\":\"https:\\\/\\\/coria.org\\\/ayuntamiento\\\/#\\\/schema\\\/logo\\\/image\\\/\",\"url\":\"https:\\\/\\\/coria.org\\\/ayuntamiento\\\/wp-content\\\/uploads\\\/2020\\\/12\\\/escudo-ayuntamiento-coria.png\",\"contentUrl\":\"https:\\\/\\\/coria.org\\\/ayuntamiento\\\/wp-content\\\/uploads\\\/2020\\\/12\\\/escudo-ayuntamiento-coria.png\",\"width\":511,\"height\":240,\"caption\":\"Ayuntamiento de Coria\"},\"image\":{\"@id\":\"https:\\\/\\\/coria.org\\\/ayuntamiento\\\/#\\\/schema\\\/logo\\\/image\\\/\"},\"sameAs\":[\"https:\\\/\\\/www.facebook.com\\\/Ayuntamiento.de.Coria\",\"https:\\\/\\\/x.com\\\/Ayto_de_Coria\",\"https:\\\/\\\/www.instagram.com\\\/coria.ayuntamiento\\\/\",\"https:\\\/\\\/www.youtube.com\\\/user\\\/AYUNTAMIENTOCORIA\"]},{\"@type\":\"Person\",\"@id\":\"https:\\\/\\\/coria.org\\\/ayuntamiento\\\/#\\\/schema\\\/person\\\/8bd589f0e13e8ae5aa06def7a599d622\",\"name\":\"ayuntamiento\",\"image\":{\"@type\":\"ImageObject\",\"inLanguage\":\"es\",\"@id\":\"https:\\\/\\\/secure.gravatar.com\\\/avatar\\\/966e5ed73cad334adda5c87f49f2547f7082f7292c1b627cbb548744383b391c?s=96&d=mm&r=g\",\"url\":\"https:\\\/\\\/secure.gravatar.com\\\/avatar\\\/966e5ed73cad334adda5c87f49f2547f7082f7292c1b627cbb548744383b391c?s=96&d=mm&r=g\",\"contentUrl\":\"https:\\\/\\\/secure.gravatar.com\\\/avatar\\\/966e5ed73cad334adda5c87f49f2547f7082f7292c1b627cbb548744383b391c?s=96&d=mm&r=g\",\"caption\":\"ayuntamiento\"}}]}<\/script>\n<!-- \/ Yoast SEO plugin. -->","yoast_head_json":{"title":"Programa de la II Feria Internacional del Toro de Coria - Ayuntamiento de Coria","description":"Esta feria, que se celebrar\u00e1 durante los d\u00edas 19 al 22 de marzo, cuenta con una amplia programaci\u00f3n taurina y cultural, donde el ayuntamiento de Coria colabora un a\u00f1o m\u00e1s con los organizadores aportando su granito de arena para que esta segunda edici\u00f3n sea un \u00e9xito al igual que el pasado a\u00f1o.","robots":{"index":"index","follow":"follow","max-snippet":"max-snippet:-1","max-image-preview":"max-image-preview:large","max-video-preview":"max-video-preview:-1"},"canonical":"https:\/\/coria.org\/ayuntamiento\/index.php\/2015\/03\/13\/programa-de-la-ii-feria-internacional-del-toro-de-coria\/","og_locale":"es_ES","og_type":"article","og_title":"Programa de la II Feria Internacional del Toro de Coria - Ayuntamiento de Coria","og_description":"Esta feria, que se celebrar\u00e1 durante los d\u00edas 19 al 22 de marzo, cuenta con una amplia programaci\u00f3n taurina y cultural, donde el ayuntamiento de Coria colabora un a\u00f1o m\u00e1s con los organizadores aportando su granito de arena para que esta segunda edici\u00f3n sea un \u00e9xito al igual que el pasado a\u00f1o.","og_url":"https:\/\/coria.org\/ayuntamiento\/index.php\/2015\/03\/13\/programa-de-la-ii-feria-internacional-del-toro-de-coria\/","og_site_name":"Ayuntamiento de Coria","article_publisher":"https:\/\/www.facebook.com\/Ayuntamiento.de.Coria","article_published_time":"2015-03-13T00:00:00+00:00","article_modified_time":"2024-10-09T07:00:37+00:00","og_image":[{"width":320,"height":320,"url":"https:\/\/coria.org\/ayuntamiento\/wp-content\/uploads\/2022\/03\/image-173.jpeg","type":"image\/jpeg"}],"author":"ayuntamiento","twitter_card":"summary_large_image","twitter_creator":"@Ayto_de_Coria","twitter_site":"@Ayto_de_Coria","twitter_misc":{"Escrito por":"ayuntamiento","Tiempo de lectura":"3 minutos"},"schema":{"@context":"https:\/\/schema.org","@graph":[{"@type":"Article","@id":"https:\/\/coria.org\/ayuntamiento\/index.php\/2015\/03\/13\/programa-de-la-ii-feria-internacional-del-toro-de-coria\/#article","isPartOf":{"@id":"https:\/\/coria.org\/ayuntamiento\/index.php\/2015\/03\/13\/programa-de-la-ii-feria-internacional-del-toro-de-coria\/"},"author":{"name":"ayuntamiento","@id":"https:\/\/coria.org\/ayuntamiento\/#\/schema\/person\/8bd589f0e13e8ae5aa06def7a599d622"},"headline":"Programa de la II Feria Internacional del Toro de Coria","datePublished":"2015-03-13T00:00:00+00:00","dateModified":"2024-10-09T07:00:37+00:00","mainEntityOfPage":{"@id":"https:\/\/coria.org\/ayuntamiento\/index.php\/2015\/03\/13\/programa-de-la-ii-feria-internacional-del-toro-de-coria\/"},"wordCount":856,"publisher":{"@id":"https:\/\/coria.org\/ayuntamiento\/#organization"},"image":{"@id":"https:\/\/coria.org\/ayuntamiento\/index.php\/2015\/03\/13\/programa-de-la-ii-feria-internacional-del-toro-de-coria\/#primaryimage"},"thumbnailUrl":"https:\/\/coria.org\/ayuntamiento\/wp-content\/uploads\/2022\/03\/image-173.jpeg","keywords":["coria","extremadura"],"articleSection":["Noticias"],"inLanguage":"es"},{"@type":"WebPage","@id":"https:\/\/coria.org\/ayuntamiento\/index.php\/2015\/03\/13\/programa-de-la-ii-feria-internacional-del-toro-de-coria\/","url":"https:\/\/coria.org\/ayuntamiento\/index.php\/2015\/03\/13\/programa-de-la-ii-feria-internacional-del-toro-de-coria\/","name":"Programa de la II Feria Internacional del Toro de Coria - Ayuntamiento de Coria","isPartOf":{"@id":"https:\/\/coria.org\/ayuntamiento\/#website"},"primaryImageOfPage":{"@id":"https:\/\/coria.org\/ayuntamiento\/index.php\/2015\/03\/13\/programa-de-la-ii-feria-internacional-del-toro-de-coria\/#primaryimage"},"image":{"@id":"https:\/\/coria.org\/ayuntamiento\/index.php\/2015\/03\/13\/programa-de-la-ii-feria-internacional-del-toro-de-coria\/#primaryimage"},"thumbnailUrl":"https:\/\/coria.org\/ayuntamiento\/wp-content\/uploads\/2022\/03\/image-173.jpeg","datePublished":"2015-03-13T00:00:00+00:00","dateModified":"2024-10-09T07:00:37+00:00","description":"Esta feria, que se celebrar\u00e1 durante los d\u00edas 19 al 22 de marzo, cuenta con una amplia programaci\u00f3n taurina y cultural, donde el ayuntamiento de Coria colabora un a\u00f1o m\u00e1s con los organizadores aportando su granito de arena para que esta segunda edici\u00f3n sea un \u00e9xito al igual que el pasado a\u00f1o.","breadcrumb":{"@id":"https:\/\/coria.org\/ayuntamiento\/index.php\/2015\/03\/13\/programa-de-la-ii-feria-internacional-del-toro-de-coria\/#breadcrumb"},"inLanguage":"es","potentialAction":[{"@type":"ReadAction","target":["https:\/\/coria.org\/ayuntamiento\/index.php\/2015\/03\/13\/programa-de-la-ii-feria-internacional-del-toro-de-coria\/"]}]},{"@type":"ImageObject","inLanguage":"es","@id":"https:\/\/coria.org\/ayuntamiento\/index.php\/2015\/03\/13\/programa-de-la-ii-feria-internacional-del-toro-de-coria\/#primaryimage","url":"https:\/\/coria.org\/ayuntamiento\/wp-content\/uploads\/2022\/03\/image-173.jpeg","contentUrl":"https:\/\/coria.org\/ayuntamiento\/wp-content\/uploads\/2022\/03\/image-173.jpeg","width":320,"height":320},{"@type":"BreadcrumbList","@id":"https:\/\/coria.org\/ayuntamiento\/index.php\/2015\/03\/13\/programa-de-la-ii-feria-internacional-del-toro-de-coria\/#breadcrumb","itemListElement":[{"@type":"ListItem","position":1,"name":"Inicio","item":"https:\/\/coria.org\/ayuntamiento\/"},{"@type":"ListItem","position":2,"name":"Programa de la II Feria Internacional del Toro de Coria"}]},{"@type":"WebSite","@id":"https:\/\/coria.org\/ayuntamiento\/#website","url":"https:\/\/coria.org\/ayuntamiento\/","name":"Ayuntamiento de Coria","description":"Web oficial del Ayuntamiento de Coria","publisher":{"@id":"https:\/\/coria.org\/ayuntamiento\/#organization"},"alternateName":"Web Oficial del Ayuntamiento de Coria","potentialAction":[{"@type":"SearchAction","target":{"@type":"EntryPoint","urlTemplate":"https:\/\/coria.org\/ayuntamiento\/?s={search_term_string}"},"query-input":{"@type":"PropertyValueSpecification","valueRequired":true,"valueName":"search_term_string"}}],"inLanguage":"es"},{"@type":"Organization","@id":"https:\/\/coria.org\/ayuntamiento\/#organization","name":"Ayuntamiento de Coria","alternateName":"Ayto de Coria","url":"https:\/\/coria.org\/ayuntamiento\/","logo":{"@type":"ImageObject","inLanguage":"es","@id":"https:\/\/coria.org\/ayuntamiento\/#\/schema\/logo\/image\/","url":"https:\/\/coria.org\/ayuntamiento\/wp-content\/uploads\/2020\/12\/escudo-ayuntamiento-coria.png","contentUrl":"https:\/\/coria.org\/ayuntamiento\/wp-content\/uploads\/2020\/12\/escudo-ayuntamiento-coria.png","width":511,"height":240,"caption":"Ayuntamiento de Coria"},"image":{"@id":"https:\/\/coria.org\/ayuntamiento\/#\/schema\/logo\/image\/"},"sameAs":["https:\/\/www.facebook.com\/Ayuntamiento.de.Coria","https:\/\/x.com\/Ayto_de_Coria","https:\/\/www.instagram.com\/coria.ayuntamiento\/","https:\/\/www.youtube.com\/user\/AYUNTAMIENTOCORIA"]},{"@type":"Person","@id":"https:\/\/coria.org\/ayuntamiento\/#\/schema\/person\/8bd589f0e13e8ae5aa06def7a599d622","name":"ayuntamiento","image":{"@type":"ImageObject","inLanguage":"es","@id":"https:\/\/secure.gravatar.com\/avatar\/966e5ed73cad334adda5c87f49f2547f7082f7292c1b627cbb548744383b391c?s=96&d=mm&r=g","url":"https:\/\/secure.gravatar.com\/avatar\/966e5ed73cad334adda5c87f49f2547f7082f7292c1b627cbb548744383b391c?s=96&d=mm&r=g","contentUrl":"https:\/\/secure.gravatar.com\/avatar\/966e5ed73cad334adda5c87f49f2547f7082f7292c1b627cbb548744383b391c?s=96&d=mm&r=g","caption":"ayuntamiento"}}]}},"uagb_featured_image_src":{"full":["https:\/\/coria.org\/ayuntamiento\/wp-content\/uploads\/2022\/03\/image-173.jpeg",320,320,false],"thumbnail":["https:\/\/coria.org\/ayuntamiento\/wp-content\/uploads\/2022\/03\/image-173-150x150.jpeg",150,150,true],"medium":["https:\/\/coria.org\/ayuntamiento\/wp-content\/uploads\/2022\/03\/image-173-300x300.jpeg",300,300,true],"medium_large":["https:\/\/coria.org\/ayuntamiento\/wp-content\/uploads\/2022\/03\/image-173.jpeg",320,320,false],"large":["https:\/\/coria.org\/ayuntamiento\/wp-content\/uploads\/2022\/03\/image-173.jpeg",320,320,false],"thumblist":["https:\/\/coria.org\/ayuntamiento\/wp-content\/uploads\/2022\/03\/image-173.jpeg",300,300,false],"thumbrelated":["https:\/\/coria.org\/ayuntamiento\/wp-content\/uploads\/2022\/03\/image-173.jpeg",320,320,false],"meccarouselthumb":["https:\/\/coria.org\/ayuntamiento\/wp-content\/uploads\/2022\/03\/image-173.jpeg",320,320,false],"gridsquare":["https:\/\/coria.org\/ayuntamiento\/wp-content\/uploads\/2022\/03\/image-173.jpeg",260,260,false],"tileview":["https:\/\/coria.org\/ayuntamiento\/wp-content\/uploads\/2022\/03\/image-173.jpeg",300,300,false],"1536x1536":["https:\/\/coria.org\/ayuntamiento\/wp-content\/uploads\/2022\/03\/image-173.jpeg",320,320,false],"2048x2048":["https:\/\/coria.org\/ayuntamiento\/wp-content\/uploads\/2022\/03\/image-173.jpeg",320,320,false]},"uagb_author_info":{"display_name":"ayuntamiento","author_link":"https:\/\/coria.org\/ayuntamiento\/index.php\/author\/ayuntamiento\/"},"uagb_comment_info":0,"uagb_excerpt":"Esta feria, que se celebrar\u00e1 durante los d\u00edas 19 al 22 de marzo, cuenta con una amplia programaci\u00f3n taurina y cultural, donde el ayuntamiento de Coria colabora un a\u00f1o m\u00e1s con los organizadores aportando su granito de arena para que esta segunda edici\u00f3n sea un \u00e9xito al igual que el pasado a\u00f1o. JUEVES 19 DE&hellip;","_links":{"self":[{"href":"https:\/\/coria.org\/ayuntamiento\/index.php\/wp-json\/wp\/v2\/posts\/25708","targetHints":{"allow":["GET"]}}],"collection":[{"href":"https:\/\/coria.org\/ayuntamiento\/index.php\/wp-json\/wp\/v2\/posts"}],"about":[{"href":"https:\/\/coria.org\/ayuntamiento\/index.php\/wp-json\/wp\/v2\/types\/post"}],"author":[{"embeddable":true,"href":"https:\/\/coria.org\/ayuntamiento\/index.php\/wp-json\/wp\/v2\/users\/2"}],"replies":[{"embeddable":true,"href":"https:\/\/coria.org\/ayuntamiento\/index.php\/wp-json\/wp\/v2\/comments?post=25708"}],"version-history":[{"count":0,"href":"https:\/\/coria.org\/ayuntamiento\/index.php\/wp-json\/wp\/v2\/posts\/25708\/revisions"}],"wp:featuredmedia":[{"embeddable":true,"href":"https:\/\/coria.org\/ayuntamiento\/index.php\/wp-json\/wp\/v2\/media\/30724"}],"wp:attachment":[{"href":"https:\/\/coria.org\/ayuntamiento\/index.php\/wp-json\/wp\/v2\/media?parent=25708"}],"wp:term":[{"taxonomy":"category","embeddable":true,"href":"https:\/\/coria.org\/ayuntamiento\/index.php\/wp-json\/wp\/v2\/categories?post=25708"},{"taxonomy":"post_tag","embeddable":true,"href":"https:\/\/coria.org\/ayuntamiento\/index.php\/wp-json\/wp\/v2\/tags?post=25708"}],"curies":[{"name":"wp","href":"https:\/\/api.w.org\/{rel}","templated":true}]}}