{"id":25707,"date":"2015-03-13T00:00:00","date_gmt":"2015-03-13T00:00:00","guid":{"rendered":"https:\/\/ayuntamiento.coriaenimagenes.com\/el-presidente-monago-asiste-junto-al-alcalde-de-coria-a-la-recepcion-de-la-obra-del-instituto-de-ensenanza-secundaria\/"},"modified":"2023-09-18T12:39:18","modified_gmt":"2023-09-18T10:39:18","slug":"el-presidente-monago-asiste-junto-al-alcalde-de-coria-a-la-recepcion-de-la-obra-del-instituto-de-ensenanza-secundaria","status":"publish","type":"post","link":"https:\/\/coria.org\/ayuntamiento\/index.php\/2015\/03\/13\/el-presidente-monago-asiste-junto-al-alcalde-de-coria-a-la-recepcion-de-la-obra-del-instituto-de-ensenanza-secundaria\/","title":{"rendered":"El Presidente Monago asiste junto al Alcalde de Coria a la recepci\u00f3n de la obra del Instituto de Ense\u00f1anza Secundaria"},"content":{"rendered":"\n<p><b>El presidente del Gobierno de Extremadura, Jos\u00e9 Antonio Monago, ha asistido esta ma\u00f1ana a la recepci\u00f3n de la obra del Instituto de Ense\u00f1anza Secundaria de Coria, que entrar\u00e1 en funcionamiento el pr\u00f3ximo curso y \u00abva a alojar la ESO, Bachillerato y la Formaci\u00f3n Profesional en la rama de Administraci\u00f3n y Gesti\u00f3n\u00bb.<\/b><\/p>\n\n<figure class=\"wp-block-post-featured-image\"><img loading=\"lazy\" decoding=\"async\" width=\"640\" height=\"426\" src=\"https:\/\/coria.org\/ayuntamiento\/wp-content\/uploads\/2022\/03\/image-172.jpeg\" class=\"attachment-post-thumbnail size-post-thumbnail wp-post-image\" alt=\"\" style=\"object-fit:cover;\" srcset=\"https:\/\/coria.org\/ayuntamiento\/wp-content\/uploads\/2022\/03\/image-172.jpeg 640w, https:\/\/coria.org\/ayuntamiento\/wp-content\/uploads\/2022\/03\/image-172-300x200.jpeg 300w\" sizes=\"auto, (max-width: 640px) 100vw, 640px\" \/><\/figure>\n\n<p><span style=\"font-family: verdana,arial,helvetica,sans-serif; font-size: small;\"><\/span><\/p>\n\n\n<p><span style=\"font-family: verdana,arial,helvetica,sans-serif; font-size: small;\">El m\u00e1ximo responsable del Ejecutivo regional ha asegurado que es \u00abun gran centro\u00bb y que es \u00abmuy esperado por la ciudad de Coria\u00bb. Tal y como ha explicado el presidente, este centro, con m\u00e1s de 8.000 m2 edificados, tiene capacidad para unos 650 alumnos y un claustro de medio centenar de profesores.<\/span><\/p>\n\n\n<p>Asimismo, el presidente ha asegurado que esta obra hay supuesto un esfuerzo muy importante del Gobierno de Extremadura porque, tal y como ha recordado, cuando comenz\u00f3 la legislatura los fondos FEDER estaban sobre-ejecutados para infraestructuras educativas en un 180%.<\/p>\n\n\n<p>Monago ha recalcado que se trata de una inversi\u00f3n muy importante, 7 millones de euros, \u00abpara seguir apostando por la educaci\u00f3n de calidad, que necesita de unas instalaciones modernas\u00bb.<\/p>\n\n\n<p>&nbsp;Del mismo modo, el presidente auton\u00f3mico ha detallado que en lo que va de legislatura en Coria el Ejecutivo regional ha invertido en cinco centros educativos 350.000 euros, porque \u00abtambi\u00e9n es muy importante mantener los centros que tenemos en buenas condiciones\u00bb.<\/p>\n\n\n<p><span style=\"font-family: verdana,arial,helvetica,sans-serif; font-size: small;\">Para finalizar, el primer edil cauriense ha dicho que hoy es un d\u00eda muy importante para la ciudad de Coria porque el Instituto ya es una realidad, despu\u00e9s de m\u00e1s de 15 a\u00f1os esperando esta noticia. Es muy importante que se vea y se visualice la colaboraci\u00f3n de todas las administraciones, con esa sinton\u00eda y trabajo de todas ellas.<\/span><\/p>\n\n\n<p><iframe loading=\"lazy\" src=\"https:\/\/www.youtube.com\/embed\/E7eWrPHHbFg\" width=\"640\" height=\"480\" frameborder=\"0\"><\/iframe><\/p>\n","protected":false},"excerpt":{"rendered":"<p>El presidente del Gobierno de Extremadura, Jos\u00e9 Antonio Monago, ha asistido esta ma\u00f1ana a la recepci\u00f3n de la obra del Instituto de Ense\u00f1anza Secundaria de Coria, que entrar\u00e1 en funcionamiento el pr\u00f3ximo curso y \u00abva a alojar la ESO, Bachillerato y la Formaci\u00f3n Profesional en la rama de Administraci\u00f3n y Gesti\u00f3n\u00bb. El m\u00e1ximo responsable del [&hellip;]<\/p>\n","protected":false},"author":2,"featured_media":30722,"comment_status":"closed","ping_status":"closed","sticky":false,"template":"","format":"standard","meta":{"_uag_custom_page_level_css":"","footnotes":""},"categories":[2],"tags":[3,4],"class_list":["post-25707","post","type-post","status-publish","format-standard","has-post-thumbnail","hentry","category-noticias","tag-coria","tag-extremadura"],"yoast_head":"<!-- This site is optimized with the Yoast SEO plugin v27.4 - https:\/\/yoast.com\/product\/yoast-seo-wordpress\/ -->\n<title>El Presidente Monago asiste junto al Alcalde de Coria a la recepci\u00f3n de la obra del Instituto de Ense\u00f1anza Secundaria - Ayuntamiento de Coria<\/title>\n<meta name=\"robots\" content=\"index, follow, max-snippet:-1, max-image-preview:large, max-video-preview:-1\" \/>\n<link rel=\"canonical\" href=\"https:\/\/coria.org\/ayuntamiento\/index.php\/2015\/03\/13\/el-presidente-monago-asiste-junto-al-alcalde-de-coria-a-la-recepcion-de-la-obra-del-instituto-de-ensenanza-secundaria\/\" \/>\n<meta property=\"og:locale\" content=\"es_ES\" \/>\n<meta property=\"og:type\" content=\"article\" \/>\n<meta property=\"og:title\" content=\"El Presidente Monago asiste junto al Alcalde de Coria a la recepci\u00f3n de la obra del Instituto de Ense\u00f1anza Secundaria - Ayuntamiento de Coria\" \/>\n<meta property=\"og:description\" content=\"El presidente del Gobierno de Extremadura, Jos\u00e9 Antonio Monago, ha asistido esta ma\u00f1ana a la recepci\u00f3n de la obra del Instituto de Ense\u00f1anza Secundaria de Coria, que entrar\u00e1 en funcionamiento el pr\u00f3ximo curso y \u00abva a alojar la ESO, Bachillerato y la Formaci\u00f3n Profesional en la rama de Administraci\u00f3n y Gesti\u00f3n\u00bb. El m\u00e1ximo responsable del [&hellip;]\" \/>\n<meta property=\"og:url\" content=\"https:\/\/coria.org\/ayuntamiento\/index.php\/2015\/03\/13\/el-presidente-monago-asiste-junto-al-alcalde-de-coria-a-la-recepcion-de-la-obra-del-instituto-de-ensenanza-secundaria\/\" \/>\n<meta property=\"og:site_name\" content=\"Ayuntamiento de Coria\" \/>\n<meta property=\"article:publisher\" content=\"https:\/\/www.facebook.com\/Ayuntamiento.de.Coria\" \/>\n<meta property=\"article:published_time\" content=\"2015-03-13T00:00:00+00:00\" \/>\n<meta property=\"article:modified_time\" content=\"2023-09-18T10:39:18+00:00\" \/>\n<meta property=\"og:image\" content=\"https:\/\/coria.org\/ayuntamiento\/wp-content\/uploads\/2022\/03\/image-172.jpeg\" \/>\n\t<meta property=\"og:image:width\" content=\"640\" \/>\n\t<meta property=\"og:image:height\" content=\"426\" \/>\n\t<meta property=\"og:image:type\" content=\"image\/jpeg\" \/>\n<meta name=\"author\" content=\"ayuntamiento\" \/>\n<meta name=\"twitter:card\" content=\"summary_large_image\" \/>\n<meta name=\"twitter:creator\" content=\"@Ayto_de_Coria\" \/>\n<meta name=\"twitter:site\" content=\"@Ayto_de_Coria\" \/>\n<meta name=\"twitter:label1\" content=\"Escrito por\" \/>\n\t<meta name=\"twitter:data1\" content=\"ayuntamiento\" \/>\n\t<meta name=\"twitter:label2\" content=\"Tiempo de lectura\" \/>\n\t<meta name=\"twitter:data2\" content=\"1 minuto\" \/>\n<script type=\"application\/ld+json\" class=\"yoast-schema-graph\">{\"@context\":\"https:\\\/\\\/schema.org\",\"@graph\":[{\"@type\":\"Article\",\"@id\":\"https:\\\/\\\/coria.org\\\/ayuntamiento\\\/index.php\\\/2015\\\/03\\\/13\\\/el-presidente-monago-asiste-junto-al-alcalde-de-coria-a-la-recepcion-de-la-obra-del-instituto-de-ensenanza-secundaria\\\/#article\",\"isPartOf\":{\"@id\":\"https:\\\/\\\/coria.org\\\/ayuntamiento\\\/index.php\\\/2015\\\/03\\\/13\\\/el-presidente-monago-asiste-junto-al-alcalde-de-coria-a-la-recepcion-de-la-obra-del-instituto-de-ensenanza-secundaria\\\/\"},\"author\":{\"name\":\"ayuntamiento\",\"@id\":\"https:\\\/\\\/coria.org\\\/ayuntamiento\\\/#\\\/schema\\\/person\\\/8bd589f0e13e8ae5aa06def7a599d622\"},\"headline\":\"El Presidente Monago asiste junto al Alcalde de Coria a la recepci\u00f3n de la obra del Instituto de Ense\u00f1anza Secundaria\",\"datePublished\":\"2015-03-13T00:00:00+00:00\",\"dateModified\":\"2023-09-18T10:39:18+00:00\",\"mainEntityOfPage\":{\"@id\":\"https:\\\/\\\/coria.org\\\/ayuntamiento\\\/index.php\\\/2015\\\/03\\\/13\\\/el-presidente-monago-asiste-junto-al-alcalde-de-coria-a-la-recepcion-de-la-obra-del-instituto-de-ensenanza-secundaria\\\/\"},\"wordCount\":307,\"publisher\":{\"@id\":\"https:\\\/\\\/coria.org\\\/ayuntamiento\\\/#organization\"},\"image\":{\"@id\":\"https:\\\/\\\/coria.org\\\/ayuntamiento\\\/index.php\\\/2015\\\/03\\\/13\\\/el-presidente-monago-asiste-junto-al-alcalde-de-coria-a-la-recepcion-de-la-obra-del-instituto-de-ensenanza-secundaria\\\/#primaryimage\"},\"thumbnailUrl\":\"https:\\\/\\\/coria.org\\\/ayuntamiento\\\/wp-content\\\/uploads\\\/2022\\\/03\\\/image-172.jpeg\",\"keywords\":[\"coria\",\"extremadura\"],\"articleSection\":[\"Noticias\"],\"inLanguage\":\"es\"},{\"@type\":\"WebPage\",\"@id\":\"https:\\\/\\\/coria.org\\\/ayuntamiento\\\/index.php\\\/2015\\\/03\\\/13\\\/el-presidente-monago-asiste-junto-al-alcalde-de-coria-a-la-recepcion-de-la-obra-del-instituto-de-ensenanza-secundaria\\\/\",\"url\":\"https:\\\/\\\/coria.org\\\/ayuntamiento\\\/index.php\\\/2015\\\/03\\\/13\\\/el-presidente-monago-asiste-junto-al-alcalde-de-coria-a-la-recepcion-de-la-obra-del-instituto-de-ensenanza-secundaria\\\/\",\"name\":\"El Presidente Monago asiste junto al Alcalde de Coria a la recepci\u00f3n de la obra del Instituto de Ense\u00f1anza Secundaria - Ayuntamiento de Coria\",\"isPartOf\":{\"@id\":\"https:\\\/\\\/coria.org\\\/ayuntamiento\\\/#website\"},\"primaryImageOfPage\":{\"@id\":\"https:\\\/\\\/coria.org\\\/ayuntamiento\\\/index.php\\\/2015\\\/03\\\/13\\\/el-presidente-monago-asiste-junto-al-alcalde-de-coria-a-la-recepcion-de-la-obra-del-instituto-de-ensenanza-secundaria\\\/#primaryimage\"},\"image\":{\"@id\":\"https:\\\/\\\/coria.org\\\/ayuntamiento\\\/index.php\\\/2015\\\/03\\\/13\\\/el-presidente-monago-asiste-junto-al-alcalde-de-coria-a-la-recepcion-de-la-obra-del-instituto-de-ensenanza-secundaria\\\/#primaryimage\"},\"thumbnailUrl\":\"https:\\\/\\\/coria.org\\\/ayuntamiento\\\/wp-content\\\/uploads\\\/2022\\\/03\\\/image-172.jpeg\",\"datePublished\":\"2015-03-13T00:00:00+00:00\",\"dateModified\":\"2023-09-18T10:39:18+00:00\",\"breadcrumb\":{\"@id\":\"https:\\\/\\\/coria.org\\\/ayuntamiento\\\/index.php\\\/2015\\\/03\\\/13\\\/el-presidente-monago-asiste-junto-al-alcalde-de-coria-a-la-recepcion-de-la-obra-del-instituto-de-ensenanza-secundaria\\\/#breadcrumb\"},\"inLanguage\":\"es\",\"potentialAction\":[{\"@type\":\"ReadAction\",\"target\":[\"https:\\\/\\\/coria.org\\\/ayuntamiento\\\/index.php\\\/2015\\\/03\\\/13\\\/el-presidente-monago-asiste-junto-al-alcalde-de-coria-a-la-recepcion-de-la-obra-del-instituto-de-ensenanza-secundaria\\\/\"]}]},{\"@type\":\"ImageObject\",\"inLanguage\":\"es\",\"@id\":\"https:\\\/\\\/coria.org\\\/ayuntamiento\\\/index.php\\\/2015\\\/03\\\/13\\\/el-presidente-monago-asiste-junto-al-alcalde-de-coria-a-la-recepcion-de-la-obra-del-instituto-de-ensenanza-secundaria\\\/#primaryimage\",\"url\":\"https:\\\/\\\/coria.org\\\/ayuntamiento\\\/wp-content\\\/uploads\\\/2022\\\/03\\\/image-172.jpeg\",\"contentUrl\":\"https:\\\/\\\/coria.org\\\/ayuntamiento\\\/wp-content\\\/uploads\\\/2022\\\/03\\\/image-172.jpeg\",\"width\":640,\"height\":426},{\"@type\":\"BreadcrumbList\",\"@id\":\"https:\\\/\\\/coria.org\\\/ayuntamiento\\\/index.php\\\/2015\\\/03\\\/13\\\/el-presidente-monago-asiste-junto-al-alcalde-de-coria-a-la-recepcion-de-la-obra-del-instituto-de-ensenanza-secundaria\\\/#breadcrumb\",\"itemListElement\":[{\"@type\":\"ListItem\",\"position\":1,\"name\":\"Inicio\",\"item\":\"https:\\\/\\\/coria.org\\\/ayuntamiento\\\/\"},{\"@type\":\"ListItem\",\"position\":2,\"name\":\"El Presidente Monago asiste junto al Alcalde de Coria a la recepci\u00f3n de la obra del Instituto de Ense\u00f1anza Secundaria\"}]},{\"@type\":\"WebSite\",\"@id\":\"https:\\\/\\\/coria.org\\\/ayuntamiento\\\/#website\",\"url\":\"https:\\\/\\\/coria.org\\\/ayuntamiento\\\/\",\"name\":\"Ayuntamiento de Coria\",\"description\":\"Web oficial del Ayuntamiento de Coria\",\"publisher\":{\"@id\":\"https:\\\/\\\/coria.org\\\/ayuntamiento\\\/#organization\"},\"alternateName\":\"Web Oficial del Ayuntamiento de Coria\",\"potentialAction\":[{\"@type\":\"SearchAction\",\"target\":{\"@type\":\"EntryPoint\",\"urlTemplate\":\"https:\\\/\\\/coria.org\\\/ayuntamiento\\\/?s={search_term_string}\"},\"query-input\":{\"@type\":\"PropertyValueSpecification\",\"valueRequired\":true,\"valueName\":\"search_term_string\"}}],\"inLanguage\":\"es\"},{\"@type\":\"Organization\",\"@id\":\"https:\\\/\\\/coria.org\\\/ayuntamiento\\\/#organization\",\"name\":\"Ayuntamiento de Coria\",\"alternateName\":\"Ayto de Coria\",\"url\":\"https:\\\/\\\/coria.org\\\/ayuntamiento\\\/\",\"logo\":{\"@type\":\"ImageObject\",\"inLanguage\":\"es\",\"@id\":\"https:\\\/\\\/coria.org\\\/ayuntamiento\\\/#\\\/schema\\\/logo\\\/image\\\/\",\"url\":\"https:\\\/\\\/coria.org\\\/ayuntamiento\\\/wp-content\\\/uploads\\\/2020\\\/12\\\/escudo-ayuntamiento-coria.png\",\"contentUrl\":\"https:\\\/\\\/coria.org\\\/ayuntamiento\\\/wp-content\\\/uploads\\\/2020\\\/12\\\/escudo-ayuntamiento-coria.png\",\"width\":511,\"height\":240,\"caption\":\"Ayuntamiento de Coria\"},\"image\":{\"@id\":\"https:\\\/\\\/coria.org\\\/ayuntamiento\\\/#\\\/schema\\\/logo\\\/image\\\/\"},\"sameAs\":[\"https:\\\/\\\/www.facebook.com\\\/Ayuntamiento.de.Coria\",\"https:\\\/\\\/x.com\\\/Ayto_de_Coria\",\"https:\\\/\\\/www.instagram.com\\\/coria.ayuntamiento\\\/\",\"https:\\\/\\\/www.youtube.com\\\/user\\\/AYUNTAMIENTOCORIA\"]},{\"@type\":\"Person\",\"@id\":\"https:\\\/\\\/coria.org\\\/ayuntamiento\\\/#\\\/schema\\\/person\\\/8bd589f0e13e8ae5aa06def7a599d622\",\"name\":\"ayuntamiento\",\"image\":{\"@type\":\"ImageObject\",\"inLanguage\":\"es\",\"@id\":\"https:\\\/\\\/secure.gravatar.com\\\/avatar\\\/966e5ed73cad334adda5c87f49f2547f7082f7292c1b627cbb548744383b391c?s=96&d=mm&r=g\",\"url\":\"https:\\\/\\\/secure.gravatar.com\\\/avatar\\\/966e5ed73cad334adda5c87f49f2547f7082f7292c1b627cbb548744383b391c?s=96&d=mm&r=g\",\"contentUrl\":\"https:\\\/\\\/secure.gravatar.com\\\/avatar\\\/966e5ed73cad334adda5c87f49f2547f7082f7292c1b627cbb548744383b391c?s=96&d=mm&r=g\",\"caption\":\"ayuntamiento\"}}]}<\/script>\n<!-- \/ Yoast SEO plugin. -->","yoast_head_json":{"title":"El Presidente Monago asiste junto al Alcalde de Coria a la recepci\u00f3n de la obra del Instituto de Ense\u00f1anza Secundaria - Ayuntamiento de Coria","robots":{"index":"index","follow":"follow","max-snippet":"max-snippet:-1","max-image-preview":"max-image-preview:large","max-video-preview":"max-video-preview:-1"},"canonical":"https:\/\/coria.org\/ayuntamiento\/index.php\/2015\/03\/13\/el-presidente-monago-asiste-junto-al-alcalde-de-coria-a-la-recepcion-de-la-obra-del-instituto-de-ensenanza-secundaria\/","og_locale":"es_ES","og_type":"article","og_title":"El Presidente Monago asiste junto al Alcalde de Coria a la recepci\u00f3n de la obra del Instituto de Ense\u00f1anza Secundaria - Ayuntamiento de Coria","og_description":"El presidente del Gobierno de Extremadura, Jos\u00e9 Antonio Monago, ha asistido esta ma\u00f1ana a la recepci\u00f3n de la obra del Instituto de Ense\u00f1anza Secundaria de Coria, que entrar\u00e1 en funcionamiento el pr\u00f3ximo curso y \u00abva a alojar la ESO, Bachillerato y la Formaci\u00f3n Profesional en la rama de Administraci\u00f3n y Gesti\u00f3n\u00bb. El m\u00e1ximo responsable del [&hellip;]","og_url":"https:\/\/coria.org\/ayuntamiento\/index.php\/2015\/03\/13\/el-presidente-monago-asiste-junto-al-alcalde-de-coria-a-la-recepcion-de-la-obra-del-instituto-de-ensenanza-secundaria\/","og_site_name":"Ayuntamiento de Coria","article_publisher":"https:\/\/www.facebook.com\/Ayuntamiento.de.Coria","article_published_time":"2015-03-13T00:00:00+00:00","article_modified_time":"2023-09-18T10:39:18+00:00","og_image":[{"width":640,"height":426,"url":"https:\/\/coria.org\/ayuntamiento\/wp-content\/uploads\/2022\/03\/image-172.jpeg","type":"image\/jpeg"}],"author":"ayuntamiento","twitter_card":"summary_large_image","twitter_creator":"@Ayto_de_Coria","twitter_site":"@Ayto_de_Coria","twitter_misc":{"Escrito por":"ayuntamiento","Tiempo de lectura":"1 minuto"},"schema":{"@context":"https:\/\/schema.org","@graph":[{"@type":"Article","@id":"https:\/\/coria.org\/ayuntamiento\/index.php\/2015\/03\/13\/el-presidente-monago-asiste-junto-al-alcalde-de-coria-a-la-recepcion-de-la-obra-del-instituto-de-ensenanza-secundaria\/#article","isPartOf":{"@id":"https:\/\/coria.org\/ayuntamiento\/index.php\/2015\/03\/13\/el-presidente-monago-asiste-junto-al-alcalde-de-coria-a-la-recepcion-de-la-obra-del-instituto-de-ensenanza-secundaria\/"},"author":{"name":"ayuntamiento","@id":"https:\/\/coria.org\/ayuntamiento\/#\/schema\/person\/8bd589f0e13e8ae5aa06def7a599d622"},"headline":"El Presidente Monago asiste junto al Alcalde de Coria a la recepci\u00f3n de la obra del Instituto de Ense\u00f1anza Secundaria","datePublished":"2015-03-13T00:00:00+00:00","dateModified":"2023-09-18T10:39:18+00:00","mainEntityOfPage":{"@id":"https:\/\/coria.org\/ayuntamiento\/index.php\/2015\/03\/13\/el-presidente-monago-asiste-junto-al-alcalde-de-coria-a-la-recepcion-de-la-obra-del-instituto-de-ensenanza-secundaria\/"},"wordCount":307,"publisher":{"@id":"https:\/\/coria.org\/ayuntamiento\/#organization"},"image":{"@id":"https:\/\/coria.org\/ayuntamiento\/index.php\/2015\/03\/13\/el-presidente-monago-asiste-junto-al-alcalde-de-coria-a-la-recepcion-de-la-obra-del-instituto-de-ensenanza-secundaria\/#primaryimage"},"thumbnailUrl":"https:\/\/coria.org\/ayuntamiento\/wp-content\/uploads\/2022\/03\/image-172.jpeg","keywords":["coria","extremadura"],"articleSection":["Noticias"],"inLanguage":"es"},{"@type":"WebPage","@id":"https:\/\/coria.org\/ayuntamiento\/index.php\/2015\/03\/13\/el-presidente-monago-asiste-junto-al-alcalde-de-coria-a-la-recepcion-de-la-obra-del-instituto-de-ensenanza-secundaria\/","url":"https:\/\/coria.org\/ayuntamiento\/index.php\/2015\/03\/13\/el-presidente-monago-asiste-junto-al-alcalde-de-coria-a-la-recepcion-de-la-obra-del-instituto-de-ensenanza-secundaria\/","name":"El Presidente Monago asiste junto al Alcalde de Coria a la recepci\u00f3n de la obra del Instituto de Ense\u00f1anza Secundaria - Ayuntamiento de Coria","isPartOf":{"@id":"https:\/\/coria.org\/ayuntamiento\/#website"},"primaryImageOfPage":{"@id":"https:\/\/coria.org\/ayuntamiento\/index.php\/2015\/03\/13\/el-presidente-monago-asiste-junto-al-alcalde-de-coria-a-la-recepcion-de-la-obra-del-instituto-de-ensenanza-secundaria\/#primaryimage"},"image":{"@id":"https:\/\/coria.org\/ayuntamiento\/index.php\/2015\/03\/13\/el-presidente-monago-asiste-junto-al-alcalde-de-coria-a-la-recepcion-de-la-obra-del-instituto-de-ensenanza-secundaria\/#primaryimage"},"thumbnailUrl":"https:\/\/coria.org\/ayuntamiento\/wp-content\/uploads\/2022\/03\/image-172.jpeg","datePublished":"2015-03-13T00:00:00+00:00","dateModified":"2023-09-18T10:39:18+00:00","breadcrumb":{"@id":"https:\/\/coria.org\/ayuntamiento\/index.php\/2015\/03\/13\/el-presidente-monago-asiste-junto-al-alcalde-de-coria-a-la-recepcion-de-la-obra-del-instituto-de-ensenanza-secundaria\/#breadcrumb"},"inLanguage":"es","potentialAction":[{"@type":"ReadAction","target":["https:\/\/coria.org\/ayuntamiento\/index.php\/2015\/03\/13\/el-presidente-monago-asiste-junto-al-alcalde-de-coria-a-la-recepcion-de-la-obra-del-instituto-de-ensenanza-secundaria\/"]}]},{"@type":"ImageObject","inLanguage":"es","@id":"https:\/\/coria.org\/ayuntamiento\/index.php\/2015\/03\/13\/el-presidente-monago-asiste-junto-al-alcalde-de-coria-a-la-recepcion-de-la-obra-del-instituto-de-ensenanza-secundaria\/#primaryimage","url":"https:\/\/coria.org\/ayuntamiento\/wp-content\/uploads\/2022\/03\/image-172.jpeg","contentUrl":"https:\/\/coria.org\/ayuntamiento\/wp-content\/uploads\/2022\/03\/image-172.jpeg","width":640,"height":426},{"@type":"BreadcrumbList","@id":"https:\/\/coria.org\/ayuntamiento\/index.php\/2015\/03\/13\/el-presidente-monago-asiste-junto-al-alcalde-de-coria-a-la-recepcion-de-la-obra-del-instituto-de-ensenanza-secundaria\/#breadcrumb","itemListElement":[{"@type":"ListItem","position":1,"name":"Inicio","item":"https:\/\/coria.org\/ayuntamiento\/"},{"@type":"ListItem","position":2,"name":"El Presidente Monago asiste junto al Alcalde de Coria a la recepci\u00f3n de la obra del Instituto de Ense\u00f1anza Secundaria"}]},{"@type":"WebSite","@id":"https:\/\/coria.org\/ayuntamiento\/#website","url":"https:\/\/coria.org\/ayuntamiento\/","name":"Ayuntamiento de Coria","description":"Web oficial del Ayuntamiento de Coria","publisher":{"@id":"https:\/\/coria.org\/ayuntamiento\/#organization"},"alternateName":"Web Oficial del Ayuntamiento de Coria","potentialAction":[{"@type":"SearchAction","target":{"@type":"EntryPoint","urlTemplate":"https:\/\/coria.org\/ayuntamiento\/?s={search_term_string}"},"query-input":{"@type":"PropertyValueSpecification","valueRequired":true,"valueName":"search_term_string"}}],"inLanguage":"es"},{"@type":"Organization","@id":"https:\/\/coria.org\/ayuntamiento\/#organization","name":"Ayuntamiento de Coria","alternateName":"Ayto de Coria","url":"https:\/\/coria.org\/ayuntamiento\/","logo":{"@type":"ImageObject","inLanguage":"es","@id":"https:\/\/coria.org\/ayuntamiento\/#\/schema\/logo\/image\/","url":"https:\/\/coria.org\/ayuntamiento\/wp-content\/uploads\/2020\/12\/escudo-ayuntamiento-coria.png","contentUrl":"https:\/\/coria.org\/ayuntamiento\/wp-content\/uploads\/2020\/12\/escudo-ayuntamiento-coria.png","width":511,"height":240,"caption":"Ayuntamiento de Coria"},"image":{"@id":"https:\/\/coria.org\/ayuntamiento\/#\/schema\/logo\/image\/"},"sameAs":["https:\/\/www.facebook.com\/Ayuntamiento.de.Coria","https:\/\/x.com\/Ayto_de_Coria","https:\/\/www.instagram.com\/coria.ayuntamiento\/","https:\/\/www.youtube.com\/user\/AYUNTAMIENTOCORIA"]},{"@type":"Person","@id":"https:\/\/coria.org\/ayuntamiento\/#\/schema\/person\/8bd589f0e13e8ae5aa06def7a599d622","name":"ayuntamiento","image":{"@type":"ImageObject","inLanguage":"es","@id":"https:\/\/secure.gravatar.com\/avatar\/966e5ed73cad334adda5c87f49f2547f7082f7292c1b627cbb548744383b391c?s=96&d=mm&r=g","url":"https:\/\/secure.gravatar.com\/avatar\/966e5ed73cad334adda5c87f49f2547f7082f7292c1b627cbb548744383b391c?s=96&d=mm&r=g","contentUrl":"https:\/\/secure.gravatar.com\/avatar\/966e5ed73cad334adda5c87f49f2547f7082f7292c1b627cbb548744383b391c?s=96&d=mm&r=g","caption":"ayuntamiento"}}]}},"uagb_featured_image_src":{"full":["https:\/\/coria.org\/ayuntamiento\/wp-content\/uploads\/2022\/03\/image-172.jpeg",640,426,false],"thumbnail":["https:\/\/coria.org\/ayuntamiento\/wp-content\/uploads\/2022\/03\/image-172-150x150.jpeg",150,150,true],"medium":["https:\/\/coria.org\/ayuntamiento\/wp-content\/uploads\/2022\/03\/image-172-300x200.jpeg",300,200,true],"medium_large":["https:\/\/coria.org\/ayuntamiento\/wp-content\/uploads\/2022\/03\/image-172.jpeg",640,426,false],"large":["https:\/\/coria.org\/ayuntamiento\/wp-content\/uploads\/2022\/03\/image-172.jpeg",640,426,false],"thumblist":["https:\/\/coria.org\/ayuntamiento\/wp-content\/uploads\/2022\/03\/image-172.jpeg",300,200,false],"thumbrelated":["https:\/\/coria.org\/ayuntamiento\/wp-content\/uploads\/2022\/03\/image-172.jpeg",500,333,false],"meccarouselthumb":["https:\/\/coria.org\/ayuntamiento\/wp-content\/uploads\/2022\/03\/image-172.jpeg",474,316,false],"gridsquare":["https:\/\/coria.org\/ayuntamiento\/wp-content\/uploads\/2022\/03\/image-172.jpeg",391,260,false],"tileview":["https:\/\/coria.org\/ayuntamiento\/wp-content\/uploads\/2022\/03\/image-172.jpeg",300,200,false],"1536x1536":["https:\/\/coria.org\/ayuntamiento\/wp-content\/uploads\/2022\/03\/image-172.jpeg",640,426,false],"2048x2048":["https:\/\/coria.org\/ayuntamiento\/wp-content\/uploads\/2022\/03\/image-172.jpeg",640,426,false]},"uagb_author_info":{"display_name":"ayuntamiento","author_link":"https:\/\/coria.org\/ayuntamiento\/index.php\/author\/ayuntamiento\/"},"uagb_comment_info":0,"uagb_excerpt":"El presidente del Gobierno de Extremadura, Jos\u00e9 Antonio Monago, ha asistido esta ma\u00f1ana a la recepci\u00f3n de la obra del Instituto de Ense\u00f1anza Secundaria de Coria, que entrar\u00e1 en funcionamiento el pr\u00f3ximo curso y \u00abva a alojar la ESO, Bachillerato y la Formaci\u00f3n Profesional en la rama de Administraci\u00f3n y Gesti\u00f3n\u00bb. El m\u00e1ximo responsable del&hellip;","_links":{"self":[{"href":"https:\/\/coria.org\/ayuntamiento\/index.php\/wp-json\/wp\/v2\/posts\/25707","targetHints":{"allow":["GET"]}}],"collection":[{"href":"https:\/\/coria.org\/ayuntamiento\/index.php\/wp-json\/wp\/v2\/posts"}],"about":[{"href":"https:\/\/coria.org\/ayuntamiento\/index.php\/wp-json\/wp\/v2\/types\/post"}],"author":[{"embeddable":true,"href":"https:\/\/coria.org\/ayuntamiento\/index.php\/wp-json\/wp\/v2\/users\/2"}],"replies":[{"embeddable":true,"href":"https:\/\/coria.org\/ayuntamiento\/index.php\/wp-json\/wp\/v2\/comments?post=25707"}],"version-history":[{"count":0,"href":"https:\/\/coria.org\/ayuntamiento\/index.php\/wp-json\/wp\/v2\/posts\/25707\/revisions"}],"wp:featuredmedia":[{"embeddable":true,"href":"https:\/\/coria.org\/ayuntamiento\/index.php\/wp-json\/wp\/v2\/media\/30722"}],"wp:attachment":[{"href":"https:\/\/coria.org\/ayuntamiento\/index.php\/wp-json\/wp\/v2\/media?parent=25707"}],"wp:term":[{"taxonomy":"category","embeddable":true,"href":"https:\/\/coria.org\/ayuntamiento\/index.php\/wp-json\/wp\/v2\/categories?post=25707"},{"taxonomy":"post_tag","embeddable":true,"href":"https:\/\/coria.org\/ayuntamiento\/index.php\/wp-json\/wp\/v2\/tags?post=25707"}],"curies":[{"name":"wp","href":"https:\/\/api.w.org\/{rel}","templated":true}]}}