{"id":25705,"date":"2015-03-16T00:00:00","date_gmt":"2015-03-16T00:00:00","guid":{"rendered":"https:\/\/ayuntamiento.coriaenimagenes.com\/la-union-de-cofradias-penitenciales-de-coria-y-plasencia-se-hermanan\/"},"modified":"2023-09-18T12:39:18","modified_gmt":"2023-09-18T10:39:18","slug":"la-union-de-cofradias-penitenciales-de-coria-y-plasencia-se-hermanan","status":"publish","type":"post","link":"https:\/\/coria.org\/ayuntamiento\/index.php\/2015\/03\/16\/la-union-de-cofradias-penitenciales-de-coria-y-plasencia-se-hermanan\/","title":{"rendered":"La Uni\u00f3n de Cofrad\u00edas Penitenciales de Coria y Plasencia se hermanan"},"content":{"rendered":"\n<p><b>El s\u00e1bado 14 de marzo fue un d\u00eda grande para la Semana Santa del Norte de C\u00e1ceres ya que en el Sal\u00f3n de Actos del Seminario de Plasencia tuvo lugar el acto de Hermanamiento entre la Uni\u00f3n de Cofrad\u00edas de Coria y la Uni\u00f3n de cofrad\u00edas Penitenciales de Plasencia, con lo que las dos semanas santas del Norte de Extremadura unen sus esfuerzos para difundir y potenciar esta tradici\u00f3n.<\/b><\/p>\n\n<figure class=\"wp-block-post-featured-image\"><img loading=\"lazy\" decoding=\"async\" width=\"2560\" height=\"1707\" src=\"https:\/\/coria.org\/ayuntamiento\/wp-content\/uploads\/2015\/03\/IMG_6408-scaled.jpg\" class=\"attachment-post-thumbnail size-post-thumbnail wp-post-image\" alt=\"\" style=\"object-fit:cover;\" srcset=\"https:\/\/coria.org\/ayuntamiento\/wp-content\/uploads\/2015\/03\/IMG_6408-scaled.jpg 2560w, https:\/\/coria.org\/ayuntamiento\/wp-content\/uploads\/2015\/03\/IMG_6408-300x200.jpg 300w, https:\/\/coria.org\/ayuntamiento\/wp-content\/uploads\/2015\/03\/IMG_6408-1024x683.jpg 1024w, https:\/\/coria.org\/ayuntamiento\/wp-content\/uploads\/2015\/03\/IMG_6408-768x512.jpg 768w, https:\/\/coria.org\/ayuntamiento\/wp-content\/uploads\/2015\/03\/IMG_6408-1536x1024.jpg 1536w, https:\/\/coria.org\/ayuntamiento\/wp-content\/uploads\/2015\/03\/IMG_6408-2048x1365.jpg 2048w, https:\/\/coria.org\/ayuntamiento\/wp-content\/uploads\/2015\/03\/IMG_6408-1200x800.jpg 1200w\" sizes=\"auto, (max-width: 2560px) 100vw, 2560px\" \/><\/figure>\n\n<p><span style=\"font-family: verdana,arial,helvetica,sans-serif; font-size: small;\">El acto ha estado presidido por los presidentes de ambas uniones y con la presencia de los alcaldes de ambas ciudades, Jos\u00e9 Manuel Garc\u00eda Ballestero&nbsp; y Fernando Pizarro, as\u00ed como representantes de los Obispados de Coria-C\u00e1ceres y Plasencia. <\/span><\/p>\n\n\n<p><span style=\"font-family: verdana,arial,helvetica,sans-serif; font-size: small;\">Durante el mismo Jos\u00e9 Manuel Bueno Calle, t\u00e9cnico de Turismo del Ayuntamiento de Coria realiz\u00f3 \u00abuna presentaci\u00f3n de la Semana Santa de Coria\u00bb, al que acompa\u00f1aron tambi\u00e9n un gran grupo de cofrades pertenecientes a las distintas cofrad\u00edas y hermandades que forman su uni\u00f3n de cofrad\u00edas.<\/span><\/p>\n\n\n<p><span style=\"font-family: verdana,arial,helvetica,sans-serif; font-size: small;\">Los motivos para hermanar las dos semanas santas son para unir \u00absus esfuerzos para difundir y potenciar esta tradici\u00f3n\u00bb. La Uni\u00f3n de Cofrad\u00edas y Hermandades Penitenciales de Plasencia devolver\u00e1 esta visita durante el a\u00f1o 2016.<\/span><\/p>\n\n\n<p><span style=\"font-family: verdana,arial,helvetica,sans-serif; font-size: small;\">Durante el acto de hermanamiento tanto los presidentes de las Uniones de Cofrad\u00edas como los Alcaldes<\/span><\/p>\n\n\n<p><span style=\"font-family: verdana,arial,helvetica,sans-serif; font-size: small;\">Posteriormente a los actos de Hermanamiento se procedi\u00f3 a una visita al templo cofrade placentino de San Vicente Ferrer para visitar la exposici\u00f3n permanente de&nbsp; Semana Santa de Plasencia. <\/span><\/p>\n\n\n<p><span style=\"font-family: verdana,arial,helvetica,sans-serif; font-size: small;\">Ese mismo s\u00e1bado a las 20:00 horas en la Santa Iglesia Catedral de Nuestra Se\u00f1ora de la Asunci\u00f3n de Coria tuvo lugar el Preg\u00f3n de la Semana Santa Cauriense de la mano del Padre Juan Carlos Gonz\u00e1lez del Cerro, Presidente de la Comisi\u00f3n Teol\u00f3gico-Doctrinal del S\u00ednodo Diocesano, al que tambi\u00e9n acudi\u00f3 el Alcalde de Coria, junto al Obispo, Don Francisco Cerro, el Presidente de la Uni\u00f3n de Cofrad\u00edas de Coria, Jes\u00fas Gal\u00e1n, adem\u00e1s de devotos y cofrades.<\/span><\/p>\n","protected":false},"excerpt":{"rendered":"<p>El s\u00e1bado 14 de marzo fue un d\u00eda grande para la Semana Santa del Norte de C\u00e1ceres ya que en el Sal\u00f3n de Actos del Seminario de Plasencia tuvo lugar el acto de Hermanamiento entre la Uni\u00f3n de Cofrad\u00edas de Coria y la Uni\u00f3n de cofrad\u00edas Penitenciales de Plasencia, con lo que las dos semanas [&hellip;]<\/p>\n","protected":false},"author":2,"featured_media":30716,"comment_status":"closed","ping_status":"closed","sticky":false,"template":"","format":"standard","meta":{"_uag_custom_page_level_css":"","footnotes":""},"categories":[2],"tags":[3,4],"class_list":["post-25705","post","type-post","status-publish","format-standard","has-post-thumbnail","hentry","category-noticias","tag-coria","tag-extremadura"],"yoast_head":"<!-- This site is optimized with the Yoast SEO plugin v27.4 - https:\/\/yoast.com\/product\/yoast-seo-wordpress\/ -->\n<title>La Uni\u00f3n de Cofrad\u00edas Penitenciales de Coria y Plasencia se hermanan - Ayuntamiento de Coria<\/title>\n<meta name=\"robots\" content=\"index, follow, max-snippet:-1, max-image-preview:large, max-video-preview:-1\" \/>\n<link rel=\"canonical\" href=\"https:\/\/coria.org\/ayuntamiento\/index.php\/2015\/03\/16\/la-union-de-cofradias-penitenciales-de-coria-y-plasencia-se-hermanan\/\" \/>\n<meta property=\"og:locale\" content=\"es_ES\" \/>\n<meta property=\"og:type\" content=\"article\" \/>\n<meta property=\"og:title\" content=\"La Uni\u00f3n de Cofrad\u00edas Penitenciales de Coria y Plasencia se hermanan - Ayuntamiento de Coria\" \/>\n<meta property=\"og:description\" content=\"El s\u00e1bado 14 de marzo fue un d\u00eda grande para la Semana Santa del Norte de C\u00e1ceres ya que en el Sal\u00f3n de Actos del Seminario de Plasencia tuvo lugar el acto de Hermanamiento entre la Uni\u00f3n de Cofrad\u00edas de Coria y la Uni\u00f3n de cofrad\u00edas Penitenciales de Plasencia, con lo que las dos semanas [&hellip;]\" \/>\n<meta property=\"og:url\" content=\"https:\/\/coria.org\/ayuntamiento\/index.php\/2015\/03\/16\/la-union-de-cofradias-penitenciales-de-coria-y-plasencia-se-hermanan\/\" \/>\n<meta property=\"og:site_name\" content=\"Ayuntamiento de Coria\" \/>\n<meta property=\"article:publisher\" content=\"https:\/\/www.facebook.com\/Ayuntamiento.de.Coria\" \/>\n<meta property=\"article:published_time\" content=\"2015-03-16T00:00:00+00:00\" \/>\n<meta property=\"article:modified_time\" content=\"2023-09-18T10:39:18+00:00\" \/>\n<meta property=\"og:image\" content=\"https:\/\/coria.org\/ayuntamiento\/wp-content\/uploads\/2015\/03\/IMG_6408-scaled.jpg\" \/>\n\t<meta property=\"og:image:width\" content=\"2560\" \/>\n\t<meta property=\"og:image:height\" content=\"1707\" \/>\n\t<meta property=\"og:image:type\" content=\"image\/jpeg\" \/>\n<meta name=\"author\" content=\"ayuntamiento\" \/>\n<meta name=\"twitter:card\" content=\"summary_large_image\" \/>\n<meta name=\"twitter:creator\" content=\"@Ayto_de_Coria\" \/>\n<meta name=\"twitter:site\" content=\"@Ayto_de_Coria\" \/>\n<meta name=\"twitter:label1\" content=\"Escrito por\" \/>\n\t<meta name=\"twitter:data1\" content=\"ayuntamiento\" \/>\n\t<meta name=\"twitter:label2\" content=\"Tiempo de lectura\" \/>\n\t<meta name=\"twitter:data2\" content=\"2 minutos\" \/>\n<script type=\"application\/ld+json\" class=\"yoast-schema-graph\">{\"@context\":\"https:\\\/\\\/schema.org\",\"@graph\":[{\"@type\":\"Article\",\"@id\":\"https:\\\/\\\/coria.org\\\/ayuntamiento\\\/index.php\\\/2015\\\/03\\\/16\\\/la-union-de-cofradias-penitenciales-de-coria-y-plasencia-se-hermanan\\\/#article\",\"isPartOf\":{\"@id\":\"https:\\\/\\\/coria.org\\\/ayuntamiento\\\/index.php\\\/2015\\\/03\\\/16\\\/la-union-de-cofradias-penitenciales-de-coria-y-plasencia-se-hermanan\\\/\"},\"author\":{\"name\":\"ayuntamiento\",\"@id\":\"https:\\\/\\\/coria.org\\\/ayuntamiento\\\/#\\\/schema\\\/person\\\/8bd589f0e13e8ae5aa06def7a599d622\"},\"headline\":\"La Uni\u00f3n de Cofrad\u00edas Penitenciales de Coria y Plasencia se hermanan\",\"datePublished\":\"2015-03-16T00:00:00+00:00\",\"dateModified\":\"2023-09-18T10:39:18+00:00\",\"mainEntityOfPage\":{\"@id\":\"https:\\\/\\\/coria.org\\\/ayuntamiento\\\/index.php\\\/2015\\\/03\\\/16\\\/la-union-de-cofradias-penitenciales-de-coria-y-plasencia-se-hermanan\\\/\"},\"wordCount\":359,\"publisher\":{\"@id\":\"https:\\\/\\\/coria.org\\\/ayuntamiento\\\/#organization\"},\"image\":{\"@id\":\"https:\\\/\\\/coria.org\\\/ayuntamiento\\\/index.php\\\/2015\\\/03\\\/16\\\/la-union-de-cofradias-penitenciales-de-coria-y-plasencia-se-hermanan\\\/#primaryimage\"},\"thumbnailUrl\":\"https:\\\/\\\/coria.org\\\/ayuntamiento\\\/wp-content\\\/uploads\\\/2015\\\/03\\\/IMG_6408-scaled.jpg\",\"keywords\":[\"coria\",\"extremadura\"],\"articleSection\":[\"Noticias\"],\"inLanguage\":\"es\"},{\"@type\":\"WebPage\",\"@id\":\"https:\\\/\\\/coria.org\\\/ayuntamiento\\\/index.php\\\/2015\\\/03\\\/16\\\/la-union-de-cofradias-penitenciales-de-coria-y-plasencia-se-hermanan\\\/\",\"url\":\"https:\\\/\\\/coria.org\\\/ayuntamiento\\\/index.php\\\/2015\\\/03\\\/16\\\/la-union-de-cofradias-penitenciales-de-coria-y-plasencia-se-hermanan\\\/\",\"name\":\"La Uni\u00f3n de Cofrad\u00edas Penitenciales de Coria y Plasencia se hermanan - Ayuntamiento de Coria\",\"isPartOf\":{\"@id\":\"https:\\\/\\\/coria.org\\\/ayuntamiento\\\/#website\"},\"primaryImageOfPage\":{\"@id\":\"https:\\\/\\\/coria.org\\\/ayuntamiento\\\/index.php\\\/2015\\\/03\\\/16\\\/la-union-de-cofradias-penitenciales-de-coria-y-plasencia-se-hermanan\\\/#primaryimage\"},\"image\":{\"@id\":\"https:\\\/\\\/coria.org\\\/ayuntamiento\\\/index.php\\\/2015\\\/03\\\/16\\\/la-union-de-cofradias-penitenciales-de-coria-y-plasencia-se-hermanan\\\/#primaryimage\"},\"thumbnailUrl\":\"https:\\\/\\\/coria.org\\\/ayuntamiento\\\/wp-content\\\/uploads\\\/2015\\\/03\\\/IMG_6408-scaled.jpg\",\"datePublished\":\"2015-03-16T00:00:00+00:00\",\"dateModified\":\"2023-09-18T10:39:18+00:00\",\"breadcrumb\":{\"@id\":\"https:\\\/\\\/coria.org\\\/ayuntamiento\\\/index.php\\\/2015\\\/03\\\/16\\\/la-union-de-cofradias-penitenciales-de-coria-y-plasencia-se-hermanan\\\/#breadcrumb\"},\"inLanguage\":\"es\",\"potentialAction\":[{\"@type\":\"ReadAction\",\"target\":[\"https:\\\/\\\/coria.org\\\/ayuntamiento\\\/index.php\\\/2015\\\/03\\\/16\\\/la-union-de-cofradias-penitenciales-de-coria-y-plasencia-se-hermanan\\\/\"]}]},{\"@type\":\"ImageObject\",\"inLanguage\":\"es\",\"@id\":\"https:\\\/\\\/coria.org\\\/ayuntamiento\\\/index.php\\\/2015\\\/03\\\/16\\\/la-union-de-cofradias-penitenciales-de-coria-y-plasencia-se-hermanan\\\/#primaryimage\",\"url\":\"https:\\\/\\\/coria.org\\\/ayuntamiento\\\/wp-content\\\/uploads\\\/2015\\\/03\\\/IMG_6408-scaled.jpg\",\"contentUrl\":\"https:\\\/\\\/coria.org\\\/ayuntamiento\\\/wp-content\\\/uploads\\\/2015\\\/03\\\/IMG_6408-scaled.jpg\",\"width\":2560,\"height\":1707},{\"@type\":\"BreadcrumbList\",\"@id\":\"https:\\\/\\\/coria.org\\\/ayuntamiento\\\/index.php\\\/2015\\\/03\\\/16\\\/la-union-de-cofradias-penitenciales-de-coria-y-plasencia-se-hermanan\\\/#breadcrumb\",\"itemListElement\":[{\"@type\":\"ListItem\",\"position\":1,\"name\":\"Inicio\",\"item\":\"https:\\\/\\\/coria.org\\\/ayuntamiento\\\/\"},{\"@type\":\"ListItem\",\"position\":2,\"name\":\"La Uni\u00f3n de Cofrad\u00edas Penitenciales de Coria y Plasencia se hermanan\"}]},{\"@type\":\"WebSite\",\"@id\":\"https:\\\/\\\/coria.org\\\/ayuntamiento\\\/#website\",\"url\":\"https:\\\/\\\/coria.org\\\/ayuntamiento\\\/\",\"name\":\"Ayuntamiento de Coria\",\"description\":\"Web oficial del Ayuntamiento de Coria\",\"publisher\":{\"@id\":\"https:\\\/\\\/coria.org\\\/ayuntamiento\\\/#organization\"},\"alternateName\":\"Web Oficial del Ayuntamiento de Coria\",\"potentialAction\":[{\"@type\":\"SearchAction\",\"target\":{\"@type\":\"EntryPoint\",\"urlTemplate\":\"https:\\\/\\\/coria.org\\\/ayuntamiento\\\/?s={search_term_string}\"},\"query-input\":{\"@type\":\"PropertyValueSpecification\",\"valueRequired\":true,\"valueName\":\"search_term_string\"}}],\"inLanguage\":\"es\"},{\"@type\":\"Organization\",\"@id\":\"https:\\\/\\\/coria.org\\\/ayuntamiento\\\/#organization\",\"name\":\"Ayuntamiento de Coria\",\"alternateName\":\"Ayto de Coria\",\"url\":\"https:\\\/\\\/coria.org\\\/ayuntamiento\\\/\",\"logo\":{\"@type\":\"ImageObject\",\"inLanguage\":\"es\",\"@id\":\"https:\\\/\\\/coria.org\\\/ayuntamiento\\\/#\\\/schema\\\/logo\\\/image\\\/\",\"url\":\"https:\\\/\\\/coria.org\\\/ayuntamiento\\\/wp-content\\\/uploads\\\/2020\\\/12\\\/escudo-ayuntamiento-coria.png\",\"contentUrl\":\"https:\\\/\\\/coria.org\\\/ayuntamiento\\\/wp-content\\\/uploads\\\/2020\\\/12\\\/escudo-ayuntamiento-coria.png\",\"width\":511,\"height\":240,\"caption\":\"Ayuntamiento de Coria\"},\"image\":{\"@id\":\"https:\\\/\\\/coria.org\\\/ayuntamiento\\\/#\\\/schema\\\/logo\\\/image\\\/\"},\"sameAs\":[\"https:\\\/\\\/www.facebook.com\\\/Ayuntamiento.de.Coria\",\"https:\\\/\\\/x.com\\\/Ayto_de_Coria\",\"https:\\\/\\\/www.instagram.com\\\/coria.ayuntamiento\\\/\",\"https:\\\/\\\/www.youtube.com\\\/user\\\/AYUNTAMIENTOCORIA\"]},{\"@type\":\"Person\",\"@id\":\"https:\\\/\\\/coria.org\\\/ayuntamiento\\\/#\\\/schema\\\/person\\\/8bd589f0e13e8ae5aa06def7a599d622\",\"name\":\"ayuntamiento\",\"image\":{\"@type\":\"ImageObject\",\"inLanguage\":\"es\",\"@id\":\"https:\\\/\\\/secure.gravatar.com\\\/avatar\\\/966e5ed73cad334adda5c87f49f2547f7082f7292c1b627cbb548744383b391c?s=96&d=mm&r=g\",\"url\":\"https:\\\/\\\/secure.gravatar.com\\\/avatar\\\/966e5ed73cad334adda5c87f49f2547f7082f7292c1b627cbb548744383b391c?s=96&d=mm&r=g\",\"contentUrl\":\"https:\\\/\\\/secure.gravatar.com\\\/avatar\\\/966e5ed73cad334adda5c87f49f2547f7082f7292c1b627cbb548744383b391c?s=96&d=mm&r=g\",\"caption\":\"ayuntamiento\"}}]}<\/script>\n<!-- \/ Yoast SEO plugin. -->","yoast_head_json":{"title":"La Uni\u00f3n de Cofrad\u00edas Penitenciales de Coria y Plasencia se hermanan - Ayuntamiento de Coria","robots":{"index":"index","follow":"follow","max-snippet":"max-snippet:-1","max-image-preview":"max-image-preview:large","max-video-preview":"max-video-preview:-1"},"canonical":"https:\/\/coria.org\/ayuntamiento\/index.php\/2015\/03\/16\/la-union-de-cofradias-penitenciales-de-coria-y-plasencia-se-hermanan\/","og_locale":"es_ES","og_type":"article","og_title":"La Uni\u00f3n de Cofrad\u00edas Penitenciales de Coria y Plasencia se hermanan - Ayuntamiento de Coria","og_description":"El s\u00e1bado 14 de marzo fue un d\u00eda grande para la Semana Santa del Norte de C\u00e1ceres ya que en el Sal\u00f3n de Actos del Seminario de Plasencia tuvo lugar el acto de Hermanamiento entre la Uni\u00f3n de Cofrad\u00edas de Coria y la Uni\u00f3n de cofrad\u00edas Penitenciales de Plasencia, con lo que las dos semanas [&hellip;]","og_url":"https:\/\/coria.org\/ayuntamiento\/index.php\/2015\/03\/16\/la-union-de-cofradias-penitenciales-de-coria-y-plasencia-se-hermanan\/","og_site_name":"Ayuntamiento de Coria","article_publisher":"https:\/\/www.facebook.com\/Ayuntamiento.de.Coria","article_published_time":"2015-03-16T00:00:00+00:00","article_modified_time":"2023-09-18T10:39:18+00:00","og_image":[{"width":2560,"height":1707,"url":"https:\/\/coria.org\/ayuntamiento\/wp-content\/uploads\/2015\/03\/IMG_6408-scaled.jpg","type":"image\/jpeg"}],"author":"ayuntamiento","twitter_card":"summary_large_image","twitter_creator":"@Ayto_de_Coria","twitter_site":"@Ayto_de_Coria","twitter_misc":{"Escrito por":"ayuntamiento","Tiempo de lectura":"2 minutos"},"schema":{"@context":"https:\/\/schema.org","@graph":[{"@type":"Article","@id":"https:\/\/coria.org\/ayuntamiento\/index.php\/2015\/03\/16\/la-union-de-cofradias-penitenciales-de-coria-y-plasencia-se-hermanan\/#article","isPartOf":{"@id":"https:\/\/coria.org\/ayuntamiento\/index.php\/2015\/03\/16\/la-union-de-cofradias-penitenciales-de-coria-y-plasencia-se-hermanan\/"},"author":{"name":"ayuntamiento","@id":"https:\/\/coria.org\/ayuntamiento\/#\/schema\/person\/8bd589f0e13e8ae5aa06def7a599d622"},"headline":"La Uni\u00f3n de Cofrad\u00edas Penitenciales de Coria y Plasencia se hermanan","datePublished":"2015-03-16T00:00:00+00:00","dateModified":"2023-09-18T10:39:18+00:00","mainEntityOfPage":{"@id":"https:\/\/coria.org\/ayuntamiento\/index.php\/2015\/03\/16\/la-union-de-cofradias-penitenciales-de-coria-y-plasencia-se-hermanan\/"},"wordCount":359,"publisher":{"@id":"https:\/\/coria.org\/ayuntamiento\/#organization"},"image":{"@id":"https:\/\/coria.org\/ayuntamiento\/index.php\/2015\/03\/16\/la-union-de-cofradias-penitenciales-de-coria-y-plasencia-se-hermanan\/#primaryimage"},"thumbnailUrl":"https:\/\/coria.org\/ayuntamiento\/wp-content\/uploads\/2015\/03\/IMG_6408-scaled.jpg","keywords":["coria","extremadura"],"articleSection":["Noticias"],"inLanguage":"es"},{"@type":"WebPage","@id":"https:\/\/coria.org\/ayuntamiento\/index.php\/2015\/03\/16\/la-union-de-cofradias-penitenciales-de-coria-y-plasencia-se-hermanan\/","url":"https:\/\/coria.org\/ayuntamiento\/index.php\/2015\/03\/16\/la-union-de-cofradias-penitenciales-de-coria-y-plasencia-se-hermanan\/","name":"La Uni\u00f3n de Cofrad\u00edas Penitenciales de Coria y Plasencia se hermanan - Ayuntamiento de Coria","isPartOf":{"@id":"https:\/\/coria.org\/ayuntamiento\/#website"},"primaryImageOfPage":{"@id":"https:\/\/coria.org\/ayuntamiento\/index.php\/2015\/03\/16\/la-union-de-cofradias-penitenciales-de-coria-y-plasencia-se-hermanan\/#primaryimage"},"image":{"@id":"https:\/\/coria.org\/ayuntamiento\/index.php\/2015\/03\/16\/la-union-de-cofradias-penitenciales-de-coria-y-plasencia-se-hermanan\/#primaryimage"},"thumbnailUrl":"https:\/\/coria.org\/ayuntamiento\/wp-content\/uploads\/2015\/03\/IMG_6408-scaled.jpg","datePublished":"2015-03-16T00:00:00+00:00","dateModified":"2023-09-18T10:39:18+00:00","breadcrumb":{"@id":"https:\/\/coria.org\/ayuntamiento\/index.php\/2015\/03\/16\/la-union-de-cofradias-penitenciales-de-coria-y-plasencia-se-hermanan\/#breadcrumb"},"inLanguage":"es","potentialAction":[{"@type":"ReadAction","target":["https:\/\/coria.org\/ayuntamiento\/index.php\/2015\/03\/16\/la-union-de-cofradias-penitenciales-de-coria-y-plasencia-se-hermanan\/"]}]},{"@type":"ImageObject","inLanguage":"es","@id":"https:\/\/coria.org\/ayuntamiento\/index.php\/2015\/03\/16\/la-union-de-cofradias-penitenciales-de-coria-y-plasencia-se-hermanan\/#primaryimage","url":"https:\/\/coria.org\/ayuntamiento\/wp-content\/uploads\/2015\/03\/IMG_6408-scaled.jpg","contentUrl":"https:\/\/coria.org\/ayuntamiento\/wp-content\/uploads\/2015\/03\/IMG_6408-scaled.jpg","width":2560,"height":1707},{"@type":"BreadcrumbList","@id":"https:\/\/coria.org\/ayuntamiento\/index.php\/2015\/03\/16\/la-union-de-cofradias-penitenciales-de-coria-y-plasencia-se-hermanan\/#breadcrumb","itemListElement":[{"@type":"ListItem","position":1,"name":"Inicio","item":"https:\/\/coria.org\/ayuntamiento\/"},{"@type":"ListItem","position":2,"name":"La Uni\u00f3n de Cofrad\u00edas Penitenciales de Coria y Plasencia se hermanan"}]},{"@type":"WebSite","@id":"https:\/\/coria.org\/ayuntamiento\/#website","url":"https:\/\/coria.org\/ayuntamiento\/","name":"Ayuntamiento de Coria","description":"Web oficial del Ayuntamiento de Coria","publisher":{"@id":"https:\/\/coria.org\/ayuntamiento\/#organization"},"alternateName":"Web Oficial del Ayuntamiento de Coria","potentialAction":[{"@type":"SearchAction","target":{"@type":"EntryPoint","urlTemplate":"https:\/\/coria.org\/ayuntamiento\/?s={search_term_string}"},"query-input":{"@type":"PropertyValueSpecification","valueRequired":true,"valueName":"search_term_string"}}],"inLanguage":"es"},{"@type":"Organization","@id":"https:\/\/coria.org\/ayuntamiento\/#organization","name":"Ayuntamiento de Coria","alternateName":"Ayto de Coria","url":"https:\/\/coria.org\/ayuntamiento\/","logo":{"@type":"ImageObject","inLanguage":"es","@id":"https:\/\/coria.org\/ayuntamiento\/#\/schema\/logo\/image\/","url":"https:\/\/coria.org\/ayuntamiento\/wp-content\/uploads\/2020\/12\/escudo-ayuntamiento-coria.png","contentUrl":"https:\/\/coria.org\/ayuntamiento\/wp-content\/uploads\/2020\/12\/escudo-ayuntamiento-coria.png","width":511,"height":240,"caption":"Ayuntamiento de Coria"},"image":{"@id":"https:\/\/coria.org\/ayuntamiento\/#\/schema\/logo\/image\/"},"sameAs":["https:\/\/www.facebook.com\/Ayuntamiento.de.Coria","https:\/\/x.com\/Ayto_de_Coria","https:\/\/www.instagram.com\/coria.ayuntamiento\/","https:\/\/www.youtube.com\/user\/AYUNTAMIENTOCORIA"]},{"@type":"Person","@id":"https:\/\/coria.org\/ayuntamiento\/#\/schema\/person\/8bd589f0e13e8ae5aa06def7a599d622","name":"ayuntamiento","image":{"@type":"ImageObject","inLanguage":"es","@id":"https:\/\/secure.gravatar.com\/avatar\/966e5ed73cad334adda5c87f49f2547f7082f7292c1b627cbb548744383b391c?s=96&d=mm&r=g","url":"https:\/\/secure.gravatar.com\/avatar\/966e5ed73cad334adda5c87f49f2547f7082f7292c1b627cbb548744383b391c?s=96&d=mm&r=g","contentUrl":"https:\/\/secure.gravatar.com\/avatar\/966e5ed73cad334adda5c87f49f2547f7082f7292c1b627cbb548744383b391c?s=96&d=mm&r=g","caption":"ayuntamiento"}}]}},"uagb_featured_image_src":{"full":["https:\/\/coria.org\/ayuntamiento\/wp-content\/uploads\/2015\/03\/IMG_6408-scaled.jpg",2560,1707,false],"thumbnail":["https:\/\/coria.org\/ayuntamiento\/wp-content\/uploads\/2015\/03\/IMG_6408-150x150.jpg",150,150,true],"medium":["https:\/\/coria.org\/ayuntamiento\/wp-content\/uploads\/2015\/03\/IMG_6408-300x200.jpg",300,200,true],"medium_large":["https:\/\/coria.org\/ayuntamiento\/wp-content\/uploads\/2015\/03\/IMG_6408-768x512.jpg",768,512,true],"large":["https:\/\/coria.org\/ayuntamiento\/wp-content\/uploads\/2015\/03\/IMG_6408-1024x683.jpg",1024,683,true],"thumblist":["https:\/\/coria.org\/ayuntamiento\/wp-content\/uploads\/2015\/03\/IMG_6408-scaled.jpg",300,200,false],"thumbrelated":["https:\/\/coria.org\/ayuntamiento\/wp-content\/uploads\/2015\/03\/IMG_6408-scaled.jpg",500,333,false],"meccarouselthumb":["https:\/\/coria.org\/ayuntamiento\/wp-content\/uploads\/2015\/03\/IMG_6408-scaled.jpg",474,316,false],"gridsquare":["https:\/\/coria.org\/ayuntamiento\/wp-content\/uploads\/2015\/03\/IMG_6408-scaled.jpg",391,260,false],"tileview":["https:\/\/coria.org\/ayuntamiento\/wp-content\/uploads\/2015\/03\/IMG_6408-scaled.jpg",300,200,false],"1536x1536":["https:\/\/coria.org\/ayuntamiento\/wp-content\/uploads\/2015\/03\/IMG_6408-1536x1024.jpg",1536,1024,true],"2048x2048":["https:\/\/coria.org\/ayuntamiento\/wp-content\/uploads\/2015\/03\/IMG_6408-2048x1365.jpg",2048,1365,true]},"uagb_author_info":{"display_name":"ayuntamiento","author_link":"https:\/\/coria.org\/ayuntamiento\/index.php\/author\/ayuntamiento\/"},"uagb_comment_info":0,"uagb_excerpt":"El s\u00e1bado 14 de marzo fue un d\u00eda grande para la Semana Santa del Norte de C\u00e1ceres ya que en el Sal\u00f3n de Actos del Seminario de Plasencia tuvo lugar el acto de Hermanamiento entre la Uni\u00f3n de Cofrad\u00edas de Coria y la Uni\u00f3n de cofrad\u00edas Penitenciales de Plasencia, con lo que las dos semanas&hellip;","_links":{"self":[{"href":"https:\/\/coria.org\/ayuntamiento\/index.php\/wp-json\/wp\/v2\/posts\/25705","targetHints":{"allow":["GET"]}}],"collection":[{"href":"https:\/\/coria.org\/ayuntamiento\/index.php\/wp-json\/wp\/v2\/posts"}],"about":[{"href":"https:\/\/coria.org\/ayuntamiento\/index.php\/wp-json\/wp\/v2\/types\/post"}],"author":[{"embeddable":true,"href":"https:\/\/coria.org\/ayuntamiento\/index.php\/wp-json\/wp\/v2\/users\/2"}],"replies":[{"embeddable":true,"href":"https:\/\/coria.org\/ayuntamiento\/index.php\/wp-json\/wp\/v2\/comments?post=25705"}],"version-history":[{"count":0,"href":"https:\/\/coria.org\/ayuntamiento\/index.php\/wp-json\/wp\/v2\/posts\/25705\/revisions"}],"wp:featuredmedia":[{"embeddable":true,"href":"https:\/\/coria.org\/ayuntamiento\/index.php\/wp-json\/wp\/v2\/media\/30716"}],"wp:attachment":[{"href":"https:\/\/coria.org\/ayuntamiento\/index.php\/wp-json\/wp\/v2\/media?parent=25705"}],"wp:term":[{"taxonomy":"category","embeddable":true,"href":"https:\/\/coria.org\/ayuntamiento\/index.php\/wp-json\/wp\/v2\/categories?post=25705"},{"taxonomy":"post_tag","embeddable":true,"href":"https:\/\/coria.org\/ayuntamiento\/index.php\/wp-json\/wp\/v2\/tags?post=25705"}],"curies":[{"name":"wp","href":"https:\/\/api.w.org\/{rel}","templated":true}]}}