{"id":25625,"date":"2015-02-06T00:00:00","date_gmt":"2015-02-06T00:00:00","guid":{"rendered":"https:\/\/ayuntamiento.coriaenimagenes.com\/caja-badajoz-grupo-ibercaja-colabora-en-la-rehabilitacion-de-la-escuela-de-musica-de-coria\/"},"modified":"2024-10-11T08:29:40","modified_gmt":"2024-10-11T06:29:40","slug":"caja-badajoz-grupo-ibercaja-colabora-en-la-rehabilitacion-de-la-escuela-de-musica-de-coria","status":"publish","type":"post","link":"https:\/\/coria.org\/ayuntamiento\/index.php\/2015\/02\/06\/caja-badajoz-grupo-ibercaja-colabora-en-la-rehabilitacion-de-la-escuela-de-musica-de-coria\/","title":{"rendered":"Caja Badajoz Grupo Ibercaja colabora en la rehabilitaci\u00f3n de la Escuela de M\u00fasica de Coria"},"content":{"rendered":"\n<p>La ejecuci\u00f3n de este proyecto es posible gracias al convenio firmado entre Caja Badajoz Grupo Ibercaja, el Gobierno de Extremadura y el Ayuntamiento de Coria, con un presupuesto de m\u00e1s de 50.000 euros. Este acuerdo forma parte del Programa Plurianual de Apoyo a la Actividad Econ\u00f3mica y Social dise\u00f1ado por el Gobierno de Extremadura.<\/p>\n\n\n\n<figure class=\"wp-block-image alignleft size-full\"><img loading=\"lazy\" decoding=\"async\" width=\"375\" height=\"500\" src=\"https:\/\/coria.org\/ayuntamiento\/wp-content\/uploads\/2022\/03\/image-182.jpeg\" alt=\"\" class=\"wp-image-30803\" srcset=\"https:\/\/coria.org\/ayuntamiento\/wp-content\/uploads\/2022\/03\/image-182.jpeg 375w, https:\/\/coria.org\/ayuntamiento\/wp-content\/uploads\/2022\/03\/image-182-225x300.jpeg 225w\" sizes=\"auto, (max-width: 375px) 100vw, 375px\" \/><\/figure>\n\n\n\n<p>El proyecto de rehabilitaci\u00f3n de la cubierta de la Escuela de M\u00fasica de Coria comenz\u00f3 la semana pasada. Estas obras se est\u00e1n realizando gracias al convenio firmado entre Caja Badajoz Grupo Ibercaja, el Gobierno de Extremadura y el Ayuntamiento de Coria, y cuentan con un presupuesto de m\u00e1s de 50.000 euros.<\/p>\n\n\n\n<p>Esta colaboraci\u00f3n de Caja Badajoz Grupo Ibercaja se enmarca dentro del Programa Plurianual de Apoyo a la Actividad Econ\u00f3mica y Social dise\u00f1ado por el Gobex, en el que se contemplan adem\u00e1s la ejecuci\u00f3n y el impulso de nuevas acciones culturales y sociales en otras siete poblaciones extreme\u00f1as con una inversi\u00f3n de 426.354 euros. <\/p>\n\n\n\n<p>Respecto al proyecto de rehabilitaci\u00f3n de la cubierta de la Escuela de M\u00fasica de Coria, las obras comenzaron la pasada semana debido a la necesidad de una intervenci\u00f3n urgente despu\u00e9s de que los servicios t\u00e9cnicos del Ayuntamiento detectaran una serie de grietas, fisuras y humedades en el edificio, donde las m\u00e1s preocupantes se encontraban en la zona de la cubierta, probablemente debidas a empujes de la propia cubierta, o a problemas con la falta de adherencia originada por un espesor inadecuado del mortero, durante la primera obra del antiguo Ayuntamiento en 2003, por lo que se tuvo que apuntalar el edificio.<\/p>\n\n\n\n<p>Seg\u00fan explica el arquitecto que ha valorado la obra, la soluci\u00f3n t\u00e9cnica ser\u00eda realizar un desmontaje manual de la cubierta con recuperaci\u00f3n de todo el material posible, la reparaci\u00f3n del desplome del muro exterior, disposici\u00f3n de cuatro p\u00f3rticos r\u00edgidos met\u00e1licos en el punto medio de vano de cada puerta de salida a la terraza que&nbsp; impidan futuros desplazamientos horizontales, recolocaci\u00f3n de la viga hilera y de las que constituyen los encuentros de vertientes, reposici\u00f3n de las distintas capas de impermeabilizaci\u00f3n e aislamiento que constituye la cubierta, reposici\u00f3n de tejas cer\u00e1micas y, por \u00faltimo, una reposici\u00f3n de acabados exteriores y pinturas.<\/p>\n\n\n\n<p>La rehabilitaci\u00f3n de la Escuela Municipal de M\u00fasica es un proyecto de m\u00e1xima urgencia debido al gran n\u00famero de&nbsp; deficiencias estructurales que presenta el edificio, tras ceder la viga central de \u00e9ste y ceder los muros de la terraza, y de la necesidad de ser subsanadas lo antes posible para que la escuela vuelva a la normalidad con toda la seguridad tanto para sus alumnos, profesores y visitantes.<\/p>\n","protected":false},"excerpt":{"rendered":"<p>La ejecuci\u00f3n de este proyecto es posible gracias al convenio firmado entre Caja Badajoz Grupo Ibercaja, el Gobierno de Extremadura y el Ayuntamiento de Coria, con un presupuesto de m\u00e1s de 50.000 euros. Este acuerdo forma parte del Programa Plurianual de Apoyo a la Actividad Econ\u00f3mica y Social dise\u00f1ado por el Gobierno de Extremadura. El [&hellip;]<\/p>\n","protected":false},"author":2,"featured_media":30803,"comment_status":"closed","ping_status":"closed","sticky":false,"template":"","format":"standard","meta":{"_uag_custom_page_level_css":"","footnotes":""},"categories":[2],"tags":[3,4],"class_list":["post-25625","post","type-post","status-publish","format-standard","has-post-thumbnail","hentry","category-noticias","tag-coria","tag-extremadura"],"yoast_head":"<!-- This site is optimized with the Yoast SEO plugin v27.4 - https:\/\/yoast.com\/product\/yoast-seo-wordpress\/ -->\n<title>Caja Badajoz Grupo Ibercaja colabora en la rehabilitaci\u00f3n de la Escuela de M\u00fasica de Coria - Ayuntamiento de Coria<\/title>\n<meta name=\"description\" content=\"La ejecuci\u00f3n de este proyecto es posible gracias al convenio firmado entre Caja Badajoz Grupo Ibercaja, el Gobierno de Extremadura y el Ayuntamiento de Coria, con un presupuesto de m\u00e1s de 50.000 euros. Este acuerdo forma parte del Programa Plurianual de Apoyo a la Actividad Econ\u00f3mica y Social dise\u00f1ado por el Gobierno de Extremadura.\" \/>\n<meta name=\"robots\" content=\"index, follow, max-snippet:-1, max-image-preview:large, max-video-preview:-1\" \/>\n<link rel=\"canonical\" href=\"https:\/\/coria.org\/ayuntamiento\/index.php\/2015\/02\/06\/caja-badajoz-grupo-ibercaja-colabora-en-la-rehabilitacion-de-la-escuela-de-musica-de-coria\/\" \/>\n<meta property=\"og:locale\" content=\"es_ES\" \/>\n<meta property=\"og:type\" content=\"article\" \/>\n<meta property=\"og:title\" content=\"Caja Badajoz Grupo Ibercaja colabora en la rehabilitaci\u00f3n de la Escuela de M\u00fasica de Coria - Ayuntamiento de Coria\" \/>\n<meta property=\"og:description\" content=\"La ejecuci\u00f3n de este proyecto es posible gracias al convenio firmado entre Caja Badajoz Grupo Ibercaja, el Gobierno de Extremadura y el Ayuntamiento de Coria, con un presupuesto de m\u00e1s de 50.000 euros. Este acuerdo forma parte del Programa Plurianual de Apoyo a la Actividad Econ\u00f3mica y Social dise\u00f1ado por el Gobierno de Extremadura.\" \/>\n<meta property=\"og:url\" content=\"https:\/\/coria.org\/ayuntamiento\/index.php\/2015\/02\/06\/caja-badajoz-grupo-ibercaja-colabora-en-la-rehabilitacion-de-la-escuela-de-musica-de-coria\/\" \/>\n<meta property=\"og:site_name\" content=\"Ayuntamiento de Coria\" \/>\n<meta property=\"article:publisher\" content=\"https:\/\/www.facebook.com\/Ayuntamiento.de.Coria\" \/>\n<meta property=\"article:published_time\" content=\"2015-02-06T00:00:00+00:00\" \/>\n<meta property=\"article:modified_time\" content=\"2024-10-11T06:29:40+00:00\" \/>\n<meta property=\"og:image\" content=\"https:\/\/coria.org\/ayuntamiento\/wp-content\/uploads\/2022\/03\/image-182.jpeg\" \/>\n\t<meta property=\"og:image:width\" content=\"375\" \/>\n\t<meta property=\"og:image:height\" content=\"500\" \/>\n\t<meta property=\"og:image:type\" content=\"image\/jpeg\" \/>\n<meta name=\"author\" content=\"ayuntamiento\" \/>\n<meta name=\"twitter:card\" content=\"summary_large_image\" \/>\n<meta name=\"twitter:creator\" content=\"@Ayto_de_Coria\" \/>\n<meta name=\"twitter:site\" content=\"@Ayto_de_Coria\" \/>\n<meta name=\"twitter:label1\" content=\"Escrito por\" \/>\n\t<meta name=\"twitter:data1\" content=\"ayuntamiento\" \/>\n\t<meta name=\"twitter:label2\" content=\"Tiempo de lectura\" \/>\n\t<meta name=\"twitter:data2\" content=\"3 minutos\" \/>\n<script type=\"application\/ld+json\" class=\"yoast-schema-graph\">{\"@context\":\"https:\\\/\\\/schema.org\",\"@graph\":[{\"@type\":\"Article\",\"@id\":\"https:\\\/\\\/coria.org\\\/ayuntamiento\\\/index.php\\\/2015\\\/02\\\/06\\\/caja-badajoz-grupo-ibercaja-colabora-en-la-rehabilitacion-de-la-escuela-de-musica-de-coria\\\/#article\",\"isPartOf\":{\"@id\":\"https:\\\/\\\/coria.org\\\/ayuntamiento\\\/index.php\\\/2015\\\/02\\\/06\\\/caja-badajoz-grupo-ibercaja-colabora-en-la-rehabilitacion-de-la-escuela-de-musica-de-coria\\\/\"},\"author\":{\"name\":\"ayuntamiento\",\"@id\":\"https:\\\/\\\/coria.org\\\/ayuntamiento\\\/#\\\/schema\\\/person\\\/8bd589f0e13e8ae5aa06def7a599d622\"},\"headline\":\"Caja Badajoz Grupo Ibercaja colabora en la rehabilitaci\u00f3n de la Escuela de M\u00fasica de Coria\",\"datePublished\":\"2015-02-06T00:00:00+00:00\",\"dateModified\":\"2024-10-11T06:29:40+00:00\",\"mainEntityOfPage\":{\"@id\":\"https:\\\/\\\/coria.org\\\/ayuntamiento\\\/index.php\\\/2015\\\/02\\\/06\\\/caja-badajoz-grupo-ibercaja-colabora-en-la-rehabilitacion-de-la-escuela-de-musica-de-coria\\\/\"},\"wordCount\":483,\"publisher\":{\"@id\":\"https:\\\/\\\/coria.org\\\/ayuntamiento\\\/#organization\"},\"image\":{\"@id\":\"https:\\\/\\\/coria.org\\\/ayuntamiento\\\/index.php\\\/2015\\\/02\\\/06\\\/caja-badajoz-grupo-ibercaja-colabora-en-la-rehabilitacion-de-la-escuela-de-musica-de-coria\\\/#primaryimage\"},\"thumbnailUrl\":\"https:\\\/\\\/coria.org\\\/ayuntamiento\\\/wp-content\\\/uploads\\\/2022\\\/03\\\/image-182.jpeg\",\"keywords\":[\"coria\",\"extremadura\"],\"articleSection\":[\"Noticias\"],\"inLanguage\":\"es\"},{\"@type\":\"WebPage\",\"@id\":\"https:\\\/\\\/coria.org\\\/ayuntamiento\\\/index.php\\\/2015\\\/02\\\/06\\\/caja-badajoz-grupo-ibercaja-colabora-en-la-rehabilitacion-de-la-escuela-de-musica-de-coria\\\/\",\"url\":\"https:\\\/\\\/coria.org\\\/ayuntamiento\\\/index.php\\\/2015\\\/02\\\/06\\\/caja-badajoz-grupo-ibercaja-colabora-en-la-rehabilitacion-de-la-escuela-de-musica-de-coria\\\/\",\"name\":\"Caja Badajoz Grupo Ibercaja colabora en la rehabilitaci\u00f3n de la Escuela de M\u00fasica de Coria - Ayuntamiento de Coria\",\"isPartOf\":{\"@id\":\"https:\\\/\\\/coria.org\\\/ayuntamiento\\\/#website\"},\"primaryImageOfPage\":{\"@id\":\"https:\\\/\\\/coria.org\\\/ayuntamiento\\\/index.php\\\/2015\\\/02\\\/06\\\/caja-badajoz-grupo-ibercaja-colabora-en-la-rehabilitacion-de-la-escuela-de-musica-de-coria\\\/#primaryimage\"},\"image\":{\"@id\":\"https:\\\/\\\/coria.org\\\/ayuntamiento\\\/index.php\\\/2015\\\/02\\\/06\\\/caja-badajoz-grupo-ibercaja-colabora-en-la-rehabilitacion-de-la-escuela-de-musica-de-coria\\\/#primaryimage\"},\"thumbnailUrl\":\"https:\\\/\\\/coria.org\\\/ayuntamiento\\\/wp-content\\\/uploads\\\/2022\\\/03\\\/image-182.jpeg\",\"datePublished\":\"2015-02-06T00:00:00+00:00\",\"dateModified\":\"2024-10-11T06:29:40+00:00\",\"description\":\"La ejecuci\u00f3n de este proyecto es posible gracias al convenio firmado entre Caja Badajoz Grupo Ibercaja, el Gobierno de Extremadura y el Ayuntamiento de Coria, con un presupuesto de m\u00e1s de 50.000 euros. Este acuerdo forma parte del Programa Plurianual de Apoyo a la Actividad Econ\u00f3mica y Social dise\u00f1ado por el Gobierno de Extremadura.\",\"breadcrumb\":{\"@id\":\"https:\\\/\\\/coria.org\\\/ayuntamiento\\\/index.php\\\/2015\\\/02\\\/06\\\/caja-badajoz-grupo-ibercaja-colabora-en-la-rehabilitacion-de-la-escuela-de-musica-de-coria\\\/#breadcrumb\"},\"inLanguage\":\"es\",\"potentialAction\":[{\"@type\":\"ReadAction\",\"target\":[\"https:\\\/\\\/coria.org\\\/ayuntamiento\\\/index.php\\\/2015\\\/02\\\/06\\\/caja-badajoz-grupo-ibercaja-colabora-en-la-rehabilitacion-de-la-escuela-de-musica-de-coria\\\/\"]}]},{\"@type\":\"ImageObject\",\"inLanguage\":\"es\",\"@id\":\"https:\\\/\\\/coria.org\\\/ayuntamiento\\\/index.php\\\/2015\\\/02\\\/06\\\/caja-badajoz-grupo-ibercaja-colabora-en-la-rehabilitacion-de-la-escuela-de-musica-de-coria\\\/#primaryimage\",\"url\":\"https:\\\/\\\/coria.org\\\/ayuntamiento\\\/wp-content\\\/uploads\\\/2022\\\/03\\\/image-182.jpeg\",\"contentUrl\":\"https:\\\/\\\/coria.org\\\/ayuntamiento\\\/wp-content\\\/uploads\\\/2022\\\/03\\\/image-182.jpeg\",\"width\":375,\"height\":500},{\"@type\":\"BreadcrumbList\",\"@id\":\"https:\\\/\\\/coria.org\\\/ayuntamiento\\\/index.php\\\/2015\\\/02\\\/06\\\/caja-badajoz-grupo-ibercaja-colabora-en-la-rehabilitacion-de-la-escuela-de-musica-de-coria\\\/#breadcrumb\",\"itemListElement\":[{\"@type\":\"ListItem\",\"position\":1,\"name\":\"Inicio\",\"item\":\"https:\\\/\\\/coria.org\\\/ayuntamiento\\\/\"},{\"@type\":\"ListItem\",\"position\":2,\"name\":\"Caja Badajoz Grupo Ibercaja colabora en la rehabilitaci\u00f3n de la Escuela de M\u00fasica de Coria\"}]},{\"@type\":\"WebSite\",\"@id\":\"https:\\\/\\\/coria.org\\\/ayuntamiento\\\/#website\",\"url\":\"https:\\\/\\\/coria.org\\\/ayuntamiento\\\/\",\"name\":\"Ayuntamiento de Coria\",\"description\":\"Web oficial del Ayuntamiento de Coria\",\"publisher\":{\"@id\":\"https:\\\/\\\/coria.org\\\/ayuntamiento\\\/#organization\"},\"alternateName\":\"Web Oficial del Ayuntamiento de Coria\",\"potentialAction\":[{\"@type\":\"SearchAction\",\"target\":{\"@type\":\"EntryPoint\",\"urlTemplate\":\"https:\\\/\\\/coria.org\\\/ayuntamiento\\\/?s={search_term_string}\"},\"query-input\":{\"@type\":\"PropertyValueSpecification\",\"valueRequired\":true,\"valueName\":\"search_term_string\"}}],\"inLanguage\":\"es\"},{\"@type\":\"Organization\",\"@id\":\"https:\\\/\\\/coria.org\\\/ayuntamiento\\\/#organization\",\"name\":\"Ayuntamiento de Coria\",\"alternateName\":\"Ayto de Coria\",\"url\":\"https:\\\/\\\/coria.org\\\/ayuntamiento\\\/\",\"logo\":{\"@type\":\"ImageObject\",\"inLanguage\":\"es\",\"@id\":\"https:\\\/\\\/coria.org\\\/ayuntamiento\\\/#\\\/schema\\\/logo\\\/image\\\/\",\"url\":\"https:\\\/\\\/coria.org\\\/ayuntamiento\\\/wp-content\\\/uploads\\\/2020\\\/12\\\/escudo-ayuntamiento-coria.png\",\"contentUrl\":\"https:\\\/\\\/coria.org\\\/ayuntamiento\\\/wp-content\\\/uploads\\\/2020\\\/12\\\/escudo-ayuntamiento-coria.png\",\"width\":511,\"height\":240,\"caption\":\"Ayuntamiento de Coria\"},\"image\":{\"@id\":\"https:\\\/\\\/coria.org\\\/ayuntamiento\\\/#\\\/schema\\\/logo\\\/image\\\/\"},\"sameAs\":[\"https:\\\/\\\/www.facebook.com\\\/Ayuntamiento.de.Coria\",\"https:\\\/\\\/x.com\\\/Ayto_de_Coria\",\"https:\\\/\\\/www.instagram.com\\\/coria.ayuntamiento\\\/\",\"https:\\\/\\\/www.youtube.com\\\/user\\\/AYUNTAMIENTOCORIA\"]},{\"@type\":\"Person\",\"@id\":\"https:\\\/\\\/coria.org\\\/ayuntamiento\\\/#\\\/schema\\\/person\\\/8bd589f0e13e8ae5aa06def7a599d622\",\"name\":\"ayuntamiento\",\"image\":{\"@type\":\"ImageObject\",\"inLanguage\":\"es\",\"@id\":\"https:\\\/\\\/secure.gravatar.com\\\/avatar\\\/966e5ed73cad334adda5c87f49f2547f7082f7292c1b627cbb548744383b391c?s=96&d=mm&r=g\",\"url\":\"https:\\\/\\\/secure.gravatar.com\\\/avatar\\\/966e5ed73cad334adda5c87f49f2547f7082f7292c1b627cbb548744383b391c?s=96&d=mm&r=g\",\"contentUrl\":\"https:\\\/\\\/secure.gravatar.com\\\/avatar\\\/966e5ed73cad334adda5c87f49f2547f7082f7292c1b627cbb548744383b391c?s=96&d=mm&r=g\",\"caption\":\"ayuntamiento\"}}]}<\/script>\n<!-- \/ Yoast SEO plugin. -->","yoast_head_json":{"title":"Caja Badajoz Grupo Ibercaja colabora en la rehabilitaci\u00f3n de la Escuela de M\u00fasica de Coria - Ayuntamiento de Coria","description":"La ejecuci\u00f3n de este proyecto es posible gracias al convenio firmado entre Caja Badajoz Grupo Ibercaja, el Gobierno de Extremadura y el Ayuntamiento de Coria, con un presupuesto de m\u00e1s de 50.000 euros. Este acuerdo forma parte del Programa Plurianual de Apoyo a la Actividad Econ\u00f3mica y Social dise\u00f1ado por el Gobierno de Extremadura.","robots":{"index":"index","follow":"follow","max-snippet":"max-snippet:-1","max-image-preview":"max-image-preview:large","max-video-preview":"max-video-preview:-1"},"canonical":"https:\/\/coria.org\/ayuntamiento\/index.php\/2015\/02\/06\/caja-badajoz-grupo-ibercaja-colabora-en-la-rehabilitacion-de-la-escuela-de-musica-de-coria\/","og_locale":"es_ES","og_type":"article","og_title":"Caja Badajoz Grupo Ibercaja colabora en la rehabilitaci\u00f3n de la Escuela de M\u00fasica de Coria - Ayuntamiento de Coria","og_description":"La ejecuci\u00f3n de este proyecto es posible gracias al convenio firmado entre Caja Badajoz Grupo Ibercaja, el Gobierno de Extremadura y el Ayuntamiento de Coria, con un presupuesto de m\u00e1s de 50.000 euros. Este acuerdo forma parte del Programa Plurianual de Apoyo a la Actividad Econ\u00f3mica y Social dise\u00f1ado por el Gobierno de Extremadura.","og_url":"https:\/\/coria.org\/ayuntamiento\/index.php\/2015\/02\/06\/caja-badajoz-grupo-ibercaja-colabora-en-la-rehabilitacion-de-la-escuela-de-musica-de-coria\/","og_site_name":"Ayuntamiento de Coria","article_publisher":"https:\/\/www.facebook.com\/Ayuntamiento.de.Coria","article_published_time":"2015-02-06T00:00:00+00:00","article_modified_time":"2024-10-11T06:29:40+00:00","og_image":[{"width":375,"height":500,"url":"https:\/\/coria.org\/ayuntamiento\/wp-content\/uploads\/2022\/03\/image-182.jpeg","type":"image\/jpeg"}],"author":"ayuntamiento","twitter_card":"summary_large_image","twitter_creator":"@Ayto_de_Coria","twitter_site":"@Ayto_de_Coria","twitter_misc":{"Escrito por":"ayuntamiento","Tiempo de lectura":"3 minutos"},"schema":{"@context":"https:\/\/schema.org","@graph":[{"@type":"Article","@id":"https:\/\/coria.org\/ayuntamiento\/index.php\/2015\/02\/06\/caja-badajoz-grupo-ibercaja-colabora-en-la-rehabilitacion-de-la-escuela-de-musica-de-coria\/#article","isPartOf":{"@id":"https:\/\/coria.org\/ayuntamiento\/index.php\/2015\/02\/06\/caja-badajoz-grupo-ibercaja-colabora-en-la-rehabilitacion-de-la-escuela-de-musica-de-coria\/"},"author":{"name":"ayuntamiento","@id":"https:\/\/coria.org\/ayuntamiento\/#\/schema\/person\/8bd589f0e13e8ae5aa06def7a599d622"},"headline":"Caja Badajoz Grupo Ibercaja colabora en la rehabilitaci\u00f3n de la Escuela de M\u00fasica de Coria","datePublished":"2015-02-06T00:00:00+00:00","dateModified":"2024-10-11T06:29:40+00:00","mainEntityOfPage":{"@id":"https:\/\/coria.org\/ayuntamiento\/index.php\/2015\/02\/06\/caja-badajoz-grupo-ibercaja-colabora-en-la-rehabilitacion-de-la-escuela-de-musica-de-coria\/"},"wordCount":483,"publisher":{"@id":"https:\/\/coria.org\/ayuntamiento\/#organization"},"image":{"@id":"https:\/\/coria.org\/ayuntamiento\/index.php\/2015\/02\/06\/caja-badajoz-grupo-ibercaja-colabora-en-la-rehabilitacion-de-la-escuela-de-musica-de-coria\/#primaryimage"},"thumbnailUrl":"https:\/\/coria.org\/ayuntamiento\/wp-content\/uploads\/2022\/03\/image-182.jpeg","keywords":["coria","extremadura"],"articleSection":["Noticias"],"inLanguage":"es"},{"@type":"WebPage","@id":"https:\/\/coria.org\/ayuntamiento\/index.php\/2015\/02\/06\/caja-badajoz-grupo-ibercaja-colabora-en-la-rehabilitacion-de-la-escuela-de-musica-de-coria\/","url":"https:\/\/coria.org\/ayuntamiento\/index.php\/2015\/02\/06\/caja-badajoz-grupo-ibercaja-colabora-en-la-rehabilitacion-de-la-escuela-de-musica-de-coria\/","name":"Caja Badajoz Grupo Ibercaja colabora en la rehabilitaci\u00f3n de la Escuela de M\u00fasica de Coria - Ayuntamiento de Coria","isPartOf":{"@id":"https:\/\/coria.org\/ayuntamiento\/#website"},"primaryImageOfPage":{"@id":"https:\/\/coria.org\/ayuntamiento\/index.php\/2015\/02\/06\/caja-badajoz-grupo-ibercaja-colabora-en-la-rehabilitacion-de-la-escuela-de-musica-de-coria\/#primaryimage"},"image":{"@id":"https:\/\/coria.org\/ayuntamiento\/index.php\/2015\/02\/06\/caja-badajoz-grupo-ibercaja-colabora-en-la-rehabilitacion-de-la-escuela-de-musica-de-coria\/#primaryimage"},"thumbnailUrl":"https:\/\/coria.org\/ayuntamiento\/wp-content\/uploads\/2022\/03\/image-182.jpeg","datePublished":"2015-02-06T00:00:00+00:00","dateModified":"2024-10-11T06:29:40+00:00","description":"La ejecuci\u00f3n de este proyecto es posible gracias al convenio firmado entre Caja Badajoz Grupo Ibercaja, el Gobierno de Extremadura y el Ayuntamiento de Coria, con un presupuesto de m\u00e1s de 50.000 euros. Este acuerdo forma parte del Programa Plurianual de Apoyo a la Actividad Econ\u00f3mica y Social dise\u00f1ado por el Gobierno de Extremadura.","breadcrumb":{"@id":"https:\/\/coria.org\/ayuntamiento\/index.php\/2015\/02\/06\/caja-badajoz-grupo-ibercaja-colabora-en-la-rehabilitacion-de-la-escuela-de-musica-de-coria\/#breadcrumb"},"inLanguage":"es","potentialAction":[{"@type":"ReadAction","target":["https:\/\/coria.org\/ayuntamiento\/index.php\/2015\/02\/06\/caja-badajoz-grupo-ibercaja-colabora-en-la-rehabilitacion-de-la-escuela-de-musica-de-coria\/"]}]},{"@type":"ImageObject","inLanguage":"es","@id":"https:\/\/coria.org\/ayuntamiento\/index.php\/2015\/02\/06\/caja-badajoz-grupo-ibercaja-colabora-en-la-rehabilitacion-de-la-escuela-de-musica-de-coria\/#primaryimage","url":"https:\/\/coria.org\/ayuntamiento\/wp-content\/uploads\/2022\/03\/image-182.jpeg","contentUrl":"https:\/\/coria.org\/ayuntamiento\/wp-content\/uploads\/2022\/03\/image-182.jpeg","width":375,"height":500},{"@type":"BreadcrumbList","@id":"https:\/\/coria.org\/ayuntamiento\/index.php\/2015\/02\/06\/caja-badajoz-grupo-ibercaja-colabora-en-la-rehabilitacion-de-la-escuela-de-musica-de-coria\/#breadcrumb","itemListElement":[{"@type":"ListItem","position":1,"name":"Inicio","item":"https:\/\/coria.org\/ayuntamiento\/"},{"@type":"ListItem","position":2,"name":"Caja Badajoz Grupo Ibercaja colabora en la rehabilitaci\u00f3n de la Escuela de M\u00fasica de Coria"}]},{"@type":"WebSite","@id":"https:\/\/coria.org\/ayuntamiento\/#website","url":"https:\/\/coria.org\/ayuntamiento\/","name":"Ayuntamiento de Coria","description":"Web oficial del Ayuntamiento de Coria","publisher":{"@id":"https:\/\/coria.org\/ayuntamiento\/#organization"},"alternateName":"Web Oficial del Ayuntamiento de Coria","potentialAction":[{"@type":"SearchAction","target":{"@type":"EntryPoint","urlTemplate":"https:\/\/coria.org\/ayuntamiento\/?s={search_term_string}"},"query-input":{"@type":"PropertyValueSpecification","valueRequired":true,"valueName":"search_term_string"}}],"inLanguage":"es"},{"@type":"Organization","@id":"https:\/\/coria.org\/ayuntamiento\/#organization","name":"Ayuntamiento de Coria","alternateName":"Ayto de Coria","url":"https:\/\/coria.org\/ayuntamiento\/","logo":{"@type":"ImageObject","inLanguage":"es","@id":"https:\/\/coria.org\/ayuntamiento\/#\/schema\/logo\/image\/","url":"https:\/\/coria.org\/ayuntamiento\/wp-content\/uploads\/2020\/12\/escudo-ayuntamiento-coria.png","contentUrl":"https:\/\/coria.org\/ayuntamiento\/wp-content\/uploads\/2020\/12\/escudo-ayuntamiento-coria.png","width":511,"height":240,"caption":"Ayuntamiento de Coria"},"image":{"@id":"https:\/\/coria.org\/ayuntamiento\/#\/schema\/logo\/image\/"},"sameAs":["https:\/\/www.facebook.com\/Ayuntamiento.de.Coria","https:\/\/x.com\/Ayto_de_Coria","https:\/\/www.instagram.com\/coria.ayuntamiento\/","https:\/\/www.youtube.com\/user\/AYUNTAMIENTOCORIA"]},{"@type":"Person","@id":"https:\/\/coria.org\/ayuntamiento\/#\/schema\/person\/8bd589f0e13e8ae5aa06def7a599d622","name":"ayuntamiento","image":{"@type":"ImageObject","inLanguage":"es","@id":"https:\/\/secure.gravatar.com\/avatar\/966e5ed73cad334adda5c87f49f2547f7082f7292c1b627cbb548744383b391c?s=96&d=mm&r=g","url":"https:\/\/secure.gravatar.com\/avatar\/966e5ed73cad334adda5c87f49f2547f7082f7292c1b627cbb548744383b391c?s=96&d=mm&r=g","contentUrl":"https:\/\/secure.gravatar.com\/avatar\/966e5ed73cad334adda5c87f49f2547f7082f7292c1b627cbb548744383b391c?s=96&d=mm&r=g","caption":"ayuntamiento"}}]}},"uagb_featured_image_src":{"full":["https:\/\/coria.org\/ayuntamiento\/wp-content\/uploads\/2022\/03\/image-182.jpeg",375,500,false],"thumbnail":["https:\/\/coria.org\/ayuntamiento\/wp-content\/uploads\/2022\/03\/image-182-150x150.jpeg",150,150,true],"medium":["https:\/\/coria.org\/ayuntamiento\/wp-content\/uploads\/2022\/03\/image-182-225x300.jpeg",225,300,true],"medium_large":["https:\/\/coria.org\/ayuntamiento\/wp-content\/uploads\/2022\/03\/image-182.jpeg",375,500,false],"large":["https:\/\/coria.org\/ayuntamiento\/wp-content\/uploads\/2022\/03\/image-182.jpeg",375,500,false],"thumblist":["https:\/\/coria.org\/ayuntamiento\/wp-content\/uploads\/2022\/03\/image-182.jpeg",225,300,false],"thumbrelated":["https:\/\/coria.org\/ayuntamiento\/wp-content\/uploads\/2022\/03\/image-182.jpeg",375,500,false],"meccarouselthumb":["https:\/\/coria.org\/ayuntamiento\/wp-content\/uploads\/2022\/03\/image-182.jpeg",243,324,false],"gridsquare":["https:\/\/coria.org\/ayuntamiento\/wp-content\/uploads\/2022\/03\/image-182.jpeg",195,260,false],"tileview":["https:\/\/coria.org\/ayuntamiento\/wp-content\/uploads\/2022\/03\/image-182.jpeg",300,400,false],"1536x1536":["https:\/\/coria.org\/ayuntamiento\/wp-content\/uploads\/2022\/03\/image-182.jpeg",375,500,false],"2048x2048":["https:\/\/coria.org\/ayuntamiento\/wp-content\/uploads\/2022\/03\/image-182.jpeg",375,500,false]},"uagb_author_info":{"display_name":"ayuntamiento","author_link":"https:\/\/coria.org\/ayuntamiento\/index.php\/author\/ayuntamiento\/"},"uagb_comment_info":0,"uagb_excerpt":"La ejecuci\u00f3n de este proyecto es posible gracias al convenio firmado entre Caja Badajoz Grupo Ibercaja, el Gobierno de Extremadura y el Ayuntamiento de Coria, con un presupuesto de m\u00e1s de 50.000 euros. Este acuerdo forma parte del Programa Plurianual de Apoyo a la Actividad Econ\u00f3mica y Social dise\u00f1ado por el Gobierno de Extremadura. El&hellip;","_links":{"self":[{"href":"https:\/\/coria.org\/ayuntamiento\/index.php\/wp-json\/wp\/v2\/posts\/25625","targetHints":{"allow":["GET"]}}],"collection":[{"href":"https:\/\/coria.org\/ayuntamiento\/index.php\/wp-json\/wp\/v2\/posts"}],"about":[{"href":"https:\/\/coria.org\/ayuntamiento\/index.php\/wp-json\/wp\/v2\/types\/post"}],"author":[{"embeddable":true,"href":"https:\/\/coria.org\/ayuntamiento\/index.php\/wp-json\/wp\/v2\/users\/2"}],"replies":[{"embeddable":true,"href":"https:\/\/coria.org\/ayuntamiento\/index.php\/wp-json\/wp\/v2\/comments?post=25625"}],"version-history":[{"count":0,"href":"https:\/\/coria.org\/ayuntamiento\/index.php\/wp-json\/wp\/v2\/posts\/25625\/revisions"}],"wp:featuredmedia":[{"embeddable":true,"href":"https:\/\/coria.org\/ayuntamiento\/index.php\/wp-json\/wp\/v2\/media\/30803"}],"wp:attachment":[{"href":"https:\/\/coria.org\/ayuntamiento\/index.php\/wp-json\/wp\/v2\/media?parent=25625"}],"wp:term":[{"taxonomy":"category","embeddable":true,"href":"https:\/\/coria.org\/ayuntamiento\/index.php\/wp-json\/wp\/v2\/categories?post=25625"},{"taxonomy":"post_tag","embeddable":true,"href":"https:\/\/coria.org\/ayuntamiento\/index.php\/wp-json\/wp\/v2\/tags?post=25625"}],"curies":[{"name":"wp","href":"https:\/\/api.w.org\/{rel}","templated":true}]}}