{"id":25608,"date":"2015-06-12T00:00:00","date_gmt":"2015-06-12T00:00:00","guid":{"rendered":"https:\/\/ayuntamiento.coriaenimagenes.com\/venta-anticipada-de-entradas-para-los-festejos-de-san-juan-2015\/"},"modified":"2024-10-02T12:53:41","modified_gmt":"2024-10-02T10:53:41","slug":"venta-anticipada-de-entradas-para-los-festejos-de-san-juan-2015","status":"publish","type":"post","link":"https:\/\/coria.org\/ayuntamiento\/index.php\/2015\/06\/12\/venta-anticipada-de-entradas-para-los-festejos-de-san-juan-2015\/","title":{"rendered":"Venta anticipada de entradas para los Festejos de San Juan 2015"},"content":{"rendered":"\n<p>El Ayuntamiento de Coria informa sobre la Venta Anticipada de Entradas para los Festejos de las Fiestas de San Juan 2015.<\/p>\n\n\n\n<figure class=\"wp-block-image alignleft size-full\"><img loading=\"lazy\" decoding=\"async\" width=\"320\" height=\"256\" src=\"https:\/\/coria.org\/ayuntamiento\/wp-content\/uploads\/2022\/03\/image-138.jpeg\" alt=\"\" class=\"wp-image-30490\" srcset=\"https:\/\/coria.org\/ayuntamiento\/wp-content\/uploads\/2022\/03\/image-138.jpeg 320w, https:\/\/coria.org\/ayuntamiento\/wp-content\/uploads\/2022\/03\/image-138-300x240.jpeg 300w\" sizes=\"auto, (max-width: 320px) 100vw, 320px\" \/><\/figure>\n\n\n\n<p><span style=\"font-family: verdana,arial,helvetica,sans-serif; font-size: large;\">EL AYUNTAMIENTO DE CORIA INFORMA:<\/span><\/p>\n\n\n\n<p><span style=\"font-family: verdana,arial,helvetica,sans-serif;\">LA VENTA ANTICIPADA DE ENTRADAS PARA LOS FESTEJOS DE SAN JUAN 2015 SE EFECTUAR\u00c1, \u00daNICAMENTE, EL PR\u00d3XIMO <strong>DOMINGO D\u00cdA 14 DE JUNIO A PARTIR DE LAS 9:00 HORAS EN LAS VENTANAS DE LA C\u00c1RCEL REAL<\/strong>, SITUADAS EN LA PLAZUELA DE SAN JUAN, LUGAR DONDE ESTAR\u00c1N UBICADAS TRES TAQUILLAS PARA LA VENTA DE ENTRADAS LAS MODALIDADES DE ENTRADAS A LA VENTA SER\u00c1N:<\/span><\/p>\n\n\n\n<p><span style=\"font-family: verdana,arial,helvetica,sans-serif;\">&nbsp;&#8211; <strong>ENTRADAS DE ASIENTO: 5\u20ac<\/strong><\/span><\/p>\n\n\n\n<p><span style=\"font-family: verdana,arial,helvetica,sans-serif;\">&nbsp;&#8211; <strong>ENTRADAS DE PIE: 4\u20ac<\/strong><\/span><\/p>\n\n\n\n<p><span style=\"font-family: verdana,arial,helvetica,sans-serif;\">LAS ENTRADAS PUESTAS A LA VENTA CORRESPONDER\u00c1N A:<\/span><\/p>\n\n\n\n<p><span style=\"font-family: verdana,arial,helvetica,sans-serif;\">&nbsp;&#8211; TABLAO LATERAL DERECHO (SOMBRA).<br>&nbsp;&#8211; TABLAO LATERAL IZQUIERDO Y GRILLERA (SOL).<br>&nbsp;&#8211; TABLAO AYUNTAMIENTO VIEJO (SOMBRA Y SOL)<\/span><\/p>\n\n\n\n<p><span style=\"font-family: verdana,arial,helvetica,sans-serif;\">Se respetar\u00e1 rigurosamente el orden de los n\u00fameros otorgados para la venta de entradas de las diversas taquillas.<\/span><\/p>\n\n\n\n<p><span style=\"font-family: verdana,arial,helvetica,sans-serif;\"><u>NO SE VENDER\u00c1N M\u00c1S DE 10 ENTRADAS POR FUNCI\u00d3N Y PERSONA<\/u><\/span><\/p>\n\n\n\n<p><span style=\"font-family: verdana,arial,helvetica,sans-serif;\">EN CORIA, A 12 DE JUNIO DE 2015<\/span><\/p>\n","protected":false},"excerpt":{"rendered":"<p>El Ayuntamiento de Coria informa sobre la Venta Anticipada de Entradas para los Festejos de las Fiestas de San Juan 2015. EL AYUNTAMIENTO DE CORIA INFORMA: LA VENTA ANTICIPADA DE ENTRADAS PARA LOS FESTEJOS DE SAN JUAN 2015 SE EFECTUAR\u00c1, \u00daNICAMENTE, EL PR\u00d3XIMO DOMINGO D\u00cdA 14 DE JUNIO A PARTIR DE LAS 9:00 HORAS EN [&hellip;]<\/p>\n","protected":false},"author":2,"featured_media":30490,"comment_status":"closed","ping_status":"closed","sticky":false,"template":"","format":"standard","meta":{"_uag_custom_page_level_css":"","footnotes":""},"categories":[2],"tags":[498],"class_list":["post-25608","post","type-post","status-publish","format-standard","has-post-thumbnail","hentry","category-noticias","tag-entradas"],"yoast_head":"<!-- This site is optimized with the Yoast SEO plugin v27.4 - https:\/\/yoast.com\/product\/yoast-seo-wordpress\/ -->\n<title>Venta anticipada de entradas para los Festejos de San Juan 2015 - Ayuntamiento de Coria<\/title>\n<meta name=\"description\" content=\"El Ayuntamiento de Coria informa sobre la Venta Anticipada de Entradas para los Festejos de las Fiestas de San Juan 2015.\" \/>\n<meta name=\"robots\" content=\"index, follow, max-snippet:-1, max-image-preview:large, max-video-preview:-1\" \/>\n<link rel=\"canonical\" href=\"https:\/\/coria.org\/ayuntamiento\/index.php\/2015\/06\/12\/venta-anticipada-de-entradas-para-los-festejos-de-san-juan-2015\/\" \/>\n<meta property=\"og:locale\" content=\"es_ES\" \/>\n<meta property=\"og:type\" content=\"article\" \/>\n<meta property=\"og:title\" content=\"Venta anticipada de entradas para los Festejos de San Juan 2015 - Ayuntamiento de Coria\" \/>\n<meta property=\"og:description\" content=\"El Ayuntamiento de Coria informa sobre la Venta Anticipada de Entradas para los Festejos de las Fiestas de San Juan 2015.\" \/>\n<meta property=\"og:url\" content=\"https:\/\/coria.org\/ayuntamiento\/index.php\/2015\/06\/12\/venta-anticipada-de-entradas-para-los-festejos-de-san-juan-2015\/\" \/>\n<meta property=\"og:site_name\" content=\"Ayuntamiento de Coria\" \/>\n<meta property=\"article:publisher\" content=\"https:\/\/www.facebook.com\/Ayuntamiento.de.Coria\" \/>\n<meta property=\"article:published_time\" content=\"2015-06-12T00:00:00+00:00\" \/>\n<meta property=\"article:modified_time\" content=\"2024-10-02T10:53:41+00:00\" \/>\n<meta property=\"og:image\" content=\"https:\/\/coria.org\/ayuntamiento\/wp-content\/uploads\/2022\/03\/image-138.jpeg\" \/>\n\t<meta property=\"og:image:width\" content=\"320\" \/>\n\t<meta property=\"og:image:height\" content=\"256\" \/>\n\t<meta property=\"og:image:type\" content=\"image\/jpeg\" \/>\n<meta name=\"author\" content=\"ayuntamiento\" \/>\n<meta name=\"twitter:card\" content=\"summary_large_image\" \/>\n<meta name=\"twitter:creator\" content=\"@Ayto_de_Coria\" \/>\n<meta name=\"twitter:site\" content=\"@Ayto_de_Coria\" \/>\n<meta name=\"twitter:label1\" content=\"Escrito por\" \/>\n\t<meta name=\"twitter:data1\" content=\"ayuntamiento\" \/>\n\t<meta name=\"twitter:label2\" content=\"Tiempo de lectura\" \/>\n\t<meta name=\"twitter:data2\" content=\"2 minutos\" \/>\n<script type=\"application\/ld+json\" class=\"yoast-schema-graph\">{\"@context\":\"https:\\\/\\\/schema.org\",\"@graph\":[{\"@type\":\"Article\",\"@id\":\"https:\\\/\\\/coria.org\\\/ayuntamiento\\\/index.php\\\/2015\\\/06\\\/12\\\/venta-anticipada-de-entradas-para-los-festejos-de-san-juan-2015\\\/#article\",\"isPartOf\":{\"@id\":\"https:\\\/\\\/coria.org\\\/ayuntamiento\\\/index.php\\\/2015\\\/06\\\/12\\\/venta-anticipada-de-entradas-para-los-festejos-de-san-juan-2015\\\/\"},\"author\":{\"name\":\"ayuntamiento\",\"@id\":\"https:\\\/\\\/coria.org\\\/ayuntamiento\\\/#\\\/schema\\\/person\\\/8bd589f0e13e8ae5aa06def7a599d622\"},\"headline\":\"Venta anticipada de entradas para los Festejos de San Juan 2015\",\"datePublished\":\"2015-06-12T00:00:00+00:00\",\"dateModified\":\"2024-10-02T10:53:41+00:00\",\"mainEntityOfPage\":{\"@id\":\"https:\\\/\\\/coria.org\\\/ayuntamiento\\\/index.php\\\/2015\\\/06\\\/12\\\/venta-anticipada-de-entradas-para-los-festejos-de-san-juan-2015\\\/\"},\"wordCount\":177,\"publisher\":{\"@id\":\"https:\\\/\\\/coria.org\\\/ayuntamiento\\\/#organization\"},\"image\":{\"@id\":\"https:\\\/\\\/coria.org\\\/ayuntamiento\\\/index.php\\\/2015\\\/06\\\/12\\\/venta-anticipada-de-entradas-para-los-festejos-de-san-juan-2015\\\/#primaryimage\"},\"thumbnailUrl\":\"https:\\\/\\\/coria.org\\\/ayuntamiento\\\/wp-content\\\/uploads\\\/2022\\\/03\\\/image-138.jpeg\",\"keywords\":[\"entradas\"],\"articleSection\":[\"Noticias\"],\"inLanguage\":\"es\"},{\"@type\":\"WebPage\",\"@id\":\"https:\\\/\\\/coria.org\\\/ayuntamiento\\\/index.php\\\/2015\\\/06\\\/12\\\/venta-anticipada-de-entradas-para-los-festejos-de-san-juan-2015\\\/\",\"url\":\"https:\\\/\\\/coria.org\\\/ayuntamiento\\\/index.php\\\/2015\\\/06\\\/12\\\/venta-anticipada-de-entradas-para-los-festejos-de-san-juan-2015\\\/\",\"name\":\"Venta anticipada de entradas para los Festejos de San Juan 2015 - Ayuntamiento de Coria\",\"isPartOf\":{\"@id\":\"https:\\\/\\\/coria.org\\\/ayuntamiento\\\/#website\"},\"primaryImageOfPage\":{\"@id\":\"https:\\\/\\\/coria.org\\\/ayuntamiento\\\/index.php\\\/2015\\\/06\\\/12\\\/venta-anticipada-de-entradas-para-los-festejos-de-san-juan-2015\\\/#primaryimage\"},\"image\":{\"@id\":\"https:\\\/\\\/coria.org\\\/ayuntamiento\\\/index.php\\\/2015\\\/06\\\/12\\\/venta-anticipada-de-entradas-para-los-festejos-de-san-juan-2015\\\/#primaryimage\"},\"thumbnailUrl\":\"https:\\\/\\\/coria.org\\\/ayuntamiento\\\/wp-content\\\/uploads\\\/2022\\\/03\\\/image-138.jpeg\",\"datePublished\":\"2015-06-12T00:00:00+00:00\",\"dateModified\":\"2024-10-02T10:53:41+00:00\",\"description\":\"El Ayuntamiento de Coria informa sobre la Venta Anticipada de Entradas para los Festejos de las Fiestas de San Juan 2015.\",\"breadcrumb\":{\"@id\":\"https:\\\/\\\/coria.org\\\/ayuntamiento\\\/index.php\\\/2015\\\/06\\\/12\\\/venta-anticipada-de-entradas-para-los-festejos-de-san-juan-2015\\\/#breadcrumb\"},\"inLanguage\":\"es\",\"potentialAction\":[{\"@type\":\"ReadAction\",\"target\":[\"https:\\\/\\\/coria.org\\\/ayuntamiento\\\/index.php\\\/2015\\\/06\\\/12\\\/venta-anticipada-de-entradas-para-los-festejos-de-san-juan-2015\\\/\"]}]},{\"@type\":\"ImageObject\",\"inLanguage\":\"es\",\"@id\":\"https:\\\/\\\/coria.org\\\/ayuntamiento\\\/index.php\\\/2015\\\/06\\\/12\\\/venta-anticipada-de-entradas-para-los-festejos-de-san-juan-2015\\\/#primaryimage\",\"url\":\"https:\\\/\\\/coria.org\\\/ayuntamiento\\\/wp-content\\\/uploads\\\/2022\\\/03\\\/image-138.jpeg\",\"contentUrl\":\"https:\\\/\\\/coria.org\\\/ayuntamiento\\\/wp-content\\\/uploads\\\/2022\\\/03\\\/image-138.jpeg\",\"width\":320,\"height\":256},{\"@type\":\"BreadcrumbList\",\"@id\":\"https:\\\/\\\/coria.org\\\/ayuntamiento\\\/index.php\\\/2015\\\/06\\\/12\\\/venta-anticipada-de-entradas-para-los-festejos-de-san-juan-2015\\\/#breadcrumb\",\"itemListElement\":[{\"@type\":\"ListItem\",\"position\":1,\"name\":\"Inicio\",\"item\":\"https:\\\/\\\/coria.org\\\/ayuntamiento\\\/\"},{\"@type\":\"ListItem\",\"position\":2,\"name\":\"Venta anticipada de entradas para los Festejos de San Juan 2015\"}]},{\"@type\":\"WebSite\",\"@id\":\"https:\\\/\\\/coria.org\\\/ayuntamiento\\\/#website\",\"url\":\"https:\\\/\\\/coria.org\\\/ayuntamiento\\\/\",\"name\":\"Ayuntamiento de Coria\",\"description\":\"Web oficial del Ayuntamiento de Coria\",\"publisher\":{\"@id\":\"https:\\\/\\\/coria.org\\\/ayuntamiento\\\/#organization\"},\"alternateName\":\"Web Oficial del Ayuntamiento de Coria\",\"potentialAction\":[{\"@type\":\"SearchAction\",\"target\":{\"@type\":\"EntryPoint\",\"urlTemplate\":\"https:\\\/\\\/coria.org\\\/ayuntamiento\\\/?s={search_term_string}\"},\"query-input\":{\"@type\":\"PropertyValueSpecification\",\"valueRequired\":true,\"valueName\":\"search_term_string\"}}],\"inLanguage\":\"es\"},{\"@type\":\"Organization\",\"@id\":\"https:\\\/\\\/coria.org\\\/ayuntamiento\\\/#organization\",\"name\":\"Ayuntamiento de Coria\",\"alternateName\":\"Ayto de Coria\",\"url\":\"https:\\\/\\\/coria.org\\\/ayuntamiento\\\/\",\"logo\":{\"@type\":\"ImageObject\",\"inLanguage\":\"es\",\"@id\":\"https:\\\/\\\/coria.org\\\/ayuntamiento\\\/#\\\/schema\\\/logo\\\/image\\\/\",\"url\":\"https:\\\/\\\/coria.org\\\/ayuntamiento\\\/wp-content\\\/uploads\\\/2020\\\/12\\\/escudo-ayuntamiento-coria.png\",\"contentUrl\":\"https:\\\/\\\/coria.org\\\/ayuntamiento\\\/wp-content\\\/uploads\\\/2020\\\/12\\\/escudo-ayuntamiento-coria.png\",\"width\":511,\"height\":240,\"caption\":\"Ayuntamiento de Coria\"},\"image\":{\"@id\":\"https:\\\/\\\/coria.org\\\/ayuntamiento\\\/#\\\/schema\\\/logo\\\/image\\\/\"},\"sameAs\":[\"https:\\\/\\\/www.facebook.com\\\/Ayuntamiento.de.Coria\",\"https:\\\/\\\/x.com\\\/Ayto_de_Coria\",\"https:\\\/\\\/www.instagram.com\\\/coria.ayuntamiento\\\/\",\"https:\\\/\\\/www.youtube.com\\\/user\\\/AYUNTAMIENTOCORIA\"]},{\"@type\":\"Person\",\"@id\":\"https:\\\/\\\/coria.org\\\/ayuntamiento\\\/#\\\/schema\\\/person\\\/8bd589f0e13e8ae5aa06def7a599d622\",\"name\":\"ayuntamiento\",\"image\":{\"@type\":\"ImageObject\",\"inLanguage\":\"es\",\"@id\":\"https:\\\/\\\/secure.gravatar.com\\\/avatar\\\/966e5ed73cad334adda5c87f49f2547f7082f7292c1b627cbb548744383b391c?s=96&d=mm&r=g\",\"url\":\"https:\\\/\\\/secure.gravatar.com\\\/avatar\\\/966e5ed73cad334adda5c87f49f2547f7082f7292c1b627cbb548744383b391c?s=96&d=mm&r=g\",\"contentUrl\":\"https:\\\/\\\/secure.gravatar.com\\\/avatar\\\/966e5ed73cad334adda5c87f49f2547f7082f7292c1b627cbb548744383b391c?s=96&d=mm&r=g\",\"caption\":\"ayuntamiento\"}}]}<\/script>\n<!-- \/ Yoast SEO plugin. -->","yoast_head_json":{"title":"Venta anticipada de entradas para los Festejos de San Juan 2015 - Ayuntamiento de Coria","description":"El Ayuntamiento de Coria informa sobre la Venta Anticipada de Entradas para los Festejos de las Fiestas de San Juan 2015.","robots":{"index":"index","follow":"follow","max-snippet":"max-snippet:-1","max-image-preview":"max-image-preview:large","max-video-preview":"max-video-preview:-1"},"canonical":"https:\/\/coria.org\/ayuntamiento\/index.php\/2015\/06\/12\/venta-anticipada-de-entradas-para-los-festejos-de-san-juan-2015\/","og_locale":"es_ES","og_type":"article","og_title":"Venta anticipada de entradas para los Festejos de San Juan 2015 - Ayuntamiento de Coria","og_description":"El Ayuntamiento de Coria informa sobre la Venta Anticipada de Entradas para los Festejos de las Fiestas de San Juan 2015.","og_url":"https:\/\/coria.org\/ayuntamiento\/index.php\/2015\/06\/12\/venta-anticipada-de-entradas-para-los-festejos-de-san-juan-2015\/","og_site_name":"Ayuntamiento de Coria","article_publisher":"https:\/\/www.facebook.com\/Ayuntamiento.de.Coria","article_published_time":"2015-06-12T00:00:00+00:00","article_modified_time":"2024-10-02T10:53:41+00:00","og_image":[{"width":320,"height":256,"url":"https:\/\/coria.org\/ayuntamiento\/wp-content\/uploads\/2022\/03\/image-138.jpeg","type":"image\/jpeg"}],"author":"ayuntamiento","twitter_card":"summary_large_image","twitter_creator":"@Ayto_de_Coria","twitter_site":"@Ayto_de_Coria","twitter_misc":{"Escrito por":"ayuntamiento","Tiempo de lectura":"2 minutos"},"schema":{"@context":"https:\/\/schema.org","@graph":[{"@type":"Article","@id":"https:\/\/coria.org\/ayuntamiento\/index.php\/2015\/06\/12\/venta-anticipada-de-entradas-para-los-festejos-de-san-juan-2015\/#article","isPartOf":{"@id":"https:\/\/coria.org\/ayuntamiento\/index.php\/2015\/06\/12\/venta-anticipada-de-entradas-para-los-festejos-de-san-juan-2015\/"},"author":{"name":"ayuntamiento","@id":"https:\/\/coria.org\/ayuntamiento\/#\/schema\/person\/8bd589f0e13e8ae5aa06def7a599d622"},"headline":"Venta anticipada de entradas para los Festejos de San Juan 2015","datePublished":"2015-06-12T00:00:00+00:00","dateModified":"2024-10-02T10:53:41+00:00","mainEntityOfPage":{"@id":"https:\/\/coria.org\/ayuntamiento\/index.php\/2015\/06\/12\/venta-anticipada-de-entradas-para-los-festejos-de-san-juan-2015\/"},"wordCount":177,"publisher":{"@id":"https:\/\/coria.org\/ayuntamiento\/#organization"},"image":{"@id":"https:\/\/coria.org\/ayuntamiento\/index.php\/2015\/06\/12\/venta-anticipada-de-entradas-para-los-festejos-de-san-juan-2015\/#primaryimage"},"thumbnailUrl":"https:\/\/coria.org\/ayuntamiento\/wp-content\/uploads\/2022\/03\/image-138.jpeg","keywords":["entradas"],"articleSection":["Noticias"],"inLanguage":"es"},{"@type":"WebPage","@id":"https:\/\/coria.org\/ayuntamiento\/index.php\/2015\/06\/12\/venta-anticipada-de-entradas-para-los-festejos-de-san-juan-2015\/","url":"https:\/\/coria.org\/ayuntamiento\/index.php\/2015\/06\/12\/venta-anticipada-de-entradas-para-los-festejos-de-san-juan-2015\/","name":"Venta anticipada de entradas para los Festejos de San Juan 2015 - Ayuntamiento de Coria","isPartOf":{"@id":"https:\/\/coria.org\/ayuntamiento\/#website"},"primaryImageOfPage":{"@id":"https:\/\/coria.org\/ayuntamiento\/index.php\/2015\/06\/12\/venta-anticipada-de-entradas-para-los-festejos-de-san-juan-2015\/#primaryimage"},"image":{"@id":"https:\/\/coria.org\/ayuntamiento\/index.php\/2015\/06\/12\/venta-anticipada-de-entradas-para-los-festejos-de-san-juan-2015\/#primaryimage"},"thumbnailUrl":"https:\/\/coria.org\/ayuntamiento\/wp-content\/uploads\/2022\/03\/image-138.jpeg","datePublished":"2015-06-12T00:00:00+00:00","dateModified":"2024-10-02T10:53:41+00:00","description":"El Ayuntamiento de Coria informa sobre la Venta Anticipada de Entradas para los Festejos de las Fiestas de San Juan 2015.","breadcrumb":{"@id":"https:\/\/coria.org\/ayuntamiento\/index.php\/2015\/06\/12\/venta-anticipada-de-entradas-para-los-festejos-de-san-juan-2015\/#breadcrumb"},"inLanguage":"es","potentialAction":[{"@type":"ReadAction","target":["https:\/\/coria.org\/ayuntamiento\/index.php\/2015\/06\/12\/venta-anticipada-de-entradas-para-los-festejos-de-san-juan-2015\/"]}]},{"@type":"ImageObject","inLanguage":"es","@id":"https:\/\/coria.org\/ayuntamiento\/index.php\/2015\/06\/12\/venta-anticipada-de-entradas-para-los-festejos-de-san-juan-2015\/#primaryimage","url":"https:\/\/coria.org\/ayuntamiento\/wp-content\/uploads\/2022\/03\/image-138.jpeg","contentUrl":"https:\/\/coria.org\/ayuntamiento\/wp-content\/uploads\/2022\/03\/image-138.jpeg","width":320,"height":256},{"@type":"BreadcrumbList","@id":"https:\/\/coria.org\/ayuntamiento\/index.php\/2015\/06\/12\/venta-anticipada-de-entradas-para-los-festejos-de-san-juan-2015\/#breadcrumb","itemListElement":[{"@type":"ListItem","position":1,"name":"Inicio","item":"https:\/\/coria.org\/ayuntamiento\/"},{"@type":"ListItem","position":2,"name":"Venta anticipada de entradas para los Festejos de San Juan 2015"}]},{"@type":"WebSite","@id":"https:\/\/coria.org\/ayuntamiento\/#website","url":"https:\/\/coria.org\/ayuntamiento\/","name":"Ayuntamiento de Coria","description":"Web oficial del Ayuntamiento de Coria","publisher":{"@id":"https:\/\/coria.org\/ayuntamiento\/#organization"},"alternateName":"Web Oficial del Ayuntamiento de Coria","potentialAction":[{"@type":"SearchAction","target":{"@type":"EntryPoint","urlTemplate":"https:\/\/coria.org\/ayuntamiento\/?s={search_term_string}"},"query-input":{"@type":"PropertyValueSpecification","valueRequired":true,"valueName":"search_term_string"}}],"inLanguage":"es"},{"@type":"Organization","@id":"https:\/\/coria.org\/ayuntamiento\/#organization","name":"Ayuntamiento de Coria","alternateName":"Ayto de Coria","url":"https:\/\/coria.org\/ayuntamiento\/","logo":{"@type":"ImageObject","inLanguage":"es","@id":"https:\/\/coria.org\/ayuntamiento\/#\/schema\/logo\/image\/","url":"https:\/\/coria.org\/ayuntamiento\/wp-content\/uploads\/2020\/12\/escudo-ayuntamiento-coria.png","contentUrl":"https:\/\/coria.org\/ayuntamiento\/wp-content\/uploads\/2020\/12\/escudo-ayuntamiento-coria.png","width":511,"height":240,"caption":"Ayuntamiento de Coria"},"image":{"@id":"https:\/\/coria.org\/ayuntamiento\/#\/schema\/logo\/image\/"},"sameAs":["https:\/\/www.facebook.com\/Ayuntamiento.de.Coria","https:\/\/x.com\/Ayto_de_Coria","https:\/\/www.instagram.com\/coria.ayuntamiento\/","https:\/\/www.youtube.com\/user\/AYUNTAMIENTOCORIA"]},{"@type":"Person","@id":"https:\/\/coria.org\/ayuntamiento\/#\/schema\/person\/8bd589f0e13e8ae5aa06def7a599d622","name":"ayuntamiento","image":{"@type":"ImageObject","inLanguage":"es","@id":"https:\/\/secure.gravatar.com\/avatar\/966e5ed73cad334adda5c87f49f2547f7082f7292c1b627cbb548744383b391c?s=96&d=mm&r=g","url":"https:\/\/secure.gravatar.com\/avatar\/966e5ed73cad334adda5c87f49f2547f7082f7292c1b627cbb548744383b391c?s=96&d=mm&r=g","contentUrl":"https:\/\/secure.gravatar.com\/avatar\/966e5ed73cad334adda5c87f49f2547f7082f7292c1b627cbb548744383b391c?s=96&d=mm&r=g","caption":"ayuntamiento"}}]}},"uagb_featured_image_src":{"full":["https:\/\/coria.org\/ayuntamiento\/wp-content\/uploads\/2022\/03\/image-138.jpeg",320,256,false],"thumbnail":["https:\/\/coria.org\/ayuntamiento\/wp-content\/uploads\/2022\/03\/image-138-150x150.jpeg",150,150,true],"medium":["https:\/\/coria.org\/ayuntamiento\/wp-content\/uploads\/2022\/03\/image-138-300x240.jpeg",300,240,true],"medium_large":["https:\/\/coria.org\/ayuntamiento\/wp-content\/uploads\/2022\/03\/image-138.jpeg",320,256,false],"large":["https:\/\/coria.org\/ayuntamiento\/wp-content\/uploads\/2022\/03\/image-138.jpeg",320,256,false],"thumblist":["https:\/\/coria.org\/ayuntamiento\/wp-content\/uploads\/2022\/03\/image-138.jpeg",300,240,false],"thumbrelated":["https:\/\/coria.org\/ayuntamiento\/wp-content\/uploads\/2022\/03\/image-138.jpeg",320,256,false],"meccarouselthumb":["https:\/\/coria.org\/ayuntamiento\/wp-content\/uploads\/2022\/03\/image-138.jpeg",320,256,false],"gridsquare":["https:\/\/coria.org\/ayuntamiento\/wp-content\/uploads\/2022\/03\/image-138.jpeg",320,256,false],"tileview":["https:\/\/coria.org\/ayuntamiento\/wp-content\/uploads\/2022\/03\/image-138.jpeg",300,240,false],"1536x1536":["https:\/\/coria.org\/ayuntamiento\/wp-content\/uploads\/2022\/03\/image-138.jpeg",320,256,false],"2048x2048":["https:\/\/coria.org\/ayuntamiento\/wp-content\/uploads\/2022\/03\/image-138.jpeg",320,256,false]},"uagb_author_info":{"display_name":"ayuntamiento","author_link":"https:\/\/coria.org\/ayuntamiento\/index.php\/author\/ayuntamiento\/"},"uagb_comment_info":0,"uagb_excerpt":"El Ayuntamiento de Coria informa sobre la Venta Anticipada de Entradas para los Festejos de las Fiestas de San Juan 2015. EL AYUNTAMIENTO DE CORIA INFORMA: LA VENTA ANTICIPADA DE ENTRADAS PARA LOS FESTEJOS DE SAN JUAN 2015 SE EFECTUAR\u00c1, \u00daNICAMENTE, EL PR\u00d3XIMO DOMINGO D\u00cdA 14 DE JUNIO A PARTIR DE LAS 9:00 HORAS EN&hellip;","_links":{"self":[{"href":"https:\/\/coria.org\/ayuntamiento\/index.php\/wp-json\/wp\/v2\/posts\/25608","targetHints":{"allow":["GET"]}}],"collection":[{"href":"https:\/\/coria.org\/ayuntamiento\/index.php\/wp-json\/wp\/v2\/posts"}],"about":[{"href":"https:\/\/coria.org\/ayuntamiento\/index.php\/wp-json\/wp\/v2\/types\/post"}],"author":[{"embeddable":true,"href":"https:\/\/coria.org\/ayuntamiento\/index.php\/wp-json\/wp\/v2\/users\/2"}],"replies":[{"embeddable":true,"href":"https:\/\/coria.org\/ayuntamiento\/index.php\/wp-json\/wp\/v2\/comments?post=25608"}],"version-history":[{"count":0,"href":"https:\/\/coria.org\/ayuntamiento\/index.php\/wp-json\/wp\/v2\/posts\/25608\/revisions"}],"wp:featuredmedia":[{"embeddable":true,"href":"https:\/\/coria.org\/ayuntamiento\/index.php\/wp-json\/wp\/v2\/media\/30490"}],"wp:attachment":[{"href":"https:\/\/coria.org\/ayuntamiento\/index.php\/wp-json\/wp\/v2\/media?parent=25608"}],"wp:term":[{"taxonomy":"category","embeddable":true,"href":"https:\/\/coria.org\/ayuntamiento\/index.php\/wp-json\/wp\/v2\/categories?post=25608"},{"taxonomy":"post_tag","embeddable":true,"href":"https:\/\/coria.org\/ayuntamiento\/index.php\/wp-json\/wp\/v2\/tags?post=25608"}],"curies":[{"name":"wp","href":"https:\/\/api.w.org\/{rel}","templated":true}]}}