{"id":25593,"date":"2015-07-06T00:00:00","date_gmt":"2015-07-06T00:00:00","guid":{"rendered":"https:\/\/ayuntamiento.coriaenimagenes.com\/clacon-iii-festival-internacional-de-teatro-clasico\/"},"modified":"2023-09-18T12:38:57","modified_gmt":"2023-09-18T10:38:57","slug":"clacon-iii-festival-internacional-de-teatro-clasico","status":"publish","type":"post","link":"https:\/\/coria.org\/ayuntamiento\/index.php\/2015\/07\/06\/clacon-iii-festival-internacional-de-teatro-clasico\/","title":{"rendered":"CLACON, III Festival Internacional de Teatro Cl\u00e1sico"},"content":{"rendered":"\n<p><b>La ciudad de Coria acoger\u00e1 este festival del 16 al 19 de julio <\/b><\/p>\n\n<figure class=\"wp-block-post-featured-image\"><img loading=\"lazy\" decoding=\"async\" width=\"960\" height=\"539\" src=\"https:\/\/coria.org\/ayuntamiento\/wp-content\/uploads\/2015\/07\/foto-clacon-.jpg\" class=\"attachment-post-thumbnail size-post-thumbnail wp-post-image\" alt=\"\" style=\"object-fit:cover;\" srcset=\"https:\/\/coria.org\/ayuntamiento\/wp-content\/uploads\/2015\/07\/foto-clacon-.jpg 960w, https:\/\/coria.org\/ayuntamiento\/wp-content\/uploads\/2015\/07\/foto-clacon--300x168.jpg 300w, https:\/\/coria.org\/ayuntamiento\/wp-content\/uploads\/2015\/07\/foto-clacon--768x431.jpg 768w\" sizes=\"auto, (max-width: 960px) 100vw, 960px\" \/><\/figure>\n\n<p><span style=\"font-family: verdana,arial,helvetica,sans-serif;\">La ciudad de Coria enriquece su oferta cultural un verano m\u00e1s con el III Festival Internacional de Teatro \u00abClaCon\u00bb, que se celebrar\u00e1 en la localidad durante los d\u00edas 16 al 19 de julio, dentro del marco del Casco Hist\u00f3rico.<\/span><\/p>\n\n\n<p><span style=\"font-family: verdana,arial,helvetica,sans-serif;\">Durante la ma\u00f1ana de hoy se ha presentado en rueda de prensa el III Festival Internacional de Teatro en la localidad cauriense. El acto ha contado con la presencia del alcalde de Coria, Jos\u00e9 Manuel Garc\u00eda Ballestero, el concejal de Cultura, Antonio Hern\u00e1ndez, la concejal de Turismo, Almudena Domingo, y el director del Festival, Javier Uriarte, quien ha detallado la programaci\u00f3n del mismo.<\/span><\/p>\n\n\n<p><span style=\"font-family: verdana,arial,helvetica,sans-serif;\">Esta edici\u00f3n contar\u00e1 con representaciones teatrales, y pasacalles durante los cuatro d\u00edas ya que el primer objetivo de este tercer festival es atraer a todo tipo de p\u00fablico y que siga siendo un referente cultural a nivel local y regional. Este a\u00f1o adem\u00e1s contar\u00e1 con la novedad de un pasacalles que saldr\u00e1 desde la Plaza de San Pedro hasta la Catedral. Las tres obras restantes se representar\u00e1n en la Puerta del Perd\u00f3n de la Catedral cauriense.<\/span><\/p>\n\n\n<p><span style=\"font-family: verdana,arial,helvetica,sans-serif;\">El primer edil, Jos\u00e9 Manuel Garc\u00eda Ballestero, ha resaltado la gran tradici\u00f3n teatral que siempre ha habido en Coria y ha comentado que \u00abcon esta tercera edici\u00f3n queda m\u00e1s que consolidado este Festival de Teatro Cl\u00e1sico Contempor\u00e1neo, y lo han demostrado todas aquellas personas, tanto de Coria como todos aquellos que nos han visitado de que Coria tiene mucho arraigo en el mundo del teatro\u00bb. Del mismo modo, a\u00f1adi\u00f3 que con este Festival se aumenta la oferta cultural durante este verano en nuestra Ciudad.<\/span><\/p>\n\n\n<p><span style=\"font-family: verdana,arial,helvetica,sans-serif;\">El alcalde de Coria agradeci\u00f3 a Javier Uriarte y al grupo de personas que hacen posible este festival, mediante esta oferta tur\u00edstica y con el esfuerzo e ilusi\u00f3n que ponen. Por este motivo el Ayuntamiento y otras instituciones ofrecen todo su apoyo, puesto que este festival ser\u00e1 garant\u00eda de \u00e9xito un a\u00f1o m\u00e1s y que va a contar con un escenario de lujo como es el Casco Hist\u00f3rico y la Puerta del Perd\u00f3n de la Santa Iglesia Catedral.<\/span><\/p>\n\n\n<p><span style=\"font-family: verdana,arial,helvetica,sans-serif;\">Para finalizar, el director del Festival, Javier Uriarte, agradeci\u00f3 al equipo de gobierno del Ayuntamiento de Coria el apoyo y el que les facilite esta oportunidad para hacer posible su celebraci\u00f3n. Un festival, dijo, que tiene como finalidad el unir la parte cl\u00e1sica con la contempor\u00e1nea, destacando este a\u00f1o la presencia de compa\u00f1\u00edas de teatro extreme\u00f1as, todas ellas son de Extremadura, aunque algunos de sus actores provengan de otras zonas de Espa\u00f1a. Tambi\u00e9n quiso dar la bienvenida a Antonio Hern\u00e1ndez, nuevo concejal de Cultura y las gracias a Almudena Domingo, \u00abpor el trabajo realizado junto a nosotros durante estos tres a\u00f1os\u00bb.<\/span><\/p>\n\n\n<p><span style=\"font-family: verdana,arial,helvetica,sans-serif;\">El festival comenzar\u00e1 el jueves 16 con una actuaci\u00f3n de la Compa\u00f1\u00eda humorEAmore, que representar\u00e1 M.C Manco y de la Mancha a las 23:00 horas en la Puerta Principal de la Catedral.<\/span><\/p>\n\n\n<p><span style=\"font-family: verdana,arial,helvetica,sans-serif;\">El viernes 17 ser\u00e1 el Pasacalles a cargo de la compa\u00f1\u00eda Marmore llamado Desaf\u00edo en la Jungla, a las 22:00 horas con salida desde el Ayuntamiento. A continuaci\u00f3n, a las 23:00 horas la compa\u00f1\u00eda Teatro de Papel representar\u00e1 en la Puerta Principal de la Catedral Barat\u00e1ria.<\/span><\/p>\n\n\n<p><span style=\"font-family: verdana,arial,helvetica,sans-serif;\">El s\u00e1bado 18 a las 23:00 horas, de la mano de Z Teatro representar\u00e1n Workers 1929.<\/span><\/p>\n\n\n<p><span style=\"font-family: verdana,arial,helvetica,sans-serif;\">Para finalizar, el domingo a las 23:00 horas la compa\u00f1\u00eda Teatro Noct\u00e1mbulo representar\u00e1 la conocida obra titulada Edipo Rey que tambi\u00e9n se representar\u00e1 en el Festival de Teatro de M\u00e9rida durante este verano.<\/span><\/p>\n\n\n<p><span style=\"font-family: verdana,arial,helvetica,sans-serif;\">Las entradas se pueden adquirir de forma anticipada en: Restaurante Chito, C\u00e1rcel Real y Oficina de Turismo. Todas las funciones, menos el pasacalles, cuestan 8 euros. <\/span><\/p>\n\n\n<p><span style=\"font-family: verdana,arial,helvetica,sans-serif;\">Para m\u00e1s informaci\u00f3n visite la web oficial del Festival en: <a href=\"https:\/\/festivalclacon.wordpress.com\/\">https:\/\/festivalclacon.wordpress.com\/<\/a><\/span><\/p>\n\n\n<p><iframe loading=\"lazy\" src=\"https:\/\/www.youtube.com\/embed\/INpDH8Kt6j8\" width=\"640\" height=\"480\" frameborder=\"0\" allowfullscreen=\"allowfullscreen\"><\/iframe><\/p>\n","protected":false},"excerpt":{"rendered":"<p>La ciudad de Coria acoger\u00e1 este festival del 16 al 19 de julio La ciudad de Coria enriquece su oferta cultural un verano m\u00e1s con el III Festival Internacional de Teatro \u00abClaCon\u00bb, que se celebrar\u00e1 en la localidad durante los d\u00edas 16 al 19 de julio, dentro del marco del Casco Hist\u00f3rico. Durante la ma\u00f1ana [&hellip;]<\/p>\n","protected":false},"author":2,"featured_media":30461,"comment_status":"closed","ping_status":"closed","sticky":false,"template":"","format":"standard","meta":{"_uag_custom_page_level_css":"","footnotes":""},"categories":[2],"tags":[3,4],"class_list":["post-25593","post","type-post","status-publish","format-standard","has-post-thumbnail","hentry","category-noticias","tag-coria","tag-extremadura"],"yoast_head":"<!-- This site is optimized with the Yoast SEO plugin v27.4 - https:\/\/yoast.com\/product\/yoast-seo-wordpress\/ -->\n<title>CLACON, III Festival Internacional de Teatro Cl\u00e1sico - Ayuntamiento de Coria<\/title>\n<meta name=\"robots\" content=\"index, follow, max-snippet:-1, max-image-preview:large, max-video-preview:-1\" \/>\n<link rel=\"canonical\" href=\"https:\/\/coria.org\/ayuntamiento\/index.php\/2015\/07\/06\/clacon-iii-festival-internacional-de-teatro-clasico\/\" \/>\n<meta property=\"og:locale\" content=\"es_ES\" \/>\n<meta property=\"og:type\" content=\"article\" \/>\n<meta property=\"og:title\" content=\"CLACON, III Festival Internacional de Teatro Cl\u00e1sico - Ayuntamiento de Coria\" \/>\n<meta property=\"og:description\" content=\"La ciudad de Coria acoger\u00e1 este festival del 16 al 19 de julio La ciudad de Coria enriquece su oferta cultural un verano m\u00e1s con el III Festival Internacional de Teatro \u00abClaCon\u00bb, que se celebrar\u00e1 en la localidad durante los d\u00edas 16 al 19 de julio, dentro del marco del Casco Hist\u00f3rico. Durante la ma\u00f1ana [&hellip;]\" \/>\n<meta property=\"og:url\" content=\"https:\/\/coria.org\/ayuntamiento\/index.php\/2015\/07\/06\/clacon-iii-festival-internacional-de-teatro-clasico\/\" \/>\n<meta property=\"og:site_name\" content=\"Ayuntamiento de Coria\" \/>\n<meta property=\"article:publisher\" content=\"https:\/\/www.facebook.com\/Ayuntamiento.de.Coria\" \/>\n<meta property=\"article:published_time\" content=\"2015-07-06T00:00:00+00:00\" \/>\n<meta property=\"article:modified_time\" content=\"2023-09-18T10:38:57+00:00\" \/>\n<meta property=\"og:image\" content=\"https:\/\/coria.org\/ayuntamiento\/wp-content\/uploads\/2015\/07\/foto-clacon-.jpg\" \/>\n\t<meta property=\"og:image:width\" content=\"960\" \/>\n\t<meta property=\"og:image:height\" content=\"539\" \/>\n\t<meta property=\"og:image:type\" content=\"image\/jpeg\" \/>\n<meta name=\"author\" content=\"ayuntamiento\" \/>\n<meta name=\"twitter:card\" content=\"summary_large_image\" \/>\n<meta name=\"twitter:creator\" content=\"@Ayto_de_Coria\" \/>\n<meta name=\"twitter:site\" content=\"@Ayto_de_Coria\" \/>\n<meta name=\"twitter:label1\" content=\"Escrito por\" \/>\n\t<meta name=\"twitter:data1\" content=\"ayuntamiento\" \/>\n\t<meta name=\"twitter:label2\" content=\"Tiempo de lectura\" \/>\n\t<meta name=\"twitter:data2\" content=\"3 minutos\" \/>\n<script type=\"application\/ld+json\" class=\"yoast-schema-graph\">{\"@context\":\"https:\\\/\\\/schema.org\",\"@graph\":[{\"@type\":\"Article\",\"@id\":\"https:\\\/\\\/coria.org\\\/ayuntamiento\\\/index.php\\\/2015\\\/07\\\/06\\\/clacon-iii-festival-internacional-de-teatro-clasico\\\/#article\",\"isPartOf\":{\"@id\":\"https:\\\/\\\/coria.org\\\/ayuntamiento\\\/index.php\\\/2015\\\/07\\\/06\\\/clacon-iii-festival-internacional-de-teatro-clasico\\\/\"},\"author\":{\"name\":\"ayuntamiento\",\"@id\":\"https:\\\/\\\/coria.org\\\/ayuntamiento\\\/#\\\/schema\\\/person\\\/8bd589f0e13e8ae5aa06def7a599d622\"},\"headline\":\"CLACON, III Festival Internacional de Teatro Cl\u00e1sico\",\"datePublished\":\"2015-07-06T00:00:00+00:00\",\"dateModified\":\"2023-09-18T10:38:57+00:00\",\"mainEntityOfPage\":{\"@id\":\"https:\\\/\\\/coria.org\\\/ayuntamiento\\\/index.php\\\/2015\\\/07\\\/06\\\/clacon-iii-festival-internacional-de-teatro-clasico\\\/\"},\"wordCount\":670,\"publisher\":{\"@id\":\"https:\\\/\\\/coria.org\\\/ayuntamiento\\\/#organization\"},\"image\":{\"@id\":\"https:\\\/\\\/coria.org\\\/ayuntamiento\\\/index.php\\\/2015\\\/07\\\/06\\\/clacon-iii-festival-internacional-de-teatro-clasico\\\/#primaryimage\"},\"thumbnailUrl\":\"https:\\\/\\\/coria.org\\\/ayuntamiento\\\/wp-content\\\/uploads\\\/2015\\\/07\\\/foto-clacon-.jpg\",\"keywords\":[\"coria\",\"extremadura\"],\"articleSection\":[\"Noticias\"],\"inLanguage\":\"es\"},{\"@type\":\"WebPage\",\"@id\":\"https:\\\/\\\/coria.org\\\/ayuntamiento\\\/index.php\\\/2015\\\/07\\\/06\\\/clacon-iii-festival-internacional-de-teatro-clasico\\\/\",\"url\":\"https:\\\/\\\/coria.org\\\/ayuntamiento\\\/index.php\\\/2015\\\/07\\\/06\\\/clacon-iii-festival-internacional-de-teatro-clasico\\\/\",\"name\":\"CLACON, III Festival Internacional de Teatro Cl\u00e1sico - Ayuntamiento de Coria\",\"isPartOf\":{\"@id\":\"https:\\\/\\\/coria.org\\\/ayuntamiento\\\/#website\"},\"primaryImageOfPage\":{\"@id\":\"https:\\\/\\\/coria.org\\\/ayuntamiento\\\/index.php\\\/2015\\\/07\\\/06\\\/clacon-iii-festival-internacional-de-teatro-clasico\\\/#primaryimage\"},\"image\":{\"@id\":\"https:\\\/\\\/coria.org\\\/ayuntamiento\\\/index.php\\\/2015\\\/07\\\/06\\\/clacon-iii-festival-internacional-de-teatro-clasico\\\/#primaryimage\"},\"thumbnailUrl\":\"https:\\\/\\\/coria.org\\\/ayuntamiento\\\/wp-content\\\/uploads\\\/2015\\\/07\\\/foto-clacon-.jpg\",\"datePublished\":\"2015-07-06T00:00:00+00:00\",\"dateModified\":\"2023-09-18T10:38:57+00:00\",\"breadcrumb\":{\"@id\":\"https:\\\/\\\/coria.org\\\/ayuntamiento\\\/index.php\\\/2015\\\/07\\\/06\\\/clacon-iii-festival-internacional-de-teatro-clasico\\\/#breadcrumb\"},\"inLanguage\":\"es\",\"potentialAction\":[{\"@type\":\"ReadAction\",\"target\":[\"https:\\\/\\\/coria.org\\\/ayuntamiento\\\/index.php\\\/2015\\\/07\\\/06\\\/clacon-iii-festival-internacional-de-teatro-clasico\\\/\"]}]},{\"@type\":\"ImageObject\",\"inLanguage\":\"es\",\"@id\":\"https:\\\/\\\/coria.org\\\/ayuntamiento\\\/index.php\\\/2015\\\/07\\\/06\\\/clacon-iii-festival-internacional-de-teatro-clasico\\\/#primaryimage\",\"url\":\"https:\\\/\\\/coria.org\\\/ayuntamiento\\\/wp-content\\\/uploads\\\/2015\\\/07\\\/foto-clacon-.jpg\",\"contentUrl\":\"https:\\\/\\\/coria.org\\\/ayuntamiento\\\/wp-content\\\/uploads\\\/2015\\\/07\\\/foto-clacon-.jpg\",\"width\":960,\"height\":539},{\"@type\":\"BreadcrumbList\",\"@id\":\"https:\\\/\\\/coria.org\\\/ayuntamiento\\\/index.php\\\/2015\\\/07\\\/06\\\/clacon-iii-festival-internacional-de-teatro-clasico\\\/#breadcrumb\",\"itemListElement\":[{\"@type\":\"ListItem\",\"position\":1,\"name\":\"Inicio\",\"item\":\"https:\\\/\\\/coria.org\\\/ayuntamiento\\\/\"},{\"@type\":\"ListItem\",\"position\":2,\"name\":\"CLACON, III Festival Internacional de Teatro Cl\u00e1sico\"}]},{\"@type\":\"WebSite\",\"@id\":\"https:\\\/\\\/coria.org\\\/ayuntamiento\\\/#website\",\"url\":\"https:\\\/\\\/coria.org\\\/ayuntamiento\\\/\",\"name\":\"Ayuntamiento de Coria\",\"description\":\"Web oficial del Ayuntamiento de Coria\",\"publisher\":{\"@id\":\"https:\\\/\\\/coria.org\\\/ayuntamiento\\\/#organization\"},\"alternateName\":\"Web Oficial del Ayuntamiento de Coria\",\"potentialAction\":[{\"@type\":\"SearchAction\",\"target\":{\"@type\":\"EntryPoint\",\"urlTemplate\":\"https:\\\/\\\/coria.org\\\/ayuntamiento\\\/?s={search_term_string}\"},\"query-input\":{\"@type\":\"PropertyValueSpecification\",\"valueRequired\":true,\"valueName\":\"search_term_string\"}}],\"inLanguage\":\"es\"},{\"@type\":\"Organization\",\"@id\":\"https:\\\/\\\/coria.org\\\/ayuntamiento\\\/#organization\",\"name\":\"Ayuntamiento de Coria\",\"alternateName\":\"Ayto de Coria\",\"url\":\"https:\\\/\\\/coria.org\\\/ayuntamiento\\\/\",\"logo\":{\"@type\":\"ImageObject\",\"inLanguage\":\"es\",\"@id\":\"https:\\\/\\\/coria.org\\\/ayuntamiento\\\/#\\\/schema\\\/logo\\\/image\\\/\",\"url\":\"https:\\\/\\\/coria.org\\\/ayuntamiento\\\/wp-content\\\/uploads\\\/2020\\\/12\\\/escudo-ayuntamiento-coria.png\",\"contentUrl\":\"https:\\\/\\\/coria.org\\\/ayuntamiento\\\/wp-content\\\/uploads\\\/2020\\\/12\\\/escudo-ayuntamiento-coria.png\",\"width\":511,\"height\":240,\"caption\":\"Ayuntamiento de Coria\"},\"image\":{\"@id\":\"https:\\\/\\\/coria.org\\\/ayuntamiento\\\/#\\\/schema\\\/logo\\\/image\\\/\"},\"sameAs\":[\"https:\\\/\\\/www.facebook.com\\\/Ayuntamiento.de.Coria\",\"https:\\\/\\\/x.com\\\/Ayto_de_Coria\",\"https:\\\/\\\/www.instagram.com\\\/coria.ayuntamiento\\\/\",\"https:\\\/\\\/www.youtube.com\\\/user\\\/AYUNTAMIENTOCORIA\"]},{\"@type\":\"Person\",\"@id\":\"https:\\\/\\\/coria.org\\\/ayuntamiento\\\/#\\\/schema\\\/person\\\/8bd589f0e13e8ae5aa06def7a599d622\",\"name\":\"ayuntamiento\",\"image\":{\"@type\":\"ImageObject\",\"inLanguage\":\"es\",\"@id\":\"https:\\\/\\\/secure.gravatar.com\\\/avatar\\\/966e5ed73cad334adda5c87f49f2547f7082f7292c1b627cbb548744383b391c?s=96&d=mm&r=g\",\"url\":\"https:\\\/\\\/secure.gravatar.com\\\/avatar\\\/966e5ed73cad334adda5c87f49f2547f7082f7292c1b627cbb548744383b391c?s=96&d=mm&r=g\",\"contentUrl\":\"https:\\\/\\\/secure.gravatar.com\\\/avatar\\\/966e5ed73cad334adda5c87f49f2547f7082f7292c1b627cbb548744383b391c?s=96&d=mm&r=g\",\"caption\":\"ayuntamiento\"}}]}<\/script>\n<!-- \/ Yoast SEO plugin. -->","yoast_head_json":{"title":"CLACON, III Festival Internacional de Teatro Cl\u00e1sico - Ayuntamiento de Coria","robots":{"index":"index","follow":"follow","max-snippet":"max-snippet:-1","max-image-preview":"max-image-preview:large","max-video-preview":"max-video-preview:-1"},"canonical":"https:\/\/coria.org\/ayuntamiento\/index.php\/2015\/07\/06\/clacon-iii-festival-internacional-de-teatro-clasico\/","og_locale":"es_ES","og_type":"article","og_title":"CLACON, III Festival Internacional de Teatro Cl\u00e1sico - Ayuntamiento de Coria","og_description":"La ciudad de Coria acoger\u00e1 este festival del 16 al 19 de julio La ciudad de Coria enriquece su oferta cultural un verano m\u00e1s con el III Festival Internacional de Teatro \u00abClaCon\u00bb, que se celebrar\u00e1 en la localidad durante los d\u00edas 16 al 19 de julio, dentro del marco del Casco Hist\u00f3rico. Durante la ma\u00f1ana [&hellip;]","og_url":"https:\/\/coria.org\/ayuntamiento\/index.php\/2015\/07\/06\/clacon-iii-festival-internacional-de-teatro-clasico\/","og_site_name":"Ayuntamiento de Coria","article_publisher":"https:\/\/www.facebook.com\/Ayuntamiento.de.Coria","article_published_time":"2015-07-06T00:00:00+00:00","article_modified_time":"2023-09-18T10:38:57+00:00","og_image":[{"width":960,"height":539,"url":"https:\/\/coria.org\/ayuntamiento\/wp-content\/uploads\/2015\/07\/foto-clacon-.jpg","type":"image\/jpeg"}],"author":"ayuntamiento","twitter_card":"summary_large_image","twitter_creator":"@Ayto_de_Coria","twitter_site":"@Ayto_de_Coria","twitter_misc":{"Escrito por":"ayuntamiento","Tiempo de lectura":"3 minutos"},"schema":{"@context":"https:\/\/schema.org","@graph":[{"@type":"Article","@id":"https:\/\/coria.org\/ayuntamiento\/index.php\/2015\/07\/06\/clacon-iii-festival-internacional-de-teatro-clasico\/#article","isPartOf":{"@id":"https:\/\/coria.org\/ayuntamiento\/index.php\/2015\/07\/06\/clacon-iii-festival-internacional-de-teatro-clasico\/"},"author":{"name":"ayuntamiento","@id":"https:\/\/coria.org\/ayuntamiento\/#\/schema\/person\/8bd589f0e13e8ae5aa06def7a599d622"},"headline":"CLACON, III Festival Internacional de Teatro Cl\u00e1sico","datePublished":"2015-07-06T00:00:00+00:00","dateModified":"2023-09-18T10:38:57+00:00","mainEntityOfPage":{"@id":"https:\/\/coria.org\/ayuntamiento\/index.php\/2015\/07\/06\/clacon-iii-festival-internacional-de-teatro-clasico\/"},"wordCount":670,"publisher":{"@id":"https:\/\/coria.org\/ayuntamiento\/#organization"},"image":{"@id":"https:\/\/coria.org\/ayuntamiento\/index.php\/2015\/07\/06\/clacon-iii-festival-internacional-de-teatro-clasico\/#primaryimage"},"thumbnailUrl":"https:\/\/coria.org\/ayuntamiento\/wp-content\/uploads\/2015\/07\/foto-clacon-.jpg","keywords":["coria","extremadura"],"articleSection":["Noticias"],"inLanguage":"es"},{"@type":"WebPage","@id":"https:\/\/coria.org\/ayuntamiento\/index.php\/2015\/07\/06\/clacon-iii-festival-internacional-de-teatro-clasico\/","url":"https:\/\/coria.org\/ayuntamiento\/index.php\/2015\/07\/06\/clacon-iii-festival-internacional-de-teatro-clasico\/","name":"CLACON, III Festival Internacional de Teatro Cl\u00e1sico - Ayuntamiento de Coria","isPartOf":{"@id":"https:\/\/coria.org\/ayuntamiento\/#website"},"primaryImageOfPage":{"@id":"https:\/\/coria.org\/ayuntamiento\/index.php\/2015\/07\/06\/clacon-iii-festival-internacional-de-teatro-clasico\/#primaryimage"},"image":{"@id":"https:\/\/coria.org\/ayuntamiento\/index.php\/2015\/07\/06\/clacon-iii-festival-internacional-de-teatro-clasico\/#primaryimage"},"thumbnailUrl":"https:\/\/coria.org\/ayuntamiento\/wp-content\/uploads\/2015\/07\/foto-clacon-.jpg","datePublished":"2015-07-06T00:00:00+00:00","dateModified":"2023-09-18T10:38:57+00:00","breadcrumb":{"@id":"https:\/\/coria.org\/ayuntamiento\/index.php\/2015\/07\/06\/clacon-iii-festival-internacional-de-teatro-clasico\/#breadcrumb"},"inLanguage":"es","potentialAction":[{"@type":"ReadAction","target":["https:\/\/coria.org\/ayuntamiento\/index.php\/2015\/07\/06\/clacon-iii-festival-internacional-de-teatro-clasico\/"]}]},{"@type":"ImageObject","inLanguage":"es","@id":"https:\/\/coria.org\/ayuntamiento\/index.php\/2015\/07\/06\/clacon-iii-festival-internacional-de-teatro-clasico\/#primaryimage","url":"https:\/\/coria.org\/ayuntamiento\/wp-content\/uploads\/2015\/07\/foto-clacon-.jpg","contentUrl":"https:\/\/coria.org\/ayuntamiento\/wp-content\/uploads\/2015\/07\/foto-clacon-.jpg","width":960,"height":539},{"@type":"BreadcrumbList","@id":"https:\/\/coria.org\/ayuntamiento\/index.php\/2015\/07\/06\/clacon-iii-festival-internacional-de-teatro-clasico\/#breadcrumb","itemListElement":[{"@type":"ListItem","position":1,"name":"Inicio","item":"https:\/\/coria.org\/ayuntamiento\/"},{"@type":"ListItem","position":2,"name":"CLACON, III Festival Internacional de Teatro Cl\u00e1sico"}]},{"@type":"WebSite","@id":"https:\/\/coria.org\/ayuntamiento\/#website","url":"https:\/\/coria.org\/ayuntamiento\/","name":"Ayuntamiento de Coria","description":"Web oficial del Ayuntamiento de Coria","publisher":{"@id":"https:\/\/coria.org\/ayuntamiento\/#organization"},"alternateName":"Web Oficial del Ayuntamiento de Coria","potentialAction":[{"@type":"SearchAction","target":{"@type":"EntryPoint","urlTemplate":"https:\/\/coria.org\/ayuntamiento\/?s={search_term_string}"},"query-input":{"@type":"PropertyValueSpecification","valueRequired":true,"valueName":"search_term_string"}}],"inLanguage":"es"},{"@type":"Organization","@id":"https:\/\/coria.org\/ayuntamiento\/#organization","name":"Ayuntamiento de Coria","alternateName":"Ayto de Coria","url":"https:\/\/coria.org\/ayuntamiento\/","logo":{"@type":"ImageObject","inLanguage":"es","@id":"https:\/\/coria.org\/ayuntamiento\/#\/schema\/logo\/image\/","url":"https:\/\/coria.org\/ayuntamiento\/wp-content\/uploads\/2020\/12\/escudo-ayuntamiento-coria.png","contentUrl":"https:\/\/coria.org\/ayuntamiento\/wp-content\/uploads\/2020\/12\/escudo-ayuntamiento-coria.png","width":511,"height":240,"caption":"Ayuntamiento de Coria"},"image":{"@id":"https:\/\/coria.org\/ayuntamiento\/#\/schema\/logo\/image\/"},"sameAs":["https:\/\/www.facebook.com\/Ayuntamiento.de.Coria","https:\/\/x.com\/Ayto_de_Coria","https:\/\/www.instagram.com\/coria.ayuntamiento\/","https:\/\/www.youtube.com\/user\/AYUNTAMIENTOCORIA"]},{"@type":"Person","@id":"https:\/\/coria.org\/ayuntamiento\/#\/schema\/person\/8bd589f0e13e8ae5aa06def7a599d622","name":"ayuntamiento","image":{"@type":"ImageObject","inLanguage":"es","@id":"https:\/\/secure.gravatar.com\/avatar\/966e5ed73cad334adda5c87f49f2547f7082f7292c1b627cbb548744383b391c?s=96&d=mm&r=g","url":"https:\/\/secure.gravatar.com\/avatar\/966e5ed73cad334adda5c87f49f2547f7082f7292c1b627cbb548744383b391c?s=96&d=mm&r=g","contentUrl":"https:\/\/secure.gravatar.com\/avatar\/966e5ed73cad334adda5c87f49f2547f7082f7292c1b627cbb548744383b391c?s=96&d=mm&r=g","caption":"ayuntamiento"}}]}},"uagb_featured_image_src":{"full":["https:\/\/coria.org\/ayuntamiento\/wp-content\/uploads\/2015\/07\/foto-clacon-.jpg",960,539,false],"thumbnail":["https:\/\/coria.org\/ayuntamiento\/wp-content\/uploads\/2015\/07\/foto-clacon--150x150.jpg",150,150,true],"medium":["https:\/\/coria.org\/ayuntamiento\/wp-content\/uploads\/2015\/07\/foto-clacon--300x168.jpg",300,168,true],"medium_large":["https:\/\/coria.org\/ayuntamiento\/wp-content\/uploads\/2015\/07\/foto-clacon--768x431.jpg",768,431,true],"large":["https:\/\/coria.org\/ayuntamiento\/wp-content\/uploads\/2015\/07\/foto-clacon-.jpg",960,539,false],"thumblist":["https:\/\/coria.org\/ayuntamiento\/wp-content\/uploads\/2015\/07\/foto-clacon-.jpg",300,168,false],"thumbrelated":["https:\/\/coria.org\/ayuntamiento\/wp-content\/uploads\/2015\/07\/foto-clacon-.jpg",500,281,false],"meccarouselthumb":["https:\/\/coria.org\/ayuntamiento\/wp-content\/uploads\/2015\/07\/foto-clacon-.jpg",474,266,false],"gridsquare":["https:\/\/coria.org\/ayuntamiento\/wp-content\/uploads\/2015\/07\/foto-clacon-.jpg",391,220,false],"tileview":["https:\/\/coria.org\/ayuntamiento\/wp-content\/uploads\/2015\/07\/foto-clacon-.jpg",300,168,false],"1536x1536":["https:\/\/coria.org\/ayuntamiento\/wp-content\/uploads\/2015\/07\/foto-clacon-.jpg",960,539,false],"2048x2048":["https:\/\/coria.org\/ayuntamiento\/wp-content\/uploads\/2015\/07\/foto-clacon-.jpg",960,539,false]},"uagb_author_info":{"display_name":"ayuntamiento","author_link":"https:\/\/coria.org\/ayuntamiento\/index.php\/author\/ayuntamiento\/"},"uagb_comment_info":0,"uagb_excerpt":"La ciudad de Coria acoger\u00e1 este festival del 16 al 19 de julio La ciudad de Coria enriquece su oferta cultural un verano m\u00e1s con el III Festival Internacional de Teatro \u00abClaCon\u00bb, que se celebrar\u00e1 en la localidad durante los d\u00edas 16 al 19 de julio, dentro del marco del Casco Hist\u00f3rico. Durante la ma\u00f1ana&hellip;","_links":{"self":[{"href":"https:\/\/coria.org\/ayuntamiento\/index.php\/wp-json\/wp\/v2\/posts\/25593","targetHints":{"allow":["GET"]}}],"collection":[{"href":"https:\/\/coria.org\/ayuntamiento\/index.php\/wp-json\/wp\/v2\/posts"}],"about":[{"href":"https:\/\/coria.org\/ayuntamiento\/index.php\/wp-json\/wp\/v2\/types\/post"}],"author":[{"embeddable":true,"href":"https:\/\/coria.org\/ayuntamiento\/index.php\/wp-json\/wp\/v2\/users\/2"}],"replies":[{"embeddable":true,"href":"https:\/\/coria.org\/ayuntamiento\/index.php\/wp-json\/wp\/v2\/comments?post=25593"}],"version-history":[{"count":0,"href":"https:\/\/coria.org\/ayuntamiento\/index.php\/wp-json\/wp\/v2\/posts\/25593\/revisions"}],"wp:featuredmedia":[{"embeddable":true,"href":"https:\/\/coria.org\/ayuntamiento\/index.php\/wp-json\/wp\/v2\/media\/30461"}],"wp:attachment":[{"href":"https:\/\/coria.org\/ayuntamiento\/index.php\/wp-json\/wp\/v2\/media?parent=25593"}],"wp:term":[{"taxonomy":"category","embeddable":true,"href":"https:\/\/coria.org\/ayuntamiento\/index.php\/wp-json\/wp\/v2\/categories?post=25593"},{"taxonomy":"post_tag","embeddable":true,"href":"https:\/\/coria.org\/ayuntamiento\/index.php\/wp-json\/wp\/v2\/tags?post=25593"}],"curies":[{"name":"wp","href":"https:\/\/api.w.org\/{rel}","templated":true}]}}