{"id":25579,"date":"2015-07-28T00:00:00","date_gmt":"2015-07-28T00:00:00","guid":{"rendered":"https:\/\/ayuntamiento.coriaenimagenes.com\/las-obras-de-remodelacion-de-la-avenida-sierra-de-gata-continuan-a-buen-ritmo\/"},"modified":"2023-09-18T12:38:56","modified_gmt":"2023-09-18T10:38:56","slug":"las-obras-de-remodelacion-de-la-avenida-sierra-de-gata-continuan-a-buen-ritmo","status":"publish","type":"post","link":"https:\/\/coria.org\/ayuntamiento\/index.php\/2015\/07\/28\/las-obras-de-remodelacion-de-la-avenida-sierra-de-gata-continuan-a-buen-ritmo\/","title":{"rendered":"Las obras de remodelaci\u00f3n de la Avenida Sierra de Gata contin\u00faan a buen ritmo"},"content":{"rendered":"\n<p><b>Las obras de remodelaci\u00f3n de la Avenida principal de Coria comenzaron durante el mes de mayo, arreglando y modificando la calle Carretas, continuando por la modificaci\u00f3n y adecentamiento del acerado de la Avenida Sierra de Gata, en el que se procedi\u00f3 al levantamiento y posicionamiento de nuevo adoquinado de toda la acera, desde la esquina de \u00abel carterino\u00bb hasta la antigua carretera de Montehermoso, poniendo nuevas baldosas y modificando esa zona, ya que el acerado a la altura del chalet de Villa Teresa se ha modificado, desapareciendo la parte junto a la carretera, en la que se ha ampliado la zona ajardinada y renovado y adecentado la acera.<\/b><\/p>\n\n<figure class=\"wp-block-post-featured-image\"><img loading=\"lazy\" decoding=\"async\" width=\"2560\" height=\"1707\" src=\"https:\/\/coria.org\/ayuntamiento\/wp-content\/uploads\/2015\/07\/IMG_7955-scaled.jpg\" class=\"attachment-post-thumbnail size-post-thumbnail wp-post-image\" alt=\"\" style=\"object-fit:cover;\" srcset=\"https:\/\/coria.org\/ayuntamiento\/wp-content\/uploads\/2015\/07\/IMG_7955-scaled.jpg 2560w, https:\/\/coria.org\/ayuntamiento\/wp-content\/uploads\/2015\/07\/IMG_7955-300x200.jpg 300w, https:\/\/coria.org\/ayuntamiento\/wp-content\/uploads\/2015\/07\/IMG_7955-1024x683.jpg 1024w, https:\/\/coria.org\/ayuntamiento\/wp-content\/uploads\/2015\/07\/IMG_7955-768x512.jpg 768w, https:\/\/coria.org\/ayuntamiento\/wp-content\/uploads\/2015\/07\/IMG_7955-1536x1024.jpg 1536w, https:\/\/coria.org\/ayuntamiento\/wp-content\/uploads\/2015\/07\/IMG_7955-2048x1365.jpg 2048w, https:\/\/coria.org\/ayuntamiento\/wp-content\/uploads\/2015\/07\/IMG_7955-1200x800.jpg 1200w\" sizes=\"auto, (max-width: 2560px) 100vw, 2560px\" \/><\/figure>\n\n<p><span style=\"font-family: verdana,arial,helvetica,sans-serif;\">Ahora mismo se encuentran trabajando en la Avenida, junto a la carretera de Montehermoso, frente a los establecimientos de Piccolo Modas y Modas Aurelio, en los cuales ya han cambiado y ampliado el acerado y en estos momentos se disponen a proceder con la creaci\u00f3n de, aproximadamente, unos 22 o 23 aparcamientos y posterior creaci\u00f3n de la rontonda que va en esa parte de la Avenida, la cual es la m\u00e1s grande de las tres a construir, con una dimensi\u00f3n de 14 metros de di\u00e1metro.<br \/>Las obras continuaran ejecut\u00e1ndose durante todo el verano, sin pausa, ya que el plazo estimado de esta ejecuci\u00f3n es de 6 meses desde el comienzo de las mismas.<\/span><\/p>\n\n\n<p>Cabe recordar que las obras se sacaron a licitaci\u00f3n a principios de a\u00f1o, con lo que se ha constituido, dijo, una UTE entre las empresas Andiajoa y V\u00edctor Mart\u00edn Hern\u00e1ndez, ya que presentaron la oferta m\u00e1s ventajosa con unas mejoras que ascend\u00edan a 158.238,85 euros.<\/p>\n\n\n<p>Recuerda Garc\u00eda Ballestero, Alcalde de Coria, que el contrato tiene como objetivo la ejecuci\u00f3n de las obras de reforma de la avenida Sierra de Gata (Ex-109) saliendo a licitaci\u00f3n con un presupuesto de 777.638,63 euros, IVA incluido.<\/p>\n\n\n<p>En este sentido, dijo el primer edil, el Ayuntamiento adjudic\u00f3 la obra a la mejor oferta econ\u00f3mica presentada, que fue Andiajoa, cuyas actuaciones est\u00e1n destinadas a adecentar y remodelar el tramo que va desde lo que se conoce como \u00abEl Carterino\u00bb, hasta la avenida de Monse\u00f1or Riveri, con la creaci\u00f3n de tres rotondas para dar m\u00e1s fluidez al tr\u00e1fico.<\/p>\n\n\n<p>Se pretende, dijo Garc\u00eda Ballestero, hacer m\u00e1s fluida la circulaci\u00f3n en esta zona, eliminando las carencias actuales.<\/p>\n\n\n<p>La realizaci\u00f3n de estas obras esta siendo posible tras la cesi\u00f3n de este tramo al Ayuntamiento de Coria, ya que pertenec\u00eda a la Red de Carreteras del Gobierno de Extremadura, y que ha sido cedido por la Consejer\u00eda de Fomento, junto con el Puente de Hierro, para ser propiedad del Ayuntamiento.<\/p>\n\n\n<p><span style=\"font-family: verdana,arial,helvetica,sans-serif;\">Finaliz\u00f3 Garc\u00eda Ballestero diciendo que se trata de una obra muy importante que afecta a la arteria principal de la ciudad, una obra que debi\u00f3 hacerse ya hace mucho tiempo y vuelve a pedir disculpas a los ciudadanos por las molestias que estas obras puedan estar ocasionando.<\/span><\/p>\n","protected":false},"excerpt":{"rendered":"<p>Las obras de remodelaci\u00f3n de la Avenida principal de Coria comenzaron durante el mes de mayo, arreglando y modificando la calle Carretas, continuando por la modificaci\u00f3n y adecentamiento del acerado de la Avenida Sierra de Gata, en el que se procedi\u00f3 al levantamiento y posicionamiento de nuevo adoquinado de toda la acera, desde la esquina [&hellip;]<\/p>\n","protected":false},"author":2,"featured_media":30436,"comment_status":"closed","ping_status":"closed","sticky":false,"template":"","format":"standard","meta":{"_uag_custom_page_level_css":"","footnotes":""},"categories":[2],"tags":[3,4],"class_list":["post-25579","post","type-post","status-publish","format-standard","has-post-thumbnail","hentry","category-noticias","tag-coria","tag-extremadura"],"yoast_head":"<!-- This site is optimized with the Yoast SEO plugin v27.4 - https:\/\/yoast.com\/product\/yoast-seo-wordpress\/ -->\n<title>Las obras de remodelaci\u00f3n de la Avenida Sierra de Gata contin\u00faan a buen ritmo - Ayuntamiento de Coria<\/title>\n<meta name=\"robots\" content=\"index, follow, max-snippet:-1, max-image-preview:large, max-video-preview:-1\" \/>\n<link rel=\"canonical\" href=\"https:\/\/coria.org\/ayuntamiento\/index.php\/2015\/07\/28\/las-obras-de-remodelacion-de-la-avenida-sierra-de-gata-continuan-a-buen-ritmo\/\" \/>\n<meta property=\"og:locale\" content=\"es_ES\" \/>\n<meta property=\"og:type\" content=\"article\" \/>\n<meta property=\"og:title\" content=\"Las obras de remodelaci\u00f3n de la Avenida Sierra de Gata contin\u00faan a buen ritmo - Ayuntamiento de Coria\" \/>\n<meta property=\"og:description\" content=\"Las obras de remodelaci\u00f3n de la Avenida principal de Coria comenzaron durante el mes de mayo, arreglando y modificando la calle Carretas, continuando por la modificaci\u00f3n y adecentamiento del acerado de la Avenida Sierra de Gata, en el que se procedi\u00f3 al levantamiento y posicionamiento de nuevo adoquinado de toda la acera, desde la esquina [&hellip;]\" \/>\n<meta property=\"og:url\" content=\"https:\/\/coria.org\/ayuntamiento\/index.php\/2015\/07\/28\/las-obras-de-remodelacion-de-la-avenida-sierra-de-gata-continuan-a-buen-ritmo\/\" \/>\n<meta property=\"og:site_name\" content=\"Ayuntamiento de Coria\" \/>\n<meta property=\"article:publisher\" content=\"https:\/\/www.facebook.com\/Ayuntamiento.de.Coria\" \/>\n<meta property=\"article:published_time\" content=\"2015-07-28T00:00:00+00:00\" \/>\n<meta property=\"article:modified_time\" content=\"2023-09-18T10:38:56+00:00\" \/>\n<meta property=\"og:image\" content=\"https:\/\/coria.org\/ayuntamiento\/wp-content\/uploads\/2015\/07\/IMG_7955-scaled.jpg\" \/>\n\t<meta property=\"og:image:width\" content=\"2560\" \/>\n\t<meta property=\"og:image:height\" content=\"1707\" \/>\n\t<meta property=\"og:image:type\" content=\"image\/jpeg\" \/>\n<meta name=\"author\" content=\"ayuntamiento\" \/>\n<meta name=\"twitter:card\" content=\"summary_large_image\" \/>\n<meta name=\"twitter:creator\" content=\"@Ayto_de_Coria\" \/>\n<meta name=\"twitter:site\" content=\"@Ayto_de_Coria\" \/>\n<meta name=\"twitter:label1\" content=\"Escrito por\" \/>\n\t<meta name=\"twitter:data1\" content=\"ayuntamiento\" \/>\n\t<meta name=\"twitter:label2\" content=\"Tiempo de lectura\" \/>\n\t<meta name=\"twitter:data2\" content=\"3 minutos\" \/>\n<script type=\"application\/ld+json\" class=\"yoast-schema-graph\">{\"@context\":\"https:\\\/\\\/schema.org\",\"@graph\":[{\"@type\":\"Article\",\"@id\":\"https:\\\/\\\/coria.org\\\/ayuntamiento\\\/index.php\\\/2015\\\/07\\\/28\\\/las-obras-de-remodelacion-de-la-avenida-sierra-de-gata-continuan-a-buen-ritmo\\\/#article\",\"isPartOf\":{\"@id\":\"https:\\\/\\\/coria.org\\\/ayuntamiento\\\/index.php\\\/2015\\\/07\\\/28\\\/las-obras-de-remodelacion-de-la-avenida-sierra-de-gata-continuan-a-buen-ritmo\\\/\"},\"author\":{\"name\":\"ayuntamiento\",\"@id\":\"https:\\\/\\\/coria.org\\\/ayuntamiento\\\/#\\\/schema\\\/person\\\/8bd589f0e13e8ae5aa06def7a599d622\"},\"headline\":\"Las obras de remodelaci\u00f3n de la Avenida Sierra de Gata contin\u00faan a buen ritmo\",\"datePublished\":\"2015-07-28T00:00:00+00:00\",\"dateModified\":\"2023-09-18T10:38:56+00:00\",\"mainEntityOfPage\":{\"@id\":\"https:\\\/\\\/coria.org\\\/ayuntamiento\\\/index.php\\\/2015\\\/07\\\/28\\\/las-obras-de-remodelacion-de-la-avenida-sierra-de-gata-continuan-a-buen-ritmo\\\/\"},\"wordCount\":520,\"publisher\":{\"@id\":\"https:\\\/\\\/coria.org\\\/ayuntamiento\\\/#organization\"},\"image\":{\"@id\":\"https:\\\/\\\/coria.org\\\/ayuntamiento\\\/index.php\\\/2015\\\/07\\\/28\\\/las-obras-de-remodelacion-de-la-avenida-sierra-de-gata-continuan-a-buen-ritmo\\\/#primaryimage\"},\"thumbnailUrl\":\"https:\\\/\\\/coria.org\\\/ayuntamiento\\\/wp-content\\\/uploads\\\/2015\\\/07\\\/IMG_7955-scaled.jpg\",\"keywords\":[\"coria\",\"extremadura\"],\"articleSection\":[\"Noticias\"],\"inLanguage\":\"es\"},{\"@type\":\"WebPage\",\"@id\":\"https:\\\/\\\/coria.org\\\/ayuntamiento\\\/index.php\\\/2015\\\/07\\\/28\\\/las-obras-de-remodelacion-de-la-avenida-sierra-de-gata-continuan-a-buen-ritmo\\\/\",\"url\":\"https:\\\/\\\/coria.org\\\/ayuntamiento\\\/index.php\\\/2015\\\/07\\\/28\\\/las-obras-de-remodelacion-de-la-avenida-sierra-de-gata-continuan-a-buen-ritmo\\\/\",\"name\":\"Las obras de remodelaci\u00f3n de la Avenida Sierra de Gata contin\u00faan a buen ritmo - Ayuntamiento de Coria\",\"isPartOf\":{\"@id\":\"https:\\\/\\\/coria.org\\\/ayuntamiento\\\/#website\"},\"primaryImageOfPage\":{\"@id\":\"https:\\\/\\\/coria.org\\\/ayuntamiento\\\/index.php\\\/2015\\\/07\\\/28\\\/las-obras-de-remodelacion-de-la-avenida-sierra-de-gata-continuan-a-buen-ritmo\\\/#primaryimage\"},\"image\":{\"@id\":\"https:\\\/\\\/coria.org\\\/ayuntamiento\\\/index.php\\\/2015\\\/07\\\/28\\\/las-obras-de-remodelacion-de-la-avenida-sierra-de-gata-continuan-a-buen-ritmo\\\/#primaryimage\"},\"thumbnailUrl\":\"https:\\\/\\\/coria.org\\\/ayuntamiento\\\/wp-content\\\/uploads\\\/2015\\\/07\\\/IMG_7955-scaled.jpg\",\"datePublished\":\"2015-07-28T00:00:00+00:00\",\"dateModified\":\"2023-09-18T10:38:56+00:00\",\"breadcrumb\":{\"@id\":\"https:\\\/\\\/coria.org\\\/ayuntamiento\\\/index.php\\\/2015\\\/07\\\/28\\\/las-obras-de-remodelacion-de-la-avenida-sierra-de-gata-continuan-a-buen-ritmo\\\/#breadcrumb\"},\"inLanguage\":\"es\",\"potentialAction\":[{\"@type\":\"ReadAction\",\"target\":[\"https:\\\/\\\/coria.org\\\/ayuntamiento\\\/index.php\\\/2015\\\/07\\\/28\\\/las-obras-de-remodelacion-de-la-avenida-sierra-de-gata-continuan-a-buen-ritmo\\\/\"]}]},{\"@type\":\"ImageObject\",\"inLanguage\":\"es\",\"@id\":\"https:\\\/\\\/coria.org\\\/ayuntamiento\\\/index.php\\\/2015\\\/07\\\/28\\\/las-obras-de-remodelacion-de-la-avenida-sierra-de-gata-continuan-a-buen-ritmo\\\/#primaryimage\",\"url\":\"https:\\\/\\\/coria.org\\\/ayuntamiento\\\/wp-content\\\/uploads\\\/2015\\\/07\\\/IMG_7955-scaled.jpg\",\"contentUrl\":\"https:\\\/\\\/coria.org\\\/ayuntamiento\\\/wp-content\\\/uploads\\\/2015\\\/07\\\/IMG_7955-scaled.jpg\",\"width\":2560,\"height\":1707},{\"@type\":\"BreadcrumbList\",\"@id\":\"https:\\\/\\\/coria.org\\\/ayuntamiento\\\/index.php\\\/2015\\\/07\\\/28\\\/las-obras-de-remodelacion-de-la-avenida-sierra-de-gata-continuan-a-buen-ritmo\\\/#breadcrumb\",\"itemListElement\":[{\"@type\":\"ListItem\",\"position\":1,\"name\":\"Inicio\",\"item\":\"https:\\\/\\\/coria.org\\\/ayuntamiento\\\/\"},{\"@type\":\"ListItem\",\"position\":2,\"name\":\"Las obras de remodelaci\u00f3n de la Avenida Sierra de Gata contin\u00faan a buen ritmo\"}]},{\"@type\":\"WebSite\",\"@id\":\"https:\\\/\\\/coria.org\\\/ayuntamiento\\\/#website\",\"url\":\"https:\\\/\\\/coria.org\\\/ayuntamiento\\\/\",\"name\":\"Ayuntamiento de Coria\",\"description\":\"Web oficial del Ayuntamiento de Coria\",\"publisher\":{\"@id\":\"https:\\\/\\\/coria.org\\\/ayuntamiento\\\/#organization\"},\"alternateName\":\"Web Oficial del Ayuntamiento de Coria\",\"potentialAction\":[{\"@type\":\"SearchAction\",\"target\":{\"@type\":\"EntryPoint\",\"urlTemplate\":\"https:\\\/\\\/coria.org\\\/ayuntamiento\\\/?s={search_term_string}\"},\"query-input\":{\"@type\":\"PropertyValueSpecification\",\"valueRequired\":true,\"valueName\":\"search_term_string\"}}],\"inLanguage\":\"es\"},{\"@type\":\"Organization\",\"@id\":\"https:\\\/\\\/coria.org\\\/ayuntamiento\\\/#organization\",\"name\":\"Ayuntamiento de Coria\",\"alternateName\":\"Ayto de Coria\",\"url\":\"https:\\\/\\\/coria.org\\\/ayuntamiento\\\/\",\"logo\":{\"@type\":\"ImageObject\",\"inLanguage\":\"es\",\"@id\":\"https:\\\/\\\/coria.org\\\/ayuntamiento\\\/#\\\/schema\\\/logo\\\/image\\\/\",\"url\":\"https:\\\/\\\/coria.org\\\/ayuntamiento\\\/wp-content\\\/uploads\\\/2020\\\/12\\\/escudo-ayuntamiento-coria.png\",\"contentUrl\":\"https:\\\/\\\/coria.org\\\/ayuntamiento\\\/wp-content\\\/uploads\\\/2020\\\/12\\\/escudo-ayuntamiento-coria.png\",\"width\":511,\"height\":240,\"caption\":\"Ayuntamiento de Coria\"},\"image\":{\"@id\":\"https:\\\/\\\/coria.org\\\/ayuntamiento\\\/#\\\/schema\\\/logo\\\/image\\\/\"},\"sameAs\":[\"https:\\\/\\\/www.facebook.com\\\/Ayuntamiento.de.Coria\",\"https:\\\/\\\/x.com\\\/Ayto_de_Coria\",\"https:\\\/\\\/www.instagram.com\\\/coria.ayuntamiento\\\/\",\"https:\\\/\\\/www.youtube.com\\\/user\\\/AYUNTAMIENTOCORIA\"]},{\"@type\":\"Person\",\"@id\":\"https:\\\/\\\/coria.org\\\/ayuntamiento\\\/#\\\/schema\\\/person\\\/8bd589f0e13e8ae5aa06def7a599d622\",\"name\":\"ayuntamiento\",\"image\":{\"@type\":\"ImageObject\",\"inLanguage\":\"es\",\"@id\":\"https:\\\/\\\/secure.gravatar.com\\\/avatar\\\/966e5ed73cad334adda5c87f49f2547f7082f7292c1b627cbb548744383b391c?s=96&d=mm&r=g\",\"url\":\"https:\\\/\\\/secure.gravatar.com\\\/avatar\\\/966e5ed73cad334adda5c87f49f2547f7082f7292c1b627cbb548744383b391c?s=96&d=mm&r=g\",\"contentUrl\":\"https:\\\/\\\/secure.gravatar.com\\\/avatar\\\/966e5ed73cad334adda5c87f49f2547f7082f7292c1b627cbb548744383b391c?s=96&d=mm&r=g\",\"caption\":\"ayuntamiento\"}}]}<\/script>\n<!-- \/ Yoast SEO plugin. -->","yoast_head_json":{"title":"Las obras de remodelaci\u00f3n de la Avenida Sierra de Gata contin\u00faan a buen ritmo - Ayuntamiento de Coria","robots":{"index":"index","follow":"follow","max-snippet":"max-snippet:-1","max-image-preview":"max-image-preview:large","max-video-preview":"max-video-preview:-1"},"canonical":"https:\/\/coria.org\/ayuntamiento\/index.php\/2015\/07\/28\/las-obras-de-remodelacion-de-la-avenida-sierra-de-gata-continuan-a-buen-ritmo\/","og_locale":"es_ES","og_type":"article","og_title":"Las obras de remodelaci\u00f3n de la Avenida Sierra de Gata contin\u00faan a buen ritmo - Ayuntamiento de Coria","og_description":"Las obras de remodelaci\u00f3n de la Avenida principal de Coria comenzaron durante el mes de mayo, arreglando y modificando la calle Carretas, continuando por la modificaci\u00f3n y adecentamiento del acerado de la Avenida Sierra de Gata, en el que se procedi\u00f3 al levantamiento y posicionamiento de nuevo adoquinado de toda la acera, desde la esquina [&hellip;]","og_url":"https:\/\/coria.org\/ayuntamiento\/index.php\/2015\/07\/28\/las-obras-de-remodelacion-de-la-avenida-sierra-de-gata-continuan-a-buen-ritmo\/","og_site_name":"Ayuntamiento de Coria","article_publisher":"https:\/\/www.facebook.com\/Ayuntamiento.de.Coria","article_published_time":"2015-07-28T00:00:00+00:00","article_modified_time":"2023-09-18T10:38:56+00:00","og_image":[{"width":2560,"height":1707,"url":"https:\/\/coria.org\/ayuntamiento\/wp-content\/uploads\/2015\/07\/IMG_7955-scaled.jpg","type":"image\/jpeg"}],"author":"ayuntamiento","twitter_card":"summary_large_image","twitter_creator":"@Ayto_de_Coria","twitter_site":"@Ayto_de_Coria","twitter_misc":{"Escrito por":"ayuntamiento","Tiempo de lectura":"3 minutos"},"schema":{"@context":"https:\/\/schema.org","@graph":[{"@type":"Article","@id":"https:\/\/coria.org\/ayuntamiento\/index.php\/2015\/07\/28\/las-obras-de-remodelacion-de-la-avenida-sierra-de-gata-continuan-a-buen-ritmo\/#article","isPartOf":{"@id":"https:\/\/coria.org\/ayuntamiento\/index.php\/2015\/07\/28\/las-obras-de-remodelacion-de-la-avenida-sierra-de-gata-continuan-a-buen-ritmo\/"},"author":{"name":"ayuntamiento","@id":"https:\/\/coria.org\/ayuntamiento\/#\/schema\/person\/8bd589f0e13e8ae5aa06def7a599d622"},"headline":"Las obras de remodelaci\u00f3n de la Avenida Sierra de Gata contin\u00faan a buen ritmo","datePublished":"2015-07-28T00:00:00+00:00","dateModified":"2023-09-18T10:38:56+00:00","mainEntityOfPage":{"@id":"https:\/\/coria.org\/ayuntamiento\/index.php\/2015\/07\/28\/las-obras-de-remodelacion-de-la-avenida-sierra-de-gata-continuan-a-buen-ritmo\/"},"wordCount":520,"publisher":{"@id":"https:\/\/coria.org\/ayuntamiento\/#organization"},"image":{"@id":"https:\/\/coria.org\/ayuntamiento\/index.php\/2015\/07\/28\/las-obras-de-remodelacion-de-la-avenida-sierra-de-gata-continuan-a-buen-ritmo\/#primaryimage"},"thumbnailUrl":"https:\/\/coria.org\/ayuntamiento\/wp-content\/uploads\/2015\/07\/IMG_7955-scaled.jpg","keywords":["coria","extremadura"],"articleSection":["Noticias"],"inLanguage":"es"},{"@type":"WebPage","@id":"https:\/\/coria.org\/ayuntamiento\/index.php\/2015\/07\/28\/las-obras-de-remodelacion-de-la-avenida-sierra-de-gata-continuan-a-buen-ritmo\/","url":"https:\/\/coria.org\/ayuntamiento\/index.php\/2015\/07\/28\/las-obras-de-remodelacion-de-la-avenida-sierra-de-gata-continuan-a-buen-ritmo\/","name":"Las obras de remodelaci\u00f3n de la Avenida Sierra de Gata contin\u00faan a buen ritmo - Ayuntamiento de Coria","isPartOf":{"@id":"https:\/\/coria.org\/ayuntamiento\/#website"},"primaryImageOfPage":{"@id":"https:\/\/coria.org\/ayuntamiento\/index.php\/2015\/07\/28\/las-obras-de-remodelacion-de-la-avenida-sierra-de-gata-continuan-a-buen-ritmo\/#primaryimage"},"image":{"@id":"https:\/\/coria.org\/ayuntamiento\/index.php\/2015\/07\/28\/las-obras-de-remodelacion-de-la-avenida-sierra-de-gata-continuan-a-buen-ritmo\/#primaryimage"},"thumbnailUrl":"https:\/\/coria.org\/ayuntamiento\/wp-content\/uploads\/2015\/07\/IMG_7955-scaled.jpg","datePublished":"2015-07-28T00:00:00+00:00","dateModified":"2023-09-18T10:38:56+00:00","breadcrumb":{"@id":"https:\/\/coria.org\/ayuntamiento\/index.php\/2015\/07\/28\/las-obras-de-remodelacion-de-la-avenida-sierra-de-gata-continuan-a-buen-ritmo\/#breadcrumb"},"inLanguage":"es","potentialAction":[{"@type":"ReadAction","target":["https:\/\/coria.org\/ayuntamiento\/index.php\/2015\/07\/28\/las-obras-de-remodelacion-de-la-avenida-sierra-de-gata-continuan-a-buen-ritmo\/"]}]},{"@type":"ImageObject","inLanguage":"es","@id":"https:\/\/coria.org\/ayuntamiento\/index.php\/2015\/07\/28\/las-obras-de-remodelacion-de-la-avenida-sierra-de-gata-continuan-a-buen-ritmo\/#primaryimage","url":"https:\/\/coria.org\/ayuntamiento\/wp-content\/uploads\/2015\/07\/IMG_7955-scaled.jpg","contentUrl":"https:\/\/coria.org\/ayuntamiento\/wp-content\/uploads\/2015\/07\/IMG_7955-scaled.jpg","width":2560,"height":1707},{"@type":"BreadcrumbList","@id":"https:\/\/coria.org\/ayuntamiento\/index.php\/2015\/07\/28\/las-obras-de-remodelacion-de-la-avenida-sierra-de-gata-continuan-a-buen-ritmo\/#breadcrumb","itemListElement":[{"@type":"ListItem","position":1,"name":"Inicio","item":"https:\/\/coria.org\/ayuntamiento\/"},{"@type":"ListItem","position":2,"name":"Las obras de remodelaci\u00f3n de la Avenida Sierra de Gata contin\u00faan a buen ritmo"}]},{"@type":"WebSite","@id":"https:\/\/coria.org\/ayuntamiento\/#website","url":"https:\/\/coria.org\/ayuntamiento\/","name":"Ayuntamiento de Coria","description":"Web oficial del Ayuntamiento de Coria","publisher":{"@id":"https:\/\/coria.org\/ayuntamiento\/#organization"},"alternateName":"Web Oficial del Ayuntamiento de Coria","potentialAction":[{"@type":"SearchAction","target":{"@type":"EntryPoint","urlTemplate":"https:\/\/coria.org\/ayuntamiento\/?s={search_term_string}"},"query-input":{"@type":"PropertyValueSpecification","valueRequired":true,"valueName":"search_term_string"}}],"inLanguage":"es"},{"@type":"Organization","@id":"https:\/\/coria.org\/ayuntamiento\/#organization","name":"Ayuntamiento de Coria","alternateName":"Ayto de Coria","url":"https:\/\/coria.org\/ayuntamiento\/","logo":{"@type":"ImageObject","inLanguage":"es","@id":"https:\/\/coria.org\/ayuntamiento\/#\/schema\/logo\/image\/","url":"https:\/\/coria.org\/ayuntamiento\/wp-content\/uploads\/2020\/12\/escudo-ayuntamiento-coria.png","contentUrl":"https:\/\/coria.org\/ayuntamiento\/wp-content\/uploads\/2020\/12\/escudo-ayuntamiento-coria.png","width":511,"height":240,"caption":"Ayuntamiento de Coria"},"image":{"@id":"https:\/\/coria.org\/ayuntamiento\/#\/schema\/logo\/image\/"},"sameAs":["https:\/\/www.facebook.com\/Ayuntamiento.de.Coria","https:\/\/x.com\/Ayto_de_Coria","https:\/\/www.instagram.com\/coria.ayuntamiento\/","https:\/\/www.youtube.com\/user\/AYUNTAMIENTOCORIA"]},{"@type":"Person","@id":"https:\/\/coria.org\/ayuntamiento\/#\/schema\/person\/8bd589f0e13e8ae5aa06def7a599d622","name":"ayuntamiento","image":{"@type":"ImageObject","inLanguage":"es","@id":"https:\/\/secure.gravatar.com\/avatar\/966e5ed73cad334adda5c87f49f2547f7082f7292c1b627cbb548744383b391c?s=96&d=mm&r=g","url":"https:\/\/secure.gravatar.com\/avatar\/966e5ed73cad334adda5c87f49f2547f7082f7292c1b627cbb548744383b391c?s=96&d=mm&r=g","contentUrl":"https:\/\/secure.gravatar.com\/avatar\/966e5ed73cad334adda5c87f49f2547f7082f7292c1b627cbb548744383b391c?s=96&d=mm&r=g","caption":"ayuntamiento"}}]}},"uagb_featured_image_src":{"full":["https:\/\/coria.org\/ayuntamiento\/wp-content\/uploads\/2015\/07\/IMG_7955-scaled.jpg",2560,1707,false],"thumbnail":["https:\/\/coria.org\/ayuntamiento\/wp-content\/uploads\/2015\/07\/IMG_7955-150x150.jpg",150,150,true],"medium":["https:\/\/coria.org\/ayuntamiento\/wp-content\/uploads\/2015\/07\/IMG_7955-300x200.jpg",300,200,true],"medium_large":["https:\/\/coria.org\/ayuntamiento\/wp-content\/uploads\/2015\/07\/IMG_7955-768x512.jpg",768,512,true],"large":["https:\/\/coria.org\/ayuntamiento\/wp-content\/uploads\/2015\/07\/IMG_7955-1024x683.jpg",1024,683,true],"thumblist":["https:\/\/coria.org\/ayuntamiento\/wp-content\/uploads\/2015\/07\/IMG_7955-scaled.jpg",300,200,false],"thumbrelated":["https:\/\/coria.org\/ayuntamiento\/wp-content\/uploads\/2015\/07\/IMG_7955-scaled.jpg",500,333,false],"meccarouselthumb":["https:\/\/coria.org\/ayuntamiento\/wp-content\/uploads\/2015\/07\/IMG_7955-scaled.jpg",474,316,false],"gridsquare":["https:\/\/coria.org\/ayuntamiento\/wp-content\/uploads\/2015\/07\/IMG_7955-scaled.jpg",391,260,false],"tileview":["https:\/\/coria.org\/ayuntamiento\/wp-content\/uploads\/2015\/07\/IMG_7955-scaled.jpg",300,200,false],"1536x1536":["https:\/\/coria.org\/ayuntamiento\/wp-content\/uploads\/2015\/07\/IMG_7955-1536x1024.jpg",1536,1024,true],"2048x2048":["https:\/\/coria.org\/ayuntamiento\/wp-content\/uploads\/2015\/07\/IMG_7955-2048x1365.jpg",2048,1365,true]},"uagb_author_info":{"display_name":"ayuntamiento","author_link":"https:\/\/coria.org\/ayuntamiento\/index.php\/author\/ayuntamiento\/"},"uagb_comment_info":0,"uagb_excerpt":"Las obras de remodelaci\u00f3n de la Avenida principal de Coria comenzaron durante el mes de mayo, arreglando y modificando la calle Carretas, continuando por la modificaci\u00f3n y adecentamiento del acerado de la Avenida Sierra de Gata, en el que se procedi\u00f3 al levantamiento y posicionamiento de nuevo adoquinado de toda la acera, desde la esquina&hellip;","_links":{"self":[{"href":"https:\/\/coria.org\/ayuntamiento\/index.php\/wp-json\/wp\/v2\/posts\/25579","targetHints":{"allow":["GET"]}}],"collection":[{"href":"https:\/\/coria.org\/ayuntamiento\/index.php\/wp-json\/wp\/v2\/posts"}],"about":[{"href":"https:\/\/coria.org\/ayuntamiento\/index.php\/wp-json\/wp\/v2\/types\/post"}],"author":[{"embeddable":true,"href":"https:\/\/coria.org\/ayuntamiento\/index.php\/wp-json\/wp\/v2\/users\/2"}],"replies":[{"embeddable":true,"href":"https:\/\/coria.org\/ayuntamiento\/index.php\/wp-json\/wp\/v2\/comments?post=25579"}],"version-history":[{"count":0,"href":"https:\/\/coria.org\/ayuntamiento\/index.php\/wp-json\/wp\/v2\/posts\/25579\/revisions"}],"wp:featuredmedia":[{"embeddable":true,"href":"https:\/\/coria.org\/ayuntamiento\/index.php\/wp-json\/wp\/v2\/media\/30436"}],"wp:attachment":[{"href":"https:\/\/coria.org\/ayuntamiento\/index.php\/wp-json\/wp\/v2\/media?parent=25579"}],"wp:term":[{"taxonomy":"category","embeddable":true,"href":"https:\/\/coria.org\/ayuntamiento\/index.php\/wp-json\/wp\/v2\/categories?post=25579"},{"taxonomy":"post_tag","embeddable":true,"href":"https:\/\/coria.org\/ayuntamiento\/index.php\/wp-json\/wp\/v2\/tags?post=25579"}],"curies":[{"name":"wp","href":"https:\/\/api.w.org\/{rel}","templated":true}]}}