{"id":25510,"date":"2015-11-04T00:00:00","date_gmt":"2015-11-04T00:00:00","guid":{"rendered":"https:\/\/ayuntamiento.coriaenimagenes.com\/instacoria-i-concurso-de-fotografia-de-coria-y-sus-pedanias\/"},"modified":"2023-09-18T12:38:45","modified_gmt":"2023-09-18T10:38:45","slug":"instacoria-i-concurso-de-fotografia-de-coria-y-sus-pedanias","status":"publish","type":"post","link":"https:\/\/coria.org\/ayuntamiento\/index.php\/2015\/11\/04\/instacoria-i-concurso-de-fotografia-de-coria-y-sus-pedanias\/","title":{"rendered":"#instacoria I Concurso de Fotograf\u00eda de Coria y sus Pedan\u00edas"},"content":{"rendered":"\n<p><b>Desde la concejal\u00eda de Juventud del Excmo. Ayuntamiento de Coria y la Oficina de Turismo de Coria han organizado el I Concurso Fotogr\u00e1fico online a trav\u00e9s de la red social m\u00f3vil Instagram<\/b><\/p>\n\n<figure class=\"wp-block-post-featured-image\"><img loading=\"lazy\" decoding=\"async\" width=\"960\" height=\"720\" src=\"https:\/\/coria.org\/ayuntamiento\/wp-content\/uploads\/2015\/11\/12208855_10208462368815875_5845284647886216375_n.jpg\" class=\"attachment-post-thumbnail size-post-thumbnail wp-post-image\" alt=\"\" style=\"object-fit:cover;\" srcset=\"https:\/\/coria.org\/ayuntamiento\/wp-content\/uploads\/2015\/11\/12208855_10208462368815875_5845284647886216375_n.jpg 960w, https:\/\/coria.org\/ayuntamiento\/wp-content\/uploads\/2015\/11\/12208855_10208462368815875_5845284647886216375_n-300x225.jpg 300w, https:\/\/coria.org\/ayuntamiento\/wp-content\/uploads\/2015\/11\/12208855_10208462368815875_5845284647886216375_n-768x576.jpg 768w\" sizes=\"auto, (max-width: 960px) 100vw, 960px\" \/><\/figure>\n\n<p><span style=\"font-family: verdana,arial,helvetica,sans-serif;\">Con este nuevo concurso se pretende promocionar tur\u00edsticamente la ciudad de Coria aprovechando la red social Instagram y la fotograf\u00eda a trav\u00e9s del m\u00f3vil.<\/span><\/p>\n\n\n<p><span style=\"font-family: verdana,arial,helvetica,sans-serif;\">En el concurso pueden participar todas aquellas personas con cuenta en la aplicaci\u00f3n m\u00f3vil Instagram, a nivel mundial, mayores de 14 a\u00f1os, y la duraci\u00f3n del concurso ser\u00e1 desde el d\u00eda 3 de Noviembre hasta el d\u00eda 2 de Diciembre de 2015, ambos incluidos.<\/span><\/p>\n\n\n<p><span style=\"font-family: verdana,arial,helvetica,sans-serif;\">La tem\u00e1tica del concurso son los paisajes y recursos tur\u00edsticos del t\u00e9rmino municipal de Coria y sus Pedan\u00edas, Rinc\u00f3n del Obispo y Puebla de Argeme. Consiguiendo as\u00ed que los usuarios muestren la riqueza patrimonial, natural, paisaj\u00edstica y gastron\u00f3mica de la Ciudad de Coria y sus Pedan\u00edas.<\/span><\/p>\n\n\n<p><span style=\"font-family: verdana,arial,helvetica,sans-serif;\">Es importante que todo aquel que participe en el concurso y suba una foto o tantas como quiera, ya que no hay l\u00edmite de fotos por usuario, a la red social Instagram identifique su fotograf\u00eda con los hashtag #INSTACORIA y #TURISMOCORIA.<\/span><\/p>\n\n\n<p><span style=\"font-family: verdana,arial,helvetica,sans-serif;\">Las 25 fotograf\u00edas m\u00e1s votadas entre los usuarios de la red, pasar\u00e1n a manos de un jurado especializado que escoger\u00e1 las seis m\u00e1s representativas por su valor gr\u00e1fico, creatividad y fidelidad con la tem\u00e1tica del concurso. Estas ser\u00e1n las premiadas con los regalos donados por varias firmas locales.<\/span><\/p>\n\n\n<p><span style=\"font-family: verdana,arial,helvetica,sans-serif;\">Los ganadores ser\u00e1n publicados el d\u00eda 9 de Diciembre de 2015. La Concejal\u00eda de Juventud del Excmo. Ayuntamiento de Coria y la Oficina de Turismo de Coria se pondr\u00e1n en contacto con los ganadores a trav\u00e9s de Instagram, dejando un comentario en las fotos ganadoras, y\/o por las v\u00edas a su alcance que considere oportunas, para informar a los ganadores.<\/span><\/p>\n\n\n<p><span style=\"font-family: Verdana;\">Consulte las bases del concurso en el siguiente enlace: <a href=\"https:\/\/www.coria.org\/doc\/doc423.pdf\" target=\"_blank\" rel=\"noopener\">Bases del concurso #INSTACORIA<\/a><\/span><\/p>\n\n\n<p><iframe loading=\"lazy\" src=\"https:\/\/www.youtube.com\/embed\/kijc9F_3jx0\" width=\"640\" height=\"480\" frameborder=\"0\"><\/iframe><\/p>\n","protected":false},"excerpt":{"rendered":"<p>Desde la concejal\u00eda de Juventud del Excmo. Ayuntamiento de Coria y la Oficina de Turismo de Coria han organizado el I Concurso Fotogr\u00e1fico online a trav\u00e9s de la red social m\u00f3vil Instagram Con este nuevo concurso se pretende promocionar tur\u00edsticamente la ciudad de Coria aprovechando la red social Instagram y la fotograf\u00eda a trav\u00e9s del [&hellip;]<\/p>\n","protected":false},"author":2,"featured_media":30261,"comment_status":"closed","ping_status":"closed","sticky":false,"template":"","format":"standard","meta":{"_uag_custom_page_level_css":"","footnotes":""},"categories":[2],"tags":[3,4],"class_list":["post-25510","post","type-post","status-publish","format-standard","has-post-thumbnail","hentry","category-noticias","tag-coria","tag-extremadura"],"yoast_head":"<!-- This site is optimized with the Yoast SEO plugin v27.4 - https:\/\/yoast.com\/product\/yoast-seo-wordpress\/ -->\n<title>#instacoria I Concurso de Fotograf\u00eda de Coria y sus Pedan\u00edas - Ayuntamiento de Coria<\/title>\n<meta name=\"robots\" content=\"index, follow, max-snippet:-1, max-image-preview:large, max-video-preview:-1\" \/>\n<link rel=\"canonical\" href=\"https:\/\/coria.org\/ayuntamiento\/index.php\/2015\/11\/04\/instacoria-i-concurso-de-fotografia-de-coria-y-sus-pedanias\/\" \/>\n<meta property=\"og:locale\" content=\"es_ES\" \/>\n<meta property=\"og:type\" content=\"article\" \/>\n<meta property=\"og:title\" content=\"#instacoria I Concurso de Fotograf\u00eda de Coria y sus Pedan\u00edas - Ayuntamiento de Coria\" \/>\n<meta property=\"og:description\" content=\"Desde la concejal\u00eda de Juventud del Excmo. Ayuntamiento de Coria y la Oficina de Turismo de Coria han organizado el I Concurso Fotogr\u00e1fico online a trav\u00e9s de la red social m\u00f3vil Instagram Con este nuevo concurso se pretende promocionar tur\u00edsticamente la ciudad de Coria aprovechando la red social Instagram y la fotograf\u00eda a trav\u00e9s del [&hellip;]\" \/>\n<meta property=\"og:url\" content=\"https:\/\/coria.org\/ayuntamiento\/index.php\/2015\/11\/04\/instacoria-i-concurso-de-fotografia-de-coria-y-sus-pedanias\/\" \/>\n<meta property=\"og:site_name\" content=\"Ayuntamiento de Coria\" \/>\n<meta property=\"article:publisher\" content=\"https:\/\/www.facebook.com\/Ayuntamiento.de.Coria\" \/>\n<meta property=\"article:published_time\" content=\"2015-11-04T00:00:00+00:00\" \/>\n<meta property=\"article:modified_time\" content=\"2023-09-18T10:38:45+00:00\" \/>\n<meta property=\"og:image\" content=\"https:\/\/coria.org\/ayuntamiento\/wp-content\/uploads\/2015\/11\/12208855_10208462368815875_5845284647886216375_n.jpg\" \/>\n\t<meta property=\"og:image:width\" content=\"960\" \/>\n\t<meta property=\"og:image:height\" content=\"720\" \/>\n\t<meta property=\"og:image:type\" content=\"image\/jpeg\" \/>\n<meta name=\"author\" content=\"ayuntamiento\" \/>\n<meta name=\"twitter:card\" content=\"summary_large_image\" \/>\n<meta name=\"twitter:creator\" content=\"@Ayto_de_Coria\" \/>\n<meta name=\"twitter:site\" content=\"@Ayto_de_Coria\" \/>\n<meta name=\"twitter:label1\" content=\"Escrito por\" \/>\n\t<meta name=\"twitter:data1\" content=\"ayuntamiento\" \/>\n\t<meta name=\"twitter:label2\" content=\"Tiempo de lectura\" \/>\n\t<meta name=\"twitter:data2\" content=\"2 minutos\" \/>\n<script type=\"application\/ld+json\" class=\"yoast-schema-graph\">{\"@context\":\"https:\\\/\\\/schema.org\",\"@graph\":[{\"@type\":\"Article\",\"@id\":\"https:\\\/\\\/coria.org\\\/ayuntamiento\\\/index.php\\\/2015\\\/11\\\/04\\\/instacoria-i-concurso-de-fotografia-de-coria-y-sus-pedanias\\\/#article\",\"isPartOf\":{\"@id\":\"https:\\\/\\\/coria.org\\\/ayuntamiento\\\/index.php\\\/2015\\\/11\\\/04\\\/instacoria-i-concurso-de-fotografia-de-coria-y-sus-pedanias\\\/\"},\"author\":{\"name\":\"ayuntamiento\",\"@id\":\"https:\\\/\\\/coria.org\\\/ayuntamiento\\\/#\\\/schema\\\/person\\\/8bd589f0e13e8ae5aa06def7a599d622\"},\"headline\":\"#instacoria I Concurso de Fotograf\u00eda de Coria y sus Pedan\u00edas\",\"datePublished\":\"2015-11-04T00:00:00+00:00\",\"dateModified\":\"2023-09-18T10:38:45+00:00\",\"mainEntityOfPage\":{\"@id\":\"https:\\\/\\\/coria.org\\\/ayuntamiento\\\/index.php\\\/2015\\\/11\\\/04\\\/instacoria-i-concurso-de-fotografia-de-coria-y-sus-pedanias\\\/\"},\"wordCount\":351,\"publisher\":{\"@id\":\"https:\\\/\\\/coria.org\\\/ayuntamiento\\\/#organization\"},\"image\":{\"@id\":\"https:\\\/\\\/coria.org\\\/ayuntamiento\\\/index.php\\\/2015\\\/11\\\/04\\\/instacoria-i-concurso-de-fotografia-de-coria-y-sus-pedanias\\\/#primaryimage\"},\"thumbnailUrl\":\"https:\\\/\\\/coria.org\\\/ayuntamiento\\\/wp-content\\\/uploads\\\/2015\\\/11\\\/12208855_10208462368815875_5845284647886216375_n.jpg\",\"keywords\":[\"coria\",\"extremadura\"],\"articleSection\":[\"Noticias\"],\"inLanguage\":\"es\"},{\"@type\":\"WebPage\",\"@id\":\"https:\\\/\\\/coria.org\\\/ayuntamiento\\\/index.php\\\/2015\\\/11\\\/04\\\/instacoria-i-concurso-de-fotografia-de-coria-y-sus-pedanias\\\/\",\"url\":\"https:\\\/\\\/coria.org\\\/ayuntamiento\\\/index.php\\\/2015\\\/11\\\/04\\\/instacoria-i-concurso-de-fotografia-de-coria-y-sus-pedanias\\\/\",\"name\":\"#instacoria I Concurso de Fotograf\u00eda de Coria y sus Pedan\u00edas - Ayuntamiento de Coria\",\"isPartOf\":{\"@id\":\"https:\\\/\\\/coria.org\\\/ayuntamiento\\\/#website\"},\"primaryImageOfPage\":{\"@id\":\"https:\\\/\\\/coria.org\\\/ayuntamiento\\\/index.php\\\/2015\\\/11\\\/04\\\/instacoria-i-concurso-de-fotografia-de-coria-y-sus-pedanias\\\/#primaryimage\"},\"image\":{\"@id\":\"https:\\\/\\\/coria.org\\\/ayuntamiento\\\/index.php\\\/2015\\\/11\\\/04\\\/instacoria-i-concurso-de-fotografia-de-coria-y-sus-pedanias\\\/#primaryimage\"},\"thumbnailUrl\":\"https:\\\/\\\/coria.org\\\/ayuntamiento\\\/wp-content\\\/uploads\\\/2015\\\/11\\\/12208855_10208462368815875_5845284647886216375_n.jpg\",\"datePublished\":\"2015-11-04T00:00:00+00:00\",\"dateModified\":\"2023-09-18T10:38:45+00:00\",\"breadcrumb\":{\"@id\":\"https:\\\/\\\/coria.org\\\/ayuntamiento\\\/index.php\\\/2015\\\/11\\\/04\\\/instacoria-i-concurso-de-fotografia-de-coria-y-sus-pedanias\\\/#breadcrumb\"},\"inLanguage\":\"es\",\"potentialAction\":[{\"@type\":\"ReadAction\",\"target\":[\"https:\\\/\\\/coria.org\\\/ayuntamiento\\\/index.php\\\/2015\\\/11\\\/04\\\/instacoria-i-concurso-de-fotografia-de-coria-y-sus-pedanias\\\/\"]}]},{\"@type\":\"ImageObject\",\"inLanguage\":\"es\",\"@id\":\"https:\\\/\\\/coria.org\\\/ayuntamiento\\\/index.php\\\/2015\\\/11\\\/04\\\/instacoria-i-concurso-de-fotografia-de-coria-y-sus-pedanias\\\/#primaryimage\",\"url\":\"https:\\\/\\\/coria.org\\\/ayuntamiento\\\/wp-content\\\/uploads\\\/2015\\\/11\\\/12208855_10208462368815875_5845284647886216375_n.jpg\",\"contentUrl\":\"https:\\\/\\\/coria.org\\\/ayuntamiento\\\/wp-content\\\/uploads\\\/2015\\\/11\\\/12208855_10208462368815875_5845284647886216375_n.jpg\",\"width\":960,\"height\":720},{\"@type\":\"BreadcrumbList\",\"@id\":\"https:\\\/\\\/coria.org\\\/ayuntamiento\\\/index.php\\\/2015\\\/11\\\/04\\\/instacoria-i-concurso-de-fotografia-de-coria-y-sus-pedanias\\\/#breadcrumb\",\"itemListElement\":[{\"@type\":\"ListItem\",\"position\":1,\"name\":\"Inicio\",\"item\":\"https:\\\/\\\/coria.org\\\/ayuntamiento\\\/\"},{\"@type\":\"ListItem\",\"position\":2,\"name\":\"#instacoria I Concurso de Fotograf\u00eda de Coria y sus Pedan\u00edas\"}]},{\"@type\":\"WebSite\",\"@id\":\"https:\\\/\\\/coria.org\\\/ayuntamiento\\\/#website\",\"url\":\"https:\\\/\\\/coria.org\\\/ayuntamiento\\\/\",\"name\":\"Ayuntamiento de Coria\",\"description\":\"Web oficial del Ayuntamiento de Coria\",\"publisher\":{\"@id\":\"https:\\\/\\\/coria.org\\\/ayuntamiento\\\/#organization\"},\"alternateName\":\"Web Oficial del Ayuntamiento de Coria\",\"potentialAction\":[{\"@type\":\"SearchAction\",\"target\":{\"@type\":\"EntryPoint\",\"urlTemplate\":\"https:\\\/\\\/coria.org\\\/ayuntamiento\\\/?s={search_term_string}\"},\"query-input\":{\"@type\":\"PropertyValueSpecification\",\"valueRequired\":true,\"valueName\":\"search_term_string\"}}],\"inLanguage\":\"es\"},{\"@type\":\"Organization\",\"@id\":\"https:\\\/\\\/coria.org\\\/ayuntamiento\\\/#organization\",\"name\":\"Ayuntamiento de Coria\",\"alternateName\":\"Ayto de Coria\",\"url\":\"https:\\\/\\\/coria.org\\\/ayuntamiento\\\/\",\"logo\":{\"@type\":\"ImageObject\",\"inLanguage\":\"es\",\"@id\":\"https:\\\/\\\/coria.org\\\/ayuntamiento\\\/#\\\/schema\\\/logo\\\/image\\\/\",\"url\":\"https:\\\/\\\/coria.org\\\/ayuntamiento\\\/wp-content\\\/uploads\\\/2020\\\/12\\\/escudo-ayuntamiento-coria.png\",\"contentUrl\":\"https:\\\/\\\/coria.org\\\/ayuntamiento\\\/wp-content\\\/uploads\\\/2020\\\/12\\\/escudo-ayuntamiento-coria.png\",\"width\":511,\"height\":240,\"caption\":\"Ayuntamiento de Coria\"},\"image\":{\"@id\":\"https:\\\/\\\/coria.org\\\/ayuntamiento\\\/#\\\/schema\\\/logo\\\/image\\\/\"},\"sameAs\":[\"https:\\\/\\\/www.facebook.com\\\/Ayuntamiento.de.Coria\",\"https:\\\/\\\/x.com\\\/Ayto_de_Coria\",\"https:\\\/\\\/www.instagram.com\\\/coria.ayuntamiento\\\/\",\"https:\\\/\\\/www.youtube.com\\\/user\\\/AYUNTAMIENTOCORIA\"]},{\"@type\":\"Person\",\"@id\":\"https:\\\/\\\/coria.org\\\/ayuntamiento\\\/#\\\/schema\\\/person\\\/8bd589f0e13e8ae5aa06def7a599d622\",\"name\":\"ayuntamiento\",\"image\":{\"@type\":\"ImageObject\",\"inLanguage\":\"es\",\"@id\":\"https:\\\/\\\/secure.gravatar.com\\\/avatar\\\/966e5ed73cad334adda5c87f49f2547f7082f7292c1b627cbb548744383b391c?s=96&d=mm&r=g\",\"url\":\"https:\\\/\\\/secure.gravatar.com\\\/avatar\\\/966e5ed73cad334adda5c87f49f2547f7082f7292c1b627cbb548744383b391c?s=96&d=mm&r=g\",\"contentUrl\":\"https:\\\/\\\/secure.gravatar.com\\\/avatar\\\/966e5ed73cad334adda5c87f49f2547f7082f7292c1b627cbb548744383b391c?s=96&d=mm&r=g\",\"caption\":\"ayuntamiento\"}}]}<\/script>\n<!-- \/ Yoast SEO plugin. -->","yoast_head_json":{"title":"#instacoria I Concurso de Fotograf\u00eda de Coria y sus Pedan\u00edas - Ayuntamiento de Coria","robots":{"index":"index","follow":"follow","max-snippet":"max-snippet:-1","max-image-preview":"max-image-preview:large","max-video-preview":"max-video-preview:-1"},"canonical":"https:\/\/coria.org\/ayuntamiento\/index.php\/2015\/11\/04\/instacoria-i-concurso-de-fotografia-de-coria-y-sus-pedanias\/","og_locale":"es_ES","og_type":"article","og_title":"#instacoria I Concurso de Fotograf\u00eda de Coria y sus Pedan\u00edas - Ayuntamiento de Coria","og_description":"Desde la concejal\u00eda de Juventud del Excmo. Ayuntamiento de Coria y la Oficina de Turismo de Coria han organizado el I Concurso Fotogr\u00e1fico online a trav\u00e9s de la red social m\u00f3vil Instagram Con este nuevo concurso se pretende promocionar tur\u00edsticamente la ciudad de Coria aprovechando la red social Instagram y la fotograf\u00eda a trav\u00e9s del [&hellip;]","og_url":"https:\/\/coria.org\/ayuntamiento\/index.php\/2015\/11\/04\/instacoria-i-concurso-de-fotografia-de-coria-y-sus-pedanias\/","og_site_name":"Ayuntamiento de Coria","article_publisher":"https:\/\/www.facebook.com\/Ayuntamiento.de.Coria","article_published_time":"2015-11-04T00:00:00+00:00","article_modified_time":"2023-09-18T10:38:45+00:00","og_image":[{"width":960,"height":720,"url":"https:\/\/coria.org\/ayuntamiento\/wp-content\/uploads\/2015\/11\/12208855_10208462368815875_5845284647886216375_n.jpg","type":"image\/jpeg"}],"author":"ayuntamiento","twitter_card":"summary_large_image","twitter_creator":"@Ayto_de_Coria","twitter_site":"@Ayto_de_Coria","twitter_misc":{"Escrito por":"ayuntamiento","Tiempo de lectura":"2 minutos"},"schema":{"@context":"https:\/\/schema.org","@graph":[{"@type":"Article","@id":"https:\/\/coria.org\/ayuntamiento\/index.php\/2015\/11\/04\/instacoria-i-concurso-de-fotografia-de-coria-y-sus-pedanias\/#article","isPartOf":{"@id":"https:\/\/coria.org\/ayuntamiento\/index.php\/2015\/11\/04\/instacoria-i-concurso-de-fotografia-de-coria-y-sus-pedanias\/"},"author":{"name":"ayuntamiento","@id":"https:\/\/coria.org\/ayuntamiento\/#\/schema\/person\/8bd589f0e13e8ae5aa06def7a599d622"},"headline":"#instacoria I Concurso de Fotograf\u00eda de Coria y sus Pedan\u00edas","datePublished":"2015-11-04T00:00:00+00:00","dateModified":"2023-09-18T10:38:45+00:00","mainEntityOfPage":{"@id":"https:\/\/coria.org\/ayuntamiento\/index.php\/2015\/11\/04\/instacoria-i-concurso-de-fotografia-de-coria-y-sus-pedanias\/"},"wordCount":351,"publisher":{"@id":"https:\/\/coria.org\/ayuntamiento\/#organization"},"image":{"@id":"https:\/\/coria.org\/ayuntamiento\/index.php\/2015\/11\/04\/instacoria-i-concurso-de-fotografia-de-coria-y-sus-pedanias\/#primaryimage"},"thumbnailUrl":"https:\/\/coria.org\/ayuntamiento\/wp-content\/uploads\/2015\/11\/12208855_10208462368815875_5845284647886216375_n.jpg","keywords":["coria","extremadura"],"articleSection":["Noticias"],"inLanguage":"es"},{"@type":"WebPage","@id":"https:\/\/coria.org\/ayuntamiento\/index.php\/2015\/11\/04\/instacoria-i-concurso-de-fotografia-de-coria-y-sus-pedanias\/","url":"https:\/\/coria.org\/ayuntamiento\/index.php\/2015\/11\/04\/instacoria-i-concurso-de-fotografia-de-coria-y-sus-pedanias\/","name":"#instacoria I Concurso de Fotograf\u00eda de Coria y sus Pedan\u00edas - Ayuntamiento de Coria","isPartOf":{"@id":"https:\/\/coria.org\/ayuntamiento\/#website"},"primaryImageOfPage":{"@id":"https:\/\/coria.org\/ayuntamiento\/index.php\/2015\/11\/04\/instacoria-i-concurso-de-fotografia-de-coria-y-sus-pedanias\/#primaryimage"},"image":{"@id":"https:\/\/coria.org\/ayuntamiento\/index.php\/2015\/11\/04\/instacoria-i-concurso-de-fotografia-de-coria-y-sus-pedanias\/#primaryimage"},"thumbnailUrl":"https:\/\/coria.org\/ayuntamiento\/wp-content\/uploads\/2015\/11\/12208855_10208462368815875_5845284647886216375_n.jpg","datePublished":"2015-11-04T00:00:00+00:00","dateModified":"2023-09-18T10:38:45+00:00","breadcrumb":{"@id":"https:\/\/coria.org\/ayuntamiento\/index.php\/2015\/11\/04\/instacoria-i-concurso-de-fotografia-de-coria-y-sus-pedanias\/#breadcrumb"},"inLanguage":"es","potentialAction":[{"@type":"ReadAction","target":["https:\/\/coria.org\/ayuntamiento\/index.php\/2015\/11\/04\/instacoria-i-concurso-de-fotografia-de-coria-y-sus-pedanias\/"]}]},{"@type":"ImageObject","inLanguage":"es","@id":"https:\/\/coria.org\/ayuntamiento\/index.php\/2015\/11\/04\/instacoria-i-concurso-de-fotografia-de-coria-y-sus-pedanias\/#primaryimage","url":"https:\/\/coria.org\/ayuntamiento\/wp-content\/uploads\/2015\/11\/12208855_10208462368815875_5845284647886216375_n.jpg","contentUrl":"https:\/\/coria.org\/ayuntamiento\/wp-content\/uploads\/2015\/11\/12208855_10208462368815875_5845284647886216375_n.jpg","width":960,"height":720},{"@type":"BreadcrumbList","@id":"https:\/\/coria.org\/ayuntamiento\/index.php\/2015\/11\/04\/instacoria-i-concurso-de-fotografia-de-coria-y-sus-pedanias\/#breadcrumb","itemListElement":[{"@type":"ListItem","position":1,"name":"Inicio","item":"https:\/\/coria.org\/ayuntamiento\/"},{"@type":"ListItem","position":2,"name":"#instacoria I Concurso de Fotograf\u00eda de Coria y sus Pedan\u00edas"}]},{"@type":"WebSite","@id":"https:\/\/coria.org\/ayuntamiento\/#website","url":"https:\/\/coria.org\/ayuntamiento\/","name":"Ayuntamiento de Coria","description":"Web oficial del Ayuntamiento de Coria","publisher":{"@id":"https:\/\/coria.org\/ayuntamiento\/#organization"},"alternateName":"Web Oficial del Ayuntamiento de Coria","potentialAction":[{"@type":"SearchAction","target":{"@type":"EntryPoint","urlTemplate":"https:\/\/coria.org\/ayuntamiento\/?s={search_term_string}"},"query-input":{"@type":"PropertyValueSpecification","valueRequired":true,"valueName":"search_term_string"}}],"inLanguage":"es"},{"@type":"Organization","@id":"https:\/\/coria.org\/ayuntamiento\/#organization","name":"Ayuntamiento de Coria","alternateName":"Ayto de Coria","url":"https:\/\/coria.org\/ayuntamiento\/","logo":{"@type":"ImageObject","inLanguage":"es","@id":"https:\/\/coria.org\/ayuntamiento\/#\/schema\/logo\/image\/","url":"https:\/\/coria.org\/ayuntamiento\/wp-content\/uploads\/2020\/12\/escudo-ayuntamiento-coria.png","contentUrl":"https:\/\/coria.org\/ayuntamiento\/wp-content\/uploads\/2020\/12\/escudo-ayuntamiento-coria.png","width":511,"height":240,"caption":"Ayuntamiento de Coria"},"image":{"@id":"https:\/\/coria.org\/ayuntamiento\/#\/schema\/logo\/image\/"},"sameAs":["https:\/\/www.facebook.com\/Ayuntamiento.de.Coria","https:\/\/x.com\/Ayto_de_Coria","https:\/\/www.instagram.com\/coria.ayuntamiento\/","https:\/\/www.youtube.com\/user\/AYUNTAMIENTOCORIA"]},{"@type":"Person","@id":"https:\/\/coria.org\/ayuntamiento\/#\/schema\/person\/8bd589f0e13e8ae5aa06def7a599d622","name":"ayuntamiento","image":{"@type":"ImageObject","inLanguage":"es","@id":"https:\/\/secure.gravatar.com\/avatar\/966e5ed73cad334adda5c87f49f2547f7082f7292c1b627cbb548744383b391c?s=96&d=mm&r=g","url":"https:\/\/secure.gravatar.com\/avatar\/966e5ed73cad334adda5c87f49f2547f7082f7292c1b627cbb548744383b391c?s=96&d=mm&r=g","contentUrl":"https:\/\/secure.gravatar.com\/avatar\/966e5ed73cad334adda5c87f49f2547f7082f7292c1b627cbb548744383b391c?s=96&d=mm&r=g","caption":"ayuntamiento"}}]}},"uagb_featured_image_src":{"full":["https:\/\/coria.org\/ayuntamiento\/wp-content\/uploads\/2015\/11\/12208855_10208462368815875_5845284647886216375_n.jpg",960,720,false],"thumbnail":["https:\/\/coria.org\/ayuntamiento\/wp-content\/uploads\/2015\/11\/12208855_10208462368815875_5845284647886216375_n-150x150.jpg",150,150,true],"medium":["https:\/\/coria.org\/ayuntamiento\/wp-content\/uploads\/2015\/11\/12208855_10208462368815875_5845284647886216375_n-300x225.jpg",300,225,true],"medium_large":["https:\/\/coria.org\/ayuntamiento\/wp-content\/uploads\/2015\/11\/12208855_10208462368815875_5845284647886216375_n-768x576.jpg",768,576,true],"large":["https:\/\/coria.org\/ayuntamiento\/wp-content\/uploads\/2015\/11\/12208855_10208462368815875_5845284647886216375_n.jpg",960,720,false],"thumblist":["https:\/\/coria.org\/ayuntamiento\/wp-content\/uploads\/2015\/11\/12208855_10208462368815875_5845284647886216375_n.jpg",300,225,false],"thumbrelated":["https:\/\/coria.org\/ayuntamiento\/wp-content\/uploads\/2015\/11\/12208855_10208462368815875_5845284647886216375_n.jpg",500,375,false],"meccarouselthumb":["https:\/\/coria.org\/ayuntamiento\/wp-content\/uploads\/2015\/11\/12208855_10208462368815875_5845284647886216375_n.jpg",432,324,false],"gridsquare":["https:\/\/coria.org\/ayuntamiento\/wp-content\/uploads\/2015\/11\/12208855_10208462368815875_5845284647886216375_n.jpg",347,260,false],"tileview":["https:\/\/coria.org\/ayuntamiento\/wp-content\/uploads\/2015\/11\/12208855_10208462368815875_5845284647886216375_n.jpg",300,225,false],"1536x1536":["https:\/\/coria.org\/ayuntamiento\/wp-content\/uploads\/2015\/11\/12208855_10208462368815875_5845284647886216375_n.jpg",960,720,false],"2048x2048":["https:\/\/coria.org\/ayuntamiento\/wp-content\/uploads\/2015\/11\/12208855_10208462368815875_5845284647886216375_n.jpg",960,720,false]},"uagb_author_info":{"display_name":"ayuntamiento","author_link":"https:\/\/coria.org\/ayuntamiento\/index.php\/author\/ayuntamiento\/"},"uagb_comment_info":0,"uagb_excerpt":"Desde la concejal\u00eda de Juventud del Excmo. Ayuntamiento de Coria y la Oficina de Turismo de Coria han organizado el I Concurso Fotogr\u00e1fico online a trav\u00e9s de la red social m\u00f3vil Instagram Con este nuevo concurso se pretende promocionar tur\u00edsticamente la ciudad de Coria aprovechando la red social Instagram y la fotograf\u00eda a trav\u00e9s del&hellip;","_links":{"self":[{"href":"https:\/\/coria.org\/ayuntamiento\/index.php\/wp-json\/wp\/v2\/posts\/25510","targetHints":{"allow":["GET"]}}],"collection":[{"href":"https:\/\/coria.org\/ayuntamiento\/index.php\/wp-json\/wp\/v2\/posts"}],"about":[{"href":"https:\/\/coria.org\/ayuntamiento\/index.php\/wp-json\/wp\/v2\/types\/post"}],"author":[{"embeddable":true,"href":"https:\/\/coria.org\/ayuntamiento\/index.php\/wp-json\/wp\/v2\/users\/2"}],"replies":[{"embeddable":true,"href":"https:\/\/coria.org\/ayuntamiento\/index.php\/wp-json\/wp\/v2\/comments?post=25510"}],"version-history":[{"count":0,"href":"https:\/\/coria.org\/ayuntamiento\/index.php\/wp-json\/wp\/v2\/posts\/25510\/revisions"}],"wp:featuredmedia":[{"embeddable":true,"href":"https:\/\/coria.org\/ayuntamiento\/index.php\/wp-json\/wp\/v2\/media\/30261"}],"wp:attachment":[{"href":"https:\/\/coria.org\/ayuntamiento\/index.php\/wp-json\/wp\/v2\/media?parent=25510"}],"wp:term":[{"taxonomy":"category","embeddable":true,"href":"https:\/\/coria.org\/ayuntamiento\/index.php\/wp-json\/wp\/v2\/categories?post=25510"},{"taxonomy":"post_tag","embeddable":true,"href":"https:\/\/coria.org\/ayuntamiento\/index.php\/wp-json\/wp\/v2\/tags?post=25510"}],"curies":[{"name":"wp","href":"https:\/\/api.w.org\/{rel}","templated":true}]}}