{"id":25481,"date":"2015-12-11T00:00:00","date_gmt":"2015-12-11T00:00:00","guid":{"rendered":"https:\/\/ayuntamiento.coriaenimagenes.com\/el-alcalde-de-coria-valora-positivamente-la-reunion-mantenida-con-el-director-general-de-arquitectura-vivienda-y-suelo-del-gobierno-de-espana\/"},"modified":"2023-09-18T12:38:41","modified_gmt":"2023-09-18T10:38:41","slug":"el-alcalde-de-coria-valora-positivamente-la-reunion-mantenida-con-el-director-general-de-arquitectura-vivienda-y-suelo-del-gobierno-de-espana","status":"publish","type":"post","link":"https:\/\/coria.org\/ayuntamiento\/index.php\/2015\/12\/11\/el-alcalde-de-coria-valora-positivamente-la-reunion-mantenida-con-el-director-general-de-arquitectura-vivienda-y-suelo-del-gobierno-de-espana\/","title":{"rendered":"El Alcalde de Coria valora positivamente la reuni\u00f3n mantenida con el Director General de Arquitectura, Vivienda y Suelo del Gobierno de Espa\u00f1a"},"content":{"rendered":"\n<p><b>El Alcalde de Coria ha mantenido esta ma\u00f1ana una reuni\u00f3n, en el Ministerio de Fomento, con el Director General de Arquitectura, Vivienda y suelo del Gobierno de Espa\u00f1a, Juan Van-Halen Rodr\u00edguez, a la que tambi\u00e9n han asistido la teniente de Alcalde, Almudena Domingo Pirrongelli, y representantes de la Di\u00f3cesis de Coria-C\u00e1ceres.<\/b><\/p>\n\n<figure class=\"wp-block-post-featured-image\"><img loading=\"lazy\" decoding=\"async\" width=\"2560\" height=\"1707\" src=\"https:\/\/coria.org\/ayuntamiento\/wp-content\/uploads\/2015\/12\/IMG_9051-scaled.jpg\" class=\"attachment-post-thumbnail size-post-thumbnail wp-post-image\" alt=\"\" style=\"object-fit:cover;\" srcset=\"https:\/\/coria.org\/ayuntamiento\/wp-content\/uploads\/2015\/12\/IMG_9051-scaled.jpg 2560w, https:\/\/coria.org\/ayuntamiento\/wp-content\/uploads\/2015\/12\/IMG_9051-300x200.jpg 300w, https:\/\/coria.org\/ayuntamiento\/wp-content\/uploads\/2015\/12\/IMG_9051-1024x683.jpg 1024w, https:\/\/coria.org\/ayuntamiento\/wp-content\/uploads\/2015\/12\/IMG_9051-768x512.jpg 768w, https:\/\/coria.org\/ayuntamiento\/wp-content\/uploads\/2015\/12\/IMG_9051-1536x1024.jpg 1536w, https:\/\/coria.org\/ayuntamiento\/wp-content\/uploads\/2015\/12\/IMG_9051-2048x1365.jpg 2048w, https:\/\/coria.org\/ayuntamiento\/wp-content\/uploads\/2015\/12\/IMG_9051-1200x800.jpg 1200w\" sizes=\"auto, (max-width: 2560px) 100vw, 2560px\" \/><\/figure>\n\n<p><span style=\"font-family: verdana,arial,helvetica,sans-serif;\">Durante la reuni\u00f3n han estado viendo el Proyecto de Rehabilitaci\u00f3n y Consolidaci\u00f3n de la Catedral de Coria, manifestando que el encuentro ha sido \u00abmuy positivo\u00bb, y que \u00abestamos pendientes de la resoluci\u00f3n definitiva que se har\u00e1 oficial en breves fechas\u00bb.<\/span><\/p>\n\n\n<p><span style=\"font-family: verdana,arial,helvetica,sans-serif;\">Cabe recordar que estas obras son gracias al proyecto presentado ante el Ministerio de Fomento, uno de los mejores preparados ya que cumple con todos los requisitos necesarios, que est\u00e1 aprobado provisionalmente desde el mes de julio y que cuenta con una financiaci\u00f3n de 1,5 millones de euros del programa 1,5% cultural, para la primera fase de la rehabilitaci\u00f3n, que se basa en consolidar toda la cimentaci\u00f3n y estructura de la Seo Cauriense.<br \/>El primer edil ha destacado en muchas ocasiones que este edificio es \u00abuno de los espacios m\u00e1s emblem\u00e1ticos de Coria, por lo que su mejora es un aspecto muy importante para la ciudad y para este Equipo de Gobierno, por ello hay que llevarlo a cabo cuanto antes\u00bb.<br \/>Por su parte, la Junta de Extremadura, a trav\u00e9s de la Direcci\u00f3n General de Patrimonio Cultural, tambi\u00e9n ha confirmado que destinar\u00e1 300.000 euros a mejorar sus condiciones en dos anualidades, una de 150.000 en 2016 y otra del mismo importe en 2017, ya que este proyecto requiere de un convenio entre el Gobierno de Espa\u00f1a, la Junta de Extremadura y el Obispado de Coria-C\u00e1ceres.<\/span><\/p>\n","protected":false},"excerpt":{"rendered":"<p>El Alcalde de Coria ha mantenido esta ma\u00f1ana una reuni\u00f3n, en el Ministerio de Fomento, con el Director General de Arquitectura, Vivienda y suelo del Gobierno de Espa\u00f1a, Juan Van-Halen Rodr\u00edguez, a la que tambi\u00e9n han asistido la teniente de Alcalde, Almudena Domingo Pirrongelli, y representantes de la Di\u00f3cesis de Coria-C\u00e1ceres. Durante la reuni\u00f3n han [&hellip;]<\/p>\n","protected":false},"author":2,"featured_media":30203,"comment_status":"closed","ping_status":"closed","sticky":false,"template":"","format":"standard","meta":{"_uag_custom_page_level_css":"","footnotes":""},"categories":[2],"tags":[3,4],"class_list":["post-25481","post","type-post","status-publish","format-standard","has-post-thumbnail","hentry","category-noticias","tag-coria","tag-extremadura"],"yoast_head":"<!-- This site is optimized with the Yoast SEO plugin v27.4 - https:\/\/yoast.com\/product\/yoast-seo-wordpress\/ -->\n<title>El Alcalde de Coria valora positivamente la reuni\u00f3n mantenida con el Director General de Arquitectura, Vivienda y Suelo del Gobierno de Espa\u00f1a - Ayuntamiento de Coria<\/title>\n<meta name=\"robots\" content=\"index, follow, max-snippet:-1, max-image-preview:large, max-video-preview:-1\" \/>\n<link rel=\"canonical\" href=\"https:\/\/coria.org\/ayuntamiento\/index.php\/2015\/12\/11\/el-alcalde-de-coria-valora-positivamente-la-reunion-mantenida-con-el-director-general-de-arquitectura-vivienda-y-suelo-del-gobierno-de-espana\/\" \/>\n<meta property=\"og:locale\" content=\"es_ES\" \/>\n<meta property=\"og:type\" content=\"article\" \/>\n<meta property=\"og:title\" content=\"El Alcalde de Coria valora positivamente la reuni\u00f3n mantenida con el Director General de Arquitectura, Vivienda y Suelo del Gobierno de Espa\u00f1a - Ayuntamiento de Coria\" \/>\n<meta property=\"og:description\" content=\"El Alcalde de Coria ha mantenido esta ma\u00f1ana una reuni\u00f3n, en el Ministerio de Fomento, con el Director General de Arquitectura, Vivienda y suelo del Gobierno de Espa\u00f1a, Juan Van-Halen Rodr\u00edguez, a la que tambi\u00e9n han asistido la teniente de Alcalde, Almudena Domingo Pirrongelli, y representantes de la Di\u00f3cesis de Coria-C\u00e1ceres. Durante la reuni\u00f3n han [&hellip;]\" \/>\n<meta property=\"og:url\" content=\"https:\/\/coria.org\/ayuntamiento\/index.php\/2015\/12\/11\/el-alcalde-de-coria-valora-positivamente-la-reunion-mantenida-con-el-director-general-de-arquitectura-vivienda-y-suelo-del-gobierno-de-espana\/\" \/>\n<meta property=\"og:site_name\" content=\"Ayuntamiento de Coria\" \/>\n<meta property=\"article:publisher\" content=\"https:\/\/www.facebook.com\/Ayuntamiento.de.Coria\" \/>\n<meta property=\"article:published_time\" content=\"2015-12-11T00:00:00+00:00\" \/>\n<meta property=\"article:modified_time\" content=\"2023-09-18T10:38:41+00:00\" \/>\n<meta property=\"og:image\" content=\"https:\/\/coria.org\/ayuntamiento\/wp-content\/uploads\/2015\/12\/IMG_9051-scaled.jpg\" \/>\n\t<meta property=\"og:image:width\" content=\"2560\" \/>\n\t<meta property=\"og:image:height\" content=\"1707\" \/>\n\t<meta property=\"og:image:type\" content=\"image\/jpeg\" \/>\n<meta name=\"author\" content=\"ayuntamiento\" \/>\n<meta name=\"twitter:card\" content=\"summary_large_image\" \/>\n<meta name=\"twitter:creator\" content=\"@Ayto_de_Coria\" \/>\n<meta name=\"twitter:site\" content=\"@Ayto_de_Coria\" \/>\n<meta name=\"twitter:label1\" content=\"Escrito por\" \/>\n\t<meta name=\"twitter:data1\" content=\"ayuntamiento\" \/>\n\t<meta name=\"twitter:label2\" content=\"Tiempo de lectura\" \/>\n\t<meta name=\"twitter:data2\" content=\"1 minuto\" \/>\n<script type=\"application\/ld+json\" class=\"yoast-schema-graph\">{\"@context\":\"https:\\\/\\\/schema.org\",\"@graph\":[{\"@type\":\"Article\",\"@id\":\"https:\\\/\\\/coria.org\\\/ayuntamiento\\\/index.php\\\/2015\\\/12\\\/11\\\/el-alcalde-de-coria-valora-positivamente-la-reunion-mantenida-con-el-director-general-de-arquitectura-vivienda-y-suelo-del-gobierno-de-espana\\\/#article\",\"isPartOf\":{\"@id\":\"https:\\\/\\\/coria.org\\\/ayuntamiento\\\/index.php\\\/2015\\\/12\\\/11\\\/el-alcalde-de-coria-valora-positivamente-la-reunion-mantenida-con-el-director-general-de-arquitectura-vivienda-y-suelo-del-gobierno-de-espana\\\/\"},\"author\":{\"name\":\"ayuntamiento\",\"@id\":\"https:\\\/\\\/coria.org\\\/ayuntamiento\\\/#\\\/schema\\\/person\\\/8bd589f0e13e8ae5aa06def7a599d622\"},\"headline\":\"El Alcalde de Coria valora positivamente la reuni\u00f3n mantenida con el Director General de Arquitectura, Vivienda y Suelo del Gobierno de Espa\u00f1a\",\"datePublished\":\"2015-12-11T00:00:00+00:00\",\"dateModified\":\"2023-09-18T10:38:41+00:00\",\"mainEntityOfPage\":{\"@id\":\"https:\\\/\\\/coria.org\\\/ayuntamiento\\\/index.php\\\/2015\\\/12\\\/11\\\/el-alcalde-de-coria-valora-positivamente-la-reunion-mantenida-con-el-director-general-de-arquitectura-vivienda-y-suelo-del-gobierno-de-espana\\\/\"},\"wordCount\":315,\"publisher\":{\"@id\":\"https:\\\/\\\/coria.org\\\/ayuntamiento\\\/#organization\"},\"image\":{\"@id\":\"https:\\\/\\\/coria.org\\\/ayuntamiento\\\/index.php\\\/2015\\\/12\\\/11\\\/el-alcalde-de-coria-valora-positivamente-la-reunion-mantenida-con-el-director-general-de-arquitectura-vivienda-y-suelo-del-gobierno-de-espana\\\/#primaryimage\"},\"thumbnailUrl\":\"https:\\\/\\\/coria.org\\\/ayuntamiento\\\/wp-content\\\/uploads\\\/2015\\\/12\\\/IMG_9051-scaled.jpg\",\"keywords\":[\"coria\",\"extremadura\"],\"articleSection\":[\"Noticias\"],\"inLanguage\":\"es\"},{\"@type\":\"WebPage\",\"@id\":\"https:\\\/\\\/coria.org\\\/ayuntamiento\\\/index.php\\\/2015\\\/12\\\/11\\\/el-alcalde-de-coria-valora-positivamente-la-reunion-mantenida-con-el-director-general-de-arquitectura-vivienda-y-suelo-del-gobierno-de-espana\\\/\",\"url\":\"https:\\\/\\\/coria.org\\\/ayuntamiento\\\/index.php\\\/2015\\\/12\\\/11\\\/el-alcalde-de-coria-valora-positivamente-la-reunion-mantenida-con-el-director-general-de-arquitectura-vivienda-y-suelo-del-gobierno-de-espana\\\/\",\"name\":\"El Alcalde de Coria valora positivamente la reuni\u00f3n mantenida con el Director General de Arquitectura, Vivienda y Suelo del Gobierno de Espa\u00f1a - Ayuntamiento de Coria\",\"isPartOf\":{\"@id\":\"https:\\\/\\\/coria.org\\\/ayuntamiento\\\/#website\"},\"primaryImageOfPage\":{\"@id\":\"https:\\\/\\\/coria.org\\\/ayuntamiento\\\/index.php\\\/2015\\\/12\\\/11\\\/el-alcalde-de-coria-valora-positivamente-la-reunion-mantenida-con-el-director-general-de-arquitectura-vivienda-y-suelo-del-gobierno-de-espana\\\/#primaryimage\"},\"image\":{\"@id\":\"https:\\\/\\\/coria.org\\\/ayuntamiento\\\/index.php\\\/2015\\\/12\\\/11\\\/el-alcalde-de-coria-valora-positivamente-la-reunion-mantenida-con-el-director-general-de-arquitectura-vivienda-y-suelo-del-gobierno-de-espana\\\/#primaryimage\"},\"thumbnailUrl\":\"https:\\\/\\\/coria.org\\\/ayuntamiento\\\/wp-content\\\/uploads\\\/2015\\\/12\\\/IMG_9051-scaled.jpg\",\"datePublished\":\"2015-12-11T00:00:00+00:00\",\"dateModified\":\"2023-09-18T10:38:41+00:00\",\"breadcrumb\":{\"@id\":\"https:\\\/\\\/coria.org\\\/ayuntamiento\\\/index.php\\\/2015\\\/12\\\/11\\\/el-alcalde-de-coria-valora-positivamente-la-reunion-mantenida-con-el-director-general-de-arquitectura-vivienda-y-suelo-del-gobierno-de-espana\\\/#breadcrumb\"},\"inLanguage\":\"es\",\"potentialAction\":[{\"@type\":\"ReadAction\",\"target\":[\"https:\\\/\\\/coria.org\\\/ayuntamiento\\\/index.php\\\/2015\\\/12\\\/11\\\/el-alcalde-de-coria-valora-positivamente-la-reunion-mantenida-con-el-director-general-de-arquitectura-vivienda-y-suelo-del-gobierno-de-espana\\\/\"]}]},{\"@type\":\"ImageObject\",\"inLanguage\":\"es\",\"@id\":\"https:\\\/\\\/coria.org\\\/ayuntamiento\\\/index.php\\\/2015\\\/12\\\/11\\\/el-alcalde-de-coria-valora-positivamente-la-reunion-mantenida-con-el-director-general-de-arquitectura-vivienda-y-suelo-del-gobierno-de-espana\\\/#primaryimage\",\"url\":\"https:\\\/\\\/coria.org\\\/ayuntamiento\\\/wp-content\\\/uploads\\\/2015\\\/12\\\/IMG_9051-scaled.jpg\",\"contentUrl\":\"https:\\\/\\\/coria.org\\\/ayuntamiento\\\/wp-content\\\/uploads\\\/2015\\\/12\\\/IMG_9051-scaled.jpg\",\"width\":2560,\"height\":1707},{\"@type\":\"BreadcrumbList\",\"@id\":\"https:\\\/\\\/coria.org\\\/ayuntamiento\\\/index.php\\\/2015\\\/12\\\/11\\\/el-alcalde-de-coria-valora-positivamente-la-reunion-mantenida-con-el-director-general-de-arquitectura-vivienda-y-suelo-del-gobierno-de-espana\\\/#breadcrumb\",\"itemListElement\":[{\"@type\":\"ListItem\",\"position\":1,\"name\":\"Inicio\",\"item\":\"https:\\\/\\\/coria.org\\\/ayuntamiento\\\/\"},{\"@type\":\"ListItem\",\"position\":2,\"name\":\"El Alcalde de Coria valora positivamente la reuni\u00f3n mantenida con el Director General de Arquitectura, Vivienda y Suelo del Gobierno de Espa\u00f1a\"}]},{\"@type\":\"WebSite\",\"@id\":\"https:\\\/\\\/coria.org\\\/ayuntamiento\\\/#website\",\"url\":\"https:\\\/\\\/coria.org\\\/ayuntamiento\\\/\",\"name\":\"Ayuntamiento de Coria\",\"description\":\"Web oficial del Ayuntamiento de Coria\",\"publisher\":{\"@id\":\"https:\\\/\\\/coria.org\\\/ayuntamiento\\\/#organization\"},\"alternateName\":\"Web Oficial del Ayuntamiento de Coria\",\"potentialAction\":[{\"@type\":\"SearchAction\",\"target\":{\"@type\":\"EntryPoint\",\"urlTemplate\":\"https:\\\/\\\/coria.org\\\/ayuntamiento\\\/?s={search_term_string}\"},\"query-input\":{\"@type\":\"PropertyValueSpecification\",\"valueRequired\":true,\"valueName\":\"search_term_string\"}}],\"inLanguage\":\"es\"},{\"@type\":\"Organization\",\"@id\":\"https:\\\/\\\/coria.org\\\/ayuntamiento\\\/#organization\",\"name\":\"Ayuntamiento de Coria\",\"alternateName\":\"Ayto de Coria\",\"url\":\"https:\\\/\\\/coria.org\\\/ayuntamiento\\\/\",\"logo\":{\"@type\":\"ImageObject\",\"inLanguage\":\"es\",\"@id\":\"https:\\\/\\\/coria.org\\\/ayuntamiento\\\/#\\\/schema\\\/logo\\\/image\\\/\",\"url\":\"https:\\\/\\\/coria.org\\\/ayuntamiento\\\/wp-content\\\/uploads\\\/2020\\\/12\\\/escudo-ayuntamiento-coria.png\",\"contentUrl\":\"https:\\\/\\\/coria.org\\\/ayuntamiento\\\/wp-content\\\/uploads\\\/2020\\\/12\\\/escudo-ayuntamiento-coria.png\",\"width\":511,\"height\":240,\"caption\":\"Ayuntamiento de Coria\"},\"image\":{\"@id\":\"https:\\\/\\\/coria.org\\\/ayuntamiento\\\/#\\\/schema\\\/logo\\\/image\\\/\"},\"sameAs\":[\"https:\\\/\\\/www.facebook.com\\\/Ayuntamiento.de.Coria\",\"https:\\\/\\\/x.com\\\/Ayto_de_Coria\",\"https:\\\/\\\/www.instagram.com\\\/coria.ayuntamiento\\\/\",\"https:\\\/\\\/www.youtube.com\\\/user\\\/AYUNTAMIENTOCORIA\"]},{\"@type\":\"Person\",\"@id\":\"https:\\\/\\\/coria.org\\\/ayuntamiento\\\/#\\\/schema\\\/person\\\/8bd589f0e13e8ae5aa06def7a599d622\",\"name\":\"ayuntamiento\",\"image\":{\"@type\":\"ImageObject\",\"inLanguage\":\"es\",\"@id\":\"https:\\\/\\\/secure.gravatar.com\\\/avatar\\\/966e5ed73cad334adda5c87f49f2547f7082f7292c1b627cbb548744383b391c?s=96&d=mm&r=g\",\"url\":\"https:\\\/\\\/secure.gravatar.com\\\/avatar\\\/966e5ed73cad334adda5c87f49f2547f7082f7292c1b627cbb548744383b391c?s=96&d=mm&r=g\",\"contentUrl\":\"https:\\\/\\\/secure.gravatar.com\\\/avatar\\\/966e5ed73cad334adda5c87f49f2547f7082f7292c1b627cbb548744383b391c?s=96&d=mm&r=g\",\"caption\":\"ayuntamiento\"}}]}<\/script>\n<!-- \/ Yoast SEO plugin. -->","yoast_head_json":{"title":"El Alcalde de Coria valora positivamente la reuni\u00f3n mantenida con el Director General de Arquitectura, Vivienda y Suelo del Gobierno de Espa\u00f1a - Ayuntamiento de Coria","robots":{"index":"index","follow":"follow","max-snippet":"max-snippet:-1","max-image-preview":"max-image-preview:large","max-video-preview":"max-video-preview:-1"},"canonical":"https:\/\/coria.org\/ayuntamiento\/index.php\/2015\/12\/11\/el-alcalde-de-coria-valora-positivamente-la-reunion-mantenida-con-el-director-general-de-arquitectura-vivienda-y-suelo-del-gobierno-de-espana\/","og_locale":"es_ES","og_type":"article","og_title":"El Alcalde de Coria valora positivamente la reuni\u00f3n mantenida con el Director General de Arquitectura, Vivienda y Suelo del Gobierno de Espa\u00f1a - Ayuntamiento de Coria","og_description":"El Alcalde de Coria ha mantenido esta ma\u00f1ana una reuni\u00f3n, en el Ministerio de Fomento, con el Director General de Arquitectura, Vivienda y suelo del Gobierno de Espa\u00f1a, Juan Van-Halen Rodr\u00edguez, a la que tambi\u00e9n han asistido la teniente de Alcalde, Almudena Domingo Pirrongelli, y representantes de la Di\u00f3cesis de Coria-C\u00e1ceres. Durante la reuni\u00f3n han [&hellip;]","og_url":"https:\/\/coria.org\/ayuntamiento\/index.php\/2015\/12\/11\/el-alcalde-de-coria-valora-positivamente-la-reunion-mantenida-con-el-director-general-de-arquitectura-vivienda-y-suelo-del-gobierno-de-espana\/","og_site_name":"Ayuntamiento de Coria","article_publisher":"https:\/\/www.facebook.com\/Ayuntamiento.de.Coria","article_published_time":"2015-12-11T00:00:00+00:00","article_modified_time":"2023-09-18T10:38:41+00:00","og_image":[{"width":2560,"height":1707,"url":"https:\/\/coria.org\/ayuntamiento\/wp-content\/uploads\/2015\/12\/IMG_9051-scaled.jpg","type":"image\/jpeg"}],"author":"ayuntamiento","twitter_card":"summary_large_image","twitter_creator":"@Ayto_de_Coria","twitter_site":"@Ayto_de_Coria","twitter_misc":{"Escrito por":"ayuntamiento","Tiempo de lectura":"1 minuto"},"schema":{"@context":"https:\/\/schema.org","@graph":[{"@type":"Article","@id":"https:\/\/coria.org\/ayuntamiento\/index.php\/2015\/12\/11\/el-alcalde-de-coria-valora-positivamente-la-reunion-mantenida-con-el-director-general-de-arquitectura-vivienda-y-suelo-del-gobierno-de-espana\/#article","isPartOf":{"@id":"https:\/\/coria.org\/ayuntamiento\/index.php\/2015\/12\/11\/el-alcalde-de-coria-valora-positivamente-la-reunion-mantenida-con-el-director-general-de-arquitectura-vivienda-y-suelo-del-gobierno-de-espana\/"},"author":{"name":"ayuntamiento","@id":"https:\/\/coria.org\/ayuntamiento\/#\/schema\/person\/8bd589f0e13e8ae5aa06def7a599d622"},"headline":"El Alcalde de Coria valora positivamente la reuni\u00f3n mantenida con el Director General de Arquitectura, Vivienda y Suelo del Gobierno de Espa\u00f1a","datePublished":"2015-12-11T00:00:00+00:00","dateModified":"2023-09-18T10:38:41+00:00","mainEntityOfPage":{"@id":"https:\/\/coria.org\/ayuntamiento\/index.php\/2015\/12\/11\/el-alcalde-de-coria-valora-positivamente-la-reunion-mantenida-con-el-director-general-de-arquitectura-vivienda-y-suelo-del-gobierno-de-espana\/"},"wordCount":315,"publisher":{"@id":"https:\/\/coria.org\/ayuntamiento\/#organization"},"image":{"@id":"https:\/\/coria.org\/ayuntamiento\/index.php\/2015\/12\/11\/el-alcalde-de-coria-valora-positivamente-la-reunion-mantenida-con-el-director-general-de-arquitectura-vivienda-y-suelo-del-gobierno-de-espana\/#primaryimage"},"thumbnailUrl":"https:\/\/coria.org\/ayuntamiento\/wp-content\/uploads\/2015\/12\/IMG_9051-scaled.jpg","keywords":["coria","extremadura"],"articleSection":["Noticias"],"inLanguage":"es"},{"@type":"WebPage","@id":"https:\/\/coria.org\/ayuntamiento\/index.php\/2015\/12\/11\/el-alcalde-de-coria-valora-positivamente-la-reunion-mantenida-con-el-director-general-de-arquitectura-vivienda-y-suelo-del-gobierno-de-espana\/","url":"https:\/\/coria.org\/ayuntamiento\/index.php\/2015\/12\/11\/el-alcalde-de-coria-valora-positivamente-la-reunion-mantenida-con-el-director-general-de-arquitectura-vivienda-y-suelo-del-gobierno-de-espana\/","name":"El Alcalde de Coria valora positivamente la reuni\u00f3n mantenida con el Director General de Arquitectura, Vivienda y Suelo del Gobierno de Espa\u00f1a - Ayuntamiento de Coria","isPartOf":{"@id":"https:\/\/coria.org\/ayuntamiento\/#website"},"primaryImageOfPage":{"@id":"https:\/\/coria.org\/ayuntamiento\/index.php\/2015\/12\/11\/el-alcalde-de-coria-valora-positivamente-la-reunion-mantenida-con-el-director-general-de-arquitectura-vivienda-y-suelo-del-gobierno-de-espana\/#primaryimage"},"image":{"@id":"https:\/\/coria.org\/ayuntamiento\/index.php\/2015\/12\/11\/el-alcalde-de-coria-valora-positivamente-la-reunion-mantenida-con-el-director-general-de-arquitectura-vivienda-y-suelo-del-gobierno-de-espana\/#primaryimage"},"thumbnailUrl":"https:\/\/coria.org\/ayuntamiento\/wp-content\/uploads\/2015\/12\/IMG_9051-scaled.jpg","datePublished":"2015-12-11T00:00:00+00:00","dateModified":"2023-09-18T10:38:41+00:00","breadcrumb":{"@id":"https:\/\/coria.org\/ayuntamiento\/index.php\/2015\/12\/11\/el-alcalde-de-coria-valora-positivamente-la-reunion-mantenida-con-el-director-general-de-arquitectura-vivienda-y-suelo-del-gobierno-de-espana\/#breadcrumb"},"inLanguage":"es","potentialAction":[{"@type":"ReadAction","target":["https:\/\/coria.org\/ayuntamiento\/index.php\/2015\/12\/11\/el-alcalde-de-coria-valora-positivamente-la-reunion-mantenida-con-el-director-general-de-arquitectura-vivienda-y-suelo-del-gobierno-de-espana\/"]}]},{"@type":"ImageObject","inLanguage":"es","@id":"https:\/\/coria.org\/ayuntamiento\/index.php\/2015\/12\/11\/el-alcalde-de-coria-valora-positivamente-la-reunion-mantenida-con-el-director-general-de-arquitectura-vivienda-y-suelo-del-gobierno-de-espana\/#primaryimage","url":"https:\/\/coria.org\/ayuntamiento\/wp-content\/uploads\/2015\/12\/IMG_9051-scaled.jpg","contentUrl":"https:\/\/coria.org\/ayuntamiento\/wp-content\/uploads\/2015\/12\/IMG_9051-scaled.jpg","width":2560,"height":1707},{"@type":"BreadcrumbList","@id":"https:\/\/coria.org\/ayuntamiento\/index.php\/2015\/12\/11\/el-alcalde-de-coria-valora-positivamente-la-reunion-mantenida-con-el-director-general-de-arquitectura-vivienda-y-suelo-del-gobierno-de-espana\/#breadcrumb","itemListElement":[{"@type":"ListItem","position":1,"name":"Inicio","item":"https:\/\/coria.org\/ayuntamiento\/"},{"@type":"ListItem","position":2,"name":"El Alcalde de Coria valora positivamente la reuni\u00f3n mantenida con el Director General de Arquitectura, Vivienda y Suelo del Gobierno de Espa\u00f1a"}]},{"@type":"WebSite","@id":"https:\/\/coria.org\/ayuntamiento\/#website","url":"https:\/\/coria.org\/ayuntamiento\/","name":"Ayuntamiento de Coria","description":"Web oficial del Ayuntamiento de Coria","publisher":{"@id":"https:\/\/coria.org\/ayuntamiento\/#organization"},"alternateName":"Web Oficial del Ayuntamiento de Coria","potentialAction":[{"@type":"SearchAction","target":{"@type":"EntryPoint","urlTemplate":"https:\/\/coria.org\/ayuntamiento\/?s={search_term_string}"},"query-input":{"@type":"PropertyValueSpecification","valueRequired":true,"valueName":"search_term_string"}}],"inLanguage":"es"},{"@type":"Organization","@id":"https:\/\/coria.org\/ayuntamiento\/#organization","name":"Ayuntamiento de Coria","alternateName":"Ayto de Coria","url":"https:\/\/coria.org\/ayuntamiento\/","logo":{"@type":"ImageObject","inLanguage":"es","@id":"https:\/\/coria.org\/ayuntamiento\/#\/schema\/logo\/image\/","url":"https:\/\/coria.org\/ayuntamiento\/wp-content\/uploads\/2020\/12\/escudo-ayuntamiento-coria.png","contentUrl":"https:\/\/coria.org\/ayuntamiento\/wp-content\/uploads\/2020\/12\/escudo-ayuntamiento-coria.png","width":511,"height":240,"caption":"Ayuntamiento de Coria"},"image":{"@id":"https:\/\/coria.org\/ayuntamiento\/#\/schema\/logo\/image\/"},"sameAs":["https:\/\/www.facebook.com\/Ayuntamiento.de.Coria","https:\/\/x.com\/Ayto_de_Coria","https:\/\/www.instagram.com\/coria.ayuntamiento\/","https:\/\/www.youtube.com\/user\/AYUNTAMIENTOCORIA"]},{"@type":"Person","@id":"https:\/\/coria.org\/ayuntamiento\/#\/schema\/person\/8bd589f0e13e8ae5aa06def7a599d622","name":"ayuntamiento","image":{"@type":"ImageObject","inLanguage":"es","@id":"https:\/\/secure.gravatar.com\/avatar\/966e5ed73cad334adda5c87f49f2547f7082f7292c1b627cbb548744383b391c?s=96&d=mm&r=g","url":"https:\/\/secure.gravatar.com\/avatar\/966e5ed73cad334adda5c87f49f2547f7082f7292c1b627cbb548744383b391c?s=96&d=mm&r=g","contentUrl":"https:\/\/secure.gravatar.com\/avatar\/966e5ed73cad334adda5c87f49f2547f7082f7292c1b627cbb548744383b391c?s=96&d=mm&r=g","caption":"ayuntamiento"}}]}},"uagb_featured_image_src":{"full":["https:\/\/coria.org\/ayuntamiento\/wp-content\/uploads\/2015\/12\/IMG_9051-scaled.jpg",2560,1707,false],"thumbnail":["https:\/\/coria.org\/ayuntamiento\/wp-content\/uploads\/2015\/12\/IMG_9051-150x150.jpg",150,150,true],"medium":["https:\/\/coria.org\/ayuntamiento\/wp-content\/uploads\/2015\/12\/IMG_9051-300x200.jpg",300,200,true],"medium_large":["https:\/\/coria.org\/ayuntamiento\/wp-content\/uploads\/2015\/12\/IMG_9051-768x512.jpg",768,512,true],"large":["https:\/\/coria.org\/ayuntamiento\/wp-content\/uploads\/2015\/12\/IMG_9051-1024x683.jpg",1024,683,true],"thumblist":["https:\/\/coria.org\/ayuntamiento\/wp-content\/uploads\/2015\/12\/IMG_9051-scaled.jpg",300,200,false],"thumbrelated":["https:\/\/coria.org\/ayuntamiento\/wp-content\/uploads\/2015\/12\/IMG_9051-scaled.jpg",500,333,false],"meccarouselthumb":["https:\/\/coria.org\/ayuntamiento\/wp-content\/uploads\/2015\/12\/IMG_9051-scaled.jpg",474,316,false],"gridsquare":["https:\/\/coria.org\/ayuntamiento\/wp-content\/uploads\/2015\/12\/IMG_9051-scaled.jpg",391,260,false],"tileview":["https:\/\/coria.org\/ayuntamiento\/wp-content\/uploads\/2015\/12\/IMG_9051-scaled.jpg",300,200,false],"1536x1536":["https:\/\/coria.org\/ayuntamiento\/wp-content\/uploads\/2015\/12\/IMG_9051-1536x1024.jpg",1536,1024,true],"2048x2048":["https:\/\/coria.org\/ayuntamiento\/wp-content\/uploads\/2015\/12\/IMG_9051-2048x1365.jpg",2048,1365,true]},"uagb_author_info":{"display_name":"ayuntamiento","author_link":"https:\/\/coria.org\/ayuntamiento\/index.php\/author\/ayuntamiento\/"},"uagb_comment_info":0,"uagb_excerpt":"El Alcalde de Coria ha mantenido esta ma\u00f1ana una reuni\u00f3n, en el Ministerio de Fomento, con el Director General de Arquitectura, Vivienda y suelo del Gobierno de Espa\u00f1a, Juan Van-Halen Rodr\u00edguez, a la que tambi\u00e9n han asistido la teniente de Alcalde, Almudena Domingo Pirrongelli, y representantes de la Di\u00f3cesis de Coria-C\u00e1ceres. Durante la reuni\u00f3n han&hellip;","_links":{"self":[{"href":"https:\/\/coria.org\/ayuntamiento\/index.php\/wp-json\/wp\/v2\/posts\/25481","targetHints":{"allow":["GET"]}}],"collection":[{"href":"https:\/\/coria.org\/ayuntamiento\/index.php\/wp-json\/wp\/v2\/posts"}],"about":[{"href":"https:\/\/coria.org\/ayuntamiento\/index.php\/wp-json\/wp\/v2\/types\/post"}],"author":[{"embeddable":true,"href":"https:\/\/coria.org\/ayuntamiento\/index.php\/wp-json\/wp\/v2\/users\/2"}],"replies":[{"embeddable":true,"href":"https:\/\/coria.org\/ayuntamiento\/index.php\/wp-json\/wp\/v2\/comments?post=25481"}],"version-history":[{"count":0,"href":"https:\/\/coria.org\/ayuntamiento\/index.php\/wp-json\/wp\/v2\/posts\/25481\/revisions"}],"wp:featuredmedia":[{"embeddable":true,"href":"https:\/\/coria.org\/ayuntamiento\/index.php\/wp-json\/wp\/v2\/media\/30203"}],"wp:attachment":[{"href":"https:\/\/coria.org\/ayuntamiento\/index.php\/wp-json\/wp\/v2\/media?parent=25481"}],"wp:term":[{"taxonomy":"category","embeddable":true,"href":"https:\/\/coria.org\/ayuntamiento\/index.php\/wp-json\/wp\/v2\/categories?post=25481"},{"taxonomy":"post_tag","embeddable":true,"href":"https:\/\/coria.org\/ayuntamiento\/index.php\/wp-json\/wp\/v2\/tags?post=25481"}],"curies":[{"name":"wp","href":"https:\/\/api.w.org\/{rel}","templated":true}]}}