{"id":25479,"date":"2015-12-14T00:00:00","date_gmt":"2015-12-14T00:00:00","guid":{"rendered":"https:\/\/ayuntamiento.coriaenimagenes.com\/la-junta-de-extremadura-cierra-el-espacio-para-la-creacion-joven-de-coria\/"},"modified":"2023-09-18T12:38:41","modified_gmt":"2023-09-18T10:38:41","slug":"la-junta-de-extremadura-cierra-el-espacio-para-la-creacion-joven-de-coria","status":"publish","type":"post","link":"https:\/\/coria.org\/ayuntamiento\/index.php\/2015\/12\/14\/la-junta-de-extremadura-cierra-el-espacio-para-la-creacion-joven-de-coria\/","title":{"rendered":"La Junta de Extremadura cierra el Espacio para la Creaci\u00f3n Joven de Coria"},"content":{"rendered":"\n<p><b>El Alcalde de Coria ha dado esta ma\u00f1ana una rueda de prensa para confirmar el cierre del Espacio para la Creaci\u00f3n Joven de Coria por parte de la Direcci\u00f3n General de Juventud, a trav\u00e9s de su director Felipe Gonz\u00e1lez, y de la Junta de Extremadura.<\/b><\/p>\n\n<figure class=\"wp-block-post-featured-image\"><img loading=\"lazy\" decoding=\"async\" width=\"960\" height=\"539\" src=\"https:\/\/coria.org\/ayuntamiento\/wp-content\/uploads\/2015\/12\/ECJ-RDP.jpg\" class=\"attachment-post-thumbnail size-post-thumbnail wp-post-image\" alt=\"\" style=\"object-fit:cover;\" srcset=\"https:\/\/coria.org\/ayuntamiento\/wp-content\/uploads\/2015\/12\/ECJ-RDP.jpg 960w, https:\/\/coria.org\/ayuntamiento\/wp-content\/uploads\/2015\/12\/ECJ-RDP-300x168.jpg 300w, https:\/\/coria.org\/ayuntamiento\/wp-content\/uploads\/2015\/12\/ECJ-RDP-768x431.jpg 768w\" sizes=\"auto, (max-width: 960px) 100vw, 960px\" \/><\/figure>\n\n<p><span style=\"font-family: verdana,arial,helvetica,sans-serif;\">Seg\u00fan el edil, desde el Ejecutivo Regional han indicado que el espacio se clausurar\u00e1 porque no hay sustituci\u00f3n para la trabajadora que actualmente opera en las instalaciones y que pr\u00f3ximamente abandonar\u00e1 el puesto, pero esa excusa no es v\u00e1lida, ya que otra trabajadora de otro Espacio para la Creaci\u00f3n Joven solicit\u00f3 traslado a Coria, entre otras cosas para conciliar la vida laboral y familiar, pero le fue denegado.<\/span><\/p>\n\n\n<p><span style=\"font-family: verdana,arial,helvetica,sans-serif;\">Desde la Junta est\u00e1n teniendo diversos problemas, seg\u00fan han denunciado los sindicatos, con las plantillas de los trabajadores temporales e indefinidos, que son todos aquellos contratados para los Espacios de Creaci\u00f3n Joven de Extremadura, contratos hechos por los anteriores gobiernos socialistas, y que ahora est\u00e1n temiendo quedarse en la calle.<\/span><\/p>\n\n\n<p><span style=\"font-family: verdana,arial,helvetica,sans-serif;\">Seg\u00fan datos aportados por Garc\u00eda Ballestero, \u00abel Espacio para la Creaci\u00f3n Joven de Coria fue el primero en abrir en la provincia de C\u00e1ceres en marzo de 2003 y tambi\u00e9n el m\u00e1s grande de la provincia y el que m\u00e1s ha crecido desde el a\u00f1o 2011, que acabar\u00e1 este a\u00f1o 2015 superando los 15.000 visitantes, adem\u00e1s de convertirse en el escenario de trabajo de varias escuelas culturales como la de artes esc\u00e9nicas, pl\u00e1sticas o audiovisuales y por supuesto en el Skate Park\u00bb.<\/span><\/p>\n\n\n<p><span style=\"font-family: verdana,arial,helvetica,sans-serif;\">\u00abEste equipo de Gobierno se ha quedado realmente sorprendido de este cierre, ya que no han dado ninguna explicaci\u00f3n a este Ayuntamiento ni se han puesto en contacto en ning\u00fan momento con esta Alcald\u00eda, adem\u00e1s de que este espacio no se deber\u00eda de haber cerrado nunca\u00bb, seg\u00fan ha manifestado el primer edil. <\/span><\/p>\n\n\n<p><span style=\"font-family: verdana,arial,helvetica,sans-serif;\">\u00abDesde el Ayuntamiento de Coria le pedimos que lo abran inmediatamente, que nosotros como ayuntamiento estamos a disposici\u00f3n de la Direcci\u00f3n General de Juventud, de su director Felipe Gonz\u00e1lez, y de la Junta de Extremadura, cosa que al contrario no se est\u00e1 dando, para ayudar en lo que podamos, pero tambi\u00e9n es verdad que vamos a ayudar en lo mismo y en las mismas condiciones que el resto de ayuntamientos de Extremadura donde hay un Espacio para la Creaci\u00f3n Joven, ya que no puede ser que estos Espacios los mantenga la Junta en el resto de localidades menos en Coria, porque nosotros tambi\u00e9n somos extreme\u00f1os\u00bb.<\/span><\/p>\n\n\n<p><span style=\"font-family: verdana,arial,helvetica,sans-serif;\">El Ayuntamiento de Coria, ha manifestado, que est\u00e1 haciendo \u00ablo posible para que el Espacio para la Creaci\u00f3n Joven vuelva a abrirse en la mayor brevedad posible ya que es un punto de cultura, expresi\u00f3n y ocio para los m\u00e1s j\u00f3venes de Coria y en los datos se demuestra\u00bb. Por ello, esperan que cuando lo abran saquen esa plaza mediante concurso p\u00fablico, libre, donde pueda optar todo el mundo que tenga la formaci\u00f3n y la titulaci\u00f3n que se exija para los Espacios de Creaci\u00f3n Joven.<\/span><\/p>\n\n\n<p><span style=\"font-family: verdana,arial,helvetica,sans-serif;\">Adem\u00e1s de todo ello, los j\u00f3venes de la localidad est\u00e1n recogiendo firmas y han realizado varios actos durante la pasada semana para evitar el cierre permanente de las instalaciones y que pueda volver a estar a disposici\u00f3n de ellos cuanto antes.<\/span><\/p>\n\n\n<p><iframe loading=\"lazy\" src=\"https:\/\/www.youtube.com\/embed\/pvcAYeMck8k\" width=\"640\" height=\"480\" frameborder=\"0\" allowfullscreen=\"allowfullscreen\"><\/iframe><\/p>\n","protected":false},"excerpt":{"rendered":"<p>El Alcalde de Coria ha dado esta ma\u00f1ana una rueda de prensa para confirmar el cierre del Espacio para la Creaci\u00f3n Joven de Coria por parte de la Direcci\u00f3n General de Juventud, a trav\u00e9s de su director Felipe Gonz\u00e1lez, y de la Junta de Extremadura. Seg\u00fan el edil, desde el Ejecutivo Regional han indicado que [&hellip;]<\/p>\n","protected":false},"author":2,"featured_media":30197,"comment_status":"closed","ping_status":"closed","sticky":false,"template":"","format":"standard","meta":{"_uag_custom_page_level_css":"","footnotes":""},"categories":[2],"tags":[3,4],"class_list":["post-25479","post","type-post","status-publish","format-standard","has-post-thumbnail","hentry","category-noticias","tag-coria","tag-extremadura"],"yoast_head":"<!-- This site is optimized with the Yoast SEO plugin v27.4 - https:\/\/yoast.com\/product\/yoast-seo-wordpress\/ -->\n<title>La Junta de Extremadura cierra el Espacio para la Creaci\u00f3n Joven de Coria - Ayuntamiento de Coria<\/title>\n<meta name=\"robots\" content=\"index, follow, max-snippet:-1, max-image-preview:large, max-video-preview:-1\" \/>\n<link rel=\"canonical\" href=\"https:\/\/coria.org\/ayuntamiento\/index.php\/2015\/12\/14\/la-junta-de-extremadura-cierra-el-espacio-para-la-creacion-joven-de-coria\/\" \/>\n<meta property=\"og:locale\" content=\"es_ES\" \/>\n<meta property=\"og:type\" content=\"article\" \/>\n<meta property=\"og:title\" content=\"La Junta de Extremadura cierra el Espacio para la Creaci\u00f3n Joven de Coria - Ayuntamiento de Coria\" \/>\n<meta property=\"og:description\" content=\"El Alcalde de Coria ha dado esta ma\u00f1ana una rueda de prensa para confirmar el cierre del Espacio para la Creaci\u00f3n Joven de Coria por parte de la Direcci\u00f3n General de Juventud, a trav\u00e9s de su director Felipe Gonz\u00e1lez, y de la Junta de Extremadura. Seg\u00fan el edil, desde el Ejecutivo Regional han indicado que [&hellip;]\" \/>\n<meta property=\"og:url\" content=\"https:\/\/coria.org\/ayuntamiento\/index.php\/2015\/12\/14\/la-junta-de-extremadura-cierra-el-espacio-para-la-creacion-joven-de-coria\/\" \/>\n<meta property=\"og:site_name\" content=\"Ayuntamiento de Coria\" \/>\n<meta property=\"article:publisher\" content=\"https:\/\/www.facebook.com\/Ayuntamiento.de.Coria\" \/>\n<meta property=\"article:published_time\" content=\"2015-12-14T00:00:00+00:00\" \/>\n<meta property=\"article:modified_time\" content=\"2023-09-18T10:38:41+00:00\" \/>\n<meta property=\"og:image\" content=\"https:\/\/coria.org\/ayuntamiento\/wp-content\/uploads\/2015\/12\/ECJ-RDP.jpg\" \/>\n\t<meta property=\"og:image:width\" content=\"960\" \/>\n\t<meta property=\"og:image:height\" content=\"539\" \/>\n\t<meta property=\"og:image:type\" content=\"image\/jpeg\" \/>\n<meta name=\"author\" content=\"ayuntamiento\" \/>\n<meta name=\"twitter:card\" content=\"summary_large_image\" \/>\n<meta name=\"twitter:creator\" content=\"@Ayto_de_Coria\" \/>\n<meta name=\"twitter:site\" content=\"@Ayto_de_Coria\" \/>\n<meta name=\"twitter:label1\" content=\"Escrito por\" \/>\n\t<meta name=\"twitter:data1\" content=\"ayuntamiento\" \/>\n\t<meta name=\"twitter:label2\" content=\"Tiempo de lectura\" \/>\n\t<meta name=\"twitter:data2\" content=\"3 minutos\" \/>\n<script type=\"application\/ld+json\" class=\"yoast-schema-graph\">{\"@context\":\"https:\\\/\\\/schema.org\",\"@graph\":[{\"@type\":\"Article\",\"@id\":\"https:\\\/\\\/coria.org\\\/ayuntamiento\\\/index.php\\\/2015\\\/12\\\/14\\\/la-junta-de-extremadura-cierra-el-espacio-para-la-creacion-joven-de-coria\\\/#article\",\"isPartOf\":{\"@id\":\"https:\\\/\\\/coria.org\\\/ayuntamiento\\\/index.php\\\/2015\\\/12\\\/14\\\/la-junta-de-extremadura-cierra-el-espacio-para-la-creacion-joven-de-coria\\\/\"},\"author\":{\"name\":\"ayuntamiento\",\"@id\":\"https:\\\/\\\/coria.org\\\/ayuntamiento\\\/#\\\/schema\\\/person\\\/8bd589f0e13e8ae5aa06def7a599d622\"},\"headline\":\"La Junta de Extremadura cierra el Espacio para la Creaci\u00f3n Joven de Coria\",\"datePublished\":\"2015-12-14T00:00:00+00:00\",\"dateModified\":\"2023-09-18T10:38:41+00:00\",\"mainEntityOfPage\":{\"@id\":\"https:\\\/\\\/coria.org\\\/ayuntamiento\\\/index.php\\\/2015\\\/12\\\/14\\\/la-junta-de-extremadura-cierra-el-espacio-para-la-creacion-joven-de-coria\\\/\"},\"wordCount\":589,\"publisher\":{\"@id\":\"https:\\\/\\\/coria.org\\\/ayuntamiento\\\/#organization\"},\"image\":{\"@id\":\"https:\\\/\\\/coria.org\\\/ayuntamiento\\\/index.php\\\/2015\\\/12\\\/14\\\/la-junta-de-extremadura-cierra-el-espacio-para-la-creacion-joven-de-coria\\\/#primaryimage\"},\"thumbnailUrl\":\"https:\\\/\\\/coria.org\\\/ayuntamiento\\\/wp-content\\\/uploads\\\/2015\\\/12\\\/ECJ-RDP.jpg\",\"keywords\":[\"coria\",\"extremadura\"],\"articleSection\":[\"Noticias\"],\"inLanguage\":\"es\"},{\"@type\":\"WebPage\",\"@id\":\"https:\\\/\\\/coria.org\\\/ayuntamiento\\\/index.php\\\/2015\\\/12\\\/14\\\/la-junta-de-extremadura-cierra-el-espacio-para-la-creacion-joven-de-coria\\\/\",\"url\":\"https:\\\/\\\/coria.org\\\/ayuntamiento\\\/index.php\\\/2015\\\/12\\\/14\\\/la-junta-de-extremadura-cierra-el-espacio-para-la-creacion-joven-de-coria\\\/\",\"name\":\"La Junta de Extremadura cierra el Espacio para la Creaci\u00f3n Joven de Coria - Ayuntamiento de Coria\",\"isPartOf\":{\"@id\":\"https:\\\/\\\/coria.org\\\/ayuntamiento\\\/#website\"},\"primaryImageOfPage\":{\"@id\":\"https:\\\/\\\/coria.org\\\/ayuntamiento\\\/index.php\\\/2015\\\/12\\\/14\\\/la-junta-de-extremadura-cierra-el-espacio-para-la-creacion-joven-de-coria\\\/#primaryimage\"},\"image\":{\"@id\":\"https:\\\/\\\/coria.org\\\/ayuntamiento\\\/index.php\\\/2015\\\/12\\\/14\\\/la-junta-de-extremadura-cierra-el-espacio-para-la-creacion-joven-de-coria\\\/#primaryimage\"},\"thumbnailUrl\":\"https:\\\/\\\/coria.org\\\/ayuntamiento\\\/wp-content\\\/uploads\\\/2015\\\/12\\\/ECJ-RDP.jpg\",\"datePublished\":\"2015-12-14T00:00:00+00:00\",\"dateModified\":\"2023-09-18T10:38:41+00:00\",\"breadcrumb\":{\"@id\":\"https:\\\/\\\/coria.org\\\/ayuntamiento\\\/index.php\\\/2015\\\/12\\\/14\\\/la-junta-de-extremadura-cierra-el-espacio-para-la-creacion-joven-de-coria\\\/#breadcrumb\"},\"inLanguage\":\"es\",\"potentialAction\":[{\"@type\":\"ReadAction\",\"target\":[\"https:\\\/\\\/coria.org\\\/ayuntamiento\\\/index.php\\\/2015\\\/12\\\/14\\\/la-junta-de-extremadura-cierra-el-espacio-para-la-creacion-joven-de-coria\\\/\"]}]},{\"@type\":\"ImageObject\",\"inLanguage\":\"es\",\"@id\":\"https:\\\/\\\/coria.org\\\/ayuntamiento\\\/index.php\\\/2015\\\/12\\\/14\\\/la-junta-de-extremadura-cierra-el-espacio-para-la-creacion-joven-de-coria\\\/#primaryimage\",\"url\":\"https:\\\/\\\/coria.org\\\/ayuntamiento\\\/wp-content\\\/uploads\\\/2015\\\/12\\\/ECJ-RDP.jpg\",\"contentUrl\":\"https:\\\/\\\/coria.org\\\/ayuntamiento\\\/wp-content\\\/uploads\\\/2015\\\/12\\\/ECJ-RDP.jpg\",\"width\":960,\"height\":539},{\"@type\":\"BreadcrumbList\",\"@id\":\"https:\\\/\\\/coria.org\\\/ayuntamiento\\\/index.php\\\/2015\\\/12\\\/14\\\/la-junta-de-extremadura-cierra-el-espacio-para-la-creacion-joven-de-coria\\\/#breadcrumb\",\"itemListElement\":[{\"@type\":\"ListItem\",\"position\":1,\"name\":\"Inicio\",\"item\":\"https:\\\/\\\/coria.org\\\/ayuntamiento\\\/\"},{\"@type\":\"ListItem\",\"position\":2,\"name\":\"La Junta de Extremadura cierra el Espacio para la Creaci\u00f3n Joven de Coria\"}]},{\"@type\":\"WebSite\",\"@id\":\"https:\\\/\\\/coria.org\\\/ayuntamiento\\\/#website\",\"url\":\"https:\\\/\\\/coria.org\\\/ayuntamiento\\\/\",\"name\":\"Ayuntamiento de Coria\",\"description\":\"Web oficial del Ayuntamiento de Coria\",\"publisher\":{\"@id\":\"https:\\\/\\\/coria.org\\\/ayuntamiento\\\/#organization\"},\"alternateName\":\"Web Oficial del Ayuntamiento de Coria\",\"potentialAction\":[{\"@type\":\"SearchAction\",\"target\":{\"@type\":\"EntryPoint\",\"urlTemplate\":\"https:\\\/\\\/coria.org\\\/ayuntamiento\\\/?s={search_term_string}\"},\"query-input\":{\"@type\":\"PropertyValueSpecification\",\"valueRequired\":true,\"valueName\":\"search_term_string\"}}],\"inLanguage\":\"es\"},{\"@type\":\"Organization\",\"@id\":\"https:\\\/\\\/coria.org\\\/ayuntamiento\\\/#organization\",\"name\":\"Ayuntamiento de Coria\",\"alternateName\":\"Ayto de Coria\",\"url\":\"https:\\\/\\\/coria.org\\\/ayuntamiento\\\/\",\"logo\":{\"@type\":\"ImageObject\",\"inLanguage\":\"es\",\"@id\":\"https:\\\/\\\/coria.org\\\/ayuntamiento\\\/#\\\/schema\\\/logo\\\/image\\\/\",\"url\":\"https:\\\/\\\/coria.org\\\/ayuntamiento\\\/wp-content\\\/uploads\\\/2020\\\/12\\\/escudo-ayuntamiento-coria.png\",\"contentUrl\":\"https:\\\/\\\/coria.org\\\/ayuntamiento\\\/wp-content\\\/uploads\\\/2020\\\/12\\\/escudo-ayuntamiento-coria.png\",\"width\":511,\"height\":240,\"caption\":\"Ayuntamiento de Coria\"},\"image\":{\"@id\":\"https:\\\/\\\/coria.org\\\/ayuntamiento\\\/#\\\/schema\\\/logo\\\/image\\\/\"},\"sameAs\":[\"https:\\\/\\\/www.facebook.com\\\/Ayuntamiento.de.Coria\",\"https:\\\/\\\/x.com\\\/Ayto_de_Coria\",\"https:\\\/\\\/www.instagram.com\\\/coria.ayuntamiento\\\/\",\"https:\\\/\\\/www.youtube.com\\\/user\\\/AYUNTAMIENTOCORIA\"]},{\"@type\":\"Person\",\"@id\":\"https:\\\/\\\/coria.org\\\/ayuntamiento\\\/#\\\/schema\\\/person\\\/8bd589f0e13e8ae5aa06def7a599d622\",\"name\":\"ayuntamiento\",\"image\":{\"@type\":\"ImageObject\",\"inLanguage\":\"es\",\"@id\":\"https:\\\/\\\/secure.gravatar.com\\\/avatar\\\/966e5ed73cad334adda5c87f49f2547f7082f7292c1b627cbb548744383b391c?s=96&d=mm&r=g\",\"url\":\"https:\\\/\\\/secure.gravatar.com\\\/avatar\\\/966e5ed73cad334adda5c87f49f2547f7082f7292c1b627cbb548744383b391c?s=96&d=mm&r=g\",\"contentUrl\":\"https:\\\/\\\/secure.gravatar.com\\\/avatar\\\/966e5ed73cad334adda5c87f49f2547f7082f7292c1b627cbb548744383b391c?s=96&d=mm&r=g\",\"caption\":\"ayuntamiento\"}}]}<\/script>\n<!-- \/ Yoast SEO plugin. -->","yoast_head_json":{"title":"La Junta de Extremadura cierra el Espacio para la Creaci\u00f3n Joven de Coria - Ayuntamiento de Coria","robots":{"index":"index","follow":"follow","max-snippet":"max-snippet:-1","max-image-preview":"max-image-preview:large","max-video-preview":"max-video-preview:-1"},"canonical":"https:\/\/coria.org\/ayuntamiento\/index.php\/2015\/12\/14\/la-junta-de-extremadura-cierra-el-espacio-para-la-creacion-joven-de-coria\/","og_locale":"es_ES","og_type":"article","og_title":"La Junta de Extremadura cierra el Espacio para la Creaci\u00f3n Joven de Coria - Ayuntamiento de Coria","og_description":"El Alcalde de Coria ha dado esta ma\u00f1ana una rueda de prensa para confirmar el cierre del Espacio para la Creaci\u00f3n Joven de Coria por parte de la Direcci\u00f3n General de Juventud, a trav\u00e9s de su director Felipe Gonz\u00e1lez, y de la Junta de Extremadura. Seg\u00fan el edil, desde el Ejecutivo Regional han indicado que [&hellip;]","og_url":"https:\/\/coria.org\/ayuntamiento\/index.php\/2015\/12\/14\/la-junta-de-extremadura-cierra-el-espacio-para-la-creacion-joven-de-coria\/","og_site_name":"Ayuntamiento de Coria","article_publisher":"https:\/\/www.facebook.com\/Ayuntamiento.de.Coria","article_published_time":"2015-12-14T00:00:00+00:00","article_modified_time":"2023-09-18T10:38:41+00:00","og_image":[{"width":960,"height":539,"url":"https:\/\/coria.org\/ayuntamiento\/wp-content\/uploads\/2015\/12\/ECJ-RDP.jpg","type":"image\/jpeg"}],"author":"ayuntamiento","twitter_card":"summary_large_image","twitter_creator":"@Ayto_de_Coria","twitter_site":"@Ayto_de_Coria","twitter_misc":{"Escrito por":"ayuntamiento","Tiempo de lectura":"3 minutos"},"schema":{"@context":"https:\/\/schema.org","@graph":[{"@type":"Article","@id":"https:\/\/coria.org\/ayuntamiento\/index.php\/2015\/12\/14\/la-junta-de-extremadura-cierra-el-espacio-para-la-creacion-joven-de-coria\/#article","isPartOf":{"@id":"https:\/\/coria.org\/ayuntamiento\/index.php\/2015\/12\/14\/la-junta-de-extremadura-cierra-el-espacio-para-la-creacion-joven-de-coria\/"},"author":{"name":"ayuntamiento","@id":"https:\/\/coria.org\/ayuntamiento\/#\/schema\/person\/8bd589f0e13e8ae5aa06def7a599d622"},"headline":"La Junta de Extremadura cierra el Espacio para la Creaci\u00f3n Joven de Coria","datePublished":"2015-12-14T00:00:00+00:00","dateModified":"2023-09-18T10:38:41+00:00","mainEntityOfPage":{"@id":"https:\/\/coria.org\/ayuntamiento\/index.php\/2015\/12\/14\/la-junta-de-extremadura-cierra-el-espacio-para-la-creacion-joven-de-coria\/"},"wordCount":589,"publisher":{"@id":"https:\/\/coria.org\/ayuntamiento\/#organization"},"image":{"@id":"https:\/\/coria.org\/ayuntamiento\/index.php\/2015\/12\/14\/la-junta-de-extremadura-cierra-el-espacio-para-la-creacion-joven-de-coria\/#primaryimage"},"thumbnailUrl":"https:\/\/coria.org\/ayuntamiento\/wp-content\/uploads\/2015\/12\/ECJ-RDP.jpg","keywords":["coria","extremadura"],"articleSection":["Noticias"],"inLanguage":"es"},{"@type":"WebPage","@id":"https:\/\/coria.org\/ayuntamiento\/index.php\/2015\/12\/14\/la-junta-de-extremadura-cierra-el-espacio-para-la-creacion-joven-de-coria\/","url":"https:\/\/coria.org\/ayuntamiento\/index.php\/2015\/12\/14\/la-junta-de-extremadura-cierra-el-espacio-para-la-creacion-joven-de-coria\/","name":"La Junta de Extremadura cierra el Espacio para la Creaci\u00f3n Joven de Coria - Ayuntamiento de Coria","isPartOf":{"@id":"https:\/\/coria.org\/ayuntamiento\/#website"},"primaryImageOfPage":{"@id":"https:\/\/coria.org\/ayuntamiento\/index.php\/2015\/12\/14\/la-junta-de-extremadura-cierra-el-espacio-para-la-creacion-joven-de-coria\/#primaryimage"},"image":{"@id":"https:\/\/coria.org\/ayuntamiento\/index.php\/2015\/12\/14\/la-junta-de-extremadura-cierra-el-espacio-para-la-creacion-joven-de-coria\/#primaryimage"},"thumbnailUrl":"https:\/\/coria.org\/ayuntamiento\/wp-content\/uploads\/2015\/12\/ECJ-RDP.jpg","datePublished":"2015-12-14T00:00:00+00:00","dateModified":"2023-09-18T10:38:41+00:00","breadcrumb":{"@id":"https:\/\/coria.org\/ayuntamiento\/index.php\/2015\/12\/14\/la-junta-de-extremadura-cierra-el-espacio-para-la-creacion-joven-de-coria\/#breadcrumb"},"inLanguage":"es","potentialAction":[{"@type":"ReadAction","target":["https:\/\/coria.org\/ayuntamiento\/index.php\/2015\/12\/14\/la-junta-de-extremadura-cierra-el-espacio-para-la-creacion-joven-de-coria\/"]}]},{"@type":"ImageObject","inLanguage":"es","@id":"https:\/\/coria.org\/ayuntamiento\/index.php\/2015\/12\/14\/la-junta-de-extremadura-cierra-el-espacio-para-la-creacion-joven-de-coria\/#primaryimage","url":"https:\/\/coria.org\/ayuntamiento\/wp-content\/uploads\/2015\/12\/ECJ-RDP.jpg","contentUrl":"https:\/\/coria.org\/ayuntamiento\/wp-content\/uploads\/2015\/12\/ECJ-RDP.jpg","width":960,"height":539},{"@type":"BreadcrumbList","@id":"https:\/\/coria.org\/ayuntamiento\/index.php\/2015\/12\/14\/la-junta-de-extremadura-cierra-el-espacio-para-la-creacion-joven-de-coria\/#breadcrumb","itemListElement":[{"@type":"ListItem","position":1,"name":"Inicio","item":"https:\/\/coria.org\/ayuntamiento\/"},{"@type":"ListItem","position":2,"name":"La Junta de Extremadura cierra el Espacio para la Creaci\u00f3n Joven de Coria"}]},{"@type":"WebSite","@id":"https:\/\/coria.org\/ayuntamiento\/#website","url":"https:\/\/coria.org\/ayuntamiento\/","name":"Ayuntamiento de Coria","description":"Web oficial del Ayuntamiento de Coria","publisher":{"@id":"https:\/\/coria.org\/ayuntamiento\/#organization"},"alternateName":"Web Oficial del Ayuntamiento de Coria","potentialAction":[{"@type":"SearchAction","target":{"@type":"EntryPoint","urlTemplate":"https:\/\/coria.org\/ayuntamiento\/?s={search_term_string}"},"query-input":{"@type":"PropertyValueSpecification","valueRequired":true,"valueName":"search_term_string"}}],"inLanguage":"es"},{"@type":"Organization","@id":"https:\/\/coria.org\/ayuntamiento\/#organization","name":"Ayuntamiento de Coria","alternateName":"Ayto de Coria","url":"https:\/\/coria.org\/ayuntamiento\/","logo":{"@type":"ImageObject","inLanguage":"es","@id":"https:\/\/coria.org\/ayuntamiento\/#\/schema\/logo\/image\/","url":"https:\/\/coria.org\/ayuntamiento\/wp-content\/uploads\/2020\/12\/escudo-ayuntamiento-coria.png","contentUrl":"https:\/\/coria.org\/ayuntamiento\/wp-content\/uploads\/2020\/12\/escudo-ayuntamiento-coria.png","width":511,"height":240,"caption":"Ayuntamiento de Coria"},"image":{"@id":"https:\/\/coria.org\/ayuntamiento\/#\/schema\/logo\/image\/"},"sameAs":["https:\/\/www.facebook.com\/Ayuntamiento.de.Coria","https:\/\/x.com\/Ayto_de_Coria","https:\/\/www.instagram.com\/coria.ayuntamiento\/","https:\/\/www.youtube.com\/user\/AYUNTAMIENTOCORIA"]},{"@type":"Person","@id":"https:\/\/coria.org\/ayuntamiento\/#\/schema\/person\/8bd589f0e13e8ae5aa06def7a599d622","name":"ayuntamiento","image":{"@type":"ImageObject","inLanguage":"es","@id":"https:\/\/secure.gravatar.com\/avatar\/966e5ed73cad334adda5c87f49f2547f7082f7292c1b627cbb548744383b391c?s=96&d=mm&r=g","url":"https:\/\/secure.gravatar.com\/avatar\/966e5ed73cad334adda5c87f49f2547f7082f7292c1b627cbb548744383b391c?s=96&d=mm&r=g","contentUrl":"https:\/\/secure.gravatar.com\/avatar\/966e5ed73cad334adda5c87f49f2547f7082f7292c1b627cbb548744383b391c?s=96&d=mm&r=g","caption":"ayuntamiento"}}]}},"uagb_featured_image_src":{"full":["https:\/\/coria.org\/ayuntamiento\/wp-content\/uploads\/2015\/12\/ECJ-RDP.jpg",960,539,false],"thumbnail":["https:\/\/coria.org\/ayuntamiento\/wp-content\/uploads\/2015\/12\/ECJ-RDP-150x150.jpg",150,150,true],"medium":["https:\/\/coria.org\/ayuntamiento\/wp-content\/uploads\/2015\/12\/ECJ-RDP-300x168.jpg",300,168,true],"medium_large":["https:\/\/coria.org\/ayuntamiento\/wp-content\/uploads\/2015\/12\/ECJ-RDP-768x431.jpg",768,431,true],"large":["https:\/\/coria.org\/ayuntamiento\/wp-content\/uploads\/2015\/12\/ECJ-RDP.jpg",960,539,false],"thumblist":["https:\/\/coria.org\/ayuntamiento\/wp-content\/uploads\/2015\/12\/ECJ-RDP.jpg",300,168,false],"thumbrelated":["https:\/\/coria.org\/ayuntamiento\/wp-content\/uploads\/2015\/12\/ECJ-RDP.jpg",500,281,false],"meccarouselthumb":["https:\/\/coria.org\/ayuntamiento\/wp-content\/uploads\/2015\/12\/ECJ-RDP.jpg",474,266,false],"gridsquare":["https:\/\/coria.org\/ayuntamiento\/wp-content\/uploads\/2015\/12\/ECJ-RDP.jpg",391,220,false],"tileview":["https:\/\/coria.org\/ayuntamiento\/wp-content\/uploads\/2015\/12\/ECJ-RDP.jpg",300,168,false],"1536x1536":["https:\/\/coria.org\/ayuntamiento\/wp-content\/uploads\/2015\/12\/ECJ-RDP.jpg",960,539,false],"2048x2048":["https:\/\/coria.org\/ayuntamiento\/wp-content\/uploads\/2015\/12\/ECJ-RDP.jpg",960,539,false]},"uagb_author_info":{"display_name":"ayuntamiento","author_link":"https:\/\/coria.org\/ayuntamiento\/index.php\/author\/ayuntamiento\/"},"uagb_comment_info":0,"uagb_excerpt":"El Alcalde de Coria ha dado esta ma\u00f1ana una rueda de prensa para confirmar el cierre del Espacio para la Creaci\u00f3n Joven de Coria por parte de la Direcci\u00f3n General de Juventud, a trav\u00e9s de su director Felipe Gonz\u00e1lez, y de la Junta de Extremadura. Seg\u00fan el edil, desde el Ejecutivo Regional han indicado que&hellip;","_links":{"self":[{"href":"https:\/\/coria.org\/ayuntamiento\/index.php\/wp-json\/wp\/v2\/posts\/25479","targetHints":{"allow":["GET"]}}],"collection":[{"href":"https:\/\/coria.org\/ayuntamiento\/index.php\/wp-json\/wp\/v2\/posts"}],"about":[{"href":"https:\/\/coria.org\/ayuntamiento\/index.php\/wp-json\/wp\/v2\/types\/post"}],"author":[{"embeddable":true,"href":"https:\/\/coria.org\/ayuntamiento\/index.php\/wp-json\/wp\/v2\/users\/2"}],"replies":[{"embeddable":true,"href":"https:\/\/coria.org\/ayuntamiento\/index.php\/wp-json\/wp\/v2\/comments?post=25479"}],"version-history":[{"count":0,"href":"https:\/\/coria.org\/ayuntamiento\/index.php\/wp-json\/wp\/v2\/posts\/25479\/revisions"}],"wp:featuredmedia":[{"embeddable":true,"href":"https:\/\/coria.org\/ayuntamiento\/index.php\/wp-json\/wp\/v2\/media\/30197"}],"wp:attachment":[{"href":"https:\/\/coria.org\/ayuntamiento\/index.php\/wp-json\/wp\/v2\/media?parent=25479"}],"wp:term":[{"taxonomy":"category","embeddable":true,"href":"https:\/\/coria.org\/ayuntamiento\/index.php\/wp-json\/wp\/v2\/categories?post=25479"},{"taxonomy":"post_tag","embeddable":true,"href":"https:\/\/coria.org\/ayuntamiento\/index.php\/wp-json\/wp\/v2\/tags?post=25479"}],"curies":[{"name":"wp","href":"https:\/\/api.w.org\/{rel}","templated":true}]}}