{"id":25476,"date":"2015-12-16T00:00:00","date_gmt":"2015-12-16T00:00:00","guid":{"rendered":"https:\/\/ayuntamiento.coriaenimagenes.com\/presentacion-oficial-de-los-equipos-de-baloncesto-de-a-d-caurium\/"},"modified":"2023-09-18T12:38:41","modified_gmt":"2023-09-18T10:38:41","slug":"presentacion-oficial-de-los-equipos-de-baloncesto-de-a-d-caurium","status":"publish","type":"post","link":"https:\/\/coria.org\/ayuntamiento\/index.php\/2015\/12\/16\/presentacion-oficial-de-los-equipos-de-baloncesto-de-a-d-caurium\/","title":{"rendered":"Presentaci\u00f3n Oficial de los equipos de baloncesto de A.D. Caurium"},"content":{"rendered":"\n<p><b>Este domingo 13 de diciembre, en el Pabell\u00f3n Municipal de Deportes de Coria, tuvo lugar la presentaci\u00f3n oficial de los equipos de baloncesto de la Asociaci\u00f3n Deportiva Caurium para la temporada 2015\/16.<\/b><\/p>\n\n<figure class=\"wp-block-post-featured-image\"><img loading=\"lazy\" decoding=\"async\" width=\"2560\" height=\"1920\" src=\"https:\/\/coria.org\/ayuntamiento\/wp-content\/uploads\/2015\/12\/DSCN2992-scaled.jpg\" class=\"attachment-post-thumbnail size-post-thumbnail wp-post-image\" alt=\"\" style=\"object-fit:cover;\" srcset=\"https:\/\/coria.org\/ayuntamiento\/wp-content\/uploads\/2015\/12\/DSCN2992-scaled.jpg 2560w, https:\/\/coria.org\/ayuntamiento\/wp-content\/uploads\/2015\/12\/DSCN2992-300x225.jpg 300w, https:\/\/coria.org\/ayuntamiento\/wp-content\/uploads\/2015\/12\/DSCN2992-1024x768.jpg 1024w, https:\/\/coria.org\/ayuntamiento\/wp-content\/uploads\/2015\/12\/DSCN2992-768x576.jpg 768w, https:\/\/coria.org\/ayuntamiento\/wp-content\/uploads\/2015\/12\/DSCN2992-1536x1152.jpg 1536w, https:\/\/coria.org\/ayuntamiento\/wp-content\/uploads\/2015\/12\/DSCN2992-2048x1536.jpg 2048w\" sizes=\"auto, (max-width: 2560px) 100vw, 2560px\" \/><\/figure>\n\n<p>La presentaci\u00f3n tuvo un car\u00e1cter ben\u00e9fico, ya que el precio de entrada era voluntario y por familia, consistiendo en un kilo de alimentos no perecederos que se donar\u00edan a Cruz Roja para colaborar con la labor que realizan, recogi\u00e9ndose al finalizar el acto m\u00e1s de 200 kilos<\/p>\n\n\n<p>El acto dur\u00f3 todo el d\u00eda y cont\u00f3 con una gran afluencia de p\u00fablico a lo largo de todos los partidos, comenzando a las 10:00 horas con partidos de categor\u00eda Benjam\u00edn, para seguir a las 12:00 horas con partidos de categor\u00eda Alev\u00edn y finalizar el programa matutino con un partido de categor\u00eda Infantil que se jug\u00f3 a las 13:00 horas.<\/p>\n\n\n<p>A partir de las 16:00 horas se reanud\u00f3 el acto con la presentaci\u00f3n de los jugadores, equipos y cuerpo t\u00e9cnico, con las correspondientes fotos oficiales y, a las 17:00 horas se jug\u00f3 un partido de categor\u00eda Cadete, finalizando con un partido de categor\u00eda Junior que comenz\u00f3 a jugarse sobre las 18:30 horas.<\/p>\n\n\n<p>Para dichos partidos la Asociaci\u00f3n Deportiva Caurium invit\u00f3 a equipos de otros clubes de baloncesto, viniendo con varios equipos el CB Moraleja, el CB Arroyo y el ADC de C\u00e1ceres.<\/p>\n\n\n<p>Esta temporada la Asociaci\u00f3n Deportiva Caurium presenta siete equipos, cubriendo todas las categor\u00edas desde los 6 a\u00f1os, con el Benjam\u00edn Mixto \u00abA\u00bb, el Benjam\u00edn Mixto \u00abB\u00bb, el Alev\u00edn Mixto \u00abA\u00bb, el Alev\u00edn Mixto \u00abB\u00bb (que compiten en las ligas de concentraci\u00f3n Minibasket de la provincia de C\u00e1ceres), el Infantil Mixto (que compite en Liga JUDEX regional), el Cadete Masculino (que este a\u00f1o no compite salvo partidos amistosos) y el Junior Masculino (que compite en Liga JUDEX regional).<\/p>\n\n\n<p>Este es el segundo a\u00f1o de vida de la Asociaci\u00f3n Deportiva Caurium, un club de baloncesto que ha experimentado un gran incremento en la cantidad de jugadores y equipos, dobl\u00e1ndose pr\u00e1cticamente la cantidad con la que comenz\u00f3 y llegando a los 100 jugadores y jugadoras. Asimismo, la Asociaci\u00f3n Deportiva Caurium ha gestionado por convenio con el Ayuntamiento de Coria, durante estos dos a\u00f1os, la Escuela Deportiva de Baloncesto en Coria.<br \/>\u00abPara nosotros es un orgullo observar como cada a\u00f1o m\u00e1s chicos y chicas quieren apuntarse a baloncesto, adem\u00e1s cada vez a m\u00e1s tierna edad. Claramente es un refrendo a la labor que se est\u00e1 realizando en todas las categor\u00edas y que esperamos contin\u00fae. Para el a\u00f1o que viene uno de nuestros objetivos es estar en condiciones materiales y de personal para poder comenzar la formaci\u00f3n del baloncesto desde los 5 a\u00f1os y as\u00ed equipararnos a los clubes m\u00e1s punteros y fuertes de la regi\u00f3n en nuestro \u00e1mbito.<\/p>\n\n\n<p>Nuestra educaci\u00f3n y aprendizaje del baloncesto van de la mano de una educaci\u00f3n en valores, en los que el compa\u00f1erismo, el esfuerzo, la deportividad y el desarrollo de la personalidad son considerados muy importantes, as\u00ed como la conciliaci\u00f3n con la vida familiar y los estudios.<\/p>\n\n\n<p>\u00abDesde la Asociaci\u00f3n Deportiva Caurium invitamos a la poblaci\u00f3n cauriense para que, tras el par\u00f3n navide\u00f1o, se acerque al pabell\u00f3n de deportes y disfrute del baloncesto en todas sus categor\u00edas.\u00bb<\/p>\n\n\n<p><strong>Pedro Antonio Montecino Sierro<br \/>Presidente AD CAURIUM<\/strong><\/p>\n","protected":false},"excerpt":{"rendered":"<p>Este domingo 13 de diciembre, en el Pabell\u00f3n Municipal de Deportes de Coria, tuvo lugar la presentaci\u00f3n oficial de los equipos de baloncesto de la Asociaci\u00f3n Deportiva Caurium para la temporada 2015\/16. La presentaci\u00f3n tuvo un car\u00e1cter ben\u00e9fico, ya que el precio de entrada era voluntario y por familia, consistiendo en un kilo de alimentos [&hellip;]<\/p>\n","protected":false},"author":2,"featured_media":30191,"comment_status":"closed","ping_status":"closed","sticky":false,"template":"","format":"standard","meta":{"_uag_custom_page_level_css":"","footnotes":""},"categories":[2],"tags":[3,4],"class_list":["post-25476","post","type-post","status-publish","format-standard","has-post-thumbnail","hentry","category-noticias","tag-coria","tag-extremadura"],"yoast_head":"<!-- This site is optimized with the Yoast SEO plugin v27.5 - https:\/\/yoast.com\/product\/yoast-seo-wordpress\/ -->\n<title>Presentaci\u00f3n Oficial de los equipos de baloncesto de A.D. Caurium - Ayuntamiento de Coria<\/title>\n<meta name=\"robots\" content=\"index, follow, max-snippet:-1, max-image-preview:large, max-video-preview:-1\" \/>\n<link rel=\"canonical\" href=\"https:\/\/coria.org\/ayuntamiento\/index.php\/2015\/12\/16\/presentacion-oficial-de-los-equipos-de-baloncesto-de-a-d-caurium\/\" \/>\n<meta property=\"og:locale\" content=\"es_ES\" \/>\n<meta property=\"og:type\" content=\"article\" \/>\n<meta property=\"og:title\" content=\"Presentaci\u00f3n Oficial de los equipos de baloncesto de A.D. Caurium - Ayuntamiento de Coria\" \/>\n<meta property=\"og:description\" content=\"Este domingo 13 de diciembre, en el Pabell\u00f3n Municipal de Deportes de Coria, tuvo lugar la presentaci\u00f3n oficial de los equipos de baloncesto de la Asociaci\u00f3n Deportiva Caurium para la temporada 2015\/16. La presentaci\u00f3n tuvo un car\u00e1cter ben\u00e9fico, ya que el precio de entrada era voluntario y por familia, consistiendo en un kilo de alimentos [&hellip;]\" \/>\n<meta property=\"og:url\" content=\"https:\/\/coria.org\/ayuntamiento\/index.php\/2015\/12\/16\/presentacion-oficial-de-los-equipos-de-baloncesto-de-a-d-caurium\/\" \/>\n<meta property=\"og:site_name\" content=\"Ayuntamiento de Coria\" \/>\n<meta property=\"article:publisher\" content=\"https:\/\/www.facebook.com\/Ayuntamiento.de.Coria\" \/>\n<meta property=\"article:published_time\" content=\"2015-12-16T00:00:00+00:00\" \/>\n<meta property=\"article:modified_time\" content=\"2023-09-18T10:38:41+00:00\" \/>\n<meta property=\"og:image\" content=\"https:\/\/coria.org\/ayuntamiento\/wp-content\/uploads\/2015\/12\/DSCN2992-scaled.jpg\" \/>\n\t<meta property=\"og:image:width\" content=\"2560\" \/>\n\t<meta property=\"og:image:height\" content=\"1920\" \/>\n\t<meta property=\"og:image:type\" content=\"image\/jpeg\" \/>\n<meta name=\"author\" content=\"ayuntamiento\" \/>\n<meta name=\"twitter:card\" content=\"summary_large_image\" \/>\n<meta name=\"twitter:creator\" content=\"@Ayto_de_Coria\" \/>\n<meta name=\"twitter:site\" content=\"@Ayto_de_Coria\" \/>\n<meta name=\"twitter:label1\" content=\"Escrito por\" \/>\n\t<meta name=\"twitter:data1\" content=\"ayuntamiento\" \/>\n\t<meta name=\"twitter:label2\" content=\"Tiempo de lectura\" \/>\n\t<meta name=\"twitter:data2\" content=\"3 minutos\" \/>\n<script type=\"application\/ld+json\" class=\"yoast-schema-graph\">{\"@context\":\"https:\\\/\\\/schema.org\",\"@graph\":[{\"@type\":\"Article\",\"@id\":\"https:\\\/\\\/coria.org\\\/ayuntamiento\\\/index.php\\\/2015\\\/12\\\/16\\\/presentacion-oficial-de-los-equipos-de-baloncesto-de-a-d-caurium\\\/#article\",\"isPartOf\":{\"@id\":\"https:\\\/\\\/coria.org\\\/ayuntamiento\\\/index.php\\\/2015\\\/12\\\/16\\\/presentacion-oficial-de-los-equipos-de-baloncesto-de-a-d-caurium\\\/\"},\"author\":{\"name\":\"ayuntamiento\",\"@id\":\"https:\\\/\\\/coria.org\\\/ayuntamiento\\\/#\\\/schema\\\/person\\\/8bd589f0e13e8ae5aa06def7a599d622\"},\"headline\":\"Presentaci\u00f3n Oficial de los equipos de baloncesto de A.D. Caurium\",\"datePublished\":\"2015-12-16T00:00:00+00:00\",\"dateModified\":\"2023-09-18T10:38:41+00:00\",\"mainEntityOfPage\":{\"@id\":\"https:\\\/\\\/coria.org\\\/ayuntamiento\\\/index.php\\\/2015\\\/12\\\/16\\\/presentacion-oficial-de-los-equipos-de-baloncesto-de-a-d-caurium\\\/\"},\"wordCount\":595,\"publisher\":{\"@id\":\"https:\\\/\\\/coria.org\\\/ayuntamiento\\\/#organization\"},\"image\":{\"@id\":\"https:\\\/\\\/coria.org\\\/ayuntamiento\\\/index.php\\\/2015\\\/12\\\/16\\\/presentacion-oficial-de-los-equipos-de-baloncesto-de-a-d-caurium\\\/#primaryimage\"},\"thumbnailUrl\":\"https:\\\/\\\/coria.org\\\/ayuntamiento\\\/wp-content\\\/uploads\\\/2015\\\/12\\\/DSCN2992-scaled.jpg\",\"keywords\":[\"coria\",\"extremadura\"],\"articleSection\":[\"Noticias\"],\"inLanguage\":\"es\"},{\"@type\":\"WebPage\",\"@id\":\"https:\\\/\\\/coria.org\\\/ayuntamiento\\\/index.php\\\/2015\\\/12\\\/16\\\/presentacion-oficial-de-los-equipos-de-baloncesto-de-a-d-caurium\\\/\",\"url\":\"https:\\\/\\\/coria.org\\\/ayuntamiento\\\/index.php\\\/2015\\\/12\\\/16\\\/presentacion-oficial-de-los-equipos-de-baloncesto-de-a-d-caurium\\\/\",\"name\":\"Presentaci\u00f3n Oficial de los equipos de baloncesto de A.D. Caurium - Ayuntamiento de Coria\",\"isPartOf\":{\"@id\":\"https:\\\/\\\/coria.org\\\/ayuntamiento\\\/#website\"},\"primaryImageOfPage\":{\"@id\":\"https:\\\/\\\/coria.org\\\/ayuntamiento\\\/index.php\\\/2015\\\/12\\\/16\\\/presentacion-oficial-de-los-equipos-de-baloncesto-de-a-d-caurium\\\/#primaryimage\"},\"image\":{\"@id\":\"https:\\\/\\\/coria.org\\\/ayuntamiento\\\/index.php\\\/2015\\\/12\\\/16\\\/presentacion-oficial-de-los-equipos-de-baloncesto-de-a-d-caurium\\\/#primaryimage\"},\"thumbnailUrl\":\"https:\\\/\\\/coria.org\\\/ayuntamiento\\\/wp-content\\\/uploads\\\/2015\\\/12\\\/DSCN2992-scaled.jpg\",\"datePublished\":\"2015-12-16T00:00:00+00:00\",\"dateModified\":\"2023-09-18T10:38:41+00:00\",\"breadcrumb\":{\"@id\":\"https:\\\/\\\/coria.org\\\/ayuntamiento\\\/index.php\\\/2015\\\/12\\\/16\\\/presentacion-oficial-de-los-equipos-de-baloncesto-de-a-d-caurium\\\/#breadcrumb\"},\"inLanguage\":\"es\",\"potentialAction\":[{\"@type\":\"ReadAction\",\"target\":[\"https:\\\/\\\/coria.org\\\/ayuntamiento\\\/index.php\\\/2015\\\/12\\\/16\\\/presentacion-oficial-de-los-equipos-de-baloncesto-de-a-d-caurium\\\/\"]}]},{\"@type\":\"ImageObject\",\"inLanguage\":\"es\",\"@id\":\"https:\\\/\\\/coria.org\\\/ayuntamiento\\\/index.php\\\/2015\\\/12\\\/16\\\/presentacion-oficial-de-los-equipos-de-baloncesto-de-a-d-caurium\\\/#primaryimage\",\"url\":\"https:\\\/\\\/coria.org\\\/ayuntamiento\\\/wp-content\\\/uploads\\\/2015\\\/12\\\/DSCN2992-scaled.jpg\",\"contentUrl\":\"https:\\\/\\\/coria.org\\\/ayuntamiento\\\/wp-content\\\/uploads\\\/2015\\\/12\\\/DSCN2992-scaled.jpg\",\"width\":2560,\"height\":1920},{\"@type\":\"BreadcrumbList\",\"@id\":\"https:\\\/\\\/coria.org\\\/ayuntamiento\\\/index.php\\\/2015\\\/12\\\/16\\\/presentacion-oficial-de-los-equipos-de-baloncesto-de-a-d-caurium\\\/#breadcrumb\",\"itemListElement\":[{\"@type\":\"ListItem\",\"position\":1,\"name\":\"Inicio\",\"item\":\"https:\\\/\\\/coria.org\\\/ayuntamiento\\\/\"},{\"@type\":\"ListItem\",\"position\":2,\"name\":\"Presentaci\u00f3n Oficial de los equipos de baloncesto de A.D. Caurium\"}]},{\"@type\":\"WebSite\",\"@id\":\"https:\\\/\\\/coria.org\\\/ayuntamiento\\\/#website\",\"url\":\"https:\\\/\\\/coria.org\\\/ayuntamiento\\\/\",\"name\":\"Ayuntamiento de Coria\",\"description\":\"Web oficial del Ayuntamiento de Coria\",\"publisher\":{\"@id\":\"https:\\\/\\\/coria.org\\\/ayuntamiento\\\/#organization\"},\"alternateName\":\"Web Oficial del Ayuntamiento de Coria\",\"potentialAction\":[{\"@type\":\"SearchAction\",\"target\":{\"@type\":\"EntryPoint\",\"urlTemplate\":\"https:\\\/\\\/coria.org\\\/ayuntamiento\\\/?s={search_term_string}\"},\"query-input\":{\"@type\":\"PropertyValueSpecification\",\"valueRequired\":true,\"valueName\":\"search_term_string\"}}],\"inLanguage\":\"es\"},{\"@type\":\"Organization\",\"@id\":\"https:\\\/\\\/coria.org\\\/ayuntamiento\\\/#organization\",\"name\":\"Ayuntamiento de Coria\",\"alternateName\":\"Ayto de Coria\",\"url\":\"https:\\\/\\\/coria.org\\\/ayuntamiento\\\/\",\"logo\":{\"@type\":\"ImageObject\",\"inLanguage\":\"es\",\"@id\":\"https:\\\/\\\/coria.org\\\/ayuntamiento\\\/#\\\/schema\\\/logo\\\/image\\\/\",\"url\":\"https:\\\/\\\/coria.org\\\/ayuntamiento\\\/wp-content\\\/uploads\\\/2020\\\/12\\\/escudo-ayuntamiento-coria.png\",\"contentUrl\":\"https:\\\/\\\/coria.org\\\/ayuntamiento\\\/wp-content\\\/uploads\\\/2020\\\/12\\\/escudo-ayuntamiento-coria.png\",\"width\":511,\"height\":240,\"caption\":\"Ayuntamiento de Coria\"},\"image\":{\"@id\":\"https:\\\/\\\/coria.org\\\/ayuntamiento\\\/#\\\/schema\\\/logo\\\/image\\\/\"},\"sameAs\":[\"https:\\\/\\\/www.facebook.com\\\/Ayuntamiento.de.Coria\",\"https:\\\/\\\/x.com\\\/Ayto_de_Coria\",\"https:\\\/\\\/www.instagram.com\\\/coria.ayuntamiento\\\/\",\"https:\\\/\\\/www.youtube.com\\\/user\\\/AYUNTAMIENTOCORIA\"]},{\"@type\":\"Person\",\"@id\":\"https:\\\/\\\/coria.org\\\/ayuntamiento\\\/#\\\/schema\\\/person\\\/8bd589f0e13e8ae5aa06def7a599d622\",\"name\":\"ayuntamiento\",\"image\":{\"@type\":\"ImageObject\",\"inLanguage\":\"es\",\"@id\":\"https:\\\/\\\/secure.gravatar.com\\\/avatar\\\/966e5ed73cad334adda5c87f49f2547f7082f7292c1b627cbb548744383b391c?s=96&d=mm&r=g\",\"url\":\"https:\\\/\\\/secure.gravatar.com\\\/avatar\\\/966e5ed73cad334adda5c87f49f2547f7082f7292c1b627cbb548744383b391c?s=96&d=mm&r=g\",\"contentUrl\":\"https:\\\/\\\/secure.gravatar.com\\\/avatar\\\/966e5ed73cad334adda5c87f49f2547f7082f7292c1b627cbb548744383b391c?s=96&d=mm&r=g\",\"caption\":\"ayuntamiento\"}}]}<\/script>\n<!-- \/ Yoast SEO plugin. -->","yoast_head_json":{"title":"Presentaci\u00f3n Oficial de los equipos de baloncesto de A.D. Caurium - Ayuntamiento de Coria","robots":{"index":"index","follow":"follow","max-snippet":"max-snippet:-1","max-image-preview":"max-image-preview:large","max-video-preview":"max-video-preview:-1"},"canonical":"https:\/\/coria.org\/ayuntamiento\/index.php\/2015\/12\/16\/presentacion-oficial-de-los-equipos-de-baloncesto-de-a-d-caurium\/","og_locale":"es_ES","og_type":"article","og_title":"Presentaci\u00f3n Oficial de los equipos de baloncesto de A.D. Caurium - Ayuntamiento de Coria","og_description":"Este domingo 13 de diciembre, en el Pabell\u00f3n Municipal de Deportes de Coria, tuvo lugar la presentaci\u00f3n oficial de los equipos de baloncesto de la Asociaci\u00f3n Deportiva Caurium para la temporada 2015\/16. La presentaci\u00f3n tuvo un car\u00e1cter ben\u00e9fico, ya que el precio de entrada era voluntario y por familia, consistiendo en un kilo de alimentos [&hellip;]","og_url":"https:\/\/coria.org\/ayuntamiento\/index.php\/2015\/12\/16\/presentacion-oficial-de-los-equipos-de-baloncesto-de-a-d-caurium\/","og_site_name":"Ayuntamiento de Coria","article_publisher":"https:\/\/www.facebook.com\/Ayuntamiento.de.Coria","article_published_time":"2015-12-16T00:00:00+00:00","article_modified_time":"2023-09-18T10:38:41+00:00","og_image":[{"width":2560,"height":1920,"url":"https:\/\/coria.org\/ayuntamiento\/wp-content\/uploads\/2015\/12\/DSCN2992-scaled.jpg","type":"image\/jpeg"}],"author":"ayuntamiento","twitter_card":"summary_large_image","twitter_creator":"@Ayto_de_Coria","twitter_site":"@Ayto_de_Coria","twitter_misc":{"Escrito por":"ayuntamiento","Tiempo de lectura":"3 minutos"},"schema":{"@context":"https:\/\/schema.org","@graph":[{"@type":"Article","@id":"https:\/\/coria.org\/ayuntamiento\/index.php\/2015\/12\/16\/presentacion-oficial-de-los-equipos-de-baloncesto-de-a-d-caurium\/#article","isPartOf":{"@id":"https:\/\/coria.org\/ayuntamiento\/index.php\/2015\/12\/16\/presentacion-oficial-de-los-equipos-de-baloncesto-de-a-d-caurium\/"},"author":{"name":"ayuntamiento","@id":"https:\/\/coria.org\/ayuntamiento\/#\/schema\/person\/8bd589f0e13e8ae5aa06def7a599d622"},"headline":"Presentaci\u00f3n Oficial de los equipos de baloncesto de A.D. Caurium","datePublished":"2015-12-16T00:00:00+00:00","dateModified":"2023-09-18T10:38:41+00:00","mainEntityOfPage":{"@id":"https:\/\/coria.org\/ayuntamiento\/index.php\/2015\/12\/16\/presentacion-oficial-de-los-equipos-de-baloncesto-de-a-d-caurium\/"},"wordCount":595,"publisher":{"@id":"https:\/\/coria.org\/ayuntamiento\/#organization"},"image":{"@id":"https:\/\/coria.org\/ayuntamiento\/index.php\/2015\/12\/16\/presentacion-oficial-de-los-equipos-de-baloncesto-de-a-d-caurium\/#primaryimage"},"thumbnailUrl":"https:\/\/coria.org\/ayuntamiento\/wp-content\/uploads\/2015\/12\/DSCN2992-scaled.jpg","keywords":["coria","extremadura"],"articleSection":["Noticias"],"inLanguage":"es"},{"@type":"WebPage","@id":"https:\/\/coria.org\/ayuntamiento\/index.php\/2015\/12\/16\/presentacion-oficial-de-los-equipos-de-baloncesto-de-a-d-caurium\/","url":"https:\/\/coria.org\/ayuntamiento\/index.php\/2015\/12\/16\/presentacion-oficial-de-los-equipos-de-baloncesto-de-a-d-caurium\/","name":"Presentaci\u00f3n Oficial de los equipos de baloncesto de A.D. Caurium - Ayuntamiento de Coria","isPartOf":{"@id":"https:\/\/coria.org\/ayuntamiento\/#website"},"primaryImageOfPage":{"@id":"https:\/\/coria.org\/ayuntamiento\/index.php\/2015\/12\/16\/presentacion-oficial-de-los-equipos-de-baloncesto-de-a-d-caurium\/#primaryimage"},"image":{"@id":"https:\/\/coria.org\/ayuntamiento\/index.php\/2015\/12\/16\/presentacion-oficial-de-los-equipos-de-baloncesto-de-a-d-caurium\/#primaryimage"},"thumbnailUrl":"https:\/\/coria.org\/ayuntamiento\/wp-content\/uploads\/2015\/12\/DSCN2992-scaled.jpg","datePublished":"2015-12-16T00:00:00+00:00","dateModified":"2023-09-18T10:38:41+00:00","breadcrumb":{"@id":"https:\/\/coria.org\/ayuntamiento\/index.php\/2015\/12\/16\/presentacion-oficial-de-los-equipos-de-baloncesto-de-a-d-caurium\/#breadcrumb"},"inLanguage":"es","potentialAction":[{"@type":"ReadAction","target":["https:\/\/coria.org\/ayuntamiento\/index.php\/2015\/12\/16\/presentacion-oficial-de-los-equipos-de-baloncesto-de-a-d-caurium\/"]}]},{"@type":"ImageObject","inLanguage":"es","@id":"https:\/\/coria.org\/ayuntamiento\/index.php\/2015\/12\/16\/presentacion-oficial-de-los-equipos-de-baloncesto-de-a-d-caurium\/#primaryimage","url":"https:\/\/coria.org\/ayuntamiento\/wp-content\/uploads\/2015\/12\/DSCN2992-scaled.jpg","contentUrl":"https:\/\/coria.org\/ayuntamiento\/wp-content\/uploads\/2015\/12\/DSCN2992-scaled.jpg","width":2560,"height":1920},{"@type":"BreadcrumbList","@id":"https:\/\/coria.org\/ayuntamiento\/index.php\/2015\/12\/16\/presentacion-oficial-de-los-equipos-de-baloncesto-de-a-d-caurium\/#breadcrumb","itemListElement":[{"@type":"ListItem","position":1,"name":"Inicio","item":"https:\/\/coria.org\/ayuntamiento\/"},{"@type":"ListItem","position":2,"name":"Presentaci\u00f3n Oficial de los equipos de baloncesto de A.D. Caurium"}]},{"@type":"WebSite","@id":"https:\/\/coria.org\/ayuntamiento\/#website","url":"https:\/\/coria.org\/ayuntamiento\/","name":"Ayuntamiento de Coria","description":"Web oficial del Ayuntamiento de Coria","publisher":{"@id":"https:\/\/coria.org\/ayuntamiento\/#organization"},"alternateName":"Web Oficial del Ayuntamiento de Coria","potentialAction":[{"@type":"SearchAction","target":{"@type":"EntryPoint","urlTemplate":"https:\/\/coria.org\/ayuntamiento\/?s={search_term_string}"},"query-input":{"@type":"PropertyValueSpecification","valueRequired":true,"valueName":"search_term_string"}}],"inLanguage":"es"},{"@type":"Organization","@id":"https:\/\/coria.org\/ayuntamiento\/#organization","name":"Ayuntamiento de Coria","alternateName":"Ayto de Coria","url":"https:\/\/coria.org\/ayuntamiento\/","logo":{"@type":"ImageObject","inLanguage":"es","@id":"https:\/\/coria.org\/ayuntamiento\/#\/schema\/logo\/image\/","url":"https:\/\/coria.org\/ayuntamiento\/wp-content\/uploads\/2020\/12\/escudo-ayuntamiento-coria.png","contentUrl":"https:\/\/coria.org\/ayuntamiento\/wp-content\/uploads\/2020\/12\/escudo-ayuntamiento-coria.png","width":511,"height":240,"caption":"Ayuntamiento de Coria"},"image":{"@id":"https:\/\/coria.org\/ayuntamiento\/#\/schema\/logo\/image\/"},"sameAs":["https:\/\/www.facebook.com\/Ayuntamiento.de.Coria","https:\/\/x.com\/Ayto_de_Coria","https:\/\/www.instagram.com\/coria.ayuntamiento\/","https:\/\/www.youtube.com\/user\/AYUNTAMIENTOCORIA"]},{"@type":"Person","@id":"https:\/\/coria.org\/ayuntamiento\/#\/schema\/person\/8bd589f0e13e8ae5aa06def7a599d622","name":"ayuntamiento","image":{"@type":"ImageObject","inLanguage":"es","@id":"https:\/\/secure.gravatar.com\/avatar\/966e5ed73cad334adda5c87f49f2547f7082f7292c1b627cbb548744383b391c?s=96&d=mm&r=g","url":"https:\/\/secure.gravatar.com\/avatar\/966e5ed73cad334adda5c87f49f2547f7082f7292c1b627cbb548744383b391c?s=96&d=mm&r=g","contentUrl":"https:\/\/secure.gravatar.com\/avatar\/966e5ed73cad334adda5c87f49f2547f7082f7292c1b627cbb548744383b391c?s=96&d=mm&r=g","caption":"ayuntamiento"}}]}},"uagb_featured_image_src":{"full":["https:\/\/coria.org\/ayuntamiento\/wp-content\/uploads\/2015\/12\/DSCN2992-scaled.jpg",2560,1920,false],"thumbnail":["https:\/\/coria.org\/ayuntamiento\/wp-content\/uploads\/2015\/12\/DSCN2992-150x150.jpg",150,150,true],"medium":["https:\/\/coria.org\/ayuntamiento\/wp-content\/uploads\/2015\/12\/DSCN2992-300x225.jpg",300,225,true],"medium_large":["https:\/\/coria.org\/ayuntamiento\/wp-content\/uploads\/2015\/12\/DSCN2992-768x576.jpg",768,576,true],"large":["https:\/\/coria.org\/ayuntamiento\/wp-content\/uploads\/2015\/12\/DSCN2992-1024x768.jpg",1024,768,true],"thumblist":["https:\/\/coria.org\/ayuntamiento\/wp-content\/uploads\/2015\/12\/DSCN2992-scaled.jpg",300,225,false],"thumbrelated":["https:\/\/coria.org\/ayuntamiento\/wp-content\/uploads\/2015\/12\/DSCN2992-scaled.jpg",500,375,false],"meccarouselthumb":["https:\/\/coria.org\/ayuntamiento\/wp-content\/uploads\/2015\/12\/DSCN2992-scaled.jpg",432,324,false],"gridsquare":["https:\/\/coria.org\/ayuntamiento\/wp-content\/uploads\/2015\/12\/DSCN2992-scaled.jpg",347,260,false],"tileview":["https:\/\/coria.org\/ayuntamiento\/wp-content\/uploads\/2015\/12\/DSCN2992-scaled.jpg",300,225,false],"1536x1536":["https:\/\/coria.org\/ayuntamiento\/wp-content\/uploads\/2015\/12\/DSCN2992-1536x1152.jpg",1536,1152,true],"2048x2048":["https:\/\/coria.org\/ayuntamiento\/wp-content\/uploads\/2015\/12\/DSCN2992-2048x1536.jpg",2048,1536,true]},"uagb_author_info":{"display_name":"ayuntamiento","author_link":"https:\/\/coria.org\/ayuntamiento\/index.php\/author\/ayuntamiento\/"},"uagb_comment_info":0,"uagb_excerpt":"Este domingo 13 de diciembre, en el Pabell\u00f3n Municipal de Deportes de Coria, tuvo lugar la presentaci\u00f3n oficial de los equipos de baloncesto de la Asociaci\u00f3n Deportiva Caurium para la temporada 2015\/16. La presentaci\u00f3n tuvo un car\u00e1cter ben\u00e9fico, ya que el precio de entrada era voluntario y por familia, consistiendo en un kilo de alimentos&hellip;","_links":{"self":[{"href":"https:\/\/coria.org\/ayuntamiento\/index.php\/wp-json\/wp\/v2\/posts\/25476","targetHints":{"allow":["GET"]}}],"collection":[{"href":"https:\/\/coria.org\/ayuntamiento\/index.php\/wp-json\/wp\/v2\/posts"}],"about":[{"href":"https:\/\/coria.org\/ayuntamiento\/index.php\/wp-json\/wp\/v2\/types\/post"}],"author":[{"embeddable":true,"href":"https:\/\/coria.org\/ayuntamiento\/index.php\/wp-json\/wp\/v2\/users\/2"}],"replies":[{"embeddable":true,"href":"https:\/\/coria.org\/ayuntamiento\/index.php\/wp-json\/wp\/v2\/comments?post=25476"}],"version-history":[{"count":0,"href":"https:\/\/coria.org\/ayuntamiento\/index.php\/wp-json\/wp\/v2\/posts\/25476\/revisions"}],"wp:featuredmedia":[{"embeddable":true,"href":"https:\/\/coria.org\/ayuntamiento\/index.php\/wp-json\/wp\/v2\/media\/30191"}],"wp:attachment":[{"href":"https:\/\/coria.org\/ayuntamiento\/index.php\/wp-json\/wp\/v2\/media?parent=25476"}],"wp:term":[{"taxonomy":"category","embeddable":true,"href":"https:\/\/coria.org\/ayuntamiento\/index.php\/wp-json\/wp\/v2\/categories?post=25476"},{"taxonomy":"post_tag","embeddable":true,"href":"https:\/\/coria.org\/ayuntamiento\/index.php\/wp-json\/wp\/v2\/tags?post=25476"}],"curies":[{"name":"wp","href":"https:\/\/api.w.org\/{rel}","templated":true}]}}