{"id":25468,"date":"2016-01-04T00:00:00","date_gmt":"2016-01-04T00:00:00","guid":{"rendered":"https:\/\/ayuntamiento.coriaenimagenes.com\/cabalgata-de-los-reyes-magos\/"},"modified":"2023-09-18T12:38:40","modified_gmt":"2023-09-18T10:38:40","slug":"cabalgata-de-los-reyes-magos","status":"publish","type":"post","link":"https:\/\/coria.org\/ayuntamiento\/index.php\/2016\/01\/04\/cabalgata-de-los-reyes-magos\/","title":{"rendered":"Cabalgata de los Reyes Magos"},"content":{"rendered":"\n<p><b>La Salida se efectuar\u00e1 desde el antiguo Silo el pr\u00f3ximo d\u00eda 5 de enero de 2016 a las 18h00.<\/b><\/p>\n\n<figure class=\"wp-block-post-featured-image\"><img loading=\"lazy\" decoding=\"async\" width=\"800\" height=\"600\" src=\"https:\/\/coria.org\/ayuntamiento\/wp-content\/uploads\/2022\/02\/image-303.jpeg\" class=\"attachment-post-thumbnail size-post-thumbnail wp-post-image\" alt=\"\" style=\"object-fit:cover;\" srcset=\"https:\/\/coria.org\/ayuntamiento\/wp-content\/uploads\/2022\/02\/image-303.jpeg 800w, https:\/\/coria.org\/ayuntamiento\/wp-content\/uploads\/2022\/02\/image-303-300x225.jpeg 300w, https:\/\/coria.org\/ayuntamiento\/wp-content\/uploads\/2022\/02\/image-303-768x576.jpeg 768w\" sizes=\"auto, (max-width: 800px) 100vw, 800px\" \/><\/figure>\n\n<p><span style=\"font-family: verdana,arial,helvetica,sans-serif;\">Antes de la Cabalgata de Reyes, los Reyes Magos y pajes visitar\u00e1n las residencias de ancianos y hospital en el siguiente orden:<\/span><\/p>\n\n\n<p>\u00b7 Residencia \u00bb La Inmaculada \u00bb a las 16h00.<\/p>\n\n\n<p>\u00b7 Residencia \u00abEl Salvador\u00bb a las 16h30.<\/p>\n\n\n<p>\u00b7 Residencia \u00abSan Nicol\u00e1s de Bari\u00bb a las 17h00.<\/p>\n\n\n<p><span style=\"font-family: verdana,arial,helvetica,sans-serif;\">\u00b7 Hospital \u00abCiudad de Coria\u00bb a las 17h15.<br \/><\/span><\/p>\n\n\n<p><span style=\"font-family: verdana,arial,helvetica,sans-serif;\">A las 18h00 sale la CABALGATA DE LOS REYES MAGOS desde el Silo, siguiendo el siguiente itinerario:<\/span><\/p>\n\n\n<p><span style=\"font-family: verdana,arial,helvetica,sans-serif;\">&#8211; Silo<br \/>&#8211; Avda. Alfonso VII<br \/>&#8211; C.\/ Feria<br \/>&#8211; C.\/ Moraleja<br \/>&#8211; C\/. Camineros<br \/>&#8211; Avda. Virgen de Argeme<br \/>&#8211; Avda. Monse\u00f1or Riveri<br \/>&#8211; C.\/ Cuba<br \/>&#8211; C.\/ San Francisco<br \/>&#8211; C.\/ Islas filipinas<br \/>&#8211; Avda. Monse\u00f1or Riveri<br \/>&#8211; Avda. Sierra de Gata<br \/>&#8211; Avda. de Extremadura (Final)<br \/><\/span><\/p>\n\n\n<p><span style=\"font-family: verdana,arial,helvetica,sans-serif;\">El orden de las carrozas es el siguiente, acompa\u00f1ados de pajes a caballo de la Asociaci\u00f3n de Amigos del Caballo \u00abLa Morenita\u00bb y la Asociaci\u00f3n Ecuestre \u00abLos Pilarillos\u00bb.<\/span><\/p>\n\n\n<p>BATUKADA<\/p>\n\n\n<p>Pasacalles organizado por el grupo de July Marleza.<\/p>\n\n\n<p>Pasacalles de la Juventud Cauriense.<\/p>\n\n\n<p>\u00b7 Carroza de Melchor: Asociaci\u00f3n Azabache.<\/p>\n\n\n<p>\u00b7 Asociaci\u00f3n AXPAY de San Ignacio de Loyola.<\/p>\n\n\n<p>\u00b7 Carroza del Ampa Colegio Camilo Hern\u00e1ndez.<\/p>\n\n\n<p>\u00b7 Carroza de Gaspar : Asociaci\u00f3n Barrio de Moscoso.<\/p>\n\n\n<p>\u00b7 Carroza A.D. CAURIUM (2 carrozas).<\/p>\n\n\n<p>\u00b7 Carroza Baltasar: Pe\u00f1a Junta de Defensa.<\/p>\n\n\n<p>\u00b7 Carroza Pe\u00f1a El 27.<\/p>\n\n\n<p>\u00b7 Tren del Ampa Colegio Sagrado Coraz\u00f3n.<\/p>\n\n\n<p><span style=\"font-family: verdana,arial,helvetica,sans-serif;\">\u00b7 Bomberos.<\/span><\/p>\n\n\n<p>Cuando finalice el recorrido de la Cabalgata (se paran las carrozas al llegar a la Plaza de la Paz), las carrozas volver\u00e1n a MERCO, acompa\u00f1adas por carretera de Protecci\u00f3n Civil y la Policia Local, y los Reyes ir\u00e1n acompa\u00f1ados de sus pajes andando hasta la Pza.de la Paz, donde se realizar\u00e1 la entrega de los regalos a todos los ni\u00f1os de la ciudad.<\/p>\n\n\n<p><strong>\u00a1QUE LOS REYES MAGOS OS TRAIGAN MUCHOS REGALOS!<\/strong><\/p>\n\n\n<p><strong>FELICES REYES MAGOS A TODOS<br \/><\/strong><\/p>\n\n\n<p>ORGANIZA: CONCEJAL\u00cdA DE FIESTAS<br \/>EXCMO. AYUNTAMIENTO DE CORIA<\/p>\n","protected":false},"excerpt":{"rendered":"<p>La Salida se efectuar\u00e1 desde el antiguo Silo el pr\u00f3ximo d\u00eda 5 de enero de 2016 a las 18h00. Antes de la Cabalgata de Reyes, los Reyes Magos y pajes visitar\u00e1n las residencias de ancianos y hospital en el siguiente orden: \u00b7 Residencia \u00bb La Inmaculada \u00bb a las 16h00. \u00b7 Residencia \u00abEl Salvador\u00bb a [&hellip;]<\/p>\n","protected":false},"author":2,"featured_media":28352,"comment_status":"closed","ping_status":"closed","sticky":false,"template":"","format":"standard","meta":{"_uag_custom_page_level_css":"","footnotes":""},"categories":[2],"tags":[3,4],"class_list":["post-25468","post","type-post","status-publish","format-standard","has-post-thumbnail","hentry","category-noticias","tag-coria","tag-extremadura"],"yoast_head":"<!-- This site is optimized with the Yoast SEO plugin v27.4 - https:\/\/yoast.com\/product\/yoast-seo-wordpress\/ -->\n<title>Cabalgata de los Reyes Magos - Ayuntamiento de Coria<\/title>\n<meta name=\"robots\" content=\"index, follow, max-snippet:-1, max-image-preview:large, max-video-preview:-1\" \/>\n<link rel=\"canonical\" href=\"https:\/\/coria.org\/ayuntamiento\/index.php\/2016\/01\/04\/cabalgata-de-los-reyes-magos\/\" \/>\n<meta property=\"og:locale\" content=\"es_ES\" \/>\n<meta property=\"og:type\" content=\"article\" \/>\n<meta property=\"og:title\" content=\"Cabalgata de los Reyes Magos - Ayuntamiento de Coria\" \/>\n<meta property=\"og:description\" content=\"La Salida se efectuar\u00e1 desde el antiguo Silo el pr\u00f3ximo d\u00eda 5 de enero de 2016 a las 18h00. Antes de la Cabalgata de Reyes, los Reyes Magos y pajes visitar\u00e1n las residencias de ancianos y hospital en el siguiente orden: \u00b7 Residencia \u00bb La Inmaculada \u00bb a las 16h00. \u00b7 Residencia \u00abEl Salvador\u00bb a [&hellip;]\" \/>\n<meta property=\"og:url\" content=\"https:\/\/coria.org\/ayuntamiento\/index.php\/2016\/01\/04\/cabalgata-de-los-reyes-magos\/\" \/>\n<meta property=\"og:site_name\" content=\"Ayuntamiento de Coria\" \/>\n<meta property=\"article:publisher\" content=\"https:\/\/www.facebook.com\/Ayuntamiento.de.Coria\" \/>\n<meta property=\"article:published_time\" content=\"2016-01-04T00:00:00+00:00\" \/>\n<meta property=\"article:modified_time\" content=\"2023-09-18T10:38:40+00:00\" \/>\n<meta property=\"og:image\" content=\"https:\/\/coria.org\/ayuntamiento\/wp-content\/uploads\/2022\/02\/image-303.jpeg\" \/>\n\t<meta property=\"og:image:width\" content=\"800\" \/>\n\t<meta property=\"og:image:height\" content=\"600\" \/>\n\t<meta property=\"og:image:type\" content=\"image\/jpeg\" \/>\n<meta name=\"author\" content=\"ayuntamiento\" \/>\n<meta name=\"twitter:card\" content=\"summary_large_image\" \/>\n<meta name=\"twitter:creator\" content=\"@Ayto_de_Coria\" \/>\n<meta name=\"twitter:site\" content=\"@Ayto_de_Coria\" \/>\n<meta name=\"twitter:label1\" content=\"Escrito por\" \/>\n\t<meta name=\"twitter:data1\" content=\"ayuntamiento\" \/>\n\t<meta name=\"twitter:label2\" content=\"Tiempo de lectura\" \/>\n\t<meta name=\"twitter:data2\" content=\"2 minutos\" \/>\n<script type=\"application\/ld+json\" class=\"yoast-schema-graph\">{\"@context\":\"https:\\\/\\\/schema.org\",\"@graph\":[{\"@type\":\"Article\",\"@id\":\"https:\\\/\\\/coria.org\\\/ayuntamiento\\\/index.php\\\/2016\\\/01\\\/04\\\/cabalgata-de-los-reyes-magos\\\/#article\",\"isPartOf\":{\"@id\":\"https:\\\/\\\/coria.org\\\/ayuntamiento\\\/index.php\\\/2016\\\/01\\\/04\\\/cabalgata-de-los-reyes-magos\\\/\"},\"author\":{\"name\":\"ayuntamiento\",\"@id\":\"https:\\\/\\\/coria.org\\\/ayuntamiento\\\/#\\\/schema\\\/person\\\/8bd589f0e13e8ae5aa06def7a599d622\"},\"headline\":\"Cabalgata de los Reyes Magos\",\"datePublished\":\"2016-01-04T00:00:00+00:00\",\"dateModified\":\"2023-09-18T10:38:40+00:00\",\"mainEntityOfPage\":{\"@id\":\"https:\\\/\\\/coria.org\\\/ayuntamiento\\\/index.php\\\/2016\\\/01\\\/04\\\/cabalgata-de-los-reyes-magos\\\/\"},\"wordCount\":320,\"publisher\":{\"@id\":\"https:\\\/\\\/coria.org\\\/ayuntamiento\\\/#organization\"},\"image\":{\"@id\":\"https:\\\/\\\/coria.org\\\/ayuntamiento\\\/index.php\\\/2016\\\/01\\\/04\\\/cabalgata-de-los-reyes-magos\\\/#primaryimage\"},\"thumbnailUrl\":\"https:\\\/\\\/coria.org\\\/ayuntamiento\\\/wp-content\\\/uploads\\\/2022\\\/02\\\/image-303.jpeg\",\"keywords\":[\"coria\",\"extremadura\"],\"articleSection\":[\"Noticias\"],\"inLanguage\":\"es\"},{\"@type\":\"WebPage\",\"@id\":\"https:\\\/\\\/coria.org\\\/ayuntamiento\\\/index.php\\\/2016\\\/01\\\/04\\\/cabalgata-de-los-reyes-magos\\\/\",\"url\":\"https:\\\/\\\/coria.org\\\/ayuntamiento\\\/index.php\\\/2016\\\/01\\\/04\\\/cabalgata-de-los-reyes-magos\\\/\",\"name\":\"Cabalgata de los Reyes Magos - Ayuntamiento de Coria\",\"isPartOf\":{\"@id\":\"https:\\\/\\\/coria.org\\\/ayuntamiento\\\/#website\"},\"primaryImageOfPage\":{\"@id\":\"https:\\\/\\\/coria.org\\\/ayuntamiento\\\/index.php\\\/2016\\\/01\\\/04\\\/cabalgata-de-los-reyes-magos\\\/#primaryimage\"},\"image\":{\"@id\":\"https:\\\/\\\/coria.org\\\/ayuntamiento\\\/index.php\\\/2016\\\/01\\\/04\\\/cabalgata-de-los-reyes-magos\\\/#primaryimage\"},\"thumbnailUrl\":\"https:\\\/\\\/coria.org\\\/ayuntamiento\\\/wp-content\\\/uploads\\\/2022\\\/02\\\/image-303.jpeg\",\"datePublished\":\"2016-01-04T00:00:00+00:00\",\"dateModified\":\"2023-09-18T10:38:40+00:00\",\"breadcrumb\":{\"@id\":\"https:\\\/\\\/coria.org\\\/ayuntamiento\\\/index.php\\\/2016\\\/01\\\/04\\\/cabalgata-de-los-reyes-magos\\\/#breadcrumb\"},\"inLanguage\":\"es\",\"potentialAction\":[{\"@type\":\"ReadAction\",\"target\":[\"https:\\\/\\\/coria.org\\\/ayuntamiento\\\/index.php\\\/2016\\\/01\\\/04\\\/cabalgata-de-los-reyes-magos\\\/\"]}]},{\"@type\":\"ImageObject\",\"inLanguage\":\"es\",\"@id\":\"https:\\\/\\\/coria.org\\\/ayuntamiento\\\/index.php\\\/2016\\\/01\\\/04\\\/cabalgata-de-los-reyes-magos\\\/#primaryimage\",\"url\":\"https:\\\/\\\/coria.org\\\/ayuntamiento\\\/wp-content\\\/uploads\\\/2022\\\/02\\\/image-303.jpeg\",\"contentUrl\":\"https:\\\/\\\/coria.org\\\/ayuntamiento\\\/wp-content\\\/uploads\\\/2022\\\/02\\\/image-303.jpeg\",\"width\":800,\"height\":600},{\"@type\":\"BreadcrumbList\",\"@id\":\"https:\\\/\\\/coria.org\\\/ayuntamiento\\\/index.php\\\/2016\\\/01\\\/04\\\/cabalgata-de-los-reyes-magos\\\/#breadcrumb\",\"itemListElement\":[{\"@type\":\"ListItem\",\"position\":1,\"name\":\"Inicio\",\"item\":\"https:\\\/\\\/coria.org\\\/ayuntamiento\\\/\"},{\"@type\":\"ListItem\",\"position\":2,\"name\":\"Cabalgata de los Reyes Magos\"}]},{\"@type\":\"WebSite\",\"@id\":\"https:\\\/\\\/coria.org\\\/ayuntamiento\\\/#website\",\"url\":\"https:\\\/\\\/coria.org\\\/ayuntamiento\\\/\",\"name\":\"Ayuntamiento de Coria\",\"description\":\"Web oficial del Ayuntamiento de Coria\",\"publisher\":{\"@id\":\"https:\\\/\\\/coria.org\\\/ayuntamiento\\\/#organization\"},\"alternateName\":\"Web Oficial del Ayuntamiento de Coria\",\"potentialAction\":[{\"@type\":\"SearchAction\",\"target\":{\"@type\":\"EntryPoint\",\"urlTemplate\":\"https:\\\/\\\/coria.org\\\/ayuntamiento\\\/?s={search_term_string}\"},\"query-input\":{\"@type\":\"PropertyValueSpecification\",\"valueRequired\":true,\"valueName\":\"search_term_string\"}}],\"inLanguage\":\"es\"},{\"@type\":\"Organization\",\"@id\":\"https:\\\/\\\/coria.org\\\/ayuntamiento\\\/#organization\",\"name\":\"Ayuntamiento de Coria\",\"alternateName\":\"Ayto de Coria\",\"url\":\"https:\\\/\\\/coria.org\\\/ayuntamiento\\\/\",\"logo\":{\"@type\":\"ImageObject\",\"inLanguage\":\"es\",\"@id\":\"https:\\\/\\\/coria.org\\\/ayuntamiento\\\/#\\\/schema\\\/logo\\\/image\\\/\",\"url\":\"https:\\\/\\\/coria.org\\\/ayuntamiento\\\/wp-content\\\/uploads\\\/2020\\\/12\\\/escudo-ayuntamiento-coria.png\",\"contentUrl\":\"https:\\\/\\\/coria.org\\\/ayuntamiento\\\/wp-content\\\/uploads\\\/2020\\\/12\\\/escudo-ayuntamiento-coria.png\",\"width\":511,\"height\":240,\"caption\":\"Ayuntamiento de Coria\"},\"image\":{\"@id\":\"https:\\\/\\\/coria.org\\\/ayuntamiento\\\/#\\\/schema\\\/logo\\\/image\\\/\"},\"sameAs\":[\"https:\\\/\\\/www.facebook.com\\\/Ayuntamiento.de.Coria\",\"https:\\\/\\\/x.com\\\/Ayto_de_Coria\",\"https:\\\/\\\/www.instagram.com\\\/coria.ayuntamiento\\\/\",\"https:\\\/\\\/www.youtube.com\\\/user\\\/AYUNTAMIENTOCORIA\"]},{\"@type\":\"Person\",\"@id\":\"https:\\\/\\\/coria.org\\\/ayuntamiento\\\/#\\\/schema\\\/person\\\/8bd589f0e13e8ae5aa06def7a599d622\",\"name\":\"ayuntamiento\",\"image\":{\"@type\":\"ImageObject\",\"inLanguage\":\"es\",\"@id\":\"https:\\\/\\\/secure.gravatar.com\\\/avatar\\\/966e5ed73cad334adda5c87f49f2547f7082f7292c1b627cbb548744383b391c?s=96&d=mm&r=g\",\"url\":\"https:\\\/\\\/secure.gravatar.com\\\/avatar\\\/966e5ed73cad334adda5c87f49f2547f7082f7292c1b627cbb548744383b391c?s=96&d=mm&r=g\",\"contentUrl\":\"https:\\\/\\\/secure.gravatar.com\\\/avatar\\\/966e5ed73cad334adda5c87f49f2547f7082f7292c1b627cbb548744383b391c?s=96&d=mm&r=g\",\"caption\":\"ayuntamiento\"}}]}<\/script>\n<!-- \/ Yoast SEO plugin. -->","yoast_head_json":{"title":"Cabalgata de los Reyes Magos - Ayuntamiento de Coria","robots":{"index":"index","follow":"follow","max-snippet":"max-snippet:-1","max-image-preview":"max-image-preview:large","max-video-preview":"max-video-preview:-1"},"canonical":"https:\/\/coria.org\/ayuntamiento\/index.php\/2016\/01\/04\/cabalgata-de-los-reyes-magos\/","og_locale":"es_ES","og_type":"article","og_title":"Cabalgata de los Reyes Magos - Ayuntamiento de Coria","og_description":"La Salida se efectuar\u00e1 desde el antiguo Silo el pr\u00f3ximo d\u00eda 5 de enero de 2016 a las 18h00. Antes de la Cabalgata de Reyes, los Reyes Magos y pajes visitar\u00e1n las residencias de ancianos y hospital en el siguiente orden: \u00b7 Residencia \u00bb La Inmaculada \u00bb a las 16h00. \u00b7 Residencia \u00abEl Salvador\u00bb a [&hellip;]","og_url":"https:\/\/coria.org\/ayuntamiento\/index.php\/2016\/01\/04\/cabalgata-de-los-reyes-magos\/","og_site_name":"Ayuntamiento de Coria","article_publisher":"https:\/\/www.facebook.com\/Ayuntamiento.de.Coria","article_published_time":"2016-01-04T00:00:00+00:00","article_modified_time":"2023-09-18T10:38:40+00:00","og_image":[{"width":800,"height":600,"url":"https:\/\/coria.org\/ayuntamiento\/wp-content\/uploads\/2022\/02\/image-303.jpeg","type":"image\/jpeg"}],"author":"ayuntamiento","twitter_card":"summary_large_image","twitter_creator":"@Ayto_de_Coria","twitter_site":"@Ayto_de_Coria","twitter_misc":{"Escrito por":"ayuntamiento","Tiempo de lectura":"2 minutos"},"schema":{"@context":"https:\/\/schema.org","@graph":[{"@type":"Article","@id":"https:\/\/coria.org\/ayuntamiento\/index.php\/2016\/01\/04\/cabalgata-de-los-reyes-magos\/#article","isPartOf":{"@id":"https:\/\/coria.org\/ayuntamiento\/index.php\/2016\/01\/04\/cabalgata-de-los-reyes-magos\/"},"author":{"name":"ayuntamiento","@id":"https:\/\/coria.org\/ayuntamiento\/#\/schema\/person\/8bd589f0e13e8ae5aa06def7a599d622"},"headline":"Cabalgata de los Reyes Magos","datePublished":"2016-01-04T00:00:00+00:00","dateModified":"2023-09-18T10:38:40+00:00","mainEntityOfPage":{"@id":"https:\/\/coria.org\/ayuntamiento\/index.php\/2016\/01\/04\/cabalgata-de-los-reyes-magos\/"},"wordCount":320,"publisher":{"@id":"https:\/\/coria.org\/ayuntamiento\/#organization"},"image":{"@id":"https:\/\/coria.org\/ayuntamiento\/index.php\/2016\/01\/04\/cabalgata-de-los-reyes-magos\/#primaryimage"},"thumbnailUrl":"https:\/\/coria.org\/ayuntamiento\/wp-content\/uploads\/2022\/02\/image-303.jpeg","keywords":["coria","extremadura"],"articleSection":["Noticias"],"inLanguage":"es"},{"@type":"WebPage","@id":"https:\/\/coria.org\/ayuntamiento\/index.php\/2016\/01\/04\/cabalgata-de-los-reyes-magos\/","url":"https:\/\/coria.org\/ayuntamiento\/index.php\/2016\/01\/04\/cabalgata-de-los-reyes-magos\/","name":"Cabalgata de los Reyes Magos - Ayuntamiento de Coria","isPartOf":{"@id":"https:\/\/coria.org\/ayuntamiento\/#website"},"primaryImageOfPage":{"@id":"https:\/\/coria.org\/ayuntamiento\/index.php\/2016\/01\/04\/cabalgata-de-los-reyes-magos\/#primaryimage"},"image":{"@id":"https:\/\/coria.org\/ayuntamiento\/index.php\/2016\/01\/04\/cabalgata-de-los-reyes-magos\/#primaryimage"},"thumbnailUrl":"https:\/\/coria.org\/ayuntamiento\/wp-content\/uploads\/2022\/02\/image-303.jpeg","datePublished":"2016-01-04T00:00:00+00:00","dateModified":"2023-09-18T10:38:40+00:00","breadcrumb":{"@id":"https:\/\/coria.org\/ayuntamiento\/index.php\/2016\/01\/04\/cabalgata-de-los-reyes-magos\/#breadcrumb"},"inLanguage":"es","potentialAction":[{"@type":"ReadAction","target":["https:\/\/coria.org\/ayuntamiento\/index.php\/2016\/01\/04\/cabalgata-de-los-reyes-magos\/"]}]},{"@type":"ImageObject","inLanguage":"es","@id":"https:\/\/coria.org\/ayuntamiento\/index.php\/2016\/01\/04\/cabalgata-de-los-reyes-magos\/#primaryimage","url":"https:\/\/coria.org\/ayuntamiento\/wp-content\/uploads\/2022\/02\/image-303.jpeg","contentUrl":"https:\/\/coria.org\/ayuntamiento\/wp-content\/uploads\/2022\/02\/image-303.jpeg","width":800,"height":600},{"@type":"BreadcrumbList","@id":"https:\/\/coria.org\/ayuntamiento\/index.php\/2016\/01\/04\/cabalgata-de-los-reyes-magos\/#breadcrumb","itemListElement":[{"@type":"ListItem","position":1,"name":"Inicio","item":"https:\/\/coria.org\/ayuntamiento\/"},{"@type":"ListItem","position":2,"name":"Cabalgata de los Reyes Magos"}]},{"@type":"WebSite","@id":"https:\/\/coria.org\/ayuntamiento\/#website","url":"https:\/\/coria.org\/ayuntamiento\/","name":"Ayuntamiento de Coria","description":"Web oficial del Ayuntamiento de Coria","publisher":{"@id":"https:\/\/coria.org\/ayuntamiento\/#organization"},"alternateName":"Web Oficial del Ayuntamiento de Coria","potentialAction":[{"@type":"SearchAction","target":{"@type":"EntryPoint","urlTemplate":"https:\/\/coria.org\/ayuntamiento\/?s={search_term_string}"},"query-input":{"@type":"PropertyValueSpecification","valueRequired":true,"valueName":"search_term_string"}}],"inLanguage":"es"},{"@type":"Organization","@id":"https:\/\/coria.org\/ayuntamiento\/#organization","name":"Ayuntamiento de Coria","alternateName":"Ayto de Coria","url":"https:\/\/coria.org\/ayuntamiento\/","logo":{"@type":"ImageObject","inLanguage":"es","@id":"https:\/\/coria.org\/ayuntamiento\/#\/schema\/logo\/image\/","url":"https:\/\/coria.org\/ayuntamiento\/wp-content\/uploads\/2020\/12\/escudo-ayuntamiento-coria.png","contentUrl":"https:\/\/coria.org\/ayuntamiento\/wp-content\/uploads\/2020\/12\/escudo-ayuntamiento-coria.png","width":511,"height":240,"caption":"Ayuntamiento de Coria"},"image":{"@id":"https:\/\/coria.org\/ayuntamiento\/#\/schema\/logo\/image\/"},"sameAs":["https:\/\/www.facebook.com\/Ayuntamiento.de.Coria","https:\/\/x.com\/Ayto_de_Coria","https:\/\/www.instagram.com\/coria.ayuntamiento\/","https:\/\/www.youtube.com\/user\/AYUNTAMIENTOCORIA"]},{"@type":"Person","@id":"https:\/\/coria.org\/ayuntamiento\/#\/schema\/person\/8bd589f0e13e8ae5aa06def7a599d622","name":"ayuntamiento","image":{"@type":"ImageObject","inLanguage":"es","@id":"https:\/\/secure.gravatar.com\/avatar\/966e5ed73cad334adda5c87f49f2547f7082f7292c1b627cbb548744383b391c?s=96&d=mm&r=g","url":"https:\/\/secure.gravatar.com\/avatar\/966e5ed73cad334adda5c87f49f2547f7082f7292c1b627cbb548744383b391c?s=96&d=mm&r=g","contentUrl":"https:\/\/secure.gravatar.com\/avatar\/966e5ed73cad334adda5c87f49f2547f7082f7292c1b627cbb548744383b391c?s=96&d=mm&r=g","caption":"ayuntamiento"}}]}},"uagb_featured_image_src":{"full":["https:\/\/coria.org\/ayuntamiento\/wp-content\/uploads\/2022\/02\/image-303.jpeg",800,600,false],"thumbnail":["https:\/\/coria.org\/ayuntamiento\/wp-content\/uploads\/2022\/02\/image-303-150x150.jpeg",150,150,true],"medium":["https:\/\/coria.org\/ayuntamiento\/wp-content\/uploads\/2022\/02\/image-303-300x225.jpeg",300,225,true],"medium_large":["https:\/\/coria.org\/ayuntamiento\/wp-content\/uploads\/2022\/02\/image-303-768x576.jpeg",768,576,true],"large":["https:\/\/coria.org\/ayuntamiento\/wp-content\/uploads\/2022\/02\/image-303.jpeg",800,600,false],"thumblist":["https:\/\/coria.org\/ayuntamiento\/wp-content\/uploads\/2022\/02\/image-303.jpeg",300,225,false],"thumbrelated":["https:\/\/coria.org\/ayuntamiento\/wp-content\/uploads\/2022\/02\/image-303.jpeg",500,375,false],"meccarouselthumb":["https:\/\/coria.org\/ayuntamiento\/wp-content\/uploads\/2022\/02\/image-303.jpeg",432,324,false],"gridsquare":["https:\/\/coria.org\/ayuntamiento\/wp-content\/uploads\/2022\/02\/image-303.jpeg",347,260,false],"tileview":["https:\/\/coria.org\/ayuntamiento\/wp-content\/uploads\/2022\/02\/image-303.jpeg",300,225,false],"1536x1536":["https:\/\/coria.org\/ayuntamiento\/wp-content\/uploads\/2022\/02\/image-303.jpeg",800,600,false],"2048x2048":["https:\/\/coria.org\/ayuntamiento\/wp-content\/uploads\/2022\/02\/image-303.jpeg",800,600,false]},"uagb_author_info":{"display_name":"ayuntamiento","author_link":"https:\/\/coria.org\/ayuntamiento\/index.php\/author\/ayuntamiento\/"},"uagb_comment_info":0,"uagb_excerpt":"La Salida se efectuar\u00e1 desde el antiguo Silo el pr\u00f3ximo d\u00eda 5 de enero de 2016 a las 18h00. Antes de la Cabalgata de Reyes, los Reyes Magos y pajes visitar\u00e1n las residencias de ancianos y hospital en el siguiente orden: \u00b7 Residencia \u00bb La Inmaculada \u00bb a las 16h00. \u00b7 Residencia \u00abEl Salvador\u00bb a&hellip;","_links":{"self":[{"href":"https:\/\/coria.org\/ayuntamiento\/index.php\/wp-json\/wp\/v2\/posts\/25468","targetHints":{"allow":["GET"]}}],"collection":[{"href":"https:\/\/coria.org\/ayuntamiento\/index.php\/wp-json\/wp\/v2\/posts"}],"about":[{"href":"https:\/\/coria.org\/ayuntamiento\/index.php\/wp-json\/wp\/v2\/types\/post"}],"author":[{"embeddable":true,"href":"https:\/\/coria.org\/ayuntamiento\/index.php\/wp-json\/wp\/v2\/users\/2"}],"replies":[{"embeddable":true,"href":"https:\/\/coria.org\/ayuntamiento\/index.php\/wp-json\/wp\/v2\/comments?post=25468"}],"version-history":[{"count":0,"href":"https:\/\/coria.org\/ayuntamiento\/index.php\/wp-json\/wp\/v2\/posts\/25468\/revisions"}],"wp:featuredmedia":[{"embeddable":true,"href":"https:\/\/coria.org\/ayuntamiento\/index.php\/wp-json\/wp\/v2\/media\/28352"}],"wp:attachment":[{"href":"https:\/\/coria.org\/ayuntamiento\/index.php\/wp-json\/wp\/v2\/media?parent=25468"}],"wp:term":[{"taxonomy":"category","embeddable":true,"href":"https:\/\/coria.org\/ayuntamiento\/index.php\/wp-json\/wp\/v2\/categories?post=25468"},{"taxonomy":"post_tag","embeddable":true,"href":"https:\/\/coria.org\/ayuntamiento\/index.php\/wp-json\/wp\/v2\/tags?post=25468"}],"curies":[{"name":"wp","href":"https:\/\/api.w.org\/{rel}","templated":true}]}}