{"id":25285,"date":"2016-07-15T00:00:00","date_gmt":"2016-07-15T00:00:00","guid":{"rendered":"https:\/\/ayuntamiento.coriaenimagenes.com\/regulacion-del-trafico-durante-el-xv-triatlon-ciudad-de-coria\/"},"modified":"2024-07-05T09:38:00","modified_gmt":"2024-07-05T07:38:00","slug":"regulacion-del-trafico-durante-el-xv-triatlon-ciudad-de-coria","status":"publish","type":"post","link":"https:\/\/coria.org\/ayuntamiento\/index.php\/2016\/07\/15\/regulacion-del-trafico-durante-el-xv-triatlon-ciudad-de-coria\/","title":{"rendered":"Regulaci\u00f3n del tr\u00e1fico durante el  XV Triatl\u00f3n Ciudad de Coria"},"content":{"rendered":"\n<p>Con motivo de la celebraci\u00f3n en nuestra Ciudad del XV TRIATLON \u00abCiudad de Coria\u00bb, el pr\u00f3ximo domingo d\u00eda 17 de abril, desde las 9 de la ma\u00f1ana hasta las 13 horas aproximadamente, estar\u00e1n cortadas al tr\u00e1fico de veh\u00edculos en direcci\u00f3n norte las avenidas de Puente Nuevo, Extremadura, Sierra de Gata. Igualmente estar\u00e1n cortadas las avenidas de Isabel la Cat\u00f3lica y Monse\u00f1or Riveri en sentido EX-108 (salida de Coria), as\u00ed como los accesos a las mismas.<\/p>\n\n\n<figure class=\"wp-block-post-featured-image\"><img loading=\"lazy\" decoding=\"async\" width=\"1116\" height=\"658\" src=\"https:\/\/coria.org\/ayuntamiento\/wp-content\/uploads\/2016\/07\/Segmento_Ciclismo.jpg\" class=\"attachment-post-thumbnail size-post-thumbnail wp-post-image\" alt=\"\" style=\"object-fit:cover;\" srcset=\"https:\/\/coria.org\/ayuntamiento\/wp-content\/uploads\/2016\/07\/Segmento_Ciclismo.jpg 1116w, https:\/\/coria.org\/ayuntamiento\/wp-content\/uploads\/2016\/07\/Segmento_Ciclismo-300x177.jpg 300w, https:\/\/coria.org\/ayuntamiento\/wp-content\/uploads\/2016\/07\/Segmento_Ciclismo-1024x604.jpg 1024w, https:\/\/coria.org\/ayuntamiento\/wp-content\/uploads\/2016\/07\/Segmento_Ciclismo-768x453.jpg 768w\" sizes=\"auto, (max-width: 1116px) 100vw, 1116px\" \/><\/figure>\n\n\n<p>Al estar situados los boxes y la meta en el Paseo de la Isla, quedan suprimidos los estacionamientos en el mismo desde las 6 horas de la ma\u00f1ana. Los estacionamientos habilitados en la zona de tierra estar\u00e1n abiertos hasta las 9 horas, cerr\u00e1ndose (tanto de entrada como de salida) hasta la finalizaci\u00f3n de la prueba, aproximadamente a las 13 horas.<\/p>\n\n\n\n<p>Tambi\u00e9n se ver\u00e1n afectadas las siguientes v\u00edas: Carretera de Casillas (desde el campo de f\u00fatbol a la rotonda \u00abdel toro\u00bb); Carretera del Guijo (desde Coria a la rotonda \u00abdel seminario\u00bb); EX-108 (desde la rotonda \u00abdel seminario\u00bb hasta la EX-108-R) y la EX-108-R hasta el paseo de la Isla.<\/p>\n\n\n\n<p>Rogamos a los conductores que disculpen las molestias y no utilicen sus veh\u00edculos si no es imprescindible, y que, en el caso de tener que hacerlo, circulen con la m\u00e1xima atenci\u00f3n colaborando con las personas de la organizaci\u00f3n que les informar\u00e1n de las rutas alternativas a seguir.<\/p>\n","protected":false},"excerpt":{"rendered":"<p>Con motivo de la celebraci\u00f3n en nuestra Ciudad del XV TRIATLON \u00abCiudad de Coria\u00bb, el pr\u00f3ximo domingo d\u00eda 17 de abril, desde las 9 de la ma\u00f1ana hasta las 13 horas aproximadamente, estar\u00e1n cortadas al tr\u00e1fico de veh\u00edculos en direcci\u00f3n norte las avenidas de Puente Nuevo, Extremadura, Sierra de Gata. Igualmente estar\u00e1n cortadas las avenidas [&hellip;]<\/p>\n","protected":false},"author":2,"featured_media":61755,"comment_status":"closed","ping_status":"closed","sticky":false,"template":"","format":"standard","meta":{"_uag_custom_page_level_css":"","footnotes":""},"categories":[2],"tags":[3,4],"class_list":["post-25285","post","type-post","status-publish","format-standard","has-post-thumbnail","hentry","category-noticias","tag-coria","tag-extremadura"],"yoast_head":"<!-- This site is optimized with the Yoast SEO plugin v27.4 - https:\/\/yoast.com\/product\/yoast-seo-wordpress\/ -->\n<title>Regulaci\u00f3n del tr\u00e1fico durante el XV Triatl\u00f3n Ciudad de Coria - Ayuntamiento de Coria<\/title>\n<meta name=\"robots\" content=\"index, follow, max-snippet:-1, max-image-preview:large, max-video-preview:-1\" \/>\n<link rel=\"canonical\" href=\"https:\/\/coria.org\/ayuntamiento\/index.php\/2016\/07\/15\/regulacion-del-trafico-durante-el-xv-triatlon-ciudad-de-coria\/\" \/>\n<meta property=\"og:locale\" content=\"es_ES\" \/>\n<meta property=\"og:type\" content=\"article\" \/>\n<meta property=\"og:title\" content=\"Regulaci\u00f3n del tr\u00e1fico durante el XV Triatl\u00f3n Ciudad de Coria - Ayuntamiento de Coria\" \/>\n<meta property=\"og:description\" content=\"Con motivo de la celebraci\u00f3n en nuestra Ciudad del XV TRIATLON \u00abCiudad de Coria\u00bb, el pr\u00f3ximo domingo d\u00eda 17 de abril, desde las 9 de la ma\u00f1ana hasta las 13 horas aproximadamente, estar\u00e1n cortadas al tr\u00e1fico de veh\u00edculos en direcci\u00f3n norte las avenidas de Puente Nuevo, Extremadura, Sierra de Gata. Igualmente estar\u00e1n cortadas las avenidas [&hellip;]\" \/>\n<meta property=\"og:url\" content=\"https:\/\/coria.org\/ayuntamiento\/index.php\/2016\/07\/15\/regulacion-del-trafico-durante-el-xv-triatlon-ciudad-de-coria\/\" \/>\n<meta property=\"og:site_name\" content=\"Ayuntamiento de Coria\" \/>\n<meta property=\"article:publisher\" content=\"https:\/\/www.facebook.com\/Ayuntamiento.de.Coria\" \/>\n<meta property=\"article:published_time\" content=\"2016-07-15T00:00:00+00:00\" \/>\n<meta property=\"article:modified_time\" content=\"2024-07-05T07:38:00+00:00\" \/>\n<meta property=\"og:image\" content=\"https:\/\/coria.org\/ayuntamiento\/wp-content\/uploads\/2016\/07\/Segmento_Ciclismo.jpg\" \/>\n\t<meta property=\"og:image:width\" content=\"1116\" \/>\n\t<meta property=\"og:image:height\" content=\"658\" \/>\n\t<meta property=\"og:image:type\" content=\"image\/jpeg\" \/>\n<meta name=\"author\" content=\"ayuntamiento\" \/>\n<meta name=\"twitter:card\" content=\"summary_large_image\" \/>\n<meta name=\"twitter:creator\" content=\"@Ayto_de_Coria\" \/>\n<meta name=\"twitter:site\" content=\"@Ayto_de_Coria\" \/>\n<meta name=\"twitter:label1\" content=\"Escrito por\" \/>\n\t<meta name=\"twitter:data1\" content=\"ayuntamiento\" \/>\n\t<meta name=\"twitter:label2\" content=\"Tiempo de lectura\" \/>\n\t<meta name=\"twitter:data2\" content=\"1 minuto\" \/>\n<script type=\"application\/ld+json\" class=\"yoast-schema-graph\">{\"@context\":\"https:\\\/\\\/schema.org\",\"@graph\":[{\"@type\":\"Article\",\"@id\":\"https:\\\/\\\/coria.org\\\/ayuntamiento\\\/index.php\\\/2016\\\/07\\\/15\\\/regulacion-del-trafico-durante-el-xv-triatlon-ciudad-de-coria\\\/#article\",\"isPartOf\":{\"@id\":\"https:\\\/\\\/coria.org\\\/ayuntamiento\\\/index.php\\\/2016\\\/07\\\/15\\\/regulacion-del-trafico-durante-el-xv-triatlon-ciudad-de-coria\\\/\"},\"author\":{\"name\":\"ayuntamiento\",\"@id\":\"https:\\\/\\\/coria.org\\\/ayuntamiento\\\/#\\\/schema\\\/person\\\/8bd589f0e13e8ae5aa06def7a599d622\"},\"headline\":\"Regulaci\u00f3n del tr\u00e1fico durante el XV Triatl\u00f3n Ciudad de Coria\",\"datePublished\":\"2016-07-15T00:00:00+00:00\",\"dateModified\":\"2024-07-05T07:38:00+00:00\",\"mainEntityOfPage\":{\"@id\":\"https:\\\/\\\/coria.org\\\/ayuntamiento\\\/index.php\\\/2016\\\/07\\\/15\\\/regulacion-del-trafico-durante-el-xv-triatlon-ciudad-de-coria\\\/\"},\"wordCount\":263,\"publisher\":{\"@id\":\"https:\\\/\\\/coria.org\\\/ayuntamiento\\\/#organization\"},\"image\":{\"@id\":\"https:\\\/\\\/coria.org\\\/ayuntamiento\\\/index.php\\\/2016\\\/07\\\/15\\\/regulacion-del-trafico-durante-el-xv-triatlon-ciudad-de-coria\\\/#primaryimage\"},\"thumbnailUrl\":\"https:\\\/\\\/coria.org\\\/ayuntamiento\\\/wp-content\\\/uploads\\\/2016\\\/07\\\/Segmento_Ciclismo.jpg\",\"keywords\":[\"coria\",\"extremadura\"],\"articleSection\":[\"Noticias\"],\"inLanguage\":\"es\"},{\"@type\":\"WebPage\",\"@id\":\"https:\\\/\\\/coria.org\\\/ayuntamiento\\\/index.php\\\/2016\\\/07\\\/15\\\/regulacion-del-trafico-durante-el-xv-triatlon-ciudad-de-coria\\\/\",\"url\":\"https:\\\/\\\/coria.org\\\/ayuntamiento\\\/index.php\\\/2016\\\/07\\\/15\\\/regulacion-del-trafico-durante-el-xv-triatlon-ciudad-de-coria\\\/\",\"name\":\"Regulaci\u00f3n del tr\u00e1fico durante el XV Triatl\u00f3n Ciudad de Coria - Ayuntamiento de Coria\",\"isPartOf\":{\"@id\":\"https:\\\/\\\/coria.org\\\/ayuntamiento\\\/#website\"},\"primaryImageOfPage\":{\"@id\":\"https:\\\/\\\/coria.org\\\/ayuntamiento\\\/index.php\\\/2016\\\/07\\\/15\\\/regulacion-del-trafico-durante-el-xv-triatlon-ciudad-de-coria\\\/#primaryimage\"},\"image\":{\"@id\":\"https:\\\/\\\/coria.org\\\/ayuntamiento\\\/index.php\\\/2016\\\/07\\\/15\\\/regulacion-del-trafico-durante-el-xv-triatlon-ciudad-de-coria\\\/#primaryimage\"},\"thumbnailUrl\":\"https:\\\/\\\/coria.org\\\/ayuntamiento\\\/wp-content\\\/uploads\\\/2016\\\/07\\\/Segmento_Ciclismo.jpg\",\"datePublished\":\"2016-07-15T00:00:00+00:00\",\"dateModified\":\"2024-07-05T07:38:00+00:00\",\"breadcrumb\":{\"@id\":\"https:\\\/\\\/coria.org\\\/ayuntamiento\\\/index.php\\\/2016\\\/07\\\/15\\\/regulacion-del-trafico-durante-el-xv-triatlon-ciudad-de-coria\\\/#breadcrumb\"},\"inLanguage\":\"es\",\"potentialAction\":[{\"@type\":\"ReadAction\",\"target\":[\"https:\\\/\\\/coria.org\\\/ayuntamiento\\\/index.php\\\/2016\\\/07\\\/15\\\/regulacion-del-trafico-durante-el-xv-triatlon-ciudad-de-coria\\\/\"]}]},{\"@type\":\"ImageObject\",\"inLanguage\":\"es\",\"@id\":\"https:\\\/\\\/coria.org\\\/ayuntamiento\\\/index.php\\\/2016\\\/07\\\/15\\\/regulacion-del-trafico-durante-el-xv-triatlon-ciudad-de-coria\\\/#primaryimage\",\"url\":\"https:\\\/\\\/coria.org\\\/ayuntamiento\\\/wp-content\\\/uploads\\\/2016\\\/07\\\/Segmento_Ciclismo.jpg\",\"contentUrl\":\"https:\\\/\\\/coria.org\\\/ayuntamiento\\\/wp-content\\\/uploads\\\/2016\\\/07\\\/Segmento_Ciclismo.jpg\",\"width\":1116,\"height\":658},{\"@type\":\"BreadcrumbList\",\"@id\":\"https:\\\/\\\/coria.org\\\/ayuntamiento\\\/index.php\\\/2016\\\/07\\\/15\\\/regulacion-del-trafico-durante-el-xv-triatlon-ciudad-de-coria\\\/#breadcrumb\",\"itemListElement\":[{\"@type\":\"ListItem\",\"position\":1,\"name\":\"Inicio\",\"item\":\"https:\\\/\\\/coria.org\\\/ayuntamiento\\\/\"},{\"@type\":\"ListItem\",\"position\":2,\"name\":\"Regulaci\u00f3n del tr\u00e1fico durante el XV Triatl\u00f3n Ciudad de Coria\"}]},{\"@type\":\"WebSite\",\"@id\":\"https:\\\/\\\/coria.org\\\/ayuntamiento\\\/#website\",\"url\":\"https:\\\/\\\/coria.org\\\/ayuntamiento\\\/\",\"name\":\"Ayuntamiento de Coria\",\"description\":\"Web oficial del Ayuntamiento de Coria\",\"publisher\":{\"@id\":\"https:\\\/\\\/coria.org\\\/ayuntamiento\\\/#organization\"},\"alternateName\":\"Web Oficial del Ayuntamiento de Coria\",\"potentialAction\":[{\"@type\":\"SearchAction\",\"target\":{\"@type\":\"EntryPoint\",\"urlTemplate\":\"https:\\\/\\\/coria.org\\\/ayuntamiento\\\/?s={search_term_string}\"},\"query-input\":{\"@type\":\"PropertyValueSpecification\",\"valueRequired\":true,\"valueName\":\"search_term_string\"}}],\"inLanguage\":\"es\"},{\"@type\":\"Organization\",\"@id\":\"https:\\\/\\\/coria.org\\\/ayuntamiento\\\/#organization\",\"name\":\"Ayuntamiento de Coria\",\"alternateName\":\"Ayto de Coria\",\"url\":\"https:\\\/\\\/coria.org\\\/ayuntamiento\\\/\",\"logo\":{\"@type\":\"ImageObject\",\"inLanguage\":\"es\",\"@id\":\"https:\\\/\\\/coria.org\\\/ayuntamiento\\\/#\\\/schema\\\/logo\\\/image\\\/\",\"url\":\"https:\\\/\\\/coria.org\\\/ayuntamiento\\\/wp-content\\\/uploads\\\/2020\\\/12\\\/escudo-ayuntamiento-coria.png\",\"contentUrl\":\"https:\\\/\\\/coria.org\\\/ayuntamiento\\\/wp-content\\\/uploads\\\/2020\\\/12\\\/escudo-ayuntamiento-coria.png\",\"width\":511,\"height\":240,\"caption\":\"Ayuntamiento de Coria\"},\"image\":{\"@id\":\"https:\\\/\\\/coria.org\\\/ayuntamiento\\\/#\\\/schema\\\/logo\\\/image\\\/\"},\"sameAs\":[\"https:\\\/\\\/www.facebook.com\\\/Ayuntamiento.de.Coria\",\"https:\\\/\\\/x.com\\\/Ayto_de_Coria\",\"https:\\\/\\\/www.instagram.com\\\/coria.ayuntamiento\\\/\",\"https:\\\/\\\/www.youtube.com\\\/user\\\/AYUNTAMIENTOCORIA\"]},{\"@type\":\"Person\",\"@id\":\"https:\\\/\\\/coria.org\\\/ayuntamiento\\\/#\\\/schema\\\/person\\\/8bd589f0e13e8ae5aa06def7a599d622\",\"name\":\"ayuntamiento\",\"image\":{\"@type\":\"ImageObject\",\"inLanguage\":\"es\",\"@id\":\"https:\\\/\\\/secure.gravatar.com\\\/avatar\\\/966e5ed73cad334adda5c87f49f2547f7082f7292c1b627cbb548744383b391c?s=96&d=mm&r=g\",\"url\":\"https:\\\/\\\/secure.gravatar.com\\\/avatar\\\/966e5ed73cad334adda5c87f49f2547f7082f7292c1b627cbb548744383b391c?s=96&d=mm&r=g\",\"contentUrl\":\"https:\\\/\\\/secure.gravatar.com\\\/avatar\\\/966e5ed73cad334adda5c87f49f2547f7082f7292c1b627cbb548744383b391c?s=96&d=mm&r=g\",\"caption\":\"ayuntamiento\"}}]}<\/script>\n<!-- \/ Yoast SEO plugin. -->","yoast_head_json":{"title":"Regulaci\u00f3n del tr\u00e1fico durante el XV Triatl\u00f3n Ciudad de Coria - Ayuntamiento de Coria","robots":{"index":"index","follow":"follow","max-snippet":"max-snippet:-1","max-image-preview":"max-image-preview:large","max-video-preview":"max-video-preview:-1"},"canonical":"https:\/\/coria.org\/ayuntamiento\/index.php\/2016\/07\/15\/regulacion-del-trafico-durante-el-xv-triatlon-ciudad-de-coria\/","og_locale":"es_ES","og_type":"article","og_title":"Regulaci\u00f3n del tr\u00e1fico durante el XV Triatl\u00f3n Ciudad de Coria - Ayuntamiento de Coria","og_description":"Con motivo de la celebraci\u00f3n en nuestra Ciudad del XV TRIATLON \u00abCiudad de Coria\u00bb, el pr\u00f3ximo domingo d\u00eda 17 de abril, desde las 9 de la ma\u00f1ana hasta las 13 horas aproximadamente, estar\u00e1n cortadas al tr\u00e1fico de veh\u00edculos en direcci\u00f3n norte las avenidas de Puente Nuevo, Extremadura, Sierra de Gata. Igualmente estar\u00e1n cortadas las avenidas [&hellip;]","og_url":"https:\/\/coria.org\/ayuntamiento\/index.php\/2016\/07\/15\/regulacion-del-trafico-durante-el-xv-triatlon-ciudad-de-coria\/","og_site_name":"Ayuntamiento de Coria","article_publisher":"https:\/\/www.facebook.com\/Ayuntamiento.de.Coria","article_published_time":"2016-07-15T00:00:00+00:00","article_modified_time":"2024-07-05T07:38:00+00:00","og_image":[{"width":1116,"height":658,"url":"https:\/\/coria.org\/ayuntamiento\/wp-content\/uploads\/2016\/07\/Segmento_Ciclismo.jpg","type":"image\/jpeg"}],"author":"ayuntamiento","twitter_card":"summary_large_image","twitter_creator":"@Ayto_de_Coria","twitter_site":"@Ayto_de_Coria","twitter_misc":{"Escrito por":"ayuntamiento","Tiempo de lectura":"1 minuto"},"schema":{"@context":"https:\/\/schema.org","@graph":[{"@type":"Article","@id":"https:\/\/coria.org\/ayuntamiento\/index.php\/2016\/07\/15\/regulacion-del-trafico-durante-el-xv-triatlon-ciudad-de-coria\/#article","isPartOf":{"@id":"https:\/\/coria.org\/ayuntamiento\/index.php\/2016\/07\/15\/regulacion-del-trafico-durante-el-xv-triatlon-ciudad-de-coria\/"},"author":{"name":"ayuntamiento","@id":"https:\/\/coria.org\/ayuntamiento\/#\/schema\/person\/8bd589f0e13e8ae5aa06def7a599d622"},"headline":"Regulaci\u00f3n del tr\u00e1fico durante el XV Triatl\u00f3n Ciudad de Coria","datePublished":"2016-07-15T00:00:00+00:00","dateModified":"2024-07-05T07:38:00+00:00","mainEntityOfPage":{"@id":"https:\/\/coria.org\/ayuntamiento\/index.php\/2016\/07\/15\/regulacion-del-trafico-durante-el-xv-triatlon-ciudad-de-coria\/"},"wordCount":263,"publisher":{"@id":"https:\/\/coria.org\/ayuntamiento\/#organization"},"image":{"@id":"https:\/\/coria.org\/ayuntamiento\/index.php\/2016\/07\/15\/regulacion-del-trafico-durante-el-xv-triatlon-ciudad-de-coria\/#primaryimage"},"thumbnailUrl":"https:\/\/coria.org\/ayuntamiento\/wp-content\/uploads\/2016\/07\/Segmento_Ciclismo.jpg","keywords":["coria","extremadura"],"articleSection":["Noticias"],"inLanguage":"es"},{"@type":"WebPage","@id":"https:\/\/coria.org\/ayuntamiento\/index.php\/2016\/07\/15\/regulacion-del-trafico-durante-el-xv-triatlon-ciudad-de-coria\/","url":"https:\/\/coria.org\/ayuntamiento\/index.php\/2016\/07\/15\/regulacion-del-trafico-durante-el-xv-triatlon-ciudad-de-coria\/","name":"Regulaci\u00f3n del tr\u00e1fico durante el XV Triatl\u00f3n Ciudad de Coria - Ayuntamiento de Coria","isPartOf":{"@id":"https:\/\/coria.org\/ayuntamiento\/#website"},"primaryImageOfPage":{"@id":"https:\/\/coria.org\/ayuntamiento\/index.php\/2016\/07\/15\/regulacion-del-trafico-durante-el-xv-triatlon-ciudad-de-coria\/#primaryimage"},"image":{"@id":"https:\/\/coria.org\/ayuntamiento\/index.php\/2016\/07\/15\/regulacion-del-trafico-durante-el-xv-triatlon-ciudad-de-coria\/#primaryimage"},"thumbnailUrl":"https:\/\/coria.org\/ayuntamiento\/wp-content\/uploads\/2016\/07\/Segmento_Ciclismo.jpg","datePublished":"2016-07-15T00:00:00+00:00","dateModified":"2024-07-05T07:38:00+00:00","breadcrumb":{"@id":"https:\/\/coria.org\/ayuntamiento\/index.php\/2016\/07\/15\/regulacion-del-trafico-durante-el-xv-triatlon-ciudad-de-coria\/#breadcrumb"},"inLanguage":"es","potentialAction":[{"@type":"ReadAction","target":["https:\/\/coria.org\/ayuntamiento\/index.php\/2016\/07\/15\/regulacion-del-trafico-durante-el-xv-triatlon-ciudad-de-coria\/"]}]},{"@type":"ImageObject","inLanguage":"es","@id":"https:\/\/coria.org\/ayuntamiento\/index.php\/2016\/07\/15\/regulacion-del-trafico-durante-el-xv-triatlon-ciudad-de-coria\/#primaryimage","url":"https:\/\/coria.org\/ayuntamiento\/wp-content\/uploads\/2016\/07\/Segmento_Ciclismo.jpg","contentUrl":"https:\/\/coria.org\/ayuntamiento\/wp-content\/uploads\/2016\/07\/Segmento_Ciclismo.jpg","width":1116,"height":658},{"@type":"BreadcrumbList","@id":"https:\/\/coria.org\/ayuntamiento\/index.php\/2016\/07\/15\/regulacion-del-trafico-durante-el-xv-triatlon-ciudad-de-coria\/#breadcrumb","itemListElement":[{"@type":"ListItem","position":1,"name":"Inicio","item":"https:\/\/coria.org\/ayuntamiento\/"},{"@type":"ListItem","position":2,"name":"Regulaci\u00f3n del tr\u00e1fico durante el XV Triatl\u00f3n Ciudad de Coria"}]},{"@type":"WebSite","@id":"https:\/\/coria.org\/ayuntamiento\/#website","url":"https:\/\/coria.org\/ayuntamiento\/","name":"Ayuntamiento de Coria","description":"Web oficial del Ayuntamiento de Coria","publisher":{"@id":"https:\/\/coria.org\/ayuntamiento\/#organization"},"alternateName":"Web Oficial del Ayuntamiento de Coria","potentialAction":[{"@type":"SearchAction","target":{"@type":"EntryPoint","urlTemplate":"https:\/\/coria.org\/ayuntamiento\/?s={search_term_string}"},"query-input":{"@type":"PropertyValueSpecification","valueRequired":true,"valueName":"search_term_string"}}],"inLanguage":"es"},{"@type":"Organization","@id":"https:\/\/coria.org\/ayuntamiento\/#organization","name":"Ayuntamiento de Coria","alternateName":"Ayto de Coria","url":"https:\/\/coria.org\/ayuntamiento\/","logo":{"@type":"ImageObject","inLanguage":"es","@id":"https:\/\/coria.org\/ayuntamiento\/#\/schema\/logo\/image\/","url":"https:\/\/coria.org\/ayuntamiento\/wp-content\/uploads\/2020\/12\/escudo-ayuntamiento-coria.png","contentUrl":"https:\/\/coria.org\/ayuntamiento\/wp-content\/uploads\/2020\/12\/escudo-ayuntamiento-coria.png","width":511,"height":240,"caption":"Ayuntamiento de Coria"},"image":{"@id":"https:\/\/coria.org\/ayuntamiento\/#\/schema\/logo\/image\/"},"sameAs":["https:\/\/www.facebook.com\/Ayuntamiento.de.Coria","https:\/\/x.com\/Ayto_de_Coria","https:\/\/www.instagram.com\/coria.ayuntamiento\/","https:\/\/www.youtube.com\/user\/AYUNTAMIENTOCORIA"]},{"@type":"Person","@id":"https:\/\/coria.org\/ayuntamiento\/#\/schema\/person\/8bd589f0e13e8ae5aa06def7a599d622","name":"ayuntamiento","image":{"@type":"ImageObject","inLanguage":"es","@id":"https:\/\/secure.gravatar.com\/avatar\/966e5ed73cad334adda5c87f49f2547f7082f7292c1b627cbb548744383b391c?s=96&d=mm&r=g","url":"https:\/\/secure.gravatar.com\/avatar\/966e5ed73cad334adda5c87f49f2547f7082f7292c1b627cbb548744383b391c?s=96&d=mm&r=g","contentUrl":"https:\/\/secure.gravatar.com\/avatar\/966e5ed73cad334adda5c87f49f2547f7082f7292c1b627cbb548744383b391c?s=96&d=mm&r=g","caption":"ayuntamiento"}}]}},"uagb_featured_image_src":{"full":["https:\/\/coria.org\/ayuntamiento\/wp-content\/uploads\/2016\/07\/Segmento_Ciclismo.jpg",1116,658,false],"thumbnail":["https:\/\/coria.org\/ayuntamiento\/wp-content\/uploads\/2016\/07\/Segmento_Ciclismo-150x150.jpg",150,150,true],"medium":["https:\/\/coria.org\/ayuntamiento\/wp-content\/uploads\/2016\/07\/Segmento_Ciclismo-300x177.jpg",300,177,true],"medium_large":["https:\/\/coria.org\/ayuntamiento\/wp-content\/uploads\/2016\/07\/Segmento_Ciclismo-768x453.jpg",768,453,true],"large":["https:\/\/coria.org\/ayuntamiento\/wp-content\/uploads\/2016\/07\/Segmento_Ciclismo-1024x604.jpg",1024,604,true],"thumblist":["https:\/\/coria.org\/ayuntamiento\/wp-content\/uploads\/2016\/07\/Segmento_Ciclismo-300x300.jpg",300,300,true],"thumbrelated":["https:\/\/coria.org\/ayuntamiento\/wp-content\/uploads\/2016\/07\/Segmento_Ciclismo-500x500.jpg",500,500,true],"meccarouselthumb":["https:\/\/coria.org\/ayuntamiento\/wp-content\/uploads\/2016\/07\/Segmento_Ciclismo-474x324.jpg",474,324,true],"gridsquare":["https:\/\/coria.org\/ayuntamiento\/wp-content\/uploads\/2016\/07\/Segmento_Ciclismo-391x260.jpg",391,260,true],"tileview":["https:\/\/coria.org\/ayuntamiento\/wp-content\/uploads\/2016\/07\/Segmento_Ciclismo-300x400.jpg",300,400,true],"1536x1536":["https:\/\/coria.org\/ayuntamiento\/wp-content\/uploads\/2016\/07\/Segmento_Ciclismo.jpg",1116,658,false],"2048x2048":["https:\/\/coria.org\/ayuntamiento\/wp-content\/uploads\/2016\/07\/Segmento_Ciclismo.jpg",1116,658,false]},"uagb_author_info":{"display_name":"ayuntamiento","author_link":"https:\/\/coria.org\/ayuntamiento\/index.php\/author\/ayuntamiento\/"},"uagb_comment_info":0,"uagb_excerpt":"Con motivo de la celebraci\u00f3n en nuestra Ciudad del XV TRIATLON \u00abCiudad de Coria\u00bb, el pr\u00f3ximo domingo d\u00eda 17 de abril, desde las 9 de la ma\u00f1ana hasta las 13 horas aproximadamente, estar\u00e1n cortadas al tr\u00e1fico de veh\u00edculos en direcci\u00f3n norte las avenidas de Puente Nuevo, Extremadura, Sierra de Gata. Igualmente estar\u00e1n cortadas las avenidas&hellip;","_links":{"self":[{"href":"https:\/\/coria.org\/ayuntamiento\/index.php\/wp-json\/wp\/v2\/posts\/25285","targetHints":{"allow":["GET"]}}],"collection":[{"href":"https:\/\/coria.org\/ayuntamiento\/index.php\/wp-json\/wp\/v2\/posts"}],"about":[{"href":"https:\/\/coria.org\/ayuntamiento\/index.php\/wp-json\/wp\/v2\/types\/post"}],"author":[{"embeddable":true,"href":"https:\/\/coria.org\/ayuntamiento\/index.php\/wp-json\/wp\/v2\/users\/2"}],"replies":[{"embeddable":true,"href":"https:\/\/coria.org\/ayuntamiento\/index.php\/wp-json\/wp\/v2\/comments?post=25285"}],"version-history":[{"count":0,"href":"https:\/\/coria.org\/ayuntamiento\/index.php\/wp-json\/wp\/v2\/posts\/25285\/revisions"}],"wp:featuredmedia":[{"embeddable":true,"href":"https:\/\/coria.org\/ayuntamiento\/index.php\/wp-json\/wp\/v2\/media\/61755"}],"wp:attachment":[{"href":"https:\/\/coria.org\/ayuntamiento\/index.php\/wp-json\/wp\/v2\/media?parent=25285"}],"wp:term":[{"taxonomy":"category","embeddable":true,"href":"https:\/\/coria.org\/ayuntamiento\/index.php\/wp-json\/wp\/v2\/categories?post=25285"},{"taxonomy":"post_tag","embeddable":true,"href":"https:\/\/coria.org\/ayuntamiento\/index.php\/wp-json\/wp\/v2\/tags?post=25285"}],"curies":[{"name":"wp","href":"https:\/\/api.w.org\/{rel}","templated":true}]}}