{"id":25281,"date":"2016-07-19T00:00:00","date_gmt":"2016-07-19T00:00:00","guid":{"rendered":"https:\/\/ayuntamiento.coriaenimagenes.com\/el-violinista-ara-malikian-abrira-la-vigesima-edicion-del-festival-internacional-de-guitarra-ciudad-de-coria\/"},"modified":"2024-07-05T09:29:57","modified_gmt":"2024-07-05T07:29:57","slug":"el-violinista-ara-malikian-abrira-la-vigesima-edicion-del-festival-internacional-de-guitarra-ciudad-de-coria","status":"publish","type":"post","link":"https:\/\/coria.org\/ayuntamiento\/index.php\/2016\/07\/19\/el-violinista-ara-malikian-abrira-la-vigesima-edicion-del-festival-internacional-de-guitarra-ciudad-de-coria\/","title":{"rendered":"El violinista Ara Malikian abrir\u00e1 la vig\u00e9sima edici\u00f3n del Festival Internacional de Guitarra Ciudad de Coria"},"content":{"rendered":"\n<p>Actuar\u00e1 en la noche del pr\u00f3ximo d\u00eda 2 de agosto en la Plaza de Espa\u00f1a de Coria (C\u00e1ceres), inaugurando un festival en el que actuar\u00e1n tambi\u00e9n algunas de las mejores guitarras cl\u00e1sicas del mundo en una semana en la que conciertos, masterclasses y concurso de guitarra llenan de m\u00fasica esta hist\u00f3rica ciudad extreme\u00f1a.<\/p>\n\n\n\n<figure class=\"wp-block-image alignleft size-full\"><img loading=\"lazy\" decoding=\"async\" width=\"500\" height=\"500\" src=\"https:\/\/coria.org\/ayuntamiento\/wp-content\/uploads\/2022\/03\/image-59.jpeg\" alt=\"\" class=\"wp-image-29705\" srcset=\"https:\/\/coria.org\/ayuntamiento\/wp-content\/uploads\/2022\/03\/image-59.jpeg 500w, https:\/\/coria.org\/ayuntamiento\/wp-content\/uploads\/2022\/03\/image-59-300x300.jpeg 300w, https:\/\/coria.org\/ayuntamiento\/wp-content\/uploads\/2022\/03\/image-59-150x150.jpeg 150w\" sizes=\"auto, (max-width: 500px) 100vw, 500px\" \/><\/figure>\n\n\n\n<p>El festival Internacional de Guitarra Ciudad de Coria sube el tel\u00f3n el pr\u00f3ximo d\u00eda dos de agosto con un concierto especial\u00edsimo, como viene sucediendo en todas sus ediciones. El violinista espa\u00f1ol, de origen liban\u00e9s y ascendencia armenia, Ara Malikian presentar\u00e1 en la emblem\u00e1tica Plaza de Espa\u00f1a de Coria su trabajo \u00abQuince\u00bb, con el que est\u00e1 celebrando en gira hom\u00f3nima precisamente su decimoquinto aniversario viviendo en Espa\u00f1a.<\/p>\n\n\n\n<p>Tambi\u00e9n el Festival Internacional de la Guitarra de Coria celebra en 2016 su vig\u00e9simo cumplea\u00f1os. Para abrir el tel\u00f3n, en una efem\u00e9ride tan especial, la organizaci\u00f3n ha buscado inaugurarlo con un artista \u00abde excelencia\u00bb, afirma su coordinador, Javier Rodr\u00edguez, como es Malikian. Para el director del Festival, Hugo Geller, Malikian \u00abes un virtuoso\u00bb, pero a\u00fan si\u00e9ndolo, no es esa su mejor virtud, sino \u00abla facilidad innata que \u00e9l tiene para comunicar con el p\u00fablico. Todo el que ve un concierto suyo, acaba pensando d\u00f3nde podr\u00e1 volverlo a ver\u00bb, afirma Geller.<\/p>\n\n\n\n<p>El hispano-liban\u00e9s abrir\u00e1 de manera soberbia la efem\u00e9ride y una larga semana de m\u00fasica en la que adem\u00e1s del propio Malikian se van a escuchar en Coria a algunas de las mejores guitarras cl\u00e1sicas del mundo, sin descuidar el prop\u00f3sito docente, argumento principal de un Festival \u00abque siempre fue la guinda de nuestra escuela de m\u00fasica de Coria\u00bb, sigue Rodr\u00edguez. En todo este tiempo, la Escuela de M\u00fasica ha formado y sigue formando a m\u00e1s de 200 alumnos caurienses anuales, \u00abpara los que escuchar los conciertos y ver sobre la escena a virtuosos como Malikian supone una gran inspiraci\u00f3n y acicate para el trabajo diario\u00bb, a\u00f1ade Geller.<\/p>\n\n\n\n<p>El violinista Ara Malikian celebr\u00f3 su decimoquinto aniversario viviendo en Espa\u00f1a con un concierto \u00fanico e irrepetible en el Teatro Real de Madrid, lugar que vio el comienzo de su carrera musical en nuestro pa\u00eds. El concierto tuvo para el autor un significado especial, puesto que supone el fin de un ciclo en su trayectoria como m\u00fasico y el comienzo de una nueva etapa con la vista puesta en el mercado internacional y en la composici\u00f3n de su propio repertorio. Este concierto fue la culminaci\u00f3n de ese largo per\u00edodo de trabajo y esfuerzo, as\u00ed como de agradecimiento al p\u00fablico que le ha apoyado durante estos 15 a\u00f1os en los que ha representado m\u00e1s de 4.000 conciertos en todos los rincones de Espa\u00f1a. En este concierto estuvo acompa\u00f1ado de algunos de los artistas con los que ha colaborado en los \u00faltimos a\u00f1os, y con los que realizar\u00e1 un repaso por los principales espect\u00e1culos con los que ha recorrido nuestro pa\u00eds.<\/p>\n\n\n\n<p>\u00ab15\u00bb es tambi\u00e9n el nombre del CD\/DVD que vio la luz en el mes de febrero de 2015 y que incluye la grabaci\u00f3n del concierto y numerosos extras y material adicional. \u00ab15\u00bb es tambi\u00e9n el nombre de la gira que le est\u00e1 llevando a colgar el cartel de \u00abentradas agotadas\u00bb en los mejores teatros de nuestro pa\u00eds. Todo apunta que lo har\u00e1 tambi\u00e9n en el concierto inaugural del XX Festival Internacional de la Guitarra de Coria. El programa de este concierto, incluye lo mejor de estos 15 a\u00f1os en Espa\u00f1a, as\u00ed como sus primeras composiciones en m\u00e1s de una d\u00e9cada.<br>La idea central que mueve esta nueva gira, como de costumbre, es la de acercar la m\u00fasica cl\u00e1sica a todos los p\u00fablicos: desde los m\u00e1s peque\u00f1os hasta los m\u00e1s mayores. El repertorio est\u00e1 compuesto tanto de obras cl\u00e1sicas como de adaptaciones para orquesta provenientes del amplio repertorio de la m\u00fasica popular del siglo XX. Malikian llegar\u00e1 a Coria acompa\u00f1ado por un ramillete de m\u00fasicos excepcionales: Humberto Armas (viola), Jorge Guill\u00e9n (viol\u00edn), Nantha Kumar (percusi\u00f3n), Tania Abad (contrabajo), H\u00e9ctor \u00abEl Turco\u00bb(baterista) y Cristina L\u00f3pez (violonchelo).<\/p>\n\n\n\n<p>Programa:<\/p>\n\n\n\n<p>\u0095 \u00abDzovarev de Ara Malikian\u00bb.<br>\u0095 \u00abCiocarlia Tradicional con arreglos de Ara Malikian\u00bb.<br>\u0095 \u00abPisando Flores de Ara Malikian\u00bb.<br>\u0095 \u00abNo Surprises de Radiohead\u00bb.<br>\u0095 \u00abDanza de la Vida Breve de Manuel de Falla\u00bb.<br>\u0095 \u00abBackgammon de Ara Malikian\u00bb.<br>\u0095 \u00abVals de Kairo de Ara Malikian\u00bb.<br>\u0095 \u00ab1915 de Ara Malikian\u00bb.<br>\u0095 \u00abZapateado de Sarasate arreglos de Ara Malikian\u00bb.<br>\u0095 \u00abVerano de Vivaldi arreglos de Ara Malikian\u00bb.<br>\u0095 \u00abZyriab de Paco de Luc\u00eda\u00bb.<br>\u0095 \u00abAria de Bach arreglo de Ara Malikian\u00bb.<\/p>\n\n\n\n<h5 class=\"wp-block-heading\">Sobre Ara Malikian.<\/h5>\n\n\n\n<p>Una inagotable inquietud musical y humana han llevado a Ara Malikian a profundizar en sus propias ra\u00edces armenias y asimilar la m\u00fasica de otras culturas del Medio Oriente (\u00e1rabe y jud\u00eda), Centro Europa (gitana y kletzmer), Argentina (tango) y Espa\u00f1a (flamenco), todo ello dentro de un lenguaje muy personal con el virtuosismo y la expresividad de la gran tradici\u00f3n cl\u00e1sica europea.<\/p>\n\n\n\n<p>Su calidad y nivel como violinista ha sido reconocida en numerosos concursos de prestigio mundial, entre los que cabe destacar los Premios \u00abFelix Mendelssohn\u00bb (1987 Berl\u00edn, Alemania), \u00abPablo Sarasate\u00bb (1995 Pamplona, Espa\u00f1a), \u00abNiccolo Paganini\u00bb (G\u00e9nova, Italia), \u00abZino Francescatti\u00bb (Marsella, Francia), \u00abRodolfo Lipizer\u00bb (Gorizia Italia), \u00abJuventudes Musicales\u00bb (Belgrado, Yugoslavia), \u00abRameau\u00bb (Le Mans, Francia), \u00abInternational Artist Guild\u00bb (Nueva York, USA), Premio \u00abInternational Music Competition of Japan\u00bb, \u00abPremio a la Dedicaci\u00f3n y el Cumplimiento Art\u00edstico\u00bb del Ministerio de Cultura de Alemania, Premio \u00abMAX de las Artes Esc\u00e9nicas\u00bb a la \u00abMejor Composici\u00f3n Musical para Espect\u00e1culo Esc\u00e9nico\u00bb y galardonado dos veces en \u00abLos Premios de la M\u00fasica\u00bb por las categor\u00edas de \u00abMejor \u00c1lbum de Nuevas M\u00fasicas\u00bb y \u00abMejor Int\u00e9rprete de M\u00fasica Cl\u00e1sica\u00bb. Como solista ha sido invitado en m\u00e1s de cuarenta pa\u00edses y en ciudades como: New York (Carnegie Hall), Par\u00eds (Salle Pleyel), Viena (Musikverein), Toronto (Ford Center), Madrid (Auditorio Nacional y Teatro Real), Zurich (Tonhalle), Londres (Barbican Center), Tokio, Estambul, Berl\u00edn, Atenas, Venecia, Los \u00c1ngeles, Taipei, Hong-Kong, Kuala Lumpur, Cuba, Bogot\u00e1, Munich, Praga, Sevilla, Bangkok, Barcelona y Bilbao entre otros.<\/p>\n\n\n\n<p>Ha colaborado en conciertos de viol\u00edn y orquesta, bajo la batuta de directores de la talla de: Mariss Janssons, Peter Maag, Jes\u00fas L\u00f3pez Cobos, Miguel \u00c1ngel G\u00f3mez-Mart\u00ednez, Luis Antonio Garc\u00eda Navarro, Peter Schneider, Vassili Sinaisky, Edmond de Stoutz, Gudni Emilson, Juan Jos\u00e9 Mena, JoAnn Falletta, Pedro Halffter, Alejandro Posada, Crist\u00f3bal Halffter, o Salvator Brotons. Ha tocado en las principales orquestas de Espa\u00f1a y justo este a\u00f1o ha presentado su propia orquesta \u00abLa Orquesta en el Tejado\u00bb en el Teatro Espa\u00f1ol de Madrid.<\/p>\n\n\n\n<p>Ara Malikian con Warner Music, tiene una amplia discograf\u00eda que incluye obras de Antonio Vivaldi \u00abCuatro Estaciones\u00bb, con m\u00e1s de 80.000 copias vendidas para UNICEF, Johann Sebastian Bach \u00abSonatas y Partitas\u00bb, Niccolo Paganini \u00ab24 Caprichos\u00bb, Eugene Ysa\u00ffe \u00ab6 sonatas\u00bb, Robert Schumann \u00ab3 sonatas\u00bb, Pablo Sarasate, Enrique Arb\u00f3s, Astor Piazzola, M\u00fasica Armenia, M\u00fasica Flamenca junto al guitarrista Jos\u00e9 Luis Mont\u00f3n (\u00abManantial\u00bb y \u00abDe la Felicidad\u00bb), as\u00ed como m\u00fasica de Fernando Eg\u00f3zcue recogida en los \u00e1lbumes \u00abLejos\u00bb y \u00abCon los Ojos Cerrados\u00bb, disco presentado en los Teatros Arteria y en el Teatro Fern\u00e1n G\u00f3mez en el marco del Festival de Jazz de Madrid en 2011.<\/p>\n\n\n\n<p>Ara Malikian ha demostrado, desde siempre, un especial inter\u00e9s en acercar la m\u00fasica, tanto cl\u00e1sica como no cl\u00e1sica, a todos los p\u00fablicos, para ello cre\u00f3 \u00abCuentos del Mundo, Armenia\u00bb, un espect\u00e1culo familiar, as\u00ed como \u00abMis Primeras Cuatro Estaciones\u00bb, una versi\u00f3n dramatizada de las \u00abCuatro Estaciones de Vivaldi\u00bb que se ha representado por toda Espa\u00f1a con gran \u00e9xito de p\u00fablico y cr\u00edtica. En sus ensemble como \u00abColores\u00bb o \u00abCon los Ojos Cerrados\u00bb cuenta con la presencia de grandes m\u00fasicos en escena, y juntos han tocado en el marco de grandes festivales.<\/p>\n\n\n\n<p>Sus espect\u00e1culos dramatizados han convertido a Ara Malikian, entre otras cosas, en un personaje de prestigio y de fama internacional que le permite colaborar siempre que puede en proyectos destinados a mejorar la vida de las personas m\u00e1s desfavorecidas, sobre todo cuando se trata de ni\u00f1os. En concreto, cada a\u00f1o colabora con la ONG \u00abAcci\u00f3n Contra el Hambre\u00bb.<\/p>\n","protected":false},"excerpt":{"rendered":"<p>Actuar\u00e1 en la noche del pr\u00f3ximo d\u00eda 2 de agosto en la Plaza de Espa\u00f1a de Coria (C\u00e1ceres), inaugurando un festival en el que actuar\u00e1n tambi\u00e9n algunas de las mejores guitarras cl\u00e1sicas del mundo en una semana en la que conciertos, masterclasses y concurso de guitarra llenan de m\u00fasica esta hist\u00f3rica ciudad extreme\u00f1a. El festival [&hellip;]<\/p>\n","protected":false},"author":2,"featured_media":29705,"comment_status":"closed","ping_status":"closed","sticky":false,"template":"","format":"standard","meta":{"_uag_custom_page_level_css":"","footnotes":""},"categories":[2],"tags":[3,4],"class_list":["post-25281","post","type-post","status-publish","format-standard","has-post-thumbnail","hentry","category-noticias","tag-coria","tag-extremadura"],"yoast_head":"<!-- This site is optimized with the Yoast SEO plugin v27.4 - https:\/\/yoast.com\/product\/yoast-seo-wordpress\/ -->\n<title>El violinista Ara Malikian abrir\u00e1 la vig\u00e9sima edici\u00f3n del Festival Internacional de Guitarra Ciudad de Coria - Ayuntamiento de Coria<\/title>\n<meta name=\"robots\" content=\"index, follow, max-snippet:-1, max-image-preview:large, max-video-preview:-1\" \/>\n<link rel=\"canonical\" href=\"https:\/\/coria.org\/ayuntamiento\/index.php\/2016\/07\/19\/el-violinista-ara-malikian-abrira-la-vigesima-edicion-del-festival-internacional-de-guitarra-ciudad-de-coria\/\" \/>\n<meta property=\"og:locale\" content=\"es_ES\" \/>\n<meta property=\"og:type\" content=\"article\" \/>\n<meta property=\"og:title\" content=\"El violinista Ara Malikian abrir\u00e1 la vig\u00e9sima edici\u00f3n del Festival Internacional de Guitarra Ciudad de Coria - Ayuntamiento de Coria\" \/>\n<meta property=\"og:description\" content=\"Actuar\u00e1 en la noche del pr\u00f3ximo d\u00eda 2 de agosto en la Plaza de Espa\u00f1a de Coria (C\u00e1ceres), inaugurando un festival en el que actuar\u00e1n tambi\u00e9n algunas de las mejores guitarras cl\u00e1sicas del mundo en una semana en la que conciertos, masterclasses y concurso de guitarra llenan de m\u00fasica esta hist\u00f3rica ciudad extreme\u00f1a. El festival [&hellip;]\" \/>\n<meta property=\"og:url\" content=\"https:\/\/coria.org\/ayuntamiento\/index.php\/2016\/07\/19\/el-violinista-ara-malikian-abrira-la-vigesima-edicion-del-festival-internacional-de-guitarra-ciudad-de-coria\/\" \/>\n<meta property=\"og:site_name\" content=\"Ayuntamiento de Coria\" \/>\n<meta property=\"article:publisher\" content=\"https:\/\/www.facebook.com\/Ayuntamiento.de.Coria\" \/>\n<meta property=\"article:published_time\" content=\"2016-07-19T00:00:00+00:00\" \/>\n<meta property=\"article:modified_time\" content=\"2024-07-05T07:29:57+00:00\" \/>\n<meta property=\"og:image\" content=\"https:\/\/coria.org\/ayuntamiento\/wp-content\/uploads\/2022\/03\/image-59.jpeg\" \/>\n\t<meta property=\"og:image:width\" content=\"500\" \/>\n\t<meta property=\"og:image:height\" content=\"500\" \/>\n\t<meta property=\"og:image:type\" content=\"image\/jpeg\" \/>\n<meta name=\"author\" content=\"ayuntamiento\" \/>\n<meta name=\"twitter:card\" content=\"summary_large_image\" \/>\n<meta name=\"twitter:creator\" content=\"@Ayto_de_Coria\" \/>\n<meta name=\"twitter:site\" content=\"@Ayto_de_Coria\" \/>\n<meta name=\"twitter:label1\" content=\"Escrito por\" \/>\n\t<meta name=\"twitter:data1\" content=\"ayuntamiento\" \/>\n\t<meta name=\"twitter:label2\" content=\"Tiempo de lectura\" \/>\n\t<meta name=\"twitter:data2\" content=\"7 minutos\" \/>\n<script type=\"application\/ld+json\" class=\"yoast-schema-graph\">{\"@context\":\"https:\\\/\\\/schema.org\",\"@graph\":[{\"@type\":\"Article\",\"@id\":\"https:\\\/\\\/coria.org\\\/ayuntamiento\\\/index.php\\\/2016\\\/07\\\/19\\\/el-violinista-ara-malikian-abrira-la-vigesima-edicion-del-festival-internacional-de-guitarra-ciudad-de-coria\\\/#article\",\"isPartOf\":{\"@id\":\"https:\\\/\\\/coria.org\\\/ayuntamiento\\\/index.php\\\/2016\\\/07\\\/19\\\/el-violinista-ara-malikian-abrira-la-vigesima-edicion-del-festival-internacional-de-guitarra-ciudad-de-coria\\\/\"},\"author\":{\"name\":\"ayuntamiento\",\"@id\":\"https:\\\/\\\/coria.org\\\/ayuntamiento\\\/#\\\/schema\\\/person\\\/8bd589f0e13e8ae5aa06def7a599d622\"},\"headline\":\"El violinista Ara Malikian abrir\u00e1 la vig\u00e9sima edici\u00f3n del Festival Internacional de Guitarra Ciudad de Coria\",\"datePublished\":\"2016-07-19T00:00:00+00:00\",\"dateModified\":\"2024-07-05T07:29:57+00:00\",\"mainEntityOfPage\":{\"@id\":\"https:\\\/\\\/coria.org\\\/ayuntamiento\\\/index.php\\\/2016\\\/07\\\/19\\\/el-violinista-ara-malikian-abrira-la-vigesima-edicion-del-festival-internacional-de-guitarra-ciudad-de-coria\\\/\"},\"wordCount\":1449,\"publisher\":{\"@id\":\"https:\\\/\\\/coria.org\\\/ayuntamiento\\\/#organization\"},\"image\":{\"@id\":\"https:\\\/\\\/coria.org\\\/ayuntamiento\\\/index.php\\\/2016\\\/07\\\/19\\\/el-violinista-ara-malikian-abrira-la-vigesima-edicion-del-festival-internacional-de-guitarra-ciudad-de-coria\\\/#primaryimage\"},\"thumbnailUrl\":\"https:\\\/\\\/coria.org\\\/ayuntamiento\\\/wp-content\\\/uploads\\\/2022\\\/03\\\/image-59.jpeg\",\"keywords\":[\"coria\",\"extremadura\"],\"articleSection\":[\"Noticias\"],\"inLanguage\":\"es\"},{\"@type\":\"WebPage\",\"@id\":\"https:\\\/\\\/coria.org\\\/ayuntamiento\\\/index.php\\\/2016\\\/07\\\/19\\\/el-violinista-ara-malikian-abrira-la-vigesima-edicion-del-festival-internacional-de-guitarra-ciudad-de-coria\\\/\",\"url\":\"https:\\\/\\\/coria.org\\\/ayuntamiento\\\/index.php\\\/2016\\\/07\\\/19\\\/el-violinista-ara-malikian-abrira-la-vigesima-edicion-del-festival-internacional-de-guitarra-ciudad-de-coria\\\/\",\"name\":\"El violinista Ara Malikian abrir\u00e1 la vig\u00e9sima edici\u00f3n del Festival Internacional de Guitarra Ciudad de Coria - Ayuntamiento de Coria\",\"isPartOf\":{\"@id\":\"https:\\\/\\\/coria.org\\\/ayuntamiento\\\/#website\"},\"primaryImageOfPage\":{\"@id\":\"https:\\\/\\\/coria.org\\\/ayuntamiento\\\/index.php\\\/2016\\\/07\\\/19\\\/el-violinista-ara-malikian-abrira-la-vigesima-edicion-del-festival-internacional-de-guitarra-ciudad-de-coria\\\/#primaryimage\"},\"image\":{\"@id\":\"https:\\\/\\\/coria.org\\\/ayuntamiento\\\/index.php\\\/2016\\\/07\\\/19\\\/el-violinista-ara-malikian-abrira-la-vigesima-edicion-del-festival-internacional-de-guitarra-ciudad-de-coria\\\/#primaryimage\"},\"thumbnailUrl\":\"https:\\\/\\\/coria.org\\\/ayuntamiento\\\/wp-content\\\/uploads\\\/2022\\\/03\\\/image-59.jpeg\",\"datePublished\":\"2016-07-19T00:00:00+00:00\",\"dateModified\":\"2024-07-05T07:29:57+00:00\",\"breadcrumb\":{\"@id\":\"https:\\\/\\\/coria.org\\\/ayuntamiento\\\/index.php\\\/2016\\\/07\\\/19\\\/el-violinista-ara-malikian-abrira-la-vigesima-edicion-del-festival-internacional-de-guitarra-ciudad-de-coria\\\/#breadcrumb\"},\"inLanguage\":\"es\",\"potentialAction\":[{\"@type\":\"ReadAction\",\"target\":[\"https:\\\/\\\/coria.org\\\/ayuntamiento\\\/index.php\\\/2016\\\/07\\\/19\\\/el-violinista-ara-malikian-abrira-la-vigesima-edicion-del-festival-internacional-de-guitarra-ciudad-de-coria\\\/\"]}]},{\"@type\":\"ImageObject\",\"inLanguage\":\"es\",\"@id\":\"https:\\\/\\\/coria.org\\\/ayuntamiento\\\/index.php\\\/2016\\\/07\\\/19\\\/el-violinista-ara-malikian-abrira-la-vigesima-edicion-del-festival-internacional-de-guitarra-ciudad-de-coria\\\/#primaryimage\",\"url\":\"https:\\\/\\\/coria.org\\\/ayuntamiento\\\/wp-content\\\/uploads\\\/2022\\\/03\\\/image-59.jpeg\",\"contentUrl\":\"https:\\\/\\\/coria.org\\\/ayuntamiento\\\/wp-content\\\/uploads\\\/2022\\\/03\\\/image-59.jpeg\",\"width\":500,\"height\":500},{\"@type\":\"BreadcrumbList\",\"@id\":\"https:\\\/\\\/coria.org\\\/ayuntamiento\\\/index.php\\\/2016\\\/07\\\/19\\\/el-violinista-ara-malikian-abrira-la-vigesima-edicion-del-festival-internacional-de-guitarra-ciudad-de-coria\\\/#breadcrumb\",\"itemListElement\":[{\"@type\":\"ListItem\",\"position\":1,\"name\":\"Inicio\",\"item\":\"https:\\\/\\\/coria.org\\\/ayuntamiento\\\/\"},{\"@type\":\"ListItem\",\"position\":2,\"name\":\"El violinista Ara Malikian abrir\u00e1 la vig\u00e9sima edici\u00f3n del Festival Internacional de Guitarra Ciudad de Coria\"}]},{\"@type\":\"WebSite\",\"@id\":\"https:\\\/\\\/coria.org\\\/ayuntamiento\\\/#website\",\"url\":\"https:\\\/\\\/coria.org\\\/ayuntamiento\\\/\",\"name\":\"Ayuntamiento de Coria\",\"description\":\"Web oficial del Ayuntamiento de Coria\",\"publisher\":{\"@id\":\"https:\\\/\\\/coria.org\\\/ayuntamiento\\\/#organization\"},\"alternateName\":\"Web Oficial del Ayuntamiento de Coria\",\"potentialAction\":[{\"@type\":\"SearchAction\",\"target\":{\"@type\":\"EntryPoint\",\"urlTemplate\":\"https:\\\/\\\/coria.org\\\/ayuntamiento\\\/?s={search_term_string}\"},\"query-input\":{\"@type\":\"PropertyValueSpecification\",\"valueRequired\":true,\"valueName\":\"search_term_string\"}}],\"inLanguage\":\"es\"},{\"@type\":\"Organization\",\"@id\":\"https:\\\/\\\/coria.org\\\/ayuntamiento\\\/#organization\",\"name\":\"Ayuntamiento de Coria\",\"alternateName\":\"Ayto de Coria\",\"url\":\"https:\\\/\\\/coria.org\\\/ayuntamiento\\\/\",\"logo\":{\"@type\":\"ImageObject\",\"inLanguage\":\"es\",\"@id\":\"https:\\\/\\\/coria.org\\\/ayuntamiento\\\/#\\\/schema\\\/logo\\\/image\\\/\",\"url\":\"https:\\\/\\\/coria.org\\\/ayuntamiento\\\/wp-content\\\/uploads\\\/2020\\\/12\\\/escudo-ayuntamiento-coria.png\",\"contentUrl\":\"https:\\\/\\\/coria.org\\\/ayuntamiento\\\/wp-content\\\/uploads\\\/2020\\\/12\\\/escudo-ayuntamiento-coria.png\",\"width\":511,\"height\":240,\"caption\":\"Ayuntamiento de Coria\"},\"image\":{\"@id\":\"https:\\\/\\\/coria.org\\\/ayuntamiento\\\/#\\\/schema\\\/logo\\\/image\\\/\"},\"sameAs\":[\"https:\\\/\\\/www.facebook.com\\\/Ayuntamiento.de.Coria\",\"https:\\\/\\\/x.com\\\/Ayto_de_Coria\",\"https:\\\/\\\/www.instagram.com\\\/coria.ayuntamiento\\\/\",\"https:\\\/\\\/www.youtube.com\\\/user\\\/AYUNTAMIENTOCORIA\"]},{\"@type\":\"Person\",\"@id\":\"https:\\\/\\\/coria.org\\\/ayuntamiento\\\/#\\\/schema\\\/person\\\/8bd589f0e13e8ae5aa06def7a599d622\",\"name\":\"ayuntamiento\",\"image\":{\"@type\":\"ImageObject\",\"inLanguage\":\"es\",\"@id\":\"https:\\\/\\\/secure.gravatar.com\\\/avatar\\\/966e5ed73cad334adda5c87f49f2547f7082f7292c1b627cbb548744383b391c?s=96&d=mm&r=g\",\"url\":\"https:\\\/\\\/secure.gravatar.com\\\/avatar\\\/966e5ed73cad334adda5c87f49f2547f7082f7292c1b627cbb548744383b391c?s=96&d=mm&r=g\",\"contentUrl\":\"https:\\\/\\\/secure.gravatar.com\\\/avatar\\\/966e5ed73cad334adda5c87f49f2547f7082f7292c1b627cbb548744383b391c?s=96&d=mm&r=g\",\"caption\":\"ayuntamiento\"}}]}<\/script>\n<!-- \/ Yoast SEO plugin. -->","yoast_head_json":{"title":"El violinista Ara Malikian abrir\u00e1 la vig\u00e9sima edici\u00f3n del Festival Internacional de Guitarra Ciudad de Coria - Ayuntamiento de Coria","robots":{"index":"index","follow":"follow","max-snippet":"max-snippet:-1","max-image-preview":"max-image-preview:large","max-video-preview":"max-video-preview:-1"},"canonical":"https:\/\/coria.org\/ayuntamiento\/index.php\/2016\/07\/19\/el-violinista-ara-malikian-abrira-la-vigesima-edicion-del-festival-internacional-de-guitarra-ciudad-de-coria\/","og_locale":"es_ES","og_type":"article","og_title":"El violinista Ara Malikian abrir\u00e1 la vig\u00e9sima edici\u00f3n del Festival Internacional de Guitarra Ciudad de Coria - Ayuntamiento de Coria","og_description":"Actuar\u00e1 en la noche del pr\u00f3ximo d\u00eda 2 de agosto en la Plaza de Espa\u00f1a de Coria (C\u00e1ceres), inaugurando un festival en el que actuar\u00e1n tambi\u00e9n algunas de las mejores guitarras cl\u00e1sicas del mundo en una semana en la que conciertos, masterclasses y concurso de guitarra llenan de m\u00fasica esta hist\u00f3rica ciudad extreme\u00f1a. El festival [&hellip;]","og_url":"https:\/\/coria.org\/ayuntamiento\/index.php\/2016\/07\/19\/el-violinista-ara-malikian-abrira-la-vigesima-edicion-del-festival-internacional-de-guitarra-ciudad-de-coria\/","og_site_name":"Ayuntamiento de Coria","article_publisher":"https:\/\/www.facebook.com\/Ayuntamiento.de.Coria","article_published_time":"2016-07-19T00:00:00+00:00","article_modified_time":"2024-07-05T07:29:57+00:00","og_image":[{"width":500,"height":500,"url":"https:\/\/coria.org\/ayuntamiento\/wp-content\/uploads\/2022\/03\/image-59.jpeg","type":"image\/jpeg"}],"author":"ayuntamiento","twitter_card":"summary_large_image","twitter_creator":"@Ayto_de_Coria","twitter_site":"@Ayto_de_Coria","twitter_misc":{"Escrito por":"ayuntamiento","Tiempo de lectura":"7 minutos"},"schema":{"@context":"https:\/\/schema.org","@graph":[{"@type":"Article","@id":"https:\/\/coria.org\/ayuntamiento\/index.php\/2016\/07\/19\/el-violinista-ara-malikian-abrira-la-vigesima-edicion-del-festival-internacional-de-guitarra-ciudad-de-coria\/#article","isPartOf":{"@id":"https:\/\/coria.org\/ayuntamiento\/index.php\/2016\/07\/19\/el-violinista-ara-malikian-abrira-la-vigesima-edicion-del-festival-internacional-de-guitarra-ciudad-de-coria\/"},"author":{"name":"ayuntamiento","@id":"https:\/\/coria.org\/ayuntamiento\/#\/schema\/person\/8bd589f0e13e8ae5aa06def7a599d622"},"headline":"El violinista Ara Malikian abrir\u00e1 la vig\u00e9sima edici\u00f3n del Festival Internacional de Guitarra Ciudad de Coria","datePublished":"2016-07-19T00:00:00+00:00","dateModified":"2024-07-05T07:29:57+00:00","mainEntityOfPage":{"@id":"https:\/\/coria.org\/ayuntamiento\/index.php\/2016\/07\/19\/el-violinista-ara-malikian-abrira-la-vigesima-edicion-del-festival-internacional-de-guitarra-ciudad-de-coria\/"},"wordCount":1449,"publisher":{"@id":"https:\/\/coria.org\/ayuntamiento\/#organization"},"image":{"@id":"https:\/\/coria.org\/ayuntamiento\/index.php\/2016\/07\/19\/el-violinista-ara-malikian-abrira-la-vigesima-edicion-del-festival-internacional-de-guitarra-ciudad-de-coria\/#primaryimage"},"thumbnailUrl":"https:\/\/coria.org\/ayuntamiento\/wp-content\/uploads\/2022\/03\/image-59.jpeg","keywords":["coria","extremadura"],"articleSection":["Noticias"],"inLanguage":"es"},{"@type":"WebPage","@id":"https:\/\/coria.org\/ayuntamiento\/index.php\/2016\/07\/19\/el-violinista-ara-malikian-abrira-la-vigesima-edicion-del-festival-internacional-de-guitarra-ciudad-de-coria\/","url":"https:\/\/coria.org\/ayuntamiento\/index.php\/2016\/07\/19\/el-violinista-ara-malikian-abrira-la-vigesima-edicion-del-festival-internacional-de-guitarra-ciudad-de-coria\/","name":"El violinista Ara Malikian abrir\u00e1 la vig\u00e9sima edici\u00f3n del Festival Internacional de Guitarra Ciudad de Coria - Ayuntamiento de Coria","isPartOf":{"@id":"https:\/\/coria.org\/ayuntamiento\/#website"},"primaryImageOfPage":{"@id":"https:\/\/coria.org\/ayuntamiento\/index.php\/2016\/07\/19\/el-violinista-ara-malikian-abrira-la-vigesima-edicion-del-festival-internacional-de-guitarra-ciudad-de-coria\/#primaryimage"},"image":{"@id":"https:\/\/coria.org\/ayuntamiento\/index.php\/2016\/07\/19\/el-violinista-ara-malikian-abrira-la-vigesima-edicion-del-festival-internacional-de-guitarra-ciudad-de-coria\/#primaryimage"},"thumbnailUrl":"https:\/\/coria.org\/ayuntamiento\/wp-content\/uploads\/2022\/03\/image-59.jpeg","datePublished":"2016-07-19T00:00:00+00:00","dateModified":"2024-07-05T07:29:57+00:00","breadcrumb":{"@id":"https:\/\/coria.org\/ayuntamiento\/index.php\/2016\/07\/19\/el-violinista-ara-malikian-abrira-la-vigesima-edicion-del-festival-internacional-de-guitarra-ciudad-de-coria\/#breadcrumb"},"inLanguage":"es","potentialAction":[{"@type":"ReadAction","target":["https:\/\/coria.org\/ayuntamiento\/index.php\/2016\/07\/19\/el-violinista-ara-malikian-abrira-la-vigesima-edicion-del-festival-internacional-de-guitarra-ciudad-de-coria\/"]}]},{"@type":"ImageObject","inLanguage":"es","@id":"https:\/\/coria.org\/ayuntamiento\/index.php\/2016\/07\/19\/el-violinista-ara-malikian-abrira-la-vigesima-edicion-del-festival-internacional-de-guitarra-ciudad-de-coria\/#primaryimage","url":"https:\/\/coria.org\/ayuntamiento\/wp-content\/uploads\/2022\/03\/image-59.jpeg","contentUrl":"https:\/\/coria.org\/ayuntamiento\/wp-content\/uploads\/2022\/03\/image-59.jpeg","width":500,"height":500},{"@type":"BreadcrumbList","@id":"https:\/\/coria.org\/ayuntamiento\/index.php\/2016\/07\/19\/el-violinista-ara-malikian-abrira-la-vigesima-edicion-del-festival-internacional-de-guitarra-ciudad-de-coria\/#breadcrumb","itemListElement":[{"@type":"ListItem","position":1,"name":"Inicio","item":"https:\/\/coria.org\/ayuntamiento\/"},{"@type":"ListItem","position":2,"name":"El violinista Ara Malikian abrir\u00e1 la vig\u00e9sima edici\u00f3n del Festival Internacional de Guitarra Ciudad de Coria"}]},{"@type":"WebSite","@id":"https:\/\/coria.org\/ayuntamiento\/#website","url":"https:\/\/coria.org\/ayuntamiento\/","name":"Ayuntamiento de Coria","description":"Web oficial del Ayuntamiento de Coria","publisher":{"@id":"https:\/\/coria.org\/ayuntamiento\/#organization"},"alternateName":"Web Oficial del Ayuntamiento de Coria","potentialAction":[{"@type":"SearchAction","target":{"@type":"EntryPoint","urlTemplate":"https:\/\/coria.org\/ayuntamiento\/?s={search_term_string}"},"query-input":{"@type":"PropertyValueSpecification","valueRequired":true,"valueName":"search_term_string"}}],"inLanguage":"es"},{"@type":"Organization","@id":"https:\/\/coria.org\/ayuntamiento\/#organization","name":"Ayuntamiento de Coria","alternateName":"Ayto de Coria","url":"https:\/\/coria.org\/ayuntamiento\/","logo":{"@type":"ImageObject","inLanguage":"es","@id":"https:\/\/coria.org\/ayuntamiento\/#\/schema\/logo\/image\/","url":"https:\/\/coria.org\/ayuntamiento\/wp-content\/uploads\/2020\/12\/escudo-ayuntamiento-coria.png","contentUrl":"https:\/\/coria.org\/ayuntamiento\/wp-content\/uploads\/2020\/12\/escudo-ayuntamiento-coria.png","width":511,"height":240,"caption":"Ayuntamiento de Coria"},"image":{"@id":"https:\/\/coria.org\/ayuntamiento\/#\/schema\/logo\/image\/"},"sameAs":["https:\/\/www.facebook.com\/Ayuntamiento.de.Coria","https:\/\/x.com\/Ayto_de_Coria","https:\/\/www.instagram.com\/coria.ayuntamiento\/","https:\/\/www.youtube.com\/user\/AYUNTAMIENTOCORIA"]},{"@type":"Person","@id":"https:\/\/coria.org\/ayuntamiento\/#\/schema\/person\/8bd589f0e13e8ae5aa06def7a599d622","name":"ayuntamiento","image":{"@type":"ImageObject","inLanguage":"es","@id":"https:\/\/secure.gravatar.com\/avatar\/966e5ed73cad334adda5c87f49f2547f7082f7292c1b627cbb548744383b391c?s=96&d=mm&r=g","url":"https:\/\/secure.gravatar.com\/avatar\/966e5ed73cad334adda5c87f49f2547f7082f7292c1b627cbb548744383b391c?s=96&d=mm&r=g","contentUrl":"https:\/\/secure.gravatar.com\/avatar\/966e5ed73cad334adda5c87f49f2547f7082f7292c1b627cbb548744383b391c?s=96&d=mm&r=g","caption":"ayuntamiento"}}]}},"uagb_featured_image_src":{"full":["https:\/\/coria.org\/ayuntamiento\/wp-content\/uploads\/2022\/03\/image-59.jpeg",500,500,false],"thumbnail":["https:\/\/coria.org\/ayuntamiento\/wp-content\/uploads\/2022\/03\/image-59-150x150.jpeg",150,150,true],"medium":["https:\/\/coria.org\/ayuntamiento\/wp-content\/uploads\/2022\/03\/image-59-300x300.jpeg",300,300,true],"medium_large":["https:\/\/coria.org\/ayuntamiento\/wp-content\/uploads\/2022\/03\/image-59.jpeg",500,500,false],"large":["https:\/\/coria.org\/ayuntamiento\/wp-content\/uploads\/2022\/03\/image-59.jpeg",500,500,false],"thumblist":["https:\/\/coria.org\/ayuntamiento\/wp-content\/uploads\/2022\/03\/image-59.jpeg",300,300,false],"thumbrelated":["https:\/\/coria.org\/ayuntamiento\/wp-content\/uploads\/2022\/03\/image-59.jpeg",500,500,false],"meccarouselthumb":["https:\/\/coria.org\/ayuntamiento\/wp-content\/uploads\/2022\/03\/image-59.jpeg",324,324,false],"gridsquare":["https:\/\/coria.org\/ayuntamiento\/wp-content\/uploads\/2022\/03\/image-59.jpeg",260,260,false],"tileview":["https:\/\/coria.org\/ayuntamiento\/wp-content\/uploads\/2022\/03\/image-59.jpeg",300,300,false],"1536x1536":["https:\/\/coria.org\/ayuntamiento\/wp-content\/uploads\/2022\/03\/image-59.jpeg",500,500,false],"2048x2048":["https:\/\/coria.org\/ayuntamiento\/wp-content\/uploads\/2022\/03\/image-59.jpeg",500,500,false]},"uagb_author_info":{"display_name":"ayuntamiento","author_link":"https:\/\/coria.org\/ayuntamiento\/index.php\/author\/ayuntamiento\/"},"uagb_comment_info":0,"uagb_excerpt":"Actuar\u00e1 en la noche del pr\u00f3ximo d\u00eda 2 de agosto en la Plaza de Espa\u00f1a de Coria (C\u00e1ceres), inaugurando un festival en el que actuar\u00e1n tambi\u00e9n algunas de las mejores guitarras cl\u00e1sicas del mundo en una semana en la que conciertos, masterclasses y concurso de guitarra llenan de m\u00fasica esta hist\u00f3rica ciudad extreme\u00f1a. El festival&hellip;","_links":{"self":[{"href":"https:\/\/coria.org\/ayuntamiento\/index.php\/wp-json\/wp\/v2\/posts\/25281","targetHints":{"allow":["GET"]}}],"collection":[{"href":"https:\/\/coria.org\/ayuntamiento\/index.php\/wp-json\/wp\/v2\/posts"}],"about":[{"href":"https:\/\/coria.org\/ayuntamiento\/index.php\/wp-json\/wp\/v2\/types\/post"}],"author":[{"embeddable":true,"href":"https:\/\/coria.org\/ayuntamiento\/index.php\/wp-json\/wp\/v2\/users\/2"}],"replies":[{"embeddable":true,"href":"https:\/\/coria.org\/ayuntamiento\/index.php\/wp-json\/wp\/v2\/comments?post=25281"}],"version-history":[{"count":0,"href":"https:\/\/coria.org\/ayuntamiento\/index.php\/wp-json\/wp\/v2\/posts\/25281\/revisions"}],"wp:featuredmedia":[{"embeddable":true,"href":"https:\/\/coria.org\/ayuntamiento\/index.php\/wp-json\/wp\/v2\/media\/29705"}],"wp:attachment":[{"href":"https:\/\/coria.org\/ayuntamiento\/index.php\/wp-json\/wp\/v2\/media?parent=25281"}],"wp:term":[{"taxonomy":"category","embeddable":true,"href":"https:\/\/coria.org\/ayuntamiento\/index.php\/wp-json\/wp\/v2\/categories?post=25281"},{"taxonomy":"post_tag","embeddable":true,"href":"https:\/\/coria.org\/ayuntamiento\/index.php\/wp-json\/wp\/v2\/tags?post=25281"}],"curies":[{"name":"wp","href":"https:\/\/api.w.org\/{rel}","templated":true}]}}