{"id":25280,"date":"2016-07-20T00:00:00","date_gmt":"2016-07-20T00:00:00","guid":{"rendered":"https:\/\/ayuntamiento.coriaenimagenes.com\/el-7-de-agosto-cita-con-el-rio-alagon-en-la-ix-edicion-del-descenso-en-piraguas\/"},"modified":"2023-09-18T12:37:34","modified_gmt":"2023-09-18T10:37:34","slug":"el-7-de-agosto-cita-con-el-rio-alagon-en-la-ix-edicion-del-descenso-en-piraguas","status":"publish","type":"post","link":"https:\/\/coria.org\/ayuntamiento\/index.php\/2016\/07\/20\/el-7-de-agosto-cita-con-el-rio-alagon-en-la-ix-edicion-del-descenso-en-piraguas\/","title":{"rendered":"El 7 de agosto cita con el r\u00edo Alag\u00f3n en la IX Edici\u00f3n del Descenso en piraguas"},"content":{"rendered":"\n<p><b>Si te gustan las emociones, vivir experiencias \u00fanicas, y tienes esp\u00edritu aventurero, no esperes m\u00e1s, el Ayuntamiento de Coria presenta una de las actividades deportivo-recreativa m\u00e1s esperadas y demandadas del verano en la ciudad.<\/b><\/p>\n\n<figure class=\"wp-block-post-featured-image\"><img loading=\"lazy\" decoding=\"async\" width=\"640\" height=\"427\" src=\"https:\/\/coria.org\/ayuntamiento\/wp-content\/uploads\/2022\/03\/image-58.jpeg\" class=\"attachment-post-thumbnail size-post-thumbnail wp-post-image\" alt=\"\" style=\"object-fit:cover;\" srcset=\"https:\/\/coria.org\/ayuntamiento\/wp-content\/uploads\/2022\/03\/image-58.jpeg 640w, https:\/\/coria.org\/ayuntamiento\/wp-content\/uploads\/2022\/03\/image-58-300x200.jpeg 300w\" sizes=\"auto, (max-width: 640px) 100vw, 640px\" \/><\/figure>\n\n<div>\n<p><span style=\"font-family: verdana, arial, helvetica, sans-serif;\">El Descenso del R\u00edo Alag\u00f3n llega en 2016 a su IX Edici\u00f3n. La actividad, que naci\u00f3 de la propia afici\u00f3n al deporte de la piragua en Coria, ha crecido poco a poco hasta el n\u00famero de 800 participantes que se echaron al agua en la edici\u00f3n pasada.<\/span><\/p>\n<p>&nbsp;<\/p>\n<\/div>\n\n\n<div><span style=\"font-family: verdana, arial, helvetica, sans-serif;\">&nbsp;<\/span><\/div>\n\n\n<div><span style=\"font-family: verdana, arial, helvetica, sans-serif;\">La cita es el primer fin de semana de agosto, el domingo d\u00eda 7 y los interesados en participar podr\u00e1n formalizar su inscripci\u00f3n hasta el d\u00eda 29 de julio, \u00fanicamente por v\u00eda on-line en descensorioalagon.blogspot.com. <\/span><\/div>\n\n\n<div><span style=\"font-family: verdana, arial, helvetica, sans-serif;\">&nbsp;<\/span><\/div>\n\n\n<div><span style=\"font-family: verdana, arial, helvetica, sans-serif;\">El precio no es un obst\u00e1culo. La reserva incluye bolsas conmemorativas, autobuses de transporte para el desplazamiento de participantes, camiones de transporte para el traslado de embarcaciones, avituallamiento a mitad del recorrido con frutas y bebidas, disponibilidad de instalaciones para aseo y ducha, comida de clausura y seguro deportivo; as\u00ed como el material n\u00e1utico de alquiler con distintas empresas de turismo activo, en caso de no disponer de embarcaci\u00f3n propia.<\/span><\/div>\n\n\n<div><span style=\"font-family: verdana, arial, helvetica, sans-serif;\">&nbsp;<\/span><\/div>\n\n\n<div><span style=\"font-family: verdana, arial, helvetica, sans-serif;\">Tampoco es necesario ser un deportista avezado, ni tener experiencia previa con canoa o piragua. El evento es apto para todos los p\u00fablicos, inclusive para ni\u00f1os a partir de 11 a\u00f1os que pueden tambi\u00e9n participar con autorizaci\u00f3n paterna y con la compa\u00f1\u00eda de un adulto. Seg\u00fan la experiencia de a\u00f1os anteriores, los deportistas cubren el recorrido, que tiene una longitud de 18,8 kil\u00f3metros, en una media de 4,5 horas. El tramo del r\u00edo tiene una dificultad media-baja, por lo que no es necesario estar en una forma f\u00edsica especial para finalizar esta prueba que se inicia en el Puente de la Macarrona (Riolobos) y termina en el Puente de Hierro de Coria. Hay disponibles embarcaciones individuales, dobles y triples. Al terminar la prueba, todos los participantes compartir\u00e1n una comida de hermandad en los establecimientos de restauraci\u00f3n situados a orillas del r\u00edo Alag\u00f3n.<\/span><\/div>\n\n\n<div><span style=\"font-family: verdana, arial, helvetica, sans-serif;\">&nbsp;<\/span><\/div>\n\n\n<div><span style=\"font-family: verdana, arial, helvetica, sans-serif;\">&nbsp;<\/span><\/div>\n\n\n<div><span style=\"font-family: verdana, arial, helvetica, sans-serif;\">Cabe recordar que el Descenso comenz\u00f3 su andadura en el a\u00f1o 2008 como una actividad deportivo-recreativa. Debido al auge de las actividades deportivas y su vinculaci\u00f3n con el turismo en los \u00faltimos a\u00f1os, ha pasado posteriormente a formar parte del Circuito de Aguas Dulces de Extremadura. <\/span><\/div>\n\n\n<div>&nbsp;<\/div>\n","protected":false},"excerpt":{"rendered":"<p>Si te gustan las emociones, vivir experiencias \u00fanicas, y tienes esp\u00edritu aventurero, no esperes m\u00e1s, el Ayuntamiento de Coria presenta una de las actividades deportivo-recreativa m\u00e1s esperadas y demandadas del verano en la ciudad. El Descenso del R\u00edo Alag\u00f3n llega en 2016 a su IX Edici\u00f3n. La actividad, que naci\u00f3 de la propia afici\u00f3n al [&hellip;]<\/p>\n","protected":false},"author":2,"featured_media":29702,"comment_status":"closed","ping_status":"closed","sticky":false,"template":"","format":"standard","meta":{"_uag_custom_page_level_css":"","footnotes":""},"categories":[2],"tags":[3,4],"class_list":["post-25280","post","type-post","status-publish","format-standard","has-post-thumbnail","hentry","category-noticias","tag-coria","tag-extremadura"],"yoast_head":"<!-- This site is optimized with the Yoast SEO plugin v27.4 - https:\/\/yoast.com\/product\/yoast-seo-wordpress\/ -->\n<title>El 7 de agosto cita con el r\u00edo Alag\u00f3n en la IX Edici\u00f3n del Descenso en piraguas - Ayuntamiento de Coria<\/title>\n<meta name=\"robots\" content=\"index, follow, max-snippet:-1, max-image-preview:large, max-video-preview:-1\" \/>\n<link rel=\"canonical\" href=\"https:\/\/coria.org\/ayuntamiento\/index.php\/2016\/07\/20\/el-7-de-agosto-cita-con-el-rio-alagon-en-la-ix-edicion-del-descenso-en-piraguas\/\" \/>\n<meta property=\"og:locale\" content=\"es_ES\" \/>\n<meta property=\"og:type\" content=\"article\" \/>\n<meta property=\"og:title\" content=\"El 7 de agosto cita con el r\u00edo Alag\u00f3n en la IX Edici\u00f3n del Descenso en piraguas - Ayuntamiento de Coria\" \/>\n<meta property=\"og:description\" content=\"Si te gustan las emociones, vivir experiencias \u00fanicas, y tienes esp\u00edritu aventurero, no esperes m\u00e1s, el Ayuntamiento de Coria presenta una de las actividades deportivo-recreativa m\u00e1s esperadas y demandadas del verano en la ciudad. El Descenso del R\u00edo Alag\u00f3n llega en 2016 a su IX Edici\u00f3n. La actividad, que naci\u00f3 de la propia afici\u00f3n al [&hellip;]\" \/>\n<meta property=\"og:url\" content=\"https:\/\/coria.org\/ayuntamiento\/index.php\/2016\/07\/20\/el-7-de-agosto-cita-con-el-rio-alagon-en-la-ix-edicion-del-descenso-en-piraguas\/\" \/>\n<meta property=\"og:site_name\" content=\"Ayuntamiento de Coria\" \/>\n<meta property=\"article:publisher\" content=\"https:\/\/www.facebook.com\/Ayuntamiento.de.Coria\" \/>\n<meta property=\"article:published_time\" content=\"2016-07-20T00:00:00+00:00\" \/>\n<meta property=\"article:modified_time\" content=\"2023-09-18T10:37:34+00:00\" \/>\n<meta property=\"og:image\" content=\"https:\/\/coria.org\/ayuntamiento\/wp-content\/uploads\/2022\/03\/image-58.jpeg\" \/>\n\t<meta property=\"og:image:width\" content=\"640\" \/>\n\t<meta property=\"og:image:height\" content=\"427\" \/>\n\t<meta property=\"og:image:type\" content=\"image\/jpeg\" \/>\n<meta name=\"author\" content=\"ayuntamiento\" \/>\n<meta name=\"twitter:card\" content=\"summary_large_image\" \/>\n<meta name=\"twitter:creator\" content=\"@Ayto_de_Coria\" \/>\n<meta name=\"twitter:site\" content=\"@Ayto_de_Coria\" \/>\n<meta name=\"twitter:label1\" content=\"Escrito por\" \/>\n\t<meta name=\"twitter:data1\" content=\"ayuntamiento\" \/>\n\t<meta name=\"twitter:label2\" content=\"Tiempo de lectura\" \/>\n\t<meta name=\"twitter:data2\" content=\"2 minutos\" \/>\n<script type=\"application\/ld+json\" class=\"yoast-schema-graph\">{\"@context\":\"https:\\\/\\\/schema.org\",\"@graph\":[{\"@type\":\"Article\",\"@id\":\"https:\\\/\\\/coria.org\\\/ayuntamiento\\\/index.php\\\/2016\\\/07\\\/20\\\/el-7-de-agosto-cita-con-el-rio-alagon-en-la-ix-edicion-del-descenso-en-piraguas\\\/#article\",\"isPartOf\":{\"@id\":\"https:\\\/\\\/coria.org\\\/ayuntamiento\\\/index.php\\\/2016\\\/07\\\/20\\\/el-7-de-agosto-cita-con-el-rio-alagon-en-la-ix-edicion-del-descenso-en-piraguas\\\/\"},\"author\":{\"name\":\"ayuntamiento\",\"@id\":\"https:\\\/\\\/coria.org\\\/ayuntamiento\\\/#\\\/schema\\\/person\\\/8bd589f0e13e8ae5aa06def7a599d622\"},\"headline\":\"El 7 de agosto cita con el r\u00edo Alag\u00f3n en la IX Edici\u00f3n del Descenso en piraguas\",\"datePublished\":\"2016-07-20T00:00:00+00:00\",\"dateModified\":\"2023-09-18T10:37:34+00:00\",\"mainEntityOfPage\":{\"@id\":\"https:\\\/\\\/coria.org\\\/ayuntamiento\\\/index.php\\\/2016\\\/07\\\/20\\\/el-7-de-agosto-cita-con-el-rio-alagon-en-la-ix-edicion-del-descenso-en-piraguas\\\/\"},\"wordCount\":429,\"publisher\":{\"@id\":\"https:\\\/\\\/coria.org\\\/ayuntamiento\\\/#organization\"},\"image\":{\"@id\":\"https:\\\/\\\/coria.org\\\/ayuntamiento\\\/index.php\\\/2016\\\/07\\\/20\\\/el-7-de-agosto-cita-con-el-rio-alagon-en-la-ix-edicion-del-descenso-en-piraguas\\\/#primaryimage\"},\"thumbnailUrl\":\"https:\\\/\\\/coria.org\\\/ayuntamiento\\\/wp-content\\\/uploads\\\/2022\\\/03\\\/image-58.jpeg\",\"keywords\":[\"coria\",\"extremadura\"],\"articleSection\":[\"Noticias\"],\"inLanguage\":\"es\"},{\"@type\":\"WebPage\",\"@id\":\"https:\\\/\\\/coria.org\\\/ayuntamiento\\\/index.php\\\/2016\\\/07\\\/20\\\/el-7-de-agosto-cita-con-el-rio-alagon-en-la-ix-edicion-del-descenso-en-piraguas\\\/\",\"url\":\"https:\\\/\\\/coria.org\\\/ayuntamiento\\\/index.php\\\/2016\\\/07\\\/20\\\/el-7-de-agosto-cita-con-el-rio-alagon-en-la-ix-edicion-del-descenso-en-piraguas\\\/\",\"name\":\"El 7 de agosto cita con el r\u00edo Alag\u00f3n en la IX Edici\u00f3n del Descenso en piraguas - Ayuntamiento de Coria\",\"isPartOf\":{\"@id\":\"https:\\\/\\\/coria.org\\\/ayuntamiento\\\/#website\"},\"primaryImageOfPage\":{\"@id\":\"https:\\\/\\\/coria.org\\\/ayuntamiento\\\/index.php\\\/2016\\\/07\\\/20\\\/el-7-de-agosto-cita-con-el-rio-alagon-en-la-ix-edicion-del-descenso-en-piraguas\\\/#primaryimage\"},\"image\":{\"@id\":\"https:\\\/\\\/coria.org\\\/ayuntamiento\\\/index.php\\\/2016\\\/07\\\/20\\\/el-7-de-agosto-cita-con-el-rio-alagon-en-la-ix-edicion-del-descenso-en-piraguas\\\/#primaryimage\"},\"thumbnailUrl\":\"https:\\\/\\\/coria.org\\\/ayuntamiento\\\/wp-content\\\/uploads\\\/2022\\\/03\\\/image-58.jpeg\",\"datePublished\":\"2016-07-20T00:00:00+00:00\",\"dateModified\":\"2023-09-18T10:37:34+00:00\",\"breadcrumb\":{\"@id\":\"https:\\\/\\\/coria.org\\\/ayuntamiento\\\/index.php\\\/2016\\\/07\\\/20\\\/el-7-de-agosto-cita-con-el-rio-alagon-en-la-ix-edicion-del-descenso-en-piraguas\\\/#breadcrumb\"},\"inLanguage\":\"es\",\"potentialAction\":[{\"@type\":\"ReadAction\",\"target\":[\"https:\\\/\\\/coria.org\\\/ayuntamiento\\\/index.php\\\/2016\\\/07\\\/20\\\/el-7-de-agosto-cita-con-el-rio-alagon-en-la-ix-edicion-del-descenso-en-piraguas\\\/\"]}]},{\"@type\":\"ImageObject\",\"inLanguage\":\"es\",\"@id\":\"https:\\\/\\\/coria.org\\\/ayuntamiento\\\/index.php\\\/2016\\\/07\\\/20\\\/el-7-de-agosto-cita-con-el-rio-alagon-en-la-ix-edicion-del-descenso-en-piraguas\\\/#primaryimage\",\"url\":\"https:\\\/\\\/coria.org\\\/ayuntamiento\\\/wp-content\\\/uploads\\\/2022\\\/03\\\/image-58.jpeg\",\"contentUrl\":\"https:\\\/\\\/coria.org\\\/ayuntamiento\\\/wp-content\\\/uploads\\\/2022\\\/03\\\/image-58.jpeg\",\"width\":640,\"height\":427},{\"@type\":\"BreadcrumbList\",\"@id\":\"https:\\\/\\\/coria.org\\\/ayuntamiento\\\/index.php\\\/2016\\\/07\\\/20\\\/el-7-de-agosto-cita-con-el-rio-alagon-en-la-ix-edicion-del-descenso-en-piraguas\\\/#breadcrumb\",\"itemListElement\":[{\"@type\":\"ListItem\",\"position\":1,\"name\":\"Inicio\",\"item\":\"https:\\\/\\\/coria.org\\\/ayuntamiento\\\/\"},{\"@type\":\"ListItem\",\"position\":2,\"name\":\"El 7 de agosto cita con el r\u00edo Alag\u00f3n en la IX Edici\u00f3n del Descenso en piraguas\"}]},{\"@type\":\"WebSite\",\"@id\":\"https:\\\/\\\/coria.org\\\/ayuntamiento\\\/#website\",\"url\":\"https:\\\/\\\/coria.org\\\/ayuntamiento\\\/\",\"name\":\"Ayuntamiento de Coria\",\"description\":\"Web oficial del Ayuntamiento de Coria\",\"publisher\":{\"@id\":\"https:\\\/\\\/coria.org\\\/ayuntamiento\\\/#organization\"},\"alternateName\":\"Web Oficial del Ayuntamiento de Coria\",\"potentialAction\":[{\"@type\":\"SearchAction\",\"target\":{\"@type\":\"EntryPoint\",\"urlTemplate\":\"https:\\\/\\\/coria.org\\\/ayuntamiento\\\/?s={search_term_string}\"},\"query-input\":{\"@type\":\"PropertyValueSpecification\",\"valueRequired\":true,\"valueName\":\"search_term_string\"}}],\"inLanguage\":\"es\"},{\"@type\":\"Organization\",\"@id\":\"https:\\\/\\\/coria.org\\\/ayuntamiento\\\/#organization\",\"name\":\"Ayuntamiento de Coria\",\"alternateName\":\"Ayto de Coria\",\"url\":\"https:\\\/\\\/coria.org\\\/ayuntamiento\\\/\",\"logo\":{\"@type\":\"ImageObject\",\"inLanguage\":\"es\",\"@id\":\"https:\\\/\\\/coria.org\\\/ayuntamiento\\\/#\\\/schema\\\/logo\\\/image\\\/\",\"url\":\"https:\\\/\\\/coria.org\\\/ayuntamiento\\\/wp-content\\\/uploads\\\/2020\\\/12\\\/escudo-ayuntamiento-coria.png\",\"contentUrl\":\"https:\\\/\\\/coria.org\\\/ayuntamiento\\\/wp-content\\\/uploads\\\/2020\\\/12\\\/escudo-ayuntamiento-coria.png\",\"width\":511,\"height\":240,\"caption\":\"Ayuntamiento de Coria\"},\"image\":{\"@id\":\"https:\\\/\\\/coria.org\\\/ayuntamiento\\\/#\\\/schema\\\/logo\\\/image\\\/\"},\"sameAs\":[\"https:\\\/\\\/www.facebook.com\\\/Ayuntamiento.de.Coria\",\"https:\\\/\\\/x.com\\\/Ayto_de_Coria\",\"https:\\\/\\\/www.instagram.com\\\/coria.ayuntamiento\\\/\",\"https:\\\/\\\/www.youtube.com\\\/user\\\/AYUNTAMIENTOCORIA\"]},{\"@type\":\"Person\",\"@id\":\"https:\\\/\\\/coria.org\\\/ayuntamiento\\\/#\\\/schema\\\/person\\\/8bd589f0e13e8ae5aa06def7a599d622\",\"name\":\"ayuntamiento\",\"image\":{\"@type\":\"ImageObject\",\"inLanguage\":\"es\",\"@id\":\"https:\\\/\\\/secure.gravatar.com\\\/avatar\\\/966e5ed73cad334adda5c87f49f2547f7082f7292c1b627cbb548744383b391c?s=96&d=mm&r=g\",\"url\":\"https:\\\/\\\/secure.gravatar.com\\\/avatar\\\/966e5ed73cad334adda5c87f49f2547f7082f7292c1b627cbb548744383b391c?s=96&d=mm&r=g\",\"contentUrl\":\"https:\\\/\\\/secure.gravatar.com\\\/avatar\\\/966e5ed73cad334adda5c87f49f2547f7082f7292c1b627cbb548744383b391c?s=96&d=mm&r=g\",\"caption\":\"ayuntamiento\"}}]}<\/script>\n<!-- \/ Yoast SEO plugin. -->","yoast_head_json":{"title":"El 7 de agosto cita con el r\u00edo Alag\u00f3n en la IX Edici\u00f3n del Descenso en piraguas - Ayuntamiento de Coria","robots":{"index":"index","follow":"follow","max-snippet":"max-snippet:-1","max-image-preview":"max-image-preview:large","max-video-preview":"max-video-preview:-1"},"canonical":"https:\/\/coria.org\/ayuntamiento\/index.php\/2016\/07\/20\/el-7-de-agosto-cita-con-el-rio-alagon-en-la-ix-edicion-del-descenso-en-piraguas\/","og_locale":"es_ES","og_type":"article","og_title":"El 7 de agosto cita con el r\u00edo Alag\u00f3n en la IX Edici\u00f3n del Descenso en piraguas - Ayuntamiento de Coria","og_description":"Si te gustan las emociones, vivir experiencias \u00fanicas, y tienes esp\u00edritu aventurero, no esperes m\u00e1s, el Ayuntamiento de Coria presenta una de las actividades deportivo-recreativa m\u00e1s esperadas y demandadas del verano en la ciudad. El Descenso del R\u00edo Alag\u00f3n llega en 2016 a su IX Edici\u00f3n. La actividad, que naci\u00f3 de la propia afici\u00f3n al [&hellip;]","og_url":"https:\/\/coria.org\/ayuntamiento\/index.php\/2016\/07\/20\/el-7-de-agosto-cita-con-el-rio-alagon-en-la-ix-edicion-del-descenso-en-piraguas\/","og_site_name":"Ayuntamiento de Coria","article_publisher":"https:\/\/www.facebook.com\/Ayuntamiento.de.Coria","article_published_time":"2016-07-20T00:00:00+00:00","article_modified_time":"2023-09-18T10:37:34+00:00","og_image":[{"width":640,"height":427,"url":"https:\/\/coria.org\/ayuntamiento\/wp-content\/uploads\/2022\/03\/image-58.jpeg","type":"image\/jpeg"}],"author":"ayuntamiento","twitter_card":"summary_large_image","twitter_creator":"@Ayto_de_Coria","twitter_site":"@Ayto_de_Coria","twitter_misc":{"Escrito por":"ayuntamiento","Tiempo de lectura":"2 minutos"},"schema":{"@context":"https:\/\/schema.org","@graph":[{"@type":"Article","@id":"https:\/\/coria.org\/ayuntamiento\/index.php\/2016\/07\/20\/el-7-de-agosto-cita-con-el-rio-alagon-en-la-ix-edicion-del-descenso-en-piraguas\/#article","isPartOf":{"@id":"https:\/\/coria.org\/ayuntamiento\/index.php\/2016\/07\/20\/el-7-de-agosto-cita-con-el-rio-alagon-en-la-ix-edicion-del-descenso-en-piraguas\/"},"author":{"name":"ayuntamiento","@id":"https:\/\/coria.org\/ayuntamiento\/#\/schema\/person\/8bd589f0e13e8ae5aa06def7a599d622"},"headline":"El 7 de agosto cita con el r\u00edo Alag\u00f3n en la IX Edici\u00f3n del Descenso en piraguas","datePublished":"2016-07-20T00:00:00+00:00","dateModified":"2023-09-18T10:37:34+00:00","mainEntityOfPage":{"@id":"https:\/\/coria.org\/ayuntamiento\/index.php\/2016\/07\/20\/el-7-de-agosto-cita-con-el-rio-alagon-en-la-ix-edicion-del-descenso-en-piraguas\/"},"wordCount":429,"publisher":{"@id":"https:\/\/coria.org\/ayuntamiento\/#organization"},"image":{"@id":"https:\/\/coria.org\/ayuntamiento\/index.php\/2016\/07\/20\/el-7-de-agosto-cita-con-el-rio-alagon-en-la-ix-edicion-del-descenso-en-piraguas\/#primaryimage"},"thumbnailUrl":"https:\/\/coria.org\/ayuntamiento\/wp-content\/uploads\/2022\/03\/image-58.jpeg","keywords":["coria","extremadura"],"articleSection":["Noticias"],"inLanguage":"es"},{"@type":"WebPage","@id":"https:\/\/coria.org\/ayuntamiento\/index.php\/2016\/07\/20\/el-7-de-agosto-cita-con-el-rio-alagon-en-la-ix-edicion-del-descenso-en-piraguas\/","url":"https:\/\/coria.org\/ayuntamiento\/index.php\/2016\/07\/20\/el-7-de-agosto-cita-con-el-rio-alagon-en-la-ix-edicion-del-descenso-en-piraguas\/","name":"El 7 de agosto cita con el r\u00edo Alag\u00f3n en la IX Edici\u00f3n del Descenso en piraguas - Ayuntamiento de Coria","isPartOf":{"@id":"https:\/\/coria.org\/ayuntamiento\/#website"},"primaryImageOfPage":{"@id":"https:\/\/coria.org\/ayuntamiento\/index.php\/2016\/07\/20\/el-7-de-agosto-cita-con-el-rio-alagon-en-la-ix-edicion-del-descenso-en-piraguas\/#primaryimage"},"image":{"@id":"https:\/\/coria.org\/ayuntamiento\/index.php\/2016\/07\/20\/el-7-de-agosto-cita-con-el-rio-alagon-en-la-ix-edicion-del-descenso-en-piraguas\/#primaryimage"},"thumbnailUrl":"https:\/\/coria.org\/ayuntamiento\/wp-content\/uploads\/2022\/03\/image-58.jpeg","datePublished":"2016-07-20T00:00:00+00:00","dateModified":"2023-09-18T10:37:34+00:00","breadcrumb":{"@id":"https:\/\/coria.org\/ayuntamiento\/index.php\/2016\/07\/20\/el-7-de-agosto-cita-con-el-rio-alagon-en-la-ix-edicion-del-descenso-en-piraguas\/#breadcrumb"},"inLanguage":"es","potentialAction":[{"@type":"ReadAction","target":["https:\/\/coria.org\/ayuntamiento\/index.php\/2016\/07\/20\/el-7-de-agosto-cita-con-el-rio-alagon-en-la-ix-edicion-del-descenso-en-piraguas\/"]}]},{"@type":"ImageObject","inLanguage":"es","@id":"https:\/\/coria.org\/ayuntamiento\/index.php\/2016\/07\/20\/el-7-de-agosto-cita-con-el-rio-alagon-en-la-ix-edicion-del-descenso-en-piraguas\/#primaryimage","url":"https:\/\/coria.org\/ayuntamiento\/wp-content\/uploads\/2022\/03\/image-58.jpeg","contentUrl":"https:\/\/coria.org\/ayuntamiento\/wp-content\/uploads\/2022\/03\/image-58.jpeg","width":640,"height":427},{"@type":"BreadcrumbList","@id":"https:\/\/coria.org\/ayuntamiento\/index.php\/2016\/07\/20\/el-7-de-agosto-cita-con-el-rio-alagon-en-la-ix-edicion-del-descenso-en-piraguas\/#breadcrumb","itemListElement":[{"@type":"ListItem","position":1,"name":"Inicio","item":"https:\/\/coria.org\/ayuntamiento\/"},{"@type":"ListItem","position":2,"name":"El 7 de agosto cita con el r\u00edo Alag\u00f3n en la IX Edici\u00f3n del Descenso en piraguas"}]},{"@type":"WebSite","@id":"https:\/\/coria.org\/ayuntamiento\/#website","url":"https:\/\/coria.org\/ayuntamiento\/","name":"Ayuntamiento de Coria","description":"Web oficial del Ayuntamiento de Coria","publisher":{"@id":"https:\/\/coria.org\/ayuntamiento\/#organization"},"alternateName":"Web Oficial del Ayuntamiento de Coria","potentialAction":[{"@type":"SearchAction","target":{"@type":"EntryPoint","urlTemplate":"https:\/\/coria.org\/ayuntamiento\/?s={search_term_string}"},"query-input":{"@type":"PropertyValueSpecification","valueRequired":true,"valueName":"search_term_string"}}],"inLanguage":"es"},{"@type":"Organization","@id":"https:\/\/coria.org\/ayuntamiento\/#organization","name":"Ayuntamiento de Coria","alternateName":"Ayto de Coria","url":"https:\/\/coria.org\/ayuntamiento\/","logo":{"@type":"ImageObject","inLanguage":"es","@id":"https:\/\/coria.org\/ayuntamiento\/#\/schema\/logo\/image\/","url":"https:\/\/coria.org\/ayuntamiento\/wp-content\/uploads\/2020\/12\/escudo-ayuntamiento-coria.png","contentUrl":"https:\/\/coria.org\/ayuntamiento\/wp-content\/uploads\/2020\/12\/escudo-ayuntamiento-coria.png","width":511,"height":240,"caption":"Ayuntamiento de Coria"},"image":{"@id":"https:\/\/coria.org\/ayuntamiento\/#\/schema\/logo\/image\/"},"sameAs":["https:\/\/www.facebook.com\/Ayuntamiento.de.Coria","https:\/\/x.com\/Ayto_de_Coria","https:\/\/www.instagram.com\/coria.ayuntamiento\/","https:\/\/www.youtube.com\/user\/AYUNTAMIENTOCORIA"]},{"@type":"Person","@id":"https:\/\/coria.org\/ayuntamiento\/#\/schema\/person\/8bd589f0e13e8ae5aa06def7a599d622","name":"ayuntamiento","image":{"@type":"ImageObject","inLanguage":"es","@id":"https:\/\/secure.gravatar.com\/avatar\/966e5ed73cad334adda5c87f49f2547f7082f7292c1b627cbb548744383b391c?s=96&d=mm&r=g","url":"https:\/\/secure.gravatar.com\/avatar\/966e5ed73cad334adda5c87f49f2547f7082f7292c1b627cbb548744383b391c?s=96&d=mm&r=g","contentUrl":"https:\/\/secure.gravatar.com\/avatar\/966e5ed73cad334adda5c87f49f2547f7082f7292c1b627cbb548744383b391c?s=96&d=mm&r=g","caption":"ayuntamiento"}}]}},"uagb_featured_image_src":{"full":["https:\/\/coria.org\/ayuntamiento\/wp-content\/uploads\/2022\/03\/image-58.jpeg",640,427,false],"thumbnail":["https:\/\/coria.org\/ayuntamiento\/wp-content\/uploads\/2022\/03\/image-58-150x150.jpeg",150,150,true],"medium":["https:\/\/coria.org\/ayuntamiento\/wp-content\/uploads\/2022\/03\/image-58-300x200.jpeg",300,200,true],"medium_large":["https:\/\/coria.org\/ayuntamiento\/wp-content\/uploads\/2022\/03\/image-58.jpeg",640,427,false],"large":["https:\/\/coria.org\/ayuntamiento\/wp-content\/uploads\/2022\/03\/image-58.jpeg",640,427,false],"thumblist":["https:\/\/coria.org\/ayuntamiento\/wp-content\/uploads\/2022\/03\/image-58.jpeg",300,200,false],"thumbrelated":["https:\/\/coria.org\/ayuntamiento\/wp-content\/uploads\/2022\/03\/image-58.jpeg",500,334,false],"meccarouselthumb":["https:\/\/coria.org\/ayuntamiento\/wp-content\/uploads\/2022\/03\/image-58.jpeg",474,316,false],"gridsquare":["https:\/\/coria.org\/ayuntamiento\/wp-content\/uploads\/2022\/03\/image-58.jpeg",391,260,false],"tileview":["https:\/\/coria.org\/ayuntamiento\/wp-content\/uploads\/2022\/03\/image-58.jpeg",300,200,false],"1536x1536":["https:\/\/coria.org\/ayuntamiento\/wp-content\/uploads\/2022\/03\/image-58.jpeg",640,427,false],"2048x2048":["https:\/\/coria.org\/ayuntamiento\/wp-content\/uploads\/2022\/03\/image-58.jpeg",640,427,false]},"uagb_author_info":{"display_name":"ayuntamiento","author_link":"https:\/\/coria.org\/ayuntamiento\/index.php\/author\/ayuntamiento\/"},"uagb_comment_info":0,"uagb_excerpt":"Si te gustan las emociones, vivir experiencias \u00fanicas, y tienes esp\u00edritu aventurero, no esperes m\u00e1s, el Ayuntamiento de Coria presenta una de las actividades deportivo-recreativa m\u00e1s esperadas y demandadas del verano en la ciudad. El Descenso del R\u00edo Alag\u00f3n llega en 2016 a su IX Edici\u00f3n. La actividad, que naci\u00f3 de la propia afici\u00f3n al&hellip;","_links":{"self":[{"href":"https:\/\/coria.org\/ayuntamiento\/index.php\/wp-json\/wp\/v2\/posts\/25280","targetHints":{"allow":["GET"]}}],"collection":[{"href":"https:\/\/coria.org\/ayuntamiento\/index.php\/wp-json\/wp\/v2\/posts"}],"about":[{"href":"https:\/\/coria.org\/ayuntamiento\/index.php\/wp-json\/wp\/v2\/types\/post"}],"author":[{"embeddable":true,"href":"https:\/\/coria.org\/ayuntamiento\/index.php\/wp-json\/wp\/v2\/users\/2"}],"replies":[{"embeddable":true,"href":"https:\/\/coria.org\/ayuntamiento\/index.php\/wp-json\/wp\/v2\/comments?post=25280"}],"version-history":[{"count":0,"href":"https:\/\/coria.org\/ayuntamiento\/index.php\/wp-json\/wp\/v2\/posts\/25280\/revisions"}],"wp:featuredmedia":[{"embeddable":true,"href":"https:\/\/coria.org\/ayuntamiento\/index.php\/wp-json\/wp\/v2\/media\/29702"}],"wp:attachment":[{"href":"https:\/\/coria.org\/ayuntamiento\/index.php\/wp-json\/wp\/v2\/media?parent=25280"}],"wp:term":[{"taxonomy":"category","embeddable":true,"href":"https:\/\/coria.org\/ayuntamiento\/index.php\/wp-json\/wp\/v2\/categories?post=25280"},{"taxonomy":"post_tag","embeddable":true,"href":"https:\/\/coria.org\/ayuntamiento\/index.php\/wp-json\/wp\/v2\/tags?post=25280"}],"curies":[{"name":"wp","href":"https:\/\/api.w.org\/{rel}","templated":true}]}}