{"id":25277,"date":"2016-07-25T00:00:00","date_gmt":"2016-07-25T00:00:00","guid":{"rendered":"https:\/\/ayuntamiento.coriaenimagenes.com\/el-ayuntamiento-de-coria-renueva-el-convenio-de-colaboracion-con-la-federacion-extremena-de-personas-sordas-fexas\/"},"modified":"2023-09-18T12:37:34","modified_gmt":"2023-09-18T10:37:34","slug":"el-ayuntamiento-de-coria-renueva-el-convenio-de-colaboracion-con-la-federacion-extremena-de-personas-sordas-fexas","status":"publish","type":"post","link":"https:\/\/coria.org\/ayuntamiento\/index.php\/2016\/07\/25\/el-ayuntamiento-de-coria-renueva-el-convenio-de-colaboracion-con-la-federacion-extremena-de-personas-sordas-fexas\/","title":{"rendered":"El Ayuntamiento de Coria renueva el convenio de colaboraci\u00f3n con la Federaci\u00f3n Extreme\u00f1a de Personas Sordas (FEXAS)"},"content":{"rendered":"\n<p><b>Esta ma\u00f1ana ha tenido lugar en el Ayuntamiento de Coria la firma de la renovaci\u00f3n del convenio de colaboraci\u00f3n entre la Federaci\u00f3n Extreme\u00f1a de Personas Sordas y el Ayuntamiento.<\/b><\/p>\n\n<figure class=\"wp-block-post-featured-image\"><img loading=\"lazy\" decoding=\"async\" width=\"2560\" height=\"1440\" src=\"https:\/\/coria.org\/ayuntamiento\/wp-content\/uploads\/2016\/07\/RENOVACION-CONVENIO-FEXAS-2-scaled.jpg\" class=\"attachment-post-thumbnail size-post-thumbnail wp-post-image\" alt=\"\" style=\"object-fit:cover;\" srcset=\"https:\/\/coria.org\/ayuntamiento\/wp-content\/uploads\/2016\/07\/RENOVACION-CONVENIO-FEXAS-2-scaled.jpg 2560w, https:\/\/coria.org\/ayuntamiento\/wp-content\/uploads\/2016\/07\/RENOVACION-CONVENIO-FEXAS-2-300x169.jpg 300w, https:\/\/coria.org\/ayuntamiento\/wp-content\/uploads\/2016\/07\/RENOVACION-CONVENIO-FEXAS-2-1024x576.jpg 1024w, https:\/\/coria.org\/ayuntamiento\/wp-content\/uploads\/2016\/07\/RENOVACION-CONVENIO-FEXAS-2-768x432.jpg 768w, https:\/\/coria.org\/ayuntamiento\/wp-content\/uploads\/2016\/07\/RENOVACION-CONVENIO-FEXAS-2-1536x864.jpg 1536w, https:\/\/coria.org\/ayuntamiento\/wp-content\/uploads\/2016\/07\/RENOVACION-CONVENIO-FEXAS-2-2048x1152.jpg 2048w\" sizes=\"auto, (max-width: 2560px) 100vw, 2560px\" \/><\/figure>\n\n<div><span style=\"font-family: verdana, arial, helvetica, sans-serif;\">Cabe recordar que el consistorio local colabora desde hace dos a\u00f1os con dicha Federaci\u00f3n, con el objetivo de favorecer la accesibilidad a la informaci\u00f3n y a la comunicaci\u00f3n de la ciudadan\u00eda con relaci\u00f3n a lo que es el Ayuntamiento de Coria, sobre todo, para favorecer dicha accesibilidad a las personas con discapacidad auditiva.<\/span><\/div>\n\n\n<div><span style=\"font-family: verdana, arial, helvetica, sans-serif;\">&nbsp;<\/span><\/div>\n\n\n<div><span style=\"font-family: verdana, arial, helvetica, sans-serif;\">El Alcalde, Jos\u00e9 Manuel Garc\u00eda Ballestero, ha dicho \u00abque es muy importante seguir apoyando este convenio por tratarse de un tema muy positivo para muchos ciudadanos\u00bb. El Ayuntamiento es una instituci\u00f3n que pretende ser lo m\u00e1s accesible posible y por este motivo la ciudad de Coria sigue sum\u00e1ndose a esta iniciativa ya que est\u00e1 abierta a todos los ciudadanos.<\/span><\/div>\n\n\n<div><span style=\"font-family: verdana, arial, helvetica, sans-serif;\">&nbsp;<\/span><\/div>\n\n\n<div><span style=\"font-family: verdana, arial, helvetica, sans-serif;\">Ballestero, ha expresado su satisfacci\u00f3n por haber firmado la renovaci\u00f3n de este proyecto, adem\u00e1s de colaborar con la Federaci\u00f3n de Personas Sordas de Extremadura.<\/span><\/div>\n\n\n<div><span style=\"font-family: verdana, arial, helvetica, sans-serif;\">&nbsp;<\/span><\/div>\n\n\n<div><span style=\"font-family: verdana, arial, helvetica, sans-serif;\">El presidente de la Federaci\u00f3n Extreme\u00f1a de Personas Sordas, Jos\u00e9 Manuel Cercas, acompa\u00f1ado por su int\u00e9rprete de lengua de signos, ha afirmado que se trata de un convenio en el que hay que seguir trabajando, que no est\u00e1 cerrado y que hay que desarrollarlo en Coria y en otros municipios.<\/span><\/div>\n\n\n<div><span style=\"font-family: verdana, arial, helvetica, sans-serif;\">&nbsp;<\/span><\/div>\n\n\n<div><span style=\"font-family: verdana, arial, helvetica, sans-serif;\">La adaptaci\u00f3n de la web del Ayuntamiento con esta Federaci\u00f3n se trata de un programa que no es costoso ni t\u00e9cnico.<\/span><\/div>\n\n\n<div><span style=\"font-family: verdana, arial, helvetica, sans-serif;\">&nbsp;<\/span><\/div>\n\n\n<div><span style=\"font-family: verdana, arial, helvetica, sans-serif;\">La Federaci\u00f3n Extreme\u00f1a de Asociaciones de Personas Sordas (FEXAS), es una organizaci\u00f3n sin \u00e1nimo de lucro que lleva constituida desde el a\u00f1o 2000, por los derechos e intereses de las personas sordas en Extremadura. Adem\u00e1s cuenta con el Programa de Orientaci\u00f3n, Prospecci\u00f3n e Inserci\u00f3n laboral para personas con discapacidad, desarrollado por FEXAS y financiado con Fondos de transferencias del Estado, Consejer\u00eda de Educaci\u00f3n y Empleo y Servicio Extreme\u00f1o P\u00fablico de Empleo, ofreciendo un servicio gratuito especializado de Orientaci\u00f3n, Prospecci\u00f3n e Inserci\u00f3n Laboral para personas con Discapacidad, as\u00ed como informaci\u00f3n y asesoramiento a las Empresas sobre incentivos a la contrataci\u00f3n y preselecci\u00f3n de perfiles profesionales a las demandas presentadas.<\/span><\/div>\n","protected":false},"excerpt":{"rendered":"<p>Esta ma\u00f1ana ha tenido lugar en el Ayuntamiento de Coria la firma de la renovaci\u00f3n del convenio de colaboraci\u00f3n entre la Federaci\u00f3n Extreme\u00f1a de Personas Sordas y el Ayuntamiento. Cabe recordar que el consistorio local colabora desde hace dos a\u00f1os con dicha Federaci\u00f3n, con el objetivo de favorecer la accesibilidad a la informaci\u00f3n y a [&hellip;]<\/p>\n","protected":false},"author":2,"featured_media":29698,"comment_status":"closed","ping_status":"closed","sticky":false,"template":"","format":"standard","meta":{"_uag_custom_page_level_css":"","footnotes":""},"categories":[2],"tags":[3,4],"class_list":["post-25277","post","type-post","status-publish","format-standard","has-post-thumbnail","hentry","category-noticias","tag-coria","tag-extremadura"],"yoast_head":"<!-- This site is optimized with the Yoast SEO plugin v27.4 - https:\/\/yoast.com\/product\/yoast-seo-wordpress\/ -->\n<title>El Ayuntamiento de Coria renueva el convenio de colaboraci\u00f3n con la Federaci\u00f3n Extreme\u00f1a de Personas Sordas (FEXAS) - Ayuntamiento de Coria<\/title>\n<meta name=\"robots\" content=\"index, follow, max-snippet:-1, max-image-preview:large, max-video-preview:-1\" \/>\n<link rel=\"canonical\" href=\"https:\/\/coria.org\/ayuntamiento\/index.php\/2016\/07\/25\/el-ayuntamiento-de-coria-renueva-el-convenio-de-colaboracion-con-la-federacion-extremena-de-personas-sordas-fexas\/\" \/>\n<meta property=\"og:locale\" content=\"es_ES\" \/>\n<meta property=\"og:type\" content=\"article\" \/>\n<meta property=\"og:title\" content=\"El Ayuntamiento de Coria renueva el convenio de colaboraci\u00f3n con la Federaci\u00f3n Extreme\u00f1a de Personas Sordas (FEXAS) - Ayuntamiento de Coria\" \/>\n<meta property=\"og:description\" content=\"Esta ma\u00f1ana ha tenido lugar en el Ayuntamiento de Coria la firma de la renovaci\u00f3n del convenio de colaboraci\u00f3n entre la Federaci\u00f3n Extreme\u00f1a de Personas Sordas y el Ayuntamiento. Cabe recordar que el consistorio local colabora desde hace dos a\u00f1os con dicha Federaci\u00f3n, con el objetivo de favorecer la accesibilidad a la informaci\u00f3n y a [&hellip;]\" \/>\n<meta property=\"og:url\" content=\"https:\/\/coria.org\/ayuntamiento\/index.php\/2016\/07\/25\/el-ayuntamiento-de-coria-renueva-el-convenio-de-colaboracion-con-la-federacion-extremena-de-personas-sordas-fexas\/\" \/>\n<meta property=\"og:site_name\" content=\"Ayuntamiento de Coria\" \/>\n<meta property=\"article:publisher\" content=\"https:\/\/www.facebook.com\/Ayuntamiento.de.Coria\" \/>\n<meta property=\"article:published_time\" content=\"2016-07-25T00:00:00+00:00\" \/>\n<meta property=\"article:modified_time\" content=\"2023-09-18T10:37:34+00:00\" \/>\n<meta property=\"og:image\" content=\"https:\/\/coria.org\/ayuntamiento\/wp-content\/uploads\/2016\/07\/RENOVACION-CONVENIO-FEXAS-2-scaled.jpg\" \/>\n\t<meta property=\"og:image:width\" content=\"2560\" \/>\n\t<meta property=\"og:image:height\" content=\"1440\" \/>\n\t<meta property=\"og:image:type\" content=\"image\/jpeg\" \/>\n<meta name=\"author\" content=\"ayuntamiento\" \/>\n<meta name=\"twitter:card\" content=\"summary_large_image\" \/>\n<meta name=\"twitter:creator\" content=\"@Ayto_de_Coria\" \/>\n<meta name=\"twitter:site\" content=\"@Ayto_de_Coria\" \/>\n<meta name=\"twitter:label1\" content=\"Escrito por\" \/>\n\t<meta name=\"twitter:data1\" content=\"ayuntamiento\" \/>\n\t<meta name=\"twitter:label2\" content=\"Tiempo de lectura\" \/>\n\t<meta name=\"twitter:data2\" content=\"2 minutos\" \/>\n<script type=\"application\/ld+json\" class=\"yoast-schema-graph\">{\"@context\":\"https:\\\/\\\/schema.org\",\"@graph\":[{\"@type\":\"Article\",\"@id\":\"https:\\\/\\\/coria.org\\\/ayuntamiento\\\/index.php\\\/2016\\\/07\\\/25\\\/el-ayuntamiento-de-coria-renueva-el-convenio-de-colaboracion-con-la-federacion-extremena-de-personas-sordas-fexas\\\/#article\",\"isPartOf\":{\"@id\":\"https:\\\/\\\/coria.org\\\/ayuntamiento\\\/index.php\\\/2016\\\/07\\\/25\\\/el-ayuntamiento-de-coria-renueva-el-convenio-de-colaboracion-con-la-federacion-extremena-de-personas-sordas-fexas\\\/\"},\"author\":{\"name\":\"ayuntamiento\",\"@id\":\"https:\\\/\\\/coria.org\\\/ayuntamiento\\\/#\\\/schema\\\/person\\\/8bd589f0e13e8ae5aa06def7a599d622\"},\"headline\":\"El Ayuntamiento de Coria renueva el convenio de colaboraci\u00f3n con la Federaci\u00f3n Extreme\u00f1a de Personas Sordas (FEXAS)\",\"datePublished\":\"2016-07-25T00:00:00+00:00\",\"dateModified\":\"2023-09-18T10:37:34+00:00\",\"mainEntityOfPage\":{\"@id\":\"https:\\\/\\\/coria.org\\\/ayuntamiento\\\/index.php\\\/2016\\\/07\\\/25\\\/el-ayuntamiento-de-coria-renueva-el-convenio-de-colaboracion-con-la-federacion-extremena-de-personas-sordas-fexas\\\/\"},\"wordCount\":412,\"publisher\":{\"@id\":\"https:\\\/\\\/coria.org\\\/ayuntamiento\\\/#organization\"},\"image\":{\"@id\":\"https:\\\/\\\/coria.org\\\/ayuntamiento\\\/index.php\\\/2016\\\/07\\\/25\\\/el-ayuntamiento-de-coria-renueva-el-convenio-de-colaboracion-con-la-federacion-extremena-de-personas-sordas-fexas\\\/#primaryimage\"},\"thumbnailUrl\":\"https:\\\/\\\/coria.org\\\/ayuntamiento\\\/wp-content\\\/uploads\\\/2016\\\/07\\\/RENOVACION-CONVENIO-FEXAS-2-scaled.jpg\",\"keywords\":[\"coria\",\"extremadura\"],\"articleSection\":[\"Noticias\"],\"inLanguage\":\"es\"},{\"@type\":\"WebPage\",\"@id\":\"https:\\\/\\\/coria.org\\\/ayuntamiento\\\/index.php\\\/2016\\\/07\\\/25\\\/el-ayuntamiento-de-coria-renueva-el-convenio-de-colaboracion-con-la-federacion-extremena-de-personas-sordas-fexas\\\/\",\"url\":\"https:\\\/\\\/coria.org\\\/ayuntamiento\\\/index.php\\\/2016\\\/07\\\/25\\\/el-ayuntamiento-de-coria-renueva-el-convenio-de-colaboracion-con-la-federacion-extremena-de-personas-sordas-fexas\\\/\",\"name\":\"El Ayuntamiento de Coria renueva el convenio de colaboraci\u00f3n con la Federaci\u00f3n Extreme\u00f1a de Personas Sordas (FEXAS) - Ayuntamiento de Coria\",\"isPartOf\":{\"@id\":\"https:\\\/\\\/coria.org\\\/ayuntamiento\\\/#website\"},\"primaryImageOfPage\":{\"@id\":\"https:\\\/\\\/coria.org\\\/ayuntamiento\\\/index.php\\\/2016\\\/07\\\/25\\\/el-ayuntamiento-de-coria-renueva-el-convenio-de-colaboracion-con-la-federacion-extremena-de-personas-sordas-fexas\\\/#primaryimage\"},\"image\":{\"@id\":\"https:\\\/\\\/coria.org\\\/ayuntamiento\\\/index.php\\\/2016\\\/07\\\/25\\\/el-ayuntamiento-de-coria-renueva-el-convenio-de-colaboracion-con-la-federacion-extremena-de-personas-sordas-fexas\\\/#primaryimage\"},\"thumbnailUrl\":\"https:\\\/\\\/coria.org\\\/ayuntamiento\\\/wp-content\\\/uploads\\\/2016\\\/07\\\/RENOVACION-CONVENIO-FEXAS-2-scaled.jpg\",\"datePublished\":\"2016-07-25T00:00:00+00:00\",\"dateModified\":\"2023-09-18T10:37:34+00:00\",\"breadcrumb\":{\"@id\":\"https:\\\/\\\/coria.org\\\/ayuntamiento\\\/index.php\\\/2016\\\/07\\\/25\\\/el-ayuntamiento-de-coria-renueva-el-convenio-de-colaboracion-con-la-federacion-extremena-de-personas-sordas-fexas\\\/#breadcrumb\"},\"inLanguage\":\"es\",\"potentialAction\":[{\"@type\":\"ReadAction\",\"target\":[\"https:\\\/\\\/coria.org\\\/ayuntamiento\\\/index.php\\\/2016\\\/07\\\/25\\\/el-ayuntamiento-de-coria-renueva-el-convenio-de-colaboracion-con-la-federacion-extremena-de-personas-sordas-fexas\\\/\"]}]},{\"@type\":\"ImageObject\",\"inLanguage\":\"es\",\"@id\":\"https:\\\/\\\/coria.org\\\/ayuntamiento\\\/index.php\\\/2016\\\/07\\\/25\\\/el-ayuntamiento-de-coria-renueva-el-convenio-de-colaboracion-con-la-federacion-extremena-de-personas-sordas-fexas\\\/#primaryimage\",\"url\":\"https:\\\/\\\/coria.org\\\/ayuntamiento\\\/wp-content\\\/uploads\\\/2016\\\/07\\\/RENOVACION-CONVENIO-FEXAS-2-scaled.jpg\",\"contentUrl\":\"https:\\\/\\\/coria.org\\\/ayuntamiento\\\/wp-content\\\/uploads\\\/2016\\\/07\\\/RENOVACION-CONVENIO-FEXAS-2-scaled.jpg\",\"width\":2560,\"height\":1440},{\"@type\":\"BreadcrumbList\",\"@id\":\"https:\\\/\\\/coria.org\\\/ayuntamiento\\\/index.php\\\/2016\\\/07\\\/25\\\/el-ayuntamiento-de-coria-renueva-el-convenio-de-colaboracion-con-la-federacion-extremena-de-personas-sordas-fexas\\\/#breadcrumb\",\"itemListElement\":[{\"@type\":\"ListItem\",\"position\":1,\"name\":\"Inicio\",\"item\":\"https:\\\/\\\/coria.org\\\/ayuntamiento\\\/\"},{\"@type\":\"ListItem\",\"position\":2,\"name\":\"El Ayuntamiento de Coria renueva el convenio de colaboraci\u00f3n con la Federaci\u00f3n Extreme\u00f1a de Personas Sordas (FEXAS)\"}]},{\"@type\":\"WebSite\",\"@id\":\"https:\\\/\\\/coria.org\\\/ayuntamiento\\\/#website\",\"url\":\"https:\\\/\\\/coria.org\\\/ayuntamiento\\\/\",\"name\":\"Ayuntamiento de Coria\",\"description\":\"Web oficial del Ayuntamiento de Coria\",\"publisher\":{\"@id\":\"https:\\\/\\\/coria.org\\\/ayuntamiento\\\/#organization\"},\"alternateName\":\"Web Oficial del Ayuntamiento de Coria\",\"potentialAction\":[{\"@type\":\"SearchAction\",\"target\":{\"@type\":\"EntryPoint\",\"urlTemplate\":\"https:\\\/\\\/coria.org\\\/ayuntamiento\\\/?s={search_term_string}\"},\"query-input\":{\"@type\":\"PropertyValueSpecification\",\"valueRequired\":true,\"valueName\":\"search_term_string\"}}],\"inLanguage\":\"es\"},{\"@type\":\"Organization\",\"@id\":\"https:\\\/\\\/coria.org\\\/ayuntamiento\\\/#organization\",\"name\":\"Ayuntamiento de Coria\",\"alternateName\":\"Ayto de Coria\",\"url\":\"https:\\\/\\\/coria.org\\\/ayuntamiento\\\/\",\"logo\":{\"@type\":\"ImageObject\",\"inLanguage\":\"es\",\"@id\":\"https:\\\/\\\/coria.org\\\/ayuntamiento\\\/#\\\/schema\\\/logo\\\/image\\\/\",\"url\":\"https:\\\/\\\/coria.org\\\/ayuntamiento\\\/wp-content\\\/uploads\\\/2020\\\/12\\\/escudo-ayuntamiento-coria.png\",\"contentUrl\":\"https:\\\/\\\/coria.org\\\/ayuntamiento\\\/wp-content\\\/uploads\\\/2020\\\/12\\\/escudo-ayuntamiento-coria.png\",\"width\":511,\"height\":240,\"caption\":\"Ayuntamiento de Coria\"},\"image\":{\"@id\":\"https:\\\/\\\/coria.org\\\/ayuntamiento\\\/#\\\/schema\\\/logo\\\/image\\\/\"},\"sameAs\":[\"https:\\\/\\\/www.facebook.com\\\/Ayuntamiento.de.Coria\",\"https:\\\/\\\/x.com\\\/Ayto_de_Coria\",\"https:\\\/\\\/www.instagram.com\\\/coria.ayuntamiento\\\/\",\"https:\\\/\\\/www.youtube.com\\\/user\\\/AYUNTAMIENTOCORIA\"]},{\"@type\":\"Person\",\"@id\":\"https:\\\/\\\/coria.org\\\/ayuntamiento\\\/#\\\/schema\\\/person\\\/8bd589f0e13e8ae5aa06def7a599d622\",\"name\":\"ayuntamiento\",\"image\":{\"@type\":\"ImageObject\",\"inLanguage\":\"es\",\"@id\":\"https:\\\/\\\/secure.gravatar.com\\\/avatar\\\/966e5ed73cad334adda5c87f49f2547f7082f7292c1b627cbb548744383b391c?s=96&d=mm&r=g\",\"url\":\"https:\\\/\\\/secure.gravatar.com\\\/avatar\\\/966e5ed73cad334adda5c87f49f2547f7082f7292c1b627cbb548744383b391c?s=96&d=mm&r=g\",\"contentUrl\":\"https:\\\/\\\/secure.gravatar.com\\\/avatar\\\/966e5ed73cad334adda5c87f49f2547f7082f7292c1b627cbb548744383b391c?s=96&d=mm&r=g\",\"caption\":\"ayuntamiento\"}}]}<\/script>\n<!-- \/ Yoast SEO plugin. -->","yoast_head_json":{"title":"El Ayuntamiento de Coria renueva el convenio de colaboraci\u00f3n con la Federaci\u00f3n Extreme\u00f1a de Personas Sordas (FEXAS) - Ayuntamiento de Coria","robots":{"index":"index","follow":"follow","max-snippet":"max-snippet:-1","max-image-preview":"max-image-preview:large","max-video-preview":"max-video-preview:-1"},"canonical":"https:\/\/coria.org\/ayuntamiento\/index.php\/2016\/07\/25\/el-ayuntamiento-de-coria-renueva-el-convenio-de-colaboracion-con-la-federacion-extremena-de-personas-sordas-fexas\/","og_locale":"es_ES","og_type":"article","og_title":"El Ayuntamiento de Coria renueva el convenio de colaboraci\u00f3n con la Federaci\u00f3n Extreme\u00f1a de Personas Sordas (FEXAS) - Ayuntamiento de Coria","og_description":"Esta ma\u00f1ana ha tenido lugar en el Ayuntamiento de Coria la firma de la renovaci\u00f3n del convenio de colaboraci\u00f3n entre la Federaci\u00f3n Extreme\u00f1a de Personas Sordas y el Ayuntamiento. Cabe recordar que el consistorio local colabora desde hace dos a\u00f1os con dicha Federaci\u00f3n, con el objetivo de favorecer la accesibilidad a la informaci\u00f3n y a [&hellip;]","og_url":"https:\/\/coria.org\/ayuntamiento\/index.php\/2016\/07\/25\/el-ayuntamiento-de-coria-renueva-el-convenio-de-colaboracion-con-la-federacion-extremena-de-personas-sordas-fexas\/","og_site_name":"Ayuntamiento de Coria","article_publisher":"https:\/\/www.facebook.com\/Ayuntamiento.de.Coria","article_published_time":"2016-07-25T00:00:00+00:00","article_modified_time":"2023-09-18T10:37:34+00:00","og_image":[{"width":2560,"height":1440,"url":"https:\/\/coria.org\/ayuntamiento\/wp-content\/uploads\/2016\/07\/RENOVACION-CONVENIO-FEXAS-2-scaled.jpg","type":"image\/jpeg"}],"author":"ayuntamiento","twitter_card":"summary_large_image","twitter_creator":"@Ayto_de_Coria","twitter_site":"@Ayto_de_Coria","twitter_misc":{"Escrito por":"ayuntamiento","Tiempo de lectura":"2 minutos"},"schema":{"@context":"https:\/\/schema.org","@graph":[{"@type":"Article","@id":"https:\/\/coria.org\/ayuntamiento\/index.php\/2016\/07\/25\/el-ayuntamiento-de-coria-renueva-el-convenio-de-colaboracion-con-la-federacion-extremena-de-personas-sordas-fexas\/#article","isPartOf":{"@id":"https:\/\/coria.org\/ayuntamiento\/index.php\/2016\/07\/25\/el-ayuntamiento-de-coria-renueva-el-convenio-de-colaboracion-con-la-federacion-extremena-de-personas-sordas-fexas\/"},"author":{"name":"ayuntamiento","@id":"https:\/\/coria.org\/ayuntamiento\/#\/schema\/person\/8bd589f0e13e8ae5aa06def7a599d622"},"headline":"El Ayuntamiento de Coria renueva el convenio de colaboraci\u00f3n con la Federaci\u00f3n Extreme\u00f1a de Personas Sordas (FEXAS)","datePublished":"2016-07-25T00:00:00+00:00","dateModified":"2023-09-18T10:37:34+00:00","mainEntityOfPage":{"@id":"https:\/\/coria.org\/ayuntamiento\/index.php\/2016\/07\/25\/el-ayuntamiento-de-coria-renueva-el-convenio-de-colaboracion-con-la-federacion-extremena-de-personas-sordas-fexas\/"},"wordCount":412,"publisher":{"@id":"https:\/\/coria.org\/ayuntamiento\/#organization"},"image":{"@id":"https:\/\/coria.org\/ayuntamiento\/index.php\/2016\/07\/25\/el-ayuntamiento-de-coria-renueva-el-convenio-de-colaboracion-con-la-federacion-extremena-de-personas-sordas-fexas\/#primaryimage"},"thumbnailUrl":"https:\/\/coria.org\/ayuntamiento\/wp-content\/uploads\/2016\/07\/RENOVACION-CONVENIO-FEXAS-2-scaled.jpg","keywords":["coria","extremadura"],"articleSection":["Noticias"],"inLanguage":"es"},{"@type":"WebPage","@id":"https:\/\/coria.org\/ayuntamiento\/index.php\/2016\/07\/25\/el-ayuntamiento-de-coria-renueva-el-convenio-de-colaboracion-con-la-federacion-extremena-de-personas-sordas-fexas\/","url":"https:\/\/coria.org\/ayuntamiento\/index.php\/2016\/07\/25\/el-ayuntamiento-de-coria-renueva-el-convenio-de-colaboracion-con-la-federacion-extremena-de-personas-sordas-fexas\/","name":"El Ayuntamiento de Coria renueva el convenio de colaboraci\u00f3n con la Federaci\u00f3n Extreme\u00f1a de Personas Sordas (FEXAS) - Ayuntamiento de Coria","isPartOf":{"@id":"https:\/\/coria.org\/ayuntamiento\/#website"},"primaryImageOfPage":{"@id":"https:\/\/coria.org\/ayuntamiento\/index.php\/2016\/07\/25\/el-ayuntamiento-de-coria-renueva-el-convenio-de-colaboracion-con-la-federacion-extremena-de-personas-sordas-fexas\/#primaryimage"},"image":{"@id":"https:\/\/coria.org\/ayuntamiento\/index.php\/2016\/07\/25\/el-ayuntamiento-de-coria-renueva-el-convenio-de-colaboracion-con-la-federacion-extremena-de-personas-sordas-fexas\/#primaryimage"},"thumbnailUrl":"https:\/\/coria.org\/ayuntamiento\/wp-content\/uploads\/2016\/07\/RENOVACION-CONVENIO-FEXAS-2-scaled.jpg","datePublished":"2016-07-25T00:00:00+00:00","dateModified":"2023-09-18T10:37:34+00:00","breadcrumb":{"@id":"https:\/\/coria.org\/ayuntamiento\/index.php\/2016\/07\/25\/el-ayuntamiento-de-coria-renueva-el-convenio-de-colaboracion-con-la-federacion-extremena-de-personas-sordas-fexas\/#breadcrumb"},"inLanguage":"es","potentialAction":[{"@type":"ReadAction","target":["https:\/\/coria.org\/ayuntamiento\/index.php\/2016\/07\/25\/el-ayuntamiento-de-coria-renueva-el-convenio-de-colaboracion-con-la-federacion-extremena-de-personas-sordas-fexas\/"]}]},{"@type":"ImageObject","inLanguage":"es","@id":"https:\/\/coria.org\/ayuntamiento\/index.php\/2016\/07\/25\/el-ayuntamiento-de-coria-renueva-el-convenio-de-colaboracion-con-la-federacion-extremena-de-personas-sordas-fexas\/#primaryimage","url":"https:\/\/coria.org\/ayuntamiento\/wp-content\/uploads\/2016\/07\/RENOVACION-CONVENIO-FEXAS-2-scaled.jpg","contentUrl":"https:\/\/coria.org\/ayuntamiento\/wp-content\/uploads\/2016\/07\/RENOVACION-CONVENIO-FEXAS-2-scaled.jpg","width":2560,"height":1440},{"@type":"BreadcrumbList","@id":"https:\/\/coria.org\/ayuntamiento\/index.php\/2016\/07\/25\/el-ayuntamiento-de-coria-renueva-el-convenio-de-colaboracion-con-la-federacion-extremena-de-personas-sordas-fexas\/#breadcrumb","itemListElement":[{"@type":"ListItem","position":1,"name":"Inicio","item":"https:\/\/coria.org\/ayuntamiento\/"},{"@type":"ListItem","position":2,"name":"El Ayuntamiento de Coria renueva el convenio de colaboraci\u00f3n con la Federaci\u00f3n Extreme\u00f1a de Personas Sordas (FEXAS)"}]},{"@type":"WebSite","@id":"https:\/\/coria.org\/ayuntamiento\/#website","url":"https:\/\/coria.org\/ayuntamiento\/","name":"Ayuntamiento de Coria","description":"Web oficial del Ayuntamiento de Coria","publisher":{"@id":"https:\/\/coria.org\/ayuntamiento\/#organization"},"alternateName":"Web Oficial del Ayuntamiento de Coria","potentialAction":[{"@type":"SearchAction","target":{"@type":"EntryPoint","urlTemplate":"https:\/\/coria.org\/ayuntamiento\/?s={search_term_string}"},"query-input":{"@type":"PropertyValueSpecification","valueRequired":true,"valueName":"search_term_string"}}],"inLanguage":"es"},{"@type":"Organization","@id":"https:\/\/coria.org\/ayuntamiento\/#organization","name":"Ayuntamiento de Coria","alternateName":"Ayto de Coria","url":"https:\/\/coria.org\/ayuntamiento\/","logo":{"@type":"ImageObject","inLanguage":"es","@id":"https:\/\/coria.org\/ayuntamiento\/#\/schema\/logo\/image\/","url":"https:\/\/coria.org\/ayuntamiento\/wp-content\/uploads\/2020\/12\/escudo-ayuntamiento-coria.png","contentUrl":"https:\/\/coria.org\/ayuntamiento\/wp-content\/uploads\/2020\/12\/escudo-ayuntamiento-coria.png","width":511,"height":240,"caption":"Ayuntamiento de Coria"},"image":{"@id":"https:\/\/coria.org\/ayuntamiento\/#\/schema\/logo\/image\/"},"sameAs":["https:\/\/www.facebook.com\/Ayuntamiento.de.Coria","https:\/\/x.com\/Ayto_de_Coria","https:\/\/www.instagram.com\/coria.ayuntamiento\/","https:\/\/www.youtube.com\/user\/AYUNTAMIENTOCORIA"]},{"@type":"Person","@id":"https:\/\/coria.org\/ayuntamiento\/#\/schema\/person\/8bd589f0e13e8ae5aa06def7a599d622","name":"ayuntamiento","image":{"@type":"ImageObject","inLanguage":"es","@id":"https:\/\/secure.gravatar.com\/avatar\/966e5ed73cad334adda5c87f49f2547f7082f7292c1b627cbb548744383b391c?s=96&d=mm&r=g","url":"https:\/\/secure.gravatar.com\/avatar\/966e5ed73cad334adda5c87f49f2547f7082f7292c1b627cbb548744383b391c?s=96&d=mm&r=g","contentUrl":"https:\/\/secure.gravatar.com\/avatar\/966e5ed73cad334adda5c87f49f2547f7082f7292c1b627cbb548744383b391c?s=96&d=mm&r=g","caption":"ayuntamiento"}}]}},"uagb_featured_image_src":{"full":["https:\/\/coria.org\/ayuntamiento\/wp-content\/uploads\/2016\/07\/RENOVACION-CONVENIO-FEXAS-2-scaled.jpg",2560,1440,false],"thumbnail":["https:\/\/coria.org\/ayuntamiento\/wp-content\/uploads\/2016\/07\/RENOVACION-CONVENIO-FEXAS-2-150x150.jpg",150,150,true],"medium":["https:\/\/coria.org\/ayuntamiento\/wp-content\/uploads\/2016\/07\/RENOVACION-CONVENIO-FEXAS-2-300x169.jpg",300,169,true],"medium_large":["https:\/\/coria.org\/ayuntamiento\/wp-content\/uploads\/2016\/07\/RENOVACION-CONVENIO-FEXAS-2-768x432.jpg",768,432,true],"large":["https:\/\/coria.org\/ayuntamiento\/wp-content\/uploads\/2016\/07\/RENOVACION-CONVENIO-FEXAS-2-1024x576.jpg",1024,576,true],"thumblist":["https:\/\/coria.org\/ayuntamiento\/wp-content\/uploads\/2016\/07\/RENOVACION-CONVENIO-FEXAS-2-scaled.jpg",300,169,false],"thumbrelated":["https:\/\/coria.org\/ayuntamiento\/wp-content\/uploads\/2016\/07\/RENOVACION-CONVENIO-FEXAS-2-scaled.jpg",500,281,false],"meccarouselthumb":["https:\/\/coria.org\/ayuntamiento\/wp-content\/uploads\/2016\/07\/RENOVACION-CONVENIO-FEXAS-2-scaled.jpg",474,267,false],"gridsquare":["https:\/\/coria.org\/ayuntamiento\/wp-content\/uploads\/2016\/07\/RENOVACION-CONVENIO-FEXAS-2-scaled.jpg",391,220,false],"tileview":["https:\/\/coria.org\/ayuntamiento\/wp-content\/uploads\/2016\/07\/RENOVACION-CONVENIO-FEXAS-2-scaled.jpg",300,169,false],"1536x1536":["https:\/\/coria.org\/ayuntamiento\/wp-content\/uploads\/2016\/07\/RENOVACION-CONVENIO-FEXAS-2-1536x864.jpg",1536,864,true],"2048x2048":["https:\/\/coria.org\/ayuntamiento\/wp-content\/uploads\/2016\/07\/RENOVACION-CONVENIO-FEXAS-2-2048x1152.jpg",2048,1152,true]},"uagb_author_info":{"display_name":"ayuntamiento","author_link":"https:\/\/coria.org\/ayuntamiento\/index.php\/author\/ayuntamiento\/"},"uagb_comment_info":0,"uagb_excerpt":"Esta ma\u00f1ana ha tenido lugar en el Ayuntamiento de Coria la firma de la renovaci\u00f3n del convenio de colaboraci\u00f3n entre la Federaci\u00f3n Extreme\u00f1a de Personas Sordas y el Ayuntamiento. Cabe recordar que el consistorio local colabora desde hace dos a\u00f1os con dicha Federaci\u00f3n, con el objetivo de favorecer la accesibilidad a la informaci\u00f3n y a&hellip;","_links":{"self":[{"href":"https:\/\/coria.org\/ayuntamiento\/index.php\/wp-json\/wp\/v2\/posts\/25277","targetHints":{"allow":["GET"]}}],"collection":[{"href":"https:\/\/coria.org\/ayuntamiento\/index.php\/wp-json\/wp\/v2\/posts"}],"about":[{"href":"https:\/\/coria.org\/ayuntamiento\/index.php\/wp-json\/wp\/v2\/types\/post"}],"author":[{"embeddable":true,"href":"https:\/\/coria.org\/ayuntamiento\/index.php\/wp-json\/wp\/v2\/users\/2"}],"replies":[{"embeddable":true,"href":"https:\/\/coria.org\/ayuntamiento\/index.php\/wp-json\/wp\/v2\/comments?post=25277"}],"version-history":[{"count":0,"href":"https:\/\/coria.org\/ayuntamiento\/index.php\/wp-json\/wp\/v2\/posts\/25277\/revisions"}],"wp:featuredmedia":[{"embeddable":true,"href":"https:\/\/coria.org\/ayuntamiento\/index.php\/wp-json\/wp\/v2\/media\/29698"}],"wp:attachment":[{"href":"https:\/\/coria.org\/ayuntamiento\/index.php\/wp-json\/wp\/v2\/media?parent=25277"}],"wp:term":[{"taxonomy":"category","embeddable":true,"href":"https:\/\/coria.org\/ayuntamiento\/index.php\/wp-json\/wp\/v2\/categories?post=25277"},{"taxonomy":"post_tag","embeddable":true,"href":"https:\/\/coria.org\/ayuntamiento\/index.php\/wp-json\/wp\/v2\/tags?post=25277"}],"curies":[{"name":"wp","href":"https:\/\/api.w.org\/{rel}","templated":true}]}}