{"id":25255,"date":"2016-08-10T00:00:00","date_gmt":"2016-08-10T00:00:00","guid":{"rendered":"https:\/\/ayuntamiento.coriaenimagenes.com\/el-jueves-turistico-acogera-este-ano-un-flashmob-para-el-disfrute-de-los-visitantes\/"},"modified":"2024-03-12T12:21:44","modified_gmt":"2024-03-12T11:21:44","slug":"el-jueves-turistico-acogera-este-ano-un-flashmob-para-el-disfrute-de-los-visitantes","status":"publish","type":"post","link":"https:\/\/coria.org\/ayuntamiento\/index.php\/2016\/08\/10\/el-jueves-turistico-acogera-este-ano-un-flashmob-para-el-disfrute-de-los-visitantes\/","title":{"rendered":"El Jueves Tur\u00edstico acoger\u00e1 este a\u00f1o un  Flashmob para el disfrute de los visitantes"},"content":{"rendered":"\n<p>El Ayuntamiento de Coria a trav\u00e9s de la Concejal\u00eda de Juventud y Fitness Cauria, llevar\u00e1n a cabo un flashmob ma\u00f1ana jueves, d\u00eda 11 de agosto, a las 12:30 horas en la Plaza de Espa\u00f1a.<\/p>\n\n\n\n<figure class=\"wp-block-image alignleft size-full is-resized\"><img loading=\"lazy\" decoding=\"async\" width=\"319\" height=\"599\" src=\"https:\/\/coria.org\/ayuntamiento\/wp-content\/uploads\/2016\/08\/fitness-cauria.jpg\" alt=\"\" class=\"wp-image-60154\" style=\"width:181px;height:auto\" srcset=\"https:\/\/coria.org\/ayuntamiento\/wp-content\/uploads\/2016\/08\/fitness-cauria.jpg 319w, https:\/\/coria.org\/ayuntamiento\/wp-content\/uploads\/2016\/08\/fitness-cauria-160x300.jpg 160w\" sizes=\"auto, (max-width: 319px) 100vw, 319px\" \/><\/figure>\n\n\n\n<p>El flashmob consistir\u00e1 en una coreograf\u00eda sencilla y divertida del baile \u00abLA BICICLETA\u00bb y las personas que quieran participar deber\u00e1n ensayarla previamente.<\/p>\n\n\n\n<p>Una actividad que se enmarca dentro de la programaci\u00f3n del XXII Jueves Tur\u00edstico y en la que podr\u00e1n participar todo el p\u00fablico que lo desee, s\u00f3lo deben comunicarlo en la Oficina de Juventud del Ayuntamiento de Coria.<\/p>\n\n\n\n<p>Durante toda la ma\u00f1ana habr\u00e1 ambientaci\u00f3n tur\u00edstica para los m\u00e1s peque\u00f1os como el Burro &#8211; Taxi, espect\u00e1culo de Cetrer\u00eda, taller de Elaboraci\u00f3n de Pan Artesanal, y como no podr\u00eda ser de otra manera la IV Feria Agroalimentaria donde se podr\u00e1 degustar todo tipo de manjares de Extremadura. Ubicada en la C\/ Horno. El horario del mercado ser\u00e1 desde las 9.00 horas hasta las 14.00 horas.<\/p>\n\n\n\n<p>Adem\u00e1s, los vecinos y visitantes podr\u00e1n disfrutar del Mercado de Comercio y Artesan\u00eda, actuaciones de artesan\u00eda en vivo y venta de productos extreme\u00f1os, todo esto amenizado con pasacalles del Grupo de Acordeonistas de Coria y Comarca.<\/p>\n\n\n\n<p>M\u00e1s de un centenar de artesanos llegados de todos los rincones de la geograf\u00eda nacional montar\u00e1n sus puestos repletos de tradiciones milenarias en el arte de trabajar la cer\u00e1mica, el cuero, los encajes, el mimbre, etc.<\/p>\n","protected":false},"excerpt":{"rendered":"<p>El Ayuntamiento de Coria a trav\u00e9s de la Concejal\u00eda de Juventud y Fitness Cauria, llevar\u00e1n a cabo un flashmob ma\u00f1ana jueves, d\u00eda 11 de agosto, a las 12:30 horas en la Plaza de Espa\u00f1a. El flashmob consistir\u00e1 en una coreograf\u00eda sencilla y divertida del baile \u00abLA BICICLETA\u00bb y las personas que quieran participar deber\u00e1n ensayarla [&hellip;]<\/p>\n","protected":false},"author":2,"featured_media":60154,"comment_status":"closed","ping_status":"closed","sticky":false,"template":"","format":"standard","meta":{"_uag_custom_page_level_css":"","footnotes":""},"categories":[2],"tags":[3,4],"class_list":["post-25255","post","type-post","status-publish","format-standard","has-post-thumbnail","hentry","category-noticias","tag-coria","tag-extremadura"],"yoast_head":"<!-- This site is optimized with the Yoast SEO plugin v27.4 - https:\/\/yoast.com\/product\/yoast-seo-wordpress\/ -->\n<title>El Jueves Tur\u00edstico acoger\u00e1 este a\u00f1o un Flashmob para el disfrute de los visitantes - Ayuntamiento de Coria<\/title>\n<meta name=\"robots\" content=\"index, follow, max-snippet:-1, max-image-preview:large, max-video-preview:-1\" \/>\n<link rel=\"canonical\" href=\"https:\/\/coria.org\/ayuntamiento\/index.php\/2016\/08\/10\/el-jueves-turistico-acogera-este-ano-un-flashmob-para-el-disfrute-de-los-visitantes\/\" \/>\n<meta property=\"og:locale\" content=\"es_ES\" \/>\n<meta property=\"og:type\" content=\"article\" \/>\n<meta property=\"og:title\" content=\"El Jueves Tur\u00edstico acoger\u00e1 este a\u00f1o un Flashmob para el disfrute de los visitantes - Ayuntamiento de Coria\" \/>\n<meta property=\"og:description\" content=\"El Ayuntamiento de Coria a trav\u00e9s de la Concejal\u00eda de Juventud y Fitness Cauria, llevar\u00e1n a cabo un flashmob ma\u00f1ana jueves, d\u00eda 11 de agosto, a las 12:30 horas en la Plaza de Espa\u00f1a. El flashmob consistir\u00e1 en una coreograf\u00eda sencilla y divertida del baile \u00abLA BICICLETA\u00bb y las personas que quieran participar deber\u00e1n ensayarla [&hellip;]\" \/>\n<meta property=\"og:url\" content=\"https:\/\/coria.org\/ayuntamiento\/index.php\/2016\/08\/10\/el-jueves-turistico-acogera-este-ano-un-flashmob-para-el-disfrute-de-los-visitantes\/\" \/>\n<meta property=\"og:site_name\" content=\"Ayuntamiento de Coria\" \/>\n<meta property=\"article:publisher\" content=\"https:\/\/www.facebook.com\/Ayuntamiento.de.Coria\" \/>\n<meta property=\"article:published_time\" content=\"2016-08-10T00:00:00+00:00\" \/>\n<meta property=\"article:modified_time\" content=\"2024-03-12T11:21:44+00:00\" \/>\n<meta property=\"og:image\" content=\"https:\/\/coria.org\/ayuntamiento\/wp-content\/uploads\/2016\/08\/fitness-cauria.jpg\" \/>\n\t<meta property=\"og:image:width\" content=\"319\" \/>\n\t<meta property=\"og:image:height\" content=\"599\" \/>\n\t<meta property=\"og:image:type\" content=\"image\/jpeg\" \/>\n<meta name=\"author\" content=\"ayuntamiento\" \/>\n<meta name=\"twitter:card\" content=\"summary_large_image\" \/>\n<meta name=\"twitter:creator\" content=\"@Ayto_de_Coria\" \/>\n<meta name=\"twitter:site\" content=\"@Ayto_de_Coria\" \/>\n<meta name=\"twitter:label1\" content=\"Escrito por\" \/>\n\t<meta name=\"twitter:data1\" content=\"ayuntamiento\" \/>\n\t<meta name=\"twitter:label2\" content=\"Tiempo de lectura\" \/>\n\t<meta name=\"twitter:data2\" content=\"1 minuto\" \/>\n<script type=\"application\/ld+json\" class=\"yoast-schema-graph\">{\"@context\":\"https:\\\/\\\/schema.org\",\"@graph\":[{\"@type\":\"Article\",\"@id\":\"https:\\\/\\\/coria.org\\\/ayuntamiento\\\/index.php\\\/2016\\\/08\\\/10\\\/el-jueves-turistico-acogera-este-ano-un-flashmob-para-el-disfrute-de-los-visitantes\\\/#article\",\"isPartOf\":{\"@id\":\"https:\\\/\\\/coria.org\\\/ayuntamiento\\\/index.php\\\/2016\\\/08\\\/10\\\/el-jueves-turistico-acogera-este-ano-un-flashmob-para-el-disfrute-de-los-visitantes\\\/\"},\"author\":{\"name\":\"ayuntamiento\",\"@id\":\"https:\\\/\\\/coria.org\\\/ayuntamiento\\\/#\\\/schema\\\/person\\\/8bd589f0e13e8ae5aa06def7a599d622\"},\"headline\":\"El Jueves Tur\u00edstico acoger\u00e1 este a\u00f1o un Flashmob para el disfrute de los visitantes\",\"datePublished\":\"2016-08-10T00:00:00+00:00\",\"dateModified\":\"2024-03-12T11:21:44+00:00\",\"mainEntityOfPage\":{\"@id\":\"https:\\\/\\\/coria.org\\\/ayuntamiento\\\/index.php\\\/2016\\\/08\\\/10\\\/el-jueves-turistico-acogera-este-ano-un-flashmob-para-el-disfrute-de-los-visitantes\\\/\"},\"wordCount\":273,\"publisher\":{\"@id\":\"https:\\\/\\\/coria.org\\\/ayuntamiento\\\/#organization\"},\"image\":{\"@id\":\"https:\\\/\\\/coria.org\\\/ayuntamiento\\\/index.php\\\/2016\\\/08\\\/10\\\/el-jueves-turistico-acogera-este-ano-un-flashmob-para-el-disfrute-de-los-visitantes\\\/#primaryimage\"},\"thumbnailUrl\":\"https:\\\/\\\/coria.org\\\/ayuntamiento\\\/wp-content\\\/uploads\\\/2016\\\/08\\\/fitness-cauria.jpg\",\"keywords\":[\"coria\",\"extremadura\"],\"articleSection\":[\"Noticias\"],\"inLanguage\":\"es\"},{\"@type\":\"WebPage\",\"@id\":\"https:\\\/\\\/coria.org\\\/ayuntamiento\\\/index.php\\\/2016\\\/08\\\/10\\\/el-jueves-turistico-acogera-este-ano-un-flashmob-para-el-disfrute-de-los-visitantes\\\/\",\"url\":\"https:\\\/\\\/coria.org\\\/ayuntamiento\\\/index.php\\\/2016\\\/08\\\/10\\\/el-jueves-turistico-acogera-este-ano-un-flashmob-para-el-disfrute-de-los-visitantes\\\/\",\"name\":\"El Jueves Tur\u00edstico acoger\u00e1 este a\u00f1o un Flashmob para el disfrute de los visitantes - Ayuntamiento de Coria\",\"isPartOf\":{\"@id\":\"https:\\\/\\\/coria.org\\\/ayuntamiento\\\/#website\"},\"primaryImageOfPage\":{\"@id\":\"https:\\\/\\\/coria.org\\\/ayuntamiento\\\/index.php\\\/2016\\\/08\\\/10\\\/el-jueves-turistico-acogera-este-ano-un-flashmob-para-el-disfrute-de-los-visitantes\\\/#primaryimage\"},\"image\":{\"@id\":\"https:\\\/\\\/coria.org\\\/ayuntamiento\\\/index.php\\\/2016\\\/08\\\/10\\\/el-jueves-turistico-acogera-este-ano-un-flashmob-para-el-disfrute-de-los-visitantes\\\/#primaryimage\"},\"thumbnailUrl\":\"https:\\\/\\\/coria.org\\\/ayuntamiento\\\/wp-content\\\/uploads\\\/2016\\\/08\\\/fitness-cauria.jpg\",\"datePublished\":\"2016-08-10T00:00:00+00:00\",\"dateModified\":\"2024-03-12T11:21:44+00:00\",\"breadcrumb\":{\"@id\":\"https:\\\/\\\/coria.org\\\/ayuntamiento\\\/index.php\\\/2016\\\/08\\\/10\\\/el-jueves-turistico-acogera-este-ano-un-flashmob-para-el-disfrute-de-los-visitantes\\\/#breadcrumb\"},\"inLanguage\":\"es\",\"potentialAction\":[{\"@type\":\"ReadAction\",\"target\":[\"https:\\\/\\\/coria.org\\\/ayuntamiento\\\/index.php\\\/2016\\\/08\\\/10\\\/el-jueves-turistico-acogera-este-ano-un-flashmob-para-el-disfrute-de-los-visitantes\\\/\"]}]},{\"@type\":\"ImageObject\",\"inLanguage\":\"es\",\"@id\":\"https:\\\/\\\/coria.org\\\/ayuntamiento\\\/index.php\\\/2016\\\/08\\\/10\\\/el-jueves-turistico-acogera-este-ano-un-flashmob-para-el-disfrute-de-los-visitantes\\\/#primaryimage\",\"url\":\"https:\\\/\\\/coria.org\\\/ayuntamiento\\\/wp-content\\\/uploads\\\/2016\\\/08\\\/fitness-cauria.jpg\",\"contentUrl\":\"https:\\\/\\\/coria.org\\\/ayuntamiento\\\/wp-content\\\/uploads\\\/2016\\\/08\\\/fitness-cauria.jpg\",\"width\":319,\"height\":599},{\"@type\":\"BreadcrumbList\",\"@id\":\"https:\\\/\\\/coria.org\\\/ayuntamiento\\\/index.php\\\/2016\\\/08\\\/10\\\/el-jueves-turistico-acogera-este-ano-un-flashmob-para-el-disfrute-de-los-visitantes\\\/#breadcrumb\",\"itemListElement\":[{\"@type\":\"ListItem\",\"position\":1,\"name\":\"Inicio\",\"item\":\"https:\\\/\\\/coria.org\\\/ayuntamiento\\\/\"},{\"@type\":\"ListItem\",\"position\":2,\"name\":\"El Jueves Tur\u00edstico acoger\u00e1 este a\u00f1o un Flashmob para el disfrute de los visitantes\"}]},{\"@type\":\"WebSite\",\"@id\":\"https:\\\/\\\/coria.org\\\/ayuntamiento\\\/#website\",\"url\":\"https:\\\/\\\/coria.org\\\/ayuntamiento\\\/\",\"name\":\"Ayuntamiento de Coria\",\"description\":\"Web oficial del Ayuntamiento de Coria\",\"publisher\":{\"@id\":\"https:\\\/\\\/coria.org\\\/ayuntamiento\\\/#organization\"},\"alternateName\":\"Web Oficial del Ayuntamiento de Coria\",\"potentialAction\":[{\"@type\":\"SearchAction\",\"target\":{\"@type\":\"EntryPoint\",\"urlTemplate\":\"https:\\\/\\\/coria.org\\\/ayuntamiento\\\/?s={search_term_string}\"},\"query-input\":{\"@type\":\"PropertyValueSpecification\",\"valueRequired\":true,\"valueName\":\"search_term_string\"}}],\"inLanguage\":\"es\"},{\"@type\":\"Organization\",\"@id\":\"https:\\\/\\\/coria.org\\\/ayuntamiento\\\/#organization\",\"name\":\"Ayuntamiento de Coria\",\"alternateName\":\"Ayto de Coria\",\"url\":\"https:\\\/\\\/coria.org\\\/ayuntamiento\\\/\",\"logo\":{\"@type\":\"ImageObject\",\"inLanguage\":\"es\",\"@id\":\"https:\\\/\\\/coria.org\\\/ayuntamiento\\\/#\\\/schema\\\/logo\\\/image\\\/\",\"url\":\"https:\\\/\\\/coria.org\\\/ayuntamiento\\\/wp-content\\\/uploads\\\/2020\\\/12\\\/escudo-ayuntamiento-coria.png\",\"contentUrl\":\"https:\\\/\\\/coria.org\\\/ayuntamiento\\\/wp-content\\\/uploads\\\/2020\\\/12\\\/escudo-ayuntamiento-coria.png\",\"width\":511,\"height\":240,\"caption\":\"Ayuntamiento de Coria\"},\"image\":{\"@id\":\"https:\\\/\\\/coria.org\\\/ayuntamiento\\\/#\\\/schema\\\/logo\\\/image\\\/\"},\"sameAs\":[\"https:\\\/\\\/www.facebook.com\\\/Ayuntamiento.de.Coria\",\"https:\\\/\\\/x.com\\\/Ayto_de_Coria\",\"https:\\\/\\\/www.instagram.com\\\/coria.ayuntamiento\\\/\",\"https:\\\/\\\/www.youtube.com\\\/user\\\/AYUNTAMIENTOCORIA\"]},{\"@type\":\"Person\",\"@id\":\"https:\\\/\\\/coria.org\\\/ayuntamiento\\\/#\\\/schema\\\/person\\\/8bd589f0e13e8ae5aa06def7a599d622\",\"name\":\"ayuntamiento\",\"image\":{\"@type\":\"ImageObject\",\"inLanguage\":\"es\",\"@id\":\"https:\\\/\\\/secure.gravatar.com\\\/avatar\\\/966e5ed73cad334adda5c87f49f2547f7082f7292c1b627cbb548744383b391c?s=96&d=mm&r=g\",\"url\":\"https:\\\/\\\/secure.gravatar.com\\\/avatar\\\/966e5ed73cad334adda5c87f49f2547f7082f7292c1b627cbb548744383b391c?s=96&d=mm&r=g\",\"contentUrl\":\"https:\\\/\\\/secure.gravatar.com\\\/avatar\\\/966e5ed73cad334adda5c87f49f2547f7082f7292c1b627cbb548744383b391c?s=96&d=mm&r=g\",\"caption\":\"ayuntamiento\"}}]}<\/script>\n<!-- \/ Yoast SEO plugin. -->","yoast_head_json":{"title":"El Jueves Tur\u00edstico acoger\u00e1 este a\u00f1o un Flashmob para el disfrute de los visitantes - Ayuntamiento de Coria","robots":{"index":"index","follow":"follow","max-snippet":"max-snippet:-1","max-image-preview":"max-image-preview:large","max-video-preview":"max-video-preview:-1"},"canonical":"https:\/\/coria.org\/ayuntamiento\/index.php\/2016\/08\/10\/el-jueves-turistico-acogera-este-ano-un-flashmob-para-el-disfrute-de-los-visitantes\/","og_locale":"es_ES","og_type":"article","og_title":"El Jueves Tur\u00edstico acoger\u00e1 este a\u00f1o un Flashmob para el disfrute de los visitantes - Ayuntamiento de Coria","og_description":"El Ayuntamiento de Coria a trav\u00e9s de la Concejal\u00eda de Juventud y Fitness Cauria, llevar\u00e1n a cabo un flashmob ma\u00f1ana jueves, d\u00eda 11 de agosto, a las 12:30 horas en la Plaza de Espa\u00f1a. El flashmob consistir\u00e1 en una coreograf\u00eda sencilla y divertida del baile \u00abLA BICICLETA\u00bb y las personas que quieran participar deber\u00e1n ensayarla [&hellip;]","og_url":"https:\/\/coria.org\/ayuntamiento\/index.php\/2016\/08\/10\/el-jueves-turistico-acogera-este-ano-un-flashmob-para-el-disfrute-de-los-visitantes\/","og_site_name":"Ayuntamiento de Coria","article_publisher":"https:\/\/www.facebook.com\/Ayuntamiento.de.Coria","article_published_time":"2016-08-10T00:00:00+00:00","article_modified_time":"2024-03-12T11:21:44+00:00","og_image":[{"width":319,"height":599,"url":"https:\/\/coria.org\/ayuntamiento\/wp-content\/uploads\/2016\/08\/fitness-cauria.jpg","type":"image\/jpeg"}],"author":"ayuntamiento","twitter_card":"summary_large_image","twitter_creator":"@Ayto_de_Coria","twitter_site":"@Ayto_de_Coria","twitter_misc":{"Escrito por":"ayuntamiento","Tiempo de lectura":"1 minuto"},"schema":{"@context":"https:\/\/schema.org","@graph":[{"@type":"Article","@id":"https:\/\/coria.org\/ayuntamiento\/index.php\/2016\/08\/10\/el-jueves-turistico-acogera-este-ano-un-flashmob-para-el-disfrute-de-los-visitantes\/#article","isPartOf":{"@id":"https:\/\/coria.org\/ayuntamiento\/index.php\/2016\/08\/10\/el-jueves-turistico-acogera-este-ano-un-flashmob-para-el-disfrute-de-los-visitantes\/"},"author":{"name":"ayuntamiento","@id":"https:\/\/coria.org\/ayuntamiento\/#\/schema\/person\/8bd589f0e13e8ae5aa06def7a599d622"},"headline":"El Jueves Tur\u00edstico acoger\u00e1 este a\u00f1o un Flashmob para el disfrute de los visitantes","datePublished":"2016-08-10T00:00:00+00:00","dateModified":"2024-03-12T11:21:44+00:00","mainEntityOfPage":{"@id":"https:\/\/coria.org\/ayuntamiento\/index.php\/2016\/08\/10\/el-jueves-turistico-acogera-este-ano-un-flashmob-para-el-disfrute-de-los-visitantes\/"},"wordCount":273,"publisher":{"@id":"https:\/\/coria.org\/ayuntamiento\/#organization"},"image":{"@id":"https:\/\/coria.org\/ayuntamiento\/index.php\/2016\/08\/10\/el-jueves-turistico-acogera-este-ano-un-flashmob-para-el-disfrute-de-los-visitantes\/#primaryimage"},"thumbnailUrl":"https:\/\/coria.org\/ayuntamiento\/wp-content\/uploads\/2016\/08\/fitness-cauria.jpg","keywords":["coria","extremadura"],"articleSection":["Noticias"],"inLanguage":"es"},{"@type":"WebPage","@id":"https:\/\/coria.org\/ayuntamiento\/index.php\/2016\/08\/10\/el-jueves-turistico-acogera-este-ano-un-flashmob-para-el-disfrute-de-los-visitantes\/","url":"https:\/\/coria.org\/ayuntamiento\/index.php\/2016\/08\/10\/el-jueves-turistico-acogera-este-ano-un-flashmob-para-el-disfrute-de-los-visitantes\/","name":"El Jueves Tur\u00edstico acoger\u00e1 este a\u00f1o un Flashmob para el disfrute de los visitantes - Ayuntamiento de Coria","isPartOf":{"@id":"https:\/\/coria.org\/ayuntamiento\/#website"},"primaryImageOfPage":{"@id":"https:\/\/coria.org\/ayuntamiento\/index.php\/2016\/08\/10\/el-jueves-turistico-acogera-este-ano-un-flashmob-para-el-disfrute-de-los-visitantes\/#primaryimage"},"image":{"@id":"https:\/\/coria.org\/ayuntamiento\/index.php\/2016\/08\/10\/el-jueves-turistico-acogera-este-ano-un-flashmob-para-el-disfrute-de-los-visitantes\/#primaryimage"},"thumbnailUrl":"https:\/\/coria.org\/ayuntamiento\/wp-content\/uploads\/2016\/08\/fitness-cauria.jpg","datePublished":"2016-08-10T00:00:00+00:00","dateModified":"2024-03-12T11:21:44+00:00","breadcrumb":{"@id":"https:\/\/coria.org\/ayuntamiento\/index.php\/2016\/08\/10\/el-jueves-turistico-acogera-este-ano-un-flashmob-para-el-disfrute-de-los-visitantes\/#breadcrumb"},"inLanguage":"es","potentialAction":[{"@type":"ReadAction","target":["https:\/\/coria.org\/ayuntamiento\/index.php\/2016\/08\/10\/el-jueves-turistico-acogera-este-ano-un-flashmob-para-el-disfrute-de-los-visitantes\/"]}]},{"@type":"ImageObject","inLanguage":"es","@id":"https:\/\/coria.org\/ayuntamiento\/index.php\/2016\/08\/10\/el-jueves-turistico-acogera-este-ano-un-flashmob-para-el-disfrute-de-los-visitantes\/#primaryimage","url":"https:\/\/coria.org\/ayuntamiento\/wp-content\/uploads\/2016\/08\/fitness-cauria.jpg","contentUrl":"https:\/\/coria.org\/ayuntamiento\/wp-content\/uploads\/2016\/08\/fitness-cauria.jpg","width":319,"height":599},{"@type":"BreadcrumbList","@id":"https:\/\/coria.org\/ayuntamiento\/index.php\/2016\/08\/10\/el-jueves-turistico-acogera-este-ano-un-flashmob-para-el-disfrute-de-los-visitantes\/#breadcrumb","itemListElement":[{"@type":"ListItem","position":1,"name":"Inicio","item":"https:\/\/coria.org\/ayuntamiento\/"},{"@type":"ListItem","position":2,"name":"El Jueves Tur\u00edstico acoger\u00e1 este a\u00f1o un Flashmob para el disfrute de los visitantes"}]},{"@type":"WebSite","@id":"https:\/\/coria.org\/ayuntamiento\/#website","url":"https:\/\/coria.org\/ayuntamiento\/","name":"Ayuntamiento de Coria","description":"Web oficial del Ayuntamiento de Coria","publisher":{"@id":"https:\/\/coria.org\/ayuntamiento\/#organization"},"alternateName":"Web Oficial del Ayuntamiento de Coria","potentialAction":[{"@type":"SearchAction","target":{"@type":"EntryPoint","urlTemplate":"https:\/\/coria.org\/ayuntamiento\/?s={search_term_string}"},"query-input":{"@type":"PropertyValueSpecification","valueRequired":true,"valueName":"search_term_string"}}],"inLanguage":"es"},{"@type":"Organization","@id":"https:\/\/coria.org\/ayuntamiento\/#organization","name":"Ayuntamiento de Coria","alternateName":"Ayto de Coria","url":"https:\/\/coria.org\/ayuntamiento\/","logo":{"@type":"ImageObject","inLanguage":"es","@id":"https:\/\/coria.org\/ayuntamiento\/#\/schema\/logo\/image\/","url":"https:\/\/coria.org\/ayuntamiento\/wp-content\/uploads\/2020\/12\/escudo-ayuntamiento-coria.png","contentUrl":"https:\/\/coria.org\/ayuntamiento\/wp-content\/uploads\/2020\/12\/escudo-ayuntamiento-coria.png","width":511,"height":240,"caption":"Ayuntamiento de Coria"},"image":{"@id":"https:\/\/coria.org\/ayuntamiento\/#\/schema\/logo\/image\/"},"sameAs":["https:\/\/www.facebook.com\/Ayuntamiento.de.Coria","https:\/\/x.com\/Ayto_de_Coria","https:\/\/www.instagram.com\/coria.ayuntamiento\/","https:\/\/www.youtube.com\/user\/AYUNTAMIENTOCORIA"]},{"@type":"Person","@id":"https:\/\/coria.org\/ayuntamiento\/#\/schema\/person\/8bd589f0e13e8ae5aa06def7a599d622","name":"ayuntamiento","image":{"@type":"ImageObject","inLanguage":"es","@id":"https:\/\/secure.gravatar.com\/avatar\/966e5ed73cad334adda5c87f49f2547f7082f7292c1b627cbb548744383b391c?s=96&d=mm&r=g","url":"https:\/\/secure.gravatar.com\/avatar\/966e5ed73cad334adda5c87f49f2547f7082f7292c1b627cbb548744383b391c?s=96&d=mm&r=g","contentUrl":"https:\/\/secure.gravatar.com\/avatar\/966e5ed73cad334adda5c87f49f2547f7082f7292c1b627cbb548744383b391c?s=96&d=mm&r=g","caption":"ayuntamiento"}}]}},"uagb_featured_image_src":{"full":["https:\/\/coria.org\/ayuntamiento\/wp-content\/uploads\/2016\/08\/fitness-cauria.jpg",319,599,false],"thumbnail":["https:\/\/coria.org\/ayuntamiento\/wp-content\/uploads\/2016\/08\/fitness-cauria-150x150.jpg",150,150,true],"medium":["https:\/\/coria.org\/ayuntamiento\/wp-content\/uploads\/2016\/08\/fitness-cauria-160x300.jpg",160,300,true],"medium_large":["https:\/\/coria.org\/ayuntamiento\/wp-content\/uploads\/2016\/08\/fitness-cauria.jpg",319,599,false],"large":["https:\/\/coria.org\/ayuntamiento\/wp-content\/uploads\/2016\/08\/fitness-cauria.jpg",319,599,false],"thumblist":["https:\/\/coria.org\/ayuntamiento\/wp-content\/uploads\/2016\/08\/fitness-cauria-300x300.jpg",300,300,true],"thumbrelated":["https:\/\/coria.org\/ayuntamiento\/wp-content\/uploads\/2016\/08\/fitness-cauria-319x500.jpg",319,500,true],"meccarouselthumb":["https:\/\/coria.org\/ayuntamiento\/wp-content\/uploads\/2016\/08\/fitness-cauria-319x324.jpg",319,324,true],"gridsquare":["https:\/\/coria.org\/ayuntamiento\/wp-content\/uploads\/2016\/08\/fitness-cauria-319x260.jpg",319,260,true],"tileview":["https:\/\/coria.org\/ayuntamiento\/wp-content\/uploads\/2016\/08\/fitness-cauria-300x400.jpg",300,400,true],"1536x1536":["https:\/\/coria.org\/ayuntamiento\/wp-content\/uploads\/2016\/08\/fitness-cauria.jpg",319,599,false],"2048x2048":["https:\/\/coria.org\/ayuntamiento\/wp-content\/uploads\/2016\/08\/fitness-cauria.jpg",319,599,false]},"uagb_author_info":{"display_name":"ayuntamiento","author_link":"https:\/\/coria.org\/ayuntamiento\/index.php\/author\/ayuntamiento\/"},"uagb_comment_info":0,"uagb_excerpt":"El Ayuntamiento de Coria a trav\u00e9s de la Concejal\u00eda de Juventud y Fitness Cauria, llevar\u00e1n a cabo un flashmob ma\u00f1ana jueves, d\u00eda 11 de agosto, a las 12:30 horas en la Plaza de Espa\u00f1a. El flashmob consistir\u00e1 en una coreograf\u00eda sencilla y divertida del baile \u00abLA BICICLETA\u00bb y las personas que quieran participar deber\u00e1n ensayarla&hellip;","_links":{"self":[{"href":"https:\/\/coria.org\/ayuntamiento\/index.php\/wp-json\/wp\/v2\/posts\/25255","targetHints":{"allow":["GET"]}}],"collection":[{"href":"https:\/\/coria.org\/ayuntamiento\/index.php\/wp-json\/wp\/v2\/posts"}],"about":[{"href":"https:\/\/coria.org\/ayuntamiento\/index.php\/wp-json\/wp\/v2\/types\/post"}],"author":[{"embeddable":true,"href":"https:\/\/coria.org\/ayuntamiento\/index.php\/wp-json\/wp\/v2\/users\/2"}],"replies":[{"embeddable":true,"href":"https:\/\/coria.org\/ayuntamiento\/index.php\/wp-json\/wp\/v2\/comments?post=25255"}],"version-history":[{"count":0,"href":"https:\/\/coria.org\/ayuntamiento\/index.php\/wp-json\/wp\/v2\/posts\/25255\/revisions"}],"wp:featuredmedia":[{"embeddable":true,"href":"https:\/\/coria.org\/ayuntamiento\/index.php\/wp-json\/wp\/v2\/media\/60154"}],"wp:attachment":[{"href":"https:\/\/coria.org\/ayuntamiento\/index.php\/wp-json\/wp\/v2\/media?parent=25255"}],"wp:term":[{"taxonomy":"category","embeddable":true,"href":"https:\/\/coria.org\/ayuntamiento\/index.php\/wp-json\/wp\/v2\/categories?post=25255"},{"taxonomy":"post_tag","embeddable":true,"href":"https:\/\/coria.org\/ayuntamiento\/index.php\/wp-json\/wp\/v2\/tags?post=25255"}],"curies":[{"name":"wp","href":"https:\/\/api.w.org\/{rel}","templated":true}]}}