{"id":25254,"date":"2016-08-10T00:00:00","date_gmt":"2016-08-10T00:00:00","guid":{"rendered":"https:\/\/ayuntamiento.coriaenimagenes.com\/el-ayuntamiento-de-coria-pondra-en-marcha-medidas-economicas-y-financieras-a-favor-de-las-familias-numerosas-del-municipio\/"},"modified":"2023-09-18T12:37:30","modified_gmt":"2023-09-18T10:37:30","slug":"el-ayuntamiento-de-coria-pondra-en-marcha-medidas-economicas-y-financieras-a-favor-de-las-familias-numerosas-del-municipio","status":"publish","type":"post","link":"https:\/\/coria.org\/ayuntamiento\/index.php\/2016\/08\/10\/el-ayuntamiento-de-coria-pondra-en-marcha-medidas-economicas-y-financieras-a-favor-de-las-familias-numerosas-del-municipio\/","title":{"rendered":"El Ayuntamiento de Coria podr\u00e1 en marcha medidas ecn\u00f3micas y financieras a favor de las familias numerosas del municipio"},"content":{"rendered":"\n<p><b>El Equipo de Gobierno del Ayuntamiento de Coria pondr\u00e1 en marcha una serie de medidas econ\u00f3micas y financieras a favor de las Familias Numerosas del municipio, as\u00ed lo ha afirmado el primer edil cauriense, Jos\u00e9 Manuel Garc\u00eda Ballestero, esta ma\u00f1ana en rueda de prensa.<\/b><\/p>\n\n<figure class=\"wp-block-post-featured-image\"><img loading=\"lazy\" decoding=\"async\" width=\"2560\" height=\"1440\" src=\"https:\/\/coria.org\/ayuntamiento\/wp-content\/uploads\/2016\/08\/IMG_20160810_110915-scaled.jpg\" class=\"attachment-post-thumbnail size-post-thumbnail wp-post-image\" alt=\"\" style=\"object-fit:cover;\" srcset=\"https:\/\/coria.org\/ayuntamiento\/wp-content\/uploads\/2016\/08\/IMG_20160810_110915-scaled.jpg 2560w, https:\/\/coria.org\/ayuntamiento\/wp-content\/uploads\/2016\/08\/IMG_20160810_110915-300x169.jpg 300w, https:\/\/coria.org\/ayuntamiento\/wp-content\/uploads\/2016\/08\/IMG_20160810_110915-1024x576.jpg 1024w, https:\/\/coria.org\/ayuntamiento\/wp-content\/uploads\/2016\/08\/IMG_20160810_110915-768x432.jpg 768w, https:\/\/coria.org\/ayuntamiento\/wp-content\/uploads\/2016\/08\/IMG_20160810_110915-1536x864.jpg 1536w, https:\/\/coria.org\/ayuntamiento\/wp-content\/uploads\/2016\/08\/IMG_20160810_110915-2048x1152.jpg 2048w\" sizes=\"auto, (max-width: 2560px) 100vw, 2560px\" \/><\/figure>\n\n<div><span style=\"font-family: verdana, arial, helvetica, sans-serif;\">Se trata de unas medidas para ayudar a las familias que tengan tres o m\u00e1s hijos\/as como por ejemplo la reducci\u00f3n en el pago del IBI, exenciones de tasas municipales o bonificaciones.<\/span><\/div>\n\n\n<div><span style=\"font-family: verdana, arial, helvetica, sans-serif;\">&nbsp;<\/span><\/div>\n\n\n<div><span style=\"font-family: verdana, arial, helvetica, sans-serif;\">Ballestero ha explicado que desde el Ayuntamiento se har\u00e1 un registro con todos los datos de las familias numerosas que viven en la ciudad, por ello, todas las familias integradas por uno o dos ascendientes y tres o m\u00e1s hijos pueden optar a este tipo de ayudas, para ello, deben presentar la fotocopia del T\u00edtulo de Familia Numerosa en el Registro municipal del Ayuntamiento de Coria antes del mes de octubre de 2016 para que as\u00ed estas ayudas puedan entrar en vigor el pr\u00f3ximo a\u00f1o 2017.<\/span><\/div>\n\n\n<div><span style=\"font-family: verdana, arial, helvetica, sans-serif;\">&nbsp;<\/span><\/div>\n\n\n<div><span style=\"font-family: verdana, arial, helvetica, sans-serif;\">Este tipo de medidas se enmarcan dentro de la pol\u00edtica social que lleva a cabo el Ayuntamiento de Coria y, como afirma el Alcalde del municipio, \u00abqueremos apostar por la natalidad y ayudar a las familias que m\u00e1s lo necesiten. Se valorar\u00e1 la situaci\u00f3n econ\u00f3mica de cada familia por tramos y por la renta que perciban y se establecer\u00e1n las ayudas necesarias para cada una de ellas\u00bb ha finalizado.<\/span><\/div>\n\n\n<p><iframe loading=\"lazy\" src=\"https:\/\/www.youtube.com\/embed\/oaw6iDWbMcc\" width=\"800\" height=\"600\" frameborder=\"0\" allowfullscreen=\"allowfullscreen\"><\/iframe><\/p>\n","protected":false},"excerpt":{"rendered":"<p>El Equipo de Gobierno del Ayuntamiento de Coria pondr\u00e1 en marcha una serie de medidas econ\u00f3micas y financieras a favor de las Familias Numerosas del municipio, as\u00ed lo ha afirmado el primer edil cauriense, Jos\u00e9 Manuel Garc\u00eda Ballestero, esta ma\u00f1ana en rueda de prensa. Se trata de unas medidas para ayudar a las familias que [&hellip;]<\/p>\n","protected":false},"author":2,"featured_media":29628,"comment_status":"closed","ping_status":"closed","sticky":false,"template":"","format":"standard","meta":{"_uag_custom_page_level_css":"","footnotes":""},"categories":[2],"tags":[3,4],"class_list":["post-25254","post","type-post","status-publish","format-standard","has-post-thumbnail","hentry","category-noticias","tag-coria","tag-extremadura"],"yoast_head":"<!-- This site is optimized with the Yoast SEO plugin v27.4 - https:\/\/yoast.com\/product\/yoast-seo-wordpress\/ -->\n<title>El Ayuntamiento de Coria podr\u00e1 en marcha medidas ecn\u00f3micas y financieras a favor de las familias numerosas del municipio - Ayuntamiento de Coria<\/title>\n<meta name=\"robots\" content=\"index, follow, max-snippet:-1, max-image-preview:large, max-video-preview:-1\" \/>\n<link rel=\"canonical\" href=\"https:\/\/coria.org\/ayuntamiento\/index.php\/2016\/08\/10\/el-ayuntamiento-de-coria-pondra-en-marcha-medidas-economicas-y-financieras-a-favor-de-las-familias-numerosas-del-municipio\/\" \/>\n<meta property=\"og:locale\" content=\"es_ES\" \/>\n<meta property=\"og:type\" content=\"article\" \/>\n<meta property=\"og:title\" content=\"El Ayuntamiento de Coria podr\u00e1 en marcha medidas ecn\u00f3micas y financieras a favor de las familias numerosas del municipio - Ayuntamiento de Coria\" \/>\n<meta property=\"og:description\" content=\"El Equipo de Gobierno del Ayuntamiento de Coria pondr\u00e1 en marcha una serie de medidas econ\u00f3micas y financieras a favor de las Familias Numerosas del municipio, as\u00ed lo ha afirmado el primer edil cauriense, Jos\u00e9 Manuel Garc\u00eda Ballestero, esta ma\u00f1ana en rueda de prensa. Se trata de unas medidas para ayudar a las familias que [&hellip;]\" \/>\n<meta property=\"og:url\" content=\"https:\/\/coria.org\/ayuntamiento\/index.php\/2016\/08\/10\/el-ayuntamiento-de-coria-pondra-en-marcha-medidas-economicas-y-financieras-a-favor-de-las-familias-numerosas-del-municipio\/\" \/>\n<meta property=\"og:site_name\" content=\"Ayuntamiento de Coria\" \/>\n<meta property=\"article:publisher\" content=\"https:\/\/www.facebook.com\/Ayuntamiento.de.Coria\" \/>\n<meta property=\"article:published_time\" content=\"2016-08-10T00:00:00+00:00\" \/>\n<meta property=\"article:modified_time\" content=\"2023-09-18T10:37:30+00:00\" \/>\n<meta property=\"og:image\" content=\"https:\/\/coria.org\/ayuntamiento\/wp-content\/uploads\/2016\/08\/IMG_20160810_110915-scaled.jpg\" \/>\n\t<meta property=\"og:image:width\" content=\"2560\" \/>\n\t<meta property=\"og:image:height\" content=\"1440\" \/>\n\t<meta property=\"og:image:type\" content=\"image\/jpeg\" \/>\n<meta name=\"author\" content=\"ayuntamiento\" \/>\n<meta name=\"twitter:card\" content=\"summary_large_image\" \/>\n<meta name=\"twitter:creator\" content=\"@Ayto_de_Coria\" \/>\n<meta name=\"twitter:site\" content=\"@Ayto_de_Coria\" \/>\n<meta name=\"twitter:label1\" content=\"Escrito por\" \/>\n\t<meta name=\"twitter:data1\" content=\"ayuntamiento\" \/>\n\t<meta name=\"twitter:label2\" content=\"Tiempo de lectura\" \/>\n\t<meta name=\"twitter:data2\" content=\"1 minuto\" \/>\n<script type=\"application\/ld+json\" class=\"yoast-schema-graph\">{\"@context\":\"https:\\\/\\\/schema.org\",\"@graph\":[{\"@type\":\"Article\",\"@id\":\"https:\\\/\\\/coria.org\\\/ayuntamiento\\\/index.php\\\/2016\\\/08\\\/10\\\/el-ayuntamiento-de-coria-pondra-en-marcha-medidas-economicas-y-financieras-a-favor-de-las-familias-numerosas-del-municipio\\\/#article\",\"isPartOf\":{\"@id\":\"https:\\\/\\\/coria.org\\\/ayuntamiento\\\/index.php\\\/2016\\\/08\\\/10\\\/el-ayuntamiento-de-coria-pondra-en-marcha-medidas-economicas-y-financieras-a-favor-de-las-familias-numerosas-del-municipio\\\/\"},\"author\":{\"name\":\"ayuntamiento\",\"@id\":\"https:\\\/\\\/coria.org\\\/ayuntamiento\\\/#\\\/schema\\\/person\\\/8bd589f0e13e8ae5aa06def7a599d622\"},\"headline\":\"El Ayuntamiento de Coria podr\u00e1 en marcha medidas ecn\u00f3micas y financieras a favor de las familias numerosas del municipio\",\"datePublished\":\"2016-08-10T00:00:00+00:00\",\"dateModified\":\"2023-09-18T10:37:30+00:00\",\"mainEntityOfPage\":{\"@id\":\"https:\\\/\\\/coria.org\\\/ayuntamiento\\\/index.php\\\/2016\\\/08\\\/10\\\/el-ayuntamiento-de-coria-pondra-en-marcha-medidas-economicas-y-financieras-a-favor-de-las-familias-numerosas-del-municipio\\\/\"},\"wordCount\":266,\"publisher\":{\"@id\":\"https:\\\/\\\/coria.org\\\/ayuntamiento\\\/#organization\"},\"image\":{\"@id\":\"https:\\\/\\\/coria.org\\\/ayuntamiento\\\/index.php\\\/2016\\\/08\\\/10\\\/el-ayuntamiento-de-coria-pondra-en-marcha-medidas-economicas-y-financieras-a-favor-de-las-familias-numerosas-del-municipio\\\/#primaryimage\"},\"thumbnailUrl\":\"https:\\\/\\\/coria.org\\\/ayuntamiento\\\/wp-content\\\/uploads\\\/2016\\\/08\\\/IMG_20160810_110915-scaled.jpg\",\"keywords\":[\"coria\",\"extremadura\"],\"articleSection\":[\"Noticias\"],\"inLanguage\":\"es\"},{\"@type\":\"WebPage\",\"@id\":\"https:\\\/\\\/coria.org\\\/ayuntamiento\\\/index.php\\\/2016\\\/08\\\/10\\\/el-ayuntamiento-de-coria-pondra-en-marcha-medidas-economicas-y-financieras-a-favor-de-las-familias-numerosas-del-municipio\\\/\",\"url\":\"https:\\\/\\\/coria.org\\\/ayuntamiento\\\/index.php\\\/2016\\\/08\\\/10\\\/el-ayuntamiento-de-coria-pondra-en-marcha-medidas-economicas-y-financieras-a-favor-de-las-familias-numerosas-del-municipio\\\/\",\"name\":\"El Ayuntamiento de Coria podr\u00e1 en marcha medidas ecn\u00f3micas y financieras a favor de las familias numerosas del municipio - Ayuntamiento de Coria\",\"isPartOf\":{\"@id\":\"https:\\\/\\\/coria.org\\\/ayuntamiento\\\/#website\"},\"primaryImageOfPage\":{\"@id\":\"https:\\\/\\\/coria.org\\\/ayuntamiento\\\/index.php\\\/2016\\\/08\\\/10\\\/el-ayuntamiento-de-coria-pondra-en-marcha-medidas-economicas-y-financieras-a-favor-de-las-familias-numerosas-del-municipio\\\/#primaryimage\"},\"image\":{\"@id\":\"https:\\\/\\\/coria.org\\\/ayuntamiento\\\/index.php\\\/2016\\\/08\\\/10\\\/el-ayuntamiento-de-coria-pondra-en-marcha-medidas-economicas-y-financieras-a-favor-de-las-familias-numerosas-del-municipio\\\/#primaryimage\"},\"thumbnailUrl\":\"https:\\\/\\\/coria.org\\\/ayuntamiento\\\/wp-content\\\/uploads\\\/2016\\\/08\\\/IMG_20160810_110915-scaled.jpg\",\"datePublished\":\"2016-08-10T00:00:00+00:00\",\"dateModified\":\"2023-09-18T10:37:30+00:00\",\"breadcrumb\":{\"@id\":\"https:\\\/\\\/coria.org\\\/ayuntamiento\\\/index.php\\\/2016\\\/08\\\/10\\\/el-ayuntamiento-de-coria-pondra-en-marcha-medidas-economicas-y-financieras-a-favor-de-las-familias-numerosas-del-municipio\\\/#breadcrumb\"},\"inLanguage\":\"es\",\"potentialAction\":[{\"@type\":\"ReadAction\",\"target\":[\"https:\\\/\\\/coria.org\\\/ayuntamiento\\\/index.php\\\/2016\\\/08\\\/10\\\/el-ayuntamiento-de-coria-pondra-en-marcha-medidas-economicas-y-financieras-a-favor-de-las-familias-numerosas-del-municipio\\\/\"]}]},{\"@type\":\"ImageObject\",\"inLanguage\":\"es\",\"@id\":\"https:\\\/\\\/coria.org\\\/ayuntamiento\\\/index.php\\\/2016\\\/08\\\/10\\\/el-ayuntamiento-de-coria-pondra-en-marcha-medidas-economicas-y-financieras-a-favor-de-las-familias-numerosas-del-municipio\\\/#primaryimage\",\"url\":\"https:\\\/\\\/coria.org\\\/ayuntamiento\\\/wp-content\\\/uploads\\\/2016\\\/08\\\/IMG_20160810_110915-scaled.jpg\",\"contentUrl\":\"https:\\\/\\\/coria.org\\\/ayuntamiento\\\/wp-content\\\/uploads\\\/2016\\\/08\\\/IMG_20160810_110915-scaled.jpg\",\"width\":2560,\"height\":1440},{\"@type\":\"BreadcrumbList\",\"@id\":\"https:\\\/\\\/coria.org\\\/ayuntamiento\\\/index.php\\\/2016\\\/08\\\/10\\\/el-ayuntamiento-de-coria-pondra-en-marcha-medidas-economicas-y-financieras-a-favor-de-las-familias-numerosas-del-municipio\\\/#breadcrumb\",\"itemListElement\":[{\"@type\":\"ListItem\",\"position\":1,\"name\":\"Inicio\",\"item\":\"https:\\\/\\\/coria.org\\\/ayuntamiento\\\/\"},{\"@type\":\"ListItem\",\"position\":2,\"name\":\"El Ayuntamiento de Coria podr\u00e1 en marcha medidas ecn\u00f3micas y financieras a favor de las familias numerosas del municipio\"}]},{\"@type\":\"WebSite\",\"@id\":\"https:\\\/\\\/coria.org\\\/ayuntamiento\\\/#website\",\"url\":\"https:\\\/\\\/coria.org\\\/ayuntamiento\\\/\",\"name\":\"Ayuntamiento de Coria\",\"description\":\"Web oficial del Ayuntamiento de Coria\",\"publisher\":{\"@id\":\"https:\\\/\\\/coria.org\\\/ayuntamiento\\\/#organization\"},\"alternateName\":\"Web Oficial del Ayuntamiento de Coria\",\"potentialAction\":[{\"@type\":\"SearchAction\",\"target\":{\"@type\":\"EntryPoint\",\"urlTemplate\":\"https:\\\/\\\/coria.org\\\/ayuntamiento\\\/?s={search_term_string}\"},\"query-input\":{\"@type\":\"PropertyValueSpecification\",\"valueRequired\":true,\"valueName\":\"search_term_string\"}}],\"inLanguage\":\"es\"},{\"@type\":\"Organization\",\"@id\":\"https:\\\/\\\/coria.org\\\/ayuntamiento\\\/#organization\",\"name\":\"Ayuntamiento de Coria\",\"alternateName\":\"Ayto de Coria\",\"url\":\"https:\\\/\\\/coria.org\\\/ayuntamiento\\\/\",\"logo\":{\"@type\":\"ImageObject\",\"inLanguage\":\"es\",\"@id\":\"https:\\\/\\\/coria.org\\\/ayuntamiento\\\/#\\\/schema\\\/logo\\\/image\\\/\",\"url\":\"https:\\\/\\\/coria.org\\\/ayuntamiento\\\/wp-content\\\/uploads\\\/2020\\\/12\\\/escudo-ayuntamiento-coria.png\",\"contentUrl\":\"https:\\\/\\\/coria.org\\\/ayuntamiento\\\/wp-content\\\/uploads\\\/2020\\\/12\\\/escudo-ayuntamiento-coria.png\",\"width\":511,\"height\":240,\"caption\":\"Ayuntamiento de Coria\"},\"image\":{\"@id\":\"https:\\\/\\\/coria.org\\\/ayuntamiento\\\/#\\\/schema\\\/logo\\\/image\\\/\"},\"sameAs\":[\"https:\\\/\\\/www.facebook.com\\\/Ayuntamiento.de.Coria\",\"https:\\\/\\\/x.com\\\/Ayto_de_Coria\",\"https:\\\/\\\/www.instagram.com\\\/coria.ayuntamiento\\\/\",\"https:\\\/\\\/www.youtube.com\\\/user\\\/AYUNTAMIENTOCORIA\"]},{\"@type\":\"Person\",\"@id\":\"https:\\\/\\\/coria.org\\\/ayuntamiento\\\/#\\\/schema\\\/person\\\/8bd589f0e13e8ae5aa06def7a599d622\",\"name\":\"ayuntamiento\",\"image\":{\"@type\":\"ImageObject\",\"inLanguage\":\"es\",\"@id\":\"https:\\\/\\\/secure.gravatar.com\\\/avatar\\\/966e5ed73cad334adda5c87f49f2547f7082f7292c1b627cbb548744383b391c?s=96&d=mm&r=g\",\"url\":\"https:\\\/\\\/secure.gravatar.com\\\/avatar\\\/966e5ed73cad334adda5c87f49f2547f7082f7292c1b627cbb548744383b391c?s=96&d=mm&r=g\",\"contentUrl\":\"https:\\\/\\\/secure.gravatar.com\\\/avatar\\\/966e5ed73cad334adda5c87f49f2547f7082f7292c1b627cbb548744383b391c?s=96&d=mm&r=g\",\"caption\":\"ayuntamiento\"}}]}<\/script>\n<!-- \/ Yoast SEO plugin. -->","yoast_head_json":{"title":"El Ayuntamiento de Coria podr\u00e1 en marcha medidas ecn\u00f3micas y financieras a favor de las familias numerosas del municipio - Ayuntamiento de Coria","robots":{"index":"index","follow":"follow","max-snippet":"max-snippet:-1","max-image-preview":"max-image-preview:large","max-video-preview":"max-video-preview:-1"},"canonical":"https:\/\/coria.org\/ayuntamiento\/index.php\/2016\/08\/10\/el-ayuntamiento-de-coria-pondra-en-marcha-medidas-economicas-y-financieras-a-favor-de-las-familias-numerosas-del-municipio\/","og_locale":"es_ES","og_type":"article","og_title":"El Ayuntamiento de Coria podr\u00e1 en marcha medidas ecn\u00f3micas y financieras a favor de las familias numerosas del municipio - Ayuntamiento de Coria","og_description":"El Equipo de Gobierno del Ayuntamiento de Coria pondr\u00e1 en marcha una serie de medidas econ\u00f3micas y financieras a favor de las Familias Numerosas del municipio, as\u00ed lo ha afirmado el primer edil cauriense, Jos\u00e9 Manuel Garc\u00eda Ballestero, esta ma\u00f1ana en rueda de prensa. Se trata de unas medidas para ayudar a las familias que [&hellip;]","og_url":"https:\/\/coria.org\/ayuntamiento\/index.php\/2016\/08\/10\/el-ayuntamiento-de-coria-pondra-en-marcha-medidas-economicas-y-financieras-a-favor-de-las-familias-numerosas-del-municipio\/","og_site_name":"Ayuntamiento de Coria","article_publisher":"https:\/\/www.facebook.com\/Ayuntamiento.de.Coria","article_published_time":"2016-08-10T00:00:00+00:00","article_modified_time":"2023-09-18T10:37:30+00:00","og_image":[{"width":2560,"height":1440,"url":"https:\/\/coria.org\/ayuntamiento\/wp-content\/uploads\/2016\/08\/IMG_20160810_110915-scaled.jpg","type":"image\/jpeg"}],"author":"ayuntamiento","twitter_card":"summary_large_image","twitter_creator":"@Ayto_de_Coria","twitter_site":"@Ayto_de_Coria","twitter_misc":{"Escrito por":"ayuntamiento","Tiempo de lectura":"1 minuto"},"schema":{"@context":"https:\/\/schema.org","@graph":[{"@type":"Article","@id":"https:\/\/coria.org\/ayuntamiento\/index.php\/2016\/08\/10\/el-ayuntamiento-de-coria-pondra-en-marcha-medidas-economicas-y-financieras-a-favor-de-las-familias-numerosas-del-municipio\/#article","isPartOf":{"@id":"https:\/\/coria.org\/ayuntamiento\/index.php\/2016\/08\/10\/el-ayuntamiento-de-coria-pondra-en-marcha-medidas-economicas-y-financieras-a-favor-de-las-familias-numerosas-del-municipio\/"},"author":{"name":"ayuntamiento","@id":"https:\/\/coria.org\/ayuntamiento\/#\/schema\/person\/8bd589f0e13e8ae5aa06def7a599d622"},"headline":"El Ayuntamiento de Coria podr\u00e1 en marcha medidas ecn\u00f3micas y financieras a favor de las familias numerosas del municipio","datePublished":"2016-08-10T00:00:00+00:00","dateModified":"2023-09-18T10:37:30+00:00","mainEntityOfPage":{"@id":"https:\/\/coria.org\/ayuntamiento\/index.php\/2016\/08\/10\/el-ayuntamiento-de-coria-pondra-en-marcha-medidas-economicas-y-financieras-a-favor-de-las-familias-numerosas-del-municipio\/"},"wordCount":266,"publisher":{"@id":"https:\/\/coria.org\/ayuntamiento\/#organization"},"image":{"@id":"https:\/\/coria.org\/ayuntamiento\/index.php\/2016\/08\/10\/el-ayuntamiento-de-coria-pondra-en-marcha-medidas-economicas-y-financieras-a-favor-de-las-familias-numerosas-del-municipio\/#primaryimage"},"thumbnailUrl":"https:\/\/coria.org\/ayuntamiento\/wp-content\/uploads\/2016\/08\/IMG_20160810_110915-scaled.jpg","keywords":["coria","extremadura"],"articleSection":["Noticias"],"inLanguage":"es"},{"@type":"WebPage","@id":"https:\/\/coria.org\/ayuntamiento\/index.php\/2016\/08\/10\/el-ayuntamiento-de-coria-pondra-en-marcha-medidas-economicas-y-financieras-a-favor-de-las-familias-numerosas-del-municipio\/","url":"https:\/\/coria.org\/ayuntamiento\/index.php\/2016\/08\/10\/el-ayuntamiento-de-coria-pondra-en-marcha-medidas-economicas-y-financieras-a-favor-de-las-familias-numerosas-del-municipio\/","name":"El Ayuntamiento de Coria podr\u00e1 en marcha medidas ecn\u00f3micas y financieras a favor de las familias numerosas del municipio - Ayuntamiento de Coria","isPartOf":{"@id":"https:\/\/coria.org\/ayuntamiento\/#website"},"primaryImageOfPage":{"@id":"https:\/\/coria.org\/ayuntamiento\/index.php\/2016\/08\/10\/el-ayuntamiento-de-coria-pondra-en-marcha-medidas-economicas-y-financieras-a-favor-de-las-familias-numerosas-del-municipio\/#primaryimage"},"image":{"@id":"https:\/\/coria.org\/ayuntamiento\/index.php\/2016\/08\/10\/el-ayuntamiento-de-coria-pondra-en-marcha-medidas-economicas-y-financieras-a-favor-de-las-familias-numerosas-del-municipio\/#primaryimage"},"thumbnailUrl":"https:\/\/coria.org\/ayuntamiento\/wp-content\/uploads\/2016\/08\/IMG_20160810_110915-scaled.jpg","datePublished":"2016-08-10T00:00:00+00:00","dateModified":"2023-09-18T10:37:30+00:00","breadcrumb":{"@id":"https:\/\/coria.org\/ayuntamiento\/index.php\/2016\/08\/10\/el-ayuntamiento-de-coria-pondra-en-marcha-medidas-economicas-y-financieras-a-favor-de-las-familias-numerosas-del-municipio\/#breadcrumb"},"inLanguage":"es","potentialAction":[{"@type":"ReadAction","target":["https:\/\/coria.org\/ayuntamiento\/index.php\/2016\/08\/10\/el-ayuntamiento-de-coria-pondra-en-marcha-medidas-economicas-y-financieras-a-favor-de-las-familias-numerosas-del-municipio\/"]}]},{"@type":"ImageObject","inLanguage":"es","@id":"https:\/\/coria.org\/ayuntamiento\/index.php\/2016\/08\/10\/el-ayuntamiento-de-coria-pondra-en-marcha-medidas-economicas-y-financieras-a-favor-de-las-familias-numerosas-del-municipio\/#primaryimage","url":"https:\/\/coria.org\/ayuntamiento\/wp-content\/uploads\/2016\/08\/IMG_20160810_110915-scaled.jpg","contentUrl":"https:\/\/coria.org\/ayuntamiento\/wp-content\/uploads\/2016\/08\/IMG_20160810_110915-scaled.jpg","width":2560,"height":1440},{"@type":"BreadcrumbList","@id":"https:\/\/coria.org\/ayuntamiento\/index.php\/2016\/08\/10\/el-ayuntamiento-de-coria-pondra-en-marcha-medidas-economicas-y-financieras-a-favor-de-las-familias-numerosas-del-municipio\/#breadcrumb","itemListElement":[{"@type":"ListItem","position":1,"name":"Inicio","item":"https:\/\/coria.org\/ayuntamiento\/"},{"@type":"ListItem","position":2,"name":"El Ayuntamiento de Coria podr\u00e1 en marcha medidas ecn\u00f3micas y financieras a favor de las familias numerosas del municipio"}]},{"@type":"WebSite","@id":"https:\/\/coria.org\/ayuntamiento\/#website","url":"https:\/\/coria.org\/ayuntamiento\/","name":"Ayuntamiento de Coria","description":"Web oficial del Ayuntamiento de Coria","publisher":{"@id":"https:\/\/coria.org\/ayuntamiento\/#organization"},"alternateName":"Web Oficial del Ayuntamiento de Coria","potentialAction":[{"@type":"SearchAction","target":{"@type":"EntryPoint","urlTemplate":"https:\/\/coria.org\/ayuntamiento\/?s={search_term_string}"},"query-input":{"@type":"PropertyValueSpecification","valueRequired":true,"valueName":"search_term_string"}}],"inLanguage":"es"},{"@type":"Organization","@id":"https:\/\/coria.org\/ayuntamiento\/#organization","name":"Ayuntamiento de Coria","alternateName":"Ayto de Coria","url":"https:\/\/coria.org\/ayuntamiento\/","logo":{"@type":"ImageObject","inLanguage":"es","@id":"https:\/\/coria.org\/ayuntamiento\/#\/schema\/logo\/image\/","url":"https:\/\/coria.org\/ayuntamiento\/wp-content\/uploads\/2020\/12\/escudo-ayuntamiento-coria.png","contentUrl":"https:\/\/coria.org\/ayuntamiento\/wp-content\/uploads\/2020\/12\/escudo-ayuntamiento-coria.png","width":511,"height":240,"caption":"Ayuntamiento de Coria"},"image":{"@id":"https:\/\/coria.org\/ayuntamiento\/#\/schema\/logo\/image\/"},"sameAs":["https:\/\/www.facebook.com\/Ayuntamiento.de.Coria","https:\/\/x.com\/Ayto_de_Coria","https:\/\/www.instagram.com\/coria.ayuntamiento\/","https:\/\/www.youtube.com\/user\/AYUNTAMIENTOCORIA"]},{"@type":"Person","@id":"https:\/\/coria.org\/ayuntamiento\/#\/schema\/person\/8bd589f0e13e8ae5aa06def7a599d622","name":"ayuntamiento","image":{"@type":"ImageObject","inLanguage":"es","@id":"https:\/\/secure.gravatar.com\/avatar\/966e5ed73cad334adda5c87f49f2547f7082f7292c1b627cbb548744383b391c?s=96&d=mm&r=g","url":"https:\/\/secure.gravatar.com\/avatar\/966e5ed73cad334adda5c87f49f2547f7082f7292c1b627cbb548744383b391c?s=96&d=mm&r=g","contentUrl":"https:\/\/secure.gravatar.com\/avatar\/966e5ed73cad334adda5c87f49f2547f7082f7292c1b627cbb548744383b391c?s=96&d=mm&r=g","caption":"ayuntamiento"}}]}},"uagb_featured_image_src":{"full":["https:\/\/coria.org\/ayuntamiento\/wp-content\/uploads\/2016\/08\/IMG_20160810_110915-scaled.jpg",2560,1440,false],"thumbnail":["https:\/\/coria.org\/ayuntamiento\/wp-content\/uploads\/2016\/08\/IMG_20160810_110915-150x150.jpg",150,150,true],"medium":["https:\/\/coria.org\/ayuntamiento\/wp-content\/uploads\/2016\/08\/IMG_20160810_110915-300x169.jpg",300,169,true],"medium_large":["https:\/\/coria.org\/ayuntamiento\/wp-content\/uploads\/2016\/08\/IMG_20160810_110915-768x432.jpg",768,432,true],"large":["https:\/\/coria.org\/ayuntamiento\/wp-content\/uploads\/2016\/08\/IMG_20160810_110915-1024x576.jpg",1024,576,true],"thumblist":["https:\/\/coria.org\/ayuntamiento\/wp-content\/uploads\/2016\/08\/IMG_20160810_110915-scaled.jpg",300,169,false],"thumbrelated":["https:\/\/coria.org\/ayuntamiento\/wp-content\/uploads\/2016\/08\/IMG_20160810_110915-scaled.jpg",500,281,false],"meccarouselthumb":["https:\/\/coria.org\/ayuntamiento\/wp-content\/uploads\/2016\/08\/IMG_20160810_110915-scaled.jpg",474,267,false],"gridsquare":["https:\/\/coria.org\/ayuntamiento\/wp-content\/uploads\/2016\/08\/IMG_20160810_110915-scaled.jpg",391,220,false],"tileview":["https:\/\/coria.org\/ayuntamiento\/wp-content\/uploads\/2016\/08\/IMG_20160810_110915-scaled.jpg",300,169,false],"1536x1536":["https:\/\/coria.org\/ayuntamiento\/wp-content\/uploads\/2016\/08\/IMG_20160810_110915-1536x864.jpg",1536,864,true],"2048x2048":["https:\/\/coria.org\/ayuntamiento\/wp-content\/uploads\/2016\/08\/IMG_20160810_110915-2048x1152.jpg",2048,1152,true]},"uagb_author_info":{"display_name":"ayuntamiento","author_link":"https:\/\/coria.org\/ayuntamiento\/index.php\/author\/ayuntamiento\/"},"uagb_comment_info":0,"uagb_excerpt":"El Equipo de Gobierno del Ayuntamiento de Coria pondr\u00e1 en marcha una serie de medidas econ\u00f3micas y financieras a favor de las Familias Numerosas del municipio, as\u00ed lo ha afirmado el primer edil cauriense, Jos\u00e9 Manuel Garc\u00eda Ballestero, esta ma\u00f1ana en rueda de prensa. Se trata de unas medidas para ayudar a las familias que&hellip;","_links":{"self":[{"href":"https:\/\/coria.org\/ayuntamiento\/index.php\/wp-json\/wp\/v2\/posts\/25254","targetHints":{"allow":["GET"]}}],"collection":[{"href":"https:\/\/coria.org\/ayuntamiento\/index.php\/wp-json\/wp\/v2\/posts"}],"about":[{"href":"https:\/\/coria.org\/ayuntamiento\/index.php\/wp-json\/wp\/v2\/types\/post"}],"author":[{"embeddable":true,"href":"https:\/\/coria.org\/ayuntamiento\/index.php\/wp-json\/wp\/v2\/users\/2"}],"replies":[{"embeddable":true,"href":"https:\/\/coria.org\/ayuntamiento\/index.php\/wp-json\/wp\/v2\/comments?post=25254"}],"version-history":[{"count":0,"href":"https:\/\/coria.org\/ayuntamiento\/index.php\/wp-json\/wp\/v2\/posts\/25254\/revisions"}],"wp:featuredmedia":[{"embeddable":true,"href":"https:\/\/coria.org\/ayuntamiento\/index.php\/wp-json\/wp\/v2\/media\/29628"}],"wp:attachment":[{"href":"https:\/\/coria.org\/ayuntamiento\/index.php\/wp-json\/wp\/v2\/media?parent=25254"}],"wp:term":[{"taxonomy":"category","embeddable":true,"href":"https:\/\/coria.org\/ayuntamiento\/index.php\/wp-json\/wp\/v2\/categories?post=25254"},{"taxonomy":"post_tag","embeddable":true,"href":"https:\/\/coria.org\/ayuntamiento\/index.php\/wp-json\/wp\/v2\/tags?post=25254"}],"curies":[{"name":"wp","href":"https:\/\/api.w.org\/{rel}","templated":true}]}}