{"id":25253,"date":"2016-08-10T00:00:00","date_gmt":"2016-08-10T00:00:00","guid":{"rendered":"https:\/\/ayuntamiento.coriaenimagenes.com\/el-aleman-fabian-freesen-gana-el-concurso-internacional-de-guitarra-de-coria\/"},"modified":"2023-09-18T12:37:30","modified_gmt":"2023-09-18T10:37:30","slug":"el-aleman-fabian-freesen-gana-el-concurso-internacional-de-guitarra-de-coria","status":"publish","type":"post","link":"https:\/\/coria.org\/ayuntamiento\/index.php\/2016\/08\/10\/el-aleman-fabian-freesen-gana-el-concurso-internacional-de-guitarra-de-coria\/","title":{"rendered":"El Alem\u00e1n Fabian Freesen gana el Concurso Internacional de Guitarra de Coria"},"content":{"rendered":"\n<p><b>Con la disputa de la final, y consecuente entrega de premios, se cerr\u00f3 anoche la vig\u00e9sima edici\u00f3n del Festival Internacional de la Guitarra de Coria. Al \u00faltimo acto del concurso llegaban tres j\u00f3venes y talentosos int\u00e9rpretes. Adem\u00e1s del alem\u00e1n, compitieron la italiana Giulia Ballar\u00e8 y el polaco Marcin Kuznar, que compartieron el segundo premio ex aequo. El cauriense Javier Luc\u00edo se llev\u00f3 el premio Extremadura, que se concede al mejor guitarrista de la regi\u00f3n en el Concurso.<\/b><\/p>\n\n<figure class=\"wp-block-post-featured-image\"><img loading=\"lazy\" decoding=\"async\" width=\"2560\" height=\"1707\" src=\"https:\/\/coria.org\/ayuntamiento\/wp-content\/uploads\/2016\/08\/PremiadosJuradoAutoridades-scaled.jpg\" class=\"attachment-post-thumbnail size-post-thumbnail wp-post-image\" alt=\"\" style=\"object-fit:cover;\" srcset=\"https:\/\/coria.org\/ayuntamiento\/wp-content\/uploads\/2016\/08\/PremiadosJuradoAutoridades-scaled.jpg 2560w, https:\/\/coria.org\/ayuntamiento\/wp-content\/uploads\/2016\/08\/PremiadosJuradoAutoridades-300x200.jpg 300w, https:\/\/coria.org\/ayuntamiento\/wp-content\/uploads\/2016\/08\/PremiadosJuradoAutoridades-1024x683.jpg 1024w, https:\/\/coria.org\/ayuntamiento\/wp-content\/uploads\/2016\/08\/PremiadosJuradoAutoridades-768x512.jpg 768w, https:\/\/coria.org\/ayuntamiento\/wp-content\/uploads\/2016\/08\/PremiadosJuradoAutoridades-1536x1024.jpg 1536w, https:\/\/coria.org\/ayuntamiento\/wp-content\/uploads\/2016\/08\/PremiadosJuradoAutoridades-2048x1365.jpg 2048w, https:\/\/coria.org\/ayuntamiento\/wp-content\/uploads\/2016\/08\/PremiadosJuradoAutoridades-1200x800.jpg 1200w\" sizes=\"auto, (max-width: 2560px) 100vw, 2560px\" \/><\/figure>\n\n<div>\n<p><span style=\"font-family: verdana, arial, helvetica, sans-serif;\">El Festival Internacional de la Guitarra de Coria vivi\u00f3 anoche un ep\u00edlogo emocionante, en la misma l\u00ednea de intensidad y calidad musical que tuvo su comienzo con un vibrante concierto del violinista Ara Malikian. Y si el hispano-liban\u00e9s estuvo pleno de energ\u00eda de principio a fin del concierto, los tres finalistas del concurso senior \u00abCiudad de Coria\u00bb que eligi\u00f3 al mejor guitarrista del Festival se dejaron un pedacito del alma en el altar de la Iglesia de Santiago de Coria. Todos dejaron boquiabierto al p\u00fablico con interpretaciones tan soberbias como diferentes, incluso en la manera de tocar y coger la guitarra.<\/span><\/p>\n<p>&nbsp;<\/p>\n<\/div>\n\n\n<div><span style=\"font-family: verdana, arial, helvetica, sans-serif;\">&nbsp;<\/span><\/div>\n\n\n<div><span style=\"font-family: verdana, arial, helvetica, sans-serif;\">El concurso senior hab\u00eda comenzado en la ma\u00f1ana del domingo, d\u00eda 7 de agosto y ha constado de tres fases: eliminatoria, semifinal y final. Han participado 18 guitarristas \u00abde gran nivel\u00bb, valoraba ayer Hugo Geller, director del festival.<\/span><\/div>\n\n\n<div><span style=\"font-family: verdana, arial, helvetica, sans-serif;\">&nbsp;<\/span><\/div>\n\n\n<div><span style=\"font-family: verdana, arial, helvetica, sans-serif;\">A la \u00faltima y emocionante ronda llegaron el alem\u00e1n Fabian Freesen, la italiana Giulia Ballar\u00e8 y el polaco Marcin Kuzniar. Tensi\u00f3n y nervios en el ambiente, despu\u00e9s de los ensayos previos en la Iglesia de Santiago. El primero en subir al escenario, poco despu\u00e9s de las 21:30 horas, fue Freesen, nacido en la ciudad alemana de M\u00f6nchengladbach. Los int\u00e9rpretes ten\u00edan la opci\u00f3n de elegir su repertorio. El alem\u00e1n se decidi\u00f3 por la Sonata Op. 61 en Re menor, de Joaqu\u00edn Turina; la Fantas\u00eda n\u00ba1 en Si bemol mayor, de Georg Philipp Telemann; y las Guajiras de Luc\u00eda de Paco de Luc\u00eda, detalle este \u00faltimo que sorprendi\u00f3 y gust\u00f3 a jurado y p\u00fablico. Su actuaci\u00f3n dejaba paso a la de la italiana que eligi\u00f3 la Eleg\u00eda para la Guitarra de Johann Kaspar Mertz, y, al igual que su compa\u00f1ero, la Sonata Op.61 de Joaqu\u00edn Turina. Por \u00faltimo, el polaco Marcin Kuzniar afront\u00f3 la final tocando la sonata para violonchelo solo de Gy\u00f6rgy Ligeti; Andante y Rond\u00f3, Op.2 N\u00ba2 de Dionisio Aguado y una Fantas\u00eda sobre La Traviata, de Verdi, de Francisco de T\u00e1rrega.<\/span><\/div>\n\n\n<div><span style=\"font-family: verdana, arial, helvetica, sans-serif;\">&nbsp;<\/span><\/div>\n\n\n<div><span style=\"font-family: verdana, arial, helvetica, sans-serif;\">Despu\u00e9s de las actuaciones, el jurado, integrado por Margarita Escarpa, Carlos Molina, Thomas Offermann, Carlo Marchione y David Martinez, se retiraba a deliberar, precisamente en una de las aulas de la Escuela Municipal de M\u00fasica de Coria, verdadero epicentro del Festival, sus clases magistrales, concursos y conciertos. Su portavoz, Carlos Molina, presidente de la Sociedad de Guitarra de Miami e int\u00e9rprete de reconocido prestigio, reconoc\u00eda la dificultad extrema que tuvieron para elegir un ganador entre tres guitarristas \u00abmusicalmente formidables y t\u00e9cnicamente magn\u00edficos\u00bb. Una de las cosas que m\u00e1s llam\u00f3 la atenci\u00f3n del Jurado fue que, siendo Freesen alem\u00e1n, tocara una pieza de Paco de Luc\u00eda con el virtuosismo que lo hizo. \u00abSu interpretaci\u00f3n fue impecable\u00bb, valor\u00f3 Molina. Lo eligieron ganador por unanimidad. E igualmente por unanimidad concedieron el segundo puesto ex aequo a Ballar\u00e8 y Kuzniar. \u00abLos otros dos guitarristas tienen diferentes personalidades y no hemos podido decantarnos entre tal grado de musicalidad y expresi\u00f3n\u00bb, valoraba.<\/span><\/div>\n\n\n<div><span style=\"font-family: verdana, arial, helvetica, sans-serif;\">&nbsp;<\/span><\/div>\n\n\n<figure class=\"wp-block-image size-large\"><img loading=\"lazy\" decoding=\"async\" width=\"1024\" height=\"576\" src=\"https:\/\/coria.org\/ayuntamiento\/wp-content\/uploads\/2022\/03\/ALCALDE-ENTREGA-GANADOR-1024x576.jpg\" alt=\"\" class=\"wp-image-29625\" srcset=\"https:\/\/coria.org\/ayuntamiento\/wp-content\/uploads\/2022\/03\/ALCALDE-ENTREGA-GANADOR-1024x576.jpg 1024w, https:\/\/coria.org\/ayuntamiento\/wp-content\/uploads\/2022\/03\/ALCALDE-ENTREGA-GANADOR-300x169.jpg 300w, https:\/\/coria.org\/ayuntamiento\/wp-content\/uploads\/2022\/03\/ALCALDE-ENTREGA-GANADOR-768x432.jpg 768w, https:\/\/coria.org\/ayuntamiento\/wp-content\/uploads\/2022\/03\/ALCALDE-ENTREGA-GANADOR-1536x864.jpg 1536w, https:\/\/coria.org\/ayuntamiento\/wp-content\/uploads\/2022\/03\/ALCALDE-ENTREGA-GANADOR-2048x1152.jpg 2048w\" sizes=\"auto, (max-width: 1024px) 100vw, 1024px\" \/><\/figure>\n\n\n<div><span style=\"font-family: verdana, arial, helvetica, sans-serif;\">Freesen estaba feliz despu\u00e9s de obtener el primer premio del Concurso, dotado con 5.000 \u20ac en efectivo, una guitarra de concierto del lutier Jos\u00e9 Rodr\u00edguez Pe\u00f1a valorada en 6.000 \u20ac, que le entreg\u00f3 personalmente el maestro guitarrero presente en la final, un concierto en EE.UU. para la Sociedad de Guitarra Cl\u00e1sica de Miami, un concierto en Alemania, un concierto en el XXI Festival Internacional de Guitarra \u00abCiudad de Coria\u00bb y Set de productos DAddario. \u00abSiempre despu\u00e9s de una actuaci\u00f3n me quedo vac\u00edo, pero en este caso, despu\u00e9s de ganar, me siento muy honrado de que el Jurado haya apreciado mi interpretaci\u00f3n, es emocionante\u00bb, valoraba. Para Freesen signific\u00f3 \u00abmuch\u00edsimo haber ganado aqu\u00ed, en Coria, donde he dado lo m\u00e1ximo de m\u00ed mismo\u00bb. Sobre el festival opin\u00f3 que es \u00abmagn\u00edfico que haya una semana entera de conciertos de guitarra, acompa\u00f1ada por clases magistrales, de algunos de los mejores guitarristas y profesores del mundo\u00bb. El alem\u00e1n eligi\u00f3 su repertorio \u00abporque me gustan las tres obras y me siento a gusto toc\u00e1ndolas sobre el escenario, a pesar de que son comprometidas, por su dificultad. Exigen encontrar el balance adecuado entre seguridad y riesgo\u00bb. El vencedor confesaba anoche que para \u00e9l, la guitarra es \u00abuna forma \u00edntima de mostrar mis emociones a los dem\u00e1s, con la que puedo mostrar algo de lo que hay en mi alma, lo que me provoca una gran emoci\u00f3n\u00bb. Sobre las Guajiras de Paco de Luc\u00eda, interpretaci\u00f3n clave de su \u00e9xito, explic\u00f3 que el de Algeciras \u00abes un dios en el mundo de la guitarra, mundialmente reconocido. Su m\u00fasica es pasional y adem\u00e1s muy dif\u00edcil de tocar. He querido contrastar la m\u00fasica cl\u00e1sica y el flamenco, algo que pens\u00e9 que en Espa\u00f1a se iba a apreciar\u00bb, como as\u00ed fue.<\/span><\/div>\n\n\n<div><span style=\"font-family: verdana, arial, helvetica, sans-serif;\">&nbsp;<\/span><\/div>\n\n\n<div><span style=\"font-family: verdana, arial, helvetica, sans-serif;\">El premio del p\u00fablico, elegido por votaci\u00f3n al final del concierto, fue para Marcin Kuzniar. Y el premio Extremadura lo obtuvo el cauriense Javier Luc\u00edo. Luc\u00edo, que asegur\u00f3 que participar\u00e1 el a\u00f1o que viene con nuevos objetivos, afirm\u00f3 que \u00abel nivel de profesores, concursantes y finalistas ha sido alt\u00edsimo\u00bb. Adem\u00e1s, destac\u00f3 tambi\u00e9n las relaciones personales que ha ido tejiendo a lo largo del Festival. \u00abAprendes a amar el c\u00edrculo musical de la guitarra, y no solo el instrumento, algo que se da por supuesto\u00bb. Sobre el premio, afirm\u00f3 que es un acicate para seguir trabajando, adem\u00e1s de \u00abun honor, porque nac\u00ed en Coria\u00bb.<\/span><\/div>\n\n\n<div><span style=\"font-family: verdana, arial, helvetica, sans-serif;\">&nbsp;<\/span><\/div>\n\n\n<div><span style=\"font-family: verdana, arial, helvetica, sans-serif;\">En el concurso j\u00fanior participaron 8 guitarristas hasta 18 a\u00f1os de edad. El pasado domingo, los aspirantes interpretaron un programa libre con un tiempo m\u00e1ximo de 20 minutos. El tercer premio del concurso, compartido, fue para B\u00e1rbara Mart\u00ednez-Londono y Laura Rausel. El segundo premio fue para Mario Pino, y el primer premio, compartido para Rodrigo Herrero y Carlos P\u00e9rez. El primer premio del concurso junior estaba dotado con 500 euros en efectivo, un concierto en el XXI Festival Internacional de Guitarra Ciudad de Coria, matr\u00edcula gratuita en la siguiente edici\u00f3n, set de productos DAddario y un diploma.<\/span><\/div>\n\n\n<div><span style=\"font-family: verdana, arial, helvetica, sans-serif;\">&nbsp;<\/span><\/div>\n\n\n<div><span style=\"font-family: verdana, arial, helvetica, sans-serif;\">Correspondi\u00f3 al alcalde de Coria, Jos\u00e9 Manuel Ballestero clausurar el Festival. \u00abEstamos muy orgullosos de este evento que pasea al nombre de Coria por el mundo. Seguiremos apostando por \u00e9l y somos conscientes del trabajo que hay detr\u00e1s de \u00e9l y de su constante evoluci\u00f3n y mejora\u00bb. Adem\u00e1s, el regidor se refiri\u00f3 al acuerdo firmado con el Instituto Cervantes desde la pasada edici\u00f3n, en virtud del cual, el ganador podr\u00e1 interpretar un concierto en cualquiera de los centros que la instituci\u00f3n tiene abiertos por todo el mundo a lo largo del pr\u00f3ximo a\u00f1o. Hugo Geller cerr\u00f3 emotivamente la vig\u00e9sima edici\u00f3n con el cap\u00edtulo de agradecimientos en el que incluy\u00f3 al Ayuntamiento y a su alcalde, a la Junta de Extremadura, al Jurado, a Jose Mar\u00eda Moreno, voluntario incansable de la organizaci\u00f3n, a alumnos e int\u00e9rpretes, y, naturalmente, al p\u00fablico, \u00abla raz\u00f3n de ser de todo\u00bb. Lo hizo hablando y primera persona, y en representaci\u00f3n de Javier Rodr\u00edguez, coordinador del evento y director de la Escuela Municipal de M\u00fasica. Adem\u00e1s del alcalde, en representaci\u00f3n del Ayuntamiento de Coria estuvieron presentes en la entrega de premios el concejal de Cultura, Antonio Jos\u00e9 Hern\u00e1ndez, la teniente de alcalde Almudena Domingo. Tambi\u00e9n el maestro guitarrero, Jos\u00e9 Guti\u00e9rrez, que don\u00f3 la guitarra al festival, quiso acompa\u00f1ar el final de un evento con el que lleva muchos a\u00f1os colaborando.<\/span><\/div>\n\n\n<div>&nbsp;<\/div>\n","protected":false},"excerpt":{"rendered":"<p>Con la disputa de la final, y consecuente entrega de premios, se cerr\u00f3 anoche la vig\u00e9sima edici\u00f3n del Festival Internacional de la Guitarra de Coria. Al \u00faltimo acto del concurso llegaban tres j\u00f3venes y talentosos int\u00e9rpretes. Adem\u00e1s del alem\u00e1n, compitieron la italiana Giulia Ballar\u00e8 y el polaco Marcin Kuznar, que compartieron el segundo premio ex [&hellip;]<\/p>\n","protected":false},"author":2,"featured_media":29624,"comment_status":"closed","ping_status":"closed","sticky":false,"template":"","format":"standard","meta":{"_uag_custom_page_level_css":"","footnotes":""},"categories":[2],"tags":[3,4],"class_list":["post-25253","post","type-post","status-publish","format-standard","has-post-thumbnail","hentry","category-noticias","tag-coria","tag-extremadura"],"yoast_head":"<!-- This site is optimized with the Yoast SEO plugin v27.4 - https:\/\/yoast.com\/product\/yoast-seo-wordpress\/ -->\n<title>El Alem\u00e1n Fabian Freesen gana el Concurso Internacional de Guitarra de Coria - Ayuntamiento de Coria<\/title>\n<meta name=\"robots\" content=\"index, follow, max-snippet:-1, max-image-preview:large, max-video-preview:-1\" \/>\n<link rel=\"canonical\" href=\"https:\/\/coria.org\/ayuntamiento\/index.php\/2016\/08\/10\/el-aleman-fabian-freesen-gana-el-concurso-internacional-de-guitarra-de-coria\/\" \/>\n<meta property=\"og:locale\" content=\"es_ES\" \/>\n<meta property=\"og:type\" content=\"article\" \/>\n<meta property=\"og:title\" content=\"El Alem\u00e1n Fabian Freesen gana el Concurso Internacional de Guitarra de Coria - Ayuntamiento de Coria\" \/>\n<meta property=\"og:description\" content=\"Con la disputa de la final, y consecuente entrega de premios, se cerr\u00f3 anoche la vig\u00e9sima edici\u00f3n del Festival Internacional de la Guitarra de Coria. Al \u00faltimo acto del concurso llegaban tres j\u00f3venes y talentosos int\u00e9rpretes. Adem\u00e1s del alem\u00e1n, compitieron la italiana Giulia Ballar\u00e8 y el polaco Marcin Kuznar, que compartieron el segundo premio ex [&hellip;]\" \/>\n<meta property=\"og:url\" content=\"https:\/\/coria.org\/ayuntamiento\/index.php\/2016\/08\/10\/el-aleman-fabian-freesen-gana-el-concurso-internacional-de-guitarra-de-coria\/\" \/>\n<meta property=\"og:site_name\" content=\"Ayuntamiento de Coria\" \/>\n<meta property=\"article:publisher\" content=\"https:\/\/www.facebook.com\/Ayuntamiento.de.Coria\" \/>\n<meta property=\"article:published_time\" content=\"2016-08-10T00:00:00+00:00\" \/>\n<meta property=\"article:modified_time\" content=\"2023-09-18T10:37:30+00:00\" \/>\n<meta property=\"og:image\" content=\"https:\/\/coria.org\/ayuntamiento\/wp-content\/uploads\/2016\/08\/PremiadosJuradoAutoridades-scaled.jpg\" \/>\n\t<meta property=\"og:image:width\" content=\"2560\" \/>\n\t<meta property=\"og:image:height\" content=\"1707\" \/>\n\t<meta property=\"og:image:type\" content=\"image\/jpeg\" \/>\n<meta name=\"author\" content=\"ayuntamiento\" \/>\n<meta name=\"twitter:card\" content=\"summary_large_image\" \/>\n<meta name=\"twitter:creator\" content=\"@Ayto_de_Coria\" \/>\n<meta name=\"twitter:site\" content=\"@Ayto_de_Coria\" \/>\n<meta name=\"twitter:label1\" content=\"Escrito por\" \/>\n\t<meta name=\"twitter:data1\" content=\"ayuntamiento\" \/>\n\t<meta name=\"twitter:label2\" content=\"Tiempo de lectura\" \/>\n\t<meta name=\"twitter:data2\" content=\"7 minutos\" \/>\n<script type=\"application\/ld+json\" class=\"yoast-schema-graph\">{\"@context\":\"https:\\\/\\\/schema.org\",\"@graph\":[{\"@type\":\"Article\",\"@id\":\"https:\\\/\\\/coria.org\\\/ayuntamiento\\\/index.php\\\/2016\\\/08\\\/10\\\/el-aleman-fabian-freesen-gana-el-concurso-internacional-de-guitarra-de-coria\\\/#article\",\"isPartOf\":{\"@id\":\"https:\\\/\\\/coria.org\\\/ayuntamiento\\\/index.php\\\/2016\\\/08\\\/10\\\/el-aleman-fabian-freesen-gana-el-concurso-internacional-de-guitarra-de-coria\\\/\"},\"author\":{\"name\":\"ayuntamiento\",\"@id\":\"https:\\\/\\\/coria.org\\\/ayuntamiento\\\/#\\\/schema\\\/person\\\/8bd589f0e13e8ae5aa06def7a599d622\"},\"headline\":\"El Alem\u00e1n Fabian Freesen gana el Concurso Internacional de Guitarra de Coria\",\"datePublished\":\"2016-08-10T00:00:00+00:00\",\"dateModified\":\"2023-09-18T10:37:30+00:00\",\"mainEntityOfPage\":{\"@id\":\"https:\\\/\\\/coria.org\\\/ayuntamiento\\\/index.php\\\/2016\\\/08\\\/10\\\/el-aleman-fabian-freesen-gana-el-concurso-internacional-de-guitarra-de-coria\\\/\"},\"wordCount\":1394,\"publisher\":{\"@id\":\"https:\\\/\\\/coria.org\\\/ayuntamiento\\\/#organization\"},\"image\":{\"@id\":\"https:\\\/\\\/coria.org\\\/ayuntamiento\\\/index.php\\\/2016\\\/08\\\/10\\\/el-aleman-fabian-freesen-gana-el-concurso-internacional-de-guitarra-de-coria\\\/#primaryimage\"},\"thumbnailUrl\":\"https:\\\/\\\/coria.org\\\/ayuntamiento\\\/wp-content\\\/uploads\\\/2016\\\/08\\\/PremiadosJuradoAutoridades-scaled.jpg\",\"keywords\":[\"coria\",\"extremadura\"],\"articleSection\":[\"Noticias\"],\"inLanguage\":\"es\"},{\"@type\":\"WebPage\",\"@id\":\"https:\\\/\\\/coria.org\\\/ayuntamiento\\\/index.php\\\/2016\\\/08\\\/10\\\/el-aleman-fabian-freesen-gana-el-concurso-internacional-de-guitarra-de-coria\\\/\",\"url\":\"https:\\\/\\\/coria.org\\\/ayuntamiento\\\/index.php\\\/2016\\\/08\\\/10\\\/el-aleman-fabian-freesen-gana-el-concurso-internacional-de-guitarra-de-coria\\\/\",\"name\":\"El Alem\u00e1n Fabian Freesen gana el Concurso Internacional de Guitarra de Coria - Ayuntamiento de Coria\",\"isPartOf\":{\"@id\":\"https:\\\/\\\/coria.org\\\/ayuntamiento\\\/#website\"},\"primaryImageOfPage\":{\"@id\":\"https:\\\/\\\/coria.org\\\/ayuntamiento\\\/index.php\\\/2016\\\/08\\\/10\\\/el-aleman-fabian-freesen-gana-el-concurso-internacional-de-guitarra-de-coria\\\/#primaryimage\"},\"image\":{\"@id\":\"https:\\\/\\\/coria.org\\\/ayuntamiento\\\/index.php\\\/2016\\\/08\\\/10\\\/el-aleman-fabian-freesen-gana-el-concurso-internacional-de-guitarra-de-coria\\\/#primaryimage\"},\"thumbnailUrl\":\"https:\\\/\\\/coria.org\\\/ayuntamiento\\\/wp-content\\\/uploads\\\/2016\\\/08\\\/PremiadosJuradoAutoridades-scaled.jpg\",\"datePublished\":\"2016-08-10T00:00:00+00:00\",\"dateModified\":\"2023-09-18T10:37:30+00:00\",\"breadcrumb\":{\"@id\":\"https:\\\/\\\/coria.org\\\/ayuntamiento\\\/index.php\\\/2016\\\/08\\\/10\\\/el-aleman-fabian-freesen-gana-el-concurso-internacional-de-guitarra-de-coria\\\/#breadcrumb\"},\"inLanguage\":\"es\",\"potentialAction\":[{\"@type\":\"ReadAction\",\"target\":[\"https:\\\/\\\/coria.org\\\/ayuntamiento\\\/index.php\\\/2016\\\/08\\\/10\\\/el-aleman-fabian-freesen-gana-el-concurso-internacional-de-guitarra-de-coria\\\/\"]}]},{\"@type\":\"ImageObject\",\"inLanguage\":\"es\",\"@id\":\"https:\\\/\\\/coria.org\\\/ayuntamiento\\\/index.php\\\/2016\\\/08\\\/10\\\/el-aleman-fabian-freesen-gana-el-concurso-internacional-de-guitarra-de-coria\\\/#primaryimage\",\"url\":\"https:\\\/\\\/coria.org\\\/ayuntamiento\\\/wp-content\\\/uploads\\\/2016\\\/08\\\/PremiadosJuradoAutoridades-scaled.jpg\",\"contentUrl\":\"https:\\\/\\\/coria.org\\\/ayuntamiento\\\/wp-content\\\/uploads\\\/2016\\\/08\\\/PremiadosJuradoAutoridades-scaled.jpg\",\"width\":2560,\"height\":1707},{\"@type\":\"BreadcrumbList\",\"@id\":\"https:\\\/\\\/coria.org\\\/ayuntamiento\\\/index.php\\\/2016\\\/08\\\/10\\\/el-aleman-fabian-freesen-gana-el-concurso-internacional-de-guitarra-de-coria\\\/#breadcrumb\",\"itemListElement\":[{\"@type\":\"ListItem\",\"position\":1,\"name\":\"Inicio\",\"item\":\"https:\\\/\\\/coria.org\\\/ayuntamiento\\\/\"},{\"@type\":\"ListItem\",\"position\":2,\"name\":\"El Alem\u00e1n Fabian Freesen gana el Concurso Internacional de Guitarra de Coria\"}]},{\"@type\":\"WebSite\",\"@id\":\"https:\\\/\\\/coria.org\\\/ayuntamiento\\\/#website\",\"url\":\"https:\\\/\\\/coria.org\\\/ayuntamiento\\\/\",\"name\":\"Ayuntamiento de Coria\",\"description\":\"Web oficial del Ayuntamiento de Coria\",\"publisher\":{\"@id\":\"https:\\\/\\\/coria.org\\\/ayuntamiento\\\/#organization\"},\"alternateName\":\"Web Oficial del Ayuntamiento de Coria\",\"potentialAction\":[{\"@type\":\"SearchAction\",\"target\":{\"@type\":\"EntryPoint\",\"urlTemplate\":\"https:\\\/\\\/coria.org\\\/ayuntamiento\\\/?s={search_term_string}\"},\"query-input\":{\"@type\":\"PropertyValueSpecification\",\"valueRequired\":true,\"valueName\":\"search_term_string\"}}],\"inLanguage\":\"es\"},{\"@type\":\"Organization\",\"@id\":\"https:\\\/\\\/coria.org\\\/ayuntamiento\\\/#organization\",\"name\":\"Ayuntamiento de Coria\",\"alternateName\":\"Ayto de Coria\",\"url\":\"https:\\\/\\\/coria.org\\\/ayuntamiento\\\/\",\"logo\":{\"@type\":\"ImageObject\",\"inLanguage\":\"es\",\"@id\":\"https:\\\/\\\/coria.org\\\/ayuntamiento\\\/#\\\/schema\\\/logo\\\/image\\\/\",\"url\":\"https:\\\/\\\/coria.org\\\/ayuntamiento\\\/wp-content\\\/uploads\\\/2020\\\/12\\\/escudo-ayuntamiento-coria.png\",\"contentUrl\":\"https:\\\/\\\/coria.org\\\/ayuntamiento\\\/wp-content\\\/uploads\\\/2020\\\/12\\\/escudo-ayuntamiento-coria.png\",\"width\":511,\"height\":240,\"caption\":\"Ayuntamiento de Coria\"},\"image\":{\"@id\":\"https:\\\/\\\/coria.org\\\/ayuntamiento\\\/#\\\/schema\\\/logo\\\/image\\\/\"},\"sameAs\":[\"https:\\\/\\\/www.facebook.com\\\/Ayuntamiento.de.Coria\",\"https:\\\/\\\/x.com\\\/Ayto_de_Coria\",\"https:\\\/\\\/www.instagram.com\\\/coria.ayuntamiento\\\/\",\"https:\\\/\\\/www.youtube.com\\\/user\\\/AYUNTAMIENTOCORIA\"]},{\"@type\":\"Person\",\"@id\":\"https:\\\/\\\/coria.org\\\/ayuntamiento\\\/#\\\/schema\\\/person\\\/8bd589f0e13e8ae5aa06def7a599d622\",\"name\":\"ayuntamiento\",\"image\":{\"@type\":\"ImageObject\",\"inLanguage\":\"es\",\"@id\":\"https:\\\/\\\/secure.gravatar.com\\\/avatar\\\/966e5ed73cad334adda5c87f49f2547f7082f7292c1b627cbb548744383b391c?s=96&d=mm&r=g\",\"url\":\"https:\\\/\\\/secure.gravatar.com\\\/avatar\\\/966e5ed73cad334adda5c87f49f2547f7082f7292c1b627cbb548744383b391c?s=96&d=mm&r=g\",\"contentUrl\":\"https:\\\/\\\/secure.gravatar.com\\\/avatar\\\/966e5ed73cad334adda5c87f49f2547f7082f7292c1b627cbb548744383b391c?s=96&d=mm&r=g\",\"caption\":\"ayuntamiento\"}}]}<\/script>\n<!-- \/ Yoast SEO plugin. -->","yoast_head_json":{"title":"El Alem\u00e1n Fabian Freesen gana el Concurso Internacional de Guitarra de Coria - Ayuntamiento de Coria","robots":{"index":"index","follow":"follow","max-snippet":"max-snippet:-1","max-image-preview":"max-image-preview:large","max-video-preview":"max-video-preview:-1"},"canonical":"https:\/\/coria.org\/ayuntamiento\/index.php\/2016\/08\/10\/el-aleman-fabian-freesen-gana-el-concurso-internacional-de-guitarra-de-coria\/","og_locale":"es_ES","og_type":"article","og_title":"El Alem\u00e1n Fabian Freesen gana el Concurso Internacional de Guitarra de Coria - Ayuntamiento de Coria","og_description":"Con la disputa de la final, y consecuente entrega de premios, se cerr\u00f3 anoche la vig\u00e9sima edici\u00f3n del Festival Internacional de la Guitarra de Coria. Al \u00faltimo acto del concurso llegaban tres j\u00f3venes y talentosos int\u00e9rpretes. Adem\u00e1s del alem\u00e1n, compitieron la italiana Giulia Ballar\u00e8 y el polaco Marcin Kuznar, que compartieron el segundo premio ex [&hellip;]","og_url":"https:\/\/coria.org\/ayuntamiento\/index.php\/2016\/08\/10\/el-aleman-fabian-freesen-gana-el-concurso-internacional-de-guitarra-de-coria\/","og_site_name":"Ayuntamiento de Coria","article_publisher":"https:\/\/www.facebook.com\/Ayuntamiento.de.Coria","article_published_time":"2016-08-10T00:00:00+00:00","article_modified_time":"2023-09-18T10:37:30+00:00","og_image":[{"width":2560,"height":1707,"url":"https:\/\/coria.org\/ayuntamiento\/wp-content\/uploads\/2016\/08\/PremiadosJuradoAutoridades-scaled.jpg","type":"image\/jpeg"}],"author":"ayuntamiento","twitter_card":"summary_large_image","twitter_creator":"@Ayto_de_Coria","twitter_site":"@Ayto_de_Coria","twitter_misc":{"Escrito por":"ayuntamiento","Tiempo de lectura":"7 minutos"},"schema":{"@context":"https:\/\/schema.org","@graph":[{"@type":"Article","@id":"https:\/\/coria.org\/ayuntamiento\/index.php\/2016\/08\/10\/el-aleman-fabian-freesen-gana-el-concurso-internacional-de-guitarra-de-coria\/#article","isPartOf":{"@id":"https:\/\/coria.org\/ayuntamiento\/index.php\/2016\/08\/10\/el-aleman-fabian-freesen-gana-el-concurso-internacional-de-guitarra-de-coria\/"},"author":{"name":"ayuntamiento","@id":"https:\/\/coria.org\/ayuntamiento\/#\/schema\/person\/8bd589f0e13e8ae5aa06def7a599d622"},"headline":"El Alem\u00e1n Fabian Freesen gana el Concurso Internacional de Guitarra de Coria","datePublished":"2016-08-10T00:00:00+00:00","dateModified":"2023-09-18T10:37:30+00:00","mainEntityOfPage":{"@id":"https:\/\/coria.org\/ayuntamiento\/index.php\/2016\/08\/10\/el-aleman-fabian-freesen-gana-el-concurso-internacional-de-guitarra-de-coria\/"},"wordCount":1394,"publisher":{"@id":"https:\/\/coria.org\/ayuntamiento\/#organization"},"image":{"@id":"https:\/\/coria.org\/ayuntamiento\/index.php\/2016\/08\/10\/el-aleman-fabian-freesen-gana-el-concurso-internacional-de-guitarra-de-coria\/#primaryimage"},"thumbnailUrl":"https:\/\/coria.org\/ayuntamiento\/wp-content\/uploads\/2016\/08\/PremiadosJuradoAutoridades-scaled.jpg","keywords":["coria","extremadura"],"articleSection":["Noticias"],"inLanguage":"es"},{"@type":"WebPage","@id":"https:\/\/coria.org\/ayuntamiento\/index.php\/2016\/08\/10\/el-aleman-fabian-freesen-gana-el-concurso-internacional-de-guitarra-de-coria\/","url":"https:\/\/coria.org\/ayuntamiento\/index.php\/2016\/08\/10\/el-aleman-fabian-freesen-gana-el-concurso-internacional-de-guitarra-de-coria\/","name":"El Alem\u00e1n Fabian Freesen gana el Concurso Internacional de Guitarra de Coria - Ayuntamiento de Coria","isPartOf":{"@id":"https:\/\/coria.org\/ayuntamiento\/#website"},"primaryImageOfPage":{"@id":"https:\/\/coria.org\/ayuntamiento\/index.php\/2016\/08\/10\/el-aleman-fabian-freesen-gana-el-concurso-internacional-de-guitarra-de-coria\/#primaryimage"},"image":{"@id":"https:\/\/coria.org\/ayuntamiento\/index.php\/2016\/08\/10\/el-aleman-fabian-freesen-gana-el-concurso-internacional-de-guitarra-de-coria\/#primaryimage"},"thumbnailUrl":"https:\/\/coria.org\/ayuntamiento\/wp-content\/uploads\/2016\/08\/PremiadosJuradoAutoridades-scaled.jpg","datePublished":"2016-08-10T00:00:00+00:00","dateModified":"2023-09-18T10:37:30+00:00","breadcrumb":{"@id":"https:\/\/coria.org\/ayuntamiento\/index.php\/2016\/08\/10\/el-aleman-fabian-freesen-gana-el-concurso-internacional-de-guitarra-de-coria\/#breadcrumb"},"inLanguage":"es","potentialAction":[{"@type":"ReadAction","target":["https:\/\/coria.org\/ayuntamiento\/index.php\/2016\/08\/10\/el-aleman-fabian-freesen-gana-el-concurso-internacional-de-guitarra-de-coria\/"]}]},{"@type":"ImageObject","inLanguage":"es","@id":"https:\/\/coria.org\/ayuntamiento\/index.php\/2016\/08\/10\/el-aleman-fabian-freesen-gana-el-concurso-internacional-de-guitarra-de-coria\/#primaryimage","url":"https:\/\/coria.org\/ayuntamiento\/wp-content\/uploads\/2016\/08\/PremiadosJuradoAutoridades-scaled.jpg","contentUrl":"https:\/\/coria.org\/ayuntamiento\/wp-content\/uploads\/2016\/08\/PremiadosJuradoAutoridades-scaled.jpg","width":2560,"height":1707},{"@type":"BreadcrumbList","@id":"https:\/\/coria.org\/ayuntamiento\/index.php\/2016\/08\/10\/el-aleman-fabian-freesen-gana-el-concurso-internacional-de-guitarra-de-coria\/#breadcrumb","itemListElement":[{"@type":"ListItem","position":1,"name":"Inicio","item":"https:\/\/coria.org\/ayuntamiento\/"},{"@type":"ListItem","position":2,"name":"El Alem\u00e1n Fabian Freesen gana el Concurso Internacional de Guitarra de Coria"}]},{"@type":"WebSite","@id":"https:\/\/coria.org\/ayuntamiento\/#website","url":"https:\/\/coria.org\/ayuntamiento\/","name":"Ayuntamiento de Coria","description":"Web oficial del Ayuntamiento de Coria","publisher":{"@id":"https:\/\/coria.org\/ayuntamiento\/#organization"},"alternateName":"Web Oficial del Ayuntamiento de Coria","potentialAction":[{"@type":"SearchAction","target":{"@type":"EntryPoint","urlTemplate":"https:\/\/coria.org\/ayuntamiento\/?s={search_term_string}"},"query-input":{"@type":"PropertyValueSpecification","valueRequired":true,"valueName":"search_term_string"}}],"inLanguage":"es"},{"@type":"Organization","@id":"https:\/\/coria.org\/ayuntamiento\/#organization","name":"Ayuntamiento de Coria","alternateName":"Ayto de Coria","url":"https:\/\/coria.org\/ayuntamiento\/","logo":{"@type":"ImageObject","inLanguage":"es","@id":"https:\/\/coria.org\/ayuntamiento\/#\/schema\/logo\/image\/","url":"https:\/\/coria.org\/ayuntamiento\/wp-content\/uploads\/2020\/12\/escudo-ayuntamiento-coria.png","contentUrl":"https:\/\/coria.org\/ayuntamiento\/wp-content\/uploads\/2020\/12\/escudo-ayuntamiento-coria.png","width":511,"height":240,"caption":"Ayuntamiento de Coria"},"image":{"@id":"https:\/\/coria.org\/ayuntamiento\/#\/schema\/logo\/image\/"},"sameAs":["https:\/\/www.facebook.com\/Ayuntamiento.de.Coria","https:\/\/x.com\/Ayto_de_Coria","https:\/\/www.instagram.com\/coria.ayuntamiento\/","https:\/\/www.youtube.com\/user\/AYUNTAMIENTOCORIA"]},{"@type":"Person","@id":"https:\/\/coria.org\/ayuntamiento\/#\/schema\/person\/8bd589f0e13e8ae5aa06def7a599d622","name":"ayuntamiento","image":{"@type":"ImageObject","inLanguage":"es","@id":"https:\/\/secure.gravatar.com\/avatar\/966e5ed73cad334adda5c87f49f2547f7082f7292c1b627cbb548744383b391c?s=96&d=mm&r=g","url":"https:\/\/secure.gravatar.com\/avatar\/966e5ed73cad334adda5c87f49f2547f7082f7292c1b627cbb548744383b391c?s=96&d=mm&r=g","contentUrl":"https:\/\/secure.gravatar.com\/avatar\/966e5ed73cad334adda5c87f49f2547f7082f7292c1b627cbb548744383b391c?s=96&d=mm&r=g","caption":"ayuntamiento"}}]}},"uagb_featured_image_src":{"full":["https:\/\/coria.org\/ayuntamiento\/wp-content\/uploads\/2016\/08\/PremiadosJuradoAutoridades-scaled.jpg",2560,1707,false],"thumbnail":["https:\/\/coria.org\/ayuntamiento\/wp-content\/uploads\/2016\/08\/PremiadosJuradoAutoridades-150x150.jpg",150,150,true],"medium":["https:\/\/coria.org\/ayuntamiento\/wp-content\/uploads\/2016\/08\/PremiadosJuradoAutoridades-300x200.jpg",300,200,true],"medium_large":["https:\/\/coria.org\/ayuntamiento\/wp-content\/uploads\/2016\/08\/PremiadosJuradoAutoridades-768x512.jpg",768,512,true],"large":["https:\/\/coria.org\/ayuntamiento\/wp-content\/uploads\/2016\/08\/PremiadosJuradoAutoridades-1024x683.jpg",1024,683,true],"thumblist":["https:\/\/coria.org\/ayuntamiento\/wp-content\/uploads\/2016\/08\/PremiadosJuradoAutoridades-scaled.jpg",300,200,false],"thumbrelated":["https:\/\/coria.org\/ayuntamiento\/wp-content\/uploads\/2016\/08\/PremiadosJuradoAutoridades-scaled.jpg",500,333,false],"meccarouselthumb":["https:\/\/coria.org\/ayuntamiento\/wp-content\/uploads\/2016\/08\/PremiadosJuradoAutoridades-scaled.jpg",474,316,false],"gridsquare":["https:\/\/coria.org\/ayuntamiento\/wp-content\/uploads\/2016\/08\/PremiadosJuradoAutoridades-scaled.jpg",391,260,false],"tileview":["https:\/\/coria.org\/ayuntamiento\/wp-content\/uploads\/2016\/08\/PremiadosJuradoAutoridades-scaled.jpg",300,200,false],"1536x1536":["https:\/\/coria.org\/ayuntamiento\/wp-content\/uploads\/2016\/08\/PremiadosJuradoAutoridades-1536x1024.jpg",1536,1024,true],"2048x2048":["https:\/\/coria.org\/ayuntamiento\/wp-content\/uploads\/2016\/08\/PremiadosJuradoAutoridades-2048x1365.jpg",2048,1365,true]},"uagb_author_info":{"display_name":"ayuntamiento","author_link":"https:\/\/coria.org\/ayuntamiento\/index.php\/author\/ayuntamiento\/"},"uagb_comment_info":0,"uagb_excerpt":"Con la disputa de la final, y consecuente entrega de premios, se cerr\u00f3 anoche la vig\u00e9sima edici\u00f3n del Festival Internacional de la Guitarra de Coria. Al \u00faltimo acto del concurso llegaban tres j\u00f3venes y talentosos int\u00e9rpretes. Adem\u00e1s del alem\u00e1n, compitieron la italiana Giulia Ballar\u00e8 y el polaco Marcin Kuznar, que compartieron el segundo premio ex&hellip;","_links":{"self":[{"href":"https:\/\/coria.org\/ayuntamiento\/index.php\/wp-json\/wp\/v2\/posts\/25253","targetHints":{"allow":["GET"]}}],"collection":[{"href":"https:\/\/coria.org\/ayuntamiento\/index.php\/wp-json\/wp\/v2\/posts"}],"about":[{"href":"https:\/\/coria.org\/ayuntamiento\/index.php\/wp-json\/wp\/v2\/types\/post"}],"author":[{"embeddable":true,"href":"https:\/\/coria.org\/ayuntamiento\/index.php\/wp-json\/wp\/v2\/users\/2"}],"replies":[{"embeddable":true,"href":"https:\/\/coria.org\/ayuntamiento\/index.php\/wp-json\/wp\/v2\/comments?post=25253"}],"version-history":[{"count":0,"href":"https:\/\/coria.org\/ayuntamiento\/index.php\/wp-json\/wp\/v2\/posts\/25253\/revisions"}],"wp:featuredmedia":[{"embeddable":true,"href":"https:\/\/coria.org\/ayuntamiento\/index.php\/wp-json\/wp\/v2\/media\/29624"}],"wp:attachment":[{"href":"https:\/\/coria.org\/ayuntamiento\/index.php\/wp-json\/wp\/v2\/media?parent=25253"}],"wp:term":[{"taxonomy":"category","embeddable":true,"href":"https:\/\/coria.org\/ayuntamiento\/index.php\/wp-json\/wp\/v2\/categories?post=25253"},{"taxonomy":"post_tag","embeddable":true,"href":"https:\/\/coria.org\/ayuntamiento\/index.php\/wp-json\/wp\/v2\/tags?post=25253"}],"curies":[{"name":"wp","href":"https:\/\/api.w.org\/{rel}","templated":true}]}}