{"id":25252,"date":"2016-08-11T00:00:00","date_gmt":"2016-08-11T00:00:00","guid":{"rendered":"https:\/\/ayuntamiento.coriaenimagenes.com\/los-alumnos-de-la-lanzadera-de-empleo-de-coria-hacen-un-balance-muy-positivo-del-primer-mes-de-andadura\/"},"modified":"2023-09-18T12:37:30","modified_gmt":"2023-09-18T10:37:30","slug":"los-alumnos-de-la-lanzadera-de-empleo-de-coria-hacen-un-balance-muy-positivo-del-primer-mes-de-andadura","status":"publish","type":"post","link":"https:\/\/coria.org\/ayuntamiento\/index.php\/2016\/08\/11\/los-alumnos-de-la-lanzadera-de-empleo-de-coria-hacen-un-balance-muy-positivo-del-primer-mes-de-andadura\/","title":{"rendered":"Los alumnos de la Lanzadera de Empleo de Coria hacen unn balance muy positivo del primer mes de andadura"},"content":{"rendered":"\n<p><b>\u00bfQu\u00e9 es lo que busco? \u00bfQu\u00e9 es lo que necesito? \u00bfBusco trabajo de forma correcta? \u00bfPor qu\u00e9 no me llaman para una entrevista de trabajo? \u00bfC\u00f3mo hago mi curriculum? Nervios, incertidumbre, reflexi\u00f3n, frustraci\u00f3n, desencanto \u00bfQui\u00e9n no ha sentido estas emociones en su b\u00fasqueda de empleo? Son algunas de las preguntas que se hacen los alumnos de la Lanzadera de Empleo de Coria.<\/b><\/p>\n\n<figure class=\"wp-block-post-featured-image\"><img loading=\"lazy\" decoding=\"async\" width=\"1024\" height=\"576\" src=\"https:\/\/coria.org\/ayuntamiento\/wp-content\/uploads\/2022\/03\/image-52.jpeg\" class=\"attachment-post-thumbnail size-post-thumbnail wp-post-image\" alt=\"\" style=\"object-fit:cover;\" srcset=\"https:\/\/coria.org\/ayuntamiento\/wp-content\/uploads\/2022\/03\/image-52.jpeg 1024w, https:\/\/coria.org\/ayuntamiento\/wp-content\/uploads\/2022\/03\/image-52-300x169.jpeg 300w, https:\/\/coria.org\/ayuntamiento\/wp-content\/uploads\/2022\/03\/image-52-768x432.jpeg 768w\" sizes=\"auto, (max-width: 1024px) 100vw, 1024px\" \/><\/figure>\n\n<div><span style=\"font-family: verdana, arial, helvetica, sans-serif;\">\u00abUna manera diferente de aprender, y superar miedos a la hora de buscar empleo\u00bb. Pilar.<\/span><\/div>\n\n\n<div><span style=\"font-family: verdana, arial, helvetica, sans-serif;\">El pasado 29 de Junio comenz\u00f3 una nueva andadura, la Lanzadera de Empleo de Coria, LanzaCaura 1.0, en la que un grupo intergeneracional se reun\u00eda por primera vez para descubrir su futuro. Seg\u00fan han pasado los d\u00edas, han ido dando forma y encontrando respuesta a \u00e9stas y otras cuestiones.<br \/><\/span><\/div>\n\n\n<div><span style=\"font-family: verdana, arial, helvetica, sans-serif;\">\u00abCreo que es una experiencia nueva y fresca, que nos permite enfocar nuestra b\u00fasqueda de empleo desde otro punto de vista y con recursos y herramientas que antes no utiliz\u00e1bamos\u00bb. Pedro.<br \/><\/span><\/div>\n\n\n<div><span style=\"font-family: verdana, arial, helvetica, sans-serif;\"><span style=\"font-family: verdana, arial, helvetica, sans-serif;\">Seg\u00fan apuntan los alumnos de la Lanzadera, \u00abes un reto dif\u00edcil y novedoso, somos 23 personas desconocidas, con situaciones formativas, personales y laborales muy dispares entre s\u00ed. Aunque no estamos solos, contamos con la ayuda de la coach Noem\u00ed para guiarnos y formar un s\u00f3lido equipo de trabajo que se encuentra distribuido como una empresa, con diferentes departamentos, que adem\u00e1s colaboran entre s\u00ed y entre todos trabajamos para lograr el objetivo com\u00fan, la b\u00fasqueda de empleo y la incorporaci\u00f3n al mercado laboral\u00bb.<\/span><\/span>\n<p>&nbsp;<\/p>\n<p>&nbsp;<\/p>\n<\/div>\n\n\n<div><span style=\"font-family: verdana, arial, helvetica, sans-serif;\">\u00abDurante este mes en la lanzadera, me he dado cuenta que el trabajo en equipo es posible y me motiva poder participar en ello. Estoy ilusionada en este proyecto y de momento est\u00e1 superando mis expectativas iniciales\u00bb. Leticia.<\/span><\/div>\n\n\n<div><span style=\"font-family: verdana, arial, helvetica, sans-serif;\">Uno de los objetivos primordiales de este proyecto es el trabajo en equipo, desde diferentes \u00e1mbitos, antes desconocidos para la mayor\u00eda de los alumnos, como la inteligencia emocional, marca personal, comunicaci\u00f3n, networking, empat\u00eda, asertividad, a trav\u00e9s de la ayuda de diferentes profesionales que imparten master class para guiar en esta aventura que siempre recordar\u00e1n, dicen.<br \/><\/span><\/div>\n\n\n<div><span style=\"font-family: verdana, arial, helvetica, sans-serif;\">El balance de la t\u00e9cnico responsable de la Lanzadera de Coria, Noem\u00ed Risue\u00f1o es hasta el momento, muy positivo afirmando que \u00abestoy contenta con el equipo porque est\u00e1 cohesionado. Ahora mismo estamos en un punto de inflexi\u00f3n a nivel t\u00e9cnico con el paso de poderes, se va viendo la madurez, ya que tiene responsabilidad el equipo. Me quedo con el aprendizaje absoluto diario, la participaci\u00f3n y la toma de conciencia\u00bb.<br \/><\/span><\/div>\n\n\n<div><span style=\"font-family: verdana, arial, helvetica, sans-serif;\">Cabe recordar que este programa est\u00e1 financiado por el Fondo Social Europeo, Fundaci\u00f3n Telef\u00f3nica, Fundaci\u00f3n Santa Mar\u00eda de la Real, SEXPE y Excmo. Ayuntamiento de Coria y que se prolongar\u00e1 hasta finales de este a\u00f1o 2016.<\/span><\/div>\n\n\n<div>&nbsp;<\/div>\n","protected":false},"excerpt":{"rendered":"<p>\u00bfQu\u00e9 es lo que busco? \u00bfQu\u00e9 es lo que necesito? \u00bfBusco trabajo de forma correcta? \u00bfPor qu\u00e9 no me llaman para una entrevista de trabajo? \u00bfC\u00f3mo hago mi curriculum? Nervios, incertidumbre, reflexi\u00f3n, frustraci\u00f3n, desencanto \u00bfQui\u00e9n no ha sentido estas emociones en su b\u00fasqueda de empleo? Son algunas de las preguntas que se hacen los alumnos [&hellip;]<\/p>\n","protected":false},"author":2,"featured_media":29620,"comment_status":"closed","ping_status":"closed","sticky":false,"template":"","format":"standard","meta":{"_uag_custom_page_level_css":"","footnotes":""},"categories":[2],"tags":[3,4],"class_list":["post-25252","post","type-post","status-publish","format-standard","has-post-thumbnail","hentry","category-noticias","tag-coria","tag-extremadura"],"yoast_head":"<!-- This site is optimized with the Yoast SEO plugin v27.4 - https:\/\/yoast.com\/product\/yoast-seo-wordpress\/ -->\n<title>Los alumnos de la Lanzadera de Empleo de Coria hacen unn balance muy positivo del primer mes de andadura - Ayuntamiento de Coria<\/title>\n<meta name=\"robots\" content=\"index, follow, max-snippet:-1, max-image-preview:large, max-video-preview:-1\" \/>\n<link rel=\"canonical\" href=\"https:\/\/coria.org\/ayuntamiento\/index.php\/2016\/08\/11\/los-alumnos-de-la-lanzadera-de-empleo-de-coria-hacen-un-balance-muy-positivo-del-primer-mes-de-andadura\/\" \/>\n<meta property=\"og:locale\" content=\"es_ES\" \/>\n<meta property=\"og:type\" content=\"article\" \/>\n<meta property=\"og:title\" content=\"Los alumnos de la Lanzadera de Empleo de Coria hacen unn balance muy positivo del primer mes de andadura - Ayuntamiento de Coria\" \/>\n<meta property=\"og:description\" content=\"\u00bfQu\u00e9 es lo que busco? \u00bfQu\u00e9 es lo que necesito? \u00bfBusco trabajo de forma correcta? \u00bfPor qu\u00e9 no me llaman para una entrevista de trabajo? \u00bfC\u00f3mo hago mi curriculum? Nervios, incertidumbre, reflexi\u00f3n, frustraci\u00f3n, desencanto \u00bfQui\u00e9n no ha sentido estas emociones en su b\u00fasqueda de empleo? Son algunas de las preguntas que se hacen los alumnos [&hellip;]\" \/>\n<meta property=\"og:url\" content=\"https:\/\/coria.org\/ayuntamiento\/index.php\/2016\/08\/11\/los-alumnos-de-la-lanzadera-de-empleo-de-coria-hacen-un-balance-muy-positivo-del-primer-mes-de-andadura\/\" \/>\n<meta property=\"og:site_name\" content=\"Ayuntamiento de Coria\" \/>\n<meta property=\"article:publisher\" content=\"https:\/\/www.facebook.com\/Ayuntamiento.de.Coria\" \/>\n<meta property=\"article:published_time\" content=\"2016-08-11T00:00:00+00:00\" \/>\n<meta property=\"article:modified_time\" content=\"2023-09-18T10:37:30+00:00\" \/>\n<meta property=\"og:image\" content=\"https:\/\/coria.org\/ayuntamiento\/wp-content\/uploads\/2022\/03\/image-52.jpeg\" \/>\n\t<meta property=\"og:image:width\" content=\"1024\" \/>\n\t<meta property=\"og:image:height\" content=\"576\" \/>\n\t<meta property=\"og:image:type\" content=\"image\/jpeg\" \/>\n<meta name=\"author\" content=\"ayuntamiento\" \/>\n<meta name=\"twitter:card\" content=\"summary_large_image\" \/>\n<meta name=\"twitter:creator\" content=\"@Ayto_de_Coria\" \/>\n<meta name=\"twitter:site\" content=\"@Ayto_de_Coria\" \/>\n<meta name=\"twitter:label1\" content=\"Escrito por\" \/>\n\t<meta name=\"twitter:data1\" content=\"ayuntamiento\" \/>\n\t<meta name=\"twitter:label2\" content=\"Tiempo de lectura\" \/>\n\t<meta name=\"twitter:data2\" content=\"2 minutos\" \/>\n<script type=\"application\/ld+json\" class=\"yoast-schema-graph\">{\"@context\":\"https:\\\/\\\/schema.org\",\"@graph\":[{\"@type\":\"Article\",\"@id\":\"https:\\\/\\\/coria.org\\\/ayuntamiento\\\/index.php\\\/2016\\\/08\\\/11\\\/los-alumnos-de-la-lanzadera-de-empleo-de-coria-hacen-un-balance-muy-positivo-del-primer-mes-de-andadura\\\/#article\",\"isPartOf\":{\"@id\":\"https:\\\/\\\/coria.org\\\/ayuntamiento\\\/index.php\\\/2016\\\/08\\\/11\\\/los-alumnos-de-la-lanzadera-de-empleo-de-coria-hacen-un-balance-muy-positivo-del-primer-mes-de-andadura\\\/\"},\"author\":{\"name\":\"ayuntamiento\",\"@id\":\"https:\\\/\\\/coria.org\\\/ayuntamiento\\\/#\\\/schema\\\/person\\\/8bd589f0e13e8ae5aa06def7a599d622\"},\"headline\":\"Los alumnos de la Lanzadera de Empleo de Coria hacen unn balance muy positivo del primer mes de andadura\",\"datePublished\":\"2016-08-11T00:00:00+00:00\",\"dateModified\":\"2023-09-18T10:37:30+00:00\",\"mainEntityOfPage\":{\"@id\":\"https:\\\/\\\/coria.org\\\/ayuntamiento\\\/index.php\\\/2016\\\/08\\\/11\\\/los-alumnos-de-la-lanzadera-de-empleo-de-coria-hacen-un-balance-muy-positivo-del-primer-mes-de-andadura\\\/\"},\"wordCount\":488,\"publisher\":{\"@id\":\"https:\\\/\\\/coria.org\\\/ayuntamiento\\\/#organization\"},\"image\":{\"@id\":\"https:\\\/\\\/coria.org\\\/ayuntamiento\\\/index.php\\\/2016\\\/08\\\/11\\\/los-alumnos-de-la-lanzadera-de-empleo-de-coria-hacen-un-balance-muy-positivo-del-primer-mes-de-andadura\\\/#primaryimage\"},\"thumbnailUrl\":\"https:\\\/\\\/coria.org\\\/ayuntamiento\\\/wp-content\\\/uploads\\\/2022\\\/03\\\/image-52.jpeg\",\"keywords\":[\"coria\",\"extremadura\"],\"articleSection\":[\"Noticias\"],\"inLanguage\":\"es\"},{\"@type\":\"WebPage\",\"@id\":\"https:\\\/\\\/coria.org\\\/ayuntamiento\\\/index.php\\\/2016\\\/08\\\/11\\\/los-alumnos-de-la-lanzadera-de-empleo-de-coria-hacen-un-balance-muy-positivo-del-primer-mes-de-andadura\\\/\",\"url\":\"https:\\\/\\\/coria.org\\\/ayuntamiento\\\/index.php\\\/2016\\\/08\\\/11\\\/los-alumnos-de-la-lanzadera-de-empleo-de-coria-hacen-un-balance-muy-positivo-del-primer-mes-de-andadura\\\/\",\"name\":\"Los alumnos de la Lanzadera de Empleo de Coria hacen unn balance muy positivo del primer mes de andadura - Ayuntamiento de Coria\",\"isPartOf\":{\"@id\":\"https:\\\/\\\/coria.org\\\/ayuntamiento\\\/#website\"},\"primaryImageOfPage\":{\"@id\":\"https:\\\/\\\/coria.org\\\/ayuntamiento\\\/index.php\\\/2016\\\/08\\\/11\\\/los-alumnos-de-la-lanzadera-de-empleo-de-coria-hacen-un-balance-muy-positivo-del-primer-mes-de-andadura\\\/#primaryimage\"},\"image\":{\"@id\":\"https:\\\/\\\/coria.org\\\/ayuntamiento\\\/index.php\\\/2016\\\/08\\\/11\\\/los-alumnos-de-la-lanzadera-de-empleo-de-coria-hacen-un-balance-muy-positivo-del-primer-mes-de-andadura\\\/#primaryimage\"},\"thumbnailUrl\":\"https:\\\/\\\/coria.org\\\/ayuntamiento\\\/wp-content\\\/uploads\\\/2022\\\/03\\\/image-52.jpeg\",\"datePublished\":\"2016-08-11T00:00:00+00:00\",\"dateModified\":\"2023-09-18T10:37:30+00:00\",\"breadcrumb\":{\"@id\":\"https:\\\/\\\/coria.org\\\/ayuntamiento\\\/index.php\\\/2016\\\/08\\\/11\\\/los-alumnos-de-la-lanzadera-de-empleo-de-coria-hacen-un-balance-muy-positivo-del-primer-mes-de-andadura\\\/#breadcrumb\"},\"inLanguage\":\"es\",\"potentialAction\":[{\"@type\":\"ReadAction\",\"target\":[\"https:\\\/\\\/coria.org\\\/ayuntamiento\\\/index.php\\\/2016\\\/08\\\/11\\\/los-alumnos-de-la-lanzadera-de-empleo-de-coria-hacen-un-balance-muy-positivo-del-primer-mes-de-andadura\\\/\"]}]},{\"@type\":\"ImageObject\",\"inLanguage\":\"es\",\"@id\":\"https:\\\/\\\/coria.org\\\/ayuntamiento\\\/index.php\\\/2016\\\/08\\\/11\\\/los-alumnos-de-la-lanzadera-de-empleo-de-coria-hacen-un-balance-muy-positivo-del-primer-mes-de-andadura\\\/#primaryimage\",\"url\":\"https:\\\/\\\/coria.org\\\/ayuntamiento\\\/wp-content\\\/uploads\\\/2022\\\/03\\\/image-52.jpeg\",\"contentUrl\":\"https:\\\/\\\/coria.org\\\/ayuntamiento\\\/wp-content\\\/uploads\\\/2022\\\/03\\\/image-52.jpeg\",\"width\":1024,\"height\":576},{\"@type\":\"BreadcrumbList\",\"@id\":\"https:\\\/\\\/coria.org\\\/ayuntamiento\\\/index.php\\\/2016\\\/08\\\/11\\\/los-alumnos-de-la-lanzadera-de-empleo-de-coria-hacen-un-balance-muy-positivo-del-primer-mes-de-andadura\\\/#breadcrumb\",\"itemListElement\":[{\"@type\":\"ListItem\",\"position\":1,\"name\":\"Inicio\",\"item\":\"https:\\\/\\\/coria.org\\\/ayuntamiento\\\/\"},{\"@type\":\"ListItem\",\"position\":2,\"name\":\"Los alumnos de la Lanzadera de Empleo de Coria hacen unn balance muy positivo del primer mes de andadura\"}]},{\"@type\":\"WebSite\",\"@id\":\"https:\\\/\\\/coria.org\\\/ayuntamiento\\\/#website\",\"url\":\"https:\\\/\\\/coria.org\\\/ayuntamiento\\\/\",\"name\":\"Ayuntamiento de Coria\",\"description\":\"Web oficial del Ayuntamiento de Coria\",\"publisher\":{\"@id\":\"https:\\\/\\\/coria.org\\\/ayuntamiento\\\/#organization\"},\"alternateName\":\"Web Oficial del Ayuntamiento de Coria\",\"potentialAction\":[{\"@type\":\"SearchAction\",\"target\":{\"@type\":\"EntryPoint\",\"urlTemplate\":\"https:\\\/\\\/coria.org\\\/ayuntamiento\\\/?s={search_term_string}\"},\"query-input\":{\"@type\":\"PropertyValueSpecification\",\"valueRequired\":true,\"valueName\":\"search_term_string\"}}],\"inLanguage\":\"es\"},{\"@type\":\"Organization\",\"@id\":\"https:\\\/\\\/coria.org\\\/ayuntamiento\\\/#organization\",\"name\":\"Ayuntamiento de Coria\",\"alternateName\":\"Ayto de Coria\",\"url\":\"https:\\\/\\\/coria.org\\\/ayuntamiento\\\/\",\"logo\":{\"@type\":\"ImageObject\",\"inLanguage\":\"es\",\"@id\":\"https:\\\/\\\/coria.org\\\/ayuntamiento\\\/#\\\/schema\\\/logo\\\/image\\\/\",\"url\":\"https:\\\/\\\/coria.org\\\/ayuntamiento\\\/wp-content\\\/uploads\\\/2020\\\/12\\\/escudo-ayuntamiento-coria.png\",\"contentUrl\":\"https:\\\/\\\/coria.org\\\/ayuntamiento\\\/wp-content\\\/uploads\\\/2020\\\/12\\\/escudo-ayuntamiento-coria.png\",\"width\":511,\"height\":240,\"caption\":\"Ayuntamiento de Coria\"},\"image\":{\"@id\":\"https:\\\/\\\/coria.org\\\/ayuntamiento\\\/#\\\/schema\\\/logo\\\/image\\\/\"},\"sameAs\":[\"https:\\\/\\\/www.facebook.com\\\/Ayuntamiento.de.Coria\",\"https:\\\/\\\/x.com\\\/Ayto_de_Coria\",\"https:\\\/\\\/www.instagram.com\\\/coria.ayuntamiento\\\/\",\"https:\\\/\\\/www.youtube.com\\\/user\\\/AYUNTAMIENTOCORIA\"]},{\"@type\":\"Person\",\"@id\":\"https:\\\/\\\/coria.org\\\/ayuntamiento\\\/#\\\/schema\\\/person\\\/8bd589f0e13e8ae5aa06def7a599d622\",\"name\":\"ayuntamiento\",\"image\":{\"@type\":\"ImageObject\",\"inLanguage\":\"es\",\"@id\":\"https:\\\/\\\/secure.gravatar.com\\\/avatar\\\/966e5ed73cad334adda5c87f49f2547f7082f7292c1b627cbb548744383b391c?s=96&d=mm&r=g\",\"url\":\"https:\\\/\\\/secure.gravatar.com\\\/avatar\\\/966e5ed73cad334adda5c87f49f2547f7082f7292c1b627cbb548744383b391c?s=96&d=mm&r=g\",\"contentUrl\":\"https:\\\/\\\/secure.gravatar.com\\\/avatar\\\/966e5ed73cad334adda5c87f49f2547f7082f7292c1b627cbb548744383b391c?s=96&d=mm&r=g\",\"caption\":\"ayuntamiento\"}}]}<\/script>\n<!-- \/ Yoast SEO plugin. -->","yoast_head_json":{"title":"Los alumnos de la Lanzadera de Empleo de Coria hacen unn balance muy positivo del primer mes de andadura - Ayuntamiento de Coria","robots":{"index":"index","follow":"follow","max-snippet":"max-snippet:-1","max-image-preview":"max-image-preview:large","max-video-preview":"max-video-preview:-1"},"canonical":"https:\/\/coria.org\/ayuntamiento\/index.php\/2016\/08\/11\/los-alumnos-de-la-lanzadera-de-empleo-de-coria-hacen-un-balance-muy-positivo-del-primer-mes-de-andadura\/","og_locale":"es_ES","og_type":"article","og_title":"Los alumnos de la Lanzadera de Empleo de Coria hacen unn balance muy positivo del primer mes de andadura - Ayuntamiento de Coria","og_description":"\u00bfQu\u00e9 es lo que busco? \u00bfQu\u00e9 es lo que necesito? \u00bfBusco trabajo de forma correcta? \u00bfPor qu\u00e9 no me llaman para una entrevista de trabajo? \u00bfC\u00f3mo hago mi curriculum? Nervios, incertidumbre, reflexi\u00f3n, frustraci\u00f3n, desencanto \u00bfQui\u00e9n no ha sentido estas emociones en su b\u00fasqueda de empleo? Son algunas de las preguntas que se hacen los alumnos [&hellip;]","og_url":"https:\/\/coria.org\/ayuntamiento\/index.php\/2016\/08\/11\/los-alumnos-de-la-lanzadera-de-empleo-de-coria-hacen-un-balance-muy-positivo-del-primer-mes-de-andadura\/","og_site_name":"Ayuntamiento de Coria","article_publisher":"https:\/\/www.facebook.com\/Ayuntamiento.de.Coria","article_published_time":"2016-08-11T00:00:00+00:00","article_modified_time":"2023-09-18T10:37:30+00:00","og_image":[{"width":1024,"height":576,"url":"https:\/\/coria.org\/ayuntamiento\/wp-content\/uploads\/2022\/03\/image-52.jpeg","type":"image\/jpeg"}],"author":"ayuntamiento","twitter_card":"summary_large_image","twitter_creator":"@Ayto_de_Coria","twitter_site":"@Ayto_de_Coria","twitter_misc":{"Escrito por":"ayuntamiento","Tiempo de lectura":"2 minutos"},"schema":{"@context":"https:\/\/schema.org","@graph":[{"@type":"Article","@id":"https:\/\/coria.org\/ayuntamiento\/index.php\/2016\/08\/11\/los-alumnos-de-la-lanzadera-de-empleo-de-coria-hacen-un-balance-muy-positivo-del-primer-mes-de-andadura\/#article","isPartOf":{"@id":"https:\/\/coria.org\/ayuntamiento\/index.php\/2016\/08\/11\/los-alumnos-de-la-lanzadera-de-empleo-de-coria-hacen-un-balance-muy-positivo-del-primer-mes-de-andadura\/"},"author":{"name":"ayuntamiento","@id":"https:\/\/coria.org\/ayuntamiento\/#\/schema\/person\/8bd589f0e13e8ae5aa06def7a599d622"},"headline":"Los alumnos de la Lanzadera de Empleo de Coria hacen unn balance muy positivo del primer mes de andadura","datePublished":"2016-08-11T00:00:00+00:00","dateModified":"2023-09-18T10:37:30+00:00","mainEntityOfPage":{"@id":"https:\/\/coria.org\/ayuntamiento\/index.php\/2016\/08\/11\/los-alumnos-de-la-lanzadera-de-empleo-de-coria-hacen-un-balance-muy-positivo-del-primer-mes-de-andadura\/"},"wordCount":488,"publisher":{"@id":"https:\/\/coria.org\/ayuntamiento\/#organization"},"image":{"@id":"https:\/\/coria.org\/ayuntamiento\/index.php\/2016\/08\/11\/los-alumnos-de-la-lanzadera-de-empleo-de-coria-hacen-un-balance-muy-positivo-del-primer-mes-de-andadura\/#primaryimage"},"thumbnailUrl":"https:\/\/coria.org\/ayuntamiento\/wp-content\/uploads\/2022\/03\/image-52.jpeg","keywords":["coria","extremadura"],"articleSection":["Noticias"],"inLanguage":"es"},{"@type":"WebPage","@id":"https:\/\/coria.org\/ayuntamiento\/index.php\/2016\/08\/11\/los-alumnos-de-la-lanzadera-de-empleo-de-coria-hacen-un-balance-muy-positivo-del-primer-mes-de-andadura\/","url":"https:\/\/coria.org\/ayuntamiento\/index.php\/2016\/08\/11\/los-alumnos-de-la-lanzadera-de-empleo-de-coria-hacen-un-balance-muy-positivo-del-primer-mes-de-andadura\/","name":"Los alumnos de la Lanzadera de Empleo de Coria hacen unn balance muy positivo del primer mes de andadura - Ayuntamiento de Coria","isPartOf":{"@id":"https:\/\/coria.org\/ayuntamiento\/#website"},"primaryImageOfPage":{"@id":"https:\/\/coria.org\/ayuntamiento\/index.php\/2016\/08\/11\/los-alumnos-de-la-lanzadera-de-empleo-de-coria-hacen-un-balance-muy-positivo-del-primer-mes-de-andadura\/#primaryimage"},"image":{"@id":"https:\/\/coria.org\/ayuntamiento\/index.php\/2016\/08\/11\/los-alumnos-de-la-lanzadera-de-empleo-de-coria-hacen-un-balance-muy-positivo-del-primer-mes-de-andadura\/#primaryimage"},"thumbnailUrl":"https:\/\/coria.org\/ayuntamiento\/wp-content\/uploads\/2022\/03\/image-52.jpeg","datePublished":"2016-08-11T00:00:00+00:00","dateModified":"2023-09-18T10:37:30+00:00","breadcrumb":{"@id":"https:\/\/coria.org\/ayuntamiento\/index.php\/2016\/08\/11\/los-alumnos-de-la-lanzadera-de-empleo-de-coria-hacen-un-balance-muy-positivo-del-primer-mes-de-andadura\/#breadcrumb"},"inLanguage":"es","potentialAction":[{"@type":"ReadAction","target":["https:\/\/coria.org\/ayuntamiento\/index.php\/2016\/08\/11\/los-alumnos-de-la-lanzadera-de-empleo-de-coria-hacen-un-balance-muy-positivo-del-primer-mes-de-andadura\/"]}]},{"@type":"ImageObject","inLanguage":"es","@id":"https:\/\/coria.org\/ayuntamiento\/index.php\/2016\/08\/11\/los-alumnos-de-la-lanzadera-de-empleo-de-coria-hacen-un-balance-muy-positivo-del-primer-mes-de-andadura\/#primaryimage","url":"https:\/\/coria.org\/ayuntamiento\/wp-content\/uploads\/2022\/03\/image-52.jpeg","contentUrl":"https:\/\/coria.org\/ayuntamiento\/wp-content\/uploads\/2022\/03\/image-52.jpeg","width":1024,"height":576},{"@type":"BreadcrumbList","@id":"https:\/\/coria.org\/ayuntamiento\/index.php\/2016\/08\/11\/los-alumnos-de-la-lanzadera-de-empleo-de-coria-hacen-un-balance-muy-positivo-del-primer-mes-de-andadura\/#breadcrumb","itemListElement":[{"@type":"ListItem","position":1,"name":"Inicio","item":"https:\/\/coria.org\/ayuntamiento\/"},{"@type":"ListItem","position":2,"name":"Los alumnos de la Lanzadera de Empleo de Coria hacen unn balance muy positivo del primer mes de andadura"}]},{"@type":"WebSite","@id":"https:\/\/coria.org\/ayuntamiento\/#website","url":"https:\/\/coria.org\/ayuntamiento\/","name":"Ayuntamiento de Coria","description":"Web oficial del Ayuntamiento de Coria","publisher":{"@id":"https:\/\/coria.org\/ayuntamiento\/#organization"},"alternateName":"Web Oficial del Ayuntamiento de Coria","potentialAction":[{"@type":"SearchAction","target":{"@type":"EntryPoint","urlTemplate":"https:\/\/coria.org\/ayuntamiento\/?s={search_term_string}"},"query-input":{"@type":"PropertyValueSpecification","valueRequired":true,"valueName":"search_term_string"}}],"inLanguage":"es"},{"@type":"Organization","@id":"https:\/\/coria.org\/ayuntamiento\/#organization","name":"Ayuntamiento de Coria","alternateName":"Ayto de Coria","url":"https:\/\/coria.org\/ayuntamiento\/","logo":{"@type":"ImageObject","inLanguage":"es","@id":"https:\/\/coria.org\/ayuntamiento\/#\/schema\/logo\/image\/","url":"https:\/\/coria.org\/ayuntamiento\/wp-content\/uploads\/2020\/12\/escudo-ayuntamiento-coria.png","contentUrl":"https:\/\/coria.org\/ayuntamiento\/wp-content\/uploads\/2020\/12\/escudo-ayuntamiento-coria.png","width":511,"height":240,"caption":"Ayuntamiento de Coria"},"image":{"@id":"https:\/\/coria.org\/ayuntamiento\/#\/schema\/logo\/image\/"},"sameAs":["https:\/\/www.facebook.com\/Ayuntamiento.de.Coria","https:\/\/x.com\/Ayto_de_Coria","https:\/\/www.instagram.com\/coria.ayuntamiento\/","https:\/\/www.youtube.com\/user\/AYUNTAMIENTOCORIA"]},{"@type":"Person","@id":"https:\/\/coria.org\/ayuntamiento\/#\/schema\/person\/8bd589f0e13e8ae5aa06def7a599d622","name":"ayuntamiento","image":{"@type":"ImageObject","inLanguage":"es","@id":"https:\/\/secure.gravatar.com\/avatar\/966e5ed73cad334adda5c87f49f2547f7082f7292c1b627cbb548744383b391c?s=96&d=mm&r=g","url":"https:\/\/secure.gravatar.com\/avatar\/966e5ed73cad334adda5c87f49f2547f7082f7292c1b627cbb548744383b391c?s=96&d=mm&r=g","contentUrl":"https:\/\/secure.gravatar.com\/avatar\/966e5ed73cad334adda5c87f49f2547f7082f7292c1b627cbb548744383b391c?s=96&d=mm&r=g","caption":"ayuntamiento"}}]}},"uagb_featured_image_src":{"full":["https:\/\/coria.org\/ayuntamiento\/wp-content\/uploads\/2022\/03\/image-52.jpeg",1024,576,false],"thumbnail":["https:\/\/coria.org\/ayuntamiento\/wp-content\/uploads\/2022\/03\/image-52-150x150.jpeg",150,150,true],"medium":["https:\/\/coria.org\/ayuntamiento\/wp-content\/uploads\/2022\/03\/image-52-300x169.jpeg",300,169,true],"medium_large":["https:\/\/coria.org\/ayuntamiento\/wp-content\/uploads\/2022\/03\/image-52-768x432.jpeg",768,432,true],"large":["https:\/\/coria.org\/ayuntamiento\/wp-content\/uploads\/2022\/03\/image-52.jpeg",1024,576,false],"thumblist":["https:\/\/coria.org\/ayuntamiento\/wp-content\/uploads\/2022\/03\/image-52.jpeg",300,169,false],"thumbrelated":["https:\/\/coria.org\/ayuntamiento\/wp-content\/uploads\/2022\/03\/image-52.jpeg",500,281,false],"meccarouselthumb":["https:\/\/coria.org\/ayuntamiento\/wp-content\/uploads\/2022\/03\/image-52.jpeg",474,267,false],"gridsquare":["https:\/\/coria.org\/ayuntamiento\/wp-content\/uploads\/2022\/03\/image-52.jpeg",391,220,false],"tileview":["https:\/\/coria.org\/ayuntamiento\/wp-content\/uploads\/2022\/03\/image-52.jpeg",300,169,false],"1536x1536":["https:\/\/coria.org\/ayuntamiento\/wp-content\/uploads\/2022\/03\/image-52.jpeg",1024,576,false],"2048x2048":["https:\/\/coria.org\/ayuntamiento\/wp-content\/uploads\/2022\/03\/image-52.jpeg",1024,576,false]},"uagb_author_info":{"display_name":"ayuntamiento","author_link":"https:\/\/coria.org\/ayuntamiento\/index.php\/author\/ayuntamiento\/"},"uagb_comment_info":0,"uagb_excerpt":"\u00bfQu\u00e9 es lo que busco? \u00bfQu\u00e9 es lo que necesito? \u00bfBusco trabajo de forma correcta? \u00bfPor qu\u00e9 no me llaman para una entrevista de trabajo? \u00bfC\u00f3mo hago mi curriculum? Nervios, incertidumbre, reflexi\u00f3n, frustraci\u00f3n, desencanto \u00bfQui\u00e9n no ha sentido estas emociones en su b\u00fasqueda de empleo? Son algunas de las preguntas que se hacen los alumnos&hellip;","_links":{"self":[{"href":"https:\/\/coria.org\/ayuntamiento\/index.php\/wp-json\/wp\/v2\/posts\/25252","targetHints":{"allow":["GET"]}}],"collection":[{"href":"https:\/\/coria.org\/ayuntamiento\/index.php\/wp-json\/wp\/v2\/posts"}],"about":[{"href":"https:\/\/coria.org\/ayuntamiento\/index.php\/wp-json\/wp\/v2\/types\/post"}],"author":[{"embeddable":true,"href":"https:\/\/coria.org\/ayuntamiento\/index.php\/wp-json\/wp\/v2\/users\/2"}],"replies":[{"embeddable":true,"href":"https:\/\/coria.org\/ayuntamiento\/index.php\/wp-json\/wp\/v2\/comments?post=25252"}],"version-history":[{"count":0,"href":"https:\/\/coria.org\/ayuntamiento\/index.php\/wp-json\/wp\/v2\/posts\/25252\/revisions"}],"wp:featuredmedia":[{"embeddable":true,"href":"https:\/\/coria.org\/ayuntamiento\/index.php\/wp-json\/wp\/v2\/media\/29620"}],"wp:attachment":[{"href":"https:\/\/coria.org\/ayuntamiento\/index.php\/wp-json\/wp\/v2\/media?parent=25252"}],"wp:term":[{"taxonomy":"category","embeddable":true,"href":"https:\/\/coria.org\/ayuntamiento\/index.php\/wp-json\/wp\/v2\/categories?post=25252"},{"taxonomy":"post_tag","embeddable":true,"href":"https:\/\/coria.org\/ayuntamiento\/index.php\/wp-json\/wp\/v2\/tags?post=25252"}],"curies":[{"name":"wp","href":"https:\/\/api.w.org\/{rel}","templated":true}]}}